{"id":387928,"date":"2024-04-30T16:10:06","date_gmt":"2024-04-30T14:10:06","guid":{"rendered":"https:\/\/www.radiopiu.net\/wordpress\/?p=387928"},"modified":"2024-04-30T16:10:06","modified_gmt":"2024-04-30T14:10:06","slug":"master-di-project-management-per-la-montagna-federica-mezzacasa-tra-i-20-diplomati-a-milano","status":"publish","type":"post","link":"https:\/\/www.radiopiu.net\/wordpress\/master-di-project-management-per-la-montagna-federica-mezzacasa-tra-i-20-diplomati-a-milano\/","title":{"rendered":"MASTER DI PROJECT MANAGEMENT PER LA MONTAGNA: FEDERICA MEZZACASA TRA I 20 DIPLOMATI A MILANO"},"content":{"rendered":"<p>*****<\/p>\n<p>&nbsp;<\/p>\n<p><strong>LA VALLE<\/strong> Sono 20 i ragazzi che hanno concluso con successo la 1^ edizione del master di primo livello in \u2018Project Management per la montagna\u2019 presso UNIMONT, Universit\u00e0 della Montagna e polo d\u2019eccellenza dell\u2019Universit\u00e0 Statale di Milano con sede ad Edolo, una piccola cittadina di montagna in provincia di Brescia. Tra di loro anche la nostra conterranea Federica Mezzacasa, che insieme agli altri, tra cui un\u2019altra corsista bellunese Raffaella Pradetto Bonvecchio di San Pietro di Cadore, ha ricevuto il diploma da parte dell\u2019assessore regionale all\u2019Universit\u00e0, Ricerca e Innovazione nella splendida cornice del Belvedere Berlusconi al 39\u00b0 piano di Palazzo Lombardia a Milano lo scorso 29 aprile. Il Master della durata di un anno (da novembre 2022 a novembre 2023) \u00e8 stato organizzato in collaborazione con il Dipartimento Affari regionali e Autonomie della Presidenza del Consiglio dei ministri, con l\u2019intento di fornire le competenze necessarie nella gestione dei fondi europei e dei progetti relativi alle misure di sostegno alla montagna italiana. L\u2019obiettivo \u00e8 quello di formare \u2018facilitatori dello sviluppo\u2019, capaci di interagire con il tessuto socioeconomico e amministrativo delle aree montane. Per Federica, che gi\u00e0 si occupa di bandi e finanziamenti per le imprese della Provincia di Belluno e da sempre appassionata del proprio territorio, questa \u00e8 stata un\u2019esperienza davvero arricchente che le ha permesso di conoscere la montagna in cui vive sotto molteplici sfaccettature; il corso tenuto principalmente online prevedeva anche laboratori in presenza, preziose occasioni per interfacciarsi con gli altri partecipanti, tutti in qualche modo professionisti della montagna. E\u2019 proprio di queste professionalit\u00e0 che ha bisogno il nostro territorio: di qualcuno che ne conosca la realt\u00e0 e le dinamiche interne e che riesca a creare qualcosa su misura intercettando le tante opportunit\u00e0 di finanziamento provenienti da fondi europei, nazionali e regionali.<\/p>\n\n\t\t\t<style type='text\/css'>\n\t\t\t\t#gallery-1 {\n\t\t\t\t\tmargin: auto;\n\t\t\t\t}\n\t\t\t\t#gallery-1 .gallery-item {\n\t\t\t\t\tfloat: left;\n\t\t\t\t\tmargin-top: 10px;\n\t\t\t\t\ttext-align: center;\n\t\t\t\t\twidth: 50%;\n\t\t\t\t}\n\t\t\t\t#gallery-1 img {\n\t\t\t\t\tborder: 2px solid #cfcfcf;\n\t\t\t\t}\n\t\t\t\t#gallery-1 .gallery-caption {\n\t\t\t\t\tmargin-left: 0;\n\t\t\t\t}\n\t\t\t\t\/* see gallery_shortcode() in wp-includes\/media.php *\/\n\t\t\t<\/style>\n\t\t<div id='gallery-1' class='dt-gallery-container gallery galleryid-387928 gallery-columns-2 gallery-size-medium'><dl class='gallery-item'>\n\t\t\t\t<dt class='gallery-icon portrait'>\n\t\t\t\t\t<a class=\"rollover rollover-zoom dt-pswp-item\" title=\"f8cd03e3-e36b-443a-8f21-dfd97e62048c\" data-dt-img-description=\"\" data-large_image_width=\"1200\" data-large_image_height=\"1600\"href='https:\/\/www.radiopiu.net\/wordpress\/wp-content\/uploads\/2024\/04\/f8cd03e3-e36b-443a-8f21-dfd97e62048c.jpg'><img loading=\"lazy\" decoding=\"async\" width=\"225\" height=\"300\" src=\"https:\/\/www.radiopiu.net\/wordpress\/wp-content\/uploads\/2024\/04\/f8cd03e3-e36b-443a-8f21-dfd97e62048c-225x300.jpg\" class=\"attachment-medium size-medium\" alt=\"\" srcset=\"https:\/\/www.radiopiu.net\/wordpress\/wp-content\/uploads\/2024\/04\/f8cd03e3-e36b-443a-8f21-dfd97e62048c-225x300.jpg 225w, https:\/\/www.radiopiu.net\/wordpress\/wp-content\/uploads\/2024\/04\/f8cd03e3-e36b-443a-8f21-dfd97e62048c-768x1024.jpg 768w, https:\/\/www.radiopiu.net\/wordpress\/wp-content\/uploads\/2024\/04\/f8cd03e3-e36b-443a-8f21-dfd97e62048c-1152x1536.jpg 1152w, https:\/\/www.radiopiu.net\/wordpress\/wp-content\/uploads\/2024\/04\/f8cd03e3-e36b-443a-8f21-dfd97e62048c.jpg 1200w\" sizes=\"auto, (max-width: 225px) 100vw, 225px\" \/><\/a>\n\t\t\t\t<\/dt><\/dl><dl class='gallery-item'>\n\t\t\t\t<dt class='gallery-icon landscape'>\n\t\t\t\t\t<a class=\"rollover rollover-zoom dt-pswp-item\" title=\"72f98cdc-17da-4b15-b15e-8d62527b2224\" data-dt-img-description=\"\" data-large_image_width=\"1207\" data-large_image_height=\"720\"href='https:\/\/www.radiopiu.net\/wordpress\/wp-content\/uploads\/2024\/04\/72f98cdc-17da-4b15-b15e-8d62527b2224.jpg'><img loading=\"lazy\" decoding=\"async\" width=\"300\" height=\"179\" src=\"https:\/\/www.radiopiu.net\/wordpress\/wp-content\/uploads\/2024\/04\/72f98cdc-17da-4b15-b15e-8d62527b2224-300x179.jpg\" class=\"attachment-medium size-medium\" alt=\"\" srcset=\"https:\/\/www.radiopiu.net\/wordpress\/wp-content\/uploads\/2024\/04\/72f98cdc-17da-4b15-b15e-8d62527b2224-300x179.jpg 300w, https:\/\/www.radiopiu.net\/wordpress\/wp-content\/uploads\/2024\/04\/72f98cdc-17da-4b15-b15e-8d62527b2224-1024x611.jpg 1024w, https:\/\/www.radiopiu.net\/wordpress\/wp-content\/uploads\/2024\/04\/72f98cdc-17da-4b15-b15e-8d62527b2224-768x458.jpg 768w, https:\/\/www.radiopiu.net\/wordpress\/wp-content\/uploads\/2024\/04\/72f98cdc-17da-4b15-b15e-8d62527b2224.jpg 1207w\" sizes=\"auto, (max-width: 300px) 100vw, 300px\" \/><\/a>\n\t\t\t\t<\/dt><\/dl><br style=\"clear: both\" \/>\n\t\t\t<\/div>\n\n<p>&nbsp;<\/p>\n<p>&nbsp;<\/p>\n<p>********<\/p>\n","protected":false},"excerpt":{"rendered":"<p>***** &nbsp; LA VALLE Sono 20 i ragazzi che hanno concluso con successo la 1^ edizione del master di primo livello in \u2018Project Management per la montagna\u2019 presso UNIMONT, Universit\u00e0 della Montagna e polo d\u2019eccellenza dell\u2019Universit\u00e0 Statale di Milano con sede ad Edolo, una piccola cittadina di montagna in provincia di Brescia. Tra di loro&hellip;<\/p>\n","protected":false},"author":4,"featured_media":387930,"comment_status":"closed","ping_status":"closed","sticky":false,"template":"","format":"standard","meta":{"_monsterinsights_skip_tracking":false,"_monsterinsights_sitenote_active":false,"_monsterinsights_sitenote_note":"","_monsterinsights_sitenote_category":0,"footnotes":""},"categories":[49],"tags":[],"class_list":["post-387928","post","type-post","status-publish","format-standard","has-post-thumbnail","hentry","category-news-18","category-49","description-off"],"img_url":"https:\/\/www.radiopiu.net\/wordpress\/wp-content\/uploads\/2024\/04\/72f98cdc-17da-4b15-b15e-8d62527b2224.jpg","_links":{"self":[{"href":"https:\/\/www.radiopiu.net\/wordpress\/wp-json\/wp\/v2\/posts\/387928","targetHints":{"allow":["GET"]}}],"collection":[{"href":"https:\/\/www.radiopiu.net\/wordpress\/wp-json\/wp\/v2\/posts"}],"about":[{"href":"https:\/\/www.radiopiu.net\/wordpress\/wp-json\/wp\/v2\/types\/post"}],"author":[{"embeddable":true,"href":"https:\/\/www.radiopiu.net\/wordpress\/wp-json\/wp\/v2\/users\/4"}],"replies":[{"embeddable":true,"href":"https:\/\/www.radiopiu.net\/wordpress\/wp-json\/wp\/v2\/comments?post=387928"}],"version-history":[{"count":0,"href":"https:\/\/www.radiopiu.net\/wordpress\/wp-json\/wp\/v2\/posts\/387928\/revisions"}],"wp:featuredmedia":[{"embeddable":true,"href":"https:\/\/www.radiopiu.net\/wordpress\/wp-json\/wp\/v2\/media\/387930"}],"wp:attachment":[{"href":"https:\/\/www.radiopiu.net\/wordpress\/wp-json\/wp\/v2\/media?parent=387928"}],"wp:term":[{"taxonomy":"category","embeddable":true,"href":"https:\/\/www.radiopiu.net\/wordpress\/wp-json\/wp\/v2\/categories?post=387928"},{"taxonomy":"post_tag","embeddable":true,"href":"https:\/\/www.radiopiu.net\/wordpress\/wp-json\/wp\/v2\/tags?post=387928"}],"curies":[{"name":"wp","href":"https:\/\/api.w.org\/{rel}","templated":true}]}}