{"id":387953,"date":"2024-05-10T05:19:35","date_gmt":"2024-05-10T03:19:35","guid":{"rendered":"https:\/\/www.radiopiu.net\/wordpress\/?p=387953"},"modified":"2024-05-10T05:34:01","modified_gmt":"2024-05-10T03:34:01","slug":"roberto-chissale-mi-ricandido","status":"publish","type":"post","link":"https:\/\/www.radiopiu.net\/wordpress\/roberto-chissale-mi-ricandido\/","title":{"rendered":"ROBERTO CHISSALE&#8217; SVELA LA COMPOSIZIONE DELLA SQUADRA, TUTTE LE NOVITA&#8217;"},"content":{"rendered":"<p>***<\/p>\n<p><strong>AGORDO<\/strong><\/p>\n<p><strong>DI GIANNI SANTOMASO<\/strong><\/p>\n<audio class=\"wp-audio-shortcode\" id=\"audio-387953-1\" preload=\"none\" style=\"width: 100%;\" controls=\"controls\"><source type=\"audio\/mpeg\" src=\"https:\/\/www.radiopiu.net\/wordpress\/wp-content\/uploads\/2024\/05\/roberto-chissale.mp3?_=1\" \/><a href=\"https:\/\/www.radiopiu.net\/wordpress\/wp-content\/uploads\/2024\/05\/roberto-chissale.mp3\">https:\/\/www.radiopiu.net\/wordpress\/wp-content\/uploads\/2024\/05\/roberto-chissale.mp3<\/a><\/audio>\n<p>&nbsp;<\/p>\n<p>&nbsp;<\/p>\n<p><strong>archivio RADIOPIU<\/strong><\/p>\n<p><strong>ROBERTO CHISSALE&#8217; &#8220;MI RICANDIDO, GRAZIE AGLI ELETTORI PER GLI IMPORTANTI STIMOLI&#8221;<\/strong><\/p>\n<p><em>Chissal\u00e8 \u00abCi hanno stimolato e invitato ad andare avanti e anche questo apprezzamento \u00e8 stato un incentivo\u00bb,<\/em><\/p>\n<blockquote><p><strong><img loading=\"lazy\" decoding=\"async\" class=\"alignleft\" src=\"https:\/\/www.radiopiu.net\/wordpress\/wp-content\/uploads\/2024\/02\/ROBERTO-CHISSALE.jpeg\" width=\"164\" height=\"103\" \/>Dopo cinque anni di mandato, il sindaco uscente, Roberto Chissal\u00e8, annuncia ufficialmente la sua ricandidatura per le elezioni del 9 giugno. Chissal\u00e8 guider\u00e0 una squadra rinnovata, con alcuni nuovi membri al posto di quelli che hanno lasciato <\/strong><strong>per motivi personali o di lavoro. Favretti e Bien pronti per la continuit\u00e0, Sito lascia.<\/strong><\/p><\/blockquote>\n<p>&nbsp;<\/p>\n<p>DI GIANNI SANTOMASO<\/p>\n<audio class=\"wp-audio-shortcode\" id=\"audio-387953-2\" preload=\"none\" style=\"width: 100%;\" controls=\"controls\"><source type=\"audio\/mpeg\" src=\"https:\/\/www.radiopiu.net\/wordpress\/wp-content\/uploads\/2024\/05\/CHISSALE-GIANNI.mp3?_=2\" \/><a href=\"https:\/\/www.radiopiu.net\/wordpress\/wp-content\/uploads\/2024\/05\/CHISSALE-GIANNI.mp3\">https:\/\/www.radiopiu.net\/wordpress\/wp-content\/uploads\/2024\/05\/CHISSALE-GIANNI.mp3<\/a><\/audio>\n<p>&nbsp;<\/p>\n<p>&nbsp;<\/p>\n<p>&nbsp;<\/p>\n<hr \/>\n<p>&nbsp;<\/p>\n","protected":false},"excerpt":{"rendered":"<p>*** AGORDO DI GIANNI SANTOMASO &nbsp; &nbsp; archivio RADIOPIU ROBERTO CHISSALE&#8217; &#8220;MI RICANDIDO, GRAZIE AGLI ELETTORI PER GLI IMPORTANTI STIMOLI&#8221; Chissal\u00e8 \u00abCi hanno stimolato e invitato ad andare avanti e anche questo apprezzamento \u00e8 stato un incentivo\u00bb, Dopo cinque anni di mandato, il sindaco uscente, Roberto Chissal\u00e8, annuncia ufficialmente la sua ricandidatura per le elezioni&hellip;<\/p>\n","protected":false},"author":4,"featured_media":375339,"comment_status":"closed","ping_status":"closed","sticky":false,"template":"","format":"standard","meta":{"_monsterinsights_skip_tracking":false,"_monsterinsights_sitenote_active":false,"_monsterinsights_sitenote_note":"","_monsterinsights_sitenote_category":0,"footnotes":""},"categories":[51,49],"tags":[],"class_list":["post-387953","post","type-post","status-publish","format-standard","has-post-thumbnail","hentry","category-evidenza-top","category-news-18","category-51","category-49","description-off"],"img_url":"https:\/\/www.radiopiu.net\/wordpress\/wp-content\/uploads\/2024\/02\/ROBERTO-CHISSALE.jpeg","_links":{"self":[{"href":"https:\/\/www.radiopiu.net\/wordpress\/wp-json\/wp\/v2\/posts\/387953","targetHints":{"allow":["GET"]}}],"collection":[{"href":"https:\/\/www.radiopiu.net\/wordpress\/wp-json\/wp\/v2\/posts"}],"about":[{"href":"https:\/\/www.radiopiu.net\/wordpress\/wp-json\/wp\/v2\/types\/post"}],"author":[{"embeddable":true,"href":"https:\/\/www.radiopiu.net\/wordpress\/wp-json\/wp\/v2\/users\/4"}],"replies":[{"embeddable":true,"href":"https:\/\/www.radiopiu.net\/wordpress\/wp-json\/wp\/v2\/comments?post=387953"}],"version-history":[{"count":0,"href":"https:\/\/www.radiopiu.net\/wordpress\/wp-json\/wp\/v2\/posts\/387953\/revisions"}],"wp:featuredmedia":[{"embeddable":true,"href":"https:\/\/www.radiopiu.net\/wordpress\/wp-json\/wp\/v2\/media\/375339"}],"wp:attachment":[{"href":"https:\/\/www.radiopiu.net\/wordpress\/wp-json\/wp\/v2\/media?parent=387953"}],"wp:term":[{"taxonomy":"category","embeddable":true,"href":"https:\/\/www.radiopiu.net\/wordpress\/wp-json\/wp\/v2\/categories?post=387953"},{"taxonomy":"post_tag","embeddable":true,"href":"https:\/\/www.radiopiu.net\/wordpress\/wp-json\/wp\/v2\/tags?post=387953"}],"curies":[{"name":"wp","href":"https:\/\/api.w.org\/{rel}","templated":true}]}}