{"id":388045,"date":"2024-05-02T05:35:16","date_gmt":"2024-05-02T03:35:16","guid":{"rendered":"https:\/\/www.radiopiu.net\/wordpress\/?p=388045"},"modified":"2024-05-02T05:42:26","modified_gmt":"2024-05-02T03:42:26","slug":"incidente-domestico-a-listolade","status":"publish","type":"post","link":"https:\/\/www.radiopiu.net\/wordpress\/incidente-domestico-a-listolade\/","title":{"rendered":"INCIDENTE DOMESTICO A LISTOLADE"},"content":{"rendered":"<p>*****<\/p>\n<p>&nbsp;<\/p>\n<p><strong><a class=\"dt-pswp-item\" href=\"https:\/\/www.radiopiu.net\/wordpress\/wp-content\/uploads\/2024\/05\/SUEM-SALT.jpg\" data-dt-img-description=\"\" data-large_image_width=\"1600\" data-large_image_height=\"1200\"><img loading=\"lazy\" decoding=\"async\" class=\" wp-image-388046 alignleft\" src=\"https:\/\/www.radiopiu.net\/wordpress\/wp-content\/uploads\/2024\/05\/SUEM-SALT-300x225.jpg\" alt=\"\" width=\"156\" height=\"117\" srcset=\"https:\/\/www.radiopiu.net\/wordpress\/wp-content\/uploads\/2024\/05\/SUEM-SALT-300x225.jpg 300w, https:\/\/www.radiopiu.net\/wordpress\/wp-content\/uploads\/2024\/05\/SUEM-SALT-1024x768.jpg 1024w, https:\/\/www.radiopiu.net\/wordpress\/wp-content\/uploads\/2024\/05\/SUEM-SALT-768x576.jpg 768w, https:\/\/www.radiopiu.net\/wordpress\/wp-content\/uploads\/2024\/05\/SUEM-SALT-1536x1152.jpg 1536w, https:\/\/www.radiopiu.net\/wordpress\/wp-content\/uploads\/2024\/05\/SUEM-SALT.jpg 1600w\" sizes=\"auto, (max-width: 156px) 100vw, 156px\" \/><\/a> <\/strong><\/p>\n<p><strong>\u00a0<\/strong><\/p>\n<p><strong>TAIBON<\/strong> Poco prima delle 17 l&#8217;ambulanza dell&#8217;Ospedale di Agordo e l&#8217;elicottero Falco sono intervenuti a Listolade per un incidente domestico. Una donna di 49 anni del luogo \u00e8 stata soccorsa in seguito ad un incidente tra le mura di casa. \u00c8 stata trasportata all&#8217;ospedale San Martino di Belluno con ferite di media gravit\u00e0<\/p>\n<p>&nbsp;<\/p>\n<p>&nbsp;<\/p>\n<p>*******<\/p>\n","protected":false},"excerpt":{"rendered":"<p>***** &nbsp; \u00a0 TAIBON Poco prima delle 17 l&#8217;ambulanza dell&#8217;Ospedale di Agordo e l&#8217;elicottero Falco sono intervenuti a Listolade per un incidente domestico. Una donna di 49 anni del luogo \u00e8 stata soccorsa in seguito ad un incidente tra le mura di casa. \u00c8 stata trasportata all&#8217;ospedale San Martino di Belluno con ferite di media&hellip;<\/p>\n","protected":false},"author":4,"featured_media":388046,"comment_status":"closed","ping_status":"closed","sticky":false,"template":"","format":"standard","meta":{"_monsterinsights_skip_tracking":false,"_monsterinsights_sitenote_active":false,"_monsterinsights_sitenote_note":"","_monsterinsights_sitenote_category":0,"footnotes":""},"categories":[51,49],"tags":[],"class_list":["post-388045","post","type-post","status-publish","format-standard","has-post-thumbnail","hentry","category-evidenza-top","category-news-18","category-51","category-49","description-off"],"img_url":"https:\/\/www.radiopiu.net\/wordpress\/wp-content\/uploads\/2024\/05\/SUEM-SALT.jpg","_links":{"self":[{"href":"https:\/\/www.radiopiu.net\/wordpress\/wp-json\/wp\/v2\/posts\/388045","targetHints":{"allow":["GET"]}}],"collection":[{"href":"https:\/\/www.radiopiu.net\/wordpress\/wp-json\/wp\/v2\/posts"}],"about":[{"href":"https:\/\/www.radiopiu.net\/wordpress\/wp-json\/wp\/v2\/types\/post"}],"author":[{"embeddable":true,"href":"https:\/\/www.radiopiu.net\/wordpress\/wp-json\/wp\/v2\/users\/4"}],"replies":[{"embeddable":true,"href":"https:\/\/www.radiopiu.net\/wordpress\/wp-json\/wp\/v2\/comments?post=388045"}],"version-history":[{"count":0,"href":"https:\/\/www.radiopiu.net\/wordpress\/wp-json\/wp\/v2\/posts\/388045\/revisions"}],"wp:featuredmedia":[{"embeddable":true,"href":"https:\/\/www.radiopiu.net\/wordpress\/wp-json\/wp\/v2\/media\/388046"}],"wp:attachment":[{"href":"https:\/\/www.radiopiu.net\/wordpress\/wp-json\/wp\/v2\/media?parent=388045"}],"wp:term":[{"taxonomy":"category","embeddable":true,"href":"https:\/\/www.radiopiu.net\/wordpress\/wp-json\/wp\/v2\/categories?post=388045"},{"taxonomy":"post_tag","embeddable":true,"href":"https:\/\/www.radiopiu.net\/wordpress\/wp-json\/wp\/v2\/tags?post=388045"}],"curies":[{"name":"wp","href":"https:\/\/api.w.org\/{rel}","templated":true}]}}