{"id":388073,"date":"2024-05-02T07:55:59","date_gmt":"2024-05-02T05:55:59","guid":{"rendered":"https:\/\/www.radiopiu.net\/wordpress\/?p=388073"},"modified":"2024-05-02T08:52:03","modified_gmt":"2024-05-02T06:52:03","slug":"dal-1983-la-rassegna-stampa-locale-in-voce-scritta-con-gli-approfondimenti-della-redazione","status":"publish","type":"post","link":"https:\/\/www.radiopiu.net\/wordpress\/dal-1983-la-rassegna-stampa-locale-in-voce-scritta-con-gli-approfondimenti-della-redazione\/","title":{"rendered":"dal 1983 la rassegna stampa locale, in voce, scritta, con gli approfondimenti della redazione"},"content":{"rendered":"<p><iframe loading=\"lazy\" title=\"dal 1983 la rassegna stampa locale, in voce, scritta, con gli approfondimenti della redazione\" width=\"1200\" height=\"675\" src=\"https:\/\/www.youtube.com\/embed\/V3QKHARxRCQ?feature=oembed\" frameborder=\"0\" allow=\"accelerometer; autoplay; clipboard-write; encrypted-media; gyroscope; picture-in-picture; web-share\" referrerpolicy=\"strict-origin-when-cross-origin\" allowfullscreen><\/iframe><\/p>\n<blockquote><p><em>La strada statale 51 di Alemagna a Castellavazzo \u00e8 stata riaperta al traffico a doppia circolazione dopo i lavori di ricostruzione del cavalcaferrovia. A causa del maltempo, la chiusura dell&#8217;acqua prevista per oggi ad Agordo \u00e8 stata annullata. Dal 6 maggio al 10 giugno, la provinciale 563 di Salesei a Rocca Pietore sar\u00e0 chiusa in determinati orari durante i giorni feriali, con un senso unico alternato regolato da semaforo nei restanti orari. Dolomiti Bus garantir\u00e0 prestazioni minime durante lo sciopero con corse in fasce orarie specifiche.<\/em><\/p><\/blockquote>\n<p><strong>CADORE<\/strong> Riaperta al traffico a doppia circolazione la strada statale 51 di Alemagna a Castellavazzo a conclusione dei lavori per la ricostruzione del cavalcaferrovia<br \/>\n<strong>AGORDO<\/strong> Gestione Servizi Pubblici informa che, a causa del maltempo, la chiusura acqua prevista per OGGI ad AGORDO nelle LOCALITA\u2019 COL DI FOGLIA, PRAGRANDE e PONTE ALTO \u00e8 stata annullata.<br \/>\n<strong>ROCCA PIETORE<\/strong> Dal 6 maggio al 10 giugno chiusura totale della provinciale 563 di Salesei in localit\u00e0 Digonera dalle 7.30 alle 12.30 e dalle 13.30 alle 18, dal lunedi al venerdi. Negli altri orari, h 24 sabato e domenica compresi, senso unico alternato regolato da semaforo<br \/>\n<strong>BELLUNO<\/strong> Dolomiti Bus S.p.A. ha annunciato l\u2019adesione agli accordi aziendali per garantire prestazioni minime durante lo sciopero. Il servizio sar\u00e0 garantito nelle fasce orarie dalle 5:40 alle 8:09 e dalle 12:10 alle 15:39. Le corse in partenza prima dell\u2019inizio dello sciopero avranno regolare svolgimento e continueranno fino al capolinea una volta avviate. Il servizio completo sar\u00e0 ripristinato il giorno successivo.<\/p>\n<p>&nbsp;<\/p>\n<blockquote><p><em>Renato Bombassei, noto per i suoi prototipi nelle cronoscalate, \u00e8 deceduto; i funerali saranno domani alle 15. Fabrizio Zardini, icona sportiva, sar\u00e0 commemorato domani alle 15 a Cortina. Incidente domestico a Listolade: una donna di 49 anni \u00e8 stata trasportata all&#8217;ospedale San Martino di Belluno. Cristina \u00e8 in condizioni critiche dopo un grave incidente a Treviso. Una donna aggredita a Castoi chiede nuove indagini sul suo ex marito; il giudice si riserva la decisione. Belluno si posiziona al settimo posto per proventi da multe nel Veneto nel 2023. EssilorLuxottica avvia un nuovo capitolo con l&#8217;approvazione decisioni rilevanti durante l&#8217;Assemblea Annuale degli Azionisti del 2024, annunciando un dividendo di Euro 3,95 per azione.<\/em><\/p><\/blockquote>\n<p>E\u2019 MORTO RENATO BOMBASSEI, GENIO DEI PROTOTIPI NELLE CRONOSCALATE i funerali di Rebo domani alle 15<br \/>\n<strong>CORTINA<\/strong> La comunit\u00e0 sportiva e oltre piange la scomparsa di Fabrizio Zardini \u201cNoce\u201d, avvenuta a Belluno. Nato nel 1967, Zardini ha lasciato un\u2019impronta indelebile nel mondo dello sport, i funerali a Cortina domani alle 15<br \/>\n<strong>TAIBON<\/strong> Poco prima delle 17 di ieri l\u2019ambulanza dell\u2019Ospedale di Agordo e l\u2019elicottero Falco sono intervenuti a Listolade per un incidente domestico. Una donna di 49 anni del luogo \u00e8 stata soccorsa in seguito ad un incidente tra le mura di casa. \u00c8 stata trasportata all\u2019ospedale San Martino di Belluno con ferite di media gravit\u00e0<br \/>\n<strong>TREVISO<\/strong> Cristina \u00e8 in condizioni critiche dopo un grave incidente sulla provinciale 346 del passo San Pellegrino. Ricoverata nella Terapia intensiva neurochirurgica dell\u2019ospedale Ca\u2019 Foncello di Treviso, la prognosi \u00e8 ancora incerta<br \/>\n<strong>BELLUNO<\/strong> Una donna aggredita sotto casa a Castoi il 23 dicembre 2021, ora chiede nuove indagini sull\u2019ex marito, sospettato di tentato omicidio ma non incriminato dal pubblico ministero. Il giudice per le indagini preliminari si riserva la decisione<br \/>\n<strong>Belluno<\/strong> al Settimo Posto per Proventi da Multe nel Veneto nel 2023<br \/>\nNel 2023, Belluno ha incassato poco pi\u00f9 di 637mila euro da multe e sanzioni per violazioni del Codice della Strada, posizionandosi al settimo posto tra i comuni capoluogo di provincia nel Veneto.<br \/>\n<strong>PARIGI<\/strong> L\u2019Assemblea Annuale degli Azionisti del 2024 ha segnato l\u2019inizio di un nuovo capitolo nella storia di EssilorLuxottica. Durante l\u2019assemblea, sono state approvate tutte le delibere proposte dal Consiglio di Amministrazione, delineando una visione ambiziosa per il futuro dell\u2019azienda. Tra le decisioni pi\u00f9 rilevanti, \u00e8 stato annunciato un dividendo pari a Euro 3,95 per azione<\/p>\n<p>&nbsp;<\/p>\n<blockquote><p><em>Il Consiglio Comunale di Belluno ha approvato una variazione di bilancio per quasi 2,5 milioni di euro, consentendo interventi e opere di manutenzione. Roberto Chissal\u00e8 annuncia la sua ricandidatura ringraziando gli elettori. L&#8217;Unione Montana Agordina celebra la vittoria riguardo alla realizzazione della ciclabile nella conca agordina dopo una sentenza favorevole in Cassazione. A Rocca Pietore, Maurizio De Cassan si oppone come unico voto contrario alle nuove tariffe di Valpe discusse nell&#8217;Unione Montana. La Fisascat \u2013 Cisl di Belluno Treviso riflette sul 1\u00b0 maggio, evidenziando le sfide del lavoro, soprattutto nei settori del turismo e dell&#8217;assistenza sociale.<\/em><\/p><\/blockquote>\n<p>Presentazione Bilancio 2023 e Variazione Consuntivo: Investimenti e Preoccupazioni<br \/>\n<strong>BELLUNO<\/strong> Il Consiglio Comunale di Belluno ha votato la variazione di bilancio da quasi 2,5 milioni di euro, che permetter\u00e0 di realizzare opere e interventi di manutenzione<\/p>\n<p><strong>ROBERTO CHISSALE<\/strong>\u2019 \u201cMI RICANDIDO, GRAZIE AGLI ELETTORI PER GLI IMPORTANTI STIMOLI\u201d<br \/>\nChissal\u00e8 guider\u00e0 una squadra rinnovata, Favretti e Bien pronti per la continuit\u00e0, Sito lascia.<br \/>\n<strong>L\u2019UNIONE MONTANA AGORDINA<\/strong> E LA VITTORIA SUL PRIVATO CHE \u201cBLOCCA\u201d LA CICLABILE<br \/>\n<strong>AGORDO<\/strong> A margine del consiglio dell\u2019Unione Montana Agordina le comunicazioni del presidente Paolo Frena. LA CICLABILE NELLA CONCA AGORDINA. L\u2019Unione Montana con entusiasmo dopo la sentenza definitiva in Cassazione.<br \/>\nNUOVE TARIFFE VALPE: DE CASSAN UNICO CONTRARIO AL VOTO IN UNIONE MONTANA AGORDINA<br \/>\n<strong>AGORDO<\/strong> Le nuove tariffe di Valpe, un unico contrario al voto in Unione Montana, Maurizio De Cassan consigliere comunale a Rocca Pietore. Aumenti contenuti come spiegato nella relazione dal dottor Marco Fantin di Valpe Ambiente<br \/>\n<em>FISASCAT-CISL:<\/em> 1 MAGGIO 2024 LA (NON) FESTA DEL LAVORO NEL TERZIARIO E SERVIZI<br \/>\nTREVISO Il 1\u00b0 maggio segna una sfida per Fisascat \u2013 Cisl \u2013 Belluno Treviso, che celebra ma riflette anche sulle sfide del lavoro. Mentre alcuni settori hanno ottenuto rinnovi contrattuali, altri come il Turismo o l\u2019assistenza sociale restano in attesa<br \/>\nBelluno al Settimo Posto per Proventi da Multe nel Veneto nel 2023<br \/>\nNel 2023, Belluno ha incassato poco pi\u00f9 di 637mila euro da multe e sanzioni per violazioni del Codice della Strada, posizionandosi al settimo posto tra i comuni capoluogo di provincia nel Veneto.<br \/>\n<strong>RIFIUTI URBANI<\/strong>: IN VENETO I DATI 2023 SUPERANO GIA\u2019 GLI OBBIETTIVI PER IL 2025<br \/>\nVENEZIA Nel 2023, il Veneto ha gestito 587mila tonnellate di rifiuti urbani, battendo gli obiettivi del Piano regionale. L\u2019assessore all\u2019Ambiente celebra il successo, evidenziando l\u2019anticipo di due anni rispetto alla tabella di marcia.<br \/>\n<strong>PREOCCUPAZIONE DELL\u2019UICI SULLE TARIFFE DEI LEA PER INTERVENTI DI CATARATTA<\/strong><br \/>\nIl Consiglio nazionale dell\u2019Unione Italiana dei Ciechi e degli Ipovedenti (UICI) esprime preoccupazione riguardo alle tariffe dei Livelli Essenziali di Assistenza (LEA), che potrebbero comportare una riduzione dei rimborsi alle regioni per gli interventi di cataratta del Sistema sanitario nazionale<\/p>\n<p>&#8212;&#8212;&#8212;-<\/p>\n<blockquote><p><em>Gli studenti medi e i sindacati a Belluno hanno riproposto l&#8217;iniziativa &#8220;Pane e Rose&#8221; durante l&#8217;1 maggio, consegnando rose ai lavoratori per denunciare lo sfruttamento lavorativo anche durante le festivit\u00e0.\u00a0 Pettirosso Agordino, verr\u00e0 proiettato il film &#8220;The Father&#8221; venerd\u00ec 3 maggio nella sala parrocchiale, promuovendo una serata di solidariet\u00e0 e condivisione. In occasione della Giornata Internazionale dell&#8217;Ostetrica il 4 maggio, il Consultorio Familiare e l&#8217;UO di Ostetricia e Ginecologia dell&#8217;Ulss Dolomiti organizzano &#8220;Naturalmente&#8230; Donna&#8221;, un incontro sulla maternit\u00e0 sostenibile a Belluno.<\/em><\/p><\/blockquote>\n<p>Iniziativa \u201cPane e Rose\u201d a <strong>Belluno<\/strong> per l\u20191 Maggio: Studenti e sindacati denunciano lo sfruttamento lavorativo BELLUNO Durante la giornata del 1\u00b0 maggio, festa dei lavoratori, la Rete degli Studenti Medi di Feltre e Belluno insieme alla Filcams Cgil Belluno hanno riproposto l\u2019iniziativa \u201cPane e Rose\u201d a Belluno, consegnando rose ai lavoratori per denunciare lo sfruttamento lavorativo anche durante le festivit\u00e0<br \/>\n<strong>PETTIROSSO AGORDINO<\/strong> RIPROPONE IL FILM \u201cTHE FATHER\u201d A LIVINALLONGO nella sala parrocchiale venerd\u00ec 3 maggio alle ore 20. Sar\u00e0 una serata intensa, che metter\u00e0 di fronte a problematiche impegnative ma all\u2019insegna di solidariet\u00e0 e condivisione.<br \/>\nUN INCONTRO IN OCCASIONE DELLA GIORNATA INTERNAZIONALE DELL\u2019OSTETRICA<br \/>\n<strong>BELLUNO<\/strong> Il 4 maggio 2024, in occasione della Giornata Internazionale dell\u2019Ostetrica, il Consultorio Familiare e l\u2019UO di Ostetricia e Ginecologia dell\u2019Ulss Dolomiti organizzano \u201cNaturalmente\u2026Donna\u201d, un incontro sulla maternit\u00e0 sostenibile.<br \/>\n<strong>BELLUNO<\/strong> L\u2019Assemblea Generale del Consorzio BIM Piave di Belluno si terr\u00e0 mercoled\u00ec nella Sala Convegni A.N.A. di Belluno.<br \/>\n<strong>FELTRE<\/strong> Il Centro per i Disturbi Cognitivi e Demenze dell\u2019Ulss Dolomiti, con i Centri di Servizio Residenziali, organizza 5 incontri su demenza e declino cognitivo, dal 6 maggio al 3 giugno 2024<br \/>\nTORNANO <strong>I VENERDI DI MAGGIO<\/strong> AGORDINO da domani con l&#8217;Apim di Agordo, speciale alle 13 su radiopiu con Luca Luchetta.<\/p>\n<p>&nbsp;<\/p>\n<hr \/>\n<p>&nbsp;<\/p>\n","protected":false},"excerpt":{"rendered":"<p>La strada statale 51 di Alemagna a Castellavazzo \u00e8 stata riaperta al traffico a doppia circolazione dopo i lavori di ricostruzione del cavalcaferrovia. A causa del maltempo, la chiusura dell&#8217;acqua prevista per oggi ad Agordo \u00e8 stata annullata. Dal 6 maggio al 10 giugno, la provinciale 563 di Salesei a Rocca Pietore sar\u00e0 chiusa in&hellip;<\/p>\n","protected":false},"author":4,"featured_media":120667,"comment_status":"closed","ping_status":"closed","sticky":false,"template":"","format":"standard","meta":{"_monsterinsights_skip_tracking":false,"_monsterinsights_sitenote_active":false,"_monsterinsights_sitenote_note":"","_monsterinsights_sitenote_category":0,"footnotes":""},"categories":[51,49,142],"tags":[],"class_list":["post-388073","post","type-post","status-publish","format-standard","has-post-thumbnail","hentry","category-evidenza-top","category-news-18","category-rassegna-stampa","category-51","category-49","category-142","description-off"],"img_url":"https:\/\/www.radiopiu.net\/wordpress\/wp-content\/uploads\/2020\/03\/banner-rassegna.jpg","_links":{"self":[{"href":"https:\/\/www.radiopiu.net\/wordpress\/wp-json\/wp\/v2\/posts\/388073","targetHints":{"allow":["GET"]}}],"collection":[{"href":"https:\/\/www.radiopiu.net\/wordpress\/wp-json\/wp\/v2\/posts"}],"about":[{"href":"https:\/\/www.radiopiu.net\/wordpress\/wp-json\/wp\/v2\/types\/post"}],"author":[{"embeddable":true,"href":"https:\/\/www.radiopiu.net\/wordpress\/wp-json\/wp\/v2\/users\/4"}],"replies":[{"embeddable":true,"href":"https:\/\/www.radiopiu.net\/wordpress\/wp-json\/wp\/v2\/comments?post=388073"}],"version-history":[{"count":0,"href":"https:\/\/www.radiopiu.net\/wordpress\/wp-json\/wp\/v2\/posts\/388073\/revisions"}],"wp:featuredmedia":[{"embeddable":true,"href":"https:\/\/www.radiopiu.net\/wordpress\/wp-json\/wp\/v2\/media\/120667"}],"wp:attachment":[{"href":"https:\/\/www.radiopiu.net\/wordpress\/wp-json\/wp\/v2\/media?parent=388073"}],"wp:term":[{"taxonomy":"category","embeddable":true,"href":"https:\/\/www.radiopiu.net\/wordpress\/wp-json\/wp\/v2\/categories?post=388073"},{"taxonomy":"post_tag","embeddable":true,"href":"https:\/\/www.radiopiu.net\/wordpress\/wp-json\/wp\/v2\/tags?post=388073"}],"curies":[{"name":"wp","href":"https:\/\/api.w.org\/{rel}","templated":true}]}}