{"id":388112,"date":"2024-05-03T05:40:54","date_gmt":"2024-05-03T03:40:54","guid":{"rendered":"https:\/\/www.radiopiu.net\/wordpress\/?p=388112"},"modified":"2024-05-03T05:49:30","modified_gmt":"2024-05-03T03:49:30","slug":"rapporto-annuale-2023-del-gruppo-di-assistenza-volontaria-gav-della-conca-agordina","status":"publish","type":"post","link":"https:\/\/www.radiopiu.net\/wordpress\/rapporto-annuale-2023-del-gruppo-di-assistenza-volontaria-gav-della-conca-agordina\/","title":{"rendered":"Rapporto Annuale 2023 del Gruppo di Assistenza Volontaria (GAV) della Conca Agordina"},"content":{"rendered":"<p>**<\/p>\n<p>&nbsp;<\/p>\n<p><strong><img loading=\"lazy\" decoding=\"async\" class=\"alignleft\" src=\"https:\/\/www.radiopiu.net\/wordpress\/wp-content\/uploads\/2023\/11\/GAV-300x300.png\" width=\"230\" height=\"230\" \/>AGORDO<\/strong><\/p>\n<p><strong>Attivit\u00e0 Sociale:<\/strong> Nel 2023, il GAV della Conca Agordina ha mantenuto il suo impegno nel fornire servizi cruciali alla comunit\u00e0, mantenendo costanti le attivit\u00e0 di consegna dei pasti a domicilio e il trasporto sociale dalla Casa di Riposo di Taibon agli ambulatori medici. Il supporto nelle RSA \u00e8 tornato ai livelli pre-covid, e la presenza dei volontari nei Centri Sollievo \u00e8 aumentata. L&#8217;organizzazione di due gite ha avuto una partecipazione limitata, ma ha contribuito a promuovere l&#8217;attivit\u00e0 del GAV nel territorio.<\/p>\n<p><strong>Investimenti e Riconoscimenti:<\/strong> Il 2023 \u00e8 stato caratterizzato da investimenti significativi, con la sostituzione di mezzi per la consegna dei pasti a domicilio. Il sostegno degli Enti Locali, insieme ai rimborsi spese e alle elargizioni liberali, ha permesso al GAV di guardare al futuro con fiducia economica. Nonostante le difficolt\u00e0 nell&#8217;adesione al RUNTS, l&#8217;associazione ha mantenuto il suo impegno e ha continuato a fornire servizi vitali alla comunit\u00e0.<\/p>\n<p><strong>Prospettive Future:<\/strong> Il GAV guarda con interesse e cautela all&#8217;istituzione dell&#8217;Ambito Territoriale Sociale, ma rimane determinato nel fornire supporto e collaborazione ai Comuni e agli Enti, nel rispetto delle proprie capacit\u00e0 e delle esigenze della comunit\u00e0. Il rapporto si conclude con un ringraziamento ai soci e con la speranza di reclutare nuove leve per il futuro.<\/p>\n<p><strong>Attivit\u00e0 Svolte 2023\u00a0<\/strong><\/p>\n<ul>\n<li>Prestazione di assistenza ospedaliera e socio-sanitaria con 458 interventi e 2.478 ore.<\/li>\n<li>Servizi a domicilio con 145 interventi e 290 ore.<\/li>\n<li>Consegna di pasti caldi a domicilio con 906 interventi e 1.812 ore.<\/li>\n<li>Totale di 1.509 interventi, 4.580 ore e 28.328 km percorsi nel 2023.<\/li>\n<\/ul>\n<p>&nbsp;<\/p>\n<p>&nbsp;<\/p>\n<hr \/>\n<p>&nbsp;<\/p>\n","protected":false},"excerpt":{"rendered":"<p>** &nbsp; AGORDO Attivit\u00e0 Sociale: Nel 2023, il GAV della Conca Agordina ha mantenuto il suo impegno nel fornire servizi cruciali alla comunit\u00e0, mantenendo costanti le attivit\u00e0 di consegna dei pasti a domicilio e il trasporto sociale dalla Casa di Riposo di Taibon agli ambulatori medici. Il supporto nelle RSA \u00e8 tornato ai livelli pre-covid,&hellip;<\/p>\n","protected":false},"author":4,"featured_media":361106,"comment_status":"closed","ping_status":"closed","sticky":false,"template":"","format":"standard","meta":{"_monsterinsights_skip_tracking":false,"_monsterinsights_sitenote_active":false,"_monsterinsights_sitenote_note":"","_monsterinsights_sitenote_category":0,"footnotes":""},"categories":[51,49],"tags":[],"class_list":["post-388112","post","type-post","status-publish","format-standard","has-post-thumbnail","hentry","category-evidenza-top","category-news-18","category-51","category-49","description-off"],"img_url":"https:\/\/www.radiopiu.net\/wordpress\/wp-content\/uploads\/2023\/11\/GAV.png","_links":{"self":[{"href":"https:\/\/www.radiopiu.net\/wordpress\/wp-json\/wp\/v2\/posts\/388112","targetHints":{"allow":["GET"]}}],"collection":[{"href":"https:\/\/www.radiopiu.net\/wordpress\/wp-json\/wp\/v2\/posts"}],"about":[{"href":"https:\/\/www.radiopiu.net\/wordpress\/wp-json\/wp\/v2\/types\/post"}],"author":[{"embeddable":true,"href":"https:\/\/www.radiopiu.net\/wordpress\/wp-json\/wp\/v2\/users\/4"}],"replies":[{"embeddable":true,"href":"https:\/\/www.radiopiu.net\/wordpress\/wp-json\/wp\/v2\/comments?post=388112"}],"version-history":[{"count":0,"href":"https:\/\/www.radiopiu.net\/wordpress\/wp-json\/wp\/v2\/posts\/388112\/revisions"}],"wp:featuredmedia":[{"embeddable":true,"href":"https:\/\/www.radiopiu.net\/wordpress\/wp-json\/wp\/v2\/media\/361106"}],"wp:attachment":[{"href":"https:\/\/www.radiopiu.net\/wordpress\/wp-json\/wp\/v2\/media?parent=388112"}],"wp:term":[{"taxonomy":"category","embeddable":true,"href":"https:\/\/www.radiopiu.net\/wordpress\/wp-json\/wp\/v2\/categories?post=388112"},{"taxonomy":"post_tag","embeddable":true,"href":"https:\/\/www.radiopiu.net\/wordpress\/wp-json\/wp\/v2\/tags?post=388112"}],"curies":[{"name":"wp","href":"https:\/\/api.w.org\/{rel}","templated":true}]}}