{"id":388148,"date":"2024-05-03T05:37:22","date_gmt":"2024-05-03T03:37:22","guid":{"rendered":"https:\/\/www.radiopiu.net\/wordpress\/?p=388148"},"modified":"2024-05-03T05:50:15","modified_gmt":"2024-05-03T03:50:15","slug":"asta-pubblica-per-laffitto-di-malga-calleda","status":"publish","type":"post","link":"https:\/\/www.radiopiu.net\/wordpress\/asta-pubblica-per-laffitto-di-malga-calleda\/","title":{"rendered":"ASTA PUBBLICA PER L&#8217;AFFITTO DI MALGA CALLEDA"},"content":{"rendered":"<p>*****<\/p>\n<p>&nbsp;<\/p>\n<p><strong><a class=\"dt-pswp-item\" href=\"https:\/\/www.radiopiu.net\/wordpress\/wp-content\/uploads\/2024\/05\/7e0621c4-144c-479a-bc9c-90a15bc5a2ec.jpg\" data-dt-img-description=\"\" data-large_image_width=\"1600\" data-large_image_height=\"1200\"><img loading=\"lazy\" decoding=\"async\" class=\" wp-image-388149 alignleft\" src=\"https:\/\/www.radiopiu.net\/wordpress\/wp-content\/uploads\/2024\/05\/7e0621c4-144c-479a-bc9c-90a15bc5a2ec-300x225.jpg\" alt=\"\" width=\"156\" height=\"117\" srcset=\"https:\/\/www.radiopiu.net\/wordpress\/wp-content\/uploads\/2024\/05\/7e0621c4-144c-479a-bc9c-90a15bc5a2ec-300x225.jpg 300w, https:\/\/www.radiopiu.net\/wordpress\/wp-content\/uploads\/2024\/05\/7e0621c4-144c-479a-bc9c-90a15bc5a2ec-1024x768.jpg 1024w, https:\/\/www.radiopiu.net\/wordpress\/wp-content\/uploads\/2024\/05\/7e0621c4-144c-479a-bc9c-90a15bc5a2ec-768x576.jpg 768w, https:\/\/www.radiopiu.net\/wordpress\/wp-content\/uploads\/2024\/05\/7e0621c4-144c-479a-bc9c-90a15bc5a2ec-1536x1152.jpg 1536w, https:\/\/www.radiopiu.net\/wordpress\/wp-content\/uploads\/2024\/05\/7e0621c4-144c-479a-bc9c-90a15bc5a2ec.jpg 1600w\" sizes=\"auto, (max-width: 156px) 100vw, 156px\" \/><\/a>LA VALLE<\/strong> Il Comune di La Valle Agordina ha deciso di indire un&#8217;asta pubblica per concedere in affitto la struttura rurale chiamata &#8220;Malga Calleda&#8221; insieme ai terreni circostanti. La malga \u00e8 composta da due edifici, utilizzati come malga e stalla, e da una concimaia, oltre a vari terreni adibiti a pascolo e bosco. La concessione sar\u00e0 assegnata a un&#8217;azienda agricola che soddisfi determinati requisiti, inclusa l&#8217;esperienza nel settore e la capacit\u00e0 di presentare un&#8217;offerta economica vantaggiosa. La struttura verr\u00e0 concessa nello stato attuale e il canone annuo di concessione \u00e8 fissato a \u20ac 8.850,00, soggetto a rivalutazione annuale. I concorrenti titolari del diritto di uso civico residenti nel Comune di La Valle Agordina, hanno priorit\u00e0 nell\u2019affidamento rispetto a tutti gli altri partecipanti alla gara, purch\u00e9 in possesso dei requisiti di partecipazione del bando, nessuno escluso, e che abbiano presentato, in sede di gara, un\u2019offerta di importo superiore al valore minimo del canone annuo di concessione indicato nel bando.<\/p>\n<p>&nbsp;<\/p>\n<p>&nbsp;<\/p>\n<p>******<\/p>\n","protected":false},"excerpt":{"rendered":"<p>***** &nbsp; LA VALLE Il Comune di La Valle Agordina ha deciso di indire un&#8217;asta pubblica per concedere in affitto la struttura rurale chiamata &#8220;Malga Calleda&#8221; insieme ai terreni circostanti. La malga \u00e8 composta da due edifici, utilizzati come malga e stalla, e da una concimaia, oltre a vari terreni adibiti a pascolo e bosco.&hellip;<\/p>\n","protected":false},"author":4,"featured_media":388149,"comment_status":"closed","ping_status":"closed","sticky":false,"template":"","format":"standard","meta":{"_monsterinsights_skip_tracking":false,"_monsterinsights_sitenote_active":false,"_monsterinsights_sitenote_note":"","_monsterinsights_sitenote_category":0,"footnotes":""},"categories":[51,49],"tags":[],"class_list":["post-388148","post","type-post","status-publish","format-standard","has-post-thumbnail","hentry","category-evidenza-top","category-news-18","category-51","category-49","description-off"],"img_url":"https:\/\/www.radiopiu.net\/wordpress\/wp-content\/uploads\/2024\/05\/7e0621c4-144c-479a-bc9c-90a15bc5a2ec.jpg","_links":{"self":[{"href":"https:\/\/www.radiopiu.net\/wordpress\/wp-json\/wp\/v2\/posts\/388148","targetHints":{"allow":["GET"]}}],"collection":[{"href":"https:\/\/www.radiopiu.net\/wordpress\/wp-json\/wp\/v2\/posts"}],"about":[{"href":"https:\/\/www.radiopiu.net\/wordpress\/wp-json\/wp\/v2\/types\/post"}],"author":[{"embeddable":true,"href":"https:\/\/www.radiopiu.net\/wordpress\/wp-json\/wp\/v2\/users\/4"}],"replies":[{"embeddable":true,"href":"https:\/\/www.radiopiu.net\/wordpress\/wp-json\/wp\/v2\/comments?post=388148"}],"version-history":[{"count":0,"href":"https:\/\/www.radiopiu.net\/wordpress\/wp-json\/wp\/v2\/posts\/388148\/revisions"}],"wp:featuredmedia":[{"embeddable":true,"href":"https:\/\/www.radiopiu.net\/wordpress\/wp-json\/wp\/v2\/media\/388149"}],"wp:attachment":[{"href":"https:\/\/www.radiopiu.net\/wordpress\/wp-json\/wp\/v2\/media?parent=388148"}],"wp:term":[{"taxonomy":"category","embeddable":true,"href":"https:\/\/www.radiopiu.net\/wordpress\/wp-json\/wp\/v2\/categories?post=388148"},{"taxonomy":"post_tag","embeddable":true,"href":"https:\/\/www.radiopiu.net\/wordpress\/wp-json\/wp\/v2\/tags?post=388148"}],"curies":[{"name":"wp","href":"https:\/\/api.w.org\/{rel}","templated":true}]}}