{"id":388183,"date":"2024-05-03T00:00:42","date_gmt":"2024-05-02T22:00:42","guid":{"rendered":"https:\/\/www.radiopiu.net\/wordpress\/?p=388183"},"modified":"2024-05-03T06:00:43","modified_gmt":"2024-05-03T04:00:43","slug":"si-accendono-i-motori-per-la-stagione-2024-di-fontana-per-la-prima-tappa-del-campionato-italiano-gt-a-misano","status":"publish","type":"post","link":"https:\/\/www.radiopiu.net\/wordpress\/si-accendono-i-motori-per-la-stagione-2024-di-fontana-per-la-prima-tappa-del-campionato-italiano-gt-a-misano\/","title":{"rendered":"SI ACCENDONO I MOTORI PER LA STAGIONE 2024 DI FONTANA PER LA PRIMA TAPPA DEL CAMPIONATO ITALIANO GT A MISANO"},"content":{"rendered":"<p>**<\/p>\n<div class=\"flex-1 overflow-hidden\">\n<div class=\"react-scroll-to-bottom--css-ipxbf-79elbk h-full\">\n<div class=\"react-scroll-to-bottom--css-ipxbf-1n7m0yu\">\n<div class=\"flex flex-col text-sm pb-9\">\n<div class=\"w-full text-token-text-primary\" dir=\"auto\" data-testid=\"conversation-turn-13\" data-scroll-anchor=\"true\">\n<div class=\"px-4 py-2 justify-center text-base md:gap-6 m-auto\">\n<div class=\"flex flex-1 text-base mx-auto gap-3 juice:gap-4 juice:md:gap-6 md:px-5 lg:px-1 xl:px-5 md:max-w-3xl lg:max-w-[40rem] xl:max-w-[48rem]\">\n<div class=\"relative flex w-full min-w-0 flex-col agent-turn\">\n<div class=\"flex-col gap-1 md:gap-3\">\n<div class=\"flex flex-grow flex-col max-w-full\">\n<div class=\"min-h-[20px] text-message flex flex-col items-start gap-3 whitespace-pre-wrap break-words [.text-message+&amp;]:mt-5 overflow-x-auto\" dir=\"auto\" data-message-author-role=\"assistant\" data-message-id=\"36d047de-3d7b-4b67-ab2d-2dbcca103942\">\n<div class=\"markdown prose w-full break-words dark:prose-invert dark\">\n<p><a class=\"dt-pswp-item\" href=\"https:\/\/www.radiopiu.net\/wordpress\/wp-content\/uploads\/2024\/05\/d41d4055-8864-6a91-283b-dd572502288c.png\" data-dt-img-description=\"\" data-large_image_width=\"1300\" data-large_image_height=\"1300\"><img loading=\"lazy\" decoding=\"async\" class=\" wp-image-388184 alignleft\" src=\"https:\/\/www.radiopiu.net\/wordpress\/wp-content\/uploads\/2024\/05\/d41d4055-8864-6a91-283b-dd572502288c-300x300.png\" alt=\"\" width=\"134\" height=\"134\" srcset=\"https:\/\/www.radiopiu.net\/wordpress\/wp-content\/uploads\/2024\/05\/d41d4055-8864-6a91-283b-dd572502288c-300x300.png 300w, https:\/\/www.radiopiu.net\/wordpress\/wp-content\/uploads\/2024\/05\/d41d4055-8864-6a91-283b-dd572502288c-1024x1024.png 1024w, https:\/\/www.radiopiu.net\/wordpress\/wp-content\/uploads\/2024\/05\/d41d4055-8864-6a91-283b-dd572502288c-150x150.png 150w, https:\/\/www.radiopiu.net\/wordpress\/wp-content\/uploads\/2024\/05\/d41d4055-8864-6a91-283b-dd572502288c-768x768.png 768w, https:\/\/www.radiopiu.net\/wordpress\/wp-content\/uploads\/2024\/05\/d41d4055-8864-6a91-283b-dd572502288c.png 1300w\" sizes=\"auto, (max-width: 134px) 100vw, 134px\" \/><\/a>Andrea Fontana si prepara per il Campionato Italiano Gran Turismo Sprint Cup, pronto a esordire con la DL Racing nella GT Cup insieme a Stefano Gattuso. Il pilota di Belluno, reduce da due anni nella Porsche Carrera Cup Italia, affronta una nuova sfida nella classe Pro-Am, puntando al titolo. La stagione 2024 promette spettacolo, con oltre 30 vetture iscritte e un campo partenti di alto livello. Il campionato prender\u00e0 il via a Misano questa settimana, con Fontana pronto per la gara-1 sabato 4 maggio alle 18:45 e la seconda manche domenica 5 alle 16:00.<\/p>\n<\/div>\n<\/div>\n<\/div>\n<div class=\"mt-1 flex gap-3 empty:hidden\">\n<div>\n<div class=\"flex-1 overflow-hidden\">\n<div class=\"react-scroll-to-bottom--css-ipxbf-79elbk h-full\">\n<div class=\"react-scroll-to-bottom--css-ipxbf-1n7m0yu\">\n<div class=\"flex flex-col text-sm pb-9\">\n<div class=\"w-full text-token-text-primary\" dir=\"auto\" data-testid=\"conversation-turn-15\" data-scroll-anchor=\"true\">\n<div class=\"px-4 py-2 justify-center text-base md:gap-6 m-auto\">\n<div class=\"flex flex-1 text-base mx-auto gap-3 juice:gap-4 juice:md:gap-6 md:px-5 lg:px-1 xl:px-5 md:max-w-3xl lg:max-w-[40rem] xl:max-w-[48rem]\">\n<div class=\"relative flex w-full min-w-0 flex-col agent-turn\">\n<div class=\"flex-col gap-1 md:gap-3\">\n<div class=\"flex flex-grow flex-col max-w-full\">\n<div class=\"min-h-[20px] text-message flex flex-col items-start gap-3 whitespace-pre-wrap break-words [.text-message+&amp;]:mt-5 overflow-x-auto\" dir=\"auto\" data-message-author-role=\"assistant\" data-message-id=\"e69b935e-eefa-421e-a3d8-6ebacffcef3c\">\n<div class=\"markdown prose w-full break-words dark:prose-invert dark\">\n<p>Andrea Fontana si prepara con entusiasmo al Campionato Italiano Gran Turismo Sprint. Con oltre 30 macchine in pista, la GT Cup promette grande competizione. In coppia con S<a class=\"dt-pswp-item\" href=\"https:\/\/www.radiopiu.net\/wordpress\/wp-content\/uploads\/2024\/05\/2c8ff1a0-5ffa-56ac-9c28-12eb7e93ca3d-scaled.jpg\" data-dt-img-description=\"Postiglione-Mul (Imperiale Racing,Lamborghini Huracan GT3 Evo GT3 PRO #63)\" data-large_image_width=\"2560\" data-large_image_height=\"1707\"><img loading=\"lazy\" decoding=\"async\" class=\"size-medium wp-image-388186 alignright\" src=\"https:\/\/www.radiopiu.net\/wordpress\/wp-content\/uploads\/2024\/05\/2c8ff1a0-5ffa-56ac-9c28-12eb7e93ca3d-300x200.jpg\" alt=\"\" width=\"300\" height=\"200\" srcset=\"https:\/\/www.radiopiu.net\/wordpress\/wp-content\/uploads\/2024\/05\/2c8ff1a0-5ffa-56ac-9c28-12eb7e93ca3d-300x200.jpg 300w, https:\/\/www.radiopiu.net\/wordpress\/wp-content\/uploads\/2024\/05\/2c8ff1a0-5ffa-56ac-9c28-12eb7e93ca3d-1024x683.jpg 1024w, https:\/\/www.radiopiu.net\/wordpress\/wp-content\/uploads\/2024\/05\/2c8ff1a0-5ffa-56ac-9c28-12eb7e93ca3d-768x512.jpg 768w, https:\/\/www.radiopiu.net\/wordpress\/wp-content\/uploads\/2024\/05\/2c8ff1a0-5ffa-56ac-9c28-12eb7e93ca3d-1536x1024.jpg 1536w, https:\/\/www.radiopiu.net\/wordpress\/wp-content\/uploads\/2024\/05\/2c8ff1a0-5ffa-56ac-9c28-12eb7e93ca3d-2048x1365.jpg 2048w\" sizes=\"auto, (max-width: 300px) 100vw, 300px\" \/><\/a>tefano Gattuso, l&#8217;obiettivo \u00e8 ottenere risultati significativi. Il primo evento a Misano sar\u00e0 cruciale per comprendere il potenziale della loro Lamborghini Huracan ST Evo2 e adattarsi alla competizione. Nonostante la mancanza di tempo sul circuito, Fontana \u00e8 determinato a dare il massimo e anticipa una sfida emozionante.<\/p>\n<\/div>\n<\/div>\n<\/div>\n<\/div>\n<\/div>\n<\/div>\n<\/div>\n<\/div>\n<\/div>\n<\/div>\n<\/div>\n<\/div>\n<\/div>\n<\/div>\n<blockquote>\n<div class=\"pr-2 lg:pr-0\">\u201dSono davvero felice di competere quest\u2019anno nel Campionato Italiano Gran Turismo Sprint. La GT Cup \u00e8 una serie davvero combattuta, e con pi\u00f9 di 30 macchine al via lo spettacolo di certo non mancher\u00e0. Mi sento bene e non vedo l\u2019ora di scendere in pista; con Stefano creiamo un ottimo equipaggio, e il nostro obiettivo \u00e8 quello di fare bene ed ottenere risultati di rilievo.<\/div>\n<\/blockquote>\n<\/div>\n<div class=\"absolute\">\n<div class=\"flex w-full gap-2 items-center justify-center\"><\/div>\n<\/div>\n<\/div>\n<\/div>\n<\/div>\n<\/div>\n<\/div>\n<\/div>\n<\/div>\n<\/div>\n<div class=\"w-full pt-2 md:pt-0 dark:border-white\/20 md:border-transparent md:dark:border-transparent md:w-[calc(100%-.5rem)] juice:w-full\">\n<form class=\"stretch flex flex-row gap-3 last:mb-2 md:last:mb-6 mx-2 md:mx-4 lg:mx-auto lg:max-w-2xl xl:max-w-3xl\">\n<div class=\"relative flex h-full max-w-full flex-1 flex-col\">\n<div class=\"absolute bottom-full left-0 right-0\">\n<hr \/>\n<\/div>\n<div class=\"flex w-full items-center\"><\/div>\n<\/div>\n<\/form>\n<\/div>\n","protected":false},"excerpt":{"rendered":"<p>** Andrea Fontana si prepara per il Campionato Italiano Gran Turismo Sprint Cup, pronto a esordire con la DL Racing nella GT Cup insieme a Stefano Gattuso. Il pilota di Belluno, reduce da due anni nella Porsche Carrera Cup Italia, affronta una nuova sfida nella classe Pro-Am, puntando al titolo. La stagione 2024 promette spettacolo,&hellip;<\/p>\n","protected":false},"author":4,"featured_media":388187,"comment_status":"closed","ping_status":"closed","sticky":false,"template":"","format":"standard","meta":{"_monsterinsights_skip_tracking":false,"_monsterinsights_sitenote_active":false,"_monsterinsights_sitenote_note":"","_monsterinsights_sitenote_category":0,"footnotes":""},"categories":[104,49],"tags":[],"class_list":["post-388183","post","type-post","status-publish","format-standard","has-post-thumbnail","hentry","category-evidenza_3","category-news-18","category-104","category-49","description-off"],"img_url":"https:\/\/www.radiopiu.net\/wordpress\/wp-content\/uploads\/2024\/05\/31818d0a-21e9-b82f-5014-105a37d1a565-scaled.jpg","_links":{"self":[{"href":"https:\/\/www.radiopiu.net\/wordpress\/wp-json\/wp\/v2\/posts\/388183","targetHints":{"allow":["GET"]}}],"collection":[{"href":"https:\/\/www.radiopiu.net\/wordpress\/wp-json\/wp\/v2\/posts"}],"about":[{"href":"https:\/\/www.radiopiu.net\/wordpress\/wp-json\/wp\/v2\/types\/post"}],"author":[{"embeddable":true,"href":"https:\/\/www.radiopiu.net\/wordpress\/wp-json\/wp\/v2\/users\/4"}],"replies":[{"embeddable":true,"href":"https:\/\/www.radiopiu.net\/wordpress\/wp-json\/wp\/v2\/comments?post=388183"}],"version-history":[{"count":0,"href":"https:\/\/www.radiopiu.net\/wordpress\/wp-json\/wp\/v2\/posts\/388183\/revisions"}],"wp:featuredmedia":[{"embeddable":true,"href":"https:\/\/www.radiopiu.net\/wordpress\/wp-json\/wp\/v2\/media\/388187"}],"wp:attachment":[{"href":"https:\/\/www.radiopiu.net\/wordpress\/wp-json\/wp\/v2\/media?parent=388183"}],"wp:term":[{"taxonomy":"category","embeddable":true,"href":"https:\/\/www.radiopiu.net\/wordpress\/wp-json\/wp\/v2\/categories?post=388183"},{"taxonomy":"post_tag","embeddable":true,"href":"https:\/\/www.radiopiu.net\/wordpress\/wp-json\/wp\/v2\/tags?post=388183"}],"curies":[{"name":"wp","href":"https:\/\/api.w.org\/{rel}","templated":true}]}}