{"id":388214,"date":"2024-05-03T07:55:08","date_gmt":"2024-05-03T05:55:08","guid":{"rendered":"https:\/\/www.radiopiu.net\/wordpress\/?p=388214"},"modified":"2024-05-03T08:01:04","modified_gmt":"2024-05-03T06:01:04","slug":"dal-1983-la-rassegna-stampa-locale-in-voce-scritta-con-gli-approfondimenti-della-redazione-2","status":"publish","type":"post","link":"https:\/\/www.radiopiu.net\/wordpress\/dal-1983-la-rassegna-stampa-locale-in-voce-scritta-con-gli-approfondimenti-della-redazione-2\/","title":{"rendered":"DAL 1983 LA RASSEGNA STAMPA LOCALE, IN VOCE, SCRITTA, CON GLI APPROFONDIMENTI DELLA REDAZIONE"},"content":{"rendered":"<p>**<\/p>\n<p><iframe loading=\"lazy\" title=\"DAL 1983 LA RASSEGNA STAMPA LOCALE di mirko mezzacasa. L&#039;ORIGINALE\" width=\"1200\" height=\"675\" src=\"https:\/\/www.youtube.com\/embed\/4ODa-fU6Exg?feature=oembed\" frameborder=\"0\" allow=\"accelerometer; autoplay; clipboard-write; encrypted-media; gyroscope; picture-in-picture; web-share\" referrerpolicy=\"strict-origin-when-cross-origin\" allowfullscreen><\/iframe><\/p>\n<p>&nbsp;<\/p>\n<p>&nbsp;<\/p>\n<p>LUNEDI SCIOPERO DEI TRASPORTI, GARANTITE LE PRESTAZIONI MINIME nelle fasce orarie dalle 5:40 alle 8:09 e dalle 12:10 alle 15:39.<br \/>\nROCCA PIETORE Dal 6 maggio al 10 giugno chiusura totale della provinciale 563 di Salesei in localit\u00e0 Digonera dalle 7.30 alle 12.30 e dalle 13.30 alle 18, dal lunedi al venerdi.<br \/>\nSEDICO SR 203 AGORDINA localit\u00e0 Peron-La Stanga, dal 6 al 17 maggio, sabato e domenica escluso, senso unico alternato regolato da movieri per tratti di 200 metri<\/p>\n<blockquote><p><em>Incidenti e lutto nel Bellunese: Cristina, vittima di un incidente al Passo San Pellegrino, resta stabile a Treviso. A Fener, donna trentenne ferita in incidente, trasportata a Feltre. A Taibon, donna rientra a casa dopo caduta domestica. Si terranno oggi i funerali di Silvio Bona a Feltre e Fiorella Vescovo a Cesio.<\/em><\/p><\/blockquote>\n<p>TREVISO Rimangono stabili le condizioni di Cristina, la ragazza di Cencenighe che \u00e8 stata ricoverata all&#8217;ospedale Ca&#8217; Foncello di Treviso in seguito all&#8217;incidente sulla SP 346 del Passo San Pellegrino a Mas di Vallada nella notte tra domenica e luned\u00ec.<br \/>\nredazione Ieri alle sei del mattino \u00e8 squillato i telefono della centrale operativa del Suem 118. L&#8217;emergenza a Fener per un incidente stradale che ha coinvolto una donna, trentenne, dell&#8217;Altopiano della Vigolana portata in ospedale\u00a0 in ambulanza a Feltre per le ferite riportate.<br \/>\nTAIBON\u00a0E&#8217; rientrata a casa la donna soccorsa domenica pomeriggio a Listolade dopo un incidente domestico. La 49enne di Taibon era stata portata all&#8217;ospedale di Belluno in seguito ad una caduta in casa in cui aveva sbattuto la testa.<br \/>\nFELTRE Addio a Silvio Bona, Pilastro del Volontariato a Villabruna Il funerale si terr\u00e0 oggi alle 14.30<br \/>\nCESIOMAGGIORE Sintesi: Cesio piange la perdita di Fiorella Vescovo, 69 anni, moglie e madre amorevole.<br \/>\nCORTINA Oggi alle 15 in Basilica a Cortina l&#8217;ultimo saluto a Fabrizio Zardini,<br \/>\nAURONZO Alle 15 i funerali di Renato Bombassei, genio dei motori<\/p>\n<p>&nbsp;<\/p>\n<blockquote><p><em>Agordo: Nonostante le difficolt\u00e0, la ciclabile Le Campe-Listolade sar\u00e0 finalmente percorribile, offrendo una nuova opportunit\u00e0 per gli amanti delle due ruote nella zona. A Ponte nelle Alpi, i Carabinieri ritornano nella caserma dopo lavori di ammodernamento, mentre a Gosaldo malumori per la chiusura della caserma, ad Agordo i servizi mantenuti dal GAV della Conca Agordina.<\/em><\/p><\/blockquote>\n<p>AGORDO LA CICLABILE LE CAMPE-LISTOLADE SI PUO&#8217; FARE<br \/>\nBELLUNO L&#8217;Assemblea Generale del Consorzio BIM Piave di Belluno si terr\u00e0 mercoled\u00ec nella Sala Convegni A.N.A. di Belluno.<br \/>\nI CARABINIERI DI PONTE NELLE ALPI TORNANO NELLA\u00a0 CASERMA DOPO I LAVORI DI AMMODERNAMENTO<br \/>\nCARABINIERI: A PONTE NELLE ALPI RISTRUTTURANO LA CASERMA E NELL\u2019ISOLATO AGORDINO\u2026 LA CHIUDONO, malumori e malesseri a Gosaldo, zona di confine Belluno-Trento, ma per l&#8217;Arma la caserma va smantellata tra il silenzio delle istituzioni.<br \/>\nLIVINALLONGO Domani\u00a0 la benedizione del vessillo firmato dall&#8217;artista Gabriele Grones Il drappo finora in uso risale a prima del 1927, \u00e8 ormai troppo logoro per poterlo restaurare<br \/>\nAGORDO il GAV della Conca Agordina ha mantenuto il suo impegno nel fornire servizi cruciali alla comunit\u00e0, mantenendo costanti le attivit\u00e0 di consegna dei pasti a domicilio e il trasporto sociale dalla Casa di Riposo di Taibon agli ambulatori medici.<br \/>\nBELLUNO Ricorre l&#8217;8maggio la giornata mondiale sul tumore ovarico: per l&#8217;occasione l&#8217;Ulss 1 Dolomiti e l&#8217;associazione ACTO hanno organizzato tre eventi per la prevenzione della malattia e a supporto delle pazienti.<br \/>\nLA VALLE Il Comune di La Valle Agordina ha deciso di indire un&#8217;asta pubblica per concedere in affitto la struttura rurale chiamata &#8220;Malga Calleda&#8221; insieme ai terreni circostanti.<br \/>\nSEDICO Gioia Sacchet, ex vicesindaco, presenta la sua squadra composta da sedici candidati di diverse fasce d&#8217;et\u00e0<br \/>\nMILANO LEONARDO MARIA DEL VECCHIO INVESTE 4,5 MILIONI DI EURO PER ACQUISIRE LO STABILIMENTO BALNEARE DI LUSSO &#8216;FRANCO MARE\u2019<\/p>\n<p>VOLTAGO Il Comune\u00a0 raduna i frazionisti di Frassen\u00e9: sono convocati dal sindaco Giuseppe Schena, all&#8217;assemblea dei frazionisti prevista per gioved\u00ec 9 maggio alle 18 all&#8217;ex scuola Paolo Mosca<br \/>\nLIVINALLONGO Visto il positivo riscontro di tante persone che si sono riconosciute nella trama del film e hanno partecipato con intensit\u00e0 alle successive riflessioni lo scorso 19 aprile a Cencenighe, l&#8217;associazione Pettirosso Agordino ha deciso di riproporre il film &#8220;The Father&#8221; sul tema della demenza anche a Pieve di Livinallongo, presso la sala Parrocchiale, oggi alle 20.<br \/>\nBELLUNO Domani, in occasione della Giornata Internazionale dell\u2019Ostetrica, il Consultorio Familiare e l\u2019UO di Ostetricia e Ginecologia dell\u2019Ulss Dolomiti organizzano &#8220;Naturalmente&#8230;Donna&#8221;, un incontro sulla maternit\u00e0 sostenibile. Alle 16.00 nella hall dell\u2019Ospedale di Belluno<br \/>\nAGORDO Da questa sera con l&#8217;Apim: TORNANO I VENERDI DI MAGGIO AGORDINO<\/p>\n<p>SI ACCENDONO I MOTORI PER LA STAGIONE 2024 DI FONTANA PER LA PRIMA TAPPA DEL CAMPIONATO ITALIANO GT A MISANO Andrea Fontana si prepara per il Campionato Italiano Gran Turismo Sprint Cup, pronto a esordire con la DL Racing nella GT Cup insieme a Stefano Gattuso. Il pilota di Belluno, reduce da due anni nella Porsche Carrera Cup Italia, affronta una nuova sfida nella classe Pro-Am, puntando al titolo<br \/>\nDENIS MEZZACASA FA ROTTA SU LEVICO TERME<br \/>\nFILIPPO FANT DEBUTTA NELLA PORSCHE CARRERA CUP<br \/>\nIL BELLUNO VOLLEY SI PREPARA PER GARA 3 CON FANO<\/p>\n<p>&nbsp;<\/p>\n<p>&nbsp;<\/p>\n<hr \/>\n<p>&nbsp;<\/p>\n","protected":false},"excerpt":{"rendered":"<p>** &nbsp; &nbsp; LUNEDI SCIOPERO DEI TRASPORTI, GARANTITE LE PRESTAZIONI MINIME nelle fasce orarie dalle 5:40 alle 8:09 e dalle 12:10 alle 15:39. ROCCA PIETORE Dal 6 maggio al 10 giugno chiusura totale della provinciale 563 di Salesei in localit\u00e0 Digonera dalle 7.30 alle 12.30 e dalle 13.30 alle 18, dal lunedi al venerdi. SEDICO&hellip;<\/p>\n","protected":false},"author":4,"featured_media":388215,"comment_status":"closed","ping_status":"closed","sticky":false,"template":"","format":"standard","meta":{"_monsterinsights_skip_tracking":false,"_monsterinsights_sitenote_active":false,"_monsterinsights_sitenote_note":"","_monsterinsights_sitenote_category":0,"footnotes":""},"categories":[51,49,142],"tags":[],"class_list":["post-388214","post","type-post","status-publish","format-standard","has-post-thumbnail","hentry","category-evidenza-top","category-news-18","category-rassegna-stampa","category-51","category-49","category-142","description-off"],"img_url":"https:\/\/www.radiopiu.net\/wordpress\/wp-content\/uploads\/2024\/05\/Senza-nome-6.png","_links":{"self":[{"href":"https:\/\/www.radiopiu.net\/wordpress\/wp-json\/wp\/v2\/posts\/388214","targetHints":{"allow":["GET"]}}],"collection":[{"href":"https:\/\/www.radiopiu.net\/wordpress\/wp-json\/wp\/v2\/posts"}],"about":[{"href":"https:\/\/www.radiopiu.net\/wordpress\/wp-json\/wp\/v2\/types\/post"}],"author":[{"embeddable":true,"href":"https:\/\/www.radiopiu.net\/wordpress\/wp-json\/wp\/v2\/users\/4"}],"replies":[{"embeddable":true,"href":"https:\/\/www.radiopiu.net\/wordpress\/wp-json\/wp\/v2\/comments?post=388214"}],"version-history":[{"count":0,"href":"https:\/\/www.radiopiu.net\/wordpress\/wp-json\/wp\/v2\/posts\/388214\/revisions"}],"wp:featuredmedia":[{"embeddable":true,"href":"https:\/\/www.radiopiu.net\/wordpress\/wp-json\/wp\/v2\/media\/388215"}],"wp:attachment":[{"href":"https:\/\/www.radiopiu.net\/wordpress\/wp-json\/wp\/v2\/media?parent=388214"}],"wp:term":[{"taxonomy":"category","embeddable":true,"href":"https:\/\/www.radiopiu.net\/wordpress\/wp-json\/wp\/v2\/categories?post=388214"},{"taxonomy":"post_tag","embeddable":true,"href":"https:\/\/www.radiopiu.net\/wordpress\/wp-json\/wp\/v2\/tags?post=388214"}],"curies":[{"name":"wp","href":"https:\/\/api.w.org\/{rel}","templated":true}]}}