{"id":388318,"date":"2024-05-03T23:59:34","date_gmt":"2024-05-03T21:59:34","guid":{"rendered":"https:\/\/www.radiopiu.net\/wordpress\/?p=388318"},"modified":"2024-05-03T23:13:23","modified_gmt":"2024-05-03T21:13:23","slug":"disco-piu-dal-4-al-10-maggio-2024","status":"publish","type":"post","link":"https:\/\/www.radiopiu.net\/wordpress\/disco-piu-dal-4-al-10-maggio-2024\/","title":{"rendered":"DISCO PIU\u2019 DAL 4 AL 10 MAGGIO 2024"},"content":{"rendered":"<p>*****<\/p>\n<p>&nbsp;<\/p>\n<p><strong><a class=\"dt-pswp-item\" href=\"https:\/\/www.radiopiu.net\/wordpress\/wp-content\/uploads\/2024\/05\/karma_artwork-jpg.jpg\" data-dt-img-description=\"\" data-large_image_width=\"1050\" data-large_image_height=\"1050\"><img loading=\"lazy\" decoding=\"async\" class=\" wp-image-388319 alignleft\" src=\"https:\/\/www.radiopiu.net\/wordpress\/wp-content\/uploads\/2024\/05\/karma_artwork-jpg-300x300.jpg\" alt=\"\" width=\"172\" height=\"172\" srcset=\"https:\/\/www.radiopiu.net\/wordpress\/wp-content\/uploads\/2024\/05\/karma_artwork-jpg-300x300.jpg 300w, https:\/\/www.radiopiu.net\/wordpress\/wp-content\/uploads\/2024\/05\/karma_artwork-jpg-1024x1024.jpg 1024w, https:\/\/www.radiopiu.net\/wordpress\/wp-content\/uploads\/2024\/05\/karma_artwork-jpg-150x150.jpg 150w, https:\/\/www.radiopiu.net\/wordpress\/wp-content\/uploads\/2024\/05\/karma_artwork-jpg-768x768.jpg 768w, https:\/\/www.radiopiu.net\/wordpress\/wp-content\/uploads\/2024\/05\/karma_artwork-jpg.jpg 1050w\" sizes=\"auto, (max-width: 172px) 100vw, 172px\" \/><\/a>I SUCCESSI DI DOMANI<\/strong><\/p>\n<p><strong>LI ASCOLTI OGGI\u2026SU RADIO PIU\u2019<\/strong><\/p>\n<p><strong>IL DISCO PIU\u2019 DAL 4 AL 10 MAGGIO 2024 E\u2019:<\/strong><\/p>\n<p><strong>ARTISTA:<\/strong> <strong>The Kolors<\/strong><\/p>\n<p><strong>TITOLO: Karma<\/strong><\/p>\n<p><strong>ETICHETTA: Warner Music<\/strong><\/p>\n<p><strong>\u00a0<\/strong><\/p>\n<p>The Kolors sono pronti a inaugurare l\u2019estate 2024: \u201cKARMA\u201d (Warner Music Italy) \u00e8 il titolo del nuovo singolo, disponibile da venerd\u00ec 3 maggio in radio e su tutte le piattaforme digitali. La nuova hit della band sar\u00e0 anche al centro della campagna di Cornetto, che ha scelto \u201cKARMA\u201d come colonna sonora degli spot pubblicitari che ci accompagneranno durante la prossima estate. Con \u201cKARMA\u201d, The Kolors esplorano nuovi territori degli anni \u201880: un brano <em>double tempo<\/em> fortemente ispirato dal mondo degli A-ha e di Michael Sembello, che svela un\u2019altra sfumatura della loro palette. \u00ab<em>Questo pezzo \u00e8 venuto fuori la notte successiva a quella del nostro concerto al Forum di Assago. Siamo rimasti fino a tarda notte insieme in studio e abbiamo iniziato a suonare\u2026suonare nella maniera pi\u00f9 spensierata e felice perch\u00e9 ancora carichi di adrenalina dopo quel concerto per noi cos\u00ec importante!<\/em>\u00bb &#8211; ha detto Stash a proposito della genesi di un brano con alcuni elementi pieni di energia come i suoi 169 bpm &#8211; \u00ab<em>Infatti questo \u00e8 il brano con il bpm pi\u00f9 alto che abbiamo mai scritto e soprattutto con un\u2019armonia di accordi completamente in maggiore, tipica di una scrittura \u201cfelice\u201d<\/em>\u00bb. E proprio quei bpm portano con s\u00e9 quella spensieratezza e quella malinconia tipiche dell\u2019estate, che ci fa vivere alcune delle esperienze pi\u00f9 belle della nostra vita: <em>Dove sei ora?<\/em> \u00e8 la domanda che esplode nel ritornello di \u201cKARMA\u201d e che ci si pone alla fine di un\u2019estate fatta di sogni, in cui abbiamo accarezzato quello che pensavamo essere l\u2019amore di una vita, ma che abbiamo scoperto essere, in realt\u00e0, una bellissima avventura.<\/p>\n<p>&nbsp;<\/p>\n<p><iframe loading=\"lazy\" title=\"KARMA\" width=\"1200\" height=\"900\" src=\"https:\/\/www.youtube.com\/embed\/IIgsx8O9HyE?feature=oembed\" frameborder=\"0\" allow=\"accelerometer; autoplay; clipboard-write; encrypted-media; gyroscope; picture-in-picture; web-share\" referrerpolicy=\"strict-origin-when-cross-origin\" allowfullscreen><\/iframe><\/p>\n<p>&nbsp;<\/p>\n<p>*******<\/p>\n","protected":false},"excerpt":{"rendered":"<p>***** &nbsp; I SUCCESSI DI DOMANI LI ASCOLTI OGGI\u2026SU RADIO PIU\u2019 IL DISCO PIU\u2019 DAL 4 AL 10 MAGGIO 2024 E\u2019: ARTISTA: The Kolors TITOLO: Karma ETICHETTA: Warner Music \u00a0 The Kolors sono pronti a inaugurare l\u2019estate 2024: \u201cKARMA\u201d (Warner Music Italy) \u00e8 il titolo del nuovo singolo, disponibile da venerd\u00ec 3 maggio in radio&hellip;<\/p>\n","protected":false},"author":4,"featured_media":388319,"comment_status":"closed","ping_status":"closed","sticky":false,"template":"","format":"standard","meta":{"_monsterinsights_skip_tracking":false,"_monsterinsights_sitenote_active":false,"_monsterinsights_sitenote_note":"","_monsterinsights_sitenote_category":0,"footnotes":""},"categories":[15],"tags":[],"class_list":["post-388318","post","type-post","status-publish","format-standard","has-post-thumbnail","hentry","category-discopiu","category-15","description-off"],"img_url":"https:\/\/www.radiopiu.net\/wordpress\/wp-content\/uploads\/2024\/05\/karma_artwork-jpg.jpg","_links":{"self":[{"href":"https:\/\/www.radiopiu.net\/wordpress\/wp-json\/wp\/v2\/posts\/388318","targetHints":{"allow":["GET"]}}],"collection":[{"href":"https:\/\/www.radiopiu.net\/wordpress\/wp-json\/wp\/v2\/posts"}],"about":[{"href":"https:\/\/www.radiopiu.net\/wordpress\/wp-json\/wp\/v2\/types\/post"}],"author":[{"embeddable":true,"href":"https:\/\/www.radiopiu.net\/wordpress\/wp-json\/wp\/v2\/users\/4"}],"replies":[{"embeddable":true,"href":"https:\/\/www.radiopiu.net\/wordpress\/wp-json\/wp\/v2\/comments?post=388318"}],"version-history":[{"count":0,"href":"https:\/\/www.radiopiu.net\/wordpress\/wp-json\/wp\/v2\/posts\/388318\/revisions"}],"wp:featuredmedia":[{"embeddable":true,"href":"https:\/\/www.radiopiu.net\/wordpress\/wp-json\/wp\/v2\/media\/388319"}],"wp:attachment":[{"href":"https:\/\/www.radiopiu.net\/wordpress\/wp-json\/wp\/v2\/media?parent=388318"}],"wp:term":[{"taxonomy":"category","embeddable":true,"href":"https:\/\/www.radiopiu.net\/wordpress\/wp-json\/wp\/v2\/categories?post=388318"},{"taxonomy":"post_tag","embeddable":true,"href":"https:\/\/www.radiopiu.net\/wordpress\/wp-json\/wp\/v2\/tags?post=388318"}],"curies":[{"name":"wp","href":"https:\/\/api.w.org\/{rel}","templated":true}]}}