{"id":388328,"date":"2024-05-04T05:37:47","date_gmt":"2024-05-04T03:37:47","guid":{"rendered":"https:\/\/www.radiopiu.net\/wordpress\/?p=388328"},"modified":"2024-05-04T08:14:10","modified_gmt":"2024-05-04T06:14:10","slug":"processo-contro-no-vax","status":"publish","type":"post","link":"https:\/\/www.radiopiu.net\/wordpress\/processo-contro-no-vax\/","title":{"rendered":"Processo contro &#8216;No Vax&#8217;:"},"content":{"rendered":"<p>***<\/p>\n<blockquote>\n<h3><a class=\"dt-pswp-item\" href=\"https:\/\/www.radiopiu.net\/wordpress\/wp-content\/uploads\/2023\/11\/17eab4b1-8666-fa4f-5e3c-48e18e0a5716.jpg\" data-dt-img-description=\"Doctor giving a senior woman vaccination. Virus protection. COVID-2019.\" data-large_image_width=\"800\" data-large_image_height=\"445\"><img loading=\"lazy\" decoding=\"async\" class=\" wp-image-360171 alignleft\" src=\"https:\/\/www.radiopiu.net\/wordpress\/wp-content\/uploads\/2023\/11\/17eab4b1-8666-fa4f-5e3c-48e18e0a5716-300x167.jpg\" alt=\"\" width=\"119\" height=\"66\" srcset=\"https:\/\/www.radiopiu.net\/wordpress\/wp-content\/uploads\/2023\/11\/17eab4b1-8666-fa4f-5e3c-48e18e0a5716-300x167.jpg 300w, https:\/\/www.radiopiu.net\/wordpress\/wp-content\/uploads\/2023\/11\/17eab4b1-8666-fa4f-5e3c-48e18e0a5716-768x427.jpg 768w, https:\/\/www.radiopiu.net\/wordpress\/wp-content\/uploads\/2023\/11\/17eab4b1-8666-fa4f-5e3c-48e18e0a5716.jpg 800w\" sizes=\"auto, (max-width: 119px) 100vw, 119px\" \/><\/a> Condanne e Rinvii a Giudizio<\/h3>\n<\/blockquote>\n<p><strong>RAVENNA I<\/strong>l processo davanti al Gup Andrea Galanti nel Ravennate ha portato a condanne per 24 imputati, pene tra 8 e 12 mesi, e il rinvio a giudizio per 98 persone. Partito da una segnalazione dal Bellunese, l&#8217;indagine si \u00e8 concentrata su falsi vaccini utilizzati per ottenere green pass, con 191 certificati sequestrati. Il medico ravvenate Mauro Passarini, ginecologo e medico di base, gi\u00e0 condannato per falso e peculato, \u00e8 stato coinvolto in altre accuse, ma la corruzione \u00e8 stata esclusa.<\/p>\n","protected":false},"excerpt":{"rendered":"<p>*** Condanne e Rinvii a Giudizio RAVENNA Il processo davanti al Gup Andrea Galanti nel Ravennate ha portato a condanne per 24 imputati, pene tra 8 e 12 mesi, e il rinvio a giudizio per 98 persone. Partito da una segnalazione dal Bellunese, l&#8217;indagine si \u00e8 concentrata su falsi vaccini utilizzati per ottenere green pass,&hellip;<\/p>\n","protected":false},"author":4,"featured_media":216348,"comment_status":"closed","ping_status":"closed","sticky":false,"template":"","format":"standard","meta":{"_monsterinsights_skip_tracking":false,"_monsterinsights_sitenote_active":false,"_monsterinsights_sitenote_note":"","_monsterinsights_sitenote_category":0,"footnotes":""},"categories":[51,49],"tags":[],"class_list":["post-388328","post","type-post","status-publish","format-standard","has-post-thumbnail","hentry","category-evidenza-top","category-news-18","category-51","category-49","description-off"],"img_url":"https:\/\/www.radiopiu.net\/wordpress\/wp-content\/uploads\/2021\/06\/COVID.jpg","_links":{"self":[{"href":"https:\/\/www.radiopiu.net\/wordpress\/wp-json\/wp\/v2\/posts\/388328","targetHints":{"allow":["GET"]}}],"collection":[{"href":"https:\/\/www.radiopiu.net\/wordpress\/wp-json\/wp\/v2\/posts"}],"about":[{"href":"https:\/\/www.radiopiu.net\/wordpress\/wp-json\/wp\/v2\/types\/post"}],"author":[{"embeddable":true,"href":"https:\/\/www.radiopiu.net\/wordpress\/wp-json\/wp\/v2\/users\/4"}],"replies":[{"embeddable":true,"href":"https:\/\/www.radiopiu.net\/wordpress\/wp-json\/wp\/v2\/comments?post=388328"}],"version-history":[{"count":0,"href":"https:\/\/www.radiopiu.net\/wordpress\/wp-json\/wp\/v2\/posts\/388328\/revisions"}],"wp:featuredmedia":[{"embeddable":true,"href":"https:\/\/www.radiopiu.net\/wordpress\/wp-json\/wp\/v2\/media\/216348"}],"wp:attachment":[{"href":"https:\/\/www.radiopiu.net\/wordpress\/wp-json\/wp\/v2\/media?parent=388328"}],"wp:term":[{"taxonomy":"category","embeddable":true,"href":"https:\/\/www.radiopiu.net\/wordpress\/wp-json\/wp\/v2\/categories?post=388328"},{"taxonomy":"post_tag","embeddable":true,"href":"https:\/\/www.radiopiu.net\/wordpress\/wp-json\/wp\/v2\/tags?post=388328"}],"curies":[{"name":"wp","href":"https:\/\/api.w.org\/{rel}","templated":true}]}}