{"id":388556,"date":"2024-05-05T16:41:46","date_gmt":"2024-05-05T14:41:46","guid":{"rendered":"https:\/\/www.radiopiu.net\/wordpress\/?p=388556"},"modified":"2024-05-05T16:41:46","modified_gmt":"2024-05-05T14:41:46","slug":"sopra-le-nuvole-cordellon-unoasi-di-rinascita-montana","status":"publish","type":"post","link":"https:\/\/www.radiopiu.net\/wordpress\/sopra-le-nuvole-cordellon-unoasi-di-rinascita-montana\/","title":{"rendered":"SOPRA LE NUVOLE: CORDELLON, UN&#8217;OASI DI RINASCITA MONTANA"},"content":{"rendered":"<p>******<\/p>\n<p>&nbsp;<\/p>\n<p><strong>DI MARINA DONA&#8217;<\/strong><\/p>\n<p><strong>BORGO VALBELLUNA\u00a0 <\/strong>Una piccola realt\u00e0 nel comune di borgo val belluna controcorrente allo spopolamento montano: Cordellon in poco meno di 30 anni da un abitante a 24. Cordellon \u00e8 una piccola frazione del comune di Borgo Val Belluna a 522 metri sul livello del mare, che dista circa 6 km dal primo centro che \u00e8 Villa di Villa. Una strada stretta e ripida in mezzo al bosco con 160 metri di altitudine tra la frazione e il centro suddetto. Lass\u00f9 un&#8217;attivit\u00e0 : un agriturismo &#8220;Ai gir&#8221; Claudio con la moglie Antonella Marco e tutto lo staff ci hanno raccontato un piccolo pezzo di storia del borgo. Nel 1997 era rimasto solo uno l&#8217;abitante di questa frazione ma nello stesso anno venne aperto l&#8217;agriturismo e da l\u00ec ad oggi gli abitanti sono cresciuti fino ad arrivare a 24. Una piccola testimonianza di ripopolamento di zone montane non proprio fornite di tutti i comfort. Claudio infatti ci racconta che i bambini vengono portati a scuola o in paese in macchina sia all&#8217;andata che al ritorno perch\u00e9 non c&#8217;\u00e8 un servizio dal comune con pulmino, ma che c&#8217;\u00e8 una convenzione, una sorta di rimborso da parte di quest&#8217;ultimo agli abitanti adulti che portano i loro figli o i loro vicini di casa in paese. Sempre Claudio racconta che compaesani si vengono anche incontro per fare un po&#8217; a turni con la macchina. Chiediamo ad Antonella la moglie di Claudio se ogni tanto le pesa abitare in un luogo un po&#8217; &#8220;scomodo&#8221;, ma lei con fermezza afferma che non ha mai desiderato di abitare da un&#8217;altra parte perch\u00e9 in cambio alle comodit\u00e0 c&#8217;\u00e8 tanta pace, serenit\u00e0, convivialit\u00e0 e valori umani che per lei sono insostituibili. Aggiunge che la natura aiuta a rimanere in armonia con l&#8217;essere e l&#8217;essenziale per l&#8217;umano.<\/p>\n\n\t\t\t<style type='text\/css'>\n\t\t\t\t#gallery-1 {\n\t\t\t\t\tmargin: auto;\n\t\t\t\t}\n\t\t\t\t#gallery-1 .gallery-item {\n\t\t\t\t\tfloat: left;\n\t\t\t\t\tmargin-top: 10px;\n\t\t\t\t\ttext-align: center;\n\t\t\t\t\twidth: 50%;\n\t\t\t\t}\n\t\t\t\t#gallery-1 img {\n\t\t\t\t\tborder: 2px solid #cfcfcf;\n\t\t\t\t}\n\t\t\t\t#gallery-1 .gallery-caption {\n\t\t\t\t\tmargin-left: 0;\n\t\t\t\t}\n\t\t\t\t\/* see gallery_shortcode() in wp-includes\/media.php *\/\n\t\t\t<\/style>\n\t\t<div id='gallery-1' class='dt-gallery-container gallery galleryid-388556 gallery-columns-2 gallery-size-medium'><dl class='gallery-item'>\n\t\t\t\t<dt class='gallery-icon landscape'>\n\t\t\t\t\t<a class=\"rollover rollover-zoom dt-pswp-item\" title=\"2ba710a7-be04-4cff-89c3-7aa89aec8946\" data-dt-img-description=\"\" data-large_image_width=\"2048\" data-large_image_height=\"1640\"href='https:\/\/www.radiopiu.net\/wordpress\/wp-content\/uploads\/2024\/05\/2ba710a7-be04-4cff-89c3-7aa89aec8946.jpg'><img loading=\"lazy\" decoding=\"async\" width=\"300\" height=\"240\" src=\"https:\/\/www.radiopiu.net\/wordpress\/wp-content\/uploads\/2024\/05\/2ba710a7-be04-4cff-89c3-7aa89aec8946-300x240.jpg\" class=\"attachment-medium size-medium\" alt=\"\" srcset=\"https:\/\/www.radiopiu.net\/wordpress\/wp-content\/uploads\/2024\/05\/2ba710a7-be04-4cff-89c3-7aa89aec8946-300x240.jpg 300w, https:\/\/www.radiopiu.net\/wordpress\/wp-content\/uploads\/2024\/05\/2ba710a7-be04-4cff-89c3-7aa89aec8946-1024x820.jpg 1024w, https:\/\/www.radiopiu.net\/wordpress\/wp-content\/uploads\/2024\/05\/2ba710a7-be04-4cff-89c3-7aa89aec8946-768x615.jpg 768w, https:\/\/www.radiopiu.net\/wordpress\/wp-content\/uploads\/2024\/05\/2ba710a7-be04-4cff-89c3-7aa89aec8946-1536x1230.jpg 1536w, https:\/\/www.radiopiu.net\/wordpress\/wp-content\/uploads\/2024\/05\/2ba710a7-be04-4cff-89c3-7aa89aec8946.jpg 2048w\" sizes=\"auto, (max-width: 300px) 100vw, 300px\" \/><\/a>\n\t\t\t\t<\/dt><\/dl><dl class='gallery-item'>\n\t\t\t\t<dt class='gallery-icon landscape'>\n\t\t\t\t\t<a class=\"rollover rollover-zoom dt-pswp-item\" title=\"7a06011d-00f4-4a2a-b3dc-661eeae4d34c\" data-dt-img-description=\"\" data-large_image_width=\"2000\" data-large_image_height=\"1500\"href='https:\/\/www.radiopiu.net\/wordpress\/wp-content\/uploads\/2024\/05\/7a06011d-00f4-4a2a-b3dc-661eeae4d34c.jpg'><img loading=\"lazy\" decoding=\"async\" width=\"300\" height=\"225\" src=\"https:\/\/www.radiopiu.net\/wordpress\/wp-content\/uploads\/2024\/05\/7a06011d-00f4-4a2a-b3dc-661eeae4d34c-300x225.jpg\" class=\"attachment-medium size-medium\" alt=\"\" srcset=\"https:\/\/www.radiopiu.net\/wordpress\/wp-content\/uploads\/2024\/05\/7a06011d-00f4-4a2a-b3dc-661eeae4d34c-300x225.jpg 300w, https:\/\/www.radiopiu.net\/wordpress\/wp-content\/uploads\/2024\/05\/7a06011d-00f4-4a2a-b3dc-661eeae4d34c-1024x768.jpg 1024w, https:\/\/www.radiopiu.net\/wordpress\/wp-content\/uploads\/2024\/05\/7a06011d-00f4-4a2a-b3dc-661eeae4d34c-768x576.jpg 768w, https:\/\/www.radiopiu.net\/wordpress\/wp-content\/uploads\/2024\/05\/7a06011d-00f4-4a2a-b3dc-661eeae4d34c-1536x1152.jpg 1536w, https:\/\/www.radiopiu.net\/wordpress\/wp-content\/uploads\/2024\/05\/7a06011d-00f4-4a2a-b3dc-661eeae4d34c.jpg 2000w\" sizes=\"auto, (max-width: 300px) 100vw, 300px\" \/><\/a>\n\t\t\t\t<\/dt><\/dl><br style=\"clear: both\" \/>\n\t\t\t<\/div>\n\n<p>&nbsp;<\/p>\n<p>&nbsp;<\/p>\n<p>*******<\/p>\n","protected":false},"excerpt":{"rendered":"<p>****** &nbsp; DI MARINA DONA&#8217; BORGO VALBELLUNA\u00a0 Una piccola realt\u00e0 nel comune di borgo val belluna controcorrente allo spopolamento montano: Cordellon in poco meno di 30 anni da un abitante a 24. Cordellon \u00e8 una piccola frazione del comune di Borgo Val Belluna a 522 metri sul livello del mare, che dista circa 6 km&hellip;<\/p>\n","protected":false},"author":4,"featured_media":388557,"comment_status":"closed","ping_status":"closed","sticky":false,"template":"","format":"standard","meta":{"_monsterinsights_skip_tracking":false,"_monsterinsights_sitenote_active":false,"_monsterinsights_sitenote_note":"","_monsterinsights_sitenote_category":0,"footnotes":""},"categories":[49],"tags":[],"class_list":["post-388556","post","type-post","status-publish","format-standard","has-post-thumbnail","hentry","category-news-18","category-49","description-off"],"img_url":"https:\/\/www.radiopiu.net\/wordpress\/wp-content\/uploads\/2024\/05\/2ba710a7-be04-4cff-89c3-7aa89aec8946.jpg","_links":{"self":[{"href":"https:\/\/www.radiopiu.net\/wordpress\/wp-json\/wp\/v2\/posts\/388556","targetHints":{"allow":["GET"]}}],"collection":[{"href":"https:\/\/www.radiopiu.net\/wordpress\/wp-json\/wp\/v2\/posts"}],"about":[{"href":"https:\/\/www.radiopiu.net\/wordpress\/wp-json\/wp\/v2\/types\/post"}],"author":[{"embeddable":true,"href":"https:\/\/www.radiopiu.net\/wordpress\/wp-json\/wp\/v2\/users\/4"}],"replies":[{"embeddable":true,"href":"https:\/\/www.radiopiu.net\/wordpress\/wp-json\/wp\/v2\/comments?post=388556"}],"version-history":[{"count":0,"href":"https:\/\/www.radiopiu.net\/wordpress\/wp-json\/wp\/v2\/posts\/388556\/revisions"}],"wp:featuredmedia":[{"embeddable":true,"href":"https:\/\/www.radiopiu.net\/wordpress\/wp-json\/wp\/v2\/media\/388557"}],"wp:attachment":[{"href":"https:\/\/www.radiopiu.net\/wordpress\/wp-json\/wp\/v2\/media?parent=388556"}],"wp:term":[{"taxonomy":"category","embeddable":true,"href":"https:\/\/www.radiopiu.net\/wordpress\/wp-json\/wp\/v2\/categories?post=388556"},{"taxonomy":"post_tag","embeddable":true,"href":"https:\/\/www.radiopiu.net\/wordpress\/wp-json\/wp\/v2\/tags?post=388556"}],"curies":[{"name":"wp","href":"https:\/\/api.w.org\/{rel}","templated":true}]}}