{"id":388604,"date":"2024-05-06T05:15:06","date_gmt":"2024-05-06T03:15:06","guid":{"rendered":"https:\/\/www.radiopiu.net\/wordpress\/?p=388604"},"modified":"2024-05-06T05:20:33","modified_gmt":"2024-05-06T03:20:33","slug":"una-giornata-impegnativa-per-il-suem-tra-incidenti-stradali-e-interventi-medici","status":"publish","type":"post","link":"https:\/\/www.radiopiu.net\/wordpress\/una-giornata-impegnativa-per-il-suem-tra-incidenti-stradali-e-interventi-medici\/","title":{"rendered":"UNA GIORNATA IMPEGNATIVA PER IL SUEM TRA INCIDENTI STRADALI E INTERVENTI MEDICI"},"content":{"rendered":"<p>*****<\/p>\n<p>&nbsp;<\/p>\n<p><strong><a class=\"dt-pswp-item\" href=\"https:\/\/www.radiopiu.net\/wordpress\/wp-content\/uploads\/2023\/08\/ambulanza-ulss-1.jpg\" data-dt-img-description=\"\" data-large_image_width=\"1591\" data-large_image_height=\"1029\"><img loading=\"lazy\" decoding=\"async\" class=\" wp-image-348787 alignleft\" src=\"https:\/\/www.radiopiu.net\/wordpress\/wp-content\/uploads\/2023\/08\/ambulanza-ulss-1-300x194.jpg\" alt=\"\" width=\"190\" height=\"123\" srcset=\"https:\/\/www.radiopiu.net\/wordpress\/wp-content\/uploads\/2023\/08\/ambulanza-ulss-1-300x194.jpg 300w, https:\/\/www.radiopiu.net\/wordpress\/wp-content\/uploads\/2023\/08\/ambulanza-ulss-1-1024x662.jpg 1024w, https:\/\/www.radiopiu.net\/wordpress\/wp-content\/uploads\/2023\/08\/ambulanza-ulss-1-768x497.jpg 768w, https:\/\/www.radiopiu.net\/wordpress\/wp-content\/uploads\/2023\/08\/ambulanza-ulss-1-1536x993.jpg 1536w, https:\/\/www.radiopiu.net\/wordpress\/wp-content\/uploads\/2023\/08\/ambulanza-ulss-1.jpg 1591w\" sizes=\"auto, (max-width: 190px) 100vw, 190px\" \/><\/a>BELLUNO<\/strong> La si pu\u00f2 definire una giornata molto impegnativa quella appena trascorsa per il SUEM 118 che dal mattino \u00e8 stato impegnato in ben sette interventi in diverse zone della provincia. Poco prima delle 9 Falco \u00e8 volato in Comelico Superiore per un uomo di 77 anni che non stava bene. Negli stessi minuti l&#8217;Ambulanza di Colle \u00e8 stata chiamata sul Passo Giau dove uno straniero era rimasto leggermente ferito in seguito ad un incidente stradale. Un altro incidente poco prima delle 11:30 ha impegnato l&#8217;ambulanza di belluno a Ponte nelle Alpi dove un 31enne era rimasto ferito. Doppio incidente in bicicletta alle 12:30 a Pedavena dove sono rimasti coinvolti un minore e un uomo di 34 anni. Alle 13:15 l&#8217;elicottero Falco \u00e8 volato a Chies D&#8217;Alpago per soccorrere un uomo di 79 anni che non stava bene. Poco dopo un ciclista \u00e8 stato soccorso a Sospirolo e portato in ospedale con ferite di media gravit\u00e0. Ultimo intervento alle 17:15 quando l&#8217;ambulanza di Feltre ha soccorso due donne, tra cui una minorenne, coinvolte in un incidente stradale.<\/p>\n<p>&nbsp;<\/p>\n<p>&nbsp;<\/p>\n<p>*******<\/p>\n","protected":false},"excerpt":{"rendered":"<p>***** &nbsp; BELLUNO La si pu\u00f2 definire una giornata molto impegnativa quella appena trascorsa per il SUEM 118 che dal mattino \u00e8 stato impegnato in ben sette interventi in diverse zone della provincia. Poco prima delle 9 Falco \u00e8 volato in Comelico Superiore per un uomo di 77 anni che non stava bene. Negli stessi&hellip;<\/p>\n","protected":false},"author":4,"featured_media":348787,"comment_status":"closed","ping_status":"closed","sticky":false,"template":"","format":"standard","meta":{"_monsterinsights_skip_tracking":false,"_monsterinsights_sitenote_active":false,"_monsterinsights_sitenote_note":"","_monsterinsights_sitenote_category":0,"footnotes":""},"categories":[51,49],"tags":[],"class_list":["post-388604","post","type-post","status-publish","format-standard","has-post-thumbnail","hentry","category-evidenza-top","category-news-18","category-51","category-49","description-off"],"img_url":"https:\/\/www.radiopiu.net\/wordpress\/wp-content\/uploads\/2023\/08\/ambulanza-ulss-1.jpg","_links":{"self":[{"href":"https:\/\/www.radiopiu.net\/wordpress\/wp-json\/wp\/v2\/posts\/388604","targetHints":{"allow":["GET"]}}],"collection":[{"href":"https:\/\/www.radiopiu.net\/wordpress\/wp-json\/wp\/v2\/posts"}],"about":[{"href":"https:\/\/www.radiopiu.net\/wordpress\/wp-json\/wp\/v2\/types\/post"}],"author":[{"embeddable":true,"href":"https:\/\/www.radiopiu.net\/wordpress\/wp-json\/wp\/v2\/users\/4"}],"replies":[{"embeddable":true,"href":"https:\/\/www.radiopiu.net\/wordpress\/wp-json\/wp\/v2\/comments?post=388604"}],"version-history":[{"count":0,"href":"https:\/\/www.radiopiu.net\/wordpress\/wp-json\/wp\/v2\/posts\/388604\/revisions"}],"wp:featuredmedia":[{"embeddable":true,"href":"https:\/\/www.radiopiu.net\/wordpress\/wp-json\/wp\/v2\/media\/348787"}],"wp:attachment":[{"href":"https:\/\/www.radiopiu.net\/wordpress\/wp-json\/wp\/v2\/media?parent=388604"}],"wp:term":[{"taxonomy":"category","embeddable":true,"href":"https:\/\/www.radiopiu.net\/wordpress\/wp-json\/wp\/v2\/categories?post=388604"},{"taxonomy":"post_tag","embeddable":true,"href":"https:\/\/www.radiopiu.net\/wordpress\/wp-json\/wp\/v2\/tags?post=388604"}],"curies":[{"name":"wp","href":"https:\/\/api.w.org\/{rel}","templated":true}]}}