{"id":388613,"date":"2024-05-07T05:39:06","date_gmt":"2024-05-07T03:39:06","guid":{"rendered":"https:\/\/www.radiopiu.net\/wordpress\/?p=388613"},"modified":"2024-05-07T08:01:58","modified_gmt":"2024-05-07T06:01:58","slug":"giornale-radiopiu-07-maggio-2024-direttore-mirko-mezzacasada-40-anni-25-giugno-1983-25-giugno-2023","status":"publish","type":"post","link":"https:\/\/www.radiopiu.net\/wordpress\/giornale-radiopiu-07-maggio-2024-direttore-mirko-mezzacasada-40-anni-25-giugno-1983-25-giugno-2023\/","title":{"rendered":"GIORNALE RADIOPIU 07 MAGGIO 2024 DIRETTORE MIRKO MEZZACASA\u2026DA 40 ANNI 25 GIUGNO 1983-25 GIUGNO 2023"},"content":{"rendered":"<blockquote><p><em>******\u00a0<\/em><\/p>\n<p>&nbsp;<\/p>\n<p><strong><em>UN&#8217;ALTRA STRAGE SUI LUOGHI DI LAVORO&#8230;INACETTABILE\u00a0<\/em><\/strong><\/p>\n<p><em>drammatico bilancio dell&#8217;ennesimo incidente sul lavoro, avvenuto ad appena cinque giorni dal primo maggio e dal discorso del presidente della Repubblica Sergio Mattarella. E&#8217; proprio il Capo dello Stato, da New York, auspica &#8220;che sia fatta piena luce sulle dinamiche dell&#8217;incidente&#8221;.\u00a0<\/em><\/p><\/blockquote>\n<p><img decoding=\"async\" src=\"https:\/\/www.radiopiu.net\/wordpress\/wp-content\/uploads\/2024\/05\/strage-lavoro-Palermo-1.jpg\" \/><\/p>\n<p>&nbsp;<\/p>\n<hr \/>\n<p>&nbsp;<\/p>\n<p>&nbsp;<\/p>\n<h3><a href=\"https:\/\/www.radiopiu.net\/wordpress\/giornale-radiopiu-24-gennaio-2021-direttore-mirko-mezzacasa\/141433770_171616291414874_2957460898102012198_n\/\" rel=\"attachment wp-att-186566\"><img loading=\"lazy\" decoding=\"async\" class=\"wp-image-186566 alignleft\" src=\"https:\/\/www.radiopiu.net\/wordpress\/wp-content\/uploads\/2021\/01\/141433770_171616291414874_2957460898102012198_n-300x300.jpg\" alt=\"\" width=\"144\" height=\"144\" srcset=\"https:\/\/www.radiopiu.net\/wordpress\/wp-content\/uploads\/2021\/01\/141433770_171616291414874_2957460898102012198_n-300x300.jpg 300w, https:\/\/www.radiopiu.net\/wordpress\/wp-content\/uploads\/2021\/01\/141433770_171616291414874_2957460898102012198_n-150x150.jpg 150w, https:\/\/www.radiopiu.net\/wordpress\/wp-content\/uploads\/2021\/01\/141433770_171616291414874_2957460898102012198_n-768x768.jpg 768w, https:\/\/www.radiopiu.net\/wordpress\/wp-content\/uploads\/2021\/01\/141433770_171616291414874_2957460898102012198_n.jpg 800w\" sizes=\"auto, (max-width: 144px) 100vw, 144px\" \/><\/a>PER<strong> RICEVERE QUESTO NOTIZIARIO DIRETTAMENTE SUL TUO CELLULARE ISCRIVITI AL CANALE TELEGRAM <\/strong><strong>\u201cRADIO PIU\u00a0 INFORMAZIONE&#8221;\u00a0<\/strong><\/h3>\n<h3>\u00a0il CANALE TELEGRAM&#8230; UNISCITI A: RADIO PIU INFORMAZIONE<\/h3>\n<p>&nbsp;<\/p>\n<p><em><a href=\"https:\/\/www.radiopiu.net\/wordpress\/giornale-radiopiu-24-gennaio-2021-direttore-mirko-mezzacasa\/79216601_126817312416448_708980208774483089_n\/\" rel=\"attachment wp-att-186567\"><img loading=\"lazy\" decoding=\"async\" class=\"size-medium wp-image-186567 alignright\" src=\"https:\/\/www.radiopiu.net\/wordpress\/wp-content\/uploads\/2021\/01\/79216601_126817312416448_708980208774483089_n-300x114.jpg\" alt=\"\" width=\"300\" height=\"114\" srcset=\"https:\/\/www.radiopiu.net\/wordpress\/wp-content\/uploads\/2021\/01\/79216601_126817312416448_708980208774483089_n-300x114.jpg 300w, https:\/\/www.radiopiu.net\/wordpress\/wp-content\/uploads\/2021\/01\/79216601_126817312416448_708980208774483089_n-768x292.jpg 768w, https:\/\/www.radiopiu.net\/wordpress\/wp-content\/uploads\/2021\/01\/79216601_126817312416448_708980208774483089_n.jpg 820w\" sizes=\"auto, (max-width: 300px) 100vw, 300px\" \/><\/a><span style=\"color: #ff0000;\">ATTENZIONE: LA NUOVA APP PER IOS-IPHONE di Nicola Vettorello <\/span><\/em><a href=\"https:\/\/apps.apple.com\/it\/app\/radio-pi%C3%B9-emittente-agordina\/id1515939845\">https:\/\/apps.apple.com\/it\/app\/radio-pi%C3%B9-emittente-agordina\/id1515939845<\/a><\/p>\n<p><em style=\"color: #ff0000;\">ATTENZIONE: LA NUOVA APP RADIO\u00a0 PER ANDROID di Nicola Vettorello<\/em><\/p>\n<p><a href=\"https:\/\/play.google.com\/store\/apps\/details?id=net.radiopiu.iniko\" target=\"_blank\" rel=\"noopener noreferrer\">https:\/\/play.google.com\/store\/apps\/details?id=net.radiopiu.iniko\u00a0\u00a0<\/a><\/p>\n<h3 class=\"kvgmc6g5 cxmmr5t8 oygrvhab hcukyx3x c1et5uql\"><\/h3>\n<p>&nbsp;<\/p>\n<div data-block=\"true\" data-editor=\"avj4u\" data-offset-key=\"d3i0j-0-0\">\n<p>&nbsp;<\/p>\n<hr \/>\n<p>&nbsp;<\/p>\n<\/div>\n<p><span style=\"color: #ff0000;\"><strong>OGGI ALLA RADIO<\/strong><\/span>: <strong>ALLE 7.20<\/strong> EL BAL DEL FIOR, DETTI E TRADIZIONI DI GIULIANA DA RONCH; <strong>ALLE 8.20 <\/strong>PIU&#8217; SIAMO, IL PROGRAMMA DI MARINA<strong> 9.00\u00a0<\/strong> IL CONTRY CON ALEX NASCIMBDN \u00a0<strong>10.10 <\/strong>MUSLA, LE NOVE IN LADIN <strong>10.30<\/strong>\u00a0 EPCENTER TECNOLOGIA ALLA RADIO CON FRANCESCO ZILLIO, PRIMA PUNTATA\u00a0 <strong>11.00<\/strong>\u00a0MEGLIO RADIO CHE MAI CON DANIELA RINALDI<strong> 12.00 <\/strong>IL LISCIO CON MIRCO BENCIVENNI <strong>12.30 <\/strong>GIORNALE RADIO PRINCIPALE<strong> 12 50 <\/strong>PIROLE DE LENGA, MUSLA<strong> 13.10<\/strong>\u00a0 LA FALEGNAMERIA HERMANN UNA STORIA DA RACCONTARE CON HERMANN E VANIA <strong>13.20<\/strong> LA PRIMAVERA HIT DI MARINA <strong>14.00<\/strong> COLLAGE OPERAZIONE NOSTALGIA.. LORIS SCUSSEL\u00a0 DONA&#8217;<strong>\u00a015.00 <\/strong>SPECIALE DI LUISA ALCHINI, EL DARLIN.. RIASCOLTIAMOLI\u00a0 <strong>16.00<\/strong> IL ROCK DI MARCO COSTANTINI <strong>16 45 <\/strong>LE HIT DI MIRCO BENCIVENNI<br \/>\ngiornale radio nazionale: ogni ora dalle 5 del mattino, alle 20 della sera. <strong>19<\/strong> le anticipazioni dal Tg di Antenna 3 di Tiziana Bolognani.<\/p>\n<blockquote><p><strong>rassegna stampa nazionale, ogni giorno alle 5 e alle 6 del mattino<\/strong><br \/>\n<em>giornali locali 7 rassegna stampa flash, 8 rassegna stampa, gr flash alle 10 e alle 11, principale 12.30. Informazione pomeriggio alle 15 (speciale) 16, 17, 18<\/em><\/p><\/blockquote>\n<div class=\"x11i5rnm xat24cr x1mh8g0r x1vvkbs xtlvy1s x126k92a\">\n<div dir=\"auto\">\n<p>&nbsp;<\/p>\n<p>&nbsp;<\/p>\n<hr \/>\n<p>&nbsp;<\/p>\n<p>&nbsp;<\/p>\n<div class=\"x11i5rnm xat24cr x1mh8g0r x1vvkbs xtlvy1s x126k92a\">\n<div dir=\"auto\">\n<p><strong><a class=\"dt-pswp-item\" href=\"https:\/\/www.radiopiu.net\/wordpress\/wp-content\/uploads\/2024\/02\/2d44e751-d8a8-461b-8e22-d8e4e853b032.jpg\" data-dt-img-description=\"\" data-large_image_width=\"1600\" data-large_image_height=\"1200\"><img loading=\"lazy\" decoding=\"async\" class=\"wp-image-373307 alignleft\" src=\"https:\/\/www.radiopiu.net\/wordpress\/wp-content\/uploads\/2024\/02\/2d44e751-d8a8-461b-8e22-d8e4e853b032-300x225.jpg\" alt=\"\" width=\"105\" height=\"79\" srcset=\"https:\/\/www.radiopiu.net\/wordpress\/wp-content\/uploads\/2024\/02\/2d44e751-d8a8-461b-8e22-d8e4e853b032-300x225.jpg 300w, https:\/\/www.radiopiu.net\/wordpress\/wp-content\/uploads\/2024\/02\/2d44e751-d8a8-461b-8e22-d8e4e853b032-1024x768.jpg 1024w, https:\/\/www.radiopiu.net\/wordpress\/wp-content\/uploads\/2024\/02\/2d44e751-d8a8-461b-8e22-d8e4e853b032-768x576.jpg 768w, https:\/\/www.radiopiu.net\/wordpress\/wp-content\/uploads\/2024\/02\/2d44e751-d8a8-461b-8e22-d8e4e853b032-1536x1152.jpg 1536w, https:\/\/www.radiopiu.net\/wordpress\/wp-content\/uploads\/2024\/02\/2d44e751-d8a8-461b-8e22-d8e4e853b032.jpg 1600w\" sizes=\"auto, (max-width: 105px) 100vw, 105px\" \/><\/a>EL BAL DEL FIOR, DI GIULIANA DA RONCH, 07 MAGGIO 2024<\/strong><\/p>\n<\/div>\n<\/div>\n<\/div>\n<div dir=\"auto\">\n<audio class=\"wp-audio-shortcode\" id=\"audio-388613-1\" preload=\"none\" style=\"width: 100%;\" controls=\"controls\"><source type=\"audio\/mpeg\" src=\"https:\/\/www.radiopiu.net\/wordpress\/wp-content\/uploads\/2024\/04\/GMA-4.m4a?_=1\" \/><a href=\"https:\/\/www.radiopiu.net\/wordpress\/wp-content\/uploads\/2024\/04\/GMA-4.m4a\">https:\/\/www.radiopiu.net\/wordpress\/wp-content\/uploads\/2024\/04\/GMA-4.m4a<\/a><\/audio>\n<p>&nbsp;<\/p>\n<hr \/>\n<\/div>\n<\/div>\n<blockquote>\n<blockquote>\n<h1><span style=\"color: #ff0000;\">\u00a0<\/span><\/h1>\n<h1><span style=\"color: #ff0000;\">I podcast informativi del mattino &#8211; audio &#8211;\u00a0\u00a0<\/span><\/h1>\n<\/blockquote>\n<p><strong><a class=\"dt-pswp-item\" href=\"https:\/\/www.radiopiu.net\/wordpress\/wp-content\/uploads\/2023\/11\/th-10.jpg\" data-dt-img-description=\"\" data-large_image_width=\"320\" data-large_image_height=\"180\"><img loading=\"lazy\" decoding=\"async\" class=\"wp-image-362866 alignleft\" src=\"https:\/\/www.radiopiu.net\/wordpress\/wp-content\/uploads\/2023\/11\/th-10-300x169.jpg\" alt=\"\" width=\"185\" height=\"104\" srcset=\"https:\/\/www.radiopiu.net\/wordpress\/wp-content\/uploads\/2023\/11\/th-10-300x169.jpg 300w, https:\/\/www.radiopiu.net\/wordpress\/wp-content\/uploads\/2023\/11\/th-10.jpg 320w\" sizes=\"auto, (max-width: 185px) 100vw, 185px\" \/><\/a>LA RASSEGNA STAMPA NAZIONALE ALLA RADIO, OGNI GIORNO ALLE 5 E ALLE 6 DEL MATTINO <span style=\"color: #0000ff;\">viene pubblicata alle 6.00 <span style=\"color: #ff0000;\">DIRETTA RADIO\u00a0 \u00a0<\/span><\/span><\/strong><\/p>\n<p>&nbsp;<\/p>\n<p><strong><span style=\"color: #0000ff;\"><span style=\"color: #ff0000;\"><br \/>\n<span style=\"color: #000000;\">Hamas <\/span><\/span><\/span><\/strong><span style=\"color: #0000ff;\"><span style=\"color: #ff0000;\"><span style=\"color: #000000;\">sospende i colloqui di pace<\/span><\/span><\/span><strong><span style=\"color: #0000ff;\"><span style=\"color: #ff0000;\"><span style=\"color: #000000;\">. Consiglio dei Ministri,<\/span><\/span><\/span><\/strong><span style=\"color: #0000ff;\"><span style=\"color: #ff0000;\"><span style=\"color: #000000;\"> approvato il decreto sull&#8217;agricoltura, stato di emergenza siccit\u00e0 in Sicilia.<\/span><\/span><\/span><strong><span style=\"color: #0000ff;\"><span style=\"color: #ff0000;\"><span style=\"color: #000000;\"> Sciopero <\/span><\/span><\/span><\/strong><span style=\"color: #0000ff;\"><span style=\"color: #ff0000;\"><span style=\"color: #000000;\">dei giornalisti Rai, Tg in formato ridotto. <strong>Casteldaccia<\/strong> 5 operai morti sul lavoro. <\/span><\/span><\/span><strong><span style=\"color: #0000ff;\"><span style=\"color: #ff0000;\"><span style=\"color: #000000;\">Milano r<\/span><\/span><\/span><\/strong><span style=\"color: #0000ff;\"><span style=\"color: #ff0000;\"><span style=\"color: #000000;\">ivolta nel carcere minorile.<\/span><\/span><\/span><strong><span style=\"color: #0000ff;\"><span style=\"color: #ff0000;\"><span style=\"color: #000000;\"> Sub dispersi,<\/span><\/span><\/span><\/strong><span style=\"color: #0000ff;\"><span style=\"color: #ff0000;\"><span style=\"color: #000000;\"> riprendono le ricerche<\/span><\/span><\/span><strong><span style=\"color: #0000ff;\"><span style=\"color: #ff0000;\"><span style=\"color: #000000;\">, Conversano <\/span><\/span><\/span><\/strong><span style=\"color: #0000ff;\"><span style=\"color: #ff0000;\"><span style=\"color: #000000;\">u<\/span><\/span><\/span><span style=\"color: #0000ff;\"><span style=\"color: #ff0000;\"><span style=\"color: #000000;\">omo investito da un&#8217;auto pirata <strong>Pavia<\/strong><\/span><\/span><\/span><span style=\"color: #0000ff;\"><span style=\"color: #ff0000;\"><span style=\"color: #000000;\"> pensionato interrogato per la morte di una dominicana<\/span><\/span><\/span><\/p><\/blockquote>\n<h2>AUDIO dalle 6 del mattino<\/h2>\n<audio class=\"wp-audio-shortcode\" id=\"audio-388613-2\" preload=\"none\" style=\"width: 100%;\" controls=\"controls\"><source type=\"audio\/mpeg\" src=\"https:\/\/www.radiopiu.net\/wordpress\/wp-content\/uploads\/2024\/05\/GIORNALEDELLESEI-4.mp3?_=2\" \/><a href=\"https:\/\/www.radiopiu.net\/wordpress\/wp-content\/uploads\/2024\/05\/GIORNALEDELLESEI-4.mp3\">https:\/\/www.radiopiu.net\/wordpress\/wp-content\/uploads\/2024\/05\/GIORNALEDELLESEI-4.mp3<\/a><\/audio>\n<p>&nbsp;<\/p>\n<p>&nbsp;<\/p>\n<hr \/>\n<p>&nbsp;<\/p>\n<h1 style=\"text-align: center;\"><span style=\"color: #ff0000;\">I podcast informativi del mattino &#8211; audio &#8211;\u00a0<\/span><\/h1>\n<p><strong><a class=\"dt-pswp-item\" href=\"https:\/\/www.radiopiu.net\/wordpress\/wp-content\/uploads\/2023\/12\/images.png\" data-dt-img-description=\"\" data-large_image_width=\"316\" data-large_image_height=\"160\"><img loading=\"lazy\" decoding=\"async\" class=\"wp-image-367008 alignleft\" src=\"https:\/\/www.radiopiu.net\/wordpress\/wp-content\/uploads\/2023\/12\/images-300x152.png\" alt=\"\" width=\"235\" height=\"119\" srcset=\"https:\/\/www.radiopiu.net\/wordpress\/wp-content\/uploads\/2023\/12\/images-300x152.png 300w, https:\/\/www.radiopiu.net\/wordpress\/wp-content\/uploads\/2023\/12\/images.png 316w\" sizes=\"auto, (max-width: 235px) 100vw, 235px\" \/><\/a>OGNI GIORNO ALLE SETTE DEL MATTINO, LA RASSEGNA STAMPA LOCALE FLASH&#8230; PER CHI VA IN FRETTA. I TITOLI DAI GIORNALI E DAL SITO WWW.RADIOPIU.NET <span style=\"color: #0000ff;\">viene pubblicato alle 7.00<\/span> <span style=\"color: #ff0000;\">DIRETTA RADIO\u00a0<\/span><\/strong><\/p>\n<p><em><span style=\"color: #ff0000;\">per chi va in fretta&#8230; tante notizie in pochi minuti. L&#8217;informazione locale alla radio, ogni ora dalle 7 del mattino alle 19 della sera.\u00a0 \u00a0 \u00a0\u00a0<\/span><\/em><\/p>\n<p><em>Oggi dalle 8:00 alle 12:00, l&#8217;erogazione dell&#8217;acqua ad Agordo sar\u00e0 sospesa per lavori alla rete idrica. Nel frattempo, in zona Valcozzena, il caos del traffico ha portato a numerose segnalazioni, aggravato dallo sciopero dei trasporti. A Gosaldo, l&#8217;assegnazione del controllo del territorio ai Carabinieri di Agordo ha sollevato preoccupazioni per la sicurezza. Nel campo giudiziario, un individuo \u00e8 stato condannato a sei mesi di reclusione e una multa per spaccio di eroina. La giornata mondiale della biodiversit\u00e0 sar\u00e0 celebrata con una raccolta dei rifiuti abbandonati il 18 maggio. A Belluno aggiudicati i cantieri per lavori al Polisportivo e alle scuole di Cavarzano. Nuovi mezzi saranno assegnati alle associazioni di volontariato dell&#8217;Agordino.\u00a0 Si discute di sicurezza con la CISL a Belluno. Si investe nella riqualificazione del Teatro Buzzati.\u00a0 Davide Praloran \u00e8 riconfermato Presidente UNPLI. In ambito culturale, studenti della Wertheim School of Music terranno una masterclass. SPORT Filippo Fant fa il suo debutto nei motori. Successi anche per gli atleti di Attivamente Agordino nel nuoto e grande partecipazione alla corsa campestre Criterium Cadorino a San Vito di Cadore.\u00a0<\/em><\/p>\n<h2>AUDIO dalle 7 del mattino<\/h2>\n<audio class=\"wp-audio-shortcode\" id=\"audio-388613-3\" preload=\"none\" style=\"width: 100%;\" controls=\"controls\"><source type=\"audio\/mpeg\" src=\"https:\/\/www.radiopiu.net\/wordpress\/wp-content\/uploads\/2024\/05\/GF07-4.mp3?_=3\" \/><a href=\"https:\/\/www.radiopiu.net\/wordpress\/wp-content\/uploads\/2024\/05\/GF07-4.mp3\">https:\/\/www.radiopiu.net\/wordpress\/wp-content\/uploads\/2024\/05\/GF07-4.mp3<\/a><\/audio>\n<p>&nbsp;<\/p>\n<hr \/>\n<p>&nbsp;<\/p>\n<h1><\/h1>\n<h1 style=\"text-align: center;\"><span style=\"color: #ff0000;\"><a class=\"dt-pswp-item\" href=\"https:\/\/www.radiopiu.net\/wordpress\/wp-content\/uploads\/2022\/01\/026c3f9d-dae9-4040-a3c1-a6530231bcc3.jpg\" data-dt-img-description=\"\" data-large_image_width=\"1152\" data-large_image_height=\"2048\"><img loading=\"lazy\" decoding=\"async\" class=\"wp-image-251839 alignleft\" src=\"https:\/\/www.radiopiu.net\/wordpress\/wp-content\/uploads\/2022\/01\/026c3f9d-dae9-4040-a3c1-a6530231bcc3-169x300.jpg\" alt=\"\" width=\"100\" height=\"177\" srcset=\"https:\/\/www.radiopiu.net\/wordpress\/wp-content\/uploads\/2022\/01\/026c3f9d-dae9-4040-a3c1-a6530231bcc3-169x300.jpg 169w, https:\/\/www.radiopiu.net\/wordpress\/wp-content\/uploads\/2022\/01\/026c3f9d-dae9-4040-a3c1-a6530231bcc3-576x1024.jpg 576w, https:\/\/www.radiopiu.net\/wordpress\/wp-content\/uploads\/2022\/01\/026c3f9d-dae9-4040-a3c1-a6530231bcc3-768x1365.jpg 768w, https:\/\/www.radiopiu.net\/wordpress\/wp-content\/uploads\/2022\/01\/026c3f9d-dae9-4040-a3c1-a6530231bcc3-864x1536.jpg 864w, https:\/\/www.radiopiu.net\/wordpress\/wp-content\/uploads\/2022\/01\/026c3f9d-dae9-4040-a3c1-a6530231bcc3.jpg 1152w\" sizes=\"auto, (max-width: 100px) 100vw, 100px\" \/><\/a>I podcast informativi del mattino &#8211; audio &#8211;\u00a0<\/span><\/h1>\n<blockquote><p><strong>GIORNALE RADIO NAZIONALE, EDIZIONE DELLE SETTE <span style=\"color: #0000ff;\">viene pubblicato alle 7.05 <span style=\"color: #ff0000;\">DIRETTA RADIO\u00a0<\/span><\/span><\/strong><\/p><\/blockquote>\n<p><strong>il giornale radionazionale e&#8217; in onda ogni ora, dalle sette del mattino alle venti della sera\u00a0\u00a0<\/strong><\/p>\n<p>&nbsp;<\/p>\n<blockquote><p><strong><em>UN&#8217;ALTRA STRAGE SUI LUOGHI DI LAVORO&#8230;INACETTABILE\u00a0<\/em><\/strong><\/p>\n<p><em>drammatico bilancio dell&#8217;ennesimo incidente sul lavoro, avvenuto ad appena cinque giorni dal primo maggio e dal discorso del presidente della Repubblica Sergio Mattarella. E&#8217; proprio il Capo dello Stato, da New York, auspica &#8220;che sia fatta piena luce sulle dinamiche dell&#8217;incidente&#8221;.\u00a0<\/em><\/p><\/blockquote>\n<h2>AUDIO dalle sette del mattino, ogni ora alla radio<\/h2>\n<audio class=\"wp-audio-shortcode\" id=\"audio-388613-4\" preload=\"none\" style=\"width: 100%;\" controls=\"controls\"><source type=\"audio\/mpeg\" src=\"https:\/\/www.radiopiu.net\/wordpress\/wp-content\/uploads\/2024\/05\/giornale07-4.mp3?_=4\" \/><a href=\"https:\/\/www.radiopiu.net\/wordpress\/wp-content\/uploads\/2024\/05\/giornale07-4.mp3\">https:\/\/www.radiopiu.net\/wordpress\/wp-content\/uploads\/2024\/05\/giornale07-4.mp3<\/a><\/audio>\n<p>&nbsp;<\/p>\n<p>&nbsp;<\/p>\n<hr \/>\n<p>&nbsp;<\/p>\n<p>&nbsp;<\/p>\n<h1><span style=\"color: #ff0000;\">I podcast informativi del mattino &#8211; video &#8211;\u00a0<\/span><\/h1>\n<h2><strong><a class=\"dt-pswp-item\" href=\"https:\/\/www.radiopiu.net\/wordpress\/wp-content\/uploads\/2023\/12\/th-10.jpg\" data-dt-img-description=\"\" data-large_image_width=\"245\" data-large_image_height=\"180\"><img loading=\"lazy\" decoding=\"async\" class=\" wp-image-367395 alignleft\" src=\"https:\/\/www.radiopiu.net\/wordpress\/wp-content\/uploads\/2023\/12\/th-10.jpg\" alt=\"\" width=\"166\" height=\"122\" \/><\/a>RASSEGNA STAMPA LOCALE, ORE OTTO 05<\/strong><\/h2>\n<h2><strong> <span style=\"color: #0000ff;\">viene\u00a0 <\/span><\/strong><strong><span style=\"color: #0000ff;\">pubblicata alle 8.05 <span style=\"color: #ff0000;\">DIRETTA RADIO\u00a0\u00a0<\/span><\/span><\/strong><\/h2>\n<p><strong>DI MIRKO MEZZACASA\u00a0 \u00a0<\/strong><\/p>\n<p>&nbsp;<\/p>\n<p><a class=\"dt-pswp-item\" href=\"https:\/\/www.radiopiu.net\/wordpress\/wp-content\/uploads\/2024\/05\/COPERTINA-1.png\" data-dt-img-description=\"\" data-large_image_width=\"469\" data-large_image_height=\"254\"><img loading=\"lazy\" decoding=\"async\" class=\"size-medium wp-image-388774 alignleft\" src=\"https:\/\/www.radiopiu.net\/wordpress\/wp-content\/uploads\/2024\/05\/COPERTINA-1-300x162.png\" alt=\"\" width=\"300\" height=\"162\" srcset=\"https:\/\/www.radiopiu.net\/wordpress\/wp-content\/uploads\/2024\/05\/COPERTINA-1-300x162.png 300w, https:\/\/www.radiopiu.net\/wordpress\/wp-content\/uploads\/2024\/05\/COPERTINA-1.png 469w\" sizes=\"auto, (max-width: 300px) 100vw, 300px\" \/><\/a>SANTA GIUSTINA Le speranze si sono infrante nella mattinata di ieri per la scomparsa di Antonietta De Boni, 65 anni. La donna \u00e8 stata infatti trovata senza vita nel fiume Piave. Era uscita di casa ieri mattina e non era pi\u00f9 tornata.<br \/>\nBELLUNO Mentre passeggiava nel Parco Citt\u00e0 di Bologna, un uomo \u00e8 stato quasi colpito da sassi lanciati da dietro la siepe delle scuole. L\u2019assessore alla sicurezza del Comune \u00e8 stato informato e ha effettuato un sopralluogo, confermando il pericolo.<br \/>\nAGORDO Numerose segnalazioni ieri mattina, era prevedibile, lo si sapeva con largo anticipo: in zona Valcozzena il caos, auto ovunque e la Polizia Locale \u00e8 andata gi\u00e0 di verbali.<br \/>\nLe cause: lo sciopero dei trasporti che ha convinto molti a prendere l\u2019auto \u2013 anche perch\u00e9 le prestazioni minime non tengono conto dei turni \u2013 e quindi i parcheggi sono risultati insufficienti.<br \/>\nGOSALDO: I CARABINIERI DI AGORDO ASSUMONO IL CONTROLLO DEL TERRITORIO. DI LA\u2019 DEL CEREDA 3 CASERME DEI CARABINIERI, A GOSALDO L\u2019ARMA CANCELLA L\u2019ULTIMO PRESIDIO DI CONFINE<br \/>\nLa decisione di affidare il controllo del territorio ai Carabinieri di Agordo ha sollevato dubbi sulla capacit\u00e0 di risposta in tempi rapidi, lasciando molti residenti preoccupati per la propria sicurezza in caso di emergenza.<br \/>\nIl Sindaco Stefano Da Zanche di Gosaldo chiarisce che il Comune non ha ricevuto comunicazioni ufficiali sulla chiusura della Caserma dei Carabinieri.<br \/>\nAGORDO condannato a sei mesi di reclusione e 1.200 euro di multa per spaccio di eroina. Nonostante il pubblico ministero avesse richiesto un anno, il difensore ha proposto l\u2019assoluzione, sottolineando la mancanza di prove concrete. L\u2019imputato, coinvolto in un\u2019indagine della Squadra mobile di Belluno, ha scelto di affrontare il dibattimento pubblico. La pena \u00e8 stata sospesa.<\/p>\n<h2><span style=\"color: #ff0000;\"><strong>VIDEO\u00a0 \u00a0in diretta dalle 8 del mattino\u00a0<\/strong><\/span><\/h2>\n<p><iframe loading=\"lazy\" title=\"DAL 1983 LA RASSEGNA STAMPA LOCALE di mirko mezzacasa. L&#039;ORIGINALE\" width=\"1200\" height=\"675\" src=\"https:\/\/www.youtube.com\/embed\/2JqSkWC3czo?feature=oembed\" frameborder=\"0\" allow=\"accelerometer; autoplay; clipboard-write; encrypted-media; gyroscope; picture-in-picture; web-share\" referrerpolicy=\"strict-origin-when-cross-origin\" allowfullscreen><\/iframe><\/p>\n<p>&nbsp;<\/p>\n<p>&nbsp;<\/p>\n<hr \/>\n<p>&nbsp;<\/p>\n<blockquote>\n<h3><a class=\"dt-pswp-item\" href=\"https:\/\/www.radiopiu.net\/wordpress\/wp-content\/uploads\/2022\/01\/IMG-20210910-WA0001.jpg\" data-dt-img-description=\"\" data-large_image_width=\"806\" data-large_image_height=\"818\"><img loading=\"lazy\" decoding=\"async\" class=\"wp-image-255377 alignleft\" src=\"https:\/\/www.radiopiu.net\/wordpress\/wp-content\/uploads\/2022\/01\/IMG-20210910-WA0001-296x300.jpg\" alt=\"\" width=\"100\" height=\"101\" srcset=\"https:\/\/www.radiopiu.net\/wordpress\/wp-content\/uploads\/2022\/01\/IMG-20210910-WA0001-296x300.jpg 296w, https:\/\/www.radiopiu.net\/wordpress\/wp-content\/uploads\/2022\/01\/IMG-20210910-WA0001-150x150.jpg 150w, https:\/\/www.radiopiu.net\/wordpress\/wp-content\/uploads\/2022\/01\/IMG-20210910-WA0001-768x779.jpg 768w, https:\/\/www.radiopiu.net\/wordpress\/wp-content\/uploads\/2022\/01\/IMG-20210910-WA0001.jpg 806w\" sizes=\"auto, (max-width: 100px) 100vw, 100px\" \/><\/a>OGGI, SENZ&#8217;ACQUA AD AGORDO<\/h3>\n<\/blockquote>\n<p><strong>AGORDO<\/strong> per lavori alla rete idrica comunale, OGGI dalle 8:00 alle 12:00, verr\u00e0 sospesa l\u2019erogazione dell\u2019acqua ad AGORDO, nelle LOC. COL DI FOGLIA, GRAVE, PRAGRANDE e PONTE ALTO e nelle vie PAGANINI, POLONI e TISSI.<\/p>\n<p>&nbsp;<\/p>\n<hr \/>\n<h3 class=\"entry-title\"><\/h3>\n<blockquote>\n<h3 class=\"entry-title\"><a class=\"dt-pswp-item\" href=\"https:\/\/www.radiopiu.net\/wordpress\/wp-content\/uploads\/2023\/11\/road-5089188_640.jpg\" data-dt-img-description=\"\" data-large_image_width=\"640\" data-large_image_height=\"429\"><img loading=\"lazy\" decoding=\"async\" class=\"wp-image-361495 alignleft\" src=\"https:\/\/www.radiopiu.net\/wordpress\/wp-content\/uploads\/2023\/11\/road-5089188_640-300x201.jpg\" alt=\"\" width=\"137\" height=\"92\" srcset=\"https:\/\/www.radiopiu.net\/wordpress\/wp-content\/uploads\/2023\/11\/road-5089188_640-300x201.jpg 300w, https:\/\/www.radiopiu.net\/wordpress\/wp-content\/uploads\/2023\/11\/road-5089188_640.jpg 640w\" sizes=\"auto, (max-width: 137px) 100vw, 137px\" \/><\/a>STRADA PER DIGONERA, UN MESE DI CHIUSURE DIURNE-FERIALI<\/h3>\n<\/blockquote>\n<p><strong>ROCCA PIETORE<\/strong> Dal 6 maggio al 10 giugno chiusura totale della provinciale 563 di Salesei in localit\u00e0 Digonera dalle 7.30 alle 12.30 e dalle 13.30 alle 18, dal lunedi al venerdi. Negli altri orari, h 24 sabato e domenica compresi, senso unico alternato regolato da semaforo<\/p>\n<p><span style=\"color: #ff0000;\"><strong>SEDICO<\/strong> <\/span><strong>SR 203 AGORDINA localit\u00e0 Peron-La Stanga, dal 6 al 17 maggio, sabato e domenica escluso, senso unico alternato regolato da movieri per tratti di 200 metri\u00a0\u00a0<\/strong><\/p>\n<p>&nbsp;<\/p>\n<p>&nbsp;<\/p>\n<hr \/>\n<p>&nbsp;<\/p>\n<blockquote>\n<h3>ANTONIETTA RITROVATA SENZA VITA<\/h3>\n<\/blockquote>\n<p><strong>SANTA<\/strong> <strong>GIUSTINA<\/strong> Le speranze si sono infrante nella mattinata di ieri per la scomparsa di Antonietta De Boni, 65 anni. La donna \u00e8 stata infatti trovata senza vita nel fiume Piave. Era uscita di casa ieri mattina e non era pi\u00f9 tornata. Dopo intense ricerche condotte dai soccorritori, il corpo \u00e8 stato individuato vicino a Piovena, rintracciato e recuperato dai Vigili del fuoco fluviali con Soccorso alpino e Carabinieri, utilizzando anche unit\u00e0 cinofile, ma ogni tentativo \u00e8 stato vano.<\/p>\n<p>&nbsp;<\/p>\n<hr \/>\n<p>&nbsp;<\/p>\n<blockquote>\n<h2><a class=\"dt-pswp-item\" href=\"https:\/\/www.radiopiu.net\/wordpress\/wp-content\/uploads\/2022\/12\/polizia-locale-belluno.jpg\" data-dt-img-description=\"\" data-large_image_width=\"733\" data-large_image_height=\"436\"><img loading=\"lazy\" decoding=\"async\" class=\"wp-image-311737 alignleft\" src=\"https:\/\/www.radiopiu.net\/wordpress\/wp-content\/uploads\/2022\/12\/polizia-locale-belluno-300x178.jpg\" alt=\"\" width=\"179\" height=\"106\" srcset=\"https:\/\/www.radiopiu.net\/wordpress\/wp-content\/uploads\/2022\/12\/polizia-locale-belluno-300x178.jpg 300w, https:\/\/www.radiopiu.net\/wordpress\/wp-content\/uploads\/2022\/12\/polizia-locale-belluno.jpg 733w\" sizes=\"auto, (max-width: 179px) 100vw, 179px\" \/><\/a>Sassi lanciati nel parco: cittadino sfiorato, autorit\u00e0 indagano<\/h2>\n<\/blockquote>\n<p><strong>BELLUNO<\/strong> Mentre passeggiava nel Parco Citt\u00e0 di Bologna, un uomo \u00e8 stato quasi colpito da sassi lanciati da dietro la siepe delle scuole. L&#8217;assessore alla sicurezza del Comune \u00e8 stato informato e ha effettuato un sopralluogo, confermando il pericolo. La Polizia di Stato e Locale hanno identificato alcuni ragazzi, mentre le telecamere di videosorveglianza saranno utilizzate per ulteriori indagini.<\/p>\n<p>&nbsp;<\/p>\n<hr \/>\n<p>&nbsp;<\/p>\n<p><strong class=\"photoswipe-wrapper\"><a class=\"dt-pswp-item pspw-wrap-ready\" href=\"https:\/\/www.radiopiu.net\/wordpress\/wp-content\/uploads\/2024\/01\/Senza-nome-34.png\" data-dt-img-description=\"\" data-large_image_width=\"239\" data-large_image_height=\"153\"><img loading=\"lazy\" decoding=\"async\" class=\"wp-image-369478 alignleft\" src=\"https:\/\/www.radiopiu.net\/wordpress\/wp-content\/uploads\/2024\/01\/Senza-nome-34.png\" alt=\"\" width=\"128\" height=\"82\" \/><\/a><\/strong><\/p>\n<p><strong>dal TG BELLUNESE di\u00a0 ANTENNA 3 ogni sera alle 19.30 sul canale 10 del digitale terrestre e alle 19 le anticipazioni alla radio.\u00a0 \u00a0<\/strong><\/p>\n<p>&nbsp;<\/p>\n<p>&nbsp;<\/p>\n<blockquote>\n<h3 class=\"_title post-title entry-title\">HO PRESO UN CERVO\u00bb: IL VIDEO SHOCK DELL\u2019INCIDENTE VERSO IL PASSO GIAU<\/h3>\n<\/blockquote>\n<p>RICCARDO BAROGLIO al telefono3.25 a giugno 3.29 stessa strada \u2013 Intervistati RICCARDO BAROGLIO BLOGGER \u201cNOISE 883\u201d (AL TELEFONO) (Servizio di\u00a0<a href=\"https:\/\/antennatre.medianordest.it\/redazione\/Tiziana-Bolognani\/\">Tiziana Bolognani<\/a>)<\/p>\n<p>&nbsp;<\/p>\n<p><iframe loading=\"lazy\" title=\"\u00abHO PRESO UN CERVO\u00bb: IL VIDEO SHOCK DELL&#039;INCIDENTE VERSO IL PASSO GIAU | 06\/05\/2024\" width=\"1200\" height=\"675\" src=\"https:\/\/www.youtube.com\/embed\/UvGSOpkX4-Q?feature=oembed\" frameborder=\"0\" allow=\"accelerometer; autoplay; clipboard-write; encrypted-media; gyroscope; picture-in-picture; web-share\" referrerpolicy=\"strict-origin-when-cross-origin\" allowfullscreen><\/iframe><\/p>\n<p>&nbsp;<\/p>\n<hr \/>\n<p>&nbsp;<\/p>\n<p>&nbsp;<\/p>\n<blockquote>\n<h3>LO SCIOPERO DEI TRASPORTI, IL CAOS E LE SANZIONI &#8220;FACILI&#8221;<\/h3>\n<\/blockquote>\n<p><a class=\"dt-pswp-item\" href=\"https:\/\/www.radiopiu.net\/wordpress\/wp-content\/uploads\/2024\/05\/1000005423-scaled.jpg\" data-dt-img-description=\"\" data-large_image_width=\"2560\" data-large_image_height=\"1920\"><img loading=\"lazy\" decoding=\"async\" class=\" wp-image-388724 alignleft\" src=\"https:\/\/www.radiopiu.net\/wordpress\/wp-content\/uploads\/2024\/05\/1000005423-300x225.jpg\" alt=\"\" width=\"207\" height=\"155\" srcset=\"https:\/\/www.radiopiu.net\/wordpress\/wp-content\/uploads\/2024\/05\/1000005423-300x225.jpg 300w, https:\/\/www.radiopiu.net\/wordpress\/wp-content\/uploads\/2024\/05\/1000005423-1024x768.jpg 1024w, https:\/\/www.radiopiu.net\/wordpress\/wp-content\/uploads\/2024\/05\/1000005423-768x576.jpg 768w, https:\/\/www.radiopiu.net\/wordpress\/wp-content\/uploads\/2024\/05\/1000005423-1536x1152.jpg 1536w, https:\/\/www.radiopiu.net\/wordpress\/wp-content\/uploads\/2024\/05\/1000005423-2048x1536.jpg 2048w\" sizes=\"auto, (max-width: 207px) 100vw, 207px\" \/><\/a><strong>AGORDO<\/strong> Numerose segnalazioni ieri\u00a0 mattina, era prevedibile, lo si sapeva con largo anticipo: in zona Valcozzena il caos, auto ovunque e la Polizia Locale \u00e8 andata gi\u00e0 di verbali.<\/p>\n<p>Le cause: lo sciopero dei trasporti che ha convinto molti a prendere l&#8217;auto &#8211; anche perch\u00e9 le prestazioni minime non tengono conto dei turni &#8211; e quindi i parcheggi sono risultati insufficienti.<\/p>\n<blockquote><p><strong>Riceviamo e pubblichiamo<\/strong><\/p>\n<p><em>Oggi ennesima distribuzione di multe per divieto di sosta in Valcozzena. Tutte a norma di codice della strada, su questo credo ci siano pochi dubbi. Per\u00f2 oggi \u00e8 in corso lo sciopero dei trasporti, di conseguenza centinaia di colleghi in pi\u00f9 hanno dovuto recarsi al lavoro in auto. Giornata indovinata quindi per i controlli. Tra l&#8217;altro, sarebbe da chiedersi dove mai avrebbero potuto mettere le auto tutti i colleghi senza doversi poi fare chilometri a piedi.\u00a0<\/em><\/p>\n<p>&nbsp;<\/p><\/blockquote>\n<hr \/>\n<p>&nbsp;<\/p>\n<p>&nbsp;<\/p>\n<blockquote>\n<h3><em> GOSALDO: I CARABINIERI DI AGORDO ASSUMONO IL CONTROLLO DEL TERRITORIO<\/em><\/h3>\n<p><em>La decisione di affidare il controllo del territorio ai Carabinieri di Agordo ha sollevato dubbi sulla capacit\u00e0 di risposta in tempi rapidi, lasciando molti residenti preoccupati per la propria sicurezza in caso di emergenza.<\/em><\/p>\n<p>di Mirko Mezzacasa<\/p>\n<p><img loading=\"lazy\" decoding=\"async\" class=\"alignleft\" src=\"https:\/\/www.radiopiu.net\/wordpress\/wp-content\/uploads\/2024\/05\/5a986337-22c8-4fa7-a5bb-499e4fe4ee5d.jpg\" width=\"235\" height=\"160\" \/><strong>GOSALDO<\/strong> La decisione di affidare il controllo del territorio di Gosaldo e zone limitrofe ai Carabinieri della stazione di Agordo ha sollevato preoccupazioni tra i residenti. In caso di emergenza a Passo Cereda, il confine con il Trentino, i Carabinieri dovranno percorrere circa 25 chilometri,\u00a0 su strade di montagna (che non \u00e8 la Pedemontana ma pendenza e curve)\u00a0 e spesso\u00a0 in condizioni meteorologiche avverse. Le preoccupazioni maggiori riguardano i tempi di risposta, soprattutto se la stazione di Agordo\u00a0 non \u00e8 operativa (Cencenighe \u00e8 8 chilometri a nord e Falcade molto pi\u00f9 su, sperando che i CC non siano impegnati a Passo San Pellegrino&#8230;). Sebbene i vertici dei Carabinieri assicurino che non ci saranno problemi, la vera prova sar\u00e0 data dalle prime emergenze. I residenti di Gosaldo e delle frazioni circostanti sono incoraggiati a tenere a portata di mano i numeri delle stazioni dei Carabinieri del Primiero del vicino trentino perch\u00e9 di la in pochi chilometri ci sono 3 stazioni e nessuno si sogna di cancellarle dalla mappa dei servizi essenziali, diversamente dalla non autonoma provincia di Belluno. Sar\u00e0 importante inoltre ricordare ai cittadini che possono sempre contare sulle forze di <span style=\"color: #0000ff;\"><strong>Polizia 113.<\/strong><\/span> Tuttavia, molti lamentano la mancanza di una stazione di polizia nell&#8217;Agordino, una carenza che potrebbe avere conseguenze critiche in situazioni di emergenza come questa.<\/p>\n<p>&nbsp;<\/p>\n<h3>GOSALDO, I CARABINIERI DELLA STAZIONE DI AGORDO SUBENTRANO NEL CONTROLLO DEL TERRITORIO<\/h3>\n<\/blockquote>\n<p><strong><a class=\"dt-pswp-item\" href=\"https:\/\/www.radiopiu.net\/wordpress\/wp-content\/uploads\/2023\/02\/controlli-dei-Carabinieri-a-Belluno_27.02.2023-scaled.jpg\" data-dt-img-description=\"\" data-large_image_width=\"2560\" data-large_image_height=\"1707\"><img loading=\"lazy\" decoding=\"async\" class=\" wp-image-324137 alignleft\" src=\"https:\/\/www.radiopiu.net\/wordpress\/wp-content\/uploads\/2023\/02\/controlli-dei-Carabinieri-a-Belluno_27.02.2023-300x200.jpg\" alt=\"\" width=\"213\" height=\"142\" srcset=\"https:\/\/www.radiopiu.net\/wordpress\/wp-content\/uploads\/2023\/02\/controlli-dei-Carabinieri-a-Belluno_27.02.2023-300x200.jpg 300w, https:\/\/www.radiopiu.net\/wordpress\/wp-content\/uploads\/2023\/02\/controlli-dei-Carabinieri-a-Belluno_27.02.2023-1024x683.jpg 1024w, https:\/\/www.radiopiu.net\/wordpress\/wp-content\/uploads\/2023\/02\/controlli-dei-Carabinieri-a-Belluno_27.02.2023-768x512.jpg 768w, https:\/\/www.radiopiu.net\/wordpress\/wp-content\/uploads\/2023\/02\/controlli-dei-Carabinieri-a-Belluno_27.02.2023-1536x1024.jpg 1536w, https:\/\/www.radiopiu.net\/wordpress\/wp-content\/uploads\/2023\/02\/controlli-dei-Carabinieri-a-Belluno_27.02.2023-2048x1365.jpg 2048w\" sizes=\"auto, (max-width: 213px) 100vw, 213px\" \/><\/a>BELLUNO<\/strong> La Stazione Carabinieri di Gosaldo chiude, ma l&#8217;impegno dell&#8217;Arma non vacilla. Il Comandante Provinciale dei Carabinieri di Belluno assicura che l&#8217;Arma continuer\u00e0 a servire il territorio, ora sotto la giurisdizione della vicina Stazione di Agordo. Il trasferimento \u00e8 motivato da una razionalizzazione dei presidi sul territorio, mirando a migliorare l&#8217;efficienza senza compromettere il servizio. L&#8217;Amministrazione Comunale ha chiesto un ripensamento, ma si \u00e8 concordato un periodo transitorio durante il quale i Carabinieri di Agordo utilizzeranno spazi del Comune per ricevere denunce. Il Comandante Provinciale e altri ufficiali terranno un incontro con i cittadini per fornire rassicurazioni e rispondere alle domande. L&#8217;obiettivo \u00e8 rafforzare la collaborazione e assicurare che i cittadini possano continuare a contare sull&#8217;assistenza dell&#8217;Arma.<\/p>\n<p>&nbsp;<\/p>\n<hr \/>\n<p><strong class=\"photoswipe-wrapper\"><a class=\"dt-pswp-item pspw-wrap-ready\" href=\"https:\/\/www.radiopiu.net\/wordpress\/wp-content\/uploads\/2024\/01\/Senza-nome-34.png\" data-dt-img-description=\"\" data-large_image_width=\"239\" data-large_image_height=\"153\"><img loading=\"lazy\" decoding=\"async\" class=\"wp-image-369478 alignleft\" src=\"https:\/\/www.radiopiu.net\/wordpress\/wp-content\/uploads\/2024\/01\/Senza-nome-34.png\" alt=\"\" width=\"128\" height=\"82\" \/><\/a><\/strong><\/p>\n<p><strong>dal TG BELLUNESE di\u00a0 ANTENNA 3 ogni sera alle 19.30 sul canale 10 del digitale terrestre e alle 19 le anticipazioni alla radio.\u00a0 \u00a0<\/strong><\/p>\n<p>&nbsp;<\/p>\n<h1 class=\"_title post-title entry-title\">CARABINIERI, CHIUDE LA STAZIONE DI GOSALDO E SI TRASFERISCE AD AGORDO<\/h1>\n<p>Intervistati ENRICO PIGOZZO (COMANDANTE PROVINCIALE CARABINIERI BELLUNO) (Servizio di\u00a0<a href=\"https:\/\/antennatre.medianordest.it\/redazione\/Tiziana-Bolognani\/\">Tiziana Bolognani<\/a>)<\/p>\n<p>&nbsp;<\/p>\n<p><iframe loading=\"lazy\" title=\"CARABINIERI, CHIUDE LA STAZIONE DI GOSALDO E SI TRASFERISCE AD AGORDO | 06\/05\/2024\" width=\"1200\" height=\"675\" src=\"https:\/\/www.youtube.com\/embed\/YI_gsM0OrwU?feature=oembed\" frameborder=\"0\" allow=\"accelerometer; autoplay; clipboard-write; encrypted-media; gyroscope; picture-in-picture; web-share\" referrerpolicy=\"strict-origin-when-cross-origin\" allowfullscreen><\/iframe><\/p>\n<hr \/>\n<p>&nbsp;<\/p>\n<blockquote>\n<h2>Chiarimenti sulla Chiusura della Caserma dei Carabinieri a Gosaldo: Parla il Sindaco<\/h2>\n<\/blockquote>\n<p><em>Il Sindaco Stefano Da Zanche di Gosaldo chiarisce che il Comune non ha ricevuto comunicazioni ufficiali sulla chiusura della Caserma dei Carabinieri. Ribadisce l&#8217;impegno dell&#8217;Amministrazione nel contattare varie istituzioni per mantenere il presidio. Critica l&#8217;ipotesi di uno sportello comunale come palliativo alla chiusura. Sottolinea l&#8217;importanza della presenza dello Stato nel territorio, soprattutto per il turismo e l&#8217;economia locale. Infine, evidenzia le risorse e l&#8217;identit\u00e0 unica di Gosaldo, auspicando un sostegno continuo per il suo sviluppo.\u00a0<\/em><\/p>\n<p>&nbsp;<\/p>\n<blockquote class=\"wp-embedded-content\" data-secret=\"qu8OE9Dbl4\"><p><a href=\"https:\/\/www.radiopiu.net\/wordpress\/di-la-del-cereda-3-caserme-dei-carabinieri-a-gosaldo-larma-cancella-lultimo-presidio-di-confine\/\">DI LA&#8217; DEL CEREDA 3 CASERME DEI CARABINIERI, A GOSALDO L&#8217;ARMA CANCELLA L&#8217;ULTIMO PRESIDIO DI CONFINE<\/a><\/p><\/blockquote>\n<p><iframe loading=\"lazy\" class=\"wp-embedded-content\" sandbox=\"allow-scripts\" security=\"restricted\" style=\"position: absolute; clip: rect(1px, 1px, 1px, 1px);\" title=\"&#8220;DI LA&#8217; DEL CEREDA 3 CASERME DEI CARABINIERI, A GOSALDO L&#8217;ARMA CANCELLA L&#8217;ULTIMO PRESIDIO DI CONFINE&#8221; &#8212; Radio Pi\u00f9\" src=\"https:\/\/www.radiopiu.net\/wordpress\/di-la-del-cereda-3-caserme-dei-carabinieri-a-gosaldo-larma-cancella-lultimo-presidio-di-confine\/embed\/#?secret=jBPFMkr47Y#?secret=qu8OE9Dbl4\" data-secret=\"qu8OE9Dbl4\" width=\"600\" height=\"338\" frameborder=\"0\" marginwidth=\"0\" marginheight=\"0\" scrolling=\"no\"><\/iframe><\/p>\n<p>&nbsp;<\/p>\n<hr \/>\n<p>&nbsp;<\/p>\n<p>&nbsp;<\/p>\n<blockquote>\n<h3>LA GIORNATA MONDIALE DELLA BIODIVERSITA&#8217;. MERCALLI &#8220;C&#8217;E&#8217; TANTO LAVORO DA FARE&#8221;<\/h3>\n<\/blockquote>\n<p>SABATO 18 MAGGIO IN VARIE ZONE DELLA PROVINCIA SI TERR\u00e0 LA RACCOLTA DEI RIFIUTI ABBANDONATI, DA UN&#8217;IDEA DEGLI STUDENTI DEL centro per la formazione e la sicurezza di sedico\u00a0 VUOI ADERIRE?\u00a0 come volontario o come associazione?\u00a0 o come gruppo?\u00a0 chiama il CFS allo 0437 753330.<\/p>\n<blockquote><p><em>Luca Mercalli \u00e8 un noto meteorologo, climatologo, divulgatore scientifico e scrittore italiano. \u00c8 noto al grande pubblico per la sua attivit\u00e0 di divulgazione scientifica legata al clima, alle condizioni meteorologiche e ai cambiamenti climatici. Mercalli \u00e8 spesso presente nei media italiani, partecipando a programmi televisivi e radiofonici per discutere di tematiche legate al clima e all&#8217;ambiente. \u00c8 autore di numerosi libri e articoli scientifici e ha contribuito significativamente alla sensibilizzazione dell&#8217;opinione pubblica sui problemi legati al cambiamento climatico.<\/em><\/p><\/blockquote>\n<p><strong>L&#8217;INVITO DI LUCA MERCALLI\u00a0\u00a0<\/strong><\/p>\n<div style=\"width: 1200px;\" class=\"wp-video\"><video class=\"wp-video-shortcode\" id=\"video-388613-1\" width=\"1200\" height=\"675\" preload=\"metadata\" controls=\"controls\"><source type=\"video\/mp4\" src=\"https:\/\/www.radiopiu.net\/wordpress\/wp-content\/uploads\/2024\/05\/VID_20240504_185452.mp4?_=1\" \/><a href=\"https:\/\/www.radiopiu.net\/wordpress\/wp-content\/uploads\/2024\/05\/VID_20240504_185452.mp4\">https:\/\/www.radiopiu.net\/wordpress\/wp-content\/uploads\/2024\/05\/VID_20240504_185452.mp4<\/a><\/video><\/div>\n<p>&nbsp;<\/p>\n<p>&nbsp;<\/p>\n<p>&nbsp;<\/p>\n<hr \/>\n<p>&nbsp;<\/p>\n<p>&nbsp;<\/p>\n<div class=\"page-title-head hgroup\">\n<blockquote>\n<h4 class=\"entry-title\">AGGIUDICATI CANTIERI A BELLUNO: LAVORI AL POLISPORTIVO E SCUOLE DI CAVARZANO<\/h4>\n<\/blockquote>\n<\/div>\n<p><strong><a class=\"dt-pswp-item\" href=\"https:\/\/www.radiopiu.net\/wordpress\/wp-content\/uploads\/2024\/05\/afb3f19d-7c67-441c-9eb4-217cfdbf3ec8.jpg\" data-dt-img-description=\"\" data-large_image_width=\"1600\" data-large_image_height=\"1200\"><img loading=\"lazy\" decoding=\"async\" class=\" wp-image-388730 alignleft\" src=\"https:\/\/www.radiopiu.net\/wordpress\/wp-content\/uploads\/2024\/05\/afb3f19d-7c67-441c-9eb4-217cfdbf3ec8-300x225.jpg\" alt=\"\" width=\"171\" height=\"128\" srcset=\"https:\/\/www.radiopiu.net\/wordpress\/wp-content\/uploads\/2024\/05\/afb3f19d-7c67-441c-9eb4-217cfdbf3ec8-300x225.jpg 300w, https:\/\/www.radiopiu.net\/wordpress\/wp-content\/uploads\/2024\/05\/afb3f19d-7c67-441c-9eb4-217cfdbf3ec8-1024x768.jpg 1024w, https:\/\/www.radiopiu.net\/wordpress\/wp-content\/uploads\/2024\/05\/afb3f19d-7c67-441c-9eb4-217cfdbf3ec8-768x576.jpg 768w, https:\/\/www.radiopiu.net\/wordpress\/wp-content\/uploads\/2024\/05\/afb3f19d-7c67-441c-9eb4-217cfdbf3ec8-1536x1152.jpg 1536w, https:\/\/www.radiopiu.net\/wordpress\/wp-content\/uploads\/2024\/05\/afb3f19d-7c67-441c-9eb4-217cfdbf3ec8.jpg 1600w\" sizes=\"auto, (max-width: 171px) 100vw, 171px\" \/><\/a>REDAZIONE<\/strong> Due importanti progetti finanziati dal PNRR vedranno il via a Belluno: il rifacimento del Polisportivo sar\u00e0 guidato da una ditta locale, mentre le &#8220;scuole verdi&#8221; di Cavarzano saranno ristrutturate da un&#8217;impresa trevigiana. Il parco, inizialmente previsto nel progetto scolastico, sar\u00e0 finanziato tramite fondi del Sisus.<\/p>\n<p><strong>DI DANIELE DALVIT\u00a0<\/strong><\/p>\n<audio class=\"wp-audio-shortcode\" id=\"audio-388613-5\" preload=\"none\" style=\"width: 100%;\" controls=\"controls\"><source type=\"audio\/mpeg\" src=\"https:\/\/www.radiopiu.net\/wordpress\/wp-content\/uploads\/2024\/05\/Radio-Piu-Servizio-Aggiudicazione-lavori-Belluno.mp3?_=5\" \/><a href=\"https:\/\/www.radiopiu.net\/wordpress\/wp-content\/uploads\/2024\/05\/Radio-Piu-Servizio-Aggiudicazione-lavori-Belluno.mp3\">https:\/\/www.radiopiu.net\/wordpress\/wp-content\/uploads\/2024\/05\/Radio-Piu-Servizio-Aggiudicazione-lavori-Belluno.mp3<\/a><\/audio>\n<p>&nbsp;<\/p>\n<p>&nbsp;<\/p>\n<p>&nbsp;<\/p>\n<hr \/>\n<p>&nbsp;<\/p>\n<blockquote>\n<h3>NUOVI MEZZI ALLE ASSOCIAZIONI DI VOLONTARIATO DELL\u2019AGORDINO PER LE ATTIVITA&#8217; DI SOCCORSO: DAL FONDO COMUNI CONFINANTI 1,8 MILIONI DI EURO<\/h3>\n<\/blockquote>\n<p><strong><a class=\"dt-pswp-item\" href=\"https:\/\/www.radiopiu.net\/wordpress\/wp-content\/uploads\/2022\/07\/salt_20220725_132211_968.jpg\" data-dt-img-description=\"\" data-large_image_width=\"2364\" data-large_image_height=\"1773\"><img loading=\"lazy\" decoding=\"async\" class=\" wp-image-289179 alignleft\" src=\"https:\/\/www.radiopiu.net\/wordpress\/wp-content\/uploads\/2022\/07\/salt_20220725_132211_968-300x225.jpg\" alt=\"\" width=\"175\" height=\"131\" srcset=\"https:\/\/www.radiopiu.net\/wordpress\/wp-content\/uploads\/2022\/07\/salt_20220725_132211_968-300x225.jpg 300w, https:\/\/www.radiopiu.net\/wordpress\/wp-content\/uploads\/2022\/07\/salt_20220725_132211_968-1024x768.jpg 1024w, https:\/\/www.radiopiu.net\/wordpress\/wp-content\/uploads\/2022\/07\/salt_20220725_132211_968-768x576.jpg 768w, https:\/\/www.radiopiu.net\/wordpress\/wp-content\/uploads\/2022\/07\/salt_20220725_132211_968-1536x1152.jpg 1536w, https:\/\/www.radiopiu.net\/wordpress\/wp-content\/uploads\/2022\/07\/salt_20220725_132211_968-2048x1536.jpg 2048w\" sizes=\"auto, (max-width: 175px) 100vw, 175px\" \/><\/a>BELLUNO<\/strong> Il progetto strategico recentemente avviato prevede la fornitura di mezzi di soccorso moderni e adeguati alle necessit\u00e0 delle associazioni di volontariato dell\u2019Agordino, con un costo totale di 2.255.000 euro. Il Corpo Nazionale Soccorso Alpino e Speleologico \u201cZona Delegazioni Dolomiti Bellunesi\u201d ricever\u00e0 1 furgone, 2 fuoristrada compatti, 2 mezzi quadricicli e attrezzature per un Sistema Aeromobile a Pilotaggio Remoto (SAPR). Altre associazioni riceveranno nuovi mezzi per attivit\u00e0 di soccorso e assistenza, inclusi ambulanze, veicoli per trasporto di anziani e disabili, e autocarri attrezzati per i Vigili del Fuoco volontari. Il progetto si basa su uno precedente del 2016, che ha gi\u00e0 fornito vari mezzi e attrezzature.<\/p>\n<p><strong>IL PRESIDENTE DEL COMITATO DI GESTIONE DEL FONDO COMUNI CONFINANTI<\/strong><\/p>\n<audio class=\"wp-audio-shortcode\" id=\"audio-388613-6\" preload=\"none\" style=\"width: 100%;\" controls=\"controls\"><source type=\"audio\/mpeg\" src=\"https:\/\/www.radiopiu.net\/wordpress\/wp-content\/uploads\/2024\/05\/BOND-NUOVI-MEZZI.mp3?_=6\" \/><a href=\"https:\/\/www.radiopiu.net\/wordpress\/wp-content\/uploads\/2024\/05\/BOND-NUOVI-MEZZI.mp3\">https:\/\/www.radiopiu.net\/wordpress\/wp-content\/uploads\/2024\/05\/BOND-NUOVI-MEZZI.mp3<\/a><\/audio>\n<div class=\"flex-1 overflow-hidden\">\n<div class=\"react-scroll-to-bottom--css-iupya-79elbk h-full\">\n<div class=\"react-scroll-to-bottom--css-iupya-1n7m0yu\">\n<div class=\"flex flex-col text-sm pb-9\">\n<div class=\"w-full text-token-text-primary\" dir=\"auto\" data-testid=\"conversation-turn-7\" data-scroll-anchor=\"true\">\n<div class=\"py-2 px-3 text-base md:px-4 m-auto md:px-5 lg:px-1 xl:px-5\">\n<div class=\"mx-auto flex flex-1 gap-3 text-base juice:gap-4 juice:md:gap-6 md:max-w-3xl lg:max-w-[40rem] xl:max-w-[48rem]\">\n<div class=\"relative flex w-full min-w-0 flex-col agent-turn\">\n<div class=\"flex-col gap-1 md:gap-3\">\n<div class=\"flex flex-grow flex-col max-w-full\">\n<div class=\"min-h-[20px] text-message flex flex-col items-start whitespace-pre-wrap break-words [.text-message+&amp;]:mt-5 overflow-x-auto gap-3\" dir=\"auto\" data-message-author-role=\"assistant\" data-message-id=\"1f7d6f39-2baa-4fad-9005-6b395af2dfe3\">\n<div class=\"markdown prose w-full break-words dark:prose-invert light\">\n<p>&nbsp;<\/p>\n<hr \/>\n<p>&nbsp;<\/p>\n<blockquote>\n<h3>IL FOCUS SULLA DEMOGRAFIA D&#8217;IMPRESA<\/h3>\n<\/blockquote>\n<p><strong><a class=\"dt-pswp-item\" href=\"https:\/\/www.radiopiu.net\/wordpress\/wp-content\/uploads\/2023\/09\/CAMERA-DI-COMMERCIO.png\" data-dt-img-description=\"\" data-large_image_width=\"760\" data-large_image_height=\"314\"><img loading=\"lazy\" decoding=\"async\" class=\" wp-image-353764 alignleft\" src=\"https:\/\/www.radiopiu.net\/wordpress\/wp-content\/uploads\/2023\/09\/CAMERA-DI-COMMERCIO-300x124.png\" alt=\"\" width=\"189\" height=\"78\" srcset=\"https:\/\/www.radiopiu.net\/wordpress\/wp-content\/uploads\/2023\/09\/CAMERA-DI-COMMERCIO-300x124.png 300w, https:\/\/www.radiopiu.net\/wordpress\/wp-content\/uploads\/2023\/09\/CAMERA-DI-COMMERCIO.png 760w\" sizes=\"auto, (max-width: 189px) 100vw, 189px\" \/><\/a>TREVISO<\/strong> Infocamere ha reso disponibili i dati sulla demografia d\u2019impresa del primo trimestre 2024. La cancellazione di un considerevole numero di ditte individuali nel terzo trimestre 2023 ha influenzato il confronto annuale. La diminuzione di imprese a Treviso \u00e8 di -279, mentre a Belluno \u00e8 di -58. Le flessioni sono evidenti soprattutto nei settori del manifatturiero, commercio, ristorazione e servizi. La propensione imprenditoriale \u00e8 in linea con la media regionale. Le imprese giovanili hanno un saldo positivo, ma non compensano le cessazioni delle imprese pi\u00f9 anziane. L&#8217;analisi mostra un aumento degli imprenditori anziani nel settore agricolo e manifatturiero. Le cancellazioni d\u2019ufficio influenzano la serie storica dei dati, richiedendo un confronto su base annuale corretto. Le filiali dipendenti continuano a crescere in entrambe le province.<\/p>\n<p>&nbsp;<\/p>\n<p>&nbsp;<\/p>\n<hr \/>\n<p>&nbsp;<\/p>\n<blockquote>\n<h3><a class=\"dt-pswp-item\" href=\"https:\/\/www.radiopiu.net\/wordpress\/wp-content\/uploads\/2023\/07\/CAF-CISL.png\" data-dt-img-description=\"\" data-large_image_width=\"1200\" data-large_image_height=\"630\"><img loading=\"lazy\" decoding=\"async\" class=\"wp-image-344831 alignleft\" src=\"https:\/\/www.radiopiu.net\/wordpress\/wp-content\/uploads\/2023\/07\/CAF-CISL-300x158.png\" alt=\"\" width=\"133\" height=\"70\" srcset=\"https:\/\/www.radiopiu.net\/wordpress\/wp-content\/uploads\/2023\/07\/CAF-CISL-300x158.png 300w, https:\/\/www.radiopiu.net\/wordpress\/wp-content\/uploads\/2023\/07\/CAF-CISL-1024x538.png 1024w, https:\/\/www.radiopiu.net\/wordpress\/wp-content\/uploads\/2023\/07\/CAF-CISL-768x403.png 768w, https:\/\/www.radiopiu.net\/wordpress\/wp-content\/uploads\/2023\/07\/CAF-CISL.png 1200w\" sizes=\"auto, (max-width: 133px) 100vw, 133px\" \/><\/a>OGGI LA GIORNATA DELLA SICUREZZA CON LA CISL<\/h3>\n<\/blockquote>\n<p><strong>BELLUNO<\/strong> Oggi la Filca Cisl Belluno Treviso organizzer\u00e0 un&#8217;assemblea presso Alpacem Cementi di Cadola, con focus sulla salute e sicurezza sul lavoro. L&#8217;evento \u00e8 parte delle iniziative per la Giornata Mondiale per la Salute e Sicurezza sul Lavoro. Saranno affrontati temi come prevenzione e rischi professionali nel settore edile. Lorenzo Marzemin dell&#8217;Inail parler\u00e0 delle malattie professionali, sempre pi\u00f9 in crescita. Saranno presenti anche i Vigili del Fuoco e la Croce Rossa per contribuire alla discussione.<\/p>\n<p>&nbsp;<\/p>\n<hr \/>\n<p>&nbsp;<\/p>\n<p>&nbsp;<\/p>\n<blockquote><p><a class=\"dt-pswp-item\" href=\"https:\/\/www.radiopiu.net\/wordpress\/wp-content\/uploads\/2021\/05\/TEATRO-COMUNALE-BELLUNO.jpg\" data-dt-img-description=\"TEATRO COMUNALE\" data-large_image_width=\"550\" data-large_image_height=\"435\"><img loading=\"lazy\" decoding=\"async\" class=\"wp-image-212942 alignleft\" src=\"https:\/\/www.radiopiu.net\/wordpress\/wp-content\/uploads\/2021\/05\/TEATRO-COMUNALE-BELLUNO-300x237.jpg\" alt=\"\" width=\"182\" height=\"144\" srcset=\"https:\/\/www.radiopiu.net\/wordpress\/wp-content\/uploads\/2021\/05\/TEATRO-COMUNALE-BELLUNO-300x237.jpg 300w, https:\/\/www.radiopiu.net\/wordpress\/wp-content\/uploads\/2021\/05\/TEATRO-COMUNALE-BELLUNO.jpg 550w\" sizes=\"auto, (max-width: 182px) 100vw, 182px\" \/><\/a><\/p>\n<h3><strong>Riqualificazione del Teatro Buzzati a Belluno: Investimento di 800mila euro<\/strong><\/h3>\n<\/blockquote>\n<p><strong>BELLUNO<\/strong> Il Teatro Dino Buzzati a Belluno ricever\u00e0 un finanziamento di 772mila euro per interventi di riqualificazione, nell&#8217;ambito dei Grandi Progetti Beni Culturali. Questo sostegno mira a migliorare gli arredi e le pavimentazioni, deteriorati nel corso del tempo. Il senatore Luca De Carlo esprime soddisfazione per il riconoscimento e ringrazia il Ministro alla Cultura per l&#8217;attenzione al gioiello culturale della provincia. Anche l&#8217;assessore alla cultura del comune, Raffaele Addamiano, accoglie con favore l&#8217;investimento, sottolineando il valore di rendere il teatro un luogo moderno e confortevole per il pubblico.<\/p>\n<div class=\"flex-1 overflow-hidden\">\n<div class=\"react-scroll-to-bottom--css-ztlhb-79elbk h-full\">\n<div class=\"react-scroll-to-bottom--css-ztlhb-1n7m0yu\">\n<div class=\"flex flex-col text-sm pb-9\">\n<div class=\"w-full text-token-text-primary\" dir=\"auto\" data-testid=\"conversation-turn-39\" data-scroll-anchor=\"true\">\n<div class=\"py-2 px-3 text-base md:px-4 m-auto md:px-5 lg:px-1 xl:px-5\">\n<div class=\"mx-auto flex flex-1 gap-3 text-base juice:gap-4 juice:md:gap-6 md:max-w-3xl lg:max-w-[40rem] xl:max-w-[48rem]\">\n<div class=\"relative flex w-full min-w-0 flex-col agent-turn\">\n<div class=\"flex-col gap-1 md:gap-3\">\n<div class=\"mt-1 flex gap-3 empty:hidden\">\n<div class=\"text-gray-400 flex self-end lg:self-center items-center justify-center lg:justify-start mt-0 -ml-1 h-7 gap-[2px] visible\">\n<div class=\"flex\"><\/div>\n<\/div>\n<\/div>\n<\/div>\n<\/div>\n<\/div>\n<\/div>\n<\/div>\n<\/div>\n<\/div>\n<\/div>\n<\/div>\n<p>&nbsp;<\/p>\n<hr \/>\n<p>&nbsp;<\/p>\n<blockquote>\n<h3>A SCUOLA DI LEGALITA&#8217;<\/h3>\n<\/blockquote>\n<p><strong><a class=\"dt-pswp-item\" href=\"https:\/\/www.radiopiu.net\/wordpress\/wp-content\/uploads\/2024\/05\/1714985340879-scaled.jpg\" data-dt-img-description=\"\" data-large_image_width=\"2560\" data-large_image_height=\"2560\"><img loading=\"lazy\" decoding=\"async\" class=\" wp-image-388710 alignleft\" src=\"https:\/\/www.radiopiu.net\/wordpress\/wp-content\/uploads\/2024\/05\/1714985340879-300x300.jpg\" alt=\"\" width=\"104\" height=\"104\" srcset=\"https:\/\/www.radiopiu.net\/wordpress\/wp-content\/uploads\/2024\/05\/1714985340879-300x300.jpg 300w, https:\/\/www.radiopiu.net\/wordpress\/wp-content\/uploads\/2024\/05\/1714985340879-1024x1024.jpg 1024w, https:\/\/www.radiopiu.net\/wordpress\/wp-content\/uploads\/2024\/05\/1714985340879-150x150.jpg 150w, https:\/\/www.radiopiu.net\/wordpress\/wp-content\/uploads\/2024\/05\/1714985340879-768x768.jpg 768w, https:\/\/www.radiopiu.net\/wordpress\/wp-content\/uploads\/2024\/05\/1714985340879-1536x1536.jpg 1536w, https:\/\/www.radiopiu.net\/wordpress\/wp-content\/uploads\/2024\/05\/1714985340879-2048x2048.jpg 2048w\" sizes=\"auto, (max-width: 104px) 100vw, 104px\" \/><\/a>FELTRE<\/strong> Il sostituto procuratore Roberta Gallego ha tenuto una lezione per gli alunni della scuola media Rocca, affrontando le implicazioni legali di commettere un crimine dopo i 14 anni. Ha chiarito che a questa et\u00e0 si \u00e8 imputabili per tutti i reati, anche se il processo pu\u00f2 presentare agevolazioni per la minore et\u00e0. Ha sottolineato i rischi legati all&#8217;uso irresponsabile dei social media e delle tecnologie, citando punizioni severe per reati come stalking e diffamazione. Gli alunni hanno partecipato attivamente, comprendendo le pesanti conseguenze sia legali che umane di tali azioni.<\/p>\n<p>&nbsp;<\/p>\n<p>&nbsp;<\/p>\n<hr \/>\n<p>&nbsp;<\/p>\n<\/div>\n<\/div>\n<\/div>\n<\/div>\n<\/div>\n<\/div>\n<\/div>\n<\/div>\n<\/div>\n<\/div>\n<\/div>\n<\/div>\n<blockquote>\n<h3>DAVIDE PRALORAN RICONFERMATO PRESIDENTE UNPLI A BELLUNO<\/h3>\n<\/blockquote>\n<p><strong><a class=\"dt-pswp-item\" href=\"https:\/\/www.radiopiu.net\/wordpress\/wp-content\/uploads\/2024\/05\/IMG-20240505-WA0010.jpg\" data-dt-img-description=\"\" data-large_image_width=\"2048\" data-large_image_height=\"1536\"><img loading=\"lazy\" decoding=\"async\" class=\" wp-image-388682 alignleft\" src=\"https:\/\/www.radiopiu.net\/wordpress\/wp-content\/uploads\/2024\/05\/IMG-20240505-WA0010-300x225.jpg\" alt=\"\" width=\"175\" height=\"131\" srcset=\"https:\/\/www.radiopiu.net\/wordpress\/wp-content\/uploads\/2024\/05\/IMG-20240505-WA0010-300x225.jpg 300w, https:\/\/www.radiopiu.net\/wordpress\/wp-content\/uploads\/2024\/05\/IMG-20240505-WA0010-1024x768.jpg 1024w, https:\/\/www.radiopiu.net\/wordpress\/wp-content\/uploads\/2024\/05\/IMG-20240505-WA0010-768x576.jpg 768w, https:\/\/www.radiopiu.net\/wordpress\/wp-content\/uploads\/2024\/05\/IMG-20240505-WA0010-1536x1152.jpg 1536w, https:\/\/www.radiopiu.net\/wordpress\/wp-content\/uploads\/2024\/05\/IMG-20240505-WA0010.jpg 2048w\" sizes=\"auto, (max-width: 175px) 100vw, 175px\" \/><\/a>PEDAVENA<\/strong> Davide Praloran \u00e8 stato riconfermato presidente dell&#8217;Unpli Belluno per il prossimo quadriennio, decisione presa durante l&#8217;assemblea delle Pro Loco Bellunesi a Pedavena. Anche il consiglio provinciale e il collegio dei probiviri sono stati eletti. Gli incarichi, inclusi vicepresidente e segretario, saranno assegnati con il primo direttivo. Durante l&#8217;assemblea sono stati presentati i progetti dell&#8217;ultimo mandato, tra cui &#8220;Pro loco 2030&#8221;, che promuove la sostenibilit\u00e0 degli istituti scolastici e valorizza la tradizione culinaria locale. Riconfermata anche la manifestazione &#8220;Made in Valbelluna Dolomiti&#8221;. Praloran ha espresso soddisfazione e continuer\u00e0 a supportare i progetti delle Pro loco bellunesi. Sono stati premiati i presidenti con pi\u00f9 di cinque anni di attivit\u00e0. \u00c8 stata presentata una convenzione per semplificare le incombenze amministrative delle Pro Loco e un&#8217;altra per un sistema di sorveglianza notturna. Sono state ricordate le nuove Pro loco e presentata l&#8217;app &#8220;Mowi Bike&#8221; per promuovere i percorsi ciclabili. All&#8217;assemblea hanno partecipato anche il presidente della provincia, la direttrice Dmo e una consigliera regionale. La prossima tappa \u00e8 l&#8217;assemblea regionale a Padova il 16 giugno.<\/p>\n<p>&nbsp;<\/p>\n<p>&nbsp;<\/p>\n<hr \/>\n<p>&nbsp;<\/p>\n<blockquote>\n<h3>GLI STUDENTI FELTRINI ALLA SCOPERTA DELLA TORBIERA DI LIPOI<\/h3>\n<\/blockquote>\n<p><strong><a class=\"dt-pswp-item\" href=\"https:\/\/www.radiopiu.net\/wordpress\/wp-content\/uploads\/2024\/05\/Torbiera-di-Lipoi-2-scaled.jpg\" data-dt-img-description=\"\" data-large_image_width=\"2560\" data-large_image_height=\"1759\"><img loading=\"lazy\" decoding=\"async\" class=\" wp-image-388688 alignleft\" src=\"https:\/\/www.radiopiu.net\/wordpress\/wp-content\/uploads\/2024\/05\/Torbiera-di-Lipoi-2-300x206.jpg\" alt=\"\" width=\"164\" height=\"113\" srcset=\"https:\/\/www.radiopiu.net\/wordpress\/wp-content\/uploads\/2024\/05\/Torbiera-di-Lipoi-2-300x206.jpg 300w, https:\/\/www.radiopiu.net\/wordpress\/wp-content\/uploads\/2024\/05\/Torbiera-di-Lipoi-2-1024x704.jpg 1024w, https:\/\/www.radiopiu.net\/wordpress\/wp-content\/uploads\/2024\/05\/Torbiera-di-Lipoi-2-768x528.jpg 768w, https:\/\/www.radiopiu.net\/wordpress\/wp-content\/uploads\/2024\/05\/Torbiera-di-Lipoi-2-1536x1055.jpg 1536w, https:\/\/www.radiopiu.net\/wordpress\/wp-content\/uploads\/2024\/05\/Torbiera-di-Lipoi-2-2048x1407.jpg 2048w\" sizes=\"auto, (max-width: 164px) 100vw, 164px\" \/><\/a>FELTRE<\/strong> Sabato gli studenti dell&#8217;Istituto Agrario \u201cDella Lucia\u201d e della scuola media Gino Rocca di Feltre hanno partecipato a una giornata di formazione sulla gestione della Torbiera di Lipoi. L&#8217;evento fa parte del progetto \u201cRigenerazione e valorizzazione della Torbiera di Lipoi e del patrimonio arboreo urbano di Feltre\u201d, promosso dalla Fondazione Cariverona. Obiettivo: sensibilizzare sulle pratiche di conservazione e coinvolgere attivamente le nuove generazioni. Esperti universitari hanno guidato i ragazzi in visite ed attivit\u00e0 di monitoraggio, promuovendo la sostenibilit\u00e0 a lungo termine del progetto.<\/p>\n<p>&nbsp;<\/p>\n<p>&nbsp;<\/p>\n<hr \/>\n<p><strong>\u00a0<\/strong><\/p>\n<blockquote>\n<h3><strong>Masterclass sulla Tradizione del Musical Americano: Evento Culturale a San Gregorio Nelle Alpi<\/strong><\/h3>\n<\/blockquote>\n<p><strong>SAN GREGORIO NELLE ALPI<\/strong> Dal 13 al 26 maggio, presso le strutture della Fondazione Lucia De Conz a San Gregorio Nelle Alpi, alcuni studenti della Wertheim School of Music della Florida International University condurranno una masterclass dedicata alla ricca tradizione del musical americano, sotto la guida dei loro insegnanti. L&#8217;evento, inserito nel contesto di RetEventi Cultura 2024, culminer\u00e0 in due spettacoli gratuiti dal titolo &#8220;Disney Dreams&#8221;. <b>Il<\/b>\u00a0maggio alle 17 nell&#8217;aula Pizzocco della Fondazione Lucia De Conz;\u00a0<b> il <\/b>25 maggio alle 17\u00a0 al \u00a0Teatro San Gaetano di Castion.<\/p>\n<p>&nbsp;<\/p>\n<hr \/>\n<p>&nbsp;<\/p>\n<p><strong>LA GIUDIZIARIA OGGI, DAL CORRIERE DELLE ALPI<\/strong><br \/>\n<strong>GIGI SOSSO<\/strong><\/p>\n<div class=\"flex-1 overflow-hidden\">\n<div class=\"react-scroll-to-bottom--css-nxqqr-79elbk h-full\">\n<div class=\"react-scroll-to-bottom--css-nxqqr-1n7m0yu\">\n<div class=\"flex flex-col text-sm pb-9\">\n<div class=\"w-full text-token-text-primary\" dir=\"auto\" data-testid=\"conversation-turn-3\" data-scroll-anchor=\"true\">\n<div class=\"py-2 px-3 text-base md:px-4 m-auto md:px-5 lg:px-1 xl:px-5\">\n<div class=\"mx-auto flex flex-1 gap-3 text-base juice:gap-4 juice:md:gap-6 md:max-w-3xl lg:max-w-[40rem] xl:max-w-[48rem]\">\n<div class=\"relative flex w-full min-w-0 flex-col agent-turn\">\n<div class=\"flex-col gap-1 md:gap-3\">\n<div class=\"flex flex-grow flex-col max-w-full\">\n<div class=\"min-h-[20px] text-message flex flex-col items-start whitespace-pre-wrap break-words [.text-message+&amp;]:mt-5 overflow-x-auto gap-3\" dir=\"auto\" data-message-author-role=\"assistant\" data-message-id=\"1ccc8525-85d8-402e-bc16-2573218565b2\">\n<div class=\"markdown prose w-full break-words dark:prose-invert dark\">\n<p><strong>Assolto\u00a0 dall&#8217;accusa di violenza domestica nonostante richiesta di condanna del PM<\/strong><\/p>\n<p><strong>BELLUNO<\/strong>\u00a0 Durante una lite, due anni fa, \u00e8 scaturito uno schiaffo e una minaccia, ma la sentenza di assoluzione \u00e8 stata emessa perch\u00e9 l&#8217;accusa non era fondata. La donna si era costituita parte civile per il risarcimento danni. La querela ha innescato il procedimento, che si \u00e8 concluso con l&#8217;assoluzione di A.O.<\/p>\n<p><strong>Svuota il conto e scompare: assolto accusato per mancanza di prove\u00a0<\/strong><\/p>\n<p>BELLUNO incarica di fare spese e prelievi, ma lei scompare con i suoi soldi. Dopo una lite con il personale di Poste italiane, la polizia interviene. Accusato di appropriazione indebita e utilizzo illecito di carte, il giudice lo assolve per mancanza di prove, nonostante le immagini dei prelievi.<\/p>\n<p><strong>Condannato per spaccio di eroina: pena sospesa\u00a0<\/strong><\/p>\n<p>AGORDO\u00a0 \u00a0condannato a sei mesi di reclusione e 1.200 euro di multa per spaccio di eroina. Nonostante il pubblico ministero avesse richiesto un anno, il difensore\u00a0 ha proposto l&#8217;assoluzione, sottolineando la mancanza di prove concrete. L&#8217;imputato, coinvolto in un&#8217;indagine della Squadra mobile di Belluno, ha scelto di affrontare il dibattimento pubblico.\u00a0 La pena \u00e8 stata sospesa.<\/p>\n<div class=\"flex-1 overflow-hidden\">\n<div class=\"react-scroll-to-bottom--css-nxqqr-79elbk h-full\">\n<div class=\"react-scroll-to-bottom--css-nxqqr-1n7m0yu\">\n<div class=\"flex flex-col text-sm pb-9\">\n<div class=\"w-full text-token-text-primary\" dir=\"auto\" data-testid=\"conversation-turn-11\" data-scroll-anchor=\"true\">\n<div class=\"py-2 px-3 text-base md:px-4 m-auto md:px-5 lg:px-1 xl:px-5\">\n<div class=\"mx-auto flex flex-1 gap-3 text-base juice:gap-4 juice:md:gap-6 md:max-w-3xl lg:max-w-[40rem] xl:max-w-[48rem]\">\n<div class=\"relative flex w-full min-w-0 flex-col agent-turn\">\n<div class=\"flex-col gap-1 md:gap-3\">\n<div class=\"pr-2 lg:pr-0\"><\/div>\n<\/div>\n<div class=\"absolute\">\n<div class=\"flex w-full gap-2 items-center justify-center\"><\/div>\n<\/div>\n<\/div>\n<\/div>\n<\/div>\n<\/div>\n<\/div>\n<\/div>\n<\/div>\n<\/div>\n<div class=\"w-full md:pt-0 dark:border-white\/20 md:border-transparent md:dark:border-transparent md:w-[calc(100%-.5rem)] juice:w-full\">\n<div class=\"px-3 text-base md:px-4 m-auto md:px-5 lg:px-1 xl:px-5\">\n<div class=\"mx-auto flex flex-1 gap-3 text-base juice:gap-4 juice:md:gap-6 md:max-w-3xl lg:max-w-[40rem] xl:max-w-[48rem]\">\n<form class=\"w-full\">\n<div class=\"relative flex h-full max-w-full flex-1 flex-col\">\n<div class=\"absolute bottom-full left-0 right-0\"><\/div>\n<div class=\"flex w-full items-center\"><\/div>\n<\/div>\n<\/form>\n<\/div>\n<\/div>\n<\/div>\n<\/div>\n<\/div>\n<\/div>\n<\/div>\n<\/div>\n<\/div>\n<\/div>\n<\/div>\n<\/div>\n<\/div>\n<\/div>\n<\/div>\n<hr \/>\n<p>&nbsp;<\/p>\n<h2><span style=\"color: #ff0000;\">CONSIGLI COMUNALI IN AGORDINO<\/span><\/h2>\n<p><strong>SELVA DI CADORE<\/strong> Consiglio comunale oggi alle 18:30. Si discuteranno 4 punti tra cui l&#8217;approvazione del rendiconto di gestione 2023, una variazione a bilancio e l&#8217;approvazione delle modifiche al piano del commercio su aree pubbliche<\/p>\n<p>&nbsp;<\/p>\n<p>&nbsp;<\/p>\n<hr \/>\n<p>&nbsp;<\/p>\n<blockquote>\n<h3>L&#8217;ASSEMBLEA DE CONSORZIO BIM PIAVE<\/h3>\n<\/blockquote>\n<p><strong><a class=\"dt-pswp-item\" href=\"https:\/\/www.radiopiu.net\/wordpress\/wp-content\/uploads\/2021\/12\/BIM-PIAVE.jpg\" data-dt-img-description=\"\" data-large_image_width=\"420\" data-large_image_height=\"280\"><img loading=\"lazy\" decoding=\"async\" class=\" wp-image-249802 alignleft\" src=\"https:\/\/www.radiopiu.net\/wordpress\/wp-content\/uploads\/2021\/12\/BIM-PIAVE-300x200.jpg\" alt=\"\" width=\"122\" height=\"81\" srcset=\"https:\/\/www.radiopiu.net\/wordpress\/wp-content\/uploads\/2021\/12\/BIM-PIAVE-300x200.jpg 300w, https:\/\/www.radiopiu.net\/wordpress\/wp-content\/uploads\/2021\/12\/BIM-PIAVE.jpg 420w\" sizes=\"auto, (max-width: 122px) 100vw, 122px\" \/><\/a>BELLUNO<\/strong> L&#8217;Assemblea Generale del Consorzio BIM Piave di Belluno si terr\u00e0 domani nella Sala Convegni A.N.A. di Belluno. L&#8217;ordine del giorno include tra i vari punti l&#8217;approvazione del rendiconto di gestione dell&#8217;esercizio 2023, la discussione sulla terza Variazione al Bilancio di Previsione 2024-2026, la costituzione di una Comunit\u00e0 Energetica nella forma di Fondazione di partecipazione con relativi adempimenti, e l&#8217;approvazione del Regolamento per l&#8217;assegnazione di contributi a valere sul Fondo per il lavoro a sostegno delle attivit\u00e0 di Comuni e Unioni Montane per il triennio 2024\/2026.<\/p>\n<p>&nbsp;<\/p>\n<p>&nbsp;<\/p>\n<hr \/>\n<p>&nbsp;<\/p>\n<blockquote>\n<h3>OGGI L&#8217;ASSEMBLEA DI BIM INFRASTRUTTURE<\/h3>\n<\/blockquote>\n<p><strong>BELLUNO <\/strong>Si terr\u00e0 oggi alle 14:30 nella Sala Conferenze dell\u2019Hotel Villa Carpenada, l\u2019assemblea dei soci di Bim Belluno Infrastrutture. All\u2019ordine del giorno, l\u2019approvazione del bilancio di esercizio 2023 con i risultati conseguiti nell\u2019anno: ad illustrarli, l\u2019Amministratore Unico della societ\u00e0, Bruno Zanolla. Non vi sar\u00e0, a seguire, analoga assemblea di Bim Gsp: l\u2019approvazione del bilancio consuntivo del 2023 avverr\u00e0 nel corso del prossimo mese di giugno.<\/p>\n<p>&nbsp;<\/p>\n<hr \/>\n<p>&nbsp;<\/p>\n<blockquote>\n<h3>IL CASTELLO DI ANDRAZ, ORARI ESTIVI ED EVENTI<\/h3>\n<\/blockquote>\n<p><a class=\"dt-pswp-item\" href=\"https:\/\/www.radiopiu.net\/wordpress\/wp-content\/uploads\/2024\/05\/Andraz_2024.png\" data-dt-img-description=\"\" data-large_image_width=\"1414\" data-large_image_height=\"2000\"><img loading=\"lazy\" decoding=\"async\" class=\"wp-image-388767 alignleft\" src=\"https:\/\/www.radiopiu.net\/wordpress\/wp-content\/uploads\/2024\/05\/Andraz_2024-212x300.png\" alt=\"\" width=\"142\" height=\"201\" srcset=\"https:\/\/www.radiopiu.net\/wordpress\/wp-content\/uploads\/2024\/05\/Andraz_2024-212x300.png 212w, https:\/\/www.radiopiu.net\/wordpress\/wp-content\/uploads\/2024\/05\/Andraz_2024-724x1024.png 724w, https:\/\/www.radiopiu.net\/wordpress\/wp-content\/uploads\/2024\/05\/Andraz_2024-768x1086.png 768w, https:\/\/www.radiopiu.net\/wordpress\/wp-content\/uploads\/2024\/05\/Andraz_2024-1086x1536.png 1086w, https:\/\/www.radiopiu.net\/wordpress\/wp-content\/uploads\/2024\/05\/Andraz_2024.png 1414w\" sizes=\"auto, (max-width: 142px) 100vw, 142px\" \/><\/a><strong>LIVINALLONGO<\/strong> Con l&#8217;avvicinarsi della stagione estiva, il Castello di Andraz si prepara ad aprire le sue porte dal 1\u00b0 giugno fino alla fine di ottobre. Ecco i giorni e gli orari di apertura:Giugno: dal gioved\u00ec alla domenica &#8211; Luglio e agosto: tutti i giorni &#8211;\u00a0 Settembre: dal gioved\u00ec alla domenica &#8211;\u00a0 Ottobre: venerd\u00ec, sabato e domenica Gli orari di visita rimangono i seguenti: 10:00-12:30 e 14:30-18:00, con orario continuato dalle 10:00 alle 18:00 nelle domeniche di luglio e agosto. Per rimanere aggiornati sugli eventi in programma, vi invitiamo a visitare il nostro sito <a href=\"http:\/\/www.castellodiandraz.it\/\" target=\"_new\" rel=\"noreferrer noopener\">www.castellodiandraz.it<\/a>, dove sar\u00e0 pubblicato il calendario degli eventi in continuo aggiornamento. Per ricevere direttamente sul vostro cellulare le nostre proposte, potete contattarci al numero 3343346680 e attivare le nostre liste di broadcast. Non perdete l&#8217;opportunit\u00e0 di visitare il suggestivo Castello di Andraz e partecipare alle numerose attivit\u00e0 organizzate durante la stagione estiva!<\/p>\n<p>&nbsp;<\/p>\n<p>&nbsp;<\/p>\n<hr \/>\n<p>&nbsp;<\/p>\n<blockquote>\n<h3>SPORT, DISABILITA&#8217; E INCLUSIONE A CAMMINANDO<\/h3>\n<\/blockquote>\n<p><strong>BORGO VALBELLUNA<\/strong> Il festival Camminando a Borgo Valbelluna offre un weekend ricco di esperienze, con camminate guidate e momenti di inclusione. Gioved\u00ec 9, inizia con una Camminata letteraria a Trichiana, seguita da un weekend dedicato allo sport e all&#8217;inclusione, con incontri nelle scuole e una presentazione serale di un progetto di raccolta fondi. Domenica mattina \u00e8 prevista una Camminata solidale a Trichiana per sostenere il progetto Io corro per Disabilincorsa, con contributi in base ai chilometri percorsi. Un weekend di solidariet\u00e0 e inclusione attraverso lo sport.<\/p>\n\n\t\t\t<style type='text\/css'>\n\t\t\t\t#gallery-1 {\n\t\t\t\t\tmargin: auto;\n\t\t\t\t}\n\t\t\t\t#gallery-1 .gallery-item {\n\t\t\t\t\tfloat: left;\n\t\t\t\t\tmargin-top: 10px;\n\t\t\t\t\ttext-align: center;\n\t\t\t\t\twidth: 33%;\n\t\t\t\t}\n\t\t\t\t#gallery-1 img {\n\t\t\t\t\tborder: 2px solid #cfcfcf;\n\t\t\t\t}\n\t\t\t\t#gallery-1 .gallery-caption {\n\t\t\t\t\tmargin-left: 0;\n\t\t\t\t}\n\t\t\t\t\/* see gallery_shortcode() in wp-includes\/media.php *\/\n\t\t\t<\/style>\n\t\t<div id='gallery-1' class='dt-gallery-container gallery galleryid-388613 gallery-columns-3 gallery-size-thumbnail'><dl class='gallery-item'>\n\t\t\t\t<dt class='gallery-icon portrait'>\n\t\t\t\t\t<a class=\"rollover rollover-zoom dt-pswp-item\" title=\"IMG-20230727-WA0027\" data-dt-img-description=\"\" data-large_image_width=\"1222\" data-large_image_height=\"1600\"href='https:\/\/www.radiopiu.net\/wordpress\/wp-content\/uploads\/2024\/05\/IMG-20230727-WA0027.jpg'><img loading=\"lazy\" decoding=\"async\" width=\"150\" height=\"150\" src=\"https:\/\/www.radiopiu.net\/wordpress\/wp-content\/uploads\/2024\/05\/IMG-20230727-WA0027-150x150.jpg\" class=\"attachment-thumbnail size-thumbnail\" alt=\"\" \/><\/a>\n\t\t\t\t<\/dt><\/dl><dl class='gallery-item'>\n\t\t\t\t<dt class='gallery-icon landscape'>\n\t\t\t\t\t<a class=\"rollover rollover-zoom dt-pswp-item\" title=\"IMG-20210920-WA0003\" data-dt-img-description=\"\" data-large_image_width=\"2048\" data-large_image_height=\"1154\"href='https:\/\/www.radiopiu.net\/wordpress\/wp-content\/uploads\/2024\/05\/IMG-20210920-WA0003.jpg'><img loading=\"lazy\" decoding=\"async\" width=\"150\" height=\"150\" src=\"https:\/\/www.radiopiu.net\/wordpress\/wp-content\/uploads\/2024\/05\/IMG-20210920-WA0003-150x150.jpg\" class=\"attachment-thumbnail size-thumbnail\" alt=\"\" \/><\/a>\n\t\t\t\t<\/dt><\/dl><dl class='gallery-item'>\n\t\t\t\t<dt class='gallery-icon landscape'>\n\t\t\t\t\t<a class=\"rollover rollover-zoom dt-pswp-item\" title=\"IMG-20210920-WA0000\" data-dt-img-description=\"\" data-large_image_width=\"2048\" data-large_image_height=\"1154\"href='https:\/\/www.radiopiu.net\/wordpress\/wp-content\/uploads\/2024\/05\/IMG-20210920-WA0000.jpg'><img loading=\"lazy\" decoding=\"async\" width=\"150\" height=\"150\" src=\"https:\/\/www.radiopiu.net\/wordpress\/wp-content\/uploads\/2024\/05\/IMG-20210920-WA0000-150x150.jpg\" class=\"attachment-thumbnail size-thumbnail\" alt=\"\" \/><\/a>\n\t\t\t\t<\/dt><\/dl><br style=\"clear: both\" \/>\n\t\t\t<\/div>\n\n<p>&nbsp;<\/p>\n<hr \/>\n<p>&nbsp;<\/p>\n<blockquote>\n<h3>LE MOSTRE PER IL BICENTENARIO DELLA NASCITA DI DON ANTONIO DELLA LUCIA<\/h3>\n<\/blockquote>\n<p><strong>CANALE D&#8217;AGORDO<\/strong> La Fondazione Papa Luciani Onlus celebra Don Antonio Della Lucia con un comitato speciale nel bicentenario della sua nascita. Coinvolte varie istituzioni e associazioni locali, incluso il Ministero dell&#8217;agricoltura. Evento inaugurale a Frassen\u00e8 Agordino il 16 maggio, con messa, annullo filatelico, mostra, conferenza e degustazione di formaggi. Tre mostre in provincia: Palazzo Piloni (16 maggio &#8211; 16 settembre), Canale d\u2019Agordo (1\u00b0 luglio &#8211; 31 agosto), e Frassen\u00e8 Agordino (1\u00b0 luglio &#8211; 31 agosto, su prenotazione). Un omaggio alla vita e all&#8217;opera di Della Lucia, pioniere delle latterie cooperative in Italia.<\/p>\n<a href=\"https:\/\/www.radiopiu.net\/wordpress\/wp-content\/uploads\/2024\/05\/Locandina-eventi-completa-per-il-bicentenario-del-Cavalier-Don-Antonio-Della-Lucia-1.pdf\" class=\"pdfemb-viewer\" style=\"\" data-width=\"max\" data-height=\"max\" data-toolbar=\"top\" data-toolbar-fixed=\"on\">Locandina eventi completa per il bicentenario del Cavalier Don Antonio Della Lucia<\/a>\n<p>&nbsp;<\/p>\n<hr \/>\n<p>&nbsp;<\/p>\n<blockquote>\n<h3>NON SEI SOLO, GLI INCONTRI A FELTRE<\/h3>\n<\/blockquote>\n<p><strong>FELTRE<\/strong> Il Centro per i Disturbi Cognitivi e Demenze dell\u2019Ulss Dolomiti, con i Centri di Servizio Residenziali, organizza 5 incontri su demenza e declino cognitivo, dal 6 maggio al 3 giugno 2024, a Feltre. Temi trattati: riconoscimento del declino e prevenzione, cura e comportamento, servizi del CDCD, gestione del declino avanzato e supporto alle famiglie. Ogni luned\u00ec, 18:00-19:00, Sala Convegni dell\u2019Ospedale di Feltre. Esperti quali Dott.ssa Roberta Padoan, Dott.ssa Francesca De Biasi, Dott.ssa Daniela Dal Zotto, Dott.ssa Francesca De Zaiacomo, Dott.ssa Lara Zanin condivideranno conoscenze. Per info e iscrizioni: <a target=\"_new\" rel=\"noopener\">cdcd.fe@aulss1.veneto.it<\/a>.<\/p>\n<p>&nbsp;<\/p>\n<p>&nbsp;<\/p>\n<hr \/>\n<p>&nbsp;<\/p>\n<blockquote>\n<h3>PRATICHE FILOSOFICHE AL CIRCOLO CULTURALE TERRA DEI PADRI<\/h3>\n<\/blockquote>\n<p><strong>BELLUNO<\/strong> Il Circolo Culturale La Terra dei Padri APS, a Borgo Piave &#8211; Belluno, ospita un laboratorio di pratiche filosofiche aperto a tutti nel mese di maggio 2024. Condotti da Francesco Dematt\u00e8, ex docente di storia e filosofia nei Licei, i quattro incontri si concentreranno su Plotino, filosofo del III secolo d.C. Gli incontri si terranno ogni marted\u00ec, dal 7 al 28 maggio, dalle 18 alle 19 presso il circolo culturale. Per informazioni e iscrizioni contattare direttamente in sede, via email o telefonicamente.<\/p>\n<p>&nbsp;<\/p>\n<p>&nbsp;<\/p>\n<hr \/>\n<p>&nbsp;<\/p>\n<blockquote>\n<h3>GENERAZIONI IN DIALOGO: IL RUOLO DELLE NUOVE TECNOLOGIE NELLA VITA QUOTIDIANA<\/h3>\n<\/blockquote>\n<p><a class=\"dt-pswp-item\" href=\"https:\/\/www.radiopiu.net\/wordpress\/wp-content\/uploads\/2024\/05\/SCR-20240501-otmh.jpeg\" data-dt-img-description=\"Screenshot\" data-large_image_width=\"1288\" data-large_image_height=\"918\"><img loading=\"lazy\" decoding=\"async\" class=\"wp-image-388032 alignleft\" src=\"https:\/\/www.radiopiu.net\/wordpress\/wp-content\/uploads\/2024\/05\/SCR-20240501-otmh-300x214.jpeg\" alt=\"\" width=\"161\" height=\"115\" srcset=\"https:\/\/www.radiopiu.net\/wordpress\/wp-content\/uploads\/2024\/05\/SCR-20240501-otmh-300x214.jpeg 300w, https:\/\/www.radiopiu.net\/wordpress\/wp-content\/uploads\/2024\/05\/SCR-20240501-otmh-1024x730.jpeg 1024w, https:\/\/www.radiopiu.net\/wordpress\/wp-content\/uploads\/2024\/05\/SCR-20240501-otmh-768x547.jpeg 768w, https:\/\/www.radiopiu.net\/wordpress\/wp-content\/uploads\/2024\/05\/SCR-20240501-otmh.jpeg 1288w\" sizes=\"auto, (max-width: 161px) 100vw, 161px\" \/><\/a><strong>CANALE D&#8217;AGORDO <\/strong>Il dibattito sulle generazioni Boomer, X, Millenials, Z e Alpha: dialogo o conflitto? Le nuove tecnologie influenzano la vita provinciale? La scuola \u00e8 ancora rilevante o l&#8217;IA \u00e8 preferita per i compiti? Riconosciamo le fake news dagli articoli autentici sul nostro smartphone? Web o amici, quale \u00e8 pi\u00f9 stimolante? Siamo padroni degli smartphone o viceversa? Il dott. Paolo Bello, SerD di Belluno, esplorer\u00e0 queste tematiche il 10 maggio alle 20.00 presso la sala Emigranti di Canale d&#8217;Agordo. Un evento promosso dal Comune di Canale, con SerD, Donatori di Sangue e Pro Loco, aperto a tutte le et\u00e0. Ingresso libero.<\/p>\n<p>&nbsp;<\/p>\n<p>&nbsp;<\/p>\n<hr \/>\n<p>&nbsp;<\/p>\n<blockquote>\n<h3><strong>Emigrazione Belgio: Uno Spettacolo sulla Storia Bellunese<\/strong><\/h3>\n<\/blockquote>\n<p><strong>SEDICO<\/strong> Sabato alle 20:45, al Polo Culturale, si terr\u00e0 uno spettacolo dedicato all&#8217;epica e drammatica emigrazione verso il Belgio di migliaia di bellunesi e molte centinaia di agordini nel secondo dopoguerra. Tratto dall&#8217;omonimo libro di Egidio Pasuch, che sar\u00e0 pubblicato a breve, lo spettacolo offre una rievocazione coinvolgente di questo importante capitolo della storia locale.<\/p>\n<p>&nbsp;<\/p>\n<hr \/>\n<p>&nbsp;<\/p>\n<h2><span style=\"color: #ff6600;\">IERI ALLA RADIO\u00a0<\/span><\/h2>\n<h2><span style=\"color: #993300;\">PERITI MINERARI DALL\u2019AGORDINO AL MONDO<\/span><\/h2>\n<p><strong>REDAZIONE<\/strong> Continua la serie di racconti con i periti minerari agordini. Nelle prossime quattro puntate la storia di Giacomo &#8220;Gianni&#8221; Gatta. I racconti dei periti minerari agordini che hanno lavorato nel mondo, ogni luned\u00ec alle 10:30 e alle 19 su Radio Pi\u00f9.<\/p>\n<p><iframe loading=\"lazy\" title=\"GIACOMO &quot;GIANNI&quot; GATTA\" width=\"1200\" height=\"675\" src=\"https:\/\/www.youtube.com\/embed\/HR1kEc5C6Js?feature=oembed\" frameborder=\"0\" allow=\"accelerometer; autoplay; clipboard-write; encrypted-media; gyroscope; picture-in-picture; web-share\" referrerpolicy=\"strict-origin-when-cross-origin\" allowfullscreen><\/iframe><\/p>\n<p>&nbsp;<\/p>\n<h2><strong>LA RACCOLTA COMPLETA <a href=\"https:\/\/www.radiopiu.net\/wordpress\/periti-minerari-dallagordino-al-mondo\/\"><span style=\"color: #0000ff;\">CLICCA QUI<\/span><\/a><\/strong><a href=\"https:\/\/www.radiopiu.net\/wordpress\/periti-minerari-dallagordino-al-mondo\/\"><span style=\"color: #0000ff;\">\u00a0<\/span><\/a><\/h2>\n<p>&nbsp;<\/p>\n<hr \/>\n<p>&nbsp;<\/p>\n<h2><span style=\"color: #808000;\">SALUTE E SOCIETA&#8217;<\/span><\/h2>\n<p><a class=\"dt-pswp-item\" href=\"https:\/\/www.radiopiu.net\/wordpress\/wp-content\/uploads\/2024\/05\/5cbe0537-cb24-977c-3d23-1499e2a42e96.jpg\" data-dt-img-description=\"Woman with cancer during chemotherapy recovering from illness\" data-large_image_width=\"800\" data-large_image_height=\"445\"><img loading=\"lazy\" decoding=\"async\" class=\"wp-image-388697 alignleft\" src=\"https:\/\/www.radiopiu.net\/wordpress\/wp-content\/uploads\/2024\/05\/5cbe0537-cb24-977c-3d23-1499e2a42e96-300x167.jpg\" alt=\"\" width=\"157\" height=\"87\" srcset=\"https:\/\/www.radiopiu.net\/wordpress\/wp-content\/uploads\/2024\/05\/5cbe0537-cb24-977c-3d23-1499e2a42e96-300x167.jpg 300w, https:\/\/www.radiopiu.net\/wordpress\/wp-content\/uploads\/2024\/05\/5cbe0537-cb24-977c-3d23-1499e2a42e96-768x427.jpg 768w, https:\/\/www.radiopiu.net\/wordpress\/wp-content\/uploads\/2024\/05\/5cbe0537-cb24-977c-3d23-1499e2a42e96.jpg 800w\" sizes=\"auto, (max-width: 157px) 100vw, 157px\" \/><\/a><strong>PUNTATA DEL 06 MAGGIO 2024<\/strong><\/p>\n<p><strong>Il ruolo della psico oncologia <\/strong>La psico-oncologia \u00e8 una disciplina che si occupa di assistere i pazienti nel percorso oncologico, fornendo supporto emotivo e psicologico ai pazienti e ai loro familiari. La figura dello psico-oncologo \u00e8 fondamentale all&#8217;interno delle Breast Unit.<\/p>\n<audio class=\"wp-audio-shortcode\" id=\"audio-388613-7\" preload=\"none\" style=\"width: 100%;\" controls=\"controls\"><source type=\"audio\/mpeg\" src=\"https:\/\/www.radiopiu.net\/wordpress\/wp-content\/uploads\/2024\/05\/SALUTE.mp3?_=7\" \/><a href=\"https:\/\/www.radiopiu.net\/wordpress\/wp-content\/uploads\/2024\/05\/SALUTE.mp3\">https:\/\/www.radiopiu.net\/wordpress\/wp-content\/uploads\/2024\/05\/SALUTE.mp3<\/a><\/audio>\n<p>&nbsp;<\/p>\n<hr \/>\n<p>&nbsp;<\/p>\n<h2><span style=\"color: #ff00ff;\">LO SPECIALE &#8220;BELLUNO DI NOTTE 1990&#8221; CON MARCO FARINELLA<\/span><\/h2>\n<p><strong>DI LUISA ALCHINI<\/strong><\/p>\n<p dir=\"auto\">Speciale <span class=\"xt0psk2\">Belluno di Notte 1990<\/span> e la nostalgia delle disco&#8230;Intervista a Marco Farinella<\/p>\n<div dir=\"auto\">\n<audio class=\"wp-audio-shortcode\" id=\"audio-388613-8\" preload=\"none\" style=\"width: 100%;\" controls=\"controls\"><source type=\"audio\/mpeg\" src=\"https:\/\/www.radiopiu.net\/wordpress\/wp-content\/uploads\/2024\/05\/Marco-Farinella-Belluno-di-notte1990-1.mp3?_=8\" \/><a href=\"https:\/\/www.radiopiu.net\/wordpress\/wp-content\/uploads\/2024\/05\/Marco-Farinella-Belluno-di-notte1990-1.mp3\">https:\/\/www.radiopiu.net\/wordpress\/wp-content\/uploads\/2024\/05\/Marco-Farinella-Belluno-di-notte1990-1.mp3<\/a><\/audio>\n<p>&nbsp;<\/p>\n\n\t\t\t<style type='text\/css'>\n\t\t\t\t#gallery-2 {\n\t\t\t\t\tmargin: auto;\n\t\t\t\t}\n\t\t\t\t#gallery-2 .gallery-item {\n\t\t\t\t\tfloat: left;\n\t\t\t\t\tmargin-top: 10px;\n\t\t\t\t\ttext-align: center;\n\t\t\t\t\twidth: 25%;\n\t\t\t\t}\n\t\t\t\t#gallery-2 img {\n\t\t\t\t\tborder: 2px solid #cfcfcf;\n\t\t\t\t}\n\t\t\t\t#gallery-2 .gallery-caption {\n\t\t\t\t\tmargin-left: 0;\n\t\t\t\t}\n\t\t\t\t\/* see gallery_shortcode() in wp-includes\/media.php *\/\n\t\t\t<\/style>\n\t\t<div id='gallery-2' class='dt-gallery-container gallery galleryid-388613 gallery-columns-4 gallery-size-thumbnail'><dl class='gallery-item'>\n\t\t\t\t<dt class='gallery-icon landscape'>\n\t\t\t\t\t<a class=\"rollover rollover-zoom dt-pswp-item\" title=\"90dc7b5a-29b7-434e-8cea-e826920576ce\" data-dt-img-description=\"\" data-large_image_width=\"1600\" data-large_image_height=\"940\"href='https:\/\/www.radiopiu.net\/wordpress\/wp-content\/uploads\/2024\/05\/90dc7b5a-29b7-434e-8cea-e826920576ce.jpg'><img loading=\"lazy\" decoding=\"async\" width=\"150\" height=\"150\" src=\"https:\/\/www.radiopiu.net\/wordpress\/wp-content\/uploads\/2024\/05\/90dc7b5a-29b7-434e-8cea-e826920576ce-150x150.jpg\" class=\"attachment-thumbnail size-thumbnail\" alt=\"\" \/><\/a>\n\t\t\t\t<\/dt><\/dl><dl class='gallery-item'>\n\t\t\t\t<dt class='gallery-icon landscape'>\n\t\t\t\t\t<a class=\"rollover rollover-zoom dt-pswp-item\" title=\"54be0337-d890-43c2-971e-27ad0e107227\" data-dt-img-description=\"\" data-large_image_width=\"1080\" data-large_image_height=\"702\"href='https:\/\/www.radiopiu.net\/wordpress\/wp-content\/uploads\/2024\/05\/54be0337-d890-43c2-971e-27ad0e107227.jpg'><img loading=\"lazy\" decoding=\"async\" width=\"150\" height=\"150\" src=\"https:\/\/www.radiopiu.net\/wordpress\/wp-content\/uploads\/2024\/05\/54be0337-d890-43c2-971e-27ad0e107227-150x150.jpg\" class=\"attachment-thumbnail size-thumbnail\" alt=\"\" \/><\/a>\n\t\t\t\t<\/dt><\/dl><dl class='gallery-item'>\n\t\t\t\t<dt class='gallery-icon landscape'>\n\t\t\t\t\t<a class=\"rollover rollover-zoom dt-pswp-item\" title=\"55ebd12c-0863-4b76-af85-ab8d45f108e0\" data-dt-img-description=\"\" data-large_image_width=\"1080\" data-large_image_height=\"839\"href='https:\/\/www.radiopiu.net\/wordpress\/wp-content\/uploads\/2024\/05\/55ebd12c-0863-4b76-af85-ab8d45f108e0.jpg'><img loading=\"lazy\" decoding=\"async\" width=\"150\" height=\"150\" src=\"https:\/\/www.radiopiu.net\/wordpress\/wp-content\/uploads\/2024\/05\/55ebd12c-0863-4b76-af85-ab8d45f108e0-150x150.jpg\" class=\"attachment-thumbnail size-thumbnail\" alt=\"\" \/><\/a>\n\t\t\t\t<\/dt><\/dl><dl class='gallery-item'>\n\t\t\t\t<dt class='gallery-icon portrait'>\n\t\t\t\t\t<a class=\"rollover rollover-zoom dt-pswp-item\" title=\"51cda025-8279-4acf-8048-1a8c6b0fa9f6\" data-dt-img-description=\"\" data-large_image_width=\"1080\" data-large_image_height=\"1333\"href='https:\/\/www.radiopiu.net\/wordpress\/wp-content\/uploads\/2024\/05\/51cda025-8279-4acf-8048-1a8c6b0fa9f6.jpg'><img loading=\"lazy\" decoding=\"async\" width=\"150\" height=\"150\" src=\"https:\/\/www.radiopiu.net\/wordpress\/wp-content\/uploads\/2024\/05\/51cda025-8279-4acf-8048-1a8c6b0fa9f6-150x150.jpg\" class=\"attachment-thumbnail size-thumbnail\" alt=\"\" \/><\/a>\n\t\t\t\t<\/dt><\/dl><br style=\"clear: both\" \/>\n\t\t\t<\/div>\n\n<p>&nbsp;<\/p>\n<hr \/>\n<p>&nbsp;<\/p>\n<h2><span style=\"color: #800080;\">CIAK SI GIRA, IL PROGRAMMA DI PAOLA LANCIATO<\/span><\/h2>\n<p><strong><a class=\"dt-pswp-item\" href=\"https:\/\/www.radiopiu.net\/wordpress\/wp-content\/uploads\/2024\/05\/4CqzvH8V63cWM2VRI6Tb85rD3Re.jpg\" data-dt-img-description=\"\" data-large_image_width=\"1000\" data-large_image_height=\"1500\"><img loading=\"lazy\" decoding=\"async\" class=\" wp-image-388624 alignleft\" src=\"https:\/\/www.radiopiu.net\/wordpress\/wp-content\/uploads\/2024\/05\/4CqzvH8V63cWM2VRI6Tb85rD3Re-200x300.jpg\" alt=\"\" width=\"108\" height=\"162\" srcset=\"https:\/\/www.radiopiu.net\/wordpress\/wp-content\/uploads\/2024\/05\/4CqzvH8V63cWM2VRI6Tb85rD3Re-200x300.jpg 200w, https:\/\/www.radiopiu.net\/wordpress\/wp-content\/uploads\/2024\/05\/4CqzvH8V63cWM2VRI6Tb85rD3Re-683x1024.jpg 683w, https:\/\/www.radiopiu.net\/wordpress\/wp-content\/uploads\/2024\/05\/4CqzvH8V63cWM2VRI6Tb85rD3Re-768x1152.jpg 768w, https:\/\/www.radiopiu.net\/wordpress\/wp-content\/uploads\/2024\/05\/4CqzvH8V63cWM2VRI6Tb85rD3Re.jpg 1000w\" sizes=\"auto, (max-width: 108px) 100vw, 108px\" \/><\/a>06 MAGGIO LA RAGAZZA DEL DIPINTO<\/strong><\/p>\n<audio class=\"wp-audio-shortcode\" id=\"audio-388613-9\" preload=\"none\" style=\"width: 100%;\" controls=\"controls\"><source type=\"audio\/mpeg\" src=\"https:\/\/www.radiopiu.net\/wordpress\/wp-content\/uploads\/2024\/04\/CIAK1-4.mp3?_=9\" \/><a href=\"https:\/\/www.radiopiu.net\/wordpress\/wp-content\/uploads\/2024\/04\/CIAK1-4.mp3\">https:\/\/www.radiopiu.net\/wordpress\/wp-content\/uploads\/2024\/04\/CIAK1-4.mp3<\/a><\/audio>\n<p>&nbsp;<\/p>\n<h2>LA RACCOLTA COMPLETA <a href=\"https:\/\/www.radiopiu.net\/wordpress\/ciak24\/\"><span style=\"color: #3366ff;\">CLICCA QUI<\/span><\/a><\/h2>\n<p>&nbsp;<\/p>\n<hr \/>\n<p>&nbsp;<\/p>\n<h2><span style=\"color: #33cccc;\">CINE HITS, ALLA SCOPERTA DELLE COLONNE SONORE<\/span><\/h2>\n<p><strong><a class=\"dt-pswp-item\" href=\"https:\/\/www.radiopiu.net\/wordpress\/wp-content\/uploads\/2024\/05\/8010312117817_0_536_0_75.jpg\" data-dt-img-description=\"\" data-large_image_width=\"500\" data-large_image_height=\"707\"><img loading=\"lazy\" decoding=\"async\" class=\" wp-image-388628 alignleft\" src=\"https:\/\/www.radiopiu.net\/wordpress\/wp-content\/uploads\/2024\/05\/8010312117817_0_536_0_75-212x300.jpg\" alt=\"\" width=\"115\" height=\"163\" srcset=\"https:\/\/www.radiopiu.net\/wordpress\/wp-content\/uploads\/2024\/05\/8010312117817_0_536_0_75-212x300.jpg 212w, https:\/\/www.radiopiu.net\/wordpress\/wp-content\/uploads\/2024\/05\/8010312117817_0_536_0_75.jpg 500w\" sizes=\"auto, (max-width: 115px) 100vw, 115px\" \/><\/a>06 MAGGIO &#8211; THE ROCKY HORROR PICTURE SHOW<\/strong><\/p>\n<audio class=\"wp-audio-shortcode\" id=\"audio-388613-10\" preload=\"none\" style=\"width: 100%;\" controls=\"controls\"><source type=\"audio\/mpeg\" src=\"https:\/\/www.radiopiu.net\/wordpress\/wp-content\/uploads\/2024\/04\/CINE1-4.mp3?_=10\" \/><a href=\"https:\/\/www.radiopiu.net\/wordpress\/wp-content\/uploads\/2024\/04\/CINE1-4.mp3\">https:\/\/www.radiopiu.net\/wordpress\/wp-content\/uploads\/2024\/04\/CINE1-4.mp3<\/a><\/audio>\n<p>&nbsp;<\/p>\n<h2>LA RACCOLTA COMPLETA <a href=\"https:\/\/www.radiopiu.net\/wordpress\/cine-hits-alla-scoperta-delle-colonne-sonore-la-raccolta\/\"><span style=\"color: #3366ff;\">CLICCA QUI<\/span><\/a><\/h2>\n<p>&nbsp;<\/p>\n<hr \/>\n<p>&nbsp;<\/p>\n<\/div>\n<h2><span style=\"color: #99cc00;\">I RACCONTI DI PAOLO SOPPELSA<\/span><\/h2>\n<p><strong>VOCI D&#8217;ACQUA<\/strong><\/p>\n<p><strong>AUDIO<\/strong><\/p>\n<audio class=\"wp-audio-shortcode\" id=\"audio-388613-11\" preload=\"none\" style=\"width: 100%;\" controls=\"controls\"><source type=\"audio\/mpeg\" src=\"https:\/\/www.radiopiu.net\/wordpress\/wp-content\/uploads\/2024\/05\/PAOLOS.mp3?_=11\" \/><a href=\"https:\/\/www.radiopiu.net\/wordpress\/wp-content\/uploads\/2024\/05\/PAOLOS.mp3\">https:\/\/www.radiopiu.net\/wordpress\/wp-content\/uploads\/2024\/05\/PAOLOS.mp3<\/a><\/audio>\n<p>&nbsp;<\/p>\n<p><a class=\"dt-pswp-item\" href=\"https:\/\/www.radiopiu.net\/wordpress\/wp-content\/uploads\/2024\/05\/2ad90d2b-aa67-4eb8-946f-05c907027fdf.jpg\" data-dt-img-description=\"\" data-large_image_width=\"1080\" data-large_image_height=\"810\"><img loading=\"lazy\" decoding=\"async\" class=\" wp-image-388484 alignleft\" src=\"https:\/\/www.radiopiu.net\/wordpress\/wp-content\/uploads\/2024\/05\/2ad90d2b-aa67-4eb8-946f-05c907027fdf-300x225.jpg\" alt=\"\" width=\"176\" height=\"132\" srcset=\"https:\/\/www.radiopiu.net\/wordpress\/wp-content\/uploads\/2024\/05\/2ad90d2b-aa67-4eb8-946f-05c907027fdf-300x225.jpg 300w, https:\/\/www.radiopiu.net\/wordpress\/wp-content\/uploads\/2024\/05\/2ad90d2b-aa67-4eb8-946f-05c907027fdf-1024x768.jpg 1024w, https:\/\/www.radiopiu.net\/wordpress\/wp-content\/uploads\/2024\/05\/2ad90d2b-aa67-4eb8-946f-05c907027fdf-768x576.jpg 768w, https:\/\/www.radiopiu.net\/wordpress\/wp-content\/uploads\/2024\/05\/2ad90d2b-aa67-4eb8-946f-05c907027fdf.jpg 1080w\" sizes=\"auto, (max-width: 176px) 100vw, 176px\" \/><\/a>\u00c8 di sera che va ascoltata l&#8217;acqua di fiumi e canali, di torrenti e fontane, all&#8217;ora in cui sfumano quei rumori che durante il giorno coprono le loro voci. Ogni fiume, ogni torrente ha una sua particolare voce, proprio come noi e quelle del Piave, del Cordevole e del Biois, le saprei riconoscere al buio solamente ascoltando il loro parlare. Infinite volte ho ascoltato il loro narrare nell&#8217;oscurit\u00e0 della notte, imparando il loro carattere e il loro umore. In fondo anch&#8217;essi sono un p\u00f2 come gli uomini; a volte cantano allegri, in altri momenti sussurrano dolci ninne-nanne e, in qualche occasione, si arrabbiano di brutto. Ed \u00e8 allora che risuonano con voce profonda nel buio delle tenebre, incutendo soggezione e talvolta paura, e poi, quando ritorna la tranquillit\u00e0, riprendono a raccontare le storie raccolte durante il loro infinito scorrere. Sono lunghi attimi quelli spesi ad ascoltare la voce dell&#8217;acqua durante il mio camminare nel buio di certe sere di primavera. Quasi sempre sono voci di acque montane ad attirare la mia attenzione, a far fermare il mio incedere lungo le strade del paese situato all&#8217;incrocio delle valli e dei venti. Nelle lunghe e serene sere di maggio, i due torrenti che scendono dalle valli omonime sono quasi sempre gonfi di acqua di disgelo. Uno scorrere lento che occupa quasi per intero gli alvei sassosi, voci profonde che diventano protagoniste di quelle penombre serali di una primavera con la neve sulle cime. Acque scure, pesanti, che dopo essersi unite riempiono fino all&#8217;orlo il piccolo lago di Cencenighe. Poi, quell&#8217;acqua dell&#8217;inverno che ancora vive sulla sommit\u00e0 dei monti, precipita con fragore dalle paratoie sconfitte; esse, in quei momenti di maggio, non hanno la forza di affrontare quel tumulto lento di acque di neve, ed ecco che allora dalla base della diga si alza un rombo cupo creato da quell&#8217;acqua che poi prender\u00e0 la strada che la condurr\u00e0 all&#8217;appuntamento con il Piave. A volte, invece, accade di sostare ai margini di canali che attraversano cittadine di pianura. Essi parlano con voce stentata, l&#8217;acqua scura pare quasi immobile e rassegnata a scorrere a velocit\u00e0 impercettibile fra mura antiche e argini erbosi. \u00c8 acqua quieta che riflette le mille luci di citt\u00e0, \u00e8 acqua che lenta scorre verso il mare senza sussulti e, forse, senza entusiasmo. Non possiede il vigore dell&#8217;acqua del R\u00f9 da Ghisel che scorre lungo l\u2019ombroso e verticale canalone che taglia a met\u00e0 il versante della grande montagna. Preziosi ricordi ritornano durante certe sere vissute a mezza costa di fronte al Pelsa. L\u00ec, dove al termine del tramonto regna la pace e risuona il canto di quell&#8217;acqua che precipita dall&#8217;alta cascata. \u00c8 canto perenne che riporta dolci momenti passati, \u00e8 voce di quella montagna che ha visto scorrere le parche e dignitose vite vissute da quelli che c&#8217;erano prima di me. \u00c8 voce d&#8217;acqua che un tempo duettava con quella della fontana che da ormai tanti anni non esiste pi\u00f9, \u00e8 canto di vita che sempre regala attimi vissuti e mai dimenticati.<\/p>\n<p>&nbsp;<\/p>\n<p>&nbsp;<\/p>\n<hr \/>\n<p>&nbsp;<\/p>\n<blockquote class=\"wp-embedded-content\" data-secret=\"AdUYseu2r1\"><p><a href=\"https:\/\/www.radiopiu.net\/wordpress\/lotteria-del-cacciatore-i-numeri-vincenti\/\">LOTTERIA DEL CACCIATORE: I NUMERI VINCENTI<\/a><\/p><\/blockquote>\n<p><iframe loading=\"lazy\" class=\"wp-embedded-content\" sandbox=\"allow-scripts\" security=\"restricted\" style=\"position: absolute; clip: rect(1px, 1px, 1px, 1px);\" title=\"&#8220;LOTTERIA DEL CACCIATORE: I NUMERI VINCENTI&#8221; &#8212; Radio Pi\u00f9\" src=\"https:\/\/www.radiopiu.net\/wordpress\/lotteria-del-cacciatore-i-numeri-vincenti\/embed\/#?secret=VrPjAOZNGX#?secret=AdUYseu2r1\" data-secret=\"AdUYseu2r1\" width=\"600\" height=\"338\" frameborder=\"0\" marginwidth=\"0\" marginheight=\"0\" scrolling=\"no\"><\/iframe><\/p>\n<p>&nbsp;<\/p>\n<hr \/>\n<p>&nbsp;<\/p>\n<h2><span style=\"color: #ff0000;\"><a class=\"dt-pswp-item\" href=\"https:\/\/www.radiopiu.net\/wordpress\/wp-content\/uploads\/2018\/09\/appuntamenti.jpeg\" data-dt-img-description=\"\" data-large_image_width=\"800\" data-large_image_height=\"100\"><img loading=\"lazy\" decoding=\"async\" class=\"wp-image-61958 size-full aligncenter\" src=\"https:\/\/www.radiopiu.net\/wordpress\/wp-content\/uploads\/2018\/09\/appuntamenti.jpeg\" alt=\"\" width=\"800\" height=\"100\" srcset=\"https:\/\/www.radiopiu.net\/wordpress\/wp-content\/uploads\/2018\/09\/appuntamenti.jpeg 800w, https:\/\/www.radiopiu.net\/wordpress\/wp-content\/uploads\/2018\/09\/appuntamenti-300x38.jpeg 300w, https:\/\/www.radiopiu.net\/wordpress\/wp-content\/uploads\/2018\/09\/appuntamenti-768x96.jpeg 768w\" sizes=\"auto, (max-width: 800px) 100vw, 800px\" \/><\/a><\/span><\/h2>\n<div>\n<div class=\"\" dir=\"auto\">\n<div id=\":r9h:\" class=\"x1iorvi4 x1pi30zi x1l90r2v x1swvt13\" data-ad-comet-preview=\"message\" data-ad-preview=\"message\">\n<p>&nbsp;<\/p>\n<p>&nbsp;<\/p>\n<div class=\"x78zum5 xdt5ytf xz62fqu x16ldp7u\">\n<div class=\"xu06os2 x1ok221b\">\n\n\t\t\t<style type='text\/css'>\n\t\t\t\t#gallery-3 {\n\t\t\t\t\tmargin: auto;\n\t\t\t\t}\n\t\t\t\t#gallery-3 .gallery-item {\n\t\t\t\t\tfloat: left;\n\t\t\t\t\tmargin-top: 10px;\n\t\t\t\t\ttext-align: center;\n\t\t\t\t\twidth: 50%;\n\t\t\t\t}\n\t\t\t\t#gallery-3 img {\n\t\t\t\t\tborder: 2px solid #cfcfcf;\n\t\t\t\t}\n\t\t\t\t#gallery-3 .gallery-caption {\n\t\t\t\t\tmargin-left: 0;\n\t\t\t\t}\n\t\t\t\t\/* see gallery_shortcode() in wp-includes\/media.php *\/\n\t\t\t<\/style>\n\t\t<div id='gallery-3' class='dt-gallery-container gallery galleryid-388613 gallery-columns-2 gallery-size-thumbnail'><dl class='gallery-item'>\n\t\t\t\t<dt class='gallery-icon portrait'>\n\t\t\t\t\t<a class=\"rollover rollover-zoom dt-pswp-item\" title=\"437146738_2577149032445332_1917642300626249383_n\" data-dt-img-description=\"\" data-large_image_width=\"509\" data-large_image_height=\"720\"href='https:\/\/www.radiopiu.net\/wordpress\/wp-content\/uploads\/2024\/04\/437146738_2577149032445332_1917642300626249383_n.jpg'><img loading=\"lazy\" decoding=\"async\" width=\"150\" height=\"150\" src=\"https:\/\/www.radiopiu.net\/wordpress\/wp-content\/uploads\/2024\/04\/437146738_2577149032445332_1917642300626249383_n-150x150.jpg\" class=\"attachment-thumbnail size-thumbnail\" alt=\"\" aria-describedby=\"gallery-3-387164\" \/><\/a>\n\t\t\t\t<\/dt>\n\t\t\t\t\t<dd class='wp-caption-text gallery-caption' id='gallery-3-387164'>\n\t\t\t\t\tDA VENERDI 3 MAGGIO VIA AL MAGGIO AGORDINO CON I PERITI MINERARI\n\t\t\t\t\t<\/dd><\/dl><dl class='gallery-item'>\n\t\t\t\t<dt class='gallery-icon portrait'>\n\t\t\t\t\t<a class=\"rollover rollover-zoom dt-pswp-item\" title=\"532d59c3-32a5-4ff5-9d92-ef84dc9468ea\" data-dt-img-description=\"\" data-large_image_width=\"1080\" data-large_image_height=\"1526\"href='https:\/\/www.radiopiu.net\/wordpress\/wp-content\/uploads\/2024\/05\/532d59c3-32a5-4ff5-9d92-ef84dc9468ea.jpg'><img loading=\"lazy\" decoding=\"async\" width=\"150\" height=\"150\" src=\"https:\/\/www.radiopiu.net\/wordpress\/wp-content\/uploads\/2024\/05\/532d59c3-32a5-4ff5-9d92-ef84dc9468ea-150x150.jpg\" class=\"attachment-thumbnail size-thumbnail\" alt=\"\" aria-describedby=\"gallery-3-388210\" \/><\/a>\n\t\t\t\t<\/dt>\n\t\t\t\t\t<dd class='wp-caption-text gallery-caption' id='gallery-3-388210'>\n\t\t\t\t\tTORNEO DEI FRAZIONISTI, LA FESTAS SUL BROI\n\t\t\t\t\t<\/dd><\/dl><br style=\"clear: both\" \/>\n\t\t\t<\/div>\n\n<\/div>\n<\/div>\n<\/div>\n<\/div>\n<\/div>\n<p><strong>AGORDO<\/strong> MAGGIO AGORDINO, CONOSCERE IL TERRITORIO, CON L&#8217;ASSOCIAZIONE PERITI MINERARI DI AGORDO QUATTRO APPUNTAMENTI, PER QUATTRO VENERDI ALLE 20.30 IN SALA DON TAMIS, AD AGORDO, CON INGRESSO LIBERO A TUTTI\u00a0 VENERDI 10 MAGGIO UNA SERATA TRA I BOSCHI CHE CAMBIANO, I BOSCHI DELLE DOLOMITI professor Luca Canzan VENERDI 17 MAGGIO LA METEOLOROGIA ALPINA, UN UNIVERSO SFACETTATO QUANTO LA MONTAGNA STESSA con il dottor Robert Thierry Luciani VENERDI 24 MAGGIO ENERGIA E AMBIENTE DI MONTAGNA con l&#8217;ingegner Adriano Luchetta MAGGIO AGORDINO&#8230; CON L&#8217;APIM, I VENERDI DI SERA IN SALA DON TAMIS<\/p>\n<p><strong>BELLUNO<\/strong> Mostra &#8220;Mater: maternit\u00e0 che capolavoro!&#8221; promossa per contrastare la denatalit\u00e0. Evento organizzato dall&#8217;associazione Centro Aiuto alla Vita, con diverse collaborazioni. Scopo: promuovere cultura della vita. Mostra curata da Barbara Bortot, espone opere di artisti professionisti e scolari. Inaugurazione il 11 maggio a palazzo Bembo, con esibizioni e premiazioni. Maternit\u00e0 vista come bene comune. Accessibile dal 14 al 24 maggio. Orari: mar, gio, ven 9-12:30, 14:30-18; mer 9-12:30.<\/p>\n<p><strong>FELTRE<\/strong> L&#8217;eclissi totale di Sole \u00e8 uno spettacolo emozionante e primordiale, e l&#8217;Associazione Rheticus presenter\u00e0 il resoconto scientifico della spedizione in Texas per osservarla. Saranno proiettate le migliori immagini dell&#8217;eclissi e verranno mostrati momenti significativi del viaggio. Una simulazione dell&#8217;eclissi totale dar\u00e0 un&#8217;idea dell&#8217;atmosfera durante il fenomeno. Apuntamento sabato alle 21 al Centro Astronomico di Feltre<\/p>\n<p>&nbsp;<\/p>\n<h2><span style=\"color: #ff0000;\">PROSSIMAMENTE<\/span><\/h2>\n<p><strong>SOSPIROLO <\/strong>Gioved\u00ec 16 maggio 2024 ore 20.30 al Centro civico di Sospirolo si terr\u00e0 la presentazione del libro &#8220;La scacchiera sotto il calicanto&#8221; di Giovanni Lorusso. La presentazione \u00e8 curata da Federico Brancaleone, Lucia Mezzacasa legge alcuni brani tratti dai racconti mentre tre attori della compagnia TeatroBis proporranno un racconto teatralizzato. La serata, ad ingresso libero, \u00e8 promossa dalla Pro Loco Monti del Sole e gode del patrocinio del Comune di Sospirolo.<\/p>\n<p>&nbsp;<\/p>\n<hr \/>\n<p>&nbsp;<\/p>\n<blockquote class=\"wp-embedded-content\" data-secret=\"ttaBXmYW7H\"><p><a href=\"https:\/\/www.radiopiu.net\/wordpress\/piu-siamo-con-marina-settimana-dal-29-aprile-al-3-maggio-2024\/\">PIU&#8217; SIAMO&#8230;.. CON MARINA. SETTIMANA DAL 29 APRILE AL 3 MAGGIO 2024<\/a><\/p><\/blockquote>\n<p><iframe loading=\"lazy\" class=\"wp-embedded-content\" sandbox=\"allow-scripts\" security=\"restricted\" style=\"position: absolute; clip: rect(1px, 1px, 1px, 1px);\" title=\"&#8220;PIU&#8217; SIAMO&#8230;.. CON MARINA. SETTIMANA DAL 29 APRILE AL 3 MAGGIO 2024&#8221; &#8212; Radio Pi\u00f9\" src=\"https:\/\/www.radiopiu.net\/wordpress\/piu-siamo-con-marina-settimana-dal-29-aprile-al-3-maggio-2024\/embed\/#?secret=N1s4HwLuy7#?secret=ttaBXmYW7H\" data-secret=\"ttaBXmYW7H\" width=\"600\" height=\"338\" frameborder=\"0\" marginwidth=\"0\" marginheight=\"0\" scrolling=\"no\"><\/iframe><\/p>\n<p>&nbsp;<\/p>\n<hr \/>\n<p>&nbsp;<\/p>\n<p><a class=\"dt-pswp-item\" href=\"https:\/\/www.radiopiu.net\/wordpress\/wp-content\/uploads\/2018\/09\/viabilita.jpeg\" data-dt-img-description=\"\" data-large_image_width=\"800\" data-large_image_height=\"100\"><img loading=\"lazy\" decoding=\"async\" class=\"aligncenter wp-image-61954 size-full\" src=\"https:\/\/www.radiopiu.net\/wordpress\/wp-content\/uploads\/2018\/09\/viabilita.jpeg\" alt=\"\" width=\"800\" height=\"100\" srcset=\"https:\/\/www.radiopiu.net\/wordpress\/wp-content\/uploads\/2018\/09\/viabilita.jpeg 800w, https:\/\/www.radiopiu.net\/wordpress\/wp-content\/uploads\/2018\/09\/viabilita-300x38.jpeg 300w, https:\/\/www.radiopiu.net\/wordpress\/wp-content\/uploads\/2018\/09\/viabilita-768x96.jpeg 768w\" sizes=\"auto, (max-width: 800px) 100vw, 800px\" \/><\/a><\/p>\n<p>&nbsp;<\/p>\n<p><a class=\"dt-pswp-item\" href=\"https:\/\/www.radiopiu.net\/wordpress\/wp-content\/uploads\/2023\/12\/botol-car-service.jpg\" data-dt-img-description=\"\" data-large_image_width=\"600\" data-large_image_height=\"600\"><img loading=\"lazy\" decoding=\"async\" class=\"size-medium wp-image-367044 aligncenter\" src=\"https:\/\/www.radiopiu.net\/wordpress\/wp-content\/uploads\/2023\/12\/botol-car-service-300x300.jpg\" alt=\"\" width=\"300\" height=\"300\" srcset=\"https:\/\/www.radiopiu.net\/wordpress\/wp-content\/uploads\/2023\/12\/botol-car-service-300x300.jpg 300w, https:\/\/www.radiopiu.net\/wordpress\/wp-content\/uploads\/2023\/12\/botol-car-service-150x150.jpg 150w, https:\/\/www.radiopiu.net\/wordpress\/wp-content\/uploads\/2023\/12\/botol-car-service.jpg 600w\" sizes=\"auto, (max-width: 300px) 100vw, 300px\" \/><\/a><\/p>\n<p>&nbsp;<\/p>\n<p>&nbsp;<\/p>\n<h1>BOLLETTINO QUOTIDIANO, CLICCA QUI<\/h1>\n<blockquote class=\"wp-embedded-content\" data-secret=\"i3KDMxLFTc\"><p><a href=\"https:\/\/www.radiopiu.net\/wordpress\/viabilita\/\">viabilita<\/a><\/p><\/blockquote>\n<p><iframe loading=\"lazy\" class=\"wp-embedded-content\" sandbox=\"allow-scripts\" security=\"restricted\" style=\"position: absolute; clip: rect(1px, 1px, 1px, 1px);\" title=\"&#8220;viabilita&#8221; &#8212; Radio Pi\u00f9\" src=\"https:\/\/www.radiopiu.net\/wordpress\/viabilita\/embed\/#?secret=O59S3j0MFA#?secret=i3KDMxLFTc\" data-secret=\"i3KDMxLFTc\" width=\"600\" height=\"338\" frameborder=\"0\" marginwidth=\"0\" marginheight=\"0\" scrolling=\"no\"><\/iframe><\/p>\n<p>&nbsp;<\/p>\n<p>&nbsp;<\/p>\n<p>&nbsp;<\/p>\n<hr \/>\n<p>&nbsp;<\/p>\n<p><a class=\"dt-pswp-item\" href=\"https:\/\/www.radiopiu.net\/wordpress\/wp-content\/uploads\/2018\/09\/WhatsApp-Image-2018-09-20-at-16.04.06.jpeg\" data-dt-img-description=\"\" data-large_image_width=\"800\" data-large_image_height=\"100\"><img loading=\"lazy\" decoding=\"async\" class=\"wp-image-61378 size-full aligncenter\" src=\"https:\/\/www.radiopiu.net\/wordpress\/wp-content\/uploads\/2018\/09\/WhatsApp-Image-2018-09-20-at-16.04.06.jpeg\" alt=\"\" width=\"800\" height=\"100\" srcset=\"https:\/\/www.radiopiu.net\/wordpress\/wp-content\/uploads\/2018\/09\/WhatsApp-Image-2018-09-20-at-16.04.06.jpeg 800w, https:\/\/www.radiopiu.net\/wordpress\/wp-content\/uploads\/2018\/09\/WhatsApp-Image-2018-09-20-at-16.04.06-300x38.jpeg 300w, https:\/\/www.radiopiu.net\/wordpress\/wp-content\/uploads\/2018\/09\/WhatsApp-Image-2018-09-20-at-16.04.06-768x96.jpeg 768w\" sizes=\"auto, (max-width: 800px) 100vw, 800px\" \/><\/a><\/p>\n<p><center><\/center><center><\/center><center><\/center><center><\/center><center><\/center><center><\/center>&nbsp;<\/p>\n<p><center><\/center><center><\/center><center><\/center><center><\/center><center><b>OGGI<\/b><\/center>Iniziale variabilit\u00e0, ma gi\u00e0 entro met\u00e0 mattinata il tempo peggiorer\u00e0 e risulter\u00e0 perturbato\/instabile con cielo coperto e precipitazioni anche diffuse. Tale situazione perdurer\u00e0 fino alla sera, pur attenuandosi dal tardo pomeriggio in poi.<br \/>\n<b>Precipitazioni: <\/b>Precipitazioni frequenti, a tratti diffuse, anche per rovesci e locali temporali. i fenomeni saranno gi\u00e0 probabili in mattinata a partire dalle Prealpi, in rapida estensione al resto del territorio, poi il rischio diminuir\u00e0.<br \/>\n<b>Temperature: <\/b>Minime in rialzo nelle valli ed in calo in alta quota, dove saranno osservate alla sera. Massime in generale diminuzione.<\/p>\n<hr \/>\n<p><center><b>DOMANI<\/b><\/center>Tempo variabile, a tratti ancora leggermente instabile, con molte nubi sia stratiformi che cumuliformi e limitate chance di schiarite. Il rischio di qualche fenomeno persister\u00e0, ma con minore probabilit\u00e0 rispetto a marted\u00ec.<br \/>\n<b>Precipitazioni: <\/b>Persistenza della probabilit\u00e0 di rovesci sparsi, anche se sar\u00e0 minore rispetto al giorno precedente sia al mattino che al pomeriggio, senza escludere isolati temporali sulla fascia prealpina<br \/>\n<b>Temperature: <\/b>In generale Lieve aumento, eccetto qualche diminuzione nei fondovalle, ma solo in caso di schiarite notturne.<\/p>\n<hr \/>\n<p><center><b>GIOVEDI<\/b><\/center>Al mattino sole e cielo sereno o poco nuvoloso. Dalle ore centrali e nel pomeriggio riduzione del soleggiamento per modesti addensamenti sulle Dolomiti, in alcuni casi maggiormente sviluppati sulle Prealpi, dove seppur poco probabile non sar\u00e0 del tutto escluso qualche isolato piovasco. Temperature in generale aumento.<\/p>\n<hr \/>\n<p><center><b>VENERDI<\/b><\/center>Tempo decisamente migliore con sole e modesta attivit\u00e0 cumuliforme nelle ore pi\u00f9 calde su Dolomiti, maggiore a ridosso della pedemontana con qualche rovescio. Temperature in ulteriore generale aumento.<\/p>\n<p>&nbsp;<\/p>\n<hr \/>\n<p>&nbsp;<\/p>\n<p><img loading=\"lazy\" decoding=\"async\" class=\"wp-image-60761 size-full aligncenter\" src=\"https:\/\/www.radiopiu.net\/wordpress\/wp-content\/uploads\/2018\/09\/sport.jpg\" alt=\"\" width=\"800\" height=\"100\" srcset=\"https:\/\/www.radiopiu.net\/wordpress\/wp-content\/uploads\/2018\/09\/sport.jpg 800w, https:\/\/www.radiopiu.net\/wordpress\/wp-content\/uploads\/2018\/09\/sport-300x38.jpg 300w, https:\/\/www.radiopiu.net\/wordpress\/wp-content\/uploads\/2018\/09\/sport-768x96.jpg 768w\" sizes=\"auto, (max-width: 800px) 100vw, 800px\" \/><\/p>\n<h3><span style=\"color: #0000ff;\"><strong>MOTORI\u00a0<\/strong><\/span><\/h3>\n<blockquote>\n<h3>IL DEBUTTO DI FILIPPO FANT TRA SORRISI E OTTIMISMO<\/h3>\n<\/blockquote>\n<p>&nbsp;<\/p>\n<p><strong><img loading=\"lazy\" decoding=\"async\" class=\"alignleft\" src=\"https:\/\/www.radiopiu.net\/wordpress\/wp-content\/uploads\/2024\/05\/3c9b2b80-000d-4565-8291-dd3e069d683c.jpg\" width=\"222\" height=\"148\" \/>BELLUNO<\/strong><\/p>\n<p><strong>DI ROBERTO BONA<\/strong><\/p>\n<p>&nbsp;<\/p>\n<audio class=\"wp-audio-shortcode\" id=\"audio-388613-12\" preload=\"none\" style=\"width: 100%;\" controls=\"controls\"><source type=\"audio\/wav\" src=\"https:\/\/www.radiopiu.net\/wordpress\/wp-content\/uploads\/2024\/05\/FilippoFantMisano-1.wav?_=12\" \/><a href=\"https:\/\/www.radiopiu.net\/wordpress\/wp-content\/uploads\/2024\/05\/FilippoFantMisano-1.wav\">https:\/\/www.radiopiu.net\/wordpress\/wp-content\/uploads\/2024\/05\/FilippoFantMisano-1.wav<\/a><\/audio>\n<p>&nbsp;<\/p>\n<p style=\"text-align: left;\"><span style=\"color: #0000ff;\"><strong>NUOTO\u00a0<\/strong><\/span><\/p>\n<p>Successi degli Atleti di Attivamente Agordino<\/p>\n<table>\n<thead>\n<tr>\n<th><\/th>\n<th><\/th>\n<\/tr>\n<\/thead>\n<tbody>\n<tr>\n<td>6 Maggio<\/td>\n<td>Fiera di Primiero<\/td>\n<td>Campionato Regionale CSI &#8211; Gruppi Propaganda e Master<\/td>\n<\/tr>\n<tr>\n<td>6 Maggio<\/td>\n<td>Pieve di Cadore<\/td>\n<td>4^ Giornata Campionato Provinciale Swim Teen della FIN<\/td>\n<\/tr>\n<\/tbody>\n<\/table>\n<p>&nbsp;<\/p>\n<p><strong>AGORDO<\/strong> Gli atleti di Attivamente Agordino hanno ottenuto eccellenti risultati nelle gare del 6 maggio. A Fiera di Primiero, i gruppi Propaganda e Master hanno partecipato al Campionato Regionale CSI, mentre a Pieve di Cadore si \u00e8 svolta la 4^ giornata del Campionato Provinciale Swim Teen della FIN. In entrambe le competizioni, i nuotatori agordini hanno conquistato numerose vittorie e podi, dimostrando una tecnica eccezionale.<\/p>\n<p>Soddisfazione per i tecnici Veronica De Nardin, Roberto Broglio e Paolo D&#8217;Imperio che vedono cos\u00ec perfezionare i frutti del loro lavoro e anche per tutto lo staff della societ\u00e0 ripagato dall\u2019impegno profuso. Le prossime gare sono previste per il 26 maggio per le squadre Swim Teen e Propaganda, mentre per il gruppo master inizieranno le competizioni in acque libere.<\/p>\n<p>&nbsp;<\/p>\n\n\t\t\t<style type='text\/css'>\n\t\t\t\t#gallery-4 {\n\t\t\t\t\tmargin: auto;\n\t\t\t\t}\n\t\t\t\t#gallery-4 .gallery-item {\n\t\t\t\t\tfloat: left;\n\t\t\t\t\tmargin-top: 10px;\n\t\t\t\t\ttext-align: center;\n\t\t\t\t\twidth: 50%;\n\t\t\t\t}\n\t\t\t\t#gallery-4 img {\n\t\t\t\t\tborder: 2px solid #cfcfcf;\n\t\t\t\t}\n\t\t\t\t#gallery-4 .gallery-caption {\n\t\t\t\t\tmargin-left: 0;\n\t\t\t\t}\n\t\t\t\t\/* see gallery_shortcode() in wp-includes\/media.php *\/\n\t\t\t<\/style>\n\t\t<div id='gallery-4' class='dt-gallery-container gallery galleryid-388613 gallery-columns-2 gallery-size-medium'><dl class='gallery-item'>\n\t\t\t\t<dt class='gallery-icon landscape'>\n\t\t\t\t\t<a class=\"rollover rollover-zoom dt-pswp-item\" title=\"5998b5d8-bcb7-4637-831e-207640c558a5\" data-dt-img-description=\"\" data-large_image_width=\"1304\" data-large_image_height=\"941\"href='https:\/\/www.radiopiu.net\/wordpress\/wp-content\/uploads\/2024\/05\/5998b5d8-bcb7-4637-831e-207640c558a5.jpg'><img loading=\"lazy\" decoding=\"async\" width=\"300\" height=\"216\" src=\"https:\/\/www.radiopiu.net\/wordpress\/wp-content\/uploads\/2024\/05\/5998b5d8-bcb7-4637-831e-207640c558a5-300x216.jpg\" class=\"attachment-medium size-medium\" alt=\"\" srcset=\"https:\/\/www.radiopiu.net\/wordpress\/wp-content\/uploads\/2024\/05\/5998b5d8-bcb7-4637-831e-207640c558a5-300x216.jpg 300w, https:\/\/www.radiopiu.net\/wordpress\/wp-content\/uploads\/2024\/05\/5998b5d8-bcb7-4637-831e-207640c558a5-1024x739.jpg 1024w, https:\/\/www.radiopiu.net\/wordpress\/wp-content\/uploads\/2024\/05\/5998b5d8-bcb7-4637-831e-207640c558a5-768x554.jpg 768w, https:\/\/www.radiopiu.net\/wordpress\/wp-content\/uploads\/2024\/05\/5998b5d8-bcb7-4637-831e-207640c558a5.jpg 1304w\" sizes=\"auto, (max-width: 300px) 100vw, 300px\" \/><\/a>\n\t\t\t\t<\/dt><\/dl><dl class='gallery-item'>\n\t\t\t\t<dt class='gallery-icon landscape'>\n\t\t\t\t\t<a class=\"rollover rollover-zoom dt-pswp-item\" title=\"a5c92576-c0fe-4345-bba3-03a74aaff87f\" data-dt-img-description=\"\" data-large_image_width=\"1600\" data-large_image_height=\"1200\"href='https:\/\/www.radiopiu.net\/wordpress\/wp-content\/uploads\/2024\/05\/a5c92576-c0fe-4345-bba3-03a74aaff87f.jpg'><img loading=\"lazy\" decoding=\"async\" width=\"300\" height=\"225\" src=\"https:\/\/www.radiopiu.net\/wordpress\/wp-content\/uploads\/2024\/05\/a5c92576-c0fe-4345-bba3-03a74aaff87f-300x225.jpg\" class=\"attachment-medium size-medium\" alt=\"\" srcset=\"https:\/\/www.radiopiu.net\/wordpress\/wp-content\/uploads\/2024\/05\/a5c92576-c0fe-4345-bba3-03a74aaff87f-300x225.jpg 300w, https:\/\/www.radiopiu.net\/wordpress\/wp-content\/uploads\/2024\/05\/a5c92576-c0fe-4345-bba3-03a74aaff87f-1024x768.jpg 1024w, https:\/\/www.radiopiu.net\/wordpress\/wp-content\/uploads\/2024\/05\/a5c92576-c0fe-4345-bba3-03a74aaff87f-768x576.jpg 768w, https:\/\/www.radiopiu.net\/wordpress\/wp-content\/uploads\/2024\/05\/a5c92576-c0fe-4345-bba3-03a74aaff87f-1536x1152.jpg 1536w, https:\/\/www.radiopiu.net\/wordpress\/wp-content\/uploads\/2024\/05\/a5c92576-c0fe-4345-bba3-03a74aaff87f.jpg 1600w\" sizes=\"auto, (max-width: 300px) 100vw, 300px\" \/><\/a>\n\t\t\t\t<\/dt><\/dl><br style=\"clear: both\" \/><dl class='gallery-item'>\n\t\t\t\t<dt class='gallery-icon landscape'>\n\t\t\t\t\t<a class=\"rollover rollover-zoom dt-pswp-item\" title=\"a78aebbf-fd1c-48e3-817a-d61d76ac977b\" data-dt-img-description=\"\" data-large_image_width=\"1600\" data-large_image_height=\"1534\"href='https:\/\/www.radiopiu.net\/wordpress\/wp-content\/uploads\/2024\/05\/a78aebbf-fd1c-48e3-817a-d61d76ac977b.jpg'><img loading=\"lazy\" decoding=\"async\" width=\"300\" height=\"288\" src=\"https:\/\/www.radiopiu.net\/wordpress\/wp-content\/uploads\/2024\/05\/a78aebbf-fd1c-48e3-817a-d61d76ac977b-300x288.jpg\" class=\"attachment-medium size-medium\" alt=\"\" srcset=\"https:\/\/www.radiopiu.net\/wordpress\/wp-content\/uploads\/2024\/05\/a78aebbf-fd1c-48e3-817a-d61d76ac977b-300x288.jpg 300w, https:\/\/www.radiopiu.net\/wordpress\/wp-content\/uploads\/2024\/05\/a78aebbf-fd1c-48e3-817a-d61d76ac977b-1024x982.jpg 1024w, https:\/\/www.radiopiu.net\/wordpress\/wp-content\/uploads\/2024\/05\/a78aebbf-fd1c-48e3-817a-d61d76ac977b-768x736.jpg 768w, https:\/\/www.radiopiu.net\/wordpress\/wp-content\/uploads\/2024\/05\/a78aebbf-fd1c-48e3-817a-d61d76ac977b-1536x1473.jpg 1536w, https:\/\/www.radiopiu.net\/wordpress\/wp-content\/uploads\/2024\/05\/a78aebbf-fd1c-48e3-817a-d61d76ac977b.jpg 1600w\" sizes=\"auto, (max-width: 300px) 100vw, 300px\" \/><\/a>\n\t\t\t\t<\/dt><\/dl><dl class='gallery-item'>\n\t\t\t\t<dt class='gallery-icon landscape'>\n\t\t\t\t\t<a class=\"rollover rollover-zoom dt-pswp-item\" title=\"72b15eab-a66e-416e-b423-0c20fc2874ce\" data-dt-img-description=\"\" data-large_image_width=\"1600\" data-large_image_height=\"1204\"href='https:\/\/www.radiopiu.net\/wordpress\/wp-content\/uploads\/2024\/05\/72b15eab-a66e-416e-b423-0c20fc2874ce.jpg'><img loading=\"lazy\" decoding=\"async\" width=\"300\" height=\"226\" src=\"https:\/\/www.radiopiu.net\/wordpress\/wp-content\/uploads\/2024\/05\/72b15eab-a66e-416e-b423-0c20fc2874ce-300x226.jpg\" class=\"attachment-medium size-medium\" alt=\"\" srcset=\"https:\/\/www.radiopiu.net\/wordpress\/wp-content\/uploads\/2024\/05\/72b15eab-a66e-416e-b423-0c20fc2874ce-300x226.jpg 300w, https:\/\/www.radiopiu.net\/wordpress\/wp-content\/uploads\/2024\/05\/72b15eab-a66e-416e-b423-0c20fc2874ce-1024x771.jpg 1024w, https:\/\/www.radiopiu.net\/wordpress\/wp-content\/uploads\/2024\/05\/72b15eab-a66e-416e-b423-0c20fc2874ce-768x578.jpg 768w, https:\/\/www.radiopiu.net\/wordpress\/wp-content\/uploads\/2024\/05\/72b15eab-a66e-416e-b423-0c20fc2874ce-1536x1156.jpg 1536w, https:\/\/www.radiopiu.net\/wordpress\/wp-content\/uploads\/2024\/05\/72b15eab-a66e-416e-b423-0c20fc2874ce.jpg 1600w\" sizes=\"auto, (max-width: 300px) 100vw, 300px\" \/><\/a>\n\t\t\t\t<\/dt><\/dl><br style=\"clear: both\" \/>\n\t\t\t<\/div>\n\n<p>&nbsp;<\/p>\n<p>&nbsp;<\/p>\n<p><span style=\"color: #0000ff;\"><b>CORSA CAMPESTRE<\/b><\/span><\/p>\n<blockquote>\n<h3>CRITERIUM CADORINO: IN 280 A SAN VITO DI CADORE<\/h3>\n<\/blockquote>\n<p><a class=\"dt-pswp-item\" href=\"https:\/\/www.radiopiu.net\/wordpress\/wp-content\/uploads\/2024\/05\/atletica-cortina-vince-memorial-madella-provinciale-strada-csi-san-vito-4-maggio-2024-scaled.jpg\" data-dt-img-description=\"\" data-large_image_width=\"2560\" data-large_image_height=\"1707\"><img loading=\"lazy\" decoding=\"async\" class=\" wp-image-388705 alignleft\" src=\"https:\/\/www.radiopiu.net\/wordpress\/wp-content\/uploads\/2024\/05\/atletica-cortina-vince-memorial-madella-provinciale-strada-csi-san-vito-4-maggio-2024-300x200.jpg\" alt=\"\" width=\"155\" height=\"103\" srcset=\"https:\/\/www.radiopiu.net\/wordpress\/wp-content\/uploads\/2024\/05\/atletica-cortina-vince-memorial-madella-provinciale-strada-csi-san-vito-4-maggio-2024-300x200.jpg 300w, https:\/\/www.radiopiu.net\/wordpress\/wp-content\/uploads\/2024\/05\/atletica-cortina-vince-memorial-madella-provinciale-strada-csi-san-vito-4-maggio-2024-1024x683.jpg 1024w, https:\/\/www.radiopiu.net\/wordpress\/wp-content\/uploads\/2024\/05\/atletica-cortina-vince-memorial-madella-provinciale-strada-csi-san-vito-4-maggio-2024-768x512.jpg 768w, https:\/\/www.radiopiu.net\/wordpress\/wp-content\/uploads\/2024\/05\/atletica-cortina-vince-memorial-madella-provinciale-strada-csi-san-vito-4-maggio-2024-1536x1024.jpg 1536w, https:\/\/www.radiopiu.net\/wordpress\/wp-content\/uploads\/2024\/05\/atletica-cortina-vince-memorial-madella-provinciale-strada-csi-san-vito-4-maggio-2024-2048x1365.jpg 2048w\" sizes=\"auto, (max-width: 155px) 100vw, 155px\" \/><\/a>Domenica, a San Vito di Cadore si \u00e8 svolta la seconda prova della 27\u00aa edizione del Criterium Cadorino di atletica, organizzate dalla Polisportiva Caprioli. L&#8217;Atletica Cortina ha dominato la classifica per societ\u00e0, vincendo il memorial Massimo Madella. I Caprioli, organizzatori dell&#8217;evento, hanno ottenuto un meritato secondo posto. Il Criterium prevede altre tre prove: il 12 maggio a Fiames, il 19 maggio a Pelos e il 26 maggio ad Auronzo di Cadore.<\/p>\n<p>&nbsp;<\/p>\n<p><span style=\"color: #0000ff;\"><strong>PALLAVOLO<\/strong><\/span><\/p>\n<blockquote>\n<h3>BELLUNO VOLLEY: LA GRATITUDINE DEL PRESIDENTE DA ROLD<\/h3>\n<\/blockquote>\n<p><a class=\"dt-pswp-item\" href=\"https:\/\/www.radiopiu.net\/wordpress\/wp-content\/uploads\/2024\/05\/I_tifosi_bellunesi_a_Fano.jpg\" data-dt-img-description=\"\" data-large_image_width=\"1668\" data-large_image_height=\"1113\"><img loading=\"lazy\" decoding=\"async\" class=\" wp-image-388707 alignleft\" src=\"https:\/\/www.radiopiu.net\/wordpress\/wp-content\/uploads\/2024\/05\/I_tifosi_bellunesi_a_Fano-300x200.jpg\" alt=\"\" width=\"155\" height=\"103\" srcset=\"https:\/\/www.radiopiu.net\/wordpress\/wp-content\/uploads\/2024\/05\/I_tifosi_bellunesi_a_Fano-300x200.jpg 300w, https:\/\/www.radiopiu.net\/wordpress\/wp-content\/uploads\/2024\/05\/I_tifosi_bellunesi_a_Fano-1024x683.jpg 1024w, https:\/\/www.radiopiu.net\/wordpress\/wp-content\/uploads\/2024\/05\/I_tifosi_bellunesi_a_Fano-768x512.jpg 768w, https:\/\/www.radiopiu.net\/wordpress\/wp-content\/uploads\/2024\/05\/I_tifosi_bellunesi_a_Fano-1536x1025.jpg 1536w, https:\/\/www.radiopiu.net\/wordpress\/wp-content\/uploads\/2024\/05\/I_tifosi_bellunesi_a_Fano.jpg 1668w\" sizes=\"auto, (max-width: 155px) 100vw, 155px\" \/><\/a>Il presidente del Belluno Volley, Sandro Da Rold, esprime gratitudine nonostante l&#8217;eliminazione nei playoff, poich\u00e9 la squadra ha consolidato la sua posizione nella Serie A3 Credem Banca. L&#8217;affetto dei tifosi, con oltre 1.500 spettatori collegati su YouTube, \u00e8 commovente. Il bilancio della stagione \u00e8 positivo, con risultati oltre le aspettative sia sul campo che in termini di supporto dei tifosi. Da Rold elogia l&#8217;impegno e la determinazione degli atleti e annuncia un maggiore orientamento verso il professionismo per la prossima stagione.<\/p>\n<p>&nbsp;<\/p>\n<hr \/>\n<p>&nbsp;<\/p>\n<h2><span style=\"color: #ff00ff;\">GOODBYE BY BICICLE&#8230;UN VIAGGIO DALL&#8217;INDIA A SEREN DEL GRAPPA IN BICICLETTA<\/span><\/h2>\n<p><span style=\"color: #ff0000;\"><strong>PUNTATA 12 &#8211; IN ATTESA DI UNA RISPOSTA DALL&#8217;AGENZIA VIAGGI, PROSEGUE LA VISITA IN INDIA<\/strong><\/span><\/p>\n<audio class=\"wp-audio-shortcode\" id=\"audio-388613-13\" preload=\"none\" style=\"width: 100%;\" controls=\"controls\"><source type=\"audio\/mpeg\" src=\"https:\/\/www.radiopiu.net\/wordpress\/wp-content\/uploads\/2024\/04\/AIRE-INDIA-PUNTATA-12.mp3?_=13\" \/><a href=\"https:\/\/www.radiopiu.net\/wordpress\/wp-content\/uploads\/2024\/04\/AIRE-INDIA-PUNTATA-12.mp3\">https:\/\/www.radiopiu.net\/wordpress\/wp-content\/uploads\/2024\/04\/AIRE-INDIA-PUNTATA-12.mp3<\/a><\/audio>\n<p>&nbsp;<\/p>\n<p><strong>PER VISITARE I SITI DEI LUOGHI VISITATI, CLICCA SULLE SEGUENTI SCRITTE: <span style=\"color: #3366ff;\"><a href=\"https:\/\/nomoreofmore.com\/\">NO MORE OF MORE<\/a>\u00a0 \u00a0<a href=\"https:\/\/www.karmalakelands.com\/\">KARMA KELANDS<\/a>\u00a0 \u00a0<a href=\"https:\/\/www.facebook.com\/sakshambvs\">SAKSHAM BAL VIKAS SANSTHA<\/a>\u00a0 \u00a0<a href=\"https:\/\/www.scottishigh.com\/\">SCOTTISH HIGH<\/a>\u00a0 \u00a0<a href=\"https:\/\/www.instagram.com\/the_crashpad_mangar?igsh=MWJ0eXQ0Z3h2bjJhag==\">THE CASHPAD MANGAR<\/a><\/span><\/strong><\/p>\n\n\t\t\t<style type='text\/css'>\n\t\t\t\t#gallery-5 {\n\t\t\t\t\tmargin: auto;\n\t\t\t\t}\n\t\t\t\t#gallery-5 .gallery-item {\n\t\t\t\t\tfloat: left;\n\t\t\t\t\tmargin-top: 10px;\n\t\t\t\t\ttext-align: center;\n\t\t\t\t\twidth: 16%;\n\t\t\t\t}\n\t\t\t\t#gallery-5 img {\n\t\t\t\t\tborder: 2px solid #cfcfcf;\n\t\t\t\t}\n\t\t\t\t#gallery-5 .gallery-caption {\n\t\t\t\t\tmargin-left: 0;\n\t\t\t\t}\n\t\t\t\t\/* see gallery_shortcode() in wp-includes\/media.php *\/\n\t\t\t<\/style>\n\t\t<div id='gallery-5' class='dt-gallery-container gallery galleryid-388613 gallery-columns-6 gallery-size-thumbnail'><dl class='gallery-item'>\n\t\t\t\t<dt class='gallery-icon landscape'>\n\t\t\t\t\t<a class=\"rollover rollover-zoom dt-pswp-item\" title=\"87686f31-b209-4d3e-a06f-7d87a2e736f7\" data-dt-img-description=\"\" data-large_image_width=\"1600\" data-large_image_height=\"1200\"href='https:\/\/www.radiopiu.net\/wordpress\/wp-content\/uploads\/2024\/04\/87686f31-b209-4d3e-a06f-7d87a2e736f7.jpg'><img loading=\"lazy\" decoding=\"async\" width=\"150\" height=\"150\" src=\"https:\/\/www.radiopiu.net\/wordpress\/wp-content\/uploads\/2024\/04\/87686f31-b209-4d3e-a06f-7d87a2e736f7-150x150.jpg\" class=\"attachment-thumbnail size-thumbnail\" alt=\"\" \/><\/a>\n\t\t\t\t<\/dt><\/dl><dl class='gallery-item'>\n\t\t\t\t<dt class='gallery-icon landscape'>\n\t\t\t\t\t<a class=\"rollover rollover-zoom dt-pswp-item\" title=\"71bf99db-d797-48c3-8e79-5b6591726a1b\" data-dt-img-description=\"\" data-large_image_width=\"1600\" data-large_image_height=\"1200\"href='https:\/\/www.radiopiu.net\/wordpress\/wp-content\/uploads\/2024\/04\/71bf99db-d797-48c3-8e79-5b6591726a1b.jpg'><img loading=\"lazy\" decoding=\"async\" width=\"150\" height=\"150\" src=\"https:\/\/www.radiopiu.net\/wordpress\/wp-content\/uploads\/2024\/04\/71bf99db-d797-48c3-8e79-5b6591726a1b-150x150.jpg\" class=\"attachment-thumbnail size-thumbnail\" alt=\"\" \/><\/a>\n\t\t\t\t<\/dt><\/dl><dl class='gallery-item'>\n\t\t\t\t<dt class='gallery-icon landscape'>\n\t\t\t\t\t<a class=\"rollover rollover-zoom dt-pswp-item\" title=\"32f339ff-3bb6-4776-a305-ada5b04184eb\" data-dt-img-description=\"\" data-large_image_width=\"1280\" data-large_image_height=\"960\"href='https:\/\/www.radiopiu.net\/wordpress\/wp-content\/uploads\/2024\/04\/32f339ff-3bb6-4776-a305-ada5b04184eb.jpg'><img loading=\"lazy\" decoding=\"async\" width=\"150\" height=\"150\" src=\"https:\/\/www.radiopiu.net\/wordpress\/wp-content\/uploads\/2024\/04\/32f339ff-3bb6-4776-a305-ada5b04184eb-150x150.jpg\" class=\"attachment-thumbnail size-thumbnail\" alt=\"\" \/><\/a>\n\t\t\t\t<\/dt><\/dl><dl class='gallery-item'>\n\t\t\t\t<dt class='gallery-icon portrait'>\n\t\t\t\t\t<a class=\"rollover rollover-zoom dt-pswp-item\" title=\"b1cd4a36-e0d1-4293-8750-8a9745712da9\" data-dt-img-description=\"\" data-large_image_width=\"960\" data-large_image_height=\"1280\"href='https:\/\/www.radiopiu.net\/wordpress\/wp-content\/uploads\/2024\/04\/b1cd4a36-e0d1-4293-8750-8a9745712da9.jpg'><img loading=\"lazy\" decoding=\"async\" width=\"150\" height=\"150\" src=\"https:\/\/www.radiopiu.net\/wordpress\/wp-content\/uploads\/2024\/04\/b1cd4a36-e0d1-4293-8750-8a9745712da9-150x150.jpg\" class=\"attachment-thumbnail size-thumbnail\" alt=\"\" \/><\/a>\n\t\t\t\t<\/dt><\/dl><dl class='gallery-item'>\n\t\t\t\t<dt class='gallery-icon landscape'>\n\t\t\t\t\t<a class=\"rollover rollover-zoom dt-pswp-item\" title=\"b4084755-919a-4bc0-8393-8852dac18487\" data-dt-img-description=\"\" data-large_image_width=\"1600\" data-large_image_height=\"1200\"href='https:\/\/www.radiopiu.net\/wordpress\/wp-content\/uploads\/2024\/04\/b4084755-919a-4bc0-8393-8852dac18487.jpg'><img loading=\"lazy\" decoding=\"async\" width=\"150\" height=\"150\" src=\"https:\/\/www.radiopiu.net\/wordpress\/wp-content\/uploads\/2024\/04\/b4084755-919a-4bc0-8393-8852dac18487-150x150.jpg\" class=\"attachment-thumbnail size-thumbnail\" alt=\"\" \/><\/a>\n\t\t\t\t<\/dt><\/dl><dl class='gallery-item'>\n\t\t\t\t<dt class='gallery-icon portrait'>\n\t\t\t\t\t<a class=\"rollover rollover-zoom dt-pswp-item\" title=\"6c409fda-67e8-489f-8bb9-ca014829d9ac\" data-dt-img-description=\"\" data-large_image_width=\"720\" data-large_image_height=\"1280\"href='https:\/\/www.radiopiu.net\/wordpress\/wp-content\/uploads\/2024\/04\/6c409fda-67e8-489f-8bb9-ca014829d9ac.jpg'><img loading=\"lazy\" decoding=\"async\" width=\"150\" height=\"150\" src=\"https:\/\/www.radiopiu.net\/wordpress\/wp-content\/uploads\/2024\/04\/6c409fda-67e8-489f-8bb9-ca014829d9ac-150x150.jpg\" class=\"attachment-thumbnail size-thumbnail\" alt=\"\" \/><\/a>\n\t\t\t\t<\/dt><\/dl><br style=\"clear: both\" \/>\n\t\t\t<\/div>\n\n<p>&nbsp;<\/p>\n<p>&nbsp;<\/p>\n","protected":false},"excerpt":{"rendered":"<p>******\u00a0 &nbsp; UN&#8217;ALTRA STRAGE SUI LUOGHI DI LAVORO&#8230;INACETTABILE\u00a0 drammatico bilancio dell&#8217;ennesimo incidente sul lavoro, avvenuto ad appena cinque giorni dal primo maggio e dal discorso del presidente della Repubblica Sergio Mattarella. E&#8217; proprio il Capo dello Stato, da New York, auspica &#8220;che sia fatta piena luce sulle dinamiche dell&#8217;incidente&#8221;.\u00a0 &nbsp; &nbsp; &nbsp; PER RICEVERE QUESTO&hellip;<\/p>\n","protected":false},"author":4,"featured_media":388747,"comment_status":"closed","ping_status":"closed","sticky":false,"template":"","format":"standard","meta":{"_monsterinsights_skip_tracking":false,"_monsterinsights_sitenote_active":false,"_monsterinsights_sitenote_note":"","_monsterinsights_sitenote_category":0,"footnotes":""},"categories":[51,86,49],"tags":[],"class_list":["post-388613","post","type-post","status-publish","format-standard","has-post-thumbnail","hentry","category-evidenza-top","category-gr","category-news-18","category-51","category-86","category-49","description-off"],"img_url":"https:\/\/www.radiopiu.net\/wordpress\/wp-content\/uploads\/2024\/05\/strage-lavoro-Palermo-1.jpg","_links":{"self":[{"href":"https:\/\/www.radiopiu.net\/wordpress\/wp-json\/wp\/v2\/posts\/388613","targetHints":{"allow":["GET"]}}],"collection":[{"href":"https:\/\/www.radiopiu.net\/wordpress\/wp-json\/wp\/v2\/posts"}],"about":[{"href":"https:\/\/www.radiopiu.net\/wordpress\/wp-json\/wp\/v2\/types\/post"}],"author":[{"embeddable":true,"href":"https:\/\/www.radiopiu.net\/wordpress\/wp-json\/wp\/v2\/users\/4"}],"replies":[{"embeddable":true,"href":"https:\/\/www.radiopiu.net\/wordpress\/wp-json\/wp\/v2\/comments?post=388613"}],"version-history":[{"count":0,"href":"https:\/\/www.radiopiu.net\/wordpress\/wp-json\/wp\/v2\/posts\/388613\/revisions"}],"wp:featuredmedia":[{"embeddable":true,"href":"https:\/\/www.radiopiu.net\/wordpress\/wp-json\/wp\/v2\/media\/388747"}],"wp:attachment":[{"href":"https:\/\/www.radiopiu.net\/wordpress\/wp-json\/wp\/v2\/media?parent=388613"}],"wp:term":[{"taxonomy":"category","embeddable":true,"href":"https:\/\/www.radiopiu.net\/wordpress\/wp-json\/wp\/v2\/categories?post=388613"},{"taxonomy":"post_tag","embeddable":true,"href":"https:\/\/www.radiopiu.net\/wordpress\/wp-json\/wp\/v2\/tags?post=388613"}],"curies":[{"name":"wp","href":"https:\/\/api.w.org\/{rel}","templated":true}]}}