{"id":388723,"date":"2024-05-07T05:31:57","date_gmt":"2024-05-07T03:31:57","guid":{"rendered":"https:\/\/www.radiopiu.net\/wordpress\/?p=388723"},"modified":"2024-05-07T05:49:51","modified_gmt":"2024-05-07T03:49:51","slug":"lo-sciopero-dei-trasporti-il-caos-e-le-sanzioni-facili","status":"publish","type":"post","link":"https:\/\/www.radiopiu.net\/wordpress\/lo-sciopero-dei-trasporti-il-caos-e-le-sanzioni-facili\/","title":{"rendered":"LO SCIOPERO DEI TRASPORTI, IL CAOS E LE SANZIONI &#8220;FACILI&#8221;"},"content":{"rendered":"<p>***<\/p>\n<p><a class=\"dt-pswp-item\" href=\"https:\/\/www.radiopiu.net\/wordpress\/wp-content\/uploads\/2024\/05\/1000005423-scaled.jpg\" data-dt-img-description=\"\" data-large_image_width=\"2560\" data-large_image_height=\"1920\"><img loading=\"lazy\" decoding=\"async\" class=\" wp-image-388724 alignleft\" src=\"https:\/\/www.radiopiu.net\/wordpress\/wp-content\/uploads\/2024\/05\/1000005423-300x225.jpg\" alt=\"\" width=\"207\" height=\"155\" srcset=\"https:\/\/www.radiopiu.net\/wordpress\/wp-content\/uploads\/2024\/05\/1000005423-300x225.jpg 300w, https:\/\/www.radiopiu.net\/wordpress\/wp-content\/uploads\/2024\/05\/1000005423-1024x768.jpg 1024w, https:\/\/www.radiopiu.net\/wordpress\/wp-content\/uploads\/2024\/05\/1000005423-768x576.jpg 768w, https:\/\/www.radiopiu.net\/wordpress\/wp-content\/uploads\/2024\/05\/1000005423-1536x1152.jpg 1536w, https:\/\/www.radiopiu.net\/wordpress\/wp-content\/uploads\/2024\/05\/1000005423-2048x1536.jpg 2048w\" sizes=\"auto, (max-width: 207px) 100vw, 207px\" \/><\/a><strong>AGORDO<\/strong> Numerose segnalazioni questa mattina, era prevedibile, lo si sapeva con largo anticipo: in zona Valcozzena il caos, auto ovunque e la Polizia Locale \u00e8 andata gi\u00e0 di verbali.<\/p>\n<p>Le cause: lo sciopero dei trasporti che ha convinto molti a prendere l&#8217;auto &#8211; anche perch\u00e9 le prestazioni minime non tengono conto dei turni &#8211; e quindi i parcheggi sono risultati insufficienti.<\/p>\n<blockquote><p><strong>Riceviamo e pubblichiamo<\/strong><\/p>\n<p><em>Oggi ennesima distribuzione di multe per divieto di sosta in Valcozzena. Tutte a norma di codice della strada, su questo credo ci siano pochi dubbi. Per\u00f2 oggi \u00e8 in corso lo sciopero dei trasporti, di conseguenza centinaia di colleghi in pi\u00f9 hanno dovuto recarsi al lavoro in auto. Giornata indovinata quindi per i controlli. Tra l&#8217;altro, sarebbe da chiedersi dove mai avrebbero potuto mettere le auto tutti i colleghi senza doversi poi fare chilometri a piedi.<\/em><\/p><\/blockquote>\n<hr \/>\n<p>&nbsp;<\/p>\n","protected":false},"excerpt":{"rendered":"<p>*** AGORDO Numerose segnalazioni questa mattina, era prevedibile, lo si sapeva con largo anticipo: in zona Valcozzena il caos, auto ovunque e la Polizia Locale \u00e8 andata gi\u00e0 di verbali. Le cause: lo sciopero dei trasporti che ha convinto molti a prendere l&#8217;auto &#8211; anche perch\u00e9 le prestazioni minime non tengono conto dei turni &#8211;&hellip;<\/p>\n","protected":false},"author":4,"featured_media":388724,"comment_status":"closed","ping_status":"closed","sticky":false,"template":"","format":"standard","meta":{"_monsterinsights_skip_tracking":false,"_monsterinsights_sitenote_active":false,"_monsterinsights_sitenote_note":"","_monsterinsights_sitenote_category":0,"footnotes":""},"categories":[104,49],"tags":[],"class_list":["post-388723","post","type-post","status-publish","format-standard","has-post-thumbnail","hentry","category-evidenza_3","category-news-18","category-104","category-49","description-off"],"img_url":"https:\/\/www.radiopiu.net\/wordpress\/wp-content\/uploads\/2024\/05\/1000005423-scaled.jpg","_links":{"self":[{"href":"https:\/\/www.radiopiu.net\/wordpress\/wp-json\/wp\/v2\/posts\/388723","targetHints":{"allow":["GET"]}}],"collection":[{"href":"https:\/\/www.radiopiu.net\/wordpress\/wp-json\/wp\/v2\/posts"}],"about":[{"href":"https:\/\/www.radiopiu.net\/wordpress\/wp-json\/wp\/v2\/types\/post"}],"author":[{"embeddable":true,"href":"https:\/\/www.radiopiu.net\/wordpress\/wp-json\/wp\/v2\/users\/4"}],"replies":[{"embeddable":true,"href":"https:\/\/www.radiopiu.net\/wordpress\/wp-json\/wp\/v2\/comments?post=388723"}],"version-history":[{"count":0,"href":"https:\/\/www.radiopiu.net\/wordpress\/wp-json\/wp\/v2\/posts\/388723\/revisions"}],"wp:featuredmedia":[{"embeddable":true,"href":"https:\/\/www.radiopiu.net\/wordpress\/wp-json\/wp\/v2\/media\/388724"}],"wp:attachment":[{"href":"https:\/\/www.radiopiu.net\/wordpress\/wp-json\/wp\/v2\/media?parent=388723"}],"wp:term":[{"taxonomy":"category","embeddable":true,"href":"https:\/\/www.radiopiu.net\/wordpress\/wp-json\/wp\/v2\/categories?post=388723"},{"taxonomy":"post_tag","embeddable":true,"href":"https:\/\/www.radiopiu.net\/wordpress\/wp-json\/wp\/v2\/tags?post=388723"}],"curies":[{"name":"wp","href":"https:\/\/api.w.org\/{rel}","templated":true}]}}