{"id":388749,"date":"2024-05-07T05:33:37","date_gmt":"2024-05-07T03:33:37","guid":{"rendered":"https:\/\/www.radiopiu.net\/wordpress\/?p=388749"},"modified":"2024-05-07T05:49:01","modified_gmt":"2024-05-07T03:49:01","slug":"la-giornata-mondiale-della-bi","status":"publish","type":"post","link":"https:\/\/www.radiopiu.net\/wordpress\/la-giornata-mondiale-della-bi\/","title":{"rendered":"LA GIORNATA MONDIALE DELLA BIODIVERSITA&#8217;. MERCALLI &#8220;C&#8217;E&#8217; TANTO LAVORO DA FARE&#8221;"},"content":{"rendered":"<p>***<\/p>\n<p>&nbsp;<\/p>\n<p>&#8216;! SABATO 18 MAGGIO IN VARIE ZONE DELLA PROVINCIA SI TERR\u00e0 LA RACCOLTA DEI RIFIUTI ABBANDONATI, DA UN&#8217;IDEA DEGLI STUDENTI DEL centro per la formazione e la sicurezza di sedico\u00a0 VUOI ADERIRE?\u00a0 come volontario o come associazione?\u00a0 o come gruppo?\u00a0 chiama il CFS allo 0437 753330.<\/p>\n<blockquote><p><em>Luca Mercalli \u00e8 un noto meteorologo, climatologo, divulgatore scientifico e scrittore italiano. \u00c8 noto al grande pubblico per la sua attivit\u00e0 di divulgazione scientifica legata al clima, alle condizioni meteorologiche e ai cambiamenti climatici. Mercalli \u00e8 spesso presente nei media italiani, partecipando a programmi televisivi e radiofonici per discutere di tematiche legate al clima e all&#8217;ambiente. \u00c8 autore di numerosi libri e articoli scientifici e ha contribuito significativamente alla sensibilizzazione dell&#8217;opinione pubblica sui problemi legati al cambiamento climatico.<\/em><\/p><\/blockquote>\n<p><strong>L&#8217;INVITO DI LUCA MERCALLI\u00a0\u00a0<\/strong><\/p>\n<div style=\"width: 1200px;\" class=\"wp-video\"><video class=\"wp-video-shortcode\" id=\"video-388749-1\" width=\"1200\" height=\"675\" preload=\"metadata\" controls=\"controls\"><source type=\"video\/mp4\" src=\"https:\/\/www.radiopiu.net\/wordpress\/wp-content\/uploads\/2024\/05\/VID_20240504_185452.mp4?_=1\" \/><a href=\"https:\/\/www.radiopiu.net\/wordpress\/wp-content\/uploads\/2024\/05\/VID_20240504_185452.mp4\">https:\/\/www.radiopiu.net\/wordpress\/wp-content\/uploads\/2024\/05\/VID_20240504_185452.mp4<\/a><\/video><\/div>\n<p>&nbsp;<\/p>\n<p><b>CFS: la scuola edile, ma non solo. Dal percorso post scuola media ai corsi avanzati per adulti, al CFS formiamo il tuo percorso verso il successo.<\/b><\/p>\n<p>&nbsp;<\/p>\n<p>&nbsp;<\/p>\n<hr \/>\n<p>&nbsp;<\/p>\n","protected":false},"excerpt":{"rendered":"<p>*** &nbsp; &#8216;! SABATO 18 MAGGIO IN VARIE ZONE DELLA PROVINCIA SI TERR\u00e0 LA RACCOLTA DEI RIFIUTI ABBANDONATI, DA UN&#8217;IDEA DEGLI STUDENTI DEL centro per la formazione e la sicurezza di sedico\u00a0 VUOI ADERIRE?\u00a0 come volontario o come associazione?\u00a0 o come gruppo?\u00a0 chiama il CFS allo 0437 753330. Luca Mercalli \u00e8 un noto meteorologo, climatologo,&hellip;<\/p>\n","protected":false},"author":4,"featured_media":388751,"comment_status":"closed","ping_status":"closed","sticky":false,"template":"","format":"standard","meta":{"_monsterinsights_skip_tracking":false,"_monsterinsights_sitenote_active":false,"_monsterinsights_sitenote_note":"","_monsterinsights_sitenote_category":0,"footnotes":""},"categories":[104,49],"tags":[],"class_list":["post-388749","post","type-post","status-publish","format-standard","has-post-thumbnail","hentry","category-evidenza_3","category-news-18","category-104","category-49","description-off"],"img_url":"https:\/\/www.radiopiu.net\/wordpress\/wp-content\/uploads\/2024\/05\/Senza-nome-12.png","_links":{"self":[{"href":"https:\/\/www.radiopiu.net\/wordpress\/wp-json\/wp\/v2\/posts\/388749","targetHints":{"allow":["GET"]}}],"collection":[{"href":"https:\/\/www.radiopiu.net\/wordpress\/wp-json\/wp\/v2\/posts"}],"about":[{"href":"https:\/\/www.radiopiu.net\/wordpress\/wp-json\/wp\/v2\/types\/post"}],"author":[{"embeddable":true,"href":"https:\/\/www.radiopiu.net\/wordpress\/wp-json\/wp\/v2\/users\/4"}],"replies":[{"embeddable":true,"href":"https:\/\/www.radiopiu.net\/wordpress\/wp-json\/wp\/v2\/comments?post=388749"}],"version-history":[{"count":0,"href":"https:\/\/www.radiopiu.net\/wordpress\/wp-json\/wp\/v2\/posts\/388749\/revisions"}],"wp:featuredmedia":[{"embeddable":true,"href":"https:\/\/www.radiopiu.net\/wordpress\/wp-json\/wp\/v2\/media\/388751"}],"wp:attachment":[{"href":"https:\/\/www.radiopiu.net\/wordpress\/wp-json\/wp\/v2\/media?parent=388749"}],"wp:term":[{"taxonomy":"category","embeddable":true,"href":"https:\/\/www.radiopiu.net\/wordpress\/wp-json\/wp\/v2\/categories?post=388749"},{"taxonomy":"post_tag","embeddable":true,"href":"https:\/\/www.radiopiu.net\/wordpress\/wp-json\/wp\/v2\/tags?post=388749"}],"curies":[{"name":"wp","href":"https:\/\/api.w.org\/{rel}","templated":true}]}}