{"id":388763,"date":"2024-05-08T05:24:49","date_gmt":"2024-05-08T03:24:49","guid":{"rendered":"https:\/\/www.radiopiu.net\/wordpress\/?p=388763"},"modified":"2024-05-08T09:04:32","modified_gmt":"2024-05-08T07:04:32","slug":"giornale-radiopiu-08-maggio-2024-direttore-mirko-mezzacasada-40-anni-25-giugno-1983-25-giugno-2023","status":"publish","type":"post","link":"https:\/\/www.radiopiu.net\/wordpress\/giornale-radiopiu-08-maggio-2024-direttore-mirko-mezzacasada-40-anni-25-giugno-1983-25-giugno-2023\/","title":{"rendered":"GIORNALE RADIOPIU 08 MAGGIO 2024 DIRETTORE MIRKO MEZZACASA\u2026DA 40 ANNI 25 GIUGNO 1983-25 GIUGNO 2023"},"content":{"rendered":"<p>******<\/p>\n<blockquote class=\"wp-embedded-content\" data-secret=\"swB55hTjMs\"><p><a href=\"https:\/\/www.radiopiu.net\/wordpress\/ultimora-incendio-in-corso\/\">ULTIM&#8217;ORA INCENDIO IN CORSO<\/a><\/p><\/blockquote>\n<p><iframe loading=\"lazy\" class=\"wp-embedded-content\" sandbox=\"allow-scripts\" security=\"restricted\" style=\"position: absolute; clip: rect(1px, 1px, 1px, 1px);\" title=\"&#8220;ULTIM&#8217;ORA INCENDIO IN CORSO&#8221; &#8212; Radio Pi\u00f9\" src=\"https:\/\/www.radiopiu.net\/wordpress\/ultimora-incendio-in-corso\/embed\/#?secret=CmgU2MAnqp#?secret=swB55hTjMs\" data-secret=\"swB55hTjMs\" width=\"600\" height=\"338\" frameborder=\"0\" marginwidth=\"0\" marginheight=\"0\" scrolling=\"no\"><\/iframe><\/p>\n<h3><a href=\"https:\/\/www.radiopiu.net\/wordpress\/giornale-radiopiu-24-gennaio-2021-direttore-mirko-mezzacasa\/141433770_171616291414874_2957460898102012198_n\/\" rel=\"attachment wp-att-186566\"><img loading=\"lazy\" decoding=\"async\" class=\"wp-image-186566 alignleft\" src=\"https:\/\/www.radiopiu.net\/wordpress\/wp-content\/uploads\/2021\/01\/141433770_171616291414874_2957460898102012198_n-300x300.jpg\" alt=\"\" width=\"144\" height=\"144\" srcset=\"https:\/\/www.radiopiu.net\/wordpress\/wp-content\/uploads\/2021\/01\/141433770_171616291414874_2957460898102012198_n-300x300.jpg 300w, https:\/\/www.radiopiu.net\/wordpress\/wp-content\/uploads\/2021\/01\/141433770_171616291414874_2957460898102012198_n-150x150.jpg 150w, https:\/\/www.radiopiu.net\/wordpress\/wp-content\/uploads\/2021\/01\/141433770_171616291414874_2957460898102012198_n-768x768.jpg 768w, https:\/\/www.radiopiu.net\/wordpress\/wp-content\/uploads\/2021\/01\/141433770_171616291414874_2957460898102012198_n.jpg 800w\" sizes=\"auto, (max-width: 144px) 100vw, 144px\" \/><\/a>PER<strong> RICEVERE QUESTO NOTIZIARIO DIRETTAMENTE SUL TUO CELLULARE ISCRIVITI AL CANALE TELEGRAM <\/strong><strong>\u201cRADIO PIU\u00a0 INFORMAZIONE&#8221;\u00a0<\/strong><\/h3>\n<h3>\u00a0il CANALE TELEGRAM&#8230; UNISCITI A: RADIO PIU INFORMAZIONE<\/h3>\n<p>&nbsp;<\/p>\n<p>&nbsp;<\/p>\n<p><em><a href=\"https:\/\/www.radiopiu.net\/wordpress\/giornale-radiopiu-24-gennaio-2021-direttore-mirko-mezzacasa\/79216601_126817312416448_708980208774483089_n\/\" rel=\"attachment wp-att-186567\"><img loading=\"lazy\" decoding=\"async\" class=\"size-medium wp-image-186567 alignright\" src=\"https:\/\/www.radiopiu.net\/wordpress\/wp-content\/uploads\/2021\/01\/79216601_126817312416448_708980208774483089_n-300x114.jpg\" alt=\"\" width=\"300\" height=\"114\" srcset=\"https:\/\/www.radiopiu.net\/wordpress\/wp-content\/uploads\/2021\/01\/79216601_126817312416448_708980208774483089_n-300x114.jpg 300w, https:\/\/www.radiopiu.net\/wordpress\/wp-content\/uploads\/2021\/01\/79216601_126817312416448_708980208774483089_n-768x292.jpg 768w, https:\/\/www.radiopiu.net\/wordpress\/wp-content\/uploads\/2021\/01\/79216601_126817312416448_708980208774483089_n.jpg 820w\" sizes=\"auto, (max-width: 300px) 100vw, 300px\" \/><\/a><span style=\"color: #ff0000;\">ATTENZIONE: LA NUOVA APP PER IOS-IPHONE di Nicola Vettorello <\/span><\/em><a href=\"https:\/\/apps.apple.com\/it\/app\/radio-pi%C3%B9-emittente-agordina\/id1515939845\">https:\/\/apps.apple.com\/it\/app\/radio-pi%C3%B9-emittente-agordina\/id1515939845<\/a><\/p>\n<p><em style=\"color: #ff0000;\">ATTENZIONE: LA NUOVA APP RADIO\u00a0 PER ANDROID di Nicola Vettorello<\/em><\/p>\n<p><a href=\"https:\/\/play.google.com\/store\/apps\/details?id=net.radiopiu.iniko\" target=\"_blank\" rel=\"noopener noreferrer\">https:\/\/play.google.com\/store\/apps\/details?id=net.radiopiu.iniko\u00a0\u00a0<\/a><\/p>\n<h3 class=\"kvgmc6g5 cxmmr5t8 oygrvhab hcukyx3x c1et5uql\"><\/h3>\n<p>&nbsp;<\/p>\n<div data-block=\"true\" data-editor=\"avj4u\" data-offset-key=\"d3i0j-0-0\">\n<p>&nbsp;<\/p>\n<hr \/>\n<p>&nbsp;<\/p>\n<\/div>\n<p><span style=\"color: #ff0000;\"><strong>OGGI ALLA RADIO<\/strong><\/span>: <strong>ALLE 7.20<\/strong> EL BAL DEL FIOR, DETTI E TRADIZIONI DI GIULIANA DA RONCH; <strong>ALLE 8.20 <\/strong>PIU&#8217; SIAMO, IL PROGRAMMA DI MARINA<strong> 9.00<\/strong> LIBER CON LIANA CAVALLET 9.30 CON BOTOL CAR SERVICE, LA VIABILITA&#8217;<strong> 10.10<\/strong>\u00a0 CISL, LA VOCE PER I LAVORATORI<strong>\u00a0 10.30<\/strong> SE NON LA SMETTI DI MANDO DAL PRESIDE <strong>11.10<\/strong> CINE HIT CON ALDO BRIGADOI <strong>11.00<\/strong>\u00a0MEGLIO RADIO CHE MAI CON DANIELA RINALDI<strong> 12.00 <\/strong>IL LISCIO CON MIRCO BENCIVENNI <strong>12.30 <\/strong>GIORNALE RADIO PRINCIPALE<strong> 12 50 <\/strong>PIROLE DE LENGA, MUSLA<strong> 13.10 <\/strong>FOLCLORE JALPE&#8217; DE LA MARMOLADA CON PAOLA E SIMONE <strong>13.20<\/strong> LA PRIMAVERA HIT DI MARINA <strong>14.00<\/strong>\u00a0 RIMASTI PIU&#8217; AVANTI CON MARCO V DAL FARRA, ALLA SCOPERTA DELLA MUSICA BELLUNESE OGGI LA HIT <strong>\u00a015.00 <\/strong>LA CLASSIFICA UFFICIALE DI RADIOPIU, AFFIDATA A MARCO GAZ\u00a0 <strong>16.00<\/strong> IL ROCK DI MARCO COSTANTINI <strong>16 45 <\/strong>LE HIT DI MIRCO BENCIVENNI<br \/>\n<strong>19<\/strong> le anticipazioni dal Tg di Antenna 3 di Tiziana Bolognani.<\/p>\n<blockquote><p><strong>rassegna stampa nazionale, ogni giorno alle 5 e alle 6 del mattino<\/strong><br \/>\n<em>giornali locali 7 rassegna stampa flash, 8 rassegna stampa, gr flash alle 10 e alle 11, principale 12.30. Informazione pomerggio alle 15 (speciale) 16, 17, 18. Giornale radio nazionale: ogni ora dalle 5 del mattino, alle 20 della sera.\u00a0<\/em><\/p><\/blockquote>\n<div class=\"x11i5rnm xat24cr x1mh8g0r x1vvkbs xtlvy1s x126k92a\">\n<div dir=\"auto\">\n<p>&nbsp;<\/p>\n<p>&nbsp;<\/p>\n<hr \/>\n<p>&nbsp;<\/p>\n<p>&nbsp;<\/p>\n<div class=\"x11i5rnm xat24cr x1mh8g0r x1vvkbs xtlvy1s x126k92a\">\n<div dir=\"auto\">\n<p><strong><a class=\"dt-pswp-item\" href=\"https:\/\/www.radiopiu.net\/wordpress\/wp-content\/uploads\/2024\/02\/2d44e751-d8a8-461b-8e22-d8e4e853b032.jpg\" data-dt-img-description=\"\" data-large_image_width=\"1600\" data-large_image_height=\"1200\"><img loading=\"lazy\" decoding=\"async\" class=\"wp-image-373307 alignleft\" src=\"https:\/\/www.radiopiu.net\/wordpress\/wp-content\/uploads\/2024\/02\/2d44e751-d8a8-461b-8e22-d8e4e853b032-300x225.jpg\" alt=\"\" width=\"105\" height=\"79\" srcset=\"https:\/\/www.radiopiu.net\/wordpress\/wp-content\/uploads\/2024\/02\/2d44e751-d8a8-461b-8e22-d8e4e853b032-300x225.jpg 300w, https:\/\/www.radiopiu.net\/wordpress\/wp-content\/uploads\/2024\/02\/2d44e751-d8a8-461b-8e22-d8e4e853b032-1024x768.jpg 1024w, https:\/\/www.radiopiu.net\/wordpress\/wp-content\/uploads\/2024\/02\/2d44e751-d8a8-461b-8e22-d8e4e853b032-768x576.jpg 768w, https:\/\/www.radiopiu.net\/wordpress\/wp-content\/uploads\/2024\/02\/2d44e751-d8a8-461b-8e22-d8e4e853b032-1536x1152.jpg 1536w, https:\/\/www.radiopiu.net\/wordpress\/wp-content\/uploads\/2024\/02\/2d44e751-d8a8-461b-8e22-d8e4e853b032.jpg 1600w\" sizes=\"auto, (max-width: 105px) 100vw, 105px\" \/><\/a>EL BAL DEL FIOR, DI GIULIANA DA RONCH, 08 MAGGIO 2024<\/strong><\/p>\n<\/div>\n<\/div>\n<\/div>\n<div dir=\"auto\">\n<audio class=\"wp-audio-shortcode\" id=\"audio-388763-1\" preload=\"none\" style=\"width: 100%;\" controls=\"controls\"><source type=\"audio\/mpeg\" src=\"https:\/\/www.radiopiu.net\/wordpress\/wp-content\/uploads\/2024\/04\/GME-4.m4a?_=1\" \/><a href=\"https:\/\/www.radiopiu.net\/wordpress\/wp-content\/uploads\/2024\/04\/GME-4.m4a\">https:\/\/www.radiopiu.net\/wordpress\/wp-content\/uploads\/2024\/04\/GME-4.m4a<\/a><\/audio>\n<p>&nbsp;<\/p>\n<hr \/>\n<\/div>\n<\/div>\n<blockquote>\n<blockquote>\n<h1><span style=\"color: #ff0000;\">\u00a0<\/span><\/h1>\n<h1><span style=\"color: #ff0000;\">I podcast informativi del mattino &#8211; audio &#8211;\u00a0\u00a0<\/span><\/h1>\n<\/blockquote>\n<p><strong><a class=\"dt-pswp-item\" href=\"https:\/\/www.radiopiu.net\/wordpress\/wp-content\/uploads\/2023\/11\/th-10.jpg\" data-dt-img-description=\"\" data-large_image_width=\"320\" data-large_image_height=\"180\"><img loading=\"lazy\" decoding=\"async\" class=\"wp-image-362866 alignleft\" src=\"https:\/\/www.radiopiu.net\/wordpress\/wp-content\/uploads\/2023\/11\/th-10-300x169.jpg\" alt=\"\" width=\"185\" height=\"104\" srcset=\"https:\/\/www.radiopiu.net\/wordpress\/wp-content\/uploads\/2023\/11\/th-10-300x169.jpg 300w, https:\/\/www.radiopiu.net\/wordpress\/wp-content\/uploads\/2023\/11\/th-10.jpg 320w\" sizes=\"auto, (max-width: 185px) 100vw, 185px\" \/><\/a>LA RASSEGNA STAMPA NAZIONALE ALLA RADIO, OGNI GIORNO ALLE 5 E ALLE 6 DEL MATTINO <span style=\"color: #0000ff;\">viene pubblicata alle 6.00 <span style=\"color: #ff0000;\">DIRETTA RADIO\u00a0 \u00a0\u00a0<\/span><\/span><\/strong><\/p><\/blockquote>\n<h2><\/h2>\n<h2><\/h2>\n<p>DI SISSY MARTINELLI<\/p>\n<p><strong>Arrestato<\/strong> il Governatore della Ligura Toti per corruzione: un terremoto in Ligura. Ombra dei rapporti con la criminalit\u00e0 organizzata, ombre inquietanti sull&#8217;amministrazione di Toti. <strong>Guerra all&#8217;Ucraina,<\/strong> a Kiev arresto di due funzionari potenziali assassi? Valico di <strong>Raf\u00e0,<\/strong> impedito l&#8217;arrivo degli aiuti umanitari. Stati Uniti: contrari ad un&#8217;operazione di terra che sembrerebbe sempre pi\u00f9 imminente. Indagini della <strong>tragedia sul lavoro<\/strong> a Casteldaccia dove sono morti 5 operai.<\/p>\n<h2>AUDIO dalle 6 del mattino<\/h2>\n<audio class=\"wp-audio-shortcode\" id=\"audio-388763-2\" preload=\"none\" style=\"width: 100%;\" controls=\"controls\"><source type=\"audio\/mpeg\" src=\"https:\/\/www.radiopiu.net\/wordpress\/wp-content\/uploads\/2024\/05\/GIORNALEDELLESEI-5.mp3?_=2\" \/><a href=\"https:\/\/www.radiopiu.net\/wordpress\/wp-content\/uploads\/2024\/05\/GIORNALEDELLESEI-5.mp3\">https:\/\/www.radiopiu.net\/wordpress\/wp-content\/uploads\/2024\/05\/GIORNALEDELLESEI-5.mp3<\/a><\/audio>\n<p>&nbsp;<\/p>\n<p>&nbsp;<\/p>\n<hr \/>\n<p>&nbsp;<\/p>\n<h1 style=\"text-align: center;\"><span style=\"color: #ff0000;\">I podcast informativi del mattino &#8211; audio &#8211;\u00a0<\/span><\/h1>\n<p><strong><a class=\"dt-pswp-item\" href=\"https:\/\/www.radiopiu.net\/wordpress\/wp-content\/uploads\/2023\/12\/images.png\" data-dt-img-description=\"\" data-large_image_width=\"316\" data-large_image_height=\"160\"><img loading=\"lazy\" decoding=\"async\" class=\"wp-image-367008 alignleft\" src=\"https:\/\/www.radiopiu.net\/wordpress\/wp-content\/uploads\/2023\/12\/images-300x152.png\" alt=\"\" width=\"235\" height=\"119\" srcset=\"https:\/\/www.radiopiu.net\/wordpress\/wp-content\/uploads\/2023\/12\/images-300x152.png 300w, https:\/\/www.radiopiu.net\/wordpress\/wp-content\/uploads\/2023\/12\/images.png 316w\" sizes=\"auto, (max-width: 235px) 100vw, 235px\" \/><\/a>OGNI GIORNO ALLE SETTE DEL MATTINO, LA RASSEGNA STAMPA LOCALE FLASH&#8230; PER CHI VA IN FRETTA. I TITOLI DAI GIORNALI E DAL SITO WWW.RADIOPIU.NET <span style=\"color: #0000ff;\">viene pubblicato alle 7.00<\/span> <span style=\"color: #ff0000;\">DIRETTA RADIO\u00a0<\/span><\/strong><\/p>\n<p><em><span style=\"color: #ff0000;\">per chi va in fretta&#8230; tante notizie in pochi minuti. L&#8217;informazione locale alla radio, ogni ora dalle 7 del mattino alle 19 della sera.\u00a0 \u00a0 \u00a0\u00a0<\/span><\/em><\/p>\n<p>&nbsp;<\/p>\n<p>BELLUNO Nove rifugi, tra cui il Faloria, implementano con successo la telemedicina, inviando dati al Suem 118 per accelerare i soccorsi. La formazione dei rifugisti, supportata da Soccorso Alpino e Guardia di Finanza e guidata da Cristina Barbarino, ottimizza gli interventi. Il progetto &#8220;Rifugi sani e sicuri&#8221;, incluso il soccorso tramite videochiamata, \u00e8 stato premiato per la stagione estiva, come dichiarato da Sandro Cinquetti dell&#8217;Ulss 1 Dolomiti.<br \/>\nBELLUNO La Cisl Slp manifesta crescente preoccupazione per la privatizzazione di Poste Italiane, temendo chiusure di uffici nelle zone remote e tagli di personale, organizzando assemblee sindacali e una manifestazione a Venezia il 18 maggio, rischiando la perdita di fino al 20% degli uffici, fondamentali soprattutto per la popolazione anziana, con circa 350 dipendenti e 100 uffici postali in provincia di Belluno.<br \/>\nI CARABINIERI HANNO DECISO: VIA DA GOSALDO, SUPER LAVORO PER AGORDO CHE VEDE AMPLIARE IL TERRITORIO DA CONTROLLARE. MALUMORI IN PAESE MA TANT&#8217;E&#8217; I MONTANARI CI FANNO L&#8217;ABITUDINE AL TAGLIO DEI SERVIZI, DA SEMPRE E&#8217; COSI&#8217;, DA SEMPRE SI CERCANO GIUSTIFICAZIONI CHE LACIANO IL TEMPO CHE TROVANO, RIMANE UNA CERTEZZA: SONO SCELTE PENALIZZANTI PER IL TERRITORIO. IL SINDACO DA ZANCHE: \u00abABBANDONATI DALLE ISTITUZIONI\u00bb<br \/>\nBELLUNO Nella Sala Congressi di Villa Carpenada, il bilancio consuntivo del 2023 di Bim Belluno Infrastrutture \u00e8 stato approvato all\u2019unanimit\u00e0. L&#8217;Amministratore Unico, Bruno Zanolla (foto), ha presentato i risultati positivi dell&#8217;anno: ricavi in crescita a 13 milioni di euro, margine operativo lordo a 5,2 milioni, e un utile di 1,9 milioni di euro.<\/p>\n<h2>AUDIO dalle 7 del mattino<\/h2>\n<audio class=\"wp-audio-shortcode\" id=\"audio-388763-3\" preload=\"none\" style=\"width: 100%;\" controls=\"controls\"><source type=\"audio\/mpeg\" src=\"https:\/\/www.radiopiu.net\/wordpress\/wp-content\/uploads\/2024\/05\/GF07-5.mp3?_=3\" \/><a href=\"https:\/\/www.radiopiu.net\/wordpress\/wp-content\/uploads\/2024\/05\/GF07-5.mp3\">https:\/\/www.radiopiu.net\/wordpress\/wp-content\/uploads\/2024\/05\/GF07-5.mp3<\/a><\/audio>\n<p>&nbsp;<\/p>\n<p>&nbsp;<\/p>\n<hr \/>\n<p>&nbsp;<\/p>\n<h1><\/h1>\n<h1 style=\"text-align: center;\"><span style=\"color: #ff0000;\"><a class=\"dt-pswp-item\" href=\"https:\/\/www.radiopiu.net\/wordpress\/wp-content\/uploads\/2022\/01\/026c3f9d-dae9-4040-a3c1-a6530231bcc3.jpg\" data-dt-img-description=\"\" data-large_image_width=\"1152\" data-large_image_height=\"2048\"><img loading=\"lazy\" decoding=\"async\" class=\"wp-image-251839 alignleft\" src=\"https:\/\/www.radiopiu.net\/wordpress\/wp-content\/uploads\/2022\/01\/026c3f9d-dae9-4040-a3c1-a6530231bcc3-169x300.jpg\" alt=\"\" width=\"100\" height=\"177\" srcset=\"https:\/\/www.radiopiu.net\/wordpress\/wp-content\/uploads\/2022\/01\/026c3f9d-dae9-4040-a3c1-a6530231bcc3-169x300.jpg 169w, https:\/\/www.radiopiu.net\/wordpress\/wp-content\/uploads\/2022\/01\/026c3f9d-dae9-4040-a3c1-a6530231bcc3-576x1024.jpg 576w, https:\/\/www.radiopiu.net\/wordpress\/wp-content\/uploads\/2022\/01\/026c3f9d-dae9-4040-a3c1-a6530231bcc3-768x1365.jpg 768w, https:\/\/www.radiopiu.net\/wordpress\/wp-content\/uploads\/2022\/01\/026c3f9d-dae9-4040-a3c1-a6530231bcc3-864x1536.jpg 864w, https:\/\/www.radiopiu.net\/wordpress\/wp-content\/uploads\/2022\/01\/026c3f9d-dae9-4040-a3c1-a6530231bcc3.jpg 1152w\" sizes=\"auto, (max-width: 100px) 100vw, 100px\" \/><\/a>I podcast informativi del mattino &#8211; audio &#8211;\u00a0<\/span><\/h1>\n<blockquote><p><strong>GIORNALE RADIO NAZIONALE, EDIZIONE DELLE SETTE <span style=\"color: #0000ff;\">viene pubblicato alle 7.05 <span style=\"color: #ff0000;\">DIRETTA RADIO\u00a0<\/span><\/span><\/strong><\/p><\/blockquote>\n<p><strong>il giornale radionazionale e&#8217; in onda ogni ora, dalle sette del mattino alle venti della sera\u00a0\u00a0<\/strong><\/p>\n<p>&nbsp;<\/p>\n<p>&nbsp;<\/p>\n<h2>AUDIO dalle sette del mattino, ogni ora alla radio<\/h2>\n<audio class=\"wp-audio-shortcode\" id=\"audio-388763-4\" preload=\"none\" style=\"width: 100%;\" controls=\"controls\"><source type=\"audio\/mpeg\" src=\"https:\/\/www.radiopiu.net\/wordpress\/wp-content\/uploads\/2024\/05\/giornale07-5.mp3?_=4\" \/><a href=\"https:\/\/www.radiopiu.net\/wordpress\/wp-content\/uploads\/2024\/05\/giornale07-5.mp3\">https:\/\/www.radiopiu.net\/wordpress\/wp-content\/uploads\/2024\/05\/giornale07-5.mp3<\/a><\/audio>\n<p>&nbsp;<\/p>\n<p>&nbsp;<\/p>\n<hr \/>\n<p>&nbsp;<\/p>\n<p>&nbsp;<\/p>\n<h1><span style=\"color: #ff0000;\">I podcast informativi del mattino &#8211; video &#8211;\u00a0<\/span><\/h1>\n<h2><strong><a class=\"dt-pswp-item\" href=\"https:\/\/www.radiopiu.net\/wordpress\/wp-content\/uploads\/2023\/12\/th-10.jpg\" data-dt-img-description=\"\" data-large_image_width=\"245\" data-large_image_height=\"180\"><img loading=\"lazy\" decoding=\"async\" class=\" wp-image-367395 alignleft\" src=\"https:\/\/www.radiopiu.net\/wordpress\/wp-content\/uploads\/2023\/12\/th-10.jpg\" alt=\"\" width=\"166\" height=\"122\" \/><\/a>RASSEGNA STAMPA LOCALE, ORE OTTO 05<\/strong><\/h2>\n<h2><strong> <span style=\"color: #0000ff;\">viene\u00a0 <\/span><\/strong><strong><span style=\"color: #0000ff;\">pubblicata alle 8.05 <span style=\"color: #ff0000;\">DIRETTA RADIO\u00a0\u00a0<\/span><\/span><\/strong><\/h2>\n<p><strong>DI MIRKO MEZZACASA\u00a0 \u00a0<\/strong><\/p>\n<p>Tragedie sul lavoro:IERI la Camera di Commercio di Treviso &#8211; Belluno ha ricordato le vittime<br \/>\nOggi\u00a0 La Camera di Commercio di Treviso \u2013 Belluno|Dolomiti ospita la conferenza stampa dedicata a Curia Mercatorum<br \/>\nBELLUNO Noto IL NUOVO CONSIGLIO PROVINCIALE il Presidente vuole dare le deleghe a tutti, ed \u00e8 scontro con il centrosinistra che gi\u00e0 ha rifiutato gli incarichi<br \/>\nCORTINA Petizione contro la vendita dei terreni comunali a Cortina d&#8217;Ampezzo: oltre 2600 firme raccolte in meno di tre settimane<br \/>\nFELTRE Codice Rosso: Proposta di Patteggiamento in un Caso di Maltrattamenti Familiari<br \/>\nSETTEVILLE \u00a0Processo per l&#8217;Omicidio di Fener Anticipato al 29 Maggio<br \/>\nVOLTAGO In corso il Processo per Stalking: La Persecuzione Digitale<br \/>\nBELLUNO Botte a Piazza dei Martiri: Due Imputati Assolti<br \/>\nBELLUNO \u00a0Walter De Cassan confermato alla Presidenza di Federalberghi Belluno<\/p>\n<h2><span style=\"color: #ff0000;\"><strong>VIDEO\u00a0 \u00a0in diretta dalle 8 del mattino\u00a0<\/strong><\/span><\/h2>\n<p>&nbsp;<\/p>\n<p><iframe loading=\"lazy\" title=\"DAL 1983 LA RASSEGNA STAMPA LOCALE di mirko mezzacasa. L&#039;ORIGINALE\" width=\"1200\" height=\"675\" src=\"https:\/\/www.youtube.com\/embed\/WxqtCe1WjZg?feature=oembed\" frameborder=\"0\" allow=\"accelerometer; autoplay; clipboard-write; encrypted-media; gyroscope; picture-in-picture; web-share\" referrerpolicy=\"strict-origin-when-cross-origin\" allowfullscreen><\/iframe><\/p>\n<p style=\"text-align: center;\"><a class=\"dt-pswp-item\" href=\"https:\/\/www.radiopiu.net\/wordpress\/wp-content\/uploads\/2024\/05\/Senza-nome-18.png\" data-dt-img-description=\"\" data-large_image_width=\"530\" data-large_image_height=\"357\"><img loading=\"lazy\" decoding=\"async\" class=\"alignnone size-medium wp-image-388908\" src=\"https:\/\/www.radiopiu.net\/wordpress\/wp-content\/uploads\/2024\/05\/Senza-nome-18-300x202.png\" alt=\"\" width=\"300\" height=\"202\" srcset=\"https:\/\/www.radiopiu.net\/wordpress\/wp-content\/uploads\/2024\/05\/Senza-nome-18-300x202.png 300w, https:\/\/www.radiopiu.net\/wordpress\/wp-content\/uploads\/2024\/05\/Senza-nome-18.png 530w\" sizes=\"auto, (max-width: 300px) 100vw, 300px\" \/><\/a><\/p>\n<hr \/>\n<h3 class=\"entry-title\"><\/h3>\n<blockquote>\n<h3>LAVORI PROGRAMMATI BIM GSP<\/h3>\n<\/blockquote>\n<p>DOMANI dalle 8 a FINE LAVORI verr\u00e0 sospesa l\u2019erogazione dell\u2019acqua a ROCCA PIETORE nelle localit\u00e0 CAPOLUOGO, COL DI ROCCA, CONDIO, SORAR\u00d9, PEZZ\u00c8, PALUE, PIAN, BOSCOVERDE, SAS NEGHER.<\/p>\n<p>&nbsp;<\/p>\n<p>&nbsp;<\/p>\n<hr \/>\n<p>&nbsp;<\/p>\n<blockquote>\n<h3 class=\"entry-title\"><a class=\"dt-pswp-item\" href=\"https:\/\/www.radiopiu.net\/wordpress\/wp-content\/uploads\/2023\/11\/road-5089188_640.jpg\" data-dt-img-description=\"\" data-large_image_width=\"640\" data-large_image_height=\"429\"><img loading=\"lazy\" decoding=\"async\" class=\"wp-image-361495 alignleft\" src=\"https:\/\/www.radiopiu.net\/wordpress\/wp-content\/uploads\/2023\/11\/road-5089188_640-300x201.jpg\" alt=\"\" width=\"137\" height=\"92\" srcset=\"https:\/\/www.radiopiu.net\/wordpress\/wp-content\/uploads\/2023\/11\/road-5089188_640-300x201.jpg 300w, https:\/\/www.radiopiu.net\/wordpress\/wp-content\/uploads\/2023\/11\/road-5089188_640.jpg 640w\" sizes=\"auto, (max-width: 137px) 100vw, 137px\" \/><\/a>STRADA PER DIGONERA, UN MESE DI CHIUSURE DIURNE-FERIALI<\/h3>\n<\/blockquote>\n<p><strong>ROCCA PIETORE<\/strong> Dal 6 maggio al 10 giugno chiusura totale della provinciale 563 di Salesei in localit\u00e0 Digonera dalle 7.30 alle 12.30 e dalle 13.30 alle 18, dal lunedi al venerdi. Negli altri orari, h 24 sabato e domenica compresi, senso unico alternato regolato da semaforo<\/p>\n<p><span style=\"color: #ff0000;\"><strong>SEDICO<\/strong> <\/span><strong>SR 203 AGORDINA localit\u00e0 Peron-La Stanga, dal 6 al 17 maggio, sabato e domenica escluso, senso unico alternato regolato da movieri per tratti di 200 metri\u00a0\u00a0<\/strong><\/p>\n<p>&nbsp;<\/p>\n<hr \/>\n<p>&nbsp;<\/p>\n<p>&nbsp;<\/p>\n<blockquote>\n<h2>Telemedicina nei Rifugi: Un Progetto Innovativo per la Sicurezza in Montagna<\/h2>\n<\/blockquote>\n<p><strong><img loading=\"lazy\" decoding=\"async\" class=\"alignleft\" src=\"https:\/\/www.radiopiu.net\/wordpress\/wp-content\/uploads\/2024\/05\/aa774f7c-a0d9-4533-bab0-1134e7349bd4.jpg\" width=\"237\" height=\"178\" \/>PIEVE DI CADORE<\/strong> Telemedicina nei rifugi, con successo da gennaio, coinvolge nove strutture incluso il Faloria, inviando dati in tempo reale al Suem 118. La formazione dei rifugisti, supportata da Soccorso Alpino e Guardia di Finanza, accelera i soccorsi sotto la guida di Cristina Barbarino. Inoltre, chiunque potr\u00e0 chiedere aiuto via videochiamata tramite link smartphone, parte del progetto &#8220;Rifugi sani e sicuri&#8221; premiato in vista della stagione estiva, come anticipato da Sandro Cinquetti, Direttore del Servizio Igiene e sanit\u00e0 pubblica dell&#8217;Ulss 1 Dolomiti.<\/p>\n<p><strong>DI DANIELE DALVIT<\/strong><\/p>\n<audio class=\"wp-audio-shortcode\" id=\"audio-388763-5\" preload=\"none\" style=\"width: 100%;\" controls=\"controls\"><source type=\"audio\/mpeg\" src=\"https:\/\/www.radiopiu.net\/wordpress\/wp-content\/uploads\/2024\/05\/Radio-Piu-Servizio-Telemedicina-nuovi-rifiugi.mp3?_=5\" \/><a href=\"https:\/\/www.radiopiu.net\/wordpress\/wp-content\/uploads\/2024\/05\/Radio-Piu-Servizio-Telemedicina-nuovi-rifiugi.mp3\">https:\/\/www.radiopiu.net\/wordpress\/wp-content\/uploads\/2024\/05\/Radio-Piu-Servizio-Telemedicina-nuovi-rifiugi.mp3<\/a><\/audio>\n<p>&nbsp;<\/p>\n<p>&nbsp;<\/p>\n<p>&nbsp;<\/p>\n<hr \/>\n<p>&nbsp;<\/p>\n<blockquote>\n<h3>PRIVATIZZAZIONE DI POSTE ITALIANE, LA PREOCCUPAZIONE DELLA CISL SLP<\/h3>\n<\/blockquote>\n<p><strong><a class=\"dt-pswp-item\" href=\"https:\/\/www.radiopiu.net\/wordpress\/wp-content\/uploads\/2024\/05\/Marco-Pertile-min-scaled.jpg\" data-dt-img-description=\"\" data-large_image_width=\"2560\" data-large_image_height=\"1920\"><img loading=\"lazy\" decoding=\"async\" class=\" wp-image-388822 alignleft\" src=\"https:\/\/www.radiopiu.net\/wordpress\/wp-content\/uploads\/2024\/05\/Marco-Pertile-min-300x225.jpg\" alt=\"\" width=\"156\" height=\"117\" srcset=\"https:\/\/www.radiopiu.net\/wordpress\/wp-content\/uploads\/2024\/05\/Marco-Pertile-min-300x225.jpg 300w, https:\/\/www.radiopiu.net\/wordpress\/wp-content\/uploads\/2024\/05\/Marco-Pertile-min-1024x768.jpg 1024w, https:\/\/www.radiopiu.net\/wordpress\/wp-content\/uploads\/2024\/05\/Marco-Pertile-min-768x576.jpg 768w, https:\/\/www.radiopiu.net\/wordpress\/wp-content\/uploads\/2024\/05\/Marco-Pertile-min-1536x1152.jpg 1536w, https:\/\/www.radiopiu.net\/wordpress\/wp-content\/uploads\/2024\/05\/Marco-Pertile-min-2048x1536.jpg 2048w\" sizes=\"auto, (max-width: 156px) 100vw, 156px\" \/><\/a>BELLUNO<\/strong> La Cisl Slp esprime crescente preoccupazione per la privatizzazione di Poste Italiane, temendo impatti negativi sui territori. La cessione delle quote potrebbe portare alla chiusura di uffici postali nelle zone remote e al taglio del personale. Il sindacato organizza assemblee sindacali in province come Treviso e Belluno, coinvolgendo i lavoratori. La mobilitazione culminer\u00e0 in una manifestazione a Venezia il 18 maggio. Si rischia di perdere fino al 20% degli uffici, soprattutto quelli nelle frazioni, essenziali per la popolazione anziana. In provincia di Belluno, sono impiegati circa 350 dipendenti in circa 100 uffici postali e 3 centri di recapito.<\/p>\n<p><strong>MARCO PERTILE, CILS SLP<\/strong><\/p>\n<audio class=\"wp-audio-shortcode\" id=\"audio-388763-6\" preload=\"none\" style=\"width: 100%;\" controls=\"controls\"><source type=\"audio\/mpeg\" src=\"https:\/\/www.radiopiu.net\/wordpress\/wp-content\/uploads\/2024\/05\/MARCO-PERTILE-CISL.mp3?_=6\" \/><a href=\"https:\/\/www.radiopiu.net\/wordpress\/wp-content\/uploads\/2024\/05\/MARCO-PERTILE-CISL.mp3\">https:\/\/www.radiopiu.net\/wordpress\/wp-content\/uploads\/2024\/05\/MARCO-PERTILE-CISL.mp3<\/a><\/audio>\n<p>&nbsp;<\/p>\n<p>&nbsp;<\/p>\n<p>&nbsp;<\/p>\n<p><strong class=\"photoswipe-wrapper\"><a class=\"dt-pswp-item pspw-wrap-ready\" href=\"https:\/\/www.radiopiu.net\/wordpress\/wp-content\/uploads\/2024\/01\/Senza-nome-34.png\" data-dt-img-description=\"\" data-large_image_width=\"239\" data-large_image_height=\"153\"><img loading=\"lazy\" decoding=\"async\" class=\"wp-image-369478 alignleft\" src=\"https:\/\/www.radiopiu.net\/wordpress\/wp-content\/uploads\/2024\/01\/Senza-nome-34.png\" alt=\"\" width=\"128\" height=\"82\" \/><\/a><\/strong><\/p>\n<p><strong>dal TG BELLUNESE di\u00a0 ANTENNA 3 ogni sera alle 19.30 sul canale 10 del digitale terrestre e alle 19 le anticipazioni alla radio.\u00a0 \u00a0<\/strong><\/p>\n<h1 class=\"_title post-title entry-title\">POSTE ITALIANE, CISL: \u00abLA PRIVATIZZAZIONE FARA\u2019 SPARIRE UFFICI NEI PICCOLI COMUNI\u00bb<\/h1>\n<p><strong>IERI SERA, DAL TG DI ANTENNA 3 Intervistati MASSIMILIANO PAGLINI (SEGRETARIO GEN. CISL BELLUNO TREVISO) (Servizio di\u00a0<a href=\"https:\/\/antennatre.medianordest.it\/redazione\/Anna-De-Roberto\/\">Anna De Roberto<\/a>)<\/strong><\/p>\n<p><iframe loading=\"lazy\" title=\"POSTE ITALIANE, CISL: \u00abLA PRIVATIZZAZIONE FARA&#039; SPARIRE UFFICI NEI PICCOLI COMUNI\u00bb | 07\/05\/2024\" width=\"1200\" height=\"675\" src=\"https:\/\/www.youtube.com\/embed\/4_sTJ5t8P2w?feature=oembed\" frameborder=\"0\" allow=\"accelerometer; autoplay; clipboard-write; encrypted-media; gyroscope; picture-in-picture; web-share\" referrerpolicy=\"strict-origin-when-cross-origin\" allowfullscreen><\/iframe><\/p>\n<p>&nbsp;<\/p>\n<hr \/>\n<p>&nbsp;<\/p>\n<p><strong class=\"photoswipe-wrapper\"><a class=\"dt-pswp-item pspw-wrap-ready\" href=\"https:\/\/www.radiopiu.net\/wordpress\/wp-content\/uploads\/2024\/01\/Senza-nome-34.png\" data-dt-img-description=\"\" data-large_image_width=\"239\" data-large_image_height=\"153\"><img loading=\"lazy\" decoding=\"async\" class=\"wp-image-369478 alignleft\" src=\"https:\/\/www.radiopiu.net\/wordpress\/wp-content\/uploads\/2024\/01\/Senza-nome-34.png\" alt=\"\" width=\"128\" height=\"82\" \/><\/a><\/strong><\/p>\n<p><strong>dal TG BELLUNESE di\u00a0 ANTENNA 3 ogni sera alle 19.30 sul canale 10 del digitale terrestre e alle 19 le anticipazioni alla radio.\u00a0 \u00a0<\/strong><\/p>\n<h1 class=\"_title post-title entry-title\">CHIUSURA STAZIONE DELL\u2019ARMA, DA ZANCHE: \u00abABBANDONATI DALLE ISTITUZIONI\u00bb<\/h1>\n<p>Intervistati STEFANO DA ZANCHE SINDACO DI GOSALDO (AL TELEFONO) (Servizio di\u00a0<a href=\"https:\/\/antennatre.medianordest.it\/redazione\/Tiziana-Bolognani\/\">Tiziana Bolognani<\/a>)<\/p>\n<p><iframe loading=\"lazy\" title=\"CHIUSURA STAZIONE DELL&#039;ARMA, DA ZANCHE: \u00abABBANDONATI DALLE ISTITUZIONI\u00bb | 07\/05\/2024\" width=\"1200\" height=\"675\" src=\"https:\/\/www.youtube.com\/embed\/WgzVkxHOpIw?feature=oembed\" frameborder=\"0\" allow=\"accelerometer; autoplay; clipboard-write; encrypted-media; gyroscope; picture-in-picture; web-share\" referrerpolicy=\"strict-origin-when-cross-origin\" allowfullscreen><\/iframe><\/p>\n<p>&nbsp;<\/p>\n<p>&nbsp;<\/p>\n<p>&nbsp;<\/p>\n<hr \/>\n<p>&nbsp;<\/p>\n<p>&nbsp;<\/p>\n<blockquote>\n<h3><a class=\"dt-pswp-item\" href=\"https:\/\/www.radiopiu.net\/wordpress\/wp-content\/uploads\/2024\/05\/Senza-nome-16.png\" data-dt-img-description=\"\" data-large_image_width=\"255\" data-large_image_height=\"257\"><img loading=\"lazy\" decoding=\"async\" class=\" wp-image-388904 alignleft\" src=\"https:\/\/www.radiopiu.net\/wordpress\/wp-content\/uploads\/2024\/05\/Senza-nome-16.png\" alt=\"\" width=\"153\" height=\"154\" srcset=\"https:\/\/www.radiopiu.net\/wordpress\/wp-content\/uploads\/2024\/05\/Senza-nome-16.png 255w, https:\/\/www.radiopiu.net\/wordpress\/wp-content\/uploads\/2024\/05\/Senza-nome-16-150x150.png 150w\" sizes=\"auto, (max-width: 153px) 100vw, 153px\" \/><\/a>QUELLO CHE NON SI DOVREBBE VEDERE&#8230;<\/h3>\n<p><strong>BELLUNO<\/strong><\/p><\/blockquote>\n<div class=\"flex-1 overflow-hidden\">\n<div class=\"react-scroll-to-bottom--css-cmqnm-79elbk h-full\">\n<div class=\"react-scroll-to-bottom--css-cmqnm-1n7m0yu\">\n<div class=\"flex flex-col text-sm pb-9\">\n<div class=\"w-full text-token-text-primary\" dir=\"auto\" data-testid=\"conversation-turn-27\" data-scroll-anchor=\"true\">\n<div class=\"py-2 px-3 text-base md:px-4 m-auto md:px-5 lg:px-1 xl:px-5\">\n<div class=\"mx-auto flex flex-1 gap-3 text-base juice:gap-4 juice:md:gap-6 md:max-w-3xl lg:max-w-[40rem] xl:max-w-[48rem]\">\n<div class=\"relative flex w-full min-w-0 flex-col agent-turn\">\n<div class=\"flex-col gap-1 md:gap-3\">\n<div class=\"flex flex-grow flex-col max-w-full\">\n<div class=\"min-h-[20px] text-message flex flex-col items-start whitespace-pre-wrap break-words [.text-message+&amp;]:mt-5 overflow-x-auto gap-3\" dir=\"auto\" data-message-author-role=\"assistant\" data-message-id=\"b7aec564-7df0-47ce-8d73-07605af0f5d5\">\n<div class=\"markdown prose w-full break-words dark:prose-invert dark\">\n<p>La Dolomitibus \u00e8\u00a0 rimasta indietro di almeno 3 anni, pubblicizzando oggi eventi del 2021 in vista delle Olimpiadi del 2026. Questo ritardo evidenzia un declino dell&#8217;azienda che un tempo rappresentava un orgoglio per la provincia. \u00c8 un segnale della necessit\u00e0 di affrontare i problemi anzich\u00e9 ignorarli. Tuttavia, non si sente pi\u00f9 parlare di tagli o della mancanza di servizio nei giorni festivi nell&#8217;Agordino. \u00c8 un fatto triste che probabilmente passer\u00e0 inosservato, come spesso accade.<\/p>\n<\/div>\n<\/div>\n<\/div>\n<\/div>\n<div class=\"absolute\">\n<div class=\"flex w-full gap-2 items-center justify-center\"><\/div>\n<div><\/div>\n<div>\n<hr \/>\n<div class=\"flex-1 overflow-hidden\">\n<div class=\"react-scroll-to-bottom--css-cmqnm-79elbk h-full\">\n<div class=\"react-scroll-to-bottom--css-cmqnm-1n7m0yu\">\n<div class=\"flex flex-col text-sm pb-9\">\n<div class=\"w-full text-token-text-primary\" dir=\"auto\" data-testid=\"conversation-turn-27\" data-scroll-anchor=\"true\">\n<div class=\"py-2 px-3 text-base md:px-4 m-auto md:px-5 lg:px-1 xl:px-5\">\n<div class=\"mx-auto flex flex-1 gap-3 text-base juice:gap-4 juice:md:gap-6 md:max-w-3xl lg:max-w-[40rem] xl:max-w-[48rem]\">\n<div class=\"relative flex w-full min-w-0 flex-col agent-turn\">\n<div class=\"absolute\">\n<h3><\/h3>\n<h3><\/h3>\n<h3><\/h3>\n<h3 style=\"text-align: center;\">QUELLO CHE VOGLIAMO VEDERE, LE NOSTRE ECCELLENZE, I VIGILI DEL FUOCO VOLONTARI<\/h3>\n<div class=\"html-div xe8uvvx xdj266r x11i5rnm xat24cr x1mh8g0r xexx8yu x4uap5 x18d9i69 xkhd6sd\">\n<div class=\"html-div xe8uvvx xdj266r x11i5rnm xat24cr x1mh8g0r xexx8yu x4uap5 x18d9i69 xkhd6sd\" dir=\"auto\">\n<div id=\":r2fa:\" class=\"x1iorvi4 x1pi30zi x1l90r2v x1swvt13\" data-ad-comet-preview=\"message\" data-ad-preview=\"message\">\n<div class=\"x78zum5 xdt5ytf xz62fqu x16ldp7u\">\n<div class=\"xu06os2 x1ok221b\">\n<div class=\"x11i5rnm xat24cr x1mh8g0r x1vvkbs xtlvy1s x126k92a\">\n<div dir=\"auto\"><strong>i Pompieri Volontari di Selva di Cadore e i colleghi Permanenti del distaccamento di Agordo sono intervenuti per incidente stradale.<\/strong><\/div>\n<div dir=\"auto\"><\/div>\n<\/div>\n<\/div>\n<\/div>\n<\/div>\n<\/div>\n<div id=\":r2fb:\" class=\"html-div xe8uvvx xdj266r x11i5rnm xat24cr x1mh8g0r xexx8yu x4uap5 x18d9i69 xkhd6sd x1n2onr6\">\n<div class=\"html-div xe8uvvx xdj266r x11i5rnm xat24cr x1mh8g0r xexx8yu x4uap5 x18d9i69 xkhd6sd x1n2onr6\">\n<div class=\"x6s0dn4 x1jx94hy x78zum5 xdt5ytf x6ikm8r x10wlt62 x1n2onr6 xh8yej3\">\n<div>\n<div class=\"xqtp20y x6ikm8r x10wlt62 x1n2onr6\">\n<div class=\"x10l6tqk x13vifvy\"><img loading=\"lazy\" decoding=\"async\" class=\"x1ey2m1c xds687c x5yr21d x10l6tqk x17qophe x13vifvy xh8yej3 xl1xv1r\" src=\"https:\/\/scontent-mxp2-1.xx.fbcdn.net\/v\/t39.30808-6\/441059202_10212070671118053_5648808232575289949_n.jpg?stp=dst-jpg_p180x540&amp;_nc_cat=109&amp;ccb=1-7&amp;_nc_sid=5f2048&amp;_nc_ohc=rxsPe2elheAQ7kNvgGXLuwI&amp;_nc_ht=scontent-mxp2-1.xx&amp;oh=00_AfBUu9CjtSm4I93z21wnZ7n-6RjAb3A2uS9pIlkv9jigcQ&amp;oe=6640D4ED\" alt=\"Potrebbe essere un'immagine raffigurante ambulanza, strada e il seguente testo &quot;T VIGILI VIGILIDELFUOCO DEL FUOCO B\uc2dcI IVECO \u1260\u1275 1-21973&quot;\" width=\"720\" height=\"540\" \/><\/div>\n<\/div>\n<\/div>\n<\/div>\n<div class=\"xua58t2 xzg4506 x1ey2m1c xds687c x47corl x10l6tqk x17qophe x13vifvy\"><\/div>\n<div class=\"x1ey2m1c xds687c x17qophe xg01cxk x47corl x10l6tqk x13vifvy x1ebt8du x19991ni x1dhq9h x1o1ewxj x3x9cwd x1e5q0jg x13rtm0m\" role=\"none\" data-visualcompletion=\"ignore\"><\/div>\n<\/div>\n<div class=\"html-div xe8uvvx xdj266r x11i5rnm xat24cr x1mh8g0r xexx8yu x4uap5 x18d9i69 xkhd6sd x6ikm8r x10wlt62\"><\/div>\n<\/div>\n<\/div>\n<div>\n<div class=\"x168nmei x13lgxp2 x30kzoy x9jhf4c x6ikm8r x10wlt62\" data-visualcompletion=\"ignore-dynamic\">\n<div>\n<div>\n<div>\n<div class=\"x1n2onr6\">\n<div class=\"x6s0dn4 xi81zsa x78zum5 x6prxxf x13a6bvl xvq8zen xdj266r xktsk01 xat24cr x1d52u69 x889kno x4uap5 x1a8lsjc xkhd6sd xdppsyt\">\n<div class=\"x6s0dn4 x78zum5 x1iyjqo2 x6ikm8r x10wlt62\">\n<div class=\"x1i10hfl x1qjc9v5 xjbqb8w xjqpnuy xa49m3k xqeqjp1 x2hbi6w x13fuv20 xu3j5b3 x1q0q8m5 x26u7qi x972fbf xcfux6l x1qhh985 xm0m39n x9f619 x1ypdohk xdl72j9 x2lah0s xe8uvvx xdj266r x11i5rnm xat24cr x1mh8g0r x2lwn1j xeuugli xexx8yu x4uap5 x18d9i69 xkhd6sd x1n2onr6 x16tdsg8 x1hl2dhg xggy1nq x1ja2u2z x1t137rt x1o1ewxj x3x9cwd x1e5q0jg x13rtm0m x3nfvp2 x1q0g3np x87ps6o x1lku1pv x1a2a7pz\" tabindex=\"0\" role=\"button\" aria-label=\"Mi piace: 35 persone\"><\/div>\n<div class=\"\">\n<div class=\"x1i10hfl xjbqb8w x1ejq31n xd10rxx x1sy0etr x17r0tee x972fbf xcfux6l x1qhh985 xm0m39n x9f619 x1ypdohk xe8uvvx xdj266r x11i5rnm xat24cr x1mh8g0r xexx8yu x4uap5 x18d9i69 xkhd6sd x16tdsg8 x1hl2dhg xggy1nq x1o1ewxj x3x9cwd x1e5q0jg x13rtm0m x1n2onr6 x87ps6o x1lku1pv x1a2a7pz x1heor9g xnl1qt8 x6ikm8r x10wlt62 x1vjfegm x1lliihq\" tabindex=\"0\" role=\"button\"><\/div>\n<\/div>\n<\/div>\n<\/div>\n<\/div>\n<\/div>\n<\/div>\n<\/div>\n<\/div>\n<\/div>\n<\/div>\n<div><\/div>\n<\/div>\n<\/div>\n<\/div>\n<\/div>\n<\/div>\n<\/div>\n<\/div>\n<\/div>\n<\/div>\n<div><\/div>\n<\/div>\n<\/div>\n<\/div>\n<\/div>\n<\/div>\n<\/div>\n<\/div>\n<\/div>\n<\/div>\n<p>&nbsp;<\/p>\n<hr \/>\n<p>&nbsp;<\/p>\n<blockquote><p><a class=\"dt-pswp-item\" href=\"https:\/\/www.radiopiu.net\/wordpress\/wp-content\/uploads\/2024\/05\/Bruno-Zanolla-Amministratore-Unico-di-Bim-Belluno-Infrastrutture-1.jpg\" data-dt-img-description=\"Oplus_1179650\" data-large_image_width=\"1251\" data-large_image_height=\"1511\"><img loading=\"lazy\" decoding=\"async\" class=\" wp-image-388857 alignleft\" src=\"https:\/\/www.radiopiu.net\/wordpress\/wp-content\/uploads\/2024\/05\/Bruno-Zanolla-Amministratore-Unico-di-Bim-Belluno-Infrastrutture-1-248x300.jpg\" alt=\"\" width=\"164\" height=\"198\" srcset=\"https:\/\/www.radiopiu.net\/wordpress\/wp-content\/uploads\/2024\/05\/Bruno-Zanolla-Amministratore-Unico-di-Bim-Belluno-Infrastrutture-1-248x300.jpg 248w, https:\/\/www.radiopiu.net\/wordpress\/wp-content\/uploads\/2024\/05\/Bruno-Zanolla-Amministratore-Unico-di-Bim-Belluno-Infrastrutture-1-848x1024.jpg 848w, https:\/\/www.radiopiu.net\/wordpress\/wp-content\/uploads\/2024\/05\/Bruno-Zanolla-Amministratore-Unico-di-Bim-Belluno-Infrastrutture-1-768x928.jpg 768w, https:\/\/www.radiopiu.net\/wordpress\/wp-content\/uploads\/2024\/05\/Bruno-Zanolla-Amministratore-Unico-di-Bim-Belluno-Infrastrutture-1.jpg 1251w\" sizes=\"auto, (max-width: 164px) 100vw, 164px\" \/><\/a><\/p>\n<p><strong>Bilancio 2023 di Bim Belluno Infrastrutture: Successi e Prospettive<\/strong><\/p><\/blockquote>\n<p><strong>BELLUNO <\/strong>Nella Sala Congressi di Villa Carpenada, il bilancio consuntivo del 2023 di Bim Belluno Infrastrutture \u00e8 stato approvato all\u2019unanimit\u00e0. L&#8217;Amministratore Unico, Bruno Zanolla (foto), ha presentato i risultati positivi dell&#8217;anno: ricavi in crescita a 13 milioni di euro, margine operativo lordo a 5,2 milioni, e un utile di 1,9 milioni di euro. La produzione di energia rinnovabile \u00e8 notevolmente migliorata portando benefici ai Comuni proprietari degli impianti. Gli investimenti, pari a 1,2 milioni di euro, hanno potenziato le infrastrutture esistenti e avviato nuovi progetti, come l&#8217;estensione della rete di distribuzione a biomassa. La fusione con Bim Gsp \u00e8 vista come un passo strategico per affrontare le sfide future e promuovere lo sviluppo sostenibile. Inoltre, \u00e8 stata approvata la distribuzione di 3 milioni di euro di dividendi ai Comuni soci, a beneficio delle amministrazioni locali.<\/p>\n<div class=\"w-full md:pt-0 dark:border-white\/20 md:border-transparent md:dark:border-transparent md:w-[calc(100%-.5rem)] juice:w-full\">\n<div class=\"px-3 text-base md:px-4 m-auto md:px-5 lg:px-1 xl:px-5\">\n<div class=\"mx-auto flex flex-1 gap-3 text-base juice:gap-4 juice:md:gap-6 md:max-w-3xl lg:max-w-[40rem] xl:max-w-[48rem]\">\n<form class=\"w-full\">\n<div class=\"relative flex h-full max-w-full flex-1 flex-col\">\n<div class=\"flex w-full items-center\"><\/div>\n<\/div>\n<\/form>\n<\/div>\n<\/div>\n<\/div>\n<p>&nbsp;<\/p>\n<hr \/>\n<p>&nbsp;<\/p>\n<p>&nbsp;<\/p>\n<blockquote><p><strong>Tragedie sul lavoro: la Camera di Commercio di Treviso &#8211; Belluno ricorda le vittime<\/strong><\/p><\/blockquote>\n<p><strong>TREVISO<\/strong> Ieri, durante il Consiglio della Camera di Commercio, \u00e8 stato osservato un minuto di silenzio in memoria delle vittime sul lavoro, comprese quelle avvenute recentemente a Palermo e a Fontanelle, Treviso. Il Presidente Pozza ha sottolineato l&#8217;importanza di prevenire tali tragedie attraverso una cultura della conoscenza dei rischi da parte delle imprese e dei lavoratori. Questo coinvolge una maggiore formazione, soprattutto per i lavoratori provenienti da altri Paesi, e una chiara responsabilit\u00e0 nell&#8217;applicare le norme di sicurezza. La collaborazione tra le istituzioni \u00e8 considerata fondamentale per supportare le imprese nell&#8217;adottare pratiche sicure.<\/p>\n<p><strong><a class=\"dt-pswp-item\" href=\"https:\/\/www.radiopiu.net\/wordpress\/wp-content\/uploads\/2023\/09\/CAMERA-DI-COMMERCIO.png\" data-dt-img-description=\"\" data-large_image_width=\"760\" data-large_image_height=\"314\"><img loading=\"lazy\" decoding=\"async\" class=\" wp-image-353764 alignleft\" src=\"https:\/\/www.radiopiu.net\/wordpress\/wp-content\/uploads\/2023\/09\/CAMERA-DI-COMMERCIO-300x124.png\" alt=\"\" width=\"259\" height=\"107\" srcset=\"https:\/\/www.radiopiu.net\/wordpress\/wp-content\/uploads\/2023\/09\/CAMERA-DI-COMMERCIO-300x124.png 300w, https:\/\/www.radiopiu.net\/wordpress\/wp-content\/uploads\/2023\/09\/CAMERA-DI-COMMERCIO.png 760w\" sizes=\"auto, (max-width: 259px) 100vw, 259px\" \/><\/a><\/strong><\/p>\n<p><strong>Curia Mercatorum: Il valore della mediazione nella risoluzione extragiudiziale delle controversie civili e commerciali<\/strong><\/p>\n<p><strong>TREVISO<\/strong> Oggi\u00a0 La Camera di Commercio di Treviso \u2013 Belluno|Dolomiti ospita la conferenza stampa dedicata a Curia Mercatorum, in cui verranno illustrati i dati relativi all&#8217;attivit\u00e0 dell&#8217;ente e saranno presentati il nuovo Consiglio di Amministrazione e gli obiettivi strategici futuri, in linea con la riforma &#8220;Cartabia&#8221;. Tra gli intervenuti, il Presidente di Curia Mercatorum e della Camera di Commercio di Treviso \u2013 Belluno |Dolomiti, il Segretario Generale della stessa Camera, il direttore di Curia Mercatorum e il Responsabile delle procedure di mediazione.<\/p>\n<div class=\"w-full md:pt-0 dark:border-white\/20 md:border-transparent md:dark:border-transparent md:w-[calc(100%-.5rem)] juice:w-full\">\n<div class=\"px-3 text-base md:px-4 m-auto md:px-5 lg:px-1 xl:px-5\">\n<div class=\"mx-auto flex flex-1 gap-3 text-base juice:gap-4 juice:md:gap-6 md:max-w-3xl lg:max-w-[40rem] xl:max-w-[48rem]\">\n<form class=\"w-full\">\n<div class=\"relative flex h-full max-w-full flex-1 flex-col\">\n<div class=\"absolute bottom-full left-0 right-0\"><\/div>\n<div><\/div>\n<div><\/div>\n<div>\n<hr \/>\n<\/div>\n<div><\/div>\n<blockquote>\n<h1>\u00a0IL NUOVO CONSIGLIO PROVINCIALE<\/h1>\n<p><em>il Presidente vuole dare le deleghe a tutti, ed \u00e8 scontro con il centrosinistra che gi\u00e0 ha rifiutato gli incarichi<\/em><\/p><\/blockquote>\n<div><\/div>\n<div class=\"flex w-full items-center\">\n<div class=\"flex-1 overflow-hidden\">\n<div class=\"react-scroll-to-bottom--css-cmqnm-79elbk h-full\">\n<div class=\"react-scroll-to-bottom--css-cmqnm-1n7m0yu\">\n<div class=\"flex flex-col text-sm pb-9\">\n<div class=\"w-full text-token-text-primary\" dir=\"auto\" data-testid=\"conversation-turn-13\" data-scroll-anchor=\"true\">\n<div class=\"py-2 px-3 text-base md:px-4 m-auto md:px-5 lg:px-1 xl:px-5\">\n<div class=\"mx-auto flex flex-1 gap-3 text-base juice:gap-4 juice:md:gap-6 md:max-w-3xl lg:max-w-[40rem] xl:max-w-[48rem]\">\n<div class=\"relative flex w-full min-w-0 flex-col agent-turn\">\n<div class=\"flex-col gap-1 md:gap-3\">\n<div class=\"flex flex-grow flex-col max-w-full\">\n<div class=\"min-h-[20px] text-message flex flex-col items-start whitespace-pre-wrap break-words [.text-message+&amp;]:mt-5 overflow-x-auto gap-3\" dir=\"auto\" data-message-author-role=\"assistant\" data-message-id=\"9d1799f9-9a01-426f-82f1-ddee49953430\">\n<div class=\"markdown prose w-full break-words dark:prose-invert dark\">\n<table>\n<thead>\n<tr>\n<th>Consigliere<\/th>\n<th>Deleghe Assegnate<\/th>\n<\/tr>\n<\/thead>\n<tbody>\n<tr>\n<td>Silvia Calligaro<\/td>\n<td>Vice Presidenza, Viabilit\u00e0, Infrastrutture, Caccia e Pesca, Agricoltura<\/td>\n<\/tr>\n<tr>\n<td>Massimo Bortoluzzi<\/td>\n<td>Difesa del Suolo, Protezione Civile, Demanio Idrico, Mobilit\u00e0 e Trasporti<\/td>\n<\/tr>\n<tr>\n<td>Simone Deola<\/td>\n<td>Ambiente, Rifiuti, Dolomiti Unesco<\/td>\n<\/tr>\n<tr>\n<td>Mario De Bon<\/td>\n<td>Fondi Comuni di Confine<\/td>\n<\/tr>\n<tr>\n<td>Sindi Manushi<\/td>\n<td>Cultura, Minoranze Linguistiche<\/td>\n<\/tr>\n<tr>\n<td>Matilde Vieceli<\/td>\n<td>Bilancio, Patrimonio, Pari Opportunit\u00e0<\/td>\n<\/tr>\n<tr>\n<td>Marzo Sovilla<\/td>\n<td>Edilizia Scolastica, Urbanistica, Impianti a Fune<\/td>\n<\/tr>\n<tr>\n<td>Vanessa De Francesch<\/td>\n<td>Turismo, Istruzione, Innovazione<\/td>\n<\/tr>\n<tr>\n<td>Alberto Peterle<\/td>\n<td>Attivit\u00e0 Produttive, Programmazione Strategica Unitaria, Sviluppo Transfrontaliero, Rapporti con Enti Locali, Residenzialit\u00e0<\/td>\n<\/tr>\n<tr>\n<td>Donatella De Pellegrin<\/td>\n<td>Welfare, Volontariato, Sociale, Formazione<\/td>\n<\/tr>\n<\/tbody>\n<\/table>\n<p>&nbsp;<\/p>\n<p>Al presidente Roberto Padrin rimangono le deleghe:<\/p>\n<ul>\n<li>Personale<\/li>\n<li>Polizia Provinciale<\/li>\n<li>Sport<\/li>\n<li>Attuazione della legge regionale 25\/2014 e rapporti con la Regione del Veneto<\/li>\n<li>Olimpiadi Milano-Cortina 2026 e Grandi Eventi<\/li>\n<li><\/li>\n<\/ul>\n<\/div>\n<\/div>\n<\/div>\n<div class=\"mt-1 flex gap-3 empty:hidden\"><\/div>\n<div><\/div>\n<div>\n<hr \/>\n<\/div>\n<blockquote>\n<h3>Petizione contro la vendita dei terreni comunali a Cortina d&#8217;Ampezzo: oltre 2600 firme raccolte in meno di tre settimane<\/h3>\n<\/blockquote>\n<div>\n<p><strong><a class=\"dt-pswp-item\" href=\"https:\/\/www.radiopiu.net\/wordpress\/wp-content\/uploads\/2024\/05\/dff61568-f23a-4234-9468-47cd5fd1db76.jpg\" data-dt-img-description=\"\" data-large_image_width=\"1200\" data-large_image_height=\"1600\"><img loading=\"lazy\" decoding=\"async\" class=\"size-medium wp-image-388893 alignleft\" src=\"https:\/\/www.radiopiu.net\/wordpress\/wp-content\/uploads\/2024\/05\/dff61568-f23a-4234-9468-47cd5fd1db76-225x300.jpg\" alt=\"\" width=\"225\" height=\"300\" srcset=\"https:\/\/www.radiopiu.net\/wordpress\/wp-content\/uploads\/2024\/05\/dff61568-f23a-4234-9468-47cd5fd1db76-225x300.jpg 225w, https:\/\/www.radiopiu.net\/wordpress\/wp-content\/uploads\/2024\/05\/dff61568-f23a-4234-9468-47cd5fd1db76-768x1024.jpg 768w, https:\/\/www.radiopiu.net\/wordpress\/wp-content\/uploads\/2024\/05\/dff61568-f23a-4234-9468-47cd5fd1db76-1152x1536.jpg 1152w, https:\/\/www.radiopiu.net\/wordpress\/wp-content\/uploads\/2024\/05\/dff61568-f23a-4234-9468-47cd5fd1db76.jpg 1200w\" sizes=\"auto, (max-width: 225px) 100vw, 225px\" \/><\/a><\/strong><\/p>\n<p>&nbsp;<\/p>\n<p><strong>CORTINA<\/strong><\/p>\n<div class=\"flex-1 overflow-hidden\">\n<div class=\"react-scroll-to-bottom--css-cmqnm-79elbk h-full\">\n<div class=\"react-scroll-to-bottom--css-cmqnm-1n7m0yu\">\n<div class=\"flex flex-col text-sm pb-9\">\n<div class=\"w-full text-token-text-primary\" dir=\"auto\" data-testid=\"conversation-turn-17\" data-scroll-anchor=\"true\">\n<div class=\"py-2 px-3 text-base md:px-4 m-auto md:px-5 lg:px-1 xl:px-5\">\n<div class=\"mx-auto flex flex-1 gap-3 text-base juice:gap-4 juice:md:gap-6 md:max-w-3xl lg:max-w-[40rem] xl:max-w-[48rem]\">\n<div class=\"relative flex w-full min-w-0 flex-col agent-turn\">\n<div class=\"flex-col gap-1 md:gap-3\">\n<div class=\"flex flex-grow flex-col max-w-full\">\n<div class=\"min-h-[20px] text-message flex flex-col items-start whitespace-pre-wrap break-words [.text-message+&amp;]:mt-5 overflow-x-auto gap-3\" dir=\"auto\" data-message-author-role=\"assistant\" data-message-id=\"85be96c6-2091-4f91-9e61-359f5a850b5e\">\n<div class=\"markdown prose w-full break-words dark:prose-invert dark\">\n<p>Il Comitato Civico Cortina ha consegnato al Comune di Cortina d&#8217;Ampezzo oltre 2600 firme, raccolte in meno di tre settimane, chiedendo la sistemazione della Stazione senza vendita di terreni pubblici. Nonostante il raggiungimento dell&#8217;obiettivo delle 1000 firme, il sindaco Lorenzi ha preferito ricevere le firme tramite l&#8217;ufficio protocollo. La presidente Menardi critica la mancanza di sensibilit\u00e0 del sindaco verso le preoccupazioni dei cittadini riguardo all&#8217;operazione.<\/p>\n<p>&nbsp;<\/p>\n<p>&nbsp;<\/p>\n<p>&nbsp;<\/p>\n<p>&nbsp;<\/p>\n<p><strong>PER LE TRE RADIO, BARBARA PAOLAZZI<\/strong><\/p>\n<\/div>\n<\/div>\n<\/div>\n<div class=\"mt-1 flex gap-3 empty:hidden\">\n<div class=\"text-gray-400 flex self-end lg:self-center items-center justify-center lg:justify-start mt-0 -ml-1 h-7 gap-[2px] visible\">\n<div class=\"flex\"><\/div>\n<div>\n<audio class=\"wp-audio-shortcode\" id=\"audio-388763-7\" preload=\"none\" style=\"width: 100%;\" controls=\"controls\"><source type=\"audio\/mpeg\" src=\"https:\/\/www.radiopiu.net\/wordpress\/wp-content\/uploads\/2024\/05\/BARBARA-CORTINA.mp3?_=7\" \/><a href=\"https:\/\/www.radiopiu.net\/wordpress\/wp-content\/uploads\/2024\/05\/BARBARA-CORTINA.mp3\">https:\/\/www.radiopiu.net\/wordpress\/wp-content\/uploads\/2024\/05\/BARBARA-CORTINA.mp3<\/a><\/audio>\n<\/div>\n<div><\/div>\n<div><\/div>\n<div><\/div>\n<div><\/div>\n<div>\n<hr \/>\n<\/div>\n<blockquote>\n<h3>CONTROLLO DELLA VELOCITA&#8217;? NO&#8230;DEI FLUSSI DI TRAFFICO<\/h3>\n<\/blockquote>\n<div>\n<blockquote><p><em>Questi cavi di gomma, posti sull&#8217;asfalto, collegati a un dispositivo, monitorano il passaggio delle auto senza violare la privacy, poich\u00e9 non rilevano targhe. Posizionati lungo i confini urbani e su strade principali e secondarie, come Via Vittorio Veneto e la Strada Provinciale 1, i sensori aiutano a comprendere i percorsi delle auto e le intersezioni pi\u00f9 congestionate, come quella della Cerva.<\/em><\/p><\/blockquote>\n<div class=\"flex-1 overflow-hidden\">\n<div class=\"react-scroll-to-bottom--css-cmqnm-79elbk h-full\">\n<div class=\"react-scroll-to-bottom--css-cmqnm-1n7m0yu\">\n<div>\n<div class=\"flex flex-col text-sm pb-9\">\n<div class=\"w-full text-token-text-primary\" dir=\"auto\" data-testid=\"conversation-turn-23\" data-scroll-anchor=\"true\">\n<div class=\"py-2 px-3 text-base md:px-4 m-auto md:px-5 lg:px-1 xl:px-5\">\n<div class=\"mx-auto flex flex-1 gap-3 text-base juice:gap-4 juice:md:gap-6 md:max-w-3xl lg:max-w-[40rem] xl:max-w-[48rem]\">\n<div class=\"relative flex w-full min-w-0 flex-col agent-turn\">\n<div class=\"flex-col gap-1 md:gap-3\">\n<div class=\"flex flex-grow flex-col max-w-full\">\n<div class=\"min-h-[20px] text-message flex flex-col items-start whitespace-pre-wrap break-words [.text-message+&amp;]:mt-5 overflow-x-auto gap-3\" dir=\"auto\" data-message-author-role=\"assistant\" data-message-id=\"9806c1e2-1317-4978-be8c-2bfdfeab4a5a\">\n<div class=\"markdown prose w-full break-words dark:prose-invert dark\">\n<p><strong>BELLUNO<\/strong> Il Comune ha avviato la rilevazione dei flussi di traffico per elaborare il Piano Urbano della Mobilit\u00e0 Sostenibile (Pums) e il Piano Generale del Traffico Urbano (Pgtu). Questi documenti strategici, pensati per il lungo termine, coinvolgono ogni aspetto della mobilit\u00e0: auto, biciclette, pedoni e trasporto pubblico. La rilevazione utilizza sensori pneumatici per analizzare il flusso veicolare in punti strategici della citt\u00e0, con l&#8217;obiettivo di comprendere i movimenti delle auto nei giorni feriali e festivi, anche verso le localit\u00e0 turistiche. Successivamente, l&#8217;analisi sar\u00e0 integrata con telecamere ad hoc e dati da piattaforme come TomTom.<\/p>\n<\/div>\n<\/div>\n<\/div>\n<\/div>\n<\/div>\n<\/div>\n<\/div>\n<\/div>\n<\/div>\n<\/div>\n<\/div>\n<\/div>\n<\/div>\n<div class=\"text-gray-400 flex self-end lg:self-center items-center justify-center lg:justify-start mt-0 -ml-1 h-7 gap-[2px] visible\"><img decoding=\"async\" class=\"aligncenter\" src=\"https:\/\/www.radiopiu.net\/wordpress\/wp-content\/uploads\/2024\/05\/Senza-nome-15.png\" \/><\/div>\n<div><\/div>\n<div>&#8211;<\/div>\n<div><\/div>\n<div>\n<hr \/>\n<\/div>\n<div><\/div>\n<blockquote>\n<h2>LA GIUDIZIARIA<br \/>\n<strong>SINTESI DEGLI ARTICOLI DI GIGI SOSSO, CORRIERE DELLE ALPI oggi in edicola<\/strong><\/h2>\n<\/blockquote>\n<div class=\"flex-1 overflow-hidden\">\n<div class=\"react-scroll-to-bottom--css-cmqnm-79elbk h-full\">\n<div class=\"react-scroll-to-bottom--css-cmqnm-1n7m0yu\">\n<div class=\"flex flex-col text-sm pb-9\">\n<div class=\"w-full text-token-text-primary\" dir=\"auto\" data-testid=\"conversation-turn-23\" data-scroll-anchor=\"true\">\n<div class=\"py-2 px-3 text-base md:px-4 m-auto md:px-5 lg:px-1 xl:px-5\">\n<div class=\"mx-auto flex flex-1 gap-3 text-base juice:gap-4 juice:md:gap-6 md:max-w-3xl lg:max-w-[40rem] xl:max-w-[48rem]\">\n<div class=\"relative flex w-full min-w-0 flex-col agent-turn\">\n<div class=\"flex-col gap-1 md:gap-3\">\n<div>\n<p><strong>Codice Rosso: Proposta di Patteggiamento in un Caso di Maltrattamenti Familiari<\/strong><\/p>\n<\/div>\n<div class=\"pr-2 lg:pr-0\">\n<p><strong>FELTRE<\/strong> Marito e moglie si sono rivisti ieri in tribunale, davanti al giudice Elisabetta Scolozzi. L&#8217;uomo, cittadino kosovaro, affronta l&#8217;accusa di maltrattamenti in famiglia e lesioni alla moglie e alla figlia. Entro gioved\u00ec prossimo, presenter\u00e0 una proposta di patteggiamento al pubblico ministero Alberto Primavera. I litigi sarebbero iniziati in Kosovo e proseguiti a Feltre. Nonostante il divieto di avvicinamento, l&#8217;uomo avrebbe violato la restrizione pi\u00f9 volte. La decisione sulla pena sar\u00e0 presa gioved\u00ec prossimo.<\/p>\n<div class=\"flex-1 overflow-hidden\">\n<div class=\"react-scroll-to-bottom--css-cmqnm-79elbk h-full\">\n<div class=\"react-scroll-to-bottom--css-cmqnm-1n7m0yu\">\n<div class=\"flex flex-col text-sm pb-9\">\n<div class=\"w-full text-token-text-primary\" dir=\"auto\" data-testid=\"conversation-turn-29\" data-scroll-anchor=\"true\">\n<div class=\"py-2 px-3 text-base md:px-4 m-auto md:px-5 lg:px-1 xl:px-5\">\n<div class=\"mx-auto flex flex-1 gap-3 text-base juice:gap-4 juice:md:gap-6 md:max-w-3xl lg:max-w-[40rem] xl:max-w-[48rem]\">\n<div class=\"relative flex w-full min-w-0 flex-col agent-turn\">\n<div class=\"flex-col gap-1 md:gap-3\">\n<div class=\"mt-1 flex gap-3 empty:hidden\">\n<div class=\"text-gray-400 flex self-end lg:self-center items-center justify-center lg:justify-start mt-0 -ml-1 h-7 gap-[2px] visible\">\n<div class=\"flex items-center gap-1.5 text-xs\"><\/div>\n<div class=\"flex\">\n<p><strong>\u00a0Processo per l&#8217;Omicidio di Fener Anticipato al 29 Maggio<\/strong><\/p>\n<p><strong>SETTEVILLE<\/strong> Il processo a Pedro Livert Dominguez e Junior Cedano Sanchez per l&#8217;omicidio di Antonio Costa \u00e8 stato anticipato al 29 maggio. I due dominicani erano stati rinviati a giudizio a febbraio e la prima udienza era prevista per giugno. Dominguez \u00e8 detenuto dallo scorso maggio, mentre Sanchez \u00e8 rimasto libero nonostante la richiesta di custodia cautelare. Il giudice per le indagini preliminari ha definito l&#8217;accoltellamento un &#8220;dolo d&#8217;impeto&#8221;.<\/p>\n<p>&nbsp;<\/p>\n<\/div>\n<\/div>\n<\/div>\n<div class=\"pr-2 lg:pr-0\"><strong> Processo per Stalking: La Persecuzione Digitale<\/strong><\/div>\n<\/div>\n<div class=\"absolute\">\n<div><\/div>\n<div class=\"flex w-full gap-2 items-center justify-center\"><strong><strong>VOLTAGO <\/strong><\/strong>Residente ad Agordo\u00a0 rinviata a giudizio per stalking nei confronti del suo ex fidanzato. Il processo \u00e8 stato richiesto dal pubblico ministero Simone Marcon, basandosi sulla denuncia presentata dall&#8217;uomo. Le molestie avrebbero coinvolto non solo l&#8217;ex fidanzato ma anche sua madre, con chiamate moleste e minacce sui social media. La prima udienza \u00e8 fissata per il 5 luglio davanti al giudice Antonella Coniglio. Il dibattimento inizier\u00e0 con la testimonianza della parte offesa e dei testimoni del pubblico ministero Marcon.<\/div>\n<\/div>\n<\/div>\n<\/div>\n<\/div>\n<\/div>\n<\/div>\n<\/div>\n<\/div>\n<\/div>\n<\/div>\n<div><\/div>\n<\/div>\n<\/div>\n<\/div>\n<\/div>\n<\/div>\n<\/div>\n<\/div>\n<\/div>\n<\/div>\n<\/div>\n<\/div>\n<\/div>\n<div class=\"pr-2 lg:pr-0\"><strong> Botte a Piazza dei Martiri: Due Imputati Assolti\u00a0<\/strong><\/div>\n<\/div>\n<div><\/div>\n<div><strong>BELLUNO<\/strong> Due dei cinque imputati accusati di lesioni e rapina di un telefono cellulare dopo una rissa a Piazza dei Martiri sono stati assolti in abbreviato dal giudice Enrica Marson. Entrambi giovani, hanno optato per la formula piena e sono stati dichiarati non colpevoli sulla base delle prove raccolte dal pubblico ministero. Il litigio, scoppiato per avances a sfondo sessuale, ha coinvolto quattro ragazzi e una ragazza. Le immagini delle telecamere di sorveglianza hanno confermato l&#8217;estraneit\u00e0 dei due imputati alla vicenda. La sentenza evidenzia la mancanza di credibilit\u00e0 nel racconto dell&#8217;accusatore. Restano ancora da celebrare i processi degli altri tre imputati.<\/div>\n<\/div>\n<\/div>\n<\/div>\n<\/div>\n<\/div>\n<\/div>\n<\/div>\n<\/div>\n<\/div>\n<\/div>\n<\/div>\n<\/div>\n<\/div>\n<\/div>\n<\/div>\n<\/div>\n<\/div>\n<\/div>\n<\/div>\n<\/div>\n<\/form>\n<\/div>\n<\/div>\n<\/div>\n<div class=\"flex-1 overflow-hidden\">\n<div class=\"react-scroll-to-bottom--css-cmqnm-79elbk h-full\">\n<div class=\"react-scroll-to-bottom--css-cmqnm-1n7m0yu\">\n<div class=\"flex flex-col text-sm pb-9\">\n<div class=\"w-full text-token-text-primary\" dir=\"auto\" data-testid=\"conversation-turn-35\" data-scroll-anchor=\"true\">\n<div class=\"py-2 px-3 text-base md:px-4 m-auto md:px-5 lg:px-1 xl:px-5\">\n<div class=\"mx-auto flex flex-1 gap-3 text-base juice:gap-4 juice:md:gap-6 md:max-w-3xl lg:max-w-[40rem] xl:max-w-[48rem]\">\n<div class=\"relative flex w-full min-w-0 flex-col agent-turn\">\n<div class=\"flex-col gap-1 md:gap-3\">\n<div class=\"mt-1 flex gap-3 empty:hidden\">\n<div class=\"text-gray-400 flex self-end lg:self-center items-center justify-center lg:justify-start mt-0 -ml-1 h-7 gap-[2px] visible\">\n<div class=\"flex\"><\/div>\n<\/div>\n<\/div>\n<div class=\"pr-2 lg:pr-0\"><\/div>\n<\/div>\n<\/div>\n<\/div>\n<\/div>\n<\/div>\n<\/div>\n<\/div>\n<\/div>\n<\/div>\n<hr \/>\n<p>&nbsp;<\/p>\n<blockquote>\n<h3>GHALEB GHANEM GOVERNATORE DEL DISTRETTO LIONS 108TA2<\/h3>\n<\/blockquote>\n<p><strong><a class=\"dt-pswp-item\" href=\"https:\/\/www.radiopiu.net\/wordpress\/wp-content\/uploads\/2024\/05\/Ghaleb-Ghanem_2.jpg\" data-dt-img-description=\"\" data-large_image_width=\"413\" data-large_image_height=\"531\"><img loading=\"lazy\" decoding=\"async\" class=\" wp-image-388831 alignleft\" src=\"https:\/\/www.radiopiu.net\/wordpress\/wp-content\/uploads\/2024\/05\/Ghaleb-Ghanem_2-233x300.jpg\" alt=\"\" width=\"103\" height=\"133\" srcset=\"https:\/\/www.radiopiu.net\/wordpress\/wp-content\/uploads\/2024\/05\/Ghaleb-Ghanem_2-233x300.jpg 233w, https:\/\/www.radiopiu.net\/wordpress\/wp-content\/uploads\/2024\/05\/Ghaleb-Ghanem_2.jpg 413w\" sizes=\"auto, (max-width: 103px) 100vw, 103px\" \/><\/a>BELLUNO<\/strong> Il dottor Ghaleb Ghanem, medico originario della Siria e residente a Pieve di Cadore, \u00e8 stato eletto governatore del Distretto Lions 108Ta2, comprendente il Veneto orientale, il Friuli e la Valle di Primiero. Laureato in medicina e specializzato in gastroenterologia ed endoscopia, \u00e8 attivo anche come odontoiatra. Socio del Lions Club Cadore Dolomiti dal 2011 e promotore di associazioni per l&#8217;assistenza ai malati terminali, \u00e8 stato plaudito per il suo impegno dai soci. Ghanem ha espresso la volont\u00e0 di servire per un mondo migliore, con meno bisogni e pi\u00f9 solidariet\u00e0. Sar\u00e0 governatore per l&#8217;anno sociale a partire dal 1\u00b0 luglio, rappresentando oltre 1400 soci in varie citt\u00e0<\/p>\n<p>&nbsp;<\/p>\n<p>&nbsp;<\/p>\n<hr \/>\n<p>&nbsp;<\/p>\n<blockquote>\n<h3>SCUOLA SICURA ARRIVA A CORTINA<\/h3>\n<\/blockquote>\n<p><strong>CORTINA<\/strong> Il tour &#8220;Scuola Sicura Veneto&#8221; continua, promuovendo la cultura della Protezione Civile tra gli studenti. Prossimo evento a Cortina d\u2019Ampezzo, il 10 maggio, presso l&#8217;Istituto Valboite. Gli studenti parteciperanno a una simulazione di evacuazione per terremoto, seguita da un&#8217;analisi delle azioni compiute. Saranno mostrati mezzi d\u2019emergenza e funzionamento, con l&#8217;atterraggio di un elicottero del Suem 118 per una simulazione di soccorso. Consegna di un volumetto con regole, rischi e riferimenti locali di Protezione Civile.<\/p>\n<p>&nbsp;<\/p>\n<p>&nbsp;<\/p>\n<hr \/>\n<p>&nbsp;<\/p>\n<blockquote>\n<h3>LA CENA SOCIALE DELLA RISERVA DI CACCIA DI CORTINA<\/h3>\n<\/blockquote>\n<p><strong><a class=\"dt-pswp-item\" href=\"https:\/\/www.radiopiu.net\/wordpress\/wp-content\/uploads\/2024\/05\/dda36c70-4b96-49b0-b7dc-61662289e0ff.jpg\" data-dt-img-description=\"\" data-large_image_width=\"2048\" data-large_image_height=\"1536\"><img loading=\"lazy\" decoding=\"async\" class=\" wp-image-388836 alignleft\" src=\"https:\/\/www.radiopiu.net\/wordpress\/wp-content\/uploads\/2024\/05\/dda36c70-4b96-49b0-b7dc-61662289e0ff-300x225.jpg\" alt=\"\" width=\"141\" height=\"106\" srcset=\"https:\/\/www.radiopiu.net\/wordpress\/wp-content\/uploads\/2024\/05\/dda36c70-4b96-49b0-b7dc-61662289e0ff-300x225.jpg 300w, https:\/\/www.radiopiu.net\/wordpress\/wp-content\/uploads\/2024\/05\/dda36c70-4b96-49b0-b7dc-61662289e0ff-1024x768.jpg 1024w, https:\/\/www.radiopiu.net\/wordpress\/wp-content\/uploads\/2024\/05\/dda36c70-4b96-49b0-b7dc-61662289e0ff-768x576.jpg 768w, https:\/\/www.radiopiu.net\/wordpress\/wp-content\/uploads\/2024\/05\/dda36c70-4b96-49b0-b7dc-61662289e0ff-1536x1152.jpg 1536w, https:\/\/www.radiopiu.net\/wordpress\/wp-content\/uploads\/2024\/05\/dda36c70-4b96-49b0-b7dc-61662289e0ff.jpg 2048w\" sizes=\"auto, (max-width: 141px) 100vw, 141px\" \/><\/a>CORTINA <\/strong>Sabato scorso si \u00e8 svolta la cena sociale della riserva alpina di caccia di Cortina, un evento di gala che ha visto la partecipazione di oltre un centinaio di persone, tra cui rappresentanti istituzionali e del mondo venatorio. Prima della cena, sono stati esposti i trofei di caccia della stagione passata e il presidente della riserva ha fatto il punto sulla gestione della riserva, evidenziando il ruolo cruciale della pratica venatoria nella gestione del territorio. L&#8217;attenzione \u00e8 stata posta sulla raccolta e lavorazione della selvaggina, vista come un&#8217;opportunit\u00e0 per l&#8217;economia locale. I partecipanti hanno sottolineato l&#8217;importanza della collaborazione tra mondo venatorio e istituzioni nel promuovere una gestione sostenibile del territorio. Durante la cena, sono stati premiati i migliori trofei di caccia, riconoscendo l&#8217;impegno e la competenza dei cacciatori.<\/p>\n<p>&nbsp;<\/p>\n<p>&nbsp;<\/p>\n<hr \/>\n<p>&nbsp;<\/p>\n<h2><span style=\"color: #ff0000;\">CONSIGLI COMUNALI IN AGORDINO<\/span><\/h2>\n<p><strong>CENCENIGHE<\/strong> Consiglio comunale martedi alle 20:30. Cinque punti all&#8217;ordine del giorno tra cui l&#8217;approvazione del rendiconto della gestione 2023, approvazione del bilancio di ASCA del 2023 e per il 2024, approvazione della convenzione con l&#8217;ULSS 1 Dolomiti per le impegnative<\/p>\n<p>&nbsp;<\/p>\n<hr \/>\n<p>&nbsp;<\/p>\n<p>&nbsp;<\/p>\n<blockquote>\n<h3><a class=\"dt-pswp-item\" href=\"https:\/\/www.radiopiu.net\/wordpress\/wp-content\/uploads\/2024\/04\/De-Cassan-2.jpg\" data-dt-img-description=\"\" data-large_image_width=\"930\" data-large_image_height=\"872\"><img loading=\"lazy\" decoding=\"async\" class=\"wp-image-386077 alignleft\" src=\"https:\/\/www.radiopiu.net\/wordpress\/wp-content\/uploads\/2024\/04\/De-Cassan-2-300x281.jpg\" alt=\"\" width=\"147\" height=\"138\" srcset=\"https:\/\/www.radiopiu.net\/wordpress\/wp-content\/uploads\/2024\/04\/De-Cassan-2-300x281.jpg 300w, https:\/\/www.radiopiu.net\/wordpress\/wp-content\/uploads\/2024\/04\/De-Cassan-2-768x720.jpg 768w, https:\/\/www.radiopiu.net\/wordpress\/wp-content\/uploads\/2024\/04\/De-Cassan-2.jpg 930w\" sizes=\"auto, (max-width: 147px) 100vw, 147px\" \/><\/a>\u00a0Walter De Cassan confermato alla Presidenza di Federalberghi Belluno<\/h3>\n<\/blockquote>\n<div class=\"flex-1 overflow-hidden\">\n<div class=\"react-scroll-to-bottom--css-nxqqr-79elbk h-full\">\n<div class=\"react-scroll-to-bottom--css-nxqqr-1n7m0yu\">\n<div>\n<div class=\"flex flex-col text-sm pb-9\">\n<div class=\"w-full text-token-text-primary\" dir=\"auto\" data-testid=\"conversation-turn-27\" data-scroll-anchor=\"true\">\n<div class=\"py-2 px-3 text-base md:px-4 m-auto md:px-5 lg:px-1 xl:px-5\">\n<div class=\"mx-auto flex flex-1 gap-3 text-base juice:gap-4 juice:md:gap-6 md:max-w-3xl lg:max-w-[40rem] xl:max-w-[48rem]\">\n<div class=\"relative flex w-full min-w-0 flex-col agent-turn\">\n<div class=\"flex-col gap-1 md:gap-3\">\n<div class=\"flex flex-grow flex-col max-w-full\">\n<div class=\"min-h-[20px] text-message flex flex-col items-start whitespace-pre-wrap break-words [.text-message+&amp;]:mt-5 overflow-x-auto gap-3\" dir=\"auto\" data-message-author-role=\"assistant\" data-message-id=\"2565df0e-64b8-4d3d-83bf-1c12b46deff0\">\n<div class=\"markdown prose w-full break-words dark:prose-invert dark\">\n<p><strong>BELLUNO<\/strong> Walter De Cassan rimane alle presidenza\u00a0 per un nuovo quinquennio. Il consiglio direttivo sar\u00e0 pi\u00f9 ampio e rappresentativo del territorio, con sei referenti dell&#8217;Agordino, tre del Cadore, tre della Valbelluna e uno della Val di Zoldo. Il Direttivo includer\u00e0 anche il presidente o il suo delegato dell&#8217;Associazione Albergatori di Cortina d&#8217;Ampezzo. De Cassan ha sottolineato l&#8217;importanza di coinvolgere giovani nel nuovo Direttivo, garantendo una rappresentanza completa del territorio provinciale. Il Direttivo si impegner\u00e0 su vari ambiti, partecipando ad attivit\u00e0 associative a livello regionale e nazionale e incontrando figure istituzionali.<\/p>\n<\/div>\n<\/div>\n<\/div>\n<\/div>\n<\/div>\n<\/div>\n<\/div>\n<\/div>\n<\/div>\n<\/div>\n<\/div>\n<\/div>\n<\/div>\n<p>&nbsp;<\/p>\n<hr \/>\n<p>&nbsp;<\/p>\n<p>&nbsp;<\/p>\n<blockquote class=\"wp-embedded-content\" data-secret=\"lXKLbD3tT7\"><p><a href=\"https:\/\/www.radiopiu.net\/wordpress\/sopra-le-nuvole-cordellon-unoasi-di-rinascita-montana\/\">SOPRA LE NUVOLE: CORDELLON, UN&#8217;OASI DI RINASCITA MONTANA<\/a><\/p><\/blockquote>\n<p><iframe loading=\"lazy\" class=\"wp-embedded-content\" sandbox=\"allow-scripts\" security=\"restricted\" style=\"position: absolute; clip: rect(1px, 1px, 1px, 1px);\" title=\"&#8220;SOPRA LE NUVOLE: CORDELLON, UN&#8217;OASI DI RINASCITA MONTANA&#8221; &#8212; Radio Pi\u00f9\" src=\"https:\/\/www.radiopiu.net\/wordpress\/sopra-le-nuvole-cordellon-unoasi-di-rinascita-montana\/embed\/#?secret=CeKU9olUOE#?secret=lXKLbD3tT7\" data-secret=\"lXKLbD3tT7\" width=\"600\" height=\"338\" frameborder=\"0\" marginwidth=\"0\" marginheight=\"0\" scrolling=\"no\"><\/iframe><\/p>\n<p>&nbsp;<\/p>\n<p>&nbsp;<\/p>\n<hr \/>\n<p>&nbsp;<\/p>\n<p>&nbsp;<\/p>\n<blockquote>\n<h3>GENERAZIONI IN DIALOGO: IL RUOLO DELLE NUOVE TECNOLOGIE NELLA VITA QUOTIDIANA<\/h3>\n<\/blockquote>\n<p><a class=\"dt-pswp-item\" href=\"https:\/\/www.radiopiu.net\/wordpress\/wp-content\/uploads\/2024\/05\/SCR-20240501-otmh.jpeg\" data-dt-img-description=\"Screenshot\" data-large_image_width=\"1288\" data-large_image_height=\"918\"><img loading=\"lazy\" decoding=\"async\" class=\"wp-image-388032 alignleft\" src=\"https:\/\/www.radiopiu.net\/wordpress\/wp-content\/uploads\/2024\/05\/SCR-20240501-otmh-300x214.jpeg\" alt=\"\" width=\"161\" height=\"115\" srcset=\"https:\/\/www.radiopiu.net\/wordpress\/wp-content\/uploads\/2024\/05\/SCR-20240501-otmh-300x214.jpeg 300w, https:\/\/www.radiopiu.net\/wordpress\/wp-content\/uploads\/2024\/05\/SCR-20240501-otmh-1024x730.jpeg 1024w, https:\/\/www.radiopiu.net\/wordpress\/wp-content\/uploads\/2024\/05\/SCR-20240501-otmh-768x547.jpeg 768w, https:\/\/www.radiopiu.net\/wordpress\/wp-content\/uploads\/2024\/05\/SCR-20240501-otmh.jpeg 1288w\" sizes=\"auto, (max-width: 161px) 100vw, 161px\" \/><\/a><strong>CANALE D&#8217;AGORDO <\/strong>Il dibattito sulle generazioni Boomer, X, Millenials, Z e Alpha: dialogo o conflitto? Le nuove tecnologie influenzano la vita provinciale? La scuola \u00e8 ancora rilevante o l&#8217;IA \u00e8 preferita per i compiti? Riconosciamo le fake news dagli articoli autentici sul nostro smartphone? Web o amici, quale \u00e8 pi\u00f9 stimolante? Siamo padroni degli smartphone o viceversa? Il dott. Paolo Bello, SerD di Belluno, esplorer\u00e0 queste tematiche il 10 maggio alle 20.00 presso la sala Emigranti di Canale d&#8217;Agordo. Un evento promosso dal Comune di Canale, con SerD, Donatori di Sangue e Pro Loco, aperto a tutte le et\u00e0. Ingresso libero.<\/p>\n<p><strong>di MARILISA LUCHETTA\u00a0<\/strong><\/p>\n<audio class=\"wp-audio-shortcode\" id=\"audio-388763-8\" preload=\"none\" style=\"width: 100%;\" controls=\"controls\"><source type=\"audio\/mpeg\" src=\"https:\/\/www.radiopiu.net\/wordpress\/wp-content\/uploads\/2024\/05\/marilisa.mp3?_=8\" \/><a href=\"https:\/\/www.radiopiu.net\/wordpress\/wp-content\/uploads\/2024\/05\/marilisa.mp3\">https:\/\/www.radiopiu.net\/wordpress\/wp-content\/uploads\/2024\/05\/marilisa.mp3<\/a><\/audio>\n<p>&nbsp;<\/p>\n<p>&nbsp;<\/p>\n<hr \/>\n<p>&nbsp;<\/p>\n<blockquote>\n<h3>OBIETTIVO A SELVA DI CADORE, CRESCERE ASSIEME ALLE FAMIGLIE<\/h3>\n<\/blockquote>\n<p><a class=\"dt-pswp-item\" href=\"https:\/\/www.radiopiu.net\/wordpress\/wp-content\/uploads\/2024\/05\/1111.png\" data-dt-img-description=\"\" data-large_image_width=\"668\" data-large_image_height=\"175\"><img loading=\"lazy\" decoding=\"async\" class=\"size-medium wp-image-388919 aligncenter\" src=\"https:\/\/www.radiopiu.net\/wordpress\/wp-content\/uploads\/2024\/05\/1111-300x79.png\" alt=\"\" width=\"300\" height=\"79\" srcset=\"https:\/\/www.radiopiu.net\/wordpress\/wp-content\/uploads\/2024\/05\/1111-300x79.png 300w, https:\/\/www.radiopiu.net\/wordpress\/wp-content\/uploads\/2024\/05\/1111.png 668w\" sizes=\"auto, (max-width: 300px) 100vw, 300px\" \/><\/a><\/p>\n<p>SELVA DI CADORE<\/p>\n<p>DI GIANNI SANTOMASO<\/p>\n<audio class=\"wp-audio-shortcode\" id=\"audio-388763-9\" preload=\"none\" style=\"width: 100%;\" controls=\"controls\"><source type=\"audio\/mpeg\" src=\"https:\/\/www.radiopiu.net\/wordpress\/wp-content\/uploads\/2024\/05\/GIANNI-DIALOGHI-1.mp3?_=9\" \/><a href=\"https:\/\/www.radiopiu.net\/wordpress\/wp-content\/uploads\/2024\/05\/GIANNI-DIALOGHI-1.mp3\">https:\/\/www.radiopiu.net\/wordpress\/wp-content\/uploads\/2024\/05\/GIANNI-DIALOGHI-1.mp3<\/a><\/audio>\n<p>&nbsp;<\/p>\n<p>&nbsp;<\/p>\n<p>&nbsp;<\/p>\n<p>&nbsp;<\/p>\n<hr \/>\n<p>&nbsp;<\/p>\n<blockquote>\n<h3>LE MOSTRE PER IL BICENTENARIO DELLA NASCITA DI DON ANTONIO DELLA LUCIA<\/h3>\n<\/blockquote>\n<p><strong>CANALE D&#8217;AGORDO<\/strong> La Fondazione Papa Luciani Onlus celebra Don Antonio Della Lucia con un comitato speciale nel bicentenario della sua nascita. Coinvolte varie istituzioni e associazioni locali, incluso il Ministero dell&#8217;agricoltura. Evento inaugurale a Frassen\u00e8 Agordino il 16 maggio, con messa, annullo filatelico, mostra, conferenza e degustazione di formaggi. Tre mostre in provincia: Palazzo Piloni (16 maggio &#8211; 16 settembre), Canale d\u2019Agordo (1\u00b0 luglio &#8211; 31 agosto), e Frassen\u00e8 Agordino (1\u00b0 luglio &#8211; 31 agosto, su prenotazione). Un omaggio alla vita e all&#8217;opera di Della Lucia, pioniere delle latterie cooperative in Italia.<\/p>\n<a href=\"https:\/\/www.radiopiu.net\/wordpress\/wp-content\/uploads\/2024\/05\/Locandina-eventi-completa-per-il-bicentenario-del-Cavalier-Don-Antonio-Della-Lucia-1.pdf\" class=\"pdfemb-viewer\" style=\"\" data-width=\"max\" data-height=\"max\" data-toolbar=\"top\" data-toolbar-fixed=\"on\">Locandina eventi completa per il bicentenario del Cavalier Don Antonio Della Lucia<\/a>\n<p>&nbsp;<\/p>\n<hr \/>\n<p>&nbsp;<\/p>\n<blockquote>\n<h3>NON SEI SOLO, GLI INCONTRI A FELTRE<\/h3>\n<\/blockquote>\n<p><strong>FELTRE<\/strong> Il Centro per i Disturbi Cognitivi e Demenze dell\u2019Ulss Dolomiti, con i Centri di Servizio Residenziali, organizza 5 incontri su demenza e declino cognitivo, dal 6 maggio al 3 giugno 2024, a Feltre. Temi trattati: riconoscimento del declino e prevenzione, cura e comportamento, servizi del CDCD, gestione del declino avanzato e supporto alle famiglie. Ogni luned\u00ec, 18:00-19:00, Sala Convegni dell\u2019Ospedale di Feltre. Esperti quali Dott.ssa Roberta Padoan, Dott.ssa Francesca De Biasi, Dott.ssa Daniela Dal Zotto, Dott.ssa Francesca De Zaiacomo, Dott.ssa Lara Zanin condivideranno conoscenze. Per info e iscrizioni: <a target=\"_new\" rel=\"noopener\">cdcd.fe@aulss1.veneto.it<\/a>.<\/p>\n<p>&nbsp;<\/p>\n<p>&nbsp;<\/p>\n<hr \/>\n<p>&nbsp;<\/p>\n<blockquote>\n<h3>PRATICHE FILOSOFICHE AL CIRCOLO CULTURALE TERRA DEI PADRI<\/h3>\n<\/blockquote>\n<p><strong>BELLUNO<\/strong> Il Circolo Culturale La Terra dei Padri APS, a Borgo Piave &#8211; Belluno, ospita un laboratorio di pratiche filosofiche aperto a tutti nel mese di maggio 2024. Condotti da Francesco Dematt\u00e8, ex docente di storia e filosofia nei Licei, i quattro incontri si concentreranno su Plotino, filosofo del III secolo d.C. Gli incontri si terranno ogni marted\u00ec, dal 7 al 28 maggio, dalle 18 alle 19 presso il circolo culturale. Per informazioni e iscrizioni contattare direttamente in sede, via email o telefonicamente.<\/p>\n<p>&nbsp;<\/p>\n<p>&nbsp;<\/p>\n<hr \/>\n<p>&nbsp;<\/p>\n<blockquote>\n<h3>Presentata l&#8217;edizione 2024 del centro estivo &#8220;Estate Giocando&#8221; di Sportivamente Belluno<\/h3>\n<\/blockquote>\n<div class=\"flex-1 overflow-hidden\">\n<div class=\"react-scroll-to-bottom--css-nxqqr-79elbk h-full\">\n<div class=\"react-scroll-to-bottom--css-nxqqr-1n7m0yu\">\n<div>\n<div class=\"flex flex-col text-sm pb-9\">\n<div class=\"w-full text-token-text-primary\" dir=\"auto\" data-testid=\"conversation-turn-17\" data-scroll-anchor=\"true\">\n<div class=\"py-2 px-3 text-base md:px-4 m-auto md:px-5 lg:px-1 xl:px-5\">\n<div class=\"mx-auto flex flex-1 gap-3 text-base juice:gap-4 juice:md:gap-6 md:max-w-3xl lg:max-w-[40rem] xl:max-w-[48rem]\">\n<div class=\"relative flex w-full min-w-0 flex-col agent-turn\">\n<div class=\"flex-col gap-1 md:gap-3\">\n<div class=\"flex flex-grow flex-col max-w-full\">\n<div class=\"min-h-[20px] text-message flex flex-col items-start whitespace-pre-wrap break-words [.text-message+&amp;]:mt-5 overflow-x-auto gap-3\" dir=\"auto\" data-message-author-role=\"assistant\" data-message-id=\"466e5de7-fd91-4f88-bf9b-b208abcf2c45\">\n<div class=\"markdown prose w-full break-words dark:prose-invert dark\">\n<p><strong>BELLUNO<\/strong> Il Comune, insieme alle associazioni Canottieri, Volley e Pallamano, presenta l&#8217;edizione 2024 del centro estivo &#8220;Estate Giocando&#8221; di Sportivamente Belluno. Grazie alla collaborazione voluta dall&#8217;Amministrazione e realizzata dall&#8217;assessorato allo Sport, l&#8217;iniziativa permetter\u00e0 ai partecipanti di continuare le attivit\u00e0 scelte anche dopo l&#8217;estate, con gli stessi tecnici presenti al centro sportivo estivo. L&#8217;obiettivo \u00e8 ampliare il numero degli iscritti e favorire l&#8217;avvicinamento dei bambini e ragazzi a diverse discipline sportive, promuovendo lo sport come veicolo di benessere e crescita. Il programma prevede una vasta gamma di attivit\u00e0 sportive, utilizzando tutti gli impianti gestiti da Sportivamente Belluno. Il centro estivo \u00e8 rivolto a bambini e ragazzi dai 5 ai 13 anni e si svolger\u00e0 dal 10 giugno al 6 settembre, con possibilit\u00e0 di iscrizione telefonando alla Piscina Comunale di Belluno o recandosi direttamente in segreteria.<\/p>\n<\/div>\n<\/div>\n<\/div>\n<\/div>\n<\/div>\n<\/div>\n<\/div>\n<\/div>\n<\/div>\n<\/div>\n<\/div>\n<\/div>\n<\/div>\n<div class=\"w-full md:pt-0 dark:border-white\/20 md:border-transparent md:dark:border-transparent md:w-[calc(100%-.5rem)] juice:w-full\">\n<div class=\"px-3 text-base md:px-4 m-auto md:px-5 lg:px-1 xl:px-5\">\n<div class=\"mx-auto flex flex-1 gap-3 text-base juice:gap-4 juice:md:gap-6 md:max-w-3xl lg:max-w-[40rem] xl:max-w-[48rem]\">\n<form class=\"w-full\">\n<div class=\"relative flex h-full max-w-full flex-1 flex-col\">\n<div class=\"flex w-full items-center\"><\/div>\n<div><\/div>\n<div>\n<hr \/>\n<\/div>\n<blockquote>\n<h3>LA GIORNATA MONDIALE DELLA BIODIVERSITA&#8217;. MERCALLI &#8220;C&#8217;E&#8217; TANTO LAVORO DA FARE&#8221;<\/h3>\n<\/blockquote>\n<div>\n<p>SABATO 18 MAGGIO IN VARIE ZONE DELLA PROVINCIA SI TERR\u00e0 LA RACCOLTA DEI RIFIUTI ABBANDONATI, DA UN&#8217;IDEA DEGLI STUDENTI DEL centro per la formazione e la sicurezza di sedico\u00a0 VUOI ADERIRE?\u00a0 come volontario o come associazione?\u00a0 o come gruppo?\u00a0 chiama il CFS allo 0437 753330.<\/p>\n<blockquote><p><em>Luca Mercalli \u00e8 un noto meteorologo, climatologo, divulgatore scientifico e scrittore italiano. \u00c8 noto al grande pubblico per la sua attivit\u00e0 di divulgazione scientifica legata al clima, alle condizioni meteorologiche e ai cambiamenti climatici. Mercalli \u00e8 spesso presente nei media italiani, partecipando a programmi televisivi e radiofonici per discutere di tematiche legate al clima e all&#8217;ambiente. \u00c8 autore di numerosi libri e articoli scientifici e ha contribuito significativamente alla sensibilizzazione dell&#8217;opinione pubblica sui problemi legati al cambiamento climatico.<\/em><\/p><\/blockquote>\n<p><strong>L&#8217;INVITO DI LUCA MERCALLI\u00a0\u00a0<\/strong><\/p>\n<div style=\"width: 1200px;\" class=\"wp-video\"><video class=\"wp-video-shortcode\" id=\"video-388763-1\" width=\"1200\" height=\"675\" preload=\"metadata\" controls=\"controls\"><source type=\"video\/mp4\" src=\"https:\/\/www.radiopiu.net\/wordpress\/wp-content\/uploads\/2024\/05\/VID_20240504_185452.mp4?_=1\" \/><a href=\"https:\/\/www.radiopiu.net\/wordpress\/wp-content\/uploads\/2024\/05\/VID_20240504_185452.mp4\">https:\/\/www.radiopiu.net\/wordpress\/wp-content\/uploads\/2024\/05\/VID_20240504_185452.mp4<\/a><\/video><\/div>\n<p>&nbsp;<\/p>\n<p>&nbsp;<\/p>\n<hr \/>\n<p>&nbsp;<\/p>\n<p>&nbsp;<\/p>\n<p>&nbsp;<\/p>\n<blockquote class=\"wp-embedded-content\" data-secret=\"dNWYxPK9Jk\"><p><a href=\"https:\/\/www.radiopiu.net\/wordpress\/pirole-de-lenga-la-parola-del-giorno-a-cura-del-musla-raccolta-completa\/\">PIROLE DE LENGA&#8230; LA PAROLA DEL GIORNO A CURA DEL MUSLA -raccolta completa &#8211;<\/a><\/p><\/blockquote>\n<p><iframe loading=\"lazy\" class=\"wp-embedded-content\" sandbox=\"allow-scripts\" security=\"restricted\" style=\"position: absolute; clip: rect(1px, 1px, 1px, 1px);\" title=\"&#8220;PIROLE DE LENGA&#8230; LA PAROLA DEL GIORNO A CURA DEL MUSLA -raccolta completa &#8211;&#8221; &#8212; Radio Pi\u00f9\" src=\"https:\/\/www.radiopiu.net\/wordpress\/pirole-de-lenga-la-parola-del-giorno-a-cura-del-musla-raccolta-completa\/embed\/#?secret=u1ImU6za70#?secret=dNWYxPK9Jk\" data-secret=\"dNWYxPK9Jk\" width=\"600\" height=\"338\" frameborder=\"0\" marginwidth=\"0\" marginheight=\"0\" scrolling=\"no\"><\/iframe><\/p>\n<\/div>\n<div><\/div>\n<div><\/div>\n<div><\/div>\n<div>\n<hr \/>\n<\/div>\n<div><\/div>\n<blockquote>\n<h2>\u00a0Sabato ad Agordo in piazza della Libert\u00e0, le azalee della ricerca per l&#8217;AIRC<\/h2>\n<\/blockquote>\n<div><\/div>\n<\/div>\n<\/form>\n<\/div>\n<\/div>\n<\/div>\n\n\t\t\t<style type='text\/css'>\n\t\t\t\t#gallery-1 {\n\t\t\t\t\tmargin: auto;\n\t\t\t\t}\n\t\t\t\t#gallery-1 .gallery-item {\n\t\t\t\t\tfloat: left;\n\t\t\t\t\tmargin-top: 10px;\n\t\t\t\t\ttext-align: center;\n\t\t\t\t\twidth: 100%;\n\t\t\t\t}\n\t\t\t\t#gallery-1 img {\n\t\t\t\t\tborder: 2px solid #cfcfcf;\n\t\t\t\t}\n\t\t\t\t#gallery-1 .gallery-caption {\n\t\t\t\t\tmargin-left: 0;\n\t\t\t\t}\n\t\t\t\t\/* see gallery_shortcode() in wp-includes\/media.php *\/\n\t\t\t<\/style>\n\t\t<div id='gallery-1' class='dt-gallery-container gallery galleryid-388763 gallery-columns-1 gallery-size-medium'><dl class='gallery-item'>\n\t\t\t\t<dt class='gallery-icon portrait'>\n\t\t\t\t\t<a class=\"rollover rollover-zoom dt-pswp-item\" title=\"AIRC_Locandina 35x50_AZALEA_def\" data-dt-img-description=\"\" data-large_image_width=\"1792\" data-large_image_height=\"2560\"href='https:\/\/www.radiopiu.net\/wordpress\/wp-content\/uploads\/2024\/05\/AIRC_Locandina-35x50_AZALEA_def-scaled.jpg'><img loading=\"lazy\" decoding=\"async\" width=\"210\" height=\"300\" src=\"https:\/\/www.radiopiu.net\/wordpress\/wp-content\/uploads\/2024\/05\/AIRC_Locandina-35x50_AZALEA_def-210x300.jpg\" class=\"attachment-medium size-medium\" alt=\"\" srcset=\"https:\/\/www.radiopiu.net\/wordpress\/wp-content\/uploads\/2024\/05\/AIRC_Locandina-35x50_AZALEA_def-210x300.jpg 210w, https:\/\/www.radiopiu.net\/wordpress\/wp-content\/uploads\/2024\/05\/AIRC_Locandina-35x50_AZALEA_def-717x1024.jpg 717w, https:\/\/www.radiopiu.net\/wordpress\/wp-content\/uploads\/2024\/05\/AIRC_Locandina-35x50_AZALEA_def-768x1097.jpg 768w, https:\/\/www.radiopiu.net\/wordpress\/wp-content\/uploads\/2024\/05\/AIRC_Locandina-35x50_AZALEA_def-1075x1536.jpg 1075w, https:\/\/www.radiopiu.net\/wordpress\/wp-content\/uploads\/2024\/05\/AIRC_Locandina-35x50_AZALEA_def-1434x2048.jpg 1434w, https:\/\/www.radiopiu.net\/wordpress\/wp-content\/uploads\/2024\/05\/AIRC_Locandina-35x50_AZALEA_def-scaled.jpg 1792w\" sizes=\"auto, (max-width: 210px) 100vw, 210px\" \/><\/a>\n\t\t\t\t<\/dt><\/dl><br style=\"clear: both\" \/>\n\t\t\t<\/div>\n\n<hr \/>\n<p>&nbsp;<\/p>\n<blockquote>\n<h2>CulturalMoto 2024: nell&#8217;Agordino<\/h2>\n<\/blockquote>\n<p><em>Alla scoperta delle miniere nelle Dolomiti, con la straordinaria partecipazione del geologo Manuel Conedera.<\/em><\/p>\n<p><strong>REDAZIONE<\/strong> Il 26 maggio 2024, EMMECI eventi dar\u00e0 il via alla seconda tappa di CulturalMoto, un affascinante viaggio itinerante culturale condotto a bordo di motociclette. In netto contrasto con le tradizionali feste motociclistiche, questo evento si distingue per la sua enfasi sulla formazione del territorio. Il gruppo, composto da circa un centinaio di partecipanti provenienti dall&#8217;evento precedente del 5 Maggio a Commessaggio (MN), si impegner\u00e0 in un&#8217;avventura che li condurr\u00e0 attraverso l&#8217;Agordino e le suggestive Dolomiti bellunesi. Come sempre, a rappresentare e promuovere i valori e gli obiettivi di CulturalMoto ci sar\u00e0 Giacomo Agostini, celebre campione motociclistico e testimone privilegiato di questo viaggio indimenticabile attraverso le terre italiane. (per moto e scooters, prenotazione obbligatoria al 348 5109129)<\/p>\n\n\t\t\t<style type='text\/css'>\n\t\t\t\t#gallery-2 {\n\t\t\t\t\tmargin: auto;\n\t\t\t\t}\n\t\t\t\t#gallery-2 .gallery-item {\n\t\t\t\t\tfloat: left;\n\t\t\t\t\tmargin-top: 10px;\n\t\t\t\t\ttext-align: center;\n\t\t\t\t\twidth: 50%;\n\t\t\t\t}\n\t\t\t\t#gallery-2 img {\n\t\t\t\t\tborder: 2px solid #cfcfcf;\n\t\t\t\t}\n\t\t\t\t#gallery-2 .gallery-caption {\n\t\t\t\t\tmargin-left: 0;\n\t\t\t\t}\n\t\t\t\t\/* see gallery_shortcode() in wp-includes\/media.php *\/\n\t\t\t<\/style>\n\t\t<div id='gallery-2' class='dt-gallery-container gallery galleryid-388763 gallery-columns-2 gallery-size-medium'><dl class='gallery-item'>\n\t\t\t\t<dt class='gallery-icon portrait'>\n\t\t\t\t\t<a class=\"rollover rollover-zoom dt-pswp-item\" title=\"CulturalMoto Agordo Belluno\" data-dt-img-description=\"\" data-large_image_width=\"842\" data-large_image_height=\"1191\"href='https:\/\/www.radiopiu.net\/wordpress\/wp-content\/uploads\/2024\/05\/CulturalMoto-Agordo-Belluno.jpg'><img loading=\"lazy\" decoding=\"async\" width=\"212\" height=\"300\" src=\"https:\/\/www.radiopiu.net\/wordpress\/wp-content\/uploads\/2024\/05\/CulturalMoto-Agordo-Belluno-212x300.jpg\" class=\"attachment-medium size-medium\" alt=\"\" srcset=\"https:\/\/www.radiopiu.net\/wordpress\/wp-content\/uploads\/2024\/05\/CulturalMoto-Agordo-Belluno-212x300.jpg 212w, https:\/\/www.radiopiu.net\/wordpress\/wp-content\/uploads\/2024\/05\/CulturalMoto-Agordo-Belluno-724x1024.jpg 724w, https:\/\/www.radiopiu.net\/wordpress\/wp-content\/uploads\/2024\/05\/CulturalMoto-Agordo-Belluno-768x1086.jpg 768w, https:\/\/www.radiopiu.net\/wordpress\/wp-content\/uploads\/2024\/05\/CulturalMoto-Agordo-Belluno.jpg 842w\" sizes=\"auto, (max-width: 212px) 100vw, 212px\" \/><\/a>\n\t\t\t\t<\/dt><\/dl><dl class='gallery-item'>\n\t\t\t\t<dt class='gallery-icon portrait'>\n\t\t\t\t\t<a class=\"rollover rollover-zoom dt-pswp-item\" title=\"Giacomo Agostini CulturalMoto\" data-dt-img-description=\"\" data-large_image_width=\"526\" data-large_image_height=\"701\"href='https:\/\/www.radiopiu.net\/wordpress\/wp-content\/uploads\/2024\/05\/Giacomo-Agostini-CulturalMoto.jpg'><img loading=\"lazy\" decoding=\"async\" width=\"225\" height=\"300\" src=\"https:\/\/www.radiopiu.net\/wordpress\/wp-content\/uploads\/2024\/05\/Giacomo-Agostini-CulturalMoto-225x300.jpg\" class=\"attachment-medium size-medium\" alt=\"\" srcset=\"https:\/\/www.radiopiu.net\/wordpress\/wp-content\/uploads\/2024\/05\/Giacomo-Agostini-CulturalMoto-225x300.jpg 225w, https:\/\/www.radiopiu.net\/wordpress\/wp-content\/uploads\/2024\/05\/Giacomo-Agostini-CulturalMoto.jpg 526w\" sizes=\"auto, (max-width: 225px) 100vw, 225px\" \/><\/a>\n\t\t\t\t<\/dt><\/dl><br style=\"clear: both\" \/>\n\t\t\t<\/div>\n\n<p>&nbsp;<\/p>\n<hr \/>\n<p>&nbsp;<\/p>\n<p>&nbsp;<\/p>\n<div class=\"flex-1 overflow-hidden\">\n<div class=\"react-scroll-to-bottom--css-cmqnm-79elbk h-full\">\n<div class=\"react-scroll-to-bottom--css-cmqnm-1n7m0yu\">\n<div class=\"flex flex-col text-sm pb-9\">\n<div class=\"w-full text-token-text-primary\" dir=\"auto\" data-testid=\"conversation-turn-21\" data-scroll-anchor=\"true\">\n<div class=\"py-2 px-3 text-base md:px-4 m-auto md:px-5 lg:px-1 xl:px-5\">\n<div class=\"mx-auto flex flex-1 gap-3 text-base juice:gap-4 juice:md:gap-6 md:max-w-3xl lg:max-w-[40rem] xl:max-w-[48rem]\">\n<div class=\"relative flex w-full min-w-0 flex-col agent-turn\">\n<div class=\"flex-col gap-1 md:gap-3\">\n<div class=\"flex flex-grow flex-col max-w-full\">\n<div class=\"min-h-[20px] text-message flex flex-col items-start whitespace-pre-wrap break-words [.text-message+&amp;]:mt-5 overflow-x-auto gap-3\" dir=\"auto\" data-message-author-role=\"assistant\" data-message-id=\"4e59d9ae-16a5-4aa3-a2b0-6451a2512aae\">\n<div class=\"markdown prose w-full break-words dark:prose-invert dark\">\n<blockquote>\n<h3><a class=\"dt-pswp-item\" href=\"https:\/\/www.radiopiu.net\/wordpress\/wp-content\/uploads\/2024\/05\/IMG_0628.jpg\" data-dt-img-description=\"\" data-large_image_width=\"2400\" data-large_image_height=\"1600\"><img loading=\"lazy\" decoding=\"async\" class=\" wp-image-388897 alignleft\" src=\"https:\/\/www.radiopiu.net\/wordpress\/wp-content\/uploads\/2024\/05\/IMG_0628-300x200.jpg\" alt=\"\" width=\"228\" height=\"152\" srcset=\"https:\/\/www.radiopiu.net\/wordpress\/wp-content\/uploads\/2024\/05\/IMG_0628-300x200.jpg 300w, https:\/\/www.radiopiu.net\/wordpress\/wp-content\/uploads\/2024\/05\/IMG_0628-1024x683.jpg 1024w, https:\/\/www.radiopiu.net\/wordpress\/wp-content\/uploads\/2024\/05\/IMG_0628-768x512.jpg 768w, https:\/\/www.radiopiu.net\/wordpress\/wp-content\/uploads\/2024\/05\/IMG_0628-1536x1024.jpg 1536w, https:\/\/www.radiopiu.net\/wordpress\/wp-content\/uploads\/2024\/05\/IMG_0628-2048x1365.jpg 2048w\" sizes=\"auto, (max-width: 228px) 100vw, 228px\" \/><\/a>&#8220;Tradizione e Solennit\u00e0: La Celebrazione dell&#8217;Anno Paliesco a Feltre il 12 Maggio&#8221;<\/h3>\n<\/blockquote>\n<\/div>\n<\/div>\n<\/div>\n<\/div>\n<\/div>\n<\/div>\n<\/div>\n<\/div>\n<\/div>\n<\/div>\n<\/div>\n<\/div>\n<div class=\"w-full md:pt-0 dark:border-white\/20 md:border-transparent md:dark:border-transparent md:w-[calc(100%-.5rem)] juice:w-full\">\n<div class=\"px-3 text-base md:px-4 m-auto md:px-5 lg:px-1 xl:px-5\">\n<div class=\"mx-auto flex flex-1 gap-3 text-base juice:gap-4 juice:md:gap-6 md:max-w-3xl lg:max-w-[40rem] xl:max-w-[48rem]\">\n<form class=\"w-full\">\n<div class=\"relative flex h-full max-w-full flex-1 flex-col\">\n<div class=\"flex w-full items-center\"><strong>FELTRE <\/strong>Il 12 maggio si celebra la messa nel Santuario dei santi Vittore e Corona, segnando l&#8217;inizio dell&#8217;anno paliesco a Feltre. La sfilata dei gruppi sbandieratori e tamburini precede la messa officiata dal nuovo Rettore del Santuario, don Francesco De Luca. La giornata include discorsi, annunci dell&#8217;artista del drappo 2024 e esibizioni dei gruppi nel chiostro della Basilica. La messa sar\u00e0 trasmessa in diretta su YouTube. Il presidente Tamburrino sottolinea l&#8217;importanza dell&#8217;evento nel mondo del Palio e per la comunit\u00e0 feltrina.<\/div>\n<\/div>\n<\/form>\n<\/div>\n<\/div>\n<\/div>\n<div class=\"w-full md:pt-0 dark:border-white\/20 md:border-transparent md:dark:border-transparent md:w-[calc(100%-.5rem)] juice:w-full\">\n<div class=\"px-3 text-base md:px-4 m-auto md:px-5 lg:px-1 xl:px-5\">\n<div class=\"mx-auto flex flex-1 gap-3 text-base juice:gap-4 juice:md:gap-6 md:max-w-3xl lg:max-w-[40rem] xl:max-w-[48rem]\">\n<form class=\"w-full\">\n<div class=\"relative flex h-full max-w-full flex-1 flex-col\">\n<div class=\"flex w-full items-center\"><\/div>\n<\/div>\n<\/form>\n<\/div>\n<\/div>\n<\/div>\n<p>&nbsp;<\/p>\n<p>&nbsp;<\/p>\n<hr \/>\n<p>&nbsp;<\/p>\n<h2><span style=\"color: #ff6600;\">IERI ALLA RADIO\u00a0<\/span><\/h2>\n<h2><span style=\"color: #00ccff;\">&#8220;DINTORN E FORA VIA&#8221;\u00a0 IL PROGRAMMA\u00a0 A CURA DEL MUSLA<\/span><\/h2>\n<p><strong><a class=\"dt-pswp-item\" href=\"https:\/\/www.radiopiu.net\/wordpress\/wp-content\/uploads\/2024\/05\/959b8262-a957-43b4-b001-13ef06f5fd40.jpg\" data-dt-img-description=\"\" data-large_image_width=\"828\" data-large_image_height=\"784\"><img loading=\"lazy\" decoding=\"async\" class=\"wp-image-388801 alignleft\" src=\"https:\/\/www.radiopiu.net\/wordpress\/wp-content\/uploads\/2024\/05\/959b8262-a957-43b4-b001-13ef06f5fd40-300x284.jpg\" alt=\"\" width=\"121\" height=\"115\" srcset=\"https:\/\/www.radiopiu.net\/wordpress\/wp-content\/uploads\/2024\/05\/959b8262-a957-43b4-b001-13ef06f5fd40-300x284.jpg 300w, https:\/\/www.radiopiu.net\/wordpress\/wp-content\/uploads\/2024\/05\/959b8262-a957-43b4-b001-13ef06f5fd40-768x727.jpg 768w, https:\/\/www.radiopiu.net\/wordpress\/wp-content\/uploads\/2024\/05\/959b8262-a957-43b4-b001-13ef06f5fd40.jpg 828w\" sizes=\"auto, (max-width: 121px) 100vw, 121px\" \/><\/a>PUNTATA DEL 07 MAGGIO 2024, ANNA VALT<\/strong><\/p>\n<audio class=\"wp-audio-shortcode\" id=\"audio-388763-10\" preload=\"none\" style=\"width: 100%;\" controls=\"controls\"><source type=\"audio\/mpeg\" src=\"https:\/\/www.radiopiu.net\/wordpress\/wp-content\/uploads\/2024\/05\/MUSLA-2.mp3?_=10\" \/><a href=\"https:\/\/www.radiopiu.net\/wordpress\/wp-content\/uploads\/2024\/05\/MUSLA-2.mp3\">https:\/\/www.radiopiu.net\/wordpress\/wp-content\/uploads\/2024\/05\/MUSLA-2.mp3<\/a><\/audio>\n<p>&nbsp;<\/p>\n<h2>LA RACCOLTA COMPLETA <a href=\"https:\/\/www.radiopiu.net\/wordpress\/musla\/\"><span style=\"color: #3366ff;\">CLICCA QUI<\/span><\/a><\/h2>\n<p>&nbsp;<\/p>\n<hr \/>\n<p>&nbsp;<\/p>\n<h2><span style=\"color: #993300;\">ALLA SCOPERTA DELLA FALEGNAMERIA HERMANN DI TAIBON<\/span><\/h2>\n<p><strong><a class=\"dt-pswp-item\" href=\"https:\/\/www.radiopiu.net\/wordpress\/wp-content\/uploads\/2024\/05\/5614b038-7295-47a0-b609-a85d784833f5.jpg\" data-dt-img-description=\"\" data-large_image_width=\"1600\" data-large_image_height=\"1200\"><img loading=\"lazy\" decoding=\"async\" class=\" wp-image-388807 alignleft\" src=\"https:\/\/www.radiopiu.net\/wordpress\/wp-content\/uploads\/2024\/05\/5614b038-7295-47a0-b609-a85d784833f5-300x225.jpg\" alt=\"\" width=\"175\" height=\"131\" srcset=\"https:\/\/www.radiopiu.net\/wordpress\/wp-content\/uploads\/2024\/05\/5614b038-7295-47a0-b609-a85d784833f5-300x225.jpg 300w, https:\/\/www.radiopiu.net\/wordpress\/wp-content\/uploads\/2024\/05\/5614b038-7295-47a0-b609-a85d784833f5-1024x768.jpg 1024w, https:\/\/www.radiopiu.net\/wordpress\/wp-content\/uploads\/2024\/05\/5614b038-7295-47a0-b609-a85d784833f5-768x576.jpg 768w, https:\/\/www.radiopiu.net\/wordpress\/wp-content\/uploads\/2024\/05\/5614b038-7295-47a0-b609-a85d784833f5-1536x1152.jpg 1536w, https:\/\/www.radiopiu.net\/wordpress\/wp-content\/uploads\/2024\/05\/5614b038-7295-47a0-b609-a85d784833f5.jpg 1600w\" sizes=\"auto, (max-width: 175px) 100vw, 175px\" \/><\/a>DI MIRKO MEZZACASA<\/strong><\/p>\n<p>Ospiti: Hermann Sala e Vania Pramaor<\/p>\n<audio class=\"wp-audio-shortcode\" id=\"audio-388763-11\" preload=\"none\" style=\"width: 100%;\" controls=\"controls\"><source type=\"audio\/mpeg\" src=\"https:\/\/www.radiopiu.net\/wordpress\/wp-content\/uploads\/2024\/05\/hermand-e-vania-pramaor-herman-falegnameria.mp3?_=11\" \/><a href=\"https:\/\/www.radiopiu.net\/wordpress\/wp-content\/uploads\/2024\/05\/hermand-e-vania-pramaor-herman-falegnameria.mp3\">https:\/\/www.radiopiu.net\/wordpress\/wp-content\/uploads\/2024\/05\/hermand-e-vania-pramaor-herman-falegnameria.mp3<\/a><\/audio>\n<p>&nbsp;<\/p>\n<hr \/>\n<p>&nbsp;<\/p>\n<h2><span style=\"color: #008000;\">SPECIALE EP CENTER<\/span><\/h2>\n<p><strong>DI MIRKO MEZZACASA<\/strong><\/p>\n<p>IN STUDIO FRANCESCO ZILIO<\/p>\n<p><iframe loading=\"lazy\" title=\"EPCENTER \/ ADLI\" width=\"1200\" height=\"675\" src=\"https:\/\/www.youtube.com\/embed\/HktBo6u3M4g?feature=oembed\" frameborder=\"0\" allow=\"accelerometer; autoplay; clipboard-write; encrypted-media; gyroscope; picture-in-picture; web-share\" referrerpolicy=\"strict-origin-when-cross-origin\" allowfullscreen><\/iframe><\/p>\n<p>&nbsp;<\/p>\n<hr \/>\n<p>&nbsp;<\/p>\n<h2><span style=\"color: #ff00ff;\">EL DARLIN, RIASCOLTIAMOLI<\/span><\/h2>\n<p><span style=\"color: #ff0000;\"><strong>PUNTATA 15 ADRIANA MORETTI<\/strong><\/span><\/p>\n\n\t\t\t<style type='text\/css'>\n\t\t\t\t#gallery-3 {\n\t\t\t\t\tmargin: auto;\n\t\t\t\t}\n\t\t\t\t#gallery-3 .gallery-item {\n\t\t\t\t\tfloat: left;\n\t\t\t\t\tmargin-top: 10px;\n\t\t\t\t\ttext-align: center;\n\t\t\t\t\twidth: 100%;\n\t\t\t\t}\n\t\t\t\t#gallery-3 img {\n\t\t\t\t\tborder: 2px solid #cfcfcf;\n\t\t\t\t}\n\t\t\t\t#gallery-3 .gallery-caption {\n\t\t\t\t\tmargin-left: 0;\n\t\t\t\t}\n\t\t\t\t\/* see gallery_shortcode() in wp-includes\/media.php *\/\n\t\t\t<\/style>\n\t\t<div id='gallery-3' class='dt-gallery-container gallery galleryid-388763 gallery-columns-1 gallery-size-medium'><dl class='gallery-item'>\n\t\t\t\t<dt class='gallery-icon landscape'>\n\t\t\t\t\t<a class=\"rollover rollover-zoom dt-pswp-item\" title=\"441450203_10219536408760549_3006352282287411212_n\" data-dt-img-description=\"\" data-large_image_width=\"960\" data-large_image_height=\"720\"href='https:\/\/www.radiopiu.net\/wordpress\/wp-content\/uploads\/2024\/04\/441450203_10219536408760549_3006352282287411212_n.jpg'><img loading=\"lazy\" decoding=\"async\" width=\"300\" height=\"225\" src=\"https:\/\/www.radiopiu.net\/wordpress\/wp-content\/uploads\/2024\/04\/441450203_10219536408760549_3006352282287411212_n-300x225.jpg\" class=\"attachment-medium size-medium\" alt=\"\" srcset=\"https:\/\/www.radiopiu.net\/wordpress\/wp-content\/uploads\/2024\/04\/441450203_10219536408760549_3006352282287411212_n-300x225.jpg 300w, https:\/\/www.radiopiu.net\/wordpress\/wp-content\/uploads\/2024\/04\/441450203_10219536408760549_3006352282287411212_n-768x576.jpg 768w, https:\/\/www.radiopiu.net\/wordpress\/wp-content\/uploads\/2024\/04\/441450203_10219536408760549_3006352282287411212_n.jpg 960w\" sizes=\"auto, (max-width: 300px) 100vw, 300px\" \/><\/a>\n\t\t\t\t<\/dt><\/dl><br style=\"clear: both\" \/>\n\t\t\t<\/div>\n\n<p><strong>PRIMA PARTE<\/strong><\/p>\n<audio class=\"wp-audio-shortcode\" id=\"audio-388763-12\" preload=\"none\" style=\"width: 100%;\" controls=\"controls\"><source type=\"audio\/mpeg\" src=\"https:\/\/www.radiopiu.net\/wordpress\/wp-content\/uploads\/2024\/04\/DA1-6.mp3?_=12\" \/><a href=\"https:\/\/www.radiopiu.net\/wordpress\/wp-content\/uploads\/2024\/04\/DA1-6.mp3\">https:\/\/www.radiopiu.net\/wordpress\/wp-content\/uploads\/2024\/04\/DA1-6.mp3<\/a><\/audio>\n<p><strong>\u00a0<\/strong><\/p>\n<p><strong>SECONDA PARTE<\/strong><\/p>\n<audio class=\"wp-audio-shortcode\" id=\"audio-388763-13\" preload=\"none\" style=\"width: 100%;\" controls=\"controls\"><source type=\"audio\/mpeg\" src=\"https:\/\/www.radiopiu.net\/wordpress\/wp-content\/uploads\/2024\/04\/DA2-6.mp3?_=13\" \/><a href=\"https:\/\/www.radiopiu.net\/wordpress\/wp-content\/uploads\/2024\/04\/DA2-6.mp3\">https:\/\/www.radiopiu.net\/wordpress\/wp-content\/uploads\/2024\/04\/DA2-6.mp3<\/a><\/audio>\n<p><strong>\u00a0<\/strong><\/p>\n<p><strong>TERZA PARTE<\/strong><\/p>\n<audio class=\"wp-audio-shortcode\" id=\"audio-388763-14\" preload=\"none\" style=\"width: 100%;\" controls=\"controls\"><source type=\"audio\/mpeg\" src=\"https:\/\/www.radiopiu.net\/wordpress\/wp-content\/uploads\/2024\/04\/DA3-6.mp3?_=14\" \/><a href=\"https:\/\/www.radiopiu.net\/wordpress\/wp-content\/uploads\/2024\/04\/DA3-6.mp3\">https:\/\/www.radiopiu.net\/wordpress\/wp-content\/uploads\/2024\/04\/DA3-6.mp3<\/a><\/audio>\n<p>&nbsp;<\/p>\n<h2>LA RACCOLTA COMPLETA <a href=\"https:\/\/www.radiopiu.net\/wordpress\/da-daaaa15\/\"><span style=\"color: #3366ff;\">CLICCA QUI<\/span><\/a><\/h2>\n<p>&nbsp;<\/p>\n<hr \/>\n<p>&nbsp;<\/p>\n<h2><span style=\"color: #ff0000;\"><a class=\"dt-pswp-item\" href=\"https:\/\/www.radiopiu.net\/wordpress\/wp-content\/uploads\/2018\/09\/appuntamenti.jpeg\" data-dt-img-description=\"\" data-large_image_width=\"800\" data-large_image_height=\"100\"><img loading=\"lazy\" decoding=\"async\" class=\"wp-image-61958 size-full aligncenter\" src=\"https:\/\/www.radiopiu.net\/wordpress\/wp-content\/uploads\/2018\/09\/appuntamenti.jpeg\" alt=\"\" width=\"800\" height=\"100\" srcset=\"https:\/\/www.radiopiu.net\/wordpress\/wp-content\/uploads\/2018\/09\/appuntamenti.jpeg 800w, https:\/\/www.radiopiu.net\/wordpress\/wp-content\/uploads\/2018\/09\/appuntamenti-300x38.jpeg 300w, https:\/\/www.radiopiu.net\/wordpress\/wp-content\/uploads\/2018\/09\/appuntamenti-768x96.jpeg 768w\" sizes=\"auto, (max-width: 800px) 100vw, 800px\" \/><\/a><\/span><\/h2>\n<div>\n<div class=\"\" dir=\"auto\">\n<div id=\":r9h:\" class=\"x1iorvi4 x1pi30zi x1l90r2v x1swvt13\" data-ad-comet-preview=\"message\" data-ad-preview=\"message\">\n<p>&nbsp;<\/p>\n<p>&nbsp;<\/p>\n<div class=\"x78zum5 xdt5ytf xz62fqu x16ldp7u\">\n<div class=\"xu06os2 x1ok221b\">\n\n\t\t\t<style type='text\/css'>\n\t\t\t\t#gallery-4 {\n\t\t\t\t\tmargin: auto;\n\t\t\t\t}\n\t\t\t\t#gallery-4 .gallery-item {\n\t\t\t\t\tfloat: left;\n\t\t\t\t\tmargin-top: 10px;\n\t\t\t\t\ttext-align: center;\n\t\t\t\t\twidth: 50%;\n\t\t\t\t}\n\t\t\t\t#gallery-4 img {\n\t\t\t\t\tborder: 2px solid #cfcfcf;\n\t\t\t\t}\n\t\t\t\t#gallery-4 .gallery-caption {\n\t\t\t\t\tmargin-left: 0;\n\t\t\t\t}\n\t\t\t\t\/* see gallery_shortcode() in wp-includes\/media.php *\/\n\t\t\t<\/style>\n\t\t<div id='gallery-4' class='dt-gallery-container gallery galleryid-388763 gallery-columns-2 gallery-size-thumbnail'><dl class='gallery-item'>\n\t\t\t\t<dt class='gallery-icon portrait'>\n\t\t\t\t\t<a class=\"rollover rollover-zoom dt-pswp-item\" title=\"437146738_2577149032445332_1917642300626249383_n\" data-dt-img-description=\"\" data-large_image_width=\"509\" data-large_image_height=\"720\"href='https:\/\/www.radiopiu.net\/wordpress\/wp-content\/uploads\/2024\/04\/437146738_2577149032445332_1917642300626249383_n.jpg'><img loading=\"lazy\" decoding=\"async\" width=\"150\" height=\"150\" src=\"https:\/\/www.radiopiu.net\/wordpress\/wp-content\/uploads\/2024\/04\/437146738_2577149032445332_1917642300626249383_n-150x150.jpg\" class=\"attachment-thumbnail size-thumbnail\" alt=\"\" aria-describedby=\"gallery-4-387164\" \/><\/a>\n\t\t\t\t<\/dt>\n\t\t\t\t\t<dd class='wp-caption-text gallery-caption' id='gallery-4-387164'>\n\t\t\t\t\tDA VENERDI 3 MAGGIO VIA AL MAGGIO AGORDINO CON I PERITI MINERARI\n\t\t\t\t\t<\/dd><\/dl><dl class='gallery-item'>\n\t\t\t\t<dt class='gallery-icon portrait'>\n\t\t\t\t\t<a class=\"rollover rollover-zoom dt-pswp-item\" title=\"532d59c3-32a5-4ff5-9d92-ef84dc9468ea\" data-dt-img-description=\"\" data-large_image_width=\"1080\" data-large_image_height=\"1526\"href='https:\/\/www.radiopiu.net\/wordpress\/wp-content\/uploads\/2024\/05\/532d59c3-32a5-4ff5-9d92-ef84dc9468ea.jpg'><img loading=\"lazy\" decoding=\"async\" width=\"150\" height=\"150\" src=\"https:\/\/www.radiopiu.net\/wordpress\/wp-content\/uploads\/2024\/05\/532d59c3-32a5-4ff5-9d92-ef84dc9468ea-150x150.jpg\" class=\"attachment-thumbnail size-thumbnail\" alt=\"\" aria-describedby=\"gallery-4-388210\" \/><\/a>\n\t\t\t\t<\/dt>\n\t\t\t\t\t<dd class='wp-caption-text gallery-caption' id='gallery-4-388210'>\n\t\t\t\t\tTORNEO DEI FRAZIONISTI, LA FESTAS SUL BROI\n\t\t\t\t\t<\/dd><\/dl><br style=\"clear: both\" \/>\n\t\t\t<\/div>\n\n<p><strong>BELLUNO<\/strong> Domani alle ore 18:00 al ristorante La Taverna di Belluno, per la rassegna Conversazioni in Taverna dell\u2019associazione Liberal Belluno fondata da Rosalba Schenal. si terr\u00e0 la conferenza \u201cGermania, primavera 1945. Una nazione alla ricerca della verit\u00e0\u201d\u2026<\/p>\n<\/div>\n<\/div>\n<\/div>\n<\/div>\n<\/div>\n<p><strong>AGORDO<\/strong> MAGGIO AGORDINO, CONOSCERE IL TERRITORIO, CON L&#8217;ASSOCIAZIONE PERITI MINERARI DI AGORDO QUATTRO APPUNTAMENTI, PER QUATTRO VENERDI ALLE 20.30 IN SALA DON TAMIS, AD AGORDO, CON INGRESSO LIBERO A TUTTI\u00a0 VENERDI 10 MAGGIO UNA SERATA TRA I BOSCHI CHE CAMBIANO, I BOSCHI DELLE DOLOMITI professor Luca Canzan VENERDI 17 MAGGIO LA METEOLOROGIA ALPINA, UN UNIVERSO SFACETTATO QUANTO LA MONTAGNA STESSA con il dottor Robert Thierry Luciani VENERDI 24 MAGGIO ENERGIA E AMBIENTE DI MONTAGNA con l&#8217;ingegner Adriano Luchetta MAGGIO AGORDINO&#8230; CON L&#8217;APIM, I VENERDI DI SERA IN SALA DON TAMIS<\/p>\n<p><strong>BELLUNO<\/strong> Mostra &#8220;Mater: maternit\u00e0 che capolavoro!&#8221; promossa per contrastare la denatalit\u00e0. Evento organizzato dall&#8217;associazione Centro Aiuto alla Vita, con diverse collaborazioni. Scopo: promuovere cultura della vita. Mostra curata da Barbara Bortot, espone opere di artisti professionisti e scolari. Inaugurazione il 11 maggio a palazzo Bembo, con esibizioni e premiazioni. Maternit\u00e0 vista come bene comune. Accessibile dal 14 al 24 maggio. Orari: mar, gio, ven 9-12:30, 14:30-18; mer 9-12:30.<\/p>\n<p><strong>FELTRE<\/strong> L&#8217;eclissi totale di Sole \u00e8 uno spettacolo emozionante e primordiale, e l&#8217;Associazione Rheticus presenter\u00e0 il resoconto scientifico della spedizione in Texas per osservarla. Saranno proiettate le migliori immagini dell&#8217;eclissi e verranno mostrati momenti significativi del viaggio. Una simulazione dell&#8217;eclissi totale dar\u00e0 un&#8217;idea dell&#8217;atmosfera durante il fenomeno. Apuntamento sabato alle 21 al Centro Astronomico di Feltre<\/p>\n<p><strong>BELLUNO<\/strong> Venerd\u00ec 10 e sabato 11 maggio 2024 alle 21 al teatro San Gaetano di Castion, le Pubbliche Bugie, la storica compagnia teatrale della frazione bellunese, porteranno in scena il loro nuovo lavoro, \u201cAll\u2019ombra di Cyrano\u201d, tratto dal Cyrano de Bergerac di Edmond Rostand.<\/p>\n<p><strong>FELTRE\u00a0<\/strong> Domenica 12 maggio 2024 torna la Fiera dell\u2019Oggetto Ritrovato. Dall\u2019alba al tramonto, nel Centro storico di Feltre l\u2019appuntamento mensile con l\u2019antiquariato e l\u2019usato, che da 12 anni riempie la citt\u00e0 vecchia.\u00a0 Anche per questa edizione sono previsti circa 90 espositori da Veneto e Trentino.<\/p>\n<p><strong>BELLUNO<\/strong> SABATAMBIENTALI 2024 con il centro turistico giovanile.\u00a0 Escursioni nella natura, arte, storia e tradizioni della Val Belluna e dintorni. Sabato a CORNOLADE: tra forre, cascate e scaglia rossa. Referente: Anacleto Boranga (cell. 340\/8769665)<\/p>\n<p>&nbsp;<\/p>\n<h2><span style=\"color: #ff0000;\">PROSSIMAMENTE<\/span><\/h2>\n<p><strong>SOSPIROLO <\/strong>Gioved\u00ec 16 maggio 2024 ore 20.30 al Centro civico di Sospirolo si terr\u00e0 la presentazione del libro &#8220;La scacchiera sotto il calicanto&#8221; di Giovanni Lorusso. La presentazione \u00e8 curata da Federico Brancaleone, Lucia Mezzacasa legge alcuni brani tratti dai racconti mentre tre attori della compagnia TeatroBis proporranno un racconto teatralizzato. La serata, ad ingresso libero, \u00e8 promossa dalla Pro Loco Monti del Sole e gode del patrocinio del Comune di Sospirolo.<\/p>\n<p>&nbsp;<\/p>\n<p>&nbsp;<\/p>\n<hr \/>\n<p>&nbsp;<\/p>\n<p><a class=\"dt-pswp-item\" href=\"https:\/\/www.radiopiu.net\/wordpress\/wp-content\/uploads\/2018\/09\/viabilita.jpeg\" data-dt-img-description=\"\" data-large_image_width=\"800\" data-large_image_height=\"100\"><img loading=\"lazy\" decoding=\"async\" class=\"aligncenter wp-image-61954 size-full\" src=\"https:\/\/www.radiopiu.net\/wordpress\/wp-content\/uploads\/2018\/09\/viabilita.jpeg\" alt=\"\" width=\"800\" height=\"100\" srcset=\"https:\/\/www.radiopiu.net\/wordpress\/wp-content\/uploads\/2018\/09\/viabilita.jpeg 800w, https:\/\/www.radiopiu.net\/wordpress\/wp-content\/uploads\/2018\/09\/viabilita-300x38.jpeg 300w, https:\/\/www.radiopiu.net\/wordpress\/wp-content\/uploads\/2018\/09\/viabilita-768x96.jpeg 768w\" sizes=\"auto, (max-width: 800px) 100vw, 800px\" \/><\/a><\/p>\n<p>&nbsp;<\/p>\n<p><a class=\"dt-pswp-item\" href=\"https:\/\/www.radiopiu.net\/wordpress\/wp-content\/uploads\/2023\/12\/botol-car-service.jpg\" data-dt-img-description=\"\" data-large_image_width=\"600\" data-large_image_height=\"600\"><img loading=\"lazy\" decoding=\"async\" class=\"size-medium wp-image-367044 aligncenter\" src=\"https:\/\/www.radiopiu.net\/wordpress\/wp-content\/uploads\/2023\/12\/botol-car-service-300x300.jpg\" alt=\"\" width=\"300\" height=\"300\" srcset=\"https:\/\/www.radiopiu.net\/wordpress\/wp-content\/uploads\/2023\/12\/botol-car-service-300x300.jpg 300w, https:\/\/www.radiopiu.net\/wordpress\/wp-content\/uploads\/2023\/12\/botol-car-service-150x150.jpg 150w, https:\/\/www.radiopiu.net\/wordpress\/wp-content\/uploads\/2023\/12\/botol-car-service.jpg 600w\" sizes=\"auto, (max-width: 300px) 100vw, 300px\" \/><\/a><\/p>\n<p>&nbsp;<\/p>\n<p>&nbsp;<\/p>\n<h1>BOLLETTINO QUOTIDIANO, CLICCA QUI<\/h1>\n<blockquote class=\"wp-embedded-content\" data-secret=\"SHF8PSl4st\"><p><a href=\"https:\/\/www.radiopiu.net\/wordpress\/viabilita\/\">viabilita<\/a><\/p><\/blockquote>\n<p><iframe loading=\"lazy\" class=\"wp-embedded-content\" sandbox=\"allow-scripts\" security=\"restricted\" style=\"position: absolute; clip: rect(1px, 1px, 1px, 1px);\" title=\"&#8220;viabilita&#8221; &#8212; Radio Pi\u00f9\" src=\"https:\/\/www.radiopiu.net\/wordpress\/viabilita\/embed\/#?secret=HgbaEDjpCE#?secret=SHF8PSl4st\" data-secret=\"SHF8PSl4st\" width=\"600\" height=\"338\" frameborder=\"0\" marginwidth=\"0\" marginheight=\"0\" scrolling=\"no\"><\/iframe><\/p>\n<p>&nbsp;<\/p>\n<p>&nbsp;<\/p>\n<p>&nbsp;<\/p>\n<hr \/>\n<p>&nbsp;<\/p>\n<p><a class=\"dt-pswp-item\" href=\"https:\/\/www.radiopiu.net\/wordpress\/wp-content\/uploads\/2018\/09\/WhatsApp-Image-2018-09-20-at-16.04.06.jpeg\" data-dt-img-description=\"\" data-large_image_width=\"800\" data-large_image_height=\"100\"><img loading=\"lazy\" decoding=\"async\" class=\"wp-image-61378 size-full aligncenter\" src=\"https:\/\/www.radiopiu.net\/wordpress\/wp-content\/uploads\/2018\/09\/WhatsApp-Image-2018-09-20-at-16.04.06.jpeg\" alt=\"\" width=\"800\" height=\"100\" srcset=\"https:\/\/www.radiopiu.net\/wordpress\/wp-content\/uploads\/2018\/09\/WhatsApp-Image-2018-09-20-at-16.04.06.jpeg 800w, https:\/\/www.radiopiu.net\/wordpress\/wp-content\/uploads\/2018\/09\/WhatsApp-Image-2018-09-20-at-16.04.06-300x38.jpeg 300w, https:\/\/www.radiopiu.net\/wordpress\/wp-content\/uploads\/2018\/09\/WhatsApp-Image-2018-09-20-at-16.04.06-768x96.jpeg 768w\" sizes=\"auto, (max-width: 800px) 100vw, 800px\" \/><\/a><\/p>\n<p><center><\/center><center><\/center><center><\/center><center><\/center><center><\/center><center><\/center>&nbsp;<\/p>\n<p><center><\/center><center><\/center><center><\/center><center><\/center><b>OGGI <\/b>Al mattino tempo discreto\/variabile con ampi rasserenamenti, pi\u00f9 longevi sulle Prealpi, e qualche annuvolamento in pi\u00f9 sulle Dolomiti. Al pomeriggio ripresa dell&#8217;instabile con molte nubi associate a fenomeni sparsi e ridotte chance di schiarite.<br \/>\n<strong>Precipitazioni.<\/strong> Al mattino assenti. In seguito persistenza della probabilit\u00e0 di rovesci sparsi, anche se sar\u00e0 minore rispetto marted\u00ec, senza escludere isolati temporali sulla fascia prealpina, specie in caso di precedenti lunghi momenti soleggiati favorevoli alla convezione.<br \/>\n<strong>Temperature.<\/strong>\u00a0Minime in leggera diminuzione e massime in lieve ripresa.<\/p>\n<hr \/>\n<p><strong>DOMANI<\/strong> Al mattino sole e cielo sereno o poco nuvoloso. Dalle ore centrali e nel pomeriggio riduzione del soleggiamento per modesti addensamenti sulle Dolomiti, in alcuni casi maggiormente sviluppati sulle Prealpi, dove seppur poco probabile non sar\u00e0 del tutto escluso qualche isolato piovasco.<br \/>\n<strong>Precipitazioni.<\/strong> Assenti salvo isolati piovaschi pomeridiani sulla fascia prealpina a ridosso della pedemontana<br \/>\n<strong>Temperature.<\/strong> In generale ulteriore lieve aumento, eccetto qualche diminuzione nei fondovalle, ma solo in caso di schiarite notturne.<\/p>\n<hr \/>\n<p><strong>VENERDI<\/strong> Tempo decisamente migliore con sole, alcune velature e modesta attivit\u00e0 cumuliforme nelle ore pi\u00f9 calde su Dolomiti, maggiore presenza di stratocumuli e addensamenti a ridosso della pedemontana, ma con remota insidia piovaschi. Temperature in ulteriore generale aumento.<\/p>\n<hr \/>\n<p><strong>SABATO<\/strong>\u00a0Tempo in prevalenza soleggiato e stabile con qualche temporaneo annuvolamento medio-alto e transito di banchi di cirri, senza grandi effetti. Ulteriore innalzamento termico a tutte le quote con un paio di gradi in pi\u00f9 rispetto a venerd\u00ec<\/p>\n<p>&nbsp;<\/p>\n<hr \/>\n<p>&nbsp;<\/p>\n<p><img loading=\"lazy\" decoding=\"async\" class=\"wp-image-60761 size-full aligncenter\" src=\"https:\/\/www.radiopiu.net\/wordpress\/wp-content\/uploads\/2018\/09\/sport.jpg\" alt=\"\" width=\"800\" height=\"100\" srcset=\"https:\/\/www.radiopiu.net\/wordpress\/wp-content\/uploads\/2018\/09\/sport.jpg 800w, https:\/\/www.radiopiu.net\/wordpress\/wp-content\/uploads\/2018\/09\/sport-300x38.jpg 300w, https:\/\/www.radiopiu.net\/wordpress\/wp-content\/uploads\/2018\/09\/sport-768x96.jpg 768w\" sizes=\"auto, (max-width: 800px) 100vw, 800px\" \/><\/p>\n<h3><span style=\"color: #0000ff;\"><strong>\u00a0<\/strong><\/span><\/h3>\n<h3><span style=\"color: #0000ff;\"><strong>MOTORI\u00a0<\/strong><\/span><\/h3>\n<h3><em>ANDREA FONTANA, TALENTO ED ESPERIENZA. LA CONFERMA A MISANO<\/em><\/h3>\n<p><strong><img loading=\"lazy\" decoding=\"async\" class=\"aligncenter\" src=\"https:\/\/www.radiopiu.net\/wordpress\/wp-content\/uploads\/2024\/05\/2553464c-a624-44b2-a3fe-785bd44c1a52.jpg\" width=\"230\" height=\"210\" \/><\/strong><\/p>\n<p><strong>MISANO<\/strong><\/p>\n<p><strong>DI ROBERTO BONA<\/strong><\/p>\n<audio class=\"wp-audio-shortcode\" id=\"audio-388763-15\" preload=\"none\" style=\"width: 100%;\" controls=\"controls\"><source type=\"audio\/wav\" src=\"https:\/\/www.radiopiu.net\/wordpress\/wp-content\/uploads\/2024\/05\/DaMisanoAndreaFontana.wav?_=15\" \/><a href=\"https:\/\/www.radiopiu.net\/wordpress\/wp-content\/uploads\/2024\/05\/DaMisanoAndreaFontana.wav\">https:\/\/www.radiopiu.net\/wordpress\/wp-content\/uploads\/2024\/05\/DaMisanoAndreaFontana.wav<\/a><\/audio>\n<p>&nbsp;<\/p>\n<p>&nbsp;<\/p>\n<hr \/>\n<p>&nbsp;<\/p>\n<h2><span style=\"color: #ff00ff;\">GOODBYE BY BICICLE&#8230;UN VIAGGIO DALL&#8217;INDIA A SEREN DEL GRAPPA IN BICICLETTA<\/span><\/h2>\n<p><span style=\"color: #ff0000;\"><strong>PUNTATA 12 &#8211; IN ATTESA DI UNA RISPOSTA DALL&#8217;AGENZIA VIAGGI, PROSEGUE LA VISITA IN INDIA<\/strong><\/span><\/p>\n<audio class=\"wp-audio-shortcode\" id=\"audio-388763-16\" preload=\"none\" style=\"width: 100%;\" controls=\"controls\"><source type=\"audio\/mpeg\" src=\"https:\/\/www.radiopiu.net\/wordpress\/wp-content\/uploads\/2024\/04\/AIRE-INDIA-PUNTATA-12.mp3?_=16\" \/><a href=\"https:\/\/www.radiopiu.net\/wordpress\/wp-content\/uploads\/2024\/04\/AIRE-INDIA-PUNTATA-12.mp3\">https:\/\/www.radiopiu.net\/wordpress\/wp-content\/uploads\/2024\/04\/AIRE-INDIA-PUNTATA-12.mp3<\/a><\/audio>\n<p>&nbsp;<\/p>\n<p><strong>PER VISITARE I SITI DEI LUOGHI VISITATI, CLICCA SULLE SEGUENTI SCRITTE: <span style=\"color: #3366ff;\"><a href=\"https:\/\/nomoreofmore.com\/\">NO MORE OF MORE<\/a>\u00a0 \u00a0<a href=\"https:\/\/www.karmalakelands.com\/\">KARMA KELANDS<\/a>\u00a0 \u00a0<a href=\"https:\/\/www.facebook.com\/sakshambvs\">SAKSHAM BAL VIKAS SANSTHA<\/a>\u00a0 \u00a0<a href=\"https:\/\/www.scottishigh.com\/\">SCOTTISH HIGH<\/a>\u00a0 \u00a0<a href=\"https:\/\/www.instagram.com\/the_crashpad_mangar?igsh=MWJ0eXQ0Z3h2bjJhag==\">THE CASHPAD MANGAR<\/a><\/span><\/strong><\/p>\n\n\t\t\t<style type='text\/css'>\n\t\t\t\t#gallery-5 {\n\t\t\t\t\tmargin: auto;\n\t\t\t\t}\n\t\t\t\t#gallery-5 .gallery-item {\n\t\t\t\t\tfloat: left;\n\t\t\t\t\tmargin-top: 10px;\n\t\t\t\t\ttext-align: center;\n\t\t\t\t\twidth: 16%;\n\t\t\t\t}\n\t\t\t\t#gallery-5 img {\n\t\t\t\t\tborder: 2px solid #cfcfcf;\n\t\t\t\t}\n\t\t\t\t#gallery-5 .gallery-caption {\n\t\t\t\t\tmargin-left: 0;\n\t\t\t\t}\n\t\t\t\t\/* see gallery_shortcode() in wp-includes\/media.php *\/\n\t\t\t<\/style>\n\t\t<div id='gallery-5' class='dt-gallery-container gallery galleryid-388763 gallery-columns-6 gallery-size-thumbnail'><dl class='gallery-item'>\n\t\t\t\t<dt class='gallery-icon landscape'>\n\t\t\t\t\t<a class=\"rollover rollover-zoom dt-pswp-item\" title=\"87686f31-b209-4d3e-a06f-7d87a2e736f7\" data-dt-img-description=\"\" data-large_image_width=\"1600\" data-large_image_height=\"1200\"href='https:\/\/www.radiopiu.net\/wordpress\/wp-content\/uploads\/2024\/04\/87686f31-b209-4d3e-a06f-7d87a2e736f7.jpg'><img loading=\"lazy\" decoding=\"async\" width=\"150\" height=\"150\" src=\"https:\/\/www.radiopiu.net\/wordpress\/wp-content\/uploads\/2024\/04\/87686f31-b209-4d3e-a06f-7d87a2e736f7-150x150.jpg\" class=\"attachment-thumbnail size-thumbnail\" alt=\"\" \/><\/a>\n\t\t\t\t<\/dt><\/dl><dl class='gallery-item'>\n\t\t\t\t<dt class='gallery-icon landscape'>\n\t\t\t\t\t<a class=\"rollover rollover-zoom dt-pswp-item\" title=\"71bf99db-d797-48c3-8e79-5b6591726a1b\" data-dt-img-description=\"\" data-large_image_width=\"1600\" data-large_image_height=\"1200\"href='https:\/\/www.radiopiu.net\/wordpress\/wp-content\/uploads\/2024\/04\/71bf99db-d797-48c3-8e79-5b6591726a1b.jpg'><img loading=\"lazy\" decoding=\"async\" width=\"150\" height=\"150\" src=\"https:\/\/www.radiopiu.net\/wordpress\/wp-content\/uploads\/2024\/04\/71bf99db-d797-48c3-8e79-5b6591726a1b-150x150.jpg\" class=\"attachment-thumbnail size-thumbnail\" alt=\"\" \/><\/a>\n\t\t\t\t<\/dt><\/dl><dl class='gallery-item'>\n\t\t\t\t<dt class='gallery-icon landscape'>\n\t\t\t\t\t<a class=\"rollover rollover-zoom dt-pswp-item\" title=\"32f339ff-3bb6-4776-a305-ada5b04184eb\" data-dt-img-description=\"\" data-large_image_width=\"1280\" data-large_image_height=\"960\"href='https:\/\/www.radiopiu.net\/wordpress\/wp-content\/uploads\/2024\/04\/32f339ff-3bb6-4776-a305-ada5b04184eb.jpg'><img loading=\"lazy\" decoding=\"async\" width=\"150\" height=\"150\" src=\"https:\/\/www.radiopiu.net\/wordpress\/wp-content\/uploads\/2024\/04\/32f339ff-3bb6-4776-a305-ada5b04184eb-150x150.jpg\" class=\"attachment-thumbnail size-thumbnail\" alt=\"\" \/><\/a>\n\t\t\t\t<\/dt><\/dl><dl class='gallery-item'>\n\t\t\t\t<dt class='gallery-icon portrait'>\n\t\t\t\t\t<a class=\"rollover rollover-zoom dt-pswp-item\" title=\"b1cd4a36-e0d1-4293-8750-8a9745712da9\" data-dt-img-description=\"\" data-large_image_width=\"960\" data-large_image_height=\"1280\"href='https:\/\/www.radiopiu.net\/wordpress\/wp-content\/uploads\/2024\/04\/b1cd4a36-e0d1-4293-8750-8a9745712da9.jpg'><img loading=\"lazy\" decoding=\"async\" width=\"150\" height=\"150\" src=\"https:\/\/www.radiopiu.net\/wordpress\/wp-content\/uploads\/2024\/04\/b1cd4a36-e0d1-4293-8750-8a9745712da9-150x150.jpg\" class=\"attachment-thumbnail size-thumbnail\" alt=\"\" \/><\/a>\n\t\t\t\t<\/dt><\/dl><dl class='gallery-item'>\n\t\t\t\t<dt class='gallery-icon landscape'>\n\t\t\t\t\t<a class=\"rollover rollover-zoom dt-pswp-item\" title=\"b4084755-919a-4bc0-8393-8852dac18487\" data-dt-img-description=\"\" data-large_image_width=\"1600\" data-large_image_height=\"1200\"href='https:\/\/www.radiopiu.net\/wordpress\/wp-content\/uploads\/2024\/04\/b4084755-919a-4bc0-8393-8852dac18487.jpg'><img loading=\"lazy\" decoding=\"async\" width=\"150\" height=\"150\" src=\"https:\/\/www.radiopiu.net\/wordpress\/wp-content\/uploads\/2024\/04\/b4084755-919a-4bc0-8393-8852dac18487-150x150.jpg\" class=\"attachment-thumbnail size-thumbnail\" alt=\"\" \/><\/a>\n\t\t\t\t<\/dt><\/dl><dl class='gallery-item'>\n\t\t\t\t<dt class='gallery-icon portrait'>\n\t\t\t\t\t<a class=\"rollover rollover-zoom dt-pswp-item\" title=\"6c409fda-67e8-489f-8bb9-ca014829d9ac\" data-dt-img-description=\"\" data-large_image_width=\"720\" data-large_image_height=\"1280\"href='https:\/\/www.radiopiu.net\/wordpress\/wp-content\/uploads\/2024\/04\/6c409fda-67e8-489f-8bb9-ca014829d9ac.jpg'><img loading=\"lazy\" decoding=\"async\" width=\"150\" height=\"150\" src=\"https:\/\/www.radiopiu.net\/wordpress\/wp-content\/uploads\/2024\/04\/6c409fda-67e8-489f-8bb9-ca014829d9ac-150x150.jpg\" class=\"attachment-thumbnail size-thumbnail\" alt=\"\" \/><\/a>\n\t\t\t\t<\/dt><\/dl><br style=\"clear: both\" \/>\n\t\t\t<\/div>\n\n<p>&nbsp;<\/p>\n<p>&nbsp;<\/p>\n","protected":false},"excerpt":{"rendered":"<p>****** ULTIM&#8217;ORA INCENDIO IN CORSO PER RICEVERE QUESTO NOTIZIARIO DIRETTAMENTE SUL TUO CELLULARE ISCRIVITI AL CANALE TELEGRAM \u201cRADIO PIU\u00a0 INFORMAZIONE&#8221;\u00a0 \u00a0il CANALE TELEGRAM&#8230; UNISCITI A: RADIO PIU INFORMAZIONE &nbsp; &nbsp; ATTENZIONE: LA NUOVA APP PER IOS-IPHONE di Nicola Vettorello https:\/\/apps.apple.com\/it\/app\/radio-pi%C3%B9-emittente-agordina\/id1515939845 ATTENZIONE: LA NUOVA APP RADIO\u00a0 PER ANDROID di Nicola Vettorello https:\/\/play.google.com\/store\/apps\/details?id=net.radiopiu.iniko\u00a0\u00a0 &nbsp; &nbsp; &nbsp; OGGI&hellip;<\/p>\n","protected":false},"author":4,"featured_media":388893,"comment_status":"closed","ping_status":"closed","sticky":false,"template":"","format":"standard","meta":{"_monsterinsights_skip_tracking":false,"_monsterinsights_sitenote_active":false,"_monsterinsights_sitenote_note":"","_monsterinsights_sitenote_category":0,"footnotes":""},"categories":[51,86,49],"tags":[],"class_list":["post-388763","post","type-post","status-publish","format-standard","has-post-thumbnail","hentry","category-evidenza-top","category-gr","category-news-18","category-51","category-86","category-49","description-off"],"img_url":"https:\/\/www.radiopiu.net\/wordpress\/wp-content\/uploads\/2024\/05\/dff61568-f23a-4234-9468-47cd5fd1db76.jpg","_links":{"self":[{"href":"https:\/\/www.radiopiu.net\/wordpress\/wp-json\/wp\/v2\/posts\/388763","targetHints":{"allow":["GET"]}}],"collection":[{"href":"https:\/\/www.radiopiu.net\/wordpress\/wp-json\/wp\/v2\/posts"}],"about":[{"href":"https:\/\/www.radiopiu.net\/wordpress\/wp-json\/wp\/v2\/types\/post"}],"author":[{"embeddable":true,"href":"https:\/\/www.radiopiu.net\/wordpress\/wp-json\/wp\/v2\/users\/4"}],"replies":[{"embeddable":true,"href":"https:\/\/www.radiopiu.net\/wordpress\/wp-json\/wp\/v2\/comments?post=388763"}],"version-history":[{"count":0,"href":"https:\/\/www.radiopiu.net\/wordpress\/wp-json\/wp\/v2\/posts\/388763\/revisions"}],"wp:featuredmedia":[{"embeddable":true,"href":"https:\/\/www.radiopiu.net\/wordpress\/wp-json\/wp\/v2\/media\/388893"}],"wp:attachment":[{"href":"https:\/\/www.radiopiu.net\/wordpress\/wp-json\/wp\/v2\/media?parent=388763"}],"wp:term":[{"taxonomy":"category","embeddable":true,"href":"https:\/\/www.radiopiu.net\/wordpress\/wp-json\/wp\/v2\/categories?post=388763"},{"taxonomy":"post_tag","embeddable":true,"href":"https:\/\/www.radiopiu.net\/wordpress\/wp-json\/wp\/v2\/tags?post=388763"}],"curies":[{"name":"wp","href":"https:\/\/api.w.org\/{rel}","templated":true}]}}