{"id":388769,"date":"2024-05-07T05:34:57","date_gmt":"2024-05-07T03:34:57","guid":{"rendered":"https:\/\/www.radiopiu.net\/wordpress\/?p=388769"},"modified":"2024-05-07T05:48:29","modified_gmt":"2024-05-07T03:48:29","slug":"lanciano-i-sassi-contro-la-gente-indagini-in-corso","status":"publish","type":"post","link":"https:\/\/www.radiopiu.net\/wordpress\/lanciano-i-sassi-contro-la-gente-indagini-in-corso\/","title":{"rendered":"LANCIANO I SASSI CONTRO LA GENTE, INDAGINI IN CORSO"},"content":{"rendered":"<p>**<\/p>\n<p>&nbsp;<\/p>\n<blockquote>\n<h2><a class=\"dt-pswp-item\" href=\"https:\/\/www.radiopiu.net\/wordpress\/wp-content\/uploads\/2022\/12\/polizia-locale-belluno.jpg\" data-dt-img-description=\"\" data-large_image_width=\"733\" data-large_image_height=\"436\"><img loading=\"lazy\" decoding=\"async\" class=\"wp-image-311737 alignleft\" src=\"https:\/\/www.radiopiu.net\/wordpress\/wp-content\/uploads\/2022\/12\/polizia-locale-belluno-300x178.jpg\" alt=\"\" width=\"179\" height=\"106\" srcset=\"https:\/\/www.radiopiu.net\/wordpress\/wp-content\/uploads\/2022\/12\/polizia-locale-belluno-300x178.jpg 300w, https:\/\/www.radiopiu.net\/wordpress\/wp-content\/uploads\/2022\/12\/polizia-locale-belluno.jpg 733w\" sizes=\"auto, (max-width: 179px) 100vw, 179px\" \/><\/a> cittadino sfiorato, autorit\u00e0 indagano<\/h2>\n<\/blockquote>\n<p><strong>BELLUNO<\/strong> Mentre passeggiava nel Parco Citt\u00e0 di Bologna, un uomo \u00e8 stato quasi colpito da sassi lanciati da dietro la siepe delle scuole. L&#8217;assessore alla sicurezza del Comune \u00e8 stato informato e ha effettuato un sopralluogo, confermando il pericolo. La Polizia di Stato e Locale hanno identificato alcuni ragazzi, mentre le telecamere di videosorveglianza saranno utilizzate per ulteriori indagini.<\/p>\n<p>&nbsp;<\/p>\n<hr \/>\n<p>&nbsp;<\/p>\n","protected":false},"excerpt":{"rendered":"<p>** &nbsp; cittadino sfiorato, autorit\u00e0 indagano BELLUNO Mentre passeggiava nel Parco Citt\u00e0 di Bologna, un uomo \u00e8 stato quasi colpito da sassi lanciati da dietro la siepe delle scuole. L&#8217;assessore alla sicurezza del Comune \u00e8 stato informato e ha effettuato un sopralluogo, confermando il pericolo. La Polizia di Stato e Locale hanno identificato alcuni ragazzi,&hellip;<\/p>\n","protected":false},"author":4,"featured_media":312951,"comment_status":"closed","ping_status":"closed","sticky":false,"template":"","format":"standard","meta":{"_monsterinsights_skip_tracking":false,"_monsterinsights_sitenote_active":false,"_monsterinsights_sitenote_note":"","_monsterinsights_sitenote_category":0,"footnotes":""},"categories":[51,49],"tags":[],"class_list":["post-388769","post","type-post","status-publish","format-standard","has-post-thumbnail","hentry","category-evidenza-top","category-news-18","category-51","category-49","description-off"],"img_url":"https:\/\/www.radiopiu.net\/wordpress\/wp-content\/uploads\/2022\/12\/Polizia_Locale.jpg","_links":{"self":[{"href":"https:\/\/www.radiopiu.net\/wordpress\/wp-json\/wp\/v2\/posts\/388769","targetHints":{"allow":["GET"]}}],"collection":[{"href":"https:\/\/www.radiopiu.net\/wordpress\/wp-json\/wp\/v2\/posts"}],"about":[{"href":"https:\/\/www.radiopiu.net\/wordpress\/wp-json\/wp\/v2\/types\/post"}],"author":[{"embeddable":true,"href":"https:\/\/www.radiopiu.net\/wordpress\/wp-json\/wp\/v2\/users\/4"}],"replies":[{"embeddable":true,"href":"https:\/\/www.radiopiu.net\/wordpress\/wp-json\/wp\/v2\/comments?post=388769"}],"version-history":[{"count":0,"href":"https:\/\/www.radiopiu.net\/wordpress\/wp-json\/wp\/v2\/posts\/388769\/revisions"}],"wp:featuredmedia":[{"embeddable":true,"href":"https:\/\/www.radiopiu.net\/wordpress\/wp-json\/wp\/v2\/media\/312951"}],"wp:attachment":[{"href":"https:\/\/www.radiopiu.net\/wordpress\/wp-json\/wp\/v2\/media?parent=388769"}],"wp:term":[{"taxonomy":"category","embeddable":true,"href":"https:\/\/www.radiopiu.net\/wordpress\/wp-json\/wp\/v2\/categories?post=388769"},{"taxonomy":"post_tag","embeddable":true,"href":"https:\/\/www.radiopiu.net\/wordpress\/wp-json\/wp\/v2\/tags?post=388769"}],"curies":[{"name":"wp","href":"https:\/\/api.w.org\/{rel}","templated":true}]}}