{"id":388771,"date":"2024-05-07T05:38:25","date_gmt":"2024-05-07T03:38:25","guid":{"rendered":"https:\/\/www.radiopiu.net\/wordpress\/?p=388771"},"modified":"2024-05-07T05:46:26","modified_gmt":"2024-05-07T03:46:26","slug":"gosaldo-i-carabinieri-di-agordo-assumono-il-controllo-del-territorio","status":"publish","type":"post","link":"https:\/\/www.radiopiu.net\/wordpress\/gosaldo-i-carabinieri-di-agordo-assumono-il-controllo-del-territorio\/","title":{"rendered":"GOSALDO: I CARABINIERI DI AGORDO ASSUMONO IL CONTROLLO DEL TERRITORIO"},"content":{"rendered":"<p>***<\/p>\n<p>di Mirko Mezzacasa<\/p>\n<p>&nbsp;<\/p>\n<p><em>La decisione di affidare il controllo del territorio ai Carabinieri di Agordo ha sollevato dubbi sulla capacit\u00e0 di risposta in tempi rapidi, lasciando molti residenti preoccupati per la propria sicurezza in caso di emergenza.<\/em><\/p>\n<p>di Mirko Mezzacasa<\/p>\n<p><img loading=\"lazy\" decoding=\"async\" class=\"alignleft\" src=\"https:\/\/www.radiopiu.net\/wordpress\/wp-content\/uploads\/2024\/05\/5a986337-22c8-4fa7-a5bb-499e4fe4ee5d.jpg\" width=\"235\" height=\"160\" \/><strong>GOSALDO<\/strong> La decisione di affidare il controllo del territorio di Gosaldo e zone limitrofe ai Carabinieri della stazione di Agordo ha sollevato preoccupazioni tra i residenti. In caso di emergenza a Passo Cereda, il confine con il Trentino, i Carabinieri dovranno percorrere circa 25 chilometri,\u00a0 su strade di montagna (che non \u00e8 la Pedemontana ma pendenza e curve)\u00a0 e spesso\u00a0 in condizioni meteorologiche avverse. Le preoccupazioni maggiori riguardano i tempi di risposta, soprattutto se la stazione di Agordo\u00a0 non \u00e8 operativa (Cencenighe \u00e8 8 chilometri a nord e Falcade molto pi\u00f9 su, sperando che i CC non siano impegnati a Passo San Pellegrino&#8230;). Sebbene i vertici dei Carabinieri assicurino che non ci saranno problemi, la vera prova sar\u00e0 data dalle prime emergenze. I residenti di Gosaldo e delle frazioni circostanti sono incoraggiati a tenere a portata di mano i numeri delle stazioni dei Carabinieri del Primiero del vicino trentino perch\u00e9 di la in pochi chilometri ci sono 3 stazioni e nessuno si sogna di cancellarle dalla mappa dei servizi essenziali, diversamente dalla non autonoma provincia di Belluno. Sar\u00e0 importante inoltre ricordare ai cittadini che possono sempre contare sulle forze di <span style=\"color: #0000ff;\"><strong>Polizia 113.<\/strong><\/span> Tuttavia, molti lamentano la mancanza di una stazione di polizia nell&#8217;Agordino, una carenza che potrebbe avere conseguenze critiche in situazioni di emergenza come questa.<\/p>\n<div class=\"text-gray-400 flex self-end lg:self-center items-center justify-center lg:justify-start mt-0 -ml-1 h-7 gap-[2px] visible\"><\/div>\n<div><\/div>\n<div>_\u00b0___<\/div>\n<div class=\"flex-1 overflow-hidden\">\n<div class=\"react-scroll-to-bottom--css-nxqqr-79elbk h-full\">\n<div class=\"react-scroll-to-bottom--css-nxqqr-1n7m0yu\">\n<div class=\"flex flex-col text-sm pb-9\">\n<div class=\"w-full text-token-text-primary\" dir=\"auto\" data-testid=\"conversation-turn-9\" data-scroll-anchor=\"true\">\n<div class=\"py-2 px-3 text-base md:px-4 m-auto md:px-5 lg:px-1 xl:px-5\">\n<div class=\"mx-auto flex flex-1 gap-3 text-base juice:gap-4 juice:md:gap-6 md:max-w-3xl lg:max-w-[40rem] xl:max-w-[48rem]\">\n<div class=\"relative flex w-full min-w-0 flex-col agent-turn\">\n<div class=\"flex-col gap-1 md:gap-3\">\n<div class=\"pr-2 lg:pr-0\"><\/div>\n<\/div>\n<div class=\"absolute\">\n<div class=\"flex w-full gap-2 items-center justify-center\"><\/div>\n<\/div>\n<\/div>\n<\/div>\n<\/div>\n<\/div>\n<\/div>\n<\/div>\n<\/div>\n<\/div>\n<div class=\"w-full md:pt-0 dark:border-white\/20 md:border-transparent md:dark:border-transparent md:w-[calc(100%-.5rem)] juice:w-full\">\n<div class=\"px-3 text-base md:px-4 m-auto md:px-5 lg:px-1 xl:px-5\">\n<div class=\"mx-auto flex flex-1 gap-3 text-base juice:gap-4 juice:md:gap-6 md:max-w-3xl lg:max-w-[40rem] xl:max-w-[48rem]\">\n<form class=\"w-full\">\n<div class=\"relative flex h-full max-w-full flex-1 flex-col\">\n<div class=\"absolute bottom-full left-0 right-0\"><\/div>\n<div class=\"flex w-full items-center\"><\/div>\n<\/div>\n<\/form>\n<\/div>\n<\/div>\n<\/div>\n","protected":false},"excerpt":{"rendered":"<p>*** di Mirko Mezzacasa &nbsp; La decisione di affidare il controllo del territorio ai Carabinieri di Agordo ha sollevato dubbi sulla capacit\u00e0 di risposta in tempi rapidi, lasciando molti residenti preoccupati per la propria sicurezza in caso di emergenza. di Mirko Mezzacasa GOSALDO La decisione di affidare il controllo del territorio di Gosaldo e zone&hellip;<\/p>\n","protected":false},"author":4,"featured_media":388772,"comment_status":"closed","ping_status":"closed","sticky":false,"template":"","format":"standard","meta":{"_monsterinsights_skip_tracking":false,"_monsterinsights_sitenote_active":false,"_monsterinsights_sitenote_note":"","_monsterinsights_sitenote_category":0,"footnotes":""},"categories":[51,49],"tags":[],"class_list":["post-388771","post","type-post","status-publish","format-standard","has-post-thumbnail","hentry","category-evidenza-top","category-news-18","category-51","category-49","description-off"],"img_url":"https:\/\/www.radiopiu.net\/wordpress\/wp-content\/uploads\/2024\/05\/5a986337-22c8-4fa7-a5bb-499e4fe4ee5d.jpg","_links":{"self":[{"href":"https:\/\/www.radiopiu.net\/wordpress\/wp-json\/wp\/v2\/posts\/388771","targetHints":{"allow":["GET"]}}],"collection":[{"href":"https:\/\/www.radiopiu.net\/wordpress\/wp-json\/wp\/v2\/posts"}],"about":[{"href":"https:\/\/www.radiopiu.net\/wordpress\/wp-json\/wp\/v2\/types\/post"}],"author":[{"embeddable":true,"href":"https:\/\/www.radiopiu.net\/wordpress\/wp-json\/wp\/v2\/users\/4"}],"replies":[{"embeddable":true,"href":"https:\/\/www.radiopiu.net\/wordpress\/wp-json\/wp\/v2\/comments?post=388771"}],"version-history":[{"count":0,"href":"https:\/\/www.radiopiu.net\/wordpress\/wp-json\/wp\/v2\/posts\/388771\/revisions"}],"wp:featuredmedia":[{"embeddable":true,"href":"https:\/\/www.radiopiu.net\/wordpress\/wp-json\/wp\/v2\/media\/388772"}],"wp:attachment":[{"href":"https:\/\/www.radiopiu.net\/wordpress\/wp-json\/wp\/v2\/media?parent=388771"}],"wp:term":[{"taxonomy":"category","embeddable":true,"href":"https:\/\/www.radiopiu.net\/wordpress\/wp-json\/wp\/v2\/categories?post=388771"},{"taxonomy":"post_tag","embeddable":true,"href":"https:\/\/www.radiopiu.net\/wordpress\/wp-json\/wp\/v2\/tags?post=388771"}],"curies":[{"name":"wp","href":"https:\/\/api.w.org\/{rel}","templated":true}]}}