{"id":388905,"date":"2024-05-08T05:21:41","date_gmt":"2024-05-08T03:21:41","guid":{"rendered":"https:\/\/www.radiopiu.net\/wordpress\/?p=388905"},"modified":"2024-05-08T05:29:58","modified_gmt":"2024-05-08T03:29:58","slug":"dolomitibus-orgoglio-provinciale-complimenti-per-il-tempismo","status":"publish","type":"post","link":"https:\/\/www.radiopiu.net\/wordpress\/dolomitibus-orgoglio-provinciale-complimenti-per-il-tempismo\/","title":{"rendered":"DOLOMITIBUS ORGOGLIO PROVINCIALE: COMPLIMENTI PER IL TEMPISMO!"},"content":{"rendered":"<p>***<\/p>\n<blockquote>\n<h3><a class=\"dt-pswp-item\" href=\"https:\/\/www.radiopiu.net\/wordpress\/wp-content\/uploads\/2024\/05\/Senza-nome-16.png\" data-dt-img-description=\"\" data-large_image_width=\"255\" data-large_image_height=\"257\"><img loading=\"lazy\" decoding=\"async\" class=\" wp-image-388904 alignleft\" src=\"https:\/\/www.radiopiu.net\/wordpress\/wp-content\/uploads\/2024\/05\/Senza-nome-16.png\" alt=\"\" width=\"153\" height=\"154\" srcset=\"https:\/\/www.radiopiu.net\/wordpress\/wp-content\/uploads\/2024\/05\/Senza-nome-16.png 255w, https:\/\/www.radiopiu.net\/wordpress\/wp-content\/uploads\/2024\/05\/Senza-nome-16-150x150.png 150w\" sizes=\"auto, (max-width: 153px) 100vw, 153px\" \/><\/a>QUELLO CHE NON SI DOVREBBE VEDERE&#8230;<\/h3>\n<p>BELLUNO<\/p><\/blockquote>\n<div class=\"flex-1 overflow-hidden\">\n<div class=\"react-scroll-to-bottom--css-cmqnm-79elbk h-full\">\n<div class=\"react-scroll-to-bottom--css-cmqnm-1n7m0yu\">\n<div class=\"flex flex-col text-sm pb-9\">\n<div class=\"w-full text-token-text-primary\" dir=\"auto\" data-testid=\"conversation-turn-27\" data-scroll-anchor=\"true\">\n<div class=\"py-2 px-3 text-base md:px-4 m-auto md:px-5 lg:px-1 xl:px-5\">\n<div class=\"mx-auto flex flex-1 gap-3 text-base juice:gap-4 juice:md:gap-6 md:max-w-3xl lg:max-w-[40rem] xl:max-w-[48rem]\">\n<div class=\"relative flex w-full min-w-0 flex-col agent-turn\">\n<div class=\"flex-col gap-1 md:gap-3\">\n<div class=\"flex flex-grow flex-col max-w-full\">\n<div class=\"min-h-[20px] text-message flex flex-col items-start whitespace-pre-wrap break-words [.text-message+&amp;]:mt-5 overflow-x-auto gap-3\" dir=\"auto\" data-message-author-role=\"assistant\" data-message-id=\"b7aec564-7df0-47ce-8d73-07605af0f5d5\">\n<div class=\"markdown prose w-full break-words dark:prose-invert dark\">\n<p>La Dolomitibus \u00e8\u00a0 rimasta indietro di almeno 3 anni, pubblicizzando oggi eventi del 2021 in vista delle Olimpiadi del 2026. Questo ritardo evidenzia un declino dell&#8217;azienda che un tempo rappresentava un orgoglio per la provincia. \u00c8 un segnale della necessit\u00e0 di affrontare i problemi anzich\u00e9 ignorarli. Tuttavia, non si sente pi\u00f9 parlare di tagli o della mancanza di servizio nei giorni festivi nell&#8217;Agordino. \u00c8 un fatto triste che probabilmente passer\u00e0 inosservato, come spesso accade.<\/p>\n<\/div>\n<\/div>\n<\/div>\n<\/div>\n<\/div>\n<\/div>\n<\/div>\n<\/div>\n<\/div>\n<\/div>\n<\/div>\n<\/div>\n<p>&nbsp;<\/p>\n<p>&nbsp;<\/p>\n<p>&nbsp;<\/p>\n<p>&nbsp;<\/p>\n<p>&nbsp;<\/p>\n<hr \/>\n<p>&nbsp;<\/p>\n","protected":false},"excerpt":{"rendered":"<p>*** QUELLO CHE NON SI DOVREBBE VEDERE&#8230; BELLUNO La Dolomitibus \u00e8\u00a0 rimasta indietro di almeno 3 anni, pubblicizzando oggi eventi del 2021 in vista delle Olimpiadi del 2026. Questo ritardo evidenzia un declino dell&#8217;azienda che un tempo rappresentava un orgoglio per la provincia. \u00c8 un segnale della necessit\u00e0 di affrontare i problemi anzich\u00e9 ignorarli. Tuttavia,&hellip;<\/p>\n","protected":false},"author":4,"featured_media":388904,"comment_status":"closed","ping_status":"closed","sticky":false,"template":"","format":"standard","meta":{"_monsterinsights_skip_tracking":false,"_monsterinsights_sitenote_active":false,"_monsterinsights_sitenote_note":"","_monsterinsights_sitenote_category":0,"footnotes":""},"categories":[51,49],"tags":[],"class_list":["post-388905","post","type-post","status-publish","format-standard","has-post-thumbnail","hentry","category-evidenza-top","category-news-18","category-51","category-49","description-off"],"img_url":"https:\/\/www.radiopiu.net\/wordpress\/wp-content\/uploads\/2024\/05\/Senza-nome-16.png","_links":{"self":[{"href":"https:\/\/www.radiopiu.net\/wordpress\/wp-json\/wp\/v2\/posts\/388905","targetHints":{"allow":["GET"]}}],"collection":[{"href":"https:\/\/www.radiopiu.net\/wordpress\/wp-json\/wp\/v2\/posts"}],"about":[{"href":"https:\/\/www.radiopiu.net\/wordpress\/wp-json\/wp\/v2\/types\/post"}],"author":[{"embeddable":true,"href":"https:\/\/www.radiopiu.net\/wordpress\/wp-json\/wp\/v2\/users\/4"}],"replies":[{"embeddable":true,"href":"https:\/\/www.radiopiu.net\/wordpress\/wp-json\/wp\/v2\/comments?post=388905"}],"version-history":[{"count":0,"href":"https:\/\/www.radiopiu.net\/wordpress\/wp-json\/wp\/v2\/posts\/388905\/revisions"}],"wp:featuredmedia":[{"embeddable":true,"href":"https:\/\/www.radiopiu.net\/wordpress\/wp-json\/wp\/v2\/media\/388904"}],"wp:attachment":[{"href":"https:\/\/www.radiopiu.net\/wordpress\/wp-json\/wp\/v2\/media?parent=388905"}],"wp:term":[{"taxonomy":"category","embeddable":true,"href":"https:\/\/www.radiopiu.net\/wordpress\/wp-json\/wp\/v2\/categories?post=388905"},{"taxonomy":"post_tag","embeddable":true,"href":"https:\/\/www.radiopiu.net\/wordpress\/wp-json\/wp\/v2\/tags?post=388905"}],"curies":[{"name":"wp","href":"https:\/\/api.w.org\/{rel}","templated":true}]}}