{"id":389071,"date":"2024-05-09T05:25:08","date_gmt":"2024-05-09T03:25:08","guid":{"rendered":"https:\/\/www.radiopiu.net\/wordpress\/?p=389071"},"modified":"2024-05-09T05:47:26","modified_gmt":"2024-05-09T03:47:26","slug":"nuova-seggiovia-monti-ornella-padon-via-libera-definitivo-alla-sostituzione-dellimpianto","status":"publish","type":"post","link":"https:\/\/www.radiopiu.net\/wordpress\/nuova-seggiovia-monti-ornella-padon-via-libera-definitivo-alla-sostituzione-dellimpianto\/","title":{"rendered":"NUOVA SEGGIOVIA MONTI ORNELLA-PADON, VIA LIBERA DEFINITIVO ALLA SOSTITUZIONE DELL\u2019IMPIANTO"},"content":{"rendered":"<p>*****<\/p>\n<p>&nbsp;<\/p>\n<p><a class=\"dt-pswp-item\" href=\"https:\/\/www.radiopiu.net\/wordpress\/wp-content\/uploads\/2023\/12\/1-Rif.-Padon-verso-Marmolada-scaled.jpg\" data-dt-img-description=\"Il Rifugio Pad\u00f3n a 2407 metri di fronte alla Marmolada\" data-large_image_width=\"2560\" data-large_image_height=\"1416\"><img loading=\"lazy\" decoding=\"async\" class=\"wp-image-365819  alignleft\" src=\"https:\/\/www.radiopiu.net\/wordpress\/wp-content\/uploads\/2023\/12\/1-Rif.-Padon-verso-Marmolada-300x166.jpg\" alt=\"\" width=\"181\" height=\"100\" srcset=\"https:\/\/www.radiopiu.net\/wordpress\/wp-content\/uploads\/2023\/12\/1-Rif.-Padon-verso-Marmolada-300x166.jpg 300w, https:\/\/www.radiopiu.net\/wordpress\/wp-content\/uploads\/2023\/12\/1-Rif.-Padon-verso-Marmolada-1024x566.jpg 1024w, https:\/\/www.radiopiu.net\/wordpress\/wp-content\/uploads\/2023\/12\/1-Rif.-Padon-verso-Marmolada-768x425.jpg 768w, https:\/\/www.radiopiu.net\/wordpress\/wp-content\/uploads\/2023\/12\/1-Rif.-Padon-verso-Marmolada-1536x849.jpg 1536w, https:\/\/www.radiopiu.net\/wordpress\/wp-content\/uploads\/2023\/12\/1-Rif.-Padon-verso-Marmolada-2048x1133.jpg 2048w\" sizes=\"auto, (max-width: 181px) 100vw, 181px\" \/><\/a><strong>BELLUNO <\/strong>Via libera definitivo alla nuova seggiovia Monti di Ornella-Passo Padon. Ieri, con la determina della dirigente del settore urbanistica e mobilit\u00e0 si \u00e8 conclusa la procedura di approvazione del progetto ed \u00e8 stata rilasciata l\u2019autorizzazione. I tempi di analisi e chiusura dell\u2019istruttoria da parte degli uffici della Provincia sono stati rapidissimi: meno di un anno tra la presentazione del progetto e l\u2019ok definitivo, a conferma della qualit\u00e0 e celerit\u00e0 del lavoro del servizio impianti a fune di Palazzo Piloni. Infatti, la richiesta arrivata dalle societ\u00e0 Antercrep srl e Funivie Arabba spa era arrivata il 19 maggio 2023, e a marzo 2024 si era conclusa la terza e ultima conferenza di servizi (in precedenza, i proponenti avevano gi\u00e0 ottenuto la valutazione di impatto ambientale dagli uffici provinciali preposti). Ora, con l\u2019atto finale della determina, le societ\u00e0 proponenti possono procedere. Il progetto ha un valore di circa 7,5 milioni di euro ed \u00e8 cofinanziato per met\u00e0 dai contributi regionali previsti dalla Dgr 1260\/2020 (bando per lo sviluppo delle aree sciabili attrezzate). Prevede la realizzazione di una seggiovia esaposto ad ammorsamento automatico con portata oraria di 1.800 persone denominata \u201cSem237 Monti di Ornella \u2013 Passo Padon\u201d. Si tratta di una sostituzione dell\u2019attuale seggiovia biposto, con contestuale demolizione dell\u2019impianto esistente. L\u2019avvio del cantiere di realizzazione \u00e8 previsto nel corso dell\u2019estate.<\/p>\n<p>&nbsp;<\/p>\n<p>&nbsp;<\/p>\n<p>******<\/p>\n","protected":false},"excerpt":{"rendered":"<p>***** &nbsp; BELLUNO Via libera definitivo alla nuova seggiovia Monti di Ornella-Passo Padon. Ieri, con la determina della dirigente del settore urbanistica e mobilit\u00e0 si \u00e8 conclusa la procedura di approvazione del progetto ed \u00e8 stata rilasciata l\u2019autorizzazione. I tempi di analisi e chiusura dell\u2019istruttoria da parte degli uffici della Provincia sono stati rapidissimi: meno&hellip;<\/p>\n","protected":false},"author":4,"featured_media":365819,"comment_status":"closed","ping_status":"closed","sticky":false,"template":"","format":"standard","meta":{"_monsterinsights_skip_tracking":false,"_monsterinsights_sitenote_active":false,"_monsterinsights_sitenote_note":"","_monsterinsights_sitenote_category":0,"footnotes":""},"categories":[104,49],"tags":[],"class_list":["post-389071","post","type-post","status-publish","format-standard","has-post-thumbnail","hentry","category-evidenza_3","category-news-18","category-104","category-49","description-off"],"img_url":"https:\/\/www.radiopiu.net\/wordpress\/wp-content\/uploads\/2023\/12\/1-Rif.-Padon-verso-Marmolada-scaled.jpg","_links":{"self":[{"href":"https:\/\/www.radiopiu.net\/wordpress\/wp-json\/wp\/v2\/posts\/389071","targetHints":{"allow":["GET"]}}],"collection":[{"href":"https:\/\/www.radiopiu.net\/wordpress\/wp-json\/wp\/v2\/posts"}],"about":[{"href":"https:\/\/www.radiopiu.net\/wordpress\/wp-json\/wp\/v2\/types\/post"}],"author":[{"embeddable":true,"href":"https:\/\/www.radiopiu.net\/wordpress\/wp-json\/wp\/v2\/users\/4"}],"replies":[{"embeddable":true,"href":"https:\/\/www.radiopiu.net\/wordpress\/wp-json\/wp\/v2\/comments?post=389071"}],"version-history":[{"count":0,"href":"https:\/\/www.radiopiu.net\/wordpress\/wp-json\/wp\/v2\/posts\/389071\/revisions"}],"wp:featuredmedia":[{"embeddable":true,"href":"https:\/\/www.radiopiu.net\/wordpress\/wp-json\/wp\/v2\/media\/365819"}],"wp:attachment":[{"href":"https:\/\/www.radiopiu.net\/wordpress\/wp-json\/wp\/v2\/media?parent=389071"}],"wp:term":[{"taxonomy":"category","embeddable":true,"href":"https:\/\/www.radiopiu.net\/wordpress\/wp-json\/wp\/v2\/categories?post=389071"},{"taxonomy":"post_tag","embeddable":true,"href":"https:\/\/www.radiopiu.net\/wordpress\/wp-json\/wp\/v2\/tags?post=389071"}],"curies":[{"name":"wp","href":"https:\/\/api.w.org\/{rel}","templated":true}]}}