{"id":389122,"date":"2024-05-10T05:29:35","date_gmt":"2024-05-10T03:29:35","guid":{"rendered":"https:\/\/www.radiopiu.net\/wordpress\/?p=389122"},"modified":"2024-05-10T08:03:19","modified_gmt":"2024-05-10T06:03:19","slug":"giornale-radiopiu-10-maggio-2024-direttore-mirko-mezzacasada-40-anni-25-giugno-1983-25-giugno-2023","status":"publish","type":"post","link":"https:\/\/www.radiopiu.net\/wordpress\/giornale-radiopiu-10-maggio-2024-direttore-mirko-mezzacasada-40-anni-25-giugno-1983-25-giugno-2023\/","title":{"rendered":"GIORNALE RADIOPIU 10 MAGGIO 2024 DIRETTORE MIRKO MEZZACASA\u2026DA 40 ANNI 25 GIUGNO 1983-25 GIUGNO 2023"},"content":{"rendered":"<p>*****<\/p>\n<p><strong>ultim&#8217;ora 06.00 &#8211;\u00a0 ELICOTTERO LEONE DI TREVISO IN VOLO PER SOCCORSO, notizia in aggiornamento<\/strong><\/p>\n\n\t\t\t<style type='text\/css'>\n\t\t\t\t#gallery-1 {\n\t\t\t\t\tmargin: auto;\n\t\t\t\t}\n\t\t\t\t#gallery-1 .gallery-item {\n\t\t\t\t\tfloat: left;\n\t\t\t\t\tmargin-top: 10px;\n\t\t\t\t\ttext-align: center;\n\t\t\t\t\twidth: 50%;\n\t\t\t\t}\n\t\t\t\t#gallery-1 img {\n\t\t\t\t\tborder: 2px solid #cfcfcf;\n\t\t\t\t}\n\t\t\t\t#gallery-1 .gallery-caption {\n\t\t\t\t\tmargin-left: 0;\n\t\t\t\t}\n\t\t\t\t\/* see gallery_shortcode() in wp-includes\/media.php *\/\n\t\t\t<\/style>\n\t\t<div id='gallery-1' class='dt-gallery-container gallery galleryid-389122 gallery-columns-2 gallery-size-medium'><dl class='gallery-item'>\n\t\t\t\t<dt class='gallery-icon portrait'>\n\t\t\t\t\t<a class=\"rollover rollover-zoom dt-pswp-item\" title=\"406e1e56-1b02-4b37-b545-38d3b7ded77a\" data-dt-img-description=\"\" data-large_image_width=\"955\" data-large_image_height=\"2048\"href='https:\/\/www.radiopiu.net\/wordpress\/wp-content\/uploads\/2024\/05\/406e1e56-1b02-4b37-b545-38d3b7ded77a.jpg'><img loading=\"lazy\" decoding=\"async\" width=\"140\" height=\"300\" src=\"https:\/\/www.radiopiu.net\/wordpress\/wp-content\/uploads\/2024\/05\/406e1e56-1b02-4b37-b545-38d3b7ded77a-140x300.jpg\" class=\"attachment-medium size-medium\" alt=\"\" srcset=\"https:\/\/www.radiopiu.net\/wordpress\/wp-content\/uploads\/2024\/05\/406e1e56-1b02-4b37-b545-38d3b7ded77a-140x300.jpg 140w, https:\/\/www.radiopiu.net\/wordpress\/wp-content\/uploads\/2024\/05\/406e1e56-1b02-4b37-b545-38d3b7ded77a-478x1024.jpg 478w, https:\/\/www.radiopiu.net\/wordpress\/wp-content\/uploads\/2024\/05\/406e1e56-1b02-4b37-b545-38d3b7ded77a-768x1647.jpg 768w, https:\/\/www.radiopiu.net\/wordpress\/wp-content\/uploads\/2024\/05\/406e1e56-1b02-4b37-b545-38d3b7ded77a-716x1536.jpg 716w, https:\/\/www.radiopiu.net\/wordpress\/wp-content\/uploads\/2024\/05\/406e1e56-1b02-4b37-b545-38d3b7ded77a.jpg 955w\" sizes=\"auto, (max-width: 140px) 100vw, 140px\" \/><\/a>\n\t\t\t\t<\/dt><\/dl><dl class='gallery-item'>\n\t\t\t\t<dt class='gallery-icon portrait'>\n\t\t\t\t\t<a class=\"rollover rollover-zoom dt-pswp-item\" title=\"3c3f90ac-1358-4228-93fe-5ef2f1e2fb7b\" data-dt-img-description=\"\" data-large_image_width=\"955\" data-large_image_height=\"2048\"href='https:\/\/www.radiopiu.net\/wordpress\/wp-content\/uploads\/2024\/05\/3c3f90ac-1358-4228-93fe-5ef2f1e2fb7b.jpg'><img loading=\"lazy\" decoding=\"async\" width=\"140\" height=\"300\" src=\"https:\/\/www.radiopiu.net\/wordpress\/wp-content\/uploads\/2024\/05\/3c3f90ac-1358-4228-93fe-5ef2f1e2fb7b-140x300.jpg\" class=\"attachment-medium size-medium\" alt=\"\" srcset=\"https:\/\/www.radiopiu.net\/wordpress\/wp-content\/uploads\/2024\/05\/3c3f90ac-1358-4228-93fe-5ef2f1e2fb7b-140x300.jpg 140w, https:\/\/www.radiopiu.net\/wordpress\/wp-content\/uploads\/2024\/05\/3c3f90ac-1358-4228-93fe-5ef2f1e2fb7b-478x1024.jpg 478w, https:\/\/www.radiopiu.net\/wordpress\/wp-content\/uploads\/2024\/05\/3c3f90ac-1358-4228-93fe-5ef2f1e2fb7b-768x1647.jpg 768w, https:\/\/www.radiopiu.net\/wordpress\/wp-content\/uploads\/2024\/05\/3c3f90ac-1358-4228-93fe-5ef2f1e2fb7b-716x1536.jpg 716w, https:\/\/www.radiopiu.net\/wordpress\/wp-content\/uploads\/2024\/05\/3c3f90ac-1358-4228-93fe-5ef2f1e2fb7b.jpg 955w\" sizes=\"auto, (max-width: 140px) 100vw, 140px\" \/><\/a>\n\t\t\t\t<\/dt><\/dl><br style=\"clear: both\" \/>\n\t\t\t<\/div>\n\n<p>&nbsp;<\/p>\n<h3><a href=\"https:\/\/www.radiopiu.net\/wordpress\/giornale-radiopiu-24-gennaio-2021-direttore-mirko-mezzacasa\/141433770_171616291414874_2957460898102012198_n\/\" rel=\"attachment wp-att-186566\"><img loading=\"lazy\" decoding=\"async\" class=\"wp-image-186566 alignleft\" src=\"https:\/\/www.radiopiu.net\/wordpress\/wp-content\/uploads\/2021\/01\/141433770_171616291414874_2957460898102012198_n-300x300.jpg\" alt=\"\" width=\"144\" height=\"144\" srcset=\"https:\/\/www.radiopiu.net\/wordpress\/wp-content\/uploads\/2021\/01\/141433770_171616291414874_2957460898102012198_n-300x300.jpg 300w, https:\/\/www.radiopiu.net\/wordpress\/wp-content\/uploads\/2021\/01\/141433770_171616291414874_2957460898102012198_n-150x150.jpg 150w, https:\/\/www.radiopiu.net\/wordpress\/wp-content\/uploads\/2021\/01\/141433770_171616291414874_2957460898102012198_n-768x768.jpg 768w, https:\/\/www.radiopiu.net\/wordpress\/wp-content\/uploads\/2021\/01\/141433770_171616291414874_2957460898102012198_n.jpg 800w\" sizes=\"auto, (max-width: 144px) 100vw, 144px\" \/><\/a>PER<strong> RICEVERE QUESTO NOTIZIARIO DIRETTAMENTE SUL TUO CELLULARE ISCRIVITI AL CANALE TELEGRAM <\/strong><strong>\u201cRADIO PIU\u00a0 INFORMAZIONE&#8221;\u00a0<\/strong><\/h3>\n<h3>\u00a0il CANALE TELEGRAM&#8230; UNISCITI A: RADIO PIU INFORMAZIONE<\/h3>\n<p>&nbsp;<\/p>\n<p>&nbsp;<\/p>\n<p><em><a href=\"https:\/\/www.radiopiu.net\/wordpress\/giornale-radiopiu-24-gennaio-2021-direttore-mirko-mezzacasa\/79216601_126817312416448_708980208774483089_n\/\" rel=\"attachment wp-att-186567\"><img loading=\"lazy\" decoding=\"async\" class=\"size-medium wp-image-186567 alignright\" src=\"https:\/\/www.radiopiu.net\/wordpress\/wp-content\/uploads\/2021\/01\/79216601_126817312416448_708980208774483089_n-300x114.jpg\" alt=\"\" width=\"300\" height=\"114\" srcset=\"https:\/\/www.radiopiu.net\/wordpress\/wp-content\/uploads\/2021\/01\/79216601_126817312416448_708980208774483089_n-300x114.jpg 300w, https:\/\/www.radiopiu.net\/wordpress\/wp-content\/uploads\/2021\/01\/79216601_126817312416448_708980208774483089_n-768x292.jpg 768w, https:\/\/www.radiopiu.net\/wordpress\/wp-content\/uploads\/2021\/01\/79216601_126817312416448_708980208774483089_n.jpg 820w\" sizes=\"auto, (max-width: 300px) 100vw, 300px\" \/><\/a><span style=\"color: #ff0000;\">ATTENZIONE: LA NUOVA APP PER IOS-IPHONE di Nicola Vettorello <\/span><\/em><a href=\"https:\/\/apps.apple.com\/it\/app\/radio-pi%C3%B9-emittente-agordina\/id1515939845\">https:\/\/apps.apple.com\/it\/app\/radio-pi%C3%B9-emittente-agordina\/id1515939845<\/a><\/p>\n<p><em style=\"color: #ff0000;\">ATTENZIONE: LA NUOVA APP RADIO\u00a0 PER ANDROID di Nicola Vettorello<\/em><\/p>\n<p><a href=\"https:\/\/play.google.com\/store\/apps\/details?id=net.radiopiu.iniko\" target=\"_blank\" rel=\"noopener noreferrer\">https:\/\/play.google.com\/store\/apps\/details?id=net.radiopiu.iniko\u00a0\u00a0<\/a><\/p>\n<h3 class=\"kvgmc6g5 cxmmr5t8 oygrvhab hcukyx3x c1et5uql\"><\/h3>\n<p>&nbsp;<\/p>\n<div data-block=\"true\" data-editor=\"avj4u\" data-offset-key=\"d3i0j-0-0\">\n<p>&nbsp;<\/p>\n<hr \/>\n<p>&nbsp;<\/p>\n<\/div>\n<p><span style=\"color: #ff0000;\"><strong>OGGI ALLA RADIO<\/strong><\/span>: <strong>ALLE 7.20<\/strong> EL BAL DEL FIOR, DETTI E TRADIZIONI DI GIULIANA DA RONCH; <strong>ALLE 8.20 <\/strong>PIU&#8217; SIAMO, IL PROGRAMMA DI MARINA<strong> 9.00<\/strong> PREMIER CON MARCO GAZ, ANNI OTTANTA CON MONICA FONTANIVE<strong> 10.10<\/strong> LE NOVE IN LADIN CON IL MUSLA <strong>10.30<\/strong> ELENA DAL RIFUGIO SASSO BIANCO, PRONTA PER UNA SECONDA STAGIONE<strong>11.00<\/strong>\u00a0MEGLIO RADIO CHE MAI CON DANIELA RINALDI<strong> 12.00 <\/strong>IL LISCIO CON MIRCO BENCIVENNI <strong>12.30 <\/strong>GIORNALE RADIO PRINCIPALE<strong> 12 50 <\/strong>PIROLE DE LENGA, MUSLA<strong> 13.10\u00a0<\/strong> PETTIROSSO AGORDINO LA SECONDA SERATA A CENCENIGHE\u00a0<strong>13.20<\/strong> LA PRIMAVERA HIT DI MARINA <strong>14.00<\/strong>\u00a0 GOLDEN CLASSIC CON MARCO EDELVAIS\u00a0 <strong>15.00<\/strong>\u00a0 IL VENERDI MARINA C&#8217;E&#8217;\u00a0 IL PROGRAMMA DEL FINE SETTIMANA \u00a0<strong>16.00<\/strong> IL ROCK DI MARCO COSTANTINI <strong>16 45 <\/strong>LE HIT DI MIRCO BENCIVENNI ALLE <strong>18.30<\/strong> SALUTE E SOCIETA&#8217;, SETTIMANALE RUBRICA DI MEDICINA. <strong>19<\/strong> le anticipazioni dal Tg di Antenna 3 di Tiziana Bolognani.<\/p>\n<blockquote><p><strong>rassegna stampa nazionale, ogni giorno alle 5 e alle 6 del mattino<\/strong><br \/>\n<em>giornali locali 7 rassegna stampa flash, 8 rassegna stampa, gr flash alle 10 e alle 11, principale 12.30. Informazione pomerggio alle 15 (speciale) 16, 17, 18. Giornale radio nazionale: ogni ora dalle 5 del mattino, alle 20 della sera.\u00a0<\/em><\/p><\/blockquote>\n<div class=\"x11i5rnm xat24cr x1mh8g0r x1vvkbs xtlvy1s x126k92a\">\n<div dir=\"auto\">\n<p>&nbsp;<\/p>\n<p>&nbsp;<\/p>\n<hr \/>\n<p>&nbsp;<\/p>\n<p>&nbsp;<\/p>\n<div class=\"x11i5rnm xat24cr x1mh8g0r x1vvkbs xtlvy1s x126k92a\">\n<div dir=\"auto\">\n<p><strong><a class=\"dt-pswp-item\" href=\"https:\/\/www.radiopiu.net\/wordpress\/wp-content\/uploads\/2024\/02\/2d44e751-d8a8-461b-8e22-d8e4e853b032.jpg\" data-dt-img-description=\"\" data-large_image_width=\"1600\" data-large_image_height=\"1200\"><img loading=\"lazy\" decoding=\"async\" class=\"wp-image-373307 alignleft\" src=\"https:\/\/www.radiopiu.net\/wordpress\/wp-content\/uploads\/2024\/02\/2d44e751-d8a8-461b-8e22-d8e4e853b032-300x225.jpg\" alt=\"\" width=\"105\" height=\"79\" srcset=\"https:\/\/www.radiopiu.net\/wordpress\/wp-content\/uploads\/2024\/02\/2d44e751-d8a8-461b-8e22-d8e4e853b032-300x225.jpg 300w, https:\/\/www.radiopiu.net\/wordpress\/wp-content\/uploads\/2024\/02\/2d44e751-d8a8-461b-8e22-d8e4e853b032-1024x768.jpg 1024w, https:\/\/www.radiopiu.net\/wordpress\/wp-content\/uploads\/2024\/02\/2d44e751-d8a8-461b-8e22-d8e4e853b032-768x576.jpg 768w, https:\/\/www.radiopiu.net\/wordpress\/wp-content\/uploads\/2024\/02\/2d44e751-d8a8-461b-8e22-d8e4e853b032-1536x1152.jpg 1536w, https:\/\/www.radiopiu.net\/wordpress\/wp-content\/uploads\/2024\/02\/2d44e751-d8a8-461b-8e22-d8e4e853b032.jpg 1600w\" sizes=\"auto, (max-width: 105px) 100vw, 105px\" \/><\/a>EL BAL DEL FIOR, DI GIULIANA DA RONCH, 10 MAGGIO 2024<\/strong><\/p>\n<\/div>\n<\/div>\n<\/div>\n<div dir=\"auto\">\n<p>&nbsp;<\/p>\n<audio class=\"wp-audio-shortcode\" id=\"audio-389122-1\" preload=\"none\" style=\"width: 100%;\" controls=\"controls\"><source type=\"audio\/mpeg\" src=\"https:\/\/www.radiopiu.net\/wordpress\/wp-content\/uploads\/2024\/04\/GVE-4.m4a?_=1\" \/><a href=\"https:\/\/www.radiopiu.net\/wordpress\/wp-content\/uploads\/2024\/04\/GVE-4.m4a\">https:\/\/www.radiopiu.net\/wordpress\/wp-content\/uploads\/2024\/04\/GVE-4.m4a<\/a><\/audio>\n<p>&nbsp;<\/p>\n<hr \/>\n<\/div>\n<\/div>\n<blockquote>\n<blockquote>\n<h1><span style=\"color: #ff0000;\">\u00a0<\/span><\/h1>\n<h1><span style=\"color: #ff0000;\">I podcast informativi del mattino &#8211; audio &#8211;\u00a0\u00a0<\/span><\/h1>\n<\/blockquote>\n<p><strong><a class=\"dt-pswp-item\" href=\"https:\/\/www.radiopiu.net\/wordpress\/wp-content\/uploads\/2023\/11\/th-10.jpg\" data-dt-img-description=\"\" data-large_image_width=\"320\" data-large_image_height=\"180\"><img loading=\"lazy\" decoding=\"async\" class=\"wp-image-362866 alignleft\" src=\"https:\/\/www.radiopiu.net\/wordpress\/wp-content\/uploads\/2023\/11\/th-10-300x169.jpg\" alt=\"\" width=\"185\" height=\"104\" srcset=\"https:\/\/www.radiopiu.net\/wordpress\/wp-content\/uploads\/2023\/11\/th-10-300x169.jpg 300w, https:\/\/www.radiopiu.net\/wordpress\/wp-content\/uploads\/2023\/11\/th-10.jpg 320w\" sizes=\"auto, (max-width: 185px) 100vw, 185px\" \/><\/a>LA RASSEGNA STAMPA NAZIONALE ALLA RADIO, OGNI GIORNO ALLE 5 E ALLE 6 DEL MATTINO <span style=\"color: #0000ff;\">viene pubblicata alle 6.00 <span style=\"color: #ff0000;\">DIRETTA RADIO\u00a0 \u00a0\u00a0<\/span><\/span><\/strong><\/p><\/blockquote>\n<h2><\/h2>\n<p><strong>di STEFANO FAMA&#8217;<\/strong><br \/>\n<strong>Politica<\/strong> Stati generali natalit\u00e0 contestata la Ministra Rocella <strong>Economia<\/strong>, superbonus Confindustria dice no a misure retroattive <strong>Brasile<\/strong> Porto Allegre sott&#8217;acqua <strong>Liguria,<\/strong> corruzione, Signorini non risponde al Gip oggi tocca a Toti <strong>Milano<\/strong> Agente accoltellato da un marocchino <strong>Emilia<\/strong> nube tossica dalla piscina, intossicati <strong>Rimini<\/strong> 15enne ubriaca vaga per il parcheggio del supermercato e si sente male <strong>Sport<\/strong>, ciclismo giro d&#8217;Italia<\/p>\n<h2>AUDIO dalle 6 del mattino<\/h2>\n<audio class=\"wp-audio-shortcode\" id=\"audio-389122-2\" preload=\"none\" style=\"width: 100%;\" controls=\"controls\"><source type=\"audio\/mpeg\" src=\"https:\/\/www.radiopiu.net\/wordpress\/wp-content\/uploads\/2024\/05\/GIORNALEDELLESEI-7.mp3?_=2\" \/><a href=\"https:\/\/www.radiopiu.net\/wordpress\/wp-content\/uploads\/2024\/05\/GIORNALEDELLESEI-7.mp3\">https:\/\/www.radiopiu.net\/wordpress\/wp-content\/uploads\/2024\/05\/GIORNALEDELLESEI-7.mp3<\/a><\/audio>\n<p>&nbsp;<\/p>\n<p>&nbsp;<\/p>\n<hr \/>\n<p>&nbsp;<\/p>\n<h1 style=\"text-align: center;\"><span style=\"color: #ff0000;\">I podcast informativi del mattino &#8211; audio &#8211;\u00a0<\/span><\/h1>\n<p><strong><a class=\"dt-pswp-item\" href=\"https:\/\/www.radiopiu.net\/wordpress\/wp-content\/uploads\/2023\/12\/images.png\" data-dt-img-description=\"\" data-large_image_width=\"316\" data-large_image_height=\"160\"><img loading=\"lazy\" decoding=\"async\" class=\"wp-image-367008 alignleft\" src=\"https:\/\/www.radiopiu.net\/wordpress\/wp-content\/uploads\/2023\/12\/images-300x152.png\" alt=\"\" width=\"235\" height=\"119\" srcset=\"https:\/\/www.radiopiu.net\/wordpress\/wp-content\/uploads\/2023\/12\/images-300x152.png 300w, https:\/\/www.radiopiu.net\/wordpress\/wp-content\/uploads\/2023\/12\/images.png 316w\" sizes=\"auto, (max-width: 235px) 100vw, 235px\" \/><\/a>OGNI GIORNO ALLE SETTE DEL MATTINO, LA RASSEGNA STAMPA LOCALE FLASH&#8230; PER CHI VA IN FRETTA. I TITOLI DAI GIORNALI E DAL SITO WWW.RADIOPIU.NET <span style=\"color: #0000ff;\">viene pubblicato alle 7.00<\/span> <span style=\"color: #ff0000;\">DIRETTA RADIO\u00a0<\/span><\/strong><\/p>\n<p><em><span style=\"color: #ff0000;\">per chi va in fretta&#8230; tante notizie in pochi minuti. L&#8217;informazione locale alla radio, ogni ora dalle 7 del mattino alle 19 della sera.\u00a0 \u00a0 \u00a0\u00a0<\/span><\/em><\/p>\n<article class=\"c-card__wrapper\"><time class=\"c-card__date\" datetime=\"06:31\"><\/time><\/p>\n<div class=\"c-card__content\"><\/div>\n<\/article>\n<article class=\"c-card__wrapper\">\n<div class=\"c-card__content\">TRENTO: un ragazzo di 17 anni ha perso la vita in un tragico incidente stradale a Civezzano, mentre pedalava sulla sua bicicletta e \u00e8 entrato in collisione con un furgone guidato da un bellunese di 57 anni ora indagato per omicidio stradale. FELTRE Giovanni Andrich, 79 anni, gravemente ferito in seguito a un&#8217;esplosione causata da una fuga di gas nella sua casa a Romagno,\u00e8 sempre ricoverato al grandi ustionati di Padova.IL SUEM \u00e8 intervenuto al Rifugio Antelao e per un incidente stradale a Rocca Pietore, ferito il motociclista ospedalizzato con un codice i media gravit\u00e0. BELLUNO \u00e8 mancato Gianmarco Zanchetta, gi\u00e0 presidente del Rotary Club. BELLUNO un detenuto ha aggredito un agente in carcere, suscitando preoccupazioni per la crescente violenza nelle carceri. BELLUNO uno studente partecipante a uno scambio culturale ai Caraibi \u00e8 stato ricoverato per sospetta meningite, con il resto del gruppo sotto osservazione ma non in quarantena. AGORDO Paolo Selva Moretti annuncia la candidatura della lista civica Agordo Insieme per le elezioni amministrative di giugno; oggi nel GIORNALE RADIOPIU sul sito internet e nei notiziari alla radio anche Roberto Chissal\u00e8 ri-candidato a sindaco: oggi presenta la sua squadra, i nomi nuovi.<\/div>\n<\/article>\n<h2>AUDIO dalle 7 del mattino<\/h2>\n<audio class=\"wp-audio-shortcode\" id=\"audio-389122-3\" preload=\"none\" style=\"width: 100%;\" controls=\"controls\"><source type=\"audio\/mpeg\" src=\"https:\/\/www.radiopiu.net\/wordpress\/wp-content\/uploads\/2024\/05\/GF07-7.mp3?_=3\" \/><a href=\"https:\/\/www.radiopiu.net\/wordpress\/wp-content\/uploads\/2024\/05\/GF07-7.mp3\">https:\/\/www.radiopiu.net\/wordpress\/wp-content\/uploads\/2024\/05\/GF07-7.mp3<\/a><\/audio>\n<p>&nbsp;<\/p>\n<hr \/>\n<p>&nbsp;<\/p>\n<h1><\/h1>\n<h1 style=\"text-align: center;\"><span style=\"color: #ff0000;\"><a class=\"dt-pswp-item\" href=\"https:\/\/www.radiopiu.net\/wordpress\/wp-content\/uploads\/2022\/01\/026c3f9d-dae9-4040-a3c1-a6530231bcc3.jpg\" data-dt-img-description=\"\" data-large_image_width=\"1152\" data-large_image_height=\"2048\"><img loading=\"lazy\" decoding=\"async\" class=\"wp-image-251839 alignleft\" src=\"https:\/\/www.radiopiu.net\/wordpress\/wp-content\/uploads\/2022\/01\/026c3f9d-dae9-4040-a3c1-a6530231bcc3-169x300.jpg\" alt=\"\" width=\"100\" height=\"177\" srcset=\"https:\/\/www.radiopiu.net\/wordpress\/wp-content\/uploads\/2022\/01\/026c3f9d-dae9-4040-a3c1-a6530231bcc3-169x300.jpg 169w, https:\/\/www.radiopiu.net\/wordpress\/wp-content\/uploads\/2022\/01\/026c3f9d-dae9-4040-a3c1-a6530231bcc3-576x1024.jpg 576w, https:\/\/www.radiopiu.net\/wordpress\/wp-content\/uploads\/2022\/01\/026c3f9d-dae9-4040-a3c1-a6530231bcc3-768x1365.jpg 768w, https:\/\/www.radiopiu.net\/wordpress\/wp-content\/uploads\/2022\/01\/026c3f9d-dae9-4040-a3c1-a6530231bcc3-864x1536.jpg 864w, https:\/\/www.radiopiu.net\/wordpress\/wp-content\/uploads\/2022\/01\/026c3f9d-dae9-4040-a3c1-a6530231bcc3.jpg 1152w\" sizes=\"auto, (max-width: 100px) 100vw, 100px\" \/><\/a>I podcast informativi del mattino &#8211; audio &#8211;\u00a0<\/span><\/h1>\n<blockquote><p><strong>GIORNALE RADIO NAZIONALE, EDIZIONE DELLE SETTE <span style=\"color: #0000ff;\">viene pubblicato alle 7.05 <span style=\"color: #ff0000;\">DIRETTA RADIO\u00a0<\/span><\/span><\/strong><\/p><\/blockquote>\n<p><strong>il giornale radionazionale e&#8217; in onda ogni ora, dalle sette del mattino alle venti della sera\u00a0\u00a0<\/strong><\/p>\n<p>&nbsp;<\/p>\n<article class=\"c-card__wrapper\">\n<div class=\"c-card__content\">\n<p class=\"c-card__title\"><strong>Israele-Hamas<\/strong>, Netanyahu su Biden: spero supereremo nostre divergenze.\u00a0 <strong>Ucraina-Russia,<\/strong> Putin: &#8220;Non permetteremo a nessuno di minacciarci&#8221;<strong> Usa<\/strong>: &#8220;Invasione di Rafah non assicura durevole sconfitta Hamas&#8221; <strong>Liguria,<\/strong> Signorini non risponde ai pm. Attesa per interrogatorio Toti<strong> Reggio Calabria,<\/strong> esplosione in un appartamento: un ferito Occupata aula Scienze Politiche della Sapienza a <strong>Roma<\/strong> Poliziotto ferito a <strong>Milano<\/strong>, Sala: \u201cIl overno non ha fatto suo dovere\u201d<strong> Siracusa,<\/strong> bimba di 10 mesi muore dopo aver ingerito candeggina G7 Giustizia, scontri tra polizia e manifestanti a Venezia<\/p>\n<\/div>\n<\/article>\n<h2>AUDIO dalle sette del mattino, ogni ora alla radio<\/h2>\n<audio class=\"wp-audio-shortcode\" id=\"audio-389122-4\" preload=\"none\" style=\"width: 100%;\" controls=\"controls\"><source type=\"audio\/mpeg\" src=\"https:\/\/www.radiopiu.net\/wordpress\/wp-content\/uploads\/2024\/05\/giornale07-7.mp3?_=4\" \/><a href=\"https:\/\/www.radiopiu.net\/wordpress\/wp-content\/uploads\/2024\/05\/giornale07-7.mp3\">https:\/\/www.radiopiu.net\/wordpress\/wp-content\/uploads\/2024\/05\/giornale07-7.mp3<\/a><\/audio>\n<p>&nbsp;<\/p>\n<p>&nbsp;<\/p>\n<hr \/>\n<p>&nbsp;<\/p>\n<p>&nbsp;<\/p>\n<h1><span style=\"color: #ff0000;\">I podcast informativi del mattino &#8211; video &#8211;\u00a0<\/span><\/h1>\n<h2><strong><a class=\"dt-pswp-item\" href=\"https:\/\/www.radiopiu.net\/wordpress\/wp-content\/uploads\/2023\/12\/th-10.jpg\" data-dt-img-description=\"\" data-large_image_width=\"245\" data-large_image_height=\"180\"><img loading=\"lazy\" decoding=\"async\" class=\" wp-image-367395 alignleft\" src=\"https:\/\/www.radiopiu.net\/wordpress\/wp-content\/uploads\/2023\/12\/th-10.jpg\" alt=\"\" width=\"166\" height=\"122\" \/><\/a>RASSEGNA STAMPA LOCALE, ORE OTTO 05<\/strong><\/h2>\n<h2><strong> <span style=\"color: #0000ff;\">viene\u00a0 <\/span><\/strong><strong><span style=\"color: #0000ff;\">pubblicata alle 8.05 <span style=\"color: #ff0000;\">DIRETTA RADIO\u00a0\u00a0<\/span><\/span><\/strong><\/h2>\n<p>&nbsp;<\/p>\n<p><strong>DI MIRKO MEZZACASA\u00a0 \u00a0<\/strong><\/p>\n<p>&nbsp;<\/p>\n<p>&nbsp;<\/p>\n<p><iframe loading=\"lazy\" title=\"DAL 1983 LA RASSEGNA STAMPA LOCALE di mirko mezzacasa. L&#039;ORIGINALE\" width=\"1200\" height=\"675\" src=\"https:\/\/www.youtube.com\/embed\/DNT628GagM4?feature=oembed\" frameborder=\"0\" allow=\"accelerometer; autoplay; clipboard-write; encrypted-media; gyroscope; picture-in-picture; web-share\" referrerpolicy=\"strict-origin-when-cross-origin\" allowfullscreen><\/iframe><\/p>\n<p>&nbsp;<\/p>\n<p>TRENTO Un ragazzo di 17 anni ha perso la vita in un incidente stradale sulla Sp83, nel comune di Civezzano, in localit\u00e0 Sille. Secondo le prime informazioni, il giovane era in sella alla sua bicicletta quando si \u00e8 scontrato con un furgone condotto da un 57enne bellunese.<br \/>\nFELTRE Giovanni Andrich, 79 anni, \u00e8 gravemente ferito dopo un\u2019esplosione causata da una fuga di gas nella sua casa a Romagno, vicino a Fumach. Trasportato in elicottero a Padova per gravi ustioni, la sua abitazione \u00e8 stata gravemente danneggiata dalle fiamme. I vigili del fuoco hanno evitato il propagarsi del fuoco alle case vicine<br \/>\nREDAZIONE Due interventi del Suem nelle ultime ore. Stamane l\u2019elicottero \u00e8 volato al Rifugio Antelao. Un uomo di 27 anni di Pieve di Cadore \u00e8 stato portato in ospedale al Giovanni Paolo I<br \/>\nNel pomeriggio, poco prima delle 14, l\u2019incidente stradale a Rocca Pietore, ad avere la peggio il motociclista tedesco di 57 anni portato in ospedale ad Agordo con l\u2019ambulanza dei volontari.<br \/>\nBELLUNO profondo cordoglio per la perdita di Gianmarco Zanchetta, gi\u00e0 presidente del Rotary Club e stimato professionista. Zanchetta viene ricordato per il suo impegno nel territorio e nel mondo associativo, evidenziando la sua lungimiranza e il suo spirito di servizio.<br \/>\nBELLUNO Un detenuto italiano ma di origini magrebine, richiedendo un\u2019uscita fuori orario, ha aggredito un agente nel carcere di Belluno. Dopo avergli gettato un succo in faccia e tentato calci, \u00e8 stato trattenuto da colleghi e detenuti. Giovanni Vona, del Sindacato Autonomo Polizia Penitenziaria, elogia la prontezza dell\u2019agente e dei colleghi, ma esprime preoccupazione per l\u2019aumento della violenza carceraria<br \/>\nBELLUNO Uno studente partecipante a uno scambio culturale ai Caraibi \u00e8 stato ricoverato per sospetta meningite. Il resto del gruppo, tornato in Italia, non \u00e8 in quarantena, ma l\u2019Ulss ha consigliato l\u2019autosorveglianza per dieci giorni.<br \/>\nAGORDO Paolo Selva Moretti annuncia la candidatura della lista civica Agordo Insieme per le elezioni amministrative di giugno; oggi nel GIORNALE RADIOPIU sul sito internet e nei notiziari alla radio anche Roberto Chissal\u00e8 ri-candidato a sindaco: oggi presenta la sua squadra, i nomi nuovi.<\/p>\n<h2><span style=\"color: #ff0000;\"><strong>VIDEO\u00a0 \u00a0in diretta dalle 8 del mattino\u00a0<\/strong><\/span><\/h2>\n\n\t\t\t<style type='text\/css'>\n\t\t\t\t#gallery-2 {\n\t\t\t\t\tmargin: auto;\n\t\t\t\t}\n\t\t\t\t#gallery-2 .gallery-item {\n\t\t\t\t\tfloat: left;\n\t\t\t\t\tmargin-top: 10px;\n\t\t\t\t\ttext-align: center;\n\t\t\t\t\twidth: 50%;\n\t\t\t\t}\n\t\t\t\t#gallery-2 img {\n\t\t\t\t\tborder: 2px solid #cfcfcf;\n\t\t\t\t}\n\t\t\t\t#gallery-2 .gallery-caption {\n\t\t\t\t\tmargin-left: 0;\n\t\t\t\t}\n\t\t\t\t\/* see gallery_shortcode() in wp-includes\/media.php *\/\n\t\t\t<\/style>\n\t\t<div id='gallery-2' class='dt-gallery-container gallery galleryid-389122 gallery-columns-2 gallery-size-medium'><dl class='gallery-item'>\n\t\t\t\t<dt class='gallery-icon landscape'>\n\t\t\t\t\t<a class=\"rollover rollover-zoom dt-pswp-item\" title=\"COPERTINA1\" data-dt-img-description=\"\" data-large_image_width=\"511\" data-large_image_height=\"279\"href='https:\/\/www.radiopiu.net\/wordpress\/wp-content\/uploads\/2024\/05\/COPERTINA1.png'><img loading=\"lazy\" decoding=\"async\" width=\"300\" height=\"164\" src=\"https:\/\/www.radiopiu.net\/wordpress\/wp-content\/uploads\/2024\/05\/COPERTINA1-300x164.png\" class=\"attachment-medium size-medium\" alt=\"\" srcset=\"https:\/\/www.radiopiu.net\/wordpress\/wp-content\/uploads\/2024\/05\/COPERTINA1-300x164.png 300w, https:\/\/www.radiopiu.net\/wordpress\/wp-content\/uploads\/2024\/05\/COPERTINA1.png 511w\" sizes=\"auto, (max-width: 300px) 100vw, 300px\" \/><\/a>\n\t\t\t\t<\/dt><\/dl><dl class='gallery-item'>\n\t\t\t\t<dt class='gallery-icon landscape'>\n\t\t\t\t\t<a class=\"rollover rollover-zoom dt-pswp-item\" title=\"COPERTINA\" data-dt-img-description=\"\" data-large_image_width=\"471\" data-large_image_height=\"278\"href='https:\/\/www.radiopiu.net\/wordpress\/wp-content\/uploads\/2024\/05\/COPERTINA-2.png'><img loading=\"lazy\" decoding=\"async\" width=\"300\" height=\"177\" src=\"https:\/\/www.radiopiu.net\/wordpress\/wp-content\/uploads\/2024\/05\/COPERTINA-2-300x177.png\" class=\"attachment-medium size-medium\" alt=\"\" srcset=\"https:\/\/www.radiopiu.net\/wordpress\/wp-content\/uploads\/2024\/05\/COPERTINA-2-300x177.png 300w, https:\/\/www.radiopiu.net\/wordpress\/wp-content\/uploads\/2024\/05\/COPERTINA-2.png 471w\" sizes=\"auto, (max-width: 300px) 100vw, 300px\" \/><\/a>\n\t\t\t\t<\/dt><\/dl><br style=\"clear: both\" \/>\n\t\t\t<\/div>\n\n<hr \/>\n<p>&nbsp;<\/p>\n<blockquote>\n<h3>LA VALLE E RIVAMONTE HANNO IN COMUNE&#8230;L&#8217;ACQUA INQUINATA<\/h3>\n<\/blockquote>\n<p><strong><img loading=\"lazy\" decoding=\"async\" class=\"alignleft\" src=\"https:\/\/www.radiopiu.net\/wordpress\/wp-content\/uploads\/2019\/10\/ACQUA-SPORCA.jpeg\" width=\"197\" height=\"148\" \/>REDAZIONE<\/strong> Gestione Servizi Pubblici informa che a <strong>LA VALLE AGORDINA<\/strong> nelle localit\u00e0 RONCHE, NOACH, LE CAMPE e CANCELLADE a RIVAMONTE AGORDINO in localit\u00e0 ROSSON e VIA ROMA l&#8217;acqua erogata dall&#8217;acquedotto non \u00e8 potabile e pu\u00f2 essere usata per scopi alimentari SOLO PREVIA bollitura. Verr\u00e0 effettuato servizio con cisterna in via Villagrande a Rivamonte,\u00a0 \u00a0in localit\u00e0 Le Campe e\u00a0 Ronche nel Comune di La Valle Agordina. GSP ha, comunque, gi\u00e0 adottato le necessarie misure per la disinfezione dell&#8217;acqua presente nei serbatoi e nella rete idrica con l&#8217;aggiunta di cloro.<\/p>\n<p><strong><span style=\"color: #000000;\">foto archivio radiopiu<\/span><\/strong><\/p>\n<p>&nbsp;<\/p>\n<p>&nbsp;<\/p>\n<hr \/>\n<p>&nbsp;<\/p>\n<blockquote>\n<h3 class=\"entry-title\"><a class=\"dt-pswp-item\" href=\"https:\/\/www.radiopiu.net\/wordpress\/wp-content\/uploads\/2023\/11\/road-5089188_640.jpg\" data-dt-img-description=\"\" data-large_image_width=\"640\" data-large_image_height=\"429\"><img loading=\"lazy\" decoding=\"async\" class=\"wp-image-361495 alignleft\" src=\"https:\/\/www.radiopiu.net\/wordpress\/wp-content\/uploads\/2023\/11\/road-5089188_640-300x201.jpg\" alt=\"\" width=\"137\" height=\"92\" srcset=\"https:\/\/www.radiopiu.net\/wordpress\/wp-content\/uploads\/2023\/11\/road-5089188_640-300x201.jpg 300w, https:\/\/www.radiopiu.net\/wordpress\/wp-content\/uploads\/2023\/11\/road-5089188_640.jpg 640w\" sizes=\"auto, (max-width: 137px) 100vw, 137px\" \/><\/a>STRADA PER DIGONERA, UN MESE DI CHIUSURE DIURNE-FERIALI<\/h3>\n<\/blockquote>\n<p><strong>ROCCA PIETORE<\/strong> Dal 6 maggio al 10 giugno chiusura totale della provinciale 563 di Salesei in localit\u00e0 Digonera dalle 7.30 alle 12.30 e dalle 13.30 alle 18, dal lunedi al venerdi. Negli altri orari, h 24 sabato e domenica compresi, senso unico alternato regolato da semaforo<\/p>\n<p><span style=\"color: #000000;\"><strong>SEDICO<\/strong> <\/span>SR 203 AGORDINA localit\u00e0 Peron-La Stanga, dal 6 al 17 maggio, sabato e domenica escluso, senso unico alternato regolato da movieri per tratti di 200 metri<\/p>\n<p><strong>FALCADE<\/strong> Dal 13 maggio al 14 giugno a Caviola. chiusura temporanea al traffico veicolare dalle 7 alle 18, dal lunedi al venerdi, di via Cime d&#8217;Auta, dall&#8217;intersezione con Piazza XX agosto all&#8217;intersezione con Via Tabiadon di Val. Negli altri orari senso unico alternato.<\/p>\n<p>&nbsp;<\/p>\n<p>&nbsp;<\/p>\n<hr \/>\n<p>&nbsp;<\/p>\n<h1 class=\"post-single-title\">Si scontra con un furgone bellunese, morto ciclista 17enne a Civezzano<\/h1>\n<p><strong> <a class=\"dt-pswp-item\" href=\"https:\/\/www.radiopiu.net\/wordpress\/wp-content\/uploads\/2024\/05\/Senza-nome-21.png\" data-dt-img-description=\"\" data-large_image_width=\"588\" data-large_image_height=\"308\"><img loading=\"lazy\" decoding=\"async\" class=\"size-medium wp-image-389297 alignleft\" src=\"https:\/\/www.radiopiu.net\/wordpress\/wp-content\/uploads\/2024\/05\/Senza-nome-21-300x157.png\" alt=\"\" width=\"300\" height=\"157\" srcset=\"https:\/\/www.radiopiu.net\/wordpress\/wp-content\/uploads\/2024\/05\/Senza-nome-21-300x157.png 300w, https:\/\/www.radiopiu.net\/wordpress\/wp-content\/uploads\/2024\/05\/Senza-nome-21.png 588w\" sizes=\"auto, (max-width: 300px) 100vw, 300px\" \/><\/a>TRENTO<\/strong> Un ragazzo di 17 anni ha perso la vita in un incidente stradale sulla Sp83, nel comune di Civezzano, in localit\u00e0 Sille. Secondo le prime informazioni, il giovane era in sella alla sua bicicletta quando si \u00e8 scontrato con un furgone condotto da un 57enne bellunese.<\/p>\n<p>\u00c8 Matteo Lorenzi, atleta della categoria juniores della societ\u00e0 Montecorona, associazione della Val di Cembra, il 17enne vittima dell&#8217;incidente avvenuto a Civezzano verso le 15.30 di ieri. \u00a0 \u00a0 Il giovane, con la sua bicicletta, si \u00e8 scontrato con un furgone. Secondo le prime informazioni il furgone, che veniva dalla zona industriale e che\u00a0 non avrebbe rispettato la precedenza<\/p>\n<p>&nbsp;<\/p>\n<p>&nbsp;<\/p>\n<hr \/>\n<p>&nbsp;<\/p>\n<blockquote>\n<h3>Investito dall&#8217;esplosione in casa: gravi condizioni per Giovanni Andrich<\/h3>\n<\/blockquote>\n<p><strong>FELTRE<\/strong> Giovanni Andrich, 79 anni, \u00e8 gravemente ferito dopo un&#8217;esplosione causata da una fuga di gas nella sua casa a Romagno, vicino a Fumach. Trasportato in elicottero a Padova per gravi ustioni, la sua abitazione \u00e8 stata gravemente danneggiata dalle fiamme. I vigili del fuoco hanno evitato il propagarsi del fuoco alle case vicine. . La magistratura ha delimitato l&#8217;area e avviato indagini per determinare la causa dell&#8217;esplosione, coinvolgendo i vigili del fuoco di Belluno. Si ipotizza che la causa sia una bombola o un fornello a gas. Andrich \u00e8 stato soccorso tempestivamente e trasferito d&#8217;urgenza in ospedale.<\/p>\n<p>&nbsp;<\/p>\n<p>&nbsp;<\/p>\n<hr \/>\n<blockquote>\n<h2><\/h2>\n<h2>SOCCORSO SULLE STRADE PER ROCCA PIETORE<\/h2>\n<\/blockquote>\n<p><strong>REDAZIONE<\/strong> Due interventi del Suem nelle ultime ore. Stamane l&#8217;elicottero \u00e8 volato al Rifugio Antelao. Un uomo di 27 anni di Pieve di Cadore \u00e8 stato portato in ospedale al Giovanni Paolo I<br \/>\nNel pomeriggio, poco prima delle 14, l&#8217;incidente stradale a Rocca Pietore, ad avere la peggio il motociclista tedesco di 57 anni portato in ospedale ad Agordo con l&#8217;ambulanza dei volontari.<\/p>\n<p>&nbsp;<\/p>\n<p>&nbsp;<\/p>\n<hr \/>\n<p>&nbsp;<\/p>\n<blockquote>\n<h2>E&#8217; MANCATO GIANMARCO ZANCHETTA<\/h2>\n<\/blockquote>\n<p><strong>BELLUNO<\/strong> Il presidente della Provincia di Belluno esprime il suo profondo cordoglio per la perdita di Gianmarco Zanchetta, gi\u00e0 presidente del Rotary Club e stimato professionista. Zanchetta viene ricordato per il suo impegno nel territorio e nel mondo associativo, evidenziando la sua lungimiranza e il suo spirito di servizio. La nota di cordoglio sottolinea l\u2019apprezzamento per il contributo di Zanchetta alla comunit\u00e0 e invia sentimenti di affetto alla sua famiglia e ai suoi cari. Il Presidente dell\u2019Associazione Bellunesi nel mondo, Oscar de Bona esprime profondo cordoglio ricordandolo come una persona dalle straordinarie capacit\u00e0 organizzative e un grande comunicatore. Zanchetta ha collaborato attivamente con l\u2019Associazione curando una rubrica economica sulla rivista \u201cBellunesi nel mondo\u201d e ha contribuito all\u2019organizzazione del premio internazionale \u201cBellunesi che onorano la provincia di Belluno in Italia e all\u2019estero\u201d.<\/p>\n<div class=\"-ml-1 mt-0 h-7 items-center justify-center gap-[2px] self-end text-gray-400 lg:justify-start lg:self-center visible flex\"><img decoding=\"async\" class=\"aligncenter\" src=\"https:\/\/www.radiopiu.net\/wordpress\/wp-content\/uploads\/2024\/05\/Senza-nome-20.png\" \/><\/div>\n<div><\/div>\n<div>\n<ul>\n<li><strong>Gianmarco Zanchetta<\/strong> &#8211;\u00a0 Senior Advisor.\u00a0 Socio di Strategia&amp;Controllo, si occupa di Strategia e Finanza Aziendale Ordinaria e Straordinaria, operazioni di M&amp;A. Gi\u00e0 Presidente, Amministratore Delegato e Direttore Generale di Banche e Societ\u00e0 Finanziarie Nazionali, Istituti di Credito locali, Fondi di Private Equity Privati e Pubblici (Holding Friulia SpA Regione Fvg) Consigliere di Amministrazione indipendente di societ\u00e0 industriali e finanziarie.<\/li>\n<\/ul>\n<\/div>\n<div><\/div>\n<div><\/div>\n<div>\n<hr \/>\n<\/div>\n<div><\/div>\n<blockquote>\n<h3>BELLUNO, \u00c8 VIOLENZA CONTINUA IN CARCERE: DETENUTO\u00a0 AGGREDISCE AGENTE. QUARTO EPISODIO IN UN MESE<\/h3>\n<\/blockquote>\n<div><strong><img loading=\"lazy\" decoding=\"async\" class=\"alignleft\" src=\"https:\/\/www.radiopiu.net\/wordpress\/wp-content\/uploads\/2021\/07\/image-2.jpg\" width=\"342\" height=\"192\" \/>BELLUNO<\/strong> Un detenuto italiano ma di origini magrebine, richiedendo un&#8217;uscita fuori orario, ha aggredito un agente nel carcere di Belluno. Dopo avergli gettato un succo in faccia e tentato calci, \u00e8 stato trattenuto da colleghi e detenuti. Giovanni Vona, del Sindacato Autonomo Polizia Penitenziaria, elogia la prontezza dell&#8217;agente e dei colleghi, ma esprime preoccupazione per l&#8217;aumento della violenza carceraria. Quattro aggressioni in un mese a Belluno sollevano l&#8217;allarme, con richiesta di intervento urgente al Prefetto e all&#8217;Amministrazione Penitenziaria per garantire sicurezza e protezione al personale. Il sindacalista ricorda che, \u201cin un mese, \u00e8 questa la quarta aggressione che si conta a Belluno\u201d<i>\u00a0<\/i>e per questo si appella al Prefetto di Belluno Mario Savastano.\u00a0 \u00a0<i>\u201c<\/i><i>Confidiamo poter incontrare il Prefetto per stimolare un confronto pi\u00f9 ampio sul tema, poich\u00e9 l\u2019aumento di episodi di violenza e di disagio che ogni giorno registriamo nelle carceri, a nostro avviso, \u00e8 lo specchio di un problema di sicurezza pubblica che riguarda tutta la popolazione. Nelle carceri stiamo assistendo a una preoccupante escalation di violenza, a fronte della quale servono, da una parte, interventi di integrazione sociale. Donato Capece, segretario generale del SAPPE,\u00a0auspica che\u00a0\u201canche l\u2019Amministrazione Penitenziaria adotti con urgenza gli opportuni provvedimenti per restituire sicurezza e serenit\u00e0 lavorativa al personale di Polizia Penitenziaria che fa servizio a Belluno\u201d,\u00a0senza trascurare quella che \u00e8 una richiesta storica del SAPPE:\u00a0\u201cdotare il personale del Corpo del taser e di ogni altro strumento utile a difendersi dalla violenza di delinquenti che non hanno alcun rispetto delle regole e delle persone che rappresentano lo Stato&#8221;<\/i><\/div>\n<div><\/div>\n<div><\/div>\n<div>\n<hr \/>\n<p><strong>\u00a0<\/strong><\/p>\n<blockquote>\n<h3><strong>Studente ricoverato ai Caraibi per sospetta meningite: Nessuna quarantena per il gruppo di scolari\u00a0<\/strong><\/h3>\n<p><em><a class=\"dt-pswp-item\" href=\"https:\/\/www.radiopiu.net\/wordpress\/wp-content\/uploads\/2024\/05\/th-4.jpg\" data-dt-img-description=\"\" data-large_image_width=\"270\" data-large_image_height=\"180\"><img loading=\"lazy\" decoding=\"async\" class=\"size-full wp-image-389291 alignleft\" src=\"https:\/\/www.radiopiu.net\/wordpress\/wp-content\/uploads\/2024\/05\/th-4.jpg\" alt=\"\" width=\"270\" height=\"180\" \/><\/a>scambio culturale finito con i pari et\u00e0 della Martinica finito\u00a0 male per i 30 studenti di Calvi e Lollino. Un partecipante al viaggio \u00e8 stato ricoverato nel paese caraibico e non ha fatto rientro in Italia luned\u00ec con i compagni. La famiglia \u00e8 subito volata in Martinica per l&#8217;assistenza<\/em><\/p><\/blockquote>\n<\/div>\n<h3><strong style=\"font-size: 14px;\">BELLUNO<\/strong><span style=\"font-size: 14px; font-weight: normal;\"> Uno studente partecipante a uno scambio culturale ai Caraibi \u00e8 stato ricoverato per sospetta meningite. Il resto del gruppo, tornato in Italia, non \u00e8 in quarantena, ma l&#8217;Ulss ha consigliato l&#8217;autosorveglianza per dieci giorni. L&#8217;ipotesi \u00e8 che il ragazzo abbia contratto la malattia in Martinica, data l&#8217;incubazione di sette giorni prima dei sintomi. Nonostante l&#8217;incertezza sulla diagnosi, l&#8217;Ulss ha trattato il caso come meningite batterica, per precauzione. L&#8217;autorit\u00e0 sanitaria sta monitorando la situazione, ma si ritiene che il focolaio sia originato nel contesto caraibico, escludendo quindi un&#8217;origine italiana o provinciale.<\/span><\/h3>\n<p><strong><span style=\"color: #0000ff;\">Ulteriori particolari nell&#8217;articolo di apertura del Corriere delle Alpi, oggi in edicola, di Cristina Content<\/span><\/strong><\/p>\n<div class=\"flex-1 overflow-hidden\">\n<div class=\"react-scroll-to-bottom--css-itvsc-79elbk h-full\">\n<div class=\"react-scroll-to-bottom--css-itvsc-1n7m0yu\">\n<div class=\"flex flex-col text-sm pb-9\">\n<div class=\"w-full text-token-text-primary\" dir=\"auto\" data-testid=\"conversation-turn-81\" data-scroll-anchor=\"true\">\n<div class=\"py-2 px-3 text-base md:px-4 m-auto md:px-5 lg:px-1 xl:px-5\">\n<div class=\"mx-auto flex flex-1 gap-3 text-base juice:gap-4 juice:md:gap-6 md:max-w-3xl lg:max-w-[40rem] xl:max-w-[48rem]\">\n<div class=\"relative flex w-full min-w-0 flex-col agent-turn\">\n<div class=\"flex-col gap-1 md:gap-3\">\n<div class=\"mt-1 flex gap-3 empty:hidden juice:-ml-3\"><\/div>\n<\/div>\n<\/div>\n<\/div>\n<\/div>\n<\/div>\n<\/div>\n<\/div>\n<\/div>\n<\/div>\n<p><a class=\"dt-pswp-item\" href=\"https:\/\/www.radiopiu.net\/wordpress\/wp-content\/uploads\/2024\/05\/COPERTINA1.png\" data-dt-img-description=\"\" data-large_image_width=\"511\" data-large_image_height=\"279\"><img loading=\"lazy\" decoding=\"async\" class=\"size-medium wp-image-389307 aligncenter\" src=\"https:\/\/www.radiopiu.net\/wordpress\/wp-content\/uploads\/2024\/05\/COPERTINA1-300x164.png\" alt=\"\" width=\"300\" height=\"164\" srcset=\"https:\/\/www.radiopiu.net\/wordpress\/wp-content\/uploads\/2024\/05\/COPERTINA1-300x164.png 300w, https:\/\/www.radiopiu.net\/wordpress\/wp-content\/uploads\/2024\/05\/COPERTINA1.png 511w\" sizes=\"auto, (max-width: 300px) 100vw, 300px\" \/><\/a><\/p>\n<hr \/>\n<p>&nbsp;<\/p>\n<p>&nbsp;<\/p>\n<blockquote>\n<h3>PAOLO SELVA MORETTI LANCIA LA CANDIDATURA DI AGORDO INSIEME<\/h3>\n<p>Paolo Selva Moretti annuncia la candidatura della lista civica Agordo Insieme per le elezioni amministrative di Agordo dell\u20198 e 9 giugno 2024<\/p><\/blockquote>\n<p><strong><a class=\"dt-pswp-item\" href=\"https:\/\/www.radiopiu.net\/wordpress\/wp-content\/uploads\/2024\/05\/Agordo-insieme_logo-scaled.jpg\" data-dt-img-description=\"\" data-large_image_width=\"2560\" data-large_image_height=\"2560\"><img loading=\"lazy\" decoding=\"async\" class=\" wp-image-389204 alignleft\" src=\"https:\/\/www.radiopiu.net\/wordpress\/wp-content\/uploads\/2024\/05\/Agordo-insieme_logo-300x300.jpg\" alt=\"\" width=\"115\" height=\"115\" srcset=\"https:\/\/www.radiopiu.net\/wordpress\/wp-content\/uploads\/2024\/05\/Agordo-insieme_logo-300x300.jpg 300w, https:\/\/www.radiopiu.net\/wordpress\/wp-content\/uploads\/2024\/05\/Agordo-insieme_logo-1024x1024.jpg 1024w, https:\/\/www.radiopiu.net\/wordpress\/wp-content\/uploads\/2024\/05\/Agordo-insieme_logo-150x150.jpg 150w, https:\/\/www.radiopiu.net\/wordpress\/wp-content\/uploads\/2024\/05\/Agordo-insieme_logo-768x768.jpg 768w, https:\/\/www.radiopiu.net\/wordpress\/wp-content\/uploads\/2024\/05\/Agordo-insieme_logo-1536x1536.jpg 1536w, https:\/\/www.radiopiu.net\/wordpress\/wp-content\/uploads\/2024\/05\/Agordo-insieme_logo-2048x2048.jpg 2048w\" sizes=\"auto, (max-width: 115px) 100vw, 115px\" \/><\/a><\/strong><\/p>\n<p><strong>AGORDO<\/strong> Paolo Selva Moretti, consigliere di minoranza del Comune di Agordo, annuncia la sua candidatura a Sindaco di Agordo con la lista civica Agordo Insieme per le elezioni amministrative dell\u20198 e 9 giugno 2024. Selva Moretti, dopo aver sciolto la riserva, sottolinea la necessit\u00e0 di un&#8217;amministrazione attiva e proattiva per affrontare le sfide del futuro. La lista \u00e8 composta da uomini e donne motivati e competenti, con l&#8217;obiettivo di lavorare per l&#8217;Agordo di domani, ascoltando le <a class=\"dt-pswp-item\" href=\"https:\/\/www.radiopiu.net\/wordpress\/wp-content\/uploads\/2019\/05\/AGORDO-PAOLO-SELVA-MORETTI.jpeg\" data-dt-img-description=\"\" data-large_image_width=\"1024\" data-large_image_height=\"951\"><img loading=\"lazy\" decoding=\"async\" class=\"wp-image-86459 alignleft\" src=\"https:\/\/www.radiopiu.net\/wordpress\/wp-content\/uploads\/2019\/05\/AGORDO-PAOLO-SELVA-MORETTI-300x279.jpeg\" alt=\"\" width=\"142\" height=\"132\" srcset=\"https:\/\/www.radiopiu.net\/wordpress\/wp-content\/uploads\/2019\/05\/AGORDO-PAOLO-SELVA-MORETTI-300x279.jpeg 300w, https:\/\/www.radiopiu.net\/wordpress\/wp-content\/uploads\/2019\/05\/AGORDO-PAOLO-SELVA-MORETTI-768x713.jpeg 768w, https:\/\/www.radiopiu.net\/wordpress\/wp-content\/uploads\/2019\/05\/AGORDO-PAOLO-SELVA-MORETTI.jpeg 1024w\" sizes=\"auto, (max-width: 142px) 100vw, 142px\" \/><\/a>esigenze della comunit\u00e0 e promuovendo la collaborazione e il coinvolgimento di tutti<\/p>\n<p><span style=\"color: #ff0000;\">video &#8211; pagina facebook<\/span> <span style=\"color: #0000ff;\"><strong><a style=\"color: #0000ff;\" href=\"https:\/\/www.facebook.com\/100068663792028\/posts\/pfbid0hgjFwKXSGmHHvaC9vvyep288J8dEnCUinV6ZVWseXbQe9S7j1tCigCiu61bfQRFel\/\">clicca qui\u00a0<\/a><\/strong><\/span><\/p>\n<p>DI GIANNI SANTOMASO<\/p>\n<audio class=\"wp-audio-shortcode\" id=\"audio-389122-5\" preload=\"none\" style=\"width: 100%;\" controls=\"controls\"><source type=\"audio\/mpeg\" src=\"https:\/\/www.radiopiu.net\/wordpress\/wp-content\/uploads\/2024\/05\/selva-moretti.mp3?_=5\" \/><a href=\"https:\/\/www.radiopiu.net\/wordpress\/wp-content\/uploads\/2024\/05\/selva-moretti.mp3\">https:\/\/www.radiopiu.net\/wordpress\/wp-content\/uploads\/2024\/05\/selva-moretti.mp3<\/a><\/audio>\n<p>&nbsp;<\/p>\n<p>&nbsp;<\/p>\n<hr \/>\n<p>&nbsp;<\/p>\n<blockquote>\n<h3>ROBERTO CHISSALE&#8217; PRESENTA LA SUA SQUADRA<\/h3>\n<\/blockquote>\n<blockquote><p><strong><img loading=\"lazy\" decoding=\"async\" class=\"alignleft\" src=\"https:\/\/www.radiopiu.net\/wordpress\/wp-content\/uploads\/2024\/02\/ROBERTO-CHISSALE.jpeg\" width=\"164\" height=\"103\" \/>Dopo cinque anni di mandato, il sindaco uscente, Roberto Chissal\u00e8, annuncia ufficialmente la sua ricandidatura per le elezioni del 9 giugno. Chissal\u00e8 guider\u00e0 una squadra rinnovata, con alcuni nuovi membri al posto di quelli che hanno lasciato <\/strong><strong>per motivi personali o di lavoro. Favretti e Bien pronti per la continuit\u00e0, Sito lascia.<\/strong><\/p><\/blockquote>\n<p><strong>DI GIANNI SANTOMASO<\/strong><\/p>\n<audio class=\"wp-audio-shortcode\" id=\"audio-389122-6\" preload=\"none\" style=\"width: 100%;\" controls=\"controls\"><source type=\"audio\/mpeg\" src=\"https:\/\/www.radiopiu.net\/wordpress\/wp-content\/uploads\/2024\/05\/roberto-chissale.mp3?_=6\" \/><a href=\"https:\/\/www.radiopiu.net\/wordpress\/wp-content\/uploads\/2024\/05\/roberto-chissale.mp3\">https:\/\/www.radiopiu.net\/wordpress\/wp-content\/uploads\/2024\/05\/roberto-chissale.mp3<\/a><\/audio>\n<blockquote><p>&nbsp;<\/p><\/blockquote>\n<hr \/>\n<p><strong>\u00a0<\/strong><\/p>\n<blockquote>\n<h3>Manutenzione del verde il Comune sceglie La Via<\/h3>\n<\/blockquote>\n<p><strong><img loading=\"lazy\" decoding=\"async\" class=\"alignleft\" src=\"https:\/\/www.radiopiu.net\/wordpress\/wp-content\/uploads\/2021\/07\/FALCADE_ESTATE-2990.jpg\" width=\"210\" height=\"140\" \/>FALCADE<\/strong><\/p>\n<p><strong>DI GIANNI SANTOMASO<\/strong><\/p>\n<audio class=\"wp-audio-shortcode\" id=\"audio-389122-7\" preload=\"none\" style=\"width: 100%;\" controls=\"controls\"><source type=\"audio\/mpeg\" src=\"https:\/\/www.radiopiu.net\/wordpress\/wp-content\/uploads\/2024\/05\/falcade-gianni.mp3?_=7\" \/><a href=\"https:\/\/www.radiopiu.net\/wordpress\/wp-content\/uploads\/2024\/05\/falcade-gianni.mp3\">https:\/\/www.radiopiu.net\/wordpress\/wp-content\/uploads\/2024\/05\/falcade-gianni.mp3<\/a><\/audio>\n<p>&nbsp;<\/p>\n<p>&nbsp;<\/p>\n<p>&nbsp;<\/p>\n<hr \/>\n<p>&nbsp;<\/p>\n<p><strong class=\"photoswipe-wrapper\"><a class=\"dt-pswp-item pspw-wrap-ready\" href=\"https:\/\/www.radiopiu.net\/wordpress\/wp-content\/uploads\/2024\/01\/Senza-nome-34.png\" data-dt-img-description=\"\" data-large_image_width=\"239\" data-large_image_height=\"153\"><img loading=\"lazy\" decoding=\"async\" class=\"wp-image-369478 alignleft\" src=\"https:\/\/www.radiopiu.net\/wordpress\/wp-content\/uploads\/2024\/01\/Senza-nome-34.png\" alt=\"\" width=\"128\" height=\"82\" \/><\/a><\/strong><\/p>\n<p><strong>dal TG BELLUNESE di\u00a0 ANTENNA 3 ogni sera alle 19.30 sul canale 10 del digitale terrestre e alle 19 le anticipazioni alla radio.\u00a0\u00a0<\/strong><\/p>\n<p>&nbsp;<\/p>\n<p>&nbsp;<\/p>\n<h1 class=\"_title post-title entry-title\">INVESTIMENTI ESTERI PER LO SVILUPPO DEL TERRITORIO: LA SFIDA DELLA CCIAA<\/h1>\n<p>Intervistati MARIO POZZA (PRESIDENTE CAMERA DI COMMERCIO BELLUNO TREVISO), ROBERTO MARCATO (ASSESSORE SVILUPPO ECONOMICO REGIONE VENETO)<\/p>\n<p><span style=\"color: #ff0000;\"><strong>DI TIZIANA BOLOGNANI<\/strong><\/span><\/p>\n<p><iframe loading=\"lazy\" title=\"INVESTIMENTI ESTERI PER LO SVILUPPO DEL TERRITORIO: LA SFIDA DELLA CCIAA | 09\/05\/2024\" width=\"1200\" height=\"675\" src=\"https:\/\/www.youtube.com\/embed\/mhrSeyeq24Y?feature=oembed\" frameborder=\"0\" allow=\"accelerometer; autoplay; clipboard-write; encrypted-media; gyroscope; picture-in-picture; web-share\" referrerpolicy=\"strict-origin-when-cross-origin\" allowfullscreen><\/iframe><\/p>\n<p>&nbsp;<\/p>\n<p>&nbsp;<\/p>\n<hr \/>\n<p>&nbsp;<\/p>\n<blockquote>\n<h3>Nuova Squadra Pro Loco La Valle Agordina: Determinazione e Passione al Servizio della Comunit\u00e0<\/h3>\n<\/blockquote>\n<p><strong>LA VALLE AGORDINA<\/strong> La Pro Loco La Valle Agordina annuncia con orgoglio la nuova squadra del suo Consiglio Direttivo, pronta a portare avanti progetti entusiasmanti per il nostro meraviglioso territorio. Con un mix di esperienza e freschezza, il team \u00e8 composto da donne e uomini, determinati e appassionati, desiderosi di mettere le proprie competenze al servizio della comunit\u00e0. <em>&#8220;Abbiamo tante braccia, tante teste e tante idee pronte a lavorare insieme&#8221;, afferma il presidente della Pro Loco Federica Mezzacasa &#8211; faremo del nostro meglio per valorizzare e promuovere le bellezze del nostro territorio&#8221; <\/em>La nuova squadra si impegna a essere sempre disponibile e aperta al dialogo con i cittadini. <em>&#8220;Accogliamo con entusiasmo iniziative, proposte e suggerimenti&#8221;, dichiara il Consiglio Direttivo. &#8220;Anche le critiche costruttive sono benvenute, perch\u00e9 ci aiutano a migliorare e crescere insieme. S<\/em>ia che si tratti di eventi culturali, progetti di sviluppo sostenibile o iniziative per il turismo locale, la Pro Loco La Valle Agordina \u00e8 pronta a mettersi all&#8217;opera per il bene della comunit\u00e0.<\/p>\n<div class=\"w-full md:pt-0 dark:border-white\/20 md:border-transparent md:dark:border-transparent md:w-[calc(100%-.5rem)] juice:w-full\">\n<div class=\"px-3 text-base md:px-4 m-auto md:px-5 lg:px-1 xl:px-5\">\n<div class=\"mx-auto flex flex-1 gap-3 text-base juice:gap-4 juice:md:gap-6 md:max-w-3xl lg:max-w-[40rem] xl:max-w-[48rem]\">\n<form class=\"w-full\">\n<div class=\"relative flex h-full max-w-full flex-1 flex-col\">\n<div class=\"absolute bottom-full left-0 right-0\"><\/div>\n<div class=\"flex w-full items-center\"><\/div>\n<\/div>\n<\/form>\n<\/div>\n<\/div>\n<\/div>\n<p>&nbsp;<\/p>\n<p><a class=\"dt-pswp-item\" href=\"https:\/\/www.radiopiu.net\/wordpress\/wp-content\/uploads\/2024\/05\/442392452_844954744328485_106783105804014784_n.jpg\" data-dt-img-description=\"\" data-large_image_width=\"940\" data-large_image_height=\"788\"><img loading=\"lazy\" decoding=\"async\" class=\"alignnone wp-image-389183 size-full\" src=\"https:\/\/www.radiopiu.net\/wordpress\/wp-content\/uploads\/2024\/05\/442392452_844954744328485_106783105804014784_n.jpg\" alt=\"\" width=\"940\" height=\"788\" srcset=\"https:\/\/www.radiopiu.net\/wordpress\/wp-content\/uploads\/2024\/05\/442392452_844954744328485_106783105804014784_n.jpg 940w, https:\/\/www.radiopiu.net\/wordpress\/wp-content\/uploads\/2024\/05\/442392452_844954744328485_106783105804014784_n-300x251.jpg 300w, https:\/\/www.radiopiu.net\/wordpress\/wp-content\/uploads\/2024\/05\/442392452_844954744328485_106783105804014784_n-768x644.jpg 768w\" sizes=\"auto, (max-width: 940px) 100vw, 940px\" \/><\/a><\/p>\n<p>&nbsp;<\/p>\n<hr \/>\n<p>&nbsp;<\/p>\n<blockquote>\n<h3>DILLO A RADIO PIU&#8217;&#8230;.DOLOMITI BUS E LE CORSE MANCANTI<\/h3>\n<\/blockquote>\n<p><strong><a class=\"dt-pswp-item\" href=\"https:\/\/www.radiopiu.net\/wordpress\/wp-content\/uploads\/2024\/04\/Dolomitibus_2.png\" data-dt-img-description=\"\" data-large_image_width=\"3024\" data-large_image_height=\"1292\"><img loading=\"lazy\" decoding=\"async\" class=\" wp-image-386941 alignleft\" src=\"https:\/\/www.radiopiu.net\/wordpress\/wp-content\/uploads\/2024\/04\/Dolomitibus_2-300x128.png\" alt=\"\" width=\"204\" height=\"87\" srcset=\"https:\/\/www.radiopiu.net\/wordpress\/wp-content\/uploads\/2024\/04\/Dolomitibus_2-300x128.png 300w, https:\/\/www.radiopiu.net\/wordpress\/wp-content\/uploads\/2024\/04\/Dolomitibus_2-1024x438.png 1024w, https:\/\/www.radiopiu.net\/wordpress\/wp-content\/uploads\/2024\/04\/Dolomitibus_2-768x328.png 768w, https:\/\/www.radiopiu.net\/wordpress\/wp-content\/uploads\/2024\/04\/Dolomitibus_2-1536x656.png 1536w, https:\/\/www.radiopiu.net\/wordpress\/wp-content\/uploads\/2024\/04\/Dolomitibus_2-2048x875.png 2048w\" sizes=\"auto, (max-width: 204px) 100vw, 204px\" \/><\/a>Riceviamo e pubblichiamo<\/strong><\/p>\n<p>Ho letto l&#8217;articolo dal titolo DOLOMITI BUS, APPROVAZIONE DEL BILANCIO 2023 E I PIANI DI INVESTIMENTO PER IL TERRITORIO. Sono basita.\u00a0 Sono mesi che non vado nella nostra casa in Agordino in quanto, come da mail che ho precedentemente inviato, alla domenica non ci sono mezzi per tornare a Belluno per prendere un treno ed andare a lavorare al luned\u00ec. Ora escono questi articoli imbarazzanti. Non ho pi\u00f9 scritto perch\u00e9 non avendo avuto nessun riscontro (non da parte vostra che, sempre gentilissimi, pubblicate sempre le istanze degli utenti) mi sono, come moltissimi altri, rassegnata. La casa \u00e8 l\u00ec ed aspetto met\u00e0 giugno (sperando!!!) per poter andare su qualche fine settimana per la necessaria manutenzione.<\/p>\n<p>P.S. la riduzione del numero dei passeggeri come indicato nell&#8217;articolo&#8230;non sar\u00e0 che &#8220;per caso&#8221; c&#8217;\u00e8 stata perch\u00e9 il servizio non esiste e le persone, esasperate si arrangiano come possono? Dolomitibus Meditate.<\/p>\n<p>Valentina S.<\/p>\n<p>&nbsp;<\/p>\n<hr \/>\n<p>&nbsp;<\/p>\n<blockquote>\n<h3>FELINI, PROTETTI E TUTELATI DALLA LEGGE, CARTELLI PER UNA MIGLIORE CONVIVENZA CITTADINI-ANIMALI<\/h3>\n<\/blockquote>\n<p><strong><img loading=\"lazy\" decoding=\"async\" class=\"alignleft\" src=\"https:\/\/www.radiopiu.net\/wordpress\/wp-content\/uploads\/2024\/05\/12dbdf8e-c39e-44ce-bf16-ebac459a05e7.jpg\" width=\"272\" height=\"204\" \/>BELLUNO<\/strong> Presentato in Municipio il progetto delle nuove tabelle che verranno distribuite sul territorio per segnalare la presenza delle colonie feline. Questa iniziativa mira a migliorare la gestione e il controllo delle colonie di gatti presenti nelle varie zone. Durante l&#8217;evento, \u00e8 stato simbolicamente affidato il primo cartello alla referente della colonia felina di via Dell&#8217;Anta, evidenziando l&#8217;importanza della collaborazione tra le istituzioni e i cittadini per la gestione consapevole degli animali randagi. Le nuove tabelle non solo informeranno i residenti sulla presenza delle colonie feline, ma serviranno anche a sensibilizzare sull&#8217;importanza della sterilizzazione e della cura degli animali randagi. Si auspica che questa iniziativa contribuisca a creare una maggiore consapevolezza e responsabilit\u00e0 nella comunit\u00e0 locale verso la tutela degli animali.<\/p>\n<p>di DANIELE DALVIT<\/p>\n<audio class=\"wp-audio-shortcode\" id=\"audio-389122-8\" preload=\"none\" style=\"width: 100%;\" controls=\"controls\"><source type=\"audio\/mpeg\" src=\"https:\/\/www.radiopiu.net\/wordpress\/wp-content\/uploads\/2024\/05\/Radio-Piu-Servizio-Lav-colonie-feline-Belluno.mp3?_=8\" \/><a href=\"https:\/\/www.radiopiu.net\/wordpress\/wp-content\/uploads\/2024\/05\/Radio-Piu-Servizio-Lav-colonie-feline-Belluno.mp3\">https:\/\/www.radiopiu.net\/wordpress\/wp-content\/uploads\/2024\/05\/Radio-Piu-Servizio-Lav-colonie-feline-Belluno.mp3<\/a><\/audio>\n<p>&nbsp;<\/p>\n<p>&nbsp;<\/p>\n<p><strong>LORENZO BORTOLUZZI &#8211; COMMISSIONE BENESSERE ANIMALE<\/strong><\/p>\n<audio class=\"wp-audio-shortcode\" id=\"audio-389122-9\" preload=\"none\" style=\"width: 100%;\" controls=\"controls\"><source type=\"audio\/mpeg\" src=\"https:\/\/www.radiopiu.net\/wordpress\/wp-content\/uploads\/2024\/05\/Consigliere-Lorenzo-Bortoluzzi-commissione-benessere-animale.m4a?_=9\" \/><a href=\"https:\/\/www.radiopiu.net\/wordpress\/wp-content\/uploads\/2024\/05\/Consigliere-Lorenzo-Bortoluzzi-commissione-benessere-animale.m4a\">https:\/\/www.radiopiu.net\/wordpress\/wp-content\/uploads\/2024\/05\/Consigliere-Lorenzo-Bortoluzzi-commissione-benessere-animale.m4a<\/a><\/audio>\n<p><strong>KELLY CALLANGHER REFERENTE LAV<\/strong><\/p>\n<audio class=\"wp-audio-shortcode\" id=\"audio-389122-10\" preload=\"none\" style=\"width: 100%;\" controls=\"controls\"><source type=\"audio\/mpeg\" src=\"https:\/\/www.radiopiu.net\/wordpress\/wp-content\/uploads\/2024\/05\/Kelly-Callagher-referenteLAVBelluno.m4a?_=10\" \/><a href=\"https:\/\/www.radiopiu.net\/wordpress\/wp-content\/uploads\/2024\/05\/Kelly-Callagher-referenteLAVBelluno.m4a\">https:\/\/www.radiopiu.net\/wordpress\/wp-content\/uploads\/2024\/05\/Kelly-Callagher-referenteLAVBelluno.m4a<\/a><\/audio>\n<p>&nbsp;<\/p>\n<p>&nbsp;<\/p>\n<hr \/>\n<p>&nbsp;<\/p>\n<blockquote>\n<h2>Una questione di civilt\u00e0 &#8211; ATTENZIONE immagini forti.<\/h2>\n<\/blockquote>\n<p>TAIBON Pochi giorni fa in localit\u00e0 La Roa vicino all\u2019ex ecocentro \u00e8 stata avvistata questa gatta in pessime condizioni con tumori mammari, infezioni, gravissimo sottopeso e disidratazione. Una volontaria dei randagi agordini, il gruppo che si occupa della tutela degli animali da affezione l\u2019ha raccolta e portata all\u2019ambulatorio fiamma blu di Agordo, qui le gravissime condizioni hanno costretto la veterinaria a praticare l\u2019eutanasia. Chi \u00e8 intervenuto si pone delle domande e fa delle considerazioni che meritano di essere portate all\u2019attenzione di tutta la popolazione.<\/p>\n<p>I gatti sono animali stanziali, non \u201ccompaiono\u201d all\u2019improvviso da qualche parte, per cui \u00e8 verosimile che questa gatta sia stata abbandonata dove \u00e8 stata rinvenuta, le sue condizioni forse infastidivano la vista di qualcuno che invece di chiamare chi di dovere (veterinario, associazioni, comune, ulss) ha semplicemente deciso di togliersi il problema dagli occhi senza considerare minimamente le sofferenze dell\u2019animale che per arrivare in questo stato ha sofferto per dei mesi, non riuscendo a nutrirsi, in balia del freddo e delle malattie. Si presume che nei nostri piccoli paesi ci sia un grado di civilt\u00e0 alto\u2026ma episodi come questo (che non \u00e8 l\u2019unico) ci fanno dubitare. Ci chiediamo se sia una questione culturale, se sia il luogo comune \u201ci gatti si arrangiano\u201d a fare pi\u00f9 vittime delle malattie. I gatti sono animali come gli altri e come noi, si ammalano, spesso possono essere curati, ma se presi troppo tardi muoiono. Non sono esseri magici immortali che possono sopportare qualsiasi cosa, pare ovvio, ma visto l\u2019episodio \u00e8 bene ricordarlo.<br \/>\nI gatti vanno sterilizzati, per primi quelli di propriet\u00e0 che una volta fuori dagli appartamenti generano stirpi infinite di randagi, che poi sul territorio spesso si ammalano gravemente (Fiv, Felv, Leucemia felina, Fip) contagiandosi attraverso i rapporti sessuali e i morsi da conflitto. I gatti sterilizzati non solo contengono la popolazione dei randagi ma sono meno inclini allo scontro e quindi si ammalano meno. Quando per mesi si vede un animale in difficolt\u00e0 peggiorare giorno per giorno lo si segnala, ci vantiamo di essere diversi dagli animali, di essere pi\u00f9 evoluti e complessi ed empatici, sar\u00e0 vero?.<br \/>\nEcco\u2026ogni tanto questa decantata superiorit\u00e0 umana dimostriamola, con i fatti. Il gruppo di randagi agordini \u00e8 sempre attivo, e ricorda alla popolazione che basta segnalare il problema per evitare inutili sofferenze che grazie all\u2019indifferenza rasentano la crudelt\u00e0.<br \/>\nPer info: Randagi agordini (Michela) 349 802 5108<\/p>\n\n\t\t\t<style type='text\/css'>\n\t\t\t\t#gallery-3 {\n\t\t\t\t\tmargin: auto;\n\t\t\t\t}\n\t\t\t\t#gallery-3 .gallery-item {\n\t\t\t\t\tfloat: left;\n\t\t\t\t\tmargin-top: 10px;\n\t\t\t\t\ttext-align: center;\n\t\t\t\t\twidth: 25%;\n\t\t\t\t}\n\t\t\t\t#gallery-3 img {\n\t\t\t\t\tborder: 2px solid #cfcfcf;\n\t\t\t\t}\n\t\t\t\t#gallery-3 .gallery-caption {\n\t\t\t\t\tmargin-left: 0;\n\t\t\t\t}\n\t\t\t\t\/* see gallery_shortcode() in wp-includes\/media.php *\/\n\t\t\t<\/style>\n\t\t<div id='gallery-3' class='dt-gallery-container gallery galleryid-389122 gallery-columns-4 gallery-size-thumbnail'><dl class='gallery-item'>\n\t\t\t\t<dt class='gallery-icon landscape'>\n\t\t\t\t\t<a class=\"rollover rollover-zoom dt-pswp-item\" title=\"cop\" data-dt-img-description=\"\" data-large_image_width=\"1200\" data-large_image_height=\"630\"href='https:\/\/www.radiopiu.net\/wordpress\/wp-content\/uploads\/2024\/05\/cop.jpg'><img loading=\"lazy\" decoding=\"async\" width=\"150\" height=\"150\" src=\"https:\/\/www.radiopiu.net\/wordpress\/wp-content\/uploads\/2024\/05\/cop-150x150.jpg\" class=\"attachment-thumbnail size-thumbnail\" alt=\"\" \/><\/a>\n\t\t\t\t<\/dt><\/dl><dl class='gallery-item'>\n\t\t\t\t<dt class='gallery-icon portrait'>\n\t\t\t\t\t<a class=\"rollover rollover-zoom dt-pswp-item\" title=\"gatta2\" data-dt-img-description=\"\" data-large_image_width=\"1200\" data-large_image_height=\"1600\"href='https:\/\/www.radiopiu.net\/wordpress\/wp-content\/uploads\/2024\/05\/gatta2.jpeg'><img loading=\"lazy\" decoding=\"async\" width=\"150\" height=\"150\" src=\"https:\/\/www.radiopiu.net\/wordpress\/wp-content\/uploads\/2024\/05\/gatta2-150x150.jpeg\" class=\"attachment-thumbnail size-thumbnail\" alt=\"\" \/><\/a>\n\t\t\t\t<\/dt><\/dl><dl class='gallery-item'>\n\t\t\t\t<dt class='gallery-icon portrait'>\n\t\t\t\t\t<a class=\"rollover rollover-zoom dt-pswp-item\" title=\"gatta3\" data-dt-img-description=\"\" data-large_image_width=\"1200\" data-large_image_height=\"1600\"href='https:\/\/www.radiopiu.net\/wordpress\/wp-content\/uploads\/2024\/05\/gatta3.jpeg'><img loading=\"lazy\" decoding=\"async\" width=\"150\" height=\"150\" src=\"https:\/\/www.radiopiu.net\/wordpress\/wp-content\/uploads\/2024\/05\/gatta3-150x150.jpeg\" class=\"attachment-thumbnail size-thumbnail\" alt=\"\" \/><\/a>\n\t\t\t\t<\/dt><\/dl><dl class='gallery-item'>\n\t\t\t\t<dt class='gallery-icon landscape'>\n\t\t\t\t\t<a class=\"rollover rollover-zoom dt-pswp-item\" title=\"gatta4\" data-dt-img-description=\"\" data-large_image_width=\"1600\" data-large_image_height=\"1200\"href='https:\/\/www.radiopiu.net\/wordpress\/wp-content\/uploads\/2024\/05\/gatta4.jpeg'><img loading=\"lazy\" decoding=\"async\" width=\"150\" height=\"150\" src=\"https:\/\/www.radiopiu.net\/wordpress\/wp-content\/uploads\/2024\/05\/gatta4-150x150.jpeg\" class=\"attachment-thumbnail size-thumbnail\" alt=\"\" \/><\/a>\n\t\t\t\t<\/dt><\/dl><br style=\"clear: both\" \/>\n\t\t\t<\/div>\n\n<p>&nbsp;<\/p>\n<hr \/>\n<p>&nbsp;<\/p>\n<p><strong>LA GIUDIZIARIA OGGI,<\/strong><br \/>\n<strong>dal Corriere delle Alpi, di Gigi Sosso<\/strong><\/p>\n<p><strong>Condannata per tentativo di portare via la madre dall&#8217;ospedale: Una notte in tribunale<\/strong><\/p>\n<p>AGORDO Una figlia \u00e8 stata condannata a tre mesi di carcere per tentativo di interruzione di pubblico servizio, dopo aver cercato di portare via la madre dall&#8217;ospedale. Nonostante le telefonate incessanti e un tentativo notturno alla portineria, \u00e8 stata fermata dai carabinieri. Il giudice ha ritenuto dimostrata l&#8217;accusa di interruzione di pubblico servizio ma ha pronunciato una sentenza di non doversi procedere per le molestie. La madre, ricoverata per complicazioni polmonari e cardiache, aveva un amministratore di sostegno ed era assistita da badanti, ma la figlia le impediva di seguire le terapie prescritte.<\/p>\n<p>&nbsp;<\/p>\n<p><strong>Prescrizione rischiosa per il tafferuglio allo stadio Olimpico\u00a0<\/strong><\/p>\n<p>AURONZO Francesco Costantino, noto come &#8220;Franchino&#8221; nella curva Nord dello stadio Olimpico di Roma, rischia la prescrizione per lesioni aggravate nel tafferuglio del 28 luglio 2018 dopo Lazio &#8211; Spal.\u00a0 L&#8217;autista del pullman della Spal ha rischiato di essere denunciato per falsa testimonianza, non ricordando nulla dell&#8217;evento e negando di riconoscere Costantino. Anche il tifoso spallino non ha fornito informazioni utili. La presenza di Fabrizio Piscitelli, noto come &#8220;Diabolik&#8221;, deceduto nel 2019, ha ulteriormente complicato la situazione. Prossima udienza fissata per il 31 ottobre.<\/p>\n<div class=\"flex-1 overflow-hidden\">\n<div class=\"react-scroll-to-bottom--css-hjmgd-79elbk h-full\">\n<div class=\"react-scroll-to-bottom--css-hjmgd-1n7m0yu\">\n<div class=\"flex flex-col text-sm pb-9\">\n<div class=\"w-full text-token-text-primary\" dir=\"auto\" data-testid=\"conversation-turn-93\" data-scroll-anchor=\"true\">\n<div class=\"py-2 px-3 text-base md:px-4 m-auto md:px-5 lg:px-1 xl:px-5\">\n<div class=\"mx-auto flex flex-1 gap-3 text-base juice:gap-4 juice:md:gap-6 md:max-w-3xl lg:max-w-[40rem] xl:max-w-[48rem]\">\n<div class=\"relative flex w-full min-w-0 flex-col agent-turn\">\n<div class=\"flex-col gap-1 md:gap-3\">\n<div class=\"mt-1 flex gap-3 empty:hidden juice:-ml-3\">\n<div><\/div>\n<div class=\"-ml-1 mt-0 h-7 items-center justify-center gap-[2px] self-end text-gray-400 lg:justify-start lg:self-center visible flex\"><strong>Processo per aggressione al capotreno: A.M. attende giudizio<\/strong><\/div>\n<\/div>\n<\/div>\n<\/div>\n<\/div>\n<\/div>\n<\/div>\n<\/div>\n<\/div>\n<\/div>\n<\/div>\n<p>BELLUNO sotto processo per aver aggredito (quando era minorenne) un capotreno a Belluno nell&#8217;agosto 2021, dopo essere stato invitato a scendere dal treno per mancanza di biglietto. L&#8217;aggressione ha causato lesioni e contusioni al dipendente, con una prognosi di cinque giorni. Il pubblico ministero ha richiesto una condanna a quattro mesi, convertiti in multa, mentre la difesa ha opposto resistenza. Il processo \u00e8 fissato per luglio.<\/p>\n<p>&nbsp;<\/p>\n<p><strong>Condanna per resistenza e tentato suicidio in carcere<\/strong><\/p>\n<p>BELLUNO\u00a0 condannato a undici mesi di reclusione per resistenza e oltraggio a pubblico ufficiale, nonostante gli agenti lo abbiano salvato da un tentato suicidio in cella. Il giudice ha accolto la richiesta del pubblico ministero. Non pi\u00f9 detenuto a Baldenich, \u00e8 stato trasferito a Gorizia.<\/p>\n<p>&nbsp;<\/p>\n<hr \/>\n<p>&nbsp;<\/p>\n<p>&nbsp;<\/p>\n<blockquote>\n<h3>LA FONDAZIONE CARIVERONA METTE A DISPOSIZIONE 2 MILIONI DI EURO<\/h3>\n<\/blockquote>\n<p><strong><a class=\"dt-pswp-item\" href=\"https:\/\/www.radiopiu.net\/wordpress\/wp-content\/uploads\/2024\/05\/CARIVERONA.jpg\" data-dt-img-description=\"\" data-large_image_width=\"2048\" data-large_image_height=\"2048\"><img loading=\"lazy\" decoding=\"async\" class=\" wp-image-389215 alignleft\" src=\"https:\/\/www.radiopiu.net\/wordpress\/wp-content\/uploads\/2024\/05\/CARIVERONA-300x300.jpg\" alt=\"\" width=\"124\" height=\"124\" srcset=\"https:\/\/www.radiopiu.net\/wordpress\/wp-content\/uploads\/2024\/05\/CARIVERONA-300x300.jpg 300w, https:\/\/www.radiopiu.net\/wordpress\/wp-content\/uploads\/2024\/05\/CARIVERONA-1024x1024.jpg 1024w, https:\/\/www.radiopiu.net\/wordpress\/wp-content\/uploads\/2024\/05\/CARIVERONA-150x150.jpg 150w, https:\/\/www.radiopiu.net\/wordpress\/wp-content\/uploads\/2024\/05\/CARIVERONA-768x768.jpg 768w, https:\/\/www.radiopiu.net\/wordpress\/wp-content\/uploads\/2024\/05\/CARIVERONA-1536x1536.jpg 1536w, https:\/\/www.radiopiu.net\/wordpress\/wp-content\/uploads\/2024\/05\/CARIVERONA.jpg 2048w\" sizes=\"auto, (max-width: 124px) 100vw, 124px\" \/><\/a>VERONA<\/strong> I Il bando STeP della Fondazione Cariverona, con 2 milioni di euro, mira a promuovere lo sviluppo partecipato. Obiettivi: creare modelli di sviluppo locale, contrastare lo spopolamento e attrarre i giovani. Le proposte dovranno analizzare il territorio, definire obiettivi chiari e coinvolgere enti pubblici, non profit e imprese.<\/p>\n<p>&nbsp;<\/p>\n<hr \/>\n<p>&nbsp;<\/p>\n<p>&nbsp;<\/p>\n<blockquote>\n<h3><strong><a class=\"dt-pswp-item\" href=\"https:\/\/www.radiopiu.net\/wordpress\/wp-content\/uploads\/2024\/05\/NUOVO-DIRETTIVO-DE-IL-VESES.jpg\" data-dt-img-description=\"\" data-large_image_width=\"2048\" data-large_image_height=\"946\"><img loading=\"lazy\" decoding=\"async\" class=\"size-medium wp-image-389250 alignleft\" src=\"https:\/\/www.radiopiu.net\/wordpress\/wp-content\/uploads\/2024\/05\/NUOVO-DIRETTIVO-DE-IL-VESES-300x139.jpg\" alt=\"\" width=\"300\" height=\"139\" srcset=\"https:\/\/www.radiopiu.net\/wordpress\/wp-content\/uploads\/2024\/05\/NUOVO-DIRETTIVO-DE-IL-VESES-300x139.jpg 300w, https:\/\/www.radiopiu.net\/wordpress\/wp-content\/uploads\/2024\/05\/NUOVO-DIRETTIVO-DE-IL-VESES-1024x473.jpg 1024w, https:\/\/www.radiopiu.net\/wordpress\/wp-content\/uploads\/2024\/05\/NUOVO-DIRETTIVO-DE-IL-VESES-768x355.jpg 768w, https:\/\/www.radiopiu.net\/wordpress\/wp-content\/uploads\/2024\/05\/NUOVO-DIRETTIVO-DE-IL-VESES-1536x710.jpg 1536w, https:\/\/www.radiopiu.net\/wordpress\/wp-content\/uploads\/2024\/05\/NUOVO-DIRETTIVO-DE-IL-VESES.jpg 2048w\" sizes=\"auto, (max-width: 300px) 100vw, 300px\" \/><\/a>Assemblea Generale Associazione Culturale il Veses: Nuovo Direttivo e Prospettive Future<\/strong><\/h3>\n<\/blockquote>\n<div class=\"flex-1 overflow-hidden\">\n<div class=\"react-scroll-to-bottom--css-itvsc-79elbk h-full\">\n<div class=\"react-scroll-to-bottom--css-itvsc-1n7m0yu\">\n<div class=\"flex flex-col text-sm pb-9\">\n<div class=\"w-full text-token-text-primary\" dir=\"auto\" data-testid=\"conversation-turn-67\" data-scroll-anchor=\"true\">\n<div class=\"py-2 px-3 text-base md:px-4 m-auto md:px-5 lg:px-1 xl:px-5\">\n<div class=\"mx-auto flex flex-1 gap-3 text-base juice:gap-4 juice:md:gap-6 md:max-w-3xl lg:max-w-[40rem] xl:max-w-[48rem]\">\n<div class=\"relative flex w-full min-w-0 flex-col agent-turn\">\n<div class=\"flex-col gap-1 md:gap-3\">\n<div class=\"flex flex-grow flex-col max-w-full\">\n<div class=\"min-h-[20px] text-message flex flex-col items-start whitespace-pre-wrap break-words [.text-message+&amp;]:mt-5 overflow-x-auto gap-3\" dir=\"auto\" data-message-author-role=\"assistant\" data-message-id=\"90d287cf-ffe4-488b-9ef0-d365f748cf1a\">\n<div class=\"markdown prose w-full break-words dark:prose-invert dark\">\n<p><strong>SANTA GIUSTINA<\/strong> Al Circolo Elisa di Santa Giustina, si \u00e8 tenuta l&#8217;Assemblea Generale dell&#8217;Associazione Culturale il Veses. Tra i punti all&#8217;ordine del giorno, l&#8217;approvazione del bilancio d&#8217;esercizio e l&#8217;elezione del nuovo direttivo per i prossimi tre anni. Il presidente Luciano Dal Molin ha presentato il bilancio, evidenziando le attivit\u00e0 svolte e ricordando il presidente onorario Dino Dal Pan. Si sono rieletti alcuni membri uscenti e si sono accolti nuovi ingressi, confermando l&#8217;impegno nell&#8217;associazione. Tra le novit\u00e0, spiccano i nomi di Mario Viel, Franco De Poli, Elisa Maccagnan, Nicola Ancillani e Lidia Maoret, pronti a portare nuove energie e prospettive. L&#8217;Associazione il Veses continua il suo impegno nella promozione della cultura e delle tradizioni della Valbelluna, con progetti editoriali e iniziative coinvolgenti per la comunit\u00e0 locale.<\/p>\n<\/div>\n<\/div>\n<\/div>\n<\/div>\n<\/div>\n<\/div>\n<\/div>\n<\/div>\n<\/div>\n<\/div>\n<\/div>\n<\/div>\n<p>&nbsp;<\/p>\n<p>&nbsp;<\/p>\n<hr \/>\n<p>&nbsp;<\/p>\n<blockquote>\n<h3>RIFIORISCE IL GIRADINO DEL MUSEO ETNOGRAFICO DOLOMITI<\/h3>\n<\/blockquote>\n<p><strong><a class=\"dt-pswp-item\" href=\"https:\/\/www.radiopiu.net\/wordpress\/wp-content\/uploads\/2020\/05\/berceau-rose-al-museo-218-scaled.jpg\" data-dt-img-description=\"\" data-large_image_width=\"2560\" data-large_image_height=\"1920\"><img loading=\"lazy\" decoding=\"async\" class=\" wp-image-138840 alignleft\" src=\"https:\/\/www.radiopiu.net\/wordpress\/wp-content\/uploads\/2020\/05\/berceau-rose-al-museo-218-300x225.jpg\" alt=\"\" width=\"164\" height=\"123\" srcset=\"https:\/\/www.radiopiu.net\/wordpress\/wp-content\/uploads\/2020\/05\/berceau-rose-al-museo-218-300x225.jpg 300w, https:\/\/www.radiopiu.net\/wordpress\/wp-content\/uploads\/2020\/05\/berceau-rose-al-museo-218-1024x768.jpg 1024w, https:\/\/www.radiopiu.net\/wordpress\/wp-content\/uploads\/2020\/05\/berceau-rose-al-museo-218-768x576.jpg 768w, https:\/\/www.radiopiu.net\/wordpress\/wp-content\/uploads\/2020\/05\/berceau-rose-al-museo-218-1536x1152.jpg 1536w, https:\/\/www.radiopiu.net\/wordpress\/wp-content\/uploads\/2020\/05\/berceau-rose-al-museo-218-2048x1536.jpg 2048w\" sizes=\"auto, (max-width: 164px) 100vw, 164px\" \/><\/a>BELLUNO<\/strong> Il Museo etnografico della Provincia di Belluno celebra la primavera con il roseto di Seravella. Eventi e iniziative sono in programma dal 14 maggio al 9 giugno, culminando nella festa delle rose il 26 maggio. La mostra &#8220;Rose e fiori dipinti con l&#8217;ago&#8221; inaugura il 18 maggio, seguita da una conferenza su &#8220;Santa Rita e il prodigio della rosa&#8221;. Domenica ci sono corsi di acquerello botanico, visite all&#8217;apiario didattico e laboratori per bambini. La festa delle rose offre visite guidate al giardino e laboratori di piantumazione, illustrazioni botaniche, giochi tradizionali e altro ancora. Tutte le attivit\u00e0 sono organizzate dall&#8217;associazione Isoipse e dal Museo etnografico, con visite guidate accompagnate dal gruppo folk di Cesiomaggiore.<\/p>\n<p>&nbsp;<\/p>\n<p>&nbsp;<\/p>\n<p>&nbsp;<\/p>\n<hr \/>\n<p>&nbsp;<\/p>\n<h2><span style=\"color: #ff0000;\">CONSIGLI COMUNALI IN AGORDINO<\/span><\/h2>\n<p><strong>CENCENIGHE<\/strong> Consiglio comunale martedi alle 20:30. Cinque punti all&#8217;ordine del giorno tra cui l&#8217;approvazione del rendiconto della gestione 2023, approvazione del bilancio di ASCA del 2023 e per il 2024, approvazione della convenzione con l&#8217;ULSS 1 Dolomiti per le impegnative<\/p>\n<p>&nbsp;<\/p>\n<p>&nbsp;<\/p>\n<p>&nbsp;<\/p>\n<p>&nbsp;<\/p>\n<hr \/>\n<p>&nbsp;<\/p>\n<blockquote>\n<h3>GENERAZIONI IN DIALOGO: IL RUOLO DELLE NUOVE TECNOLOGIE NELLA VITA QUOTIDIANA<\/h3>\n<\/blockquote>\n<p><a class=\"dt-pswp-item\" href=\"https:\/\/www.radiopiu.net\/wordpress\/wp-content\/uploads\/2024\/05\/SCR-20240501-otmh.jpeg\" data-dt-img-description=\"Screenshot\" data-large_image_width=\"1288\" data-large_image_height=\"918\"><img loading=\"lazy\" decoding=\"async\" class=\"wp-image-388032 alignleft\" src=\"https:\/\/www.radiopiu.net\/wordpress\/wp-content\/uploads\/2024\/05\/SCR-20240501-otmh-300x214.jpeg\" alt=\"\" width=\"161\" height=\"115\" srcset=\"https:\/\/www.radiopiu.net\/wordpress\/wp-content\/uploads\/2024\/05\/SCR-20240501-otmh-300x214.jpeg 300w, https:\/\/www.radiopiu.net\/wordpress\/wp-content\/uploads\/2024\/05\/SCR-20240501-otmh-1024x730.jpeg 1024w, https:\/\/www.radiopiu.net\/wordpress\/wp-content\/uploads\/2024\/05\/SCR-20240501-otmh-768x547.jpeg 768w, https:\/\/www.radiopiu.net\/wordpress\/wp-content\/uploads\/2024\/05\/SCR-20240501-otmh.jpeg 1288w\" sizes=\"auto, (max-width: 161px) 100vw, 161px\" \/><\/a><strong>CANALE D&#8217;AGORDO <\/strong>Il dibattito sulle generazioni Boomer, X, Millenials, Z e Alpha: dialogo o conflitto? Le nuove tecnologie influenzano la vita provinciale? La scuola \u00e8 ancora rilevante o l&#8217;IA \u00e8 preferita per i compiti? Riconosciamo le fake news dagli articoli autentici sul nostro smartphone? Web o amici, quale \u00e8 pi\u00f9 stimolante? Siamo padroni degli smartphone o viceversa? Il dott. Paolo Bello, SerD di Belluno, esplorer\u00e0 queste tematiche oggi alle 20.00 presso la sala Emigranti di Canale d&#8217;Agordo. Un evento promosso dal Comune di Canale, con SerD, Donatori di Sangue e Pro Loco, aperto a tutte le et\u00e0. Ingresso libero.<\/p>\n<p><strong>di MARILISA LUCHETTA\u00a0<\/strong><\/p>\n<audio class=\"wp-audio-shortcode\" id=\"audio-389122-11\" preload=\"none\" style=\"width: 100%;\" controls=\"controls\"><source type=\"audio\/mpeg\" src=\"https:\/\/www.radiopiu.net\/wordpress\/wp-content\/uploads\/2024\/05\/marilisa.mp3?_=11\" \/><a href=\"https:\/\/www.radiopiu.net\/wordpress\/wp-content\/uploads\/2024\/05\/marilisa.mp3\">https:\/\/www.radiopiu.net\/wordpress\/wp-content\/uploads\/2024\/05\/marilisa.mp3<\/a><\/audio>\n<p>&nbsp;<\/p>\n<hr \/>\n<p>&nbsp;<\/p>\n<blockquote>\n<h3>LE MOSTRE PER IL BICENTENARIO DELLA NASCITA DI DON ANTONIO DELLA LUCIA<\/h3>\n<\/blockquote>\n<p><strong>CANALE D&#8217;AGORDO<\/strong> La Fondazione Papa Luciani Onlus celebra Don Antonio Della Lucia con un comitato speciale nel bicentenario della sua nascita. Coinvolte varie istituzioni e associazioni locali, incluso il Ministero dell&#8217;agricoltura. Evento inaugurale a Frassen\u00e8 Agordino il 16 maggio, con messa, annullo filatelico, mostra, conferenza e degustazione di formaggi. Tre mostre in provincia: Palazzo Piloni (16 maggio &#8211; 16 settembre), Canale d\u2019Agordo (1\u00b0 luglio &#8211; 31 agosto), e Frassen\u00e8 Agordino (1\u00b0 luglio &#8211; 31 agosto, su prenotazione). Un omaggio alla vita e all&#8217;opera di Della Lucia, pioniere delle latterie cooperative in Italia.<\/p>\n<a href=\"https:\/\/www.radiopiu.net\/wordpress\/wp-content\/uploads\/2024\/05\/Locandina-eventi-completa-per-il-bicentenario-del-Cavalier-Don-Antonio-Della-Lucia-1.pdf\" class=\"pdfemb-viewer\" style=\"\" data-width=\"max\" data-height=\"max\" data-toolbar=\"top\" data-toolbar-fixed=\"on\">Locandina eventi completa per il bicentenario del Cavalier Don Antonio Della Lucia<\/a>\n<p>&nbsp;<\/p>\n<hr \/>\n<p>&nbsp;<\/p>\n<blockquote><p><strong>Opportunit\u00e0 di formazione e inserimento nel settore alimentare con Enaip Feltre<\/strong><\/p><\/blockquote>\n<p><strong>FELTRE<\/strong> Enaip Feltre, istituto di formazione con cinquant&#8217;anni di esperienza nel territorio, offre un nuovo corso gratuito per tecnici della commercializzazione di prodotti alimentari, aperto a tutti senza limiti di et\u00e0. Le selezioni scadranno il 14 maggio. Il corso mira a formare professionisti autonomi nel settore, offrendo competenze tecniche e &#8220;soft skills&#8221; cruciali. Le selezioni si terranno il 15 maggio presso il campus Tina Merlin di Feltre. Il programma comprende una fase formativa seguita da un tirocinio retribuito presso aziende locali.<\/p>\n<div class=\"w-full md:pt-0 dark:border-white\/20 md:border-transparent md:dark:border-transparent md:w-[calc(100%-.5rem)] juice:w-full\">\n<div class=\"px-3 text-base md:px-4 m-auto md:px-5 lg:px-1 xl:px-5\">\n<div class=\"mx-auto flex flex-1 gap-3 text-base juice:gap-4 juice:md:gap-6 md:max-w-3xl lg:max-w-[40rem] xl:max-w-[48rem]\">\n<form class=\"w-full\">\n<div class=\"relative flex h-full max-w-full flex-1 flex-col\">\n<div class=\"flex w-full items-center\"><\/div>\n<\/div>\n<\/form>\n<\/div>\n<\/div>\n<\/div>\n<p>&nbsp;<\/p>\n<hr \/>\n<p>&nbsp;<\/p>\n<blockquote>\n<h3>NON SEI SOLO, GLI INCONTRI A FELTRE<\/h3>\n<\/blockquote>\n<p><strong>FELTRE<\/strong> Il Centro per i Disturbi Cognitivi e Demenze dell\u2019Ulss Dolomiti, con i Centri di Servizio Residenziali, organizza 5 incontri su demenza e declino cognitivo, dal 6 maggio al 3 giugno 2024, a Feltre. Temi trattati: riconoscimento del declino e prevenzione, cura e comportamento, servizi del CDCD, gestione del declino avanzato e supporto alle famiglie. Ogni luned\u00ec, 18:00-19:00, Sala Convegni dell\u2019Ospedale di Feltre. Esperti quali Dott.ssa Roberta Padoan, Dott.ssa Francesca De Biasi, Dott.ssa Daniela Dal Zotto, Dott.ssa Francesca De Zaiacomo, Dott.ssa Lara Zanin condivideranno conoscenze. Per info e iscrizioni: <a target=\"_new\" rel=\"noopener\">cdcd.fe@aulss1.veneto.it<\/a>.<\/p>\n<p>&nbsp;<\/p>\n<p>&nbsp;<\/p>\n<hr \/>\n<p>&nbsp;<\/p>\n<blockquote>\n<h3>PRATICHE FILOSOFICHE AL CIRCOLO CULTURALE TERRA DEI PADRI<\/h3>\n<\/blockquote>\n<p><strong>BELLUNO<\/strong> Il Circolo Culturale La Terra dei Padri APS, a Borgo Piave &#8211; Belluno, ospita un laboratorio di pratiche filosofiche aperto a tutti nel mese di maggio 2024. Condotti da Francesco Dematt\u00e8, ex docente di storia e filosofia nei Licei, i quattro incontri si concentreranno su Plotino, filosofo del III secolo d.C. Gli incontri si terranno ogni marted\u00ec, dal 7 al 28 maggio, dalle 18 alle 19 presso il circolo culturale. Per informazioni e iscrizioni contattare direttamente in sede, via email o telefonicamente.<\/p>\n<p>&nbsp;<\/p>\n<p>&nbsp;<\/p>\n<blockquote class=\"wp-embedded-content\" data-secret=\"YhncYAld1W\"><p><a href=\"https:\/\/www.radiopiu.net\/wordpress\/pirole-de-lenga-la-parola-del-giorno-a-cura-del-musla-raccolta-completa\/\">PIROLE DE LENGA&#8230; LA PAROLA DEL GIORNO A CURA DEL MUSLA -raccolta completa &#8211;<\/a><\/p><\/blockquote>\n<p><iframe loading=\"lazy\" class=\"wp-embedded-content\" sandbox=\"allow-scripts\" security=\"restricted\" style=\"position: absolute; clip: rect(1px, 1px, 1px, 1px);\" title=\"&#8220;PIROLE DE LENGA&#8230; LA PAROLA DEL GIORNO A CURA DEL MUSLA -raccolta completa &#8211;&#8221; &#8212; Radio Pi\u00f9\" src=\"https:\/\/www.radiopiu.net\/wordpress\/pirole-de-lenga-la-parola-del-giorno-a-cura-del-musla-raccolta-completa\/embed\/#?secret=eKizSuS7Nd#?secret=YhncYAld1W\" data-secret=\"YhncYAld1W\" width=\"600\" height=\"338\" frameborder=\"0\" marginwidth=\"0\" marginheight=\"0\" scrolling=\"no\"><\/iframe><\/p>\n<p>&nbsp;<\/p>\n<p>&nbsp;<\/p>\n<p>&nbsp;<\/p>\n<hr \/>\n<p>&nbsp;<\/p>\n<div class=\"w-full md:pt-0 dark:border-white\/20 md:border-transparent md:dark:border-transparent md:w-[calc(100%-.5rem)] juice:w-full\">\n<div class=\"px-3 text-base md:px-4 m-auto md:px-5 lg:px-1 xl:px-5\">\n<div class=\"mx-auto flex flex-1 gap-3 text-base juice:gap-4 juice:md:gap-6 md:max-w-3xl lg:max-w-[40rem] xl:max-w-[48rem]\">\n<form class=\"w-full\">\n<div class=\"relative flex h-full max-w-full flex-1 flex-col\">\n<blockquote>\n<h2>Sabato ad Agordo in piazza della Libert\u00e0, le azalee della ricerca per l&#8217;AIRC<\/h2>\n<\/blockquote>\n<\/div>\n<\/form>\n<\/div>\n<\/div>\n<\/div>\n\n\t\t\t<style type='text\/css'>\n\t\t\t\t#gallery-4 {\n\t\t\t\t\tmargin: auto;\n\t\t\t\t}\n\t\t\t\t#gallery-4 .gallery-item {\n\t\t\t\t\tfloat: left;\n\t\t\t\t\tmargin-top: 10px;\n\t\t\t\t\ttext-align: center;\n\t\t\t\t\twidth: 100%;\n\t\t\t\t}\n\t\t\t\t#gallery-4 img {\n\t\t\t\t\tborder: 2px solid #cfcfcf;\n\t\t\t\t}\n\t\t\t\t#gallery-4 .gallery-caption {\n\t\t\t\t\tmargin-left: 0;\n\t\t\t\t}\n\t\t\t\t\/* see gallery_shortcode() in wp-includes\/media.php *\/\n\t\t\t<\/style>\n\t\t<div id='gallery-4' class='dt-gallery-container gallery galleryid-389122 gallery-columns-1 gallery-size-medium'><dl class='gallery-item'>\n\t\t\t\t<dt class='gallery-icon portrait'>\n\t\t\t\t\t<a class=\"rollover rollover-zoom dt-pswp-item\" title=\"AIRC_Locandina 35x50_AZALEA_def\" data-dt-img-description=\"\" data-large_image_width=\"1792\" data-large_image_height=\"2560\"href='https:\/\/www.radiopiu.net\/wordpress\/wp-content\/uploads\/2024\/05\/AIRC_Locandina-35x50_AZALEA_def-scaled.jpg'><img loading=\"lazy\" decoding=\"async\" width=\"210\" height=\"300\" src=\"https:\/\/www.radiopiu.net\/wordpress\/wp-content\/uploads\/2024\/05\/AIRC_Locandina-35x50_AZALEA_def-210x300.jpg\" class=\"attachment-medium size-medium\" alt=\"\" srcset=\"https:\/\/www.radiopiu.net\/wordpress\/wp-content\/uploads\/2024\/05\/AIRC_Locandina-35x50_AZALEA_def-210x300.jpg 210w, https:\/\/www.radiopiu.net\/wordpress\/wp-content\/uploads\/2024\/05\/AIRC_Locandina-35x50_AZALEA_def-717x1024.jpg 717w, https:\/\/www.radiopiu.net\/wordpress\/wp-content\/uploads\/2024\/05\/AIRC_Locandina-35x50_AZALEA_def-768x1097.jpg 768w, https:\/\/www.radiopiu.net\/wordpress\/wp-content\/uploads\/2024\/05\/AIRC_Locandina-35x50_AZALEA_def-1075x1536.jpg 1075w, https:\/\/www.radiopiu.net\/wordpress\/wp-content\/uploads\/2024\/05\/AIRC_Locandina-35x50_AZALEA_def-1434x2048.jpg 1434w, https:\/\/www.radiopiu.net\/wordpress\/wp-content\/uploads\/2024\/05\/AIRC_Locandina-35x50_AZALEA_def-scaled.jpg 1792w\" sizes=\"auto, (max-width: 210px) 100vw, 210px\" \/><\/a>\n\t\t\t\t<\/dt><\/dl><br style=\"clear: both\" \/>\n\t\t\t<\/div>\n\n<hr \/>\n<p>&nbsp;<\/p>\n<p>&nbsp;<\/p>\n<blockquote>\n<h3><a class=\"dt-pswp-item\" href=\"https:\/\/www.radiopiu.net\/wordpress\/wp-content\/uploads\/2024\/05\/GMF-2024-new.png\" data-dt-img-description=\"\" data-large_image_width=\"1414\" data-large_image_height=\"2000\"><img loading=\"lazy\" decoding=\"async\" class=\" wp-image-389090 alignleft\" src=\"https:\/\/www.radiopiu.net\/wordpress\/wp-content\/uploads\/2024\/05\/GMF-2024-new-212x300.png\" alt=\"\" width=\"151\" height=\"214\" srcset=\"https:\/\/www.radiopiu.net\/wordpress\/wp-content\/uploads\/2024\/05\/GMF-2024-new-212x300.png 212w, https:\/\/www.radiopiu.net\/wordpress\/wp-content\/uploads\/2024\/05\/GMF-2024-new-724x1024.png 724w, https:\/\/www.radiopiu.net\/wordpress\/wp-content\/uploads\/2024\/05\/GMF-2024-new-768x1086.png 768w, https:\/\/www.radiopiu.net\/wordpress\/wp-content\/uploads\/2024\/05\/GMF-2024-new-1086x1536.png 1086w, https:\/\/www.radiopiu.net\/wordpress\/wp-content\/uploads\/2024\/05\/GMF-2024-new.png 1414w\" sizes=\"auto, (max-width: 151px) 100vw, 151px\" \/><\/a>Giornata Mondiale della Sindrome Fibromialgica a Belluno: Iniziative di Sensibilizzazione e Solidariet\u00e0<\/h3>\n<\/blockquote>\n<p><strong>BELLUNO\u00a0<\/strong> Il 12 maggio \u00e8 la Giornata Mondiale della Sindrome Fibromialgica. La Sezione AISF ODV di Belluno sar\u00e0 presente in Piazza dei Martiri\/Piazza Duomo il sabato mattina con un punto informativo, patrocinato da Comune, Provincia e Ordine dei Medici di Belluno. Anche il Comune di Belluno aderisce all&#8217;iniziativa nazionale &#8220;Non pi\u00f9 inVISibili&#8221;, e domenica sera i getti della fontana in Piazza dei Martiri si coloreranno di viola. Si chiede collaborazione per la diffusione di queste iniziative.<\/p>\n<p>&nbsp;<\/p>\n<p>&nbsp;<\/p>\n<hr \/>\n<p>&nbsp;<\/p>\n<blockquote>\n<h2>CulturalMoto 2024: nell&#8217;Agordino<\/h2>\n<\/blockquote>\n<p><em>Alla scoperta delle miniere nelle Dolomiti, con la straordinaria partecipazione del geologo Manuel Conedera.<\/em><\/p>\n<p><strong>REDAZIONE<\/strong> Il 26 maggio 2024, EMMECI eventi lancia la seconda tappa di CulturalMoto, un viaggio culturale in moto che esplora l&#8217;Agordino e le Dolomiti bellunesi. Con Giacomo Agostini come ambasciatore, il tour si differenzia per l&#8217;accento sulla scoperta del territorio. Prenotazione obbligatoria al 348 5109129.<\/p>\n\n\t\t\t<style type='text\/css'>\n\t\t\t\t#gallery-5 {\n\t\t\t\t\tmargin: auto;\n\t\t\t\t}\n\t\t\t\t#gallery-5 .gallery-item {\n\t\t\t\t\tfloat: left;\n\t\t\t\t\tmargin-top: 10px;\n\t\t\t\t\ttext-align: center;\n\t\t\t\t\twidth: 50%;\n\t\t\t\t}\n\t\t\t\t#gallery-5 img {\n\t\t\t\t\tborder: 2px solid #cfcfcf;\n\t\t\t\t}\n\t\t\t\t#gallery-5 .gallery-caption {\n\t\t\t\t\tmargin-left: 0;\n\t\t\t\t}\n\t\t\t\t\/* see gallery_shortcode() in wp-includes\/media.php *\/\n\t\t\t<\/style>\n\t\t<div id='gallery-5' class='dt-gallery-container gallery galleryid-389122 gallery-columns-2 gallery-size-medium'><dl class='gallery-item'>\n\t\t\t\t<dt class='gallery-icon portrait'>\n\t\t\t\t\t<a class=\"rollover rollover-zoom dt-pswp-item\" title=\"CulturalMoto Agordo Belluno\" data-dt-img-description=\"\" data-large_image_width=\"842\" data-large_image_height=\"1191\"href='https:\/\/www.radiopiu.net\/wordpress\/wp-content\/uploads\/2024\/05\/CulturalMoto-Agordo-Belluno.jpg'><img loading=\"lazy\" decoding=\"async\" width=\"212\" height=\"300\" src=\"https:\/\/www.radiopiu.net\/wordpress\/wp-content\/uploads\/2024\/05\/CulturalMoto-Agordo-Belluno-212x300.jpg\" class=\"attachment-medium size-medium\" alt=\"\" srcset=\"https:\/\/www.radiopiu.net\/wordpress\/wp-content\/uploads\/2024\/05\/CulturalMoto-Agordo-Belluno-212x300.jpg 212w, https:\/\/www.radiopiu.net\/wordpress\/wp-content\/uploads\/2024\/05\/CulturalMoto-Agordo-Belluno-724x1024.jpg 724w, https:\/\/www.radiopiu.net\/wordpress\/wp-content\/uploads\/2024\/05\/CulturalMoto-Agordo-Belluno-768x1086.jpg 768w, https:\/\/www.radiopiu.net\/wordpress\/wp-content\/uploads\/2024\/05\/CulturalMoto-Agordo-Belluno.jpg 842w\" sizes=\"auto, (max-width: 212px) 100vw, 212px\" \/><\/a>\n\t\t\t\t<\/dt><\/dl><dl class='gallery-item'>\n\t\t\t\t<dt class='gallery-icon portrait'>\n\t\t\t\t\t<a class=\"rollover rollover-zoom dt-pswp-item\" title=\"Giacomo Agostini CulturalMoto\" data-dt-img-description=\"\" data-large_image_width=\"526\" data-large_image_height=\"701\"href='https:\/\/www.radiopiu.net\/wordpress\/wp-content\/uploads\/2024\/05\/Giacomo-Agostini-CulturalMoto.jpg'><img loading=\"lazy\" decoding=\"async\" width=\"225\" height=\"300\" src=\"https:\/\/www.radiopiu.net\/wordpress\/wp-content\/uploads\/2024\/05\/Giacomo-Agostini-CulturalMoto-225x300.jpg\" class=\"attachment-medium size-medium\" alt=\"\" srcset=\"https:\/\/www.radiopiu.net\/wordpress\/wp-content\/uploads\/2024\/05\/Giacomo-Agostini-CulturalMoto-225x300.jpg 225w, https:\/\/www.radiopiu.net\/wordpress\/wp-content\/uploads\/2024\/05\/Giacomo-Agostini-CulturalMoto.jpg 526w\" sizes=\"auto, (max-width: 225px) 100vw, 225px\" \/><\/a>\n\t\t\t\t<\/dt><\/dl><br style=\"clear: both\" \/>\n\t\t\t<\/div>\n\n<p>&nbsp;<\/p>\n<hr \/>\n<p>&nbsp;<\/p>\n\n\t\t\t<style type='text\/css'>\n\t\t\t\t#gallery-6 {\n\t\t\t\t\tmargin: auto;\n\t\t\t\t}\n\t\t\t\t#gallery-6 .gallery-item {\n\t\t\t\t\tfloat: left;\n\t\t\t\t\tmargin-top: 10px;\n\t\t\t\t\ttext-align: center;\n\t\t\t\t\twidth: 100%;\n\t\t\t\t}\n\t\t\t\t#gallery-6 img {\n\t\t\t\t\tborder: 2px solid #cfcfcf;\n\t\t\t\t}\n\t\t\t\t#gallery-6 .gallery-caption {\n\t\t\t\t\tmargin-left: 0;\n\t\t\t\t}\n\t\t\t\t\/* see gallery_shortcode() in wp-includes\/media.php *\/\n\t\t\t<\/style>\n\t\t<div id='gallery-6' class='dt-gallery-container gallery galleryid-389122 gallery-columns-1 gallery-size-medium'><dl class='gallery-item'>\n\t\t\t\t<dt class='gallery-icon portrait'>\n\t\t\t\t\t<a class=\"rollover rollover-zoom dt-pswp-item\" title=\"f2117638-681b-40d0-918c-1188d4fabc52\" data-dt-img-description=\"\" data-large_image_width=\"1128\" data-large_image_height=\"1600\"href='https:\/\/www.radiopiu.net\/wordpress\/wp-content\/uploads\/2024\/05\/f2117638-681b-40d0-918c-1188d4fabc52-1.jpg'><img loading=\"lazy\" decoding=\"async\" width=\"212\" height=\"300\" src=\"https:\/\/www.radiopiu.net\/wordpress\/wp-content\/uploads\/2024\/05\/f2117638-681b-40d0-918c-1188d4fabc52-1-212x300.jpg\" class=\"attachment-medium size-medium\" alt=\"\" srcset=\"https:\/\/www.radiopiu.net\/wordpress\/wp-content\/uploads\/2024\/05\/f2117638-681b-40d0-918c-1188d4fabc52-1-212x300.jpg 212w, https:\/\/www.radiopiu.net\/wordpress\/wp-content\/uploads\/2024\/05\/f2117638-681b-40d0-918c-1188d4fabc52-1-722x1024.jpg 722w, https:\/\/www.radiopiu.net\/wordpress\/wp-content\/uploads\/2024\/05\/f2117638-681b-40d0-918c-1188d4fabc52-1-768x1089.jpg 768w, https:\/\/www.radiopiu.net\/wordpress\/wp-content\/uploads\/2024\/05\/f2117638-681b-40d0-918c-1188d4fabc52-1-1083x1536.jpg 1083w, https:\/\/www.radiopiu.net\/wordpress\/wp-content\/uploads\/2024\/05\/f2117638-681b-40d0-918c-1188d4fabc52-1.jpg 1128w\" sizes=\"auto, (max-width: 212px) 100vw, 212px\" \/><\/a>\n\t\t\t\t<\/dt><\/dl><br style=\"clear: both\" \/>\n\t\t\t<\/div>\n\n<p>&nbsp;<\/p>\n<hr \/>\n<p>&nbsp;<\/p>\n<h2><span style=\"color: #ff6600;\">IERI ALLA RADIO\u00a0<\/span><\/h2>\n<h2><span style=\"color: #993300;\">CIAK SI GIRA, IL PROGRAMMA DI PAOLA LANCIATO<\/span><\/h2>\n<p><strong><a class=\"dt-pswp-item\" href=\"https:\/\/www.radiopiu.net\/wordpress\/wp-content\/uploads\/2024\/05\/BALLA-COI-LUPI.jpg\" data-dt-img-description=\"\" data-large_image_width=\"500\" data-large_image_height=\"750\"><img loading=\"lazy\" decoding=\"async\" class=\" wp-image-389192 alignleft\" src=\"https:\/\/www.radiopiu.net\/wordpress\/wp-content\/uploads\/2024\/05\/BALLA-COI-LUPI-200x300.jpg\" alt=\"\" width=\"98\" height=\"147\" srcset=\"https:\/\/www.radiopiu.net\/wordpress\/wp-content\/uploads\/2024\/05\/BALLA-COI-LUPI-200x300.jpg 200w, https:\/\/www.radiopiu.net\/wordpress\/wp-content\/uploads\/2024\/05\/BALLA-COI-LUPI.jpg 500w\" sizes=\"auto, (max-width: 98px) 100vw, 98px\" \/><\/a>09 MAGGIO BALLA COI LUPI<\/strong><\/p>\n<audio class=\"wp-audio-shortcode\" id=\"audio-389122-12\" preload=\"none\" style=\"width: 100%;\" controls=\"controls\"><source type=\"audio\/mpeg\" src=\"https:\/\/www.radiopiu.net\/wordpress\/wp-content\/uploads\/2024\/04\/CIAK2-4.mp3?_=12\" \/><a href=\"https:\/\/www.radiopiu.net\/wordpress\/wp-content\/uploads\/2024\/04\/CIAK2-4.mp3\">https:\/\/www.radiopiu.net\/wordpress\/wp-content\/uploads\/2024\/04\/CIAK2-4.mp3<\/a><\/audio>\n<p>&nbsp;<\/p>\n<h2>LA RACCOLTA COMPLETA <a href=\"https:\/\/www.radiopiu.net\/wordpress\/ciak24\/\"><span style=\"color: #3366ff;\">CLICCA QUI<\/span><\/a><\/h2>\n<p>&nbsp;<\/p>\n<hr \/>\n<p>&nbsp;<\/p>\n<h2><span style=\"color: #800080;\">I FINE SETTIMANA DI MAGGIO AL MASO COLCUC<\/span><\/h2>\n<p><strong><a class=\"dt-pswp-item\" href=\"https:\/\/www.radiopiu.net\/wordpress\/wp-content\/uploads\/2024\/05\/caption.jpg\" data-dt-img-description=\"\" data-large_image_width=\"800\" data-large_image_height=\"600\"><img loading=\"lazy\" decoding=\"async\" class=\" wp-image-389208 alignleft\" src=\"https:\/\/www.radiopiu.net\/wordpress\/wp-content\/uploads\/2024\/05\/caption-300x225.jpg\" alt=\"\" width=\"173\" height=\"130\" srcset=\"https:\/\/www.radiopiu.net\/wordpress\/wp-content\/uploads\/2024\/05\/caption-300x225.jpg 300w, https:\/\/www.radiopiu.net\/wordpress\/wp-content\/uploads\/2024\/05\/caption-768x576.jpg 768w, https:\/\/www.radiopiu.net\/wordpress\/wp-content\/uploads\/2024\/05\/caption.jpg 800w\" sizes=\"auto, (max-width: 173px) 100vw, 173px\" \/><\/a>DI MIRKO MEZZACASA<\/strong><\/p>\n<p>OSPITE: Giulia Tasser<\/p>\n<audio class=\"wp-audio-shortcode\" id=\"audio-389122-13\" preload=\"none\" style=\"width: 100%;\" controls=\"controls\"><source type=\"audio\/mpeg\" src=\"https:\/\/www.radiopiu.net\/wordpress\/wp-content\/uploads\/2024\/05\/GIULIA-TASSER-MAGGGIO-2024.mp3?_=13\" \/><a href=\"https:\/\/www.radiopiu.net\/wordpress\/wp-content\/uploads\/2024\/05\/GIULIA-TASSER-MAGGGIO-2024.mp3\">https:\/\/www.radiopiu.net\/wordpress\/wp-content\/uploads\/2024\/05\/GIULIA-TASSER-MAGGGIO-2024.mp3<\/a><\/audio>\n<p>&nbsp;<\/p>\n<p><span style=\"color: #ff0000;\"><strong>DALL&#8217;ARCHIVIO RADIO PIU&#8217;<\/strong><\/span><\/p>\n<blockquote class=\"wp-embedded-content\" data-secret=\"h3xB0PIW6L\"><p><a href=\"https:\/\/www.radiopiu.net\/wordpress\/i-fratelli-tasser-le-capre-e-il-maso-a-colcuc\/\">I FRATELLI TASSER, LE CAPRE E IL MASO A COLCUC<\/a><\/p><\/blockquote>\n<p><iframe loading=\"lazy\" class=\"wp-embedded-content\" sandbox=\"allow-scripts\" security=\"restricted\" style=\"position: absolute; clip: rect(1px, 1px, 1px, 1px);\" title=\"&#8220;I FRATELLI TASSER, LE CAPRE E IL MASO A COLCUC&#8221; &#8212; Radio Pi\u00f9\" src=\"https:\/\/www.radiopiu.net\/wordpress\/i-fratelli-tasser-le-capre-e-il-maso-a-colcuc\/embed\/#?secret=tMHCFkQLQj#?secret=h3xB0PIW6L\" data-secret=\"h3xB0PIW6L\" width=\"600\" height=\"338\" frameborder=\"0\" marginwidth=\"0\" marginheight=\"0\" scrolling=\"no\"><\/iframe><\/p>\n<p>&nbsp;<\/p>\n<hr \/>\n<p>&nbsp;<\/p>\n<h2><span style=\"color: #008080;\">GLI APPUNTAMENTI CON IL MUSAL<\/span><\/h2>\n<p><strong><a class=\"dt-pswp-item\" href=\"https:\/\/www.radiopiu.net\/wordpress\/wp-content\/uploads\/2022\/09\/Il-Musal-e-la-chiesa-di-papa-Luciani.jpg\" data-dt-img-description=\"\" data-large_image_width=\"1440\" data-large_image_height=\"1080\"><img loading=\"lazy\" decoding=\"async\" class=\" wp-image-295532 alignleft\" src=\"https:\/\/www.radiopiu.net\/wordpress\/wp-content\/uploads\/2022\/09\/Il-Musal-e-la-chiesa-di-papa-Luciani-300x225.jpg\" alt=\"\" width=\"151\" height=\"113\" srcset=\"https:\/\/www.radiopiu.net\/wordpress\/wp-content\/uploads\/2022\/09\/Il-Musal-e-la-chiesa-di-papa-Luciani-300x225.jpg 300w, https:\/\/www.radiopiu.net\/wordpress\/wp-content\/uploads\/2022\/09\/Il-Musal-e-la-chiesa-di-papa-Luciani-1024x768.jpg 1024w, https:\/\/www.radiopiu.net\/wordpress\/wp-content\/uploads\/2022\/09\/Il-Musal-e-la-chiesa-di-papa-Luciani-768x576.jpg 768w, https:\/\/www.radiopiu.net\/wordpress\/wp-content\/uploads\/2022\/09\/Il-Musal-e-la-chiesa-di-papa-Luciani.jpg 1440w\" sizes=\"auto, (max-width: 151px) 100vw, 151px\" \/><\/a>DI MIRKO MEZZACASA<\/strong><\/p>\n<p>OSPITE: <span style=\"color: #000000;\">Loris Serafini Direttore del Musal, Museo Beato Albino Luciani<\/span><\/p>\n<audio class=\"wp-audio-shortcode\" id=\"audio-389122-14\" preload=\"none\" style=\"width: 100%;\" controls=\"controls\"><source type=\"audio\/mpeg\" src=\"https:\/\/www.radiopiu.net\/wordpress\/wp-content\/uploads\/2024\/05\/loris-serafini-maggio-2024.mp3?_=14\" \/><a href=\"https:\/\/www.radiopiu.net\/wordpress\/wp-content\/uploads\/2024\/05\/loris-serafini-maggio-2024.mp3\">https:\/\/www.radiopiu.net\/wordpress\/wp-content\/uploads\/2024\/05\/loris-serafini-maggio-2024.mp3<\/a><\/audio>\n<p>&nbsp;<\/p>\n<p>&nbsp;<\/p>\n<blockquote class=\"wp-embedded-content\" data-secret=\"sNuGRcvJQw\"><p><a href=\"https:\/\/www.radiopiu.net\/wordpress\/simone-luciani-1\/\">SIMONE, CLAUDIO, NICOLA &#8211; PESCATORI DA RECORD, FOTO<\/a><\/p><\/blockquote>\n<p><iframe loading=\"lazy\" class=\"wp-embedded-content\" sandbox=\"allow-scripts\" security=\"restricted\" style=\"position: absolute; clip: rect(1px, 1px, 1px, 1px);\" title=\"&#8220;SIMONE, CLAUDIO, NICOLA &#8211; PESCATORI DA RECORD, FOTO&#8221; &#8212; Radio Pi\u00f9\" src=\"https:\/\/www.radiopiu.net\/wordpress\/simone-luciani-1\/embed\/#?secret=KvfJAPLBpV#?secret=sNuGRcvJQw\" data-secret=\"sNuGRcvJQw\" width=\"600\" height=\"338\" frameborder=\"0\" marginwidth=\"0\" marginheight=\"0\" scrolling=\"no\"><\/iframe><\/p>\n<p>&nbsp;<\/p>\n<p>&nbsp;<\/p>\n<hr \/>\n<p>&nbsp;<\/p>\n<h2><span style=\"color: #ff0000;\"><a class=\"dt-pswp-item\" href=\"https:\/\/www.radiopiu.net\/wordpress\/wp-content\/uploads\/2018\/09\/appuntamenti.jpeg\" data-dt-img-description=\"\" data-large_image_width=\"800\" data-large_image_height=\"100\"><img loading=\"lazy\" decoding=\"async\" class=\"wp-image-61958 size-full aligncenter\" src=\"https:\/\/www.radiopiu.net\/wordpress\/wp-content\/uploads\/2018\/09\/appuntamenti.jpeg\" alt=\"\" width=\"800\" height=\"100\" srcset=\"https:\/\/www.radiopiu.net\/wordpress\/wp-content\/uploads\/2018\/09\/appuntamenti.jpeg 800w, https:\/\/www.radiopiu.net\/wordpress\/wp-content\/uploads\/2018\/09\/appuntamenti-300x38.jpeg 300w, https:\/\/www.radiopiu.net\/wordpress\/wp-content\/uploads\/2018\/09\/appuntamenti-768x96.jpeg 768w\" sizes=\"auto, (max-width: 800px) 100vw, 800px\" \/><\/a><\/span><\/h2>\n<div>\n<div class=\"\" dir=\"auto\">\n<div id=\":r9h:\" class=\"x1iorvi4 x1pi30zi x1l90r2v x1swvt13\" data-ad-comet-preview=\"message\" data-ad-preview=\"message\">\n<p>&nbsp;<\/p>\n<p>&nbsp;<\/p>\n<div class=\"x78zum5 xdt5ytf xz62fqu x16ldp7u\">\n<div class=\"xu06os2 x1ok221b\">\n\n\t\t\t<style type='text\/css'>\n\t\t\t\t#gallery-7 {\n\t\t\t\t\tmargin: auto;\n\t\t\t\t}\n\t\t\t\t#gallery-7 .gallery-item {\n\t\t\t\t\tfloat: left;\n\t\t\t\t\tmargin-top: 10px;\n\t\t\t\t\ttext-align: center;\n\t\t\t\t\twidth: 50%;\n\t\t\t\t}\n\t\t\t\t#gallery-7 img {\n\t\t\t\t\tborder: 2px solid #cfcfcf;\n\t\t\t\t}\n\t\t\t\t#gallery-7 .gallery-caption {\n\t\t\t\t\tmargin-left: 0;\n\t\t\t\t}\n\t\t\t\t\/* see gallery_shortcode() in wp-includes\/media.php *\/\n\t\t\t<\/style>\n\t\t<div id='gallery-7' class='dt-gallery-container gallery galleryid-389122 gallery-columns-2 gallery-size-thumbnail'><dl class='gallery-item'>\n\t\t\t\t<dt class='gallery-icon portrait'>\n\t\t\t\t\t<a class=\"rollover rollover-zoom dt-pswp-item\" title=\"437146738_2577149032445332_1917642300626249383_n\" data-dt-img-description=\"\" data-large_image_width=\"509\" data-large_image_height=\"720\"href='https:\/\/www.radiopiu.net\/wordpress\/wp-content\/uploads\/2024\/04\/437146738_2577149032445332_1917642300626249383_n.jpg'><img loading=\"lazy\" decoding=\"async\" width=\"150\" height=\"150\" src=\"https:\/\/www.radiopiu.net\/wordpress\/wp-content\/uploads\/2024\/04\/437146738_2577149032445332_1917642300626249383_n-150x150.jpg\" class=\"attachment-thumbnail size-thumbnail\" alt=\"\" aria-describedby=\"gallery-7-387164\" \/><\/a>\n\t\t\t\t<\/dt>\n\t\t\t\t\t<dd class='wp-caption-text gallery-caption' id='gallery-7-387164'>\n\t\t\t\t\tDA VENERDI 3 MAGGIO VIA AL MAGGIO AGORDINO CON I PERITI MINERARI\n\t\t\t\t\t<\/dd><\/dl><dl class='gallery-item'>\n\t\t\t\t<dt class='gallery-icon portrait'>\n\t\t\t\t\t<a class=\"rollover rollover-zoom dt-pswp-item\" title=\"532d59c3-32a5-4ff5-9d92-ef84dc9468ea\" data-dt-img-description=\"\" data-large_image_width=\"1080\" data-large_image_height=\"1526\"href='https:\/\/www.radiopiu.net\/wordpress\/wp-content\/uploads\/2024\/05\/532d59c3-32a5-4ff5-9d92-ef84dc9468ea.jpg'><img loading=\"lazy\" decoding=\"async\" width=\"150\" height=\"150\" src=\"https:\/\/www.radiopiu.net\/wordpress\/wp-content\/uploads\/2024\/05\/532d59c3-32a5-4ff5-9d92-ef84dc9468ea-150x150.jpg\" class=\"attachment-thumbnail size-thumbnail\" alt=\"\" aria-describedby=\"gallery-7-388210\" \/><\/a>\n\t\t\t\t<\/dt>\n\t\t\t\t\t<dd class='wp-caption-text gallery-caption' id='gallery-7-388210'>\n\t\t\t\t\tTORNEO DEI FRAZIONISTI, LA FESTAS SUL BROI\n\t\t\t\t\t<\/dd><\/dl><br style=\"clear: both\" \/>\n\t\t\t<\/div>\n\n<p><strong>AGORDO<\/strong> Domenica escursione con il Cai di Agordo all&#8217;anello sorgente del Gorgazzo- Mezzomonte, gruppo prealpi pordenonesi<\/p>\n<p><strong>BELLUNO <\/strong>Torna, con la terza edizione, la rassegna Libri in zattera a Borgo Piave che vedr\u00e0 oggi alle 18.15, in via Uniera dei Zater 6 \u201cda Rosalina\u201d, la presentazione del libro \u201cDon Claudio e la luna\u201d di Fabio Bristot &#8211; Rufus, un ricordo di don Claudio Sacco, sacerdote della diocesi di Belluno-Feltre deceduto il 2 dicembre 2009, travolto da una valanga di enormi dimensioni nel corso di una gita scialpinistica, in una notte di luna piena, sul Monte Pore.<\/p>\n<\/div>\n<\/div>\n<\/div>\n<\/div>\n<\/div>\n<p><strong>AGORDO<\/strong> MAGGIO AGORDINO, CONOSCERE IL TERRITORIO, CON L&#8217;ASSOCIAZIONE PERITI MINERARI DI AGORDO QUATTRO APPUNTAMENTI, PER QUATTRO VENERDI ALLE 20.30 IN SALA DON TAMIS, AD AGORDO, CON INGRESSO LIBERO A TUTTI\u00a0 OGGI UNA SERATA TRA I BOSCHI CHE CAMBIANO, I BOSCHI DELLE DOLOMITI professor Luca Canzan VENERDI 17 MAGGIO LA METEOLOROGIA ALPINA, UN UNIVERSO SFACETTATO QUANTO LA MONTAGNA STESSA con il dottor Robert Thierry Luciani VENERDI 24 MAGGIO ENERGIA E AMBIENTE DI MONTAGNA con l&#8217;ingegner Adriano Luchetta MAGGIO AGORDINO&#8230; CON L&#8217;APIM, I VENERDI DI SERA IN SALA DON TAMIS<\/p>\n<p><strong>BELLUNO<\/strong> Mostra &#8220;Mater: maternit\u00e0 che capolavoro!&#8221; promossa per contrastare la denatalit\u00e0. Evento organizzato dall&#8217;associazione Centro Aiuto alla Vita, con diverse collaborazioni. Scopo: promuovere cultura della vita. Mostra curata da Barbara Bortot, espone opere di artisti professionisti e scolari. Inaugurazione domani a palazzo Bembo, con esibizioni e premiazioni. Maternit\u00e0 vista come bene comune. Accessibile dal 14 al 24 maggio. Orari: mar, gio, ven 9-12:30, 14:30-18; mer 9-12:30.<\/p>\n<p><strong>FELTRE<\/strong> L&#8217;eclissi totale di Sole \u00e8 uno spettacolo emozionante e primordiale, e l&#8217;Associazione Rheticus presenter\u00e0 il resoconto scientifico della spedizione in Texas per osservarla. Saranno proiettate le migliori immagini dell&#8217;eclissi e verranno mostrati momenti significativi del viaggio. Una simulazione dell&#8217;eclissi totale dar\u00e0 un&#8217;idea dell&#8217;atmosfera durante il fenomeno. Apuntamento domani alle 21 al Centro Astronomico di Feltre<\/p>\n<p><strong>BELLUNO<\/strong> Oggi e domani alle 21 al teatro San Gaetano di Castion, le Pubbliche Bugie, la storica compagnia teatrale della frazione bellunese, porteranno in scena il loro nuovo lavoro, \u201cAll\u2019ombra di Cyrano\u201d, tratto dal Cyrano de Bergerac di Edmond Rostand.<\/p>\n<p><strong>FELTRE\u00a0<\/strong> Domenica 12 maggio 2024 torna la Fiera dell\u2019Oggetto Ritrovato. Dall\u2019alba al tramonto, nel Centro storico di Feltre l\u2019appuntamento mensile con l\u2019antiquariato e l\u2019usato, che da 12 anni riempie la citt\u00e0 vecchia.\u00a0 Anche per questa edizione sono previsti circa 90 espositori da Veneto e Trentino.<\/p>\n<p><strong>BELLUNO<\/strong> SABATAMBIENTALI 2024 con il centro turistico giovanile.\u00a0 Escursioni nella natura, arte, storia e tradizioni della Val Belluna e dintorni. Sabato a CORNOLADE: tra forre, cascate e scaglia rossa. Referente: Anacleto Boranga (cell. 340\/8769665)<\/p>\n<p>&nbsp;<\/p>\n<h2><span style=\"color: #ff0000;\">PROSSIMAMENTE<\/span><\/h2>\n<p><strong>SOSPIROLO <\/strong>Gioved\u00ec 16 maggio 2024 ore 20.30 al Centro civico di Sospirolo si terr\u00e0 la presentazione del libro &#8220;La scacchiera sotto il calicanto&#8221; di Giovanni Lorusso. La presentazione \u00e8 curata da Federico Brancaleone, Lucia Mezzacasa legge alcuni brani tratti dai racconti mentre tre attori della compagnia TeatroBis proporranno un racconto teatralizzato. La serata, ad ingresso libero, \u00e8 promossa dalla Pro Loco Monti del Sole e gode del patrocinio del Comune di Sospirolo.<\/p>\n<p>&nbsp;<\/p>\n<p>&nbsp;<\/p>\n<hr \/>\n<p>&nbsp;<\/p>\n<p><a class=\"dt-pswp-item\" href=\"https:\/\/www.radiopiu.net\/wordpress\/wp-content\/uploads\/2018\/09\/viabilita.jpeg\" data-dt-img-description=\"\" data-large_image_width=\"800\" data-large_image_height=\"100\"><img loading=\"lazy\" decoding=\"async\" class=\"aligncenter wp-image-61954 size-full\" src=\"https:\/\/www.radiopiu.net\/wordpress\/wp-content\/uploads\/2018\/09\/viabilita.jpeg\" alt=\"\" width=\"800\" height=\"100\" srcset=\"https:\/\/www.radiopiu.net\/wordpress\/wp-content\/uploads\/2018\/09\/viabilita.jpeg 800w, https:\/\/www.radiopiu.net\/wordpress\/wp-content\/uploads\/2018\/09\/viabilita-300x38.jpeg 300w, https:\/\/www.radiopiu.net\/wordpress\/wp-content\/uploads\/2018\/09\/viabilita-768x96.jpeg 768w\" sizes=\"auto, (max-width: 800px) 100vw, 800px\" \/><\/a><\/p>\n<p>&nbsp;<\/p>\n<p><a class=\"dt-pswp-item\" href=\"https:\/\/www.radiopiu.net\/wordpress\/wp-content\/uploads\/2023\/12\/botol-car-service.jpg\" data-dt-img-description=\"\" data-large_image_width=\"600\" data-large_image_height=\"600\"><img loading=\"lazy\" decoding=\"async\" class=\"size-medium wp-image-367044 aligncenter\" src=\"https:\/\/www.radiopiu.net\/wordpress\/wp-content\/uploads\/2023\/12\/botol-car-service-300x300.jpg\" alt=\"\" width=\"300\" height=\"300\" srcset=\"https:\/\/www.radiopiu.net\/wordpress\/wp-content\/uploads\/2023\/12\/botol-car-service-300x300.jpg 300w, https:\/\/www.radiopiu.net\/wordpress\/wp-content\/uploads\/2023\/12\/botol-car-service-150x150.jpg 150w, https:\/\/www.radiopiu.net\/wordpress\/wp-content\/uploads\/2023\/12\/botol-car-service.jpg 600w\" sizes=\"auto, (max-width: 300px) 100vw, 300px\" \/><\/a><\/p>\n<p>&nbsp;<\/p>\n<p>&nbsp;<\/p>\n<h1>BOLLETTINO QUOTIDIANO, CLICCA QUI<\/h1>\n<blockquote class=\"wp-embedded-content\" data-secret=\"0ebhoWFGvG\"><p><a href=\"https:\/\/www.radiopiu.net\/wordpress\/viabilita\/\">viabilita<\/a><\/p><\/blockquote>\n<p><iframe loading=\"lazy\" class=\"wp-embedded-content\" sandbox=\"allow-scripts\" security=\"restricted\" style=\"position: absolute; clip: rect(1px, 1px, 1px, 1px);\" title=\"&#8220;viabilita&#8221; &#8212; Radio Pi\u00f9\" src=\"https:\/\/www.radiopiu.net\/wordpress\/viabilita\/embed\/#?secret=2p28Yjo1AZ#?secret=0ebhoWFGvG\" data-secret=\"0ebhoWFGvG\" width=\"600\" height=\"338\" frameborder=\"0\" marginwidth=\"0\" marginheight=\"0\" scrolling=\"no\"><\/iframe><\/p>\n<p>&nbsp;<\/p>\n<p>&nbsp;<\/p>\n<p>&nbsp;<\/p>\n<hr \/>\n<p>&nbsp;<\/p>\n<p><a class=\"dt-pswp-item\" href=\"https:\/\/www.radiopiu.net\/wordpress\/wp-content\/uploads\/2018\/09\/WhatsApp-Image-2018-09-20-at-16.04.06.jpeg\" data-dt-img-description=\"\" data-large_image_width=\"800\" data-large_image_height=\"100\"><img loading=\"lazy\" decoding=\"async\" class=\"wp-image-61378 size-full aligncenter\" src=\"https:\/\/www.radiopiu.net\/wordpress\/wp-content\/uploads\/2018\/09\/WhatsApp-Image-2018-09-20-at-16.04.06.jpeg\" alt=\"\" width=\"800\" height=\"100\" srcset=\"https:\/\/www.radiopiu.net\/wordpress\/wp-content\/uploads\/2018\/09\/WhatsApp-Image-2018-09-20-at-16.04.06.jpeg 800w, https:\/\/www.radiopiu.net\/wordpress\/wp-content\/uploads\/2018\/09\/WhatsApp-Image-2018-09-20-at-16.04.06-300x38.jpeg 300w, https:\/\/www.radiopiu.net\/wordpress\/wp-content\/uploads\/2018\/09\/WhatsApp-Image-2018-09-20-at-16.04.06-768x96.jpeg 768w\" sizes=\"auto, (max-width: 800px) 100vw, 800px\" \/><\/a><\/p>\n<p><center><\/center><center><\/center><center><\/center><center><\/center><center><\/center><center><\/center>&nbsp;<\/p>\n<p><center><\/center><center><\/center><center><\/center><center><\/center><center><b>OGGI<\/b><\/center>Tempo decisamente migliore con sole, alcune velature e modesta attivit\u00e0 cumuliforme nelle ore pi\u00f9 calde su Dolomiti, maggiore presenza di stratocumuli e di qualche addensamento sulle Prealpi a ridosso della pedemontana.<br \/>\n<b>Precipitazioni: <\/b>Assenti, salvo remota possibilit\u00e0 di isolati piovaschi su Prealpi<br \/>\n<b>Temperature: <\/b>In ulteriore generale lieve aumento.<\/p>\n<hr \/>\n<p><center><b>DOMANI<\/b><\/center>Tempo in prevalenza soleggiato e stabile con cielo poco nuvoloso per qualche temporaneo annuvolamento medio-alto e transito di banchi di cirri, senza grandi effetti. Ridotta attivit\u00e0 convettiva e minore presenza di cumuli.<br \/>\n<b>Precipitazioni: <\/b>Assenti<br \/>\n<b>Temperature: <\/b>In ulteriore innalzamento a tutte le quote con un paio di gradi in pi\u00f9 rispetto a venerd\u00ec.<\/p>\n<hr \/>\n<p><center><b>DOMENICA<\/b><\/center>Tempo ben soleggiato con cielo sereno al mattino, poi riduzione del soleggiamento per attivit\u00e0 cumuliforme pomeridiana, perlopi\u00f9 modesta sulle Dolomiti e pi\u00f9 intensa sulle Prealpi, dove il rischio per qualche isolato fenomeno convettivo sembrerebbe comunque assai limitato. Temperature in ulteriore lieve aumento.<\/p>\n<hr \/>\n<p><center><b>LUNEDI<\/b><\/center>Tratti soleggiati mattutini sempre pi\u00f9 residui e crescente nuvolosit\u00e0 sia stratiforme che cumuliforme e ritorno dell&#8217;instabilit\u00e0 con rovesci\/temporali, gi\u00e0 entro le ore centrali del giorno qua e l\u00e0, in maniera pi\u00f9 diffusa al pomeriggio\/sera. la neve cadr\u00e0 solo sulle cime dolomitiche pi\u00f9 alte. Temperature minime in rialzo e massime in leggera flessione.<\/p>\n<p>&nbsp;<\/p>\n<hr \/>\n<p>&nbsp;<\/p>\n<p><img loading=\"lazy\" decoding=\"async\" class=\"wp-image-60761 size-full aligncenter\" src=\"https:\/\/www.radiopiu.net\/wordpress\/wp-content\/uploads\/2018\/09\/sport.jpg\" alt=\"\" width=\"800\" height=\"100\" srcset=\"https:\/\/www.radiopiu.net\/wordpress\/wp-content\/uploads\/2018\/09\/sport.jpg 800w, https:\/\/www.radiopiu.net\/wordpress\/wp-content\/uploads\/2018\/09\/sport-300x38.jpg 300w, https:\/\/www.radiopiu.net\/wordpress\/wp-content\/uploads\/2018\/09\/sport-768x96.jpg 768w\" sizes=\"auto, (max-width: 800px) 100vw, 800px\" \/><\/p>\n<h3><span style=\"color: #0000ff;\"><strong>\u00a0 \u00a0\u00a0<\/strong><\/span><\/h3>\n<p>&nbsp;<\/p>\n<blockquote>\n<h3><a class=\"dt-pswp-item\" href=\"https:\/\/www.radiopiu.net\/wordpress\/wp-content\/uploads\/2024\/05\/th-3.jpg\" data-dt-img-description=\"\" data-large_image_width=\"270\" data-large_image_height=\"180\"><img loading=\"lazy\" decoding=\"async\" class=\" wp-image-389270 alignleft\" src=\"https:\/\/www.radiopiu.net\/wordpress\/wp-content\/uploads\/2024\/05\/th-3.jpg\" alt=\"\" width=\"230\" height=\"153\" \/><\/a>GUARDIA DI FINANZA: E&#8217; AMBRA SABATINI LA PORTABANDIERA DELL\u2019ITALIA ALLE<br \/>\nPROSSIME PARALIMPIADI<\/h3>\n<\/blockquote>\n<p>Sar\u00e0 l\u2019atleta delle Fiamme Gialle la portabandiera dell\u2019Italia alle prossime Paralimpiadi che si svolgeranno a<br \/>\nParigi dal 28 agosto all\u20198 settembre p.v. La decisione \u00e8 stata comunicata oggi dal Presidente del C.I.P. Luca<br \/>\nPancalli, dopo la riunione della Giunta Nazionale del Comitato Paralimpico.<br \/>\nInsieme ad Ambra, alfiere italiano \u00e8 stato designato Luca Mazzone, del Circolo Canottieri Aniene, tre volte oro<br \/>\nparalimpico nell&#8217;handbike.<\/p>\n<p>&nbsp;<\/p>\n<p>&nbsp;<\/p>\n<p><span style=\"color: #0000ff;\"><strong>PALLAVOLO<\/strong><\/span><\/p>\n<blockquote>\n<h3>FABIO BISI, UN VERO CAPITANO<\/h3>\n<\/blockquote>\n<p><a class=\"dt-pswp-item\" href=\"https:\/\/www.radiopiu.net\/wordpress\/wp-content\/uploads\/2023\/12\/Il_sorriso_di_Bisi.jpg\" data-dt-img-description=\"\" data-large_image_width=\"1280\" data-large_image_height=\"855\"><img loading=\"lazy\" decoding=\"async\" class=\" wp-image-365110 alignleft\" src=\"https:\/\/www.radiopiu.net\/wordpress\/wp-content\/uploads\/2023\/12\/Il_sorriso_di_Bisi-300x200.jpg\" alt=\"\" width=\"153\" height=\"102\" srcset=\"https:\/\/www.radiopiu.net\/wordpress\/wp-content\/uploads\/2023\/12\/Il_sorriso_di_Bisi-300x200.jpg 300w, https:\/\/www.radiopiu.net\/wordpress\/wp-content\/uploads\/2023\/12\/Il_sorriso_di_Bisi-1024x684.jpg 1024w, https:\/\/www.radiopiu.net\/wordpress\/wp-content\/uploads\/2023\/12\/Il_sorriso_di_Bisi-768x513.jpg 768w, https:\/\/www.radiopiu.net\/wordpress\/wp-content\/uploads\/2023\/12\/Il_sorriso_di_Bisi.jpg 1280w\" sizes=\"auto, (max-width: 153px) 100vw, 153px\" \/><\/a>Fabio Bisi, icona del Belluno Volley, ha rapito il pubblico con il suo talento e la sua leadership. Le sue gesta tecniche, gli attacchi precisi e la calma sotto pressione hanno affascinato tutti. Pur con l&#8217;amaro della sconfitta contro la Smartsystem Fano nei playoff, Bisi guarda alla stagione con orgoglio, soprattutto per aver superato i timori di infortuni dopo una stagione precedente difficile. La sua resa in campo \u00e8 stata incisiva, contribuendo al successo della squadra. La seconda met\u00e0 della stagione \u00e8 stata divertente e gratificante, culminando nella semifinale. Bisi \u00e8 grato all&#8217;affetto dei tifosi e alla solidariet\u00e0 della comunit\u00e0 di Belluno, che ha vissuto intensamente ogni momento dei playoff. Il legame tra squadra e pubblico \u00e8 stato prezioso per lui, che si sente a casa sia sul campo che fuori, nell&#8217;abbraccio caloroso della citt\u00e0 e delle montagne che ama.<\/p>\n<p>&nbsp;<\/p>\n<hr \/>\n<p>&nbsp;<\/p>\n<h2><span style=\"color: #ff00ff;\">GOODB<\/span><span style=\"color: #ff00ff;\">YE BY BICICLE&#8230;UN VIAGGIO DALL&#8217;INDIA A SEREN DEL GRAPPA IN BICICLETTA<\/span><\/h2>\n<p><span style=\"color: #ff0000;\"><strong>PUNTATA 12 &#8211; IN ATTESA DI UNA RISPOSTA DALL&#8217;AGENZIA VIAGGI, PROSEGUE LA VISITA IN INDIA<\/strong><\/span><\/p>\n<audio class=\"wp-audio-shortcode\" id=\"audio-389122-15\" preload=\"none\" style=\"width: 100%;\" controls=\"controls\"><source type=\"audio\/mpeg\" src=\"https:\/\/www.radiopiu.net\/wordpress\/wp-content\/uploads\/2024\/04\/AIRE-INDIA-PUNTATA-12.mp3?_=15\" \/><a href=\"https:\/\/www.radiopiu.net\/wordpress\/wp-content\/uploads\/2024\/04\/AIRE-INDIA-PUNTATA-12.mp3\">https:\/\/www.radiopiu.net\/wordpress\/wp-content\/uploads\/2024\/04\/AIRE-INDIA-PUNTATA-12.mp3<\/a><\/audio>\n<p>&nbsp;<\/p>\n<p><strong>PER VISITARE I SITI DEI LUOGHI VISITATI, CLICCA SULLE SEGUENTI SCRITTE: <span style=\"color: #3366ff;\"><a href=\"https:\/\/nomoreofmore.com\/\">NO MORE OF MORE<\/a>\u00a0 \u00a0<a href=\"https:\/\/www.karmalakelands.com\/\">KARMA KELANDS<\/a>\u00a0 \u00a0<a href=\"https:\/\/www.facebook.com\/sakshambvs\">SAKSHAM BAL VIKAS SANSTHA<\/a>\u00a0 \u00a0<a href=\"https:\/\/www.scottishigh.com\/\">SCOTTISH HIGH<\/a>\u00a0 \u00a0<a href=\"https:\/\/www.instagram.com\/the_crashpad_mangar?igsh=MWJ0eXQ0Z3h2bjJhag==\">THE CASHPAD MANGAR<\/a><\/span><\/strong><\/p>\n\n\t\t\t<style type='text\/css'>\n\t\t\t\t#gallery-8 {\n\t\t\t\t\tmargin: auto;\n\t\t\t\t}\n\t\t\t\t#gallery-8 .gallery-item {\n\t\t\t\t\tfloat: left;\n\t\t\t\t\tmargin-top: 10px;\n\t\t\t\t\ttext-align: center;\n\t\t\t\t\twidth: 16%;\n\t\t\t\t}\n\t\t\t\t#gallery-8 img {\n\t\t\t\t\tborder: 2px solid #cfcfcf;\n\t\t\t\t}\n\t\t\t\t#gallery-8 .gallery-caption {\n\t\t\t\t\tmargin-left: 0;\n\t\t\t\t}\n\t\t\t\t\/* see gallery_shortcode() in wp-includes\/media.php *\/\n\t\t\t<\/style>\n\t\t<div id='gallery-8' class='dt-gallery-container gallery galleryid-389122 gallery-columns-6 gallery-size-thumbnail'><dl class='gallery-item'>\n\t\t\t\t<dt class='gallery-icon landscape'>\n\t\t\t\t\t<a class=\"rollover rollover-zoom dt-pswp-item\" title=\"87686f31-b209-4d3e-a06f-7d87a2e736f7\" data-dt-img-description=\"\" data-large_image_width=\"1600\" data-large_image_height=\"1200\"href='https:\/\/www.radiopiu.net\/wordpress\/wp-content\/uploads\/2024\/04\/87686f31-b209-4d3e-a06f-7d87a2e736f7.jpg'><img loading=\"lazy\" decoding=\"async\" width=\"150\" height=\"150\" src=\"https:\/\/www.radiopiu.net\/wordpress\/wp-content\/uploads\/2024\/04\/87686f31-b209-4d3e-a06f-7d87a2e736f7-150x150.jpg\" class=\"attachment-thumbnail size-thumbnail\" alt=\"\" \/><\/a>\n\t\t\t\t<\/dt><\/dl><dl class='gallery-item'>\n\t\t\t\t<dt class='gallery-icon landscape'>\n\t\t\t\t\t<a class=\"rollover rollover-zoom dt-pswp-item\" title=\"71bf99db-d797-48c3-8e79-5b6591726a1b\" data-dt-img-description=\"\" data-large_image_width=\"1600\" data-large_image_height=\"1200\"href='https:\/\/www.radiopiu.net\/wordpress\/wp-content\/uploads\/2024\/04\/71bf99db-d797-48c3-8e79-5b6591726a1b.jpg'><img loading=\"lazy\" decoding=\"async\" width=\"150\" height=\"150\" src=\"https:\/\/www.radiopiu.net\/wordpress\/wp-content\/uploads\/2024\/04\/71bf99db-d797-48c3-8e79-5b6591726a1b-150x150.jpg\" class=\"attachment-thumbnail size-thumbnail\" alt=\"\" \/><\/a>\n\t\t\t\t<\/dt><\/dl><dl class='gallery-item'>\n\t\t\t\t<dt class='gallery-icon landscape'>\n\t\t\t\t\t<a class=\"rollover rollover-zoom dt-pswp-item\" title=\"32f339ff-3bb6-4776-a305-ada5b04184eb\" data-dt-img-description=\"\" data-large_image_width=\"1280\" data-large_image_height=\"960\"href='https:\/\/www.radiopiu.net\/wordpress\/wp-content\/uploads\/2024\/04\/32f339ff-3bb6-4776-a305-ada5b04184eb.jpg'><img loading=\"lazy\" decoding=\"async\" width=\"150\" height=\"150\" src=\"https:\/\/www.radiopiu.net\/wordpress\/wp-content\/uploads\/2024\/04\/32f339ff-3bb6-4776-a305-ada5b04184eb-150x150.jpg\" class=\"attachment-thumbnail size-thumbnail\" alt=\"\" \/><\/a>\n\t\t\t\t<\/dt><\/dl><dl class='gallery-item'>\n\t\t\t\t<dt class='gallery-icon portrait'>\n\t\t\t\t\t<a class=\"rollover rollover-zoom dt-pswp-item\" title=\"b1cd4a36-e0d1-4293-8750-8a9745712da9\" data-dt-img-description=\"\" data-large_image_width=\"960\" data-large_image_height=\"1280\"href='https:\/\/www.radiopiu.net\/wordpress\/wp-content\/uploads\/2024\/04\/b1cd4a36-e0d1-4293-8750-8a9745712da9.jpg'><img loading=\"lazy\" decoding=\"async\" width=\"150\" height=\"150\" src=\"https:\/\/www.radiopiu.net\/wordpress\/wp-content\/uploads\/2024\/04\/b1cd4a36-e0d1-4293-8750-8a9745712da9-150x150.jpg\" class=\"attachment-thumbnail size-thumbnail\" alt=\"\" \/><\/a>\n\t\t\t\t<\/dt><\/dl><dl class='gallery-item'>\n\t\t\t\t<dt class='gallery-icon landscape'>\n\t\t\t\t\t<a class=\"rollover rollover-zoom dt-pswp-item\" title=\"b4084755-919a-4bc0-8393-8852dac18487\" data-dt-img-description=\"\" data-large_image_width=\"1600\" data-large_image_height=\"1200\"href='https:\/\/www.radiopiu.net\/wordpress\/wp-content\/uploads\/2024\/04\/b4084755-919a-4bc0-8393-8852dac18487.jpg'><img loading=\"lazy\" decoding=\"async\" width=\"150\" height=\"150\" src=\"https:\/\/www.radiopiu.net\/wordpress\/wp-content\/uploads\/2024\/04\/b4084755-919a-4bc0-8393-8852dac18487-150x150.jpg\" class=\"attachment-thumbnail size-thumbnail\" alt=\"\" \/><\/a>\n\t\t\t\t<\/dt><\/dl><dl class='gallery-item'>\n\t\t\t\t<dt class='gallery-icon portrait'>\n\t\t\t\t\t<a class=\"rollover rollover-zoom dt-pswp-item\" title=\"6c409fda-67e8-489f-8bb9-ca014829d9ac\" data-dt-img-description=\"\" data-large_image_width=\"720\" data-large_image_height=\"1280\"href='https:\/\/www.radiopiu.net\/wordpress\/wp-content\/uploads\/2024\/04\/6c409fda-67e8-489f-8bb9-ca014829d9ac.jpg'><img loading=\"lazy\" decoding=\"async\" width=\"150\" height=\"150\" src=\"https:\/\/www.radiopiu.net\/wordpress\/wp-content\/uploads\/2024\/04\/6c409fda-67e8-489f-8bb9-ca014829d9ac-150x150.jpg\" class=\"attachment-thumbnail size-thumbnail\" alt=\"\" \/><\/a>\n\t\t\t\t<\/dt><\/dl><br style=\"clear: both\" \/>\n\t\t\t<\/div>\n\n<p>&nbsp;<\/p>\n","protected":false},"excerpt":{"rendered":"<p>***** ultim&#8217;ora 06.00 &#8211;\u00a0 ELICOTTERO LEONE DI TREVISO IN VOLO PER SOCCORSO, notizia in aggiornamento &nbsp; PER RICEVERE QUESTO NOTIZIARIO DIRETTAMENTE SUL TUO CELLULARE ISCRIVITI AL CANALE TELEGRAM \u201cRADIO PIU\u00a0 INFORMAZIONE&#8221;\u00a0 \u00a0il CANALE TELEGRAM&#8230; UNISCITI A: RADIO PIU INFORMAZIONE &nbsp; &nbsp; ATTENZIONE: LA NUOVA APP PER IOS-IPHONE di Nicola Vettorello https:\/\/apps.apple.com\/it\/app\/radio-pi%C3%B9-emittente-agordina\/id1515939845 ATTENZIONE: LA NUOVA APP&hellip;<\/p>\n","protected":false},"author":4,"featured_media":389309,"comment_status":"closed","ping_status":"closed","sticky":false,"template":"","format":"standard","meta":{"_monsterinsights_skip_tracking":false,"_monsterinsights_sitenote_active":false,"_monsterinsights_sitenote_note":"","_monsterinsights_sitenote_category":0,"footnotes":""},"categories":[51,86,49],"tags":[],"class_list":["post-389122","post","type-post","status-publish","format-standard","has-post-thumbnail","hentry","category-evidenza-top","category-gr","category-news-18","category-51","category-86","category-49","description-off"],"img_url":"https:\/\/www.radiopiu.net\/wordpress\/wp-content\/uploads\/2024\/05\/Senza-nome-23.png","_links":{"self":[{"href":"https:\/\/www.radiopiu.net\/wordpress\/wp-json\/wp\/v2\/posts\/389122","targetHints":{"allow":["GET"]}}],"collection":[{"href":"https:\/\/www.radiopiu.net\/wordpress\/wp-json\/wp\/v2\/posts"}],"about":[{"href":"https:\/\/www.radiopiu.net\/wordpress\/wp-json\/wp\/v2\/types\/post"}],"author":[{"embeddable":true,"href":"https:\/\/www.radiopiu.net\/wordpress\/wp-json\/wp\/v2\/users\/4"}],"replies":[{"embeddable":true,"href":"https:\/\/www.radiopiu.net\/wordpress\/wp-json\/wp\/v2\/comments?post=389122"}],"version-history":[{"count":0,"href":"https:\/\/www.radiopiu.net\/wordpress\/wp-json\/wp\/v2\/posts\/389122\/revisions"}],"wp:featuredmedia":[{"embeddable":true,"href":"https:\/\/www.radiopiu.net\/wordpress\/wp-json\/wp\/v2\/media\/389309"}],"wp:attachment":[{"href":"https:\/\/www.radiopiu.net\/wordpress\/wp-json\/wp\/v2\/media?parent=389122"}],"wp:term":[{"taxonomy":"category","embeddable":true,"href":"https:\/\/www.radiopiu.net\/wordpress\/wp-json\/wp\/v2\/categories?post=389122"},{"taxonomy":"post_tag","embeddable":true,"href":"https:\/\/www.radiopiu.net\/wordpress\/wp-json\/wp\/v2\/tags?post=389122"}],"curies":[{"name":"wp","href":"https:\/\/api.w.org\/{rel}","templated":true}]}}