{"id":389139,"date":"2024-05-16T11:00:52","date_gmt":"2024-05-16T09:00:52","guid":{"rendered":"https:\/\/www.radiopiu.net\/wordpress\/?p=389139"},"modified":"2024-05-16T11:05:41","modified_gmt":"2024-05-16T09:05:41","slug":"389139-2","status":"publish","type":"post","link":"https:\/\/www.radiopiu.net\/wordpress\/389139-2\/","title":{"rendered":"LA GIORNATA MONDIALE DELLA BIODIVERSITA&#8217;!"},"content":{"rendered":"<p>**<\/p>\n<p>&nbsp;<\/p>\n<blockquote>\n<h2><a class=\"dt-pswp-item\" href=\"https:\/\/www.radiopiu.net\/wordpress\/wp-content\/uploads\/2024\/05\/15fa1f42-18d9-4886-846c-0bfee25aa5b0.jpg\" data-dt-img-description=\"\" data-large_image_width=\"1080\" data-large_image_height=\"1080\"><img loading=\"lazy\" decoding=\"async\" class=\" wp-image-389128 alignleft\" src=\"https:\/\/www.radiopiu.net\/wordpress\/wp-content\/uploads\/2024\/05\/15fa1f42-18d9-4886-846c-0bfee25aa5b0-300x300.jpg\" alt=\"\" width=\"227\" height=\"227\" srcset=\"https:\/\/www.radiopiu.net\/wordpress\/wp-content\/uploads\/2024\/05\/15fa1f42-18d9-4886-846c-0bfee25aa5b0-300x300.jpg 300w, https:\/\/www.radiopiu.net\/wordpress\/wp-content\/uploads\/2024\/05\/15fa1f42-18d9-4886-846c-0bfee25aa5b0-1024x1024.jpg 1024w, https:\/\/www.radiopiu.net\/wordpress\/wp-content\/uploads\/2024\/05\/15fa1f42-18d9-4886-846c-0bfee25aa5b0-150x150.jpg 150w, https:\/\/www.radiopiu.net\/wordpress\/wp-content\/uploads\/2024\/05\/15fa1f42-18d9-4886-846c-0bfee25aa5b0-768x768.jpg 768w, https:\/\/www.radiopiu.net\/wordpress\/wp-content\/uploads\/2024\/05\/15fa1f42-18d9-4886-846c-0bfee25aa5b0.jpg 1080w\" sizes=\"auto, (max-width: 227px) 100vw, 227px\" \/><\/a><\/h2>\n<h2><\/h2>\n<h2>LA GIORNATA MONDIALE DELLA BIODIVERSITA&#8217;!<\/h2>\n<\/blockquote>\n<p>SABATO 18 MAGGIO IN VARIE ZONE DELLA PROVINCIA SI TERR\u00e0 LA RACCOLTA DEI RIFIUTI ABBANDONATI, DA UN&#8217;IDEA DEGLI STUDENTI DEL centro per la formazione e la sicurezza di sedico<\/p>\n<p>VUOI ADERIRE? come volontario o come associazione? o come gruppo? chiama il CFS allo 0437 753330.<\/p>\n<p>&nbsp;<\/p>\n<p><span style=\"color: #0000ff;\"><em><strong>DAL CFS, NICOLA PELLEGRINON\u00a0 \u00a0LE ULTIME NOTIZIE, GIOVEDI 16 MAGGIO 2024<\/strong><\/em><\/span><\/p>\n<audio class=\"wp-audio-shortcode\" id=\"audio-389139-1\" preload=\"none\" style=\"width: 100%;\" controls=\"controls\"><source type=\"audio\/mpeg\" src=\"https:\/\/www.radiopiu.net\/wordpress\/wp-content\/uploads\/2024\/05\/NICOLA-PELLEGINON-2.mp3?_=1\" \/><a href=\"https:\/\/www.radiopiu.net\/wordpress\/wp-content\/uploads\/2024\/05\/NICOLA-PELLEGINON-2.mp3\">https:\/\/www.radiopiu.net\/wordpress\/wp-content\/uploads\/2024\/05\/NICOLA-PELLEGINON-2.mp3<\/a><\/audio>\n<p>&nbsp;<\/p>\n<p>&nbsp;<\/p>\n<p><strong>GLI STUDENTI DEL CFS<\/strong><\/p>\n<audio class=\"wp-audio-shortcode\" id=\"audio-389139-2\" preload=\"none\" style=\"width: 100%;\" controls=\"controls\"><source type=\"audio\/mpeg\" src=\"https:\/\/www.radiopiu.net\/wordpress\/wp-content\/uploads\/2024\/05\/RAGAZZI-CFS-SEDICO-1.mp3?_=2\" \/><a href=\"https:\/\/www.radiopiu.net\/wordpress\/wp-content\/uploads\/2024\/05\/RAGAZZI-CFS-SEDICO-1.mp3\">https:\/\/www.radiopiu.net\/wordpress\/wp-content\/uploads\/2024\/05\/RAGAZZI-CFS-SEDICO-1.mp3<\/a><\/audio>\n<p>&nbsp;<\/p>\n<p>&nbsp;<\/p>\n<hr \/>\n<p>&nbsp;<\/p>\n<p>&nbsp;<\/p>\n<h1><strong><span style=\"color: #ff0000;\">archivio radiopiu<\/span><\/strong><\/h1>\n<p>&nbsp;<\/p>\n<blockquote>\n<h3>LA GIORNATA MONDIALE DELLA BIODIVERSITA&#8217;. MERCALLI &#8220;C&#8217;E&#8217; TANTO LAVORO DA FARE&#8221;<\/h3>\n<\/blockquote>\n<p><strong>DAL CFS, NICOLA PELLEGRINON<\/strong><\/p>\n<audio class=\"wp-audio-shortcode\" id=\"audio-389139-3\" preload=\"none\" style=\"width: 100%;\" controls=\"controls\"><source type=\"audio\/mpeg\" src=\"https:\/\/www.radiopiu.net\/wordpress\/wp-content\/uploads\/2024\/05\/PELLEGRINON-1.mp3?_=3\" \/><a href=\"https:\/\/www.radiopiu.net\/wordpress\/wp-content\/uploads\/2024\/05\/PELLEGRINON-1.mp3\">https:\/\/www.radiopiu.net\/wordpress\/wp-content\/uploads\/2024\/05\/PELLEGRINON-1.mp3<\/a><\/audio>\n<p>&nbsp;<\/p>\n<p>&#8216;! SABATO 18 MAGGIO IN VARIE ZONE DELLA PROVINCIA SI TERR\u00e0 LA RACCOLTA DEI RIFIUTI ABBANDONATI, DA UN&#8217;IDEA DEGLI STUDENTI DEL centro per la formazione e la sicurezza di sedico\u00a0 VUOI ADERIRE?\u00a0 come volontario o come associazione?\u00a0 o come gruppo?\u00a0 chiama il CFS allo 0437 753330.<\/p>\n<blockquote><p><em>Luca Mercalli \u00e8 un noto meteorologo, climatologo, divulgatore scientifico e scrittore italiano. \u00c8 noto al grande pubblico per la sua attivit\u00e0 di divulgazione scientifica legata al clima, alle condizioni meteorologiche e ai cambiamenti climatici. Mercalli \u00e8 spesso presente nei media italiani, partecipando a programmi televisivi e radiofonici per discutere di tematiche legate al clima e all&#8217;ambiente. \u00c8 autore di numerosi libri e articoli scientifici e ha contribuito significativamente alla sensibilizzazione dell&#8217;opinione pubblica sui problemi legati al cambiamento climatico.<\/em><\/p><\/blockquote>\n<p><strong>L&#8217;INVITO DI LUCA MERCALLI\u00a0\u00a0<\/strong><\/p>\n<div style=\"width: 1200px;\" class=\"wp-video\"><video class=\"wp-video-shortcode\" id=\"video-389139-1\" width=\"1200\" height=\"675\" preload=\"metadata\" controls=\"controls\"><source type=\"video\/mp4\" src=\"https:\/\/www.radiopiu.net\/wordpress\/wp-content\/uploads\/2024\/05\/VID_20240504_185452.mp4?_=1\" \/><a href=\"https:\/\/www.radiopiu.net\/wordpress\/wp-content\/uploads\/2024\/05\/VID_20240504_185452.mp4\">https:\/\/www.radiopiu.net\/wordpress\/wp-content\/uploads\/2024\/05\/VID_20240504_185452.mp4<\/a><\/video><\/div>\n<p>&nbsp;<\/p>\n<p><b>CFS: la scuola edile, ma non solo. Dal percorso post scuola media ai corsi avanzati per adulti, al CFS formiamo il tuo percorso verso il successo.<\/b><\/p>\n<p>&nbsp;<\/p>\n<p>&nbsp;<\/p>\n<hr \/>\n<p>&nbsp;<\/p>\n<p>&nbsp;<\/p>\n<p>&nbsp;<\/p>\n<p>&nbsp;<\/p>\n<p>&nbsp;<\/p>\n<hr \/>\n<p>&nbsp;<\/p>\n","protected":false},"excerpt":{"rendered":"<p>** &nbsp; LA GIORNATA MONDIALE DELLA BIODIVERSITA&#8217;! SABATO 18 MAGGIO IN VARIE ZONE DELLA PROVINCIA SI TERR\u00e0 LA RACCOLTA DEI RIFIUTI ABBANDONATI, DA UN&#8217;IDEA DEGLI STUDENTI DEL centro per la formazione e la sicurezza di sedico VUOI ADERIRE? come volontario o come associazione? o come gruppo? chiama il CFS allo 0437 753330. &nbsp; DAL CFS,&hellip;<\/p>\n","protected":false},"author":4,"featured_media":389128,"comment_status":"closed","ping_status":"closed","sticky":false,"template":"","format":"standard","meta":{"_monsterinsights_skip_tracking":false,"_monsterinsights_sitenote_active":false,"_monsterinsights_sitenote_note":"","_monsterinsights_sitenote_category":0,"footnotes":""},"categories":[51,49],"tags":[],"class_list":["post-389139","post","type-post","status-publish","format-standard","has-post-thumbnail","hentry","category-evidenza-top","category-news-18","category-51","category-49","description-off"],"img_url":"https:\/\/www.radiopiu.net\/wordpress\/wp-content\/uploads\/2024\/05\/15fa1f42-18d9-4886-846c-0bfee25aa5b0.jpg","_links":{"self":[{"href":"https:\/\/www.radiopiu.net\/wordpress\/wp-json\/wp\/v2\/posts\/389139","targetHints":{"allow":["GET"]}}],"collection":[{"href":"https:\/\/www.radiopiu.net\/wordpress\/wp-json\/wp\/v2\/posts"}],"about":[{"href":"https:\/\/www.radiopiu.net\/wordpress\/wp-json\/wp\/v2\/types\/post"}],"author":[{"embeddable":true,"href":"https:\/\/www.radiopiu.net\/wordpress\/wp-json\/wp\/v2\/users\/4"}],"replies":[{"embeddable":true,"href":"https:\/\/www.radiopiu.net\/wordpress\/wp-json\/wp\/v2\/comments?post=389139"}],"version-history":[{"count":0,"href":"https:\/\/www.radiopiu.net\/wordpress\/wp-json\/wp\/v2\/posts\/389139\/revisions"}],"wp:featuredmedia":[{"embeddable":true,"href":"https:\/\/www.radiopiu.net\/wordpress\/wp-json\/wp\/v2\/media\/389128"}],"wp:attachment":[{"href":"https:\/\/www.radiopiu.net\/wordpress\/wp-json\/wp\/v2\/media?parent=389139"}],"wp:term":[{"taxonomy":"category","embeddable":true,"href":"https:\/\/www.radiopiu.net\/wordpress\/wp-json\/wp\/v2\/categories?post=389139"},{"taxonomy":"post_tag","embeddable":true,"href":"https:\/\/www.radiopiu.net\/wordpress\/wp-json\/wp\/v2\/tags?post=389139"}],"curies":[{"name":"wp","href":"https:\/\/api.w.org\/{rel}","templated":true}]}}