{"id":389181,"date":"2024-05-10T04:02:51","date_gmt":"2024-05-10T02:02:51","guid":{"rendered":"https:\/\/www.radiopiu.net\/wordpress\/?p=389181"},"modified":"2024-05-10T05:35:47","modified_gmt":"2024-05-10T03:35:47","slug":"dillo-a-radio-piu-dolomiti-bus-e-le-corse-mancanti","status":"publish","type":"post","link":"https:\/\/www.radiopiu.net\/wordpress\/dillo-a-radio-piu-dolomiti-bus-e-le-corse-mancanti\/","title":{"rendered":"DILLO A RADIO PIU&#8217;&#8230;.DOLOMITI BUS E LE CORSE MANCANTI"},"content":{"rendered":"<p>******<\/p>\n<p>&nbsp;<\/p>\n<p><strong><a class=\"dt-pswp-item\" href=\"https:\/\/www.radiopiu.net\/wordpress\/wp-content\/uploads\/2024\/04\/Dolomitibus_2.png\" data-dt-img-description=\"\" data-large_image_width=\"3024\" data-large_image_height=\"1292\"><img loading=\"lazy\" decoding=\"async\" class=\" wp-image-386941 alignleft\" src=\"https:\/\/www.radiopiu.net\/wordpress\/wp-content\/uploads\/2024\/04\/Dolomitibus_2-300x128.png\" alt=\"\" width=\"204\" height=\"87\" srcset=\"https:\/\/www.radiopiu.net\/wordpress\/wp-content\/uploads\/2024\/04\/Dolomitibus_2-300x128.png 300w, https:\/\/www.radiopiu.net\/wordpress\/wp-content\/uploads\/2024\/04\/Dolomitibus_2-1024x438.png 1024w, https:\/\/www.radiopiu.net\/wordpress\/wp-content\/uploads\/2024\/04\/Dolomitibus_2-768x328.png 768w, https:\/\/www.radiopiu.net\/wordpress\/wp-content\/uploads\/2024\/04\/Dolomitibus_2-1536x656.png 1536w, https:\/\/www.radiopiu.net\/wordpress\/wp-content\/uploads\/2024\/04\/Dolomitibus_2-2048x875.png 2048w\" sizes=\"auto, (max-width: 204px) 100vw, 204px\" \/><\/a>Riceviamo e pubblichiamo<\/strong><\/p>\n<p>Ho letto l&#8217;articolo dal titolo DOLOMITI BUS, APPROVAZIONE DEL BILANCIO 2023 E I PIANI DI INVESTIMENTO PER IL TERRITORIO. Sono basita.\u00a0 Sono mesi che non vado nella nostra casa in Agordino in quanto, come da mail che ho precedentemente inviato, alla domenica non ci sono mezzi per tornare a Belluno per prendere un treno ed andare a lavorare al luned\u00ec. Ora escono questi articoli imbarazzanti. Non ho pi\u00f9 scritto perch\u00e9 non avendo avuto nessun riscontro (non da parte vostra che, sempre gentilissimi, pubblicate sempre le istanze degli utenti) mi sono, come moltissimi altri, rassegnata. La casa \u00e8 l\u00ec ed aspetto met\u00e0 giugno (sperando!!!) per poter andare su qualche fine settimana per la necessaria manutenzione.<\/p>\n<p>P.S. la riduzione del numero dei passeggeri come indicato nell&#8217;articolo&#8230;non sar\u00e0 che &#8220;per caso&#8221; c&#8217;\u00e8 stata perch\u00e9 il servizio non esiste e le persone, esasperate si arrangiano come possono? Dolomitibus Meditate.<\/p>\n<p>Valentina S.<\/p>\n<p>&nbsp;<\/p>\n<p><span style=\"color: #ff0000;\"><strong>L&#8217;ARTICOLO A CUI SI FA RIFERIMENTO<\/strong><\/span><\/p>\n<blockquote class=\"wp-embedded-content\" data-secret=\"wHZGM748wj\"><p><a href=\"https:\/\/www.radiopiu.net\/wordpress\/dolomiti-bus-approvazione-del-bilancio-2023-e-i-piani-di-investimento-per-il-territorio\/\">DOLOMITI BUS, APPROVAZIONE DEL BILANCIO 2023 E I PIANI DI INVESTIMENTO PER IL TERRITORIO<\/a><\/p><\/blockquote>\n<p><iframe loading=\"lazy\" class=\"wp-embedded-content\" sandbox=\"allow-scripts\" security=\"restricted\" style=\"position: absolute; clip: rect(1px, 1px, 1px, 1px);\" title=\"&#8220;DOLOMITI BUS, APPROVAZIONE DEL BILANCIO 2023 E I PIANI DI INVESTIMENTO PER IL TERRITORIO&#8221; &#8212; Radio Pi\u00f9\" src=\"https:\/\/www.radiopiu.net\/wordpress\/dolomiti-bus-approvazione-del-bilancio-2023-e-i-piani-di-investimento-per-il-territorio\/embed\/#?secret=2m08VKOaHt#?secret=wHZGM748wj\" data-secret=\"wHZGM748wj\" width=\"600\" height=\"338\" frameborder=\"0\" marginwidth=\"0\" marginheight=\"0\" scrolling=\"no\"><\/iframe><\/p>\n<p>&nbsp;<\/p>\n<p>&nbsp;<\/p>\n<p>********<\/p>\n","protected":false},"excerpt":{"rendered":"<p>****** &nbsp; Riceviamo e pubblichiamo Ho letto l&#8217;articolo dal titolo DOLOMITI BUS, APPROVAZIONE DEL BILANCIO 2023 E I PIANI DI INVESTIMENTO PER IL TERRITORIO. Sono basita.\u00a0 Sono mesi che non vado nella nostra casa in Agordino in quanto, come da mail che ho precedentemente inviato, alla domenica non ci sono mezzi per tornare a Belluno&hellip;<\/p>\n","protected":false},"author":4,"featured_media":386941,"comment_status":"closed","ping_status":"closed","sticky":false,"template":"","format":"standard","meta":{"_monsterinsights_skip_tracking":false,"_monsterinsights_sitenote_active":false,"_monsterinsights_sitenote_note":"","_monsterinsights_sitenote_category":0,"footnotes":""},"categories":[104,49],"tags":[],"class_list":["post-389181","post","type-post","status-publish","format-standard","has-post-thumbnail","hentry","category-evidenza_3","category-news-18","category-104","category-49","description-off"],"img_url":"https:\/\/www.radiopiu.net\/wordpress\/wp-content\/uploads\/2024\/04\/Dolomitibus_2.png","_links":{"self":[{"href":"https:\/\/www.radiopiu.net\/wordpress\/wp-json\/wp\/v2\/posts\/389181","targetHints":{"allow":["GET"]}}],"collection":[{"href":"https:\/\/www.radiopiu.net\/wordpress\/wp-json\/wp\/v2\/posts"}],"about":[{"href":"https:\/\/www.radiopiu.net\/wordpress\/wp-json\/wp\/v2\/types\/post"}],"author":[{"embeddable":true,"href":"https:\/\/www.radiopiu.net\/wordpress\/wp-json\/wp\/v2\/users\/4"}],"replies":[{"embeddable":true,"href":"https:\/\/www.radiopiu.net\/wordpress\/wp-json\/wp\/v2\/comments?post=389181"}],"version-history":[{"count":0,"href":"https:\/\/www.radiopiu.net\/wordpress\/wp-json\/wp\/v2\/posts\/389181\/revisions"}],"wp:featuredmedia":[{"embeddable":true,"href":"https:\/\/www.radiopiu.net\/wordpress\/wp-json\/wp\/v2\/media\/386941"}],"wp:attachment":[{"href":"https:\/\/www.radiopiu.net\/wordpress\/wp-json\/wp\/v2\/media?parent=389181"}],"wp:term":[{"taxonomy":"category","embeddable":true,"href":"https:\/\/www.radiopiu.net\/wordpress\/wp-json\/wp\/v2\/categories?post=389181"},{"taxonomy":"post_tag","embeddable":true,"href":"https:\/\/www.radiopiu.net\/wordpress\/wp-json\/wp\/v2\/tags?post=389181"}],"curies":[{"name":"wp","href":"https:\/\/api.w.org\/{rel}","templated":true}]}}