{"id":389288,"date":"2024-05-11T05:29:16","date_gmt":"2024-05-11T03:29:16","guid":{"rendered":"https:\/\/www.radiopiu.net\/wordpress\/?p=389288"},"modified":"2024-05-11T08:03:23","modified_gmt":"2024-05-11T06:03:23","slug":"giornale-radiopiu-11-maggio-2024-direttore-mirko-mezzacasada-40-anni-25-giugno-1983-25-giugno-2023","status":"publish","type":"post","link":"https:\/\/www.radiopiu.net\/wordpress\/giornale-radiopiu-11-maggio-2024-direttore-mirko-mezzacasada-40-anni-25-giugno-1983-25-giugno-2023\/","title":{"rendered":"GIORNALE RADIOPIU 11 MAGGIO 2024 DIRETTORE MIRKO MEZZACASA\u2026DA 40 ANNI 25 GIUGNO 1983-25 GIUGNO 2023"},"content":{"rendered":"<p>*****<\/p>\n<div class=\"page-title-head hgroup\">\n<h1 class=\"entry-title\">SPETTACOLO CELESTE: UN\u2019INCREDIBILE AURORA BOREALE<\/h1>\n<blockquote><p><em><strong>La magia delle luci del nord arriva anche da noi, grazie a una tempesta solare eccezionale<\/strong><\/em><\/p><\/blockquote>\n<p><strong>di CLAUDIO PRA<\/strong><\/p>\n<p>Un&#8217; incredibile aurora boreale \u00e9 arrivata anche da noi tra la serata di venerd\u00ec e la nottata di sabato. La grande macchia solare di cui avevo mandato la foto proprio ieri a Radio Pi\u00f9 \u00e8 la responsabile avendo scagliato verso la Terra una tempesta di particelle che, interagendo con il campo magnetico terrestre, ha dato vita a un&#8217;incredibile spettacolo che solitamente si ammira a latitudini molto elevate. Invece la potenza dell&#8217; evento ha reso possibile che lo spettacolo si sia esteso a zone solitamente escluse dal fenomeno. Tutto \u00e8 cominciato con un allerta su una app usata dagli appassionati che indicava un indice kp altissimo con la probabilit\u00e0 che un&#8217;aurora boreale risultasse visibile alle nostre latitudini. Cos\u00ec, mentre mi preparavo ad andare a letto, ho cambiato repentinamente programma e con mio figlio Simone siamo balzati in macchina per raggiungere Passo Giau, dove abbiamo incontrato Antonello Cibien e Anna Magro, a loro volta saliti per l&#8217;allerta. Ed in effetti il fenomeno era in corso, purtroppo disturbato dalle condizioni meteo sfavorevoli, con presenza di nebbia e nubi. Tra qualche squarcio abbiamo potuto comunque osservare e fotografare le luci colorate solcare il cielo. Un peggioramento ci ha fatto poi propendere per cercare un&#8217;altro luogo. A Passo Staulanza per\u00f2 pioveva e cos\u00ec ci siamo recati a Passo Fedaia per un ultimo disperato tentativo che ci ha premiato. \u00c8 stato emozionante poter assistere ad uno spettacolo da mozzare il fiato con il cielo stellato colorato di rosso e rosa solcato da righe festoni che si creavano e scomparivano. Condivido alcune foto scattate insieme a Simone a testimonianza di qualcosa che avevamo solo sognato di poter vedere nella nostra vita e che non dimenticheremo mai.<\/p>\n\n\t\t\t<style type='text\/css'>\n\t\t\t\t#gallery-1 {\n\t\t\t\t\tmargin: auto;\n\t\t\t\t}\n\t\t\t\t#gallery-1 .gallery-item {\n\t\t\t\t\tfloat: left;\n\t\t\t\t\tmargin-top: 10px;\n\t\t\t\t\ttext-align: center;\n\t\t\t\t\twidth: 33%;\n\t\t\t\t}\n\t\t\t\t#gallery-1 img {\n\t\t\t\t\tborder: 2px solid #cfcfcf;\n\t\t\t\t}\n\t\t\t\t#gallery-1 .gallery-caption {\n\t\t\t\t\tmargin-left: 0;\n\t\t\t\t}\n\t\t\t\t\/* see gallery_shortcode() in wp-includes\/media.php *\/\n\t\t\t<\/style>\n\t\t<div id='gallery-1' class='dt-gallery-container gallery galleryid-389288 gallery-columns-3 gallery-size-large'><dl class='gallery-item'>\n\t\t\t\t<dt class='gallery-icon landscape'>\n\t\t\t\t\t<a class=\"rollover rollover-zoom dt-pswp-item\" title=\"c5f7f7d2-1771-4a3f-a12f-573284cf2e24\" data-dt-img-description=\"\" data-large_image_width=\"1560\" data-large_image_height=\"876\"href='https:\/\/www.radiopiu.net\/wordpress\/wp-content\/uploads\/2024\/05\/c5f7f7d2-1771-4a3f-a12f-573284cf2e24.jpg'><img loading=\"lazy\" decoding=\"async\" width=\"1024\" height=\"575\" src=\"https:\/\/www.radiopiu.net\/wordpress\/wp-content\/uploads\/2024\/05\/c5f7f7d2-1771-4a3f-a12f-573284cf2e24-1024x575.jpg\" class=\"attachment-large size-large\" alt=\"\" srcset=\"https:\/\/www.radiopiu.net\/wordpress\/wp-content\/uploads\/2024\/05\/c5f7f7d2-1771-4a3f-a12f-573284cf2e24-1024x575.jpg 1024w, https:\/\/www.radiopiu.net\/wordpress\/wp-content\/uploads\/2024\/05\/c5f7f7d2-1771-4a3f-a12f-573284cf2e24-300x168.jpg 300w, https:\/\/www.radiopiu.net\/wordpress\/wp-content\/uploads\/2024\/05\/c5f7f7d2-1771-4a3f-a12f-573284cf2e24-768x431.jpg 768w, https:\/\/www.radiopiu.net\/wordpress\/wp-content\/uploads\/2024\/05\/c5f7f7d2-1771-4a3f-a12f-573284cf2e24-1536x863.jpg 1536w, https:\/\/www.radiopiu.net\/wordpress\/wp-content\/uploads\/2024\/05\/c5f7f7d2-1771-4a3f-a12f-573284cf2e24.jpg 1560w\" sizes=\"auto, (max-width: 1024px) 100vw, 1024px\" \/><\/a>\n\t\t\t\t<\/dt><\/dl><dl class='gallery-item'>\n\t\t\t\t<dt class='gallery-icon landscape'>\n\t\t\t\t\t<a class=\"rollover rollover-zoom dt-pswp-item\" title=\"97f1dc6b-8a2a-4795-a965-2dd244d56731\" data-dt-img-description=\"\" data-large_image_width=\"1560\" data-large_image_height=\"876\"href='https:\/\/www.radiopiu.net\/wordpress\/wp-content\/uploads\/2024\/05\/97f1dc6b-8a2a-4795-a965-2dd244d56731.jpg'><img loading=\"lazy\" decoding=\"async\" width=\"1024\" height=\"575\" src=\"https:\/\/www.radiopiu.net\/wordpress\/wp-content\/uploads\/2024\/05\/97f1dc6b-8a2a-4795-a965-2dd244d56731-1024x575.jpg\" class=\"attachment-large size-large\" alt=\"\" srcset=\"https:\/\/www.radiopiu.net\/wordpress\/wp-content\/uploads\/2024\/05\/97f1dc6b-8a2a-4795-a965-2dd244d56731-1024x575.jpg 1024w, https:\/\/www.radiopiu.net\/wordpress\/wp-content\/uploads\/2024\/05\/97f1dc6b-8a2a-4795-a965-2dd244d56731-300x168.jpg 300w, https:\/\/www.radiopiu.net\/wordpress\/wp-content\/uploads\/2024\/05\/97f1dc6b-8a2a-4795-a965-2dd244d56731-768x431.jpg 768w, https:\/\/www.radiopiu.net\/wordpress\/wp-content\/uploads\/2024\/05\/97f1dc6b-8a2a-4795-a965-2dd244d56731-1536x863.jpg 1536w, https:\/\/www.radiopiu.net\/wordpress\/wp-content\/uploads\/2024\/05\/97f1dc6b-8a2a-4795-a965-2dd244d56731.jpg 1560w\" sizes=\"auto, (max-width: 1024px) 100vw, 1024px\" \/><\/a>\n\t\t\t\t<\/dt><\/dl><dl class='gallery-item'>\n\t\t\t\t<dt class='gallery-icon landscape'>\n\t\t\t\t\t<a class=\"rollover rollover-zoom dt-pswp-item\" title=\"8637526f-bb30-4c9e-9ff5-92f9a2100361\" data-dt-img-description=\"\" data-large_image_width=\"1560\" data-large_image_height=\"876\"href='https:\/\/www.radiopiu.net\/wordpress\/wp-content\/uploads\/2024\/05\/8637526f-bb30-4c9e-9ff5-92f9a2100361.jpg'><img loading=\"lazy\" decoding=\"async\" width=\"1024\" height=\"575\" src=\"https:\/\/www.radiopiu.net\/wordpress\/wp-content\/uploads\/2024\/05\/8637526f-bb30-4c9e-9ff5-92f9a2100361-1024x575.jpg\" class=\"attachment-large size-large\" alt=\"\" srcset=\"https:\/\/www.radiopiu.net\/wordpress\/wp-content\/uploads\/2024\/05\/8637526f-bb30-4c9e-9ff5-92f9a2100361-1024x575.jpg 1024w, https:\/\/www.radiopiu.net\/wordpress\/wp-content\/uploads\/2024\/05\/8637526f-bb30-4c9e-9ff5-92f9a2100361-300x168.jpg 300w, https:\/\/www.radiopiu.net\/wordpress\/wp-content\/uploads\/2024\/05\/8637526f-bb30-4c9e-9ff5-92f9a2100361-768x431.jpg 768w, https:\/\/www.radiopiu.net\/wordpress\/wp-content\/uploads\/2024\/05\/8637526f-bb30-4c9e-9ff5-92f9a2100361-1536x863.jpg 1536w, https:\/\/www.radiopiu.net\/wordpress\/wp-content\/uploads\/2024\/05\/8637526f-bb30-4c9e-9ff5-92f9a2100361.jpg 1560w\" sizes=\"auto, (max-width: 1024px) 100vw, 1024px\" \/><\/a>\n\t\t\t\t<\/dt><\/dl><br style=\"clear: both\" \/>\n\t\t\t<\/div>\n\n<p>&nbsp;<\/p>\n<p>&nbsp;<\/p>\n<\/div>\n<div class=\"page-title-breadcrumbs\">\n<hr \/>\n<\/div>\n<h3><a href=\"https:\/\/www.radiopiu.net\/wordpress\/giornale-radiopiu-24-gennaio-2021-direttore-mirko-mezzacasa\/141433770_171616291414874_2957460898102012198_n\/\" rel=\"attachment wp-att-186566\"><img loading=\"lazy\" decoding=\"async\" class=\"wp-image-186566 alignleft\" src=\"https:\/\/www.radiopiu.net\/wordpress\/wp-content\/uploads\/2021\/01\/141433770_171616291414874_2957460898102012198_n-300x300.jpg\" alt=\"\" width=\"144\" height=\"144\" srcset=\"https:\/\/www.radiopiu.net\/wordpress\/wp-content\/uploads\/2021\/01\/141433770_171616291414874_2957460898102012198_n-300x300.jpg 300w, https:\/\/www.radiopiu.net\/wordpress\/wp-content\/uploads\/2021\/01\/141433770_171616291414874_2957460898102012198_n-150x150.jpg 150w, https:\/\/www.radiopiu.net\/wordpress\/wp-content\/uploads\/2021\/01\/141433770_171616291414874_2957460898102012198_n-768x768.jpg 768w, https:\/\/www.radiopiu.net\/wordpress\/wp-content\/uploads\/2021\/01\/141433770_171616291414874_2957460898102012198_n.jpg 800w\" sizes=\"auto, (max-width: 144px) 100vw, 144px\" \/><\/a>PER<strong> RICEVERE QUESTO NOTIZIARIO DIRETTAMENTE SUL TUO CELLULARE ISCRIVITI AL CANALE TELEGRAM <\/strong><strong>\u201cRADIO PIU\u00a0 INFORMAZIONE&#8221;\u00a0<\/strong><\/h3>\n<h3>\u00a0il CANALE TELEGRAM&#8230; UNISCITI A: RADIO PIU INFORMAZIONE<\/h3>\n<p>&nbsp;<\/p>\n<p>&nbsp;<\/p>\n<p><em><a href=\"https:\/\/www.radiopiu.net\/wordpress\/giornale-radiopiu-24-gennaio-2021-direttore-mirko-mezzacasa\/79216601_126817312416448_708980208774483089_n\/\" rel=\"attachment wp-att-186567\"><img loading=\"lazy\" decoding=\"async\" class=\"size-medium wp-image-186567 alignright\" src=\"https:\/\/www.radiopiu.net\/wordpress\/wp-content\/uploads\/2021\/01\/79216601_126817312416448_708980208774483089_n-300x114.jpg\" alt=\"\" width=\"300\" height=\"114\" srcset=\"https:\/\/www.radiopiu.net\/wordpress\/wp-content\/uploads\/2021\/01\/79216601_126817312416448_708980208774483089_n-300x114.jpg 300w, https:\/\/www.radiopiu.net\/wordpress\/wp-content\/uploads\/2021\/01\/79216601_126817312416448_708980208774483089_n-768x292.jpg 768w, https:\/\/www.radiopiu.net\/wordpress\/wp-content\/uploads\/2021\/01\/79216601_126817312416448_708980208774483089_n.jpg 820w\" sizes=\"auto, (max-width: 300px) 100vw, 300px\" \/><\/a><span style=\"color: #ff0000;\">ATTENZIONE: LA NUOVA APP PER IOS-IPHONE di Nicola Vettorello <\/span><\/em><a href=\"https:\/\/apps.apple.com\/it\/app\/radio-pi%C3%B9-emittente-agordina\/id1515939845\">https:\/\/apps.apple.com\/it\/app\/radio-pi%C3%B9-emittente-agordina\/id1515939845<\/a><\/p>\n<p><em style=\"color: #ff0000;\">ATTENZIONE: LA NUOVA APP RADIO\u00a0 PER ANDROID di Nicola Vettorello<\/em><\/p>\n<p><a href=\"https:\/\/play.google.com\/store\/apps\/details?id=net.radiopiu.iniko\" target=\"_blank\" rel=\"noopener noreferrer\">https:\/\/play.google.com\/store\/apps\/details?id=net.radiopiu.iniko\u00a0\u00a0<\/a><\/p>\n<h3 class=\"kvgmc6g5 cxmmr5t8 oygrvhab hcukyx3x c1et5uql\"><\/h3>\n<p>&nbsp;<\/p>\n<div data-block=\"true\" data-editor=\"avj4u\" data-offset-key=\"d3i0j-0-0\">\n<p>&nbsp;<\/p>\n<hr \/>\n<p>&nbsp;<\/p>\n<\/div>\n<p><span style=\"color: #ff0000;\"><strong>OGGI ALLA RADIO<\/strong><\/span>: <strong>ALLE 7.20<\/strong> EL BAL DEL FIOR, DETTI E TRADIZIONI DI GIULIANA DA RONCH; <strong>ALLE 8.20 IL FINE SETTIMANA MARINA C&#8217;E&#8217; <\/strong><strong>\u00a09.00<\/strong> PREMIER CON MARCO GAZ\u00a0<strong>10.30<\/strong>\u00a0 LA RASSEGNA STAMPA DA L&#8217;AMICO DEL POPOLO DI GIANNI SANTOMASO <strong>11.00<\/strong>\u00a0 CUCINEMA CON MARTA E VALENTINA <strong>\u00a012.00 <\/strong>IL LISCIO CON MIRCO BENCIVENNI <strong>12.30 <\/strong>GIORNALE RADIO PRINCIPALE<strong> 12 50 <\/strong>PIROLE DE LENGA, MUSLA<strong> 13.10\u00a0<\/strong>\u00a0 ELENA DAL RIFUGIO SASSO BIANCO DI SAN TOMASO AGORDINO\u00a0 <strong>14.00<\/strong>\u00a0 \u00a0DJ JACK CON ELETTROCHOC\u00a0 <strong>15.00<\/strong>\u00a0 \u00a0LA CLASSIFICA UFFICIALE DI RADIO PIU&#8217; CON MARCO GAZ\u00a0 <strong>16.00<\/strong> IL ROCK DI MARCO COSTANTINI, SPECIALE ANNI 50 E 60\u00a0 <strong>16 45 <\/strong>LE HIT DI MIRCO BENCIVENNI ALLE \u00a0<strong>19<\/strong> le anticipazioni dal Tg di Antenna 3 di Tiziana Bolognani.<\/p>\n<blockquote><p><strong>rassegna stampa nazionale, ogni giorno alle 5 e alle 6 del mattino<\/strong><br \/>\n<em>giornali locali 7 rassegna stampa flash, 8 rassegna stampa, gr flash alle 10 e alle 11, principale 12.30. Informazione pomerggio alle 15 (speciale) 16, 17, 18. Giornale radio nazionale: ogni ora dalle 5 del mattino, alle 20 della sera.\u00a0<\/em><\/p><\/blockquote>\n<div class=\"x11i5rnm xat24cr x1mh8g0r x1vvkbs xtlvy1s x126k92a\">\n<div dir=\"auto\">\n<p>&nbsp;<\/p>\n<p>&nbsp;<\/p>\n<hr \/>\n<p>&nbsp;<\/p>\n<p>&nbsp;<\/p>\n<div class=\"x11i5rnm xat24cr x1mh8g0r x1vvkbs xtlvy1s x126k92a\">\n<div dir=\"auto\">\n<p><strong><a class=\"dt-pswp-item\" href=\"https:\/\/www.radiopiu.net\/wordpress\/wp-content\/uploads\/2024\/02\/2d44e751-d8a8-461b-8e22-d8e4e853b032.jpg\" data-dt-img-description=\"\" data-large_image_width=\"1600\" data-large_image_height=\"1200\"><img loading=\"lazy\" decoding=\"async\" class=\"wp-image-373307 alignleft\" src=\"https:\/\/www.radiopiu.net\/wordpress\/wp-content\/uploads\/2024\/02\/2d44e751-d8a8-461b-8e22-d8e4e853b032-300x225.jpg\" alt=\"\" width=\"105\" height=\"79\" srcset=\"https:\/\/www.radiopiu.net\/wordpress\/wp-content\/uploads\/2024\/02\/2d44e751-d8a8-461b-8e22-d8e4e853b032-300x225.jpg 300w, https:\/\/www.radiopiu.net\/wordpress\/wp-content\/uploads\/2024\/02\/2d44e751-d8a8-461b-8e22-d8e4e853b032-1024x768.jpg 1024w, https:\/\/www.radiopiu.net\/wordpress\/wp-content\/uploads\/2024\/02\/2d44e751-d8a8-461b-8e22-d8e4e853b032-768x576.jpg 768w, https:\/\/www.radiopiu.net\/wordpress\/wp-content\/uploads\/2024\/02\/2d44e751-d8a8-461b-8e22-d8e4e853b032-1536x1152.jpg 1536w, https:\/\/www.radiopiu.net\/wordpress\/wp-content\/uploads\/2024\/02\/2d44e751-d8a8-461b-8e22-d8e4e853b032.jpg 1600w\" sizes=\"auto, (max-width: 105px) 100vw, 105px\" \/><\/a>EL BAL DEL FIOR, DI GIULIANA DA RONCH, 11 MAGGIO 2024<\/strong><\/p>\n<\/div>\n<\/div>\n<\/div>\n<div dir=\"auto\">\n<audio class=\"wp-audio-shortcode\" id=\"audio-389288-1\" preload=\"none\" style=\"width: 100%;\" controls=\"controls\"><source type=\"audio\/mpeg\" src=\"https:\/\/www.radiopiu.net\/wordpress\/wp-content\/uploads\/2024\/04\/GSA-4.m4a?_=1\" \/><a href=\"https:\/\/www.radiopiu.net\/wordpress\/wp-content\/uploads\/2024\/04\/GSA-4.m4a\">https:\/\/www.radiopiu.net\/wordpress\/wp-content\/uploads\/2024\/04\/GSA-4.m4a<\/a><\/audio>\n<p>&nbsp;<\/p>\n<hr \/>\n<\/div>\n<\/div>\n<blockquote>\n<blockquote>\n<h1><span style=\"color: #ff0000;\">\u00a0<\/span><\/h1>\n<h1><span style=\"color: #ff0000;\">I podcast informativi del mattino &#8211; audio &#8211;\u00a0\u00a0<\/span><\/h1>\n<\/blockquote>\n<p><strong><a class=\"dt-pswp-item\" href=\"https:\/\/www.radiopiu.net\/wordpress\/wp-content\/uploads\/2023\/11\/th-10.jpg\" data-dt-img-description=\"\" data-large_image_width=\"320\" data-large_image_height=\"180\"><img loading=\"lazy\" decoding=\"async\" class=\"wp-image-362866 alignleft\" src=\"https:\/\/www.radiopiu.net\/wordpress\/wp-content\/uploads\/2023\/11\/th-10-300x169.jpg\" alt=\"\" width=\"185\" height=\"104\" srcset=\"https:\/\/www.radiopiu.net\/wordpress\/wp-content\/uploads\/2023\/11\/th-10-300x169.jpg 300w, https:\/\/www.radiopiu.net\/wordpress\/wp-content\/uploads\/2023\/11\/th-10.jpg 320w\" sizes=\"auto, (max-width: 185px) 100vw, 185px\" \/><\/a>LA RASSEGNA STAMPA NAZIONALE ALLA RADIO, OGNI GIORNO ALLE 5 E ALLE 6 DEL MATTINO <span style=\"color: #0000ff;\">viene pubblicata alle 6.00 <span style=\"color: #ff0000;\">DIRETTA RADIO\u00a0 \u00a0\u00a0<\/span><\/span><\/strong><\/p><\/blockquote>\n<h2><\/h2>\n<h2><\/h2>\n<p><strong>Superbobus<\/strong>, proposta di Giorgetti, perplessit\u00e0 sulle retroattivit\u00e0. Internazionali di <strong>Roma<\/strong>, colpito in testa da una borraccia. Superenalotto<strong> Napoli<\/strong> sbanca con una schedina da 2 euro. <strong>Onu<\/strong> adesione della Palestina l&#8217;Italia si astiene. La nuova offensiva di <strong>Mosca<\/strong>.\u00a0 <strong>Stati generali<\/strong> natalit\u00e0 ragazza ferita negli scontri a Roma <strong>Europee<\/strong> tempo di confronti.<\/p>\n<h2>AUDIO dalle 6 del mattino<\/h2>\n<audio class=\"wp-audio-shortcode\" id=\"audio-389288-2\" preload=\"none\" style=\"width: 100%;\" controls=\"controls\"><source type=\"audio\/mpeg\" src=\"https:\/\/www.radiopiu.net\/wordpress\/wp-content\/uploads\/2024\/05\/GIORNALEDELLESEI-8.mp3?_=2\" \/><a href=\"https:\/\/www.radiopiu.net\/wordpress\/wp-content\/uploads\/2024\/05\/GIORNALEDELLESEI-8.mp3\">https:\/\/www.radiopiu.net\/wordpress\/wp-content\/uploads\/2024\/05\/GIORNALEDELLESEI-8.mp3<\/a><\/audio>\n<p>&nbsp;<\/p>\n<p>&nbsp;<\/p>\n<hr \/>\n<p>&nbsp;<\/p>\n<h1 style=\"text-align: center;\"><span style=\"color: #ff0000;\">I podcast informativi del mattino &#8211; audio &#8211;\u00a0<\/span><\/h1>\n<p><strong><a class=\"dt-pswp-item\" href=\"https:\/\/www.radiopiu.net\/wordpress\/wp-content\/uploads\/2023\/12\/images.png\" data-dt-img-description=\"\" data-large_image_width=\"316\" data-large_image_height=\"160\"><img loading=\"lazy\" decoding=\"async\" class=\"wp-image-367008 alignleft\" src=\"https:\/\/www.radiopiu.net\/wordpress\/wp-content\/uploads\/2023\/12\/images-300x152.png\" alt=\"\" width=\"235\" height=\"119\" srcset=\"https:\/\/www.radiopiu.net\/wordpress\/wp-content\/uploads\/2023\/12\/images-300x152.png 300w, https:\/\/www.radiopiu.net\/wordpress\/wp-content\/uploads\/2023\/12\/images.png 316w\" sizes=\"auto, (max-width: 235px) 100vw, 235px\" \/><\/a>OGNI GIORNO ALLE SETTE DEL MATTINO, LA RASSEGNA STAMPA LOCALE FLASH&#8230; PER CHI VA IN FRETTA. I TITOLI DAI GIORNALI E DAL SITO WWW.RADIOPIU.NET <span style=\"color: #0000ff;\">viene pubblicato alle 7.00<\/span> <span style=\"color: #ff0000;\">DIRETTA RADIO\u00a0<\/span><\/strong><\/p>\n<p><em><span style=\"color: #ff0000;\">per chi va in fretta&#8230; tante notizie in pochi minuti. L&#8217;informazione locale alla radio, ogni ora dalle 7 del mattino alle 19 della sera.\u00a0 \u00a0 \u00a0<\/span><\/em><\/p>\n<p>&nbsp;<\/p>\n<p>.<strong>Tragedie a Torino\u00a0<\/strong><\/p>\n<div class=\"flex-1 overflow-hidden\">\n<div class=\"react-scroll-to-bottom--css-hjmgd-79elbk h-full\">\n<div class=\"react-scroll-to-bottom--css-hjmgd-1n7m0yu\">\n<div class=\"flex flex-col text-sm pb-9\">\n<div class=\"w-full text-token-text-primary\" dir=\"auto\" data-testid=\"conversation-turn-41\" data-scroll-anchor=\"true\">\n<div class=\"py-2 px-3 text-base md:px-4 m-auto md:px-5 lg:px-1 xl:px-5\">\n<div class=\"mx-auto flex flex-1 gap-3 text-base juice:gap-4 juice:md:gap-6 md:max-w-3xl lg:max-w-[40rem] xl:max-w-[48rem]\">\n<div class=\"relative flex w-full min-w-0 flex-col agent-turn\">\n<div class=\"flex-col gap-1 md:gap-3\">\n<div class=\"flex flex-grow flex-col max-w-full\">\n<div class=\"min-h-[20px] text-message flex flex-col items-start whitespace-pre-wrap break-words [.text-message+&amp;]:mt-5 overflow-x-auto gap-3\" dir=\"auto\" data-message-author-role=\"assistant\" data-message-id=\"f66e2892-8f71-4cc7-95f1-c994d8bd1def\">\n<div class=\"markdown prose w-full break-words dark:prose-invert dark\">\n<p>Valentino Ganz, un imprenditore bellunese, \u00e8 morto a Torino investito da un autobus dell&#8217;Arriva. Aveva 69 anni.\u00a0 A Feltre \u00e8 scomparso Mauro Zanatta, tatuatore di 61 anni. Le sue esequie si terranno il 14 maggio a Villorba.<\/p>\n<p><strong>Incidenti<\/strong><\/p>\n<p>A Quero Vas, un incidente tra due auto ha causato tre feriti, mentre a Farra d&#8217;Alpago un incidente tra moto e auto ha portato al ferimento del conducente della moto. A Trento, la morte di Matteo Lorenzi, 17 anni, in un incidente stradale ha innescato un&#8217;inchiesta per omicidio. Inoltre, a Auronzo, una coppia di turisti francesi ha chiesto aiuto dopo essere rimasta bloccata a 1.800 metri di quota.<\/p>\n<p><strong>Altro dalla provincia di Belluno:<\/strong><\/p>\n<p>La Polizia Stradale ha scoperto tre individui non residenti nella provincia durante sessioni d&#8217;esame per la patente B presso la Motorizzazione Civile di Belluno, usando dispositivi tecnologici per ottenere risposte corrette. Nel carcere di Belluno, un appello \u00e8 stato lanciato dopo un&#8217;aggressione da parte di un detenuto. A Cortina, due studenti rimasti bloccati in una scuola durante un&#8217;esercitazione di protezione civile sono stati salvati. A Treviso, 150 studenti hanno partecipato alle semifinali di corsa veloce<\/p>\n<\/div>\n<\/div>\n<\/div>\n<\/div>\n<\/div>\n<\/div>\n<\/div>\n<\/div>\n<\/div>\n<\/div>\n<\/div>\n<\/div>\n<h2>AUDIO dalle 7 del mattino<\/h2>\n<audio class=\"wp-audio-shortcode\" id=\"audio-389288-3\" preload=\"none\" style=\"width: 100%;\" controls=\"controls\"><source type=\"audio\/mpeg\" src=\"https:\/\/www.radiopiu.net\/wordpress\/wp-content\/uploads\/2024\/05\/GF07-9.mp3?_=3\" \/><a href=\"https:\/\/www.radiopiu.net\/wordpress\/wp-content\/uploads\/2024\/05\/GF07-9.mp3\">https:\/\/www.radiopiu.net\/wordpress\/wp-content\/uploads\/2024\/05\/GF07-9.mp3<\/a><\/audio>\n<p>&nbsp;<\/p>\n<p>&nbsp;<\/p>\n<p>&nbsp;<\/p>\n<hr \/>\n<p>&nbsp;<\/p>\n<h1><\/h1>\n<h1 style=\"text-align: center;\"><span style=\"color: #ff0000;\"><a class=\"dt-pswp-item\" href=\"https:\/\/www.radiopiu.net\/wordpress\/wp-content\/uploads\/2022\/01\/026c3f9d-dae9-4040-a3c1-a6530231bcc3.jpg\" data-dt-img-description=\"\" data-large_image_width=\"1152\" data-large_image_height=\"2048\"><img loading=\"lazy\" decoding=\"async\" class=\"wp-image-251839 alignleft\" src=\"https:\/\/www.radiopiu.net\/wordpress\/wp-content\/uploads\/2022\/01\/026c3f9d-dae9-4040-a3c1-a6530231bcc3-169x300.jpg\" alt=\"\" width=\"100\" height=\"177\" srcset=\"https:\/\/www.radiopiu.net\/wordpress\/wp-content\/uploads\/2022\/01\/026c3f9d-dae9-4040-a3c1-a6530231bcc3-169x300.jpg 169w, https:\/\/www.radiopiu.net\/wordpress\/wp-content\/uploads\/2022\/01\/026c3f9d-dae9-4040-a3c1-a6530231bcc3-576x1024.jpg 576w, https:\/\/www.radiopiu.net\/wordpress\/wp-content\/uploads\/2022\/01\/026c3f9d-dae9-4040-a3c1-a6530231bcc3-768x1365.jpg 768w, https:\/\/www.radiopiu.net\/wordpress\/wp-content\/uploads\/2022\/01\/026c3f9d-dae9-4040-a3c1-a6530231bcc3-864x1536.jpg 864w, https:\/\/www.radiopiu.net\/wordpress\/wp-content\/uploads\/2022\/01\/026c3f9d-dae9-4040-a3c1-a6530231bcc3.jpg 1152w\" sizes=\"auto, (max-width: 100px) 100vw, 100px\" \/><\/a>I podcast informativi del mattino &#8211; audio &#8211;\u00a0<\/span><\/h1>\n<blockquote><p><strong>GIORNALE RADIO NAZIONALE, EDIZIONE DELLE SETTE <span style=\"color: #0000ff;\">viene pubblicato alle 7.05 <span style=\"color: #ff0000;\">DIRETTA RADIO\u00a0<\/span><\/span><\/strong><\/p><\/blockquote>\n<p><strong>il giornale radionazionale e&#8217; in onda ogni ora, dalle sette del mattino alle venti della sera\u00a0\u00a0<\/strong><\/p>\n<p>&nbsp;<\/p>\n<div class=\"flex-1 overflow-hidden\">\n<div class=\"react-scroll-to-bottom--css-hjmgd-79elbk h-full\">\n<div class=\"react-scroll-to-bottom--css-hjmgd-1n7m0yu\">\n<div>\n<div class=\"flex flex-col text-sm pb-9\">\n<div class=\"w-full text-token-text-primary\" dir=\"auto\" data-testid=\"conversation-turn-29\" data-scroll-anchor=\"true\">\n<div class=\"py-2 px-3 text-base md:px-4 m-auto md:px-5 lg:px-1 xl:px-5\">\n<div class=\"mx-auto flex flex-1 gap-3 text-base juice:gap-4 juice:md:gap-6 md:max-w-3xl lg:max-w-[40rem] xl:max-w-[48rem]\">\n<div class=\"relative flex w-full min-w-0 flex-col agent-turn\">\n<div class=\"flex-col gap-1 md:gap-3\">\n<div class=\"flex flex-grow flex-col max-w-full\">\n<div class=\"min-h-[20px] text-message flex flex-col items-start whitespace-pre-wrap break-words [.text-message+&amp;]:mt-5 overflow-x-auto gap-3\" dir=\"auto\" data-message-author-role=\"assistant\" data-message-id=\"2695adbe-3fd6-4c21-b0d6-07c103462fa1\">\n<div class=\"markdown prose w-full break-words dark:prose-invert dark\">\n<p><strong>Vittorio Emanuele a Superga senza tomba a 3 mesi dal funerale &#8211;\u00a0 <\/strong>Napoli, terremoto di magnitudo 3.7 ai Campi Flegrei &#8211;<strong>Poliziotto accoltellato a Lambrate, stabile ma in prognosi riservata<\/strong>&#8211;\u00a0 Stati generali Natalit\u00e0, al corteo a Roma scontri manifestanti-polizia &#8211; <strong>Inchiesta Liguria, in intercettazioni pressioni per favorire Spinelli &#8211; <\/strong>Hasan Hamis, chi \u00e8 l&#8217;uomo che ha accoltellato l&#8217;agente Di Martino<strong> &#8211; <\/strong><strong>Nuova aggressione a Milano, agente spara e ferisce 36enne a Centrale &#8211; <\/strong>Ponte sullo Stretto di Messina, avvio lavori rinviato di altri 4 mesi<strong> &#8211; <\/strong><strong>Papa Francesco: &#8220;Una madre non deve scegliere tra lavoro e figli&#8221; <\/strong>&#8211; Camorra, arrestato nel Casertano il latitante Francesco Abbinante <strong>&#8211; <\/strong><strong>Liguria, Signorini non risponde ai pm. <\/strong>Attesa per interrogatorio Toti <strong>Padre e figlio deceduti in una cisterna di vino a Gioia del Colle<\/strong><\/p>\n<\/div>\n<\/div>\n<\/div>\n<\/div>\n<\/div>\n<\/div>\n<\/div>\n<\/div>\n<\/div>\n<\/div>\n<\/div>\n<\/div>\n<\/div>\n<h2>AUDIO dalle sette del mattino, ogni ora alla radio<\/h2>\n<audio class=\"wp-audio-shortcode\" id=\"audio-389288-4\" preload=\"none\" style=\"width: 100%;\" controls=\"controls\"><source type=\"audio\/mpeg\" src=\"https:\/\/www.radiopiu.net\/wordpress\/wp-content\/uploads\/2024\/05\/giornale07-8.mp3?_=4\" \/><a href=\"https:\/\/www.radiopiu.net\/wordpress\/wp-content\/uploads\/2024\/05\/giornale07-8.mp3\">https:\/\/www.radiopiu.net\/wordpress\/wp-content\/uploads\/2024\/05\/giornale07-8.mp3<\/a><\/audio>\n<p>&nbsp;<\/p>\n<p>&nbsp;<\/p>\n<hr \/>\n<p>&nbsp;<\/p>\n<p>&nbsp;<\/p>\n<h1><span style=\"color: #ff0000;\">I podcast informativi del mattino &#8211; video &#8211;\u00a0<\/span><\/h1>\n<h2><strong><a class=\"dt-pswp-item\" href=\"https:\/\/www.radiopiu.net\/wordpress\/wp-content\/uploads\/2023\/12\/th-10.jpg\" data-dt-img-description=\"\" data-large_image_width=\"245\" data-large_image_height=\"180\"><img loading=\"lazy\" decoding=\"async\" class=\" wp-image-367395 alignleft\" src=\"https:\/\/www.radiopiu.net\/wordpress\/wp-content\/uploads\/2023\/12\/th-10.jpg\" alt=\"\" width=\"166\" height=\"122\" \/><\/a>RASSEGNA STAMPA LOCALE, ORE OTTO 05<\/strong><\/h2>\n<h2><strong> <span style=\"color: #0000ff;\">viene\u00a0 <\/span><\/strong><strong><span style=\"color: #0000ff;\">pubblicata alle 8.05 <span style=\"color: #ff0000;\">DIRETTA RADIO\u00a0\u00a0<\/span><\/span><\/strong><\/h2>\n<p><strong>DI MIRKO MEZZACASA\u00a0 \u00a0<\/strong><\/p>\n<p><strong>TRENTO<\/strong> La procura di Trento ha avviato un\u2019inchiesta per omicidio stradale in seguito al tragico incidente avvenuto il 9 maggio sulla strada tra Fornace e Civezzano, in Trentino, che ha causato la morte di Matteo Lorenzi, 17 anni. L\u2019impatto tra il furgone e la bicicletta del giovane \u00e8 stato fatale. Il conducente del furgone, residente in provincia di Belluno, \u00e8 stato denunciato e indagato per omicidio stradale.<br \/>\n<strong>BELLUNO<\/strong> Lo studente ricoverato in Martinica per una sospetta meningite virale mostra segni di miglioramento, rassicurando anche i suoi compagni e accompagnatori degli istituti Calvi e Lollino. Nonostante l\u2019autoisolamento, la situazione sembra sotto controllo<\/p>\n<p><strong>BELLUNO<\/strong> Di fronte all\u2019ennesima aggressione da parte di un detenuto ai danni di un agente di polizia penitenziaria del carcere di Belluno, la Cisl Fns Belluno Treviso lancia un appello al Provveditorato dell\u2019amministrazione penitenziaria per il Triveneto.<br \/>\n<strong>VENEZIA<\/strong> Il Veneto ha superato con orgoglio gli obiettivi del 2025 nella gestione dei rifiuti urbani gi\u00e0 nel 2023, come annunciato dall\u2019assessore all\u2019Ambiente.<br \/>\n<strong>TAIBON<\/strong> Tra le varie realt\u00e0 di volontariato a Taibon c\u2019\u00e8 anche il Piodech, un gruppo di volontari che si danno da fare per rendere pi\u00f9 accogliente il paese. In questi giorni in localit\u00e0 Angheraz in Valle di San Lucano si sono messi al lavoro creando una panchina in legno e un \u201cnaf\u201d (fontana in legno).<\/p>\n<h2><span style=\"color: #ff0000;\"><strong>VIDEO\u00a0 \u00a0in diretta dalle 8 del mattino\u00a0<\/strong><\/span><\/h2>\n<p><iframe loading=\"lazy\" title=\"DAL 1983 LA RASSEGNA STAMPA LOCALE di mirko mezzacasa. L&#039;ORIGINALE\" width=\"1200\" height=\"675\" src=\"https:\/\/www.youtube.com\/embed\/TW1-Shocl_U?feature=oembed\" frameborder=\"0\" allow=\"accelerometer; autoplay; clipboard-write; encrypted-media; gyroscope; picture-in-picture; web-share\" referrerpolicy=\"strict-origin-when-cross-origin\" allowfullscreen><\/iframe><\/p>\n<p>&nbsp;<\/p>\n<p>&nbsp;<\/p>\n<p>&nbsp;<\/p>\n<p>&nbsp;<\/p>\n<p>&nbsp;<\/p>\n<p><strong class=\"photoswipe-wrapper\"><a class=\"dt-pswp-item pspw-wrap-ready\" href=\"https:\/\/www.radiopiu.net\/wordpress\/wp-content\/uploads\/2024\/01\/Senza-nome-34.png\" data-dt-img-description=\"\" data-large_image_width=\"239\" data-large_image_height=\"153\"><img loading=\"lazy\" decoding=\"async\" class=\"wp-image-369478 alignleft\" src=\"https:\/\/www.radiopiu.net\/wordpress\/wp-content\/uploads\/2024\/01\/Senza-nome-34.png\" alt=\"\" width=\"128\" height=\"82\" \/><\/a><\/strong><\/p>\n<p><strong>dal TG BELLUNESE di\u00a0 ANTENNA 3 ogni sera alle 19.30 sul canale 10 del digitale terrestre e alle 19 le anticipazioni alla radio.\u00a0\u00a0<\/strong><\/p>\n<blockquote>\n<h3 class=\"_title post-title entry-title\">STUDENTESSA IN GITA AI CARAIBI COLPITA DA MENINGITE VIRALE<\/h3>\n<\/blockquote>\n<p>Intervistati SANDRO CINQUETTI (DIRETTORE DIPARTIMENTO PREVENZIONE ULSS 1 DOLOMITI) (Servizio di\u00a0<a href=\"https:\/\/antennatre.medianordest.it\/redazione\/Tiziana-Bolognani\/\">Tiziana Bolognani<\/a>)<\/p>\n<p><iframe loading=\"lazy\" title=\"STUDENTESSA IN GITA AI CARAIBI COLPITA DA MENINGITE VIRALE | 10\/05\/2024\" width=\"1200\" height=\"675\" src=\"https:\/\/www.youtube.com\/embed\/ooOiwvyGwYw?feature=oembed\" frameborder=\"0\" allow=\"accelerometer; autoplay; clipboard-write; encrypted-media; gyroscope; picture-in-picture; web-share\" referrerpolicy=\"strict-origin-when-cross-origin\" allowfullscreen><\/iframe><\/p>\n<p>&nbsp;<\/p>\n<hr \/>\n<p>&nbsp;<\/p>\n<blockquote>\n<h3>LA VALLE, VALLADA\u00a0 E RIVAMONTE HANNO IN COMUNE&#8230;L&#8217;ACQUA INQUINATA<\/h3>\n<\/blockquote>\n<p><strong><img loading=\"lazy\" decoding=\"async\" class=\"alignleft\" src=\"https:\/\/www.radiopiu.net\/wordpress\/wp-content\/uploads\/2019\/10\/ACQUA-SPORCA.jpeg\" width=\"197\" height=\"148\" \/>REDAZIONE<\/strong> Gestione Servizi Pubblici informa che a <strong>LA VALLE AGORDINA<\/strong> nelle localit\u00e0 RONCHE, NOACH, LE CAMPE e CANCELLADE a <strong>RIVAMONTE AGORDINO<\/strong> in localit\u00e0 ROSSON e VIA ROMA l&#8217;acqua erogata dall&#8217;acquedotto non \u00e8 potabile e pu\u00f2 essere usata per scopi alimentari SOLO PREVIA bollitura. Verr\u00e0 effettuato servizio con cisterna in via Villagrande a Rivamonte,\u00a0 \u00a0in localit\u00e0 Le Campe e\u00a0 Ronche nel Comune di La Valle Agordina. GSP ha, comunque, gi\u00e0 adottato le necessarie misure per la disinfezione dell&#8217;acqua presente nei serbatoi e nella rete idrica con l&#8217;aggiunta di cloro. A\u00a0VALLADA AGORDINA nelle localit\u00e0 COGUL, PIAZ e ANDRICH l&#8217;acqua erogata dall&#8217;acquedotto non \u00e8 potabile e pu\u00f2 essere usata per scopi alimentari SOLO PREVIA bollitura. Verr\u00e0 effettuato servizio sostitutivo con autobotte in Piazza ad Andrich.<\/p>\n<p><strong><span style=\"color: #000000;\">foto archivio radiopiu<\/span><\/strong><\/p>\n<div class=\"moz-text-html\" lang=\"x-unicode\"><strong>A VALLADA AGORDINA<\/strong> nelle localit\u00e0 COGUL, PIAZ e ANDRICH l&#8217;acqua erogata dall&#8217;acquedotto non \u00e8 potabile e pu\u00f2 essere usata per scopi alimentari SOLO PREVIA bollitura. Verr\u00e0 effettuato servizio sostitutivo con autobotte in Piazza ad Andrich.<\/div>\n<div lang=\"x-unicode\"><\/div>\n<div lang=\"x-unicode\"><\/div>\n<div lang=\"x-unicode\"><\/div>\n<p>&nbsp;<\/p>\n<hr \/>\n<p>&nbsp;<\/p>\n<blockquote>\n<h3 class=\"entry-title\"><a class=\"dt-pswp-item\" href=\"https:\/\/www.radiopiu.net\/wordpress\/wp-content\/uploads\/2023\/11\/road-5089188_640.jpg\" data-dt-img-description=\"\" data-large_image_width=\"640\" data-large_image_height=\"429\"><img loading=\"lazy\" decoding=\"async\" class=\"wp-image-361495 alignleft\" src=\"https:\/\/www.radiopiu.net\/wordpress\/wp-content\/uploads\/2023\/11\/road-5089188_640-300x201.jpg\" alt=\"\" width=\"137\" height=\"92\" srcset=\"https:\/\/www.radiopiu.net\/wordpress\/wp-content\/uploads\/2023\/11\/road-5089188_640-300x201.jpg 300w, https:\/\/www.radiopiu.net\/wordpress\/wp-content\/uploads\/2023\/11\/road-5089188_640.jpg 640w\" sizes=\"auto, (max-width: 137px) 100vw, 137px\" \/><\/a>STRADA PER DIGONERA, UN MESE DI CHIUSURE DIURNE-FERIALI<\/h3>\n<\/blockquote>\n<p><strong>ROCCA PIETORE<\/strong> Dal 6 maggio al 10 giugno chiusura totale della provinciale 563 di Salesei in localit\u00e0 Digonera dalle 7.30 alle 12.30 e dalle 13.30 alle 18, dal lunedi al venerdi. Negli altri orari, h 24 sabato e domenica compresi, senso unico alternato regolato da semaforo<\/p>\n<p><span style=\"color: #000000;\"><strong>SEDICO<\/strong> <\/span>SR 203 AGORDINA localit\u00e0 Peron-La Stanga, dal 6 al 17 maggio, sabato e domenica escluso, senso unico alternato regolato da movieri per tratti di 200 metri<\/p>\n<p><strong>FALCADE<\/strong> Dal 13 maggio al 14 giugno a Caviola. chiusura temporanea al traffico veicolare dalle 7 alle 18, dal lunedi al venerdi, di via Cime d&#8217;Auta, dall&#8217;intersezione con Piazza XX agosto all&#8217;intersezione con Via Tabiadon di Val. Negli altri orari senso unico alternato.<\/p>\n<p>&nbsp;<\/p>\n<p>&nbsp;<\/p>\n<p>&nbsp;<\/p>\n<p>&nbsp;<\/p>\n<hr \/>\n<blockquote>\n<h3><\/h3>\n<h3 class=\"story__summary\">L&#8217;ADDIO ALL&#8217;IMPRENDITORE BELLUNESE DI VALLADA INVESTITO A TORINO<\/h3>\n<p class=\"story__summary\">Storico presidente della Torino Basket, era amministratore unico della Asit, azienda informatica di Mappano che lui stesso aveva fondato 30 anni fa<\/p>\n<\/blockquote>\n<p><strong><a class=\"dt-pswp-item\" href=\"https:\/\/www.radiopiu.net\/wordpress\/wp-content\/uploads\/2024\/05\/ganz.jpg\" data-dt-img-description=\"\" data-large_image_width=\"706\" data-large_image_height=\"397\"><img loading=\"lazy\" decoding=\"async\" class=\"size-medium wp-image-389467 alignleft\" src=\"https:\/\/www.radiopiu.net\/wordpress\/wp-content\/uploads\/2024\/05\/ganz-300x169.jpg\" alt=\"\" width=\"300\" height=\"169\" srcset=\"https:\/\/www.radiopiu.net\/wordpress\/wp-content\/uploads\/2024\/05\/ganz-300x169.jpg 300w, https:\/\/www.radiopiu.net\/wordpress\/wp-content\/uploads\/2024\/05\/ganz.jpg 706w\" sizes=\"auto, (max-width: 300px) 100vw, 300px\" \/><\/a>TORINO<\/strong> E&#8217; morto\u00a0 a Torino, investito da un autobus dell&#8217;Arriva, Valentino Ganz, imprenditore\u00a0 bellunese nato a Vallada del settore informatico. Aveva 69 anni.E&#8217; stato travolto dal bus in via Sacchi, a pochi metri dalla stazione ferroviaria di Porta Nuova. Ganz, nato a Belluno, era ceo della Asit di Mappano ed era stato il presidente della Reale Ginnastica di Torino e tra i fondatori della Torino Basket, che univa l&#8217;Auxilium, Don Bosco Crocetta e Reale Ginnastica Torino.<\/p>\n<p>&nbsp;<\/p>\n<p><em>\u00a0Secondo una prima ricostruzione, l&#8217;autista avrebbe tentato di evitare l&#8217;impatto deviando verso la corsia opposta, ma senza riuscire a prevenire la tragedia. L&#8217;autista, con 28 anni di servizio nella compagnia, ha prontamente attivato le procedure di emergenza, assistendo i due passeggeri a bordo e allertando le autorit\u00e0.\u00a0<\/em><\/p>\n<p>&nbsp;<\/p>\n<hr \/>\n<p>&nbsp;<\/p>\n<p>&nbsp;<\/p>\n<p><a class=\"dt-pswp-item\" href=\"https:\/\/www.radiopiu.net\/wordpress\/wp-content\/uploads\/2024\/05\/Senza-nome-24.png\" data-dt-img-description=\"\" data-large_image_width=\"112\" data-large_image_height=\"140\"><img loading=\"lazy\" decoding=\"async\" class=\"size-full wp-image-389520 alignleft\" src=\"https:\/\/www.radiopiu.net\/wordpress\/wp-content\/uploads\/2024\/05\/Senza-nome-24.png\" alt=\"\" width=\"112\" height=\"140\" \/><\/a><strong>LUTTO A FELTRE<\/strong><\/p>\n<p><strong>FELTRE<\/strong>\u00a0 E&#8217; mancato Mauro Zanatta, tatuatore a Feltre. Aveva 61 anni, feltrino di adozione nato a Villorba. E&#8217; stato tra i primi tatuatori in provincia con studio professionale di estetica in collaborazione con Cinzia Lovat, la sua compagna di vita. Lascia la figlia Moira, i funerali il 14 maggio alle 16 a Villorba.<\/p>\n<p>&nbsp;<\/p>\n<p>&nbsp;<\/p>\n<p>&nbsp;<\/p>\n<hr \/>\n<p>&nbsp;<\/p>\n<blockquote>\n<h3>INCIDENTI STRADALI A QUERO VAS E FARRA D\u2019ALPAGO: TRE FERITI<\/h3>\n<\/blockquote>\n<p><strong>QUERO VAS<\/strong> Due incidenti stradali in provincia. Alle 17:45, i vigili del fuoco sono intervenuti a Quero Vas, nella frazione di Santa Maria, per un incidente tra due auto che ha causato tre feriti. In ospedale a Feltre sono state medicate due donne, una minorenne e una 34 enne entrambe di Quero Vas. Le squadre dei pompieri da Feltre e volontari del basso feltrino hanno lavorato per mettere in sicurezza la zona mentre il Suem ha assistito i feriti, trasportandoli in ospedale con l&#8217;ambulanza del Pronto Soccorso del Santa Maria del Prato. I carabinieri hanno gestito il traffico e condotto gli accertamenti del caso.<\/p>\n<p><strong>FARRA D&#8217;ALPAGO<\/strong> Nello stesso momento, sempre alle 17:45, un altro incidente ha coinvolto una moto e un\u2019auto a Farra D\u2019alpago. I vigili del fuoco di Belluno hanno rapidamente raggiunto il luogo dell&#8217;incidente, mettendo in sicurezza i veicoli coinvolti. Il conducente della moto ferito \u00e8 stato assistito dal Suem e trasportato in ospedale per le cure necessarie.<\/p>\n<p>&nbsp;<\/p>\n\n\t\t\t<style type='text\/css'>\n\t\t\t\t#gallery-2 {\n\t\t\t\t\tmargin: auto;\n\t\t\t\t}\n\t\t\t\t#gallery-2 .gallery-item {\n\t\t\t\t\tfloat: left;\n\t\t\t\t\tmargin-top: 10px;\n\t\t\t\t\ttext-align: center;\n\t\t\t\t\twidth: 20%;\n\t\t\t\t}\n\t\t\t\t#gallery-2 img {\n\t\t\t\t\tborder: 2px solid #cfcfcf;\n\t\t\t\t}\n\t\t\t\t#gallery-2 .gallery-caption {\n\t\t\t\t\tmargin-left: 0;\n\t\t\t\t}\n\t\t\t\t\/* see gallery_shortcode() in wp-includes\/media.php *\/\n\t\t\t<\/style>\n\t\t<div id='gallery-2' class='dt-gallery-container gallery galleryid-389288 gallery-columns-5 gallery-size-thumbnail'><dl class='gallery-item'>\n\t\t\t\t<dt class='gallery-icon landscape'>\n\t\t\t\t\t<a class=\"rollover rollover-zoom dt-pswp-item\" title=\"1a423309-dd7b-43fd-9422-f846bea8579f\" data-dt-img-description=\"\" data-large_image_width=\"962\" data-large_image_height=\"642\"href='https:\/\/www.radiopiu.net\/wordpress\/wp-content\/uploads\/2024\/05\/1a423309-dd7b-43fd-9422-f846bea8579f.jpg'><img loading=\"lazy\" decoding=\"async\" width=\"150\" height=\"150\" src=\"https:\/\/www.radiopiu.net\/wordpress\/wp-content\/uploads\/2024\/05\/1a423309-dd7b-43fd-9422-f846bea8579f-150x150.jpg\" class=\"attachment-thumbnail size-thumbnail\" alt=\"\" \/><\/a>\n\t\t\t\t<\/dt><\/dl><dl class='gallery-item'>\n\t\t\t\t<dt class='gallery-icon landscape'>\n\t\t\t\t\t<a class=\"rollover rollover-zoom dt-pswp-item\" title=\"2331d64f-7c03-4735-b7e6-f7eedb282756\" data-dt-img-description=\"\" data-large_image_width=\"960\" data-large_image_height=\"740\"href='https:\/\/www.radiopiu.net\/wordpress\/wp-content\/uploads\/2024\/05\/2331d64f-7c03-4735-b7e6-f7eedb282756.jpg'><img loading=\"lazy\" decoding=\"async\" width=\"150\" height=\"150\" src=\"https:\/\/www.radiopiu.net\/wordpress\/wp-content\/uploads\/2024\/05\/2331d64f-7c03-4735-b7e6-f7eedb282756-150x150.jpg\" class=\"attachment-thumbnail size-thumbnail\" alt=\"\" \/><\/a>\n\t\t\t\t<\/dt><\/dl><dl class='gallery-item'>\n\t\t\t\t<dt class='gallery-icon landscape'>\n\t\t\t\t\t<a class=\"rollover rollover-zoom dt-pswp-item\" title=\"38d6e29d-c578-47dd-ad5b-aa25480b19a4\" data-dt-img-description=\"\" data-large_image_width=\"1160\" data-large_image_height=\"720\"href='https:\/\/www.radiopiu.net\/wordpress\/wp-content\/uploads\/2024\/05\/38d6e29d-c578-47dd-ad5b-aa25480b19a4.jpg'><img loading=\"lazy\" decoding=\"async\" width=\"150\" height=\"150\" src=\"https:\/\/www.radiopiu.net\/wordpress\/wp-content\/uploads\/2024\/05\/38d6e29d-c578-47dd-ad5b-aa25480b19a4-150x150.jpg\" class=\"attachment-thumbnail size-thumbnail\" alt=\"\" \/><\/a>\n\t\t\t\t<\/dt><\/dl><dl class='gallery-item'>\n\t\t\t\t<dt class='gallery-icon landscape'>\n\t\t\t\t\t<a class=\"rollover rollover-zoom dt-pswp-item\" title=\"9553aae4-c4f2-49ec-a174-267b79cbcc4d\" data-dt-img-description=\"\" data-large_image_width=\"960\" data-large_image_height=\"628\"href='https:\/\/www.radiopiu.net\/wordpress\/wp-content\/uploads\/2024\/05\/9553aae4-c4f2-49ec-a174-267b79cbcc4d.jpg'><img loading=\"lazy\" decoding=\"async\" width=\"150\" height=\"150\" src=\"https:\/\/www.radiopiu.net\/wordpress\/wp-content\/uploads\/2024\/05\/9553aae4-c4f2-49ec-a174-267b79cbcc4d-150x150.jpg\" class=\"attachment-thumbnail size-thumbnail\" alt=\"\" \/><\/a>\n\t\t\t\t<\/dt><\/dl><dl class='gallery-item'>\n\t\t\t\t<dt class='gallery-icon landscape'>\n\t\t\t\t\t<a class=\"rollover rollover-zoom dt-pswp-item\" title=\"19470c81-7acf-4591-924b-b09f4ffa8dfc\" data-dt-img-description=\"\" data-large_image_width=\"1280\" data-large_image_height=\"960\"href='https:\/\/www.radiopiu.net\/wordpress\/wp-content\/uploads\/2024\/05\/19470c81-7acf-4591-924b-b09f4ffa8dfc.jpg'><img loading=\"lazy\" decoding=\"async\" width=\"150\" height=\"150\" src=\"https:\/\/www.radiopiu.net\/wordpress\/wp-content\/uploads\/2024\/05\/19470c81-7acf-4591-924b-b09f4ffa8dfc-150x150.jpg\" class=\"attachment-thumbnail size-thumbnail\" alt=\"\" \/><\/a>\n\t\t\t\t<\/dt><\/dl><br style=\"clear: both\" \/>\n\t\t\t<\/div>\n\n<p>&nbsp;<\/p>\n<hr \/>\n<p>&nbsp;<\/p>\n<p>&nbsp;<\/p>\n<blockquote>\n<h3><strong><a class=\"dt-pswp-item\" href=\"https:\/\/www.radiopiu.net\/wordpress\/wp-content\/uploads\/2024\/05\/Senza-nome-23.png\" data-dt-img-description=\"\" data-large_image_width=\"411\" data-large_image_height=\"292\"><img loading=\"lazy\" decoding=\"async\" class=\"wp-image-389309 alignleft\" src=\"https:\/\/www.radiopiu.net\/wordpress\/wp-content\/uploads\/2024\/05\/Senza-nome-23-300x213.png\" alt=\"\" width=\"162\" height=\"115\" srcset=\"https:\/\/www.radiopiu.net\/wordpress\/wp-content\/uploads\/2024\/05\/Senza-nome-23-300x213.png 300w, https:\/\/www.radiopiu.net\/wordpress\/wp-content\/uploads\/2024\/05\/Senza-nome-23.png 411w\" sizes=\"auto, (max-width: 162px) 100vw, 162px\" \/><\/a>Tragico Incidente in Trentino: Indagato Conducente per Omicidio Stradale<\/strong><\/h3>\n<\/blockquote>\n<p><strong>TRENTO<\/strong> La procura di Trento ha avviato un&#8217;inchiesta per omicidio stradale in seguito al tragico incidente avvenuto il 9 maggio sulla strada tra Fornace e Civezzano, in Trentino, che ha causato la morte di Matteo Lorenzi, 17 anni. L&#8217;impatto tra il furgone e la bicicletta del giovane \u00e8 stato fatale. Il conducente del furgone, residente in provincia di Belluno, \u00e8 stato denunciato e indagato per omicidio stradale.<\/p>\n<p>&nbsp;<\/p>\n<p>&nbsp;<\/p>\n<hr \/>\n<div class=\"page-title-head hgroup\">\n<blockquote>\n<h3 class=\"entry-title\"><\/h3>\n<h3 class=\"entry-title\">TURISTI FRANCESI SALVATI IN VALON DI LAVAREDO: INTERVENTO DEL SUEM DI PIEVE DI CADORE<\/h3>\n<\/blockquote>\n<\/div>\n<div class=\"page-title-breadcrumbs\">\n<div class=\"flex flex-grow flex-col max-w-full\">\n<div class=\"min-h-[20px] text-message flex flex-col items-start whitespace-pre-wrap break-words [.text-message+&amp;]:mt-5 overflow-x-auto gap-3\" dir=\"auto\" data-message-author-role=\"assistant\" data-message-id=\"8fe61696-cbf3-4e94-a0eb-c00201793d13\">\n<div class=\"markdown prose w-full break-words dark:prose-invert dark\">\n<p><strong><img loading=\"lazy\" decoding=\"async\" class=\"alignleft\" src=\"https:\/\/www.radiopiu.net\/wordpress\/wp-content\/uploads\/2024\/03\/e040112e-5e6f-4e7a-9965-35c6262d822e.jpg\" width=\"222\" height=\"141\" \/>AURONZO <\/strong>Ieri alle 15, una coppia di turisti francesi, esausti e bloccati nella zona del Valon di Lavaredo, ha contattato la Centrale del 118 per chiedere aiuto. Lui, 29 anni, e lei, 27, erano scesi sotto il Rifugio Auronzo superando una parte innevata, ma una volta raggiunto il sentiero sui ghiaioni a 1.800 metri di quota, non sono stati in grado di proseguire a causa della stanchezza. Dopo aver ricevuto le coordinate del punto esatto, l&#8217;elicottero del Suem di Pieve di Cadore ha individuato la coppia e ha fatto sbarcare nelle vicinanze un tecnico di elisoccorso tramite verricello. Il soccorritore ha prontamente spostato i due in un luogo sicuro per il recupero, evitando il pericolo dei cavi dell&#8217;alta tensione nelle vicinanze. Una volta a bordo, la coppia \u00e8 stata trasportata a Misurina, dove aveva lasciato l&#8217;auto. Il Soccorso Alpino di Auronzo era pronto ad intervenire in caso di necessit\u00e0, garantendo un rapido e efficace intervento di salvataggio<\/p>\n<\/div>\n<\/div>\n<\/div>\n<\/div>\n<p>&nbsp;<\/p>\n<p>&nbsp;<\/p>\n<p>&nbsp;<\/p>\n<div class=\"page-title-breadcrumbs\">\n<div class=\"flex flex-grow flex-col max-w-full\">\n<div class=\"min-h-[20px] text-message flex flex-col items-start whitespace-pre-wrap break-words [.text-message+&amp;]:mt-5 overflow-x-auto gap-3\" dir=\"auto\" data-message-author-role=\"assistant\" data-message-id=\"8fe61696-cbf3-4e94-a0eb-c00201793d13\">\n<div class=\"markdown prose w-full break-words dark:prose-invert dark\">\n<hr \/>\n<p>&nbsp;<\/p>\n<blockquote>\n<h3><strong><a class=\"dt-pswp-item\" href=\"https:\/\/www.radiopiu.net\/wordpress\/wp-content\/uploads\/2024\/05\/th-4.jpg\" data-dt-img-description=\"\" data-large_image_width=\"270\" data-large_image_height=\"180\"><img loading=\"lazy\" decoding=\"async\" class=\" wp-image-389291 alignleft\" src=\"https:\/\/www.radiopiu.net\/wordpress\/wp-content\/uploads\/2024\/05\/th-4.jpg\" alt=\"\" width=\"164\" height=\"109\" \/><\/a>Meningite Virale: Decorso Migliore per Studente Ricoverato in Martinica<\/strong><\/h3>\n<\/blockquote>\n<p><strong>BELLUNO<\/strong> Lo studente ricoverato in Martinica per una sospetta meningite virale mostra segni di miglioramento, rassicurando anche i suoi compagni e accompagnatori degli istituti Calvi e Lollino. Nonostante l&#8217;autoisolamento, la situazione sembra sotto controllo e il paziente zero presto torner\u00e0 in Italia con la famiglia. Gli esiti delle analisi suggeriscono una forma meno grave di infiammazione, portando a un cauto ottimismo tra gli addetti alla salute pubblica della ULSS 1 di Belluno.<\/p>\n<div class=\"flex-1 overflow-hidden\">\n<div class=\"react-scroll-to-bottom--css-hjmgd-79elbk h-full\">\n<div class=\"react-scroll-to-bottom--css-hjmgd-1n7m0yu\">\n<div class=\"flex flex-col text-sm pb-9\">\n<div class=\"w-full text-token-text-primary\" dir=\"auto\" data-testid=\"conversation-turn-25\" data-scroll-anchor=\"true\">\n<div class=\"py-2 px-3 text-base md:px-4 m-auto md:px-5 lg:px-1 xl:px-5\">\n<div class=\"mx-auto flex flex-1 gap-3 text-base juice:gap-4 juice:md:gap-6 md:max-w-3xl lg:max-w-[40rem] xl:max-w-[48rem]\">\n<div class=\"relative flex w-full min-w-0 flex-col agent-turn\">\n<div class=\"flex-col gap-1 md:gap-3\">\n<div class=\"mt-1 flex gap-3 empty:hidden juice:-ml-3\">\n<div class=\"-ml-1 mt-0 h-7 items-center justify-center gap-[2px] self-end text-gray-400 lg:justify-start lg:self-center visible flex\">\n<div class=\"flex\"><\/div>\n<\/div>\n<\/div>\n<\/div>\n<\/div>\n<\/div>\n<\/div>\n<\/div>\n<\/div>\n<\/div>\n<\/div>\n<\/div>\n<\/div>\n<\/div>\n<\/div>\n<\/div>\n<div class=\"-ml-1 mt-0 h-7 items-center justify-center gap-[2px] self-end text-gray-400 lg:justify-start lg:self-center visible flex\"><\/div>\n<div><\/div>\n<div><\/div>\n<hr \/>\n<p>&nbsp;<\/p>\n<blockquote>\n<h3>TRUFFA AGLI ESAMI DI GUIDA: POLIZIA STRADALE DI BELLUNO SMASCHERA INGEGNOSO SISTEMA<\/h3>\n<\/blockquote>\n<p><strong>BELLUNO <\/strong>Durante sessioni d&#8217;esame per la patente B presso la Motorizzazione Civile di Belluno, la Polizia Stradale ha scoperto tre individui non residenti nella provincia che usavano dispositivi tecnologici nascosti per ottenere risposte corrette. Microauricolari e microcamere collegati a router\/cellulari permettevano la comunicazione con complici via internet. Grazie alle segnalazioni e agli interventi della Polizia, i trasgressori sono stati identificati e denunciati. Un terzo complice \u00e8 stato rintracciato grazie alla collaborazione con la Squadra Volanti della Questura di Belluno. I dispositivi fraudolenti sono stati sequestrati per identificare gli autori del sistema illegale. \u00c8 stata anche scoperta e sequestrata una patente comunitaria falsa. La Polizia di Stato, con il supporto della Direzione dell&#8217;U.M.C. di Belluno, continuer\u00e0 a vigilare sull&#8217;integrit\u00e0 degli esami per garantire che solo coloro che possiedono i requisiti legali possano guidare.<\/p>\n\n\t\t\t<style type='text\/css'>\n\t\t\t\t#gallery-3 {\n\t\t\t\t\tmargin: auto;\n\t\t\t\t}\n\t\t\t\t#gallery-3 .gallery-item {\n\t\t\t\t\tfloat: left;\n\t\t\t\t\tmargin-top: 10px;\n\t\t\t\t\ttext-align: center;\n\t\t\t\t\twidth: 33%;\n\t\t\t\t}\n\t\t\t\t#gallery-3 img {\n\t\t\t\t\tborder: 2px solid #cfcfcf;\n\t\t\t\t}\n\t\t\t\t#gallery-3 .gallery-caption {\n\t\t\t\t\tmargin-left: 0;\n\t\t\t\t}\n\t\t\t\t\/* see gallery_shortcode() in wp-includes\/media.php *\/\n\t\t\t<\/style>\n\t\t<div id='gallery-3' class='dt-gallery-container gallery galleryid-389288 gallery-columns-3 gallery-size-medium'><dl class='gallery-item'>\n\t\t\t\t<dt class='gallery-icon landscape'>\n\t\t\t\t\t<a class=\"rollover rollover-zoom dt-pswp-item\" title=\"1\" data-dt-img-description=\"\" data-large_image_width=\"694\" data-large_image_height=\"521\"href='https:\/\/www.radiopiu.net\/wordpress\/wp-content\/uploads\/2024\/05\/1.png'><img loading=\"lazy\" decoding=\"async\" width=\"300\" height=\"225\" src=\"https:\/\/www.radiopiu.net\/wordpress\/wp-content\/uploads\/2024\/05\/1-300x225.png\" class=\"attachment-medium size-medium\" alt=\"\" srcset=\"https:\/\/www.radiopiu.net\/wordpress\/wp-content\/uploads\/2024\/05\/1-300x225.png 300w, https:\/\/www.radiopiu.net\/wordpress\/wp-content\/uploads\/2024\/05\/1.png 694w\" sizes=\"auto, (max-width: 300px) 100vw, 300px\" \/><\/a>\n\t\t\t\t<\/dt><\/dl><dl class='gallery-item'>\n\t\t\t\t<dt class='gallery-icon portrait'>\n\t\t\t\t\t<a class=\"rollover rollover-zoom dt-pswp-item\" title=\"2\" data-dt-img-description=\"\" data-large_image_width=\"515\" data-large_image_height=\"693\"href='https:\/\/www.radiopiu.net\/wordpress\/wp-content\/uploads\/2024\/05\/2.png'><img loading=\"lazy\" decoding=\"async\" width=\"223\" height=\"300\" src=\"https:\/\/www.radiopiu.net\/wordpress\/wp-content\/uploads\/2024\/05\/2-223x300.png\" class=\"attachment-medium size-medium\" alt=\"\" srcset=\"https:\/\/www.radiopiu.net\/wordpress\/wp-content\/uploads\/2024\/05\/2-223x300.png 223w, https:\/\/www.radiopiu.net\/wordpress\/wp-content\/uploads\/2024\/05\/2.png 515w\" sizes=\"auto, (max-width: 223px) 100vw, 223px\" \/><\/a>\n\t\t\t\t<\/dt><\/dl><dl class='gallery-item'>\n\t\t\t\t<dt class='gallery-icon landscape'>\n\t\t\t\t\t<a class=\"rollover rollover-zoom dt-pswp-item\" title=\"3\" data-dt-img-description=\"\" data-large_image_width=\"841\" data-large_image_height=\"736\"href='https:\/\/www.radiopiu.net\/wordpress\/wp-content\/uploads\/2024\/05\/3.png'><img loading=\"lazy\" decoding=\"async\" width=\"300\" height=\"263\" src=\"https:\/\/www.radiopiu.net\/wordpress\/wp-content\/uploads\/2024\/05\/3-300x263.png\" class=\"attachment-medium size-medium\" alt=\"\" srcset=\"https:\/\/www.radiopiu.net\/wordpress\/wp-content\/uploads\/2024\/05\/3-300x263.png 300w, https:\/\/www.radiopiu.net\/wordpress\/wp-content\/uploads\/2024\/05\/3-768x672.png 768w, https:\/\/www.radiopiu.net\/wordpress\/wp-content\/uploads\/2024\/05\/3.png 841w\" sizes=\"auto, (max-width: 300px) 100vw, 300px\" \/><\/a>\n\t\t\t\t<\/dt><\/dl><br style=\"clear: both\" \/>\n\t\t\t<\/div>\n\n<p>&nbsp;<\/p>\n<p>&nbsp;<\/p>\n<p>&nbsp;<\/p>\n<p>&nbsp;<\/p>\n<hr \/>\n<p>&nbsp;<\/p>\n<blockquote>\n<h3>AGGRESSIONE IN CARCERE A BELLUNO: LA CISL FNS FA IL PUNTO<\/h3>\n<\/blockquote>\n<p><strong><a class=\"dt-pswp-item\" href=\"https:\/\/www.radiopiu.net\/wordpress\/wp-content\/uploads\/2021\/07\/image-2.jpg\" data-dt-img-description=\"\" data-large_image_width=\"960\" data-large_image_height=\"540\"><img loading=\"lazy\" decoding=\"async\" class=\" wp-image-224354 alignleft\" src=\"https:\/\/www.radiopiu.net\/wordpress\/wp-content\/uploads\/2021\/07\/image-2-300x169.jpg\" alt=\"\" width=\"179\" height=\"101\" srcset=\"https:\/\/www.radiopiu.net\/wordpress\/wp-content\/uploads\/2021\/07\/image-2-300x169.jpg 300w, https:\/\/www.radiopiu.net\/wordpress\/wp-content\/uploads\/2021\/07\/image-2-768x432.jpg 768w, https:\/\/www.radiopiu.net\/wordpress\/wp-content\/uploads\/2021\/07\/image-2.jpg 960w\" sizes=\"auto, (max-width: 179px) 100vw, 179px\" \/><\/a>BELLUNO<\/strong> Di fronte all\u2019ennesima aggressione da parte di un detenuto ai danni di un agente di polizia penitenziaria del carcere di Belluno, la Cisl Fns Belluno Treviso lancia un appello al Provveditorato dell\u2019amministrazione penitenziaria per il Triveneto. Qualora le denunce del personale, avanzate tramite le sigle sindacali, non dovessero trovare riscontro, i poliziotti bellunesi si dichiarano pronti a mettere in atto azioni di protesta idonee a sensibilizzare l\u2019opinione pubblica. Fns Cisl esprime infine la massima solidariet\u00e0 a tutte le poliziotte e i poliziotti. Della grave situazione \u00e8 stato informato anche il Prefetto di Belluno.<\/p>\n<p><strong>ROBERT DA RE DELLA SEGRETERIA FNS CISL BELLUNO TREVISO <\/strong><\/p>\n<audio class=\"wp-audio-shortcode\" id=\"audio-389288-5\" preload=\"none\" style=\"width: 100%;\" controls=\"controls\"><source type=\"audio\/mpeg\" src=\"https:\/\/www.radiopiu.net\/wordpress\/wp-content\/uploads\/2024\/05\/DA-RE-CARCERE.mp3?_=5\" \/><a href=\"https:\/\/www.radiopiu.net\/wordpress\/wp-content\/uploads\/2024\/05\/DA-RE-CARCERE.mp3\">https:\/\/www.radiopiu.net\/wordpress\/wp-content\/uploads\/2024\/05\/DA-RE-CARCERE.mp3<\/a><\/audio>\n<p>&nbsp;<\/p>\n<p>&nbsp;<\/p>\n<p>&nbsp;<\/p>\n<hr \/>\n<p>&nbsp;<\/p>\n<blockquote>\n<h3>CENTRO SERVIZI \u201cSANTIN\u201d IN VAL DI ZOLDO: AL VIA IL PROGETTO DI AMPLIAMENTO E RISTRUTTURAZIONE DA 7 MILIONI DI EURO<\/h3>\n<\/blockquote>\n<p><strong><a class=\"dt-pswp-item\" href=\"https:\/\/www.radiopiu.net\/wordpress\/wp-content\/uploads\/2024\/05\/Centro-Servizi-Santin.jpg\" data-dt-img-description=\"\" data-large_image_width=\"832\" data-large_image_height=\"423\"><img loading=\"lazy\" decoding=\"async\" class=\" wp-image-389406 alignleft\" src=\"https:\/\/www.radiopiu.net\/wordpress\/wp-content\/uploads\/2024\/05\/Centro-Servizi-Santin-300x153.jpg\" alt=\"\" width=\"214\" height=\"109\" srcset=\"https:\/\/www.radiopiu.net\/wordpress\/wp-content\/uploads\/2024\/05\/Centro-Servizi-Santin-300x153.jpg 300w, https:\/\/www.radiopiu.net\/wordpress\/wp-content\/uploads\/2024\/05\/Centro-Servizi-Santin-768x390.jpg 768w, https:\/\/www.radiopiu.net\/wordpress\/wp-content\/uploads\/2024\/05\/Centro-Servizi-Santin.jpg 832w\" sizes=\"auto, (max-width: 214px) 100vw, 214px\" \/><\/a>BELLUNO <\/strong>E\u2019 un progetto importante e atteso quello che prende formalmente il via in questi giorni per il Centro Servizi \u201cA. Santin\u201d di Ciamber, in Val di Zoldo, a seguito della firma della convenzione siglata tra il presidente del Comitato di Gestione del Fondo Comuni Confinanti e il sindaco di Val di Zoldo. L\u2019iniziativa prevede infatti un impegno di spesa preventivato che supera i 7 milioni di euro (7.070.000 per l\u2019esattezza); di questi, oltre la met\u00e0 (per la precisione 3.750.000 euro) saranno messi a disposizione dal Fondo Comuni Confinanti, mentre la parte restante, pari a 3.320.000 euro sar\u00e0 di cofinanziamento da parte del Comune di Val di Zoldo. Nello specifico, i lavori consisteranno nella messa a norma del secondo piano del corpo esistente per la disposizione di 29 posti letto, nell\u2019edificazione di un nuovo edificio in ampliamento all\u2019esistente per altri 20 posti letto e nella realizzazione di un volume \u201ccerniera\u201d di collegamento tra la nuova struttura e quella in essere ai piani terra, primo e secondo.<\/p>\n<p><strong>il presidente, DARIO BOND<\/strong><\/p>\n<audio class=\"wp-audio-shortcode\" id=\"audio-389288-6\" preload=\"none\" style=\"width: 100%;\" controls=\"controls\"><source type=\"audio\/mpeg\" src=\"https:\/\/www.radiopiu.net\/wordpress\/wp-content\/uploads\/2024\/05\/bond.mp3?_=6\" \/><a href=\"https:\/\/www.radiopiu.net\/wordpress\/wp-content\/uploads\/2024\/05\/bond.mp3\">https:\/\/www.radiopiu.net\/wordpress\/wp-content\/uploads\/2024\/05\/bond.mp3<\/a><\/audio>\n<p>&nbsp;<\/p>\n<p>&nbsp;<\/p>\n<p>&nbsp;<\/p>\n<hr \/>\n<p>&nbsp;<\/p>\n<p>&nbsp;<\/p>\n<blockquote>\n<h2>Rifiuto urbano nel Veneto: Superati gli Obiettivi del 2025 gi\u00e0 nel 2023<\/h2>\n<\/blockquote>\n<p><strong>VENEZIA<\/strong> Il Veneto ha superato con orgoglio gli obiettivi del 2025 nella gestione dei rifiuti urbani gi\u00e0 nel 2023, come annunciato dall&#8217;assessore all&#8217;Ambiente. Grazie all&#8217;eccezionale impegno dei cittadini nella raccolta differenziata e alla sensibilizzazione della popolazione, la regione ha confermato la propria virtuosit\u00e0. L&#8217;assessore sottolinea il progresso verso gli ambiziosi obiettivi del Piano regionale, incluso l&#8217;eliminazione dello smaltimento a discarica entro il 2030. La recente approvazione dei criteri per una tariffa unica di conferimento dei rifiuti urbani conferma l&#8217;impegno della regione. Queste misure garantiranno costi uniformi per i cittadini, confermando il Veneto come leader nazionale nella gestione dei rifiuti urbani<\/p>\n<div class=\"-ml-1 mt-0 h-7 items-center justify-center gap-[2px] self-end text-gray-400 lg:justify-start lg:self-center visible flex\"><\/div>\n<div>\n<div style=\"width: 848px;\" class=\"wp-video\"><video class=\"wp-video-shortcode\" id=\"video-389288-1\" width=\"848\" height=\"480\" preload=\"metadata\" controls=\"controls\"><source type=\"video\/mp4\" src=\"https:\/\/www.radiopiu.net\/wordpress\/wp-content\/uploads\/2024\/05\/WhatsApp-Video-2024-04-30-at-12.00.42.mp4?_=1\" \/><a href=\"https:\/\/www.radiopiu.net\/wordpress\/wp-content\/uploads\/2024\/05\/WhatsApp-Video-2024-04-30-at-12.00.42.mp4\">https:\/\/www.radiopiu.net\/wordpress\/wp-content\/uploads\/2024\/05\/WhatsApp-Video-2024-04-30-at-12.00.42.mp4<\/a><\/video><\/div>\n<\/div>\n<div><\/div>\n<p>&nbsp;<\/p>\n<p>&nbsp;<\/p>\n<hr \/>\n<p>&nbsp;<\/p>\n<blockquote>\n<h3>MODIFICHE ALLA RACCOLTA RIFIUTI A FALCADE<\/h3>\n<\/blockquote>\n<p><strong>FALCADE<\/strong> Si informano i cittadini che da luned\u00ec 13 maggio a venerd\u00ec 14 giugno verr\u00e0 modificato il servizio di raccolta dei rifiuti. A seguito della chiusura temporanea al traffico veicolare come da ordinanza comunale, le utenze situate in via Trento dal civico 55 &#8211; loc. Al Morel fino all\u2019intersezione con Via Salpian dovranno conferire i rifiuti presso due Ecopunti, allestiti a monte e a valle del cantiere. In accordo con il comune di Falcade, per il periodo di chiusura della strada, vetro, plastica e lattine, carta e umido (solo per le utenze senza compostaggio) saranno raccolti attraverso appositi contenitori ad uso esclusivo delle utenze poste all&#8217;interno del cantiere. Per il secco non riciclabile, invece, ogni utenza dovr\u00e0\u00a0esporre il proprio bidone\u00a0presso gli Ecopunti individuati.<\/p>\n<p><strong>I PUNTI INDIVIDUATI<\/strong><\/p>\n\n\t\t\t<style type='text\/css'>\n\t\t\t\t#gallery-4 {\n\t\t\t\t\tmargin: auto;\n\t\t\t\t}\n\t\t\t\t#gallery-4 .gallery-item {\n\t\t\t\t\tfloat: left;\n\t\t\t\t\tmargin-top: 10px;\n\t\t\t\t\ttext-align: center;\n\t\t\t\t\twidth: 50%;\n\t\t\t\t}\n\t\t\t\t#gallery-4 img {\n\t\t\t\t\tborder: 2px solid #cfcfcf;\n\t\t\t\t}\n\t\t\t\t#gallery-4 .gallery-caption {\n\t\t\t\t\tmargin-left: 0;\n\t\t\t\t}\n\t\t\t\t\/* see gallery_shortcode() in wp-includes\/media.php *\/\n\t\t\t<\/style>\n\t\t<div id='gallery-4' class='dt-gallery-container gallery galleryid-389288 gallery-columns-2 gallery-size-medium'><dl class='gallery-item'>\n\t\t\t\t<dt class='gallery-icon landscape'>\n\t\t\t\t\t<a class=\"rollover rollover-zoom dt-pswp-item\" title=\"foto1\" data-dt-img-description=\"\" data-large_image_width=\"635\" data-large_image_height=\"360\"href='https:\/\/www.radiopiu.net\/wordpress\/wp-content\/uploads\/2024\/05\/foto1.jpg'><img loading=\"lazy\" decoding=\"async\" width=\"300\" height=\"170\" src=\"https:\/\/www.radiopiu.net\/wordpress\/wp-content\/uploads\/2024\/05\/foto1-300x170.jpg\" class=\"attachment-medium size-medium\" alt=\"\" aria-describedby=\"gallery-4-389349\" srcset=\"https:\/\/www.radiopiu.net\/wordpress\/wp-content\/uploads\/2024\/05\/foto1-300x170.jpg 300w, https:\/\/www.radiopiu.net\/wordpress\/wp-content\/uploads\/2024\/05\/foto1.jpg 635w\" sizes=\"auto, (max-width: 300px) 100vw, 300px\" \/><\/a>\n\t\t\t\t<\/dt>\n\t\t\t\t\t<dd class='wp-caption-text gallery-caption' id='gallery-4-389349'>\n\t\t\t\t\tloc. Al Morel &#8211; incrocio con Via De Biasio\n\t\t\t\t\t<\/dd><\/dl><dl class='gallery-item'>\n\t\t\t\t<dt class='gallery-icon landscape'>\n\t\t\t\t\t<a class=\"rollover rollover-zoom dt-pswp-item\" title=\"foto2\" data-dt-img-description=\"\" data-large_image_width=\"613\" data-large_image_height=\"356\"href='https:\/\/www.radiopiu.net\/wordpress\/wp-content\/uploads\/2024\/05\/foto2.jpg'><img loading=\"lazy\" decoding=\"async\" width=\"300\" height=\"174\" src=\"https:\/\/www.radiopiu.net\/wordpress\/wp-content\/uploads\/2024\/05\/foto2-300x174.jpg\" class=\"attachment-medium size-medium\" alt=\"\" aria-describedby=\"gallery-4-389350\" srcset=\"https:\/\/www.radiopiu.net\/wordpress\/wp-content\/uploads\/2024\/05\/foto2-300x174.jpg 300w, https:\/\/www.radiopiu.net\/wordpress\/wp-content\/uploads\/2024\/05\/foto2.jpg 613w\" sizes=\"auto, (max-width: 300px) 100vw, 300px\" \/><\/a>\n\t\t\t\t<\/dt>\n\t\t\t\t\t<dd class='wp-caption-text gallery-caption' id='gallery-4-389350'>\n\t\t\t\t\tincrocio con Via De San Doane\n\t\t\t\t\t<\/dd><\/dl><br style=\"clear: both\" \/>\n\t\t\t<\/div>\n\n<p>Le utenze interessate dai lavori situate vicino agli Ecopunti potranno usare i consueti contenitori in dotazione, esponendoli fuori dall\u2019area di cantiere. Per qualsiasi chiarimento o maggiori informazioni, le utenze interessate possono contattarci chiamando il numero verde 800.947.673 oppure scrivendo a <a href=\"mailto:info@valpeambiente.it\">info@valpeambiente.it<\/a><\/p>\n<p>&nbsp;<\/p>\n<hr \/>\n<p>&nbsp;<\/p>\n<blockquote>\n<h2>QUANDO LA CULTURA DELLA SICUREZZA PASSA ATTRAVERSO LE SCUOLE<\/h2>\n<\/blockquote>\n\n\t\t\t<style type='text\/css'>\n\t\t\t\t#gallery-5 {\n\t\t\t\t\tmargin: auto;\n\t\t\t\t}\n\t\t\t\t#gallery-5 .gallery-item {\n\t\t\t\t\tfloat: left;\n\t\t\t\t\tmargin-top: 10px;\n\t\t\t\t\ttext-align: center;\n\t\t\t\t\twidth: 33%;\n\t\t\t\t}\n\t\t\t\t#gallery-5 img {\n\t\t\t\t\tborder: 2px solid #cfcfcf;\n\t\t\t\t}\n\t\t\t\t#gallery-5 .gallery-caption {\n\t\t\t\t\tmargin-left: 0;\n\t\t\t\t}\n\t\t\t\t\/* see gallery_shortcode() in wp-includes\/media.php *\/\n\t\t\t<\/style>\n\t\t<div id='gallery-5' class='dt-gallery-container gallery galleryid-389288 gallery-columns-3 gallery-size-thumbnail'><dl class='gallery-item'>\n\t\t\t\t<dt class='gallery-icon portrait'>\n\t\t\t\t\t<a class=\"rollover rollover-zoom dt-pswp-item\" title=\"5a16cbb0-36e9-4f0e-a00f-f2e85a0b7060\" data-dt-img-description=\"\" data-large_image_width=\"1080\" data-large_image_height=\"1920\"href='https:\/\/www.radiopiu.net\/wordpress\/wp-content\/uploads\/2024\/05\/5a16cbb0-36e9-4f0e-a00f-f2e85a0b7060.jpg'><img loading=\"lazy\" decoding=\"async\" width=\"150\" height=\"150\" src=\"https:\/\/www.radiopiu.net\/wordpress\/wp-content\/uploads\/2024\/05\/5a16cbb0-36e9-4f0e-a00f-f2e85a0b7060-150x150.jpg\" class=\"attachment-thumbnail size-thumbnail\" alt=\"\" \/><\/a>\n\t\t\t\t<\/dt><\/dl><dl class='gallery-item'>\n\t\t\t\t<dt class='gallery-icon landscape'>\n\t\t\t\t\t<a class=\"rollover rollover-zoom dt-pswp-item\" title=\"e62b8345-ae1a-4256-8473-a2b49c8570dd\" data-dt-img-description=\"\" data-large_image_width=\"1600\" data-large_image_height=\"1200\"href='https:\/\/www.radiopiu.net\/wordpress\/wp-content\/uploads\/2024\/05\/e62b8345-ae1a-4256-8473-a2b49c8570dd.jpg'><img loading=\"lazy\" decoding=\"async\" width=\"150\" height=\"150\" src=\"https:\/\/www.radiopiu.net\/wordpress\/wp-content\/uploads\/2024\/05\/e62b8345-ae1a-4256-8473-a2b49c8570dd-150x150.jpg\" class=\"attachment-thumbnail size-thumbnail\" alt=\"\" \/><\/a>\n\t\t\t\t<\/dt><\/dl><dl class='gallery-item'>\n\t\t\t\t<dt class='gallery-icon landscape'>\n\t\t\t\t\t<a class=\"rollover rollover-zoom dt-pswp-item\" title=\"614bb79f-36f7-4947-9df4-ef1675e2e0ea\" data-dt-img-description=\"\" data-large_image_width=\"2048\" data-large_image_height=\"1536\"href='https:\/\/www.radiopiu.net\/wordpress\/wp-content\/uploads\/2024\/05\/614bb79f-36f7-4947-9df4-ef1675e2e0ea.jpg'><img loading=\"lazy\" decoding=\"async\" width=\"150\" height=\"150\" src=\"https:\/\/www.radiopiu.net\/wordpress\/wp-content\/uploads\/2024\/05\/614bb79f-36f7-4947-9df4-ef1675e2e0ea-150x150.jpg\" class=\"attachment-thumbnail size-thumbnail\" alt=\"\" \/><\/a>\n\t\t\t\t<\/dt><\/dl><br style=\"clear: both\" \/>\n\t\t\t<\/div>\n\n<p><strong>L&#8217;ASSESSORE REGIONALE GIANPAOLO BOTACCIN<\/strong><\/p>\n<div style=\"width: 848px;\" class=\"wp-video\"><video class=\"wp-video-shortcode\" id=\"video-389288-2\" width=\"848\" height=\"480\" preload=\"metadata\" controls=\"controls\"><source type=\"video\/mp4\" src=\"https:\/\/www.radiopiu.net\/wordpress\/wp-content\/uploads\/2024\/05\/WhatsApp-Video-2024-05-10-at-12.56.05-1.mp4?_=2\" \/><a href=\"https:\/\/www.radiopiu.net\/wordpress\/wp-content\/uploads\/2024\/05\/WhatsApp-Video-2024-05-10-at-12.56.05-1.mp4\">https:\/\/www.radiopiu.net\/wordpress\/wp-content\/uploads\/2024\/05\/WhatsApp-Video-2024-05-10-at-12.56.05-1.mp4<\/a><\/video><\/div>\n<p>&nbsp;<\/p>\n<p>&nbsp;<\/p>\n<hr \/>\n<p>&nbsp;<\/p>\n<blockquote>\n<h3>DUE STUDENTI BLOCCATI NELLA SCUOLA, ESERCITAZIONE A CORTINA<\/h3>\n<\/blockquote>\n<p><strong>CORTINA\u00a0<\/strong>Due studenti rimasti bloccati all\u2019interno della scuola dopo una scossa di terremoto. Questo lo scenario di esercitazione \u201c progetto scuola sicura Veneto\u201d promosso dall\u2019assessorato regionale alla protezione civile, messo in atto venerd\u00ec mattina, presso l\u2019istituto\u00a0 omnicomprensivo Valboite di Cortina D\u2019Ampezzo.Un terremoto di magnitudo 5.0 con l\u2019evacuazione dell\u2019istituto, l\u2019attivazione del piano di sicurezza, la ricerca e il salvataggio dei dispersi. All\u2019esercitazione hanno partecipato i vigili del fuoco permanenti e volontari di Cortina anche con il nucleo cinofili, coordinati dal funzionario del comando architetto Fabio Jerman, volontari della protezione civile,\u00a0 personale sanitario della Croce Bianca. Presenti con il ruolo di osservatori, personale del comando, dell\u2019associazione nazionale vigili del fuoco, per un successivo debriefing operativo.<\/p>\n\n\t\t\t<style type='text\/css'>\n\t\t\t\t#gallery-6 {\n\t\t\t\t\tmargin: auto;\n\t\t\t\t}\n\t\t\t\t#gallery-6 .gallery-item {\n\t\t\t\t\tfloat: left;\n\t\t\t\t\tmargin-top: 10px;\n\t\t\t\t\ttext-align: center;\n\t\t\t\t\twidth: 33%;\n\t\t\t\t}\n\t\t\t\t#gallery-6 img {\n\t\t\t\t\tborder: 2px solid #cfcfcf;\n\t\t\t\t}\n\t\t\t\t#gallery-6 .gallery-caption {\n\t\t\t\t\tmargin-left: 0;\n\t\t\t\t}\n\t\t\t\t\/* see gallery_shortcode() in wp-includes\/media.php *\/\n\t\t\t<\/style>\n\t\t<div id='gallery-6' class='dt-gallery-container gallery galleryid-389288 gallery-columns-3 gallery-size-thumbnail'><dl class='gallery-item'>\n\t\t\t\t<dt class='gallery-icon landscape'>\n\t\t\t\t\t<a class=\"rollover\" href='https:\/\/www.radiopiu.net\/wordpress\/esercitazione-a-cortina\/da619ec8-a708-4054-a32e-ddcc956cfbb5\/'><img loading=\"lazy\" decoding=\"async\" width=\"150\" height=\"150\" src=\"https:\/\/www.radiopiu.net\/wordpress\/wp-content\/uploads\/2024\/05\/da619ec8-a708-4054-a32e-ddcc956cfbb5-150x150.jpeg\" class=\"attachment-thumbnail size-thumbnail\" alt=\"\" \/><\/a>\n\t\t\t\t<\/dt><\/dl><dl class='gallery-item'>\n\t\t\t\t<dt class='gallery-icon portrait'>\n\t\t\t\t\t<a class=\"rollover\" href='https:\/\/www.radiopiu.net\/wordpress\/esercitazione-a-cortina\/6a922282-159c-4008-9576-30694b8bb7cc\/'><img loading=\"lazy\" decoding=\"async\" width=\"150\" height=\"150\" src=\"https:\/\/www.radiopiu.net\/wordpress\/wp-content\/uploads\/2024\/05\/6a922282-159c-4008-9576-30694b8bb7cc-150x150.jpeg\" class=\"attachment-thumbnail size-thumbnail\" alt=\"\" \/><\/a>\n\t\t\t\t<\/dt><\/dl><dl class='gallery-item'>\n\t\t\t\t<dt class='gallery-icon landscape'>\n\t\t\t\t\t<a class=\"rollover\" href='https:\/\/www.radiopiu.net\/wordpress\/esercitazione-a-cortina\/0e4f870f-fbc0-44eb-b42e-addf46ad498f\/'><img loading=\"lazy\" decoding=\"async\" width=\"150\" height=\"150\" src=\"https:\/\/www.radiopiu.net\/wordpress\/wp-content\/uploads\/2024\/05\/0e4f870f-fbc0-44eb-b42e-addf46ad498f-150x150.jpeg\" class=\"attachment-thumbnail size-thumbnail\" alt=\"\" \/><\/a>\n\t\t\t\t<\/dt><\/dl><br style=\"clear: both\" \/><dl class='gallery-item'>\n\t\t\t\t<dt class='gallery-icon landscape'>\n\t\t\t\t\t<a class=\"rollover\" href='https:\/\/www.radiopiu.net\/wordpress\/esercitazione-a-cortina\/1cee8105-21da-4144-85dd-19b0bc04d1c4\/'><img loading=\"lazy\" decoding=\"async\" width=\"150\" height=\"150\" src=\"https:\/\/www.radiopiu.net\/wordpress\/wp-content\/uploads\/2024\/05\/1cee8105-21da-4144-85dd-19b0bc04d1c4-150x150.jpeg\" class=\"attachment-thumbnail size-thumbnail\" alt=\"\" \/><\/a>\n\t\t\t\t<\/dt><\/dl><dl class='gallery-item'>\n\t\t\t\t<dt class='gallery-icon portrait'>\n\t\t\t\t\t<a class=\"rollover\" href='https:\/\/www.radiopiu.net\/wordpress\/esercitazione-a-cortina\/91c9f286-8b58-493c-87f5-84a91e73dbc2\/'><img loading=\"lazy\" decoding=\"async\" width=\"150\" height=\"150\" src=\"https:\/\/www.radiopiu.net\/wordpress\/wp-content\/uploads\/2024\/05\/91c9f286-8b58-493c-87f5-84a91e73dbc2-150x150.jpeg\" class=\"attachment-thumbnail size-thumbnail\" alt=\"\" \/><\/a>\n\t\t\t\t<\/dt><\/dl><dl class='gallery-item'>\n\t\t\t\t<dt class='gallery-icon portrait'>\n\t\t\t\t\t<a class=\"rollover\" href='https:\/\/www.radiopiu.net\/wordpress\/esercitazione-a-cortina\/d49a6c12-d9f4-4971-8aa6-1c6e0520a9c8\/'><img loading=\"lazy\" decoding=\"async\" width=\"150\" height=\"150\" src=\"https:\/\/www.radiopiu.net\/wordpress\/wp-content\/uploads\/2024\/05\/d49a6c12-d9f4-4971-8aa6-1c6e0520a9c8-150x150.jpeg\" class=\"attachment-thumbnail size-thumbnail\" alt=\"\" \/><\/a>\n\t\t\t\t<\/dt><\/dl><br style=\"clear: both\" \/>\n\t\t\t<\/div>\n\n<p>&nbsp;<\/p>\n<hr \/>\n<p>&nbsp;<\/p>\n<p>&nbsp;<\/p>\n<p>&nbsp;<\/p>\n<p>&nbsp;<\/p>\n<p>&nbsp;<\/p>\n<hr \/>\n<div class=\"page-title-head hgroup\">\n<blockquote>\n<h3><\/h3>\n<h3 class=\"entry-title\">PAOLO SELVA MORETTI PRESENTA LA SQUADRA \u201cAGORDO INSIEME\u201d<\/h3>\n<\/blockquote>\n<\/div>\n<div class=\"page-title-breadcrumbs\"><\/div>\n<p><img loading=\"lazy\" decoding=\"async\" class=\"alignleft\" src=\"https:\/\/www.radiopiu.net\/wordpress\/wp-content\/uploads\/2024\/05\/Agordo-insieme_logo-300x300.jpg\" width=\"108\" height=\"108\" \/><strong>AGORDO<\/strong><\/p>\n<p><strong>DI GIANNI SANTOMASO<\/strong><\/p>\n<audio class=\"wp-audio-shortcode\" id=\"audio-389288-7\" preload=\"none\" style=\"width: 100%;\" controls=\"controls\"><source type=\"audio\/mpeg\" src=\"https:\/\/www.radiopiu.net\/wordpress\/wp-content\/uploads\/2024\/05\/PAOLO-SELVA-MORETTI-GIANNI.mp3?_=7\" \/><a href=\"https:\/\/www.radiopiu.net\/wordpress\/wp-content\/uploads\/2024\/05\/PAOLO-SELVA-MORETTI-GIANNI.mp3\">https:\/\/www.radiopiu.net\/wordpress\/wp-content\/uploads\/2024\/05\/PAOLO-SELVA-MORETTI-GIANNI.mp3<\/a><\/audio>\n<p>&nbsp;<\/p>\n<p>&nbsp;<\/p>\n<hr \/>\n<p>&nbsp;<\/p>\n<p>&nbsp;<\/p>\n<div class=\"page-title-head hgroup\">\n<blockquote>\n<h3 class=\"entry-title\">AGORDINO AL VOTO, DANILO DE TONI \u201cECCO LA SQUADRA, NON E\u2019 STATO FACILE\u201d<\/h3>\n<\/blockquote>\n<\/div>\n<div class=\"page-title-breadcrumbs\">\n<p><img loading=\"lazy\" decoding=\"async\" class=\"alignleft\" src=\"https:\/\/www.radiopiu.net\/wordpress\/wp-content\/uploads\/2019\/05\/ALLEGHE-DANILO-DE-TONI.jpeg\" width=\"123\" height=\"144\" \/><strong>ALLEGHE<\/strong><\/p>\n<p><strong>DI GIANNI SANTOMASO<\/strong><\/p>\n<audio class=\"wp-audio-shortcode\" id=\"audio-389288-8\" preload=\"none\" style=\"width: 100%;\" controls=\"controls\"><source type=\"audio\/mpeg\" src=\"https:\/\/www.radiopiu.net\/wordpress\/wp-content\/uploads\/2024\/05\/DANILO-DE-TONI-GIANNI.mp3?_=8\" \/><a href=\"https:\/\/www.radiopiu.net\/wordpress\/wp-content\/uploads\/2024\/05\/DANILO-DE-TONI-GIANNI.mp3\">https:\/\/www.radiopiu.net\/wordpress\/wp-content\/uploads\/2024\/05\/DANILO-DE-TONI-GIANNI.mp3<\/a><\/audio>\n<p>&nbsp;<\/p>\n<\/div>\n<p>&nbsp;<\/p>\n<hr \/>\n<p>&nbsp;<\/p>\n<p>&nbsp;<\/p>\n<blockquote>\n<h3><strong><a class=\"dt-pswp-item\" href=\"https:\/\/www.radiopiu.net\/wordpress\/wp-content\/uploads\/2024\/05\/Cerimonia-Erasmus.jpg\" data-dt-img-description=\"\" data-large_image_width=\"1080\" data-large_image_height=\"810\"><img loading=\"lazy\" decoding=\"async\" class=\"size-medium wp-image-389459 alignleft\" src=\"https:\/\/www.radiopiu.net\/wordpress\/wp-content\/uploads\/2024\/05\/Cerimonia-Erasmus-300x225.jpg\" alt=\"\" width=\"300\" height=\"225\" srcset=\"https:\/\/www.radiopiu.net\/wordpress\/wp-content\/uploads\/2024\/05\/Cerimonia-Erasmus-300x225.jpg 300w, https:\/\/www.radiopiu.net\/wordpress\/wp-content\/uploads\/2024\/05\/Cerimonia-Erasmus-1024x768.jpg 1024w, https:\/\/www.radiopiu.net\/wordpress\/wp-content\/uploads\/2024\/05\/Cerimonia-Erasmus-768x576.jpg 768w, https:\/\/www.radiopiu.net\/wordpress\/wp-content\/uploads\/2024\/05\/Cerimonia-Erasmus.jpg 1080w\" sizes=\"auto, (max-width: 300px) 100vw, 300px\" \/><\/a>Successo per il Progetto Erasmus+ Dolomiti 2022 e Apertura del Programma Dolomiti 2023<\/strong><\/h3>\n<\/blockquote>\n<p><strong>BELLUNO<\/strong> Presso l\u2019Aula Magna dell\u2019IIS \u201cCatullo\u201d di Belluno, si \u00e8 svolta la cerimonia conclusiva del progetto Erasmus+ Dolomiti 2022 e l\u2019apertura ufficiale del programma Dolomiti 2023. Promossi dal \u201cCatullo\u201d e affiliati al\u201cCalvi\u201d,\u00a0 \u201cSegato Brustolon\u201d, \u201cDolomieu\u201d e\u00a0 Liceo \u201cRenier\u201d di Belluno, i progetti hanno coinvolto gli studenti delle classi quarte, vincitori di 56 Borse di Studio. Partiranno il 22 maggio 2024 per Valencia, Cork, Berlino e Nantes, per un soggiorno di 5 settimane finalizzato al miglioramento linguistico e all\u2019esperienza lavorativa.<\/p>\n<p>&nbsp;<\/p>\n<hr \/>\n<p>&nbsp;<\/p>\n<blockquote>\n<h2><strong>L&#8217;Artigianato Bellunese: Custodi di Tradizione e Innovazione<\/strong><\/h2>\n<\/blockquote>\n<p><strong>BELLUNO<\/strong> Con quasi 15 mila imprese, di cui il 94,1% ha meno di 9 addetti, l&#8217;artigianato \u00e8 una realt\u00e0 centrale nella provincia di Belluno. Un&#8217;indagine di Confartigianato Veneto rivela che le imprese artigiane bellunesi sono oltre 4.500, impiegando circa 11.500 addetti. Nonostante una flessione, le piccole imprese mantengono valori di tradizione e innovazione. Sorprendentemente, il 32,3% delle imprese giovanili nella provincia sono artigiane, superando la media nazionale (23,6%). Confartigianato si impegna a supportare queste imprese nell&#8217;affrontare le sfide future attraverso formazione e servizi dedicati.<\/p>\n<div class=\"flex-1 overflow-hidden\">\n<div class=\"react-scroll-to-bottom--css-hjmgd-79elbk h-full\">\n<div class=\"react-scroll-to-bottom--css-hjmgd-1n7m0yu\">\n<div class=\"flex flex-col text-sm pb-9\">\n<div class=\"w-full text-token-text-primary\" dir=\"auto\" data-testid=\"conversation-turn-11\" data-scroll-anchor=\"true\">\n<div class=\"py-2 px-3 text-base md:px-4 m-auto md:px-5 lg:px-1 xl:px-5\">\n<div class=\"mx-auto flex flex-1 gap-3 text-base juice:gap-4 juice:md:gap-6 md:max-w-3xl lg:max-w-[40rem] xl:max-w-[48rem]\">\n<div class=\"relative flex w-full min-w-0 flex-col agent-turn\">\n<div class=\"flex-col gap-1 md:gap-3\">\n<div class=\"mt-1 flex gap-3 empty:hidden juice:-ml-3\">\n<div class=\"-ml-1 mt-0 h-7 items-center justify-center gap-[2px] self-end text-gray-400 lg:justify-start lg:self-center visible flex\">\n<div class=\"flex\"><\/div>\n<div><\/div>\n<div>\n<hr \/>\n<\/div>\n<blockquote>\n<div><\/div>\n<\/blockquote>\n<div>\n<hr \/>\n<\/div>\n<\/div>\n<\/div>\n<div>\n<div class=\"page-title-head hgroup\">\n<blockquote>\n<h1><\/h1>\n<h1><\/h1>\n<h1 class=\"entry-title\">PICCOLI CAPOLAVORI DEI BAMBINI DELL\u2019ASILO<\/h1>\n<\/blockquote>\n<\/div>\n<div class=\"page-title-breadcrumbs\">\n<p>RIVAMONTE<\/p>\n<p>DI GIANNI SANTOMASO<\/p>\n<audio class=\"wp-audio-shortcode\" id=\"audio-389288-9\" preload=\"none\" style=\"width: 100%;\" controls=\"controls\"><source type=\"audio\/mpeg\" src=\"https:\/\/www.radiopiu.net\/wordpress\/wp-content\/uploads\/2024\/05\/RIVAMONTE-GIANNI.mp3?_=9\" \/><a href=\"https:\/\/www.radiopiu.net\/wordpress\/wp-content\/uploads\/2024\/05\/RIVAMONTE-GIANNI.mp3\">https:\/\/www.radiopiu.net\/wordpress\/wp-content\/uploads\/2024\/05\/RIVAMONTE-GIANNI.mp3<\/a><\/audio>\n\n\t\t\t<style type='text\/css'>\n\t\t\t\t#gallery-7 {\n\t\t\t\t\tmargin: auto;\n\t\t\t\t}\n\t\t\t\t#gallery-7 .gallery-item {\n\t\t\t\t\tfloat: left;\n\t\t\t\t\tmargin-top: 10px;\n\t\t\t\t\ttext-align: center;\n\t\t\t\t\twidth: 50%;\n\t\t\t\t}\n\t\t\t\t#gallery-7 img {\n\t\t\t\t\tborder: 2px solid #cfcfcf;\n\t\t\t\t}\n\t\t\t\t#gallery-7 .gallery-caption {\n\t\t\t\t\tmargin-left: 0;\n\t\t\t\t}\n\t\t\t\t\/* see gallery_shortcode() in wp-includes\/media.php *\/\n\t\t\t<\/style>\n\t\t<div id='gallery-7' class='dt-gallery-container gallery galleryid-389288 gallery-columns-2 gallery-size-thumbnail'><dl class='gallery-item'>\n\t\t\t\t<dt class='gallery-icon landscape'>\n\t\t\t\t\t<a class=\"rollover rollover-zoom dt-pswp-item\" title=\"6ab4b192-eead-4186-97b1-3577952d2a27\" data-dt-img-description=\"\" data-large_image_width=\"1600\" data-large_image_height=\"1204\"href='https:\/\/www.radiopiu.net\/wordpress\/wp-content\/uploads\/2024\/05\/6ab4b192-eead-4186-97b1-3577952d2a27.jpg'><img loading=\"lazy\" decoding=\"async\" width=\"150\" height=\"150\" src=\"https:\/\/www.radiopiu.net\/wordpress\/wp-content\/uploads\/2024\/05\/6ab4b192-eead-4186-97b1-3577952d2a27-150x150.jpg\" class=\"attachment-thumbnail size-thumbnail\" alt=\"\" \/><\/a>\n\t\t\t\t<\/dt><\/dl><dl class='gallery-item'>\n\t\t\t\t<dt class='gallery-icon landscape'>\n\t\t\t\t\t<a class=\"rollover rollover-zoom dt-pswp-item\" title=\"233dbbfb-bf8e-4cf3-9030-c90b90a48a13\" data-dt-img-description=\"\" data-large_image_width=\"1600\" data-large_image_height=\"1204\"href='https:\/\/www.radiopiu.net\/wordpress\/wp-content\/uploads\/2024\/05\/233dbbfb-bf8e-4cf3-9030-c90b90a48a13.jpg'><img loading=\"lazy\" decoding=\"async\" width=\"150\" height=\"150\" src=\"https:\/\/www.radiopiu.net\/wordpress\/wp-content\/uploads\/2024\/05\/233dbbfb-bf8e-4cf3-9030-c90b90a48a13-150x150.jpg\" class=\"attachment-thumbnail size-thumbnail\" alt=\"\" \/><\/a>\n\t\t\t\t<\/dt><\/dl><br style=\"clear: both\" \/><dl class='gallery-item'>\n\t\t\t\t<dt class='gallery-icon landscape'>\n\t\t\t\t\t<a class=\"rollover rollover-zoom dt-pswp-item\" title=\"321f4595-c53e-4494-8b03-f966485e5ceb\" data-dt-img-description=\"\" data-large_image_width=\"1600\" data-large_image_height=\"1204\"href='https:\/\/www.radiopiu.net\/wordpress\/wp-content\/uploads\/2024\/05\/321f4595-c53e-4494-8b03-f966485e5ceb.jpg'><img loading=\"lazy\" decoding=\"async\" width=\"150\" height=\"150\" src=\"https:\/\/www.radiopiu.net\/wordpress\/wp-content\/uploads\/2024\/05\/321f4595-c53e-4494-8b03-f966485e5ceb-150x150.jpg\" class=\"attachment-thumbnail size-thumbnail\" alt=\"\" \/><\/a>\n\t\t\t\t<\/dt><\/dl><dl class='gallery-item'>\n\t\t\t\t<dt class='gallery-icon portrait'>\n\t\t\t\t\t<a class=\"rollover rollover-zoom dt-pswp-item\" title=\"39a772d4-1acf-4da9-af94-356ff72f5d6a\" data-dt-img-description=\"\" data-large_image_width=\"1057\" data-large_image_height=\"1600\"href='https:\/\/www.radiopiu.net\/wordpress\/wp-content\/uploads\/2024\/05\/39a772d4-1acf-4da9-af94-356ff72f5d6a.jpg'><img loading=\"lazy\" decoding=\"async\" width=\"150\" height=\"150\" src=\"https:\/\/www.radiopiu.net\/wordpress\/wp-content\/uploads\/2024\/05\/39a772d4-1acf-4da9-af94-356ff72f5d6a-150x150.jpg\" class=\"attachment-thumbnail size-thumbnail\" alt=\"\" \/><\/a>\n\t\t\t\t<\/dt><\/dl><br style=\"clear: both\" \/>\n\t\t\t<\/div>\n\n<p>&nbsp;<\/p>\n<\/div>\n<\/div>\n<div class=\"mt-1 flex gap-3 empty:hidden juice:-ml-3\">\n<div class=\"-ml-1 mt-0 h-7 items-center justify-center gap-[2px] self-end text-gray-400 lg:justify-start lg:self-center visible flex\">\n<div><\/div>\n<div><\/div>\n<\/div>\n<div>\n<hr \/>\n<\/div>\n<div class=\"-ml-1 mt-0 h-7 items-center justify-center gap-[2px] self-end text-gray-400 lg:justify-start lg:self-center visible flex\">\n<div>\n<blockquote>\n<h2><\/h2>\n<h2><\/h2>\n<h2><strong><a class=\"dt-pswp-item\" href=\"https:\/\/www.radiopiu.net\/wordpress\/wp-content\/uploads\/2024\/05\/image_123650291-scaled.jpg\" data-dt-img-description=\"\" data-large_image_width=\"2560\" data-large_image_height=\"1440\"><img loading=\"lazy\" decoding=\"async\" class=\"size-medium wp-image-389462 alignleft\" src=\"https:\/\/www.radiopiu.net\/wordpress\/wp-content\/uploads\/2024\/05\/image_123650291-300x169.jpg\" alt=\"\" width=\"300\" height=\"169\" srcset=\"https:\/\/www.radiopiu.net\/wordpress\/wp-content\/uploads\/2024\/05\/image_123650291-300x169.jpg 300w, https:\/\/www.radiopiu.net\/wordpress\/wp-content\/uploads\/2024\/05\/image_123650291-1024x576.jpg 1024w, https:\/\/www.radiopiu.net\/wordpress\/wp-content\/uploads\/2024\/05\/image_123650291-768x432.jpg 768w, https:\/\/www.radiopiu.net\/wordpress\/wp-content\/uploads\/2024\/05\/image_123650291-1536x864.jpg 1536w, https:\/\/www.radiopiu.net\/wordpress\/wp-content\/uploads\/2024\/05\/image_123650291-2048x1152.jpg 2048w\" sizes=\"auto, (max-width: 300px) 100vw, 300px\" \/><\/a><\/strong><\/h2>\n<h2><strong>Gemellaggio e Sport: Trofei di Milano Cortina 2026<\/strong><\/h2>\n<\/blockquote>\n<\/div>\n<div><strong>\u00a0TREVISO<\/strong> 150 studenti delle Scuole di Belluno, Treviso e Verona hanno partecipato alle semifinali di corsa veloce negli 80m a Milano, evento celebrativo dei prossimi Giochi Olimpici Invernali 2026. I migliori tempi delle Scuole di Milano hanno gareggiato in finale con i rappresentanti veneti, segnando la 61\u00aa edizione dei \u201cTROFEI DI MILANO CORTINA 2026\u201d. Il Presidente Mario Pozza ha premiato la campionessa olimpica Sara Simeoni e ribadito l&#8217;importanza dello sport per i giovani. Il Prof. Franco Ascani ha evidenziato il ruolo dei Trofei di Milano Cortina nel promuovere i valori olimpici tra gli studenti. La cerimonia ha visto la partecipazione di illustri ospiti e istituzioni, segnando un momento di grande significato per l&#8217;educazione sportiva e la promozione dei Giochi Olimpici.<\/div>\n<blockquote>\n<div><i>&#8220;Il nostro progetto \u2013 <\/i>evidenzia il Presidente <b>Mario Pozza<\/b><i> &#8211; guarda a sensibilizzare e ad avvicinare i giovani allo spirito olimpico guardando ai grandi valori dello sport, quali stile di vita e cogliendo i Giochi Olimpici e Paralimpici come una grande occasione per l\u2019Italia e per tutti i giovani che vivranno questo evento di portata mondiale. <\/i><\/div>\n<\/blockquote>\n<div><\/div>\n<\/div>\n<\/div>\n<\/div>\n<\/div>\n<\/div>\n<\/div>\n<\/div>\n<\/div>\n<\/div>\n<\/div>\n<\/div>\n<p>&nbsp;<\/p>\n<hr \/>\n<p>&nbsp;<\/p>\n<blockquote>\n<h3>DILLO A RADIO PIU&#8217;&#8230;L&#8217;INTRALCIO AI PEDONI IN VIA CESARE BATTISTI<\/h3>\n<\/blockquote>\n<p><strong>Riceviamo e pubblichiamo<\/strong><\/p>\n<p>Agordo, Via Cesare Battisti, da settimane intralcio ai pedoni lungo il marciapiede tra l&#8217;altro verso attivit\u00e0 commerciali importanti. A quando la risoluzione?<\/p>\n<p>Lettera firmata<\/p>\n\n\t\t\t<style type='text\/css'>\n\t\t\t\t#gallery-8 {\n\t\t\t\t\tmargin: auto;\n\t\t\t\t}\n\t\t\t\t#gallery-8 .gallery-item {\n\t\t\t\t\tfloat: left;\n\t\t\t\t\tmargin-top: 10px;\n\t\t\t\t\ttext-align: center;\n\t\t\t\t\twidth: 50%;\n\t\t\t\t}\n\t\t\t\t#gallery-8 img {\n\t\t\t\t\tborder: 2px solid #cfcfcf;\n\t\t\t\t}\n\t\t\t\t#gallery-8 .gallery-caption {\n\t\t\t\t\tmargin-left: 0;\n\t\t\t\t}\n\t\t\t\t\/* see gallery_shortcode() in wp-includes\/media.php *\/\n\t\t\t<\/style>\n\t\t<div id='gallery-8' class='dt-gallery-container gallery galleryid-389288 gallery-columns-2 gallery-size-medium'><dl class='gallery-item'>\n\t\t\t\t<dt class='gallery-icon landscape'>\n\t\t\t\t\t<a class=\"rollover rollover-zoom dt-pswp-item\" title=\"b86bd051-2afa-4b63-8ec9-551de8f26232\" data-dt-img-description=\"\" data-large_image_width=\"1600\" data-large_image_height=\"900\"href='https:\/\/www.radiopiu.net\/wordpress\/wp-content\/uploads\/2024\/05\/b86bd051-2afa-4b63-8ec9-551de8f26232.jpg'><img loading=\"lazy\" decoding=\"async\" width=\"300\" height=\"169\" src=\"https:\/\/www.radiopiu.net\/wordpress\/wp-content\/uploads\/2024\/05\/b86bd051-2afa-4b63-8ec9-551de8f26232-300x169.jpg\" class=\"attachment-medium size-medium\" alt=\"\" srcset=\"https:\/\/www.radiopiu.net\/wordpress\/wp-content\/uploads\/2024\/05\/b86bd051-2afa-4b63-8ec9-551de8f26232-300x169.jpg 300w, https:\/\/www.radiopiu.net\/wordpress\/wp-content\/uploads\/2024\/05\/b86bd051-2afa-4b63-8ec9-551de8f26232-1024x576.jpg 1024w, https:\/\/www.radiopiu.net\/wordpress\/wp-content\/uploads\/2024\/05\/b86bd051-2afa-4b63-8ec9-551de8f26232-768x432.jpg 768w, https:\/\/www.radiopiu.net\/wordpress\/wp-content\/uploads\/2024\/05\/b86bd051-2afa-4b63-8ec9-551de8f26232-1536x864.jpg 1536w, https:\/\/www.radiopiu.net\/wordpress\/wp-content\/uploads\/2024\/05\/b86bd051-2afa-4b63-8ec9-551de8f26232.jpg 1600w\" sizes=\"auto, (max-width: 300px) 100vw, 300px\" \/><\/a>\n\t\t\t\t<\/dt><\/dl><dl class='gallery-item'>\n\t\t\t\t<dt class='gallery-icon landscape'>\n\t\t\t\t\t<a class=\"rollover rollover-zoom dt-pswp-item\" title=\"e4e73df6-194e-4ebe-bc08-979b2eebc0f6\" data-dt-img-description=\"\" data-large_image_width=\"1600\" data-large_image_height=\"900\"href='https:\/\/www.radiopiu.net\/wordpress\/wp-content\/uploads\/2024\/05\/e4e73df6-194e-4ebe-bc08-979b2eebc0f6.jpg'><img loading=\"lazy\" decoding=\"async\" width=\"300\" height=\"169\" src=\"https:\/\/www.radiopiu.net\/wordpress\/wp-content\/uploads\/2024\/05\/e4e73df6-194e-4ebe-bc08-979b2eebc0f6-300x169.jpg\" class=\"attachment-medium size-medium\" alt=\"\" srcset=\"https:\/\/www.radiopiu.net\/wordpress\/wp-content\/uploads\/2024\/05\/e4e73df6-194e-4ebe-bc08-979b2eebc0f6-300x169.jpg 300w, https:\/\/www.radiopiu.net\/wordpress\/wp-content\/uploads\/2024\/05\/e4e73df6-194e-4ebe-bc08-979b2eebc0f6-1024x576.jpg 1024w, https:\/\/www.radiopiu.net\/wordpress\/wp-content\/uploads\/2024\/05\/e4e73df6-194e-4ebe-bc08-979b2eebc0f6-768x432.jpg 768w, https:\/\/www.radiopiu.net\/wordpress\/wp-content\/uploads\/2024\/05\/e4e73df6-194e-4ebe-bc08-979b2eebc0f6-1536x864.jpg 1536w, https:\/\/www.radiopiu.net\/wordpress\/wp-content\/uploads\/2024\/05\/e4e73df6-194e-4ebe-bc08-979b2eebc0f6.jpg 1600w\" sizes=\"auto, (max-width: 300px) 100vw, 300px\" \/><\/a>\n\t\t\t\t<\/dt><\/dl><br style=\"clear: both\" \/>\n\t\t\t<\/div>\n\n<p>&nbsp;<\/p>\n<hr \/>\n<p>&nbsp;<\/p>\n<blockquote>\n<h3>\u201cCI STO? AFFARE FATICA\u201d, APRONO LE ISCRIZIONI PER L\u2019EDIZIONE 2024<\/h3>\n<\/blockquote>\n<p><strong>FELTRE<\/strong> Le iscrizioni per il progetto &#8220;Ci sto? Affare fatica!&#8221; 2024 inizieranno il 15 maggio alle 12:00. Saranno attive 3 squadre a Feltre e una a Fonzaso, gestite dalla Cooperativa Portaperta SCS Onlus IS. Il programma \u00e8 aperto a giovani dai 14 ai 19 anni, inclusi i tredicenni che concludono la terza media, residenti nei due comuni. Si pu\u00f2 iscrivere tramite il sito <a href=\"http:\/\/www.cistoaffarefatica.it\/\" target=\"_new\" rel=\"noreferrer noopener\">www.cistoaffarefatica.it<\/a>. Le attivit\u00e0 si svolgeranno dal 17 giugno al 5 luglio, dal luned\u00ec al venerd\u00ec dalle 8:30 alle 12:30, e includeranno pulizia urbana, manutenzione dei parchi, tinteggiatura e cura del verde. I partecipanti riceveranno un &#8220;buono fatica&#8221; settimanale da \u20ac 50, spendibile localmente. Si stanno selezionando giovani tutor e handymen per coordinare e supportare i partecipanti, con formazione inclusa. L&#8217;edizione 2023 coinvolse 5 comuni, 91 giovani e 7 tutor, grazie a un finanziamento regionale. Il progetto, nato nel 2016 a Bassano del Grappa, ha coinvolto sempre pi\u00f9 persone ogni anno, con quasi 7900 partecipanti nel 2023 in 277 comuni in diverse regioni italiane.<\/p>\n\n\t\t\t<style type='text\/css'>\n\t\t\t\t#gallery-9 {\n\t\t\t\t\tmargin: auto;\n\t\t\t\t}\n\t\t\t\t#gallery-9 .gallery-item {\n\t\t\t\t\tfloat: left;\n\t\t\t\t\tmargin-top: 10px;\n\t\t\t\t\ttext-align: center;\n\t\t\t\t\twidth: 50%;\n\t\t\t\t}\n\t\t\t\t#gallery-9 img {\n\t\t\t\t\tborder: 2px solid #cfcfcf;\n\t\t\t\t}\n\t\t\t\t#gallery-9 .gallery-caption {\n\t\t\t\t\tmargin-left: 0;\n\t\t\t\t}\n\t\t\t\t\/* see gallery_shortcode() in wp-includes\/media.php *\/\n\t\t\t<\/style>\n\t\t<div id='gallery-9' class='dt-gallery-container gallery galleryid-389288 gallery-columns-2 gallery-size-medium'><dl class='gallery-item'>\n\t\t\t\t<dt class='gallery-icon landscape'>\n\t\t\t\t\t<a class=\"rollover rollover-zoom dt-pswp-item\" title=\"Ci Sto edizione 2023\" data-dt-img-description=\"\" data-large_image_width=\"2560\" data-large_image_height=\"1920\"href='https:\/\/www.radiopiu.net\/wordpress\/wp-content\/uploads\/2024\/05\/Ci-Sto-edizione-2023-scaled.jpeg'><img loading=\"lazy\" decoding=\"async\" width=\"300\" height=\"225\" src=\"https:\/\/www.radiopiu.net\/wordpress\/wp-content\/uploads\/2024\/05\/Ci-Sto-edizione-2023-300x225.jpeg\" class=\"attachment-medium size-medium\" alt=\"\" srcset=\"https:\/\/www.radiopiu.net\/wordpress\/wp-content\/uploads\/2024\/05\/Ci-Sto-edizione-2023-300x225.jpeg 300w, https:\/\/www.radiopiu.net\/wordpress\/wp-content\/uploads\/2024\/05\/Ci-Sto-edizione-2023-1024x768.jpeg 1024w, https:\/\/www.radiopiu.net\/wordpress\/wp-content\/uploads\/2024\/05\/Ci-Sto-edizione-2023-768x576.jpeg 768w, https:\/\/www.radiopiu.net\/wordpress\/wp-content\/uploads\/2024\/05\/Ci-Sto-edizione-2023-1536x1152.jpeg 1536w, https:\/\/www.radiopiu.net\/wordpress\/wp-content\/uploads\/2024\/05\/Ci-Sto-edizione-2023-2048x1536.jpeg 2048w\" sizes=\"auto, (max-width: 300px) 100vw, 300px\" \/><\/a>\n\t\t\t\t<\/dt><\/dl><dl class='gallery-item'>\n\t\t\t\t<dt class='gallery-icon landscape'>\n\t\t\t\t\t<a class=\"rollover rollover-zoom dt-pswp-item\" title=\"Ci sto edizione 2023\" data-dt-img-description=\"\" data-large_image_width=\"2560\" data-large_image_height=\"1920\"href='https:\/\/www.radiopiu.net\/wordpress\/wp-content\/uploads\/2024\/05\/Ci-sto-edizione-2023-scaled.jpg'><img loading=\"lazy\" decoding=\"async\" width=\"300\" height=\"225\" src=\"https:\/\/www.radiopiu.net\/wordpress\/wp-content\/uploads\/2024\/05\/Ci-sto-edizione-2023-300x225.jpg\" class=\"attachment-medium size-medium\" alt=\"\" srcset=\"https:\/\/www.radiopiu.net\/wordpress\/wp-content\/uploads\/2024\/05\/Ci-sto-edizione-2023-300x225.jpg 300w, https:\/\/www.radiopiu.net\/wordpress\/wp-content\/uploads\/2024\/05\/Ci-sto-edizione-2023-1024x768.jpg 1024w, https:\/\/www.radiopiu.net\/wordpress\/wp-content\/uploads\/2024\/05\/Ci-sto-edizione-2023-768x576.jpg 768w, https:\/\/www.radiopiu.net\/wordpress\/wp-content\/uploads\/2024\/05\/Ci-sto-edizione-2023-1536x1152.jpg 1536w, https:\/\/www.radiopiu.net\/wordpress\/wp-content\/uploads\/2024\/05\/Ci-sto-edizione-2023-2048x1536.jpg 2048w\" sizes=\"auto, (max-width: 300px) 100vw, 300px\" \/><\/a>\n\t\t\t\t<\/dt><\/dl><br style=\"clear: both\" \/>\n\t\t\t<\/div>\n\n<p>&nbsp;<\/p>\n<p>&nbsp;<\/p>\n<hr \/>\n<p>&nbsp;<\/p>\n<blockquote>\n<h3>UNA PANCHINA E UN &#8220;NAF&#8221; AD ANGHERAZ GRAZIE AL GRUPPO PIODECH<\/h3>\n<\/blockquote>\n<p><strong>TAIBON<\/strong> Tra le varie realt\u00e0 di volontariato a Taibon c&#8217;\u00e8 anche il Piodech, un gruppo di volontari che si danno da fare per rendere pi\u00f9 accogliente il paese. In questi giorni in localit\u00e0 Angheraz in Valle di San Lucano si sono messi al lavoro creando una panchina in legno e un &#8220;naf&#8221; (fontana in legno).<\/p>\n\n\t\t\t<style type='text\/css'>\n\t\t\t\t#gallery-10 {\n\t\t\t\t\tmargin: auto;\n\t\t\t\t}\n\t\t\t\t#gallery-10 .gallery-item {\n\t\t\t\t\tfloat: left;\n\t\t\t\t\tmargin-top: 10px;\n\t\t\t\t\ttext-align: center;\n\t\t\t\t\twidth: 25%;\n\t\t\t\t}\n\t\t\t\t#gallery-10 img {\n\t\t\t\t\tborder: 2px solid #cfcfcf;\n\t\t\t\t}\n\t\t\t\t#gallery-10 .gallery-caption {\n\t\t\t\t\tmargin-left: 0;\n\t\t\t\t}\n\t\t\t\t\/* see gallery_shortcode() in wp-includes\/media.php *\/\n\t\t\t<\/style>\n\t\t<div id='gallery-10' class='dt-gallery-container gallery galleryid-389288 gallery-columns-4 gallery-size-medium'><dl class='gallery-item'>\n\t\t\t\t<dt class='gallery-icon landscape'>\n\t\t\t\t\t<a class=\"rollover rollover-zoom dt-pswp-item\" title=\"5e051c2e-48f1-4d51-927b-422c885fb22c\" data-dt-img-description=\"\" data-large_image_width=\"1600\" data-large_image_height=\"720\"href='https:\/\/www.radiopiu.net\/wordpress\/wp-content\/uploads\/2024\/05\/5e051c2e-48f1-4d51-927b-422c885fb22c.jpg'><img loading=\"lazy\" decoding=\"async\" width=\"300\" height=\"135\" src=\"https:\/\/www.radiopiu.net\/wordpress\/wp-content\/uploads\/2024\/05\/5e051c2e-48f1-4d51-927b-422c885fb22c-300x135.jpg\" class=\"attachment-medium size-medium\" alt=\"\" srcset=\"https:\/\/www.radiopiu.net\/wordpress\/wp-content\/uploads\/2024\/05\/5e051c2e-48f1-4d51-927b-422c885fb22c-300x135.jpg 300w, https:\/\/www.radiopiu.net\/wordpress\/wp-content\/uploads\/2024\/05\/5e051c2e-48f1-4d51-927b-422c885fb22c-1024x461.jpg 1024w, https:\/\/www.radiopiu.net\/wordpress\/wp-content\/uploads\/2024\/05\/5e051c2e-48f1-4d51-927b-422c885fb22c-768x346.jpg 768w, https:\/\/www.radiopiu.net\/wordpress\/wp-content\/uploads\/2024\/05\/5e051c2e-48f1-4d51-927b-422c885fb22c-1536x691.jpg 1536w, https:\/\/www.radiopiu.net\/wordpress\/wp-content\/uploads\/2024\/05\/5e051c2e-48f1-4d51-927b-422c885fb22c.jpg 1600w\" sizes=\"auto, (max-width: 300px) 100vw, 300px\" \/><\/a>\n\t\t\t\t<\/dt><\/dl><dl class='gallery-item'>\n\t\t\t\t<dt class='gallery-icon landscape'>\n\t\t\t\t\t<a class=\"rollover rollover-zoom dt-pswp-item\" title=\"390a67d4-b2c3-45c4-9c23-5cbb09b641de\" data-dt-img-description=\"\" data-large_image_width=\"1600\" data-large_image_height=\"720\"href='https:\/\/www.radiopiu.net\/wordpress\/wp-content\/uploads\/2024\/05\/390a67d4-b2c3-45c4-9c23-5cbb09b641de.jpg'><img loading=\"lazy\" decoding=\"async\" width=\"300\" height=\"135\" src=\"https:\/\/www.radiopiu.net\/wordpress\/wp-content\/uploads\/2024\/05\/390a67d4-b2c3-45c4-9c23-5cbb09b641de-300x135.jpg\" class=\"attachment-medium size-medium\" alt=\"\" srcset=\"https:\/\/www.radiopiu.net\/wordpress\/wp-content\/uploads\/2024\/05\/390a67d4-b2c3-45c4-9c23-5cbb09b641de-300x135.jpg 300w, https:\/\/www.radiopiu.net\/wordpress\/wp-content\/uploads\/2024\/05\/390a67d4-b2c3-45c4-9c23-5cbb09b641de-1024x461.jpg 1024w, https:\/\/www.radiopiu.net\/wordpress\/wp-content\/uploads\/2024\/05\/390a67d4-b2c3-45c4-9c23-5cbb09b641de-768x346.jpg 768w, https:\/\/www.radiopiu.net\/wordpress\/wp-content\/uploads\/2024\/05\/390a67d4-b2c3-45c4-9c23-5cbb09b641de-1536x691.jpg 1536w, https:\/\/www.radiopiu.net\/wordpress\/wp-content\/uploads\/2024\/05\/390a67d4-b2c3-45c4-9c23-5cbb09b641de.jpg 1600w\" sizes=\"auto, (max-width: 300px) 100vw, 300px\" \/><\/a>\n\t\t\t\t<\/dt><\/dl><dl class='gallery-item'>\n\t\t\t\t<dt class='gallery-icon landscape'>\n\t\t\t\t\t<a class=\"rollover rollover-zoom dt-pswp-item\" title=\"ffd95a9b-5ffa-4229-9166-7e5e61dd856b\" data-dt-img-description=\"\" data-large_image_width=\"2016\" data-large_image_height=\"908\"href='https:\/\/www.radiopiu.net\/wordpress\/wp-content\/uploads\/2024\/05\/ffd95a9b-5ffa-4229-9166-7e5e61dd856b.jpg'><img loading=\"lazy\" decoding=\"async\" width=\"300\" height=\"135\" src=\"https:\/\/www.radiopiu.net\/wordpress\/wp-content\/uploads\/2024\/05\/ffd95a9b-5ffa-4229-9166-7e5e61dd856b-300x135.jpg\" class=\"attachment-medium size-medium\" alt=\"\" srcset=\"https:\/\/www.radiopiu.net\/wordpress\/wp-content\/uploads\/2024\/05\/ffd95a9b-5ffa-4229-9166-7e5e61dd856b-300x135.jpg 300w, https:\/\/www.radiopiu.net\/wordpress\/wp-content\/uploads\/2024\/05\/ffd95a9b-5ffa-4229-9166-7e5e61dd856b-1024x461.jpg 1024w, https:\/\/www.radiopiu.net\/wordpress\/wp-content\/uploads\/2024\/05\/ffd95a9b-5ffa-4229-9166-7e5e61dd856b-768x346.jpg 768w, https:\/\/www.radiopiu.net\/wordpress\/wp-content\/uploads\/2024\/05\/ffd95a9b-5ffa-4229-9166-7e5e61dd856b-1536x692.jpg 1536w, https:\/\/www.radiopiu.net\/wordpress\/wp-content\/uploads\/2024\/05\/ffd95a9b-5ffa-4229-9166-7e5e61dd856b.jpg 2016w\" sizes=\"auto, (max-width: 300px) 100vw, 300px\" \/><\/a>\n\t\t\t\t<\/dt><\/dl><dl class='gallery-item'>\n\t\t\t\t<dt class='gallery-icon landscape'>\n\t\t\t\t\t<a class=\"rollover rollover-zoom dt-pswp-item\" title=\"092568a2-4811-4f75-bfb1-d9e1e76ded6e\" data-dt-img-description=\"\" data-large_image_width=\"2016\" data-large_image_height=\"908\"href='https:\/\/www.radiopiu.net\/wordpress\/wp-content\/uploads\/2024\/05\/092568a2-4811-4f75-bfb1-d9e1e76ded6e.jpg'><img loading=\"lazy\" decoding=\"async\" width=\"300\" height=\"135\" src=\"https:\/\/www.radiopiu.net\/wordpress\/wp-content\/uploads\/2024\/05\/092568a2-4811-4f75-bfb1-d9e1e76ded6e-300x135.jpg\" class=\"attachment-medium size-medium\" alt=\"\" srcset=\"https:\/\/www.radiopiu.net\/wordpress\/wp-content\/uploads\/2024\/05\/092568a2-4811-4f75-bfb1-d9e1e76ded6e-300x135.jpg 300w, https:\/\/www.radiopiu.net\/wordpress\/wp-content\/uploads\/2024\/05\/092568a2-4811-4f75-bfb1-d9e1e76ded6e-1024x461.jpg 1024w, https:\/\/www.radiopiu.net\/wordpress\/wp-content\/uploads\/2024\/05\/092568a2-4811-4f75-bfb1-d9e1e76ded6e-768x346.jpg 768w, https:\/\/www.radiopiu.net\/wordpress\/wp-content\/uploads\/2024\/05\/092568a2-4811-4f75-bfb1-d9e1e76ded6e-1536x692.jpg 1536w, https:\/\/www.radiopiu.net\/wordpress\/wp-content\/uploads\/2024\/05\/092568a2-4811-4f75-bfb1-d9e1e76ded6e.jpg 2016w\" sizes=\"auto, (max-width: 300px) 100vw, 300px\" \/><\/a>\n\t\t\t\t<\/dt><\/dl><br style=\"clear: both\" \/>\n\t\t\t<\/div>\n\n<p>&nbsp;<\/p>\n<hr \/>\n<p>&nbsp;<\/p>\n<blockquote>\n<h3>UNA MACCHIA SOLARE CHE STA FACENDO DISCUTERE<\/h3>\n<\/blockquote>\n<p><strong><a class=\"dt-pswp-item\" href=\"https:\/\/www.radiopiu.net\/wordpress\/wp-content\/uploads\/2024\/05\/31e9e422-09ad-4f7d-8e5e-8421bc075868.jpg\" data-dt-img-description=\"\" data-large_image_width=\"1280\" data-large_image_height=\"960\"><img loading=\"lazy\" decoding=\"async\" class=\" wp-image-389375 alignleft\" src=\"https:\/\/www.radiopiu.net\/wordpress\/wp-content\/uploads\/2024\/05\/31e9e422-09ad-4f7d-8e5e-8421bc075868-300x225.jpg\" alt=\"\" width=\"199\" height=\"149\" srcset=\"https:\/\/www.radiopiu.net\/wordpress\/wp-content\/uploads\/2024\/05\/31e9e422-09ad-4f7d-8e5e-8421bc075868-300x225.jpg 300w, https:\/\/www.radiopiu.net\/wordpress\/wp-content\/uploads\/2024\/05\/31e9e422-09ad-4f7d-8e5e-8421bc075868-1024x768.jpg 1024w, https:\/\/www.radiopiu.net\/wordpress\/wp-content\/uploads\/2024\/05\/31e9e422-09ad-4f7d-8e5e-8421bc075868-768x576.jpg 768w, https:\/\/www.radiopiu.net\/wordpress\/wp-content\/uploads\/2024\/05\/31e9e422-09ad-4f7d-8e5e-8421bc075868.jpg 1280w\" sizes=\"auto, (max-width: 199px) 100vw, 199px\" \/><\/a>DI CLAUDIO PRA<\/strong><\/p>\n<p>In questi giorni sul Sole si \u00e8 formata una enorme macchia solare, ovvero una regione a forte attivit\u00e0 magnetica dove la temperatura \u00e8 minore rispetto alle zone circostanti. Proprio per questo appare per contrasto pi\u00f9 scura, pur avendo una temperatura di oltre 3700 gradi. Da queste macchie si possono sprigionare espulsioni di materia solare che se, dirette verso la Terra, interagiscono con il campo magnetico terrestre provocando aurore boreali. Se particolarmente intense possono anche creare interferenze nelle reti elettriche e di comunicazione e possibili danni ai dispositivi elettronici sensibili. Ho ripreso il fenomeno stamattina (10\/5) accoppiando una fotocamera reflex a un telescopio, utilizzando ovviamente un filtro solare.<\/p>\n<p>&nbsp;<\/p>\n<p>&nbsp;<\/p>\n<hr \/>\n<p>&nbsp;<\/p>\n<blockquote>\n<h3>L&#8217;ASSEMBLEA AIPD VIANER LUCCHETTA IL PRESIDENTE<\/h3>\n<\/blockquote>\n<p><strong><a class=\"dt-pswp-item\" href=\"https:\/\/www.radiopiu.net\/wordpress\/wp-content\/uploads\/2024\/03\/AIPD.png\" data-dt-img-description=\"\" data-large_image_width=\"274\" data-large_image_height=\"282\"><img loading=\"lazy\" decoding=\"async\" class=\" wp-image-380059 alignleft\" src=\"https:\/\/www.radiopiu.net\/wordpress\/wp-content\/uploads\/2024\/03\/AIPD.png\" alt=\"\" width=\"99\" height=\"102\" \/><\/a>FELTRE<\/strong> L&#8217;Assemblea annuale dell&#8217;AIPD sezione Belluno ha visto il rinnovo delle cariche sociali. Il Presidente uscente ha evidenziato l&#8217;aumento dei soci e la partecipazione attiva di persone con sindrome di Down a vari progetti. Tra gli eventi ricorrenti, &#8220;Zoldo is fun&#8221; e &#8220;Giornata della Rosa&#8221;. Nuovo progetto &#8220;Ti Guido&#8221; con il Parco Nazionale Dolomiti Bellunesi. Approvati i bilanci, confermato Vainer Lucchetta come Presidente. Nuovi consiglieri eletti, inclusi Stefania Maestrello, Enrica Gugliotta e Tiziano Moretti, giovane con sindrome di Down.<\/p>\n<p>&nbsp;<\/p>\n<p>&nbsp;<\/p>\n<p>&nbsp;<\/p>\n<hr \/>\n<p>&nbsp;<\/p>\n<blockquote>\n<h3>NUOVA DIRETTRICE DELLA CADORE DOLOMITI SCS<\/h3>\n<\/blockquote>\n<p><strong>VALLE DI CADORE<\/strong> Eleonora Cesco Gaspere lascia il ruolo di direttrice alla Cadore Societ\u00e0 Cooperativa sociale delle Dolomiti dopo 14 anni. Sandra Sacco Chilian subentra il 20 maggio. La presidente Alessandra Buzzo ringrazia entrambe e augura a Eleonora successo nel nuovo percorso. Confida nella competenza di Sandra per affrontare le sfide future. La cooperativa prosegue il lavoro con determinazione e impegno, contando sul supporto dei soci e del personale.<\/p>\n<p>&nbsp;<\/p>\n<p>&nbsp;<\/p>\n<hr \/>\n<p>&nbsp;<\/p>\n<h2><span style=\"color: #ff0000;\">CONSIGLI COMUNALI IN AGORDINO<\/span><\/h2>\n<p><strong>CENCENIGHE<\/strong> Consiglio comunale martedi alle 20:30. Cinque punti all&#8217;ordine del giorno tra cui l&#8217;approvazione del rendiconto della gestione 2023, approvazione del bilancio di ASCA del 2023 e per il 2024, approvazione della convenzione con l&#8217;ULSS 1 Dolomiti per le impegnative<\/p>\n<p><strong>SAN TOMASO<\/strong> Convocato il consiglio comunale per mercoled\u00ec alle 20. Quattri i punti da discutere tra cui l&#8217;approvazione del rendiconto della gestione 2023 e approvazione del bilancio di ASCA del 2023 e per il 2024<\/p>\n<p>&nbsp;<\/p>\n<hr \/>\n<p>&nbsp;<\/p>\n<blockquote>\n<h3>LE MOSTRE PER IL BICENTENARIO DELLA NASCITA DI DON ANTONIO DELLA LUCIA<\/h3>\n<\/blockquote>\n<p><strong>CANALE D&#8217;AGORDO<\/strong> La Fondazione Papa Luciani Onlus celebra Don Antonio Della Lucia con un comitato speciale nel bicentenario della sua nascita. Coinvolte varie istituzioni e associazioni locali, incluso il Ministero dell&#8217;agricoltura. Evento inaugurale a Frassen\u00e8 Agordino il 16 maggio, con messa, annullo filatelico, mostra, conferenza e degustazione di formaggi. Tre mostre in provincia: Palazzo Piloni (16 maggio &#8211; 16 settembre), Canale d\u2019Agordo (1\u00b0 luglio &#8211; 31 agosto), e Frassen\u00e8 Agordino (1\u00b0 luglio &#8211; 31 agosto, su prenotazione). Un omaggio alla vita e all&#8217;opera di Della Lucia, pioniere delle latterie cooperative in Italia.<\/p>\n<a href=\"https:\/\/www.radiopiu.net\/wordpress\/wp-content\/uploads\/2024\/05\/Locandina-eventi-completa-per-il-bicentenario-del-Cavalier-Don-Antonio-Della-Lucia-1.pdf\" class=\"pdfemb-viewer\" style=\"\" data-width=\"max\" data-height=\"max\" data-toolbar=\"top\" data-toolbar-fixed=\"on\">Locandina eventi completa per il bicentenario del Cavalier Don Antonio Della Lucia<\/a>\n<p>&nbsp;<\/p>\n<hr \/>\n<p>&nbsp;<\/p>\n<blockquote><p><strong>Opportunit\u00e0 di formazione e inserimento nel settore alimentare con Enaip Feltre<\/strong><\/p><\/blockquote>\n<p><strong>FELTRE<\/strong> Enaip Feltre, istituto di formazione con cinquant&#8217;anni di esperienza nel territorio, offre un nuovo corso gratuito per tecnici della commercializzazione di prodotti alimentari, aperto a tutti senza limiti di et\u00e0. Le selezioni scadranno il 14 maggio. Il corso mira a formare professionisti autonomi nel settore, offrendo competenze tecniche e &#8220;soft skills&#8221; cruciali. Le selezioni si terranno il 15 maggio presso il campus Tina Merlin di Feltre. Il programma comprende una fase formativa seguita da un tirocinio retribuito presso aziende locali.<\/p>\n<div class=\"w-full md:pt-0 dark:border-white\/20 md:border-transparent md:dark:border-transparent md:w-[calc(100%-.5rem)] juice:w-full\">\n<div class=\"px-3 text-base md:px-4 m-auto md:px-5 lg:px-1 xl:px-5\">\n<div class=\"mx-auto flex flex-1 gap-3 text-base juice:gap-4 juice:md:gap-6 md:max-w-3xl lg:max-w-[40rem] xl:max-w-[48rem]\">\n<form class=\"w-full\">\n<div class=\"relative flex h-full max-w-full flex-1 flex-col\">\n<div class=\"flex w-full items-center\"><\/div>\n<\/div>\n<\/form>\n<\/div>\n<\/div>\n<\/div>\n<p>&nbsp;<\/p>\n<hr \/>\n<p>&nbsp;<\/p>\n<blockquote>\n<h3>NON SEI SOLO, GLI INCONTRI A FELTRE<\/h3>\n<\/blockquote>\n<p><strong>FELTRE<\/strong> Il Centro per i Disturbi Cognitivi e Demenze dell\u2019Ulss Dolomiti, con i Centri di Servizio Residenziali, organizza 5 incontri su demenza e declino cognitivo, dal 6 maggio al 3 giugno 2024, a Feltre. Temi trattati: riconoscimento del declino e prevenzione, cura e comportamento, servizi del CDCD, gestione del declino avanzato e supporto alle famiglie. Ogni luned\u00ec, 18:00-19:00, Sala Convegni dell\u2019Ospedale di Feltre. Esperti quali Dott.ssa Roberta Padoan, Dott.ssa Francesca De Biasi, Dott.ssa Daniela Dal Zotto, Dott.ssa Francesca De Zaiacomo, Dott.ssa Lara Zanin condivideranno conoscenze. Per info e iscrizioni: <a target=\"_new\" rel=\"noopener\">cdcd.fe@aulss1.veneto.it<\/a>.<\/p>\n<p>&nbsp;<\/p>\n<p>&nbsp;<\/p>\n<hr \/>\n<p>&nbsp;<\/p>\n<blockquote>\n<h3>PRATICHE FILOSOFICHE AL CIRCOLO CULTURALE TERRA DEI PADRI<\/h3>\n<\/blockquote>\n<p><strong>BELLUNO<\/strong> Il Circolo Culturale La Terra dei Padri APS, a Borgo Piave &#8211; Belluno, ospita un laboratorio di pratiche filosofiche aperto a tutti nel mese di maggio 2024. Condotti da Francesco Dematt\u00e8, ex docente di storia e filosofia nei Licei, i quattro incontri si concentreranno su Plotino, filosofo del III secolo d.C. Gli incontri si terranno ogni marted\u00ec, dal 7 al 28 maggio, dalle 18 alle 19 presso il circolo culturale. Per informazioni e iscrizioni contattare direttamente in sede, via email o telefonicamente.<\/p>\n<p>&nbsp;<\/p>\n<p>&nbsp;<\/p>\n<blockquote class=\"wp-embedded-content\" data-secret=\"3b0p6Vm2gs\"><p><a href=\"https:\/\/www.radiopiu.net\/wordpress\/pirole-de-lenga-la-parola-del-giorno-a-cura-del-musla-raccolta-completa\/\">PIROLE DE LENGA&#8230; LA PAROLA DEL GIORNO A CURA DEL MUSLA -raccolta completa &#8211;<\/a><\/p><\/blockquote>\n<p><iframe loading=\"lazy\" class=\"wp-embedded-content\" sandbox=\"allow-scripts\" security=\"restricted\" style=\"position: absolute; clip: rect(1px, 1px, 1px, 1px);\" title=\"&#8220;PIROLE DE LENGA&#8230; LA PAROLA DEL GIORNO A CURA DEL MUSLA -raccolta completa &#8211;&#8221; &#8212; Radio Pi\u00f9\" src=\"https:\/\/www.radiopiu.net\/wordpress\/pirole-de-lenga-la-parola-del-giorno-a-cura-del-musla-raccolta-completa\/embed\/#?secret=r5SK2Hzrx8#?secret=3b0p6Vm2gs\" data-secret=\"3b0p6Vm2gs\" width=\"600\" height=\"338\" frameborder=\"0\" marginwidth=\"0\" marginheight=\"0\" scrolling=\"no\"><\/iframe><\/p>\n<p>&nbsp;<\/p>\n<p>&nbsp;<\/p>\n<p>&nbsp;<\/p>\n<hr \/>\n<p>&nbsp;<\/p>\n<div class=\"w-full md:pt-0 dark:border-white\/20 md:border-transparent md:dark:border-transparent md:w-[calc(100%-.5rem)] juice:w-full\">\n<div class=\"px-3 text-base md:px-4 m-auto md:px-5 lg:px-1 xl:px-5\">\n<div class=\"mx-auto flex flex-1 gap-3 text-base juice:gap-4 juice:md:gap-6 md:max-w-3xl lg:max-w-[40rem] xl:max-w-[48rem]\">\n<form class=\"w-full\">\n<div class=\"relative flex h-full max-w-full flex-1 flex-col\">\n<blockquote>\n<h2>Sabato ad Agordo in piazza della Libert\u00e0, le azalee della ricerca per l&#8217;AIRC<\/h2>\n<\/blockquote>\n<\/div>\n<\/form>\n<\/div>\n<\/div>\n<\/div>\n\n\t\t\t<style type='text\/css'>\n\t\t\t\t#gallery-11 {\n\t\t\t\t\tmargin: auto;\n\t\t\t\t}\n\t\t\t\t#gallery-11 .gallery-item {\n\t\t\t\t\tfloat: left;\n\t\t\t\t\tmargin-top: 10px;\n\t\t\t\t\ttext-align: center;\n\t\t\t\t\twidth: 100%;\n\t\t\t\t}\n\t\t\t\t#gallery-11 img {\n\t\t\t\t\tborder: 2px solid #cfcfcf;\n\t\t\t\t}\n\t\t\t\t#gallery-11 .gallery-caption {\n\t\t\t\t\tmargin-left: 0;\n\t\t\t\t}\n\t\t\t\t\/* see gallery_shortcode() in wp-includes\/media.php *\/\n\t\t\t<\/style>\n\t\t<div id='gallery-11' class='dt-gallery-container gallery galleryid-389288 gallery-columns-1 gallery-size-medium'><dl class='gallery-item'>\n\t\t\t\t<dt class='gallery-icon portrait'>\n\t\t\t\t\t<a class=\"rollover rollover-zoom dt-pswp-item\" title=\"AIRC_Locandina 35x50_AZALEA_def\" data-dt-img-description=\"\" data-large_image_width=\"1792\" data-large_image_height=\"2560\"href='https:\/\/www.radiopiu.net\/wordpress\/wp-content\/uploads\/2024\/05\/AIRC_Locandina-35x50_AZALEA_def-scaled.jpg'><img loading=\"lazy\" decoding=\"async\" width=\"210\" height=\"300\" src=\"https:\/\/www.radiopiu.net\/wordpress\/wp-content\/uploads\/2024\/05\/AIRC_Locandina-35x50_AZALEA_def-210x300.jpg\" class=\"attachment-medium size-medium\" alt=\"\" srcset=\"https:\/\/www.radiopiu.net\/wordpress\/wp-content\/uploads\/2024\/05\/AIRC_Locandina-35x50_AZALEA_def-210x300.jpg 210w, https:\/\/www.radiopiu.net\/wordpress\/wp-content\/uploads\/2024\/05\/AIRC_Locandina-35x50_AZALEA_def-717x1024.jpg 717w, https:\/\/www.radiopiu.net\/wordpress\/wp-content\/uploads\/2024\/05\/AIRC_Locandina-35x50_AZALEA_def-768x1097.jpg 768w, https:\/\/www.radiopiu.net\/wordpress\/wp-content\/uploads\/2024\/05\/AIRC_Locandina-35x50_AZALEA_def-1075x1536.jpg 1075w, https:\/\/www.radiopiu.net\/wordpress\/wp-content\/uploads\/2024\/05\/AIRC_Locandina-35x50_AZALEA_def-1434x2048.jpg 1434w, https:\/\/www.radiopiu.net\/wordpress\/wp-content\/uploads\/2024\/05\/AIRC_Locandina-35x50_AZALEA_def-scaled.jpg 1792w\" sizes=\"auto, (max-width: 210px) 100vw, 210px\" \/><\/a>\n\t\t\t\t<\/dt><\/dl><br style=\"clear: both\" \/>\n\t\t\t<\/div>\n\n<hr \/>\n<p>&nbsp;<\/p>\n<blockquote>\n<h3>ANCHE A SOSPIROLO LE AZALEE DELLA RICERCA<\/h3>\n<\/blockquote>\n<p><strong><a class=\"dt-pswp-item\" href=\"https:\/\/www.radiopiu.net\/wordpress\/wp-content\/uploads\/2024\/05\/azalee-ricerca-Sospirolo-scaled.jpg\" data-dt-img-description=\"\" data-large_image_width=\"1707\" data-large_image_height=\"2560\"><img loading=\"lazy\" decoding=\"async\" class=\" wp-image-389383 alignleft\" src=\"https:\/\/www.radiopiu.net\/wordpress\/wp-content\/uploads\/2024\/05\/azalee-ricerca-Sospirolo-200x300.jpg\" alt=\"\" width=\"91\" height=\"137\" srcset=\"https:\/\/www.radiopiu.net\/wordpress\/wp-content\/uploads\/2024\/05\/azalee-ricerca-Sospirolo-200x300.jpg 200w, https:\/\/www.radiopiu.net\/wordpress\/wp-content\/uploads\/2024\/05\/azalee-ricerca-Sospirolo-683x1024.jpg 683w, https:\/\/www.radiopiu.net\/wordpress\/wp-content\/uploads\/2024\/05\/azalee-ricerca-Sospirolo-768x1152.jpg 768w, https:\/\/www.radiopiu.net\/wordpress\/wp-content\/uploads\/2024\/05\/azalee-ricerca-Sospirolo-1024x1536.jpg 1024w, https:\/\/www.radiopiu.net\/wordpress\/wp-content\/uploads\/2024\/05\/azalee-ricerca-Sospirolo-1365x2048.jpg 1365w, https:\/\/www.radiopiu.net\/wordpress\/wp-content\/uploads\/2024\/05\/azalee-ricerca-Sospirolo-scaled.jpg 1707w\" sizes=\"auto, (max-width: 91px) 100vw, 91px\" \/><\/a>SOSPIROLO<\/strong> Torna a Sospirolo l\u2019Azalea della ricerca-Airc. Oggi e domani la Festa della mamma, ai piedi del Monte Sperone, si tinge di rosa. Quest&#8217;anno l\u2019Associazione italiana ricerca sul cancro potr\u00e0 infatti contare anche sul sostegno di genitori ed alunni delle classi seconde della Scuola secondaria di primo grado di Sospirolo (che fa parte dell\u2019Istituto comprensivo di Sedico-Sospirolo) uniti nello slogan \u201cUn fiore per il futuro. Aiutaci a coltivare la speranza!&#8221;. L\u2019appuntamento con la vendita delle \u201cAzalee della ricerca\u201d \u00e8 per oggi dalle 14.30 alle 19 alla \u201cCasa delle associazioni\u201d di Gron e per domani dalle 9.30 alle 12.30 davanti alla chiesa di Sospirolo.<\/p>\n<p>&nbsp;<\/p>\n<p>&nbsp;<\/p>\n<hr \/>\n<p>&nbsp;<\/p>\n<blockquote>\n<h3><a class=\"dt-pswp-item\" href=\"https:\/\/www.radiopiu.net\/wordpress\/wp-content\/uploads\/2024\/05\/GMF-2024-new.png\" data-dt-img-description=\"\" data-large_image_width=\"1414\" data-large_image_height=\"2000\"><img loading=\"lazy\" decoding=\"async\" class=\" wp-image-389090 alignleft\" src=\"https:\/\/www.radiopiu.net\/wordpress\/wp-content\/uploads\/2024\/05\/GMF-2024-new-212x300.png\" alt=\"\" width=\"151\" height=\"214\" srcset=\"https:\/\/www.radiopiu.net\/wordpress\/wp-content\/uploads\/2024\/05\/GMF-2024-new-212x300.png 212w, https:\/\/www.radiopiu.net\/wordpress\/wp-content\/uploads\/2024\/05\/GMF-2024-new-724x1024.png 724w, https:\/\/www.radiopiu.net\/wordpress\/wp-content\/uploads\/2024\/05\/GMF-2024-new-768x1086.png 768w, https:\/\/www.radiopiu.net\/wordpress\/wp-content\/uploads\/2024\/05\/GMF-2024-new-1086x1536.png 1086w, https:\/\/www.radiopiu.net\/wordpress\/wp-content\/uploads\/2024\/05\/GMF-2024-new.png 1414w\" sizes=\"auto, (max-width: 151px) 100vw, 151px\" \/><\/a>Giornata Mondiale della Sindrome Fibromialgica a Belluno: Iniziative di Sensibilizzazione e Solidariet\u00e0<\/h3>\n<\/blockquote>\n<p><strong>BELLUNO\u00a0<\/strong> Domani \u00e8 la Giornata Mondiale della Sindrome Fibromialgica. La Sezione AISF ODV di Belluno sar\u00e0 presente in Piazza dei Martiri\/Piazza Duomo il sabato mattina con un punto informativo, patrocinato da Comune, Provincia e Ordine dei Medici di Belluno. Anche il Comune di Belluno aderisce all&#8217;iniziativa nazionale &#8220;Non pi\u00f9 inVISibili&#8221;, e domani sera i getti della fontana in Piazza dei Martiri si coloreranno di viola. Si chiede collaborazione per la diffusione di queste iniziative.<\/p>\n<p>&nbsp;<\/p>\n<p>&nbsp;<\/p>\n<hr \/>\n<p>&nbsp;<\/p>\n<blockquote>\n<h2>CulturalMoto 2024: nell&#8217;Agordino<\/h2>\n<\/blockquote>\n<p><em>Alla scoperta delle miniere nelle Dolomiti, con la straordinaria partecipazione del geologo Manuel Conedera.<\/em><\/p>\n<p><strong>REDAZIONE<\/strong> Il 26 maggio 2024, EMMECI eventi lancia la seconda tappa di CulturalMoto, un viaggio culturale in moto che esplora l&#8217;Agordino e le Dolomiti bellunesi. Con Giacomo Agostini come ambasciatore, il tour si differenzia per l&#8217;accento sulla scoperta del territorio. Prenotazione obbligatoria al 348 5109129.<\/p>\n\n\t\t\t<style type='text\/css'>\n\t\t\t\t#gallery-12 {\n\t\t\t\t\tmargin: auto;\n\t\t\t\t}\n\t\t\t\t#gallery-12 .gallery-item {\n\t\t\t\t\tfloat: left;\n\t\t\t\t\tmargin-top: 10px;\n\t\t\t\t\ttext-align: center;\n\t\t\t\t\twidth: 50%;\n\t\t\t\t}\n\t\t\t\t#gallery-12 img {\n\t\t\t\t\tborder: 2px solid #cfcfcf;\n\t\t\t\t}\n\t\t\t\t#gallery-12 .gallery-caption {\n\t\t\t\t\tmargin-left: 0;\n\t\t\t\t}\n\t\t\t\t\/* see gallery_shortcode() in wp-includes\/media.php *\/\n\t\t\t<\/style>\n\t\t<div id='gallery-12' class='dt-gallery-container gallery galleryid-389288 gallery-columns-2 gallery-size-medium'><dl class='gallery-item'>\n\t\t\t\t<dt class='gallery-icon portrait'>\n\t\t\t\t\t<a class=\"rollover rollover-zoom dt-pswp-item\" title=\"CulturalMoto Agordo Belluno\" data-dt-img-description=\"\" data-large_image_width=\"842\" data-large_image_height=\"1191\"href='https:\/\/www.radiopiu.net\/wordpress\/wp-content\/uploads\/2024\/05\/CulturalMoto-Agordo-Belluno.jpg'><img loading=\"lazy\" decoding=\"async\" width=\"212\" height=\"300\" src=\"https:\/\/www.radiopiu.net\/wordpress\/wp-content\/uploads\/2024\/05\/CulturalMoto-Agordo-Belluno-212x300.jpg\" class=\"attachment-medium size-medium\" alt=\"\" srcset=\"https:\/\/www.radiopiu.net\/wordpress\/wp-content\/uploads\/2024\/05\/CulturalMoto-Agordo-Belluno-212x300.jpg 212w, https:\/\/www.radiopiu.net\/wordpress\/wp-content\/uploads\/2024\/05\/CulturalMoto-Agordo-Belluno-724x1024.jpg 724w, https:\/\/www.radiopiu.net\/wordpress\/wp-content\/uploads\/2024\/05\/CulturalMoto-Agordo-Belluno-768x1086.jpg 768w, https:\/\/www.radiopiu.net\/wordpress\/wp-content\/uploads\/2024\/05\/CulturalMoto-Agordo-Belluno.jpg 842w\" sizes=\"auto, (max-width: 212px) 100vw, 212px\" \/><\/a>\n\t\t\t\t<\/dt><\/dl><dl class='gallery-item'>\n\t\t\t\t<dt class='gallery-icon portrait'>\n\t\t\t\t\t<a class=\"rollover rollover-zoom dt-pswp-item\" title=\"Giacomo Agostini CulturalMoto\" data-dt-img-description=\"\" data-large_image_width=\"526\" data-large_image_height=\"701\"href='https:\/\/www.radiopiu.net\/wordpress\/wp-content\/uploads\/2024\/05\/Giacomo-Agostini-CulturalMoto.jpg'><img loading=\"lazy\" decoding=\"async\" width=\"225\" height=\"300\" src=\"https:\/\/www.radiopiu.net\/wordpress\/wp-content\/uploads\/2024\/05\/Giacomo-Agostini-CulturalMoto-225x300.jpg\" class=\"attachment-medium size-medium\" alt=\"\" srcset=\"https:\/\/www.radiopiu.net\/wordpress\/wp-content\/uploads\/2024\/05\/Giacomo-Agostini-CulturalMoto-225x300.jpg 225w, https:\/\/www.radiopiu.net\/wordpress\/wp-content\/uploads\/2024\/05\/Giacomo-Agostini-CulturalMoto.jpg 526w\" sizes=\"auto, (max-width: 225px) 100vw, 225px\" \/><\/a>\n\t\t\t\t<\/dt><\/dl><br style=\"clear: both\" \/>\n\t\t\t<\/div>\n\n<p>&nbsp;<\/p>\n<hr \/>\n<p>&nbsp;<\/p>\n\n\t\t\t<style type='text\/css'>\n\t\t\t\t#gallery-13 {\n\t\t\t\t\tmargin: auto;\n\t\t\t\t}\n\t\t\t\t#gallery-13 .gallery-item {\n\t\t\t\t\tfloat: left;\n\t\t\t\t\tmargin-top: 10px;\n\t\t\t\t\ttext-align: center;\n\t\t\t\t\twidth: 100%;\n\t\t\t\t}\n\t\t\t\t#gallery-13 img {\n\t\t\t\t\tborder: 2px solid #cfcfcf;\n\t\t\t\t}\n\t\t\t\t#gallery-13 .gallery-caption {\n\t\t\t\t\tmargin-left: 0;\n\t\t\t\t}\n\t\t\t\t\/* see gallery_shortcode() in wp-includes\/media.php *\/\n\t\t\t<\/style>\n\t\t<div id='gallery-13' class='dt-gallery-container gallery galleryid-389288 gallery-columns-1 gallery-size-medium'><dl class='gallery-item'>\n\t\t\t\t<dt class='gallery-icon portrait'>\n\t\t\t\t\t<a class=\"rollover rollover-zoom dt-pswp-item\" title=\"f2117638-681b-40d0-918c-1188d4fabc52\" data-dt-img-description=\"\" data-large_image_width=\"1128\" data-large_image_height=\"1600\"href='https:\/\/www.radiopiu.net\/wordpress\/wp-content\/uploads\/2024\/05\/f2117638-681b-40d0-918c-1188d4fabc52-1.jpg'><img loading=\"lazy\" decoding=\"async\" width=\"212\" height=\"300\" src=\"https:\/\/www.radiopiu.net\/wordpress\/wp-content\/uploads\/2024\/05\/f2117638-681b-40d0-918c-1188d4fabc52-1-212x300.jpg\" class=\"attachment-medium size-medium\" alt=\"\" srcset=\"https:\/\/www.radiopiu.net\/wordpress\/wp-content\/uploads\/2024\/05\/f2117638-681b-40d0-918c-1188d4fabc52-1-212x300.jpg 212w, https:\/\/www.radiopiu.net\/wordpress\/wp-content\/uploads\/2024\/05\/f2117638-681b-40d0-918c-1188d4fabc52-1-722x1024.jpg 722w, https:\/\/www.radiopiu.net\/wordpress\/wp-content\/uploads\/2024\/05\/f2117638-681b-40d0-918c-1188d4fabc52-1-768x1089.jpg 768w, https:\/\/www.radiopiu.net\/wordpress\/wp-content\/uploads\/2024\/05\/f2117638-681b-40d0-918c-1188d4fabc52-1-1083x1536.jpg 1083w, https:\/\/www.radiopiu.net\/wordpress\/wp-content\/uploads\/2024\/05\/f2117638-681b-40d0-918c-1188d4fabc52-1.jpg 1128w\" sizes=\"auto, (max-width: 212px) 100vw, 212px\" \/><\/a>\n\t\t\t\t<\/dt><\/dl><br style=\"clear: both\" \/>\n\t\t\t<\/div>\n\n<p>&nbsp;<\/p>\n<hr \/>\n<p>&nbsp;<\/p>\n<h2><span style=\"color: #ff6600;\">IERI ALLA RADIO\u00a0<\/span><\/h2>\n<h2><span style=\"color: #808000;\">&#8220;DINTORN E FORA VIA&#8221;\u00a0 IL PROGRAMMA\u00a0 A CURA DEL MUSLA<\/span><\/h2>\n<p><strong><a class=\"dt-pswp-item\" href=\"https:\/\/www.radiopiu.net\/wordpress\/wp-content\/uploads\/2024\/05\/7c25e647-8784-4929-b27f-a297f55235b5.jpg\" data-dt-img-description=\"\" data-large_image_width=\"526\" data-large_image_height=\"416\"><img loading=\"lazy\" decoding=\"async\" class=\" wp-image-389339 alignleft\" src=\"https:\/\/www.radiopiu.net\/wordpress\/wp-content\/uploads\/2024\/05\/7c25e647-8784-4929-b27f-a297f55235b5-300x237.jpg\" alt=\"\" width=\"144\" height=\"114\" srcset=\"https:\/\/www.radiopiu.net\/wordpress\/wp-content\/uploads\/2024\/05\/7c25e647-8784-4929-b27f-a297f55235b5-300x237.jpg 300w, https:\/\/www.radiopiu.net\/wordpress\/wp-content\/uploads\/2024\/05\/7c25e647-8784-4929-b27f-a297f55235b5.jpg 526w\" sizes=\"auto, (max-width: 144px) 100vw, 144px\" \/><\/a>PUNTATA DEL 10 MAGGIO 2024, NORMAN CREPAZ<\/strong><\/p>\n<audio class=\"wp-audio-shortcode\" id=\"audio-389288-10\" preload=\"none\" style=\"width: 100%;\" controls=\"controls\"><source type=\"audio\/mpeg\" src=\"https:\/\/www.radiopiu.net\/wordpress\/wp-content\/uploads\/2024\/05\/MUSLA-3.mp3?_=10\" \/><a href=\"https:\/\/www.radiopiu.net\/wordpress\/wp-content\/uploads\/2024\/05\/MUSLA-3.mp3\">https:\/\/www.radiopiu.net\/wordpress\/wp-content\/uploads\/2024\/05\/MUSLA-3.mp3<\/a><\/audio>\n<p>&nbsp;<\/p>\n<h2>LA RACCOLTA COMPLETA <a href=\"https:\/\/www.radiopiu.net\/wordpress\/musla\/\"><span style=\"color: #3366ff;\">CLICCA QUI<\/span><\/a><\/h2>\n<p>&nbsp;<\/p>\n<hr \/>\n<p>&nbsp;<\/p>\n<h2><span style=\"color: #ff00ff;\">DAL RIFUGIO SASSO BIANCO CON ELENA BERGAMIN<\/span><\/h2>\n<p><strong><a class=\"dt-pswp-item\" href=\"https:\/\/www.radiopiu.net\/wordpress\/wp-content\/uploads\/2023\/07\/rifugio-sasso-bianco.jpg\" data-dt-img-description=\"\" data-large_image_width=\"640\" data-large_image_height=\"360\"><img loading=\"lazy\" decoding=\"async\" class=\" wp-image-346264 alignleft\" src=\"https:\/\/www.radiopiu.net\/wordpress\/wp-content\/uploads\/2023\/07\/rifugio-sasso-bianco-300x169.jpg\" alt=\"\" width=\"186\" height=\"105\" srcset=\"https:\/\/www.radiopiu.net\/wordpress\/wp-content\/uploads\/2023\/07\/rifugio-sasso-bianco-300x169.jpg 300w, https:\/\/www.radiopiu.net\/wordpress\/wp-content\/uploads\/2023\/07\/rifugio-sasso-bianco.jpg 640w\" sizes=\"auto, (max-width: 186px) 100vw, 186px\" \/><\/a>DI MIRKO MEZZACASA<\/strong><\/p>\n<p>OSPITE: Elena Bergamin<\/p>\n<audio class=\"wp-audio-shortcode\" id=\"audio-389288-11\" preload=\"none\" style=\"width: 100%;\" controls=\"controls\"><source type=\"audio\/mpeg\" src=\"https:\/\/www.radiopiu.net\/wordpress\/wp-content\/uploads\/2024\/05\/elena-bergamin-24.mp3?_=11\" \/><a href=\"https:\/\/www.radiopiu.net\/wordpress\/wp-content\/uploads\/2024\/05\/elena-bergamin-24.mp3\">https:\/\/www.radiopiu.net\/wordpress\/wp-content\/uploads\/2024\/05\/elena-bergamin-24.mp3<\/a><\/audio>\n<p>&nbsp;<\/p>\n<div style=\"width: 848px;\" class=\"wp-video\"><video class=\"wp-video-shortcode\" id=\"video-389288-3\" width=\"848\" height=\"480\" preload=\"metadata\" controls=\"controls\"><source type=\"video\/mp4\" src=\"https:\/\/www.radiopiu.net\/wordpress\/wp-content\/uploads\/2024\/05\/WhatsApp-Video-2024-05-10-at-12.42.02.mp4?_=3\" \/><a href=\"https:\/\/www.radiopiu.net\/wordpress\/wp-content\/uploads\/2024\/05\/WhatsApp-Video-2024-05-10-at-12.42.02.mp4\">https:\/\/www.radiopiu.net\/wordpress\/wp-content\/uploads\/2024\/05\/WhatsApp-Video-2024-05-10-at-12.42.02.mp4<\/a><\/video><\/div>\n<p>&nbsp;<\/p>\n<hr \/>\n<p>&nbsp;<\/p>\n<h2><span style=\"color: #008080;\">PETTIROSSO AGORDINO, LA SECONDA SERATA A CENCENIGHE<\/span><\/h2>\n<p><strong><a class=\"dt-pswp-item\" href=\"https:\/\/www.radiopiu.net\/wordpress\/wp-content\/uploads\/2022\/11\/th-21.jpg\" data-dt-img-description=\"\" data-large_image_width=\"474\" data-large_image_height=\"335\"><img loading=\"lazy\" decoding=\"async\" class=\" wp-image-309972 alignleft\" src=\"https:\/\/www.radiopiu.net\/wordpress\/wp-content\/uploads\/2022\/11\/th-21-300x212.jpg\" alt=\"\" width=\"156\" height=\"110\" srcset=\"https:\/\/www.radiopiu.net\/wordpress\/wp-content\/uploads\/2022\/11\/th-21-300x212.jpg 300w, https:\/\/www.radiopiu.net\/wordpress\/wp-content\/uploads\/2022\/11\/th-21.jpg 474w\" sizes=\"auto, (max-width: 156px) 100vw, 156px\" \/><\/a>DI MIRKO MEZZACASA<\/strong><\/p>\n<p>OSPITI: LAURA MIANA (PSICOLOGA) SONIA D\u2019AGOSTINI (PRESIDENTE PETTIROSSO AGORDINO)<\/p>\n<audio class=\"wp-audio-shortcode\" id=\"audio-389288-12\" preload=\"none\" style=\"width: 100%;\" controls=\"controls\"><source type=\"audio\/mpeg\" src=\"https:\/\/www.radiopiu.net\/wordpress\/wp-content\/uploads\/2024\/05\/SONIA-LAURA-DEMENZA-tagliato.mp3?_=12\" \/><a href=\"https:\/\/www.radiopiu.net\/wordpress\/wp-content\/uploads\/2024\/05\/SONIA-LAURA-DEMENZA-tagliato.mp3\">https:\/\/www.radiopiu.net\/wordpress\/wp-content\/uploads\/2024\/05\/SONIA-LAURA-DEMENZA-tagliato.mp3<\/a><\/audio>\n<p>&nbsp;<\/p>\n<hr \/>\n<p>&nbsp;<\/p>\n<h2><span style=\"color: #800080;\">I FINE SETTIMANA DI MAGGIO AL MASO COLCUC<\/span><\/h2>\n<p><strong><a class=\"dt-pswp-item\" href=\"https:\/\/www.radiopiu.net\/wordpress\/wp-content\/uploads\/2024\/05\/caption.jpg\" data-dt-img-description=\"\" data-large_image_width=\"800\" data-large_image_height=\"600\"><img loading=\"lazy\" decoding=\"async\" class=\" wp-image-389208 alignleft\" src=\"https:\/\/www.radiopiu.net\/wordpress\/wp-content\/uploads\/2024\/05\/caption-300x225.jpg\" alt=\"\" width=\"173\" height=\"130\" srcset=\"https:\/\/www.radiopiu.net\/wordpress\/wp-content\/uploads\/2024\/05\/caption-300x225.jpg 300w, https:\/\/www.radiopiu.net\/wordpress\/wp-content\/uploads\/2024\/05\/caption-768x576.jpg 768w, https:\/\/www.radiopiu.net\/wordpress\/wp-content\/uploads\/2024\/05\/caption.jpg 800w\" sizes=\"auto, (max-width: 173px) 100vw, 173px\" \/><\/a>DI MIRKO MEZZACASA<\/strong><\/p>\n<p>OSPITE: Giulia Tasser<\/p>\n<audio class=\"wp-audio-shortcode\" id=\"audio-389288-13\" preload=\"none\" style=\"width: 100%;\" controls=\"controls\"><source type=\"audio\/mpeg\" src=\"https:\/\/www.radiopiu.net\/wordpress\/wp-content\/uploads\/2024\/05\/GIULIA-TASSER-MAGGGIO-2024.mp3?_=13\" \/><a href=\"https:\/\/www.radiopiu.net\/wordpress\/wp-content\/uploads\/2024\/05\/GIULIA-TASSER-MAGGGIO-2024.mp3\">https:\/\/www.radiopiu.net\/wordpress\/wp-content\/uploads\/2024\/05\/GIULIA-TASSER-MAGGGIO-2024.mp3<\/a><\/audio>\n<p>&nbsp;<\/p>\n<p><span style=\"color: #ff0000;\"><strong>DALL&#8217;ARCHIVIO RADIO PIU&#8217;<\/strong><\/span><\/p>\n<blockquote class=\"wp-embedded-content\" data-secret=\"94d45M1csx\"><p><a href=\"https:\/\/www.radiopiu.net\/wordpress\/i-fratelli-tasser-le-capre-e-il-maso-a-colcuc\/\">I FRATELLI TASSER, LE CAPRE E IL MASO A COLCUC<\/a><\/p><\/blockquote>\n<p><iframe loading=\"lazy\" class=\"wp-embedded-content\" sandbox=\"allow-scripts\" security=\"restricted\" style=\"position: absolute; clip: rect(1px, 1px, 1px, 1px);\" title=\"&#8220;I FRATELLI TASSER, LE CAPRE E IL MASO A COLCUC&#8221; &#8212; Radio Pi\u00f9\" src=\"https:\/\/www.radiopiu.net\/wordpress\/i-fratelli-tasser-le-capre-e-il-maso-a-colcuc\/embed\/#?secret=vMRbI1KO3u#?secret=94d45M1csx\" data-secret=\"94d45M1csx\" width=\"600\" height=\"338\" frameborder=\"0\" marginwidth=\"0\" marginheight=\"0\" scrolling=\"no\"><\/iframe><\/p>\n<p>&nbsp;<\/p>\n<hr \/>\n<p>&nbsp;<\/p>\n<h2><span style=\"color: #ff0000;\"><a class=\"dt-pswp-item\" href=\"https:\/\/www.radiopiu.net\/wordpress\/wp-content\/uploads\/2018\/09\/appuntamenti.jpeg\" data-dt-img-description=\"\" data-large_image_width=\"800\" data-large_image_height=\"100\"><img loading=\"lazy\" decoding=\"async\" class=\"wp-image-61958 size-full aligncenter\" src=\"https:\/\/www.radiopiu.net\/wordpress\/wp-content\/uploads\/2018\/09\/appuntamenti.jpeg\" alt=\"\" width=\"800\" height=\"100\" srcset=\"https:\/\/www.radiopiu.net\/wordpress\/wp-content\/uploads\/2018\/09\/appuntamenti.jpeg 800w, https:\/\/www.radiopiu.net\/wordpress\/wp-content\/uploads\/2018\/09\/appuntamenti-300x38.jpeg 300w, https:\/\/www.radiopiu.net\/wordpress\/wp-content\/uploads\/2018\/09\/appuntamenti-768x96.jpeg 768w\" sizes=\"auto, (max-width: 800px) 100vw, 800px\" \/><\/a><\/span><\/h2>\n<div>\n<div class=\"\" dir=\"auto\">\n<div id=\":r9h:\" class=\"x1iorvi4 x1pi30zi x1l90r2v x1swvt13\" data-ad-comet-preview=\"message\" data-ad-preview=\"message\">\n<p>&nbsp;<\/p>\n<p>&nbsp;<\/p>\n<div class=\"x78zum5 xdt5ytf xz62fqu x16ldp7u\">\n<div class=\"xu06os2 x1ok221b\">\n\n\t\t\t<style type='text\/css'>\n\t\t\t\t#gallery-14 {\n\t\t\t\t\tmargin: auto;\n\t\t\t\t}\n\t\t\t\t#gallery-14 .gallery-item {\n\t\t\t\t\tfloat: left;\n\t\t\t\t\tmargin-top: 10px;\n\t\t\t\t\ttext-align: center;\n\t\t\t\t\twidth: 50%;\n\t\t\t\t}\n\t\t\t\t#gallery-14 img {\n\t\t\t\t\tborder: 2px solid #cfcfcf;\n\t\t\t\t}\n\t\t\t\t#gallery-14 .gallery-caption {\n\t\t\t\t\tmargin-left: 0;\n\t\t\t\t}\n\t\t\t\t\/* see gallery_shortcode() in wp-includes\/media.php *\/\n\t\t\t<\/style>\n\t\t<div id='gallery-14' class='dt-gallery-container gallery galleryid-389288 gallery-columns-2 gallery-size-thumbnail'><dl class='gallery-item'>\n\t\t\t\t<dt class='gallery-icon portrait'>\n\t\t\t\t\t<a class=\"rollover rollover-zoom dt-pswp-item\" title=\"437146738_2577149032445332_1917642300626249383_n\" data-dt-img-description=\"\" data-large_image_width=\"509\" data-large_image_height=\"720\"href='https:\/\/www.radiopiu.net\/wordpress\/wp-content\/uploads\/2024\/04\/437146738_2577149032445332_1917642300626249383_n.jpg'><img loading=\"lazy\" decoding=\"async\" width=\"150\" height=\"150\" src=\"https:\/\/www.radiopiu.net\/wordpress\/wp-content\/uploads\/2024\/04\/437146738_2577149032445332_1917642300626249383_n-150x150.jpg\" class=\"attachment-thumbnail size-thumbnail\" alt=\"\" aria-describedby=\"gallery-14-387164\" \/><\/a>\n\t\t\t\t<\/dt>\n\t\t\t\t\t<dd class='wp-caption-text gallery-caption' id='gallery-14-387164'>\n\t\t\t\t\tDA VENERDI 3 MAGGIO VIA AL MAGGIO AGORDINO CON I PERITI MINERARI\n\t\t\t\t\t<\/dd><\/dl><dl class='gallery-item'>\n\t\t\t\t<dt class='gallery-icon portrait'>\n\t\t\t\t\t<a class=\"rollover rollover-zoom dt-pswp-item\" title=\"532d59c3-32a5-4ff5-9d92-ef84dc9468ea\" data-dt-img-description=\"\" data-large_image_width=\"1080\" data-large_image_height=\"1526\"href='https:\/\/www.radiopiu.net\/wordpress\/wp-content\/uploads\/2024\/05\/532d59c3-32a5-4ff5-9d92-ef84dc9468ea.jpg'><img loading=\"lazy\" decoding=\"async\" width=\"150\" height=\"150\" src=\"https:\/\/www.radiopiu.net\/wordpress\/wp-content\/uploads\/2024\/05\/532d59c3-32a5-4ff5-9d92-ef84dc9468ea-150x150.jpg\" class=\"attachment-thumbnail size-thumbnail\" alt=\"\" aria-describedby=\"gallery-14-388210\" \/><\/a>\n\t\t\t\t<\/dt>\n\t\t\t\t\t<dd class='wp-caption-text gallery-caption' id='gallery-14-388210'>\n\t\t\t\t\tTORNEO DEI FRAZIONISTI, LA FESTAS SUL BROI\n\t\t\t\t\t<\/dd><\/dl><br style=\"clear: both\" \/>\n\t\t\t<\/div>\n\n<p>&nbsp;<\/p>\n<\/div>\n<\/div>\n<\/div>\n<\/div>\n<\/div>\n<p><strong>BELLUNO<\/strong> Mostra &#8220;Mater: maternit\u00e0 che capolavoro!&#8221; promossa per contrastare la denatalit\u00e0. Evento organizzato dall&#8217;associazione Centro Aiuto alla Vita, con diverse collaborazioni. Scopo: promuovere cultura della vita. Mostra curata da Barbara Bortot, espone opere di artisti professionisti e scolari. Inaugurazione oggi a palazzo Bembo, con esibizioni e premiazioni. Maternit\u00e0 vista come bene comune. Accessibile dal 14 al 24 maggio. Orari: mar, gio, ven 9-12:30, 14:30-18; mer 9-12:30.<\/p>\n<p><strong>FELTRE<\/strong> L&#8217;eclissi totale di Sole \u00e8 uno spettacolo emozionante e primordiale, e l&#8217;Associazione Rheticus presenter\u00e0 il resoconto scientifico della spedizione in Texas per osservarla. Saranno proiettate le migliori immagini dell&#8217;eclissi e verranno mostrati momenti significativi del viaggio. Una simulazione dell&#8217;eclissi totale dar\u00e0 un&#8217;idea dell&#8217;atmosfera durante il fenomeno. Apuntamento oggi alle 21 al Centro Astronomico di Feltre<\/p>\n<p><strong>BELLUNO<\/strong> Oggi alle 21 al teatro San Gaetano di Castion, le Pubbliche Bugie, la storica compagnia teatrale della frazione bellunese, porteranno in scena il loro nuovo lavoro, \u201cAll\u2019ombra di Cyrano\u201d, tratto dal Cyrano de Bergerac di Edmond Rostand.<\/p>\n<p><strong>FELTRE\u00a0<\/strong> Domani torna la Fiera dell\u2019Oggetto Ritrovato. Dall\u2019alba al tramonto, nel Centro storico di Feltre l\u2019appuntamento mensile con l\u2019antiquariato e l\u2019usato, che da 12 anni riempie la citt\u00e0 vecchia.\u00a0 Anche per questa edizione sono previsti circa 90 espositori da Veneto e Trentino.<\/p>\n<p><strong>BELLUNO<\/strong> SABATAMBIENTALI 2024 con il centro turistico giovanile.\u00a0 Escursioni nella natura, arte, storia e tradizioni della Val Belluna e dintorni. Sabato a CORNOLADE: tra forre, cascate e scaglia rossa. Referente: Anacleto Boranga (cell. 340\/8769665)<\/p>\n<p>&nbsp;<\/p>\n<h2><span style=\"color: #ff0000;\">PROSSIMAMENTE<\/span><\/h2>\n<p><strong>AGORDO<\/strong> MAGGIO AGORDINO, CONOSCERE IL TERRITORIO, CON L&#8217;ASSOCIAZIONE PERITI MINERARI DI AGORDO QUATTRO APPUNTAMENTI, PER QUATTRO VENERDI ALLE 20.30 IN SALA DON TAMIS, AD AGORDO, CON INGRESSO LIBERO A TUTTI\u00a0 \u00a0VENERDI 17 MAGGIO LA METEOLOROGIA ALPINA, UN UNIVERSO SFACETTATO QUANTO LA MONTAGNA STESSA con il dottor Robert Thierry Luciani VENERDI 24 MAGGIO ENERGIA E AMBIENTE DI MONTAGNA con l&#8217;ingegner Adriano Luchetta MAGGIO AGORDINO&#8230; CON L&#8217;APIM, I VENERDI DI SERA IN SALA DON TAMIS<\/p>\n<p><strong>SOSPIROLO <\/strong>Gioved\u00ec 16 maggio 2024 ore 20.30 al Centro civico di Sospirolo si terr\u00e0 la presentazione del libro &#8220;La scacchiera sotto il calicanto&#8221; di Giovanni Lorusso. La presentazione \u00e8 curata da Federico Brancaleone, Lucia Mezzacasa legge alcuni brani tratti dai racconti mentre tre attori della compagnia TeatroBis proporranno un racconto teatralizzato. La serata, ad ingresso libero, \u00e8 promossa dalla Pro Loco Monti del Sole e gode del patrocinio del Comune di Sospirolo.<\/p>\n<p><strong>BELLUNO<\/strong> Le sfide globali come il cambiamento climatico, le pandemie e la perdita di biodiversit\u00e0 richiedono una revisione del nostro rapporto con la natura. La Delegazione FAI di Belluno e il Gruppo FAI di Feltre organizzano una &#8220;Camminata nella Biodiversit\u00e0&#8221; sui monti di Lentiai il 18 maggio, per sensibilizzare sull&#8217;importanza della salvaguardia ambientale.<\/p>\n<p>&nbsp;<\/p>\n<hr \/>\n<p>&nbsp;<\/p>\n<blockquote>\n<h2>ECCO LA TORTA DI STEFANIA PER IL COMPLEANNO DI BONO<\/h2>\n<\/blockquote>\n<p><strong>REDAZIONE <\/strong>Che bel gesto da parte di Stefy Bortoluzzi. Anche quest&#8217;anno Stefania si \u00e8 ricordata del compleanno del suo idolo. \u00c8 incredibile come l&#8217;affetto per Bono si manifesti in modi cos\u00ec creativi e affettuosi in tutto il mondo. E anche a Ponte Nelle Alpi una bella torta di compleanno fatta a mano.<\/p>\n\n\t\t\t<style type='text\/css'>\n\t\t\t\t#gallery-15 {\n\t\t\t\t\tmargin: auto;\n\t\t\t\t}\n\t\t\t\t#gallery-15 .gallery-item {\n\t\t\t\t\tfloat: left;\n\t\t\t\t\tmargin-top: 10px;\n\t\t\t\t\ttext-align: center;\n\t\t\t\t\twidth: 100%;\n\t\t\t\t}\n\t\t\t\t#gallery-15 img {\n\t\t\t\t\tborder: 2px solid #cfcfcf;\n\t\t\t\t}\n\t\t\t\t#gallery-15 .gallery-caption {\n\t\t\t\t\tmargin-left: 0;\n\t\t\t\t}\n\t\t\t\t\/* see gallery_shortcode() in wp-includes\/media.php *\/\n\t\t\t<\/style>\n\t\t<div id='gallery-15' class='dt-gallery-container gallery galleryid-389288 gallery-columns-1 gallery-size-medium'><dl class='gallery-item'>\n\t\t\t\t<dt class='gallery-icon portrait'>\n\t\t\t\t\t<a class=\"rollover rollover-zoom dt-pswp-item\" title=\"415b3f15-81b5-466c-98b7-8cd46a86e436\" data-dt-img-description=\"\" data-large_image_width=\"899\" data-large_image_height=\"1599\"href='https:\/\/www.radiopiu.net\/wordpress\/wp-content\/uploads\/2024\/05\/415b3f15-81b5-466c-98b7-8cd46a86e436.jpg'><img loading=\"lazy\" decoding=\"async\" width=\"169\" height=\"300\" src=\"https:\/\/www.radiopiu.net\/wordpress\/wp-content\/uploads\/2024\/05\/415b3f15-81b5-466c-98b7-8cd46a86e436-169x300.jpg\" class=\"attachment-medium size-medium\" alt=\"\" srcset=\"https:\/\/www.radiopiu.net\/wordpress\/wp-content\/uploads\/2024\/05\/415b3f15-81b5-466c-98b7-8cd46a86e436-169x300.jpg 169w, https:\/\/www.radiopiu.net\/wordpress\/wp-content\/uploads\/2024\/05\/415b3f15-81b5-466c-98b7-8cd46a86e436-576x1024.jpg 576w, https:\/\/www.radiopiu.net\/wordpress\/wp-content\/uploads\/2024\/05\/415b3f15-81b5-466c-98b7-8cd46a86e436-768x1366.jpg 768w, https:\/\/www.radiopiu.net\/wordpress\/wp-content\/uploads\/2024\/05\/415b3f15-81b5-466c-98b7-8cd46a86e436-864x1536.jpg 864w, https:\/\/www.radiopiu.net\/wordpress\/wp-content\/uploads\/2024\/05\/415b3f15-81b5-466c-98b7-8cd46a86e436.jpg 899w\" sizes=\"auto, (max-width: 169px) 100vw, 169px\" \/><\/a>\n\t\t\t\t<\/dt><\/dl><br style=\"clear: both\" \/>\n\t\t\t<\/div>\n\n<blockquote class=\"wp-embedded-content\" data-secret=\"cCrCQc3xcF\"><p><a href=\"https:\/\/www.radiopiu.net\/wordpress\/novita-alla-radio-time-4-me-marina-e-i-suoi-ospiti\/\">NOVITA&#8217; ALLA RADIO&#8230; TIME 4 ME marina e i suoi ospiti<\/a><\/p><\/blockquote>\n<p><iframe loading=\"lazy\" class=\"wp-embedded-content\" sandbox=\"allow-scripts\" security=\"restricted\" style=\"position: absolute; clip: rect(1px, 1px, 1px, 1px);\" title=\"&#8220;NOVITA&#8217; ALLA RADIO&#8230; TIME 4 ME marina e i suoi ospiti&#8221; &#8212; Radio Pi\u00f9\" src=\"https:\/\/www.radiopiu.net\/wordpress\/novita-alla-radio-time-4-me-marina-e-i-suoi-ospiti\/embed\/#?secret=UBvpNXOles#?secret=cCrCQc3xcF\" data-secret=\"cCrCQc3xcF\" width=\"600\" height=\"338\" frameborder=\"0\" marginwidth=\"0\" marginheight=\"0\" scrolling=\"no\"><\/iframe><\/p>\n<hr \/>\n<p>&nbsp;<\/p>\n<p><a class=\"dt-pswp-item\" href=\"https:\/\/www.radiopiu.net\/wordpress\/wp-content\/uploads\/2018\/09\/viabilita.jpeg\" data-dt-img-description=\"\" data-large_image_width=\"800\" data-large_image_height=\"100\"><img loading=\"lazy\" decoding=\"async\" class=\"aligncenter wp-image-61954 size-full\" src=\"https:\/\/www.radiopiu.net\/wordpress\/wp-content\/uploads\/2018\/09\/viabilita.jpeg\" alt=\"\" width=\"800\" height=\"100\" srcset=\"https:\/\/www.radiopiu.net\/wordpress\/wp-content\/uploads\/2018\/09\/viabilita.jpeg 800w, https:\/\/www.radiopiu.net\/wordpress\/wp-content\/uploads\/2018\/09\/viabilita-300x38.jpeg 300w, https:\/\/www.radiopiu.net\/wordpress\/wp-content\/uploads\/2018\/09\/viabilita-768x96.jpeg 768w\" sizes=\"auto, (max-width: 800px) 100vw, 800px\" \/><\/a><\/p>\n<p>&nbsp;<\/p>\n<p><a class=\"dt-pswp-item\" href=\"https:\/\/www.radiopiu.net\/wordpress\/wp-content\/uploads\/2023\/12\/botol-car-service.jpg\" data-dt-img-description=\"\" data-large_image_width=\"600\" data-large_image_height=\"600\"><img loading=\"lazy\" decoding=\"async\" class=\"size-medium wp-image-367044 aligncenter\" src=\"https:\/\/www.radiopiu.net\/wordpress\/wp-content\/uploads\/2023\/12\/botol-car-service-300x300.jpg\" alt=\"\" width=\"300\" height=\"300\" srcset=\"https:\/\/www.radiopiu.net\/wordpress\/wp-content\/uploads\/2023\/12\/botol-car-service-300x300.jpg 300w, https:\/\/www.radiopiu.net\/wordpress\/wp-content\/uploads\/2023\/12\/botol-car-service-150x150.jpg 150w, https:\/\/www.radiopiu.net\/wordpress\/wp-content\/uploads\/2023\/12\/botol-car-service.jpg 600w\" sizes=\"auto, (max-width: 300px) 100vw, 300px\" \/><\/a><\/p>\n<p>&nbsp;<\/p>\n<p>&nbsp;<\/p>\n<h1>BOLLETTINO QUOTIDIANO, CLICCA QUI<\/h1>\n<blockquote class=\"wp-embedded-content\" data-secret=\"tQkLygsfRT\"><p><a href=\"https:\/\/www.radiopiu.net\/wordpress\/viabilita\/\">viabilita<\/a><\/p><\/blockquote>\n<p><iframe loading=\"lazy\" class=\"wp-embedded-content\" sandbox=\"allow-scripts\" security=\"restricted\" style=\"position: absolute; clip: rect(1px, 1px, 1px, 1px);\" title=\"&#8220;viabilita&#8221; &#8212; Radio Pi\u00f9\" src=\"https:\/\/www.radiopiu.net\/wordpress\/viabilita\/embed\/#?secret=lzmWTWb7dg#?secret=tQkLygsfRT\" data-secret=\"tQkLygsfRT\" width=\"600\" height=\"338\" frameborder=\"0\" marginwidth=\"0\" marginheight=\"0\" scrolling=\"no\"><\/iframe><\/p>\n<p>&nbsp;<\/p>\n<p>&nbsp;<\/p>\n<p>&nbsp;<\/p>\n<hr \/>\n<p>&nbsp;<\/p>\n<p><a class=\"dt-pswp-item\" href=\"https:\/\/www.radiopiu.net\/wordpress\/wp-content\/uploads\/2018\/09\/WhatsApp-Image-2018-09-20-at-16.04.06.jpeg\" data-dt-img-description=\"\" data-large_image_width=\"800\" data-large_image_height=\"100\"><img loading=\"lazy\" decoding=\"async\" class=\"wp-image-61378 size-full aligncenter\" src=\"https:\/\/www.radiopiu.net\/wordpress\/wp-content\/uploads\/2018\/09\/WhatsApp-Image-2018-09-20-at-16.04.06.jpeg\" alt=\"\" width=\"800\" height=\"100\" srcset=\"https:\/\/www.radiopiu.net\/wordpress\/wp-content\/uploads\/2018\/09\/WhatsApp-Image-2018-09-20-at-16.04.06.jpeg 800w, https:\/\/www.radiopiu.net\/wordpress\/wp-content\/uploads\/2018\/09\/WhatsApp-Image-2018-09-20-at-16.04.06-300x38.jpeg 300w, https:\/\/www.radiopiu.net\/wordpress\/wp-content\/uploads\/2018\/09\/WhatsApp-Image-2018-09-20-at-16.04.06-768x96.jpeg 768w\" sizes=\"auto, (max-width: 800px) 100vw, 800px\" \/><\/a><\/p>\n<p><center><\/center><center><\/center><center><\/center><center><\/center><center><\/center><center><\/center>&nbsp;<\/p>\n<p><center><\/center><center><\/center><center><\/center><center><\/center><center><b>OGGI<\/b><\/center>Tempo in prevalenza soleggiato e stabile con cielo poco nuvoloso per qualche temporaneo annuvolamento medio-alto e transito di banchi di cirri, senza grandi effetti. Ridotta attivit\u00e0 convettiva e minore presenza di cumuli.<br \/>\n<b>Precipitazioni: <\/b>Assenti<br \/>\n<b>Temperature: <\/b>In ulteriore innalzamento a tutte le quote con un paio di gradi in pi\u00f9 rispetto a venerd\u00ec.<\/p>\n<hr \/>\n<p><center><b>DOMANI<\/b><\/center><b>Tempo atteso: <\/b>Tempo ben soleggiato con cielo perlopi\u00f9 sereno al mattino, poi riduzione del soleggiamento per attivit\u00e0 cumuliforme pomeridiana, da moderata a localmente intensa, associata a qualche fenomeno convettivi da met\u00e0 pomeriggio in poi.<br \/>\n<b>Precipitazioni: <\/b>Al mattino assenti, al pomeriggio contenuto aumento della probabilit\u00e0 per qualche rovescio o temporale sparso<br \/>\n<b>Temperature: <\/b>In ulteriore generale lieve aumento, salvo leggera flessione delle massime nei settori interessati dall&#8217;instabilit\u00e0 pomeridiana.<\/p>\n<hr \/>\n<p><center><b>LUNEDI<\/b><\/center>Tratti soleggiati mattutini sempre pi\u00f9 residui e crescente nuvolosit\u00e0 sia stratiforme che cumuliforme e ritorno dell&#8217;instabilit\u00e0 con rovesci\/temporali, gi\u00e0 entro le ore centrali del giorno qua e l\u00e0, in maniera pi\u00f9 diffusa al pomeriggio\/sera. Temperature minime in rialzo e massime in contenuta flessione.<\/p>\n<hr \/>\n<p><center><b>MARTEDI<\/b><\/center>Tempo variabile\/instabile con cielo da irregolarmente a molto nuvoloso associato ad alta probabilit\u00e0 di rovesci, anche temporaleschi. Temperature in generale lieve diminuzione specie le massime.<\/p>\n<p>&nbsp;<\/p>\n<hr \/>\n<p>&nbsp;<\/p>\n<p><img loading=\"lazy\" decoding=\"async\" class=\"wp-image-60761 size-full aligncenter\" src=\"https:\/\/www.radiopiu.net\/wordpress\/wp-content\/uploads\/2018\/09\/sport.jpg\" alt=\"\" width=\"800\" height=\"100\" srcset=\"https:\/\/www.radiopiu.net\/wordpress\/wp-content\/uploads\/2018\/09\/sport.jpg 800w, https:\/\/www.radiopiu.net\/wordpress\/wp-content\/uploads\/2018\/09\/sport-300x38.jpg 300w, https:\/\/www.radiopiu.net\/wordpress\/wp-content\/uploads\/2018\/09\/sport-768x96.jpg 768w\" sizes=\"auto, (max-width: 800px) 100vw, 800px\" \/><\/p>\n<h3><span style=\"color: #0000ff;\"><strong>\u00a0 \u00a0 \u00a0<\/strong><\/span><\/h3>\n<p><span style=\"color: #0000ff;\"><strong>CORSA <a class=\"dt-pswp-item\" href=\"https:\/\/www.radiopiu.net\/wordpress\/wp-content\/uploads\/2024\/05\/4d9e9438-7979-4846-8803-1dbafd58edec.jpg\" data-dt-img-description=\"\" data-large_image_width=\"1075\" data-large_image_height=\"1429\"><img loading=\"lazy\" decoding=\"async\" class=\"size-medium wp-image-389482 alignleft\" src=\"https:\/\/www.radiopiu.net\/wordpress\/wp-content\/uploads\/2024\/05\/4d9e9438-7979-4846-8803-1dbafd58edec-226x300.jpg\" alt=\"\" width=\"226\" height=\"300\" srcset=\"https:\/\/www.radiopiu.net\/wordpress\/wp-content\/uploads\/2024\/05\/4d9e9438-7979-4846-8803-1dbafd58edec-226x300.jpg 226w, https:\/\/www.radiopiu.net\/wordpress\/wp-content\/uploads\/2024\/05\/4d9e9438-7979-4846-8803-1dbafd58edec-770x1024.jpg 770w, https:\/\/www.radiopiu.net\/wordpress\/wp-content\/uploads\/2024\/05\/4d9e9438-7979-4846-8803-1dbafd58edec-768x1021.jpg 768w, https:\/\/www.radiopiu.net\/wordpress\/wp-content\/uploads\/2024\/05\/4d9e9438-7979-4846-8803-1dbafd58edec.jpg 1075w\" sizes=\"auto, (max-width: 226px) 100vw, 226px\" \/><\/a><\/strong><\/span><\/p>\n<blockquote>\n<h3><\/h3>\n<h1 style=\"text-align: center;\">CORRERE CON LA PANTERA ROSA VISOME<\/h1>\n<\/blockquote>\n<p>&nbsp;<\/p>\n<p>DI MARCO V DAL FARRA<\/p>\n<p>&nbsp;<\/p>\n<p>&nbsp;<\/p>\n<p>&nbsp;<\/p>\n<p>&nbsp;<\/p>\n<p>&nbsp;<\/p>\n<p><strong>AUDIO<\/strong><\/p>\n<audio class=\"wp-audio-shortcode\" id=\"audio-389288-14\" preload=\"none\" style=\"width: 100%;\" controls=\"controls\"><source type=\"audio\/mpeg\" src=\"https:\/\/www.radiopiu.net\/wordpress\/wp-content\/uploads\/2024\/05\/marco-e-checo.mp3?_=14\" \/><a href=\"https:\/\/www.radiopiu.net\/wordpress\/wp-content\/uploads\/2024\/05\/marco-e-checo.mp3\">https:\/\/www.radiopiu.net\/wordpress\/wp-content\/uploads\/2024\/05\/marco-e-checo.mp3<\/a><\/audio>\n<p>&nbsp;<\/p>\n<p><span style=\"color: #0000ff;\"><strong>CALCIO<\/strong><\/span><\/p>\n<blockquote>\n<h3>AGORDINA CON IL VALZOLDANA, IL PIAVE OSPITA IL DOMEGGE<\/h3>\n<\/blockquote>\n<p><strong><a class=\"dt-pswp-item\" href=\"https:\/\/www.radiopiu.net\/wordpress\/wp-content\/uploads\/2023\/04\/calcio-dangolo-2023.jpg\" data-dt-img-description=\"\" data-large_image_width=\"1920\" data-large_image_height=\"1270\"><img loading=\"lazy\" decoding=\"async\" class=\" wp-image-330971 alignleft\" src=\"https:\/\/www.radiopiu.net\/wordpress\/wp-content\/uploads\/2023\/04\/calcio-dangolo-2023-300x198.jpg\" alt=\"\" width=\"152\" height=\"100\" srcset=\"https:\/\/www.radiopiu.net\/wordpress\/wp-content\/uploads\/2023\/04\/calcio-dangolo-2023-300x198.jpg 300w, https:\/\/www.radiopiu.net\/wordpress\/wp-content\/uploads\/2023\/04\/calcio-dangolo-2023-1024x677.jpg 1024w, https:\/\/www.radiopiu.net\/wordpress\/wp-content\/uploads\/2023\/04\/calcio-dangolo-2023-768x508.jpg 768w, https:\/\/www.radiopiu.net\/wordpress\/wp-content\/uploads\/2023\/04\/calcio-dangolo-2023-1536x1016.jpg 1536w, https:\/\/www.radiopiu.net\/wordpress\/wp-content\/uploads\/2023\/04\/calcio-dangolo-2023.jpg 1920w\" sizes=\"auto, (max-width: 152px) 100vw, 152px\" \/><\/a>DI MARCO GAZ<\/strong><\/p>\n<p><strong>REDAZIONE <\/strong>Tre giornate di campionato per l\u2019Agordina e poi si sapr\u00e0 l\u2019epilogo di questa stagione. La squadra di Agordo sta lottando per conquistare un posto nei playoff della Terza Categoria della provincia di Belluno. Agordini a sole 4 lunghezze dal quinto posto, posizione per accedere alla fase finale. E questo fine settimana si fa sul serio perch\u00e9 la compagine allenata da Chiea si scontrer\u00e0 con il Valzoldana, altra squadra in lotta per conquistare i playoff. Si preannuncia una partita giocata a viso aperto e chi perde vedr\u00e0 allontanarsi, e non di poco, le possibilit\u00e0 di qualificarsi alla seconda fase della stagione. Come sempre non solo Agordina in campo ma anche il Piave che giocher\u00e0 in casa contro il Domegge primo della classe. Domegge bisognoso di conferme per fare il salto di categoria diretto e Piave che non ha pi\u00f9 nulla da chiedere a questo campionato che volge al termine. Si gioca domani con calcio d\u2019inizio alle 16:30.<\/p>\n<p><strong>LA CLASSIFICA DELLA TERZA CATEGORIA:<\/strong> Gemelle e Domegge 48, Auronzo 42, San Vittore 41, Fortogna e Alpes Cesio 39 e Valzoldana e Dynamo Vellai 36, Agordina 35, Piave e Tambre 22, Cortina 17, Lamonese 16, Cadore 9<\/p>\n<p>&nbsp;<\/p>\n<p><span style=\"color: #0000ff;\"><strong>PALLAVOLO<\/strong><\/span><\/p>\n<blockquote>\n<h3>OGGI GARA 2 DEI PLAYOFF PER LA PALLAVOLO FEMMINILE BELLUNO<\/h3>\n<\/blockquote>\n<p><a class=\"dt-pswp-item\" href=\"https:\/\/www.radiopiu.net\/wordpress\/wp-content\/uploads\/2024\/05\/Simone_Degortes_pronta_per_gara_2.jpg\" data-dt-img-description=\"\" data-large_image_width=\"1420\" data-large_image_height=\"1715\"><img loading=\"lazy\" decoding=\"async\" class=\" wp-image-389357 alignleft\" src=\"https:\/\/www.radiopiu.net\/wordpress\/wp-content\/uploads\/2024\/05\/Simone_Degortes_pronta_per_gara_2-248x300.jpg\" alt=\"\" width=\"113\" height=\"137\" srcset=\"https:\/\/www.radiopiu.net\/wordpress\/wp-content\/uploads\/2024\/05\/Simone_Degortes_pronta_per_gara_2-248x300.jpg 248w, https:\/\/www.radiopiu.net\/wordpress\/wp-content\/uploads\/2024\/05\/Simone_Degortes_pronta_per_gara_2-848x1024.jpg 848w, https:\/\/www.radiopiu.net\/wordpress\/wp-content\/uploads\/2024\/05\/Simone_Degortes_pronta_per_gara_2-768x928.jpg 768w, https:\/\/www.radiopiu.net\/wordpress\/wp-content\/uploads\/2024\/05\/Simone_Degortes_pronta_per_gara_2-1272x1536.jpg 1272w, https:\/\/www.radiopiu.net\/wordpress\/wp-content\/uploads\/2024\/05\/Simone_Degortes_pronta_per_gara_2.jpg 1420w\" sizes=\"auto, (max-width: 113px) 100vw, 113px\" \/><\/a>Il tempo per rimediare alla falsa partenza nei playoff \u00e8 oggi, con gara 2 del primo turno alle 18:30. Homeclick SB Volley e Team Volley 2007 si affrontano di nuovo al palasport De Mas. Simona Degortes, leader del team, analizza la situazione, riconoscendo un &#8220;inizio diesel&#8221; nell&#8217;ultima partita. Il Team Volley 2007 si conferma competitivo, ma Degortes non vede grandi differenze tra le squadre. Per la seconda partita, il focus \u00e8 sul coraggio e sulla determinazione, con l&#8217;obiettivo di &#8220;fare buchi per terra&#8221; nell&#8217;altra met\u00e0 campo. L&#8217;ambiente del De Mas pu\u00f2 essere determinante, con l&#8217;entusiasmo dei tifosi come arma in pi\u00f9. Degortes promette impegno totale e invita i tifosi a sostenere la squadra, sottolineando l&#8217;importanza del calore e della spinta dalle tribune.<\/p>\n<p>&nbsp;<\/p>\n<hr \/>\n<p>&nbsp;<\/p>\n<h2><span style=\"color: #ff00ff;\">GOODB<\/span><span style=\"color: #ff00ff;\">YE BY BICICLE&#8230;UN VIAGGIO DALL&#8217;INDIA A SEREN DEL GRAPPA IN BICICLETTA<\/span><\/h2>\n<p><span style=\"color: #ff0000;\"><strong>PUNTATA 12 &#8211; IN ATTESA DI UNA RISPOSTA DALL&#8217;AGENZIA VIAGGI, PROSEGUE LA VISITA IN INDIA<\/strong><\/span><\/p>\n<audio class=\"wp-audio-shortcode\" id=\"audio-389288-15\" preload=\"none\" style=\"width: 100%;\" controls=\"controls\"><source type=\"audio\/mpeg\" src=\"https:\/\/www.radiopiu.net\/wordpress\/wp-content\/uploads\/2024\/04\/AIRE-INDIA-PUNTATA-12.mp3?_=15\" \/><a href=\"https:\/\/www.radiopiu.net\/wordpress\/wp-content\/uploads\/2024\/04\/AIRE-INDIA-PUNTATA-12.mp3\">https:\/\/www.radiopiu.net\/wordpress\/wp-content\/uploads\/2024\/04\/AIRE-INDIA-PUNTATA-12.mp3<\/a><\/audio>\n<p>&nbsp;<\/p>\n<p><strong>PER VISITARE I SITI DEI LUOGHI VISITATI, CLICCA SULLE SEGUENTI SCRITTE: <span style=\"color: #3366ff;\"><a href=\"https:\/\/nomoreofmore.com\/\">NO MORE OF MORE<\/a>\u00a0 \u00a0<a href=\"https:\/\/www.karmalakelands.com\/\">KARMA KELANDS<\/a>\u00a0 \u00a0<a href=\"https:\/\/www.facebook.com\/sakshambvs\">SAKSHAM BAL VIKAS SANSTHA<\/a>\u00a0 \u00a0<a href=\"https:\/\/www.scottishigh.com\/\">SCOTTISH HIGH<\/a>\u00a0 \u00a0<a href=\"https:\/\/www.instagram.com\/the_crashpad_mangar?igsh=MWJ0eXQ0Z3h2bjJhag==\">THE CASHPAD MANGAR<\/a><\/span><\/strong><\/p>\n\n\t\t\t<style type='text\/css'>\n\t\t\t\t#gallery-16 {\n\t\t\t\t\tmargin: auto;\n\t\t\t\t}\n\t\t\t\t#gallery-16 .gallery-item {\n\t\t\t\t\tfloat: left;\n\t\t\t\t\tmargin-top: 10px;\n\t\t\t\t\ttext-align: center;\n\t\t\t\t\twidth: 16%;\n\t\t\t\t}\n\t\t\t\t#gallery-16 img {\n\t\t\t\t\tborder: 2px solid #cfcfcf;\n\t\t\t\t}\n\t\t\t\t#gallery-16 .gallery-caption {\n\t\t\t\t\tmargin-left: 0;\n\t\t\t\t}\n\t\t\t\t\/* see gallery_shortcode() in wp-includes\/media.php *\/\n\t\t\t<\/style>\n\t\t<div id='gallery-16' class='dt-gallery-container gallery galleryid-389288 gallery-columns-6 gallery-size-thumbnail'><dl class='gallery-item'>\n\t\t\t\t<dt class='gallery-icon landscape'>\n\t\t\t\t\t<a class=\"rollover rollover-zoom dt-pswp-item\" title=\"87686f31-b209-4d3e-a06f-7d87a2e736f7\" data-dt-img-description=\"\" data-large_image_width=\"1600\" data-large_image_height=\"1200\"href='https:\/\/www.radiopiu.net\/wordpress\/wp-content\/uploads\/2024\/04\/87686f31-b209-4d3e-a06f-7d87a2e736f7.jpg'><img loading=\"lazy\" decoding=\"async\" width=\"150\" height=\"150\" src=\"https:\/\/www.radiopiu.net\/wordpress\/wp-content\/uploads\/2024\/04\/87686f31-b209-4d3e-a06f-7d87a2e736f7-150x150.jpg\" class=\"attachment-thumbnail size-thumbnail\" alt=\"\" \/><\/a>\n\t\t\t\t<\/dt><\/dl><dl class='gallery-item'>\n\t\t\t\t<dt class='gallery-icon landscape'>\n\t\t\t\t\t<a class=\"rollover rollover-zoom dt-pswp-item\" title=\"71bf99db-d797-48c3-8e79-5b6591726a1b\" data-dt-img-description=\"\" data-large_image_width=\"1600\" data-large_image_height=\"1200\"href='https:\/\/www.radiopiu.net\/wordpress\/wp-content\/uploads\/2024\/04\/71bf99db-d797-48c3-8e79-5b6591726a1b.jpg'><img loading=\"lazy\" decoding=\"async\" width=\"150\" height=\"150\" src=\"https:\/\/www.radiopiu.net\/wordpress\/wp-content\/uploads\/2024\/04\/71bf99db-d797-48c3-8e79-5b6591726a1b-150x150.jpg\" class=\"attachment-thumbnail size-thumbnail\" alt=\"\" \/><\/a>\n\t\t\t\t<\/dt><\/dl><dl class='gallery-item'>\n\t\t\t\t<dt class='gallery-icon landscape'>\n\t\t\t\t\t<a class=\"rollover rollover-zoom dt-pswp-item\" title=\"32f339ff-3bb6-4776-a305-ada5b04184eb\" data-dt-img-description=\"\" data-large_image_width=\"1280\" data-large_image_height=\"960\"href='https:\/\/www.radiopiu.net\/wordpress\/wp-content\/uploads\/2024\/04\/32f339ff-3bb6-4776-a305-ada5b04184eb.jpg'><img loading=\"lazy\" decoding=\"async\" width=\"150\" height=\"150\" src=\"https:\/\/www.radiopiu.net\/wordpress\/wp-content\/uploads\/2024\/04\/32f339ff-3bb6-4776-a305-ada5b04184eb-150x150.jpg\" class=\"attachment-thumbnail size-thumbnail\" alt=\"\" \/><\/a>\n\t\t\t\t<\/dt><\/dl><dl class='gallery-item'>\n\t\t\t\t<dt class='gallery-icon portrait'>\n\t\t\t\t\t<a class=\"rollover rollover-zoom dt-pswp-item\" title=\"b1cd4a36-e0d1-4293-8750-8a9745712da9\" data-dt-img-description=\"\" data-large_image_width=\"960\" data-large_image_height=\"1280\"href='https:\/\/www.radiopiu.net\/wordpress\/wp-content\/uploads\/2024\/04\/b1cd4a36-e0d1-4293-8750-8a9745712da9.jpg'><img loading=\"lazy\" decoding=\"async\" width=\"150\" height=\"150\" src=\"https:\/\/www.radiopiu.net\/wordpress\/wp-content\/uploads\/2024\/04\/b1cd4a36-e0d1-4293-8750-8a9745712da9-150x150.jpg\" class=\"attachment-thumbnail size-thumbnail\" alt=\"\" \/><\/a>\n\t\t\t\t<\/dt><\/dl><dl class='gallery-item'>\n\t\t\t\t<dt class='gallery-icon landscape'>\n\t\t\t\t\t<a class=\"rollover rollover-zoom dt-pswp-item\" title=\"b4084755-919a-4bc0-8393-8852dac18487\" data-dt-img-description=\"\" data-large_image_width=\"1600\" data-large_image_height=\"1200\"href='https:\/\/www.radiopiu.net\/wordpress\/wp-content\/uploads\/2024\/04\/b4084755-919a-4bc0-8393-8852dac18487.jpg'><img loading=\"lazy\" decoding=\"async\" width=\"150\" height=\"150\" src=\"https:\/\/www.radiopiu.net\/wordpress\/wp-content\/uploads\/2024\/04\/b4084755-919a-4bc0-8393-8852dac18487-150x150.jpg\" class=\"attachment-thumbnail size-thumbnail\" alt=\"\" \/><\/a>\n\t\t\t\t<\/dt><\/dl><dl class='gallery-item'>\n\t\t\t\t<dt class='gallery-icon portrait'>\n\t\t\t\t\t<a class=\"rollover rollover-zoom dt-pswp-item\" title=\"6c409fda-67e8-489f-8bb9-ca014829d9ac\" data-dt-img-description=\"\" data-large_image_width=\"720\" data-large_image_height=\"1280\"href='https:\/\/www.radiopiu.net\/wordpress\/wp-content\/uploads\/2024\/04\/6c409fda-67e8-489f-8bb9-ca014829d9ac.jpg'><img loading=\"lazy\" decoding=\"async\" width=\"150\" height=\"150\" src=\"https:\/\/www.radiopiu.net\/wordpress\/wp-content\/uploads\/2024\/04\/6c409fda-67e8-489f-8bb9-ca014829d9ac-150x150.jpg\" class=\"attachment-thumbnail size-thumbnail\" alt=\"\" \/><\/a>\n\t\t\t\t<\/dt><\/dl><br style=\"clear: both\" \/>\n\t\t\t<\/div>\n\n<p>&nbsp;<\/p>\n<p>&nbsp;<\/p>\n<p>&nbsp;<\/p>\n","protected":false},"excerpt":{"rendered":"<p>***** SPETTACOLO CELESTE: UN\u2019INCREDIBILE AURORA BOREALE La magia delle luci del nord arriva anche da noi, grazie a una tempesta solare eccezionale di CLAUDIO PRA Un&#8217; incredibile aurora boreale \u00e9 arrivata anche da noi tra la serata di venerd\u00ec e la nottata di sabato. La grande macchia solare di cui avevo mandato la foto proprio&hellip;<\/p>\n","protected":false},"author":4,"featured_media":389477,"comment_status":"closed","ping_status":"closed","sticky":false,"template":"","format":"standard","meta":{"_monsterinsights_skip_tracking":false,"_monsterinsights_sitenote_active":false,"_monsterinsights_sitenote_note":"","_monsterinsights_sitenote_category":0,"footnotes":""},"categories":[51,86,49],"tags":[],"class_list":["post-389288","post","type-post","status-publish","format-standard","has-post-thumbnail","hentry","category-evidenza-top","category-gr","category-news-18","category-51","category-86","category-49","description-off"],"img_url":"https:\/\/www.radiopiu.net\/wordpress\/wp-content\/uploads\/2024\/05\/1a423309-dd7b-43fd-9422-f846bea8579f.jpg","_links":{"self":[{"href":"https:\/\/www.radiopiu.net\/wordpress\/wp-json\/wp\/v2\/posts\/389288","targetHints":{"allow":["GET"]}}],"collection":[{"href":"https:\/\/www.radiopiu.net\/wordpress\/wp-json\/wp\/v2\/posts"}],"about":[{"href":"https:\/\/www.radiopiu.net\/wordpress\/wp-json\/wp\/v2\/types\/post"}],"author":[{"embeddable":true,"href":"https:\/\/www.radiopiu.net\/wordpress\/wp-json\/wp\/v2\/users\/4"}],"replies":[{"embeddable":true,"href":"https:\/\/www.radiopiu.net\/wordpress\/wp-json\/wp\/v2\/comments?post=389288"}],"version-history":[{"count":0,"href":"https:\/\/www.radiopiu.net\/wordpress\/wp-json\/wp\/v2\/posts\/389288\/revisions"}],"wp:featuredmedia":[{"embeddable":true,"href":"https:\/\/www.radiopiu.net\/wordpress\/wp-json\/wp\/v2\/media\/389477"}],"wp:attachment":[{"href":"https:\/\/www.radiopiu.net\/wordpress\/wp-json\/wp\/v2\/media?parent=389288"}],"wp:term":[{"taxonomy":"category","embeddable":true,"href":"https:\/\/www.radiopiu.net\/wordpress\/wp-json\/wp\/v2\/categories?post=389288"},{"taxonomy":"post_tag","embeddable":true,"href":"https:\/\/www.radiopiu.net\/wordpress\/wp-json\/wp\/v2\/tags?post=389288"}],"curies":[{"name":"wp","href":"https:\/\/api.w.org\/{rel}","templated":true}]}}