{"id":389292,"date":"2024-05-10T05:27:37","date_gmt":"2024-05-10T03:27:37","guid":{"rendered":"https:\/\/www.radiopiu.net\/wordpress\/?p=389292"},"modified":"2024-05-10T05:31:58","modified_gmt":"2024-05-10T03:31:58","slug":"studente-ricoverato-ai-caraibi-per-sospetta-meningite-nessuna-quarantena-per-il-gruppo-di-scolari","status":"publish","type":"post","link":"https:\/\/www.radiopiu.net\/wordpress\/studente-ricoverato-ai-caraibi-per-sospetta-meningite-nessuna-quarantena-per-il-gruppo-di-scolari\/","title":{"rendered":"Studente ricoverato ai Caraibi per sospetta meningite: Nessuna quarantena per il gruppo di scolari\u00a0"},"content":{"rendered":"<div>\n<blockquote>\n<h3><\/h3>\n<p><em><a class=\"dt-pswp-item\" href=\"https:\/\/www.radiopiu.net\/wordpress\/wp-content\/uploads\/2024\/05\/th-4.jpg\" data-dt-img-description=\"\" data-large_image_width=\"270\" data-large_image_height=\"180\"><img loading=\"lazy\" decoding=\"async\" class=\"size-full wp-image-389291 alignleft\" src=\"https:\/\/www.radiopiu.net\/wordpress\/wp-content\/uploads\/2024\/05\/th-4.jpg\" alt=\"\" width=\"270\" height=\"180\" \/><\/a>scambio culturale finito con i pari et\u00e0 della Martinica finito\u00a0 male per i 30 studenti di Calvi e Lollino. Un partecipante al viaggio \u00e8 stato ricoverato nel paese caraibico e non ha fatto rientro in Italia luned\u00ec con i compagni. La famiglia \u00e8 subito volata in Martinica per l&#8217;assistenza<\/em><\/p><\/blockquote>\n<\/div>\n<h3><strong style=\"font-size: 14px;\">BELLUNO<\/strong><span style=\"font-size: 14px; font-weight: normal;\"> Uno studente partecipante a uno scambio culturale ai Caraibi \u00e8 stato ricoverato per sospetta meningite. Il resto del gruppo, tornato in Italia, non \u00e8 in quarantena, ma l&#8217;Ulss ha consigliato l&#8217;autosorveglianza per dieci giorni. L&#8217;ipotesi \u00e8 che il ragazzo abbia contratto la malattia in Martinica, data l&#8217;incubazione di sette giorni prima dei sintomi. Nonostante l&#8217;incertezza sulla diagnosi, l&#8217;Ulss ha trattato il caso come meningite batterica, per precauzione. L&#8217;autorit\u00e0 sanitaria sta monitorando la situazione, ma si ritiene che il focolaio sia originato nel contesto caraibico, escludendo quindi un&#8217;origine italiana o provinciale.<\/p>\n<p><strong><span style=\"color: #0000ff;\">Ulteriori particolari nell&#8217;articolo di apertura del Corriere delle Alpi, oggi in edicola, di Cristina Contento<\/span><\/strong><\/span><\/h3>\n","protected":false},"excerpt":{"rendered":"<p>scambio culturale finito con i pari et\u00e0 della Martinica finito\u00a0 male per i 30 studenti di Calvi e Lollino. Un partecipante al viaggio \u00e8 stato ricoverato nel paese caraibico e non ha fatto rientro in Italia luned\u00ec con i compagni. La famiglia \u00e8 subito volata in Martinica per l&#8217;assistenza BELLUNO Uno studente partecipante a uno&hellip;<\/p>\n","protected":false},"author":4,"featured_media":389291,"comment_status":"closed","ping_status":"closed","sticky":false,"template":"","format":"standard","meta":{"_monsterinsights_skip_tracking":false,"_monsterinsights_sitenote_active":false,"_monsterinsights_sitenote_note":"","_monsterinsights_sitenote_category":0,"footnotes":""},"categories":[51,49],"tags":[],"class_list":["post-389292","post","type-post","status-publish","format-standard","has-post-thumbnail","hentry","category-evidenza-top","category-news-18","category-51","category-49","description-off"],"img_url":"https:\/\/www.radiopiu.net\/wordpress\/wp-content\/uploads\/2024\/05\/th-4.jpg","_links":{"self":[{"href":"https:\/\/www.radiopiu.net\/wordpress\/wp-json\/wp\/v2\/posts\/389292","targetHints":{"allow":["GET"]}}],"collection":[{"href":"https:\/\/www.radiopiu.net\/wordpress\/wp-json\/wp\/v2\/posts"}],"about":[{"href":"https:\/\/www.radiopiu.net\/wordpress\/wp-json\/wp\/v2\/types\/post"}],"author":[{"embeddable":true,"href":"https:\/\/www.radiopiu.net\/wordpress\/wp-json\/wp\/v2\/users\/4"}],"replies":[{"embeddable":true,"href":"https:\/\/www.radiopiu.net\/wordpress\/wp-json\/wp\/v2\/comments?post=389292"}],"version-history":[{"count":0,"href":"https:\/\/www.radiopiu.net\/wordpress\/wp-json\/wp\/v2\/posts\/389292\/revisions"}],"wp:featuredmedia":[{"embeddable":true,"href":"https:\/\/www.radiopiu.net\/wordpress\/wp-json\/wp\/v2\/media\/389291"}],"wp:attachment":[{"href":"https:\/\/www.radiopiu.net\/wordpress\/wp-json\/wp\/v2\/media?parent=389292"}],"wp:term":[{"taxonomy":"category","embeddable":true,"href":"https:\/\/www.radiopiu.net\/wordpress\/wp-json\/wp\/v2\/categories?post=389292"},{"taxonomy":"post_tag","embeddable":true,"href":"https:\/\/www.radiopiu.net\/wordpress\/wp-json\/wp\/v2\/tags?post=389292"}],"curies":[{"name":"wp","href":"https:\/\/api.w.org\/{rel}","templated":true}]}}