{"id":389299,"date":"2024-05-10T05:28:03","date_gmt":"2024-05-10T03:28:03","guid":{"rendered":"https:\/\/www.radiopiu.net\/wordpress\/?p=389299"},"modified":"2024-05-10T05:31:50","modified_gmt":"2024-05-10T03:31:50","slug":"si-scontra-con-un-furgone-bellunese-morto-ciclista-17enne-a-civezzano","status":"publish","type":"post","link":"https:\/\/www.radiopiu.net\/wordpress\/si-scontra-con-un-furgone-bellunese-morto-ciclista-17enne-a-civezzano\/","title":{"rendered":"Si scontra con un furgone bellunese, morto ciclista 17enne a Civezzano"},"content":{"rendered":"<p>**<\/p>\n<h1 class=\"post-single-title\"><\/h1>\n<p><strong> <a class=\"dt-pswp-item\" href=\"https:\/\/www.radiopiu.net\/wordpress\/wp-content\/uploads\/2024\/05\/Senza-nome-21.png\" data-dt-img-description=\"\" data-large_image_width=\"588\" data-large_image_height=\"308\"><img loading=\"lazy\" decoding=\"async\" class=\"size-medium wp-image-389297 alignleft\" src=\"https:\/\/www.radiopiu.net\/wordpress\/wp-content\/uploads\/2024\/05\/Senza-nome-21-300x157.png\" alt=\"\" width=\"300\" height=\"157\" srcset=\"https:\/\/www.radiopiu.net\/wordpress\/wp-content\/uploads\/2024\/05\/Senza-nome-21-300x157.png 300w, https:\/\/www.radiopiu.net\/wordpress\/wp-content\/uploads\/2024\/05\/Senza-nome-21.png 588w\" sizes=\"auto, (max-width: 300px) 100vw, 300px\" \/><\/a>TRENTO<\/strong> Un ragazzo di 17 anni ha perso la vita in un incidente stradale sulla Sp83, nel comune di Civezzano, in localit\u00e0 Sille. Secondo le prime informazioni, il giovane era in sella alla sua bicicletta quando si \u00e8 scontrato con un furgone condotto da un 57enne bellunese.<\/p>\n<p>\u00c8 Matteo Lorenzi, atleta della categoria juniores della societ\u00e0 Montecorona, associazione della Val di Cembra, il 17enne vittima dell&#8217;incidente avvenuto a Civezzano verso le 15.30 di ieri. \u00a0 \u00a0 Il giovane, con la sua bicicletta, si \u00e8 scontrato con un furgone. Secondo le prime informazioni il furgone, che veniva dalla zona industriale e che\u00a0 non avrebbe rispettato la precedenza<\/p>\n<hr \/>\n<p>&nbsp;<\/p>\n","protected":false},"excerpt":{"rendered":"<p>** TRENTO Un ragazzo di 17 anni ha perso la vita in un incidente stradale sulla Sp83, nel comune di Civezzano, in localit\u00e0 Sille. Secondo le prime informazioni, il giovane era in sella alla sua bicicletta quando si \u00e8 scontrato con un furgone condotto da un 57enne bellunese. \u00c8 Matteo Lorenzi, atleta della categoria juniores&hellip;<\/p>\n","protected":false},"author":4,"featured_media":389298,"comment_status":"closed","ping_status":"closed","sticky":false,"template":"","format":"standard","meta":{"_monsterinsights_skip_tracking":false,"_monsterinsights_sitenote_active":false,"_monsterinsights_sitenote_note":"","_monsterinsights_sitenote_category":0,"footnotes":""},"categories":[51,49],"tags":[],"class_list":["post-389299","post","type-post","status-publish","format-standard","has-post-thumbnail","hentry","category-evidenza-top","category-news-18","category-51","category-49","description-off"],"img_url":"https:\/\/www.radiopiu.net\/wordpress\/wp-content\/uploads\/2024\/05\/Senza-nome-22.png","_links":{"self":[{"href":"https:\/\/www.radiopiu.net\/wordpress\/wp-json\/wp\/v2\/posts\/389299","targetHints":{"allow":["GET"]}}],"collection":[{"href":"https:\/\/www.radiopiu.net\/wordpress\/wp-json\/wp\/v2\/posts"}],"about":[{"href":"https:\/\/www.radiopiu.net\/wordpress\/wp-json\/wp\/v2\/types\/post"}],"author":[{"embeddable":true,"href":"https:\/\/www.radiopiu.net\/wordpress\/wp-json\/wp\/v2\/users\/4"}],"replies":[{"embeddable":true,"href":"https:\/\/www.radiopiu.net\/wordpress\/wp-json\/wp\/v2\/comments?post=389299"}],"version-history":[{"count":0,"href":"https:\/\/www.radiopiu.net\/wordpress\/wp-json\/wp\/v2\/posts\/389299\/revisions"}],"wp:featuredmedia":[{"embeddable":true,"href":"https:\/\/www.radiopiu.net\/wordpress\/wp-json\/wp\/v2\/media\/389298"}],"wp:attachment":[{"href":"https:\/\/www.radiopiu.net\/wordpress\/wp-json\/wp\/v2\/media?parent=389299"}],"wp:term":[{"taxonomy":"category","embeddable":true,"href":"https:\/\/www.radiopiu.net\/wordpress\/wp-json\/wp\/v2\/categories?post=389299"},{"taxonomy":"post_tag","embeddable":true,"href":"https:\/\/www.radiopiu.net\/wordpress\/wp-json\/wp\/v2\/tags?post=389299"}],"curies":[{"name":"wp","href":"https:\/\/api.w.org\/{rel}","templated":true}]}}