{"id":389348,"date":"2024-05-10T09:55:14","date_gmt":"2024-05-10T07:55:14","guid":{"rendered":"https:\/\/www.radiopiu.net\/wordpress\/?p=389348"},"modified":"2024-05-10T09:55:14","modified_gmt":"2024-05-10T07:55:14","slug":"modifiche-alla-raccolta-rifiuti-a-falcade","status":"publish","type":"post","link":"https:\/\/www.radiopiu.net\/wordpress\/modifiche-alla-raccolta-rifiuti-a-falcade\/","title":{"rendered":"MODIFICHE ALLA RACCOLTA RIFIUTI A FALCADE"},"content":{"rendered":"<p>*****<\/p>\n<p>&nbsp;<\/p>\n<p><strong>FALCADE<\/strong> Si informano i cittadini che da luned\u00ec 13 maggio a venerd\u00ec 14 giugno verr\u00e0 modificato il servizio di raccolta dei rifiuti. A seguito della chiusura temporanea al traffico veicolare come da ordinanza comunale, le utenze situate in via Trento dal civico 55 &#8211; loc. Al Morel fino all\u2019intersezione con Via Salpian dovranno conferire i rifiuti presso due Ecopunti, allestiti a monte e a valle del cantiere. In accordo con il comune di Falcade, per il periodo di chiusura della strada, vetro, plastica e lattine, carta e umido (solo per le utenze senza compostaggio) saranno raccolti attraverso appositi contenitori ad uso esclusivo delle utenze poste all&#8217;interno del cantiere. Per il secco non riciclabile, invece, ogni utenza dovr\u00e0\u00a0esporre il proprio bidone\u00a0presso gli Ecopunti individuati.<\/p>\n<p><strong>I PUNTI INDIVIDUATI<\/strong><\/p>\n\n\t\t\t<style type='text\/css'>\n\t\t\t\t#gallery-1 {\n\t\t\t\t\tmargin: auto;\n\t\t\t\t}\n\t\t\t\t#gallery-1 .gallery-item {\n\t\t\t\t\tfloat: left;\n\t\t\t\t\tmargin-top: 10px;\n\t\t\t\t\ttext-align: center;\n\t\t\t\t\twidth: 50%;\n\t\t\t\t}\n\t\t\t\t#gallery-1 img {\n\t\t\t\t\tborder: 2px solid #cfcfcf;\n\t\t\t\t}\n\t\t\t\t#gallery-1 .gallery-caption {\n\t\t\t\t\tmargin-left: 0;\n\t\t\t\t}\n\t\t\t\t\/* see gallery_shortcode() in wp-includes\/media.php *\/\n\t\t\t<\/style>\n\t\t<div id='gallery-1' class='dt-gallery-container gallery galleryid-389348 gallery-columns-2 gallery-size-medium'><dl class='gallery-item'>\n\t\t\t\t<dt class='gallery-icon landscape'>\n\t\t\t\t\t<a class=\"rollover rollover-zoom dt-pswp-item\" title=\"foto1\" data-dt-img-description=\"\" data-large_image_width=\"635\" data-large_image_height=\"360\"href='https:\/\/www.radiopiu.net\/wordpress\/wp-content\/uploads\/2024\/05\/foto1.jpg'><img loading=\"lazy\" decoding=\"async\" width=\"300\" height=\"170\" src=\"https:\/\/www.radiopiu.net\/wordpress\/wp-content\/uploads\/2024\/05\/foto1-300x170.jpg\" class=\"attachment-medium size-medium\" alt=\"\" aria-describedby=\"gallery-1-389349\" srcset=\"https:\/\/www.radiopiu.net\/wordpress\/wp-content\/uploads\/2024\/05\/foto1-300x170.jpg 300w, https:\/\/www.radiopiu.net\/wordpress\/wp-content\/uploads\/2024\/05\/foto1.jpg 635w\" sizes=\"auto, (max-width: 300px) 100vw, 300px\" \/><\/a>\n\t\t\t\t<\/dt>\n\t\t\t\t\t<dd class='wp-caption-text gallery-caption' id='gallery-1-389349'>\n\t\t\t\t\tloc. Al Morel &#8211; incrocio con Via De Biasio\n\t\t\t\t\t<\/dd><\/dl><dl class='gallery-item'>\n\t\t\t\t<dt class='gallery-icon landscape'>\n\t\t\t\t\t<a class=\"rollover rollover-zoom dt-pswp-item\" title=\"foto2\" data-dt-img-description=\"\" data-large_image_width=\"613\" data-large_image_height=\"356\"href='https:\/\/www.radiopiu.net\/wordpress\/wp-content\/uploads\/2024\/05\/foto2.jpg'><img loading=\"lazy\" decoding=\"async\" width=\"300\" height=\"174\" src=\"https:\/\/www.radiopiu.net\/wordpress\/wp-content\/uploads\/2024\/05\/foto2-300x174.jpg\" class=\"attachment-medium size-medium\" alt=\"\" aria-describedby=\"gallery-1-389350\" srcset=\"https:\/\/www.radiopiu.net\/wordpress\/wp-content\/uploads\/2024\/05\/foto2-300x174.jpg 300w, https:\/\/www.radiopiu.net\/wordpress\/wp-content\/uploads\/2024\/05\/foto2.jpg 613w\" sizes=\"auto, (max-width: 300px) 100vw, 300px\" \/><\/a>\n\t\t\t\t<\/dt>\n\t\t\t\t\t<dd class='wp-caption-text gallery-caption' id='gallery-1-389350'>\n\t\t\t\t\tincrocio con Via De San Doane\n\t\t\t\t\t<\/dd><\/dl><br style=\"clear: both\" \/>\n\t\t\t<\/div>\n\n<p>Le utenze interessate dai lavori situate vicino agli Ecopunti potranno usare i consueti contenitori in dotazione, esponendoli fuori dall\u2019area di cantiere. Ci scusiamo per i possibili disagi, non dipendenti dalla nostra volont\u00e0. Per qualsiasi chiarimento o maggiori informazioni, le utenze interessate possono contattarci chiamando il numero verde 800.947.673 oppure scrivendo a\u00a0<a href=\"mailto:info@valpeambiente.it\">info@valpeambiente.it<\/a><\/p>\n<p>&nbsp;<\/p>\n<p>&nbsp;<\/p>\n<p>*********<\/p>\n<p>&nbsp;<\/p>\n","protected":false},"excerpt":{"rendered":"<p>***** &nbsp; FALCADE Si informano i cittadini che da luned\u00ec 13 maggio a venerd\u00ec 14 giugno verr\u00e0 modificato il servizio di raccolta dei rifiuti. A seguito della chiusura temporanea al traffico veicolare come da ordinanza comunale, le utenze situate in via Trento dal civico 55 &#8211; loc. Al Morel fino all\u2019intersezione con Via Salpian dovranno&hellip;<\/p>\n","protected":false},"author":4,"featured_media":236977,"comment_status":"closed","ping_status":"closed","sticky":false,"template":"","format":"standard","meta":{"_monsterinsights_skip_tracking":false,"_monsterinsights_sitenote_active":false,"_monsterinsights_sitenote_note":"","_monsterinsights_sitenote_category":0,"footnotes":""},"categories":[49],"tags":[],"class_list":["post-389348","post","type-post","status-publish","format-standard","has-post-thumbnail","hentry","category-news-18","category-49","description-off"],"img_url":"https:\/\/www.radiopiu.net\/wordpress\/wp-content\/uploads\/2021\/10\/VALPE.png","_links":{"self":[{"href":"https:\/\/www.radiopiu.net\/wordpress\/wp-json\/wp\/v2\/posts\/389348","targetHints":{"allow":["GET"]}}],"collection":[{"href":"https:\/\/www.radiopiu.net\/wordpress\/wp-json\/wp\/v2\/posts"}],"about":[{"href":"https:\/\/www.radiopiu.net\/wordpress\/wp-json\/wp\/v2\/types\/post"}],"author":[{"embeddable":true,"href":"https:\/\/www.radiopiu.net\/wordpress\/wp-json\/wp\/v2\/users\/4"}],"replies":[{"embeddable":true,"href":"https:\/\/www.radiopiu.net\/wordpress\/wp-json\/wp\/v2\/comments?post=389348"}],"version-history":[{"count":0,"href":"https:\/\/www.radiopiu.net\/wordpress\/wp-json\/wp\/v2\/posts\/389348\/revisions"}],"wp:featuredmedia":[{"embeddable":true,"href":"https:\/\/www.radiopiu.net\/wordpress\/wp-json\/wp\/v2\/media\/236977"}],"wp:attachment":[{"href":"https:\/\/www.radiopiu.net\/wordpress\/wp-json\/wp\/v2\/media?parent=389348"}],"wp:term":[{"taxonomy":"category","embeddable":true,"href":"https:\/\/www.radiopiu.net\/wordpress\/wp-json\/wp\/v2\/categories?post=389348"},{"taxonomy":"post_tag","embeddable":true,"href":"https:\/\/www.radiopiu.net\/wordpress\/wp-json\/wp\/v2\/tags?post=389348"}],"curies":[{"name":"wp","href":"https:\/\/api.w.org\/{rel}","templated":true}]}}