{"id":389374,"date":"2024-05-10T10:45:38","date_gmt":"2024-05-10T08:45:38","guid":{"rendered":"https:\/\/www.radiopiu.net\/wordpress\/?p=389374"},"modified":"2024-05-10T10:45:38","modified_gmt":"2024-05-10T08:45:38","slug":"una-macchia-solare-che-sta-facendo-discutere","status":"publish","type":"post","link":"https:\/\/www.radiopiu.net\/wordpress\/una-macchia-solare-che-sta-facendo-discutere\/","title":{"rendered":"UNA MACCHIA SOLARE CHE STA FACENDO DISCUTERE"},"content":{"rendered":"<p>******<\/p>\n<p>&nbsp;<\/p>\n<p><strong><a class=\"dt-pswp-item\" href=\"https:\/\/www.radiopiu.net\/wordpress\/wp-content\/uploads\/2024\/05\/31e9e422-09ad-4f7d-8e5e-8421bc075868.jpg\" data-dt-img-description=\"\" data-large_image_width=\"1280\" data-large_image_height=\"960\"><img loading=\"lazy\" decoding=\"async\" class=\" wp-image-389375 alignleft\" src=\"https:\/\/www.radiopiu.net\/wordpress\/wp-content\/uploads\/2024\/05\/31e9e422-09ad-4f7d-8e5e-8421bc075868-300x225.jpg\" alt=\"\" width=\"199\" height=\"149\" srcset=\"https:\/\/www.radiopiu.net\/wordpress\/wp-content\/uploads\/2024\/05\/31e9e422-09ad-4f7d-8e5e-8421bc075868-300x225.jpg 300w, https:\/\/www.radiopiu.net\/wordpress\/wp-content\/uploads\/2024\/05\/31e9e422-09ad-4f7d-8e5e-8421bc075868-1024x768.jpg 1024w, https:\/\/www.radiopiu.net\/wordpress\/wp-content\/uploads\/2024\/05\/31e9e422-09ad-4f7d-8e5e-8421bc075868-768x576.jpg 768w, https:\/\/www.radiopiu.net\/wordpress\/wp-content\/uploads\/2024\/05\/31e9e422-09ad-4f7d-8e5e-8421bc075868.jpg 1280w\" sizes=\"auto, (max-width: 199px) 100vw, 199px\" \/><\/a>DI CLAUDIO PRA<\/strong><\/p>\n<p>In questi giorni sul Sole si \u00e8 formata una enorme macchia solare, ovvero una regione a forte attivit\u00e0 magnetica dove la temperatura \u00e8 minore rispetto alle zone circostanti. Proprio per questo appare per contrasto pi\u00f9 scura, pur avendo una temperatura di oltre 3700 gradi. Da queste macchie si possono sprigionare espulsioni di materia solare che se, dirette verso la Terra, interagiscono con il campo magnetico terrestre provocando aurore boreali. Se particolarmente intense possono anche creare interferenze nelle reti elettriche e di comunicazione e possibili danni ai dispositivi elettronici sensibili. Ho ripreso il fenomeno stamattina (10\/5) accoppiando una fotocamera reflex a un telescopio, utilizzando ovviamente un filtro solare.<\/p>\n<p>&nbsp;<\/p>\n<p>&nbsp;<\/p>\n<p>*******<\/p>\n","protected":false},"excerpt":{"rendered":"<p>****** &nbsp; DI CLAUDIO PRA In questi giorni sul Sole si \u00e8 formata una enorme macchia solare, ovvero una regione a forte attivit\u00e0 magnetica dove la temperatura \u00e8 minore rispetto alle zone circostanti. Proprio per questo appare per contrasto pi\u00f9 scura, pur avendo una temperatura di oltre 3700 gradi. Da queste macchie si possono sprigionare&hellip;<\/p>\n","protected":false},"author":4,"featured_media":389375,"comment_status":"closed","ping_status":"closed","sticky":false,"template":"","format":"standard","meta":{"_monsterinsights_skip_tracking":false,"_monsterinsights_sitenote_active":false,"_monsterinsights_sitenote_note":"","_monsterinsights_sitenote_category":0,"footnotes":""},"categories":[49],"tags":[],"class_list":["post-389374","post","type-post","status-publish","format-standard","has-post-thumbnail","hentry","category-news-18","category-49","description-off"],"img_url":"https:\/\/www.radiopiu.net\/wordpress\/wp-content\/uploads\/2024\/05\/31e9e422-09ad-4f7d-8e5e-8421bc075868.jpg","_links":{"self":[{"href":"https:\/\/www.radiopiu.net\/wordpress\/wp-json\/wp\/v2\/posts\/389374","targetHints":{"allow":["GET"]}}],"collection":[{"href":"https:\/\/www.radiopiu.net\/wordpress\/wp-json\/wp\/v2\/posts"}],"about":[{"href":"https:\/\/www.radiopiu.net\/wordpress\/wp-json\/wp\/v2\/types\/post"}],"author":[{"embeddable":true,"href":"https:\/\/www.radiopiu.net\/wordpress\/wp-json\/wp\/v2\/users\/4"}],"replies":[{"embeddable":true,"href":"https:\/\/www.radiopiu.net\/wordpress\/wp-json\/wp\/v2\/comments?post=389374"}],"version-history":[{"count":0,"href":"https:\/\/www.radiopiu.net\/wordpress\/wp-json\/wp\/v2\/posts\/389374\/revisions"}],"wp:featuredmedia":[{"embeddable":true,"href":"https:\/\/www.radiopiu.net\/wordpress\/wp-json\/wp\/v2\/media\/389375"}],"wp:attachment":[{"href":"https:\/\/www.radiopiu.net\/wordpress\/wp-json\/wp\/v2\/media?parent=389374"}],"wp:term":[{"taxonomy":"category","embeddable":true,"href":"https:\/\/www.radiopiu.net\/wordpress\/wp-json\/wp\/v2\/categories?post=389374"},{"taxonomy":"post_tag","embeddable":true,"href":"https:\/\/www.radiopiu.net\/wordpress\/wp-json\/wp\/v2\/tags?post=389374"}],"curies":[{"name":"wp","href":"https:\/\/api.w.org\/{rel}","templated":true}]}}