{"id":389495,"date":"2024-05-11T04:41:08","date_gmt":"2024-05-11T02:41:08","guid":{"rendered":"https:\/\/www.radiopiu.net\/wordpress\/?p=389495"},"modified":"2024-05-11T07:52:06","modified_gmt":"2024-05-11T05:52:06","slug":"spettacolo-celeste-unincredibile-aurora-boreale","status":"publish","type":"post","link":"https:\/\/www.radiopiu.net\/wordpress\/spettacolo-celeste-unincredibile-aurora-boreale\/","title":{"rendered":"Spettacolo Celeste: Un&#8217;Incredibile Aurora Boreale FOTO DAL PASSO DOLOMITICO"},"content":{"rendered":"<p>**<\/p>\n<blockquote><p><em><strong>La magia delle luci del nord arriva anche da noi, grazie a una tempesta solare eccezionale<\/strong><\/em><\/p><\/blockquote>\n<p><strong>di CLAUDIO PRA<\/strong><\/p>\n<p>Un&#8217; incredibile aurora boreale \u00e9 arrivata anche da noi tra la serata di venerd\u00ec e la nottata di sabato. La grande macchia solare di cui avevo mandato la foto proprio ieri a Radio Pi\u00f9 \u00e8 la responsabile avendo scagliato verso la Terra una tempesta di particelle che, interagendo con il campo magnetico terrestre, ha dato vita a un&#8217;incredibile spettacolo che solitamente si ammira a latitudini molto elevate. Invece la potenza dell&#8217; evento ha reso possibile che lo spettacolo si sia esteso a zone solitamente escluse dal fenomeno. Tutto \u00e8 cominciato con un allerta su una app usata dagli appassionati che indicava un indice kp altissimo con la probabilit\u00e0 che un&#8217;aurora boreale risultasse visibile alle nostre latitudini. Cos\u00ec, mentre mi preparavo ad andare a letto, ho cambiato repentinamente programma e con mio figlio Simone siamo balzati in macchina per raggiungere Passo Giau, dove abbiamo incontrato Antonello Cibien e Anna Magro, a loro volta saliti per l&#8217;allerta. Ed in effetti il fenomeno era in corso, purtroppo disturbato dalle condizioni meteo sfavorevoli, con presenza di nebbia e nubi. Tra qualche squarcio abbiamo potuto comunque osservare e fotografare le luci colorate solcare il cielo. Un peggioramento ci ha fatto poi propendere per cercare un&#8217;altro luogo. A Passo Staulanza per\u00f2 pioveva e cos\u00ec ci siamo recati a Passo Fedaia per un ultimo disperato tentativo che ci ha premiato. \u00c8 stato emozionante poter assistere ad uno spettacolo da mozzare il fiato con il cielo stellato colorato di rosso e rosa solcato da righe festoni che si creavano e scomparivano. Condivido alcune foto scattate insieme a Simone a testimonianza di qualcosa che avevamo solo sognato di poter vedere nella nostra vita e che non dimenticheremo mai.<\/p>\n\n\t\t\t<style type='text\/css'>\n\t\t\t\t#gallery-1 {\n\t\t\t\t\tmargin: auto;\n\t\t\t\t}\n\t\t\t\t#gallery-1 .gallery-item {\n\t\t\t\t\tfloat: left;\n\t\t\t\t\tmargin-top: 10px;\n\t\t\t\t\ttext-align: center;\n\t\t\t\t\twidth: 33%;\n\t\t\t\t}\n\t\t\t\t#gallery-1 img {\n\t\t\t\t\tborder: 2px solid #cfcfcf;\n\t\t\t\t}\n\t\t\t\t#gallery-1 .gallery-caption {\n\t\t\t\t\tmargin-left: 0;\n\t\t\t\t}\n\t\t\t\t\/* see gallery_shortcode() in wp-includes\/media.php *\/\n\t\t\t<\/style>\n\t\t<div id='gallery-1' class='dt-gallery-container gallery galleryid-389495 gallery-columns-3 gallery-size-large'><dl class='gallery-item'>\n\t\t\t\t<dt class='gallery-icon landscape'>\n\t\t\t\t\t<a class=\"rollover rollover-zoom dt-pswp-item\" title=\"c5f7f7d2-1771-4a3f-a12f-573284cf2e24\" data-dt-img-description=\"\" data-large_image_width=\"1560\" data-large_image_height=\"876\"href='https:\/\/www.radiopiu.net\/wordpress\/wp-content\/uploads\/2024\/05\/c5f7f7d2-1771-4a3f-a12f-573284cf2e24.jpg'><img loading=\"lazy\" decoding=\"async\" width=\"1024\" height=\"575\" src=\"https:\/\/www.radiopiu.net\/wordpress\/wp-content\/uploads\/2024\/05\/c5f7f7d2-1771-4a3f-a12f-573284cf2e24-1024x575.jpg\" class=\"attachment-large size-large\" alt=\"\" srcset=\"https:\/\/www.radiopiu.net\/wordpress\/wp-content\/uploads\/2024\/05\/c5f7f7d2-1771-4a3f-a12f-573284cf2e24-1024x575.jpg 1024w, https:\/\/www.radiopiu.net\/wordpress\/wp-content\/uploads\/2024\/05\/c5f7f7d2-1771-4a3f-a12f-573284cf2e24-300x168.jpg 300w, https:\/\/www.radiopiu.net\/wordpress\/wp-content\/uploads\/2024\/05\/c5f7f7d2-1771-4a3f-a12f-573284cf2e24-768x431.jpg 768w, https:\/\/www.radiopiu.net\/wordpress\/wp-content\/uploads\/2024\/05\/c5f7f7d2-1771-4a3f-a12f-573284cf2e24-1536x863.jpg 1536w, https:\/\/www.radiopiu.net\/wordpress\/wp-content\/uploads\/2024\/05\/c5f7f7d2-1771-4a3f-a12f-573284cf2e24.jpg 1560w\" sizes=\"auto, (max-width: 1024px) 100vw, 1024px\" \/><\/a>\n\t\t\t\t<\/dt><\/dl><dl class='gallery-item'>\n\t\t\t\t<dt class='gallery-icon landscape'>\n\t\t\t\t\t<a class=\"rollover rollover-zoom dt-pswp-item\" title=\"97f1dc6b-8a2a-4795-a965-2dd244d56731\" data-dt-img-description=\"\" data-large_image_width=\"1560\" data-large_image_height=\"876\"href='https:\/\/www.radiopiu.net\/wordpress\/wp-content\/uploads\/2024\/05\/97f1dc6b-8a2a-4795-a965-2dd244d56731.jpg'><img loading=\"lazy\" decoding=\"async\" width=\"1024\" height=\"575\" src=\"https:\/\/www.radiopiu.net\/wordpress\/wp-content\/uploads\/2024\/05\/97f1dc6b-8a2a-4795-a965-2dd244d56731-1024x575.jpg\" class=\"attachment-large size-large\" alt=\"\" srcset=\"https:\/\/www.radiopiu.net\/wordpress\/wp-content\/uploads\/2024\/05\/97f1dc6b-8a2a-4795-a965-2dd244d56731-1024x575.jpg 1024w, https:\/\/www.radiopiu.net\/wordpress\/wp-content\/uploads\/2024\/05\/97f1dc6b-8a2a-4795-a965-2dd244d56731-300x168.jpg 300w, https:\/\/www.radiopiu.net\/wordpress\/wp-content\/uploads\/2024\/05\/97f1dc6b-8a2a-4795-a965-2dd244d56731-768x431.jpg 768w, https:\/\/www.radiopiu.net\/wordpress\/wp-content\/uploads\/2024\/05\/97f1dc6b-8a2a-4795-a965-2dd244d56731-1536x863.jpg 1536w, https:\/\/www.radiopiu.net\/wordpress\/wp-content\/uploads\/2024\/05\/97f1dc6b-8a2a-4795-a965-2dd244d56731.jpg 1560w\" sizes=\"auto, (max-width: 1024px) 100vw, 1024px\" \/><\/a>\n\t\t\t\t<\/dt><\/dl><dl class='gallery-item'>\n\t\t\t\t<dt class='gallery-icon landscape'>\n\t\t\t\t\t<a class=\"rollover rollover-zoom dt-pswp-item\" title=\"8637526f-bb30-4c9e-9ff5-92f9a2100361\" data-dt-img-description=\"\" data-large_image_width=\"1560\" data-large_image_height=\"876\"href='https:\/\/www.radiopiu.net\/wordpress\/wp-content\/uploads\/2024\/05\/8637526f-bb30-4c9e-9ff5-92f9a2100361.jpg'><img loading=\"lazy\" decoding=\"async\" width=\"1024\" height=\"575\" src=\"https:\/\/www.radiopiu.net\/wordpress\/wp-content\/uploads\/2024\/05\/8637526f-bb30-4c9e-9ff5-92f9a2100361-1024x575.jpg\" class=\"attachment-large size-large\" alt=\"\" srcset=\"https:\/\/www.radiopiu.net\/wordpress\/wp-content\/uploads\/2024\/05\/8637526f-bb30-4c9e-9ff5-92f9a2100361-1024x575.jpg 1024w, https:\/\/www.radiopiu.net\/wordpress\/wp-content\/uploads\/2024\/05\/8637526f-bb30-4c9e-9ff5-92f9a2100361-300x168.jpg 300w, https:\/\/www.radiopiu.net\/wordpress\/wp-content\/uploads\/2024\/05\/8637526f-bb30-4c9e-9ff5-92f9a2100361-768x431.jpg 768w, https:\/\/www.radiopiu.net\/wordpress\/wp-content\/uploads\/2024\/05\/8637526f-bb30-4c9e-9ff5-92f9a2100361-1536x863.jpg 1536w, https:\/\/www.radiopiu.net\/wordpress\/wp-content\/uploads\/2024\/05\/8637526f-bb30-4c9e-9ff5-92f9a2100361.jpg 1560w\" sizes=\"auto, (max-width: 1024px) 100vw, 1024px\" \/><\/a>\n\t\t\t\t<\/dt><\/dl><br style=\"clear: both\" \/>\n\t\t\t<\/div>\n\n<p>&nbsp;<\/p>\n<p>&nbsp;<\/p>\n<h1>IERI ALLA RADIO<\/h1>\n<blockquote>\n<h3>UNA MACCHIA SOLARE CHE STA FACENDO DISCUTERE<\/h3>\n<\/blockquote>\n<p>&nbsp;<\/p>\n<p><strong><a class=\"dt-pswp-item\" href=\"https:\/\/www.radiopiu.net\/wordpress\/wp-content\/uploads\/2024\/05\/31e9e422-09ad-4f7d-8e5e-8421bc075868.jpg\" data-dt-img-description=\"\" data-large_image_width=\"1280\" data-large_image_height=\"960\"><img loading=\"lazy\" decoding=\"async\" class=\" wp-image-389375 alignleft\" src=\"https:\/\/www.radiopiu.net\/wordpress\/wp-content\/uploads\/2024\/05\/31e9e422-09ad-4f7d-8e5e-8421bc075868-300x225.jpg\" alt=\"\" width=\"199\" height=\"149\" srcset=\"https:\/\/www.radiopiu.net\/wordpress\/wp-content\/uploads\/2024\/05\/31e9e422-09ad-4f7d-8e5e-8421bc075868-300x225.jpg 300w, https:\/\/www.radiopiu.net\/wordpress\/wp-content\/uploads\/2024\/05\/31e9e422-09ad-4f7d-8e5e-8421bc075868-1024x768.jpg 1024w, https:\/\/www.radiopiu.net\/wordpress\/wp-content\/uploads\/2024\/05\/31e9e422-09ad-4f7d-8e5e-8421bc075868-768x576.jpg 768w, https:\/\/www.radiopiu.net\/wordpress\/wp-content\/uploads\/2024\/05\/31e9e422-09ad-4f7d-8e5e-8421bc075868.jpg 1280w\" sizes=\"auto, (max-width: 199px) 100vw, 199px\" \/><\/a>DI CLAUDIO PRA<\/strong><\/p>\n<p>In questi giorni sul Sole si \u00e8 formata una enorme macchia solare, ovvero una regione a forte attivit\u00e0 magnetica dove la temperatura \u00e8 minore rispetto alle zone circostanti. Proprio per questo appare per contrasto pi\u00f9 scura, pur avendo una temperatura di oltre 3700 gradi. Da queste macchie si possono sprigionare espulsioni di materia solare che se, dirette verso la Terra, interagiscono con il campo magnetico terrestre provocando aurore boreali. Se particolarmente intense possono anche creare interferenze nelle reti elettriche e di comunicazione e possibili danni ai dispositivi elettronici sensibili. Ho ripreso il fenomeno stamattina (10\/5) accoppiando una fotocamera reflex a un telescopio, utilizzando ovviamente un filtro solare.<\/p>\n<p>&nbsp;<\/p>\n<p>&nbsp;<\/p>\n<p>&nbsp;<\/p>\n<p>&nbsp;<\/p>\n<p>&nbsp;<\/p>\n<hr \/>\n<p>&nbsp;<\/p>\n","protected":false},"excerpt":{"rendered":"<p>** La magia delle luci del nord arriva anche da noi, grazie a una tempesta solare eccezionale di CLAUDIO PRA Un&#8217; incredibile aurora boreale \u00e9 arrivata anche da noi tra la serata di venerd\u00ec e la nottata di sabato. La grande macchia solare di cui avevo mandato la foto proprio ieri a Radio Pi\u00f9 \u00e8&hellip;<\/p>\n","protected":false},"author":4,"featured_media":389507,"comment_status":"closed","ping_status":"closed","sticky":false,"template":"","format":"standard","meta":{"_monsterinsights_skip_tracking":false,"_monsterinsights_sitenote_active":false,"_monsterinsights_sitenote_note":"","_monsterinsights_sitenote_category":0,"footnotes":""},"categories":[104,49],"tags":[],"class_list":["post-389495","post","type-post","status-publish","format-standard","has-post-thumbnail","hentry","category-evidenza_3","category-news-18","category-104","category-49","description-off"],"img_url":"https:\/\/www.radiopiu.net\/wordpress\/wp-content\/uploads\/2024\/05\/97f1dc6b-8a2a-4795-a965-2dd244d56731.jpg","_links":{"self":[{"href":"https:\/\/www.radiopiu.net\/wordpress\/wp-json\/wp\/v2\/posts\/389495","targetHints":{"allow":["GET"]}}],"collection":[{"href":"https:\/\/www.radiopiu.net\/wordpress\/wp-json\/wp\/v2\/posts"}],"about":[{"href":"https:\/\/www.radiopiu.net\/wordpress\/wp-json\/wp\/v2\/types\/post"}],"author":[{"embeddable":true,"href":"https:\/\/www.radiopiu.net\/wordpress\/wp-json\/wp\/v2\/users\/4"}],"replies":[{"embeddable":true,"href":"https:\/\/www.radiopiu.net\/wordpress\/wp-json\/wp\/v2\/comments?post=389495"}],"version-history":[{"count":0,"href":"https:\/\/www.radiopiu.net\/wordpress\/wp-json\/wp\/v2\/posts\/389495\/revisions"}],"wp:featuredmedia":[{"embeddable":true,"href":"https:\/\/www.radiopiu.net\/wordpress\/wp-json\/wp\/v2\/media\/389507"}],"wp:attachment":[{"href":"https:\/\/www.radiopiu.net\/wordpress\/wp-json\/wp\/v2\/media?parent=389495"}],"wp:term":[{"taxonomy":"category","embeddable":true,"href":"https:\/\/www.radiopiu.net\/wordpress\/wp-json\/wp\/v2\/categories?post=389495"},{"taxonomy":"post_tag","embeddable":true,"href":"https:\/\/www.radiopiu.net\/wordpress\/wp-json\/wp\/v2\/tags?post=389495"}],"curies":[{"name":"wp","href":"https:\/\/api.w.org\/{rel}","templated":true}]}}