{"id":389504,"date":"2024-05-13T05:43:06","date_gmt":"2024-05-13T03:43:06","guid":{"rendered":"https:\/\/www.radiopiu.net\/wordpress\/?p=389504"},"modified":"2024-05-13T08:44:06","modified_gmt":"2024-05-13T06:44:06","slug":"giornale-radiopiu-13-maggio-2024-direttore-mirko-mezzacasada-40-anni-25-giugno-1983-25-giugno-2023","status":"publish","type":"post","link":"https:\/\/www.radiopiu.net\/wordpress\/giornale-radiopiu-13-maggio-2024-direttore-mirko-mezzacasada-40-anni-25-giugno-1983-25-giugno-2023\/","title":{"rendered":"GIORNALE RADIOPIU 13 MAGGIO 2024 DIRETTORE MIRKO MEZZACASA\u2026DA 40 ANNI 25 GIUGNO 1983-25 GIUGNO 2023"},"content":{"rendered":"<p>*****<\/p>\n<p>&nbsp;<\/p>\n<h3><a href=\"https:\/\/www.radiopiu.net\/wordpress\/giornale-radiopiu-24-gennaio-2021-direttore-mirko-mezzacasa\/141433770_171616291414874_2957460898102012198_n\/\" rel=\"attachment wp-att-186566\"><img loading=\"lazy\" decoding=\"async\" class=\"wp-image-186566 alignleft\" src=\"https:\/\/www.radiopiu.net\/wordpress\/wp-content\/uploads\/2021\/01\/141433770_171616291414874_2957460898102012198_n-300x300.jpg\" alt=\"\" width=\"144\" height=\"144\" srcset=\"https:\/\/www.radiopiu.net\/wordpress\/wp-content\/uploads\/2021\/01\/141433770_171616291414874_2957460898102012198_n-300x300.jpg 300w, https:\/\/www.radiopiu.net\/wordpress\/wp-content\/uploads\/2021\/01\/141433770_171616291414874_2957460898102012198_n-150x150.jpg 150w, https:\/\/www.radiopiu.net\/wordpress\/wp-content\/uploads\/2021\/01\/141433770_171616291414874_2957460898102012198_n-768x768.jpg 768w, https:\/\/www.radiopiu.net\/wordpress\/wp-content\/uploads\/2021\/01\/141433770_171616291414874_2957460898102012198_n.jpg 800w\" sizes=\"auto, (max-width: 144px) 100vw, 144px\" \/><\/a>PER<strong> RICEVERE QUESTO NOTIZIARIO DIRETTAMENTE SUL TUO CELLULARE ISCRIVITI AL CANALE TELEGRAM <\/strong><strong>\u201cRADIO PIU\u00a0 INFORMAZIONE&#8221;\u00a0<\/strong><\/h3>\n<h3>\u00a0il CANALE TELEGRAM&#8230; UNISCITI A: RADIO PIU INFORMAZIONE<\/h3>\n<p>&nbsp;<\/p>\n<p>&nbsp;<\/p>\n<p><em><a href=\"https:\/\/www.radiopiu.net\/wordpress\/giornale-radiopiu-24-gennaio-2021-direttore-mirko-mezzacasa\/79216601_126817312416448_708980208774483089_n\/\" rel=\"attachment wp-att-186567\"><img loading=\"lazy\" decoding=\"async\" class=\"size-medium wp-image-186567 alignright\" src=\"https:\/\/www.radiopiu.net\/wordpress\/wp-content\/uploads\/2021\/01\/79216601_126817312416448_708980208774483089_n-300x114.jpg\" alt=\"\" width=\"300\" height=\"114\" srcset=\"https:\/\/www.radiopiu.net\/wordpress\/wp-content\/uploads\/2021\/01\/79216601_126817312416448_708980208774483089_n-300x114.jpg 300w, https:\/\/www.radiopiu.net\/wordpress\/wp-content\/uploads\/2021\/01\/79216601_126817312416448_708980208774483089_n-768x292.jpg 768w, https:\/\/www.radiopiu.net\/wordpress\/wp-content\/uploads\/2021\/01\/79216601_126817312416448_708980208774483089_n.jpg 820w\" sizes=\"auto, (max-width: 300px) 100vw, 300px\" \/><\/a><span style=\"color: #ff0000;\">ATTENZIONE: LA NUOVA APP PER IOS-IPHONE di Nicola Vettorello <\/span><\/em><a href=\"https:\/\/apps.apple.com\/it\/app\/radio-pi%C3%B9-emittente-agordina\/id1515939845\">https:\/\/apps.apple.com\/it\/app\/radio-pi%C3%B9-emittente-agordina\/id1515939845<\/a><\/p>\n<p><em style=\"color: #ff0000;\">ATTENZIONE: LA NUOVA APP RADIO\u00a0 PER ANDROID di Nicola Vettorello<\/em><\/p>\n<p><a href=\"https:\/\/play.google.com\/store\/apps\/details?id=net.radiopiu.iniko\" target=\"_blank\" rel=\"noopener noreferrer\">https:\/\/play.google.com\/store\/apps\/details?id=net.radiopiu.iniko\u00a0\u00a0<\/a><\/p>\n<h3 class=\"kvgmc6g5 cxmmr5t8 oygrvhab hcukyx3x c1et5uql\"><\/h3>\n<p>&nbsp;<\/p>\n<div data-block=\"true\" data-editor=\"avj4u\" data-offset-key=\"d3i0j-0-0\">\n<p>&nbsp;<\/p>\n<p><strong>PIU&#8217; CHE ALTO ADIGE A ME SEMBRA &#8230; PASSO GIAU.<\/strong><\/p>\n<p>Approfitta quest&#8217;estate del tuo AltoAdige Pass per salire sulle nostre montagne a un prezzo vantaggioso! pagina FACEBOOK DA ZERO IN GEOGRAFIA,<\/p>\n<p><span style=\"color: #0000ff;\"><strong><a style=\"color: #0000ff;\" href=\"https:\/\/www.facebook.com\/story.php?story_fbid=421557557325972&amp;id=100084151934089&amp;mibextid=xfxF2i&amp;rdid=mDUO5YHEwqUwrd87\">CLICCA QUI<\/a><\/strong><\/span><\/p>\n<p><a class=\"dt-pswp-item\" href=\"https:\/\/www.radiopiu.net\/wordpress\/wp-content\/uploads\/2024\/05\/442435058_421557463992648_7343029189653761977_n.jpg\" data-dt-img-description=\"\" data-large_image_width=\"600\" data-large_image_height=\"600\"><img loading=\"lazy\" decoding=\"async\" class=\"alignnone size-medium wp-image-389803\" src=\"https:\/\/www.radiopiu.net\/wordpress\/wp-content\/uploads\/2024\/05\/442435058_421557463992648_7343029189653761977_n-300x300.jpg\" alt=\"\" width=\"300\" height=\"300\" srcset=\"https:\/\/www.radiopiu.net\/wordpress\/wp-content\/uploads\/2024\/05\/442435058_421557463992648_7343029189653761977_n-300x300.jpg 300w, https:\/\/www.radiopiu.net\/wordpress\/wp-content\/uploads\/2024\/05\/442435058_421557463992648_7343029189653761977_n-150x150.jpg 150w, https:\/\/www.radiopiu.net\/wordpress\/wp-content\/uploads\/2024\/05\/442435058_421557463992648_7343029189653761977_n.jpg 600w\" sizes=\"auto, (max-width: 300px) 100vw, 300px\" \/><\/a><\/p>\n<\/div>\n<div data-block=\"true\" data-editor=\"avj4u\" data-offset-key=\"d3i0j-0-0\"><\/div>\n<div data-block=\"true\" data-editor=\"avj4u\" data-offset-key=\"d3i0j-0-0\">\n<hr \/>\n<p>&nbsp;<\/p>\n<\/div>\n<p><span style=\"color: #ff0000;\"><strong><a class=\"dt-pswp-item\" href=\"https:\/\/www.radiopiu.net\/wordpress\/wp-content\/uploads\/2024\/05\/439255455_846622850816196_5624430763559203810_n.jpg\" data-dt-img-description=\"\" data-large_image_width=\"526\" data-large_image_height=\"526\"><img loading=\"lazy\" decoding=\"async\" class=\"size-medium wp-image-389787 alignleft\" src=\"https:\/\/www.radiopiu.net\/wordpress\/wp-content\/uploads\/2024\/05\/439255455_846622850816196_5624430763559203810_n-300x300.jpg\" alt=\"\" width=\"300\" height=\"300\" srcset=\"https:\/\/www.radiopiu.net\/wordpress\/wp-content\/uploads\/2024\/05\/439255455_846622850816196_5624430763559203810_n-300x300.jpg 300w, https:\/\/www.radiopiu.net\/wordpress\/wp-content\/uploads\/2024\/05\/439255455_846622850816196_5624430763559203810_n-150x150.jpg 150w, https:\/\/www.radiopiu.net\/wordpress\/wp-content\/uploads\/2024\/05\/439255455_846622850816196_5624430763559203810_n.jpg 526w\" sizes=\"auto, (max-width: 300px) 100vw, 300px\" \/><\/a>OGGI ALLA RADIO<\/strong><\/span>: <strong>ALLE 7.20<\/strong> EL BAL DEL FIOR, DETTI E TRADIZIONI DI GIULIANA DA RONCH; <strong>ALLE 8.20 <\/strong>PIU&#8217; SIAMO CON MARINA DONA&#8217;<strong> 9.00 <\/strong>OGGI COME IERI, IL PROGRAMMA DEL LUNEDI DI SILVIA BALDO<strong> 9.30<\/strong> I RACCONTI DI PAOLO SOPPELSA<strong> 10.10<\/strong> CIAK SI GIRA, IL GOSSIP CON PAOLA LANCIATO<strong> 10.30 <\/strong>PERITI MINERARI NEL MONDO, CON L&#8217;APIM AGORDO<strong> 11.10 <\/strong>CINE HIT, IL LUNEDI E MERCOLEDI CON ALDO BRIGADOI <strong>11.15 <\/strong>DANIELA RINALDI, MEGLIO TARDI CHE MAI<strong> 12.00 <\/strong>LISCIO NON TI LASCIO CON MIRCO BENCIVENNI <strong>12.50<\/strong> PIROLE DE LENGA, MUSLA, <strong>13.10 <\/strong>SALUTE E SOCIETA&#8217; DOTTOR MARCO CARACCIOLO <strong>14.00 <\/strong>COLLAGE OPERAZIONE NOSTALGIA LORIS SCUSSEL<strong> ALLE 15.00 <\/strong><span style=\"color: #ff0000;\">IL NUOVO PROGRAMMA, RITRATTI SONORI CON ALESSIA DALL&#8217;O<\/span> <strong>ALLE 16.00<\/strong> IL ROCK DI MARCO COSTANTINI, <strong>16.45<\/strong> LE HIT CON MIRCO BENCIVENNI <strong>19.00<\/strong> LE ANTICIPAZIONI DAL TG DI ANTENNA 3, CON TIZIANA BOLOGNANI.<\/p>\n<p>&nbsp;<\/p>\n<blockquote><p><strong>rassegna stampa nazionale, ogni giorno alle 5 e alle 6 del mattino<\/strong><br \/>\n<em>giornali locali 7 rassegna stampa flash, 8 rassegna stampa, gr flash alle 10 e alle 11, principale 12.30. Informazione pomerggio alle 15 (speciale) 16, 17, 18. Giornale radio nazionale: ogni ora dalle 5 del mattino, alle 20 della sera.\u00a0<\/em><\/p><\/blockquote>\n<div class=\"x11i5rnm xat24cr x1mh8g0r x1vvkbs xtlvy1s x126k92a\">\n<div dir=\"auto\">\n<p>&nbsp;<\/p>\n<p>&nbsp;<\/p>\n<hr \/>\n<p>&nbsp;<\/p>\n<p>&nbsp;<\/p>\n<div class=\"x11i5rnm xat24cr x1mh8g0r x1vvkbs xtlvy1s x126k92a\">\n<div dir=\"auto\">\n<p><strong><a class=\"dt-pswp-item\" href=\"https:\/\/www.radiopiu.net\/wordpress\/wp-content\/uploads\/2024\/02\/2d44e751-d8a8-461b-8e22-d8e4e853b032.jpg\" data-dt-img-description=\"\" data-large_image_width=\"1600\" data-large_image_height=\"1200\"><img loading=\"lazy\" decoding=\"async\" class=\"wp-image-373307 alignleft\" src=\"https:\/\/www.radiopiu.net\/wordpress\/wp-content\/uploads\/2024\/02\/2d44e751-d8a8-461b-8e22-d8e4e853b032-300x225.jpg\" alt=\"\" width=\"105\" height=\"79\" srcset=\"https:\/\/www.radiopiu.net\/wordpress\/wp-content\/uploads\/2024\/02\/2d44e751-d8a8-461b-8e22-d8e4e853b032-300x225.jpg 300w, https:\/\/www.radiopiu.net\/wordpress\/wp-content\/uploads\/2024\/02\/2d44e751-d8a8-461b-8e22-d8e4e853b032-1024x768.jpg 1024w, https:\/\/www.radiopiu.net\/wordpress\/wp-content\/uploads\/2024\/02\/2d44e751-d8a8-461b-8e22-d8e4e853b032-768x576.jpg 768w, https:\/\/www.radiopiu.net\/wordpress\/wp-content\/uploads\/2024\/02\/2d44e751-d8a8-461b-8e22-d8e4e853b032-1536x1152.jpg 1536w, https:\/\/www.radiopiu.net\/wordpress\/wp-content\/uploads\/2024\/02\/2d44e751-d8a8-461b-8e22-d8e4e853b032.jpg 1600w\" sizes=\"auto, (max-width: 105px) 100vw, 105px\" \/><\/a>EL BAL DEL FIOR, DI GIULIANA DA RONCH, 13 MAGGIO 2024<\/strong><\/p>\n<\/div>\n<\/div>\n<\/div>\n<div dir=\"auto\">\n<audio class=\"wp-audio-shortcode\" id=\"audio-389504-1\" preload=\"none\" style=\"width: 100%;\" controls=\"controls\"><source type=\"audio\/mpeg\" src=\"https:\/\/www.radiopiu.net\/wordpress\/wp-content\/uploads\/2024\/05\/GLU.m4a?_=1\" \/><a href=\"https:\/\/www.radiopiu.net\/wordpress\/wp-content\/uploads\/2024\/05\/GLU.m4a\">https:\/\/www.radiopiu.net\/wordpress\/wp-content\/uploads\/2024\/05\/GLU.m4a<\/a><\/audio>\n<p>&nbsp;<\/p>\n<hr \/>\n<\/div>\n<\/div>\n<blockquote>\n<blockquote>\n<h1><span style=\"color: #ff0000;\">\u00a0<\/span><\/h1>\n<h1><span style=\"color: #ff0000;\">I podcast informativi del mattino &#8211; audio &#8211;\u00a0\u00a0<\/span><\/h1>\n<\/blockquote>\n<p><strong><a class=\"dt-pswp-item\" href=\"https:\/\/www.radiopiu.net\/wordpress\/wp-content\/uploads\/2023\/11\/th-10.jpg\" data-dt-img-description=\"\" data-large_image_width=\"320\" data-large_image_height=\"180\"><img loading=\"lazy\" decoding=\"async\" class=\"wp-image-362866 alignleft\" src=\"https:\/\/www.radiopiu.net\/wordpress\/wp-content\/uploads\/2023\/11\/th-10-300x169.jpg\" alt=\"\" width=\"185\" height=\"104\" srcset=\"https:\/\/www.radiopiu.net\/wordpress\/wp-content\/uploads\/2023\/11\/th-10-300x169.jpg 300w, https:\/\/www.radiopiu.net\/wordpress\/wp-content\/uploads\/2023\/11\/th-10.jpg 320w\" sizes=\"auto, (max-width: 185px) 100vw, 185px\" \/><\/a>LA RASSEGNA STAMPA NAZIONALE ALLA RADIO, OGNI GIORNO ALLE 5 E ALLE 6 DEL MATTINO <span style=\"color: #0000ff;\">viene pubblicata alle 6.00 <span style=\"color: #ff0000;\">DIRETTA RADIO\u00a0 \u00a0\u00a0<\/span><\/span><\/strong><\/p><\/blockquote>\n<h2><\/h2>\n<p>DI STEFANO FAMA&#8217;<\/p>\n<p><strong>Vicenza<\/strong> l&#8217;adunata. <strong>Guerra<\/strong> Ucraiana-Russia ed a Gaza.<strong> Economia<\/strong> Sugar tax estiva.\u00a0 <strong>Muore<\/strong> investito sulla Roma Pisa.\u00a0 <strong>Bergamo<\/strong> Si tuffa nell&#8217;Adda e annega. <strong>Caso Totti,<\/strong> Spinelli di nuovo in tribunale <strong>Incidente<\/strong> stradale per Renato Schifani<\/p>\n<h2>AUDIO dalle 6 del mattino<\/h2>\n<audio class=\"wp-audio-shortcode\" id=\"audio-389504-2\" preload=\"none\" style=\"width: 100%;\" controls=\"controls\"><source type=\"audio\/mpeg\" src=\"https:\/\/www.radiopiu.net\/wordpress\/wp-content\/uploads\/2024\/05\/GIORNALEDELLESEI-9.mp3?_=2\" \/><a href=\"https:\/\/www.radiopiu.net\/wordpress\/wp-content\/uploads\/2024\/05\/GIORNALEDELLESEI-9.mp3\">https:\/\/www.radiopiu.net\/wordpress\/wp-content\/uploads\/2024\/05\/GIORNALEDELLESEI-9.mp3<\/a><\/audio>\n<p>&nbsp;<\/p>\n<p>&nbsp;<\/p>\n<hr \/>\n<p>&nbsp;<\/p>\n<h1 style=\"text-align: center;\"><span style=\"color: #ff0000;\">I podcast informativi del mattino &#8211; audio &#8211;\u00a0<\/span><\/h1>\n<p><strong><a class=\"dt-pswp-item\" href=\"https:\/\/www.radiopiu.net\/wordpress\/wp-content\/uploads\/2023\/12\/images.png\" data-dt-img-description=\"\" data-large_image_width=\"316\" data-large_image_height=\"160\"><img loading=\"lazy\" decoding=\"async\" class=\"wp-image-367008 alignleft\" src=\"https:\/\/www.radiopiu.net\/wordpress\/wp-content\/uploads\/2023\/12\/images-300x152.png\" alt=\"\" width=\"235\" height=\"119\" srcset=\"https:\/\/www.radiopiu.net\/wordpress\/wp-content\/uploads\/2023\/12\/images-300x152.png 300w, https:\/\/www.radiopiu.net\/wordpress\/wp-content\/uploads\/2023\/12\/images.png 316w\" sizes=\"auto, (max-width: 235px) 100vw, 235px\" \/><\/a>OGNI GIORNO ALLE SETTE DEL MATTINO, LA RASSEGNA STAMPA LOCALE FLASH&#8230; PER CHI VA IN FRETTA. I TITOLI DAI GIORNALI E DAL SITO WWW.RADIOPIU.NET <span style=\"color: #0000ff;\">viene pubblicato alle 7.00<\/span> <span style=\"color: #ff0000;\">DIRETTA RADIO\u00a0<\/span><\/strong><\/p>\n<p><em><span style=\"color: #ff0000;\">per chi va in fretta&#8230; tante notizie in pochi minuti. L&#8217;informazione locale alla radio, ogni ora dalle 7 del mattino alle 19 della sera.\u00a0 \u00a0 \u00a0\u00a0<\/span><\/em><\/p>\n<p>a LA VALLE AGORDINA nelle localit\u00e0 RONCHE, NOACH, LE CAMPE e CANCELLADE a RIVAMONTE AGORDINO in localit\u00e0 ROSSON e VIA ROMA l\u2019acqua erogata dall\u2019acquedotto non \u00e8 potabile<br \/>\nA LAMON Divieto di utilizzo dell\u2019acqua di acquedotto per uso alimentare nelle frazioni di Pezz\u00e8 se non previa bollitura: sulla piazza arriva l\u2019autobotte.<br \/>\nCHIES D&#8217;ALPAGO Negli ultimi tre giorni\u00a0 serie di scosse sismiche di lieve entit\u00e0,<br \/>\nBELLUNO A 92 anni, si \u00e8 spento Ferdinando Tarantola, celebre libraio bellunese<br \/>\nCORTINA Attorno alle 14 di ieri la Centrale del 118 \u00e8 stata attivata per due turiste svizzere bloccatesi a Forcella Marcuoira, per il timore di essere coinvolte da distacchi valanghivi. Le due donne, che erano illese, sono state lasciate al Passo Tre Croci.<br \/>\nVAL DI ZOLDO Successivamente, verso le 15, \u00e8 arrivato un secondo allarme: a chiamare l&#8217;amico di una 34enne di Padova, che si era procurata un sospetto trauma alla caviglia,<br \/>\nBELLUNO Sono quattro gli interventi del Suem 118 registrati nella giornata di sabato. In seguito ad un incidente sul Passo Monte Croce in Comelico, poco prima delle 11:30 l&#8217;ambulanza di Auronzo \u00e8 intervenuta per soccorrere una donna di 46 che \u00e8 stato portato all&#8217;ospedale di Pieve di Cadore con ferite lievi. Alle 13:20 l&#8217;elicottero Falco \u00e8 volato a Canale D&#8217;Agordo per elitrasportare a Belluno un uomo di 61 anni che soffriva di patologie gastroenterologica. Poco prima delle 16:30 un incidente tra auto e moto a Cortina ha coinvolto un 25enne che \u00e8 stato trasportato all&#8217;ospedale con ferite di lieve entit\u00e0. Infine alle 17:25 un incidente in motorino ad Agordo. L&#8217;ambulanza ha portato al Papa Luciani di Agordo una donna di 49 anni con ferite di media gravit\u00e0.<br \/>\nTAIBON\u00a0 dimostra ancora una volta il suo profondo senso di comunit\u00e0. Questa volta, l&#8217;occasione \u00e8 stata l&#8217;arrivo del nuovo parroco, Don Andrea Canal.<\/p>\n<h2>AUDIO dalle 7 del mattino<\/h2>\n<audio class=\"wp-audio-shortcode\" id=\"audio-389504-3\" preload=\"none\" style=\"width: 100%;\" controls=\"controls\"><source type=\"audio\/mpeg\" src=\"https:\/\/www.radiopiu.net\/wordpress\/wp-content\/uploads\/2024\/05\/GF07-10.mp3?_=3\" \/><a href=\"https:\/\/www.radiopiu.net\/wordpress\/wp-content\/uploads\/2024\/05\/GF07-10.mp3\">https:\/\/www.radiopiu.net\/wordpress\/wp-content\/uploads\/2024\/05\/GF07-10.mp3<\/a><\/audio>\n<p>&nbsp;<\/p>\n<p>&nbsp;<\/p>\n<hr \/>\n<p>&nbsp;<\/p>\n<h1><\/h1>\n<h1 style=\"text-align: center;\"><span style=\"color: #ff0000;\"><a class=\"dt-pswp-item\" href=\"https:\/\/www.radiopiu.net\/wordpress\/wp-content\/uploads\/2022\/01\/026c3f9d-dae9-4040-a3c1-a6530231bcc3.jpg\" data-dt-img-description=\"\" data-large_image_width=\"1152\" data-large_image_height=\"2048\"><img loading=\"lazy\" decoding=\"async\" class=\"wp-image-251839 alignleft\" src=\"https:\/\/www.radiopiu.net\/wordpress\/wp-content\/uploads\/2022\/01\/026c3f9d-dae9-4040-a3c1-a6530231bcc3-169x300.jpg\" alt=\"\" width=\"100\" height=\"177\" srcset=\"https:\/\/www.radiopiu.net\/wordpress\/wp-content\/uploads\/2022\/01\/026c3f9d-dae9-4040-a3c1-a6530231bcc3-169x300.jpg 169w, https:\/\/www.radiopiu.net\/wordpress\/wp-content\/uploads\/2022\/01\/026c3f9d-dae9-4040-a3c1-a6530231bcc3-576x1024.jpg 576w, https:\/\/www.radiopiu.net\/wordpress\/wp-content\/uploads\/2022\/01\/026c3f9d-dae9-4040-a3c1-a6530231bcc3-768x1365.jpg 768w, https:\/\/www.radiopiu.net\/wordpress\/wp-content\/uploads\/2022\/01\/026c3f9d-dae9-4040-a3c1-a6530231bcc3-864x1536.jpg 864w, https:\/\/www.radiopiu.net\/wordpress\/wp-content\/uploads\/2022\/01\/026c3f9d-dae9-4040-a3c1-a6530231bcc3.jpg 1152w\" sizes=\"auto, (max-width: 100px) 100vw, 100px\" \/><\/a>I podcast informativi del mattino &#8211; audio &#8211;\u00a0<\/span><\/h1>\n<blockquote><p><strong>GIORNALE RADIO NAZIONALE, EDIZIONE DELLE SETTE <span style=\"color: #0000ff;\">viene pubblicato alle 7.05 <span style=\"color: #ff0000;\">DIRETTA RADIO\u00a0<\/span><\/span><\/strong><\/p><\/blockquote>\n<p><strong>il giornale radionazionale e&#8217; in onda ogni ora, dalle sette del mattino alle venti della sera\u00a0\u00a0<\/strong><\/p>\n<p><strong>UCRAINA<\/strong> Nuovi attacchi ucraini con droni su Belgorod e Kursk, continuano gli assalti russi | 4 mila sfollati a Kharkiv | Raid di Kiev: 13 morti a Belgorod <strong>SPAGNA<\/strong> Catalogna, vincono i socialisti. Dopo 13 anni i partiti indipendentisti sono minoranza | Il mosaico scomposto di un governo improbabile<strong>CASO TOTI, NUOVE ACCUSE <\/strong>Oggi l&#8217;interrogatorio di Spinelli. Per Toti si apre anche un fronte sanitario<strong> VAL SERIANA <\/strong>Cerca di uccidere la fidanzata con un coltello, 24enne salvata dai soccorsi <strong>USA <\/strong>Morto paziente a due mesi dal trapianto con un rene di maiale <strong>TRENTASEIESIMA GIORNATA <\/strong>Atalanta-Roma 2-1, Juve e Bologna matematicamente in Champions |\u00a0<strong>GIRO D\u2019ITALIA<\/strong> Giro d\u2019Italia: Olav Kooij vince l&#8217;Avezzano-Napoli, Tadej Poga\u010dar ancora in rosa. Domani giorno di riposo<\/p>\n<h2>AUDIO dalle sette del mattino, ogni ora alla radio<\/h2>\n<audio class=\"wp-audio-shortcode\" id=\"audio-389504-4\" preload=\"none\" style=\"width: 100%;\" controls=\"controls\"><source type=\"audio\/mpeg\" src=\"https:\/\/www.radiopiu.net\/wordpress\/wp-content\/uploads\/2024\/05\/giornale07-9.mp3?_=4\" \/><a href=\"https:\/\/www.radiopiu.net\/wordpress\/wp-content\/uploads\/2024\/05\/giornale07-9.mp3\">https:\/\/www.radiopiu.net\/wordpress\/wp-content\/uploads\/2024\/05\/giornale07-9.mp3<\/a><\/audio>\n<p>&nbsp;<\/p>\n<p>&nbsp;<\/p>\n<hr \/>\n<p>&nbsp;<\/p>\n<p>&nbsp;<\/p>\n<h1><span style=\"color: #ff0000;\">I podcast informativi del mattino &#8211; video &#8211;\u00a0<\/span><\/h1>\n<h2><strong><a class=\"dt-pswp-item\" href=\"https:\/\/www.radiopiu.net\/wordpress\/wp-content\/uploads\/2023\/12\/th-10.jpg\" data-dt-img-description=\"\" data-large_image_width=\"245\" data-large_image_height=\"180\"><img loading=\"lazy\" decoding=\"async\" class=\" wp-image-367395 alignleft\" src=\"https:\/\/www.radiopiu.net\/wordpress\/wp-content\/uploads\/2023\/12\/th-10.jpg\" alt=\"\" width=\"166\" height=\"122\" \/><\/a>RASSEGNA STAMPA LOCALE, ORE OTTO 05<\/strong><\/h2>\n<h2><strong> <span style=\"color: #0000ff;\">viene\u00a0 <\/span><\/strong><strong><span style=\"color: #0000ff;\">pubblicata alle 8.05 <span style=\"color: #ff0000;\">DIRETTA RADIO\u00a0\u00a0<\/span><\/span><\/strong><\/h2>\n<p><strong>DI MIRKO MEZZACASA\u00a0 \u00a0<\/strong><\/p>\n<p>&nbsp;<\/p>\n<h2><span style=\"color: #ff0000;\"><strong>VIDEO\u00a0 \u00a0in diretta dalle 8 del mattino\u00a0<\/strong><\/span><\/h2>\n\n\t\t\t<style type='text\/css'>\n\t\t\t\t#gallery-1 {\n\t\t\t\t\tmargin: auto;\n\t\t\t\t}\n\t\t\t\t#gallery-1 .gallery-item {\n\t\t\t\t\tfloat: left;\n\t\t\t\t\tmargin-top: 10px;\n\t\t\t\t\ttext-align: center;\n\t\t\t\t\twidth: 33%;\n\t\t\t\t}\n\t\t\t\t#gallery-1 img {\n\t\t\t\t\tborder: 2px solid #cfcfcf;\n\t\t\t\t}\n\t\t\t\t#gallery-1 .gallery-caption {\n\t\t\t\t\tmargin-left: 0;\n\t\t\t\t}\n\t\t\t\t\/* see gallery_shortcode() in wp-includes\/media.php *\/\n\t\t\t<\/style>\n\t\t<div id='gallery-1' class='dt-gallery-container gallery galleryid-389504 gallery-columns-3 gallery-size-thumbnail'><dl class='gallery-item'>\n\t\t\t\t<dt class='gallery-icon landscape'>\n\t\t\t\t\t<a class=\"rollover rollover-zoom dt-pswp-item\" title=\"Senza nome\" data-dt-img-description=\"\" data-large_image_width=\"484\" data-large_image_height=\"319\"href='https:\/\/www.radiopiu.net\/wordpress\/wp-content\/uploads\/2024\/05\/Senza-nome-29.png'><img loading=\"lazy\" decoding=\"async\" width=\"150\" height=\"150\" src=\"https:\/\/www.radiopiu.net\/wordpress\/wp-content\/uploads\/2024\/05\/Senza-nome-29-150x150.png\" class=\"attachment-thumbnail size-thumbnail\" alt=\"\" \/><\/a>\n\t\t\t\t<\/dt><\/dl><dl class='gallery-item'>\n\t\t\t\t<dt class='gallery-icon landscape'>\n\t\t\t\t\t<a class=\"rollover rollover-zoom dt-pswp-item\" title=\"COER1\" data-dt-img-description=\"\" data-large_image_width=\"479\" data-large_image_height=\"218\"href='https:\/\/www.radiopiu.net\/wordpress\/wp-content\/uploads\/2024\/05\/COER1.png'><img loading=\"lazy\" decoding=\"async\" width=\"150\" height=\"150\" src=\"https:\/\/www.radiopiu.net\/wordpress\/wp-content\/uploads\/2024\/05\/COER1-150x150.png\" class=\"attachment-thumbnail size-thumbnail\" alt=\"\" \/><\/a>\n\t\t\t\t<\/dt><\/dl><dl class='gallery-item'>\n\t\t\t\t<dt class='gallery-icon landscape'>\n\t\t\t\t\t<a class=\"rollover rollover-zoom dt-pswp-item\" title=\"Senza nome\" data-dt-img-description=\"\" data-large_image_width=\"498\" data-large_image_height=\"306\"href='https:\/\/www.radiopiu.net\/wordpress\/wp-content\/uploads\/2024\/05\/Senza-nome-30.png'><img loading=\"lazy\" decoding=\"async\" width=\"150\" height=\"150\" src=\"https:\/\/www.radiopiu.net\/wordpress\/wp-content\/uploads\/2024\/05\/Senza-nome-30-150x150.png\" class=\"attachment-thumbnail size-thumbnail\" alt=\"\" \/><\/a>\n\t\t\t\t<\/dt><\/dl><br style=\"clear: both\" \/>\n\t\t\t<\/div>\n\n<p><iframe loading=\"lazy\" title=\"DAL 1983 LA RASSEGNA STAMPA LOCALE di mirko mezzacasa. L&#039;ORIGINALE\" width=\"1200\" height=\"675\" src=\"https:\/\/www.youtube.com\/embed\/6DIg1oQvWYI?feature=oembed\" frameborder=\"0\" allow=\"accelerometer; autoplay; clipboard-write; encrypted-media; gyroscope; picture-in-picture; web-share\" referrerpolicy=\"strict-origin-when-cross-origin\" allowfullscreen><\/iframe><\/p>\n<hr \/>\n<p>&nbsp;<\/p>\n<blockquote>\n<h3>LAMON, LA VALLE, VALLADA\u00a0 E RIVAMONTE HANNO IN COMUNE&#8230;L&#8217;ACQUA INQUINATA<\/h3>\n<\/blockquote>\n<p><strong><img loading=\"lazy\" decoding=\"async\" class=\"alignleft\" src=\"https:\/\/www.radiopiu.net\/wordpress\/wp-content\/uploads\/2019\/10\/ACQUA-SPORCA.jpeg\" width=\"197\" height=\"148\" \/>REDAZIONE<\/strong> Gestione Servizi Pubblici informa che a <strong>LA VALLE AGORDINA<\/strong> nelle localit\u00e0 RONCHE, NOACH, LE CAMPE e CANCELLADE a <strong>RIVAMONTE AGORDINO<\/strong> in localit\u00e0 ROSSON e VIA ROMA l&#8217;acqua erogata dall&#8217;acquedotto non \u00e8 potabile e pu\u00f2 essere usata per scopi alimentari SOLO PREVIA bollitura. Verr\u00e0 effettuato servizio con cisterna in via Villagrande a Rivamonte,\u00a0 \u00a0in localit\u00e0 Le Campe e\u00a0 Ronche nel Comune di La Valle Agordina. A VALLADA AGORDINA nelle localit\u00e0 COGUL, PIAZ e ANDRICH l&#8217;acqua erogata dall&#8217;acquedotto non \u00e8 potabile e pu\u00f2 essere usata per scopi alimentari SOLO PREVIA bollitura. Verr\u00e0 effettuato servizio sostitutivo con autobotte in Piazza ad Andrich.<\/p>\n<div lang=\"x-unicode\"><strong>A LAMON <\/strong>Divieto di utilizzo dell\u2019acqua di\u00a0acquedotto\u00a0per uso alimentare nelle frazioni di Pezz\u00e8 se non previa bollitura:\u00a0sulla piazza arriva l\u2019autobotte.<\/div>\n<p>&nbsp;<\/p>\n<hr \/>\n<p>&nbsp;<\/p>\n<div class=\"page-title-head hgroup\">\n<blockquote>\n<h1 class=\"entry-title\">\u201cALPAGO SOTTO SCOSSE: TENSIONE E ATTENZIONE PER LO SCIAME SISMICO\u201d<\/h1>\n<\/blockquote>\n<\/div>\n<div class=\"flex-1 overflow-hidden\">\n<div class=\"react-scroll-to-bottom--css-rkhnb-79elbk h-full\">\n<div class=\"react-scroll-to-bottom--css-rkhnb-1n7m0yu\">\n<div class=\"flex flex-col text-sm pb-9\">\n<div class=\"w-full text-token-text-primary\" dir=\"auto\" data-testid=\"conversation-turn-67\" data-scroll-anchor=\"true\">\n<div class=\"py-2 px-3 text-base md:px-4 m-auto md:px-5 lg:px-1 xl:px-5\">\n<div class=\"mx-auto flex flex-1 gap-3 text-base juice:gap-4 juice:md:gap-6 md:max-w-3xl lg:max-w-[40rem] xl:max-w-[48rem]\">\n<div class=\"relative flex w-full min-w-0 flex-col agent-turn\">\n<div class=\"flex-col gap-1 md:gap-3\">\n<div class=\"flex flex-grow flex-col max-w-full\">\n<div class=\"min-h-[20px] text-message flex flex-col items-start whitespace-pre-wrap break-words [.text-message+&amp;]:mt-5 juice:w-full juice:items-end overflow-x-auto gap-3\" dir=\"auto\" data-message-author-role=\"assistant\" data-message-id=\"bfbcc8da-2749-4e48-af0f-06e0d4cd00bf\">\n<div class=\"markdown prose w-full break-words dark:prose-invert dark\">\n<p><img loading=\"lazy\" decoding=\"async\" class=\"alignleft\" src=\"https:\/\/www.radiopiu.net\/wordpress\/wp-content\/uploads\/2020\/03\/download-44.jpg\" width=\"172\" height=\"114\" \/><strong>CHIES D&#8217;ALPAGO<\/strong> Negli ultimi tre giorni\u00a0 serie di scosse sismiche di lieve entit\u00e0, suscitano preoccupazione e attenzione. Questo fenomeno \u00e8 stato definito come uno sciame sismico, caratterizzato da una successione di terremoti di magnitudo ridotta, ma comunque avvertiti dalla comunit\u00e0. Dopo le scosse registrate ieri e l&#8217;altro ieri, anche durante la notte si \u00e8 verificata un&#8217;altra scossa di terremoto. Questa volta, alle 2:11 di questa notte, una scossa di magnitudo 2,1 della scala Richter ha fatto tremare nuovamente la zona, con epicentro individuato a Chies d&#8217;Alpago. Gli esperti continuano a studiare l&#8217;evoluzione di questo sciame sismico al fine di comprendere le sue cause e valutare eventuali rischi associati.<\/p>\n<\/div>\n<\/div>\n<\/div>\n<div class=\"pr-2 lg:pr-0\"><\/div>\n<\/div>\n<\/div>\n<\/div>\n<\/div>\n<\/div>\n<\/div>\n<\/div>\n<\/div>\n<\/div>\n<p><span style=\"color: #ff0000;\"><strong>IERI ALLA RADIO<\/strong><\/span><\/p>\n<p><strong>ALTRO SCIAME SISMICO IN ALPAGO, TRE SCOSSE IN POCHI MINUTI<\/strong><\/p>\n<p><strong>REDAZIONE<\/strong> Continua lo sciame sismico in territorio alpagotto. In mattinata, tra le 11:04 e le 11:09, si sono registrate tre scosse di magnitudo 1.3, 1.5 e 1.3 a distanza di pochi minuti l&#8217;una dall&#8217;altra. L&#8217;epicentro a Chies D&#8217;Alpago con una profondit\u00e0 di oltre 19 km.<\/p>\n\n\t\t\t<style type='text\/css'>\n\t\t\t\t#gallery-2 {\n\t\t\t\t\tmargin: auto;\n\t\t\t\t}\n\t\t\t\t#gallery-2 .gallery-item {\n\t\t\t\t\tfloat: left;\n\t\t\t\t\tmargin-top: 10px;\n\t\t\t\t\ttext-align: center;\n\t\t\t\t\twidth: 100%;\n\t\t\t\t}\n\t\t\t\t#gallery-2 img {\n\t\t\t\t\tborder: 2px solid #cfcfcf;\n\t\t\t\t}\n\t\t\t\t#gallery-2 .gallery-caption {\n\t\t\t\t\tmargin-left: 0;\n\t\t\t\t}\n\t\t\t\t\/* see gallery_shortcode() in wp-includes\/media.php *\/\n\t\t\t<\/style>\n\t\t<div id='gallery-2' class='dt-gallery-container gallery galleryid-389504 gallery-columns-1 gallery-size-medium'><dl class='gallery-item'>\n\t\t\t\t<dt class='gallery-icon landscape'>\n\t\t\t\t\t<a class=\"rollover rollover-zoom dt-pswp-item\" title=\"SCR-20240512-lwdt\" data-dt-img-description=\"\" data-large_image_width=\"1350\" data-large_image_height=\"732\"href='https:\/\/www.radiopiu.net\/wordpress\/wp-content\/uploads\/2024\/05\/SCR-20240512-lwdt.png'><img loading=\"lazy\" decoding=\"async\" width=\"300\" height=\"163\" src=\"https:\/\/www.radiopiu.net\/wordpress\/wp-content\/uploads\/2024\/05\/SCR-20240512-lwdt-300x163.png\" class=\"attachment-medium size-medium\" alt=\"\" srcset=\"https:\/\/www.radiopiu.net\/wordpress\/wp-content\/uploads\/2024\/05\/SCR-20240512-lwdt-300x163.png 300w, https:\/\/www.radiopiu.net\/wordpress\/wp-content\/uploads\/2024\/05\/SCR-20240512-lwdt-1024x555.png 1024w, https:\/\/www.radiopiu.net\/wordpress\/wp-content\/uploads\/2024\/05\/SCR-20240512-lwdt-768x416.png 768w, https:\/\/www.radiopiu.net\/wordpress\/wp-content\/uploads\/2024\/05\/SCR-20240512-lwdt.png 1350w\" sizes=\"auto, (max-width: 300px) 100vw, 300px\" \/><\/a>\n\t\t\t\t<\/dt><\/dl><br style=\"clear: both\" \/>\n\t\t\t<\/div>\n\n<p>&nbsp;<\/p>\n<p>&nbsp;<\/p>\n<hr \/>\n<p>&nbsp;<\/p>\n<blockquote>\n<h2>Addio a Tilly Tona, Luce di Chies d&#8217;Alpago<\/h2>\n<p><em>Sempre attivo nel volontariato insieme alla moglie Cristina, nonostante la malattia, Tona offriva la sua disponibilit\u00e0 a tutti gli eventi,\u00a0<\/em><\/p><\/blockquote>\n<p><strong><a class=\"dt-pswp-item\" href=\"https:\/\/www.radiopiu.net\/wordpress\/wp-content\/uploads\/2024\/05\/Senza-nome-27.png\" data-dt-img-description=\"\" data-large_image_width=\"276\" data-large_image_height=\"209\"><img loading=\"lazy\" decoding=\"async\" class=\"wp-image-389773 alignleft\" src=\"https:\/\/www.radiopiu.net\/wordpress\/wp-content\/uploads\/2024\/05\/Senza-nome-27.png\" alt=\"\" width=\"139\" height=\"105\" \/><\/a><\/strong> <strong>Chies d&#8217;Alpago<\/strong> piange la scomparsa di Attilio Tona, 54 anni, figura amata e stimata. Rinomato per aver rilanciato la pizzeria Teverone, ha contribuito al rinnovamento del paese. Appassionato ciclista, ha continuato a dedicarsi al territorio producendo vino e partecipando al volontariato. La sua generosit\u00e0 e vitalit\u00e0 resteranno un segno indelebile nella comunit\u00e0.<\/p>\n<p>&nbsp;<\/p>\n<p>&nbsp;<\/p>\n<p>&nbsp;<\/p>\n<hr \/>\n<blockquote>\n<h3><\/h3>\n<h3>Addio a Ferdinando Tarantola, Storico Libraio di Belluno<\/h3>\n<\/blockquote>\n<p><img loading=\"lazy\" decoding=\"async\" class=\"alignleft\" src=\"https:\/\/www.radiopiu.net\/wordpress\/wp-content\/uploads\/2024\/05\/Senza-nome-26.png\" width=\"160\" height=\"141\" \/><\/p>\n<p><strong>BELLUNO <\/strong>A 92 anni, si \u00e8 spento Ferdinando Tarantola, celebre libraio bellunese, erede di una tradizione familiare secolare nel settore librario. Con la sorella Annita, ha segnato la storia delle librerie locali. La Libreria Tarantola, ora gestita dal figlio Alessandro e dalla nipote Caterina, continua la tradizione. Tarantola era fiero di mostrare l&#8217;antico calendario del 1925 nella sua libreria, simbolo di una storia ricca e apprezzata. Le esequie si terranno mercoled\u00ec nella chiesa di San Giovanni Bosco.<\/p>\n<p>&nbsp;<\/p>\n<p>&nbsp;<\/p>\n<hr \/>\n<p>&nbsp;<\/p>\n<blockquote>\n<h3>DOPPIO INTERVENTO DEL SOCCORSO ALPINO, A CORTINA E ZOLDO<\/h3>\n<\/blockquote>\n<p><strong>CORTINA <\/strong>Attorno alle 14 di ieri la Centrale del 118 \u00e8 stata attivata per due turiste svizzere bloccatesi a Forcella Marcuoira, per il timore di essere coinvolte da distacchi valanghivi. Ricevute le coordinate, l&#8217;elicottero del Suem di Pieve di Cadore ha individuato le due escursioniste di 31 e 32 anni e si \u00e8 avvicinato. Sbarcato nelle vicinanze, il tecnico di elisoccorso le ha caricate a bordo con il mezzo in hovering. Le due donne, che erano illese, sono state lasciate al Passo Tre Croci.<\/p>\n<p><strong>VAL DI ZOLDO <\/strong>Successivamente, verso le 15, \u00e8 arrivato un secondo allarme: a chiamare l&#8217;amico di una 34enne di Padova, che si era procurata un sospetto trauma alla caviglia, mentre stavano percorrendo il sentiero numero 534 che da Baron di Zoldo va a Casera di Mezzod\u00ec. Poich\u00e9 l&#8217;infortunata si trovava sotto la fitta vegetazione a 1.210 metri di quota, sul posto sono stati elitrasportati due volontari del Soccorso alpino di Val di Zoldo, che hanno aperto un varco. L&#8217;eliambulanza ha potuto cos\u00ec recuperare la donna con un verricello di 50 metri.<\/p>\n\n\t\t\t<style type='text\/css'>\n\t\t\t\t#gallery-3 {\n\t\t\t\t\tmargin: auto;\n\t\t\t\t}\n\t\t\t\t#gallery-3 .gallery-item {\n\t\t\t\t\tfloat: left;\n\t\t\t\t\tmargin-top: 10px;\n\t\t\t\t\ttext-align: center;\n\t\t\t\t\twidth: 50%;\n\t\t\t\t}\n\t\t\t\t#gallery-3 img {\n\t\t\t\t\tborder: 2px solid #cfcfcf;\n\t\t\t\t}\n\t\t\t\t#gallery-3 .gallery-caption {\n\t\t\t\t\tmargin-left: 0;\n\t\t\t\t}\n\t\t\t\t\/* see gallery_shortcode() in wp-includes\/media.php *\/\n\t\t\t<\/style>\n\t\t<div id='gallery-3' class='dt-gallery-container gallery galleryid-389504 gallery-columns-2 gallery-size-medium'><dl class='gallery-item'>\n\t\t\t\t<dt class='gallery-icon portrait'>\n\t\t\t\t\t<a class=\"rollover rollover-zoom dt-pswp-item\" title=\"Watermark_20240512_181930_048\" data-dt-img-description=\"\" data-large_image_width=\"1773\" data-large_image_height=\"2364\"href='https:\/\/www.radiopiu.net\/wordpress\/wp-content\/uploads\/2024\/05\/Watermark_20240512_181930_048.jpg'><img loading=\"lazy\" decoding=\"async\" width=\"225\" height=\"300\" src=\"https:\/\/www.radiopiu.net\/wordpress\/wp-content\/uploads\/2024\/05\/Watermark_20240512_181930_048-225x300.jpg\" class=\"attachment-medium size-medium\" alt=\"\" srcset=\"https:\/\/www.radiopiu.net\/wordpress\/wp-content\/uploads\/2024\/05\/Watermark_20240512_181930_048-225x300.jpg 225w, https:\/\/www.radiopiu.net\/wordpress\/wp-content\/uploads\/2024\/05\/Watermark_20240512_181930_048-768x1024.jpg 768w, https:\/\/www.radiopiu.net\/wordpress\/wp-content\/uploads\/2024\/05\/Watermark_20240512_181930_048-1152x1536.jpg 1152w, https:\/\/www.radiopiu.net\/wordpress\/wp-content\/uploads\/2024\/05\/Watermark_20240512_181930_048-1536x2048.jpg 1536w, https:\/\/www.radiopiu.net\/wordpress\/wp-content\/uploads\/2024\/05\/Watermark_20240512_181930_048.jpg 1773w\" sizes=\"auto, (max-width: 225px) 100vw, 225px\" \/><\/a>\n\t\t\t\t<\/dt><\/dl><dl class='gallery-item'>\n\t\t\t\t<dt class='gallery-icon portrait'>\n\t\t\t\t\t<a class=\"rollover rollover-zoom dt-pswp-item\" title=\"Watermark_20240512_181947_713\" data-dt-img-description=\"\" data-large_image_width=\"1773\" data-large_image_height=\"2364\"href='https:\/\/www.radiopiu.net\/wordpress\/wp-content\/uploads\/2024\/05\/Watermark_20240512_181947_713.jpg'><img loading=\"lazy\" decoding=\"async\" width=\"225\" height=\"300\" src=\"https:\/\/www.radiopiu.net\/wordpress\/wp-content\/uploads\/2024\/05\/Watermark_20240512_181947_713-225x300.jpg\" class=\"attachment-medium size-medium\" alt=\"\" srcset=\"https:\/\/www.radiopiu.net\/wordpress\/wp-content\/uploads\/2024\/05\/Watermark_20240512_181947_713-225x300.jpg 225w, https:\/\/www.radiopiu.net\/wordpress\/wp-content\/uploads\/2024\/05\/Watermark_20240512_181947_713-768x1024.jpg 768w, https:\/\/www.radiopiu.net\/wordpress\/wp-content\/uploads\/2024\/05\/Watermark_20240512_181947_713-1152x1536.jpg 1152w, https:\/\/www.radiopiu.net\/wordpress\/wp-content\/uploads\/2024\/05\/Watermark_20240512_181947_713-1536x2048.jpg 1536w, https:\/\/www.radiopiu.net\/wordpress\/wp-content\/uploads\/2024\/05\/Watermark_20240512_181947_713.jpg 1773w\" sizes=\"auto, (max-width: 225px) 100vw, 225px\" \/><\/a>\n\t\t\t\t<\/dt><\/dl><br style=\"clear: both\" \/>\n\t\t\t<\/div>\n\n<p>&nbsp;<\/p>\n<hr \/>\n<p>&nbsp;<\/p>\n<blockquote>\n<h3>QUATTRO INTERVENTI DEL SUEM 118 NELLA GIORNATA DI SABATO<\/h3>\n<\/blockquote>\n<p><strong><a class=\"dt-pswp-item\" href=\"https:\/\/www.radiopiu.net\/wordpress\/wp-content\/uploads\/2023\/08\/ambulanza-ulss-1.jpg\" data-dt-img-description=\"\" data-large_image_width=\"1591\" data-large_image_height=\"1029\"><img loading=\"lazy\" decoding=\"async\" class=\" wp-image-348787 alignleft\" src=\"https:\/\/www.radiopiu.net\/wordpress\/wp-content\/uploads\/2023\/08\/ambulanza-ulss-1-300x194.jpg\" alt=\"\" width=\"158\" height=\"102\" srcset=\"https:\/\/www.radiopiu.net\/wordpress\/wp-content\/uploads\/2023\/08\/ambulanza-ulss-1-300x194.jpg 300w, https:\/\/www.radiopiu.net\/wordpress\/wp-content\/uploads\/2023\/08\/ambulanza-ulss-1-1024x662.jpg 1024w, https:\/\/www.radiopiu.net\/wordpress\/wp-content\/uploads\/2023\/08\/ambulanza-ulss-1-768x497.jpg 768w, https:\/\/www.radiopiu.net\/wordpress\/wp-content\/uploads\/2023\/08\/ambulanza-ulss-1-1536x993.jpg 1536w, https:\/\/www.radiopiu.net\/wordpress\/wp-content\/uploads\/2023\/08\/ambulanza-ulss-1.jpg 1591w\" sizes=\"auto, (max-width: 158px) 100vw, 158px\" \/><\/a>BELLUNO<\/strong> Sono quattro gli interventi del Suem 118 registrati nella giornata di sabato. In seguito ad un incidente sul Passo Monte Croce in Comelico, poco prima delle 11:30 l&#8217;ambulanza di Auronzo \u00e8 intervenuta per soccorrere una donna di 46 che \u00e8 stato portato all&#8217;ospedale di Pieve di Cadore con ferite lievi. Alle 13:20 l&#8217;elicottero Falco \u00e8 volato a Canale D&#8217;Agordo per elitrasportare a Belluno un uomo di 61 anni che soffriva di patologie gastroenterologica. Poco prima delle 16:30 un incidente tra auto e moto a Cortina ha coinvolto un 25enne che \u00e8 stato trasportato all&#8217;ospedale con ferite di lieve entit\u00e0. Infine alle 17:25 un incidente in motorino ad Agordo. L&#8217;ambulanza ha portato al Papa Luciani di Agordo una donna di 49 anni con ferite di media gravit\u00e0.<\/p>\n<p>&nbsp;<\/p>\n<p>&nbsp;<\/p>\n<hr \/>\n<p>&nbsp;<\/p>\n<blockquote>\n<h3>SBAGLIA SENTIERO CON LA MOUNTAIN BIKE, SOCCORSO DAI VIGILI DEL FUOCO<\/h3>\n<\/blockquote>\n<p><strong>BELLUNO <\/strong>Vigili del Fuoco al lavoro sabato mattina per soccorrere un ciclista sul Col Visentin. L&#8217;uomo con la sua mountain bike ha sbagliato sentiero trovandosi poi in un posto pericoloso dove non poteva ne salire ne scendere. I pompieri sono intervenuti con l&#8217;elicottero Drago 153 da Venezia. Una volta individuato il ciclista, \u00e8 stato recuperato l&#8217;uomo in pericolo.<\/p>\n\n\t\t\t<style type='text\/css'>\n\t\t\t\t#gallery-4 {\n\t\t\t\t\tmargin: auto;\n\t\t\t\t}\n\t\t\t\t#gallery-4 .gallery-item {\n\t\t\t\t\tfloat: left;\n\t\t\t\t\tmargin-top: 10px;\n\t\t\t\t\ttext-align: center;\n\t\t\t\t\twidth: 100%;\n\t\t\t\t}\n\t\t\t\t#gallery-4 img {\n\t\t\t\t\tborder: 2px solid #cfcfcf;\n\t\t\t\t}\n\t\t\t\t#gallery-4 .gallery-caption {\n\t\t\t\t\tmargin-left: 0;\n\t\t\t\t}\n\t\t\t\t\/* see gallery_shortcode() in wp-includes\/media.php *\/\n\t\t\t<\/style>\n\t\t<div id='gallery-4' class='dt-gallery-container gallery galleryid-389504 gallery-columns-1 gallery-size-medium'><dl class='gallery-item'>\n\t\t\t\t<dt class='gallery-icon portrait'>\n\t\t\t\t\t<a class=\"rollover rollover-zoom dt-pswp-item\" title=\"b0e5a147-ae8e-4887-8e52-2080087ba697\" data-dt-img-description=\"\" data-large_image_width=\"774\" data-large_image_height=\"1106\"href='https:\/\/www.radiopiu.net\/wordpress\/wp-content\/uploads\/2024\/05\/b0e5a147-ae8e-4887-8e52-2080087ba697.jpg'><img loading=\"lazy\" decoding=\"async\" width=\"210\" height=\"300\" src=\"https:\/\/www.radiopiu.net\/wordpress\/wp-content\/uploads\/2024\/05\/b0e5a147-ae8e-4887-8e52-2080087ba697-210x300.jpg\" class=\"attachment-medium size-medium\" alt=\"\" srcset=\"https:\/\/www.radiopiu.net\/wordpress\/wp-content\/uploads\/2024\/05\/b0e5a147-ae8e-4887-8e52-2080087ba697-210x300.jpg 210w, https:\/\/www.radiopiu.net\/wordpress\/wp-content\/uploads\/2024\/05\/b0e5a147-ae8e-4887-8e52-2080087ba697-717x1024.jpg 717w, https:\/\/www.radiopiu.net\/wordpress\/wp-content\/uploads\/2024\/05\/b0e5a147-ae8e-4887-8e52-2080087ba697-768x1097.jpg 768w, https:\/\/www.radiopiu.net\/wordpress\/wp-content\/uploads\/2024\/05\/b0e5a147-ae8e-4887-8e52-2080087ba697.jpg 774w\" sizes=\"auto, (max-width: 210px) 100vw, 210px\" \/><\/a>\n\t\t\t\t<\/dt><\/dl><br style=\"clear: both\" \/>\n\t\t\t<\/div>\n\n<p>&nbsp;<\/p>\n<hr \/>\n<p>&nbsp;<\/p>\n<blockquote>\n<h3>CAGNOLINO INCRODATO E RECUPERATO DAL SOCCORSO ALPINO<\/h3>\n<\/blockquote>\n<p><strong><a class=\"dt-pswp-item\" href=\"https:\/\/www.radiopiu.net\/wordpress\/wp-content\/uploads\/2024\/05\/Watermark_20240511_180201_018.jpg\" data-dt-img-description=\"\" data-large_image_width=\"1773\" data-large_image_height=\"2364\"><img loading=\"lazy\" decoding=\"async\" class=\" wp-image-389619 alignleft\" src=\"https:\/\/www.radiopiu.net\/wordpress\/wp-content\/uploads\/2024\/05\/Watermark_20240511_180201_018-225x300.jpg\" alt=\"\" width=\"100\" height=\"133\" srcset=\"https:\/\/www.radiopiu.net\/wordpress\/wp-content\/uploads\/2024\/05\/Watermark_20240511_180201_018-225x300.jpg 225w, https:\/\/www.radiopiu.net\/wordpress\/wp-content\/uploads\/2024\/05\/Watermark_20240511_180201_018-768x1024.jpg 768w, https:\/\/www.radiopiu.net\/wordpress\/wp-content\/uploads\/2024\/05\/Watermark_20240511_180201_018-1152x1536.jpg 1152w, https:\/\/www.radiopiu.net\/wordpress\/wp-content\/uploads\/2024\/05\/Watermark_20240511_180201_018-1536x2048.jpg 1536w, https:\/\/www.radiopiu.net\/wordpress\/wp-content\/uploads\/2024\/05\/Watermark_20240511_180201_018.jpg 1773w\" sizes=\"auto, (max-width: 100px) 100vw, 100px\" \/><\/a>LIVINALLONGO <\/strong>Sabato mattina verso le 11.30 il 118 \u00e8 stato contattato da due alpinisti tedeschi che si erano imbattuti in un cagnolino incrodato sul primo tiro della Via Colbertaldo, sullo Spigolo Sud del\u00a0 Sass de Stria, senza che vi fosse in vista nessuna persona. Attivato il Soccorso alpino di Livinallongo per andare a recuperarlo e a verificare la situazione, \u00e8 stato inoltre allertato il servizio veterinario. Una volta sul posto i soccorritori hanno riportato alla base della parete il cane e sono risaliti al numero del proprietario, che in un primo momento non rispondeva al cellulare. Fortunatamente, quando stava per partire la ricerca, il padrone ha risposto: in tre avevano scalato una via, lasciando legato l&#8217;animale, che era riuscito a liberarsi e a risalire la parere. Il cane \u00e8 stato quindi riconsegnato al padrone.<\/p>\n<p>&nbsp;<\/p>\n<hr \/>\n<p>&nbsp;<\/p>\n<div class=\"page-title-head hgroup\">\n<blockquote>\n<h3 class=\"entry-title\">TAIBON CONFERMA LO SPIRITO DI COMUNIT\u00c0 CON IL NUOVO PARROCO DON ANDREA CANAL<\/h3>\n<\/blockquote>\n<\/div>\n<div class=\"page-title-breadcrumbs\">\n<p><strong><a class=\"dt-pswp-item\" href=\"https:\/\/www.radiopiu.net\/wordpress\/wp-content\/uploads\/2024\/05\/0ac49b3c-f6ea-4e82-b24f-341d0eb2c49f.jpg\" data-dt-img-description=\"\" data-large_image_width=\"1429\" data-large_image_height=\"2000\"><img loading=\"lazy\" decoding=\"async\" class=\" wp-image-389748 alignleft\" src=\"https:\/\/www.radiopiu.net\/wordpress\/wp-content\/uploads\/2024\/05\/0ac49b3c-f6ea-4e82-b24f-341d0eb2c49f-214x300.jpg\" alt=\"\" width=\"148\" height=\"207\" srcset=\"https:\/\/www.radiopiu.net\/wordpress\/wp-content\/uploads\/2024\/05\/0ac49b3c-f6ea-4e82-b24f-341d0eb2c49f-214x300.jpg 214w, https:\/\/www.radiopiu.net\/wordpress\/wp-content\/uploads\/2024\/05\/0ac49b3c-f6ea-4e82-b24f-341d0eb2c49f-732x1024.jpg 732w, https:\/\/www.radiopiu.net\/wordpress\/wp-content\/uploads\/2024\/05\/0ac49b3c-f6ea-4e82-b24f-341d0eb2c49f-768x1075.jpg 768w, https:\/\/www.radiopiu.net\/wordpress\/wp-content\/uploads\/2024\/05\/0ac49b3c-f6ea-4e82-b24f-341d0eb2c49f-1097x1536.jpg 1097w, https:\/\/www.radiopiu.net\/wordpress\/wp-content\/uploads\/2024\/05\/0ac49b3c-f6ea-4e82-b24f-341d0eb2c49f.jpg 1429w\" sizes=\"auto, (max-width: 148px) 100vw, 148px\" \/><\/a>TAIBON<\/strong>\u00a0 dimostra ancora una volta il suo profondo senso di comunit\u00e0. Questa volta, l&#8217;occasione \u00e8 stata l&#8217;arrivo del nuovo parroco, Don Andrea Canal, che ha celebrato la sua prima messa nella storica parrocchiale del paese. L&#8217;atmosfera all&#8217;interno della chiesa era carica di emozione e speranza mentre i fedeli si riunivano per accogliere il nuovo pastore della loro comunit\u00e0. Le parole di Don Andrea hanno toccato i cuori di coloro presenti, sottolineando l&#8217;importanza della solidariet\u00e0 e della condivisione nel tessuto sociale di Taibon. Durante la celebrazione, molti abitanti del paese hanno espresso il loro entusiasmo per la nomina di Don Andrea, lodando la sua dedizione e il suo impegno nel servire la comunit\u00e0. La sua presenza \u00e8 stata accolta come un segno di speranza rafforzando il legame tra la chiesa e il popolo.\u00a0 \u00c8 stato un momento di gioia e condivisione, un&#8217;occasione per rafforzare i legami tra i membri della comunit\u00e0 e per guardare con fiducia al futuro. In un mondo sempre pi\u00f9 frenetico e individualista, l&#8217;esempio di Taibon e del suo spirito di comunit\u00e0 rappresenta un faro di speranza e un invito a coltivare i valori dell&#8217;amicizia, della solidariet\u00e0 e della condivisione.<\/p>\n<p>&nbsp;<\/p>\n\n\t\t\t<style type='text\/css'>\n\t\t\t\t#gallery-5 {\n\t\t\t\t\tmargin: auto;\n\t\t\t\t}\n\t\t\t\t#gallery-5 .gallery-item {\n\t\t\t\t\tfloat: left;\n\t\t\t\t\tmargin-top: 10px;\n\t\t\t\t\ttext-align: center;\n\t\t\t\t\twidth: 20%;\n\t\t\t\t}\n\t\t\t\t#gallery-5 img {\n\t\t\t\t\tborder: 2px solid #cfcfcf;\n\t\t\t\t}\n\t\t\t\t#gallery-5 .gallery-caption {\n\t\t\t\t\tmargin-left: 0;\n\t\t\t\t}\n\t\t\t\t\/* see gallery_shortcode() in wp-includes\/media.php *\/\n\t\t\t<\/style>\n\t\t<div id='gallery-5' class='dt-gallery-container gallery galleryid-389504 gallery-columns-5 gallery-size-thumbnail'><dl class='gallery-item'>\n\t\t\t\t<dt class='gallery-icon landscape'>\n\t\t\t\t\t<a class=\"rollover rollover-zoom dt-pswp-item\" title=\"92366e84-3229-4f8e-af27-a788baa17737\" data-dt-img-description=\"\" data-large_image_width=\"1600\" data-large_image_height=\"740\"href='https:\/\/www.radiopiu.net\/wordpress\/wp-content\/uploads\/2024\/05\/92366e84-3229-4f8e-af27-a788baa17737.jpg'><img loading=\"lazy\" decoding=\"async\" width=\"150\" height=\"150\" src=\"https:\/\/www.radiopiu.net\/wordpress\/wp-content\/uploads\/2024\/05\/92366e84-3229-4f8e-af27-a788baa17737-150x150.jpg\" class=\"attachment-thumbnail size-thumbnail\" alt=\"\" \/><\/a>\n\t\t\t\t<\/dt><\/dl><dl class='gallery-item'>\n\t\t\t\t<dt class='gallery-icon portrait'>\n\t\t\t\t\t<a class=\"rollover rollover-zoom dt-pswp-item\" title=\"fb83017f-6261-4774-a59b-571e553d8ef0\" data-dt-img-description=\"\" data-large_image_width=\"740\" data-large_image_height=\"1600\"href='https:\/\/www.radiopiu.net\/wordpress\/wp-content\/uploads\/2024\/05\/fb83017f-6261-4774-a59b-571e553d8ef0.jpg'><img loading=\"lazy\" decoding=\"async\" width=\"150\" height=\"150\" src=\"https:\/\/www.radiopiu.net\/wordpress\/wp-content\/uploads\/2024\/05\/fb83017f-6261-4774-a59b-571e553d8ef0-150x150.jpg\" class=\"attachment-thumbnail size-thumbnail\" alt=\"\" \/><\/a>\n\t\t\t\t<\/dt><\/dl><dl class='gallery-item'>\n\t\t\t\t<dt class='gallery-icon landscape'>\n\t\t\t\t\t<a class=\"rollover rollover-zoom dt-pswp-item\" title=\"2bb5dc09-4a98-40dc-b8dd-3f12e1ef3d6d\" data-dt-img-description=\"\" data-large_image_width=\"2048\" data-large_image_height=\"1536\"href='https:\/\/www.radiopiu.net\/wordpress\/wp-content\/uploads\/2024\/05\/2bb5dc09-4a98-40dc-b8dd-3f12e1ef3d6d.jpg'><img loading=\"lazy\" decoding=\"async\" width=\"150\" height=\"150\" src=\"https:\/\/www.radiopiu.net\/wordpress\/wp-content\/uploads\/2024\/05\/2bb5dc09-4a98-40dc-b8dd-3f12e1ef3d6d-150x150.jpg\" class=\"attachment-thumbnail size-thumbnail\" alt=\"\" \/><\/a>\n\t\t\t\t<\/dt><\/dl><dl class='gallery-item'>\n\t\t\t\t<dt class='gallery-icon landscape'>\n\t\t\t\t\t<a class=\"rollover rollover-zoom dt-pswp-item\" title=\"befc3c89-229b-4f99-b8c1-081b48c10171\" data-dt-img-description=\"\" data-large_image_width=\"1600\" data-large_image_height=\"789\"href='https:\/\/www.radiopiu.net\/wordpress\/wp-content\/uploads\/2024\/05\/befc3c89-229b-4f99-b8c1-081b48c10171.jpg'><img loading=\"lazy\" decoding=\"async\" width=\"150\" height=\"150\" src=\"https:\/\/www.radiopiu.net\/wordpress\/wp-content\/uploads\/2024\/05\/befc3c89-229b-4f99-b8c1-081b48c10171-150x150.jpg\" class=\"attachment-thumbnail size-thumbnail\" alt=\"\" \/><\/a>\n\t\t\t\t<\/dt><\/dl><dl class='gallery-item'>\n\t\t\t\t<dt class='gallery-icon landscape'>\n\t\t\t\t\t<a class=\"rollover rollover-zoom dt-pswp-item\" title=\"cb1ccf00-1915-4cfb-a7d6-3ef0f7b97f81\" data-dt-img-description=\"\" data-large_image_width=\"1600\" data-large_image_height=\"739\"href='https:\/\/www.radiopiu.net\/wordpress\/wp-content\/uploads\/2024\/05\/cb1ccf00-1915-4cfb-a7d6-3ef0f7b97f81.jpg'><img loading=\"lazy\" decoding=\"async\" width=\"150\" height=\"150\" src=\"https:\/\/www.radiopiu.net\/wordpress\/wp-content\/uploads\/2024\/05\/cb1ccf00-1915-4cfb-a7d6-3ef0f7b97f81-150x150.jpg\" class=\"attachment-thumbnail size-thumbnail\" alt=\"\" \/><\/a>\n\t\t\t\t<\/dt><\/dl><br style=\"clear: both\" \/>\n\t\t\t<\/div>\n\n<p><strong>CON LA COLLABORAZIONE DI MORENA E GIULIANA DA RONCH\u00a0<\/strong><\/p>\n<p>samuele<\/p>\n<audio class=\"wp-audio-shortcode\" id=\"audio-389504-5\" preload=\"none\" style=\"width: 100%;\" controls=\"controls\"><source type=\"audio\/mpeg\" src=\"https:\/\/www.radiopiu.net\/wordpress\/wp-content\/uploads\/2024\/05\/Samuele.m4a?_=5\" \/><a href=\"https:\/\/www.radiopiu.net\/wordpress\/wp-content\/uploads\/2024\/05\/Samuele.m4a\">https:\/\/www.radiopiu.net\/wordpress\/wp-content\/uploads\/2024\/05\/Samuele.m4a<\/a><\/audio>\n<p>&nbsp;<\/p>\n<p>arianna e diamante<\/p>\n<audio class=\"wp-audio-shortcode\" id=\"audio-389504-6\" preload=\"none\" style=\"width: 100%;\" controls=\"controls\"><source type=\"audio\/mpeg\" src=\"https:\/\/www.radiopiu.net\/wordpress\/wp-content\/uploads\/2024\/05\/Arianna-e-Diamante.m4a?_=6\" \/><a href=\"https:\/\/www.radiopiu.net\/wordpress\/wp-content\/uploads\/2024\/05\/Arianna-e-Diamante.m4a\">https:\/\/www.radiopiu.net\/wordpress\/wp-content\/uploads\/2024\/05\/Arianna-e-Diamante.m4a<\/a><\/audio>\n<p>&nbsp;<\/p>\n<p>daniel<\/p>\n<audio class=\"wp-audio-shortcode\" id=\"audio-389504-7\" preload=\"none\" style=\"width: 100%;\" controls=\"controls\"><source type=\"audio\/mpeg\" src=\"https:\/\/www.radiopiu.net\/wordpress\/wp-content\/uploads\/2024\/05\/Daniel.m4a?_=7\" \/><a href=\"https:\/\/www.radiopiu.net\/wordpress\/wp-content\/uploads\/2024\/05\/Daniel.m4a\">https:\/\/www.radiopiu.net\/wordpress\/wp-content\/uploads\/2024\/05\/Daniel.m4a<\/a><\/audio>\n<p>&nbsp;<\/p>\n<p>sebastian<\/p>\n<audio class=\"wp-audio-shortcode\" id=\"audio-389504-8\" preload=\"none\" style=\"width: 100%;\" controls=\"controls\"><source type=\"audio\/mpeg\" src=\"https:\/\/www.radiopiu.net\/wordpress\/wp-content\/uploads\/2024\/05\/Sebastian.m4a?_=8\" \/><a href=\"https:\/\/www.radiopiu.net\/wordpress\/wp-content\/uploads\/2024\/05\/Sebastian.m4a\">https:\/\/www.radiopiu.net\/wordpress\/wp-content\/uploads\/2024\/05\/Sebastian.m4a<\/a><\/audio>\n<p>&nbsp;<\/p>\n<p>valentino<\/p>\n<audio class=\"wp-audio-shortcode\" id=\"audio-389504-9\" preload=\"none\" style=\"width: 100%;\" controls=\"controls\"><source type=\"audio\/mpeg\" src=\"https:\/\/www.radiopiu.net\/wordpress\/wp-content\/uploads\/2024\/05\/Valentino.m4a?_=9\" \/><a href=\"https:\/\/www.radiopiu.net\/wordpress\/wp-content\/uploads\/2024\/05\/Valentino.m4a\">https:\/\/www.radiopiu.net\/wordpress\/wp-content\/uploads\/2024\/05\/Valentino.m4a<\/a><\/audio>\n<p>&nbsp;<\/p>\n<\/div>\n<p>&nbsp;<\/p>\n<p>&nbsp;<\/p>\n<p>&nbsp;<\/p>\n<hr \/>\n<p>&nbsp;<\/p>\n<blockquote>\n<h3>PREVENZIONE DELLE PREDAZIONI DEL LUPO, MALGA CHERZ NEL PROGETTO REGIONALE<\/h3>\n<\/blockquote>\n<p><strong><a class=\"dt-pswp-item\" href=\"https:\/\/www.radiopiu.net\/wordpress\/wp-content\/uploads\/2024\/05\/malga_chierz.jpg\" data-dt-img-description=\"\" data-large_image_width=\"867\" data-large_image_height=\"590\"><img loading=\"lazy\" decoding=\"async\" class=\" wp-image-388827 alignleft\" src=\"https:\/\/www.radiopiu.net\/wordpress\/wp-content\/uploads\/2024\/05\/malga_chierz-300x204.jpg\" alt=\"\" width=\"185\" height=\"126\" srcset=\"https:\/\/www.radiopiu.net\/wordpress\/wp-content\/uploads\/2024\/05\/malga_chierz-300x204.jpg 300w, https:\/\/www.radiopiu.net\/wordpress\/wp-content\/uploads\/2024\/05\/malga_chierz-768x523.jpg 768w, https:\/\/www.radiopiu.net\/wordpress\/wp-content\/uploads\/2024\/05\/malga_chierz.jpg 867w\" sizes=\"auto, (max-width: 185px) 100vw, 185px\" \/><\/a>LIVINALLONGO<\/strong><\/p>\n<p>DI LORENZO SORATROI<\/p>\n<audio class=\"wp-audio-shortcode\" id=\"audio-389504-10\" preload=\"none\" style=\"width: 100%;\" controls=\"controls\"><source type=\"audio\/mpeg\" src=\"https:\/\/www.radiopiu.net\/wordpress\/wp-content\/uploads\/2024\/05\/SORATROI-MALGA-CHIERZ.mp3?_=10\" \/><a href=\"https:\/\/www.radiopiu.net\/wordpress\/wp-content\/uploads\/2024\/05\/SORATROI-MALGA-CHIERZ.mp3\">https:\/\/www.radiopiu.net\/wordpress\/wp-content\/uploads\/2024\/05\/SORATROI-MALGA-CHIERZ.mp3<\/a><\/audio>\n<p>&nbsp;<\/p>\n<hr \/>\n<p>&nbsp;<\/p>\n<p>&nbsp;<\/p>\n<blockquote>\n<h3><a class=\"dt-pswp-item\" href=\"https:\/\/www.radiopiu.net\/wordpress\/wp-content\/uploads\/2024\/05\/SS.png\" data-dt-img-description=\"\" data-large_image_width=\"272\" data-large_image_height=\"138\"><img loading=\"lazy\" decoding=\"async\" class=\"size-full wp-image-389768 alignleft\" src=\"https:\/\/www.radiopiu.net\/wordpress\/wp-content\/uploads\/2024\/05\/SS.png\" alt=\"\" width=\"272\" height=\"138\" \/><\/a>Una Domenica di Divertimento e Creativit\u00e0 a &#8220;Belluno Balocchi&#8221;<\/h3>\n<p><em>spettacoli tra piazza dei Martiri, piazza Vittorio Emanuele e piazza delle Erbe. Con cantastorie, trampolieri e artisti itineranti, tra comicit\u00e0 e giocoleria, clownerie e arte di strada<\/em><\/p><\/blockquote>\n<p><strong>BELLUNO\u00a0<\/strong>La citt\u00e0 di Belluno ha ospitato la decima edizione di &#8220;Belluno Balocchi&#8221;, una manifestazione promossa dall&#8217;Associazione Pomi d&#8217;Ottone, che ha attirato un migliaio di persone con una vasta gamma di giochi creativi e laboratori per bambini di tutte le et\u00e0.<\/p>\n<p>&nbsp;<\/p>\n<p>&nbsp;<\/p>\n<hr \/>\n<p>&nbsp;<\/p>\n<blockquote>\n<h3>OGGI A BELLUNO I BAMBINI DIVENTANO SINDACI PER UN GIORNO<\/h3>\n<\/blockquote>\n<p><strong><a class=\"dt-pswp-item\" href=\"https:\/\/www.radiopiu.net\/wordpress\/wp-content\/uploads\/2022\/12\/PALAZZO-ROSSO.png\" data-dt-img-description=\"\" data-large_image_width=\"2076\" data-large_image_height=\"1328\"><img loading=\"lazy\" decoding=\"async\" class=\" wp-image-313801 alignleft\" src=\"https:\/\/www.radiopiu.net\/wordpress\/wp-content\/uploads\/2022\/12\/PALAZZO-ROSSO-300x192.png\" alt=\"\" width=\"167\" height=\"107\" srcset=\"https:\/\/www.radiopiu.net\/wordpress\/wp-content\/uploads\/2022\/12\/PALAZZO-ROSSO-300x192.png 300w, https:\/\/www.radiopiu.net\/wordpress\/wp-content\/uploads\/2022\/12\/PALAZZO-ROSSO-1024x655.png 1024w, https:\/\/www.radiopiu.net\/wordpress\/wp-content\/uploads\/2022\/12\/PALAZZO-ROSSO-768x491.png 768w, https:\/\/www.radiopiu.net\/wordpress\/wp-content\/uploads\/2022\/12\/PALAZZO-ROSSO-1536x983.png 1536w, https:\/\/www.radiopiu.net\/wordpress\/wp-content\/uploads\/2022\/12\/PALAZZO-ROSSO-2048x1310.png 2048w\" sizes=\"auto, (max-width: 167px) 100vw, 167px\" \/><\/a>BELLUNO<\/strong> Oggi a Palazzo Rosso si terr\u00e0 &#8220;Sindaco per un giorno&#8221;, un&#8217;iniziativa che coinvolger\u00e0 i bambini della scuola primaria di Badilet. L&#8217;obiettivo \u00e8 educare alla cittadinanza attiva e far comprendere il funzionamento delle istituzioni, partendo dal Sindaco, la Giunta e il Consiglio comunale. Questo progetto, parte della programmazione di Belluno dei Bambini e dei Ragazzi, mira a ridurre la distanza tra giovani e istituzioni. I bambini saranno accolti in Sala Consiglio per una lezione pratica e teorica sul funzionamento del Comune e avranno l&#8217;opportunit\u00e0 di simulare una riunione del Consiglio comunale, imparando giocando. L&#8217;evoluzione prevede aperture del Comune agli studenti e riunioni consiliari per bambini.<\/p>\n<p>&nbsp;<\/p>\n<p>&nbsp;<\/p>\n<hr \/>\n<p>&nbsp;<\/p>\n<blockquote>\n<h3>APPROVATO IL PROGETTO PER L&#8217;ILLUMINAZIONE PUBBLICA A PONTE NELLE ALPI<\/h3>\n<\/blockquote>\n<p><strong><a class=\"dt-pswp-item\" href=\"https:\/\/www.radiopiu.net\/wordpress\/wp-content\/uploads\/2024\/04\/Municipio_di_Ponte_nelle_Alpi.jpeg\" data-dt-img-description=\"\" data-large_image_width=\"1335\" data-large_image_height=\"1241\"><img loading=\"lazy\" decoding=\"async\" class=\" wp-image-387170 alignleft\" src=\"https:\/\/www.radiopiu.net\/wordpress\/wp-content\/uploads\/2024\/04\/Municipio_di_Ponte_nelle_Alpi-300x279.jpeg\" alt=\"\" width=\"130\" height=\"121\" srcset=\"https:\/\/www.radiopiu.net\/wordpress\/wp-content\/uploads\/2024\/04\/Municipio_di_Ponte_nelle_Alpi-300x279.jpeg 300w, https:\/\/www.radiopiu.net\/wordpress\/wp-content\/uploads\/2024\/04\/Municipio_di_Ponte_nelle_Alpi-1024x952.jpeg 1024w, https:\/\/www.radiopiu.net\/wordpress\/wp-content\/uploads\/2024\/04\/Municipio_di_Ponte_nelle_Alpi-768x714.jpeg 768w, https:\/\/www.radiopiu.net\/wordpress\/wp-content\/uploads\/2024\/04\/Municipio_di_Ponte_nelle_Alpi.jpeg 1335w\" sizes=\"auto, (max-width: 130px) 100vw, 130px\" \/><\/a>PONTE NELLE ALPI<\/strong> Il progetto di efficientamento dell&#8217;illuminazione pubblica per l&#8217;Oltrerai ha ottenuto il via libera. Diviso in lotti per sostenibilit\u00e0 economica, i primi tre sono completati e il quarto avviato, coinvolgendo Reveane, Mazzucchi, Arsi\u00e8 e Cadola. L&#8217;obiettivo \u00e8 ridurre i consumi energetici, mantenendo un servizio efficiente e costi contenuti. Nuovi impianti ad alta efficienza e lampade a basso consumo ridurranno l&#8217;inquinamento luminoso, migliorando la sicurezza stradale. Si adotter\u00e0 una luce bianca per una migliore resa cromatica e comfort visivo urbano. La conversione a LED generer\u00e0 risparmi per futuri investimenti. Il costo del singolo stralcio \u00e8 di 120mila euro, aggiunti ai 300mila precedentemente investiti nei Coi de Pera. Recentemente, sono stati avviati lavori del valore di 50mila euro a Lastreghe.<\/p>\n<p>&nbsp;<\/p>\n<p>&nbsp;<\/p>\n<hr \/>\n<p>&nbsp;<\/p>\n<blockquote>\n<h3>LO SPI CGIL INVITA I CITTADINI A FIRMARE<\/h3>\n<\/blockquote>\n<p><strong><a class=\"dt-pswp-item\" href=\"https:\/\/www.radiopiu.net\/wordpress\/wp-content\/uploads\/2020\/03\/spi-1.jpg\" data-dt-img-description=\"\" data-large_image_width=\"300\" data-large_image_height=\"167\"><img loading=\"lazy\" decoding=\"async\" class=\" wp-image-366015 alignleft\" src=\"https:\/\/www.radiopiu.net\/wordpress\/wp-content\/uploads\/2020\/03\/spi-1.jpg\" alt=\"\" width=\"169\" height=\"94\" \/><\/a>BELLUNO<\/strong> Il concetto di benessere ha radici nella legislazione e nell&#8217;OMS, sviluppandosi nella Conferenza Internazionale per la Promozione della Salute del 1986. Si focalizza sulla salute come risorsa quotidiana, ampliandosi da mera assenza di malattie a stato completo di salute fisica, mentale e psichica. Il Coordinamento donne dello Spi di Belluno affronta questo tema con prospettiva di genere, con interventi sulla nutrizione e l&#8217;attivit\u00e0 fisica per la salute, anche nell&#8217;invecchiamento attivo. Tutti sono invitati il 15 maggio per discutere di questi temi e firmare per i referendum sulla tutela del lavoro, riconoscendolo come bene comune.<\/p>\n<p>&nbsp;<\/p>\n<p>&nbsp;<\/p>\n<hr \/>\n<p>&nbsp;<\/p>\n<blockquote>\n<h3>GLI STATI GENERALI DELL&#8217;INTELLIGENZA ARTIFICIALE A BELLUNO<\/h3>\n<\/blockquote>\n<p><strong><a class=\"dt-pswp-item\" href=\"https:\/\/www.radiopiu.net\/wordpress\/wp-content\/uploads\/2021\/05\/CONFINDUSTRIA.png\" data-dt-img-description=\"\" data-large_image_width=\"575\" data-large_image_height=\"575\"><img loading=\"lazy\" decoding=\"async\" class=\" wp-image-211858 alignleft\" src=\"https:\/\/www.radiopiu.net\/wordpress\/wp-content\/uploads\/2021\/05\/CONFINDUSTRIA-300x300.png\" alt=\"\" width=\"115\" height=\"115\" srcset=\"https:\/\/www.radiopiu.net\/wordpress\/wp-content\/uploads\/2021\/05\/CONFINDUSTRIA-300x300.png 300w, https:\/\/www.radiopiu.net\/wordpress\/wp-content\/uploads\/2021\/05\/CONFINDUSTRIA-150x150.png 150w, https:\/\/www.radiopiu.net\/wordpress\/wp-content\/uploads\/2021\/05\/CONFINDUSTRIA.png 575w\" sizes=\"auto, (max-width: 115px) 100vw, 115px\" \/><\/a>BELLUNO\u00a0<\/strong>Gli Stati Generali dell&#8217;Intelligenza Artificiale a Belluno il 16 e 17 maggio riuniranno imprese e ricercatori per discutere della transizione in corso. Lorraine Berton di Confindustria Belluno Dolomiti sottolinea l&#8217;importanza di trasformare questa rivoluzione in opportunit\u00e0 per la manifattura locale. Il tema \u00e8 cruciale per il territorio bellunese, uno dei principali poli manifatturieri. Il coinvolgimento delle nuove generazioni \u00e8 essenziale per il successo, con un appello a giovani imprenditori e professionisti. Enzo Peruffo della Luiss Business School evidenzia l&#8217;importanza della formazione per guidare l&#8217;AI nelle organizzazioni. La prima giornata sar\u00e0 incentrata su come l&#8217;AI stia ridisegnando il business e la vita quotidiana, con interventi di esperti come Roberto Race, Fabio De Felice e Nello Cristianini. Il secondo giorno sar\u00e0 dedicato agli incontri tra imprese e startup.<\/p>\n<p>&nbsp;<\/p>\n<p>&nbsp;<\/p>\n<hr \/>\n<p>&nbsp;<\/p>\n<blockquote>\n<h1>SPECIALE ELEZIONI COMUNALI 2024<\/h1>\n<\/blockquote>\n<h2><span style=\"color: #ff0000;\"><strong><a class=\"dt-pswp-item\" href=\"https:\/\/www.radiopiu.net\/wordpress\/wp-content\/uploads\/2019\/12\/icona_sindaco.png\" data-dt-img-description=\"\" data-large_image_width=\"300\" data-large_image_height=\"400\"><img loading=\"lazy\" decoding=\"async\" class=\" wp-image-108460 alignleft\" src=\"https:\/\/www.radiopiu.net\/wordpress\/wp-content\/uploads\/2019\/12\/icona_sindaco-225x300.png\" alt=\"\" width=\"102\" height=\"136\" srcset=\"https:\/\/www.radiopiu.net\/wordpress\/wp-content\/uploads\/2019\/12\/icona_sindaco-225x300.png 225w, https:\/\/www.radiopiu.net\/wordpress\/wp-content\/uploads\/2019\/12\/icona_sindaco.png 300w\" sizes=\"auto, (max-width: 102px) 100vw, 102px\" \/><\/a>AGORDINO<\/strong><\/span><\/h2>\n<p><strong>DI GIANNI SANTOMASO<\/strong><\/p>\n<p>&nbsp;<\/p>\n<p>&nbsp;<\/p>\n<p>&nbsp;<\/p>\n<p><span style=\"color: #0000ff;\"><strong>AGORDO<\/strong><\/span><\/p>\n<p>CANDIDATO SINDACO: Roberto Chissal\u00e8<\/p>\n<p>CANDIDATO SINDACO: Paolo Selva Moretti<\/p>\n<audio class=\"wp-audio-shortcode\" id=\"audio-389504-11\" preload=\"none\" style=\"width: 100%;\" controls=\"controls\"><source type=\"audio\/mpeg\" src=\"https:\/\/www.radiopiu.net\/wordpress\/wp-content\/uploads\/2024\/05\/GIANNI-AGORDO.mp3?_=11\" \/><a href=\"https:\/\/www.radiopiu.net\/wordpress\/wp-content\/uploads\/2024\/05\/GIANNI-AGORDO.mp3\">https:\/\/www.radiopiu.net\/wordpress\/wp-content\/uploads\/2024\/05\/GIANNI-AGORDO.mp3<\/a><\/audio>\n<p>&nbsp;<\/p>\n<p><span style=\"color: #0000ff;\"><strong>TAIBON<\/strong><\/span><\/p>\n<p>CANDIDATO SINDACO: Silvia Tormen<\/p>\n<audio class=\"wp-audio-shortcode\" id=\"audio-389504-12\" preload=\"none\" style=\"width: 100%;\" controls=\"controls\"><source type=\"audio\/mpeg\" src=\"https:\/\/www.radiopiu.net\/wordpress\/wp-content\/uploads\/2024\/05\/GIANNI-TAIBON.mp3?_=12\" \/><a href=\"https:\/\/www.radiopiu.net\/wordpress\/wp-content\/uploads\/2024\/05\/GIANNI-TAIBON.mp3\">https:\/\/www.radiopiu.net\/wordpress\/wp-content\/uploads\/2024\/05\/GIANNI-TAIBON.mp3<\/a><\/audio>\n<p>&nbsp;<\/p>\n<p><span style=\"color: #0000ff;\"><strong>LA VALLE<\/strong><\/span><\/p>\n<p>CANDIDATO SINDACO: Ezio Zuanel<\/p>\n<audio class=\"wp-audio-shortcode\" id=\"audio-389504-13\" preload=\"none\" style=\"width: 100%;\" controls=\"controls\"><source type=\"audio\/mpeg\" src=\"https:\/\/www.radiopiu.net\/wordpress\/wp-content\/uploads\/2024\/05\/GIANNI-LA-VALLE.mp3?_=13\" \/><a href=\"https:\/\/www.radiopiu.net\/wordpress\/wp-content\/uploads\/2024\/05\/GIANNI-LA-VALLE.mp3\">https:\/\/www.radiopiu.net\/wordpress\/wp-content\/uploads\/2024\/05\/GIANNI-LA-VALLE.mp3<\/a><\/audio>\n<p>&nbsp;<\/p>\n<p><span style=\"color: #0000ff;\"><strong>ALLEGHE<\/strong><\/span><\/p>\n<p>CANDIDATO SINDACO: Danilo De Toni<\/p>\n<audio class=\"wp-audio-shortcode\" id=\"audio-389504-14\" preload=\"none\" style=\"width: 100%;\" controls=\"controls\"><source type=\"audio\/mpeg\" src=\"https:\/\/www.radiopiu.net\/wordpress\/wp-content\/uploads\/2024\/05\/GIANNI-ALLEGHE.mp3?_=14\" \/><a href=\"https:\/\/www.radiopiu.net\/wordpress\/wp-content\/uploads\/2024\/05\/GIANNI-ALLEGHE.mp3\">https:\/\/www.radiopiu.net\/wordpress\/wp-content\/uploads\/2024\/05\/GIANNI-ALLEGHE.mp3<\/a><\/audio>\n<p>&nbsp;<\/p>\n<p><span style=\"color: #0000ff;\"><strong>ROCCA PIETORE<\/strong><\/span><\/p>\n<p>CANDIDATO SINDACO: Valerio Davare<\/p>\n<p>CANDIDATO SINDACO: Alessandro Darman<\/p>\n<audio class=\"wp-audio-shortcode\" id=\"audio-389504-15\" preload=\"none\" style=\"width: 100%;\" controls=\"controls\"><source type=\"audio\/mpeg\" src=\"https:\/\/www.radiopiu.net\/wordpress\/wp-content\/uploads\/2024\/05\/GIANNI-ROCCA-PIETORE.mp3?_=15\" \/><a href=\"https:\/\/www.radiopiu.net\/wordpress\/wp-content\/uploads\/2024\/05\/GIANNI-ROCCA-PIETORE.mp3\">https:\/\/www.radiopiu.net\/wordpress\/wp-content\/uploads\/2024\/05\/GIANNI-ROCCA-PIETORE.mp3<\/a><\/audio>\n<p>&nbsp;<\/p>\n<p><span style=\"color: #0000ff;\"><strong>SAN TOMASO<\/strong><\/span><\/p>\n<p>CANDIDATO SINDACO: Moreno De Val<\/p>\n<audio class=\"wp-audio-shortcode\" id=\"audio-389504-16\" preload=\"none\" style=\"width: 100%;\" controls=\"controls\"><source type=\"audio\/mpeg\" src=\"https:\/\/www.radiopiu.net\/wordpress\/wp-content\/uploads\/2024\/05\/GIANNI-SAN-TOMASO.mp3?_=16\" \/><a href=\"https:\/\/www.radiopiu.net\/wordpress\/wp-content\/uploads\/2024\/05\/GIANNI-SAN-TOMASO.mp3\">https:\/\/www.radiopiu.net\/wordpress\/wp-content\/uploads\/2024\/05\/GIANNI-SAN-TOMASO.mp3<\/a><\/audio>\n<p>&nbsp;<\/p>\n<p><span style=\"color: #0000ff;\"><strong>VALLADA<\/strong><\/span><\/p>\n<p>CANDIDATO SINDACO: Fabio Ferdinando Luchetta<\/p>\n<audio class=\"wp-audio-shortcode\" id=\"audio-389504-17\" preload=\"none\" style=\"width: 100%;\" controls=\"controls\"><source type=\"audio\/mpeg\" src=\"https:\/\/www.radiopiu.net\/wordpress\/wp-content\/uploads\/2024\/05\/GIANNI-VALLADA.mp3?_=17\" \/><a href=\"https:\/\/www.radiopiu.net\/wordpress\/wp-content\/uploads\/2024\/05\/GIANNI-VALLADA.mp3\">https:\/\/www.radiopiu.net\/wordpress\/wp-content\/uploads\/2024\/05\/GIANNI-VALLADA.mp3<\/a><\/audio>\n<p>&nbsp;<\/p>\n<p><strong><span style=\"color: #0000ff;\">LIVINALLONGO DEL COL DI LANA <\/span><\/strong>CANDIDATO SINDACO: Leandro Grones CANDIDATO SINDACO: Oscar Nagler<\/p>\n<h2><span style=\"color: #ff0000;\"><strong>IL RESTO DELLA PROVINCIA<\/strong><\/span><\/h2>\n<p><span style=\"color: #0000ff;\"><strong>PONTE NELLE ALPI <\/strong><\/span>CANDIDATO SINDACO: Roger De Menech. CANDIDATO SINDACO: Elena Levorato. <span style=\"color: #0000ff;\"><strong>LONGARONE <\/strong><\/span>CANDIDATO SINDACO: Roberto Padrin. <span style=\"color: #0000ff;\"><strong>OSPITALE <\/strong><\/span>CANDIDATO SINDACO Roberto Santin. CANDIDATO SINDACO Omar Canzan. <span style=\"color: #0000ff;\"><strong>CHIES D&#8217;ALPAGO <\/strong><\/span>CANDIDATO SINDACO Gianluca Dal Borgo. <span style=\"color: #0000ff;\"><strong>LIMANA <\/strong><\/span>CANDIDATO SINDACO Milena De Zanet. CANDIDATO SINDACO Michele Talo. CANDIDATO SINDACO Marta Picinotti. CANDIDATO SINDACO Martino Fogliato <span style=\"color: #0000ff;\"><strong>BORGO VALBELLUNA <\/strong><\/span>CANDIDATO SINDACO Dario Dal Magro CANDIDATO SINDACO Stefano Cesa <span style=\"color: #0000ff;\"><strong>SEDICO <\/strong><\/span>CANDIDATO SINDACO Gioia Sacchet CANDIDATO SINDACO Christian Roldo CANDIDATO SINDACO Stefano Deon <span style=\"color: #0000ff;\"><strong>CIBIANA DI CADORE <\/strong><\/span>CANDIDATO SINDACO Mattia Gosetti CANDIDATO SINDACO Sandro Gerardi <span style=\"color: #0000ff;\"><strong>SAN VITO DI CADORE <\/strong><\/span>CANDIDATO SINDACO Franco De Bon CANDIDATO SINDACO Anna Rosa Martinelli <span style=\"color: #0000ff;\"><strong>CALALZO DI CADORE <\/strong><\/span>CANDIDATO SINDACO Luca Fanton <span style=\"color: #0000ff;\"><strong>DANTA DI CADORE <\/strong><\/span>CANDIDATO SINDACO Andrea Chist\u00e8 CANDIDATO SINDACO Thomas Menia Corbanese <span style=\"color: #0000ff;\"><strong>DOMEGGE DI CADORE <\/strong><\/span>CANDIDATO SINDACO Achille Barnab\u00f2 CANDIDATO SINDACO Lino Paolo Fedon <span style=\"color: #0000ff;\"><strong>LORENZAGO DI CADORE <\/strong><\/span>CANDIDATO SINDACO Marco D&#8217;ambros <span style=\"color: #0000ff;\"><strong>PERAROLO DI CADORE <\/strong><\/span><span style=\"color: #000000;\">CANDIDATO SINDACO Pierluigi Svaluto Ferro <\/span><span style=\"color: #0000ff;\"><strong>SAN NICOLO&#8217; COMELICO <\/strong><\/span>CANDIDATO SINDACO Giancarlo Ianese <span style=\"color: #0000ff;\"><strong>SAN PIETRO DI CADORE <\/strong><\/span>CANDIDATO SINDACO Alfredo Comis <span style=\"color: #0000ff;\"><strong>SANTA GIUSTINA <\/strong><\/span>CANDIDATO SINDACO Ivan Minella CANDIDATO SINDACO Ennio Vigne <span style=\"color: #0000ff;\"><strong>SETTEVILLE <\/strong><\/span>CANDIDATO SINDACO Bruno Zanolla CANDIDATO SINDACO Antonio Mondin <span style=\"color: #0000ff;\"><strong>ARSIE&#8217; <\/strong><\/span>CANDIDATO SINDACO Luca Strapazzon CANDIDATO SINDACO Ivano Faoro CANDIDATO SINDACO Pierpaolo Brustolin <span style=\"color: #0000ff;\"><strong>SEREN DEL GRAPPA <\/strong><\/span>CANDIDATO SINDACO Dario Scopel CANDIDATO SINDACO Tania Santi <span style=\"color: #0000ff;\"><strong>PEDAVENA <\/strong><\/span>CANDIDATO SINDACO Nicola Castellaz<\/p>\n<p>&nbsp;<\/p>\n<p>&nbsp;<\/p>\n<hr \/>\n<p>&nbsp;<\/p>\n<h2><span style=\"color: #ff0000;\">CONSIGLI COMUNALI IN AGORDINO<\/span><\/h2>\n<p><strong>CENCENIGHE<\/strong> Consiglio comunale martedi alle 20:30. Cinque punti all&#8217;ordine del giorno tra cui l&#8217;approvazione del rendiconto della gestione 2023, approvazione del bilancio di ASCA del 2023 e per il 2024, approvazione della convenzione con l&#8217;ULSS 1 Dolomiti per le impegnative<\/p>\n<p><strong>SAN TOMASO<\/strong> Convocato il consiglio comunale per mercoled\u00ec alle 20. Quattri i punti da discutere tra cui l&#8217;approvazione del rendiconto della gestione 2023 e approvazione del bilancio di ASCA del 2023 e per il 2024<\/p>\n<p>&nbsp;<\/p>\n<div class=\"moz-text-html\" lang=\"x-unicode\"><\/div>\n<p>&nbsp;<\/p>\n<hr \/>\n<p>&nbsp;<\/p>\n<p>&nbsp;<\/p>\n<blockquote>\n<h3 class=\"entry-title\"><a class=\"dt-pswp-item\" href=\"https:\/\/www.radiopiu.net\/wordpress\/wp-content\/uploads\/2023\/11\/road-5089188_640.jpg\" data-dt-img-description=\"\" data-large_image_width=\"640\" data-large_image_height=\"429\"><img loading=\"lazy\" decoding=\"async\" class=\"wp-image-361495 alignleft\" src=\"https:\/\/www.radiopiu.net\/wordpress\/wp-content\/uploads\/2023\/11\/road-5089188_640-300x201.jpg\" alt=\"\" width=\"137\" height=\"92\" srcset=\"https:\/\/www.radiopiu.net\/wordpress\/wp-content\/uploads\/2023\/11\/road-5089188_640-300x201.jpg 300w, https:\/\/www.radiopiu.net\/wordpress\/wp-content\/uploads\/2023\/11\/road-5089188_640.jpg 640w\" sizes=\"auto, (max-width: 137px) 100vw, 137px\" \/><\/a>STRADA PER DIGONERA, UN MESE DI CHIUSURE DIURNE-FERIALI<\/h3>\n<\/blockquote>\n<p><strong>ROCCA PIETORE<\/strong> Dal 6 maggio al 10 giugno chiusura totale della provinciale 563 di Salesei in localit\u00e0 Digonera dalle 7.30 alle 12.30 e dalle 13.30 alle 18, dal lunedi al venerdi. Negli altri orari, h 24 sabato e domenica compresi, senso unico alternato regolato da semaforo<\/p>\n<p><span style=\"color: #000000;\"><strong>SEDICO<\/strong> <\/span>SR 203 AGORDINA localit\u00e0 Peron-La Stanga, dal 6 al 17 maggio, sabato e domenica escluso, senso unico alternato regolato da movieri per tratti di 200 metri<\/p>\n<p><strong>FALCADE<\/strong> Dal 13 maggio al 14 giugno a Caviola. chiusura temporanea al traffico veicolare dalle 7 alle 18, dal lunedi al venerdi, di via Cime d&#8217;Auta, dall&#8217;intersezione con Piazza XX agosto all&#8217;intersezione con Via Tabiadon di Val. Negli altri orari senso unico alternato.<\/p>\n<p>&nbsp;<\/p>\n<p>&nbsp;<\/p>\n<hr \/>\n<p>&nbsp;<\/p>\n<div class=\"page-title-head hgroup\">\n<blockquote>\n<h3 class=\"entry-title\">GRANDE SUCCESSO PER I GIOVANI TALENTI DI ADA AL CONCORSO \u201cLA VITA IN UN SORRISO\u201d A SACILE<\/h3>\n<\/blockquote>\n<\/div>\n<div class=\"page-title-breadcrumbs\">\n<table>\n<tbody>\n<tr>\n<th>Categoria<\/th>\n<th>Posizione<\/th>\n<th><\/th>\n<th>Coreografia<\/th>\n<\/tr>\n<tr>\n<td>Hip Hop Junior<\/td>\n<td>1\u00b0 Classificato<\/td>\n<td>13 ballerini e ballerine di hip hop 1<\/td>\n<td>&#8220;Essere gentile&#8221; &#8211; Coreografia di Fabiola Prompicai<\/td>\n<\/tr>\n<tr>\n<td>Modern Junior Over<\/td>\n<td>1\u00b0 Classificate<\/td>\n<td>15 ragazze del gruppo modern 3<\/td>\n<td>&#8220;Me &#8230;inside in my shirt&#8221; &#8211; Coreografia di Roberta Reolon<\/td>\n<\/tr>\n<tr>\n<td>Contemporaneo Senior<\/td>\n<td>3\u00b0 Classificato<\/td>\n<td>Gruppo di contemporanea<\/td>\n<td>&#8220;Perd\u00f2no&#8221; &#8211; Coreografia di Vanessa Lagan\u00e0<\/td>\n<\/tr>\n<tr>\n<td><\/td>\n<td><\/td>\n<td><\/td>\n<td>&#8220;Biglie e monete&#8221; &#8211; Coreografia di Vanessa Lagan\u00e0<\/td>\n<\/tr>\n<tr>\n<td>Modern Avanzato<\/td>\n<td>Premiato CON LA BORSA DI STUDIO<\/td>\n<td>Gruppo modern avanzato<\/td>\n<\/tr>\n<\/tbody>\n<\/table>\n<p>&nbsp;<\/p>\n<div class=\"flex-1 overflow-hidden\">\n<div class=\"react-scroll-to-bottom--css-rkhnb-79elbk h-full\">\n<div class=\"react-scroll-to-bottom--css-rkhnb-1n7m0yu\">\n<div class=\"flex flex-col text-sm pb-9\">\n<div class=\"w-full text-token-text-primary\" dir=\"auto\" data-testid=\"conversation-turn-63\" data-scroll-anchor=\"true\">\n<div class=\"py-2 px-3 text-base md:px-4 m-auto md:px-5 lg:px-1 xl:px-5\">\n<div class=\"mx-auto flex flex-1 gap-3 text-base juice:gap-4 juice:md:gap-6 md:max-w-3xl lg:max-w-[40rem] xl:max-w-[48rem]\">\n<div class=\"relative flex w-full min-w-0 flex-col agent-turn\">\n<div class=\"flex-col gap-1 md:gap-3\">\n<div class=\"flex flex-grow flex-col max-w-full\">\n<div class=\"min-h-[20px] text-message flex flex-col items-start whitespace-pre-wrap break-words [.text-message+&amp;]:mt-5 juice:w-full juice:items-end overflow-x-auto gap-3\" dir=\"auto\" data-message-author-role=\"assistant\" data-message-id=\"a10db28a-403b-4896-941b-4e1455510bc3\">\n<div class=\"markdown prose w-full break-words dark:prose-invert dark\">\n<div class=\"w-full text-token-text-primary\" dir=\"auto\" data-testid=\"conversation-turn-62\" data-scroll-anchor=\"false\">\n<div class=\"py-2 px-3 text-base md:px-4 m-auto md:px-5 lg:px-1 xl:px-5\">\n<div class=\"mx-auto flex flex-1 gap-3 text-base juice:gap-4 juice:md:gap-6 md:max-w-3xl lg:max-w-[40rem] xl:max-w-[48rem]\">\n<div class=\"relative flex w-full min-w-0 flex-col\">\n<div class=\"flex-col gap-1 md:gap-3\">\n<div class=\"flex flex-grow flex-col max-w-full\">\n<div class=\"min-h-[20px] text-message flex flex-col items-start whitespace-pre-wrap break-words [.text-message+&amp;]:mt-5 juice:w-full juice:items-end overflow-x-auto gap-3\" dir=\"auto\" data-message-author-role=\"user\" data-message-id=\"aaa20cee-8ba7-497b-b312-66d12c402b04\">\n<div class=\"relative max-w-[90%]\">Grande domenica per le ragazze e i ragazzi di ADA, scesi a Sacile per la decima edizione del concorso \u201cla vita in un sorriso\u201d, nel bellissimo e prestigioso teatro Zancanaro e con una giuria \u201cdi qualit\u00e0\u201d ; ecco come si sono classificati: primo classificato il gruppo dei 13 ballerini e ballerine di hip hop 1 , categoria hip hop junior , ( hanno dai 9 ai 12 anni) al loro primo concorso : hanno incantato il pubblico con la coreografia di Fabiola Prompicai \u201c Essere gentile\u201d. prime classificate le 15 ragazze del gruppo modern 3, categoria modern junior over ( dai 12 ai 14 anni) con la coreografia \u201cMe &#8230;inside in my shirt\u201d di Roberta Reolon : concentrate, hanno emozionato il pubblico e sono state applauditissime. Con due coreografie di Vanessa Lagan\u00e0, \u201cPerd\u00f2no\u201d e \u201cBiglie e monete\u201d , il gruppo di contemporanea si \u00e8 classificato terzo nella categoria contemporaneo senior e nella stessa categoria il gruppo modern avanzato ha ricevuto una borsa di studio . A Vanessa il premio per il \u201cmiglior talento\u201d come coreografa assegnato dai giudici dello stage collegato al conorso. Borse di studio anche per gli altri gruppi premiati. Una trasferta ( con 24 genitori al seguito a fare il \u201ctifo\u201d ) di massima soddisfazione, emozione e divertimento.<\/div>\n<\/div>\n<\/div>\n<div class=\"mt-1 flex gap-3 empty:hidden juice:mr-1 juice:flex-row-reverse\">\n<div class=\"-ml-1 mt-0 flex h-7 items-center justify-center gap-[2px] self-end text-gray-400 lg:justify-start lg:self-center visible\"><\/div>\n<\/div>\n<\/div>\n<\/div>\n<\/div>\n<\/div>\n<\/div>\n<div class=\"w-full text-token-text-primary\" dir=\"auto\" data-testid=\"conversation-turn-63\" data-scroll-anchor=\"true\">\n<div class=\"py-2 px-3 text-base md:px-4 m-auto md:px-5 lg:px-1 xl:px-5\">\n<div class=\"mx-auto flex flex-1 gap-3 text-base juice:gap-4 juice:md:gap-6 md:max-w-3xl lg:max-w-[40rem] xl:max-w-[48rem]\">\n<div class=\"flex-shrink-0 flex flex-col relative items-end\">\n<div>\n<div class=\"pt-0.5\">\n<div class=\"gizmo-bot-avatar flex h-6 w-6 items-center justify-center overflow-hidden rounded-full juice:h-8 juice:w-8\">\n<div class=\"relative p-1 rounded-sm flex items-center justify-center bg-token-main-surface-primary text-token-text-primary h-6 w-6\"><\/div>\n<\/div>\n<\/div>\n<\/div>\n<\/div>\n<\/div>\n<\/div>\n<\/div>\n<\/div>\n<\/div>\n<\/div>\n<\/div>\n<\/div>\n<\/div>\n<\/div>\n<\/div>\n<\/div>\n<\/div>\n<\/div>\n<\/div>\n\n\t\t\t<style type='text\/css'>\n\t\t\t\t#gallery-6 {\n\t\t\t\t\tmargin: auto;\n\t\t\t\t}\n\t\t\t\t#gallery-6 .gallery-item {\n\t\t\t\t\tfloat: left;\n\t\t\t\t\tmargin-top: 10px;\n\t\t\t\t\ttext-align: center;\n\t\t\t\t\twidth: 20%;\n\t\t\t\t}\n\t\t\t\t#gallery-6 img {\n\t\t\t\t\tborder: 2px solid #cfcfcf;\n\t\t\t\t}\n\t\t\t\t#gallery-6 .gallery-caption {\n\t\t\t\t\tmargin-left: 0;\n\t\t\t\t}\n\t\t\t\t\/* see gallery_shortcode() in wp-includes\/media.php *\/\n\t\t\t<\/style>\n\t\t<div id='gallery-6' class='dt-gallery-container gallery galleryid-389504 gallery-columns-5 gallery-size-thumbnail'><dl class='gallery-item'>\n\t\t\t\t<dt class='gallery-icon landscape'>\n\t\t\t\t\t<a class=\"rollover rollover-zoom dt-pswp-item\" title=\"Hiphop1 cat. Hiphop children 1\u00b0 classificato + borse di studio + invito a Londra\" data-dt-img-description=\"\" data-large_image_width=\"1600\" data-large_image_height=\"1200\"href='https:\/\/www.radiopiu.net\/wordpress\/wp-content\/uploads\/2024\/05\/Hiphop1-cat.-Hiphop-children-1\u00b0-classificato-borse-di-studio-invito-a-Londra.jpg'><img loading=\"lazy\" decoding=\"async\" width=\"150\" height=\"150\" src=\"https:\/\/www.radiopiu.net\/wordpress\/wp-content\/uploads\/2024\/05\/Hiphop1-cat.-Hiphop-children-1\u00b0-classificato-borse-di-studio-invito-a-Londra-150x150.jpg\" class=\"attachment-thumbnail size-thumbnail\" alt=\"\" aria-describedby=\"gallery-6-389759\" \/><\/a>\n\t\t\t\t<\/dt>\n\t\t\t\t\t<dd class='wp-caption-text gallery-caption' id='gallery-6-389759'>\n\t\t\t\t\tHiphop1 cat. Hiphop children 1\u00b0 classificato + borse di studio + invito a Londra\n\t\t\t\t\t<\/dd><\/dl><dl class='gallery-item'>\n\t\t\t\t<dt class='gallery-icon landscape'>\n\t\t\t\t\t<a class=\"rollover rollover-zoom dt-pswp-item\" title=\"GRUPPI MODERN AVANZATO E CONTEMPORANEO\" data-dt-img-description=\"\" data-large_image_width=\"2048\" data-large_image_height=\"1536\"href='https:\/\/www.radiopiu.net\/wordpress\/wp-content\/uploads\/2024\/05\/GRUPPI-MODERN-AVANZATO-E-CONTEMPORANEO.jpg'><img loading=\"lazy\" decoding=\"async\" width=\"150\" height=\"150\" src=\"https:\/\/www.radiopiu.net\/wordpress\/wp-content\/uploads\/2024\/05\/GRUPPI-MODERN-AVANZATO-E-CONTEMPORANEO-150x150.jpg\" class=\"attachment-thumbnail size-thumbnail\" alt=\"\" aria-describedby=\"gallery-6-389756\" \/><\/a>\n\t\t\t\t<\/dt>\n\t\t\t\t\t<dd class='wp-caption-text gallery-caption' id='gallery-6-389756'>\n\t\t\t\t\tGRUPPI MODERN AVANZATO E CONTEMPORANEO\n\t\t\t\t\t<\/dd><\/dl><dl class='gallery-item'>\n\t\t\t\t<dt class='gallery-icon landscape'>\n\t\t\t\t\t<a class=\"rollover rollover-zoom dt-pswp-item\" title=\"MODERN 3\" data-dt-img-description=\"\" data-large_image_width=\"1600\" data-large_image_height=\"720\"href='https:\/\/www.radiopiu.net\/wordpress\/wp-content\/uploads\/2024\/05\/MODERN-3.jpg'><img loading=\"lazy\" decoding=\"async\" width=\"150\" height=\"150\" src=\"https:\/\/www.radiopiu.net\/wordpress\/wp-content\/uploads\/2024\/05\/MODERN-3-150x150.jpg\" class=\"attachment-thumbnail size-thumbnail\" alt=\"\" aria-describedby=\"gallery-6-389757\" \/><\/a>\n\t\t\t\t<\/dt>\n\t\t\t\t\t<dd class='wp-caption-text gallery-caption' id='gallery-6-389757'>\n\t\t\t\t\tMODERN 3\n\t\t\t\t\t<\/dd><\/dl><dl class='gallery-item'>\n\t\t\t\t<dt class='gallery-icon landscape'>\n\t\t\t\t\t<a class=\"rollover rollover-zoom dt-pswp-item\" title=\"GRUPPO HIP HOP 1\" data-dt-img-description=\"\" data-large_image_width=\"1600\" data-large_image_height=\"1200\"href='https:\/\/www.radiopiu.net\/wordpress\/wp-content\/uploads\/2024\/05\/GRUPPO-HIP-HOP-1.jpg'><img loading=\"lazy\" decoding=\"async\" width=\"150\" height=\"150\" src=\"https:\/\/www.radiopiu.net\/wordpress\/wp-content\/uploads\/2024\/05\/GRUPPO-HIP-HOP-1-150x150.jpg\" class=\"attachment-thumbnail size-thumbnail\" alt=\"\" aria-describedby=\"gallery-6-389758\" \/><\/a>\n\t\t\t\t<\/dt>\n\t\t\t\t\t<dd class='wp-caption-text gallery-caption' id='gallery-6-389758'>\n\t\t\t\t\tGRUPPO HIP HOP 1\n\t\t\t\t\t<\/dd><\/dl><dl class='gallery-item'>\n\t\t\t\t<dt class='gallery-icon landscape'>\n\t\t\t\t\t<a class=\"rollover rollover-zoom dt-pswp-item\" title=\"Hiphop1 cat. Hiphop children 1\u00b0 classificato + borse di studio + invito a Londra\" data-dt-img-description=\"\" data-large_image_width=\"1600\" data-large_image_height=\"1200\"href='https:\/\/www.radiopiu.net\/wordpress\/wp-content\/uploads\/2024\/05\/Hiphop1-cat.-Hiphop-children-1\u00b0-classificato-borse-di-studio-invito-a-Londra-1.jpg'><img loading=\"lazy\" decoding=\"async\" width=\"150\" height=\"150\" src=\"https:\/\/www.radiopiu.net\/wordpress\/wp-content\/uploads\/2024\/05\/Hiphop1-cat.-Hiphop-children-1\u00b0-classificato-borse-di-studio-invito-a-Londra-1-150x150.jpg\" class=\"attachment-thumbnail size-thumbnail\" alt=\"\" aria-describedby=\"gallery-6-389760\" \/><\/a>\n\t\t\t\t<\/dt>\n\t\t\t\t\t<dd class='wp-caption-text gallery-caption' id='gallery-6-389760'>\n\t\t\t\t\tHiphop1 cat. Hiphop children 1\u00b0 classificato + borse di studio + invito a Londra\n\t\t\t\t\t<\/dd><\/dl><br style=\"clear: both\" \/>\n\t\t\t<\/div>\n\n<p>&nbsp;<\/p>\n<\/div>\n<p>&nbsp;<\/p>\n<p>&nbsp;<\/p>\n<p>&nbsp;<\/p>\n<hr \/>\n<p>&nbsp;<\/p>\n<h1 class=\"entry-title\">TIR: SULL\u2019A4 MILANO-VENEZIA SONO IL DOPPIO CHE SULLA TORINO-MILANO<\/h1>\n<p><strong class=\"photoswipe-wrapper\"><a class=\"dt-pswp-item pspw-wrap-ready\" href=\"https:\/\/www.radiopiu.net\/wordpress\/wp-content\/uploads\/2024\/05\/Schermata-2024-05-11-alle-09.27.27.png\" data-dt-img-description=\"\" data-large_image_width=\"890\" data-large_image_height=\"1208\"><img loading=\"lazy\" decoding=\"async\" class=\"size-medium wp-image-389551 alignleft\" src=\"https:\/\/www.radiopiu.net\/wordpress\/wp-content\/uploads\/2024\/05\/Schermata-2024-05-11-alle-09.27.27-221x300.png\" sizes=\"auto, (max-width: 221px) 100vw, 221px\" srcset=\"https:\/\/www.radiopiu.net\/wordpress\/wp-content\/uploads\/2024\/05\/Schermata-2024-05-11-alle-09.27.27-221x300.png 221w, https:\/\/www.radiopiu.net\/wordpress\/wp-content\/uploads\/2024\/05\/Schermata-2024-05-11-alle-09.27.27-754x1024.png 754w, https:\/\/www.radiopiu.net\/wordpress\/wp-content\/uploads\/2024\/05\/Schermata-2024-05-11-alle-09.27.27-768x1042.png 768w, https:\/\/www.radiopiu.net\/wordpress\/wp-content\/uploads\/2024\/05\/Schermata-2024-05-11-alle-09.27.27.png 890w\" alt=\"\" width=\"221\" height=\"300\" \/><\/a>Il baricentro del sistema produttivo italiano si \u00e8 spostato a est: Milano, Bologna e Venezia sugli scudi<\/strong><\/p>\n<p>Il numero di mezzi pesanti che ogni giorno sfreccia lungo quasi tutta l\u2019A4 Milano-Venezia \u00e8 doppio rispetto a quello che corre sulla tratta Torino-Milano; mentre la Brescia-Padova continua essere la tratta autostradale pi\u00f9 trafficata d\u2019Italia, anche dagli autoarticolati. Sebbene rappresenti un indicatore molto empirico, i flussi di traffico dei Tir ci confermano quello che le statistiche economiche ci segnalano da tempo; Milano continua a essere la capitale economica e finanziaria del Paese, ma da qualche decennio il triangolo industriale del Paese \u00e8 ruotato di 180 gradi.<\/p>\n<p><strong>Il baricentro del sistema produttivo si \u00e8 spostato a est<\/strong><br \/>\nSe il capoluogo regionale lombardo nel corso degli ultimi decenni ha rafforzato la sua centralit\u00e0, gli altri due vertici non sono pi\u00f9 Torino e Genova, ma Venezia e Bologna. Per numero di imprese, di lavoratori, di fatturato e di Pil non ci sono confronti; anche gli \u201cspostamenti\u201d delle merci su gomma confermano il \u201csorpasso\u201d. Il vecchio triangolo pi\u00f9 produttivo del Paese che poggiava sul Nordovest \u00e8 stato \u201cscalzato\u201d dal nuovo che, adesso, parte da Milano e racchiude tutto il Nordest. Insomma, il baricentro del sistema produttivo italiano si \u00e8 spostato a est, dove abbiamo un modello economico pi\u00f9 avanzato in cui la manifattura, il terziario e la logistica tendono ad integrarsi e diventare un tutt\u2019uno; con Lombardia, Emilia Romagna e Veneto sugli scudi.<\/p>\n<p class=\"photoswipe-wrapper\"><strong>Sulla Brescia-Padova viaggiano 3 volte i Tir che mediamente solcano l\u2019intera rete autostradale italiana. Sul Passante\/Tangenziale di Mestre, invece, sono il doppio<\/strong><br \/>\nIl risultato che emerge dall\u2019elaborazione messa a punto dall\u2019Ufficio studi della CGIA su dati dell\u2019Associazione Italiana Societ\u00e0 Concessionarie Autostrade e Trafori (AISCAT) \u00e8 inequivocabile: se lungo l\u2019autostrada A4 Brescia-Padova nel I semestre 2023 sono transitati 28.618 veicoli pesanti teorici medi al giorno, sulla Milano-Brescia ne abbiamo \u201ccontati\u201d 25.920, mentre sulla Torino-Milano \u201csolo\u201d 13.636: praticamente la met\u00e0 delle due cifre appena citate. Per quanto riguarda le altre autostrade venete, spiccano i 19.568 Tir teorici medi giornalieri che \u201csolcano\u201d il cosiddetto Passante\/Tangenziale di Mestre (A4-A57),\u00a0<a class=\"dt-pswp-item pspw-wrap-ready\" href=\"https:\/\/www.radiopiu.net\/wordpress\/wp-content\/uploads\/2024\/05\/Schermata-2024-05-11-alle-09.27.51.png\" data-dt-img-description=\"\" data-large_image_width=\"934\" data-large_image_height=\"1536\"><img loading=\"lazy\" decoding=\"async\" class=\"size-medium wp-image-389550 alignleft\" src=\"https:\/\/www.radiopiu.net\/wordpress\/wp-content\/uploads\/2024\/05\/Schermata-2024-05-11-alle-09.27.51-182x300.png\" sizes=\"auto, (max-width: 182px) 100vw, 182px\" srcset=\"https:\/\/www.radiopiu.net\/wordpress\/wp-content\/uploads\/2024\/05\/Schermata-2024-05-11-alle-09.27.51-182x300.png 182w, https:\/\/www.radiopiu.net\/wordpress\/wp-content\/uploads\/2024\/05\/Schermata-2024-05-11-alle-09.27.51-623x1024.png 623w, https:\/\/www.radiopiu.net\/wordpress\/wp-content\/uploads\/2024\/05\/Schermata-2024-05-11-alle-09.27.51-768x1263.png 768w, https:\/\/www.radiopiu.net\/wordpress\/wp-content\/uploads\/2024\/05\/Schermata-2024-05-11-alle-09.27.51.png 934w\" alt=\"\" width=\"182\" height=\"300\" \/><\/a>i 13.789 dell\u2019A22 Verona-Brennero, gli 11.914 dell\u2019A13 Bologna -Padova, gli 11.300 dell\u2019A4 Venezia-Trieste, i 4.686 dell\u2019A27 Venezia-Belluno, i 4.598 dell\u2019A31 Valdastico e i 2.803 della SPV Pedemontana Veneta. Rispetto al pre-Covid solo l\u2019A13 Bologna-Padova ha subito una contrazione negativa dei flussi di traffico degli autoarticolati (-1,1 per cento). In tutte le altre autostrade presenti in Veneto, invece, la variazione \u00e8 stata anticipata dal segno pi\u00f9, con punte del 21,3 per cento lungo la Valdastico e del 20,9 per cento sul Passante\/Tangenziale di Mestre.<br \/>\nSull\u2019intera rete autostradale presente in Italia, il dato medio giornaliero \u00e8 di 9.838 veicoli teorici, un flusso tre volte inferiore al dato medio della tratta pi\u00f9 trafficata d\u2019Italia, ovvero l\u2019A4 Brescia-Padova e la met\u00e0 di quello che corre lungo il Passante\/Tangenziale di Mestre. Ovviamente c\u2019\u00e8 anche il rovescio della medaglia: con tanti Tir per strada molte infrastrutture viarie venete sono \u201csoffocate\u201d dal traffico, dall\u2019inquinamento e presentano una soglia di rischio incidenti stradali molto elevata.<\/p>\n<p><strong>Pil 2024: a Milano, Pavia e Vicenza le crescite pi\u00f9 importanti<\/strong><br \/>\nA livello regionale la crescita del Pil nazionale per l\u2019anno in corso dovrebbe essere trainata dalla Lombardia (+0,95 per cento), dall\u2019Emilia Romagna (+0,86 per cento), dalla Valle d\u2019Aosta (+0,81 per cento) e dal Veneto (+0,80 per cento). Ancorch\u00e8 le distanze tra le singole regioni siano risicatissime, emerge ancora una volta che le previsioni di crescita dovrebbero premiare la Lombardia e il Nordest. E\u2019 altrettanto importante notare che rispetto al 2019 (anno pre-Covid), tutte le regioni (ad esclusione di Umbria e Abruzzo) hanno recuperato abbondantemente gli effetti negativi provocati dalla caduta del Pil avvenuta nel 2020. In particolare in Lombardia (+6,65 punti di Pil), in Puglia (+6,18), in Emilia Romagna (+5,62), in Trentino Alto Adige (+4,98), in Friuli Venezia Giulia (+4,77) e in Veneto (+4,60). Anche in questa circostanza, al netto dello straordinario score ottenuto dalla Puglia, la ripresa post Covid ha interessato, in particolare, la Lombardia e il Nordest (vedi Tab. 2).<\/p>\n<p>Sempre per l\u2019anno in corso, le previsioni di crescita riferite alle 107 province d\u2019Italia vedranno Milano guidare la graduatoria nazionale. Nella Citt\u00e0 Metropolitana lombarda il valore aggiunto reale \u00e8 stimato al +1,14 per cento. Seguono Pavia con il +1,01 per cento e Vicenza con il +0,98 per cento, Bologna con il +0,95 per cento e Modena con il +0,92 per cento. Cos\u00ec come evidenziato nei dati regionali pi\u00f9 sopra, anche quelli provinciali presentano delle differenze tra le singole province molto contenute. Tuttavia, anche in questa graduatoria le posizioni di vertice sono occupate dai territori inclusi nel nuovo triangolo industriale. Nelle prime 10 posizioni, 8 sono ad appannaggio di province ubicate in Lombardia e nel Nordest.<\/p>\n<p class=\"photoswipe-wrapper\"><a class=\"dt-pswp-item pspw-wrap-ready\" href=\"https:\/\/www.radiopiu.net\/wordpress\/wp-content\/uploads\/2024\/05\/Schermata-2024-05-11-alle-09.28.00.png\" data-dt-img-description=\"\" data-large_image_width=\"1112\" data-large_image_height=\"680\"><img loading=\"lazy\" decoding=\"async\" class=\" wp-image-389549 alignleft\" src=\"https:\/\/www.radiopiu.net\/wordpress\/wp-content\/uploads\/2024\/05\/Schermata-2024-05-11-alle-09.28.00-300x183.png\" sizes=\"auto, (max-width: 300px) 100vw, 300px\" srcset=\"https:\/\/www.radiopiu.net\/wordpress\/wp-content\/uploads\/2024\/05\/Schermata-2024-05-11-alle-09.28.00-300x183.png 300w, https:\/\/www.radiopiu.net\/wordpress\/wp-content\/uploads\/2024\/05\/Schermata-2024-05-11-alle-09.28.00-1024x626.png 1024w, https:\/\/www.radiopiu.net\/wordpress\/wp-content\/uploads\/2024\/05\/Schermata-2024-05-11-alle-09.28.00-768x470.png 768w, https:\/\/www.radiopiu.net\/wordpress\/wp-content\/uploads\/2024\/05\/Schermata-2024-05-11-alle-09.28.00.png 1112w\" alt=\"\" width=\"188\" height=\"115\" \/><\/a>Dopo Vicenza, nella nostra regione scorgiamo Belluno, che quest\u2019anno dovrebbe aumentare il proprio valore aggiunto del +0,8 per cento, Verona con il +0,65 per cento e Padova con il +0,63 per cento. Rispetto al periodo pre-pandemico (2019) solo la Citt\u00e0 Metropolitana di Venezia (-0,51 per cento) e la provincia di Belluno (-1,77 per cento) devono ancora recuperare gli effetti negativi prodotti dal Covid, mentre le performance migliori hanno interessato Vicenza (+7,61 per cento), Padova (+7,33 per cento) e Treviso (+5,94 per cento) (vedi Tab. 3)<\/p>\n<p>&nbsp;<\/p>\n<p>&nbsp;<\/p>\n<hr \/>\n<p>&nbsp;<\/p>\n<blockquote>\n<h3>SILVANO SAVIO ESPONE NEL MILANESE<\/h3>\n<\/blockquote>\n<p><strong>REDAZIONE<\/strong> La mostra &#8220;Animalia&#8221; a Palazzo Tivulzio, Locate Triulzi, celebra l&#8217;arte contemporanea con artisti come Silvano Savio, Alberto Malossi, Angelo Falmi, Marco M. Caserta e Mario Cerrone, curata da ArteMETA di Milano, patrocinata dall&#8217;Accademia di Brera. In estate, l&#8217;arte si sposter\u00e0 a Dolceacqua, con Savio che esporr\u00e0 i suoi paesaggi delle Dolomiti. Il borgo \u00e8 legato a Monet, con Savio coinvolto in simposi didattici per bambini, anche a Falcade e Palue di Sottoguda, con insegnamenti di ecologia, musica e pittura. ArteMETA promuove lo sviluppo culturale e civile, portando l&#8217;arte ovunque con il motto &#8220;L&#8217;arte non si ferma&#8221;.<\/p>\n\n\t\t\t<style type='text\/css'>\n\t\t\t\t#gallery-7 {\n\t\t\t\t\tmargin: auto;\n\t\t\t\t}\n\t\t\t\t#gallery-7 .gallery-item {\n\t\t\t\t\tfloat: left;\n\t\t\t\t\tmargin-top: 10px;\n\t\t\t\t\ttext-align: center;\n\t\t\t\t\twidth: 25%;\n\t\t\t\t}\n\t\t\t\t#gallery-7 img {\n\t\t\t\t\tborder: 2px solid #cfcfcf;\n\t\t\t\t}\n\t\t\t\t#gallery-7 .gallery-caption {\n\t\t\t\t\tmargin-left: 0;\n\t\t\t\t}\n\t\t\t\t\/* see gallery_shortcode() in wp-includes\/media.php *\/\n\t\t\t<\/style>\n\t\t<div id='gallery-7' class='dt-gallery-container gallery galleryid-389504 gallery-columns-4 gallery-size-thumbnail'><dl class='gallery-item'>\n\t\t\t\t<dt class='gallery-icon portrait'>\n\t\t\t\t\t<a class=\"rollover rollover-zoom dt-pswp-item\" title=\"IMG-20240128-WA0004\" data-dt-img-description=\"\" data-large_image_width=\"1093\" data-large_image_height=\"1599\"href='https:\/\/www.radiopiu.net\/wordpress\/wp-content\/uploads\/2024\/05\/IMG-20240128-WA0004.jpg'><img loading=\"lazy\" decoding=\"async\" width=\"150\" height=\"150\" src=\"https:\/\/www.radiopiu.net\/wordpress\/wp-content\/uploads\/2024\/05\/IMG-20240128-WA0004-150x150.jpg\" class=\"attachment-thumbnail size-thumbnail\" alt=\"\" \/><\/a>\n\t\t\t\t<\/dt><\/dl><dl class='gallery-item'>\n\t\t\t\t<dt class='gallery-icon landscape'>\n\t\t\t\t\t<a class=\"rollover rollover-zoom dt-pswp-item\" title=\"IMG-20240201-WA0004\" data-dt-img-description=\"\" data-large_image_width=\"1600\" data-large_image_height=\"1247\"href='https:\/\/www.radiopiu.net\/wordpress\/wp-content\/uploads\/2024\/05\/IMG-20240201-WA0004.jpg'><img loading=\"lazy\" decoding=\"async\" width=\"150\" height=\"150\" src=\"https:\/\/www.radiopiu.net\/wordpress\/wp-content\/uploads\/2024\/05\/IMG-20240201-WA0004-150x150.jpg\" class=\"attachment-thumbnail size-thumbnail\" alt=\"\" \/><\/a>\n\t\t\t\t<\/dt><\/dl><dl class='gallery-item'>\n\t\t\t\t<dt class='gallery-icon portrait'>\n\t\t\t\t\t<a class=\"rollover rollover-zoom dt-pswp-item\" title=\"IMG-20240125-WA0030\" data-dt-img-description=\"\" data-large_image_width=\"1229\" data-large_image_height=\"1600\"href='https:\/\/www.radiopiu.net\/wordpress\/wp-content\/uploads\/2024\/05\/IMG-20240125-WA0030.jpg'><img loading=\"lazy\" decoding=\"async\" width=\"150\" height=\"150\" src=\"https:\/\/www.radiopiu.net\/wordpress\/wp-content\/uploads\/2024\/05\/IMG-20240125-WA0030-150x150.jpg\" class=\"attachment-thumbnail size-thumbnail\" alt=\"\" \/><\/a>\n\t\t\t\t<\/dt><\/dl><dl class='gallery-item'>\n\t\t\t\t<dt class='gallery-icon landscape'>\n\t\t\t\t\t<a class=\"rollover rollover-zoom dt-pswp-item\" title=\"IMG-20240203-WA0008\" data-dt-img-description=\"\" data-large_image_width=\"1600\" data-large_image_height=\"1317\"href='https:\/\/www.radiopiu.net\/wordpress\/wp-content\/uploads\/2024\/05\/IMG-20240203-WA0008.jpg'><img loading=\"lazy\" decoding=\"async\" width=\"150\" height=\"150\" src=\"https:\/\/www.radiopiu.net\/wordpress\/wp-content\/uploads\/2024\/05\/IMG-20240203-WA0008-150x150.jpg\" class=\"attachment-thumbnail size-thumbnail\" alt=\"\" \/><\/a>\n\t\t\t\t<\/dt><\/dl><br style=\"clear: both\" \/>\n\t\t\t<\/div>\n\n<p>&nbsp;<\/p>\n<p>&nbsp;<\/p>\n<hr \/>\n<p>&nbsp;<\/p>\n<blockquote>\n<h3>DON ANTONIO DELLA LUCIA CELEBRATO DA MUSAL<\/h3>\n<\/blockquote>\n<p><a class=\"dt-pswp-item\" href=\"https:\/\/www.radiopiu.net\/wordpress\/wp-content\/uploads\/2024\/05\/Don-Antonio-Della-Lucia.jpg\" data-dt-img-description=\"rbt\" data-large_image_width=\"1695\" data-large_image_height=\"1822\"><img loading=\"lazy\" decoding=\"async\" class=\"wp-image-389623 alignleft\" src=\"https:\/\/www.radiopiu.net\/wordpress\/wp-content\/uploads\/2024\/05\/Don-Antonio-Della-Lucia-279x300.jpg\" alt=\"\" width=\"118\" height=\"127\" srcset=\"https:\/\/www.radiopiu.net\/wordpress\/wp-content\/uploads\/2024\/05\/Don-Antonio-Della-Lucia-279x300.jpg 279w, https:\/\/www.radiopiu.net\/wordpress\/wp-content\/uploads\/2024\/05\/Don-Antonio-Della-Lucia-953x1024.jpg 953w, https:\/\/www.radiopiu.net\/wordpress\/wp-content\/uploads\/2024\/05\/Don-Antonio-Della-Lucia-768x826.jpg 768w, https:\/\/www.radiopiu.net\/wordpress\/wp-content\/uploads\/2024\/05\/Don-Antonio-Della-Lucia-1429x1536.jpg 1429w, https:\/\/www.radiopiu.net\/wordpress\/wp-content\/uploads\/2024\/05\/Don-Antonio-Della-Lucia.jpg 1695w\" sizes=\"auto, (max-width: 118px) 100vw, 118px\" \/><\/a><strong>CANALE D&#8217;AGORDO<\/strong> Don Antonio Della Lucia, nato 200 anni fa a Fassen\u00e8 Agordino, \u00e8 ricordato dal Musal di Canale d&#8217;Agordo con una serie di eventi che inizieranno il 16 maggio con una messa presieduta dal Vescovo diocesano. Serafini, direttore del museo, sottolinea l&#8217;importanza del sacerdote per la Chiesa e la comunit\u00e0. Criticato per le sue idee, don Della Lucia miglior\u00f2 la valle Agordina fondando nel 1872 la prima latteria cooperativa d&#8217;Italia. Eventi fino al 18 luglio includono mostre a Belluno, Canale d&#8217;Agordo e Frassen\u00e8 Agordino. Il 17 maggio ci sar\u00e0 una mattinata di studi presso l&#8217;Istituto Agrario Antonio Della Lucia a Feltre. Le mostre ripercorreranno la vita e le opere di don Della Lucia, mentre eventi come concerti e degustazioni completeranno la celebrazione.<\/p>\n<p>&nbsp;<\/p>\n<p>&nbsp;<\/p>\n<hr \/>\n<p>&nbsp;<\/p>\n<blockquote>\n<h3>LE MOSTRE PER IL BICENTENARIO DELLA NASCITA DI DON ANTONIO DELLA LUCIA<\/h3>\n<\/blockquote>\n<p><strong>CANALE D&#8217;AGORDO<\/strong> La Fondazione Papa Luciani Onlus celebra Don Antonio Della Lucia con un comitato speciale nel bicentenario della sua nascita. Coinvolte varie istituzioni e associazioni locali, incluso il Ministero dell&#8217;agricoltura. Evento inaugurale a Frassen\u00e8 Agordino il 16 maggio, con messa, annullo filatelico, mostra, conferenza e degustazione di formaggi. Tre mostre in provincia: Palazzo Piloni (16 maggio &#8211; 16 settembre), Canale d\u2019Agordo (1\u00b0 luglio &#8211; 31 agosto), e Frassen\u00e8 Agordino (1\u00b0 luglio &#8211; 31 agosto, su prenotazione). Un omaggio alla vita e all&#8217;opera di Della Lucia, pioniere delle latterie cooperative in Italia.<\/p>\n<a href=\"https:\/\/www.radiopiu.net\/wordpress\/wp-content\/uploads\/2024\/05\/Locandina-eventi-completa-per-il-bicentenario-del-Cavalier-Don-Antonio-Della-Lucia-1.pdf\" class=\"pdfemb-viewer\" style=\"\" data-width=\"max\" data-height=\"max\" data-toolbar=\"top\" data-toolbar-fixed=\"on\">Locandina eventi completa per il bicentenario del Cavalier Don Antonio Della Lucia<\/a>\n<p>&nbsp;<\/p>\n<hr \/>\n<p>&nbsp;<\/p>\n<blockquote><p><strong>Opportunit\u00e0 di formazione e inserimento nel settore alimentare con Enaip Feltre<\/strong><\/p><\/blockquote>\n<p><strong>FELTRE<\/strong> Enaip Feltre, istituto di formazione con cinquant&#8217;anni di esperienza nel territorio, offre un nuovo corso gratuito per tecnici della commercializzazione di prodotti alimentari, aperto a tutti senza limiti di et\u00e0. Le selezioni scadranno domani. Il corso mira a formare professionisti autonomi nel settore, offrendo competenze tecniche e &#8220;soft skills&#8221; cruciali. Le selezioni si terranno il 15 maggio presso il campus Tina Merlin di Feltre. Il programma comprende una fase formativa seguita da un tirocinio retribuito presso aziende locali.<\/p>\n<div class=\"w-full md:pt-0 dark:border-white\/20 md:border-transparent md:dark:border-transparent md:w-[calc(100%-.5rem)] juice:w-full\">\n<div class=\"px-3 text-base md:px-4 m-auto md:px-5 lg:px-1 xl:px-5\">\n<div class=\"mx-auto flex flex-1 gap-3 text-base juice:gap-4 juice:md:gap-6 md:max-w-3xl lg:max-w-[40rem] xl:max-w-[48rem]\">\n<form class=\"w-full\">\n<div class=\"relative flex h-full max-w-full flex-1 flex-col\">\n<div class=\"flex w-full items-center\"><\/div>\n<\/div>\n<\/form>\n<\/div>\n<\/div>\n<\/div>\n<p>&nbsp;<\/p>\n<hr \/>\n<p>&nbsp;<\/p>\n<blockquote>\n<h3>NON SEI SOLO, GLI INCONTRI A FELTRE<\/h3>\n<\/blockquote>\n<p><strong>FELTRE<\/strong> Il Centro per i Disturbi Cognitivi e Demenze dell\u2019Ulss Dolomiti, con i Centri di Servizio Residenziali, organizza 5 incontri su demenza e declino cognitivo, dal 6 maggio al 3 giugno 2024, a Feltre. Temi trattati: riconoscimento del declino e prevenzione, cura e comportamento, servizi del CDCD, gestione del declino avanzato e supporto alle famiglie. Ogni luned\u00ec, 18:00-19:00, Sala Convegni dell\u2019Ospedale di Feltre. Esperti quali Dott.ssa Roberta Padoan, Dott.ssa Francesca De Biasi, Dott.ssa Daniela Dal Zotto, Dott.ssa Francesca De Zaiacomo, Dott.ssa Lara Zanin condivideranno conoscenze. Per info e iscrizioni: <a target=\"_new\" rel=\"noopener\">cdcd.fe@aulss1.veneto.it<\/a>.<\/p>\n<p>&nbsp;<\/p>\n<p>&nbsp;<\/p>\n<hr \/>\n<p>&nbsp;<\/p>\n<blockquote>\n<h3>PRATICHE FILOSOFICHE AL CIRCOLO CULTURALE TERRA DEI PADRI<\/h3>\n<\/blockquote>\n<p><strong>BELLUNO<\/strong> Il Circolo Culturale La Terra dei Padri APS, a Borgo Piave &#8211; Belluno, ospita un laboratorio di pratiche filosofiche aperto a tutti nel mese di maggio 2024. Condotti da Francesco Dematt\u00e8, ex docente di storia e filosofia nei Licei, i quattro incontri si concentreranno su Plotino, filosofo del III secolo d.C. Gli incontri si terranno ogni marted\u00ec, dal 7 al 28 maggio, dalle 18 alle 19 presso il circolo culturale. Per informazioni e iscrizioni contattare direttamente in sede, via email o telefonicamente.<\/p>\n<p>&nbsp;<\/p>\n<hr \/>\n<p>&nbsp;<\/p>\n<blockquote>\n<h2>FOLKLOR JALP\u00c9 DE LA MARMOL\u00c8DA 2.0<\/h2>\n<h2><em>&#8230;. alla radio con Paola e Simone<\/em><\/h2>\n<\/blockquote>\n<p><span style=\"color: #ff0000;\"><strong>AUDIO<\/strong><\/span><\/p>\n<audio class=\"wp-audio-shortcode\" id=\"audio-389504-18\" preload=\"none\" style=\"width: 100%;\" controls=\"controls\"><source type=\"audio\/mpeg\" src=\"https:\/\/www.radiopiu.net\/wordpress\/wp-content\/uploads\/2024\/05\/SIMONE_E-pAOLA.mp3?_=18\" \/><a href=\"https:\/\/www.radiopiu.net\/wordpress\/wp-content\/uploads\/2024\/05\/SIMONE_E-pAOLA.mp3\">https:\/\/www.radiopiu.net\/wordpress\/wp-content\/uploads\/2024\/05\/SIMONE_E-pAOLA.mp3<\/a><\/audio>\n<p>&nbsp;<\/p>\n<p><img loading=\"lazy\" decoding=\"async\" class=\"alignleft\" src=\"https:\/\/www.radiopiu.net\/wordpress\/wp-content\/uploads\/2024\/05\/Senza-nome-28.png\" width=\"276\" height=\"124\" \/><strong>ROCCA PIETORE<\/strong> Davvero ricco il programma della tre giorni di festa in occasione del\u00a0<strong>Folklor Jalp\u00e9 de la Marmol\u00e8da 2.0<\/strong>! Tanta musica, tanto divertimento e la possibilit\u00e0 di assaporare le specialit\u00e0 tipiche della vallata sotto al tendone riscaldato a\u00a0<strong>Boscoverde<\/strong>, frazione di Rocca Pietore. <strong>Venerd\u00ec\u00a017 maggio<\/strong> iniziano i festeggiamenti con l&#8217;apertura della cucina dalle 19:00 e la musica dal vivo con Guglielmo e le Bronze Scuerte Gangband, a seguire Dj Guglielmo. <strong>Sabato\u00a018 maggio<\/strong> dalle 15:00 apertura del tendone e torneo di calcio &#8220;Trofeo Marmolada&#8221;. Dalle 18:00 musica dal vivo con Die VolksPartie e apertura cucina dalle 19:00. Dalla mezzanotte musica con Dj Luca.\u00a0 <strong>Domenica\u00a019 maggio<\/strong> il gran finale con un calendario ricco di appuntamenti che si terranno durante tutta la giornata. Alle 11:15 Santa Messa in ricordo dei ballerini Francesca, Francesco e Luca. La cucina sar\u00e0 aperta anche a mezzogiorno dopo la Santa Messa e saremo accompagnati dalla musica dei Die Durstigen, dalle 14:30 si terranno la sfilata e l&#8217;esibizione dei gruppi provenienti dalla vallate vicine, che allieteranno tutti i presenti con balli e vestiti tradizionali, allegria e buona musica. Dalle 18:00 si continua con la musica dal vivo con i KoaQuintett e il cibo tradizionale.<\/p>\n<p>&nbsp;<\/p>\n<p>&nbsp;<\/p>\n<hr \/>\n<p>&nbsp;<\/p>\n<blockquote>\n<h3>IL GIOVANE ERIK BRESSAN E LE DUE SUPER TROTE<\/h3>\n<\/blockquote>\n<p><strong>GOSALDO<\/strong> Il Lago di Alleghe continua a far felici i pescatori agordini. Questa volta \u00e8 il turno del giovane Erik Bressan di Gosaldo che ha portato a casa due belle trote. Una di oltre 2 kg e una di oltre 1,5 kg.<\/p>\n\n\t\t\t<style type='text\/css'>\n\t\t\t\t#gallery-8 {\n\t\t\t\t\tmargin: auto;\n\t\t\t\t}\n\t\t\t\t#gallery-8 .gallery-item {\n\t\t\t\t\tfloat: left;\n\t\t\t\t\tmargin-top: 10px;\n\t\t\t\t\ttext-align: center;\n\t\t\t\t\twidth: 25%;\n\t\t\t\t}\n\t\t\t\t#gallery-8 img {\n\t\t\t\t\tborder: 2px solid #cfcfcf;\n\t\t\t\t}\n\t\t\t\t#gallery-8 .gallery-caption {\n\t\t\t\t\tmargin-left: 0;\n\t\t\t\t}\n\t\t\t\t\/* see gallery_shortcode() in wp-includes\/media.php *\/\n\t\t\t<\/style>\n\t\t<div id='gallery-8' class='dt-gallery-container gallery galleryid-389504 gallery-columns-4 gallery-size-medium'><dl class='gallery-item'>\n\t\t\t\t<dt class='gallery-icon portrait'>\n\t\t\t\t\t<a class=\"rollover rollover-zoom dt-pswp-item\" title=\"8ac5e4cc-4b37-4370-b069-c8025b8bbb85\" data-dt-img-description=\"\" data-large_image_width=\"1200\" data-large_image_height=\"1600\"href='https:\/\/www.radiopiu.net\/wordpress\/wp-content\/uploads\/2024\/05\/8ac5e4cc-4b37-4370-b069-c8025b8bbb85.jpg'><img loading=\"lazy\" decoding=\"async\" width=\"225\" height=\"300\" src=\"https:\/\/www.radiopiu.net\/wordpress\/wp-content\/uploads\/2024\/05\/8ac5e4cc-4b37-4370-b069-c8025b8bbb85-225x300.jpg\" class=\"attachment-medium size-medium\" alt=\"\" srcset=\"https:\/\/www.radiopiu.net\/wordpress\/wp-content\/uploads\/2024\/05\/8ac5e4cc-4b37-4370-b069-c8025b8bbb85-225x300.jpg 225w, https:\/\/www.radiopiu.net\/wordpress\/wp-content\/uploads\/2024\/05\/8ac5e4cc-4b37-4370-b069-c8025b8bbb85-768x1024.jpg 768w, https:\/\/www.radiopiu.net\/wordpress\/wp-content\/uploads\/2024\/05\/8ac5e4cc-4b37-4370-b069-c8025b8bbb85-1152x1536.jpg 1152w, https:\/\/www.radiopiu.net\/wordpress\/wp-content\/uploads\/2024\/05\/8ac5e4cc-4b37-4370-b069-c8025b8bbb85.jpg 1200w\" sizes=\"auto, (max-width: 225px) 100vw, 225px\" \/><\/a>\n\t\t\t\t<\/dt><\/dl><dl class='gallery-item'>\n\t\t\t\t<dt class='gallery-icon landscape'>\n\t\t\t\t\t<a class=\"rollover rollover-zoom dt-pswp-item\" title=\"3682af82-d108-4295-8ee5-5b885b8d78c3\" data-dt-img-description=\"\" data-large_image_width=\"1600\" data-large_image_height=\"1200\"href='https:\/\/www.radiopiu.net\/wordpress\/wp-content\/uploads\/2024\/05\/3682af82-d108-4295-8ee5-5b885b8d78c3.jpg'><img loading=\"lazy\" decoding=\"async\" width=\"300\" height=\"225\" src=\"https:\/\/www.radiopiu.net\/wordpress\/wp-content\/uploads\/2024\/05\/3682af82-d108-4295-8ee5-5b885b8d78c3-300x225.jpg\" class=\"attachment-medium size-medium\" alt=\"\" srcset=\"https:\/\/www.radiopiu.net\/wordpress\/wp-content\/uploads\/2024\/05\/3682af82-d108-4295-8ee5-5b885b8d78c3-300x225.jpg 300w, https:\/\/www.radiopiu.net\/wordpress\/wp-content\/uploads\/2024\/05\/3682af82-d108-4295-8ee5-5b885b8d78c3-1024x768.jpg 1024w, https:\/\/www.radiopiu.net\/wordpress\/wp-content\/uploads\/2024\/05\/3682af82-d108-4295-8ee5-5b885b8d78c3-768x576.jpg 768w, https:\/\/www.radiopiu.net\/wordpress\/wp-content\/uploads\/2024\/05\/3682af82-d108-4295-8ee5-5b885b8d78c3-1536x1152.jpg 1536w, https:\/\/www.radiopiu.net\/wordpress\/wp-content\/uploads\/2024\/05\/3682af82-d108-4295-8ee5-5b885b8d78c3.jpg 1600w\" sizes=\"auto, (max-width: 300px) 100vw, 300px\" \/><\/a>\n\t\t\t\t<\/dt><\/dl><dl class='gallery-item'>\n\t\t\t\t<dt class='gallery-icon landscape'>\n\t\t\t\t\t<a class=\"rollover rollover-zoom dt-pswp-item\" title=\"d73059fa-969f-4246-91c1-751b739244e8\" data-dt-img-description=\"\" data-large_image_width=\"1600\" data-large_image_height=\"1200\"href='https:\/\/www.radiopiu.net\/wordpress\/wp-content\/uploads\/2024\/05\/d73059fa-969f-4246-91c1-751b739244e8.jpg'><img loading=\"lazy\" decoding=\"async\" width=\"300\" height=\"225\" src=\"https:\/\/www.radiopiu.net\/wordpress\/wp-content\/uploads\/2024\/05\/d73059fa-969f-4246-91c1-751b739244e8-300x225.jpg\" class=\"attachment-medium size-medium\" alt=\"\" srcset=\"https:\/\/www.radiopiu.net\/wordpress\/wp-content\/uploads\/2024\/05\/d73059fa-969f-4246-91c1-751b739244e8-300x225.jpg 300w, https:\/\/www.radiopiu.net\/wordpress\/wp-content\/uploads\/2024\/05\/d73059fa-969f-4246-91c1-751b739244e8-1024x768.jpg 1024w, https:\/\/www.radiopiu.net\/wordpress\/wp-content\/uploads\/2024\/05\/d73059fa-969f-4246-91c1-751b739244e8-768x576.jpg 768w, https:\/\/www.radiopiu.net\/wordpress\/wp-content\/uploads\/2024\/05\/d73059fa-969f-4246-91c1-751b739244e8-1536x1152.jpg 1536w, https:\/\/www.radiopiu.net\/wordpress\/wp-content\/uploads\/2024\/05\/d73059fa-969f-4246-91c1-751b739244e8.jpg 1600w\" sizes=\"auto, (max-width: 300px) 100vw, 300px\" \/><\/a>\n\t\t\t\t<\/dt><\/dl><dl class='gallery-item'>\n\t\t\t\t<dt class='gallery-icon portrait'>\n\t\t\t\t\t<a class=\"rollover rollover-zoom dt-pswp-item\" title=\"61f39061-e283-4bc8-9144-d3f2d6181588\" data-dt-img-description=\"\" data-large_image_width=\"1200\" data-large_image_height=\"1600\"href='https:\/\/www.radiopiu.net\/wordpress\/wp-content\/uploads\/2024\/05\/61f39061-e283-4bc8-9144-d3f2d6181588.jpg'><img loading=\"lazy\" decoding=\"async\" width=\"225\" height=\"300\" src=\"https:\/\/www.radiopiu.net\/wordpress\/wp-content\/uploads\/2024\/05\/61f39061-e283-4bc8-9144-d3f2d6181588-225x300.jpg\" class=\"attachment-medium size-medium\" alt=\"\" srcset=\"https:\/\/www.radiopiu.net\/wordpress\/wp-content\/uploads\/2024\/05\/61f39061-e283-4bc8-9144-d3f2d6181588-225x300.jpg 225w, https:\/\/www.radiopiu.net\/wordpress\/wp-content\/uploads\/2024\/05\/61f39061-e283-4bc8-9144-d3f2d6181588-768x1024.jpg 768w, https:\/\/www.radiopiu.net\/wordpress\/wp-content\/uploads\/2024\/05\/61f39061-e283-4bc8-9144-d3f2d6181588-1152x1536.jpg 1152w, https:\/\/www.radiopiu.net\/wordpress\/wp-content\/uploads\/2024\/05\/61f39061-e283-4bc8-9144-d3f2d6181588.jpg 1200w\" sizes=\"auto, (max-width: 225px) 100vw, 225px\" \/><\/a>\n\t\t\t\t<\/dt><\/dl><br style=\"clear: both\" \/>\n\t\t\t<\/div>\n\n<p>&nbsp;<\/p>\n<p>&nbsp;<\/p>\n<hr \/>\n<p>&nbsp;<\/p>\n<blockquote class=\"wp-embedded-content\" data-secret=\"WI8FUfOGRV\"><p><a href=\"https:\/\/www.radiopiu.net\/wordpress\/pirole-de-lenga-la-parola-del-giorno-a-cura-del-musla-raccolta-completa\/\">PIROLE DE LENGA&#8230; LA PAROLA DEL GIORNO A CURA DEL MUSLA -raccolta completa &#8211;<\/a><\/p><\/blockquote>\n<p><iframe loading=\"lazy\" class=\"wp-embedded-content\" sandbox=\"allow-scripts\" security=\"restricted\" style=\"position: absolute; clip: rect(1px, 1px, 1px, 1px);\" title=\"&#8220;PIROLE DE LENGA&#8230; LA PAROLA DEL GIORNO A CURA DEL MUSLA -raccolta completa &#8211;&#8221; &#8212; Radio Pi\u00f9\" src=\"https:\/\/www.radiopiu.net\/wordpress\/pirole-de-lenga-la-parola-del-giorno-a-cura-del-musla-raccolta-completa\/embed\/#?secret=INoP16yDSf#?secret=WI8FUfOGRV\" data-secret=\"WI8FUfOGRV\" width=\"600\" height=\"338\" frameborder=\"0\" marginwidth=\"0\" marginheight=\"0\" scrolling=\"no\"><\/iframe><\/p>\n<p>&nbsp;<\/p>\n<hr \/>\n<p>&nbsp;<\/p>\n<blockquote>\n<h3>UN CONCERTO PER RICORDARE ADRIANO<\/h3>\n<\/blockquote>\n<p><strong><a class=\"dt-pswp-item\" href=\"https:\/\/www.radiopiu.net\/wordpress\/wp-content\/uploads\/2024\/05\/1798739_643903002312865_2139658864_n.jpeg\" data-dt-img-description=\"\" data-large_image_width=\"960\" data-large_image_height=\"540\"><img loading=\"lazy\" decoding=\"async\" class=\" wp-image-389625 alignleft\" src=\"https:\/\/www.radiopiu.net\/wordpress\/wp-content\/uploads\/2024\/05\/1798739_643903002312865_2139658864_n-300x169.jpeg\" alt=\"\" width=\"174\" height=\"98\" srcset=\"https:\/\/www.radiopiu.net\/wordpress\/wp-content\/uploads\/2024\/05\/1798739_643903002312865_2139658864_n-300x169.jpeg 300w, https:\/\/www.radiopiu.net\/wordpress\/wp-content\/uploads\/2024\/05\/1798739_643903002312865_2139658864_n-768x432.jpeg 768w, https:\/\/www.radiopiu.net\/wordpress\/wp-content\/uploads\/2024\/05\/1798739_643903002312865_2139658864_n.jpeg 960w\" sizes=\"auto, (max-width: 174px) 100vw, 174px\" \/><\/a>PONTE NELLE ALPI<\/strong> Dopo 10 anni dalla perdita di Adriano Peterle, fondatore dei Formato Standard, la band organizza un evento musicale, &#8220;ADR1AN0&#8221;, il 31 maggio al teatro Pierobon di Ponte nelle Alpi, per celebrarne il ricordo. La serata mescoler\u00e0 musica, aneddoti e ospiti speciali, mantenendo lo spirito vivace del gruppo. L&#8217;evento sar\u00e0 gratuito con offerte destinate all&#8217;AFVS &#8211; Associazione Familiari e Vittime della Strada Onlus. Una serata per ricordare e celebrare insieme, con il titolo che unisce il numero 10 alle lettere dell&#8217;alfabeto, come amano i giovani della band.<\/p>\n<p>&nbsp;<\/p>\n<p>&nbsp;<\/p>\n<hr \/>\n<p>&nbsp;<\/p>\n<blockquote>\n<h2>CulturalMoto 2024: nell&#8217;Agordino<\/h2>\n<\/blockquote>\n<p><em>Alla scoperta delle miniere nelle Dolomiti, con la straordinaria partecipazione del geologo Manuel Conedera.<\/em><\/p>\n<p><strong>REDAZIONE<\/strong> Il 26 maggio 2024, EMMECI eventi lancia la seconda tappa di CulturalMoto, un viaggio culturale in moto che esplora l&#8217;Agordino e le Dolomiti bellunesi. Con Giacomo Agostini come ambasciatore, il tour si differenzia per l&#8217;accento sulla scoperta del territorio. Prenotazione obbligatoria al 348 5109129.<\/p>\n\n\t\t\t<style type='text\/css'>\n\t\t\t\t#gallery-9 {\n\t\t\t\t\tmargin: auto;\n\t\t\t\t}\n\t\t\t\t#gallery-9 .gallery-item {\n\t\t\t\t\tfloat: left;\n\t\t\t\t\tmargin-top: 10px;\n\t\t\t\t\ttext-align: center;\n\t\t\t\t\twidth: 50%;\n\t\t\t\t}\n\t\t\t\t#gallery-9 img {\n\t\t\t\t\tborder: 2px solid #cfcfcf;\n\t\t\t\t}\n\t\t\t\t#gallery-9 .gallery-caption {\n\t\t\t\t\tmargin-left: 0;\n\t\t\t\t}\n\t\t\t\t\/* see gallery_shortcode() in wp-includes\/media.php *\/\n\t\t\t<\/style>\n\t\t<div id='gallery-9' class='dt-gallery-container gallery galleryid-389504 gallery-columns-2 gallery-size-medium'><dl class='gallery-item'>\n\t\t\t\t<dt class='gallery-icon portrait'>\n\t\t\t\t\t<a class=\"rollover rollover-zoom dt-pswp-item\" title=\"CulturalMoto Agordo Belluno\" data-dt-img-description=\"\" data-large_image_width=\"842\" data-large_image_height=\"1191\"href='https:\/\/www.radiopiu.net\/wordpress\/wp-content\/uploads\/2024\/05\/CulturalMoto-Agordo-Belluno.jpg'><img loading=\"lazy\" decoding=\"async\" width=\"212\" height=\"300\" src=\"https:\/\/www.radiopiu.net\/wordpress\/wp-content\/uploads\/2024\/05\/CulturalMoto-Agordo-Belluno-212x300.jpg\" class=\"attachment-medium size-medium\" alt=\"\" srcset=\"https:\/\/www.radiopiu.net\/wordpress\/wp-content\/uploads\/2024\/05\/CulturalMoto-Agordo-Belluno-212x300.jpg 212w, https:\/\/www.radiopiu.net\/wordpress\/wp-content\/uploads\/2024\/05\/CulturalMoto-Agordo-Belluno-724x1024.jpg 724w, https:\/\/www.radiopiu.net\/wordpress\/wp-content\/uploads\/2024\/05\/CulturalMoto-Agordo-Belluno-768x1086.jpg 768w, https:\/\/www.radiopiu.net\/wordpress\/wp-content\/uploads\/2024\/05\/CulturalMoto-Agordo-Belluno.jpg 842w\" sizes=\"auto, (max-width: 212px) 100vw, 212px\" \/><\/a>\n\t\t\t\t<\/dt><\/dl><dl class='gallery-item'>\n\t\t\t\t<dt class='gallery-icon portrait'>\n\t\t\t\t\t<a class=\"rollover rollover-zoom dt-pswp-item\" title=\"Giacomo Agostini CulturalMoto\" data-dt-img-description=\"\" data-large_image_width=\"526\" data-large_image_height=\"701\"href='https:\/\/www.radiopiu.net\/wordpress\/wp-content\/uploads\/2024\/05\/Giacomo-Agostini-CulturalMoto.jpg'><img loading=\"lazy\" decoding=\"async\" width=\"225\" height=\"300\" src=\"https:\/\/www.radiopiu.net\/wordpress\/wp-content\/uploads\/2024\/05\/Giacomo-Agostini-CulturalMoto-225x300.jpg\" class=\"attachment-medium size-medium\" alt=\"\" srcset=\"https:\/\/www.radiopiu.net\/wordpress\/wp-content\/uploads\/2024\/05\/Giacomo-Agostini-CulturalMoto-225x300.jpg 225w, https:\/\/www.radiopiu.net\/wordpress\/wp-content\/uploads\/2024\/05\/Giacomo-Agostini-CulturalMoto.jpg 526w\" sizes=\"auto, (max-width: 225px) 100vw, 225px\" \/><\/a>\n\t\t\t\t<\/dt><\/dl><br style=\"clear: both\" \/>\n\t\t\t<\/div>\n\n<p>&nbsp;<\/p>\n<p>&nbsp;<\/p>\n<hr \/>\n<p>&nbsp;<\/p>\n<p>&nbsp;<\/p>\n<p>&nbsp;<\/p>\n<p>&nbsp;<\/p>\n<p>&nbsp;<\/p>\n<hr \/>\n<p>&nbsp;<\/p>\n\n\t\t\t<style type='text\/css'>\n\t\t\t\t#gallery-10 {\n\t\t\t\t\tmargin: auto;\n\t\t\t\t}\n\t\t\t\t#gallery-10 .gallery-item {\n\t\t\t\t\tfloat: left;\n\t\t\t\t\tmargin-top: 10px;\n\t\t\t\t\ttext-align: center;\n\t\t\t\t\twidth: 100%;\n\t\t\t\t}\n\t\t\t\t#gallery-10 img {\n\t\t\t\t\tborder: 2px solid #cfcfcf;\n\t\t\t\t}\n\t\t\t\t#gallery-10 .gallery-caption {\n\t\t\t\t\tmargin-left: 0;\n\t\t\t\t}\n\t\t\t\t\/* see gallery_shortcode() in wp-includes\/media.php *\/\n\t\t\t<\/style>\n\t\t<div id='gallery-10' class='dt-gallery-container gallery galleryid-389504 gallery-columns-1 gallery-size-medium'><dl class='gallery-item'>\n\t\t\t\t<dt class='gallery-icon portrait'>\n\t\t\t\t\t<a class=\"rollover rollover-zoom dt-pswp-item\" title=\"f2117638-681b-40d0-918c-1188d4fabc52\" data-dt-img-description=\"\" data-large_image_width=\"1128\" data-large_image_height=\"1600\"href='https:\/\/www.radiopiu.net\/wordpress\/wp-content\/uploads\/2024\/05\/f2117638-681b-40d0-918c-1188d4fabc52-1.jpg'><img loading=\"lazy\" decoding=\"async\" width=\"212\" height=\"300\" src=\"https:\/\/www.radiopiu.net\/wordpress\/wp-content\/uploads\/2024\/05\/f2117638-681b-40d0-918c-1188d4fabc52-1-212x300.jpg\" class=\"attachment-medium size-medium\" alt=\"\" srcset=\"https:\/\/www.radiopiu.net\/wordpress\/wp-content\/uploads\/2024\/05\/f2117638-681b-40d0-918c-1188d4fabc52-1-212x300.jpg 212w, https:\/\/www.radiopiu.net\/wordpress\/wp-content\/uploads\/2024\/05\/f2117638-681b-40d0-918c-1188d4fabc52-1-722x1024.jpg 722w, https:\/\/www.radiopiu.net\/wordpress\/wp-content\/uploads\/2024\/05\/f2117638-681b-40d0-918c-1188d4fabc52-1-768x1089.jpg 768w, https:\/\/www.radiopiu.net\/wordpress\/wp-content\/uploads\/2024\/05\/f2117638-681b-40d0-918c-1188d4fabc52-1-1083x1536.jpg 1083w, https:\/\/www.radiopiu.net\/wordpress\/wp-content\/uploads\/2024\/05\/f2117638-681b-40d0-918c-1188d4fabc52-1.jpg 1128w\" sizes=\"auto, (max-width: 212px) 100vw, 212px\" \/><\/a>\n\t\t\t\t<\/dt><\/dl><br style=\"clear: both\" \/>\n\t\t\t<\/div>\n\n<p>&nbsp;<\/p>\n<hr \/>\n<p>&nbsp;<\/p>\n<h2><span style=\"color: #ff6600;\">ALLA RADIO\u00a0<\/span><\/h2>\n<h2><span style=\"color: #ff00ff;\">LA RASSEGNA STAMPA DA L&#8217;AMICO DEL POPOLO<\/span><\/h2>\n<p><strong><a class=\"dt-pswp-item\" href=\"https:\/\/www.radiopiu.net\/wordpress\/wp-content\/uploads\/2022\/06\/CELLULARE.jpg\" data-dt-img-description=\"\" data-large_image_width=\"1920\" data-large_image_height=\"1280\"><img loading=\"lazy\" decoding=\"async\" class=\" wp-image-281985 alignleft\" src=\"https:\/\/www.radiopiu.net\/wordpress\/wp-content\/uploads\/2022\/06\/CELLULARE-300x200.jpg\" alt=\"\" width=\"165\" height=\"110\" srcset=\"https:\/\/www.radiopiu.net\/wordpress\/wp-content\/uploads\/2022\/06\/CELLULARE-300x200.jpg 300w, https:\/\/www.radiopiu.net\/wordpress\/wp-content\/uploads\/2022\/06\/CELLULARE-1024x683.jpg 1024w, https:\/\/www.radiopiu.net\/wordpress\/wp-content\/uploads\/2022\/06\/CELLULARE-768x512.jpg 768w, https:\/\/www.radiopiu.net\/wordpress\/wp-content\/uploads\/2022\/06\/CELLULARE-1536x1024.jpg 1536w, https:\/\/www.radiopiu.net\/wordpress\/wp-content\/uploads\/2022\/06\/CELLULARE.jpg 1920w\" sizes=\"auto, (max-width: 165px) 100vw, 165px\" \/><\/a>DI GIANNI SANTOMASO<\/strong><\/p>\n<p>OSPITI: Elena De Zaiacomo, Linda Coldebella e Erica Micheluzzi<\/p>\n<audio class=\"wp-audio-shortcode\" id=\"audio-389504-19\" preload=\"none\" style=\"width: 100%;\" controls=\"controls\"><source type=\"audio\/mpeg\" src=\"https:\/\/www.radiopiu.net\/wordpress\/wp-content\/uploads\/2024\/05\/RASSEGNA-GIANNI.mp3?_=19\" \/><a href=\"https:\/\/www.radiopiu.net\/wordpress\/wp-content\/uploads\/2024\/05\/RASSEGNA-GIANNI.mp3\">https:\/\/www.radiopiu.net\/wordpress\/wp-content\/uploads\/2024\/05\/RASSEGNA-GIANNI.mp3<\/a><\/audio>\n<p>&nbsp;<\/p>\n<hr \/>\n<p>&nbsp;<\/p>\n<h2><span style=\"color: #808000;\">DUE MINUTI PER TE<\/span><\/h2>\n<p><strong><a class=\"dt-pswp-item\" href=\"https:\/\/www.radiopiu.net\/wordpress\/wp-content\/uploads\/2020\/12\/DON-GIORGIO-LISE.jpg\" data-dt-img-description=\"\" data-large_image_width=\"1600\" data-large_image_height=\"901\"><img loading=\"lazy\" decoding=\"async\" class=\" wp-image-177420 alignleft\" src=\"https:\/\/www.radiopiu.net\/wordpress\/wp-content\/uploads\/2020\/12\/DON-GIORGIO-LISE-300x169.jpg\" alt=\"\" width=\"169\" height=\"95\" srcset=\"https:\/\/www.radiopiu.net\/wordpress\/wp-content\/uploads\/2020\/12\/DON-GIORGIO-LISE-300x169.jpg 300w, https:\/\/www.radiopiu.net\/wordpress\/wp-content\/uploads\/2020\/12\/DON-GIORGIO-LISE-1024x577.jpg 1024w, https:\/\/www.radiopiu.net\/wordpress\/wp-content\/uploads\/2020\/12\/DON-GIORGIO-LISE-768x432.jpg 768w, https:\/\/www.radiopiu.net\/wordpress\/wp-content\/uploads\/2020\/12\/DON-GIORGIO-LISE-1536x865.jpg 1536w, https:\/\/www.radiopiu.net\/wordpress\/wp-content\/uploads\/2020\/12\/DON-GIORGIO-LISE.jpg 1600w\" sizes=\"auto, (max-width: 169px) 100vw, 169px\" \/><\/a>APPUNTAMENTO DELLA DOMENICA CON IL PENSIERO DI MONSIGNOR GIORGIO LISE<\/strong><\/p>\n<audio class=\"wp-audio-shortcode\" id=\"audio-389504-20\" preload=\"none\" style=\"width: 100%;\" controls=\"controls\"><source type=\"audio\/mpeg\" src=\"https:\/\/www.radiopiu.net\/wordpress\/wp-content\/uploads\/2024\/05\/DON-GIORGIO-2.mp3?_=20\" \/><a href=\"https:\/\/www.radiopiu.net\/wordpress\/wp-content\/uploads\/2024\/05\/DON-GIORGIO-2.mp3\">https:\/\/www.radiopiu.net\/wordpress\/wp-content\/uploads\/2024\/05\/DON-GIORGIO-2.mp3<\/a><\/audio>\n<p>&nbsp;<\/p>\n<hr \/>\n<p>&nbsp;<\/p>\n<h2><span style=\"color: #33cccc;\">GOODBYE BY BICICLE&#8230;UN VIAGGIO DALL&#8217;INDIA A SEREN DEL GRAPPA IN BICICLETTA<\/span><\/h2>\n<p><span style=\"color: #ff0000;\"><strong>PUNTATA 13 &#8211; LA VISITA A TRE SCUOLE, LA MANUTENZIONE ALLE BICICLETTE E VIA&#8230;VERSO IL NEPAL<\/strong><\/span><\/p>\n<audio class=\"wp-audio-shortcode\" id=\"audio-389504-21\" preload=\"none\" style=\"width: 100%;\" controls=\"controls\"><source type=\"audio\/mpeg\" src=\"https:\/\/www.radiopiu.net\/wordpress\/wp-content\/uploads\/2024\/05\/AIRE-INDIA-PUNTATA-13.mp3?_=21\" \/><a href=\"https:\/\/www.radiopiu.net\/wordpress\/wp-content\/uploads\/2024\/05\/AIRE-INDIA-PUNTATA-13.mp3\">https:\/\/www.radiopiu.net\/wordpress\/wp-content\/uploads\/2024\/05\/AIRE-INDIA-PUNTATA-13.mp3<\/a><\/audio>\n<p>&nbsp;<\/p>\n<p><strong>PER VISITARE I SITI DEI LUOGHI VISITATI, CLICCA SULLE SEGUENTI SCRITTE: <span style=\"color: #3366ff;\"><a href=\"https:\/\/www.instagram.com\/thechildtrust?igsh=bWJxOGM1OGc2NDBy\">THE CHILD TRUST<\/a>\u00a0 \u00a0 <a href=\"https:\/\/www.instagram.com\/laurel_high_theschool?igsh=Z3l2dWJwOGllZjBz\">LAUREL HIGH THE SCHOOL<\/a>\u00a0 \u00a0<a href=\"https:\/\/www.instagram.com\/thebikeshopindia?igsh=bmptY2JtcnZieWEz\">THE BIKE SHOP INDIA<\/a><\/span><\/strong><\/p>\n\n\t\t\t<style type='text\/css'>\n\t\t\t\t#gallery-11 {\n\t\t\t\t\tmargin: auto;\n\t\t\t\t}\n\t\t\t\t#gallery-11 .gallery-item {\n\t\t\t\t\tfloat: left;\n\t\t\t\t\tmargin-top: 10px;\n\t\t\t\t\ttext-align: center;\n\t\t\t\t\twidth: 33%;\n\t\t\t\t}\n\t\t\t\t#gallery-11 img {\n\t\t\t\t\tborder: 2px solid #cfcfcf;\n\t\t\t\t}\n\t\t\t\t#gallery-11 .gallery-caption {\n\t\t\t\t\tmargin-left: 0;\n\t\t\t\t}\n\t\t\t\t\/* see gallery_shortcode() in wp-includes\/media.php *\/\n\t\t\t<\/style>\n\t\t<div id='gallery-11' class='dt-gallery-container gallery galleryid-389504 gallery-columns-3 gallery-size-thumbnail'><dl class='gallery-item'>\n\t\t\t\t<dt class='gallery-icon portrait'>\n\t\t\t\t\t<a class=\"rollover rollover-zoom dt-pswp-item\" title=\"31838e1c-9942-41ac-8e11-7913fb13364b\" data-dt-img-description=\"\" data-large_image_width=\"720\" data-large_image_height=\"1600\"href='https:\/\/www.radiopiu.net\/wordpress\/wp-content\/uploads\/2024\/05\/31838e1c-9942-41ac-8e11-7913fb13364b.jpg'><img loading=\"lazy\" decoding=\"async\" width=\"150\" height=\"150\" src=\"https:\/\/www.radiopiu.net\/wordpress\/wp-content\/uploads\/2024\/05\/31838e1c-9942-41ac-8e11-7913fb13364b-150x150.jpg\" class=\"attachment-thumbnail size-thumbnail\" alt=\"\" \/><\/a>\n\t\t\t\t<\/dt><\/dl><dl class='gallery-item'>\n\t\t\t\t<dt class='gallery-icon portrait'>\n\t\t\t\t\t<a class=\"rollover rollover-zoom dt-pswp-item\" title=\"74a8639f-f7fc-44a1-98bf-dfacaf27077c\" data-dt-img-description=\"\" data-large_image_width=\"900\" data-large_image_height=\"1600\"href='https:\/\/www.radiopiu.net\/wordpress\/wp-content\/uploads\/2024\/05\/74a8639f-f7fc-44a1-98bf-dfacaf27077c.jpg'><img loading=\"lazy\" decoding=\"async\" width=\"150\" height=\"150\" src=\"https:\/\/www.radiopiu.net\/wordpress\/wp-content\/uploads\/2024\/05\/74a8639f-f7fc-44a1-98bf-dfacaf27077c-150x150.jpg\" class=\"attachment-thumbnail size-thumbnail\" alt=\"\" \/><\/a>\n\t\t\t\t<\/dt><\/dl><dl class='gallery-item'>\n\t\t\t\t<dt class='gallery-icon portrait'>\n\t\t\t\t\t<a class=\"rollover rollover-zoom dt-pswp-item\" title=\"ddbf7f5a-e20a-4df9-a350-8993c2785a2a\" data-dt-img-description=\"\" data-large_image_width=\"1200\" data-large_image_height=\"1600\"href='https:\/\/www.radiopiu.net\/wordpress\/wp-content\/uploads\/2024\/05\/ddbf7f5a-e20a-4df9-a350-8993c2785a2a.jpg'><img loading=\"lazy\" decoding=\"async\" width=\"150\" height=\"150\" src=\"https:\/\/www.radiopiu.net\/wordpress\/wp-content\/uploads\/2024\/05\/ddbf7f5a-e20a-4df9-a350-8993c2785a2a-150x150.jpg\" class=\"attachment-thumbnail size-thumbnail\" alt=\"\" \/><\/a>\n\t\t\t\t<\/dt><\/dl><br style=\"clear: both\" \/>\n\t\t\t<\/div>\n\n<p>&nbsp;<\/p>\n<h2>LA RACCOLTA COMPLETA <a href=\"https:\/\/www.radiopiu.net\/wordpress\/goodbye-by-bicicle-un-viaggio-dallindia-a-seren-del-grappa-in-bicicletta-13\/\"><span style=\"color: #3366ff;\">CLICCA QUI<\/span><\/a><\/h2>\n<p>&nbsp;<\/p>\n<hr \/>\n<p>&nbsp;<\/p>\n<blockquote class=\"wp-embedded-content\" data-secret=\"Awvkbt0te6\"><p><a href=\"https:\/\/www.radiopiu.net\/wordpress\/piu-siamo-con-marina-settimana-dal-06-al-10-maggio-2024\/\">PIU&#8217; SIAMO&#8230;CON MARINA. SETTIMANA DAL 06 AL 10 MAGGIO 2024<\/a><\/p><\/blockquote>\n<p><iframe loading=\"lazy\" class=\"wp-embedded-content\" sandbox=\"allow-scripts\" security=\"restricted\" style=\"position: absolute; clip: rect(1px, 1px, 1px, 1px);\" title=\"&#8220;PIU&#8217; SIAMO&#8230;CON MARINA. SETTIMANA DAL 06 AL 10 MAGGIO 2024&#8221; &#8212; Radio Pi\u00f9\" src=\"https:\/\/www.radiopiu.net\/wordpress\/piu-siamo-con-marina-settimana-dal-06-al-10-maggio-2024\/embed\/#?secret=yeovwnSSmd#?secret=Awvkbt0te6\" data-secret=\"Awvkbt0te6\" width=\"600\" height=\"338\" frameborder=\"0\" marginwidth=\"0\" marginheight=\"0\" scrolling=\"no\"><\/iframe><\/p>\n<p>&nbsp;<\/p>\n<hr \/>\n<p>&nbsp;<\/p>\n<blockquote class=\"wp-embedded-content\" data-secret=\"6kRIyHMji1\"><p><a href=\"https:\/\/www.radiopiu.net\/wordpress\/ddc-juke-box-da-unidea-di-luisa-alchini-p13\/\">DDC JUKE BOX, DA UN&#8217;IDEA DI LUISA ALCHINI<\/a><\/p><\/blockquote>\n<p><iframe loading=\"lazy\" class=\"wp-embedded-content\" sandbox=\"allow-scripts\" security=\"restricted\" style=\"position: absolute; clip: rect(1px, 1px, 1px, 1px);\" title=\"&#8220;DDC JUKE BOX, DA UN&#8217;IDEA DI LUISA ALCHINI&#8221; &#8212; Radio Pi\u00f9\" src=\"https:\/\/www.radiopiu.net\/wordpress\/ddc-juke-box-da-unidea-di-luisa-alchini-p13\/embed\/#?secret=i548fL3Mmi#?secret=6kRIyHMji1\" data-secret=\"6kRIyHMji1\" width=\"600\" height=\"338\" frameborder=\"0\" marginwidth=\"0\" marginheight=\"0\" scrolling=\"no\"><\/iframe><\/p>\n<p>&nbsp;<\/p>\n<blockquote class=\"wp-embedded-content\" data-secret=\"dCC6DBVJBK\"><p><a href=\"https:\/\/www.radiopiu.net\/wordpress\/set3a\/\">EL BAL DEL FIOR, DETTI E MODI DI DIRE  LA RACCOLTA COMPLETA<\/a><\/p><\/blockquote>\n<p><iframe loading=\"lazy\" class=\"wp-embedded-content\" sandbox=\"allow-scripts\" security=\"restricted\" style=\"position: absolute; clip: rect(1px, 1px, 1px, 1px);\" title=\"&#8220;EL BAL DEL FIOR, DETTI E MODI DI DIRE  LA RACCOLTA COMPLETA&#8221; &#8212; Radio Pi\u00f9\" src=\"https:\/\/www.radiopiu.net\/wordpress\/set3a\/embed\/#?secret=XlK2absvu7#?secret=dCC6DBVJBK\" data-secret=\"dCC6DBVJBK\" width=\"600\" height=\"338\" frameborder=\"0\" marginwidth=\"0\" marginheight=\"0\" scrolling=\"no\"><\/iframe><\/p>\n<p>&nbsp;<\/p>\n<p>&nbsp;<\/p>\n<hr \/>\n<p>&nbsp;<\/p>\n<h2><span style=\"color: #ff0000;\"><a class=\"dt-pswp-item\" href=\"https:\/\/www.radiopiu.net\/wordpress\/wp-content\/uploads\/2018\/09\/appuntamenti.jpeg\" data-dt-img-description=\"\" data-large_image_width=\"800\" data-large_image_height=\"100\"><img loading=\"lazy\" decoding=\"async\" class=\"wp-image-61958 size-full aligncenter\" src=\"https:\/\/www.radiopiu.net\/wordpress\/wp-content\/uploads\/2018\/09\/appuntamenti.jpeg\" alt=\"\" width=\"800\" height=\"100\" srcset=\"https:\/\/www.radiopiu.net\/wordpress\/wp-content\/uploads\/2018\/09\/appuntamenti.jpeg 800w, https:\/\/www.radiopiu.net\/wordpress\/wp-content\/uploads\/2018\/09\/appuntamenti-300x38.jpeg 300w, https:\/\/www.radiopiu.net\/wordpress\/wp-content\/uploads\/2018\/09\/appuntamenti-768x96.jpeg 768w\" sizes=\"auto, (max-width: 800px) 100vw, 800px\" \/><\/a><\/span><\/h2>\n<div>\n<div class=\"\" dir=\"auto\">\n<div id=\":r9h:\" class=\"x1iorvi4 x1pi30zi x1l90r2v x1swvt13\" data-ad-comet-preview=\"message\" data-ad-preview=\"message\">\n<p>&nbsp;<\/p>\n<p>&nbsp;<\/p>\n<div class=\"x78zum5 xdt5ytf xz62fqu x16ldp7u\">\n<div class=\"xu06os2 x1ok221b\">\n\n\t\t\t<style type='text\/css'>\n\t\t\t\t#gallery-12 {\n\t\t\t\t\tmargin: auto;\n\t\t\t\t}\n\t\t\t\t#gallery-12 .gallery-item {\n\t\t\t\t\tfloat: left;\n\t\t\t\t\tmargin-top: 10px;\n\t\t\t\t\ttext-align: center;\n\t\t\t\t\twidth: 50%;\n\t\t\t\t}\n\t\t\t\t#gallery-12 img {\n\t\t\t\t\tborder: 2px solid #cfcfcf;\n\t\t\t\t}\n\t\t\t\t#gallery-12 .gallery-caption {\n\t\t\t\t\tmargin-left: 0;\n\t\t\t\t}\n\t\t\t\t\/* see gallery_shortcode() in wp-includes\/media.php *\/\n\t\t\t<\/style>\n\t\t<div id='gallery-12' class='dt-gallery-container gallery galleryid-389504 gallery-columns-2 gallery-size-thumbnail'><dl class='gallery-item'>\n\t\t\t\t<dt class='gallery-icon portrait'>\n\t\t\t\t\t<a class=\"rollover rollover-zoom dt-pswp-item\" title=\"437146738_2577149032445332_1917642300626249383_n\" data-dt-img-description=\"\" data-large_image_width=\"509\" data-large_image_height=\"720\"href='https:\/\/www.radiopiu.net\/wordpress\/wp-content\/uploads\/2024\/04\/437146738_2577149032445332_1917642300626249383_n.jpg'><img loading=\"lazy\" decoding=\"async\" width=\"150\" height=\"150\" src=\"https:\/\/www.radiopiu.net\/wordpress\/wp-content\/uploads\/2024\/04\/437146738_2577149032445332_1917642300626249383_n-150x150.jpg\" class=\"attachment-thumbnail size-thumbnail\" alt=\"\" aria-describedby=\"gallery-12-387164\" \/><\/a>\n\t\t\t\t<\/dt>\n\t\t\t\t\t<dd class='wp-caption-text gallery-caption' id='gallery-12-387164'>\n\t\t\t\t\tDA VENERDI 3 MAGGIO VIA AL MAGGIO AGORDINO CON I PERITI MINERARI\n\t\t\t\t\t<\/dd><\/dl><dl class='gallery-item'>\n\t\t\t\t<dt class='gallery-icon portrait'>\n\t\t\t\t\t<a class=\"rollover rollover-zoom dt-pswp-item\" title=\"532d59c3-32a5-4ff5-9d92-ef84dc9468ea\" data-dt-img-description=\"\" data-large_image_width=\"1080\" data-large_image_height=\"1526\"href='https:\/\/www.radiopiu.net\/wordpress\/wp-content\/uploads\/2024\/05\/532d59c3-32a5-4ff5-9d92-ef84dc9468ea.jpg'><img loading=\"lazy\" decoding=\"async\" width=\"150\" height=\"150\" src=\"https:\/\/www.radiopiu.net\/wordpress\/wp-content\/uploads\/2024\/05\/532d59c3-32a5-4ff5-9d92-ef84dc9468ea-150x150.jpg\" class=\"attachment-thumbnail size-thumbnail\" alt=\"\" aria-describedby=\"gallery-12-388210\" \/><\/a>\n\t\t\t\t<\/dt>\n\t\t\t\t\t<dd class='wp-caption-text gallery-caption' id='gallery-12-388210'>\n\t\t\t\t\tTORNEO DEI FRAZIONISTI, LA FESTAS SUL BROI\n\t\t\t\t\t<\/dd><\/dl><br style=\"clear: both\" \/>\n\t\t\t<\/div>\n\n<p>&nbsp;<\/p>\n<\/div>\n<\/div>\n<\/div>\n<\/div>\n<\/div>\n<p><strong>AGORDO<\/strong> MAGGIO AGORDINO, CONOSCERE IL TERRITORIO, CON L&#8217;ASSOCIAZIONE PERITI MINERARI DI AGORDO QUATTRO APPUNTAMENTI, PER QUATTRO VENERDI ALLE 20.30 IN SALA DON TAMIS, AD AGORDO, CON INGRESSO LIBERO A TUTTI\u00a0 \u00a0VENERDI 17 MAGGIO LA METEOLOROGIA ALPINA, UN UNIVERSO SFACETTATO QUANTO LA MONTAGNA STESSA con il dottor Robert Thierry Luciani VENERDI 24 MAGGIO ENERGIA E AMBIENTE DI MONTAGNA con l&#8217;ingegner Adriano Luchetta MAGGIO AGORDINO&#8230; CON L&#8217;APIM, I VENERDI DI SERA IN SALA DON TAMIS<\/p>\n<p><strong>SOSPIROLO <\/strong>Gioved\u00ec 16 maggio 2024 ore 20.30 al Centro civico di Sospirolo si terr\u00e0 la presentazione del libro &#8220;La scacchiera sotto il calicanto&#8221; di Giovanni Lorusso. La presentazione \u00e8 curata da Federico Brancaleone, Lucia Mezzacasa legge alcuni brani tratti dai racconti mentre tre attori della compagnia TeatroBis proporranno un racconto teatralizzato. La serata, ad ingresso libero, \u00e8 promossa dalla Pro Loco Monti del Sole e gode del patrocinio del Comune di Sospirolo.<\/p>\n<p><strong>BELLUNO<\/strong> Le sfide globali come il cambiamento climatico, le pandemie e la perdita di biodiversit\u00e0 richiedono una revisione del nostro rapporto con la natura. La Delegazione FAI di Belluno e il Gruppo FAI di Feltre organizzano una &#8220;Camminata nella Biodiversit\u00e0&#8221; sui monti di Lentiai il 18 maggio, per sensibilizzare sull&#8217;importanza della salvaguardia ambientale.<\/p>\n<p>&nbsp;<\/p>\n<h2><span style=\"color: #ff0000;\">PROSSIMAMENTE<\/span><\/h2>\n<p><strong>FELTRE\u00a0<\/strong>Sabato 25 maggio alle 21 al Centro Astronomico di Arson a Feltre un incontro con l&#8217;astronomico Giuliano Vanin per parlare degli asteroidi killer<\/p>\n<p>&nbsp;<\/p>\n<p>&nbsp;<\/p>\n<hr \/>\n<p>&nbsp;<\/p>\n<p><a class=\"dt-pswp-item\" href=\"https:\/\/www.radiopiu.net\/wordpress\/wp-content\/uploads\/2018\/09\/viabilita.jpeg\" data-dt-img-description=\"\" data-large_image_width=\"800\" data-large_image_height=\"100\"><img loading=\"lazy\" decoding=\"async\" class=\"aligncenter wp-image-61954 size-full\" src=\"https:\/\/www.radiopiu.net\/wordpress\/wp-content\/uploads\/2018\/09\/viabilita.jpeg\" alt=\"\" width=\"800\" height=\"100\" srcset=\"https:\/\/www.radiopiu.net\/wordpress\/wp-content\/uploads\/2018\/09\/viabilita.jpeg 800w, https:\/\/www.radiopiu.net\/wordpress\/wp-content\/uploads\/2018\/09\/viabilita-300x38.jpeg 300w, https:\/\/www.radiopiu.net\/wordpress\/wp-content\/uploads\/2018\/09\/viabilita-768x96.jpeg 768w\" sizes=\"auto, (max-width: 800px) 100vw, 800px\" \/><\/a><\/p>\n<p>&nbsp;<\/p>\n<p><a class=\"dt-pswp-item\" href=\"https:\/\/www.radiopiu.net\/wordpress\/wp-content\/uploads\/2023\/12\/botol-car-service.jpg\" data-dt-img-description=\"\" data-large_image_width=\"600\" data-large_image_height=\"600\"><img loading=\"lazy\" decoding=\"async\" class=\"size-medium wp-image-367044 aligncenter\" src=\"https:\/\/www.radiopiu.net\/wordpress\/wp-content\/uploads\/2023\/12\/botol-car-service-300x300.jpg\" alt=\"\" width=\"300\" height=\"300\" srcset=\"https:\/\/www.radiopiu.net\/wordpress\/wp-content\/uploads\/2023\/12\/botol-car-service-300x300.jpg 300w, https:\/\/www.radiopiu.net\/wordpress\/wp-content\/uploads\/2023\/12\/botol-car-service-150x150.jpg 150w, https:\/\/www.radiopiu.net\/wordpress\/wp-content\/uploads\/2023\/12\/botol-car-service.jpg 600w\" sizes=\"auto, (max-width: 300px) 100vw, 300px\" \/><\/a><\/p>\n<p>&nbsp;<\/p>\n<p>&nbsp;<\/p>\n<h1>BOLLETTINO QUOTIDIANO, CLICCA QUI<\/h1>\n<blockquote class=\"wp-embedded-content\" data-secret=\"myqJK0wwIw\"><p><a href=\"https:\/\/www.radiopiu.net\/wordpress\/viabilita\/\">viabilita<\/a><\/p><\/blockquote>\n<p><iframe loading=\"lazy\" class=\"wp-embedded-content\" sandbox=\"allow-scripts\" security=\"restricted\" style=\"position: absolute; clip: rect(1px, 1px, 1px, 1px);\" title=\"&#8220;viabilita&#8221; &#8212; Radio Pi\u00f9\" src=\"https:\/\/www.radiopiu.net\/wordpress\/viabilita\/embed\/#?secret=eDvWTp8kiQ#?secret=myqJK0wwIw\" data-secret=\"myqJK0wwIw\" width=\"600\" height=\"338\" frameborder=\"0\" marginwidth=\"0\" marginheight=\"0\" scrolling=\"no\"><\/iframe><\/p>\n<p>&nbsp;<\/p>\n<p>&nbsp;<\/p>\n<p>&nbsp;<\/p>\n<hr \/>\n<p>&nbsp;<\/p>\n<p><a class=\"dt-pswp-item\" href=\"https:\/\/www.radiopiu.net\/wordpress\/wp-content\/uploads\/2018\/09\/WhatsApp-Image-2018-09-20-at-16.04.06.jpeg\" data-dt-img-description=\"\" data-large_image_width=\"800\" data-large_image_height=\"100\"><img loading=\"lazy\" decoding=\"async\" class=\"wp-image-61378 size-full aligncenter\" src=\"https:\/\/www.radiopiu.net\/wordpress\/wp-content\/uploads\/2018\/09\/WhatsApp-Image-2018-09-20-at-16.04.06.jpeg\" alt=\"\" width=\"800\" height=\"100\" srcset=\"https:\/\/www.radiopiu.net\/wordpress\/wp-content\/uploads\/2018\/09\/WhatsApp-Image-2018-09-20-at-16.04.06.jpeg 800w, https:\/\/www.radiopiu.net\/wordpress\/wp-content\/uploads\/2018\/09\/WhatsApp-Image-2018-09-20-at-16.04.06-300x38.jpeg 300w, https:\/\/www.radiopiu.net\/wordpress\/wp-content\/uploads\/2018\/09\/WhatsApp-Image-2018-09-20-at-16.04.06-768x96.jpeg 768w\" sizes=\"auto, (max-width: 800px) 100vw, 800px\" \/><\/a><\/p>\n<p><center><\/center><center><\/center><center><\/center><center><\/center><center><\/center><center><\/center>&nbsp;<\/p>\n<p><center><\/center><center><\/center><center><\/center><center><\/center><center><b>OGGI<\/b><\/center>Tempo varibile\/instabile con poche chance di schiarite e cielo perlopi\u00f9 molto nuvoloso o coperto associato a precipitazioni sparse e discontinue.<br \/>\n<b>Precipitazioni: <\/b>Alta probabilit\u00e0 di precipitazioni per fenomeni a tratti diffusi, anche a carattere di rovescio e temporale.<br \/>\n<b>Temperature: <\/b>Pressoch\u00e9 stazionarie a tutte le quote, salvo lieve irpresa delle massime nelle valli.<\/p>\n<hr \/>\n<p><center><b>DOMANI<\/b><\/center>Tempo variabile\/instabile con cielo da irregolarmente nuvoloso a molto nuvoloso associato ad alta probabilit\u00e0 nuovi fenomeni. Le chance di schiarite saranno limitate nello spazio e nel tempo, ma presenti.<br \/>\n<b>Precipitazioni: <\/b>Al mattino inervallo con probabilit\u00e0 contenuta per deboli precipitazioni intermittenti. Al pomeriggio ripresa dell&#8217;instabilit\u00e0 con crescente rischio di rovesci, anche temporaleschi<br \/>\n<b>Temperature: <\/b>Nelle valli senza notevoli variazioni. in quota minime in calo e massime in leggero rialzo.<\/p>\n<hr \/>\n<p><center><b>MERCOLEDI<\/b><\/center>Episodio di spiccato maltempo con cielo coperto e precipitazioni diffuse, anche abbondanti tra Prealpi e Dolomiti meridionali. . Temperature stazionarie o in leggero aumento per richiamo sciroccale.<\/p>\n<hr \/>\n<p><center><b>GIOVEDI<\/b><\/center>Perdurare del maltempo con cielo coperto e diffuse precipitazioni, ancora copiose su alcuni settori. Temperature in leggera ripresa per intensificazione del flusso sciroccale.<\/p>\n<p>&nbsp;<\/p>\n<hr \/>\n<p>&nbsp;<\/p>\n<p><img loading=\"lazy\" decoding=\"async\" class=\"wp-image-60761 size-full aligncenter\" src=\"https:\/\/www.radiopiu.net\/wordpress\/wp-content\/uploads\/2018\/09\/sport.jpg\" alt=\"\" width=\"800\" height=\"100\" srcset=\"https:\/\/www.radiopiu.net\/wordpress\/wp-content\/uploads\/2018\/09\/sport.jpg 800w, https:\/\/www.radiopiu.net\/wordpress\/wp-content\/uploads\/2018\/09\/sport-300x38.jpg 300w, https:\/\/www.radiopiu.net\/wordpress\/wp-content\/uploads\/2018\/09\/sport-768x96.jpg 768w\" sizes=\"auto, (max-width: 800px) 100vw, 800px\" \/><\/p>\n<p>&nbsp;<\/p>\n<p><span style=\"color: #0000ff;\"><strong>CALCIO<\/strong><\/span><\/p>\n<blockquote>\n<h3>L&#8217;AGORDINA PERDE CON IL VALZOLDANA E RIMANE FUORI DAI GIOCHI PER LA CORSA AI PLAYOFF<\/h3>\n<\/blockquote>\n<p><strong><a class=\"dt-pswp-item\" href=\"https:\/\/www.radiopiu.net\/wordpress\/wp-content\/uploads\/2021\/10\/CALCIO-2021.jpg\" data-dt-img-description=\"\" data-large_image_width=\"1920\" data-large_image_height=\"1280\"><img loading=\"lazy\" decoding=\"async\" class=\" wp-image-235116 alignleft\" src=\"https:\/\/www.radiopiu.net\/wordpress\/wp-content\/uploads\/2021\/10\/CALCIO-2021-300x200.jpg\" alt=\"\" width=\"167\" height=\"111\" srcset=\"https:\/\/www.radiopiu.net\/wordpress\/wp-content\/uploads\/2021\/10\/CALCIO-2021-300x200.jpg 300w, https:\/\/www.radiopiu.net\/wordpress\/wp-content\/uploads\/2021\/10\/CALCIO-2021-1024x683.jpg 1024w, https:\/\/www.radiopiu.net\/wordpress\/wp-content\/uploads\/2021\/10\/CALCIO-2021-768x512.jpg 768w, https:\/\/www.radiopiu.net\/wordpress\/wp-content\/uploads\/2021\/10\/CALCIO-2021-1536x1024.jpg 1536w, https:\/\/www.radiopiu.net\/wordpress\/wp-content\/uploads\/2021\/10\/CALCIO-2021.jpg 1920w\" sizes=\"auto, (max-width: 167px) 100vw, 167px\" \/><\/a>DI MARCO GAZ<\/strong><\/p>\n<p><span style=\"color: #ff0000;\"><strong>TERZA CATEGORIA<\/strong><\/span><\/p>\n<p><strong>VALZOLDANA \u2013 AGORDINA 2-1<\/strong><\/p>\n<p>GOL AGORDINA: Chiea<\/p>\n<p>Sfuma per l\u2019Agordina la speranza di agguantare i playoff. La squadra di Agordo \u00e8 matematicamente fuori dalla corsa a due giornate dal termine e la prossima stagione sar\u00e0 costretta a giocare ancora nel campionato di Terza Categoria. Nonostante gli sforzi i ragazzi di Agordo non sono riusciti ad incamerare punti nella sfida con il Valzoldana perdendo cos\u00ec il treno per la fase finale del campionato. E pensare che l\u2019Agordina aveva iniziato bene la partita in terra zoldana portandosi in vantaggio dopo 16\u2019 grazie ad un eurogol di Chiea su punizione. Agordini in vantaggio a fine primo tempo ma nella ripresa la storia cambia con i padroni di casa che trovano il pareggio a 15\u2019 dal termine. La beffa per\u00f2 arriva in pieno recupero con il Valzoldana alla ricerca della vittoria. Tutto nasce da un contropiede con un attaccante che scappa alla difesa e a tu per tu con il portiere non sbaglia.<\/p>\n<p><strong>DOMEGGE \u2013 PIAVE 2-1<\/strong><\/p>\n<p>Il Piave perde in terra cadorina e consegna al Domegge tre punti importanti per la lotta al salto di categoria. La squadra di Belluno, che ormai non ha pi\u00f9 motivazioni in questo finale di stagione, non riesce a pareggiare i conti dopo una sfida piacevole.<\/p>\n<p><strong>LA CLASSIFICA DELLA TERZA CATEGORIA:<\/strong> Gemelle 51, Domegge 49, San Vittore 44, Auronzo e Alpes Cesio 42, Fortogna Valzoldana e Dynamo Vellai 39, Agordina 35, Piave e Tambre 22, Lamonese 19, Cortina 17, Cadore 9<\/p>\n<p><span style=\"color: #008000;\"><strong>GIOVANILI AGORDINA<\/strong><\/span><\/p>\n<p><span style=\"color: #ff0000;\"><strong>JUNIORES<\/strong><\/span><\/p>\n<p><strong>CAMPIONATO TERMINATO. AGORDINA CHE CHIUDE LA STAGIONE AL TERZO POSTO<\/strong><\/p>\n<p><span style=\"color: #ff0000;\"><strong>ALLIEVI <\/strong><\/span><\/p>\n<p><strong>AGORDINA \u2013 LIMANA 2-1<\/strong><\/p>\n<p>Si chiude con una vittoria la stagione degli allievi dell\u2019Agordina che vincono di misura contro il Limana. Dopo un primo tempo giocato alla pari, sul finale della prima frazione Favero sblocca il punteggio. Nella ripresa lo stesso Favero mette la firma alla doppietta personale. Agordini che riescono a mantenere il vantaggio fino a 10\u2019 dal termine quando il Limana riapre il match. Tre punti importanti per l\u2019Agordina che ora devono attendere il recupero di alcune partite per capire se chiudono al secondo o al terzo posto la stagione nel campionato provinciale.<\/p>\n<p><span style=\"color: #ff0000;\"><strong>GIOVANISSIMI<\/strong><\/span><\/p>\n<p><strong>CAMPIONATO TERMINATO. AGORDINA SQUADRA A AL TERZO POSTO, AGORDINA SQUADRA B ULTIMA POSIZIONE<\/strong><\/p>\n<p>&nbsp;<\/p>\n<p><span style=\"color: #0000ff;\"><strong>PALLAVOLO<\/strong><\/span><\/p>\n<blockquote>\n<h3>SI FERMA LA CORSA NEI PLAYOFF PER LA PALLAVOLO FEMMINILE BELLUNO<\/h3>\n<\/blockquote>\n<p><b><a class=\"dt-pswp-item\" href=\"https:\/\/www.radiopiu.net\/wordpress\/wp-content\/uploads\/2024\/05\/Homeclick_fuoro_dai_playoff.jpg\" data-dt-img-description=\"\" data-large_image_width=\"1210\" data-large_image_height=\"807\"><img loading=\"lazy\" decoding=\"async\" class=\" wp-image-389631 alignleft\" src=\"https:\/\/www.radiopiu.net\/wordpress\/wp-content\/uploads\/2024\/05\/Homeclick_fuoro_dai_playoff-300x200.jpg\" alt=\"\" width=\"158\" height=\"105\" srcset=\"https:\/\/www.radiopiu.net\/wordpress\/wp-content\/uploads\/2024\/05\/Homeclick_fuoro_dai_playoff-300x200.jpg 300w, https:\/\/www.radiopiu.net\/wordpress\/wp-content\/uploads\/2024\/05\/Homeclick_fuoro_dai_playoff-1024x683.jpg 1024w, https:\/\/www.radiopiu.net\/wordpress\/wp-content\/uploads\/2024\/05\/Homeclick_fuoro_dai_playoff-768x512.jpg 768w, https:\/\/www.radiopiu.net\/wordpress\/wp-content\/uploads\/2024\/05\/Homeclick_fuoro_dai_playoff.jpg 1210w\" sizes=\"auto, (max-width: 158px) 100vw, 158px\" \/><\/a>HOMECLICK SB VOLLEY-TEAM VOLLEY 2007 GALLIERA VENETA 2-3 (<\/b><strong>25-13, 25-18, 18-25, 17-25, 14-16)<\/strong><\/p>\n<p>La SB Volley rimane scottata dalla bruciante rimonta padovana. E cede il passo al Team Volley 2007, che chiude la serie in due partite e si qualifica per la seconda e ultima fase dei playoff di serie C femminile. Per la formazione di Josh De Salvador, \u00e8 fatale il primo passivo casalingo dell\u2019intera stagione: dopo aver infilato nove successi su nove, il fortino del De Mas cade proprio al momento meno opportuno. In una sfida da dentro o fuori. E nel modo pi\u00f9 beffardo, visto che Nausicaa Maschio (artefice di una prova maiuscola: 16 i suoi punti) e compagne erano avanti 2-0 nel conto dei set e, per almeno due parziali e mezzo, hanno espresso una pallavolo scintillante, capace di esaltare il folto e caloroso pubblico presente sulle tribune. Ma la reazione del gruppo di Galliera Veneta \u00e8 stata veemente. E non ha lasciato scampo alla Homeclick<b>.<\/b><\/p>\n<p>&nbsp;<\/p>\n<blockquote>\n<h3>VOLLEY CLUB AGORDINO: INIZIA IL BEACH VOLLEY UNDER 16 CON TRE VITTORIE. SCONFITTA PER L&#8217;UNDER 14<\/h3>\n<\/blockquote>\n<p><strong><a class=\"dt-pswp-item\" href=\"https:\/\/www.radiopiu.net\/wordpress\/wp-content\/uploads\/2024\/05\/72329ff2-0d59-4553-83e0-4ea7da3cf3f3.jpg\" data-dt-img-description=\"\" data-large_image_width=\"1200\" data-large_image_height=\"1600\"><img loading=\"lazy\" decoding=\"async\" class=\" wp-image-389660 alignleft\" src=\"https:\/\/www.radiopiu.net\/wordpress\/wp-content\/uploads\/2024\/05\/72329ff2-0d59-4553-83e0-4ea7da3cf3f3-225x300.jpg\" alt=\"\" width=\"135\" height=\"180\" srcset=\"https:\/\/www.radiopiu.net\/wordpress\/wp-content\/uploads\/2024\/05\/72329ff2-0d59-4553-83e0-4ea7da3cf3f3-225x300.jpg 225w, https:\/\/www.radiopiu.net\/wordpress\/wp-content\/uploads\/2024\/05\/72329ff2-0d59-4553-83e0-4ea7da3cf3f3-768x1024.jpg 768w, https:\/\/www.radiopiu.net\/wordpress\/wp-content\/uploads\/2024\/05\/72329ff2-0d59-4553-83e0-4ea7da3cf3f3-1152x1536.jpg 1152w, https:\/\/www.radiopiu.net\/wordpress\/wp-content\/uploads\/2024\/05\/72329ff2-0d59-4553-83e0-4ea7da3cf3f3.jpg 1200w\" sizes=\"auto, (max-width: 135px) 100vw, 135px\" \/><\/a>DI MARCO GAZ<\/strong><\/p>\n<p><span style=\"color: #ff0000;\"><strong>TERZA DIVISIONE UNDER 16 \u2013 BEACH VOLLEY<\/strong><\/span><\/p>\n<p>Con la fine del campionato di pallavolo, la squadra under 16 del Volley Club Agordino si prepara ad affrontare la stagione del beach volley e lo ha fatto a Mareno di Piave dove si sono svolte le sfide valide per il girone C. Ottima prova delle agordine che conquistano l\u2019accesso alla prossima fase in programma la prossima settimana grazie a tre vittorie su altrettante partite giocate<\/p>\n<p><span style=\"color: #ff0000;\"><strong>UNDER 14<\/strong><\/span><\/p>\n<p><strong>SEDICO \u2013 VOLLEY CLUB AGORDINO 3-0 (25-11, 25-17, 25-14)<\/strong><\/p>\n<p>Si chiude la stagione anche del settore giovanile del Volley Club Agordino con le ragazze under 14 che non riescono a fare punti contro il Sedico. Un campionato da archiviare con una sola vittoria e il penultimo posto in classifica. Tutto facile per le sedicensi che chiudono la pratica in soli 3 set.<\/p>\n<p>&nbsp;<\/p>\n<p><span style=\"color: #0000ff;\"><strong>CORSA SU PISTA<\/strong><\/span><\/p>\n<blockquote>\n<h3><a class=\"dt-pswp-item\" href=\"https:\/\/www.radiopiu.net\/wordpress\/wp-content\/uploads\/2024\/05\/csi-criterium-cadorino-cortina-12-maggio-2024-partenza-cucciole-scaled.jpg\" data-dt-img-description=\"\" data-large_image_width=\"2560\" data-large_image_height=\"1707\"><img loading=\"lazy\" decoding=\"async\" class=\" wp-image-389717 alignleft\" src=\"https:\/\/www.radiopiu.net\/wordpress\/wp-content\/uploads\/2024\/05\/csi-criterium-cadorino-cortina-12-maggio-2024-partenza-cucciole-300x200.jpg\" alt=\"\" width=\"201\" height=\"134\" srcset=\"https:\/\/www.radiopiu.net\/wordpress\/wp-content\/uploads\/2024\/05\/csi-criterium-cadorino-cortina-12-maggio-2024-partenza-cucciole-300x200.jpg 300w, https:\/\/www.radiopiu.net\/wordpress\/wp-content\/uploads\/2024\/05\/csi-criterium-cadorino-cortina-12-maggio-2024-partenza-cucciole-1024x683.jpg 1024w, https:\/\/www.radiopiu.net\/wordpress\/wp-content\/uploads\/2024\/05\/csi-criterium-cadorino-cortina-12-maggio-2024-partenza-cucciole-768x512.jpg 768w, https:\/\/www.radiopiu.net\/wordpress\/wp-content\/uploads\/2024\/05\/csi-criterium-cadorino-cortina-12-maggio-2024-partenza-cucciole-1536x1024.jpg 1536w, https:\/\/www.radiopiu.net\/wordpress\/wp-content\/uploads\/2024\/05\/csi-criterium-cadorino-cortina-12-maggio-2024-partenza-cucciole-2048x1365.jpg 2048w\" sizes=\"auto, (max-width: 201px) 100vw, 201px\" \/><\/a>CRITERIUM CADORINO: IN 310 A CORTINA<\/h3>\n<\/blockquote>\n<p>Cortina d\u2019Ampezzo ha ospitato la terza prova del 27\u00b0 Criterium Cadorino di atletica, dedicato al memorial Avio De Martin e al campionato provinciale. L&#8217;Atletica Cortina ha dominato, vincendo sia nella classifica generale (737 punti) che in quella giovanile (248 punti). Alberto Pompanin e Sabrina Boldrin hanno trionfato nelle gare assolute. Le prossime tappe includono una campestre a Pelos di Vigo di Cadore il 19 maggio e una corsa in montagna ad Auronzo di Cadore il 26 maggio, organizzate rispettivamente da Unione sportiva Aquilotti e Unione sportiva Tre Cime.<\/p>\n<p>&nbsp;<\/p>\n","protected":false},"excerpt":{"rendered":"<p>***** &nbsp; PER RICEVERE QUESTO NOTIZIARIO DIRETTAMENTE SUL TUO CELLULARE ISCRIVITI AL CANALE TELEGRAM \u201cRADIO PIU\u00a0 INFORMAZIONE&#8221;\u00a0 \u00a0il CANALE TELEGRAM&#8230; UNISCITI A: RADIO PIU INFORMAZIONE &nbsp; &nbsp; ATTENZIONE: LA NUOVA APP PER IOS-IPHONE di Nicola Vettorello https:\/\/apps.apple.com\/it\/app\/radio-pi%C3%B9-emittente-agordina\/id1515939845 ATTENZIONE: LA NUOVA APP RADIO\u00a0 PER ANDROID di Nicola Vettorello https:\/\/play.google.com\/store\/apps\/details?id=net.radiopiu.iniko\u00a0\u00a0 &nbsp; &nbsp; PIU&#8217; CHE ALTO ADIGE A&hellip;<\/p>\n","protected":false},"author":4,"featured_media":389746,"comment_status":"closed","ping_status":"closed","sticky":false,"template":"","format":"standard","meta":{"_monsterinsights_skip_tracking":false,"_monsterinsights_sitenote_active":false,"_monsterinsights_sitenote_note":"","_monsterinsights_sitenote_category":0,"footnotes":""},"categories":[51,86,49],"tags":[],"class_list":["post-389504","post","type-post","status-publish","format-standard","has-post-thumbnail","hentry","category-evidenza-top","category-gr","category-news-18","category-51","category-86","category-49","description-off"],"img_url":"https:\/\/www.radiopiu.net\/wordpress\/wp-content\/uploads\/2024\/05\/befc3c89-229b-4f99-b8c1-081b48c10171.jpg","_links":{"self":[{"href":"https:\/\/www.radiopiu.net\/wordpress\/wp-json\/wp\/v2\/posts\/389504","targetHints":{"allow":["GET"]}}],"collection":[{"href":"https:\/\/www.radiopiu.net\/wordpress\/wp-json\/wp\/v2\/posts"}],"about":[{"href":"https:\/\/www.radiopiu.net\/wordpress\/wp-json\/wp\/v2\/types\/post"}],"author":[{"embeddable":true,"href":"https:\/\/www.radiopiu.net\/wordpress\/wp-json\/wp\/v2\/users\/4"}],"replies":[{"embeddable":true,"href":"https:\/\/www.radiopiu.net\/wordpress\/wp-json\/wp\/v2\/comments?post=389504"}],"version-history":[{"count":0,"href":"https:\/\/www.radiopiu.net\/wordpress\/wp-json\/wp\/v2\/posts\/389504\/revisions"}],"wp:featuredmedia":[{"embeddable":true,"href":"https:\/\/www.radiopiu.net\/wordpress\/wp-json\/wp\/v2\/media\/389746"}],"wp:attachment":[{"href":"https:\/\/www.radiopiu.net\/wordpress\/wp-json\/wp\/v2\/media?parent=389504"}],"wp:term":[{"taxonomy":"category","embeddable":true,"href":"https:\/\/www.radiopiu.net\/wordpress\/wp-json\/wp\/v2\/categories?post=389504"},{"taxonomy":"post_tag","embeddable":true,"href":"https:\/\/www.radiopiu.net\/wordpress\/wp-json\/wp\/v2\/tags?post=389504"}],"curies":[{"name":"wp","href":"https:\/\/api.w.org\/{rel}","templated":true}]}}