{"id":389532,"date":"2024-05-11T07:55:39","date_gmt":"2024-05-11T05:55:39","guid":{"rendered":"https:\/\/www.radiopiu.net\/wordpress\/?p=389532"},"modified":"2024-05-11T08:03:48","modified_gmt":"2024-05-11T06:03:48","slug":"la-rassegna-stampa-locale-dal-1983-loriginale","status":"publish","type":"post","link":"https:\/\/www.radiopiu.net\/wordpress\/la-rassegna-stampa-locale-dal-1983-loriginale\/","title":{"rendered":"LA RASSEGNA STAMPA LOCALE dal 1983, l&#8217;originale"},"content":{"rendered":"<p>&nbsp;<\/p>\n<p>***<\/p>\n<p><iframe loading=\"lazy\" title=\"DAL 1983 LA RASSEGNA STAMPA LOCALE di mirko mezzacasa. L&#039;ORIGINALE\" width=\"1200\" height=\"675\" src=\"https:\/\/www.youtube.com\/embed\/TW1-Shocl_U?feature=oembed\" frameborder=\"0\" allow=\"accelerometer; autoplay; clipboard-write; encrypted-media; gyroscope; picture-in-picture; web-share\" referrerpolicy=\"strict-origin-when-cross-origin\" allowfullscreen><\/iframe><\/p>\n<p><img loading=\"lazy\" decoding=\"async\" class=\"alignleft\" src=\"https:\/\/www.radiopiu.net\/wordpress\/wp-content\/uploads\/2024\/05\/Senza-nome-25.png\" width=\"476\" height=\"306\" \/>TRENTO La procura di Trento ha avviato un\u2019inchiesta per omicidio stradale in seguito al tragico incidente avvenuto il 9 maggio sulla strada tra Fornace e Civezzano, in Trentino, che ha causato la morte di Matteo Lorenzi, 17 anni. L\u2019impatto tra il furgone e la bicicletta del giovane \u00e8 stato fatale. Il conducente del furgone, residente in provincia di Belluno, \u00e8 stato denunciato e indagato per omicidio stradale.<br \/>\nAURONZO Ieri alle 15, una coppia di turisti francesi, esausti e bloccati nella zona del Valon di Lavaredo, ha contattato la Centrale del 118 per chiedere aiuto. Lui, 29 anni, e lei, 27, erano scesi sotto il Rifugio Auronzo superando una parte innevata, ma una volta raggiunto il sentiero sui ghiaioni a 1.800 metri di quota, non sono stati in grado di proseguire a causa della stanchezza<br \/>\nBELLUNO Lo studente ricoverato in Martinica per una sospetta meningite virale mostra segni di miglioramento, rassicurando anche i suoi compagni e accompagnatori degli istituti Calvi e Lollino. Nonostante l\u2019autoisolamento, la situazione sembra sotto controllo<\/p>\n<p>BELLUNO Durante sessioni d\u2019esame per la patente B presso la Motorizzazione Civile di Belluno, la Polizia Stradale ha scoperto tre individui non residenti nella provincia che usavano dispositivi tecnologici nascosti per ottenere risposte corrette. Microauricolari e microcamere collegati a router\/cellulari permettevano la comunicazione con complici via internet. Grazie alle segnalazioni e agli interventi della Polizia, i trasgressori sono stati identificati e denunciati<br \/>\nBELLUNO Di fronte all\u2019ennesima aggressione da parte di un detenuto ai danni di un agente di polizia penitenziaria del carcere di Belluno, la Cisl Fns Belluno Treviso lancia un appello al Provveditorato dell\u2019amministrazione penitenziaria per il Triveneto.<br \/>\nCORTINA Due studenti rimasti bloccati all\u2019interno della scuola dopo una scossa di terremoto. Questo lo scenario di esercitazione \u201c progetto scuola sicura Veneto\u201d promosso dall\u2019assessorato regionale alla protezione civile, messo in atto venerd\u00ec mattina, presso l\u2019istituto omnicomprensivo Valboite di Cortina D\u2019Ampezzo.Un terremoto di magnitudo 5.0 con l\u2019evacuazione dell\u2019istituto, l\u2019attivazione del piano di sicurezza, la ricerca e il salvataggio dei dispersi.<br \/>\nTREVISO 150 studenti delle Scuole di Belluno, Treviso e Verona hanno partecipato alle semifinali di corsa veloce negli 80m a Milano, evento celebrativo dei prossimi Giochi Olimpici Invernali 2026. I migliori tempi delle Scuole di Milano hanno gareggiato in finale con i rappresentanti veneti, segnando la 61\u00aa edizione dei \u201cTROFEI DI MILANO CORTINA 2026\u201d<\/p>\n<p>BELLUNO E\u2019 un progetto importante e atteso quello che prende formalmente il via in questi giorni per il Centro Servizi \u201cA. Santin\u201d di Ciamber, in Val di Zoldo, a seguito della firma della convenzione siglata tra il presidente del Comitato di Gestione del Fondo Comuni Confinanti e il sindaco di Val di Zoldo. L\u2019iniziativa prevede un impegno di spesa preventivato che supera i 7 milioni di euro<br \/>\nVENEZIA Il Veneto ha superato con orgoglio gli obiettivi del 2025 nella gestione dei rifiuti urbani gi\u00e0 nel 2023, come annunciato dall\u2019assessore all\u2019Ambiente. Grazie all\u2019eccezionale impegno dei cittadini nella raccolta differenziata e alla sensibilizzazione della popolazione, la regione ha confermato la propria virtuosit\u00e0<br \/>\nOGGI SUL SITO DI RADIOPIU: PAOLO SELVA MORETTI PRESENTA LA SQUADRA \u201cAGORDO INSIEME\u201d<br \/>\nOGGI SUL SITO DI RADIOPIU E NEI NOTIZIARI: AGORDINO AL VOTO, DANILO DE TONI \u201cECCO LA SQUADRA, NON E\u2019 STATO FACILE\u201d<br \/>\nBELLUNO Presso l\u2019Aula Magna dell\u2019IIS \u201cCatullo\u201d di Belluno, si \u00e8 svolta la cerimonia conclusiva del progetto Erasmus+ Dolomiti 2022 e l\u2019apertura ufficiale del programma Dolomiti 2023. Promossi dal \u201cCatullo\u201d e affiliati al\u201cCalvi\u201d, \u201cSegato Brustolon\u201d, \u201cDolomieu\u201d e Liceo \u201cRenier\u201d di Belluno, i progetti hanno coinvolto gli studenti delle classi quarte, vincitori di 56 Borse di Studio.<br \/>\nTAIBON Tra le varie realt\u00e0 di volontariato a Taibon c\u2019\u00e8 anche il Piodech, un gruppo di volontari che si danno da fare per rendere pi\u00f9 accogliente il paese. In questi giorni in localit\u00e0 Angheraz in Valle di San Lucano si sono messi al lavoro creando una panchina in legno e un \u201cnaf\u201d (fontana in legno).<\/p>\n<p>&nbsp;<\/p>\n<p>&nbsp;<\/p>\n<hr \/>\n<p>&nbsp;<\/p>\n","protected":false},"excerpt":{"rendered":"<p>&nbsp; *** TRENTO La procura di Trento ha avviato un\u2019inchiesta per omicidio stradale in seguito al tragico incidente avvenuto il 9 maggio sulla strada tra Fornace e Civezzano, in Trentino, che ha causato la morte di Matteo Lorenzi, 17 anni. L\u2019impatto tra il furgone e la bicicletta del giovane \u00e8 stato fatale. Il conducente del&hellip;<\/p>\n","protected":false},"author":4,"featured_media":389526,"comment_status":"closed","ping_status":"closed","sticky":false,"template":"","format":"standard","meta":{"_monsterinsights_skip_tracking":false,"_monsterinsights_sitenote_active":false,"_monsterinsights_sitenote_note":"","_monsterinsights_sitenote_category":0,"footnotes":""},"categories":[51,49,142],"tags":[],"class_list":["post-389532","post","type-post","status-publish","format-standard","has-post-thumbnail","hentry","category-evidenza-top","category-news-18","category-rassegna-stampa","category-51","category-49","category-142","description-off"],"img_url":"https:\/\/www.radiopiu.net\/wordpress\/wp-content\/uploads\/2024\/05\/Senza-nome-25.png","_links":{"self":[{"href":"https:\/\/www.radiopiu.net\/wordpress\/wp-json\/wp\/v2\/posts\/389532","targetHints":{"allow":["GET"]}}],"collection":[{"href":"https:\/\/www.radiopiu.net\/wordpress\/wp-json\/wp\/v2\/posts"}],"about":[{"href":"https:\/\/www.radiopiu.net\/wordpress\/wp-json\/wp\/v2\/types\/post"}],"author":[{"embeddable":true,"href":"https:\/\/www.radiopiu.net\/wordpress\/wp-json\/wp\/v2\/users\/4"}],"replies":[{"embeddable":true,"href":"https:\/\/www.radiopiu.net\/wordpress\/wp-json\/wp\/v2\/comments?post=389532"}],"version-history":[{"count":0,"href":"https:\/\/www.radiopiu.net\/wordpress\/wp-json\/wp\/v2\/posts\/389532\/revisions"}],"wp:featuredmedia":[{"embeddable":true,"href":"https:\/\/www.radiopiu.net\/wordpress\/wp-json\/wp\/v2\/media\/389526"}],"wp:attachment":[{"href":"https:\/\/www.radiopiu.net\/wordpress\/wp-json\/wp\/v2\/media?parent=389532"}],"wp:term":[{"taxonomy":"category","embeddable":true,"href":"https:\/\/www.radiopiu.net\/wordpress\/wp-json\/wp\/v2\/categories?post=389532"},{"taxonomy":"post_tag","embeddable":true,"href":"https:\/\/www.radiopiu.net\/wordpress\/wp-json\/wp\/v2\/tags?post=389532"}],"curies":[{"name":"wp","href":"https:\/\/api.w.org\/{rel}","templated":true}]}}