{"id":389555,"date":"2024-05-11T09:46:41","date_gmt":"2024-05-11T07:46:41","guid":{"rendered":"https:\/\/www.radiopiu.net\/wordpress\/?p=389555"},"modified":"2024-05-11T09:46:41","modified_gmt":"2024-05-11T07:46:41","slug":"laurora-boreale-vista-da-voltago","status":"publish","type":"post","link":"https:\/\/www.radiopiu.net\/wordpress\/laurora-boreale-vista-da-voltago\/","title":{"rendered":"L&#8217;AURORA BOREALE VISTA DA VOLTAGO"},"content":{"rendered":"<p>******<\/p>\n<p>&nbsp;<\/p>\n<p><strong>VOLTAGO<\/strong> Mario De Marco \u00e8 sempre sul pezzo e quando succede qualcosa di particolare \u00e8 sempre in prima linea. &#8220;Il cielo di Voltago si \u00e8 colorato a causa di un fenomeno meraviglioso, l&#8217;aurora boreale causata dalla forte tempesta solare. Fantastico anche se la copertura nuvolosa era importante. Erano le 23 circa del 10 Maggio 2024. Una data da ricordare&#8221; ci scrive Mario<\/p>\n\n\t\t\t<style type='text\/css'>\n\t\t\t\t#gallery-1 {\n\t\t\t\t\tmargin: auto;\n\t\t\t\t}\n\t\t\t\t#gallery-1 .gallery-item {\n\t\t\t\t\tfloat: left;\n\t\t\t\t\tmargin-top: 10px;\n\t\t\t\t\ttext-align: center;\n\t\t\t\t\twidth: 33%;\n\t\t\t\t}\n\t\t\t\t#gallery-1 img {\n\t\t\t\t\tborder: 2px solid #cfcfcf;\n\t\t\t\t}\n\t\t\t\t#gallery-1 .gallery-caption {\n\t\t\t\t\tmargin-left: 0;\n\t\t\t\t}\n\t\t\t\t\/* see gallery_shortcode() in wp-includes\/media.php *\/\n\t\t\t<\/style>\n\t\t<div id='gallery-1' class='dt-gallery-container gallery galleryid-389555 gallery-columns-3 gallery-size-medium'><dl class='gallery-item'>\n\t\t\t\t<dt class='gallery-icon landscape'>\n\t\t\t\t\t<a class=\"rollover rollover-zoom dt-pswp-item\" title=\"b68832b9-8d65-44f6-9d13-592c55b8a6f3\" data-dt-img-description=\"\" data-large_image_width=\"1600\" data-large_image_height=\"1066\"href='https:\/\/www.radiopiu.net\/wordpress\/wp-content\/uploads\/2024\/05\/b68832b9-8d65-44f6-9d13-592c55b8a6f3.jpg'><img loading=\"lazy\" decoding=\"async\" width=\"300\" height=\"200\" src=\"https:\/\/www.radiopiu.net\/wordpress\/wp-content\/uploads\/2024\/05\/b68832b9-8d65-44f6-9d13-592c55b8a6f3-300x200.jpg\" class=\"attachment-medium size-medium\" alt=\"\" srcset=\"https:\/\/www.radiopiu.net\/wordpress\/wp-content\/uploads\/2024\/05\/b68832b9-8d65-44f6-9d13-592c55b8a6f3-300x200.jpg 300w, https:\/\/www.radiopiu.net\/wordpress\/wp-content\/uploads\/2024\/05\/b68832b9-8d65-44f6-9d13-592c55b8a6f3-1024x682.jpg 1024w, https:\/\/www.radiopiu.net\/wordpress\/wp-content\/uploads\/2024\/05\/b68832b9-8d65-44f6-9d13-592c55b8a6f3-768x512.jpg 768w, https:\/\/www.radiopiu.net\/wordpress\/wp-content\/uploads\/2024\/05\/b68832b9-8d65-44f6-9d13-592c55b8a6f3-1536x1023.jpg 1536w, https:\/\/www.radiopiu.net\/wordpress\/wp-content\/uploads\/2024\/05\/b68832b9-8d65-44f6-9d13-592c55b8a6f3.jpg 1600w\" sizes=\"auto, (max-width: 300px) 100vw, 300px\" \/><\/a>\n\t\t\t\t<\/dt><\/dl><dl class='gallery-item'>\n\t\t\t\t<dt class='gallery-icon landscape'>\n\t\t\t\t\t<a class=\"rollover rollover-zoom dt-pswp-item\" title=\"20414a9b-eaf6-4583-9afc-31e8986bb7bc\" data-dt-img-description=\"\" data-large_image_width=\"1600\" data-large_image_height=\"1066\"href='https:\/\/www.radiopiu.net\/wordpress\/wp-content\/uploads\/2024\/05\/20414a9b-eaf6-4583-9afc-31e8986bb7bc.jpg'><img loading=\"lazy\" decoding=\"async\" width=\"300\" height=\"200\" src=\"https:\/\/www.radiopiu.net\/wordpress\/wp-content\/uploads\/2024\/05\/20414a9b-eaf6-4583-9afc-31e8986bb7bc-300x200.jpg\" class=\"attachment-medium size-medium\" alt=\"\" srcset=\"https:\/\/www.radiopiu.net\/wordpress\/wp-content\/uploads\/2024\/05\/20414a9b-eaf6-4583-9afc-31e8986bb7bc-300x200.jpg 300w, https:\/\/www.radiopiu.net\/wordpress\/wp-content\/uploads\/2024\/05\/20414a9b-eaf6-4583-9afc-31e8986bb7bc-1024x682.jpg 1024w, https:\/\/www.radiopiu.net\/wordpress\/wp-content\/uploads\/2024\/05\/20414a9b-eaf6-4583-9afc-31e8986bb7bc-768x512.jpg 768w, https:\/\/www.radiopiu.net\/wordpress\/wp-content\/uploads\/2024\/05\/20414a9b-eaf6-4583-9afc-31e8986bb7bc-1536x1023.jpg 1536w, https:\/\/www.radiopiu.net\/wordpress\/wp-content\/uploads\/2024\/05\/20414a9b-eaf6-4583-9afc-31e8986bb7bc.jpg 1600w\" sizes=\"auto, (max-width: 300px) 100vw, 300px\" \/><\/a>\n\t\t\t\t<\/dt><\/dl><dl class='gallery-item'>\n\t\t\t\t<dt class='gallery-icon landscape'>\n\t\t\t\t\t<a class=\"rollover rollover-zoom dt-pswp-item\" title=\"b5c3b59d-d19d-4eb8-8841-3b7bac316c15\" data-dt-img-description=\"\" data-large_image_width=\"1348\" data-large_image_height=\"898\"href='https:\/\/www.radiopiu.net\/wordpress\/wp-content\/uploads\/2024\/05\/b5c3b59d-d19d-4eb8-8841-3b7bac316c15.jpg'><img loading=\"lazy\" decoding=\"async\" width=\"300\" height=\"200\" src=\"https:\/\/www.radiopiu.net\/wordpress\/wp-content\/uploads\/2024\/05\/b5c3b59d-d19d-4eb8-8841-3b7bac316c15-300x200.jpg\" class=\"attachment-medium size-medium\" alt=\"\" srcset=\"https:\/\/www.radiopiu.net\/wordpress\/wp-content\/uploads\/2024\/05\/b5c3b59d-d19d-4eb8-8841-3b7bac316c15-300x200.jpg 300w, https:\/\/www.radiopiu.net\/wordpress\/wp-content\/uploads\/2024\/05\/b5c3b59d-d19d-4eb8-8841-3b7bac316c15-1024x682.jpg 1024w, https:\/\/www.radiopiu.net\/wordpress\/wp-content\/uploads\/2024\/05\/b5c3b59d-d19d-4eb8-8841-3b7bac316c15-768x512.jpg 768w, https:\/\/www.radiopiu.net\/wordpress\/wp-content\/uploads\/2024\/05\/b5c3b59d-d19d-4eb8-8841-3b7bac316c15.jpg 1348w\" sizes=\"auto, (max-width: 300px) 100vw, 300px\" \/><\/a>\n\t\t\t\t<\/dt><\/dl><br style=\"clear: both\" \/>\n\t\t\t<\/div>\n\n<p>&nbsp;<\/p>\n<p>&nbsp;<\/p>\n<p>********<\/p>\n","protected":false},"excerpt":{"rendered":"<p>****** &nbsp; VOLTAGO Mario De Marco \u00e8 sempre sul pezzo e quando succede qualcosa di particolare \u00e8 sempre in prima linea. &#8220;Il cielo di Voltago si \u00e8 colorato a causa di un fenomeno meraviglioso, l&#8217;aurora boreale causata dalla forte tempesta solare. Fantastico anche se la copertura nuvolosa era importante. Erano le 23 circa del 10&hellip;<\/p>\n","protected":false},"author":4,"featured_media":389556,"comment_status":"closed","ping_status":"closed","sticky":false,"template":"","format":"standard","meta":{"_monsterinsights_skip_tracking":false,"_monsterinsights_sitenote_active":false,"_monsterinsights_sitenote_note":"","_monsterinsights_sitenote_category":0,"footnotes":""},"categories":[49],"tags":[],"class_list":["post-389555","post","type-post","status-publish","format-standard","has-post-thumbnail","hentry","category-news-18","category-49","description-off"],"img_url":"https:\/\/www.radiopiu.net\/wordpress\/wp-content\/uploads\/2024\/05\/b68832b9-8d65-44f6-9d13-592c55b8a6f3.jpg","_links":{"self":[{"href":"https:\/\/www.radiopiu.net\/wordpress\/wp-json\/wp\/v2\/posts\/389555","targetHints":{"allow":["GET"]}}],"collection":[{"href":"https:\/\/www.radiopiu.net\/wordpress\/wp-json\/wp\/v2\/posts"}],"about":[{"href":"https:\/\/www.radiopiu.net\/wordpress\/wp-json\/wp\/v2\/types\/post"}],"author":[{"embeddable":true,"href":"https:\/\/www.radiopiu.net\/wordpress\/wp-json\/wp\/v2\/users\/4"}],"replies":[{"embeddable":true,"href":"https:\/\/www.radiopiu.net\/wordpress\/wp-json\/wp\/v2\/comments?post=389555"}],"version-history":[{"count":0,"href":"https:\/\/www.radiopiu.net\/wordpress\/wp-json\/wp\/v2\/posts\/389555\/revisions"}],"wp:featuredmedia":[{"embeddable":true,"href":"https:\/\/www.radiopiu.net\/wordpress\/wp-json\/wp\/v2\/media\/389556"}],"wp:attachment":[{"href":"https:\/\/www.radiopiu.net\/wordpress\/wp-json\/wp\/v2\/media?parent=389555"}],"wp:term":[{"taxonomy":"category","embeddable":true,"href":"https:\/\/www.radiopiu.net\/wordpress\/wp-json\/wp\/v2\/categories?post=389555"},{"taxonomy":"post_tag","embeddable":true,"href":"https:\/\/www.radiopiu.net\/wordpress\/wp-json\/wp\/v2\/tags?post=389555"}],"curies":[{"name":"wp","href":"https:\/\/api.w.org\/{rel}","templated":true}]}}