{"id":389583,"date":"2024-05-11T11:30:59","date_gmt":"2024-05-11T09:30:59","guid":{"rendered":"https:\/\/www.radiopiu.net\/wordpress\/?p=389583"},"modified":"2024-05-11T11:30:59","modified_gmt":"2024-05-11T09:30:59","slug":"silvano-savio-espone-nel-milanese","status":"publish","type":"post","link":"https:\/\/www.radiopiu.net\/wordpress\/silvano-savio-espone-nel-milanese\/","title":{"rendered":"SILVANO SAVIO ESPONE NEL MILANESE"},"content":{"rendered":"<p>******<\/p>\n<p>&nbsp;<\/p>\n<p><strong>REDAZIONE\u00a0 <\/strong>Nella mostra intitolata <em>Animalia<\/em> a cura di ArteMETA presso il Palazzo Tivulzio a Locate Triulzi, nel Milanese si \u00e8 celebrata una mostra d\u2019arte contemporanea, con la compartecipazione dell\u2019artista agordino Silvano Savio, AlbertoMalossi, Angelo Falmi, Marco M.Caserta, Mario Cerrone.\u00a0 L\u2019Associazione ArteMETA, con sede a Milano, \u00e8 stata creata con il patrocinio dell\u2019Accademia di Brera, con la finalit\u00e0 di realizzare eventi culturali ed artistici, abbinati alla musica e varia attivit\u00e0 didattiche e culturali.\u00a0 In estate l\u2019esposizione pittorica si sposter\u00e0 a Dolceacqua in Provincia di Imperia, dove Silvano Savio esporr\u00e0 i suoi lavori, paesaggi caratterizzati dalla rappresentazione delle sue Dolomiti. Il borgo medievale \u00e8 famoso per la frequentazione di celeberrimo pittore Claude Monet, dove ha realizzato dei dipinti in plen air, ritraendo il caratteristico ponte. Silvano Savio ha stretto dei forti legami con artisti del luogo, attraverso l\u2019aiuto del Prof. Angelo Falmi, Direttore Artistico di ArteMETA e Docente di arti pittoriche presso l\u2019Accademia di Brera.\u00a0 Silvano Savio, Angelo Falmi e La musicista Nordilia Formenti, durante la prossima estate saranno in Agordino, dove\u00a0 organizzeranno dei simposi didattici dedicati ai bambini, a Falcade con il patrocinio della Scuola Sci Equipe e in Comune di Rocca Pietore presso la Borgata di Palue di Sottoguda. Il percorso si svolge attraverso degli intrattenimenti\u00a0 di insegnamento culturale ed educativo ai bambini da sei a dieci anni, in mezzo alla natura, dove si alterneranno delle lezioni di ecologia con\u00a0 Silvano Savio (questa volta con il ruolo di forestale) di Musica, e di pittura.\u00a0I tre protagonisti degli eventi culturali si sposteranno sul territorio in altre occasioni come in concomitanza della manifestazione falcadina Se desmonteghea e presso il Rifugio Laresei.\u00a0Il motto di ArteMETA che come usa come slogan <em>l\u2019Arte non si ferma<\/em>, ha come scopo principale lo sviluppo culturale e civile dei cittadini e della solidariet\u00e0 nei rapporti umani.<\/p>\n\n\t\t\t<style type='text\/css'>\n\t\t\t\t#gallery-1 {\n\t\t\t\t\tmargin: auto;\n\t\t\t\t}\n\t\t\t\t#gallery-1 .gallery-item {\n\t\t\t\t\tfloat: left;\n\t\t\t\t\tmargin-top: 10px;\n\t\t\t\t\ttext-align: center;\n\t\t\t\t\twidth: 25%;\n\t\t\t\t}\n\t\t\t\t#gallery-1 img {\n\t\t\t\t\tborder: 2px solid #cfcfcf;\n\t\t\t\t}\n\t\t\t\t#gallery-1 .gallery-caption {\n\t\t\t\t\tmargin-left: 0;\n\t\t\t\t}\n\t\t\t\t\/* see gallery_shortcode() in wp-includes\/media.php *\/\n\t\t\t<\/style>\n\t\t<div id='gallery-1' class='dt-gallery-container gallery galleryid-389583 gallery-columns-4 gallery-size-thumbnail'><dl class='gallery-item'>\n\t\t\t\t<dt class='gallery-icon portrait'>\n\t\t\t\t\t<a class=\"rollover rollover-zoom dt-pswp-item\" title=\"IMG-20240128-WA0004\" data-dt-img-description=\"\" data-large_image_width=\"1093\" data-large_image_height=\"1599\"href='https:\/\/www.radiopiu.net\/wordpress\/wp-content\/uploads\/2024\/05\/IMG-20240128-WA0004.jpg'><img loading=\"lazy\" decoding=\"async\" width=\"150\" height=\"150\" src=\"https:\/\/www.radiopiu.net\/wordpress\/wp-content\/uploads\/2024\/05\/IMG-20240128-WA0004-150x150.jpg\" class=\"attachment-thumbnail size-thumbnail\" alt=\"\" \/><\/a>\n\t\t\t\t<\/dt><\/dl><dl class='gallery-item'>\n\t\t\t\t<dt class='gallery-icon landscape'>\n\t\t\t\t\t<a class=\"rollover rollover-zoom dt-pswp-item\" title=\"IMG-20240201-WA0004\" data-dt-img-description=\"\" data-large_image_width=\"1600\" data-large_image_height=\"1247\"href='https:\/\/www.radiopiu.net\/wordpress\/wp-content\/uploads\/2024\/05\/IMG-20240201-WA0004.jpg'><img loading=\"lazy\" decoding=\"async\" width=\"150\" height=\"150\" src=\"https:\/\/www.radiopiu.net\/wordpress\/wp-content\/uploads\/2024\/05\/IMG-20240201-WA0004-150x150.jpg\" class=\"attachment-thumbnail size-thumbnail\" alt=\"\" \/><\/a>\n\t\t\t\t<\/dt><\/dl><dl class='gallery-item'>\n\t\t\t\t<dt class='gallery-icon portrait'>\n\t\t\t\t\t<a class=\"rollover rollover-zoom dt-pswp-item\" title=\"IMG-20240125-WA0030\" data-dt-img-description=\"\" data-large_image_width=\"1229\" data-large_image_height=\"1600\"href='https:\/\/www.radiopiu.net\/wordpress\/wp-content\/uploads\/2024\/05\/IMG-20240125-WA0030.jpg'><img loading=\"lazy\" decoding=\"async\" width=\"150\" height=\"150\" src=\"https:\/\/www.radiopiu.net\/wordpress\/wp-content\/uploads\/2024\/05\/IMG-20240125-WA0030-150x150.jpg\" class=\"attachment-thumbnail size-thumbnail\" alt=\"\" \/><\/a>\n\t\t\t\t<\/dt><\/dl><dl class='gallery-item'>\n\t\t\t\t<dt class='gallery-icon landscape'>\n\t\t\t\t\t<a class=\"rollover rollover-zoom dt-pswp-item\" title=\"IMG-20240203-WA0008\" data-dt-img-description=\"\" data-large_image_width=\"1600\" data-large_image_height=\"1317\"href='https:\/\/www.radiopiu.net\/wordpress\/wp-content\/uploads\/2024\/05\/IMG-20240203-WA0008.jpg'><img loading=\"lazy\" decoding=\"async\" width=\"150\" height=\"150\" src=\"https:\/\/www.radiopiu.net\/wordpress\/wp-content\/uploads\/2024\/05\/IMG-20240203-WA0008-150x150.jpg\" class=\"attachment-thumbnail size-thumbnail\" alt=\"\" \/><\/a>\n\t\t\t\t<\/dt><\/dl><br style=\"clear: both\" \/>\n\t\t\t<\/div>\n\n<p>&nbsp;<\/p>\n<p>&nbsp;<\/p>\n<p>*********<\/p>\n","protected":false},"excerpt":{"rendered":"<p>****** &nbsp; REDAZIONE\u00a0 Nella mostra intitolata Animalia a cura di ArteMETA presso il Palazzo Tivulzio a Locate Triulzi, nel Milanese si \u00e8 celebrata una mostra d\u2019arte contemporanea, con la compartecipazione dell\u2019artista agordino Silvano Savio, AlbertoMalossi, Angelo Falmi, Marco M.Caserta, Mario Cerrone.\u00a0 L\u2019Associazione ArteMETA, con sede a Milano, \u00e8 stata creata con il patrocinio dell\u2019Accademia di&hellip;<\/p>\n","protected":false},"author":4,"featured_media":389589,"comment_status":"closed","ping_status":"closed","sticky":false,"template":"","format":"standard","meta":{"_monsterinsights_skip_tracking":false,"_monsterinsights_sitenote_active":false,"_monsterinsights_sitenote_note":"","_monsterinsights_sitenote_category":0,"footnotes":""},"categories":[49],"tags":[],"class_list":["post-389583","post","type-post","status-publish","format-standard","has-post-thumbnail","hentry","category-news-18","category-49","description-off"],"img_url":"https:\/\/www.radiopiu.net\/wordpress\/wp-content\/uploads\/2024\/05\/IMG-20240201-WA0004.jpg","_links":{"self":[{"href":"https:\/\/www.radiopiu.net\/wordpress\/wp-json\/wp\/v2\/posts\/389583","targetHints":{"allow":["GET"]}}],"collection":[{"href":"https:\/\/www.radiopiu.net\/wordpress\/wp-json\/wp\/v2\/posts"}],"about":[{"href":"https:\/\/www.radiopiu.net\/wordpress\/wp-json\/wp\/v2\/types\/post"}],"author":[{"embeddable":true,"href":"https:\/\/www.radiopiu.net\/wordpress\/wp-json\/wp\/v2\/users\/4"}],"replies":[{"embeddable":true,"href":"https:\/\/www.radiopiu.net\/wordpress\/wp-json\/wp\/v2\/comments?post=389583"}],"version-history":[{"count":0,"href":"https:\/\/www.radiopiu.net\/wordpress\/wp-json\/wp\/v2\/posts\/389583\/revisions"}],"wp:featuredmedia":[{"embeddable":true,"href":"https:\/\/www.radiopiu.net\/wordpress\/wp-json\/wp\/v2\/media\/389589"}],"wp:attachment":[{"href":"https:\/\/www.radiopiu.net\/wordpress\/wp-json\/wp\/v2\/media?parent=389583"}],"wp:term":[{"taxonomy":"category","embeddable":true,"href":"https:\/\/www.radiopiu.net\/wordpress\/wp-json\/wp\/v2\/categories?post=389583"},{"taxonomy":"post_tag","embeddable":true,"href":"https:\/\/www.radiopiu.net\/wordpress\/wp-json\/wp\/v2\/tags?post=389583"}],"curies":[{"name":"wp","href":"https:\/\/api.w.org\/{rel}","templated":true}]}}