{"id":389616,"date":"2024-05-11T19:36:30","date_gmt":"2024-05-11T17:36:30","guid":{"rendered":"https:\/\/www.radiopiu.net\/wordpress\/?p=389616"},"modified":"2024-05-11T19:36:30","modified_gmt":"2024-05-11T17:36:30","slug":"quattro-interventi-del-suem-118-in-giornata","status":"publish","type":"post","link":"https:\/\/www.radiopiu.net\/wordpress\/quattro-interventi-del-suem-118-in-giornata\/","title":{"rendered":"QUATTRO INTERVENTI DEL SUEM 118 IN GIORNATA"},"content":{"rendered":"<p>******<\/p>\n<p>&nbsp;<\/p>\n<p><strong><a class=\"dt-pswp-item\" href=\"https:\/\/www.radiopiu.net\/wordpress\/wp-content\/uploads\/2023\/08\/ambulanza-ulss-1.jpg\" data-dt-img-description=\"\" data-large_image_width=\"1591\" data-large_image_height=\"1029\"><img loading=\"lazy\" decoding=\"async\" class=\" wp-image-348787 alignleft\" src=\"https:\/\/www.radiopiu.net\/wordpress\/wp-content\/uploads\/2023\/08\/ambulanza-ulss-1-300x194.jpg\" alt=\"\" width=\"158\" height=\"102\" srcset=\"https:\/\/www.radiopiu.net\/wordpress\/wp-content\/uploads\/2023\/08\/ambulanza-ulss-1-300x194.jpg 300w, https:\/\/www.radiopiu.net\/wordpress\/wp-content\/uploads\/2023\/08\/ambulanza-ulss-1-1024x662.jpg 1024w, https:\/\/www.radiopiu.net\/wordpress\/wp-content\/uploads\/2023\/08\/ambulanza-ulss-1-768x497.jpg 768w, https:\/\/www.radiopiu.net\/wordpress\/wp-content\/uploads\/2023\/08\/ambulanza-ulss-1-1536x993.jpg 1536w, https:\/\/www.radiopiu.net\/wordpress\/wp-content\/uploads\/2023\/08\/ambulanza-ulss-1.jpg 1591w\" sizes=\"auto, (max-width: 158px) 100vw, 158px\" \/><\/a>BELLUNO<\/strong> Sono quattro gli interventi del Suem 118 registrati nella giornata. In seguito ad un incidente sul Passo Monte Croce in Comelico, poco prima delle 11:30 l&#8217;ambulanza di Auronzo \u00e8 intervenuta per soccorrere una donna di 46 che \u00e8 stato portato all&#8217;ospedale di Pieve di Cadore con ferite lievi. Alle 13:20 l&#8217;elicottero Falco \u00e8 volato a Canale D&#8217;Agordo per elitrasportare a Belluno un uomo di 61 anni che soffriva di patologie gastroenterologica. Poco prima delle 16:30 un incidente tra auto e moto a Cortina ha coinvolto un 25enne che \u00e8 stato trasportato all&#8217;ospedale con ferite di lieve entit\u00e0. Infine alle 17:25 un incidente in motorino ad Agordo. L&#8217;ambulanza ha portato al Papa Luciani di Agordo una donna di 49 anni con ferite di media gravit\u00e0.<\/p>\n<p>&nbsp;<\/p>\n<p>&nbsp;<\/p>\n<p>*****<\/p>\n","protected":false},"excerpt":{"rendered":"<p>****** &nbsp; BELLUNO Sono quattro gli interventi del Suem 118 registrati nella giornata. In seguito ad un incidente sul Passo Monte Croce in Comelico, poco prima delle 11:30 l&#8217;ambulanza di Auronzo \u00e8 intervenuta per soccorrere una donna di 46 che \u00e8 stato portato all&#8217;ospedale di Pieve di Cadore con ferite lievi. Alle 13:20 l&#8217;elicottero Falco&hellip;<\/p>\n","protected":false},"author":4,"featured_media":348787,"comment_status":"closed","ping_status":"closed","sticky":false,"template":"","format":"standard","meta":{"_monsterinsights_skip_tracking":false,"_monsterinsights_sitenote_active":false,"_monsterinsights_sitenote_note":"","_monsterinsights_sitenote_category":0,"footnotes":""},"categories":[49],"tags":[],"class_list":["post-389616","post","type-post","status-publish","format-standard","has-post-thumbnail","hentry","category-news-18","category-49","description-off"],"img_url":"https:\/\/www.radiopiu.net\/wordpress\/wp-content\/uploads\/2023\/08\/ambulanza-ulss-1.jpg","_links":{"self":[{"href":"https:\/\/www.radiopiu.net\/wordpress\/wp-json\/wp\/v2\/posts\/389616","targetHints":{"allow":["GET"]}}],"collection":[{"href":"https:\/\/www.radiopiu.net\/wordpress\/wp-json\/wp\/v2\/posts"}],"about":[{"href":"https:\/\/www.radiopiu.net\/wordpress\/wp-json\/wp\/v2\/types\/post"}],"author":[{"embeddable":true,"href":"https:\/\/www.radiopiu.net\/wordpress\/wp-json\/wp\/v2\/users\/4"}],"replies":[{"embeddable":true,"href":"https:\/\/www.radiopiu.net\/wordpress\/wp-json\/wp\/v2\/comments?post=389616"}],"version-history":[{"count":0,"href":"https:\/\/www.radiopiu.net\/wordpress\/wp-json\/wp\/v2\/posts\/389616\/revisions"}],"wp:featuredmedia":[{"embeddable":true,"href":"https:\/\/www.radiopiu.net\/wordpress\/wp-json\/wp\/v2\/media\/348787"}],"wp:attachment":[{"href":"https:\/\/www.radiopiu.net\/wordpress\/wp-json\/wp\/v2\/media?parent=389616"}],"wp:term":[{"taxonomy":"category","embeddable":true,"href":"https:\/\/www.radiopiu.net\/wordpress\/wp-json\/wp\/v2\/categories?post=389616"},{"taxonomy":"post_tag","embeddable":true,"href":"https:\/\/www.radiopiu.net\/wordpress\/wp-json\/wp\/v2\/tags?post=389616"}],"curies":[{"name":"wp","href":"https:\/\/api.w.org\/{rel}","templated":true}]}}