{"id":389731,"date":"2024-05-14T05:45:35","date_gmt":"2024-05-14T03:45:35","guid":{"rendered":"https:\/\/www.radiopiu.net\/wordpress\/?p=389731"},"modified":"2024-05-14T08:04:24","modified_gmt":"2024-05-14T06:04:24","slug":"giornale-radiopiu-14-maggio-2024-direttore-mirko-mezzacasada-40-anni-25-giugno-1983-25-giugno-2023","status":"publish","type":"post","link":"https:\/\/www.radiopiu.net\/wordpress\/giornale-radiopiu-14-maggio-2024-direttore-mirko-mezzacasada-40-anni-25-giugno-1983-25-giugno-2023\/","title":{"rendered":"GIORNALE RADIOPIU 14 MAGGIO 2024 DIRETTORE MIRKO MEZZACASA\u2026DA 40 ANNI 25 GIUGNO 1983-25 GIUGNO 2023"},"content":{"rendered":"<p>*****<\/p>\n<p>&nbsp;<\/p>\n\n\t\t\t<style type='text\/css'>\n\t\t\t\t#gallery-1 {\n\t\t\t\t\tmargin: auto;\n\t\t\t\t}\n\t\t\t\t#gallery-1 .gallery-item {\n\t\t\t\t\tfloat: left;\n\t\t\t\t\tmargin-top: 10px;\n\t\t\t\t\ttext-align: center;\n\t\t\t\t\twidth: 50%;\n\t\t\t\t}\n\t\t\t\t#gallery-1 img {\n\t\t\t\t\tborder: 2px solid #cfcfcf;\n\t\t\t\t}\n\t\t\t\t#gallery-1 .gallery-caption {\n\t\t\t\t\tmargin-left: 0;\n\t\t\t\t}\n\t\t\t\t\/* see gallery_shortcode() in wp-includes\/media.php *\/\n\t\t\t<\/style>\n\t\t<div id='gallery-1' class='dt-gallery-container gallery galleryid-389731 gallery-columns-2 gallery-size-thumbnail'><dl class='gallery-item'>\n\t\t\t\t<dt class='gallery-icon landscape'>\n\t\t\t\t\t<a class=\"rollover\" href='https:\/\/www.radiopiu.net\/wordpress\/giornale-radiopiu-14-maggio-2024-direttore-mirko-mezzacasada-40-anni-25-giugno-1983-25-giugno-2023\/agor-hhz-23\/'><img loading=\"lazy\" decoding=\"async\" width=\"150\" height=\"150\" src=\"https:\/\/www.radiopiu.net\/wordpress\/wp-content\/uploads\/2024\/05\/AGOR.HHZ_-150x150.png\" class=\"attachment-thumbnail size-thumbnail\" alt=\"\" aria-describedby=\"gallery-1-389946\" \/><\/a>\n\t\t\t\t<\/dt>\n\t\t\t\t\t<dd class='wp-caption-text gallery-caption' id='gallery-1-389946'>\n\t\t\t\t\tSISMOGRAFO AGORDO \n\t\t\t\t\t<\/dd><\/dl><dl class='gallery-item'>\n\t\t\t\t<dt class='gallery-icon portrait'>\n\t\t\t\t\t<a class=\"rollover\" href='https:\/\/www.radiopiu.net\/wordpress\/giornale-radiopiu-14-maggio-2024-direttore-mirko-mezzacasada-40-anni-25-giugno-1983-25-giugno-2023\/402470e3-0ffa-4caa-849f-914355f40fab\/'><img loading=\"lazy\" decoding=\"async\" width=\"150\" height=\"150\" src=\"https:\/\/www.radiopiu.net\/wordpress\/wp-content\/uploads\/2024\/05\/402470e3-0ffa-4caa-849f-914355f40fab-150x150.jpg\" class=\"attachment-thumbnail size-thumbnail\" alt=\"\" \/><\/a>\n\t\t\t\t<\/dt><\/dl><br style=\"clear: both\" \/>\n\t\t\t<\/div>\n\n<p style=\"text-align: center;\"><strong>TERREMOTO: DOPO L&#8217;ALPAGO&#8230; IL VENETO!\u00a0<\/strong><\/p>\n<p>Ieri sera alle 22.40 scossa di terremoto con epicentro a pescantina, Verona. Scossa di magnitudo 3,6 della scala Richter a una profondit\u00e0 di 25 chilometri. Ne ha dato notizia il Dipartimento di Protezione Civile della Regione del Veneto.<\/p>\n<p style=\"text-align: center;\"><strong>\u00a0<\/strong><\/p>\n<p style=\"text-align: center;\"><span style=\"color: #ff0000;\"><strong>&#8220;Alpago sotto scosse: tensione e attenzione per lo sciame sismico&#8221;<\/strong><\/span><\/p>\n<div class=\"flex flex-grow flex-col max-w-full\">\n<div class=\"min-h-[20px] text-message flex flex-col items-start whitespace-pre-wrap break-words [.text-message+&amp;]:mt-5 juice:w-full juice:items-end overflow-x-auto gap-3\" dir=\"auto\" data-message-author-role=\"assistant\" data-message-id=\"bfbcc8da-2749-4e48-af0f-06e0d4cd00bf\">\n<div class=\"markdown prose w-full break-words dark:prose-invert dark\">\n<p><img loading=\"lazy\" decoding=\"async\" class=\"alignleft\" src=\"https:\/\/www.radiopiu.net\/wordpress\/wp-content\/uploads\/2020\/03\/download-44.jpg\" width=\"172\" height=\"114\" \/><strong>CHIES D&#8217;ALPAGO<\/strong> Negli ultimi tre giorni\u00a0 serie di scosse sismiche di lieve entit\u00e0, suscitano preoccupazione e attenzione. Questo fenomeno \u00e8 stato definito come uno sciame sismico, caratterizzato da una successione di terremoti di magnitudo ridotta, ma comunque avvertiti dalla comunit\u00e0. Anche l&#8217;altra notte\u00a0 si \u00e8 verificata un&#8217;altra scossa di terremoto. Questa volta, alle 2:11 di questa notte, una scossa di magnitudo 2,1 della scala Richter ha fatto tremare nuovamente la zona, con epicentro individuato a Chies d&#8217;Alpago. Gli esperti continuano a studiare l&#8217;evoluzione di questo sciame sismico al fine di comprendere le sue cause e valutare eventuali rischi associati.<\/p>\n<\/div>\n<\/div>\n<\/div>\n<div class=\"pr-2 lg:pr-0\"><\/div>\n<p>&nbsp;<\/p>\n<hr \/>\n<p>&nbsp;<\/p>\n<p>&nbsp;<\/p>\n<h3><a href=\"https:\/\/www.radiopiu.net\/wordpress\/giornale-radiopiu-24-gennaio-2021-direttore-mirko-mezzacasa\/141433770_171616291414874_2957460898102012198_n\/\" rel=\"attachment wp-att-186566\"><img loading=\"lazy\" decoding=\"async\" class=\"wp-image-186566 alignleft\" src=\"https:\/\/www.radiopiu.net\/wordpress\/wp-content\/uploads\/2021\/01\/141433770_171616291414874_2957460898102012198_n-300x300.jpg\" alt=\"\" width=\"144\" height=\"144\" srcset=\"https:\/\/www.radiopiu.net\/wordpress\/wp-content\/uploads\/2021\/01\/141433770_171616291414874_2957460898102012198_n-300x300.jpg 300w, https:\/\/www.radiopiu.net\/wordpress\/wp-content\/uploads\/2021\/01\/141433770_171616291414874_2957460898102012198_n-150x150.jpg 150w, https:\/\/www.radiopiu.net\/wordpress\/wp-content\/uploads\/2021\/01\/141433770_171616291414874_2957460898102012198_n-768x768.jpg 768w, https:\/\/www.radiopiu.net\/wordpress\/wp-content\/uploads\/2021\/01\/141433770_171616291414874_2957460898102012198_n.jpg 800w\" sizes=\"auto, (max-width: 144px) 100vw, 144px\" \/><\/a>PER<strong> RICEVERE QUESTO NOTIZIARIO DIRETTAMENTE SUL TUO CELLULARE ISCRIVITI AL CANALE TELEGRAM <\/strong><strong>\u201cRADIO PIU\u00a0 INFORMAZIONE&#8221;\u00a0<\/strong><\/h3>\n<h3>\u00a0il CANALE TELEGRAM&#8230; UNISCITI A: RADIO PIU INFORMAZIONE<\/h3>\n<p>&nbsp;<\/p>\n<p>&nbsp;<\/p>\n<p><em><a href=\"https:\/\/www.radiopiu.net\/wordpress\/giornale-radiopiu-24-gennaio-2021-direttore-mirko-mezzacasa\/79216601_126817312416448_708980208774483089_n\/\" rel=\"attachment wp-att-186567\"><img loading=\"lazy\" decoding=\"async\" class=\"size-medium wp-image-186567 alignright\" src=\"https:\/\/www.radiopiu.net\/wordpress\/wp-content\/uploads\/2021\/01\/79216601_126817312416448_708980208774483089_n-300x114.jpg\" alt=\"\" width=\"300\" height=\"114\" srcset=\"https:\/\/www.radiopiu.net\/wordpress\/wp-content\/uploads\/2021\/01\/79216601_126817312416448_708980208774483089_n-300x114.jpg 300w, https:\/\/www.radiopiu.net\/wordpress\/wp-content\/uploads\/2021\/01\/79216601_126817312416448_708980208774483089_n-768x292.jpg 768w, https:\/\/www.radiopiu.net\/wordpress\/wp-content\/uploads\/2021\/01\/79216601_126817312416448_708980208774483089_n.jpg 820w\" sizes=\"auto, (max-width: 300px) 100vw, 300px\" \/><\/a><span style=\"color: #ff0000;\">ATTENZIONE: LA NUOVA APP PER IOS-IPHONE di Nicola Vettorello <\/span><\/em><a href=\"https:\/\/apps.apple.com\/it\/app\/radio-pi%C3%B9-emittente-agordina\/id1515939845\">https:\/\/apps.apple.com\/it\/app\/radio-pi%C3%B9-emittente-agordina\/id1515939845<\/a><\/p>\n<p><em style=\"color: #ff0000;\">ATTENZIONE: LA NUOVA APP RADIO\u00a0 PER ANDROID di Nicola Vettorello<\/em><\/p>\n<p><a href=\"https:\/\/play.google.com\/store\/apps\/details?id=net.radiopiu.iniko\" target=\"_blank\" rel=\"noopener noreferrer\">https:\/\/play.google.com\/store\/apps\/details?id=net.radiopiu.iniko\u00a0\u00a0<\/a><\/p>\n<h3 class=\"kvgmc6g5 cxmmr5t8 oygrvhab hcukyx3x c1et5uql\"><\/h3>\n<p>&nbsp;<\/p>\n<div data-block=\"true\" data-editor=\"avj4u\" data-offset-key=\"d3i0j-0-0\">\n<hr \/>\n<p>&nbsp;<\/p>\n<\/div>\n<p><span style=\"color: #ff0000;\"><strong>OGGI ALLA RADIO<\/strong><\/span>: <strong>ALLE 7.20<\/strong> EL BAL DEL FIOR, DETTI E TRADIZIONI DI GIULIANA DA RONCH; <strong>ALLE 8.20 <\/strong>PIU&#8217; SIAMO CON MARINA DONA&#8217;<strong> 9.00 <\/strong>IL COUNTRY DI ALEX NASCINBEN<strong> 9.30 <\/strong>VIABILITA <strong>10.10 <\/strong>LE NOVE IN LADIN, MUSLA <strong>10.30<\/strong> EP CENTER CON FRANCESCO ZILLIO, SECONDA PUNTATA<strong> 11.00 <\/strong>DANIELA RINALDI CON MEGLIO RADIO CHE MAI <strong>12.00 <\/strong>LISCIO NON TI LASCIO CON MIRCO BENCIVENNI <strong>12.50<\/strong> PIROLE DE LENGA, MUSLA, <strong>13.10 <\/strong>PAOLA E SIMONE, IL PROSSIMO FINE SETTIMANA LA FESTA E&#8217; A ROCCA PIETORE_BOSCO VERDE\u00a0 <strong>14.00 <\/strong>COLLAGE OPERAZIONE NOSTALGIA LORIS SCUSSEL<strong> ALLE 15.00\u00a0<\/strong><span style=\"color: #ff0000;\"> EL DARLIN, IL PROGRAMMA DI LUISA ALCHINI, OSPITE\u00a0 IL &#8220;CHIRI&#8221;\u00a0 SIL VIO DE NARDIN <\/span><strong>ALLE 16.00<\/strong> IL ROCK DI MARCO COSTANTINI, <strong>16.45<\/strong> LE HIT CON MIRCO BENCIVENNI <strong>19.00<\/strong> LE ANTICIPAZIONI DAL TG DI ANTENNA 3, CON TIZIANA BOLOGNANI.<\/p>\n<blockquote><p><strong>rassegna stampa nazionale, ogni giorno alle 5 e alle 6 del mattino<\/strong><br \/>\n<em>giornali locali 7 rassegna stampa flash, 8 rassegna stampa, gr flash alle 10 e alle 11, principale 12.30. Informazione pomerggio alle 15 (speciale) 16, 17, 18. Giornale radio nazionale: ogni ora dalle 5 del mattino, alle 20 della sera.\u00a0<\/em><\/p><\/blockquote>\n<div class=\"x11i5rnm xat24cr x1mh8g0r x1vvkbs xtlvy1s x126k92a\">\n<div dir=\"auto\">\n<p>&nbsp;<\/p>\n<p>&nbsp;<\/p>\n<hr \/>\n<p>&nbsp;<\/p>\n<p>&nbsp;<\/p>\n<div class=\"x11i5rnm xat24cr x1mh8g0r x1vvkbs xtlvy1s x126k92a\">\n<div dir=\"auto\">\n<p><strong><a class=\"dt-pswp-item\" href=\"https:\/\/www.radiopiu.net\/wordpress\/wp-content\/uploads\/2024\/02\/2d44e751-d8a8-461b-8e22-d8e4e853b032.jpg\" data-dt-img-description=\"\" data-large_image_width=\"1600\" data-large_image_height=\"1200\"><img loading=\"lazy\" decoding=\"async\" class=\"wp-image-373307 alignleft\" src=\"https:\/\/www.radiopiu.net\/wordpress\/wp-content\/uploads\/2024\/02\/2d44e751-d8a8-461b-8e22-d8e4e853b032-300x225.jpg\" alt=\"\" width=\"105\" height=\"79\" srcset=\"https:\/\/www.radiopiu.net\/wordpress\/wp-content\/uploads\/2024\/02\/2d44e751-d8a8-461b-8e22-d8e4e853b032-300x225.jpg 300w, https:\/\/www.radiopiu.net\/wordpress\/wp-content\/uploads\/2024\/02\/2d44e751-d8a8-461b-8e22-d8e4e853b032-1024x768.jpg 1024w, https:\/\/www.radiopiu.net\/wordpress\/wp-content\/uploads\/2024\/02\/2d44e751-d8a8-461b-8e22-d8e4e853b032-768x576.jpg 768w, https:\/\/www.radiopiu.net\/wordpress\/wp-content\/uploads\/2024\/02\/2d44e751-d8a8-461b-8e22-d8e4e853b032-1536x1152.jpg 1536w, https:\/\/www.radiopiu.net\/wordpress\/wp-content\/uploads\/2024\/02\/2d44e751-d8a8-461b-8e22-d8e4e853b032.jpg 1600w\" sizes=\"auto, (max-width: 105px) 100vw, 105px\" \/><\/a>EL BAL DEL FIOR, DI GIULIANA DA RONCH, 14 MAGGIO 2024<\/strong><\/p>\n<\/div>\n<\/div>\n<\/div>\n<div dir=\"auto\">\n<audio class=\"wp-audio-shortcode\" id=\"audio-389731-1\" preload=\"none\" style=\"width: 100%;\" controls=\"controls\"><source type=\"audio\/mpeg\" src=\"https:\/\/www.radiopiu.net\/wordpress\/wp-content\/uploads\/2024\/05\/GMA.m4a?_=1\" \/><a href=\"https:\/\/www.radiopiu.net\/wordpress\/wp-content\/uploads\/2024\/05\/GMA.m4a\">https:\/\/www.radiopiu.net\/wordpress\/wp-content\/uploads\/2024\/05\/GMA.m4a<\/a><\/audio>\n<p>&nbsp;<\/p>\n<hr \/>\n<\/div>\n<\/div>\n<blockquote>\n<blockquote>\n<h1><span style=\"color: #ff0000;\">\u00a0<\/span><\/h1>\n<h1><span style=\"color: #ff0000;\">I podcast informativi del mattino &#8211; audio &#8211;\u00a0\u00a0<\/span><\/h1>\n<\/blockquote>\n<p><strong><a class=\"dt-pswp-item\" href=\"https:\/\/www.radiopiu.net\/wordpress\/wp-content\/uploads\/2023\/11\/th-10.jpg\" data-dt-img-description=\"\" data-large_image_width=\"320\" data-large_image_height=\"180\"><img loading=\"lazy\" decoding=\"async\" class=\"wp-image-362866 alignleft\" src=\"https:\/\/www.radiopiu.net\/wordpress\/wp-content\/uploads\/2023\/11\/th-10-300x169.jpg\" alt=\"\" width=\"185\" height=\"104\" srcset=\"https:\/\/www.radiopiu.net\/wordpress\/wp-content\/uploads\/2023\/11\/th-10-300x169.jpg 300w, https:\/\/www.radiopiu.net\/wordpress\/wp-content\/uploads\/2023\/11\/th-10.jpg 320w\" sizes=\"auto, (max-width: 185px) 100vw, 185px\" \/><\/a>LA RASSEGNA STAMPA NAZIONALE ALLA RADIO, OGNI GIORNO ALLE 5 E ALLE 6 DEL MATTINO <span style=\"color: #0000ff;\">viene pubblicata alle 6.00 <span style=\"color: #ff0000;\">DIRETTA RADIO\u00a0 \u00a0\u00a0<\/span><\/span><\/strong><\/p><\/blockquote>\n<h2><\/h2>\n<h2><\/h2>\n<p><strong>Russia<\/strong> pronta al confronto diretto. <strong>Tre morti<\/strong> e quattro feriti nell&#8217; attacco nell&#8217;area industriale. <strong>Magistrati<\/strong> italiani contro la riforma della giustizia. <strong>Bologna,<\/strong> chiusura temporanea dell&#8217;aeroporto, voli dirottati dopo il ritrovamento di una pistola. <strong>Madre<\/strong> assolta per l&#8217;omicidio del figlio. Rilanciate le indagini sulla morte di Manuela Murgia. <strong>Condanna<\/strong> all&#8217;ergastolo per Alessia Pitteri, famiglia riceve risarcimento.<\/p>\n<h2>AUDIO dalle 6 del mattino<\/h2>\n<audio class=\"wp-audio-shortcode\" id=\"audio-389731-2\" preload=\"none\" style=\"width: 100%;\" controls=\"controls\"><source type=\"audio\/mpeg\" src=\"https:\/\/www.radiopiu.net\/wordpress\/wp-content\/uploads\/2024\/05\/GIORNALEDELLESEI-10.mp3?_=2\" \/><a href=\"https:\/\/www.radiopiu.net\/wordpress\/wp-content\/uploads\/2024\/05\/GIORNALEDELLESEI-10.mp3\">https:\/\/www.radiopiu.net\/wordpress\/wp-content\/uploads\/2024\/05\/GIORNALEDELLESEI-10.mp3<\/a><\/audio>\n<p>&nbsp;<\/p>\n<p>&nbsp;<\/p>\n<hr \/>\n<p>&nbsp;<\/p>\n<h1 style=\"text-align: center;\"><span style=\"color: #ff0000;\">I podcast informativi del mattino &#8211; audio &#8211;\u00a0<\/span><\/h1>\n<p><strong><a class=\"dt-pswp-item\" href=\"https:\/\/www.radiopiu.net\/wordpress\/wp-content\/uploads\/2023\/12\/images.png\" data-dt-img-description=\"\" data-large_image_width=\"316\" data-large_image_height=\"160\"><img loading=\"lazy\" decoding=\"async\" class=\"wp-image-367008 alignleft\" src=\"https:\/\/www.radiopiu.net\/wordpress\/wp-content\/uploads\/2023\/12\/images-300x152.png\" alt=\"\" width=\"235\" height=\"119\" srcset=\"https:\/\/www.radiopiu.net\/wordpress\/wp-content\/uploads\/2023\/12\/images-300x152.png 300w, https:\/\/www.radiopiu.net\/wordpress\/wp-content\/uploads\/2023\/12\/images.png 316w\" sizes=\"auto, (max-width: 235px) 100vw, 235px\" \/><\/a>OGNI GIORNO ALLE SETTE DEL MATTINO, LA RASSEGNA STAMPA LOCALE FLASH&#8230; PER CHI VA IN FRETTA. I TITOLI DAI GIORNALI E DAL SITO WWW.RADIOPIU.NET <span style=\"color: #0000ff;\">viene pubblicato alle 7.00<\/span> <span style=\"color: #ff0000;\">DIRETTA RADIO\u00a0<\/span><\/strong><\/p>\n<p><em><span style=\"color: #ff0000;\">per chi va in fretta&#8230; tante notizie in pochi minuti. L&#8217;informazione locale alla radio, ogni ora dalle 7 del mattino alle 19 della sera.\u00a0 \u00a0 \u00a0\u00a0<\/span><\/em><\/p>\n<p><strong>TERREMOTO: DOPO L\u2019ALPAGO\u2026 IL VENETO! <\/strong>Ieri sera, alle 22.40, una scossa di terremoto ha colpito il Veneto, con epicentro a Pescantina, Verona. La magnitudo registrata \u00e8 stata di 3,6 della scala Richter, a una profondit\u00e0 di 25 chilometri. La notizia \u00e8 stata diffusa dal Dipartimento di Protezione Civile della Regione del Veneto. <strong>LAMON, LA VALLE, VALLADA E RIVAMONTE HANNO IN COMUNE\u2026L\u2019ACQUA INQUINATA <\/strong>Servizio autobotte nelle piazze principali delle frazioni interessate: Lamon, La Valle, Vallada e Rivamonte hanno segnalato problemi di acqua inquinata. <strong>COMELICO <\/strong>Un\u2019impresa edile di Oriago di Mira \u00e8 coinvolta in una vasta truffa edilizia da quasi 9 milioni di euro, operando in tutto il nord Italia. Il rappresentante legale e il responsabile commerciale sono accusati di truffa aggravata. <strong>FELTRE <\/strong>Una donna di 51 anni, residente a Belluno, \u00e8 rimasta lievemente ferita in un incidente lungo la SP1 bis Madonna del Piave, vicino a Vas. \u00c8 stata medicata all\u2019ospedale di Feltre. <strong>ALLEGHE <\/strong>Un\u2019automobile \u00e8 stata rubata a Caprile tra domenica e ieri, generando una mobilitazione sui social per aiutare i proprietari a ritrovarla. Il Nissan Qashqai di colore azzurrino apparteneva a una coppia del paese. <strong>IL RITORNO A CASA <\/strong>Dopo un viaggio di studio in Martinica, uno studente \u00e8 stato colpito da meningite virale. \u00c8 stato dimesso dall\u2019ospedale, mentre gli altri partecipanti hanno concluso l\u2019autosorveglianza senza segni di malattia. <strong>BELLUNO <\/strong>Una raccolta firme \u00e8 stata avviata nel weekend a Belluno per segnalare i bisogni di sicurezza e decoro di Via Feltre. La petizione ha gi\u00e0 raccolto decine di adesioni.<\/p>\n<h2>AUDIO dalle 7 del mattino<\/h2>\n<audio class=\"wp-audio-shortcode\" id=\"audio-389731-3\" preload=\"none\" style=\"width: 100%;\" controls=\"controls\"><source type=\"audio\/mpeg\" src=\"https:\/\/www.radiopiu.net\/wordpress\/wp-content\/uploads\/2024\/05\/GF07-11.mp3?_=3\" \/><a href=\"https:\/\/www.radiopiu.net\/wordpress\/wp-content\/uploads\/2024\/05\/GF07-11.mp3\">https:\/\/www.radiopiu.net\/wordpress\/wp-content\/uploads\/2024\/05\/GF07-11.mp3<\/a><\/audio>\n<p>&nbsp;<\/p>\n<p>&nbsp;<\/p>\n<hr \/>\n<p>&nbsp;<\/p>\n<h1><\/h1>\n<h1 style=\"text-align: center;\"><span style=\"color: #ff0000;\"><a class=\"dt-pswp-item\" href=\"https:\/\/www.radiopiu.net\/wordpress\/wp-content\/uploads\/2022\/01\/026c3f9d-dae9-4040-a3c1-a6530231bcc3.jpg\" data-dt-img-description=\"\" data-large_image_width=\"1152\" data-large_image_height=\"2048\"><img loading=\"lazy\" decoding=\"async\" class=\"wp-image-251839 alignleft\" src=\"https:\/\/www.radiopiu.net\/wordpress\/wp-content\/uploads\/2022\/01\/026c3f9d-dae9-4040-a3c1-a6530231bcc3-169x300.jpg\" alt=\"\" width=\"100\" height=\"177\" srcset=\"https:\/\/www.radiopiu.net\/wordpress\/wp-content\/uploads\/2022\/01\/026c3f9d-dae9-4040-a3c1-a6530231bcc3-169x300.jpg 169w, https:\/\/www.radiopiu.net\/wordpress\/wp-content\/uploads\/2022\/01\/026c3f9d-dae9-4040-a3c1-a6530231bcc3-576x1024.jpg 576w, https:\/\/www.radiopiu.net\/wordpress\/wp-content\/uploads\/2022\/01\/026c3f9d-dae9-4040-a3c1-a6530231bcc3-768x1365.jpg 768w, https:\/\/www.radiopiu.net\/wordpress\/wp-content\/uploads\/2022\/01\/026c3f9d-dae9-4040-a3c1-a6530231bcc3-864x1536.jpg 864w, https:\/\/www.radiopiu.net\/wordpress\/wp-content\/uploads\/2022\/01\/026c3f9d-dae9-4040-a3c1-a6530231bcc3.jpg 1152w\" sizes=\"auto, (max-width: 100px) 100vw, 100px\" \/><\/a>I podcast informativi del mattino &#8211; audio &#8211;\u00a0<\/span><\/h1>\n<blockquote><p><strong>GIORNALE RADIO NAZIONALE, EDIZIONE DELLE SETTE <span style=\"color: #0000ff;\">viene pubblicato alle 7.05 <span style=\"color: #ff0000;\">DIRETTA RADIO\u00a0<\/span><\/span><\/strong><\/p><\/blockquote>\n<p><strong>il giornale radionazionale e&#8217; in onda ogni ora, dalle sette del mattino alle venti della sera\u00a0\u00a0<\/strong><\/p>\n<p>&nbsp;<\/p>\n<p>&nbsp;<\/p>\n<p><strong>Stefano Massini<\/strong> aggredito mentre presentava libro su nazismo al Salone.\u00a0 <strong>Montecitorio,<\/strong> restaurato cortile interno. Sabato apertura al pubblico.\u00a0 <strong>\u00a0Caso Iovino<\/strong>, Fedez indagato per rissa e lesioni a Milano.\u00a0<strong> Bologna<\/strong>, allarme per una pistola in aeroporto. Ma l&#8217;alert era errato.\u00a0 <strong>Inchiesta Liguria,<\/strong> Spinelli interrogato: &#8220;Ho detto tutto&#8221;. Spunta frode sulle mascherine.<br \/>\n<strong>Milano<\/strong>, bimba di 2 anni e mezzo azzannata da pitbull: \u00e8 fuori pericolo.\u00a0 <strong>Mantova<\/strong>, tir travolge un furgone in A22: due morti e 7 feriti<\/p>\n<h2>AUDIO dalle sette del mattino, ogni ora alla radio<\/h2>\n<audio class=\"wp-audio-shortcode\" id=\"audio-389731-4\" preload=\"none\" style=\"width: 100%;\" controls=\"controls\"><source type=\"audio\/mpeg\" src=\"https:\/\/www.radiopiu.net\/wordpress\/wp-content\/uploads\/2024\/05\/giornale07-10.mp3?_=4\" \/><a href=\"https:\/\/www.radiopiu.net\/wordpress\/wp-content\/uploads\/2024\/05\/giornale07-10.mp3\">https:\/\/www.radiopiu.net\/wordpress\/wp-content\/uploads\/2024\/05\/giornale07-10.mp3<\/a><\/audio>\n<p>&nbsp;<\/p>\n<p>&nbsp;<\/p>\n<p>&nbsp;<\/p>\n<hr \/>\n<p>&nbsp;<\/p>\n<p>&nbsp;<\/p>\n<h1><span style=\"color: #ff0000;\">I podcast informativi del mattino &#8211; video &#8211;\u00a0<\/span><\/h1>\n<h2><strong><a class=\"dt-pswp-item\" href=\"https:\/\/www.radiopiu.net\/wordpress\/wp-content\/uploads\/2023\/12\/th-10.jpg\" data-dt-img-description=\"\" data-large_image_width=\"245\" data-large_image_height=\"180\"><img loading=\"lazy\" decoding=\"async\" class=\" wp-image-367395 alignleft\" src=\"https:\/\/www.radiopiu.net\/wordpress\/wp-content\/uploads\/2023\/12\/th-10.jpg\" alt=\"\" width=\"166\" height=\"122\" \/><\/a>RASSEGNA STAMPA LOCALE, ORE OTTO 05<\/strong><\/h2>\n<h2><strong> <span style=\"color: #0000ff;\">viene\u00a0 <\/span><\/strong><strong><span style=\"color: #0000ff;\">pubblicata alle 8.05 <span style=\"color: #ff0000;\">DIRETTA RADIO\u00a0\u00a0<\/span><\/span><\/strong><\/h2>\n<p><strong>DI MIRKO MEZZACASA\u00a0 \u00a0<\/strong><\/p>\n<p>Il Veneto \u00e8 stato scosso da una scossa di terremoto ieri sera alle 22:40, con epicentro a Pescantina, Verona, registrando una magnitudo di 3,6 della scala Richter. La Protezione Civile della Regione ha confermato l&#8217;evento.<\/p>\n<p>Nel frattempo, diverse comunit\u00e0 come Lamon, La Valle, Vallada e Rivamonte affrontano problemi legati all&#8217;inquinamento dell&#8217;acqua, mentre un&#8217;impresa edile \u00e8 coinvolta in una truffa edilizia milionaria.<\/p>\n<p>A Feltre, una donna \u00e8 rimasta ferita in un incidente stradale, mentre a Belluno si registrano casi giudiziari, inclusi un presunto caso di aggressione inventata e un detenuto brasiliano a processo per incendio doloso.<\/p>\n<p>Diverse attivit\u00e0 locali si svolgono in varie citt\u00e0 della regione, tra cui la riapertura di una chiesa a Perarolo e eventi culturali come concerti e celebrazioni.<\/p>\n<p>Infine, c&#8217;\u00e8 un appello per l&#8217;adozione di un cagnetto di nome Pimpi, abituato alla vita in appartamento e in cerca di una nuova casa. Per informazioni, \u00e8 possibile contattare tramite WhatsApp al numero 3383917887.<\/p>\n<h2><span style=\"color: #ff0000;\"><strong>VIDEO\u00a0 \u00a0in diretta dalle 8 del mattino\u00a0\u00a0<\/strong><\/span><\/h2>\n<p><iframe loading=\"lazy\" title=\"DAL 1983 LA RASSEGNA STAMPA LOCALE di mirko mezzacasa. L&#039;ORIGINALE\" width=\"1200\" height=\"675\" src=\"https:\/\/www.youtube.com\/embed\/M6N-8TfSfuY?feature=oembed\" frameborder=\"0\" allow=\"accelerometer; autoplay; clipboard-write; encrypted-media; gyroscope; picture-in-picture; web-share\" referrerpolicy=\"strict-origin-when-cross-origin\" allowfullscreen><\/iframe><\/p>\n<p>&nbsp;<\/p>\n<p>&nbsp;<\/p>\n<hr \/>\n<p>&nbsp;<\/p>\n<p>&nbsp;<\/p>\n<blockquote>\n<h3>LAMON, LA VALLE, VALLADA\u00a0 E RIVAMONTE HANNO IN COMUNE&#8230;L&#8217;ACQUA INQUINATA<\/h3>\n<\/blockquote>\n<p><strong><img loading=\"lazy\" decoding=\"async\" class=\"alignleft\" src=\"https:\/\/www.radiopiu.net\/wordpress\/wp-content\/uploads\/2019\/10\/ACQUA-SPORCA.jpeg\" width=\"197\" height=\"148\" \/>REDAZIONE<\/strong> Gestione Servizi Pubblici informa che a <strong>LA VALLE AGORDINA<\/strong> nelle localit\u00e0 RONCHE, NOACH, LE CAMPE e CANCELLADE a <strong>RIVAMONTE AGORDINO<\/strong> in localit\u00e0 ROSSON e VIA ROMA l&#8217;acqua erogata dall&#8217;acquedotto non \u00e8 potabile e pu\u00f2 essere usata per scopi alimentari SOLO PREVIA bollitura. Verr\u00e0 effettuato servizio con cisterna in via Villagrande a Rivamonte,\u00a0 \u00a0in localit\u00e0 Le Campe e\u00a0 Ronche nel Comune di La Valle Agordina. A VALLADA AGORDINA nelle localit\u00e0 COGUL, PIAZ e ANDRICH l&#8217;acqua erogata dall&#8217;acquedotto non \u00e8 potabile e pu\u00f2 essere usata per scopi alimentari SOLO PREVIA bollitura. Verr\u00e0 effettuato servizio sostitutivo con autobotte in Piazza ad Andrich.<\/p>\n<div lang=\"x-unicode\"><strong>A LAMON <\/strong>Divieto di utilizzo dell\u2019acqua di\u00a0acquedotto\u00a0per uso alimentare nelle frazioni di Pezz\u00e8 se non previa bollitura:\u00a0sulla piazza arriva l\u2019autobotte.<\/div>\n<p>&nbsp;<\/p>\n<p>&nbsp;<\/p>\n<hr \/>\n<p>&nbsp;<\/p>\n<p>&nbsp;<\/p>\n<p><em><strong>COMELICO<\/strong> Un&#8217;impresa edile di Oriago di Mira \u00e8 coinvolta in una vasta truffa edilizia che ha operato in tutto il nord Italia, incluso Comelico Superiore. Ha montato cantieri, alzato ponteggi e emesso fatture per lavori mai completati, ottenendo crediti d&#8217;imposta illegittimi. Il rappresentante legale e il responsabile commerciale sono accusati di truffa aggravata, coinvolgendo 12 interventi mai terminati e fatture emesse per ogni operazione, con certificazioni falsificate per ottenere incentivi statali.<\/em><\/p>\n<p>&nbsp;<\/p>\n<blockquote>\n<h2>TRUFFA SUI BONUS FACCIATE, SEQUESTRO PREVENTIVO<\/h2>\n<\/blockquote>\n<div class=\"flex-1 overflow-hidden\">\n<div class=\"react-scroll-to-bottom--css-rkhnb-79elbk h-full\">\n<div class=\"react-scroll-to-bottom--css-rkhnb-1n7m0yu\">\n<div class=\"flex flex-col text-sm pb-9\">\n<div class=\"w-full text-token-text-primary\" dir=\"auto\" data-testid=\"conversation-turn-93\" data-scroll-anchor=\"true\">\n<div class=\"py-2 px-3 text-base md:px-4 m-auto md:px-5 lg:px-1 xl:px-5\">\n<div class=\"mx-auto flex flex-1 gap-3 text-base juice:gap-4 juice:md:gap-6 md:max-w-3xl lg:max-w-[40rem] xl:max-w-[48rem]\">\n<div class=\"relative flex w-full min-w-0 flex-col agent-turn\">\n<div class=\"flex-col gap-1 md:gap-3\">\n<div class=\"flex flex-grow flex-col max-w-full\">\n<div class=\"min-h-[20px] text-message flex flex-col items-start whitespace-pre-wrap break-words [.text-message+&amp;]:mt-5 juice:w-full juice:items-end overflow-x-auto gap-3\" dir=\"auto\" data-message-author-role=\"assistant\" data-message-id=\"d4766b18-6381-41ac-bdb1-f3701618605d\">\n<div class=\"markdown prose w-full break-words dark:prose-invert dark\">\n<blockquote><p><em>La Guardia di Finanza di Venezia ha eseguito un sequestro preventivo d&#8217;urgenza di 8,8 milioni di euro, riguardante crediti fiscali, denaro e beni di una societ\u00e0 edilizia e dei suoi rappresentanti, indagati per truffa sui bonus facciate. Le indagini hanno rivelato la presunta creazione e cessione di crediti fiscali inesistenti attraverso fatture false. Il sequestro comprende crediti d&#8217;imposta, un furgone, disponibilit\u00e0 finanziarie, quote societarie e sei immobili ubicati nelle province di Venezia e <strong>Belluno.<\/strong> I sequestri eseguiti sono stati convalidati dal Giudice per le Indagini Preliminari di Venezia.<\/em><\/p><\/blockquote>\n<\/div>\n<\/div>\n<\/div>\n<div class=\"mt-1 flex gap-3 empty:hidden juice:-ml-3\">\n<div class=\"-ml-1 mt-0 flex h-7 items-center justify-center gap-[2px] self-end text-gray-400 lg:justify-start lg:self-center visible\">\n<div class=\"flex\"><\/div>\n<\/div>\n<\/div>\n<\/div>\n<\/div>\n<\/div>\n<\/div>\n<\/div>\n<\/div>\n<\/div>\n<\/div>\n<\/div>\n<p><img loading=\"lazy\" decoding=\"async\" class=\"alignleft\" src=\"https:\/\/www.radiopiu.net\/wordpress\/wp-content\/uploads\/2021\/07\/2eb8f214-39a6-4e15-bd1e-539b9100c08b.jpg\" width=\"281\" height=\"187\" \/>Decreto di sequestro emesso dalla Procura della Repubblica di Venezia, finalizzato a cautelare crediti fiscali, denaro e beni riconducibili ad una societ\u00e0 della provincia, operante nel campo dell\u2019edilizia, al suo rappresentante legale e a colui che, di fatto, operava come responsabile commerciale, indagati per aver ottenuto, anche attraverso l\u2019emissione di fatture attestanti circostanze non veritiere, illeciti profitti mediante la creazione, la cessione e l\u2019indebita compensazione di crediti fiscali ritenuti inesistenti. Infatti, nel corso delle indagini i finanzieri del Comando Provinciale di Venezia hanno effettuato riscontri diretti, reperito documentazione, anche di natura bancaria, e raccolto numerose querele presentate da singoli cond\u00f2mini, che avrebbero permesso di acquisire elementi a sostegno dell\u2019ipotesi investigativa secondo la quale le agevolazioni, previste dal c.d. bonus facciate, riconosciute alla societ\u00e0 sarebbero state ottenute attraverso documenti che attestavano l\u2019esecuzione di lavori nei fatti mai realizzati e, in alcuni casi, avviati ma non completati. Il sequestro ha riguardato i crediti d\u2019imposta non ancora ceduti o compensati, e pertanto ancora giacenti sul cassetto fiscale, pari a circa 6,3 milioni di euro, un furgone del valore di 28.000 euro, disponibilit\u00e0 finanziarie pari a circa 330.000 euro, quote societarie del valore di circa 200.000 euro nonch\u00e9 n. 6 immobili, del valore complessivo pari a circa 2 milioni di euro, ubicati nelle province di Venezia e Belluno.<\/p>\n<p>&nbsp;<\/p>\n<hr \/>\n<p>&nbsp;<\/p>\n<blockquote>\n<h2><a class=\"dt-pswp-item\" href=\"https:\/\/www.radiopiu.net\/wordpress\/wp-content\/uploads\/2024\/05\/Senza-nome-31.png\" data-dt-img-description=\"\" data-large_image_width=\"413\" data-large_image_height=\"254\"><img loading=\"lazy\" decoding=\"async\" class=\" wp-image-389910 alignleft\" src=\"https:\/\/www.radiopiu.net\/wordpress\/wp-content\/uploads\/2024\/05\/Senza-nome-31-300x185.png\" alt=\"\" width=\"165\" height=\"102\" srcset=\"https:\/\/www.radiopiu.net\/wordpress\/wp-content\/uploads\/2024\/05\/Senza-nome-31-300x185.png 300w, https:\/\/www.radiopiu.net\/wordpress\/wp-content\/uploads\/2024\/05\/Senza-nome-31.png 413w\" sizes=\"auto, (max-width: 165px) 100vw, 165px\" \/><\/a>Incidente Spettacolare Lungo la Sp1 bis Madonna del Piave<\/h2>\n<\/blockquote>\n<p><strong>FELTRE<\/strong> Una donna di 51 anni, residente a Belluno, \u00e8 rimasta lievemente ferita in un incidente avvenuto lungo la Sp1 bis Madonna del Piave, vicino a Vas. La sua vettura Kia \u00e8 uscita di strada in una curva vicino all&#8217;azienda vinicola Biasiotto, finendo nella scarpata sottostante la strada. Il compagno della donna \u00e8 risultato illeso. I carabinieri di Quero hanno ricostruito l&#8217;incidente mentre i vigili del fuoco hanno recuperato l&#8217;auto. La donna \u00e8 stata medicata all&#8217;ospedale di Feltre per<\/p>\n<p>&nbsp;<\/p>\n<p>&nbsp;<\/p>\n<hr \/>\n<p>&nbsp;<\/p>\n<blockquote>\n<h2><a class=\"dt-pswp-item\" href=\"https:\/\/www.radiopiu.net\/wordpress\/wp-content\/uploads\/2024\/05\/438173948_10233427826264434_234377935363505928_n.jpg\" data-dt-img-description=\"\" data-large_image_width=\"1179\" data-large_image_height=\"464\"><img loading=\"lazy\" decoding=\"async\" class=\"size-medium wp-image-389912 alignleft\" src=\"https:\/\/www.radiopiu.net\/wordpress\/wp-content\/uploads\/2024\/05\/438173948_10233427826264434_234377935363505928_n-300x118.jpg\" alt=\"\" width=\"300\" height=\"118\" srcset=\"https:\/\/www.radiopiu.net\/wordpress\/wp-content\/uploads\/2024\/05\/438173948_10233427826264434_234377935363505928_n-300x118.jpg 300w, https:\/\/www.radiopiu.net\/wordpress\/wp-content\/uploads\/2024\/05\/438173948_10233427826264434_234377935363505928_n-1024x403.jpg 1024w, https:\/\/www.radiopiu.net\/wordpress\/wp-content\/uploads\/2024\/05\/438173948_10233427826264434_234377935363505928_n-768x302.jpg 768w, https:\/\/www.radiopiu.net\/wordpress\/wp-content\/uploads\/2024\/05\/438173948_10233427826264434_234377935363505928_n.jpg 1179w\" sizes=\"auto, (max-width: 300px) 100vw, 300px\" \/><\/a>Appello per il Ritrovamento dell&#8217;Auto Rubata a Caprile<\/h2>\n<\/blockquote>\n<p><strong>ALLEGHE <\/strong>\u00a0Un&#8217;automobile \u00e8 stata rubata a Caprile tra domenica e ieri, generando una mobilitazione sui social per aiutare i proprietari a ritrovarla. Il Nissan Qashqai di colore azzurrino, appartenente a una coppia del paese, \u00e8 stato trafugato durante la notte. La nipote dei derubati ha lanciato un appello sui social chiedendo aiuto per ritrovare l&#8217;auto, ottenendo decine di condivisioni da parte di persone desiderose di contribuire alla ricerca.<\/p>\n<p>&nbsp;<\/p>\n<hr \/>\n<p>&nbsp;<\/p>\n<blockquote>\n<h3><a class=\"dt-pswp-item\" href=\"https:\/\/www.radiopiu.net\/wordpress\/wp-content\/uploads\/2024\/05\/th-5.jpg\" data-dt-img-description=\"\" data-large_image_width=\"180\" data-large_image_height=\"180\"><img loading=\"lazy\" decoding=\"async\" class=\"wp-image-389917 alignleft\" src=\"https:\/\/www.radiopiu.net\/wordpress\/wp-content\/uploads\/2024\/05\/th-5.jpg\" alt=\"\" width=\"72\" height=\"72\" srcset=\"https:\/\/www.radiopiu.net\/wordpress\/wp-content\/uploads\/2024\/05\/th-5.jpg 180w, https:\/\/www.radiopiu.net\/wordpress\/wp-content\/uploads\/2024\/05\/th-5-150x150.jpg 150w\" sizes=\"auto, (max-width: 72px) 100vw, 72px\" \/><\/a>IL RITORNO A CASA<\/h3>\n<\/blockquote>\n<p>Dopo un viaggio di studio in Martinica, lo studente \u00e8 stato colpito da meningite virale. La bella notizia: \u00e8 stato dimesso dall&#8217;ospedale. Gli altri partecipanti hanno terminato l&#8217;autosorveglianza senza segni di malattia.\u00a0 La scuola Calvi accoglier\u00e0 presto docenti provenienti dalla Turchia per un altro scambio culturale.<\/p>\n<p>&nbsp;<\/p>\n<hr \/>\n<p>&nbsp;<\/p>\n<blockquote>\n<h3>UNA RACCOLTA FIRME PER RENDERE SICURA E DECOROSA VIA FELTRE A BELLUNO<\/h3>\n<\/blockquote>\n<p><strong><a class=\"dt-pswp-item\" href=\"https:\/\/www.radiopiu.net\/wordpress\/wp-content\/uploads\/2024\/05\/ac78d879-aeba-4c14-9c22-db2e4aaea9a1.jpg\" data-dt-img-description=\"\" data-large_image_width=\"1600\" data-large_image_height=\"900\"><img loading=\"lazy\" decoding=\"async\" class=\" wp-image-389870 alignleft\" src=\"https:\/\/www.radiopiu.net\/wordpress\/wp-content\/uploads\/2024\/05\/ac78d879-aeba-4c14-9c22-db2e4aaea9a1-300x169.jpg\" alt=\"\" width=\"220\" height=\"124\" srcset=\"https:\/\/www.radiopiu.net\/wordpress\/wp-content\/uploads\/2024\/05\/ac78d879-aeba-4c14-9c22-db2e4aaea9a1-300x169.jpg 300w, https:\/\/www.radiopiu.net\/wordpress\/wp-content\/uploads\/2024\/05\/ac78d879-aeba-4c14-9c22-db2e4aaea9a1-1024x576.jpg 1024w, https:\/\/www.radiopiu.net\/wordpress\/wp-content\/uploads\/2024\/05\/ac78d879-aeba-4c14-9c22-db2e4aaea9a1-768x432.jpg 768w, https:\/\/www.radiopiu.net\/wordpress\/wp-content\/uploads\/2024\/05\/ac78d879-aeba-4c14-9c22-db2e4aaea9a1-1536x864.jpg 1536w, https:\/\/www.radiopiu.net\/wordpress\/wp-content\/uploads\/2024\/05\/ac78d879-aeba-4c14-9c22-db2e4aaea9a1.jpg 1600w\" sizes=\"auto, (max-width: 220px) 100vw, 220px\" \/><\/a>BELLUNO<\/strong> Una raccolta firme per segnalare i bisogni di sicurezza e decoro di Via Feltre: avviata nel weekend a Belluno, la petizione ha gi\u00e0 raccolto decine di adesioni.<\/p>\n<p><strong>DI DANIELE DALVIT<\/strong><\/p>\n<audio class=\"wp-audio-shortcode\" id=\"audio-389731-5\" preload=\"none\" style=\"width: 100%;\" controls=\"controls\"><source type=\"audio\/mpeg\" src=\"https:\/\/www.radiopiu.net\/wordpress\/wp-content\/uploads\/2024\/05\/Radio-Piu-Servizio-Petizione-Via-Feltre.mp3?_=5\" \/><a href=\"https:\/\/www.radiopiu.net\/wordpress\/wp-content\/uploads\/2024\/05\/Radio-Piu-Servizio-Petizione-Via-Feltre.mp3\">https:\/\/www.radiopiu.net\/wordpress\/wp-content\/uploads\/2024\/05\/Radio-Piu-Servizio-Petizione-Via-Feltre.mp3<\/a><\/audio>\n<p>&nbsp;<\/p>\n<hr \/>\n<p>&nbsp;<\/p>\n<blockquote>\n<h3>LUXOTTICA, SETTIMANA CORTA? NO&#8230; SI LAVORA ANCHE SABATO<\/h3>\n<\/blockquote>\n<p><img loading=\"lazy\" decoding=\"async\" class=\"alignleft\" src=\"https:\/\/www.radiopiu.net\/wordpress\/wp-content\/uploads\/2024\/04\/LUXOTTICA-2.jpeg\" width=\"111\" height=\"83\" \/><\/p>\n<p><strong>AGORDO<\/strong> Dopo settimane di discussione ed elogi ad EssilorLuxottica da tutto il mondo, per la scelta di lavorare meno, quattro giorni e non pi\u00f9 cinque, per dare spazio e vita alla famiglia e al tempo libero, ora la novit\u00e0: nello stabilimento di Agordo altro straordinario incentivato (cio\u00e8 persone pi\u00f9 partecipano pi\u00f9 gli stakanovisti Luxottica guadagnano) nei giorni di sabato 18, e 25 maggio a seconda dei reparti. L&#8217;accordo \u00e8 stata firmato dall&#8217;azienda e dai rappresentanti della Rsu.<\/p>\n<p>&nbsp;<\/p>\n<p>&nbsp;<\/p>\n<hr \/>\n<p>&nbsp;<\/p>\n<blockquote>\n<h3>VIA AL CANTIERE PER LA RISTRUTTURAZIONE DEL MUNICIPIO<\/h3>\n<\/blockquote>\n<p>&nbsp;<\/p>\n<p>&nbsp;<\/p>\n<p><img loading=\"lazy\" decoding=\"async\" class=\"aligncenter\" src=\"https:\/\/www.radiopiu.net\/wordpress\/wp-content\/uploads\/2024\/05\/cantiere-municipio-Livinallongo-scaled.jpg\" width=\"454\" height=\"204\" \/><\/p>\n<p>L<strong>IVINALLONGO<\/strong><\/p>\n<p><strong>DI LORENZO SORATROI<\/strong><\/p>\n<audio class=\"wp-audio-shortcode\" id=\"audio-389731-6\" preload=\"none\" style=\"width: 100%;\" controls=\"controls\"><source type=\"audio\/mpeg\" src=\"https:\/\/www.radiopiu.net\/wordpress\/wp-content\/uploads\/2024\/05\/lorenzo-municipio.mp3?_=6\" \/><a href=\"https:\/\/www.radiopiu.net\/wordpress\/wp-content\/uploads\/2024\/05\/lorenzo-municipio.mp3\">https:\/\/www.radiopiu.net\/wordpress\/wp-content\/uploads\/2024\/05\/lorenzo-municipio.mp3<\/a><\/audio>\n<p>&nbsp;<\/p>\n<p>&nbsp;<\/p>\n<hr \/>\n<p>&nbsp;<\/p>\n<blockquote>\n<h2><a class=\"dt-pswp-item\" href=\"https:\/\/www.radiopiu.net\/wordpress\/wp-content\/uploads\/2024\/05\/vista-complessiva.jpg\" data-dt-img-description=\"\" data-large_image_width=\"640\" data-large_image_height=\"480\"><img loading=\"lazy\" decoding=\"async\" class=\"wp-image-389923 alignleft\" src=\"https:\/\/www.radiopiu.net\/wordpress\/wp-content\/uploads\/2024\/05\/vista-complessiva-300x225.jpg\" alt=\"\" width=\"179\" height=\"134\" srcset=\"https:\/\/www.radiopiu.net\/wordpress\/wp-content\/uploads\/2024\/05\/vista-complessiva-300x225.jpg 300w, https:\/\/www.radiopiu.net\/wordpress\/wp-content\/uploads\/2024\/05\/vista-complessiva.jpg 640w\" sizes=\"auto, (max-width: 179px) 100vw, 179px\" \/><\/a>Riapertura della Chiesa di San Nicol\u00f2 a Perarolo dopo Vent&#8217;anni<\/h2>\n<\/blockquote>\n<p><strong>PERAROLO<\/strong> Dopo oltre due decenni, la chiesa parrocchiale di San Nicol\u00f2 a Perarolo riapre finalmente le sue porte. Don Diego Soravia, arcidiacono del Cadore, annuncia il completamento dei lavori di restauro, resi possibili grazie al via libera del Comune e a un investimento di circa 400mila euro. La comunit\u00e0 festeggia il ritorno alla normalit\u00e0, con una celebrazione che coinvolger\u00e0 anche il vescovo di Belluno.<\/p>\n<p>&nbsp;<\/p>\n<p>&nbsp;<\/p>\n<hr \/>\n<p>&nbsp;<\/p>\n<h2><span style=\"color: #ff0000;\">CONSIGLI COMUNALI IN AGORDINO<\/span><\/h2>\n<p><strong>CENCENIGHE<\/strong> Consiglio comunale oggi alle 20:30. Cinque punti all&#8217;ordine del giorno tra cui l&#8217;approvazione del rendiconto della gestione 2023, approvazione del bilancio di ASCA del 2023 e per il 2024, approvazione della convenzione con l&#8217;ULSS 1 Dolomiti per le impegnative<\/p>\n<p><strong>SAN TOMASO<\/strong> Convocato il consiglio comunale per domani alle 20. Quattro i punti da discutere tra cui l&#8217;approvazione del rendiconto della gestione 2023 e approvazione del bilancio di ASCA del 2023 e per il 2024<\/p>\n<p>&nbsp;<\/p>\n<p>&nbsp;<\/p>\n<hr \/>\n<p>&nbsp;<\/p>\n<p>&nbsp;<\/p>\n<p><strong class=\"photoswipe-wrapper\"><a class=\"dt-pswp-item pspw-wrap-ready\" href=\"https:\/\/www.radiopiu.net\/wordpress\/wp-content\/uploads\/2024\/01\/Senza-nome-34.png\" data-dt-img-description=\"\" data-large_image_width=\"239\" data-large_image_height=\"153\"><img loading=\"lazy\" decoding=\"async\" class=\"wp-image-369478 alignleft\" src=\"https:\/\/www.radiopiu.net\/wordpress\/wp-content\/uploads\/2024\/01\/Senza-nome-34.png\" alt=\"\" width=\"128\" height=\"82\" \/><\/a><\/strong><\/p>\n<p><strong>dal TG BELLUNESE di\u00a0 ANTENNA 3 ogni sera alle 19.30 sul canale 10 del digitale terrestre e alle 19 le anticipazioni alla radio.\u00a0 \u00a0\u00a0<\/strong><\/p>\n<p>&nbsp;<\/p>\n<p>&nbsp;<\/p>\n<h1 class=\"_title post-title entry-title\">NEVEGAL, SLITTA LA CESSIONE DELLE QUOTE DELLA 2021, SALE LA PREOCCUPAZIONE<\/h1>\n<p>Intervistati ALESSANDRO PIETROBONI (CONSORZIO TOLOMEO), LUCIA OLIVOTTO (CAPOGRUPPO \u201cINSIEME PER BELLUNO BENE COMUNE\u201d<\/p>\n<p><strong>DI TIZIANA BOLOGNANI\u00a0<\/strong><\/p>\n<p><iframe loading=\"lazy\" title=\"NEVEGAL, SLITTA LA CESSIONE DELLE QUOTE DELLA 2021, SALE LA PREOCCUPAZIONE | 13\/05\/2024\" width=\"1200\" height=\"675\" src=\"https:\/\/www.youtube.com\/embed\/EgUsujLuLug?feature=oembed\" frameborder=\"0\" allow=\"accelerometer; autoplay; clipboard-write; encrypted-media; gyroscope; picture-in-picture; web-share\" referrerpolicy=\"strict-origin-when-cross-origin\" allowfullscreen><\/iframe><\/p>\n<p>&nbsp;<\/p>\n<hr \/>\n<p>&nbsp;<\/p>\n<p><span style=\"color: #ff0000;\">DAL TRIBUNALE<\/span><br \/>\n<strong>LA GIUDIZIARIA DAL CORRIERE DELLE ALPI, GIGI SOSSO<\/strong><\/p>\n<p>&nbsp;<\/p>\n<p><strong>Accusa di Simulazione di Reato<\/strong><\/p>\n<p><strong>BELLUNO<\/strong> \u00a0accusato dalla Procura della Repubblica di aver inventato un&#8217;aggressione per ottenere un risarcimento dall&#8217;Inail. Il pubblico ministero lo accusa di simulazione di reato e tentata truffa. Il racconto dell&#8217;imputato presenta contraddizioni.\u00a0 L&#8217;uomo, un bidello di Longarone, ha presentato una denuncia di aggressione alla polizia, sostenendo di aver subito lesioni.\u00a0 Sia l&#8217;accusa che la difesa stanno lavorando sul caso.<\/p>\n<p><strong>Incendio Doloso nel Carcere di Baldenich<\/strong><\/p>\n<p><strong>BELLUNO<\/strong>\u00a0 detenuto brasiliano a processo per aver appiccato fuoco a un materasso nel carcere di Baldenich. Dopo un breve rifugio nel bagno, dove si \u00e8 spogliato, \u00e8 stato convinto a desistere solo dopo avergli offerto una telefonata alla madre. Il detenuto \u00e8 difeso dall&#8217;avvocato Davide Rovelli, davanti al giudice Federico Montalto e al pubblico ministero Giada Modena, in attesa della sentenza di primo grado.<\/p>\n<p><strong>Conflitto Familiare in Tribunale<\/strong><\/p>\n<p><strong>FELTRE<\/strong> gi\u00e0 condannato per maltrattamenti, affronta un nuovo processo con accuse di minacce di morte, percosse e violenza privata nei confronti della coniuge separata. La soluzione proposta \u00e8 la sospensione del processo per messa alla prova, che comporta lavori di pubblica utilit\u00e0. Le minacce derivano dalla difficolt\u00e0 di vedere il figlio e dal rifiuto di pagare l&#8217;assegno di mantenimento.<\/p>\n<p>&nbsp;<\/p>\n<hr \/>\n<p>&nbsp;<\/p>\n<p>&nbsp;<\/p>\n<blockquote>\n<h3 class=\"entry-title\"><a class=\"dt-pswp-item\" href=\"https:\/\/www.radiopiu.net\/wordpress\/wp-content\/uploads\/2023\/11\/road-5089188_640.jpg\" data-dt-img-description=\"\" data-large_image_width=\"640\" data-large_image_height=\"429\"><img loading=\"lazy\" decoding=\"async\" class=\"wp-image-361495 alignleft\" src=\"https:\/\/www.radiopiu.net\/wordpress\/wp-content\/uploads\/2023\/11\/road-5089188_640-300x201.jpg\" alt=\"\" width=\"137\" height=\"92\" srcset=\"https:\/\/www.radiopiu.net\/wordpress\/wp-content\/uploads\/2023\/11\/road-5089188_640-300x201.jpg 300w, https:\/\/www.radiopiu.net\/wordpress\/wp-content\/uploads\/2023\/11\/road-5089188_640.jpg 640w\" sizes=\"auto, (max-width: 137px) 100vw, 137px\" \/><\/a>STRADA PER DIGONERA, UN MESE DI CHIUSURE DIURNE-FERIALI<\/h3>\n<\/blockquote>\n<p><strong>ROCCA PIETORE<\/strong> Dal 6 maggio al 10 giugno chiusura totale della provinciale 563 di Salesei in localit\u00e0 Digonera dalle 7.30 alle 12.30 e dalle 13.30 alle 18, dal lunedi al venerdi. Negli altri orari, h 24 sabato e domenica compresi, senso unico alternato regolato da semaforo<\/p>\n<p><span style=\"color: #000000;\"><strong>SEDICO<\/strong> <\/span>SR 203 AGORDINA localit\u00e0 Peron-La Stanga, fino al 17 maggio, sabato e domenica escluso, senso unico alternato regolato da movieri per tratti di 200 metri<\/p>\n<p><strong>FALCADE<\/strong> Fino al 14 giugno a Caviola. chiusura temporanea al traffico veicolare dalle 7 alle 18, dal lunedi al venerdi, di via Cime d&#8217;Auta, dall&#8217;intersezione con Piazza XX agosto all&#8217;intersezione con Via Tabiadon di Val. Negli altri orari senso unico alternato.<\/p>\n<p>&nbsp;<\/p>\n<hr \/>\n<p>&nbsp;<\/p>\n<blockquote>\n<h3>LA SCACCHIERA SOTTO IL CALICANTO<\/h3>\n<\/blockquote>\n<p><strong><a class=\"dt-pswp-item\" href=\"https:\/\/www.radiopiu.net\/wordpress\/wp-content\/uploads\/2024\/05\/scacchi-a-sospirolo-Piccolin-Dunio-nel-libro.jpg\" data-dt-img-description=\"\" data-large_image_width=\"849\" data-large_image_height=\"664\"><img loading=\"lazy\" decoding=\"async\" class=\" wp-image-389861 alignleft\" src=\"https:\/\/www.radiopiu.net\/wordpress\/wp-content\/uploads\/2024\/05\/scacchi-a-sospirolo-Piccolin-Dunio-nel-libro-300x235.jpg\" alt=\"\" width=\"151\" height=\"118\" srcset=\"https:\/\/www.radiopiu.net\/wordpress\/wp-content\/uploads\/2024\/05\/scacchi-a-sospirolo-Piccolin-Dunio-nel-libro-300x235.jpg 300w, https:\/\/www.radiopiu.net\/wordpress\/wp-content\/uploads\/2024\/05\/scacchi-a-sospirolo-Piccolin-Dunio-nel-libro-768x601.jpg 768w, https:\/\/www.radiopiu.net\/wordpress\/wp-content\/uploads\/2024\/05\/scacchi-a-sospirolo-Piccolin-Dunio-nel-libro.jpg 849w\" sizes=\"auto, (max-width: 151px) 100vw, 151px\" \/><\/a>SOSPIROLO<\/strong> La Pro loco \u201cMonti del Sole\u201d presenta &#8220;La scacchiera sotto il calicanto&#8221; di Giovanni Lorusso il 16 maggio al Centro Civico di Sospirolo alle 20:30, con il patrocinio del Comune. Il libro, edito da DBS, unisce disegni e racconti ispirati al gioco degli scacchi, coinvolgendo artisti bellunesi. Non un manuale tecnico, ma racconti accessibili anche agli adulti, reinterpretando fiabe tradizionali come Pinocchio con partite a scacchi. L&#8217;autore \u00e8 impegnato nel mondo degli scacchi dal 1996, premiato per il suo contributo nel 2016. La presentazione sar\u00e0 condotta da Federico Brancaleone con letture di Lucia Mezzacasa e un racconto teatralizzato da TeatroBis. Ingresso libero.<\/p>\n<p>&nbsp;<\/p>\n<p>&nbsp;<\/p>\n<hr \/>\n<p>&nbsp;<\/p>\n<blockquote>\n<h3>LE MOSTRE PER IL BICENTENARIO DELLA NASCITA DI DON ANTONIO DELLA LUCIA<\/h3>\n<\/blockquote>\n<p><strong>CANALE D&#8217;AGORDO<\/strong> La Fondazione Papa Luciani Onlus celebra Don Antonio Della Lucia con un comitato speciale nel bicentenario della sua nascita. Coinvolte varie istituzioni e associazioni locali, incluso il Ministero dell&#8217;agricoltura. Evento inaugurale a Frassen\u00e8 Agordino il 16 maggio, con messa, annullo filatelico, mostra, conferenza e degustazione di formaggi. Tre mostre in provincia: Palazzo Piloni (16 maggio &#8211; 16 settembre), Canale d\u2019Agordo (1\u00b0 luglio &#8211; 31 agosto), e Frassen\u00e8 Agordino (1\u00b0 luglio &#8211; 31 agosto, su prenotazione). Un omaggio alla vita e all&#8217;opera di Della Lucia, pioniere delle latterie cooperative in Italia.<\/p>\n<a href=\"https:\/\/www.radiopiu.net\/wordpress\/wp-content\/uploads\/2024\/05\/Locandina-eventi-completa-per-il-bicentenario-del-Cavalier-Don-Antonio-Della-Lucia-1.pdf\" class=\"pdfemb-viewer\" style=\"\" data-width=\"max\" data-height=\"max\" data-toolbar=\"top\" data-toolbar-fixed=\"on\">Locandina eventi completa per il bicentenario del Cavalier Don Antonio Della Lucia<\/a>\n<div class=\"w-full md:pt-0 dark:border-white\/20 md:border-transparent md:dark:border-transparent md:w-[calc(100%-.5rem)] juice:w-full\">\n<div class=\"px-3 text-base md:px-4 m-auto md:px-5 lg:px-1 xl:px-5\">\n<div class=\"mx-auto flex flex-1 gap-3 text-base juice:gap-4 juice:md:gap-6 md:max-w-3xl lg:max-w-[40rem] xl:max-w-[48rem]\">\n<form class=\"w-full\">\n<div class=\"relative flex h-full max-w-full flex-1 flex-col\">\n<div class=\"flex w-full items-center\"><\/div>\n<\/div>\n<\/form>\n<\/div>\n<\/div>\n<\/div>\n<p>&nbsp;<\/p>\n<hr \/>\n<p>&nbsp;<\/p>\n<div class=\"flex-1 overflow-hidden\">\n<div class=\"react-scroll-to-bottom--css-rkhnb-79elbk h-full\">\n<div class=\"react-scroll-to-bottom--css-rkhnb-1n7m0yu\">\n<div class=\"flex flex-col text-sm pb-9\">\n<div class=\"w-full text-token-text-primary\" dir=\"auto\" data-testid=\"conversation-turn-99\" data-scroll-anchor=\"true\">\n<div class=\"py-2 px-3 text-base md:px-4 m-auto md:px-5 lg:px-1 xl:px-5\">\n<div class=\"mx-auto flex flex-1 gap-3 text-base juice:gap-4 juice:md:gap-6 md:max-w-3xl lg:max-w-[40rem] xl:max-w-[48rem]\">\n<div class=\"relative flex w-full min-w-0 flex-col agent-turn\">\n<div class=\"flex-col gap-1 md:gap-3\">\n<div class=\"flex flex-grow flex-col max-w-full\">\n<div class=\"min-h-[20px] text-message flex flex-col items-start whitespace-pre-wrap break-words [.text-message+&amp;]:mt-5 juice:w-full juice:items-end overflow-x-auto gap-3\" dir=\"auto\" data-message-author-role=\"assistant\" data-message-id=\"ecbec3ed-5bbc-4ca5-84af-32d877a442ca\">\n<div class=\"markdown prose w-full break-words dark:prose-invert dark\">\n<blockquote>\n<h2><a class=\"dt-pswp-item\" href=\"https:\/\/www.radiopiu.net\/wordpress\/wp-content\/uploads\/2024\/05\/1065486.jpg\" data-dt-img-description=\"\" data-large_image_width=\"2300\" data-large_image_height=\"1409\"><img loading=\"lazy\" decoding=\"async\" class=\" wp-image-389854 alignleft\" src=\"https:\/\/www.radiopiu.net\/wordpress\/wp-content\/uploads\/2024\/05\/1065486-300x184.jpg\" alt=\"\" width=\"241\" height=\"148\" srcset=\"https:\/\/www.radiopiu.net\/wordpress\/wp-content\/uploads\/2024\/05\/1065486-300x184.jpg 300w, https:\/\/www.radiopiu.net\/wordpress\/wp-content\/uploads\/2024\/05\/1065486-1024x627.jpg 1024w, https:\/\/www.radiopiu.net\/wordpress\/wp-content\/uploads\/2024\/05\/1065486-768x470.jpg 768w, https:\/\/www.radiopiu.net\/wordpress\/wp-content\/uploads\/2024\/05\/1065486-1536x941.jpg 1536w, https:\/\/www.radiopiu.net\/wordpress\/wp-content\/uploads\/2024\/05\/1065486-2048x1255.jpg 2048w\" sizes=\"auto, (max-width: 241px) 100vw, 241px\" \/><\/a>&#8220;Mercatino Manzoniano: Viale in Fiore, Seconda Edizione a Chies d\u2019Alpago<button class=\"rounded-md p-1 text-token-text-tertiary hover:text-token-text-primary\" style=\"font-size: 21px; background-color: #ffffff;\"><b> <\/b><\/button><\/h2>\n<h2><span style=\"font-size: 14px; font-weight: normal;\"><strong>CHIES D&#8217;ALPAGO<\/strong> Seconda edizione del Mercatino Manzoniano a Chies d\u2019Alpago, trasformato in &#8220;viale in fiore&#8221; in memoria di Daniela, che adornava il viale con i suoi fiori. L&#8217;evento, sabato 18 maggio, presenter\u00e0 oltre 40 espositori, aree food &amp; drink con specialit\u00e0 come lo spiedo e la pasta napoletana. Numerose iniziative per i bambini, visite guidate al Museo di Storia Naturale e stand dimostrativi di Vecchi Mestieri arricchiranno la giornata, accompagnati dalla musica di Ermanno. Lungo il viale esposizioni di arte, lavori artigianali, prodotti locali e gelato artigianale di Giorgio. Segui @mercatino_manzoniano su Instagram per aggiornamenti. Per informazioni sulle attivit\u00e0 per i bambini e le visite guidate, contatta il 348.7388300 o <\/span><a style=\"font-size: 14px; font-weight: normal;\" target=\"_new\" rel=\"noreferrer noopener\">mercatino.manzoniano@gmail.com<\/a><span style=\"font-size: 14px; font-weight: normal;\">.<\/span><\/h2>\n<\/blockquote>\n<\/div>\n<\/div>\n<\/div>\n<\/div>\n<\/div>\n<\/div>\n<\/div>\n<\/div>\n<\/div>\n<\/div>\n<\/div>\n<\/div>\n<p>&nbsp;<\/p>\n<hr \/>\n<blockquote>\n<h3><\/h3>\n<h3>COME UN CAMMINO PROMUOVE L\u2019AMBIENTE<\/h3>\n<\/blockquote>\n<p><strong><a class=\"dt-pswp-item\" href=\"https:\/\/www.radiopiu.net\/wordpress\/wp-content\/uploads\/2024\/05\/cammino.jpeg\" data-dt-img-description=\"\" data-large_image_width=\"1600\" data-large_image_height=\"774\"><img loading=\"lazy\" decoding=\"async\" class=\"size-medium wp-image-389851 alignleft\" src=\"https:\/\/www.radiopiu.net\/wordpress\/wp-content\/uploads\/2024\/05\/cammino-300x145.jpeg\" alt=\"\" width=\"300\" height=\"145\" srcset=\"https:\/\/www.radiopiu.net\/wordpress\/wp-content\/uploads\/2024\/05\/cammino-300x145.jpeg 300w, https:\/\/www.radiopiu.net\/wordpress\/wp-content\/uploads\/2024\/05\/cammino-1024x495.jpeg 1024w, https:\/\/www.radiopiu.net\/wordpress\/wp-content\/uploads\/2024\/05\/cammino-768x372.jpeg 768w, https:\/\/www.radiopiu.net\/wordpress\/wp-content\/uploads\/2024\/05\/cammino-1536x743.jpeg 1536w, https:\/\/www.radiopiu.net\/wordpress\/wp-content\/uploads\/2024\/05\/cammino.jpeg 1600w\" sizes=\"auto, (max-width: 300px) 100vw, 300px\" \/><\/a>BORGO VALBELLUNA <\/strong>Il festival &#8220;Camminando&#8221; a Borgo Valbelluna promuove l&#8217;ambiente attraverso piccoli cammini che offrono grandi esperienze. Esperti discuteranno del potenziale sociale e turistico dei percorsi a piedi, come il Cammino delle Colline del Prosecco, valorizzando borghi e valli nascoste. Con oltre 270 km di sentieri tabellati, la zona potrebbe diventare sede di un nuovo cammino. Gioved\u00ec alle 20:45 presso la sala della Societ\u00e0 Operaia di Lentiai autorevoli giornalisti e progettisti di tracciati a piedi parleranno di Piccoli cammini, grandi esperienze. Giovanni Carraro, ideatore del Cammino del Prosecco e della recente guida dei sentieri del Monte Grappa e Marco Giovenco direttore della prestigiosa rivista Itinerari e Luoghi, dialogheranno con Alberto Friso redattore del Messaggero di Sant\u2019Antonio. Sabato\u00a0 alle 14 a Praderadego\u00a0 camminata organizzata. Domenica alle 9 Camminando al Parco Lotto di Trichiana all\u2019interno dell\u2019Outdoor Festival.<\/p>\n<p>&nbsp;<\/p>\n<hr \/>\n<p>&nbsp;<\/p>\n<blockquote>\n<h3>UN CONVEGNO IN OCCASIONE DELLA GIORNATA EUROPEA DEI PARCHI<\/h3>\n<\/blockquote>\n<p><strong><a class=\"dt-pswp-item\" href=\"https:\/\/www.radiopiu.net\/wordpress\/wp-content\/uploads\/2021\/07\/PARCO-DOLOMITI-BELLUNESI.jpg\" data-dt-img-description=\"\" data-large_image_width=\"259\" data-large_image_height=\"440\"><img loading=\"lazy\" decoding=\"async\" class=\" wp-image-223150 alignleft\" src=\"https:\/\/www.radiopiu.net\/wordpress\/wp-content\/uploads\/2021\/07\/PARCO-DOLOMITI-BELLUNESI-177x300.jpg\" alt=\"\" width=\"65\" height=\"110\" srcset=\"https:\/\/www.radiopiu.net\/wordpress\/wp-content\/uploads\/2021\/07\/PARCO-DOLOMITI-BELLUNESI-177x300.jpg 177w, https:\/\/www.radiopiu.net\/wordpress\/wp-content\/uploads\/2021\/07\/PARCO-DOLOMITI-BELLUNESI.jpg 259w\" sizes=\"auto, (max-width: 65px) 100vw, 65px\" \/><\/a>FELTRE<\/strong> La Giornata Europea dei Parchi celebra il primo parco nazionale europeo, nato in Svezia il 24 maggio 1909. Iniziativa della Federazione Europea dei Parchi, coinvolge centinaia di aree protette. Il Parco Nazionale Dolomiti Bellunesi aderisce, organizzando un convegno su &#8220;Il ruolo dei Parchi Nazionali nella tutela e nel ripristino degli ecosistemi naturali&#8221;, il 25 maggio 2024 a Feltre. Saranno presentati studi sui Coleotteri, il progetto LIFE Wolfalps EU per la coesistenza con il lupo, il progetto &#8220;Neptis&#8221; di citizen science sulle farfalle e le attivit\u00e0 di monitoraggio e conservazione della flora.<\/p>\n<p>&nbsp;<\/p>\n<p>&nbsp;<\/p>\n<hr \/>\n<p>&nbsp;<\/p>\n<blockquote>\n<h3>PRATICHE FILOSOFICHE AL CIRCOLO CULTURALE TERRA DEI PADRI<\/h3>\n<\/blockquote>\n<p><strong>BELLUNO<\/strong> Il Circolo Culturale La Terra dei Padri APS, a Borgo Piave &#8211; Belluno, ospita un laboratorio di pratiche filosofiche aperto a tutti nel mese di maggio 2024. Condotti da Francesco Dematt\u00e8, ex docente di storia e filosofia nei Licei, i quattro incontri si concentreranno su Plotino, filosofo del III secolo d.C. Gli incontri si terranno ogni marted\u00ec, dal 7 al 28 maggio, dalle 18 alle 19 presso il circolo culturale. Per informazioni e iscrizioni contattare direttamente in sede, via email o telefonicamente.<\/p>\n<p>&nbsp;<\/p>\n<hr \/>\n<p>&nbsp;<\/p>\n<blockquote class=\"wp-embedded-content\" data-secret=\"A4wK6yKYen\"><p><a href=\"https:\/\/www.radiopiu.net\/wordpress\/pirole-de-lenga-la-parola-del-giorno-a-cura-del-musla-raccolta-completa\/\">PIROLE DE LENGA&#8230; LA PAROLA DEL GIORNO A CURA DEL MUSLA -raccolta completa &#8211;<\/a><\/p><\/blockquote>\n<p><iframe loading=\"lazy\" class=\"wp-embedded-content\" sandbox=\"allow-scripts\" security=\"restricted\" style=\"position: absolute; clip: rect(1px, 1px, 1px, 1px);\" title=\"&#8220;PIROLE DE LENGA&#8230; LA PAROLA DEL GIORNO A CURA DEL MUSLA -raccolta completa &#8211;&#8221; &#8212; Radio Pi\u00f9\" src=\"https:\/\/www.radiopiu.net\/wordpress\/pirole-de-lenga-la-parola-del-giorno-a-cura-del-musla-raccolta-completa\/embed\/#?secret=Ojm2A1JXaI#?secret=A4wK6yKYen\" data-secret=\"A4wK6yKYen\" width=\"600\" height=\"338\" frameborder=\"0\" marginwidth=\"0\" marginheight=\"0\" scrolling=\"no\"><\/iframe><\/p>\n<p>&nbsp;<\/p>\n<hr \/>\n<p>&nbsp;<\/p>\n<blockquote>\n<h3>UN CONCERTO PER RICORDARE ADRIANO<\/h3>\n<\/blockquote>\n<p><strong><a class=\"dt-pswp-item\" href=\"https:\/\/www.radiopiu.net\/wordpress\/wp-content\/uploads\/2024\/05\/1798739_643903002312865_2139658864_n.jpeg\" data-dt-img-description=\"\" data-large_image_width=\"960\" data-large_image_height=\"540\"><img loading=\"lazy\" decoding=\"async\" class=\" wp-image-389625 alignleft\" src=\"https:\/\/www.radiopiu.net\/wordpress\/wp-content\/uploads\/2024\/05\/1798739_643903002312865_2139658864_n-300x169.jpeg\" alt=\"\" width=\"174\" height=\"98\" srcset=\"https:\/\/www.radiopiu.net\/wordpress\/wp-content\/uploads\/2024\/05\/1798739_643903002312865_2139658864_n-300x169.jpeg 300w, https:\/\/www.radiopiu.net\/wordpress\/wp-content\/uploads\/2024\/05\/1798739_643903002312865_2139658864_n-768x432.jpeg 768w, https:\/\/www.radiopiu.net\/wordpress\/wp-content\/uploads\/2024\/05\/1798739_643903002312865_2139658864_n.jpeg 960w\" sizes=\"auto, (max-width: 174px) 100vw, 174px\" \/><\/a>PONTE NELLE ALPI<\/strong> Dopo 10 anni dalla perdita di Adriano Peterle, fondatore dei Formato Standard, la band organizza un evento musicale, &#8220;ADR1AN0&#8221;, il 31 maggio al teatro Pierobon di Ponte nelle Alpi, per celebrarne il ricordo. La serata mescoler\u00e0 musica, aneddoti e ospiti speciali, mantenendo lo spirito vivace del gruppo. L&#8217;evento sar\u00e0 gratuito con offerte destinate all&#8217;AFVS &#8211; Associazione Familiari e Vittime della Strada Onlus. Una serata per ricordare e celebrare insieme, con il titolo che unisce il numero 10 alle lettere dell&#8217;alfabeto, come amano i giovani della band.<\/p>\n<p>&nbsp;<\/p>\n<p>&nbsp;<\/p>\n<hr \/>\n<p>&nbsp;<\/p>\n<blockquote>\n<h3>PAROLE DI NEVE A BELLUNO<\/h3>\n<\/blockquote>\n<p><strong><a class=\"dt-pswp-item\" href=\"https:\/\/www.radiopiu.net\/wordpress\/wp-content\/uploads\/2024\/05\/olghouhgwol.png\" data-dt-img-description=\"\" data-large_image_width=\"697\" data-large_image_height=\"344\"><img loading=\"lazy\" decoding=\"async\" class=\" wp-image-389875 alignleft\" src=\"https:\/\/www.radiopiu.net\/wordpress\/wp-content\/uploads\/2024\/05\/olghouhgwol-300x148.png\" alt=\"\" width=\"164\" height=\"81\" srcset=\"https:\/\/www.radiopiu.net\/wordpress\/wp-content\/uploads\/2024\/05\/olghouhgwol-300x148.png 300w, https:\/\/www.radiopiu.net\/wordpress\/wp-content\/uploads\/2024\/05\/olghouhgwol.png 697w\" sizes=\"auto, (max-width: 164px) 100vw, 164px\" \/><\/a>BELLUNO<\/strong> Il Collegio Maestri di sci organizza le conferenze &#8220;Parole di Neve&#8221; sulla cultura dello sci e della montagna invernale. Ogni terzo mercoled\u00ec del mese alla Casa dei Maestri, Piazza San Lucano 3 in Borgo Pra, Belluno. Il 15 maggio 2024, alle 20:30, &#8220;Dalla Sala De Luca all\u2019Aula dei Maestri: uno spazio per la cultura&#8221;, con relatori l&#8217;Assessore Addamiano e il presidente Luigi Borgo. Il 16 giugno, alle 20:30, &#8220;Neve e cambiamento climatico: quali energie per il nostro futuro?&#8221;, con ing. Piero Danieli e prof. Massimo Masi dell&#8217;Universit\u00e0 di Padova. Il 17 luglio, alle 20:30, &#8220;L\u2019industria dello sci domani&#8221;, con relatore dott. Valeria Ghezzi, Presidente ANEF.<\/p>\n<p>&nbsp;<\/p>\n<p>&nbsp;<\/p>\n<hr \/>\n<p>&nbsp;<\/p>\n<blockquote>\n<h2>CulturalMoto 2024: nell&#8217;Agordino<\/h2>\n<\/blockquote>\n<p><em>Alla scoperta delle miniere nelle Dolomiti, con la straordinaria partecipazione del geologo Manuel Conedera.<\/em><\/p>\n<p><strong>REDAZIONE<\/strong> Il 26 maggio 2024, EMMECI eventi lancia la seconda tappa di CulturalMoto, un viaggio culturale in moto che esplora l&#8217;Agordino e le Dolomiti bellunesi. Con Giacomo Agostini come ambasciatore, il tour si differenzia per l&#8217;accento sulla scoperta del territorio. Prenotazione obbligatoria al 348 5109129.<\/p>\n\n\t\t\t<style type='text\/css'>\n\t\t\t\t#gallery-2 {\n\t\t\t\t\tmargin: auto;\n\t\t\t\t}\n\t\t\t\t#gallery-2 .gallery-item {\n\t\t\t\t\tfloat: left;\n\t\t\t\t\tmargin-top: 10px;\n\t\t\t\t\ttext-align: center;\n\t\t\t\t\twidth: 50%;\n\t\t\t\t}\n\t\t\t\t#gallery-2 img {\n\t\t\t\t\tborder: 2px solid #cfcfcf;\n\t\t\t\t}\n\t\t\t\t#gallery-2 .gallery-caption {\n\t\t\t\t\tmargin-left: 0;\n\t\t\t\t}\n\t\t\t\t\/* see gallery_shortcode() in wp-includes\/media.php *\/\n\t\t\t<\/style>\n\t\t<div id='gallery-2' class='dt-gallery-container gallery galleryid-389731 gallery-columns-2 gallery-size-medium'><dl class='gallery-item'>\n\t\t\t\t<dt class='gallery-icon portrait'>\n\t\t\t\t\t<a class=\"rollover rollover-zoom dt-pswp-item\" title=\"CulturalMoto Agordo Belluno\" data-dt-img-description=\"\" data-large_image_width=\"842\" data-large_image_height=\"1191\"href='https:\/\/www.radiopiu.net\/wordpress\/wp-content\/uploads\/2024\/05\/CulturalMoto-Agordo-Belluno.jpg'><img loading=\"lazy\" decoding=\"async\" width=\"212\" height=\"300\" src=\"https:\/\/www.radiopiu.net\/wordpress\/wp-content\/uploads\/2024\/05\/CulturalMoto-Agordo-Belluno-212x300.jpg\" class=\"attachment-medium size-medium\" alt=\"\" srcset=\"https:\/\/www.radiopiu.net\/wordpress\/wp-content\/uploads\/2024\/05\/CulturalMoto-Agordo-Belluno-212x300.jpg 212w, https:\/\/www.radiopiu.net\/wordpress\/wp-content\/uploads\/2024\/05\/CulturalMoto-Agordo-Belluno-724x1024.jpg 724w, https:\/\/www.radiopiu.net\/wordpress\/wp-content\/uploads\/2024\/05\/CulturalMoto-Agordo-Belluno-768x1086.jpg 768w, https:\/\/www.radiopiu.net\/wordpress\/wp-content\/uploads\/2024\/05\/CulturalMoto-Agordo-Belluno.jpg 842w\" sizes=\"auto, (max-width: 212px) 100vw, 212px\" \/><\/a>\n\t\t\t\t<\/dt><\/dl><dl class='gallery-item'>\n\t\t\t\t<dt class='gallery-icon portrait'>\n\t\t\t\t\t<a class=\"rollover rollover-zoom dt-pswp-item\" title=\"Giacomo Agostini CulturalMoto\" data-dt-img-description=\"\" data-large_image_width=\"526\" data-large_image_height=\"701\"href='https:\/\/www.radiopiu.net\/wordpress\/wp-content\/uploads\/2024\/05\/Giacomo-Agostini-CulturalMoto.jpg'><img loading=\"lazy\" decoding=\"async\" width=\"225\" height=\"300\" src=\"https:\/\/www.radiopiu.net\/wordpress\/wp-content\/uploads\/2024\/05\/Giacomo-Agostini-CulturalMoto-225x300.jpg\" class=\"attachment-medium size-medium\" alt=\"\" srcset=\"https:\/\/www.radiopiu.net\/wordpress\/wp-content\/uploads\/2024\/05\/Giacomo-Agostini-CulturalMoto-225x300.jpg 225w, https:\/\/www.radiopiu.net\/wordpress\/wp-content\/uploads\/2024\/05\/Giacomo-Agostini-CulturalMoto.jpg 526w\" sizes=\"auto, (max-width: 225px) 100vw, 225px\" \/><\/a>\n\t\t\t\t<\/dt><\/dl><br style=\"clear: both\" \/>\n\t\t\t<\/div>\n\n<p>&nbsp;<\/p>\n<hr \/>\n<p>&nbsp;<\/p>\n\n\t\t\t<style type='text\/css'>\n\t\t\t\t#gallery-3 {\n\t\t\t\t\tmargin: auto;\n\t\t\t\t}\n\t\t\t\t#gallery-3 .gallery-item {\n\t\t\t\t\tfloat: left;\n\t\t\t\t\tmargin-top: 10px;\n\t\t\t\t\ttext-align: center;\n\t\t\t\t\twidth: 100%;\n\t\t\t\t}\n\t\t\t\t#gallery-3 img {\n\t\t\t\t\tborder: 2px solid #cfcfcf;\n\t\t\t\t}\n\t\t\t\t#gallery-3 .gallery-caption {\n\t\t\t\t\tmargin-left: 0;\n\t\t\t\t}\n\t\t\t\t\/* see gallery_shortcode() in wp-includes\/media.php *\/\n\t\t\t<\/style>\n\t\t<div id='gallery-3' class='dt-gallery-container gallery galleryid-389731 gallery-columns-1 gallery-size-medium'><dl class='gallery-item'>\n\t\t\t\t<dt class='gallery-icon portrait'>\n\t\t\t\t\t<a class=\"rollover rollover-zoom dt-pswp-item\" title=\"f2117638-681b-40d0-918c-1188d4fabc52\" data-dt-img-description=\"\" data-large_image_width=\"1128\" data-large_image_height=\"1600\"href='https:\/\/www.radiopiu.net\/wordpress\/wp-content\/uploads\/2024\/05\/f2117638-681b-40d0-918c-1188d4fabc52-1.jpg'><img loading=\"lazy\" decoding=\"async\" width=\"212\" height=\"300\" src=\"https:\/\/www.radiopiu.net\/wordpress\/wp-content\/uploads\/2024\/05\/f2117638-681b-40d0-918c-1188d4fabc52-1-212x300.jpg\" class=\"attachment-medium size-medium\" alt=\"\" srcset=\"https:\/\/www.radiopiu.net\/wordpress\/wp-content\/uploads\/2024\/05\/f2117638-681b-40d0-918c-1188d4fabc52-1-212x300.jpg 212w, https:\/\/www.radiopiu.net\/wordpress\/wp-content\/uploads\/2024\/05\/f2117638-681b-40d0-918c-1188d4fabc52-1-722x1024.jpg 722w, https:\/\/www.radiopiu.net\/wordpress\/wp-content\/uploads\/2024\/05\/f2117638-681b-40d0-918c-1188d4fabc52-1-768x1089.jpg 768w, https:\/\/www.radiopiu.net\/wordpress\/wp-content\/uploads\/2024\/05\/f2117638-681b-40d0-918c-1188d4fabc52-1-1083x1536.jpg 1083w, https:\/\/www.radiopiu.net\/wordpress\/wp-content\/uploads\/2024\/05\/f2117638-681b-40d0-918c-1188d4fabc52-1.jpg 1128w\" sizes=\"auto, (max-width: 212px) 100vw, 212px\" \/><\/a>\n\t\t\t\t<\/dt><\/dl><br style=\"clear: both\" \/>\n\t\t\t<\/div>\n\n<p>&nbsp;<\/p>\n<hr \/>\n<p>&nbsp;<\/p>\n<p>&nbsp;<\/p>\n<blockquote>\n<h2><a class=\"dt-pswp-item\" href=\"https:\/\/www.radiopiu.net\/wordpress\/wp-content\/uploads\/2024\/05\/pimpi.jpeg\" data-dt-img-description=\"\" data-large_image_width=\"1036\" data-large_image_height=\"936\"><img loading=\"lazy\" decoding=\"async\" class=\" wp-image-389846 alignleft\" src=\"https:\/\/www.radiopiu.net\/wordpress\/wp-content\/uploads\/2024\/05\/pimpi-300x271.jpeg\" alt=\"\" width=\"176\" height=\"159\" srcset=\"https:\/\/www.radiopiu.net\/wordpress\/wp-content\/uploads\/2024\/05\/pimpi-300x271.jpeg 300w, https:\/\/www.radiopiu.net\/wordpress\/wp-content\/uploads\/2024\/05\/pimpi-1024x925.jpeg 1024w, https:\/\/www.radiopiu.net\/wordpress\/wp-content\/uploads\/2024\/05\/pimpi-768x694.jpeg 768w, https:\/\/www.radiopiu.net\/wordpress\/wp-content\/uploads\/2024\/05\/pimpi.jpeg 1036w\" sizes=\"auto, (max-width: 176px) 100vw, 176px\" \/><\/a>Adozione urgente per Pimpi<\/h2>\n<\/blockquote>\n<p>&nbsp;<\/p>\n<p>&nbsp;<\/p>\n<p style=\"text-align: left;\">Pimpi \u00e8 un cagnetto di 4 anni, maschio intero, abituato alla vita in appartamento.<br \/>\nSi relaziona bene con i suoi simili, gatti ed umani.Cerchiamo per lui una famiglia che possa adottarlo perch\u00e8 la persona con cui vive non pu\u00f2 pi\u00f9 prendersi cura di lui.<\/p>\n<blockquote>\n<h3><em>Pimpi \u00e8 una taglia media (22 kg) ,si trova in Cadore.Per informazioni\u00a0 \u00a0whatsapp\u00a0 3383917887.<\/em><\/h3>\n<\/blockquote>\n<p>&nbsp;<\/p>\n<p>&nbsp;<\/p>\n<hr \/>\n<p>&nbsp;<\/p>\n<h2><span style=\"color: #ff6600;\">IERI ALLA RADIO<\/span><\/h2>\n<h2><span style=\"color: #ff00ff;\">RITRATTI SONORI, IL PROGRAMMA DI ALESSIA DALL&#8217;O&#8217;<\/span><\/h2>\n<p><a class=\"dt-pswp-item\" href=\"https:\/\/www.radiopiu.net\/wordpress\/wp-content\/uploads\/2024\/05\/27b05130-08d8-4987-9c10-3aa1f3ebb8a4.jpg\" data-dt-img-description=\"\" data-large_image_width=\"1125\" data-large_image_height=\"779\"><img loading=\"lazy\" decoding=\"async\" class=\" wp-image-389880 alignleft\" src=\"https:\/\/www.radiopiu.net\/wordpress\/wp-content\/uploads\/2024\/05\/27b05130-08d8-4987-9c10-3aa1f3ebb8a4-300x208.jpg\" alt=\"\" width=\"110\" height=\"76\" srcset=\"https:\/\/www.radiopiu.net\/wordpress\/wp-content\/uploads\/2024\/05\/27b05130-08d8-4987-9c10-3aa1f3ebb8a4-300x208.jpg 300w, https:\/\/www.radiopiu.net\/wordpress\/wp-content\/uploads\/2024\/05\/27b05130-08d8-4987-9c10-3aa1f3ebb8a4-1024x709.jpg 1024w, https:\/\/www.radiopiu.net\/wordpress\/wp-content\/uploads\/2024\/05\/27b05130-08d8-4987-9c10-3aa1f3ebb8a4-768x532.jpg 768w, https:\/\/www.radiopiu.net\/wordpress\/wp-content\/uploads\/2024\/05\/27b05130-08d8-4987-9c10-3aa1f3ebb8a4.jpg 1125w\" sizes=\"auto, (max-width: 110px) 100vw, 110px\" \/><\/a>Nuovo programma su Radio Pi\u00f9. Alessia Dall&#8217;O&#8217; presenta &#8220;Ritratti Sonori&#8221;, il programma dove la tua playlist ti racconta. Il luned\u00ec dalle 15.15 e in replica il luned\u00ec e la domenica alle ore 20:30. Portiamo storie uniche attraverso note emozionanti di 5 canzoni scelte dai nostri ospiti in studio. Voi essere protagonista anche tu? Scegli le tue 5 canzoni e raccontaci la tua storia. Scrivi a ritrattisonoriraccontiinradio@gmail.com<\/p>\n<p>&nbsp;<\/p>\n<p>&nbsp;<\/p>\n<p><span style=\"color: #ff0000;\"><strong><a class=\"dt-pswp-item\" href=\"https:\/\/www.radiopiu.net\/wordpress\/wp-content\/uploads\/2024\/05\/ALESSIA-DALLO.jpg\" data-dt-img-description=\"\" data-large_image_width=\"574\" data-large_image_height=\"575\"><img loading=\"lazy\" decoding=\"async\" class=\" wp-image-389881 alignleft\" src=\"https:\/\/www.radiopiu.net\/wordpress\/wp-content\/uploads\/2024\/05\/ALESSIA-DALLO-300x300.jpg\" alt=\"\" width=\"100\" height=\"100\" \/><\/a>PUNTATA 01 &#8211; ALESSIA DALL&#8217;O&#8217;<\/strong><\/span><\/p>\n<p><strong>\u00a0<\/strong><\/p>\n<p><strong>\u00a0<\/strong><\/p>\n<p>&nbsp;<\/p>\n<p><strong>PRIMA PARTE<\/strong><\/p>\n<audio class=\"wp-audio-shortcode\" id=\"audio-389731-7\" preload=\"none\" style=\"width: 100%;\" controls=\"controls\"><source type=\"audio\/mpeg\" src=\"https:\/\/www.radiopiu.net\/wordpress\/wp-content\/uploads\/2024\/05\/RF1.mp3?_=7\" \/><a href=\"https:\/\/www.radiopiu.net\/wordpress\/wp-content\/uploads\/2024\/05\/RF1.mp3\">https:\/\/www.radiopiu.net\/wordpress\/wp-content\/uploads\/2024\/05\/RF1.mp3<\/a><\/audio>\n<p><strong>\u00a0<\/strong><\/p>\n<p><strong>SECONDA PARTE<\/strong><\/p>\n<audio class=\"wp-audio-shortcode\" id=\"audio-389731-8\" preload=\"none\" style=\"width: 100%;\" controls=\"controls\"><source type=\"audio\/mpeg\" src=\"https:\/\/www.radiopiu.net\/wordpress\/wp-content\/uploads\/2024\/05\/RF2.mp3?_=8\" \/><a href=\"https:\/\/www.radiopiu.net\/wordpress\/wp-content\/uploads\/2024\/05\/RF2.mp3\">https:\/\/www.radiopiu.net\/wordpress\/wp-content\/uploads\/2024\/05\/RF2.mp3<\/a><\/audio>\n<p><strong>\u00a0<\/strong><\/p>\n<p><strong>TERZA PARTE<\/strong><\/p>\n<audio class=\"wp-audio-shortcode\" id=\"audio-389731-9\" preload=\"none\" style=\"width: 100%;\" controls=\"controls\"><source type=\"audio\/mpeg\" src=\"https:\/\/www.radiopiu.net\/wordpress\/wp-content\/uploads\/2024\/05\/RF3.mp3?_=9\" \/><a href=\"https:\/\/www.radiopiu.net\/wordpress\/wp-content\/uploads\/2024\/05\/RF3.mp3\">https:\/\/www.radiopiu.net\/wordpress\/wp-content\/uploads\/2024\/05\/RF3.mp3<\/a><\/audio>\n<p>&nbsp;<\/p>\n<hr \/>\n<p>&nbsp;<\/p>\n<h2><span style=\"color: #ff0000;\">OGGI COME IERI di e con SILVIA BALDO<\/span><\/h2>\n<p><img decoding=\"async\" class=\"aligncenter\" src=\"https:\/\/www.radiopiu.net\/wordpress\/wp-content\/uploads\/2023\/09\/309000774_10222572118595513_7956305457803922499_n.jpg\" \/><\/p>\n<p><strong>\u00a0<\/strong><\/p>\n<p><strong>PUNTATA 29 13 APRILE 2024<\/strong><\/p>\n<audio class=\"wp-audio-shortcode\" id=\"audio-389731-10\" preload=\"none\" style=\"width: 100%;\" controls=\"controls\"><source type=\"audio\/mpeg\" src=\"https:\/\/www.radiopiu.net\/wordpress\/wp-content\/uploads\/2024\/05\/SIBI.mp3?_=10\" \/><a href=\"https:\/\/www.radiopiu.net\/wordpress\/wp-content\/uploads\/2024\/05\/SIBI.mp3\">https:\/\/www.radiopiu.net\/wordpress\/wp-content\/uploads\/2024\/05\/SIBI.mp3<\/a><\/audio>\n<p>&nbsp;<\/p>\n<h2>LA RACCOLTA COMPLETA <a href=\"https:\/\/www.radiopiu.net\/wordpress\/alle-nove-oggi-come-ieri-di-e-con-silvia-baldo\/\"><span style=\"color: #3366ff;\">CLICCA QUI<\/span><\/a><\/h2>\n<p>&nbsp;<\/p>\n<hr \/>\n<p>&nbsp;<\/p>\n<h2><span style=\"color: #33cccc;\">PERITI MINERARI DALL\u2019AGORDINO AL MONDO<\/span><\/h2>\n<p>racconti dei periti minerari agordini che hanno lavorato nel mondo, ogni luned\u00ec alle 10:30 e alle 19 su Radio Pi\u00f9.<\/p>\n<p><iframe loading=\"lazy\" title=\"GIACOMO &quot;GIANNI&quot; GATTA\" width=\"1200\" height=\"675\" src=\"https:\/\/www.youtube.com\/embed\/HR1kEc5C6Js?feature=oembed\" frameborder=\"0\" allow=\"accelerometer; autoplay; clipboard-write; encrypted-media; gyroscope; picture-in-picture; web-share\" referrerpolicy=\"strict-origin-when-cross-origin\" allowfullscreen><\/iframe><\/p>\n<p>&nbsp;<\/p>\n<h2><strong>LA RACCOLTA COMPLETA <a href=\"https:\/\/www.radiopiu.net\/wordpress\/periti-minerari-dallagordino-al-mondo\/\"><span style=\"color: #0000ff;\">CLICCA QUI<\/span><\/a><\/strong><a href=\"https:\/\/www.radiopiu.net\/wordpress\/periti-minerari-dallagordino-al-mondo\/\"><span style=\"color: #0000ff;\">\u00a0<\/span><\/a><\/h2>\n<p>&nbsp;<\/p>\n<hr \/>\n<p>&nbsp;<\/p>\n<h2><span style=\"color: #00ccff;\">SALUTE E SOCIETA&#8217;<\/span><\/h2>\n<p><a class=\"dt-pswp-item\" href=\"https:\/\/www.radiopiu.net\/wordpress\/wp-content\/uploads\/2024\/05\/14d59cca-8b64-ef96-c31b-1fcd5647fb1d.jpg\" data-dt-img-description=\"Psoriasis Vulgaris, skin patches are typically red, itchy, and scaly. Papules of chronic psoriasis vulgaris on male hand, back and body. Genetic immune disease. Detail of psoriatic skin disease\" data-large_image_width=\"800\" data-large_image_height=\"445\"><img loading=\"lazy\" decoding=\"async\" class=\"wp-image-389825 alignleft\" src=\"https:\/\/www.radiopiu.net\/wordpress\/wp-content\/uploads\/2024\/05\/14d59cca-8b64-ef96-c31b-1fcd5647fb1d-300x167.jpg\" alt=\"\" width=\"171\" height=\"95\" srcset=\"https:\/\/www.radiopiu.net\/wordpress\/wp-content\/uploads\/2024\/05\/14d59cca-8b64-ef96-c31b-1fcd5647fb1d-300x167.jpg 300w, https:\/\/www.radiopiu.net\/wordpress\/wp-content\/uploads\/2024\/05\/14d59cca-8b64-ef96-c31b-1fcd5647fb1d-768x427.jpg 768w, https:\/\/www.radiopiu.net\/wordpress\/wp-content\/uploads\/2024\/05\/14d59cca-8b64-ef96-c31b-1fcd5647fb1d.jpg 800w\" sizes=\"auto, (max-width: 171px) 100vw, 171px\" \/><\/a><strong>PUNTATA DEL 13 MAGGIO 2024<\/strong><\/p>\n<p><strong>Psoriasi, la tecnonologia PAD <\/strong>Oggi sono disponibili sul mercato diverse formulazioni per il trattamento topico della psoriasi caratterizzate da differenti veicoli. La tecnologia Pad permette, per la prima volta ai due principi attivi calcipotriolo\/betametasone di coesistere in maniera stabile in ambiente acquoso.<\/p>\n<audio class=\"wp-audio-shortcode\" id=\"audio-389731-11\" preload=\"none\" style=\"width: 100%;\" controls=\"controls\"><source type=\"audio\/mpeg\" src=\"https:\/\/www.radiopiu.net\/wordpress\/wp-content\/uploads\/2024\/05\/SALUTE-1.mp3?_=11\" \/><a href=\"https:\/\/www.radiopiu.net\/wordpress\/wp-content\/uploads\/2024\/05\/SALUTE-1.mp3\">https:\/\/www.radiopiu.net\/wordpress\/wp-content\/uploads\/2024\/05\/SALUTE-1.mp3<\/a><\/audio>\n<p>&nbsp;<\/p>\n<hr \/>\n<p>&nbsp;<\/p>\n<h2><span style=\"color: #993300;\">CIAK SI GIRA, IL PROGRAMMA DI PAOLA LANCIATO<\/span><\/h2>\n<p><strong><a class=\"dt-pswp-item\" href=\"https:\/\/www.radiopiu.net\/wordpress\/wp-content\/uploads\/2024\/05\/GEISHA.jpg\" data-dt-img-description=\"\" data-large_image_width=\"500\" data-large_image_height=\"739\"><img loading=\"lazy\" decoding=\"async\" class=\" wp-image-389893 alignleft\" src=\"https:\/\/www.radiopiu.net\/wordpress\/wp-content\/uploads\/2024\/05\/GEISHA-203x300.jpg\" alt=\"\" width=\"97\" height=\"143\" srcset=\"https:\/\/www.radiopiu.net\/wordpress\/wp-content\/uploads\/2024\/05\/GEISHA-203x300.jpg 203w, https:\/\/www.radiopiu.net\/wordpress\/wp-content\/uploads\/2024\/05\/GEISHA.jpg 500w\" sizes=\"auto, (max-width: 97px) 100vw, 97px\" \/><\/a>13 MAGGIO MEMORIA DI UNA GEISHA<\/strong><\/p>\n<audio class=\"wp-audio-shortcode\" id=\"audio-389731-12\" preload=\"none\" style=\"width: 100%;\" controls=\"controls\"><source type=\"audio\/mpeg\" src=\"https:\/\/www.radiopiu.net\/wordpress\/wp-content\/uploads\/2024\/05\/CIAK1.mp3?_=12\" \/><a href=\"https:\/\/www.radiopiu.net\/wordpress\/wp-content\/uploads\/2024\/05\/CIAK1.mp3\">https:\/\/www.radiopiu.net\/wordpress\/wp-content\/uploads\/2024\/05\/CIAK1.mp3<\/a><\/audio>\n<p>&nbsp;<\/p>\n<h2>LA RACCOLTA COMPLETA <a href=\"https:\/\/www.radiopiu.net\/wordpress\/ciak24\/\"><span style=\"color: #3366ff;\">CLICCA QUI<\/span><\/a><\/h2>\n<p>&nbsp;<\/p>\n<hr \/>\n<p>&nbsp;<\/p>\n<h2><span style=\"color: #800080;\">CINE HITS, ALLA SCOPERTA DELLE COLONNE SONORE<\/span><\/h2>\n<p><strong><a class=\"dt-pswp-item\" href=\"https:\/\/www.radiopiu.net\/wordpress\/wp-content\/uploads\/2024\/05\/LA-FEBBRE.jpg\" data-dt-img-description=\"\" data-large_image_width=\"420\" data-large_image_height=\"614\"><img loading=\"lazy\" decoding=\"async\" class=\" wp-image-389890 alignleft\" src=\"https:\/\/www.radiopiu.net\/wordpress\/wp-content\/uploads\/2024\/05\/LA-FEBBRE-205x300.jpg\" alt=\"\" width=\"97\" height=\"142\" srcset=\"https:\/\/www.radiopiu.net\/wordpress\/wp-content\/uploads\/2024\/05\/LA-FEBBRE-205x300.jpg 205w, https:\/\/www.radiopiu.net\/wordpress\/wp-content\/uploads\/2024\/05\/LA-FEBBRE.jpg 420w\" sizes=\"auto, (max-width: 97px) 100vw, 97px\" \/><\/a>13 MAGGIO &#8211; LA FEBBRE DEL SABATO SERA<\/strong><\/p>\n<audio class=\"wp-audio-shortcode\" id=\"audio-389731-13\" preload=\"none\" style=\"width: 100%;\" controls=\"controls\"><source type=\"audio\/mpeg\" src=\"https:\/\/www.radiopiu.net\/wordpress\/wp-content\/uploads\/2024\/05\/CINE1.mp3?_=13\" \/><a href=\"https:\/\/www.radiopiu.net\/wordpress\/wp-content\/uploads\/2024\/05\/CINE1.mp3\">https:\/\/www.radiopiu.net\/wordpress\/wp-content\/uploads\/2024\/05\/CINE1.mp3<\/a><\/audio>\n<p>&nbsp;<\/p>\n<h2>LA RACCOLTA COMPLETA <a href=\"https:\/\/www.radiopiu.net\/wordpress\/cine-hits-alla-scoperta-delle-colonne-sonore-la-raccolta\/\"><span style=\"color: #3366ff;\">CLICCA QUI<\/span><\/a><\/h2>\n<p>&nbsp;<\/p>\n<hr \/>\n<p>&nbsp;<\/p>\n<h2><span style=\"color: #008080;\">I RACCONTI DI PAOLO SOPPELSA<\/span><\/h2>\n<p><strong>UOMINI E MONTAGNE<\/strong><\/p>\n<p><strong>AUDIO<\/strong><\/p>\n<audio class=\"wp-audio-shortcode\" id=\"audio-389731-14\" preload=\"none\" style=\"width: 100%;\" controls=\"controls\"><source type=\"audio\/mpeg\" src=\"https:\/\/www.radiopiu.net\/wordpress\/wp-content\/uploads\/2024\/05\/PAOLOS-1.mp3?_=14\" \/><a href=\"https:\/\/www.radiopiu.net\/wordpress\/wp-content\/uploads\/2024\/05\/PAOLOS-1.mp3\">https:\/\/www.radiopiu.net\/wordpress\/wp-content\/uploads\/2024\/05\/PAOLOS-1.mp3<\/a><\/audio>\n<p>&nbsp;<\/p>\n<p><a class=\"dt-pswp-item\" href=\"https:\/\/www.radiopiu.net\/wordpress\/wp-content\/uploads\/2024\/05\/764bbc24-9ee3-49b9-94d8-1642102b6352.jpg\" data-dt-img-description=\"\" data-large_image_width=\"1080\" data-large_image_height=\"810\"><img loading=\"lazy\" decoding=\"async\" class=\" wp-image-389651 alignleft\" src=\"https:\/\/www.radiopiu.net\/wordpress\/wp-content\/uploads\/2024\/05\/764bbc24-9ee3-49b9-94d8-1642102b6352-300x225.jpg\" alt=\"\" width=\"155\" height=\"116\" srcset=\"https:\/\/www.radiopiu.net\/wordpress\/wp-content\/uploads\/2024\/05\/764bbc24-9ee3-49b9-94d8-1642102b6352-300x225.jpg 300w, https:\/\/www.radiopiu.net\/wordpress\/wp-content\/uploads\/2024\/05\/764bbc24-9ee3-49b9-94d8-1642102b6352-1024x768.jpg 1024w, https:\/\/www.radiopiu.net\/wordpress\/wp-content\/uploads\/2024\/05\/764bbc24-9ee3-49b9-94d8-1642102b6352-768x576.jpg 768w, https:\/\/www.radiopiu.net\/wordpress\/wp-content\/uploads\/2024\/05\/764bbc24-9ee3-49b9-94d8-1642102b6352.jpg 1080w\" sizes=\"auto, (max-width: 155px) 100vw, 155px\" \/><\/a>Mostravano visi duri, solcati da rughe profonde come i canaloni del Pelsa, e l\u2019avevano scolpita nell&#8217;anima quella terra di montagna che li aveva visti nascere e vivere, e che un giorno li avrebbe accolti per sempre. Sentivano nelle ossa il freddo di quegli inverni che iniziavano gi\u00e0 a novembre e le loro mani robuste raccontavano i mille lavori che li impegnavano durante le quattro stagioni. La vivevano nel profondo quella montagna che offriva loro da vivere ma che pretendeva dure fatiche per essere vissuta. Qualcuno se n&#8217;era andato da lass\u00f9, portandosi appresso una valigia di cartone e ricordi che ogni sera ritornavano puntuali. Bastava chiudere gli occhi per rivederle quelle montagne che ora distavano centinaia di chilometri di terra e talvolta pure di mare. In quegli attimi ritornavano le cime imbiancate dalla prima neve di fine ottobre, i nomi in dialetto delle valli e delle persone e pure quella nostalgia che li avrebbe accompagnati per sempre. Chi era rimasto, invece, portava impresse nel corpo e nell&#8217;anima le fatiche provate l\u00ec dove i paesi sono aggrappati ai pendii e dove le estati sono lunghe poco pi\u00f9 di un respiro. Conoscevano tutto di quella terra che rappresentava la loro stessa vita e sapevano leggere il cielo racchiuso fra i monti che si innalzano verticali dal fondovalle. Erano maestri nell\u2019interpretare quelle nuvole capaci di portare neve e, a luglio, qualche temporale buono per bagnare quell&#8217;erba falciata che si stava trasformando in fieno. Dal fondovalle, dove scorrevano fresche e talvolta impetuose acque di torrente, fino s\u00f9 alla quota degli ultimi larici, tutto era buono per ricavare da vivere. Pi\u00f9 in alto, dove l&#8217;erba lasciava spazio alla roccia, non era pi\u00f9 affare loro. Quello era il regno dei cacciatori di camosci, uomini che conoscevano ogni palmo di quei terreni severi, capaci di muoversi sull&#8217;orlo di smisurati dirupi e di leggere le tracce del re delle crode. A quelle donne e a quegli uomini che avevano deciso di rimanere non servivano le rocce che sfioravano il cielo, a loro occorrevano i boschi, i prati e la terra dei campi. Era necessaria quella montagna di mezzo, quella meno appariscente ma pi\u00f9 preziosa. Era quello il loro mondo, un mondo fatto di prati da falciare, di campi buoni per le patate e fagioli, di erba d&#8217;alta quota buona per soddisfare l&#8217;appetito delle vacche che trascorrevano l&#8217;estate nelle malghe; ed era sempre lass\u00f9 sui pascoli alti, dove battevano i fulmini e a giugno spuntavano i rododendri e dove terminava la montagna utile, che cresceva l&#8217;arnica, quella che messa sotto spirito, guariva le botte e leniva i dolori. Ogni palmo di quei terreni sempre in pendenza era curato e sfruttato con la sapienza tramandata di generazione in generazione; un sapere antico, che li rendeva custodi di un territorio difficile e avaro ma che garantiva loro la sopravvivenza. Erano uomini aggrappati a quelle montagne che oggi custodiscono storie e memorie di un tempo ormai lontano.<\/p>\n<p>&nbsp;<\/p>\n<hr \/>\n<p>&nbsp;<\/p>\n<h2><span style=\"color: #ff0000;\"><a class=\"dt-pswp-item\" href=\"https:\/\/www.radiopiu.net\/wordpress\/wp-content\/uploads\/2018\/09\/appuntamenti.jpeg\" data-dt-img-description=\"\" data-large_image_width=\"800\" data-large_image_height=\"100\"><img loading=\"lazy\" decoding=\"async\" class=\"wp-image-61958 size-full aligncenter\" src=\"https:\/\/www.radiopiu.net\/wordpress\/wp-content\/uploads\/2018\/09\/appuntamenti.jpeg\" alt=\"\" width=\"800\" height=\"100\" srcset=\"https:\/\/www.radiopiu.net\/wordpress\/wp-content\/uploads\/2018\/09\/appuntamenti.jpeg 800w, https:\/\/www.radiopiu.net\/wordpress\/wp-content\/uploads\/2018\/09\/appuntamenti-300x38.jpeg 300w, https:\/\/www.radiopiu.net\/wordpress\/wp-content\/uploads\/2018\/09\/appuntamenti-768x96.jpeg 768w\" sizes=\"auto, (max-width: 800px) 100vw, 800px\" \/><\/a><\/span><\/h2>\n<div>\n<div class=\"\" dir=\"auto\">\n<div id=\":r9h:\" class=\"x1iorvi4 x1pi30zi x1l90r2v x1swvt13\" data-ad-comet-preview=\"message\" data-ad-preview=\"message\">\n<p>&nbsp;<\/p>\n<p>&nbsp;<\/p>\n<div class=\"x78zum5 xdt5ytf xz62fqu x16ldp7u\">\n<div class=\"xu06os2 x1ok221b\">\n\n\t\t\t<style type='text\/css'>\n\t\t\t\t#gallery-4 {\n\t\t\t\t\tmargin: auto;\n\t\t\t\t}\n\t\t\t\t#gallery-4 .gallery-item {\n\t\t\t\t\tfloat: left;\n\t\t\t\t\tmargin-top: 10px;\n\t\t\t\t\ttext-align: center;\n\t\t\t\t\twidth: 50%;\n\t\t\t\t}\n\t\t\t\t#gallery-4 img {\n\t\t\t\t\tborder: 2px solid #cfcfcf;\n\t\t\t\t}\n\t\t\t\t#gallery-4 .gallery-caption {\n\t\t\t\t\tmargin-left: 0;\n\t\t\t\t}\n\t\t\t\t\/* see gallery_shortcode() in wp-includes\/media.php *\/\n\t\t\t<\/style>\n\t\t<div id='gallery-4' class='dt-gallery-container gallery galleryid-389731 gallery-columns-2 gallery-size-thumbnail'><dl class='gallery-item'>\n\t\t\t\t<dt class='gallery-icon portrait'>\n\t\t\t\t\t<a class=\"rollover rollover-zoom dt-pswp-item\" title=\"437146738_2577149032445332_1917642300626249383_n\" data-dt-img-description=\"\" data-large_image_width=\"509\" data-large_image_height=\"720\"href='https:\/\/www.radiopiu.net\/wordpress\/wp-content\/uploads\/2024\/04\/437146738_2577149032445332_1917642300626249383_n.jpg'><img loading=\"lazy\" decoding=\"async\" width=\"150\" height=\"150\" src=\"https:\/\/www.radiopiu.net\/wordpress\/wp-content\/uploads\/2024\/04\/437146738_2577149032445332_1917642300626249383_n-150x150.jpg\" class=\"attachment-thumbnail size-thumbnail\" alt=\"\" aria-describedby=\"gallery-4-387164\" \/><\/a>\n\t\t\t\t<\/dt>\n\t\t\t\t\t<dd class='wp-caption-text gallery-caption' id='gallery-4-387164'>\n\t\t\t\t\tDA VENERDI 3 MAGGIO VIA AL MAGGIO AGORDINO CON I PERITI MINERARI\n\t\t\t\t\t<\/dd><\/dl><dl class='gallery-item'>\n\t\t\t\t<dt class='gallery-icon portrait'>\n\t\t\t\t\t<a class=\"rollover rollover-zoom dt-pswp-item\" title=\"532d59c3-32a5-4ff5-9d92-ef84dc9468ea\" data-dt-img-description=\"\" data-large_image_width=\"1080\" data-large_image_height=\"1526\"href='https:\/\/www.radiopiu.net\/wordpress\/wp-content\/uploads\/2024\/05\/532d59c3-32a5-4ff5-9d92-ef84dc9468ea.jpg'><img loading=\"lazy\" decoding=\"async\" width=\"150\" height=\"150\" src=\"https:\/\/www.radiopiu.net\/wordpress\/wp-content\/uploads\/2024\/05\/532d59c3-32a5-4ff5-9d92-ef84dc9468ea-150x150.jpg\" class=\"attachment-thumbnail size-thumbnail\" alt=\"\" aria-describedby=\"gallery-4-388210\" \/><\/a>\n\t\t\t\t<\/dt>\n\t\t\t\t\t<dd class='wp-caption-text gallery-caption' id='gallery-4-388210'>\n\t\t\t\t\tTORNEO DEI FRAZIONISTI, LA FESTAS SUL BROI\n\t\t\t\t\t<\/dd><\/dl><br style=\"clear: both\" \/>\n\t\t\t<\/div>\n\n<p><strong>BELLUNO<\/strong> Gioved\u00ec alle 20.30,\u00a0 alla sala parrocchiale di Cavarzano (Belluno), l\u2019Isbrec organizza la conferenza \u201cIl battaglione Palman e la Resistenza nell\u2019Oltrardo\u201d. La serata sar\u00e0 introdotta da Mila Dal Magro e vedr\u00e0 l\u2019intervento di Adriana Lotto (Isbrec).<\/p>\n<p><strong>AGORDO <\/strong>Continua la serie di incontri di presentazione del libro Il coraggio e la passione. Partigiani e patrioti riconosciuti nel Bellunese e militari bellunesi riconosciuti partigiani all\u2019estero (Isbrec, 2023) a cura di Franco Comin e Silvia Comin con la direzione scientifica di Enrico Bacchetti, Diego Cason, Adriana Lotto. Il volume, che sta riscuotendo un lusinghiero successo, sar\u00e0 presentato venerd\u00ec 17 maggio, alle 17,30 aD Agordo, alla Biblioteca civica.<\/p>\n<\/div>\n<\/div>\n<\/div>\n<\/div>\n<\/div>\n<p><strong>AGORDO<\/strong> MAGGIO AGORDINO, CONOSCERE IL TERRITORIO, CON L&#8217;ASSOCIAZIONE PERITI MINERARI DI AGORDO QUATTRO APPUNTAMENTI, PER QUATTRO VENERDI ALLE 20.30 IN SALA DON TAMIS, AD AGORDO, CON INGRESSO LIBERO A TUTTI\u00a0 \u00a0VENERDI 17 MAGGIO LA METEOLOROGIA ALPINA, UN UNIVERSO SFACETTATO QUANTO LA MONTAGNA STESSA con il dottor Robert Thierry Luciani VENERDI 24 MAGGIO ENERGIA E AMBIENTE DI MONTAGNA con l&#8217;ingegner Adriano Luchetta MAGGIO AGORDINO&#8230; CON L&#8217;APIM, I VENERDI DI SERA IN SALA DON TAMIS<\/p>\n<p><strong>SOSPIROLO <\/strong>Gioved\u00ec 16 maggio 2024 ore 20.30 al Centro civico di Sospirolo si terr\u00e0 la presentazione del libro &#8220;La scacchiera sotto il calicanto&#8221; di Giovanni Lorusso. La presentazione \u00e8 curata da Federico Brancaleone, Lucia Mezzacasa legge alcuni brani tratti dai racconti mentre tre attori della compagnia TeatroBis proporranno un racconto teatralizzato. La serata, ad ingresso libero, \u00e8 promossa dalla Pro Loco Monti del Sole e gode del patrocinio del Comune di Sospirolo.<\/p>\n<p><strong>BELLUNO<\/strong> Le sfide globali come il cambiamento climatico, le pandemie e la perdita di biodiversit\u00e0 richiedono una revisione del nostro rapporto con la natura. La Delegazione FAI di Belluno e il Gruppo FAI di Feltre organizzano una &#8220;Camminata nella Biodiversit\u00e0&#8221; sui monti di Lentiai il 18 maggio, per sensibilizzare sull&#8217;importanza della salvaguardia ambientale.<\/p>\n<p><strong>BELLUNO <\/strong>Visita guidata a Palazzo Fulcis sabato alle 15.30 IN occasione della Giornata Internazionale dei musei e tutto il giorno di domenica a Villa Miari Fulcis con le visite coordinate da Veneto Segreto.<\/p>\n<p>&nbsp;<\/p>\n<h2><span style=\"color: #ff0000;\">PROSSIMAMENTE<\/span><\/h2>\n<p><strong>FELTRE\u00a0<\/strong>Sabato 25 maggio alle 21 al Centro Astronomico di Arson a Feltre un incontro con l&#8217;astronomico Giuliano Vanin per parlare degli asteroidi killer<\/p>\n<p>&nbsp;<\/p>\n<hr \/>\n<p>&nbsp;<\/p>\n<p><a class=\"dt-pswp-item\" href=\"https:\/\/www.radiopiu.net\/wordpress\/wp-content\/uploads\/2018\/09\/viabilita.jpeg\" data-dt-img-description=\"\" data-large_image_width=\"800\" data-large_image_height=\"100\"><img loading=\"lazy\" decoding=\"async\" class=\"aligncenter wp-image-61954 size-full\" src=\"https:\/\/www.radiopiu.net\/wordpress\/wp-content\/uploads\/2018\/09\/viabilita.jpeg\" alt=\"\" width=\"800\" height=\"100\" srcset=\"https:\/\/www.radiopiu.net\/wordpress\/wp-content\/uploads\/2018\/09\/viabilita.jpeg 800w, https:\/\/www.radiopiu.net\/wordpress\/wp-content\/uploads\/2018\/09\/viabilita-300x38.jpeg 300w, https:\/\/www.radiopiu.net\/wordpress\/wp-content\/uploads\/2018\/09\/viabilita-768x96.jpeg 768w\" sizes=\"auto, (max-width: 800px) 100vw, 800px\" \/><\/a><\/p>\n<p>&nbsp;<\/p>\n<p><a class=\"dt-pswp-item\" href=\"https:\/\/www.radiopiu.net\/wordpress\/wp-content\/uploads\/2023\/12\/botol-car-service.jpg\" data-dt-img-description=\"\" data-large_image_width=\"600\" data-large_image_height=\"600\"><img loading=\"lazy\" decoding=\"async\" class=\"size-medium wp-image-367044 aligncenter\" src=\"https:\/\/www.radiopiu.net\/wordpress\/wp-content\/uploads\/2023\/12\/botol-car-service-300x300.jpg\" alt=\"\" width=\"300\" height=\"300\" srcset=\"https:\/\/www.radiopiu.net\/wordpress\/wp-content\/uploads\/2023\/12\/botol-car-service-300x300.jpg 300w, https:\/\/www.radiopiu.net\/wordpress\/wp-content\/uploads\/2023\/12\/botol-car-service-150x150.jpg 150w, https:\/\/www.radiopiu.net\/wordpress\/wp-content\/uploads\/2023\/12\/botol-car-service.jpg 600w\" sizes=\"auto, (max-width: 300px) 100vw, 300px\" \/><\/a><\/p>\n<p>&nbsp;<\/p>\n<p>&nbsp;<\/p>\n<h1>BOLLETTINO QUOTIDIANO, CLICCA QUI<\/h1>\n<blockquote class=\"wp-embedded-content\" data-secret=\"v5YdwjljL6\"><p><a href=\"https:\/\/www.radiopiu.net\/wordpress\/viabilita\/\">viabilita<\/a><\/p><\/blockquote>\n<p><iframe loading=\"lazy\" class=\"wp-embedded-content\" sandbox=\"allow-scripts\" security=\"restricted\" style=\"position: absolute; clip: rect(1px, 1px, 1px, 1px);\" title=\"&#8220;viabilita&#8221; &#8212; Radio Pi\u00f9\" src=\"https:\/\/www.radiopiu.net\/wordpress\/viabilita\/embed\/#?secret=6j4XTDgygE#?secret=v5YdwjljL6\" data-secret=\"v5YdwjljL6\" width=\"600\" height=\"338\" frameborder=\"0\" marginwidth=\"0\" marginheight=\"0\" scrolling=\"no\"><\/iframe><\/p>\n<p>&nbsp;<\/p>\n<p>&nbsp;<\/p>\n<p>&nbsp;<\/p>\n<hr \/>\n<p>&nbsp;<\/p>\n<p><a class=\"dt-pswp-item\" href=\"https:\/\/www.radiopiu.net\/wordpress\/wp-content\/uploads\/2018\/09\/WhatsApp-Image-2018-09-20-at-16.04.06.jpeg\" data-dt-img-description=\"\" data-large_image_width=\"800\" data-large_image_height=\"100\"><img loading=\"lazy\" decoding=\"async\" class=\"wp-image-61378 size-full aligncenter\" src=\"https:\/\/www.radiopiu.net\/wordpress\/wp-content\/uploads\/2018\/09\/WhatsApp-Image-2018-09-20-at-16.04.06.jpeg\" alt=\"\" width=\"800\" height=\"100\" srcset=\"https:\/\/www.radiopiu.net\/wordpress\/wp-content\/uploads\/2018\/09\/WhatsApp-Image-2018-09-20-at-16.04.06.jpeg 800w, https:\/\/www.radiopiu.net\/wordpress\/wp-content\/uploads\/2018\/09\/WhatsApp-Image-2018-09-20-at-16.04.06-300x38.jpeg 300w, https:\/\/www.radiopiu.net\/wordpress\/wp-content\/uploads\/2018\/09\/WhatsApp-Image-2018-09-20-at-16.04.06-768x96.jpeg 768w\" sizes=\"auto, (max-width: 800px) 100vw, 800px\" \/><\/a><\/p>\n<p><center><\/center><center><\/center><center><\/center><center><\/center><center><\/center><center><\/center>&nbsp;<\/p>\n<p><center><\/center><center><\/center><center><\/center><center><\/center><center><b>OGGI<\/b><\/center>Cielo nuvoloso, con frequenti addensamenti e qualche schiarita a tratti.<br \/>\n<b>Precipitazioni: <\/b>Fenomeni da sparsi a diffusi pi\u00f9 probabili e un po&#8217; pi\u00f9 significativi nelle ore pomeridiane, ma possibili anche in altre parti della giornata; previsto, tra l&#8217;altro, qualche rovescio o locale temporale specie sulle Prealpi<br \/>\n<b>Temperature: <\/b>Contenute variazioni di carattere locale<\/p>\n<hr \/>\n<p><center><b>DOMANI<\/b><\/center>Tempo perturbato, con cielo generalmente coperto.<br \/>\n<b>Precipitazioni: <\/b>Fenomeni a tratti sparsi e pi\u00f9 spesso diffusi, con rovesci nonch\u00e8 qualche temporale specie sulle Prealpi; quantitativi almeno localmente consistenti in particolare su Prealpi e Dolomiti meridionali, anche per una maggiore insistenza<br \/>\n<b>Temperature: <\/b>Prevale una lieve diminuzione<\/p>\n<hr \/>\n<p><center><b>GIOVEDI<\/b><\/center>Cielo perlopi\u00f9 coperto; precipitazioni diffuse, anche a carattere di rovescio o temporale; graduale moderato rialzo delle temperature, specie in quota.<\/p>\n<hr \/>\n<p><center><b>VENERDI<\/b><\/center>Cielo da molto nuvoloso a irregolarmente nuvoloso, con delle schiarite specie verso fine giornata; precipitazioni sparse, anche a carattere di rovescio o temporale specie sulle Prealpi e fino al pomeriggio,\u00a0 contenute variazioni di carattere locale riguardo ai valori termici.<\/p>\n<p>&nbsp;<\/p>\n<hr \/>\n<p>&nbsp;<\/p>\n<p><img loading=\"lazy\" decoding=\"async\" class=\"wp-image-60761 size-full aligncenter\" src=\"https:\/\/www.radiopiu.net\/wordpress\/wp-content\/uploads\/2018\/09\/sport.jpg\" alt=\"\" width=\"800\" height=\"100\" srcset=\"https:\/\/www.radiopiu.net\/wordpress\/wp-content\/uploads\/2018\/09\/sport.jpg 800w, https:\/\/www.radiopiu.net\/wordpress\/wp-content\/uploads\/2018\/09\/sport-300x38.jpg 300w, https:\/\/www.radiopiu.net\/wordpress\/wp-content\/uploads\/2018\/09\/sport-768x96.jpg 768w\" sizes=\"auto, (max-width: 800px) 100vw, 800px\" \/><\/p>\n<p>&nbsp;<\/p>\n<p><span style=\"color: #0000ff;\"><strong>CALCIO<\/strong><\/span><\/p>\n<blockquote>\n<h3>IL SOTTOCASTELLO VINCE IL CAMPIONATO CSI OPEN<\/h3>\n<\/blockquote>\n<p><strong><a class=\"dt-pswp-item\" href=\"https:\/\/www.radiopiu.net\/wordpress\/wp-content\/uploads\/2024\/05\/Sottocastello-Festeggiamenti-vittoria-CSI-2024-2-scaled.jpg\" data-dt-img-description=\"\" data-large_image_width=\"2560\" data-large_image_height=\"1707\"><img loading=\"lazy\" decoding=\"async\" class=\" wp-image-389859 alignleft\" src=\"https:\/\/www.radiopiu.net\/wordpress\/wp-content\/uploads\/2024\/05\/Sottocastello-Festeggiamenti-vittoria-CSI-2024-2-300x200.jpg\" alt=\"\" width=\"152\" height=\"101\" srcset=\"https:\/\/www.radiopiu.net\/wordpress\/wp-content\/uploads\/2024\/05\/Sottocastello-Festeggiamenti-vittoria-CSI-2024-2-300x200.jpg 300w, https:\/\/www.radiopiu.net\/wordpress\/wp-content\/uploads\/2024\/05\/Sottocastello-Festeggiamenti-vittoria-CSI-2024-2-1024x683.jpg 1024w, https:\/\/www.radiopiu.net\/wordpress\/wp-content\/uploads\/2024\/05\/Sottocastello-Festeggiamenti-vittoria-CSI-2024-2-768x512.jpg 768w, https:\/\/www.radiopiu.net\/wordpress\/wp-content\/uploads\/2024\/05\/Sottocastello-Festeggiamenti-vittoria-CSI-2024-2-1536x1024.jpg 1536w, https:\/\/www.radiopiu.net\/wordpress\/wp-content\/uploads\/2024\/05\/Sottocastello-Festeggiamenti-vittoria-CSI-2024-2-2048x1365.jpg 2048w\" sizes=\"auto, (max-width: 152px) 100vw, 152px\" \/><\/a>BELLUNO <\/strong>In una splendida cornice di pubblico, lo stadio di Puos d\u2019Alpago ha visto la disputa dell\u2019ultimo atto dei tornei Open 2023-2024 proposti dai comitati di Belluno e di Feltre del Centro sportivo italiano. A cura della societ\u00e0 Cantine Riunite, a Puos si sono disputate la finale del Campionato e la finale della Coppa. Nella finale del Campionato si sono affrontate il Sottocastello e l\u2019Us Chies. A vincere, dopo i calci di rigore, sono stati i cadorini del Sottocastello. I tempi regolamentari erano finiti sul punteggio di 1-1. La finale della Coppa ha visto la vittoria del San Vittore, impostosi per 1-0 sul Sovramonte.<\/p>\n<p>&nbsp;<\/p>\n<p><span style=\"color: #0000ff;\"><strong>NUOTO<\/strong><\/span><\/p>\n<blockquote>\n<h3>LA SPORTIVAMENTE BELLUNO TORNA DA INNSBRUCK CON UN SECONO POSTO<\/h3>\n<\/blockquote>\n<p><strong><a class=\"dt-pswp-item\" href=\"https:\/\/www.radiopiu.net\/wordpress\/wp-content\/uploads\/2024\/05\/Meeting_di_Innsbruck.jpg\" data-dt-img-description=\"\" data-large_image_width=\"640\" data-large_image_height=\"560\"><img loading=\"lazy\" decoding=\"async\" class=\" wp-image-389864 alignleft\" src=\"https:\/\/www.radiopiu.net\/wordpress\/wp-content\/uploads\/2024\/05\/Meeting_di_Innsbruck-300x263.jpg\" alt=\"\" width=\"130\" height=\"114\" srcset=\"https:\/\/www.radiopiu.net\/wordpress\/wp-content\/uploads\/2024\/05\/Meeting_di_Innsbruck-300x263.jpg 300w, https:\/\/www.radiopiu.net\/wordpress\/wp-content\/uploads\/2024\/05\/Meeting_di_Innsbruck.jpg 640w\" sizes=\"auto, (max-width: 130px) 100vw, 130px\" \/><\/a>BELLUNO <\/strong>La Sportivamente Belluno torna trionfante dal 10. Innsbruck Swim Meeting in Austria con 96 medaglie e il secondo posto in classifica. I 44 atleti bellunesi, nati tra il 2006 e il 2014, hanno brillato, segnando primati personali e ottenendo 3 pass per i campionati italiani estivi. Il meeting si \u00e8 svolto al Freibad Tivoli, con un clima perfetto. Numerose medaglie sono state conquistate da vari atleti, tra cui Elisa Petten\u00f2, Filippo Monestier, Mattia Brianti e altri. Momento culminante \u00e8 stata la finale australiana nei 50 stile, con Petten\u00f2 quinta, Simon terza e Monestier secondo, emozionando tutti.<\/p>\n<p>&nbsp;<\/p>\n<blockquote>\n<h3>Successi e soddisfazioni per gli atleti di &#8220;Attivamente Agordino&#8221; nell&#8217;ultima giornata di gare di nuoto per esordienti<\/h3>\n<\/blockquote>\n<div class=\"flex flex-grow flex-col max-w-full\">\n<div class=\"min-h-[20px] text-message flex flex-col items-start whitespace-pre-wrap break-words [.text-message+&amp;]:mt-5 juice:w-full juice:items-end overflow-x-auto gap-3\" dir=\"auto\" data-message-author-role=\"assistant\" data-message-id=\"8a343e90-fdd8-4e2b-9d88-60934d5118ac\">\n<div class=\"markdown prose w-full break-words dark:prose-invert dark\">\n<p><em><strong><a class=\"dt-pswp-item\" href=\"https:\/\/www.radiopiu.net\/wordpress\/wp-content\/uploads\/2024\/05\/ae198da8-1376-46ec-b23b-4d84ae25506d.jpg\" data-dt-img-description=\"\" data-large_image_width=\"1600\" data-large_image_height=\"900\"><img loading=\"lazy\" decoding=\"async\" class=\"size-medium wp-image-389836 alignleft\" src=\"https:\/\/www.radiopiu.net\/wordpress\/wp-content\/uploads\/2024\/05\/ae198da8-1376-46ec-b23b-4d84ae25506d-300x169.jpg\" alt=\"\" width=\"300\" height=\"169\" srcset=\"https:\/\/www.radiopiu.net\/wordpress\/wp-content\/uploads\/2024\/05\/ae198da8-1376-46ec-b23b-4d84ae25506d-300x169.jpg 300w, https:\/\/www.radiopiu.net\/wordpress\/wp-content\/uploads\/2024\/05\/ae198da8-1376-46ec-b23b-4d84ae25506d-1024x576.jpg 1024w, https:\/\/www.radiopiu.net\/wordpress\/wp-content\/uploads\/2024\/05\/ae198da8-1376-46ec-b23b-4d84ae25506d-768x432.jpg 768w, https:\/\/www.radiopiu.net\/wordpress\/wp-content\/uploads\/2024\/05\/ae198da8-1376-46ec-b23b-4d84ae25506d-1536x864.jpg 1536w, https:\/\/www.radiopiu.net\/wordpress\/wp-content\/uploads\/2024\/05\/ae198da8-1376-46ec-b23b-4d84ae25506d.jpg 1600w\" sizes=\"auto, (max-width: 300px) 100vw, 300px\" \/><\/a><\/strong><\/em><strong>AGORDO <\/strong>Gli atleti della societ\u00e0 &#8220;Attivamente Agordino&#8221; hanno concluso le gare di nuoto per esordienti a Vittorio Veneto. Emma Latti si \u00e8 distinta nei 50 dorso, Alice Latti ha ottenuto il sesto posto e Selena Ceccon il settimo tra le ragazze, mentre Erik De Nardin \u00e8 arrivato quarto tra i ragazzi. Successivamente, Domenica 12 maggio, hanno partecipato al concentramento Belluno Treviso. Emma ha ottenuto il sesto posto nei 50 dorso, mentre Sebastiano Migotto \u00e8 arrivato ottavo nei ragazzi. Nei 100 misti, Alice Latti \u00e8 sesta e Emma decima tra le ragazze; tra i ragazzi, Alessandro Buxaj \u00e8 nono, Alex Alchini decimo, Devid Olivier undicesimo e Ilay Bianchi sedicesimo. Nei 100 stile libero, Selena \u00e8 settima, Margot Longaron nona e Azzurra undicesima tra le ragazze, mentre Erik \u00e8 quarto e Sebastiano settimo tra i ragazzi. Nei 200 rana, Alice \u00e8 seconda e Margot sesta tra le ragazze, mentre Alessandro e Alex sono quinto e settimo tra i ragazzi, e Erik \u00e8 sedicesimo. Le staffette hanno ottenuto il terzo posto. Ora proseguono gli allenamenti in attesa di possibili convocazioni per il meeting regionale di giugno.<\/p>\n<\/div>\n<\/div>\n<\/div>\n<div class=\"mt-1 flex gap-3 empty:hidden juice:-ml-3\">\n<div class=\"-ml-1 mt-0 flex h-7 items-center justify-center gap-[2px] self-end text-gray-400 lg:justify-start lg:self-center visible\">\n<div class=\"flex\">\n<div class=\"w-full text-token-text-primary\" dir=\"auto\" data-testid=\"conversation-turn-86\" data-scroll-anchor=\"false\">\n<div class=\"py-2 px-3 text-base md:px-4 m-auto md:px-5 lg:px-1 xl:px-5\">\n<div class=\"mx-auto flex flex-1 gap-3 text-base juice:gap-4 juice:md:gap-6 md:max-w-3xl lg:max-w-[40rem] xl:max-w-[48rem]\">\n<div class=\"relative flex w-full min-w-0 flex-col\">\n<div class=\"flex-col gap-1 md:gap-3\">\n<div class=\"flex flex-grow flex-col max-w-full\">\n<div class=\"min-h-[20px] text-message flex flex-col items-start whitespace-pre-wrap break-words [.text-message+&amp;]:mt-5 juice:w-full juice:items-end overflow-x-auto gap-3\" dir=\"auto\" data-message-author-role=\"user\" data-message-id=\"aaa26f78-548f-4e3b-ad43-cf56fe1d2ca4\">\n<div class=\"relative max-w-[90%]\"><\/div>\n<\/div>\n<\/div>\n<\/div>\n<\/div>\n<\/div>\n<\/div>\n<\/div>\n<\/div>\n<\/div>\n<\/div>\n<p>&nbsp;<\/p>\n<hr \/>\n<p>&nbsp;<\/p>\n<h2><span style=\"color: #33cccc;\">GOODBYE BY BICICLE&#8230;UN VIAGGIO DALL&#8217;INDIA A SEREN DEL GRAPPA IN BICICLETTA<\/span><\/h2>\n<p><span style=\"color: #ff0000;\"><strong>PUNTATA 13 &#8211; LA VISITA A TRE SCUOLE, LA MANUTENZIONE ALLE BICICLETTE E VIA&#8230;VERSO IL NEPAL<\/strong><\/span><\/p>\n<audio class=\"wp-audio-shortcode\" id=\"audio-389731-15\" preload=\"none\" style=\"width: 100%;\" controls=\"controls\"><source type=\"audio\/mpeg\" src=\"https:\/\/www.radiopiu.net\/wordpress\/wp-content\/uploads\/2024\/05\/AIRE-INDIA-PUNTATA-13.mp3?_=15\" \/><a href=\"https:\/\/www.radiopiu.net\/wordpress\/wp-content\/uploads\/2024\/05\/AIRE-INDIA-PUNTATA-13.mp3\">https:\/\/www.radiopiu.net\/wordpress\/wp-content\/uploads\/2024\/05\/AIRE-INDIA-PUNTATA-13.mp3<\/a><\/audio>\n<p>&nbsp;<\/p>\n<p><strong>PER VISITARE I SITI DEI LUOGHI VISITATI, CLICCA SULLE SEGUENTI SCRITTE: <span style=\"color: #3366ff;\"><a href=\"https:\/\/www.instagram.com\/thechildtrust?igsh=bWJxOGM1OGc2NDBy\">THE CHILD TRUST<\/a>\u00a0 \u00a0 <a href=\"https:\/\/www.instagram.com\/laurel_high_theschool?igsh=Z3l2dWJwOGllZjBz\">LAUREL HIGH THE SCHOOL<\/a>\u00a0 \u00a0<a href=\"https:\/\/www.instagram.com\/thebikeshopindia?igsh=bmptY2JtcnZieWEz\">THE BIKE SHOP INDIA<\/a><\/span><\/strong><\/p>\n\n\t\t\t<style type='text\/css'>\n\t\t\t\t#gallery-5 {\n\t\t\t\t\tmargin: auto;\n\t\t\t\t}\n\t\t\t\t#gallery-5 .gallery-item {\n\t\t\t\t\tfloat: left;\n\t\t\t\t\tmargin-top: 10px;\n\t\t\t\t\ttext-align: center;\n\t\t\t\t\twidth: 33%;\n\t\t\t\t}\n\t\t\t\t#gallery-5 img {\n\t\t\t\t\tborder: 2px solid #cfcfcf;\n\t\t\t\t}\n\t\t\t\t#gallery-5 .gallery-caption {\n\t\t\t\t\tmargin-left: 0;\n\t\t\t\t}\n\t\t\t\t\/* see gallery_shortcode() in wp-includes\/media.php *\/\n\t\t\t<\/style>\n\t\t<div id='gallery-5' class='dt-gallery-container gallery galleryid-389731 gallery-columns-3 gallery-size-thumbnail'><dl class='gallery-item'>\n\t\t\t\t<dt class='gallery-icon portrait'>\n\t\t\t\t\t<a class=\"rollover rollover-zoom dt-pswp-item\" title=\"31838e1c-9942-41ac-8e11-7913fb13364b\" data-dt-img-description=\"\" data-large_image_width=\"720\" data-large_image_height=\"1600\"href='https:\/\/www.radiopiu.net\/wordpress\/wp-content\/uploads\/2024\/05\/31838e1c-9942-41ac-8e11-7913fb13364b.jpg'><img loading=\"lazy\" decoding=\"async\" width=\"150\" height=\"150\" src=\"https:\/\/www.radiopiu.net\/wordpress\/wp-content\/uploads\/2024\/05\/31838e1c-9942-41ac-8e11-7913fb13364b-150x150.jpg\" class=\"attachment-thumbnail size-thumbnail\" alt=\"\" \/><\/a>\n\t\t\t\t<\/dt><\/dl><dl class='gallery-item'>\n\t\t\t\t<dt class='gallery-icon portrait'>\n\t\t\t\t\t<a class=\"rollover rollover-zoom dt-pswp-item\" title=\"74a8639f-f7fc-44a1-98bf-dfacaf27077c\" data-dt-img-description=\"\" data-large_image_width=\"900\" data-large_image_height=\"1600\"href='https:\/\/www.radiopiu.net\/wordpress\/wp-content\/uploads\/2024\/05\/74a8639f-f7fc-44a1-98bf-dfacaf27077c.jpg'><img loading=\"lazy\" decoding=\"async\" width=\"150\" height=\"150\" src=\"https:\/\/www.radiopiu.net\/wordpress\/wp-content\/uploads\/2024\/05\/74a8639f-f7fc-44a1-98bf-dfacaf27077c-150x150.jpg\" class=\"attachment-thumbnail size-thumbnail\" alt=\"\" \/><\/a>\n\t\t\t\t<\/dt><\/dl><dl class='gallery-item'>\n\t\t\t\t<dt class='gallery-icon portrait'>\n\t\t\t\t\t<a class=\"rollover rollover-zoom dt-pswp-item\" title=\"ddbf7f5a-e20a-4df9-a350-8993c2785a2a\" data-dt-img-description=\"\" data-large_image_width=\"1200\" data-large_image_height=\"1600\"href='https:\/\/www.radiopiu.net\/wordpress\/wp-content\/uploads\/2024\/05\/ddbf7f5a-e20a-4df9-a350-8993c2785a2a.jpg'><img loading=\"lazy\" decoding=\"async\" width=\"150\" height=\"150\" src=\"https:\/\/www.radiopiu.net\/wordpress\/wp-content\/uploads\/2024\/05\/ddbf7f5a-e20a-4df9-a350-8993c2785a2a-150x150.jpg\" class=\"attachment-thumbnail size-thumbnail\" alt=\"\" \/><\/a>\n\t\t\t\t<\/dt><\/dl><br style=\"clear: both\" \/>\n\t\t\t<\/div>\n\n<p>&nbsp;<\/p>\n<h2>LA RACCOLTA COMPLETA <a href=\"https:\/\/www.radiopiu.net\/wordpress\/goodbye-by-bicicle-un-viaggio-dallindia-a-seren-del-grappa-in-bicicletta-13\/\"><span style=\"color: #3366ff;\">CLICCA QUI<\/span><\/a><\/h2>\n<p>&nbsp;<\/p>\n<p>&nbsp;<\/p>\n<p>&nbsp;<\/p>\n<p>&nbsp;<\/p>\n","protected":false},"excerpt":{"rendered":"<p>***** &nbsp; TERREMOTO: DOPO L&#8217;ALPAGO&#8230; IL VENETO!\u00a0 Ieri sera alle 22.40 scossa di terremoto con epicentro a pescantina, Verona. Scossa di magnitudo 3,6 della scala Richter a una profondit\u00e0 di 25 chilometri. Ne ha dato notizia il Dipartimento di Protezione Civile della Regione del Veneto. \u00a0 &#8220;Alpago sotto scosse: tensione e attenzione per lo sciame&hellip;<\/p>\n","protected":false},"author":4,"featured_media":389910,"comment_status":"closed","ping_status":"closed","sticky":false,"template":"","format":"standard","meta":{"_monsterinsights_skip_tracking":false,"_monsterinsights_sitenote_active":false,"_monsterinsights_sitenote_note":"","_monsterinsights_sitenote_category":0,"footnotes":""},"categories":[51,86,49],"tags":[],"class_list":["post-389731","post","type-post","status-publish","format-standard","has-post-thumbnail","hentry","category-evidenza-top","category-gr","category-news-18","category-51","category-86","category-49","description-off"],"img_url":"https:\/\/www.radiopiu.net\/wordpress\/wp-content\/uploads\/2024\/05\/Senza-nome-31.png","_links":{"self":[{"href":"https:\/\/www.radiopiu.net\/wordpress\/wp-json\/wp\/v2\/posts\/389731","targetHints":{"allow":["GET"]}}],"collection":[{"href":"https:\/\/www.radiopiu.net\/wordpress\/wp-json\/wp\/v2\/posts"}],"about":[{"href":"https:\/\/www.radiopiu.net\/wordpress\/wp-json\/wp\/v2\/types\/post"}],"author":[{"embeddable":true,"href":"https:\/\/www.radiopiu.net\/wordpress\/wp-json\/wp\/v2\/users\/4"}],"replies":[{"embeddable":true,"href":"https:\/\/www.radiopiu.net\/wordpress\/wp-json\/wp\/v2\/comments?post=389731"}],"version-history":[{"count":0,"href":"https:\/\/www.radiopiu.net\/wordpress\/wp-json\/wp\/v2\/posts\/389731\/revisions"}],"wp:featuredmedia":[{"embeddable":true,"href":"https:\/\/www.radiopiu.net\/wordpress\/wp-json\/wp\/v2\/media\/389910"}],"wp:attachment":[{"href":"https:\/\/www.radiopiu.net\/wordpress\/wp-json\/wp\/v2\/media?parent=389731"}],"wp:term":[{"taxonomy":"category","embeddable":true,"href":"https:\/\/www.radiopiu.net\/wordpress\/wp-json\/wp\/v2\/categories?post=389731"},{"taxonomy":"post_tag","embeddable":true,"href":"https:\/\/www.radiopiu.net\/wordpress\/wp-json\/wp\/v2\/tags?post=389731"}],"curies":[{"name":"wp","href":"https:\/\/api.w.org\/{rel}","templated":true}]}}