{"id":389742,"date":"2024-05-12T21:33:11","date_gmt":"2024-05-12T19:33:11","guid":{"rendered":"https:\/\/www.radiopiu.net\/wordpress\/?p=389742"},"modified":"2024-05-13T05:11:11","modified_gmt":"2024-05-13T03:11:11","slug":"taibon-conferma-lo-spirito-di-comunita-con-il-nuovo-parroco-don-andrea-canal","status":"publish","type":"post","link":"https:\/\/www.radiopiu.net\/wordpress\/taibon-conferma-lo-spirito-di-comunita-con-il-nuovo-parroco-don-andrea-canal\/","title":{"rendered":"Taibon conferma lo spirito di comunit\u00e0 con il nuovo parroco Don Andrea Canal"},"content":{"rendered":"<p>***<\/p>\n<p><strong><a class=\"dt-pswp-item\" href=\"https:\/\/www.radiopiu.net\/wordpress\/wp-content\/uploads\/2024\/05\/0ac49b3c-f6ea-4e82-b24f-341d0eb2c49f.jpg\" data-dt-img-description=\"\" data-large_image_width=\"1429\" data-large_image_height=\"2000\"><img loading=\"lazy\" decoding=\"async\" class=\" wp-image-389748 alignleft\" src=\"https:\/\/www.radiopiu.net\/wordpress\/wp-content\/uploads\/2024\/05\/0ac49b3c-f6ea-4e82-b24f-341d0eb2c49f-214x300.jpg\" alt=\"\" width=\"148\" height=\"207\" srcset=\"https:\/\/www.radiopiu.net\/wordpress\/wp-content\/uploads\/2024\/05\/0ac49b3c-f6ea-4e82-b24f-341d0eb2c49f-214x300.jpg 214w, https:\/\/www.radiopiu.net\/wordpress\/wp-content\/uploads\/2024\/05\/0ac49b3c-f6ea-4e82-b24f-341d0eb2c49f-732x1024.jpg 732w, https:\/\/www.radiopiu.net\/wordpress\/wp-content\/uploads\/2024\/05\/0ac49b3c-f6ea-4e82-b24f-341d0eb2c49f-768x1075.jpg 768w, https:\/\/www.radiopiu.net\/wordpress\/wp-content\/uploads\/2024\/05\/0ac49b3c-f6ea-4e82-b24f-341d0eb2c49f-1097x1536.jpg 1097w, https:\/\/www.radiopiu.net\/wordpress\/wp-content\/uploads\/2024\/05\/0ac49b3c-f6ea-4e82-b24f-341d0eb2c49f.jpg 1429w\" sizes=\"auto, (max-width: 148px) 100vw, 148px\" \/><\/a>TAIBON<\/strong>\u00a0 dimostra ancora una volta il suo profondo senso di comunit\u00e0. Questa volta, l&#8217;occasione \u00e8 stata l&#8217;arrivo del nuovo parroco, Don Andrea Canal, che ha celebrato la sua prima messa nella storica parrocchiale del paese. L&#8217;atmosfera all&#8217;interno della chiesa era carica di emozione e speranza mentre i fedeli si riunivano per accogliere il nuovo pastore della loro comunit\u00e0. Le parole di Don Andrea hanno toccato i cuori di coloro presenti, sottolineando l&#8217;importanza della solidariet\u00e0 e della condivisione nel tessuto sociale di Taibon. Durante la celebrazione, molti abitanti del paese hanno espresso il loro entusiasmo per la nomina di Don Andrea, lodando la sua dedizione e il suo impegno nel servire la comunit\u00e0. La sua presenza \u00e8 stata accolta come un segno di speranza rafforzando il legame tra la chiesa e il popolo.\u00a0 \u00c8 stato un momento di gioia e condivisione, un&#8217;occasione per rafforzare i legami tra i membri della comunit\u00e0 e per guardare con fiducia al futuro. In un mondo sempre pi\u00f9 frenetico e individualista, l&#8217;esempio di Taibon e del suo spirito di comunit\u00e0 rappresenta un faro di speranza e un invito a coltivare i valori dell&#8217;amicizia, della solidariet\u00e0 e della condivisione.<\/p>\n<p>&nbsp;<\/p>\n\n\t\t\t<style type='text\/css'>\n\t\t\t\t#gallery-1 {\n\t\t\t\t\tmargin: auto;\n\t\t\t\t}\n\t\t\t\t#gallery-1 .gallery-item {\n\t\t\t\t\tfloat: left;\n\t\t\t\t\tmargin-top: 10px;\n\t\t\t\t\ttext-align: center;\n\t\t\t\t\twidth: 20%;\n\t\t\t\t}\n\t\t\t\t#gallery-1 img {\n\t\t\t\t\tborder: 2px solid #cfcfcf;\n\t\t\t\t}\n\t\t\t\t#gallery-1 .gallery-caption {\n\t\t\t\t\tmargin-left: 0;\n\t\t\t\t}\n\t\t\t\t\/* see gallery_shortcode() in wp-includes\/media.php *\/\n\t\t\t<\/style>\n\t\t<div id='gallery-1' class='dt-gallery-container gallery galleryid-389742 gallery-columns-5 gallery-size-thumbnail'><dl class='gallery-item'>\n\t\t\t\t<dt class='gallery-icon landscape'>\n\t\t\t\t\t<a class=\"rollover rollover-zoom dt-pswp-item\" title=\"92366e84-3229-4f8e-af27-a788baa17737\" data-dt-img-description=\"\" data-large_image_width=\"1600\" data-large_image_height=\"740\"href='https:\/\/www.radiopiu.net\/wordpress\/wp-content\/uploads\/2024\/05\/92366e84-3229-4f8e-af27-a788baa17737.jpg'><img loading=\"lazy\" decoding=\"async\" width=\"150\" height=\"150\" src=\"https:\/\/www.radiopiu.net\/wordpress\/wp-content\/uploads\/2024\/05\/92366e84-3229-4f8e-af27-a788baa17737-150x150.jpg\" class=\"attachment-thumbnail size-thumbnail\" alt=\"\" \/><\/a>\n\t\t\t\t<\/dt><\/dl><dl class='gallery-item'>\n\t\t\t\t<dt class='gallery-icon portrait'>\n\t\t\t\t\t<a class=\"rollover rollover-zoom dt-pswp-item\" title=\"fb83017f-6261-4774-a59b-571e553d8ef0\" data-dt-img-description=\"\" data-large_image_width=\"740\" data-large_image_height=\"1600\"href='https:\/\/www.radiopiu.net\/wordpress\/wp-content\/uploads\/2024\/05\/fb83017f-6261-4774-a59b-571e553d8ef0.jpg'><img loading=\"lazy\" decoding=\"async\" width=\"150\" height=\"150\" src=\"https:\/\/www.radiopiu.net\/wordpress\/wp-content\/uploads\/2024\/05\/fb83017f-6261-4774-a59b-571e553d8ef0-150x150.jpg\" class=\"attachment-thumbnail size-thumbnail\" alt=\"\" \/><\/a>\n\t\t\t\t<\/dt><\/dl><dl class='gallery-item'>\n\t\t\t\t<dt class='gallery-icon landscape'>\n\t\t\t\t\t<a class=\"rollover rollover-zoom dt-pswp-item\" title=\"2bb5dc09-4a98-40dc-b8dd-3f12e1ef3d6d\" data-dt-img-description=\"\" data-large_image_width=\"2048\" data-large_image_height=\"1536\"href='https:\/\/www.radiopiu.net\/wordpress\/wp-content\/uploads\/2024\/05\/2bb5dc09-4a98-40dc-b8dd-3f12e1ef3d6d.jpg'><img loading=\"lazy\" decoding=\"async\" width=\"150\" height=\"150\" src=\"https:\/\/www.radiopiu.net\/wordpress\/wp-content\/uploads\/2024\/05\/2bb5dc09-4a98-40dc-b8dd-3f12e1ef3d6d-150x150.jpg\" class=\"attachment-thumbnail size-thumbnail\" alt=\"\" \/><\/a>\n\t\t\t\t<\/dt><\/dl><dl class='gallery-item'>\n\t\t\t\t<dt class='gallery-icon landscape'>\n\t\t\t\t\t<a class=\"rollover rollover-zoom dt-pswp-item\" title=\"befc3c89-229b-4f99-b8c1-081b48c10171\" data-dt-img-description=\"\" data-large_image_width=\"1600\" data-large_image_height=\"789\"href='https:\/\/www.radiopiu.net\/wordpress\/wp-content\/uploads\/2024\/05\/befc3c89-229b-4f99-b8c1-081b48c10171.jpg'><img loading=\"lazy\" decoding=\"async\" width=\"150\" height=\"150\" src=\"https:\/\/www.radiopiu.net\/wordpress\/wp-content\/uploads\/2024\/05\/befc3c89-229b-4f99-b8c1-081b48c10171-150x150.jpg\" class=\"attachment-thumbnail size-thumbnail\" alt=\"\" \/><\/a>\n\t\t\t\t<\/dt><\/dl><dl class='gallery-item'>\n\t\t\t\t<dt class='gallery-icon landscape'>\n\t\t\t\t\t<a class=\"rollover rollover-zoom dt-pswp-item\" title=\"cb1ccf00-1915-4cfb-a7d6-3ef0f7b97f81\" data-dt-img-description=\"\" data-large_image_width=\"1600\" data-large_image_height=\"739\"href='https:\/\/www.radiopiu.net\/wordpress\/wp-content\/uploads\/2024\/05\/cb1ccf00-1915-4cfb-a7d6-3ef0f7b97f81.jpg'><img loading=\"lazy\" decoding=\"async\" width=\"150\" height=\"150\" src=\"https:\/\/www.radiopiu.net\/wordpress\/wp-content\/uploads\/2024\/05\/cb1ccf00-1915-4cfb-a7d6-3ef0f7b97f81-150x150.jpg\" class=\"attachment-thumbnail size-thumbnail\" alt=\"\" \/><\/a>\n\t\t\t\t<\/dt><\/dl><br style=\"clear: both\" \/>\n\t\t\t<\/div>\n\n<p><strong>CON LA COLLABORAZIONE DI MORENA E GIULIANA DA RONCH\u00a0<\/strong><\/p>\n<p>samuele<\/p>\n<audio class=\"wp-audio-shortcode\" id=\"audio-389742-1\" preload=\"none\" style=\"width: 100%;\" controls=\"controls\"><source type=\"audio\/mpeg\" src=\"https:\/\/www.radiopiu.net\/wordpress\/wp-content\/uploads\/2024\/05\/Samuele.m4a?_=1\" \/><a href=\"https:\/\/www.radiopiu.net\/wordpress\/wp-content\/uploads\/2024\/05\/Samuele.m4a\">https:\/\/www.radiopiu.net\/wordpress\/wp-content\/uploads\/2024\/05\/Samuele.m4a<\/a><\/audio>\n<p>&nbsp;<\/p>\n<p>arianna e diamante<\/p>\n<audio class=\"wp-audio-shortcode\" id=\"audio-389742-2\" preload=\"none\" style=\"width: 100%;\" controls=\"controls\"><source type=\"audio\/mpeg\" src=\"https:\/\/www.radiopiu.net\/wordpress\/wp-content\/uploads\/2024\/05\/Arianna-e-Diamante.m4a?_=2\" \/><a href=\"https:\/\/www.radiopiu.net\/wordpress\/wp-content\/uploads\/2024\/05\/Arianna-e-Diamante.m4a\">https:\/\/www.radiopiu.net\/wordpress\/wp-content\/uploads\/2024\/05\/Arianna-e-Diamante.m4a<\/a><\/audio>\n<p>&nbsp;<\/p>\n<p>daniel<\/p>\n<audio class=\"wp-audio-shortcode\" id=\"audio-389742-3\" preload=\"none\" style=\"width: 100%;\" controls=\"controls\"><source type=\"audio\/mpeg\" src=\"https:\/\/www.radiopiu.net\/wordpress\/wp-content\/uploads\/2024\/05\/Daniel.m4a?_=3\" \/><a href=\"https:\/\/www.radiopiu.net\/wordpress\/wp-content\/uploads\/2024\/05\/Daniel.m4a\">https:\/\/www.radiopiu.net\/wordpress\/wp-content\/uploads\/2024\/05\/Daniel.m4a<\/a><\/audio>\n<p>&nbsp;<\/p>\n<p>sebastian<\/p>\n<audio class=\"wp-audio-shortcode\" id=\"audio-389742-4\" preload=\"none\" style=\"width: 100%;\" controls=\"controls\"><source type=\"audio\/mpeg\" src=\"https:\/\/www.radiopiu.net\/wordpress\/wp-content\/uploads\/2024\/05\/Sebastian.m4a?_=4\" \/><a href=\"https:\/\/www.radiopiu.net\/wordpress\/wp-content\/uploads\/2024\/05\/Sebastian.m4a\">https:\/\/www.radiopiu.net\/wordpress\/wp-content\/uploads\/2024\/05\/Sebastian.m4a<\/a><\/audio>\n<p>&nbsp;<\/p>\n<p>valentino<\/p>\n<audio class=\"wp-audio-shortcode\" id=\"audio-389742-5\" preload=\"none\" style=\"width: 100%;\" controls=\"controls\"><source type=\"audio\/mpeg\" src=\"https:\/\/www.radiopiu.net\/wordpress\/wp-content\/uploads\/2024\/05\/Valentino.m4a?_=5\" \/><a href=\"https:\/\/www.radiopiu.net\/wordpress\/wp-content\/uploads\/2024\/05\/Valentino.m4a\">https:\/\/www.radiopiu.net\/wordpress\/wp-content\/uploads\/2024\/05\/Valentino.m4a<\/a><\/audio>\n<p>&nbsp;<\/p>\n<p>__<\/p>\n<p>&nbsp;<\/p>\n","protected":false},"excerpt":{"rendered":"<p>*** TAIBON\u00a0 dimostra ancora una volta il suo profondo senso di comunit\u00e0. Questa volta, l&#8217;occasione \u00e8 stata l&#8217;arrivo del nuovo parroco, Don Andrea Canal, che ha celebrato la sua prima messa nella storica parrocchiale del paese. L&#8217;atmosfera all&#8217;interno della chiesa era carica di emozione e speranza mentre i fedeli si riunivano per accogliere il nuovo&hellip;<\/p>\n","protected":false},"author":4,"featured_media":389744,"comment_status":"closed","ping_status":"closed","sticky":false,"template":"","format":"standard","meta":{"_monsterinsights_skip_tracking":false,"_monsterinsights_sitenote_active":false,"_monsterinsights_sitenote_note":"","_monsterinsights_sitenote_category":0,"footnotes":""},"categories":[49],"tags":[],"class_list":["post-389742","post","type-post","status-publish","format-standard","has-post-thumbnail","hentry","category-news-18","category-49","description-off"],"img_url":"https:\/\/www.radiopiu.net\/wordpress\/wp-content\/uploads\/2024\/05\/2bb5dc09-4a98-40dc-b8dd-3f12e1ef3d6d.jpg","_links":{"self":[{"href":"https:\/\/www.radiopiu.net\/wordpress\/wp-json\/wp\/v2\/posts\/389742","targetHints":{"allow":["GET"]}}],"collection":[{"href":"https:\/\/www.radiopiu.net\/wordpress\/wp-json\/wp\/v2\/posts"}],"about":[{"href":"https:\/\/www.radiopiu.net\/wordpress\/wp-json\/wp\/v2\/types\/post"}],"author":[{"embeddable":true,"href":"https:\/\/www.radiopiu.net\/wordpress\/wp-json\/wp\/v2\/users\/4"}],"replies":[{"embeddable":true,"href":"https:\/\/www.radiopiu.net\/wordpress\/wp-json\/wp\/v2\/comments?post=389742"}],"version-history":[{"count":0,"href":"https:\/\/www.radiopiu.net\/wordpress\/wp-json\/wp\/v2\/posts\/389742\/revisions"}],"wp:featuredmedia":[{"embeddable":true,"href":"https:\/\/www.radiopiu.net\/wordpress\/wp-json\/wp\/v2\/media\/389744"}],"wp:attachment":[{"href":"https:\/\/www.radiopiu.net\/wordpress\/wp-json\/wp\/v2\/media?parent=389742"}],"wp:term":[{"taxonomy":"category","embeddable":true,"href":"https:\/\/www.radiopiu.net\/wordpress\/wp-json\/wp\/v2\/categories?post=389742"},{"taxonomy":"post_tag","embeddable":true,"href":"https:\/\/www.radiopiu.net\/wordpress\/wp-json\/wp\/v2\/tags?post=389742"}],"curies":[{"name":"wp","href":"https:\/\/api.w.org\/{rel}","templated":true}]}}