{"id":389777,"date":"2024-05-13T05:16:45","date_gmt":"2024-05-13T03:16:45","guid":{"rendered":"https:\/\/www.radiopiu.net\/wordpress\/?p=389777"},"modified":"2024-05-13T05:16:45","modified_gmt":"2024-05-13T03:16:45","slug":"folklor-jalpe-de-la-marmoleda-2-0-alla-radio-con-paola-e-simone","status":"publish","type":"post","link":"https:\/\/www.radiopiu.net\/wordpress\/folklor-jalpe-de-la-marmoleda-2-0-alla-radio-con-paola-e-simone\/","title":{"rendered":"FOLKLOR JALP\u00c9 DE LA MARMOL\u00c8DA 2.0 &#8230;. alla radio con Paola e Simone"},"content":{"rendered":"<p>***<\/p>\n<p><span style=\"color: #ff0000;\"><strong>AUDIO<\/strong><\/span><\/p>\n<audio class=\"wp-audio-shortcode\" id=\"audio-389777-1\" preload=\"none\" style=\"width: 100%;\" controls=\"controls\"><source type=\"audio\/mpeg\" src=\"https:\/\/www.radiopiu.net\/wordpress\/wp-content\/uploads\/2024\/05\/SIMONE_E-pAOLA.mp3?_=1\" \/><a href=\"https:\/\/www.radiopiu.net\/wordpress\/wp-content\/uploads\/2024\/05\/SIMONE_E-pAOLA.mp3\">https:\/\/www.radiopiu.net\/wordpress\/wp-content\/uploads\/2024\/05\/SIMONE_E-pAOLA.mp3<\/a><\/audio>\n<p>&nbsp;<\/p>\n<p><img loading=\"lazy\" decoding=\"async\" class=\"alignleft\" src=\"https:\/\/www.radiopiu.net\/wordpress\/wp-content\/uploads\/2024\/05\/Senza-nome-28.png\" width=\"276\" height=\"124\" \/><strong>ROCCA PIETORE<\/strong> Davvero ricco il programma della tre giorni di festa in occasione del\u00a0<strong>Folklor Jalp\u00e9 de la Marmol\u00e8da 2.0<\/strong>! Tanta musica, tanto divertimento e la possibilit\u00e0 di assaporare le specialit\u00e0 tipiche della vallata sotto al tendone riscaldato a\u00a0<strong>Boscoverde<\/strong>, frazione di Rocca Pietore. <strong>Venerd\u00ec\u00a017 maggio<\/strong> iniziano i festeggiamenti con l&#8217;apertura della cucina dalle 19:00 e la musica dal vivo con Guglielmo e le Bronze Scuerte Gangband, a seguire Dj Guglielmo. <strong>Sabato\u00a018 maggio<\/strong> dalle 15:00 apertura del tendone e torneo di calcio &#8220;Trofeo Marmolada&#8221;. Dalle 18:00 musica dal vivo con Die VolksPartie e apertura cucina dalle 19:00. Dalla mezzanotte musica con Dj Luca.\u00a0 <strong>Domenica\u00a019 maggio<\/strong>\u00a0il gran finale con un calendario ricco di appuntamenti che si terranno durante tutta la giornata. Alle 11:15 Santa Messa in ricordo dei ballerini Francesca, Francesco e Luca. La cucina sar\u00e0 aperta anche a mezzogiorno dopo la Santa Messa e saremo accompagnati dalla musica dei Die Durstigen, dalle 14:30 si terranno la sfilata e l&#8217;esibizione dei gruppi provenienti dalla vallate vicine, che allieteranno tutti i presenti con balli e vestiti tradizionali, allegria e buona musica. Dalle 18:00 si continua con la musica dal vivo con i KoaQuintett e il cibo tradizionale.<\/p>\n<p>&nbsp;<\/p>\n<p>&nbsp;<\/p>\n<p>____<\/p>\n","protected":false},"excerpt":{"rendered":"<p>*** AUDIO &nbsp; ROCCA PIETORE Davvero ricco il programma della tre giorni di festa in occasione del\u00a0Folklor Jalp\u00e9 de la Marmol\u00e8da 2.0! Tanta musica, tanto divertimento e la possibilit\u00e0 di assaporare le specialit\u00e0 tipiche della vallata sotto al tendone riscaldato a\u00a0Boscoverde, frazione di Rocca Pietore. Venerd\u00ec\u00a017 maggio iniziano i festeggiamenti con l&#8217;apertura della cucina dalle&hellip;<\/p>\n","protected":false},"author":4,"featured_media":389778,"comment_status":"closed","ping_status":"closed","sticky":false,"template":"","format":"standard","meta":{"_monsterinsights_skip_tracking":false,"_monsterinsights_sitenote_active":false,"_monsterinsights_sitenote_note":"","_monsterinsights_sitenote_category":0,"footnotes":""},"categories":[49],"tags":[],"class_list":["post-389777","post","type-post","status-publish","format-standard","has-post-thumbnail","hentry","category-news-18","category-49","description-off"],"img_url":"https:\/\/www.radiopiu.net\/wordpress\/wp-content\/uploads\/2024\/05\/Senza-nome-28.png","_links":{"self":[{"href":"https:\/\/www.radiopiu.net\/wordpress\/wp-json\/wp\/v2\/posts\/389777","targetHints":{"allow":["GET"]}}],"collection":[{"href":"https:\/\/www.radiopiu.net\/wordpress\/wp-json\/wp\/v2\/posts"}],"about":[{"href":"https:\/\/www.radiopiu.net\/wordpress\/wp-json\/wp\/v2\/types\/post"}],"author":[{"embeddable":true,"href":"https:\/\/www.radiopiu.net\/wordpress\/wp-json\/wp\/v2\/users\/4"}],"replies":[{"embeddable":true,"href":"https:\/\/www.radiopiu.net\/wordpress\/wp-json\/wp\/v2\/comments?post=389777"}],"version-history":[{"count":0,"href":"https:\/\/www.radiopiu.net\/wordpress\/wp-json\/wp\/v2\/posts\/389777\/revisions"}],"wp:featuredmedia":[{"embeddable":true,"href":"https:\/\/www.radiopiu.net\/wordpress\/wp-json\/wp\/v2\/media\/389778"}],"wp:attachment":[{"href":"https:\/\/www.radiopiu.net\/wordpress\/wp-json\/wp\/v2\/media?parent=389777"}],"wp:term":[{"taxonomy":"category","embeddable":true,"href":"https:\/\/www.radiopiu.net\/wordpress\/wp-json\/wp\/v2\/categories?post=389777"},{"taxonomy":"post_tag","embeddable":true,"href":"https:\/\/www.radiopiu.net\/wordpress\/wp-json\/wp\/v2\/tags?post=389777"}],"curies":[{"name":"wp","href":"https:\/\/api.w.org\/{rel}","templated":true}]}}