{"id":389839,"date":"2024-05-14T05:19:40","date_gmt":"2024-05-14T03:19:40","guid":{"rendered":"https:\/\/www.radiopiu.net\/wordpress\/?p=389839"},"modified":"2024-05-14T05:47:25","modified_gmt":"2024-05-14T03:47:25","slug":"luxottica-settimana-corta-no-si-lavora-anche-sabato","status":"publish","type":"post","link":"https:\/\/www.radiopiu.net\/wordpress\/luxottica-settimana-corta-no-si-lavora-anche-sabato\/","title":{"rendered":"LUXOTTICA, SETTIMANA CORTA? NO&#8230; SI LAVORA ANCHE SABATO"},"content":{"rendered":"<p>***<\/p>\n<p>&nbsp;<\/p>\n<p>&nbsp;<\/p>\n<p><img loading=\"lazy\" decoding=\"async\" class=\"alignleft\" src=\"https:\/\/www.radiopiu.net\/wordpress\/wp-content\/uploads\/2024\/04\/LUXOTTICA-2.jpeg\" width=\"188\" height=\"141\" \/><\/p>\n<p><strong>AGORDO<\/strong> Dopo settimane di discussione ed elogi ad EssilorLuxottica da tutto il mondo, per la scelta di lavorare meno, quattro giorni e non pi\u00f9 cinque, per dare spazio e vita alla famiglia e al tempo libero, ora la novit\u00e0: nello stabilimento di Agordo altro straordinario incentivato (cio\u00e8 persone pi\u00f9 partecipano pi\u00f9 gli stakanovisti Luxottica guadagnano) nei giorni di sabato 18, e 25 maggio a seconda dei reparti. L&#8217;accordo \u00e8 stata firmato dall&#8217;azienda e dai rappresentanti della Rsu.<\/p>\n<p>:___<\/p>\n","protected":false},"excerpt":{"rendered":"<p>*** &nbsp; &nbsp; AGORDO Dopo settimane di discussione ed elogi ad EssilorLuxottica da tutto il mondo, per la scelta di lavorare meno, quattro giorni e non pi\u00f9 cinque, per dare spazio e vita alla famiglia e al tempo libero, ora la novit\u00e0: nello stabilimento di Agordo altro straordinario incentivato (cio\u00e8 persone pi\u00f9 partecipano pi\u00f9 gli&hellip;<\/p>\n","protected":false},"author":4,"featured_media":387868,"comment_status":"closed","ping_status":"closed","sticky":false,"template":"","format":"standard","meta":{"_monsterinsights_skip_tracking":false,"_monsterinsights_sitenote_active":false,"_monsterinsights_sitenote_note":"","_monsterinsights_sitenote_category":0,"footnotes":""},"categories":[51,49],"tags":[],"class_list":["post-389839","post","type-post","status-publish","format-standard","has-post-thumbnail","hentry","category-evidenza-top","category-news-18","category-51","category-49","description-off"],"img_url":"https:\/\/www.radiopiu.net\/wordpress\/wp-content\/uploads\/2024\/04\/LUXOTTICA-2.jpeg","_links":{"self":[{"href":"https:\/\/www.radiopiu.net\/wordpress\/wp-json\/wp\/v2\/posts\/389839","targetHints":{"allow":["GET"]}}],"collection":[{"href":"https:\/\/www.radiopiu.net\/wordpress\/wp-json\/wp\/v2\/posts"}],"about":[{"href":"https:\/\/www.radiopiu.net\/wordpress\/wp-json\/wp\/v2\/types\/post"}],"author":[{"embeddable":true,"href":"https:\/\/www.radiopiu.net\/wordpress\/wp-json\/wp\/v2\/users\/4"}],"replies":[{"embeddable":true,"href":"https:\/\/www.radiopiu.net\/wordpress\/wp-json\/wp\/v2\/comments?post=389839"}],"version-history":[{"count":0,"href":"https:\/\/www.radiopiu.net\/wordpress\/wp-json\/wp\/v2\/posts\/389839\/revisions"}],"wp:featuredmedia":[{"embeddable":true,"href":"https:\/\/www.radiopiu.net\/wordpress\/wp-json\/wp\/v2\/media\/387868"}],"wp:attachment":[{"href":"https:\/\/www.radiopiu.net\/wordpress\/wp-json\/wp\/v2\/media?parent=389839"}],"wp:term":[{"taxonomy":"category","embeddable":true,"href":"https:\/\/www.radiopiu.net\/wordpress\/wp-json\/wp\/v2\/categories?post=389839"},{"taxonomy":"post_tag","embeddable":true,"href":"https:\/\/www.radiopiu.net\/wordpress\/wp-json\/wp\/v2\/tags?post=389839"}],"curies":[{"name":"wp","href":"https:\/\/api.w.org\/{rel}","templated":true}]}}