{"id":389845,"date":"2024-05-13T08:10:44","date_gmt":"2024-05-13T06:10:44","guid":{"rendered":"https:\/\/www.radiopiu.net\/wordpress\/?p=389845"},"modified":"2024-05-14T05:48:13","modified_gmt":"2024-05-14T03:48:13","slug":"adozione-urgente-per-pimpi","status":"publish","type":"post","link":"https:\/\/www.radiopiu.net\/wordpress\/adozione-urgente-per-pimpi\/","title":{"rendered":"Adozione urgente per Pimpi"},"content":{"rendered":"<p>^^^<\/p>\n<p>&nbsp;<\/p>\n<p>&nbsp;<\/p>\n<p><a class=\"dt-pswp-item\" href=\"https:\/\/www.radiopiu.net\/wordpress\/wp-content\/uploads\/2024\/05\/pimpi.jpeg\" data-dt-img-description=\"\" data-large_image_width=\"1036\" data-large_image_height=\"936\"><img loading=\"lazy\" decoding=\"async\" class=\" wp-image-389846 alignleft\" src=\"https:\/\/www.radiopiu.net\/wordpress\/wp-content\/uploads\/2024\/05\/pimpi-300x271.jpeg\" alt=\"\" width=\"291\" height=\"263\" srcset=\"https:\/\/www.radiopiu.net\/wordpress\/wp-content\/uploads\/2024\/05\/pimpi-300x271.jpeg 300w, https:\/\/www.radiopiu.net\/wordpress\/wp-content\/uploads\/2024\/05\/pimpi-1024x925.jpeg 1024w, https:\/\/www.radiopiu.net\/wordpress\/wp-content\/uploads\/2024\/05\/pimpi-768x694.jpeg 768w, https:\/\/www.radiopiu.net\/wordpress\/wp-content\/uploads\/2024\/05\/pimpi.jpeg 1036w\" sizes=\"auto, (max-width: 291px) 100vw, 291px\" \/><\/a><\/p>\n<p>&nbsp;<\/p>\n<p>&nbsp;<\/p>\n<p style=\"text-align: left;\">Pimpi \u00e8 un cagnetto di 4 anni, maschio intero, abituato alla vita in appartamento.<br \/>\nSi relaziona bene con i suoi simili, gatti ed umani.Cerchiamo per lui una famiglia che possa adottarlo perch\u00e8 la persona con cui vive non pu\u00f2 pi\u00f9 prendersi cura di lui.<\/p>\n<blockquote>\n<h3><em>Pimpi \u00e8 una taglia media (22 kg) ,si trova in Cadore.Per informazioni\u00a0 \u00a0whatsapp\u00a0 3383917887.<\/em><\/h3>\n<\/blockquote>\n<p>&nbsp;<\/p>\n<p>&nbsp;<\/p>\n<p>&nbsp;<\/p>\n<p>&nbsp;<\/p>\n<hr \/>\n<p>&nbsp;<\/p>\n","protected":false},"excerpt":{"rendered":"<p>^^^ &nbsp; &nbsp; &nbsp; &nbsp; Pimpi \u00e8 un cagnetto di 4 anni, maschio intero, abituato alla vita in appartamento. Si relaziona bene con i suoi simili, gatti ed umani.Cerchiamo per lui una famiglia che possa adottarlo perch\u00e8 la persona con cui vive non pu\u00f2 pi\u00f9 prendersi cura di lui. Pimpi \u00e8 una taglia media (22&hellip;<\/p>\n","protected":false},"author":2,"featured_media":389847,"comment_status":"closed","ping_status":"closed","sticky":false,"template":"","format":"standard","meta":{"_monsterinsights_skip_tracking":false,"_monsterinsights_sitenote_active":false,"_monsterinsights_sitenote_note":"","_monsterinsights_sitenote_category":0,"footnotes":""},"categories":[51,49],"tags":[],"class_list":["post-389845","post","type-post","status-publish","format-standard","has-post-thumbnail","hentry","category-evidenza-top","category-news-18","category-51","category-49","description-off"],"img_url":"https:\/\/www.radiopiu.net\/wordpress\/wp-content\/uploads\/2024\/05\/pimpi-coperta.jpg","_links":{"self":[{"href":"https:\/\/www.radiopiu.net\/wordpress\/wp-json\/wp\/v2\/posts\/389845","targetHints":{"allow":["GET"]}}],"collection":[{"href":"https:\/\/www.radiopiu.net\/wordpress\/wp-json\/wp\/v2\/posts"}],"about":[{"href":"https:\/\/www.radiopiu.net\/wordpress\/wp-json\/wp\/v2\/types\/post"}],"author":[{"embeddable":true,"href":"https:\/\/www.radiopiu.net\/wordpress\/wp-json\/wp\/v2\/users\/2"}],"replies":[{"embeddable":true,"href":"https:\/\/www.radiopiu.net\/wordpress\/wp-json\/wp\/v2\/comments?post=389845"}],"version-history":[{"count":0,"href":"https:\/\/www.radiopiu.net\/wordpress\/wp-json\/wp\/v2\/posts\/389845\/revisions"}],"wp:featuredmedia":[{"embeddable":true,"href":"https:\/\/www.radiopiu.net\/wordpress\/wp-json\/wp\/v2\/media\/389847"}],"wp:attachment":[{"href":"https:\/\/www.radiopiu.net\/wordpress\/wp-json\/wp\/v2\/media?parent=389845"}],"wp:term":[{"taxonomy":"category","embeddable":true,"href":"https:\/\/www.radiopiu.net\/wordpress\/wp-json\/wp\/v2\/categories?post=389845"},{"taxonomy":"post_tag","embeddable":true,"href":"https:\/\/www.radiopiu.net\/wordpress\/wp-json\/wp\/v2\/tags?post=389845"}],"curies":[{"name":"wp","href":"https:\/\/api.w.org\/{rel}","templated":true}]}}