{"id":389924,"date":"2024-05-14T05:42:58","date_gmt":"2024-05-14T03:42:58","guid":{"rendered":"https:\/\/www.radiopiu.net\/wordpress\/?p=389924"},"modified":"2024-05-14T05:42:58","modified_gmt":"2024-05-14T03:42:58","slug":"ventanni-dopo-e-di-nuovo-chiesa-aperta-ai-fedeli","status":"publish","type":"post","link":"https:\/\/www.radiopiu.net\/wordpress\/ventanni-dopo-e-di-nuovo-chiesa-aperta-ai-fedeli\/","title":{"rendered":"VENT&#8217;ANNI DOPO E&#8217; DI NUOVO&#8230;.CHIESA APERTA AI FEDELI"},"content":{"rendered":"<p>***<\/p>\n<p>&nbsp;<\/p>\n<blockquote>\n<h2><a class=\"dt-pswp-item\" href=\"https:\/\/www.radiopiu.net\/wordpress\/wp-content\/uploads\/2024\/05\/vista-complessiva.jpg\" data-dt-img-description=\"\" data-large_image_width=\"640\" data-large_image_height=\"480\"><img loading=\"lazy\" decoding=\"async\" class=\"wp-image-389923 alignleft\" src=\"https:\/\/www.radiopiu.net\/wordpress\/wp-content\/uploads\/2024\/05\/vista-complessiva-300x225.jpg\" alt=\"\" width=\"179\" height=\"134\" srcset=\"https:\/\/www.radiopiu.net\/wordpress\/wp-content\/uploads\/2024\/05\/vista-complessiva-300x225.jpg 300w, https:\/\/www.radiopiu.net\/wordpress\/wp-content\/uploads\/2024\/05\/vista-complessiva.jpg 640w\" sizes=\"auto, (max-width: 179px) 100vw, 179px\" \/><\/a>Riapertura della Chiesa di San Nicol\u00f2 a Perarolo dopo Vent&#8217;anni<\/h2>\n<\/blockquote>\n<p><strong>PERAROLO<\/strong> Dopo oltre due decenni, la chiesa parrocchiale di San Nicol\u00f2 a Perarolo riapre finalmente le sue porte. Don Diego Soravia, arcidiacono del Cadore, annuncia il completamento dei lavori di restauro, resi possibili grazie al via libera del Comune e a un investimento di circa 400mila euro. La comunit\u00e0 festeggia il ritorno alla normalit\u00e0, con una celebrazione che coinvolger\u00e0 anche il vescovo di Belluno.<\/p>\n<p>&nbsp;<\/p>\n<p>&nbsp;<\/p>\n<p>&nbsp;<\/p>\n<hr \/>\n<p>&nbsp;<\/p>\n","protected":false},"excerpt":{"rendered":"<p>*** &nbsp; Riapertura della Chiesa di San Nicol\u00f2 a Perarolo dopo Vent&#8217;anni PERAROLO Dopo oltre due decenni, la chiesa parrocchiale di San Nicol\u00f2 a Perarolo riapre finalmente le sue porte. Don Diego Soravia, arcidiacono del Cadore, annuncia il completamento dei lavori di restauro, resi possibili grazie al via libera del Comune e a un investimento&hellip;<\/p>\n","protected":false},"author":4,"featured_media":389923,"comment_status":"closed","ping_status":"closed","sticky":false,"template":"","format":"standard","meta":{"_monsterinsights_skip_tracking":false,"_monsterinsights_sitenote_active":false,"_monsterinsights_sitenote_note":"","_monsterinsights_sitenote_category":0,"footnotes":""},"categories":[51,49],"tags":[],"class_list":["post-389924","post","type-post","status-publish","format-standard","has-post-thumbnail","hentry","category-evidenza-top","category-news-18","category-51","category-49","description-off"],"img_url":"https:\/\/www.radiopiu.net\/wordpress\/wp-content\/uploads\/2024\/05\/vista-complessiva.jpg","_links":{"self":[{"href":"https:\/\/www.radiopiu.net\/wordpress\/wp-json\/wp\/v2\/posts\/389924","targetHints":{"allow":["GET"]}}],"collection":[{"href":"https:\/\/www.radiopiu.net\/wordpress\/wp-json\/wp\/v2\/posts"}],"about":[{"href":"https:\/\/www.radiopiu.net\/wordpress\/wp-json\/wp\/v2\/types\/post"}],"author":[{"embeddable":true,"href":"https:\/\/www.radiopiu.net\/wordpress\/wp-json\/wp\/v2\/users\/4"}],"replies":[{"embeddable":true,"href":"https:\/\/www.radiopiu.net\/wordpress\/wp-json\/wp\/v2\/comments?post=389924"}],"version-history":[{"count":0,"href":"https:\/\/www.radiopiu.net\/wordpress\/wp-json\/wp\/v2\/posts\/389924\/revisions"}],"wp:featuredmedia":[{"embeddable":true,"href":"https:\/\/www.radiopiu.net\/wordpress\/wp-json\/wp\/v2\/media\/389923"}],"wp:attachment":[{"href":"https:\/\/www.radiopiu.net\/wordpress\/wp-json\/wp\/v2\/media?parent=389924"}],"wp:term":[{"taxonomy":"category","embeddable":true,"href":"https:\/\/www.radiopiu.net\/wordpress\/wp-json\/wp\/v2\/categories?post=389924"},{"taxonomy":"post_tag","embeddable":true,"href":"https:\/\/www.radiopiu.net\/wordpress\/wp-json\/wp\/v2\/tags?post=389924"}],"curies":[{"name":"wp","href":"https:\/\/api.w.org\/{rel}","templated":true}]}}