{"id":389929,"date":"2024-05-14T07:55:20","date_gmt":"2024-05-14T05:55:20","guid":{"rendered":"https:\/\/www.radiopiu.net\/wordpress\/?p=389929"},"modified":"2024-05-14T08:01:32","modified_gmt":"2024-05-14T06:01:32","slug":"la-rassegna-stampa-locale-dal-1983-alle-otto-del-mattino","status":"publish","type":"post","link":"https:\/\/www.radiopiu.net\/wordpress\/la-rassegna-stampa-locale-dal-1983-alle-otto-del-mattino\/","title":{"rendered":"la rassegna stampa locale, dal 1983 alle otto del mattino."},"content":{"rendered":"<p>**<\/p>\n<p><iframe loading=\"lazy\" title=\"DAL 1983 LA RASSEGNA STAMPA LOCALE di mirko mezzacasa. L&#039;ORIGINALE\" width=\"1200\" height=\"675\" src=\"https:\/\/www.youtube.com\/embed\/M6N-8TfSfuY?feature=oembed\" frameborder=\"0\" allow=\"accelerometer; autoplay; clipboard-write; encrypted-media; gyroscope; picture-in-picture; web-share\" referrerpolicy=\"strict-origin-when-cross-origin\" allowfullscreen><\/iframe><\/p>\n<p>TERREMOTO: DOPO L\u2019ALPAGO\u2026 IL VENETO! Ieri sera alle 22.40 scossa di terremoto con epicentro a pescantina, Verona. Scossa di magnitudo 3,6 della scala Richter a una profondit\u00e0 di 25 chilometri. Ne ha dato notizia il Dipartimento di Protezione Civile della Regione del Veneto.<br \/>\nLAMON, LA VALLE, VALLADA E RIVAMONTE HANNO IN COMUNE\u2026L\u2019ACQUA INQUINATA SERVIZIO AUTOBOTTE NELLE PIAZZE PRINCIPALI DELLE FRAZIONI INTERESSATE<br \/>\nCOMELICO Un\u2019impresa edile di Oriago di Mira \u00e8 coinvolta in una vasta truffa edilizia da quasi 9 milioni di euro che ha operato in tutto il nord Italia, incluso Comelico Superiore. Ha montato cantieri, alzato ponteggi e emesso fatture per lavori mai completati, ottenendo crediti d\u2019imposta illegittimi. Il rappresentante legale e il responsabile commerciale sono accusati di truffa aggravata.<br \/>\nFELTRE Una donna di 51 anni, residente a Belluno, \u00e8 rimasta lievemente ferita in un incidente avvenuto lungo la Sp1 bis Madonna del Piave, vicino a Vas. La donna \u00e8 stata medicata all\u2019ospedale di Feltre<br \/>\nALLEGHE Un\u2019automobile \u00e8 stata rubata a Caprile tra domenica e ieri, generando una mobilitazione sui social per aiutare i proprietari a ritrovarla. Il Nissan Qashqai di colore azzurrino, appartenente a una coppia del paese, \u00e8 stato trafugato durante la notte. La nipote dei derubati ha lanciato un appello sui social<br \/>\nIL RITORNO A CASA Dopo un viaggio di studio in Martinica, lo studente \u00e8 stato colpito da meningite virale. La bella notizia: \u00e8 stato dimesso dall\u2019ospedale. Gli altri partecipanti hanno terminato l\u2019autosorveglianza senza segni di malattia. La scuola Calvi accoglier\u00e0 presto docenti provenienti dalla Turchia per un altro scambio culturale.<br \/>\nBELLUNO Una raccolta firme per segnalare i bisogni di sicurezza e decoro di Via Feltre: avviata nel weekend a Belluno, la petizione ha gi\u00e0 raccolto decine di adesioni.<\/p>\n<p>LUXOTTICA, SETTIMANA CORTA? NO\u2026 SI LAVORA ANCHE SABATO<br \/>\nAGORDO Dopo settimane di discussione ed elogi ad EssilorLuxottica da tutto il mondo, per la scelta di lavorare meno, quattro giorni e non pi\u00f9 cinque, per dare spazio e vita alla famiglia e al tempo libero, ora la novit\u00e0: nello stabilimento di Agordo altro straordinario incentivato nei giorni di sabato 18, e 25 maggio<br \/>\nPERAROLO Dopo oltre due decenni, la chiesa parrocchiale di San Nicol\u00f2 a Perarolo riapre finalmente le sue porte. Don Diego Soravia, arcidiacono del Cadore, annuncia il completamento dei lavori di restauro, resi possibili grazie al via libera del Comune e a un investimento di circa 400mila euro.<br \/>\nCENCENIGHE Consiglio comunale oggi alle 20:30. Cinque punti all\u2019ordine del giorno tra cui l\u2019approvazione del rendiconto della gestione 2023, approvazione del bilancio di ASCA del 2023 e per il 2024, approvazione della convenzione con l\u2019ULSS 1 Dolomiti per le impegnative<br \/>\nNEVEGAL, SLITTA LA CESSIONE DELLE QUOTE DELLA 2021, SALE LA PREOCCUPAZIONE<br \/>\nBELLUNO accusato dalla Procura della Repubblica di aver inventato un\u2019aggressione per ottenere un risarcimento dall\u2019Inail. Il pubblico ministero lo accusa di simulazione di reato e tentata truffa. Il racconto dell\u2019imputato presenta contraddizioni. L\u2019uomo, un bidello di Longarone, ha presentato una denuncia di aggressione alla polizia, sostenendo di aver subito lesioni. Sia l\u2019accusa che la difesa stanno lavorando sul caso.<br \/>\nBELLUNO detenuto brasiliano a processo per aver appiccato fuoco a un materasso nel carcere di Baldenich. Dopo un breve rifugio nel bagno, dove si \u00e8 spogliato, \u00e8 stato convinto a desistere solo dopo avergli offerto una telefonata alla madre. Il detenuto \u00e8 difeso dall\u2019avvocato Davide Rovelli, davanti al giudice Federico Montalto e al pubblico ministero Giada Modena, in attesa della sentenza di primo grado.<br \/>\nFELTRE gi\u00e0 condannato per maltrattamenti, affronta un nuovo processo con accuse di minacce di morte, percosse e violenza privata nei confronti della coniuge separata. La soluzione proposta \u00e8 la sospensione del processo per messa alla prova, che comporta lavori di pubblica utilit\u00e0. Le minacce derivano dalla difficolt\u00e0 di vedere il figlio e dal rifiuto di pagare l\u2019assegno di mantenimento.<\/p>\n<p>ROCCA PIETORE Dal 6 maggio al 10 giugno chiusura totale della provinciale 563 di Salesei in localit\u00e0 Digonera dalle 7.30 alle 12.30 e dalle 13.30 alle 18, dal lunedi al venerdi. Negli altri orari, h 24 sabato e domenica compresi, senso unico alternato regolato da semaforo<br \/>\nSOSPIROLO La Pro loco \u201cMonti del Sole\u201d presenta \u201cLa scacchiera sotto il calicanto\u201d di Giovanni Lorusso il 16 maggio al Centro Civico di Sospirolo alle 20:30, con il patrocinio del Comune.<br \/>\nCANALE D\u2019AGORDO La Fondazione Papa Luciani Onlus celebra Don Antonio Della Lucia con un comitato speciale nel bicentenario della sua nascita. Coinvolte varie istituzioni e associazioni locali, incluso il Ministero dell\u2019agricoltura. Evento inaugurale a Frassen\u00e8 Agordino il 16 maggio, con messa, annullo filatelico, mostra, conferenza e degustazione di formaggi.<br \/>\nCHIES D\u2019ALPAGO Seconda edizione del Mercatino Manzoniano a Chies d\u2019Alpago, trasformato in \u201cviale in fiore\u201d in memoria di Daniela, che adornava il viale con i suoi fiori. L\u2019evento, sabato 18 maggio, presenter\u00e0 oltre 40 espositori<br \/>\nPONTE NELLE ALPI Dopo 10 anni dalla perdita di Adriano Peterle, fondatore dei Formato Standard, la band organizza un evento musicale, \u201cADR1AN0\u201d, il 31 maggio al teatro Pierobon di Ponte nelle Alpi, per celebrarne il ricordo.<br \/>\nBELLUNO Il Collegio Maestri di sci organizza le conferenze \u201cParole di Neve\u201d sulla cultura dello sci e della montagna invernale. Ogni terzo mercoled\u00ec del mese alla Casa dei Maestri, Piazza San Lucano 3 in Borgo Pra, Belluno. Il 15 maggio 2024, alle 20:30<br \/>\nPimpi \u00e8 un cagnetto di 4 anni, maschio intero, abituato alla vita in appartamento.<br \/>\nSi relaziona bene con i suoi simili, gatti ed umani.Cerchiamo per lui una famiglia che possa adottarlo perch\u00e8 la persona con cui vive non pu\u00f2 pi\u00f9 prendersi cura di lui.<br \/>\nPimpi \u00e8 una taglia media (22 kg) ,si trova in Cadore.Per informazioni whatsapp 3383917887.<\/p>\n<p>&nbsp;<\/p>\n<p>&nbsp;<\/p>\n<p>&nbsp;<\/p>\n<p>&nbsp;<\/p>\n<p>&nbsp;<\/p>\n<p>&nbsp;<\/p>\n<p>&nbsp;<\/p>\n<p>&nbsp;<\/p>\n","protected":false},"excerpt":{"rendered":"<p>** TERREMOTO: DOPO L\u2019ALPAGO\u2026 IL VENETO! Ieri sera alle 22.40 scossa di terremoto con epicentro a pescantina, Verona. Scossa di magnitudo 3,6 della scala Richter a una profondit\u00e0 di 25 chilometri. Ne ha dato notizia il Dipartimento di Protezione Civile della Regione del Veneto. LAMON, LA VALLE, VALLADA E RIVAMONTE HANNO IN COMUNE\u2026L\u2019ACQUA INQUINATA SERVIZIO&hellip;<\/p>\n","protected":false},"author":4,"featured_media":389926,"comment_status":"closed","ping_status":"closed","sticky":false,"template":"","format":"standard","meta":{"_monsterinsights_skip_tracking":false,"_monsterinsights_sitenote_active":false,"_monsterinsights_sitenote_note":"","_monsterinsights_sitenote_category":0,"footnotes":""},"categories":[51,49,142],"tags":[],"class_list":["post-389929","post","type-post","status-publish","format-standard","has-post-thumbnail","hentry","category-evidenza-top","category-news-18","category-rassegna-stampa","category-51","category-49","category-142","description-off"],"img_url":"https:\/\/www.radiopiu.net\/wordpress\/wp-content\/uploads\/2024\/05\/COPERTINA-3.png","_links":{"self":[{"href":"https:\/\/www.radiopiu.net\/wordpress\/wp-json\/wp\/v2\/posts\/389929","targetHints":{"allow":["GET"]}}],"collection":[{"href":"https:\/\/www.radiopiu.net\/wordpress\/wp-json\/wp\/v2\/posts"}],"about":[{"href":"https:\/\/www.radiopiu.net\/wordpress\/wp-json\/wp\/v2\/types\/post"}],"author":[{"embeddable":true,"href":"https:\/\/www.radiopiu.net\/wordpress\/wp-json\/wp\/v2\/users\/4"}],"replies":[{"embeddable":true,"href":"https:\/\/www.radiopiu.net\/wordpress\/wp-json\/wp\/v2\/comments?post=389929"}],"version-history":[{"count":0,"href":"https:\/\/www.radiopiu.net\/wordpress\/wp-json\/wp\/v2\/posts\/389929\/revisions"}],"wp:featuredmedia":[{"embeddable":true,"href":"https:\/\/www.radiopiu.net\/wordpress\/wp-json\/wp\/v2\/media\/389926"}],"wp:attachment":[{"href":"https:\/\/www.radiopiu.net\/wordpress\/wp-json\/wp\/v2\/media?parent=389929"}],"wp:term":[{"taxonomy":"category","embeddable":true,"href":"https:\/\/www.radiopiu.net\/wordpress\/wp-json\/wp\/v2\/categories?post=389929"},{"taxonomy":"post_tag","embeddable":true,"href":"https:\/\/www.radiopiu.net\/wordpress\/wp-json\/wp\/v2\/tags?post=389929"}],"curies":[{"name":"wp","href":"https:\/\/api.w.org\/{rel}","templated":true}]}}