{"id":390207,"date":"2024-05-16T10:04:25","date_gmt":"2024-05-16T08:04:25","guid":{"rendered":"https:\/\/www.radiopiu.net\/wordpress\/?p=390207"},"modified":"2024-05-16T10:04:25","modified_gmt":"2024-05-16T08:04:25","slug":"missione-epica-sulle-ande-boliviane-guardia-di-finanza-conquista-nuova-vetta","status":"publish","type":"post","link":"https:\/\/www.radiopiu.net\/wordpress\/missione-epica-sulle-ande-boliviane-guardia-di-finanza-conquista-nuova-vetta\/","title":{"rendered":"Missione epica sulle Ande boliviane: Guardia di Finanza conquista nuova vetta"},"content":{"rendered":"<p>***<\/p>\n<p>REDAZIONE<\/p>\n<div class=\"flex-1 overflow-hidden\">\n<div class=\"react-scroll-to-bottom--css-tegib-79elbk h-full\">\n<div class=\"react-scroll-to-bottom--css-tegib-1n7m0yu\">\n<div class=\"flex flex-col text-sm pb-9\">\n<div class=\"w-full text-token-text-primary\" dir=\"auto\" data-testid=\"conversation-turn-101\" data-scroll-anchor=\"true\">\n<div class=\"py-2 px-3 text-base md:px-4 m-auto md:px-5 lg:px-1 xl:px-5\">\n<div class=\"mx-auto flex flex-1 gap-3 text-base juice:gap-4 juice:md:gap-6 md:max-w-3xl lg:max-w-[40rem] xl:max-w-[48rem]\">\n<div class=\"relative flex w-full min-w-0 flex-col agent-turn\">\n<div class=\"flex-col gap-1 md:gap-3\">\n<div class=\"flex flex-grow flex-col max-w-full\">\n<div class=\"min-h-[20px] text-message flex flex-col items-start whitespace-pre-wrap break-words [.text-message+&amp;]:mt-5 juice:w-full juice:items-end overflow-x-auto gap-3\" dir=\"auto\" data-message-author-role=\"assistant\" data-message-id=\"29708ebf-d1c5-4ffc-9328-15ee08588e60\">\n<div class=\"markdown prose w-full break-words dark:prose-invert dark\">\n<p><a class=\"dt-pswp-item\" href=\"https:\/\/www.radiopiu.net\/wordpress\/wp-content\/uploads\/2024\/05\/16052024_083652_photo1715840896.jpeg\" data-dt-img-description=\"\" data-large_image_width=\"1024\" data-large_image_height=\"682\"><img loading=\"lazy\" decoding=\"async\" class=\"size-medium wp-image-390208 alignleft\" src=\"https:\/\/www.radiopiu.net\/wordpress\/wp-content\/uploads\/2024\/05\/16052024_083652_photo1715840896-300x200.jpeg\" alt=\"\" width=\"300\" height=\"200\" srcset=\"https:\/\/www.radiopiu.net\/wordpress\/wp-content\/uploads\/2024\/05\/16052024_083652_photo1715840896-300x200.jpeg 300w, https:\/\/www.radiopiu.net\/wordpress\/wp-content\/uploads\/2024\/05\/16052024_083652_photo1715840896-768x512.jpeg 768w, https:\/\/www.radiopiu.net\/wordpress\/wp-content\/uploads\/2024\/05\/16052024_083652_photo1715840896.jpeg 1024w\" sizes=\"auto, (max-width: 300px) 100vw, 300px\" \/><\/a>Un team di soccorso alpino della Guardia di Finanza ha raggiunto con successo una vetta inesplorata della Cordillera Real, Bolivia. La cima, ora nominata &#8220;Cima Fiamme Gialle&#8221;, \u00e8 stata conquistata nonostante le avverse condizioni meteo. La missione, nata da una proposta di Padre Antonio Zavatarelli, ha lo scopo di addestrare giovani boliviani nel soccorso in quota. La scalata, attraverso vie di crescente difficolt\u00e0, \u00e8 stata un trionfo di abilit\u00e0 e determinazione<\/p>\n<blockquote><p><em>La spedizione \u00e8 composta dall\u2019Ufficiale Istruttore, Tenente Colonnello Alessandro Alberioli, e dagli Istruttori del S.A.G.F., Brigadiere Marco Brunet, Appuntato scelto Q.S. Riccardo Scarian, Appuntato scelto Q.S. Walter Tomas e Appuntato scelto Q.S. Marco Canteri<\/em><\/p>\n<p>&nbsp;<\/p><\/blockquote>\n<\/div>\n<\/div>\n<hr \/>\n<\/div>\n<\/div>\n<div class=\"absolute\">\n<div class=\"flex w-full gap-2 items-center justify-center\"><\/div>\n<\/div>\n<\/div>\n<\/div>\n<\/div>\n<\/div>\n<\/div>\n<\/div>\n<\/div>\n<\/div>\n<div class=\"w-full md:pt-0 dark:border-white\/20 md:border-transparent md:dark:border-transparent md:w-[calc(100%-.5rem)] juice:w-full\">\n<div class=\"px-3 text-base md:px-4 m-auto md:px-5 lg:px-1 xl:px-5\">\n<div class=\"mx-auto flex flex-1 gap-3 text-base juice:gap-4 juice:md:gap-6 md:max-w-3xl lg:max-w-[40rem] xl:max-w-[48rem]\">\n<form class=\"w-full\">\n<div class=\"relative flex h-full max-w-full flex-1 flex-col\">\n<div class=\"absolute bottom-full left-0 right-0\"><\/div>\n<div class=\"flex w-full items-center\"><\/div>\n<\/div>\n<\/form>\n<\/div>\n<\/div>\n<\/div>\n","protected":false},"excerpt":{"rendered":"<p>*** REDAZIONE Un team di soccorso alpino della Guardia di Finanza ha raggiunto con successo una vetta inesplorata della Cordillera Real, Bolivia. La cima, ora nominata &#8220;Cima Fiamme Gialle&#8221;, \u00e8 stata conquistata nonostante le avverse condizioni meteo. La missione, nata da una proposta di Padre Antonio Zavatarelli, ha lo scopo di addestrare giovani boliviani nel&hellip;<\/p>\n","protected":false},"author":4,"featured_media":390208,"comment_status":"closed","ping_status":"closed","sticky":false,"template":"","format":"standard","meta":{"_monsterinsights_skip_tracking":false,"_monsterinsights_sitenote_active":false,"_monsterinsights_sitenote_note":"","_monsterinsights_sitenote_category":0,"footnotes":""},"categories":[49],"tags":[],"class_list":["post-390207","post","type-post","status-publish","format-standard","has-post-thumbnail","hentry","category-news-18","category-49","description-off"],"img_url":"https:\/\/www.radiopiu.net\/wordpress\/wp-content\/uploads\/2024\/05\/16052024_083652_photo1715840896.jpeg","_links":{"self":[{"href":"https:\/\/www.radiopiu.net\/wordpress\/wp-json\/wp\/v2\/posts\/390207","targetHints":{"allow":["GET"]}}],"collection":[{"href":"https:\/\/www.radiopiu.net\/wordpress\/wp-json\/wp\/v2\/posts"}],"about":[{"href":"https:\/\/www.radiopiu.net\/wordpress\/wp-json\/wp\/v2\/types\/post"}],"author":[{"embeddable":true,"href":"https:\/\/www.radiopiu.net\/wordpress\/wp-json\/wp\/v2\/users\/4"}],"replies":[{"embeddable":true,"href":"https:\/\/www.radiopiu.net\/wordpress\/wp-json\/wp\/v2\/comments?post=390207"}],"version-history":[{"count":0,"href":"https:\/\/www.radiopiu.net\/wordpress\/wp-json\/wp\/v2\/posts\/390207\/revisions"}],"wp:featuredmedia":[{"embeddable":true,"href":"https:\/\/www.radiopiu.net\/wordpress\/wp-json\/wp\/v2\/media\/390208"}],"wp:attachment":[{"href":"https:\/\/www.radiopiu.net\/wordpress\/wp-json\/wp\/v2\/media?parent=390207"}],"wp:term":[{"taxonomy":"category","embeddable":true,"href":"https:\/\/www.radiopiu.net\/wordpress\/wp-json\/wp\/v2\/categories?post=390207"},{"taxonomy":"post_tag","embeddable":true,"href":"https:\/\/www.radiopiu.net\/wordpress\/wp-json\/wp\/v2\/tags?post=390207"}],"curies":[{"name":"wp","href":"https:\/\/api.w.org\/{rel}","templated":true}]}}