{"id":390235,"date":"2024-05-16T15:35:46","date_gmt":"2024-05-16T13:35:46","guid":{"rendered":"https:\/\/www.radiopiu.net\/wordpress\/?p=390235"},"modified":"2024-05-16T15:36:10","modified_gmt":"2024-05-16T13:36:10","slug":"moreno-pesce-in-vetta-al-hvannadalshnjukur-il-ghiacciaio-delle-terre-desolate","status":"publish","type":"post","link":"https:\/\/www.radiopiu.net\/wordpress\/moreno-pesce-in-vetta-al-hvannadalshnjukur-il-ghiacciaio-delle-terre-desolate\/","title":{"rendered":"MORENO PESCE IN VETTA AL HVANNADALSHNJUKUR, IL \u201cGHIACCIAIO DELLE TERRE DESOLATE\u201d"},"content":{"rendered":"<p>******<\/p>\n<p>&nbsp;<\/p>\n<p>\u201cAbbiamo raggiunto la vetta!\u201d. Queste le prime parole ieri di Moreno Pesce dopo aver raggiunto la cima del Hvannadalshnj\u00fakur in Islanda, il \u201cGhiacciaio\u00a0delle Terre Desolate\u201d a 2.119 m. di altezza. La vetta pi\u00f9 alta d\u2019Islanda. La prima comunicazione dopo ore di isolamento \u00e8 giunta nel pomeriggio di mercoled\u00ec 15 maggio, una volta raggiunta la prima zona coperta da segnale telefonico. Infatti tutta la zona interessata dall\u2019itinerario di salita e discesa di Moreno Pesce e dal suo team, \u00e8 ubicata nella riserva naturale di Skaftafell &#8211; Parco Nazionale di Vatnaj\u00f6kull, nel sud-est dell&#8217;Islanda ed \u00e8 assolutamente scoperta dalla rete. L\u2019Hvannadalshnukur, 2.110 m. la cima pi\u00f9 alta dell&#8217;Islanda, rappresenta lo sperone N-O di un immenso cratere ampio 5 km, il pi\u00f9 grande vulcano attivo d&#8217;Europa dopo l&#8217;Etna. Grande soddisfazione nella voce di Moreno Pesce \u201cSiamo appena tornati al campo base, abbiamo fatto la vetta. Stamattina abbiamo raggiunto la cima.\u00a0 Siamo riusciti a salire molto bene grazie alla temperatura molto bassa, la neve ghiacciata e quindi si riusciva a procedere bene senza affondare. In vetta abbiamo trovato un gran vento che ha aiutato a raffreddare il manto nevoso\u2013 prosegue Moreno- la discesa \u00e8 stata un rosario per la presenza costante delle nuvole. L\u2019aver raggiunto un obiettivo come questo \u00e8 stato possibile grazie ad un grande lavoro di squadra, ognuno ha messo del suo. Lio (Lio De Nes guida alpina emerita), Sergio (Team 3Gambe), Marco (Team 3Gambe), Luciano (Team 3Gambe)e Jacopo (Jacopo Bernard video maker) poi io ho spinto. Il gruppo ha raggiunto questo grande risultato, ognuno di noi \u00e8 stato il tassello di questa forza necessaria per raggiungere l\u2019obiettivo in un ambiente certamente impegnativo\u201d. Moreno Pesce e compagni sono partiti dal campo base all\u2019alba intorno alle tre, per approfittare di una prevista finestra di tempo adeguato alla salita. La discesa \u00e8 stata pi\u00f9 complessa per via della fitta copertura di nuvole. Palpabile la soddisfazione nella voce dell\u2019atleta paralimpico Moreno Pesce che dopo diversi mesi di stop forzato imposto dai medici, imposto da serie difficolt\u00e0 respiratorie che gli hanno impedito qualsiasi attivit\u00e0. \u201cIslanda Experience\u201d, un altro importante obiettivo raggiunto con un minuzioso lavoro di preparazione e valutazione delle condizioni. Bellissime le prime immagini con il sole sulla cima del ghiacciaio.<\/p>\n<p>Il team di ISLANDA EXPERIENCE \u00e8 composto da: Moreno Pesce, Lio De Nes, Jacopo Bernard, Sergio Feltrin + Luciano Trevisan + Marco Martinuzzi<\/p>\n<p>&nbsp;<\/p>\n\n\t\t\t<style type='text\/css'>\n\t\t\t\t#gallery-1 {\n\t\t\t\t\tmargin: auto;\n\t\t\t\t}\n\t\t\t\t#gallery-1 .gallery-item {\n\t\t\t\t\tfloat: left;\n\t\t\t\t\tmargin-top: 10px;\n\t\t\t\t\ttext-align: center;\n\t\t\t\t\twidth: 25%;\n\t\t\t\t}\n\t\t\t\t#gallery-1 img {\n\t\t\t\t\tborder: 2px solid #cfcfcf;\n\t\t\t\t}\n\t\t\t\t#gallery-1 .gallery-caption {\n\t\t\t\t\tmargin-left: 0;\n\t\t\t\t}\n\t\t\t\t\/* see gallery_shortcode() in wp-includes\/media.php *\/\n\t\t\t<\/style>\n\t\t<div id='gallery-1' class='dt-gallery-container gallery galleryid-390235 gallery-columns-4 gallery-size-thumbnail'><dl class='gallery-item'>\n\t\t\t\t<dt class='gallery-icon landscape'>\n\t\t\t\t\t<a class=\"rollover rollover-zoom dt-pswp-item\" title=\"PHOTO-2024-05-15-15-47-18\" data-dt-img-description=\"\" data-large_image_width=\"1280\" data-large_image_height=\"597\"href='https:\/\/www.radiopiu.net\/wordpress\/wp-content\/uploads\/2024\/05\/PHOTO-2024-05-15-15-47-18.jpeg'><img loading=\"lazy\" decoding=\"async\" width=\"150\" height=\"150\" src=\"https:\/\/www.radiopiu.net\/wordpress\/wp-content\/uploads\/2024\/05\/PHOTO-2024-05-15-15-47-18-150x150.jpeg\" class=\"attachment-thumbnail size-thumbnail\" alt=\"\" \/><\/a>\n\t\t\t\t<\/dt><\/dl><dl class='gallery-item'>\n\t\t\t\t<dt class='gallery-icon landscape'>\n\t\t\t\t\t<a class=\"rollover rollover-zoom dt-pswp-item\" title=\"PHOTO-2024-05-15-23-58-15 4\" data-dt-img-description=\"\" data-large_image_width=\"1280\" data-large_image_height=\"854\"href='https:\/\/www.radiopiu.net\/wordpress\/wp-content\/uploads\/2024\/05\/PHOTO-2024-05-15-23-58-15-4.jpeg'><img loading=\"lazy\" decoding=\"async\" width=\"150\" height=\"150\" src=\"https:\/\/www.radiopiu.net\/wordpress\/wp-content\/uploads\/2024\/05\/PHOTO-2024-05-15-23-58-15-4-150x150.jpeg\" class=\"attachment-thumbnail size-thumbnail\" alt=\"\" \/><\/a>\n\t\t\t\t<\/dt><\/dl><dl class='gallery-item'>\n\t\t\t\t<dt class='gallery-icon portrait'>\n\t\t\t\t\t<a class=\"rollover rollover-zoom dt-pswp-item\" title=\"PHOTO-2024-05-15-23-58-16 2\" data-dt-img-description=\"\" data-large_image_width=\"960\" data-large_image_height=\"1280\"href='https:\/\/www.radiopiu.net\/wordpress\/wp-content\/uploads\/2024\/05\/PHOTO-2024-05-15-23-58-16-2.jpeg'><img loading=\"lazy\" decoding=\"async\" width=\"150\" height=\"150\" src=\"https:\/\/www.radiopiu.net\/wordpress\/wp-content\/uploads\/2024\/05\/PHOTO-2024-05-15-23-58-16-2-150x150.jpeg\" class=\"attachment-thumbnail size-thumbnail\" alt=\"\" \/><\/a>\n\t\t\t\t<\/dt><\/dl><dl class='gallery-item'>\n\t\t\t\t<dt class='gallery-icon landscape'>\n\t\t\t\t\t<a class=\"rollover rollover-zoom dt-pswp-item\" title=\"PHOTO-2024-05-15-23-58-15\" data-dt-img-description=\"\" data-large_image_width=\"1280\" data-large_image_height=\"854\"href='https:\/\/www.radiopiu.net\/wordpress\/wp-content\/uploads\/2024\/05\/PHOTO-2024-05-15-23-58-15.jpeg'><img loading=\"lazy\" decoding=\"async\" width=\"150\" height=\"150\" src=\"https:\/\/www.radiopiu.net\/wordpress\/wp-content\/uploads\/2024\/05\/PHOTO-2024-05-15-23-58-15-150x150.jpeg\" class=\"attachment-thumbnail size-thumbnail\" alt=\"\" \/><\/a>\n\t\t\t\t<\/dt><\/dl><br style=\"clear: both\" \/>\n\t\t\t<\/div>\n\n<p>&nbsp;<\/p>\n<p>&nbsp;<\/p>\n<p>********<\/p>\n","protected":false},"excerpt":{"rendered":"<p>****** &nbsp; \u201cAbbiamo raggiunto la vetta!\u201d. Queste le prime parole ieri di Moreno Pesce dopo aver raggiunto la cima del Hvannadalshnj\u00fakur in Islanda, il \u201cGhiacciaio\u00a0delle Terre Desolate\u201d a 2.119 m. di altezza. La vetta pi\u00f9 alta d\u2019Islanda. La prima comunicazione dopo ore di isolamento \u00e8 giunta nel pomeriggio di mercoled\u00ec 15 maggio, una volta raggiunta&hellip;<\/p>\n","protected":false},"author":4,"featured_media":390239,"comment_status":"closed","ping_status":"closed","sticky":false,"template":"","format":"standard","meta":{"_monsterinsights_skip_tracking":false,"_monsterinsights_sitenote_active":false,"_monsterinsights_sitenote_note":"","_monsterinsights_sitenote_category":0,"footnotes":""},"categories":[49],"tags":[],"class_list":["post-390235","post","type-post","status-publish","format-standard","has-post-thumbnail","hentry","category-news-18","category-49","description-off"],"img_url":"https:\/\/www.radiopiu.net\/wordpress\/wp-content\/uploads\/2024\/05\/PHOTO-2024-05-15-23-58-15.jpeg","_links":{"self":[{"href":"https:\/\/www.radiopiu.net\/wordpress\/wp-json\/wp\/v2\/posts\/390235","targetHints":{"allow":["GET"]}}],"collection":[{"href":"https:\/\/www.radiopiu.net\/wordpress\/wp-json\/wp\/v2\/posts"}],"about":[{"href":"https:\/\/www.radiopiu.net\/wordpress\/wp-json\/wp\/v2\/types\/post"}],"author":[{"embeddable":true,"href":"https:\/\/www.radiopiu.net\/wordpress\/wp-json\/wp\/v2\/users\/4"}],"replies":[{"embeddable":true,"href":"https:\/\/www.radiopiu.net\/wordpress\/wp-json\/wp\/v2\/comments?post=390235"}],"version-history":[{"count":0,"href":"https:\/\/www.radiopiu.net\/wordpress\/wp-json\/wp\/v2\/posts\/390235\/revisions"}],"wp:featuredmedia":[{"embeddable":true,"href":"https:\/\/www.radiopiu.net\/wordpress\/wp-json\/wp\/v2\/media\/390239"}],"wp:attachment":[{"href":"https:\/\/www.radiopiu.net\/wordpress\/wp-json\/wp\/v2\/media?parent=390235"}],"wp:term":[{"taxonomy":"category","embeddable":true,"href":"https:\/\/www.radiopiu.net\/wordpress\/wp-json\/wp\/v2\/categories?post=390235"},{"taxonomy":"post_tag","embeddable":true,"href":"https:\/\/www.radiopiu.net\/wordpress\/wp-json\/wp\/v2\/tags?post=390235"}],"curies":[{"name":"wp","href":"https:\/\/api.w.org\/{rel}","templated":true}]}}