{"id":390275,"date":"2024-05-16T16:48:33","date_gmt":"2024-05-16T14:48:33","guid":{"rendered":"https:\/\/www.radiopiu.net\/wordpress\/?p=390275"},"modified":"2024-05-16T16:48:33","modified_gmt":"2024-05-16T14:48:33","slug":"doppio-intervento-in-cadore-per-il-suem-118","status":"publish","type":"post","link":"https:\/\/www.radiopiu.net\/wordpress\/doppio-intervento-in-cadore-per-il-suem-118\/","title":{"rendered":"DOPPIO INTERVENTO IN CADORE PER IL SUEM 118"},"content":{"rendered":"<p>*****<\/p>\n<p>&nbsp;<\/p>\n<p><strong>REDAZIONE\u00a0<\/strong>Doppio intervento del Suem 118 in terra cadorina. Poco dopo le 12 l&#8217;ambulanza di Pieve di Cadore ha soccorso un uomo di 76 anni di Belluno che era stato coinvolto in un incidente autonomo, l&#8217;infortunato \u00e8 stato portato all&#8217;ospedale locele con ferite di media gravit\u00e0. Alle 13 la centrale operativa \u00e8 stata allertata per un uomo di 24 anni che aveva accusato un malore da intossicazione a Venas di Cadore. In aiuto \u00e8 intervenuto anche l&#8217;elicottero che ha portato ha portato al San Martino di Belluno l&#8217;uomo.<\/p>\n<p>&nbsp;<\/p>\n<p>&nbsp;<\/p>\n<p>*********<\/p>\n","protected":false},"excerpt":{"rendered":"<p>***** &nbsp; REDAZIONE\u00a0Doppio intervento del Suem 118 in terra cadorina. Poco dopo le 12 l&#8217;ambulanza di Pieve di Cadore ha soccorso un uomo di 76 anni di Belluno che era stato coinvolto in un incidente autonomo, l&#8217;infortunato \u00e8 stato portato all&#8217;ospedale locele con ferite di media gravit\u00e0. Alle 13 la centrale operativa \u00e8 stata allertata&hellip;<\/p>\n","protected":false},"author":4,"featured_media":212226,"comment_status":"closed","ping_status":"closed","sticky":false,"template":"","format":"standard","meta":{"_monsterinsights_skip_tracking":false,"_monsterinsights_sitenote_active":false,"_monsterinsights_sitenote_note":"","_monsterinsights_sitenote_category":0,"footnotes":""},"categories":[49],"tags":[],"class_list":["post-390275","post","type-post","status-publish","format-standard","has-post-thumbnail","hentry","category-news-18","category-49","description-off"],"img_url":"https:\/\/www.radiopiu.net\/wordpress\/wp-content\/uploads\/2021\/05\/203e932f-d79d-423b-a9df-af7325d671e8.jpg","_links":{"self":[{"href":"https:\/\/www.radiopiu.net\/wordpress\/wp-json\/wp\/v2\/posts\/390275","targetHints":{"allow":["GET"]}}],"collection":[{"href":"https:\/\/www.radiopiu.net\/wordpress\/wp-json\/wp\/v2\/posts"}],"about":[{"href":"https:\/\/www.radiopiu.net\/wordpress\/wp-json\/wp\/v2\/types\/post"}],"author":[{"embeddable":true,"href":"https:\/\/www.radiopiu.net\/wordpress\/wp-json\/wp\/v2\/users\/4"}],"replies":[{"embeddable":true,"href":"https:\/\/www.radiopiu.net\/wordpress\/wp-json\/wp\/v2\/comments?post=390275"}],"version-history":[{"count":0,"href":"https:\/\/www.radiopiu.net\/wordpress\/wp-json\/wp\/v2\/posts\/390275\/revisions"}],"wp:featuredmedia":[{"embeddable":true,"href":"https:\/\/www.radiopiu.net\/wordpress\/wp-json\/wp\/v2\/media\/212226"}],"wp:attachment":[{"href":"https:\/\/www.radiopiu.net\/wordpress\/wp-json\/wp\/v2\/media?parent=390275"}],"wp:term":[{"taxonomy":"category","embeddable":true,"href":"https:\/\/www.radiopiu.net\/wordpress\/wp-json\/wp\/v2\/categories?post=390275"},{"taxonomy":"post_tag","embeddable":true,"href":"https:\/\/www.radiopiu.net\/wordpress\/wp-json\/wp\/v2\/tags?post=390275"}],"curies":[{"name":"wp","href":"https:\/\/api.w.org\/{rel}","templated":true}]}}