{"id":390303,"date":"2024-05-17T04:49:26","date_gmt":"2024-05-17T02:49:26","guid":{"rendered":"https:\/\/www.radiopiu.net\/wordpress\/?p=390303"},"modified":"2024-05-17T04:49:26","modified_gmt":"2024-05-17T02:49:26","slug":"ston-a-vede-di-john-francis-della-pietra","status":"publish","type":"post","link":"https:\/\/www.radiopiu.net\/wordpress\/ston-a-vede-di-john-francis-della-pietra\/","title":{"rendered":"Ston a vede DI JOHN FRANCIS DELLA PIETRA"},"content":{"rendered":"<p>&nbsp;<\/p>\n<p>***<\/p>\n<p>&nbsp;<\/p>\n<p>Primavera<br \/>\nNo par proprio che la sia vera<br \/>\nAvesane bisogn de cjap\u00e0 corajo<br \/>\nMa sta botha co sto majo<br \/>\nEl someja p\u00ec novembre<br \/>\nChe drio canton vien la nef de dicembre<br \/>\nSe se vol scald\u00e0 i os<br \/>\nToca encora fa foch p\u00ec che se pos<br \/>\nPagon le bele dornade<br \/>\nChe sti nvern le parea regalade<br \/>\nNo l \u00e8 p\u00ec na giusta stajon<br \/>\nPararia pura de pasca la setimana de passion<br \/>\nD intorn l \u00e8 tut vert<br \/>\nMa te toca sta a sosta parche el piof semper al desavert<br \/>\nLa tera no la \u00e8 sol bagnada<br \/>\nMa adess de acqua empiombada<br \/>\nI r\u00f9 ti sente chi fa busnor<br \/>\nE poc del sol te vede el lusor<br \/>\nMa se sa che fin chel giro d italia nol pasa<br \/>\nLa mesa la sar\u00e0 straza<br \/>\nMa dap\u00f2 na nova staion avanza<br \/>\nVienir\u00e0 ist\u00e0 aon speranza<br \/>\nBel sol caldo che emozion<br \/>\nEntant su disaron<br \/>\nA la madona na orazion<br \/>\nCo tuta la nosta devozion&#8230;<\/p>\n<p>&nbsp;<\/p>\n<p>&nbsp;<\/p>\n\n\t\t\t<style type='text\/css'>\n\t\t\t\t#gallery-1 {\n\t\t\t\t\tmargin: auto;\n\t\t\t\t}\n\t\t\t\t#gallery-1 .gallery-item {\n\t\t\t\t\tfloat: left;\n\t\t\t\t\tmargin-top: 10px;\n\t\t\t\t\ttext-align: center;\n\t\t\t\t\twidth: 33%;\n\t\t\t\t}\n\t\t\t\t#gallery-1 img {\n\t\t\t\t\tborder: 2px solid #cfcfcf;\n\t\t\t\t}\n\t\t\t\t#gallery-1 .gallery-caption {\n\t\t\t\t\tmargin-left: 0;\n\t\t\t\t}\n\t\t\t\t\/* see gallery_shortcode() in wp-includes\/media.php *\/\n\t\t\t<\/style>\n\t\t<div id='gallery-1' class='dt-gallery-container gallery galleryid-390303 gallery-columns-3 gallery-size-thumbnail'><dl class='gallery-item'>\n\t\t\t\t<dt class='gallery-icon portrait'>\n\t\t\t\t\t<a class=\"rollover rollover-zoom dt-pswp-item\" title=\"60ab11cc-b37c-4347-bb21-5806d4a3d29c\" data-dt-img-description=\"\" data-large_image_width=\"720\" data-large_image_height=\"1600\"href='https:\/\/www.radiopiu.net\/wordpress\/wp-content\/uploads\/2024\/05\/60ab11cc-b37c-4347-bb21-5806d4a3d29c.jpg'><img loading=\"lazy\" decoding=\"async\" width=\"150\" height=\"150\" src=\"https:\/\/www.radiopiu.net\/wordpress\/wp-content\/uploads\/2024\/05\/60ab11cc-b37c-4347-bb21-5806d4a3d29c-150x150.jpg\" class=\"attachment-thumbnail size-thumbnail\" alt=\"\" \/><\/a>\n\t\t\t\t<\/dt><\/dl><dl class='gallery-item'>\n\t\t\t\t<dt class='gallery-icon portrait'>\n\t\t\t\t\t<a class=\"rollover rollover-zoom dt-pswp-item\" title=\"c510cf18-b707-4f9f-acfb-d9cd4f617d50\" data-dt-img-description=\"\" data-large_image_width=\"720\" data-large_image_height=\"1600\"href='https:\/\/www.radiopiu.net\/wordpress\/wp-content\/uploads\/2024\/05\/c510cf18-b707-4f9f-acfb-d9cd4f617d50.jpg'><img loading=\"lazy\" decoding=\"async\" width=\"150\" height=\"150\" src=\"https:\/\/www.radiopiu.net\/wordpress\/wp-content\/uploads\/2024\/05\/c510cf18-b707-4f9f-acfb-d9cd4f617d50-150x150.jpg\" class=\"attachment-thumbnail size-thumbnail\" alt=\"\" \/><\/a>\n\t\t\t\t<\/dt><\/dl><dl class='gallery-item'>\n\t\t\t\t<dt class='gallery-icon landscape'>\n\t\t\t\t\t<a class=\"rollover rollover-zoom dt-pswp-item\" title=\"9ee61190-dfe5-450c-ae67-27bcf4895b88\" data-dt-img-description=\"\" data-large_image_width=\"1600\" data-large_image_height=\"720\"href='https:\/\/www.radiopiu.net\/wordpress\/wp-content\/uploads\/2024\/05\/9ee61190-dfe5-450c-ae67-27bcf4895b88.jpg'><img loading=\"lazy\" decoding=\"async\" width=\"150\" height=\"150\" src=\"https:\/\/www.radiopiu.net\/wordpress\/wp-content\/uploads\/2024\/05\/9ee61190-dfe5-450c-ae67-27bcf4895b88-150x150.jpg\" class=\"attachment-thumbnail size-thumbnail\" alt=\"\" \/><\/a>\n\t\t\t\t<\/dt><\/dl><br style=\"clear: both\" \/>\n\t\t\t<\/div>\n\n<p>&nbsp;<\/p>\n<p>&nbsp;<\/p>\n<hr \/>\n<p>&nbsp;<\/p>\n","protected":false},"excerpt":{"rendered":"<p>&nbsp; *** &nbsp; Primavera No par proprio che la sia vera Avesane bisogn de cjap\u00e0 corajo Ma sta botha co sto majo El someja p\u00ec novembre Che drio canton vien la nef de dicembre Se se vol scald\u00e0 i os Toca encora fa foch p\u00ec che se pos Pagon le bele dornade Che sti nvern&hellip;<\/p>\n","protected":false},"author":4,"featured_media":390305,"comment_status":"closed","ping_status":"closed","sticky":false,"template":"","format":"standard","meta":{"_monsterinsights_skip_tracking":false,"_monsterinsights_sitenote_active":false,"_monsterinsights_sitenote_note":"","_monsterinsights_sitenote_category":0,"footnotes":""},"categories":[104,49],"tags":[],"class_list":["post-390303","post","type-post","status-publish","format-standard","has-post-thumbnail","hentry","category-evidenza_3","category-news-18","category-104","category-49","description-off"],"img_url":"https:\/\/www.radiopiu.net\/wordpress\/wp-content\/uploads\/2024\/05\/9ee61190-dfe5-450c-ae67-27bcf4895b88.jpg","_links":{"self":[{"href":"https:\/\/www.radiopiu.net\/wordpress\/wp-json\/wp\/v2\/posts\/390303","targetHints":{"allow":["GET"]}}],"collection":[{"href":"https:\/\/www.radiopiu.net\/wordpress\/wp-json\/wp\/v2\/posts"}],"about":[{"href":"https:\/\/www.radiopiu.net\/wordpress\/wp-json\/wp\/v2\/types\/post"}],"author":[{"embeddable":true,"href":"https:\/\/www.radiopiu.net\/wordpress\/wp-json\/wp\/v2\/users\/4"}],"replies":[{"embeddable":true,"href":"https:\/\/www.radiopiu.net\/wordpress\/wp-json\/wp\/v2\/comments?post=390303"}],"version-history":[{"count":0,"href":"https:\/\/www.radiopiu.net\/wordpress\/wp-json\/wp\/v2\/posts\/390303\/revisions"}],"wp:featuredmedia":[{"embeddable":true,"href":"https:\/\/www.radiopiu.net\/wordpress\/wp-json\/wp\/v2\/media\/390305"}],"wp:attachment":[{"href":"https:\/\/www.radiopiu.net\/wordpress\/wp-json\/wp\/v2\/media?parent=390303"}],"wp:term":[{"taxonomy":"category","embeddable":true,"href":"https:\/\/www.radiopiu.net\/wordpress\/wp-json\/wp\/v2\/categories?post=390303"},{"taxonomy":"post_tag","embeddable":true,"href":"https:\/\/www.radiopiu.net\/wordpress\/wp-json\/wp\/v2\/tags?post=390303"}],"curies":[{"name":"wp","href":"https:\/\/api.w.org\/{rel}","templated":true}]}}