{"id":390327,"date":"2024-05-17T07:55:53","date_gmt":"2024-05-17T05:55:53","guid":{"rendered":"https:\/\/www.radiopiu.net\/wordpress\/?p=390327"},"modified":"2024-05-17T22:52:07","modified_gmt":"2024-05-17T20:52:07","slug":"dal-1983-loriginale-la-rassegna-stampa-quotidiana-di-mirko-mezzacasa","status":"publish","type":"post","link":"https:\/\/www.radiopiu.net\/wordpress\/dal-1983-loriginale-la-rassegna-stampa-quotidiana-di-mirko-mezzacasa\/","title":{"rendered":"DAL 1983&#8230; L&#8217;ORIGINALE. LA RASSEGNA STAMPA QUOTIDIANA DI MIRKO MEZZACASA"},"content":{"rendered":"<p>****<\/p>\n<p>&nbsp;<\/p>\n<p>LAMON Gestione Servizi Pubblici informa che a LAMON Divieto di utilizzo dell\u2019acqua di\u00a0acquedotto\u00a0per uso alimentare nelle frazioni di Pezz\u00e8 se non previa bollitura:\u00a0sulla piazza arriva l\u2019autobotte.<br \/>\nVENEZIA\u00a0Il Centro Funzionale Decentrato della Protezione Civile del Veneto ha emesso un avviso di criticit\u00e0 idrogeologica e idraulica, valido fino alle 14:00 di oggi. \u00c8 stato dichiarato lo stato di allarme in gran parte della regione. Previste piogge e temporali, con fenomeni intensi tra pianura e Prealpi, inclusi forti rovesci, grandinate e raffiche di vento. In tarda serata \u00e8 prevista una diminuzione dei fenomeni.<br \/>\nCANALE D&#8217;AGORDO Lacrime e non solo di pioggia nel pomeriggio di mercoled\u00ec. Un paese ha salutato Paolo Fontanive, 60 anni, da poco in pensione dopo un trascorso importante nella Guardia di Finanza. Ha lasciato nel dolore la moglie Rosa, il figlio Diego la mamma Adriana, il pap\u00e0 Emanuele e il fratello Carlo.<br \/>\nVALLE DI CADORE Lo hanno trovato a Venas in piena crisi. Il giovane, 24 anni di Belluno era arrivato da poco. Soccorso in piena crisi da intossicazione ieri alle 15 e portato in gravi condizioni al San Martino di Belluno con l&#8217;elicottero. Medici e personale infermieristico gli hanno probabilmente salvato la vita. Si indaga sull&#8217;intossicazione, stupefacenti compresi.<br \/>\nPIEVE DI CADORE \u00a0Doppio intervento del Suem 118 in terra cadorina nella giornata di ieri. Poco dopo le 12 l&#8217;ambulanza di Pieve di Cadore ha soccorso un uomo di 76 anni di Belluno che era stato coinvolto in un incidente autonomo, l&#8217;infortunato \u00e8 stato portato all&#8217;ospedale locele con ferite di media gravit\u00e0. Alle 13 la centrale operativa \u00e8 stata allertata per un uomo di 24 anni che aveva accusato un malore da intossicazione a Venas di Cadore.<br \/>\nCORTINA Nonostante il meteo avverso e i sentieri innevati, molti escursionisti impreparati si avventurano verso il lago del Sorapis e il Rifugio Vandelli, causando cinque interventi di soccorso in pochi giorni. Il Soccorso alpino di Cortina ha soccorso ieri due persone infreddolite sotto Forcella Marcuoira.<\/p>\n<p>BELLUNO Un team di soccorso alpino della Guardia di Finanza ha raggiunto con successo una vetta inesplorata della Cordillera Real, Bolivia. La cima, ora nominata \u201cCima Fiamme Gialle\u201d, \u00e8 stata conquistata nonostante le avverse condizioni meteo.<br \/>\nBELLUNO Bocciato il documento di Futura e il centro sinistra ha deciso di rimanere fuori dalla squadra. Non capitava da anni e l&#8217;attuale Presidente a suo tempo, dopo l&#8217;elezione,\u00a0 ha dovuto ringraziare il centro sinistra per il sostegno. In quest&#8217;occasione non ringrazier\u00e0 nessuno. Il Presidente tiene per s\u00e8 le deleghe dei 3 consiglieri.<br \/>\nBELLUNO Gilberto Pichetto Fratin, Ministro dell&#8217;Ambiente e della Sicurezza energetica, nel capoluogo nella sede di Confindustria Belluno Dolomiti per parlare de \u201cLa sfida energetica della montagna\u201d.<br \/>\nBELLUNO Aria di primavera anche nei parchi della citt\u00e0: sostituzione giochi, manutenzioni e pulizie sono in corso in diverse aree verdi per migliorarne la fruizione. Recentemente sono stati installati dieci nuovi giochi in tre parchi, scelti tramite censimento delle criticit\u00e0. Con un budget di 50 mila euro, sono state acquistate sei strutture per piccoli e quattro per bambini dai 4 anni in su.<br \/>\nPIEVE DI CADORE\u00a0 Umana, agenzia per il lavoro, inaugura una nuova filiale a Pieve di Cadore, ampliando la propria presenza nel territorio bellunese. La nuova sede, situata in via Talamini 2, sar\u00e0 di riferimento per il Cadore, collegandosi alle altre filiali della provincia e al Punto Lavoro Umana di Alleghe.<\/p>\n<p>FINANZIATO A BORGO VALBELLUNA IL PROGETTO DEL DISTRETTO DEL COMMERCIO, I PARTICOLARI NEL GR DELLE 12.30 CON ROBERTO BONA<br \/>\nAGORDO Lunedi alle 20.30 consiglio dell&#8217;Unione Montana Agordina. Ordine del giorno: approvazione Bellunum Holding; comunicazioni del presidente Paolo Frena.<br \/>\nCOMELICO Anas ha programmato interventi di demolizione lungo la strada statale 52 Carnica, a Sega Digon nel comune di Comelico Superiore, dal 21 al 24 maggio. Per garantire la sicurezza e ridurre i disagi, la strada sar\u00e0 chiusa al traffico tra il km 93,700 e il km 94,300 durante le ore notturne, dalle 22:00 alle 6:00.<br \/>\nDOMANI SI FESTEGGIANO I 25 ANNI DI MIRCO DE BONA, ASSISTENZA TECNICA A BELLUNO IL COMPLEANNO ALLA RADIO, SABATO DALLE 15, COLLEGAMENTO IN DIRETTA CON VIA MONDIN. REGIA GIANFRANCO TOME\u2019, COORDINAMENTO MARCO GAZ, CON BRUNELLA MORO, MARINA DONA\u2019, PAOLA FERRARO, FRANCESCO TOME\u2019, IL CANTAUTORE MARCO V DAL FARRA E DJ FRANCESCO TOME\u2019\u00a0 DJ TOME\u2019<br \/>\nAGORDO Continua la serie di incontri di presentazione del libro Il coraggio e la passione. Partigiani e patrioti riconosciuti nel Bellunese e militari bellunesi riconosciuti partigiani all\u2019estero (Isbrec, 2023) a cura di Franco Comin e Silvia Comin con la direzione scientifica di Enrico Bacchetti, Diego Cason, Adriana Lotto. Il volume, che sta riscuotendo un lusinghiero successo, sar\u00e0 presentato oggi, alle 17,30 aD Agordo, alla Biblioteca civica.<br \/>\nAGORDO Giornata gratuita dedicata alla densitometria ossea, venerdi 24 maggio ad Agordo, presso la Parafarmacia della dottoressa Nadia B\u00f9lf, al centro commerciale GANZ, Test gratuito, durata circa 20 minuti. Per informazioni e prenotazioni, chiama\u00a0 lo 0437.866683, ci trovi sui social: Instagram &#8211; Facebook, oppure passa direttamente in parafarmacia, VENERDI 24 MAGGIO in parafarmacia ad AGORDO, la giornata gratuita della densitometria ossea<\/p>\n","protected":false},"excerpt":{"rendered":"<p>**** &nbsp; LAMON Gestione Servizi Pubblici informa che a LAMON Divieto di utilizzo dell\u2019acqua di\u00a0acquedotto\u00a0per uso alimentare nelle frazioni di Pezz\u00e8 se non previa bollitura:\u00a0sulla piazza arriva l\u2019autobotte. VENEZIA\u00a0Il Centro Funzionale Decentrato della Protezione Civile del Veneto ha emesso un avviso di criticit\u00e0 idrogeologica e idraulica, valido fino alle 14:00 di oggi. \u00c8 stato dichiarato&hellip;<\/p>\n","protected":false},"author":4,"featured_media":390328,"comment_status":"closed","ping_status":"closed","sticky":false,"template":"","format":"standard","meta":{"_monsterinsights_skip_tracking":false,"_monsterinsights_sitenote_active":false,"_monsterinsights_sitenote_note":"","_monsterinsights_sitenote_category":0,"footnotes":""},"categories":[51,49,142],"tags":[],"class_list":["post-390327","post","type-post","status-publish","format-standard","has-post-thumbnail","hentry","category-evidenza-top","category-news-18","category-rassegna-stampa","category-51","category-49","category-142","description-off"],"img_url":"https:\/\/www.radiopiu.net\/wordpress\/wp-content\/uploads\/2024\/05\/SCONTRO.png","_links":{"self":[{"href":"https:\/\/www.radiopiu.net\/wordpress\/wp-json\/wp\/v2\/posts\/390327","targetHints":{"allow":["GET"]}}],"collection":[{"href":"https:\/\/www.radiopiu.net\/wordpress\/wp-json\/wp\/v2\/posts"}],"about":[{"href":"https:\/\/www.radiopiu.net\/wordpress\/wp-json\/wp\/v2\/types\/post"}],"author":[{"embeddable":true,"href":"https:\/\/www.radiopiu.net\/wordpress\/wp-json\/wp\/v2\/users\/4"}],"replies":[{"embeddable":true,"href":"https:\/\/www.radiopiu.net\/wordpress\/wp-json\/wp\/v2\/comments?post=390327"}],"version-history":[{"count":0,"href":"https:\/\/www.radiopiu.net\/wordpress\/wp-json\/wp\/v2\/posts\/390327\/revisions"}],"wp:featuredmedia":[{"embeddable":true,"href":"https:\/\/www.radiopiu.net\/wordpress\/wp-json\/wp\/v2\/media\/390328"}],"wp:attachment":[{"href":"https:\/\/www.radiopiu.net\/wordpress\/wp-json\/wp\/v2\/media?parent=390327"}],"wp:term":[{"taxonomy":"category","embeddable":true,"href":"https:\/\/www.radiopiu.net\/wordpress\/wp-json\/wp\/v2\/categories?post=390327"},{"taxonomy":"post_tag","embeddable":true,"href":"https:\/\/www.radiopiu.net\/wordpress\/wp-json\/wp\/v2\/tags?post=390327"}],"curies":[{"name":"wp","href":"https:\/\/api.w.org\/{rel}","templated":true}]}}