{"id":390354,"date":"2024-05-17T15:43:17","date_gmt":"2024-05-17T13:43:17","guid":{"rendered":"https:\/\/www.radiopiu.net\/wordpress\/?p=390354"},"modified":"2024-05-17T15:43:17","modified_gmt":"2024-05-17T13:43:17","slug":"istituto-magistrale-giustina-renier-e-gruppo-giovani-imprenditori-insieme-per-un-concerto-di-beneficenza","status":"publish","type":"post","link":"https:\/\/www.radiopiu.net\/wordpress\/istituto-magistrale-giustina-renier-e-gruppo-giovani-imprenditori-insieme-per-un-concerto-di-beneficenza\/","title":{"rendered":"ISTITUTO MAGISTRALE GIUSTINA RENIER E GRUPPO GIOVANI IMPRENDITORI INSIEME PER UN CONCERTO DI BENEFICENZA"},"content":{"rendered":"<p>******<\/p>\n<p>&nbsp;<\/p>\n<p><a class=\"dt-pswp-item\" href=\"https:\/\/www.radiopiu.net\/wordpress\/wp-content\/uploads\/2021\/05\/TEATRO-COMUNALE-BELLUNO.jpg\" data-dt-img-description=\"TEATRO COMUNALE\" data-large_image_width=\"550\" data-large_image_height=\"435\"><img loading=\"lazy\" decoding=\"async\" class=\"alignleft wp-image-212942 \" src=\"https:\/\/www.radiopiu.net\/wordpress\/wp-content\/uploads\/2021\/05\/TEATRO-COMUNALE-BELLUNO-300x237.jpg\" alt=\"\" width=\"165\" height=\"130\" srcset=\"https:\/\/www.radiopiu.net\/wordpress\/wp-content\/uploads\/2021\/05\/TEATRO-COMUNALE-BELLUNO-300x237.jpg 300w, https:\/\/www.radiopiu.net\/wordpress\/wp-content\/uploads\/2021\/05\/TEATRO-COMUNALE-BELLUNO.jpg 550w\" sizes=\"auto, (max-width: 165px) 100vw, 165px\" \/><\/a><strong>BELLUNO <\/strong>Istituto Magistrale Giustina Renier e Gruppo Giovani Imprenditori di Confindustria Belluno Dolomiti uniscono le forze per un concerto di beneficenza dal titolo \u201cIl talento del Renier: accendi un sogno e fallo bruciare in te\u201d: l\u2019appuntamento \u00e8 per mercoled\u00ec 22 maggio alle ore 20 al Teatro comunale di Belluno.\u00a0 L&#8217;evento &#8211; in collaborazione con la Fondazione Teatri, Cortina Banca e Rotary Club Cadore e Comelico &#8211; vedr\u00e0 la partecipazione della talentuosa cantante professionista Denise Dim\u00e9, tra le pi\u00f9 apprezzate sulla scena gospel. Gli studenti dell\u2019Istituto si esibiranno per mostrare le loro abilit\u00e0 e le loro passioni, andando oltre i rispettivi percorsi di studio e indirizzo. Rispetto agli scorsi anni in cui l\u2019iniziativa era rivolta solo alle famiglie, per la prima volta l\u2019evento viene aperto al pubblico con una finalit\u00e0 benefica: il ricavato del concerto verr\u00e0 infatti devoluto in parte all\u2019associazione Belluno Donna e in parte all\u2019acquisto di testi di lingua italiana per studenti stranieri che stanno imparando la lingua italiana. \u201cSiamo orgogliosi delle nostre studentesse e dei nostri studenti\u201d &#8211; dichiara il Dirigente Scolastico Violetta Anesin &#8211; \u201cche hanno deciso di mettersi in gioco aprendo il loro spettacolo alla cittadinanza. Si tratta certamente di un bellissimo modo di esprimere la propria appartenenza al territorio, e di agire in favore di cause quali l\u2019inclusione e la violenza di genere, che sono state oggetto dei percorsi di educazione civica di questo anno scolastico: un significativo collegamento tra ci\u00f2 che fanno in classe e il mondo al di fuori delle mura scolastiche. Questo spettacolo sar\u00e0 la replica di quello che verr\u00e0 presentato durante l\u2019assemblea studentesca che avverr\u00e0 nella mattinata del 22 maggio, sempre presso il Teatro Comunale Buzzati, in cui il pubblico saranno le compagne e i compagni di scuola e le loro e i loro docenti\u201d &#8211; conclude Anesin. \u201cTutto il nostro mandato si \u00e8 basato sull&#8217;inclusione e la parit\u00e0 di genere. Crediamo che iniziative come questa possano aiutare le realt\u00e0 territoriali come Belluno Donna ad arrivare anche nelle zone pi\u00f9 lontane della provincia. Ci battiamo per costruire un futuro basato su principi di inclusione, uguaglianza pace e disarmo&#8221; dichiarano gli studenti rappresentanti dell&#8217;istituto. &#8220;Crediamo nello sviluppo dei talenti, nell&#8217;energia e nella passione dei nostri giovani: per questo collaboriamo con tutte le scuole della provincia\u201d, afferma Luca Anselmi, presidente del Gruppo Giovani Imprenditori di Confindustria Belluno Dolomiti, realt\u00e0 impegnata quotidianamente nell&#8217;orientamento scolastico. \u201cScuola e impresa devono andare oltre gli steccati e coinvolgere studentesse e studenti in percorsi di crescita a 360 gradi. Solo un territorio che li sostiene &#8211; anche nelle loro passioni &#8211; \u00e8 attrattivo. Questa iniziativa vuole ribadire un&#8217;alleanza &#8211; quella tra imprese e scuole bellunesi &#8211; che si rafforza giorno dopo giorno. Musica e solidariet\u00e0 sono un veicolo importante per avvicinare le persone, creare spirito di comunit\u00e0\u201d. Si rafforza dunque l\u2019impegno che Confindustria Belluno Dolomiti pone anche nel sostenere iniziative locali a supporto di attivit\u00e0 di carattere sociale. Flavio Mares, Delegato al Sociale dell\u2019associazione, commenta \u201cAnche una iniziativa come questa aiuta a sviluppare una cultura che tiene sempre pi\u00f9 in considerazione l\u2019uguaglianza di genere e le fragilit\u00e0 della nostra societ\u00e0 civile, aspetti per i quali siamo impegnati da tempo\u201d.\u00a0 L&#8217;ingresso alla serata sar\u00e0 fino ad esaurimento posti.<\/p>\n<p>&nbsp;<\/p>\n<p>&nbsp;<\/p>\n<p>********<\/p>\n","protected":false},"excerpt":{"rendered":"<p>****** &nbsp; BELLUNO Istituto Magistrale Giustina Renier e Gruppo Giovani Imprenditori di Confindustria Belluno Dolomiti uniscono le forze per un concerto di beneficenza dal titolo \u201cIl talento del Renier: accendi un sogno e fallo bruciare in te\u201d: l\u2019appuntamento \u00e8 per mercoled\u00ec 22 maggio alle ore 20 al Teatro comunale di Belluno.\u00a0 L&#8217;evento &#8211; in collaborazione&hellip;<\/p>\n","protected":false},"author":4,"featured_media":212942,"comment_status":"closed","ping_status":"closed","sticky":false,"template":"","format":"standard","meta":{"_monsterinsights_skip_tracking":false,"_monsterinsights_sitenote_active":false,"_monsterinsights_sitenote_note":"","_monsterinsights_sitenote_category":0,"footnotes":""},"categories":[49],"tags":[],"class_list":["post-390354","post","type-post","status-publish","format-standard","has-post-thumbnail","hentry","category-news-18","category-49","description-off"],"img_url":"https:\/\/www.radiopiu.net\/wordpress\/wp-content\/uploads\/2021\/05\/TEATRO-COMUNALE-BELLUNO.jpg","_links":{"self":[{"href":"https:\/\/www.radiopiu.net\/wordpress\/wp-json\/wp\/v2\/posts\/390354","targetHints":{"allow":["GET"]}}],"collection":[{"href":"https:\/\/www.radiopiu.net\/wordpress\/wp-json\/wp\/v2\/posts"}],"about":[{"href":"https:\/\/www.radiopiu.net\/wordpress\/wp-json\/wp\/v2\/types\/post"}],"author":[{"embeddable":true,"href":"https:\/\/www.radiopiu.net\/wordpress\/wp-json\/wp\/v2\/users\/4"}],"replies":[{"embeddable":true,"href":"https:\/\/www.radiopiu.net\/wordpress\/wp-json\/wp\/v2\/comments?post=390354"}],"version-history":[{"count":0,"href":"https:\/\/www.radiopiu.net\/wordpress\/wp-json\/wp\/v2\/posts\/390354\/revisions"}],"wp:featuredmedia":[{"embeddable":true,"href":"https:\/\/www.radiopiu.net\/wordpress\/wp-json\/wp\/v2\/media\/212942"}],"wp:attachment":[{"href":"https:\/\/www.radiopiu.net\/wordpress\/wp-json\/wp\/v2\/media?parent=390354"}],"wp:term":[{"taxonomy":"category","embeddable":true,"href":"https:\/\/www.radiopiu.net\/wordpress\/wp-json\/wp\/v2\/categories?post=390354"},{"taxonomy":"post_tag","embeddable":true,"href":"https:\/\/www.radiopiu.net\/wordpress\/wp-json\/wp\/v2\/tags?post=390354"}],"curies":[{"name":"wp","href":"https:\/\/api.w.org\/{rel}","templated":true}]}}