{"id":390385,"date":"2024-05-17T20:45:52","date_gmt":"2024-05-17T18:45:52","guid":{"rendered":"https:\/\/www.radiopiu.net\/wordpress\/?p=390385"},"modified":"2024-05-18T05:57:15","modified_gmt":"2024-05-18T03:57:15","slug":"suem-al-lavoro-nel-pomeriggio-tre-interventi-tra-alpago-comelico-e-cortina","status":"publish","type":"post","link":"https:\/\/www.radiopiu.net\/wordpress\/suem-al-lavoro-nel-pomeriggio-tre-interventi-tra-alpago-comelico-e-cortina\/","title":{"rendered":"SUEM AL LAVORO NEL POMERIGGIO, TRE INTERVENTI TRA ALPAGO, COMELICO E CORTINA"},"content":{"rendered":"<p>******<\/p>\n<p>&nbsp;<\/p>\n<p><strong><a class=\"dt-pswp-item\" href=\"https:\/\/www.radiopiu.net\/wordpress\/wp-content\/uploads\/2024\/03\/e040112e-5e6f-4e7a-9965-35c6262d822e.jpg\" data-dt-img-description=\"\" data-large_image_width=\"1071\" data-large_image_height=\"679\"><img loading=\"lazy\" decoding=\"async\" class=\" wp-image-379219 alignleft\" src=\"https:\/\/www.radiopiu.net\/wordpress\/wp-content\/uploads\/2024\/03\/e040112e-5e6f-4e7a-9965-35c6262d822e-300x190.jpg\" alt=\"\" width=\"186\" height=\"118\" srcset=\"https:\/\/www.radiopiu.net\/wordpress\/wp-content\/uploads\/2024\/03\/e040112e-5e6f-4e7a-9965-35c6262d822e-300x190.jpg 300w, https:\/\/www.radiopiu.net\/wordpress\/wp-content\/uploads\/2024\/03\/e040112e-5e6f-4e7a-9965-35c6262d822e-1024x649.jpg 1024w, https:\/\/www.radiopiu.net\/wordpress\/wp-content\/uploads\/2024\/03\/e040112e-5e6f-4e7a-9965-35c6262d822e-768x487.jpg 768w, https:\/\/www.radiopiu.net\/wordpress\/wp-content\/uploads\/2024\/03\/e040112e-5e6f-4e7a-9965-35c6262d822e.jpg 1071w\" sizes=\"auto, (max-width: 186px) 100vw, 186px\" \/><\/a>REDAZIONE<\/strong> Pomeriggio intenso per il Suem 118 che \u00e8 stato impegnato in tre interventi. Poco prima delle 12:30 l&#8217;ambulanza e l&#8217;elicottero Falco sono interventi ad Alpago dove un uomo di 56 anni ha accusato un malore, paziente trasportato all&#8217;ospedale di Belluno. Subito dopo un altro malore, questa volta in Comelico Superiore. Ad essere soccorsa una donna di 62 anni che \u00e8 stata subito trasportata all&#8217;ospedale di Belluno. Alle 13:30 la centrale operativa del 118 \u00e8 stata allertata per un uomo di 80 che si era fatto male in seguito ad una caduta accidentale. L&#8217;infortunato \u00e8 stato elitrasportato all&#8217;ospedale di Bolzano dall&#8217;elicottero di Eli Bressanone con ferite gravi.<\/p>\n<p>&nbsp;<\/p>\n<p>&nbsp;<\/p>\n<p>******<\/p>\n","protected":false},"excerpt":{"rendered":"<p>****** &nbsp; REDAZIONE Pomeriggio intenso per il Suem 118 che \u00e8 stato impegnato in tre interventi. Poco prima delle 12:30 l&#8217;ambulanza e l&#8217;elicottero Falco sono interventi ad Alpago dove un uomo di 56 anni ha accusato un malore, paziente trasportato all&#8217;ospedale di Belluno. Subito dopo un altro malore, questa volta in Comelico Superiore. Ad essere&hellip;<\/p>\n","protected":false},"author":4,"featured_media":379219,"comment_status":"closed","ping_status":"closed","sticky":false,"template":"","format":"standard","meta":{"_monsterinsights_skip_tracking":false,"_monsterinsights_sitenote_active":false,"_monsterinsights_sitenote_note":"","_monsterinsights_sitenote_category":0,"footnotes":""},"categories":[51,49],"tags":[],"class_list":["post-390385","post","type-post","status-publish","format-standard","has-post-thumbnail","hentry","category-evidenza-top","category-news-18","category-51","category-49","description-off"],"img_url":"https:\/\/www.radiopiu.net\/wordpress\/wp-content\/uploads\/2024\/03\/e040112e-5e6f-4e7a-9965-35c6262d822e.jpg","_links":{"self":[{"href":"https:\/\/www.radiopiu.net\/wordpress\/wp-json\/wp\/v2\/posts\/390385","targetHints":{"allow":["GET"]}}],"collection":[{"href":"https:\/\/www.radiopiu.net\/wordpress\/wp-json\/wp\/v2\/posts"}],"about":[{"href":"https:\/\/www.radiopiu.net\/wordpress\/wp-json\/wp\/v2\/types\/post"}],"author":[{"embeddable":true,"href":"https:\/\/www.radiopiu.net\/wordpress\/wp-json\/wp\/v2\/users\/4"}],"replies":[{"embeddable":true,"href":"https:\/\/www.radiopiu.net\/wordpress\/wp-json\/wp\/v2\/comments?post=390385"}],"version-history":[{"count":0,"href":"https:\/\/www.radiopiu.net\/wordpress\/wp-json\/wp\/v2\/posts\/390385\/revisions"}],"wp:featuredmedia":[{"embeddable":true,"href":"https:\/\/www.radiopiu.net\/wordpress\/wp-json\/wp\/v2\/media\/379219"}],"wp:attachment":[{"href":"https:\/\/www.radiopiu.net\/wordpress\/wp-json\/wp\/v2\/media?parent=390385"}],"wp:term":[{"taxonomy":"category","embeddable":true,"href":"https:\/\/www.radiopiu.net\/wordpress\/wp-json\/wp\/v2\/categories?post=390385"},{"taxonomy":"post_tag","embeddable":true,"href":"https:\/\/www.radiopiu.net\/wordpress\/wp-json\/wp\/v2\/tags?post=390385"}],"curies":[{"name":"wp","href":"https:\/\/api.w.org\/{rel}","templated":true}]}}