{"id":390427,"date":"2024-05-20T05:41:29","date_gmt":"2024-05-20T03:41:29","guid":{"rendered":"https:\/\/www.radiopiu.net\/wordpress\/?p=390427"},"modified":"2024-05-20T07:59:07","modified_gmt":"2024-05-20T05:59:07","slug":"giornale-radiopiu-20-maggio-2024-direttore-mirko-mezzacasada-40-anni-25-giugno-1983-25-giugno-2023","status":"publish","type":"post","link":"https:\/\/www.radiopiu.net\/wordpress\/giornale-radiopiu-20-maggio-2024-direttore-mirko-mezzacasada-40-anni-25-giugno-1983-25-giugno-2023\/","title":{"rendered":"GIORNALE RADIOPIU 20 MAGGIO 2024 DIRETTORE MIRKO MEZZACASA\u2026DA 40 ANNI 25 GIUGNO 1983-25 GIUGNO 2023"},"content":{"rendered":"<p>*****<\/p>\n<p>&nbsp;<\/p>\n<h3><a href=\"https:\/\/www.radiopiu.net\/wordpress\/giornale-radiopiu-24-gennaio-2021-direttore-mirko-mezzacasa\/141433770_171616291414874_2957460898102012198_n\/\" rel=\"attachment wp-att-186566\"><img loading=\"lazy\" decoding=\"async\" class=\"wp-image-186566 alignleft\" src=\"https:\/\/www.radiopiu.net\/wordpress\/wp-content\/uploads\/2021\/01\/141433770_171616291414874_2957460898102012198_n-300x300.jpg\" alt=\"\" width=\"144\" height=\"144\" srcset=\"https:\/\/www.radiopiu.net\/wordpress\/wp-content\/uploads\/2021\/01\/141433770_171616291414874_2957460898102012198_n-300x300.jpg 300w, https:\/\/www.radiopiu.net\/wordpress\/wp-content\/uploads\/2021\/01\/141433770_171616291414874_2957460898102012198_n-150x150.jpg 150w, https:\/\/www.radiopiu.net\/wordpress\/wp-content\/uploads\/2021\/01\/141433770_171616291414874_2957460898102012198_n-768x768.jpg 768w, https:\/\/www.radiopiu.net\/wordpress\/wp-content\/uploads\/2021\/01\/141433770_171616291414874_2957460898102012198_n.jpg 800w\" sizes=\"auto, (max-width: 144px) 100vw, 144px\" \/><\/a>PER<strong> RICEVERE QUESTO NOTIZIARIO DIRETTAMENTE SUL TUO CELLULARE ISCRIVITI AL CANALE TELEGRAM <\/strong><strong>\u201cRADIO PIU\u00a0 INFORMAZIONE&#8221;\u00a0<\/strong><\/h3>\n<h3>\u00a0il CANALE TELEGRAM&#8230; UNISCITI A: RADIO PIU INFORMAZIONE<\/h3>\n<p>&nbsp;<\/p>\n<p>&nbsp;<\/p>\n<p><em><a href=\"https:\/\/www.radiopiu.net\/wordpress\/giornale-radiopiu-24-gennaio-2021-direttore-mirko-mezzacasa\/79216601_126817312416448_708980208774483089_n\/\" rel=\"attachment wp-att-186567\"><img loading=\"lazy\" decoding=\"async\" class=\"size-medium wp-image-186567 alignright\" src=\"https:\/\/www.radiopiu.net\/wordpress\/wp-content\/uploads\/2021\/01\/79216601_126817312416448_708980208774483089_n-300x114.jpg\" alt=\"\" width=\"300\" height=\"114\" srcset=\"https:\/\/www.radiopiu.net\/wordpress\/wp-content\/uploads\/2021\/01\/79216601_126817312416448_708980208774483089_n-300x114.jpg 300w, https:\/\/www.radiopiu.net\/wordpress\/wp-content\/uploads\/2021\/01\/79216601_126817312416448_708980208774483089_n-768x292.jpg 768w, https:\/\/www.radiopiu.net\/wordpress\/wp-content\/uploads\/2021\/01\/79216601_126817312416448_708980208774483089_n.jpg 820w\" sizes=\"auto, (max-width: 300px) 100vw, 300px\" \/><\/a><span style=\"color: #ff0000;\">ATTENZIONE: LA NUOVA APP PER IOS-IPHONE di Nicola Vettorello <\/span><\/em><a href=\"https:\/\/apps.apple.com\/it\/app\/radio-pi%C3%B9-emittente-agordina\/id1515939845\">https:\/\/apps.apple.com\/it\/app\/radio-pi%C3%B9-emittente-agordina\/id1515939845<\/a><\/p>\n<p><em style=\"color: #ff0000;\">ATTENZIONE: LA NUOVA APP RADIO\u00a0 PER ANDROID di Nicola Vettorello<\/em><\/p>\n<p><a href=\"https:\/\/play.google.com\/store\/apps\/details?id=net.radiopiu.iniko\" target=\"_blank\" rel=\"noopener noreferrer\">https:\/\/play.google.com\/store\/apps\/details?id=net.radiopiu.iniko\u00a0\u00a0<\/a><\/p>\n<h3 class=\"kvgmc6g5 cxmmr5t8 oygrvhab hcukyx3x c1et5uql\"><\/h3>\n<p>&nbsp;<\/p>\n<div data-block=\"true\" data-editor=\"avj4u\" data-offset-key=\"d3i0j-0-0\">\n<p>&nbsp;<\/p>\n<hr \/>\n<p>&nbsp;<\/p>\n<\/div>\n<p><span style=\"color: #ff0000;\"><strong>OGGI ALLA RADIO<\/strong><\/span>: <strong>ALLE 6.45<\/strong> PIROLE DE LENGA, CON IL MUSLA DI BEATRICE E NICOLA\u00a0 <strong>ALLE 7.20<\/strong> EL BAL DEL FIOR, DETTI E TRADIZIONI DI GIULIANA DA RONCH; <strong>ALLE 8.20<\/strong> PIU&#8217; SIAMO CON MARINA DONA&#8217; <strong>9.00<\/strong> OGGI COME IERI, DI SILVIA BALDO <strong>9 30<\/strong> I RACCONTI DI PAOLO SOPPELSA\u00a0 <strong>10.10<\/strong> CIAK SI GIRA, IL GOSSIP DI PAOLA LANCIATO <strong>10.30<\/strong> PERITI MINERARI NEL MONDO CON L&#8217;APIM DI AGORDO <strong>11.05<\/strong> CINE HIT CON ALDO BRIGADOI <strong>11.20<\/strong> MEGLIO RADIO CHE MAI, DANIELA RINALDI <strong>12.00<\/strong> LISCIO NON TI LASCIO CON MIRCO BENCIVENNI <strong>12.30<\/strong> GIORNALE RADIO PRINCIPALE <strong>13.00<\/strong> SALUTE E SOCIETA&#8217; DOTTOR MARCO CARACCIOLO <strong>14.00<\/strong> COLLAGE OPERAZIONE NOSTALGIA DI LORIS SCUSSEL <strong>15.00<\/strong> RITRATTI SONORI CON ALESSIA DALL&#8217;O <strong>16.00<\/strong> IL ROCK DI MARCO COSTANTINI <strong>16.45<\/strong> LE HIT DI MIRCO BENCIVENNI\u00a0 <strong>19.00<\/strong> LE ANTICIPAZIONI DAL TG DI ANTENNA 3, CON TIZIANA BOLOGNANI.<\/p>\n<blockquote><p><strong>rassegna stampa nazionale, ogni giorno alle 5 e alle 6 del mattino<\/strong><br \/>\n<em>giornali locali 7 rassegna stampa flash, 8 rassegna stampa, gr flash alle 10 e alle 11, principale 12.30. Informazione pomerggio alle 15 (speciale) 16, 17, 18. Giornale radio nazionale: ogni ora dalle 5 del mattino, alle 20 della sera.\u00a0<\/em><\/p><\/blockquote>\n<div class=\"x11i5rnm xat24cr x1mh8g0r x1vvkbs xtlvy1s x126k92a\">\n<div dir=\"auto\">\n<p>&nbsp;<\/p>\n<p>&nbsp;<\/p>\n<hr \/>\n<p>&nbsp;<\/p>\n<p>&nbsp;<\/p>\n<div class=\"x11i5rnm xat24cr x1mh8g0r x1vvkbs xtlvy1s x126k92a\">\n<div dir=\"auto\">\n<p><strong><a class=\"dt-pswp-item\" href=\"https:\/\/www.radiopiu.net\/wordpress\/wp-content\/uploads\/2024\/02\/2d44e751-d8a8-461b-8e22-d8e4e853b032.jpg\" data-dt-img-description=\"\" data-large_image_width=\"1600\" data-large_image_height=\"1200\"><img loading=\"lazy\" decoding=\"async\" class=\"wp-image-373307 alignleft\" src=\"https:\/\/www.radiopiu.net\/wordpress\/wp-content\/uploads\/2024\/02\/2d44e751-d8a8-461b-8e22-d8e4e853b032-300x225.jpg\" alt=\"\" width=\"105\" height=\"79\" srcset=\"https:\/\/www.radiopiu.net\/wordpress\/wp-content\/uploads\/2024\/02\/2d44e751-d8a8-461b-8e22-d8e4e853b032-300x225.jpg 300w, https:\/\/www.radiopiu.net\/wordpress\/wp-content\/uploads\/2024\/02\/2d44e751-d8a8-461b-8e22-d8e4e853b032-1024x768.jpg 1024w, https:\/\/www.radiopiu.net\/wordpress\/wp-content\/uploads\/2024\/02\/2d44e751-d8a8-461b-8e22-d8e4e853b032-768x576.jpg 768w, https:\/\/www.radiopiu.net\/wordpress\/wp-content\/uploads\/2024\/02\/2d44e751-d8a8-461b-8e22-d8e4e853b032-1536x1152.jpg 1536w, https:\/\/www.radiopiu.net\/wordpress\/wp-content\/uploads\/2024\/02\/2d44e751-d8a8-461b-8e22-d8e4e853b032.jpg 1600w\" sizes=\"auto, (max-width: 105px) 100vw, 105px\" \/><\/a>EL BAL DEL FIOR, DI GIULIANA DA RONCH, 20 MAGGIO 2024<\/strong><\/p>\n<\/div>\n<\/div>\n<\/div>\n<div dir=\"auto\">\n<audio class=\"wp-audio-shortcode\" id=\"audio-390427-1\" preload=\"none\" style=\"width: 100%;\" controls=\"controls\"><source type=\"audio\/mpeg\" src=\"https:\/\/www.radiopiu.net\/wordpress\/wp-content\/uploads\/2024\/05\/GLU-1.m4a?_=1\" \/><a href=\"https:\/\/www.radiopiu.net\/wordpress\/wp-content\/uploads\/2024\/05\/GLU-1.m4a\">https:\/\/www.radiopiu.net\/wordpress\/wp-content\/uploads\/2024\/05\/GLU-1.m4a<\/a><\/audio>\n<p>&nbsp;<\/p>\n<hr \/>\n<\/div>\n<\/div>\n<blockquote>\n<blockquote>\n<h1><span style=\"color: #ff0000;\">\u00a0<\/span><\/h1>\n<h1><span style=\"color: #ff0000;\">I podcast informativi del mattino &#8211; audio &#8211;\u00a0\u00a0<\/span><\/h1>\n<\/blockquote>\n<p><strong><a class=\"dt-pswp-item\" href=\"https:\/\/www.radiopiu.net\/wordpress\/wp-content\/uploads\/2023\/11\/th-10.jpg\" data-dt-img-description=\"\" data-large_image_width=\"320\" data-large_image_height=\"180\"><img loading=\"lazy\" decoding=\"async\" class=\"wp-image-362866 alignleft\" src=\"https:\/\/www.radiopiu.net\/wordpress\/wp-content\/uploads\/2023\/11\/th-10-300x169.jpg\" alt=\"\" width=\"185\" height=\"104\" srcset=\"https:\/\/www.radiopiu.net\/wordpress\/wp-content\/uploads\/2023\/11\/th-10-300x169.jpg 300w, https:\/\/www.radiopiu.net\/wordpress\/wp-content\/uploads\/2023\/11\/th-10.jpg 320w\" sizes=\"auto, (max-width: 185px) 100vw, 185px\" \/><\/a>LA RASSEGNA STAMPA NAZIONALE ALLA RADIO, OGNI GIORNO ALLE 5 E ALLE 6 DEL MATTINO <span style=\"color: #0000ff;\">viene pubblicata alle 6.00 <span style=\"color: #ff0000;\">DIRETTA RADIO\u00a0 \u00a0\u00a0<\/span><\/span><\/strong><\/p><\/blockquote>\n<h2><\/h2>\n<h2><\/h2>\n<p><strong>di STEFANO FAMA&#8217;<\/strong><br \/>\n<strong>Politica<\/strong> Madrid, Le destre alla conferenza di Vox.\u00a0 <strong>Economia<\/strong> 730 precompilato, al via da oggi.<strong> Iran<\/strong> il Presidente coinvolto in un incidente in elicottero. <strong>Tragedia<\/strong> in Svizzera, morti 2 alpinisti di Lecco. <strong>Benevento<\/strong> rivolta in carcere Caserta incidente 3 morti.<strong> Lutto<\/strong> nel mondo della musica \u00e8 morto il dj Franchino Verona Chico Forti in carcere.<\/p>\n<h2>AUDIO dalle 6 del mattino<\/h2>\n<audio class=\"wp-audio-shortcode\" id=\"audio-390427-2\" preload=\"none\" style=\"width: 100%;\" controls=\"controls\"><source type=\"audio\/mpeg\" src=\"https:\/\/www.radiopiu.net\/wordpress\/wp-content\/uploads\/2024\/05\/GIORNALEDELLESEI-16.mp3?_=2\" \/><a href=\"https:\/\/www.radiopiu.net\/wordpress\/wp-content\/uploads\/2024\/05\/GIORNALEDELLESEI-16.mp3\">https:\/\/www.radiopiu.net\/wordpress\/wp-content\/uploads\/2024\/05\/GIORNALEDELLESEI-16.mp3<\/a><\/audio>\n<p>&nbsp;<\/p>\n<p>&nbsp;<\/p>\n<hr \/>\n<p>&nbsp;<\/p>\n<h1 style=\"text-align: center;\"><span style=\"color: #ff0000;\">I podcast informativi del mattino &#8211; audio &#8211;\u00a0<\/span><\/h1>\n<p><strong><a class=\"dt-pswp-item\" href=\"https:\/\/www.radiopiu.net\/wordpress\/wp-content\/uploads\/2023\/12\/images.png\" data-dt-img-description=\"\" data-large_image_width=\"316\" data-large_image_height=\"160\"><img loading=\"lazy\" decoding=\"async\" class=\"wp-image-367008 alignleft\" src=\"https:\/\/www.radiopiu.net\/wordpress\/wp-content\/uploads\/2023\/12\/images-300x152.png\" alt=\"\" width=\"235\" height=\"119\" srcset=\"https:\/\/www.radiopiu.net\/wordpress\/wp-content\/uploads\/2023\/12\/images-300x152.png 300w, https:\/\/www.radiopiu.net\/wordpress\/wp-content\/uploads\/2023\/12\/images.png 316w\" sizes=\"auto, (max-width: 235px) 100vw, 235px\" \/><\/a>OGNI GIORNO ALLE SETTE DEL MATTINO, LA RASSEGNA STAMPA LOCALE FLASH&#8230; PER CHI VA IN FRETTA. I TITOLI DAI GIORNALI E DAL SITO WWW.RADIOPIU.NET <span style=\"color: #0000ff;\">viene pubblicato alle 7.00<\/span> <span style=\"color: #ff0000;\">DIRETTA RADIO\u00a0<\/span><\/strong><\/p>\n<p><em><span style=\"color: #ff0000;\">per chi va in fretta&#8230; tante notizie in pochi minuti. L&#8217;informazione locale alla radio, ogni ora dalle 7 del mattino alle 19 della sera.\u00a0 \u00a0 \u00a0\u00a0<\/span><\/em><\/p>\n<p>&nbsp;<\/p>\n<p><strong>PEDAVENA<\/strong> Ieri alle 16, la Centrale del 118 \u00e8 stata attivata per un parapendio precipitato da Malga Campet sul Monte Avena. Purtroppo, il 55enne BOLOGNESE coinvolto \u00e8 deceduto. La salma \u00e8 stata affidata ai Carabinieri.<br \/>\n<strong>AURONZO<\/strong> Verso le 14.30, l\u2019eliambulanza \u00e8 intervenuta sotto Forcella Rin Bianco a Misurina per soccorrere una coppia sudcoreana bloccata su un sentiero ripido. Recuperati con un verricello di 20 metri, i turisti sono stati portati al lago d\u2019Antorno. Pronto a intervenire anche il Soccorso alpino di Auronzo.<br \/>\n<span style=\"color: #ff0000;\"><strong>I Carabinieri hanno ritrovato a Bolzano la Nissan Qashqai rubata sopra Alleghe tra il 12 e il 13 maggio. L&#8217;auto, finita in un burrone, \u00e8 stata scoperta da escursionisti. La ricostruzione dettagliata dei Carabinieri dell&#8217;Agordino ha tracciato il percorso del veicolo attraverso Taibon, Voltago, Gosaldo, il Trentino e il Primiero, ovviamente passanto davanti alla caserma dei Carabinieri (di confine) che proprio la scorsa settimana \u00e8 stata chiusa.<\/strong><\/span><br \/>\n<strong>BELLUNO<\/strong> La Squadra Mobile di Belluno, coadiuvata dai colleghi di Rimini, ha arrestato I.F., 33enne, su ordine della Procura di Belluno, condannandolo a 3 anni di reclusione per lesioni gravi, estorsione, rapina e spaccio di droga. L&#8217;aggressione, avvenuta a gennaio 2023 a causa di un debito di 200\u20ac per cocaina, ha causato lesioni gravi alla vittima, con una prognosi di oltre 40 giorni.<\/p>\n<h2>AUDIO dalle 7 del mattino<\/h2>\n<audio class=\"wp-audio-shortcode\" id=\"audio-390427-3\" preload=\"none\" style=\"width: 100%;\" controls=\"controls\"><source type=\"audio\/mpeg\" src=\"https:\/\/www.radiopiu.net\/wordpress\/wp-content\/uploads\/2024\/05\/GF07-16.mp3?_=3\" \/><a href=\"https:\/\/www.radiopiu.net\/wordpress\/wp-content\/uploads\/2024\/05\/GF07-16.mp3\">https:\/\/www.radiopiu.net\/wordpress\/wp-content\/uploads\/2024\/05\/GF07-16.mp3<\/a><\/audio>\n<p>&nbsp;<\/p>\n<p>&nbsp;<\/p>\n<hr \/>\n<p>&nbsp;<\/p>\n<h1><\/h1>\n<h1 style=\"text-align: center;\"><span style=\"color: #ff0000;\"><a class=\"dt-pswp-item\" href=\"https:\/\/www.radiopiu.net\/wordpress\/wp-content\/uploads\/2022\/01\/026c3f9d-dae9-4040-a3c1-a6530231bcc3.jpg\" data-dt-img-description=\"\" data-large_image_width=\"1152\" data-large_image_height=\"2048\"><img loading=\"lazy\" decoding=\"async\" class=\"wp-image-251839 alignleft\" src=\"https:\/\/www.radiopiu.net\/wordpress\/wp-content\/uploads\/2022\/01\/026c3f9d-dae9-4040-a3c1-a6530231bcc3-169x300.jpg\" alt=\"\" width=\"100\" height=\"177\" srcset=\"https:\/\/www.radiopiu.net\/wordpress\/wp-content\/uploads\/2022\/01\/026c3f9d-dae9-4040-a3c1-a6530231bcc3-169x300.jpg 169w, https:\/\/www.radiopiu.net\/wordpress\/wp-content\/uploads\/2022\/01\/026c3f9d-dae9-4040-a3c1-a6530231bcc3-576x1024.jpg 576w, https:\/\/www.radiopiu.net\/wordpress\/wp-content\/uploads\/2022\/01\/026c3f9d-dae9-4040-a3c1-a6530231bcc3-768x1365.jpg 768w, https:\/\/www.radiopiu.net\/wordpress\/wp-content\/uploads\/2022\/01\/026c3f9d-dae9-4040-a3c1-a6530231bcc3-864x1536.jpg 864w, https:\/\/www.radiopiu.net\/wordpress\/wp-content\/uploads\/2022\/01\/026c3f9d-dae9-4040-a3c1-a6530231bcc3.jpg 1152w\" sizes=\"auto, (max-width: 100px) 100vw, 100px\" \/><\/a>I podcast informativi del mattino &#8211; audio &#8211;\u00a0<\/span><\/h1>\n<blockquote><p><strong>GIORNALE RADIO NAZIONALE, EDIZIONE DELLE SETTE <span style=\"color: #0000ff;\">viene pubblicato alle 7.05 <span style=\"color: #ff0000;\">DIRETTA RADIO\u00a0<\/span><\/span><\/strong><\/p><\/blockquote>\n<p><strong>il giornale radionazionale e&#8217; in onda ogni ora, dalle sette del mattino alle venti della sera\u00a0\u00a0<\/strong><\/p>\n<p>&nbsp;<\/p>\n<p><strong>La guerra<\/strong> di Gaza Bombe israeliane sui campi profughi, strage di donne e bambini <strong>Dublino <\/strong>Il presidente Mattarella: &#8220;L&#8217;Europa sia attore di pace e abbia un ruolo sempre pi\u00f9 incisivo&#8221; <strong>Isis<\/strong> rivendica l&#8217;attacco contro i turisti in Afghanistan Sei le vittime, tra cui tre spagnoli\u00a0<strong> Meloni<\/strong> riunisce i ministri sulla crisi in Iran Piantedosi, Crosetto, Tajani, Manotvano e l&#8217;intelligence <strong>Chico Forti<\/strong> in carcere a Verona, trasferito questa mattina da Rebibbia <strong>ncidenti nel Casertano,<\/strong> morti 4 ventenni: tra le vittime un ex de &#8220;Il Collegio&#8221; <strong>Congo <\/strong>Sventato un tentativo di colpo di stato nella Repubblica democratica del Congo<\/p>\n<h2>AUDIO dalle sette del mattino, ogni ora alla radio<\/h2>\n<audio class=\"wp-audio-shortcode\" id=\"audio-390427-4\" preload=\"none\" style=\"width: 100%;\" controls=\"controls\"><source type=\"audio\/mpeg\" src=\"https:\/\/www.radiopiu.net\/wordpress\/wp-content\/uploads\/2024\/05\/giornale07-14.mp3?_=4\" \/><a href=\"https:\/\/www.radiopiu.net\/wordpress\/wp-content\/uploads\/2024\/05\/giornale07-14.mp3\">https:\/\/www.radiopiu.net\/wordpress\/wp-content\/uploads\/2024\/05\/giornale07-14.mp3<\/a><\/audio>\n<p>&nbsp;<\/p>\n<p>&nbsp;<\/p>\n<hr \/>\n<p>&nbsp;<\/p>\n<p>&nbsp;<\/p>\n<h1><span style=\"color: #ff0000;\">I podcast informativi del mattino &#8211; video &#8211;\u00a0<\/span><\/h1>\n<h2><strong><a class=\"dt-pswp-item\" href=\"https:\/\/www.radiopiu.net\/wordpress\/wp-content\/uploads\/2023\/12\/th-10.jpg\" data-dt-img-description=\"\" data-large_image_width=\"245\" data-large_image_height=\"180\"><img loading=\"lazy\" decoding=\"async\" class=\" wp-image-367395 alignleft\" src=\"https:\/\/www.radiopiu.net\/wordpress\/wp-content\/uploads\/2023\/12\/th-10.jpg\" alt=\"\" width=\"166\" height=\"122\" \/><\/a>RASSEGNA STAMPA LOCALE, ORE OTTO 05<\/strong><\/h2>\n<h2><strong> <span style=\"color: #0000ff;\">viene\u00a0 <\/span><\/strong><strong><span style=\"color: #0000ff;\">pubblicata alle 8.05 <span style=\"color: #ff0000;\">DIRETTA RADIO\u00a0\u00a0<\/span><\/span><\/strong><\/h2>\n<p><strong>DI MIRKO MEZZACASA\u00a0 \u00a0<\/strong><\/p>\n<p><strong>ZOLDO<\/strong> Un orso ha causato danni a tre alveari a Solagnot, Val di Zoldo, confermando il suo ritorno dopo un precedente attacco a Fornesighe. La Polizia Provinciale ha identificato l&#8217;orso come lo stesso individuo che aveva attaccato in Val Zoldana. Le autorit\u00e0 stanno raccogliendo prove biologiche e installando fototrappole per monitorare il suo movimento. Gli apicoltori sono consigliati a utilizzare recinti elettrificati per proteggere le api, mentre la polizia collabora con il Progetto Lince Italia per monitorare altre specie selvatiche.<br \/>\n<strong>CENCENIGHE<\/strong> Il turista tedesco ingannato dal navigatore, ha girato a destra ma sulla strada sbagliata che porta alle frazioni alte di Cencenighe. Una volta resosi contro dell&#8217;errore ha tentato una difficile manovra con il camper e il realtivo rimorchio che sono finiti contro la recinzione dell&#8217;abitazione. Sul posto i Vigili del Fuoco con l&#8217;autoscala. L\u2019Intervento \u00e8 durato pi\u00f9 di 4 ore e i turisti si sono poi allontanati.<br \/>\n<strong><span style=\"color: #ff0000;\">FELTRE Topi d&#8217;appartamento in azione a Vignui e Villabruna seguendo il copione dei raid del sabato sera: i ladri si introducono nelle case di chi \u00e8 uscito a cena, agendo rapidamente e passando ad altri obiettivi vicini. Sabato sera hanno colpito una villetta a Vignui e una casa a Villabruna, puntando su oggetti preziosi e denaro contante.<\/span><\/strong><br \/>\n<strong>DAL FONDO<\/strong> COMUNI CONFINANTI UN CONTRIBUTO DI UN MILIONE E MEZZO DI EURO PER IL RECUPERO DI DUE EDIFICI IN VAL COMELICO<br \/>\n<strong>VENETO<\/strong>: ABBIAMO L\u2019INFLAZIONE PIU\u2019 ALTA D\u2019ITALIA Il caro vita ha colpito soprattutto Venezia e Padova, TUTTI I PARTICOLARI SUL SITO DI RADIOPIU, NEL GIORNALE RADIOPIU DI OGGI<\/p>\n<h2><span style=\"color: #ff0000;\"><strong>VIDEO\u00a0 \u00a0in diretta dalle 8 del mattino\u00a0\u00a0<\/strong><\/span><\/h2>\n<p>&nbsp;<\/p>\n<p><iframe loading=\"lazy\" title=\"DAL 1983 LA RASSEGNA STAMPA LOCALE di mirko mezzacasa. L&#039;ORIGINALE\" width=\"1200\" height=\"675\" src=\"https:\/\/www.youtube.com\/embed\/hb7pVYiMGrU?feature=oembed\" frameborder=\"0\" allow=\"accelerometer; autoplay; clipboard-write; encrypted-media; gyroscope; picture-in-picture; web-share\" referrerpolicy=\"strict-origin-when-cross-origin\" allowfullscreen><\/iframe><\/p>\n<p>&nbsp;<\/p>\n<hr \/>\n<p>&nbsp;<\/p>\n<blockquote>\n<h3>LAMON, ACQUA INQUINATA<\/h3>\n<\/blockquote>\n<p><strong>REDAZIONE<\/strong> Gestione Servizi Pubblici informa che a LAMON Divieto di utilizzo dell\u2019acqua di acquedotto per uso alimentare nelle frazioni di Pezz\u00e8 se non previa bollitura: sulla piazza arriva l\u2019autobotte.<\/p>\n<p>&nbsp;<\/p>\n<hr \/>\n<p>&nbsp;<\/p>\n<blockquote>\n<h3>INCIDENTE SUL MONTE AVENA: PERDE LA VITA CON IL PARAPENDIO<\/h3>\n<\/blockquote>\n<div dir=\"auto\">\n<div dir=\"auto\"><img loading=\"lazy\" decoding=\"async\" class=\"alignleft\" src=\"https:\/\/www.radiopiu.net\/wordpress\/wp-content\/uploads\/2024\/05\/Watermark_20240519_184033_568.jpg\" width=\"232\" height=\"309\" \/><strong>PEDAVENA<\/strong> Attorno alle 16, la Centrale del 118 \u00e8 stata attivata per un parapendio precipitato poco dopo il decollo da Malga Campet sul Monte Avena. L\u2019elicottero del Suem di Pieve di Cadore \u00e8 volato verso il luogo indicato dalle coordinate, sbarcando l&#8217;equipe medica e il tecnico di elisoccorso. Questi si <a class=\"dt-pswp-item\" href=\"https:\/\/www.radiopiu.net\/wordpress\/wp-content\/uploads\/2024\/05\/Senza-nome-37.png\" data-dt-img-description=\"\" data-large_image_width=\"178\" data-large_image_height=\"210\"><img loading=\"lazy\" decoding=\"async\" class=\"size-full wp-image-390883 alignright\" src=\"https:\/\/www.radiopiu.net\/wordpress\/wp-content\/uploads\/2024\/05\/Senza-nome-37.png\" alt=\"\" width=\"178\" height=\"210\" \/><\/a>sono precipitati verso l&#8217;uomo, un 55enne di Bologna, che respirava ma era incosciente, circondato da diverse persone. Le condizioni dell&#8217;uomo sono peggiorate rapidamente e il personale sanitario ha iniziato le manovre di rianimazione, ma purtroppo non c\u2019\u00e8 stato nulla da fare. La salma \u00e8 stata affidata ai Carabinieri.<\/div>\n<div dir=\"auto\"><\/div>\n<div dir=\"auto\">\n<div class=\"flex flex-grow flex-col max-w-full\">\n<div class=\"min-h-[20px] text-message flex flex-col items-start whitespace-pre-wrap break-words [.text-message+&amp;]:mt-5 juice:w-full juice:items-end overflow-x-auto gap-2\" dir=\"auto\" data-message-author-role=\"assistant\" data-message-id=\"d5685dde-5e62-4f0b-8316-4337918e30bc\">\n<div class=\"flex w-full flex-col gap-1 juice:empty:hidden juice:first:pt-[3px]\">\n<div class=\"markdown prose w-full break-words dark:prose-invert dark\">\n<p><strong>AURONZO<\/strong> In una precedente missione, l\u2019eliambulanza era volata sotto Forcella Rin Bianco a Misurina, rispondendo alla richiesta di aiuto di una coppia sudcoreana arrivata verso le 14.30. Tentando di raggiungere un punto panoramico, marito e moglie di 32 e 28 anni avevano perso la traccia del sentiero, finendo in un punto ripido tra le rocce. La donna, fiaccata dalla stanchezza, non era pi\u00f9 in grado di proseguire. Recuperati con un verricello di 20 metri, i due turisti sono stati lasciati al lago d\u2019Antorno. Pronto a intervenire anche il Soccorso alpino di Auronzo.<\/p>\n<div><\/div>\n<\/div>\n<\/div>\n<\/div>\n<\/div>\n<\/div>\n<\/div>\n<div dir=\"auto\">\n<div class=\"flex flex-grow flex-col max-w-full\">\n<div class=\"min-h-[20px] text-message flex flex-col items-start whitespace-pre-wrap break-words [.text-message+&amp;]:mt-5 juice:w-full juice:items-end overflow-x-auto gap-2\" dir=\"auto\" data-message-author-role=\"assistant\" data-message-id=\"d5685dde-5e62-4f0b-8316-4337918e30bc\">\n<div class=\"flex w-full flex-col gap-1 juice:empty:hidden juice:first:pt-[3px]\">\n<div class=\"markdown prose w-full break-words dark:prose-invert dark\">\n<p>&nbsp;<\/p>\n<p>&nbsp;<\/p>\n<hr \/>\n<p>&nbsp;<\/p>\n<\/div>\n<\/div>\n<\/div>\n<\/div>\n<\/div>\n<blockquote>\n<h3>RITROVATA IN UN BURRONE A BOLZANO L&#8217;AUTO RUBATA POCHI GIORNI FA A CAPRILE<\/h3>\n<\/blockquote>\n<p><strong><a class=\"dt-pswp-item\" href=\"https:\/\/www.radiopiu.net\/wordpress\/wp-content\/uploads\/2021\/10\/d114a40e-bd5d-4ed4-969a-c1cfff9b1497.jpg\" data-dt-img-description=\"\" data-large_image_width=\"2000\" data-large_image_height=\"1496\"><img loading=\"lazy\" decoding=\"async\" class=\" wp-image-237169 alignleft\" src=\"https:\/\/www.radiopiu.net\/wordpress\/wp-content\/uploads\/2021\/10\/d114a40e-bd5d-4ed4-969a-c1cfff9b1497-300x224.jpg\" alt=\"\" width=\"218\" height=\"163\" srcset=\"https:\/\/www.radiopiu.net\/wordpress\/wp-content\/uploads\/2021\/10\/d114a40e-bd5d-4ed4-969a-c1cfff9b1497-300x224.jpg 300w, https:\/\/www.radiopiu.net\/wordpress\/wp-content\/uploads\/2021\/10\/d114a40e-bd5d-4ed4-969a-c1cfff9b1497-1024x766.jpg 1024w, https:\/\/www.radiopiu.net\/wordpress\/wp-content\/uploads\/2021\/10\/d114a40e-bd5d-4ed4-969a-c1cfff9b1497-768x574.jpg 768w, https:\/\/www.radiopiu.net\/wordpress\/wp-content\/uploads\/2021\/10\/d114a40e-bd5d-4ed4-969a-c1cfff9b1497-1536x1149.jpg 1536w, https:\/\/www.radiopiu.net\/wordpress\/wp-content\/uploads\/2021\/10\/d114a40e-bd5d-4ed4-969a-c1cfff9b1497.jpg 2000w\" sizes=\"auto, (max-width: 218px) 100vw, 218px\" \/><\/a>REDAZIONE<\/strong> I Carabinieri di Caprile, Cencenighe, Agordo con i colleghi del Trentino e di Bolzano hanno chiuso il cerchio. La Nissan Qashqai \u00e8 stata ritrovata a Bolzano in un burrone. Rubata sopra Alleghe tra il 12 e il 13 maggio. Dalla ricostruzione dettagliata dei Carabinieri dell&#8217;Agordino, coordinati dal Marsciallo Loria della stazione di Caprile, hanno ricostruito il passaggio dell&#8217;auto a Taibon Strapont, quindi verso la localit\u00e0 Campagna dove \u00e8 stato commesso un furto di attrezzi. L&#8217;auto quindi ha preso la via per Voltago, transitando a Gosaldo davanti alla caserma dei Carabinieri, chiusa proprio in queste settimane, per poi raggiungere il Trentino, quindi il Primiero e poi a Bolzano abbandonando l&#8217;auto in un burrone ritrovata sabato da alcuni escursionisti che hanno informato i Carabinieri. Prossimamente si provveder\u00e0 al recupero. L&#8217;auto \u00e8 distrutta. Quello dei Carabinieri dell&#8217;Agordino e dei colleghi di Trentino e Bolzano \u00e8 stato un gran lavoro di ricostruzione. Avevano infatti concluso che l&#8217;auto aveva preso la via dell&#8217;Alto Adige, dove infatti \u00e8 stata ritrovata.<\/p>\n<p>&nbsp;<\/p>\n<blockquote>\n<h3 class=\"entry-title\">FABIO RITROVA UN\u2019AUTO RUBATA SOPRA CAPRILE DI ALLEGHE<\/h3>\n<\/blockquote>\n<p><strong><img loading=\"lazy\" decoding=\"async\" class=\"alignleft\" src=\"https:\/\/www.radiopiu.net\/wordpress\/wp-content\/uploads\/2024\/05\/Senza-nome-36.png\" width=\"224\" height=\"174\" \/>BOLZANO<\/strong> E&#8217; Fabio l&#8217;autore del ritrovamento dell&#8217;auto rubata sopra Caprile di Alleghe. Lui ha informato i Carabinieri di Bolzano segnalando la Nissan azzurrina capottata lungo i colli.<\/p>\n<blockquote><p><em>&#8220;Stavo percorrendo quei sentieri in mtb &#8211; ci racconta &#8211; e mi sono imbattuto nell&#8217;auto: cappottata. Quindi tetto ammaccato e vetri anteriori e parabrezza saltati. L&#8217;auto non \u00e8 stata abbandonata, probabilmente per non farsi intercettare dai Carabinieri avanzavano per boschi, qualcosa \u00e8 andata male e l&#8217;auto si \u00e8 capovolta in una scarpata. Inutile dire che gli airbag sono tutti scoppiati&#8221;.\u00a0\u00a0<\/em><\/p><\/blockquote>\n<p>Le indagini proseguono. Gli uomini dell&#8217;Arma, coordinati dal luogotenente Marcello Loria, comandante la stazione di Caprile di Alleghe, sono pronti ad analizzare gli interni dell&#8217;auto (sotto sequestro) e le immagini delle tante telecamere tra Alleghe, Taibon, Gosaldo, Fiera di Primiero e fino a Bolzano.<\/p>\n<p>&nbsp;<\/p>\n<p>&nbsp;<\/p>\n<hr \/>\n<p>&nbsp;<\/p>\n<blockquote>\n<h3 class=\"entry-title\">ARRESTATO PER ESTORSIONE E SPACCIO: CONDANNATO A 3 ANNI<\/h3>\n<\/blockquote>\n<p><strong><img loading=\"lazy\" decoding=\"async\" class=\"alignleft\" src=\"https:\/\/www.radiopiu.net\/wordpress\/wp-content\/uploads\/2024\/04\/polizia.jpg\" width=\"206\" height=\"116\" \/>BELLUNO <\/strong>Venerd\u00ec, la Squadra Mobile di Belluno, con l\u2019ausilio dei colleghi di Rimini, ha eseguito l\u2019ordine di carcerazione per I.F., 33enne pregiudicato. La Procura della Repubblica di Belluno ha emesso il provvedimento che condanna I.F. a 3 anni di reclusione per lesioni personali gravi, estorsione, rapina e spaccio di droga.<\/p>\n<blockquote>\n<p align=\"JUSTIFY\"><em><span style=\"font-size: medium;\">calci e pugni al volto e al torace, colpito anche mentre si trovava a terra. L\u2019aggressione aveva provocato lesioni personali gravi con un\u2019importante prognosi ben oltre i 40 giorni a causa delle fratture cagionate.\u00a0<\/span><\/em><\/p>\n<\/blockquote>\n<p>L\u2019aggressione, avvenuta a gennaio 2023, \u00e8 stata causata da un debito di 200\u20ac per l&#8217;acquisto di cocaina. I.F. ha aggredito violentemente la vittima e le ha sottratto un bracciale. La vittima ha poi dovuto effettuare una ricarica su una carta prepagata intestata a I.F. come parte della pretesa estorsiva. Condannato il 19 marzo, I.F. \u00e8 stato trasferito nella Casa Circondariale &#8220;Casetti&#8221; di Rimini.<\/p>\n<p>&nbsp;<\/p>\n<p>&nbsp;<\/p>\n<hr \/>\n<p>&nbsp;<\/p>\n<blockquote>\n<h3>L&#8217;ORSO CONTINUA LA SUA VISITA IN VAL DI ZOLDO. COLPITO UN ALTRO APIARIO A SOLAGNOT<\/h3>\n<\/blockquote>\n<p><strong><a class=\"dt-pswp-item\" href=\"https:\/\/www.radiopiu.net\/wordpress\/wp-content\/uploads\/2024\/05\/PHOTO-2024-05-18-14-08-28.jpg\" data-dt-img-description=\"\" data-large_image_width=\"1600\" data-large_image_height=\"1200\"><img loading=\"lazy\" decoding=\"async\" class=\" wp-image-390529 alignleft\" src=\"https:\/\/www.radiopiu.net\/wordpress\/wp-content\/uploads\/2024\/05\/PHOTO-2024-05-18-14-08-28-300x225.jpg\" alt=\"\" width=\"156\" height=\"117\" srcset=\"https:\/\/www.radiopiu.net\/wordpress\/wp-content\/uploads\/2024\/05\/PHOTO-2024-05-18-14-08-28-300x225.jpg 300w, https:\/\/www.radiopiu.net\/wordpress\/wp-content\/uploads\/2024\/05\/PHOTO-2024-05-18-14-08-28-1024x768.jpg 1024w, https:\/\/www.radiopiu.net\/wordpress\/wp-content\/uploads\/2024\/05\/PHOTO-2024-05-18-14-08-28-768x576.jpg 768w, https:\/\/www.radiopiu.net\/wordpress\/wp-content\/uploads\/2024\/05\/PHOTO-2024-05-18-14-08-28-1536x1152.jpg 1536w, https:\/\/www.radiopiu.net\/wordpress\/wp-content\/uploads\/2024\/05\/PHOTO-2024-05-18-14-08-28.jpg 1600w\" sizes=\"auto, (max-width: 156px) 100vw, 156px\" \/><\/a>VAL DI ZOLDO<\/strong> Un orso \u00e8 tornato a cibarsi di miele in Val di Zoldo, dopo un recente attacco a Fornesighe. Durante la notte ha distrutto tre alveari a Solagnot, causando gravi danni all&#8217;apicoltore. La Polizia Provinciale ha confermato che si tratta dello stesso orso, che aveva gi\u00e0 colpito in Val Zoldana giorni prima. Gli agenti stanno raccogliendo materiale biologico e installando fototrappole per monitorare i movimenti dell&#8217;orso. Gli esperti consigliano agli apicoltori di utilizzare recinti elettrificati per prevenire ulteriori danni, sottolineando che l&#8217;orso \u00e8 solo di passaggio. La Polizia collabora anche con il Progetto Lince Italia per monitorare altre specie selvatiche come il lupo.<\/p>\n<p>&nbsp;<\/p>\n<p>&nbsp;<\/p>\n<hr \/>\n<p>&nbsp;<\/p>\n<blockquote>\n<h3>CAMPER IN DIFFICOLTA&#8217;, VIGILI DEL FUOCO AL LAVORO<\/h3>\n<\/blockquote>\n<p><strong>CENCENIGHE<\/strong> Il turista tedesco ingannato dal navigatore, ha girato a destra ma sulla strada sbagliata che porta alle frazioni alte di Cencenighe. Una volta resosi contro dell&#8217;errore ha tentato una difficile manovra con il camper e il realtivo rimorchio che sono finiti contro la recinzione dell&#8217;abitazione. Sul posto i Vigili del Fuoco con l&#8217;autoscala. L\u2019Intervento \u00e8 durato pi\u00f9 di 4 ore e i turisti si sono poi allontanati.<\/p>\n\n\t\t\t<style type='text\/css'>\n\t\t\t\t#gallery-1 {\n\t\t\t\t\tmargin: auto;\n\t\t\t\t}\n\t\t\t\t#gallery-1 .gallery-item {\n\t\t\t\t\tfloat: left;\n\t\t\t\t\tmargin-top: 10px;\n\t\t\t\t\ttext-align: center;\n\t\t\t\t\twidth: 20%;\n\t\t\t\t}\n\t\t\t\t#gallery-1 img {\n\t\t\t\t\tborder: 2px solid #cfcfcf;\n\t\t\t\t}\n\t\t\t\t#gallery-1 .gallery-caption {\n\t\t\t\t\tmargin-left: 0;\n\t\t\t\t}\n\t\t\t\t\/* see gallery_shortcode() in wp-includes\/media.php *\/\n\t\t\t<\/style>\n\t\t<div id='gallery-1' class='dt-gallery-container gallery galleryid-390427 gallery-columns-5 gallery-size-medium'><dl class='gallery-item'>\n\t\t\t\t<dt class='gallery-icon landscape'>\n\t\t\t\t\t<a class=\"rollover rollover-zoom dt-pswp-item\" title=\"2fc218ab-ccae-4655-a572-22d45d79e233\" data-dt-img-description=\"\" data-large_image_width=\"2048\" data-large_image_height=\"1152\"href='https:\/\/www.radiopiu.net\/wordpress\/wp-content\/uploads\/2024\/05\/2fc218ab-ccae-4655-a572-22d45d79e233.jpg'><img loading=\"lazy\" decoding=\"async\" width=\"300\" height=\"169\" src=\"https:\/\/www.radiopiu.net\/wordpress\/wp-content\/uploads\/2024\/05\/2fc218ab-ccae-4655-a572-22d45d79e233-300x169.jpg\" class=\"attachment-medium size-medium\" alt=\"\" srcset=\"https:\/\/www.radiopiu.net\/wordpress\/wp-content\/uploads\/2024\/05\/2fc218ab-ccae-4655-a572-22d45d79e233-300x169.jpg 300w, https:\/\/www.radiopiu.net\/wordpress\/wp-content\/uploads\/2024\/05\/2fc218ab-ccae-4655-a572-22d45d79e233-1024x576.jpg 1024w, https:\/\/www.radiopiu.net\/wordpress\/wp-content\/uploads\/2024\/05\/2fc218ab-ccae-4655-a572-22d45d79e233-768x432.jpg 768w, https:\/\/www.radiopiu.net\/wordpress\/wp-content\/uploads\/2024\/05\/2fc218ab-ccae-4655-a572-22d45d79e233-1536x864.jpg 1536w, https:\/\/www.radiopiu.net\/wordpress\/wp-content\/uploads\/2024\/05\/2fc218ab-ccae-4655-a572-22d45d79e233.jpg 2048w\" sizes=\"auto, (max-width: 300px) 100vw, 300px\" \/><\/a>\n\t\t\t\t<\/dt><\/dl><dl class='gallery-item'>\n\t\t\t\t<dt class='gallery-icon landscape'>\n\t\t\t\t\t<a class=\"rollover rollover-zoom dt-pswp-item\" title=\"fe51992b-d58d-4be4-8d84-03a63fb94ce1\" data-dt-img-description=\"\" data-large_image_width=\"2048\" data-large_image_height=\"1152\"href='https:\/\/www.radiopiu.net\/wordpress\/wp-content\/uploads\/2024\/05\/fe51992b-d58d-4be4-8d84-03a63fb94ce1.jpg'><img loading=\"lazy\" decoding=\"async\" width=\"300\" height=\"169\" src=\"https:\/\/www.radiopiu.net\/wordpress\/wp-content\/uploads\/2024\/05\/fe51992b-d58d-4be4-8d84-03a63fb94ce1-300x169.jpg\" class=\"attachment-medium size-medium\" alt=\"\" srcset=\"https:\/\/www.radiopiu.net\/wordpress\/wp-content\/uploads\/2024\/05\/fe51992b-d58d-4be4-8d84-03a63fb94ce1-300x169.jpg 300w, https:\/\/www.radiopiu.net\/wordpress\/wp-content\/uploads\/2024\/05\/fe51992b-d58d-4be4-8d84-03a63fb94ce1-1024x576.jpg 1024w, https:\/\/www.radiopiu.net\/wordpress\/wp-content\/uploads\/2024\/05\/fe51992b-d58d-4be4-8d84-03a63fb94ce1-768x432.jpg 768w, https:\/\/www.radiopiu.net\/wordpress\/wp-content\/uploads\/2024\/05\/fe51992b-d58d-4be4-8d84-03a63fb94ce1-1536x864.jpg 1536w, https:\/\/www.radiopiu.net\/wordpress\/wp-content\/uploads\/2024\/05\/fe51992b-d58d-4be4-8d84-03a63fb94ce1.jpg 2048w\" sizes=\"auto, (max-width: 300px) 100vw, 300px\" \/><\/a>\n\t\t\t\t<\/dt><\/dl><dl class='gallery-item'>\n\t\t\t\t<dt class='gallery-icon landscape'>\n\t\t\t\t\t<a class=\"rollover rollover-zoom dt-pswp-item\" title=\"7e53ed2d-a60c-4aee-b9f4-51cb79736859\" data-dt-img-description=\"\" data-large_image_width=\"2048\" data-large_image_height=\"1152\"href='https:\/\/www.radiopiu.net\/wordpress\/wp-content\/uploads\/2024\/05\/7e53ed2d-a60c-4aee-b9f4-51cb79736859.jpg'><img loading=\"lazy\" decoding=\"async\" width=\"300\" height=\"169\" src=\"https:\/\/www.radiopiu.net\/wordpress\/wp-content\/uploads\/2024\/05\/7e53ed2d-a60c-4aee-b9f4-51cb79736859-300x169.jpg\" class=\"attachment-medium size-medium\" alt=\"\" srcset=\"https:\/\/www.radiopiu.net\/wordpress\/wp-content\/uploads\/2024\/05\/7e53ed2d-a60c-4aee-b9f4-51cb79736859-300x169.jpg 300w, https:\/\/www.radiopiu.net\/wordpress\/wp-content\/uploads\/2024\/05\/7e53ed2d-a60c-4aee-b9f4-51cb79736859-1024x576.jpg 1024w, https:\/\/www.radiopiu.net\/wordpress\/wp-content\/uploads\/2024\/05\/7e53ed2d-a60c-4aee-b9f4-51cb79736859-768x432.jpg 768w, https:\/\/www.radiopiu.net\/wordpress\/wp-content\/uploads\/2024\/05\/7e53ed2d-a60c-4aee-b9f4-51cb79736859-1536x864.jpg 1536w, https:\/\/www.radiopiu.net\/wordpress\/wp-content\/uploads\/2024\/05\/7e53ed2d-a60c-4aee-b9f4-51cb79736859.jpg 2048w\" sizes=\"auto, (max-width: 300px) 100vw, 300px\" \/><\/a>\n\t\t\t\t<\/dt><\/dl><dl class='gallery-item'>\n\t\t\t\t<dt class='gallery-icon landscape'>\n\t\t\t\t\t<a class=\"rollover rollover-zoom dt-pswp-item\" title=\"9e14aed1-2bcf-4c06-88e7-a0f7f4f90f0f\" data-dt-img-description=\"\" data-large_image_width=\"2048\" data-large_image_height=\"1152\"href='https:\/\/www.radiopiu.net\/wordpress\/wp-content\/uploads\/2024\/05\/9e14aed1-2bcf-4c06-88e7-a0f7f4f90f0f.jpg'><img loading=\"lazy\" decoding=\"async\" width=\"300\" height=\"169\" src=\"https:\/\/www.radiopiu.net\/wordpress\/wp-content\/uploads\/2024\/05\/9e14aed1-2bcf-4c06-88e7-a0f7f4f90f0f-300x169.jpg\" class=\"attachment-medium size-medium\" alt=\"\" srcset=\"https:\/\/www.radiopiu.net\/wordpress\/wp-content\/uploads\/2024\/05\/9e14aed1-2bcf-4c06-88e7-a0f7f4f90f0f-300x169.jpg 300w, https:\/\/www.radiopiu.net\/wordpress\/wp-content\/uploads\/2024\/05\/9e14aed1-2bcf-4c06-88e7-a0f7f4f90f0f-1024x576.jpg 1024w, https:\/\/www.radiopiu.net\/wordpress\/wp-content\/uploads\/2024\/05\/9e14aed1-2bcf-4c06-88e7-a0f7f4f90f0f-768x432.jpg 768w, https:\/\/www.radiopiu.net\/wordpress\/wp-content\/uploads\/2024\/05\/9e14aed1-2bcf-4c06-88e7-a0f7f4f90f0f-1536x864.jpg 1536w, https:\/\/www.radiopiu.net\/wordpress\/wp-content\/uploads\/2024\/05\/9e14aed1-2bcf-4c06-88e7-a0f7f4f90f0f.jpg 2048w\" sizes=\"auto, (max-width: 300px) 100vw, 300px\" \/><\/a>\n\t\t\t\t<\/dt><\/dl><dl class='gallery-item'>\n\t\t\t\t<dt class='gallery-icon landscape'>\n\t\t\t\t\t<a class=\"rollover rollover-zoom dt-pswp-item\" title=\"d6044d48-2043-4ce5-b09a-3aef3053f8b6\" data-dt-img-description=\"\" data-large_image_width=\"2048\" data-large_image_height=\"1152\"href='https:\/\/www.radiopiu.net\/wordpress\/wp-content\/uploads\/2024\/05\/d6044d48-2043-4ce5-b09a-3aef3053f8b6.jpg'><img loading=\"lazy\" decoding=\"async\" width=\"300\" height=\"169\" src=\"https:\/\/www.radiopiu.net\/wordpress\/wp-content\/uploads\/2024\/05\/d6044d48-2043-4ce5-b09a-3aef3053f8b6-300x169.jpg\" class=\"attachment-medium size-medium\" alt=\"\" srcset=\"https:\/\/www.radiopiu.net\/wordpress\/wp-content\/uploads\/2024\/05\/d6044d48-2043-4ce5-b09a-3aef3053f8b6-300x169.jpg 300w, https:\/\/www.radiopiu.net\/wordpress\/wp-content\/uploads\/2024\/05\/d6044d48-2043-4ce5-b09a-3aef3053f8b6-1024x576.jpg 1024w, https:\/\/www.radiopiu.net\/wordpress\/wp-content\/uploads\/2024\/05\/d6044d48-2043-4ce5-b09a-3aef3053f8b6-768x432.jpg 768w, https:\/\/www.radiopiu.net\/wordpress\/wp-content\/uploads\/2024\/05\/d6044d48-2043-4ce5-b09a-3aef3053f8b6-1536x864.jpg 1536w, https:\/\/www.radiopiu.net\/wordpress\/wp-content\/uploads\/2024\/05\/d6044d48-2043-4ce5-b09a-3aef3053f8b6.jpg 2048w\" sizes=\"auto, (max-width: 300px) 100vw, 300px\" \/><\/a>\n\t\t\t\t<\/dt><\/dl><br style=\"clear: both\" \/>\n\t\t\t<\/div>\n\n<p>&nbsp;<\/p>\n<p>&nbsp;<\/p>\n<hr \/>\n<p>&nbsp;<\/p>\n<p>&nbsp;<\/p>\n<blockquote>\n<h3><strong><a class=\"dt-pswp-item\" href=\"https:\/\/www.radiopiu.net\/wordpress\/wp-content\/uploads\/2023\/12\/Senza-nome-54.png\" data-dt-img-description=\"\" data-large_image_width=\"507\" data-large_image_height=\"301\"><img loading=\"lazy\" decoding=\"async\" class=\"wp-image-366304 alignleft\" src=\"https:\/\/www.radiopiu.net\/wordpress\/wp-content\/uploads\/2023\/12\/Senza-nome-54-300x178.png\" alt=\"\" width=\"197\" height=\"117\" srcset=\"https:\/\/www.radiopiu.net\/wordpress\/wp-content\/uploads\/2023\/12\/Senza-nome-54-300x178.png 300w, https:\/\/www.radiopiu.net\/wordpress\/wp-content\/uploads\/2023\/12\/Senza-nome-54.png 507w\" sizes=\"auto, (max-width: 197px) 100vw, 197px\" \/><\/a>Raid del Sabato Sera: Topi d&#8217;Appartamento in Azione a Vignui e Villabruna<\/strong><\/h3>\n<\/blockquote>\n<div class=\"flex flex-grow flex-col max-w-full\">\n<div class=\"min-h-[20px] text-message flex flex-col items-start whitespace-pre-wrap break-words [.text-message+&amp;]:mt-5 juice:w-full juice:items-end overflow-x-auto gap-2\" dir=\"auto\" data-message-author-role=\"assistant\" data-message-id=\"6c4ea1bc-0560-486c-a696-0e072efb23e4\">\n<div class=\"flex w-full flex-col gap-1 juice:empty:hidden juice:first:pt-[3px]\">\n<div class=\"markdown prose w-full break-words dark:prose-invert dark\">\n<p>Topi d&#8217;appartamento in azione a Vignui e Villabruna seguendo il copione dei raid del sabato sera: i ladri si introducono nelle case di chi \u00e8 uscito a cena, agendo rapidamente e passando ad altri obiettivi vicini. Sabato sera hanno colpito una villetta a Vignui e una casa a Villabruna, puntando su oggetti preziosi e denaro contante. A Vignui, la famiglia era uscita alle 20 e al rientro ha trovato la casa rovistata e alcuni gioielli rubati. I ladri sono entrati attraverso una finestra rotta al piano terra. La famiglia ha denunciato il furto ai Carabinieri di Feltre.<\/p>\n<\/div>\n<\/div>\n<\/div>\n<\/div>\n<div class=\"mt-1 flex gap-3 empty:hidden juice:-ml-3\">\n<div class=\"items-center justify-start rounded-xl p-1 flex\">\n<div class=\"flex items-center\">\n<p>&nbsp;<\/p>\n<div class=\"flex\"><\/div>\n<div class=\"flex items-center pb-0.5 juice:pb-0\"><\/div>\n<\/div>\n<\/div>\n<\/div>\n<p>&nbsp;<\/p>\n<hr \/>\n<p>&nbsp;<\/p>\n<blockquote>\n<h3>DILLO A RADIO PIU&#8217;&#8230;SPERO SI TRATTI DI UN ERRORE CONCETTUALE<\/h3>\n<\/blockquote>\n<p><strong><a class=\"dt-pswp-item\" href=\"https:\/\/www.radiopiu.net\/wordpress\/wp-content\/uploads\/2024\/05\/SCR-20240519-iydh.png\" data-dt-img-description=\"\" data-large_image_width=\"836\" data-large_image_height=\"692\"><img loading=\"lazy\" decoding=\"async\" class=\" wp-image-390588 alignleft\" src=\"https:\/\/www.radiopiu.net\/wordpress\/wp-content\/uploads\/2024\/05\/SCR-20240519-iydh-300x248.png\" alt=\"\" width=\"198\" height=\"164\" srcset=\"https:\/\/www.radiopiu.net\/wordpress\/wp-content\/uploads\/2024\/05\/SCR-20240519-iydh-300x248.png 300w, https:\/\/www.radiopiu.net\/wordpress\/wp-content\/uploads\/2024\/05\/SCR-20240519-iydh-768x636.png 768w, https:\/\/www.radiopiu.net\/wordpress\/wp-content\/uploads\/2024\/05\/SCR-20240519-iydh.png 836w\" sizes=\"auto, (max-width: 198px) 100vw, 198px\" \/><\/a>Riceviamo e pubblichiamo<\/strong><\/p>\n<p>Domenica mattina, ore 8:30, parto con la mia bicicletta e percorro la ciclabile di Taibon fino all?altezza della Baita Peschiere, decido poi di salire al laghetto e&#8230;mi trovo il cartello di divieto a tutti i veicoli, biciclette comprese. Appoggio la bicicletta sul palo del cartello e mi avvio a piedi. Non posso rischiare di andare in bicicletta, se ho un incidente e sbatto la testa, o mi succede qualcosa di brutto, l&#8217;assicurazione mi dir\u00e0: guarda che c&#8217;era il cartello di transito a tutti i veicoli, biciclette comprese. Spero si tratti di un errore concettuale e che venga subito aggiunto &#8220;eccetto le biciclette&#8221;. L&#8217;aggiunta &#8220;eccetto autorizzati&#8221; \u00e8 chiaro che presuppone un&#8217;autorizzazione che noi ciclisti non abbiamo se non viene scritto per esteso.<\/p>\n<p>Lettera Firmata<\/p>\n\n\t\t\t<style type='text\/css'>\n\t\t\t\t#gallery-2 {\n\t\t\t\t\tmargin: auto;\n\t\t\t\t}\n\t\t\t\t#gallery-2 .gallery-item {\n\t\t\t\t\tfloat: left;\n\t\t\t\t\tmargin-top: 10px;\n\t\t\t\t\ttext-align: center;\n\t\t\t\t\twidth: 100%;\n\t\t\t\t}\n\t\t\t\t#gallery-2 img {\n\t\t\t\t\tborder: 2px solid #cfcfcf;\n\t\t\t\t}\n\t\t\t\t#gallery-2 .gallery-caption {\n\t\t\t\t\tmargin-left: 0;\n\t\t\t\t}\n\t\t\t\t\/* see gallery_shortcode() in wp-includes\/media.php *\/\n\t\t\t<\/style>\n\t\t<div id='gallery-2' class='dt-gallery-container gallery galleryid-390427 gallery-columns-1 gallery-size-medium'><dl class='gallery-item'>\n\t\t\t\t<dt class='gallery-icon landscape'>\n\t\t\t\t\t<a class=\"rollover rollover-zoom dt-pswp-item\" title=\"SCR-20240519-jcdw\" data-dt-img-description=\"\" data-large_image_width=\"1462\" data-large_image_height=\"648\"href='https:\/\/www.radiopiu.net\/wordpress\/wp-content\/uploads\/2024\/05\/SCR-20240519-jcdw.png'><img loading=\"lazy\" decoding=\"async\" width=\"300\" height=\"133\" src=\"https:\/\/www.radiopiu.net\/wordpress\/wp-content\/uploads\/2024\/05\/SCR-20240519-jcdw-300x133.png\" class=\"attachment-medium size-medium\" alt=\"\" srcset=\"https:\/\/www.radiopiu.net\/wordpress\/wp-content\/uploads\/2024\/05\/SCR-20240519-jcdw-300x133.png 300w, https:\/\/www.radiopiu.net\/wordpress\/wp-content\/uploads\/2024\/05\/SCR-20240519-jcdw-1024x454.png 1024w, https:\/\/www.radiopiu.net\/wordpress\/wp-content\/uploads\/2024\/05\/SCR-20240519-jcdw-768x340.png 768w, https:\/\/www.radiopiu.net\/wordpress\/wp-content\/uploads\/2024\/05\/SCR-20240519-jcdw.png 1462w\" sizes=\"auto, (max-width: 300px) 100vw, 300px\" \/><\/a>\n\t\t\t\t<\/dt><\/dl><br style=\"clear: both\" \/>\n\t\t\t<\/div>\n\n<p>&nbsp;<\/p>\n<hr \/>\n<p>&nbsp;<\/p>\n<blockquote>\n<h3 class=\"entry-title\">L\u2019AIL DI BELLUNO DONA BORSA DI STUDIO DA 25MILA EURO ALL\u2019ANATOMIA PATOLOGICA<\/h3>\n<\/blockquote>\n<p><strong><a class=\"dt-pswp-item\" href=\"https:\/\/www.radiopiu.net\/wordpress\/wp-content\/uploads\/2024\/05\/WhatsApp-Image-2024-05-18-at-08.52.57.jpeg\" data-dt-img-description=\"\" data-large_image_width=\"2040\" data-large_image_height=\"1530\"><img loading=\"lazy\" decoding=\"async\" class=\" wp-image-390487 alignleft\" src=\"https:\/\/www.radiopiu.net\/wordpress\/wp-content\/uploads\/2024\/05\/WhatsApp-Image-2024-05-18-at-08.52.57-300x225.jpeg\" alt=\"\" width=\"131\" height=\"98\" srcset=\"https:\/\/www.radiopiu.net\/wordpress\/wp-content\/uploads\/2024\/05\/WhatsApp-Image-2024-05-18-at-08.52.57-300x225.jpeg 300w, https:\/\/www.radiopiu.net\/wordpress\/wp-content\/uploads\/2024\/05\/WhatsApp-Image-2024-05-18-at-08.52.57-1024x768.jpeg 1024w, https:\/\/www.radiopiu.net\/wordpress\/wp-content\/uploads\/2024\/05\/WhatsApp-Image-2024-05-18-at-08.52.57-768x576.jpeg 768w, https:\/\/www.radiopiu.net\/wordpress\/wp-content\/uploads\/2024\/05\/WhatsApp-Image-2024-05-18-at-08.52.57-1536x1152.jpeg 1536w, https:\/\/www.radiopiu.net\/wordpress\/wp-content\/uploads\/2024\/05\/WhatsApp-Image-2024-05-18-at-08.52.57.jpeg 2040w\" sizes=\"auto, (max-width: 131px) 100vw, 131px\" \/><\/a>BELLUNO<\/strong> L&#8217;AIL \u2013 sezione di Belluno ha donato una borsa di studio del valore di 25 mila euro all&#8217;Anatomia Patologica di Belluno, finalizzata a progetti di ricerca clinica e diagnostica integrata in emolinfopatologia. Le malattie del sistema emolinfopoietico richiedono competenze specifiche e l&#8217;integrazione di dati clinici, patologici, citogenetici e molecolari. La borsa, della durata di un anno, \u00e8 stata conferita alla dottoressa Benedetta Dal Farra, specialista in anatomia patologica. La dottoressa collaborer\u00e0 con un team multidisciplinare, acquisendo competenze nel reparto e potenzialmente integrandosi in strutture universitarie qualificate.<\/p>\n<div class=\"flex flex-grow flex-col max-w-full\">\n<div class=\"min-h-[20px] text-message flex flex-col items-start whitespace-pre-wrap break-words [.text-message+&amp;]:mt-5 juice:w-full juice:items-end overflow-x-auto gap-2\" dir=\"auto\" data-message-author-role=\"assistant\" data-message-id=\"13ddd371-5ce7-4d71-851e-2301345adb3f\">\n<div class=\"flex w-full flex-col gap-1 juice:empty:hidden juice:first:pt-[3px]\">\n<div class=\"markdown prose w-full break-words dark:prose-invert dark\">\n<blockquote><p><em>&#8220;Ringrazio AIL per la costante attenzione e l\u2019impegno a fianco dell\u2019Azienda per lo sviluppo dei servizi a favore dei nostri assistiti,&#8221;<\/em> dice\u00a0 il dr Giuseppe Dal Ben,<em> &#8220;auguro buon lavoro al nuovo medico che potr\u00e0 trovare nell\u2019anatomia patologica di Belluno un ambiente che favorisce la crescita professionale.&#8221;<\/em><\/p><\/blockquote>\n<p>&nbsp;<\/p>\n<hr \/>\n<p>&nbsp;<\/p>\n<blockquote>\n<h3>RESTAURO DEL SANTUARIO-BASILICA DI SAN VITTORE E RECUPERO DEI LUOGHI DI CULTO FELTRINI<\/h3>\n<\/blockquote>\n<p><strong>FELTRE<\/strong> Il Comune di Feltre assumer\u00e0 la responsabilit\u00e0 della fase progettuale ed esecutiva di un nuovo finanziamento di 1,5 milioni di euro per il santuario di San Vittore, dopo che il precedente finanziamento gestito dalla Sovrintendenza era stato revocato. Questo accordo \u00e8 stato raggiunto in un incontro tra il sindaco, l&#8217;assessore al Patrimonio e ai Lavori Pubblici di Feltre, il presidente del Comitato di Gestione del Fondo per i Comuni di Confine, e il Vescovo di Belluno-Feltre. I lavori al santuario includeranno la riduzione del rischio sismico, l&#8217;adeguamento degli impianti, il restauro dell&#8217;accesso alla chiesa, e interventi sul chiostro e gli aspetti liturgici. Inoltre, una parte del finanziamento sar\u00e0 destinata a un bando per il miglioramento di altre chiese della zona. Il presidente del Fondo dei Comuni Confinanti ha espresso fiducia nel nuovo accordo, sottolineando l&#8217;importanza del coinvolgimento delle comunit\u00e0 locali nei progetti di recupero e valorizzazione.<\/p>\n\n\t\t\t<style type='text\/css'>\n\t\t\t\t#gallery-3 {\n\t\t\t\t\tmargin: auto;\n\t\t\t\t}\n\t\t\t\t#gallery-3 .gallery-item {\n\t\t\t\t\tfloat: left;\n\t\t\t\t\tmargin-top: 10px;\n\t\t\t\t\ttext-align: center;\n\t\t\t\t\twidth: 50%;\n\t\t\t\t}\n\t\t\t\t#gallery-3 img {\n\t\t\t\t\tborder: 2px solid #cfcfcf;\n\t\t\t\t}\n\t\t\t\t#gallery-3 .gallery-caption {\n\t\t\t\t\tmargin-left: 0;\n\t\t\t\t}\n\t\t\t\t\/* see gallery_shortcode() in wp-includes\/media.php *\/\n\t\t\t<\/style>\n\t\t<div id='gallery-3' class='dt-gallery-container gallery galleryid-390427 gallery-columns-2 gallery-size-medium'><dl class='gallery-item'>\n\t\t\t\t<dt class='gallery-icon landscape'>\n\t\t\t\t\t<a class=\"rollover rollover-zoom dt-pswp-item\" title=\"Incontro scheda FCC\" data-dt-img-description=\"\" data-large_image_width=\"1066\" data-large_image_height=\"596\"href='https:\/\/www.radiopiu.net\/wordpress\/wp-content\/uploads\/2024\/05\/Incontro-scheda-FCC-1.jpg'><img loading=\"lazy\" decoding=\"async\" width=\"300\" height=\"168\" src=\"https:\/\/www.radiopiu.net\/wordpress\/wp-content\/uploads\/2024\/05\/Incontro-scheda-FCC-1-300x168.jpg\" class=\"attachment-medium size-medium\" alt=\"\" srcset=\"https:\/\/www.radiopiu.net\/wordpress\/wp-content\/uploads\/2024\/05\/Incontro-scheda-FCC-1-300x168.jpg 300w, https:\/\/www.radiopiu.net\/wordpress\/wp-content\/uploads\/2024\/05\/Incontro-scheda-FCC-1-1024x573.jpg 1024w, https:\/\/www.radiopiu.net\/wordpress\/wp-content\/uploads\/2024\/05\/Incontro-scheda-FCC-1-768x429.jpg 768w, https:\/\/www.radiopiu.net\/wordpress\/wp-content\/uploads\/2024\/05\/Incontro-scheda-FCC-1.jpg 1066w\" sizes=\"auto, (max-width: 300px) 100vw, 300px\" \/><\/a>\n\t\t\t\t<\/dt><\/dl><dl class='gallery-item'>\n\t\t\t\t<dt class='gallery-icon landscape'>\n\t\t\t\t\t<a class=\"rollover rollover-zoom dt-pswp-item\" title=\"Santuario di S. Vittore\" data-dt-img-description=\"\" data-large_image_width=\"1080\" data-large_image_height=\"608\"href='https:\/\/www.radiopiu.net\/wordpress\/wp-content\/uploads\/2024\/05\/Santuario-di-S.-Vittore.jpg'><img loading=\"lazy\" decoding=\"async\" width=\"300\" height=\"169\" src=\"https:\/\/www.radiopiu.net\/wordpress\/wp-content\/uploads\/2024\/05\/Santuario-di-S.-Vittore-300x169.jpg\" class=\"attachment-medium size-medium\" alt=\"\" srcset=\"https:\/\/www.radiopiu.net\/wordpress\/wp-content\/uploads\/2024\/05\/Santuario-di-S.-Vittore-300x169.jpg 300w, https:\/\/www.radiopiu.net\/wordpress\/wp-content\/uploads\/2024\/05\/Santuario-di-S.-Vittore-1024x576.jpg 1024w, https:\/\/www.radiopiu.net\/wordpress\/wp-content\/uploads\/2024\/05\/Santuario-di-S.-Vittore-768x432.jpg 768w, https:\/\/www.radiopiu.net\/wordpress\/wp-content\/uploads\/2024\/05\/Santuario-di-S.-Vittore.jpg 1080w\" sizes=\"auto, (max-width: 300px) 100vw, 300px\" \/><\/a>\n\t\t\t\t<\/dt><\/dl><br style=\"clear: both\" \/>\n\t\t\t<\/div>\n\n<p>&nbsp;<\/p>\n<hr \/>\n<p>&nbsp;<\/p>\n<blockquote>\n<h3>DAL FONDO COMUNI CONFINANTI UN CONTRIBUTO DI UN MILIONE E MEZZO DI EURO PER IL RECUPERO DI DUE EDIFICI IN VAL COMELICO<\/h3>\n<\/blockquote>\n<p><strong>BELLUNO<\/strong> Il progetto strategico che coinvolge il Fondo per i Comuni Confinati e il Comune di San Nicol\u00f2 Comelico mira a incentivare sia le attivit\u00e0 sociali e culturali per i residenti sia l&#8217;attrattivit\u00e0 turistica del territorio. Questo progetto prevede il recupero di due edifici: l&#8217;ex mulino De Bernardin sar\u00e0 trasformato in una casa-museo, biblioteca, sala studio e spazi per l&#8217;accoglienza turistica-culturale; un secondo edificio nella frazione di Costa sar\u00e0 ristrutturato e destinato ad attivit\u00e0 di accoglienza e sociali. Il costo totale del progetto \u00e8 di 1,5 milioni di euro, finanziato interamente dal Fondo Comuni Confinanti, con completamento previsto entro la fine del 2025.<\/p>\n\n\t\t\t<style type='text\/css'>\n\t\t\t\t#gallery-4 {\n\t\t\t\t\tmargin: auto;\n\t\t\t\t}\n\t\t\t\t#gallery-4 .gallery-item {\n\t\t\t\t\tfloat: left;\n\t\t\t\t\tmargin-top: 10px;\n\t\t\t\t\ttext-align: center;\n\t\t\t\t\twidth: 50%;\n\t\t\t\t}\n\t\t\t\t#gallery-4 img {\n\t\t\t\t\tborder: 2px solid #cfcfcf;\n\t\t\t\t}\n\t\t\t\t#gallery-4 .gallery-caption {\n\t\t\t\t\tmargin-left: 0;\n\t\t\t\t}\n\t\t\t\t\/* see gallery_shortcode() in wp-includes\/media.php *\/\n\t\t\t<\/style>\n\t\t<div id='gallery-4' class='dt-gallery-container gallery galleryid-390427 gallery-columns-2 gallery-size-thumbnail'><dl class='gallery-item'>\n\t\t\t\t<dt class='gallery-icon landscape'>\n\t\t\t\t\t<a class=\"rollover rollover-zoom dt-pswp-item\" title=\"Casa ex molino De Bernardin\" data-dt-img-description=\"\" data-large_image_width=\"2560\" data-large_image_height=\"1920\"href='https:\/\/www.radiopiu.net\/wordpress\/wp-content\/uploads\/2024\/05\/Casa-ex-molino-De-Bernardin-scaled.jpg'><img loading=\"lazy\" decoding=\"async\" width=\"150\" height=\"150\" src=\"https:\/\/www.radiopiu.net\/wordpress\/wp-content\/uploads\/2024\/05\/Casa-ex-molino-De-Bernardin-150x150.jpg\" class=\"attachment-thumbnail size-thumbnail\" alt=\"\" \/><\/a>\n\t\t\t\t<\/dt><\/dl><dl class='gallery-item'>\n\t\t\t\t<dt class='gallery-icon landscape'>\n\t\t\t\t\t<a class=\"rollover rollover-zoom dt-pswp-item\" title=\"Casa ex molino De Bernardin - interno\" data-dt-img-description=\"\" data-large_image_width=\"2560\" data-large_image_height=\"1920\"href='https:\/\/www.radiopiu.net\/wordpress\/wp-content\/uploads\/2024\/05\/Casa-ex-molino-De-Bernardin-interno-scaled.jpg'><img loading=\"lazy\" decoding=\"async\" width=\"150\" height=\"150\" src=\"https:\/\/www.radiopiu.net\/wordpress\/wp-content\/uploads\/2024\/05\/Casa-ex-molino-De-Bernardin-interno-150x150.jpg\" class=\"attachment-thumbnail size-thumbnail\" alt=\"\" \/><\/a>\n\t\t\t\t<\/dt><\/dl><br style=\"clear: both\" \/>\n\t\t\t<\/div>\n\n<p>&nbsp;<\/p>\n<hr \/>\n<p>&nbsp;<\/p>\n<blockquote>\n<h3>VENETO: ABBIAMO L\u2019INFLAZIONE PIU\u2019 ALTA D\u2019ITALIA<\/h3>\n<\/blockquote>\n<p><strong><a class=\"dt-pswp-item\" href=\"https:\/\/www.radiopiu.net\/wordpress\/wp-content\/uploads\/2024\/05\/Schermata-2024-05-18-alle-10.01.59.png\" data-dt-img-description=\"\" data-large_image_width=\"776\" data-large_image_height=\"1434\"><img loading=\"lazy\" decoding=\"async\" class=\"size-medium wp-image-390496 alignleft\" src=\"https:\/\/www.radiopiu.net\/wordpress\/wp-content\/uploads\/2024\/05\/Schermata-2024-05-18-alle-10.01.59-162x300.png\" alt=\"\" width=\"162\" height=\"300\" srcset=\"https:\/\/www.radiopiu.net\/wordpress\/wp-content\/uploads\/2024\/05\/Schermata-2024-05-18-alle-10.01.59-162x300.png 162w, https:\/\/www.radiopiu.net\/wordpress\/wp-content\/uploads\/2024\/05\/Schermata-2024-05-18-alle-10.01.59-554x1024.png 554w, https:\/\/www.radiopiu.net\/wordpress\/wp-content\/uploads\/2024\/05\/Schermata-2024-05-18-alle-10.01.59-768x1419.png 768w, https:\/\/www.radiopiu.net\/wordpress\/wp-content\/uploads\/2024\/05\/Schermata-2024-05-18-alle-10.01.59.png 776w\" sizes=\"auto, (max-width: 162px) 100vw, 162px\" \/><\/a>Il caro vita ha colpito soprattutto Venezia e Padova<\/strong><\/p>\n<p>Nell\u2019ultimo anno i veneti sono stati i pi\u00f9 colpiti d\u2019Italia dal caro vita; la crescita dell\u2019inflazione media nel Veneto, infatti, \u00e8 stata del +1,3 per cento. Seguono la Campania e la Toscana con il +1,2 per cento e il Friuli Venezia Giulia con il +1,1 per cento (vedi Tab. 1). Nonostante questo record negativo, va segnalato che sempre tra aprile 2023 e lo stesso mese dell\u2019anno precedente le cose erano andate decisamente peggio: in questo periodo l\u2019aumento in Veneto era stato del 7,7 per cento. La provincia pi\u00f9 cara \u00e8 Venezia che negli ultimi 12 mesi ha visto crescere l\u2019inflazione dell\u20191,9 per cento. La grande vocazione turistica della citt\u00e0 lagunare ha comportato, in particolar modo, forti incrementi di spesa delle attivit\u00e0 riconducibili ai servizi ricettivi, alla ristorazione e alla persona. Un deciso incremento di costo ha interessato anche i trasporti, gli affitti di case\/negozi e il carrello della spesa. A dirlo \u00e8 l\u2019Ufficio studi della CGIA.<\/p>\n<p>Dopo il capoluogo regionale per incremento del caro vita seguono Padova con il +1,5 per cento, Treviso con il +1,4 per cento e Vicenza con il +1,2 per cento. Le distanze tra le singole realt\u00e0 territoriali sono risicatissime, tuttavia spingono all\u2019ins\u00f9 il dato medio regionale che ci pone come la regione pi\u00f9 \u201ccara\u201d d\u2019Italia. Rispetto all\u2019anno precedente (aprile 2023 su aprile 2022), le cose sono migliorate notevolmente: l\u2019inflazione a Venezia e Padova era aumentata dell\u20198 per cento, a Vicenza del 7,9 per cento e a Treviso del 7,5 per cento (vedi Tab. 2).<\/p>\n<p><strong>Ora la BCE riduca i tassi<\/strong><br \/>\nL\u2019inflazione \u00e8 uno degli indicatori pi\u00f9 importanti per capire lo stato di salute di un\u2019economia. In primo luogo perch\u00e9 una sua presenza eccessiva contribuisce a erodere il potere di acquisto dei consumatori, in particolare dei percettori di reddito fisso. In secondo luogo, perch\u00e9 il suo andamento serve a orientare le politiche monetarie delle banche centrali. E mai come in questo momento, visto che l\u2019inflazione sta scendendo in tutta Europa, \u00e8 necessario che Francoforte riduca il tasso di interesse. Con i ritocchi all\u2019ins\u00f9 avvenuti tra giugno 2022 e settembre 2023, quello di riferimento \u00e8 oggi al suo massimo storico da quando in UE c\u2019\u00e8 la moneta unica (4,5 per cento), contribuendo a ostacolare il ricorso al credito da parte delle famiglie e, soprattutto, delle imprese di piccola dimensione.<\/p>\n<p><strong><a class=\"dt-pswp-item\" href=\"https:\/\/www.radiopiu.net\/wordpress\/wp-content\/uploads\/2024\/05\/Schermata-2024-05-18-alle-10.02.24.png\" data-dt-img-description=\"\" data-large_image_width=\"776\" data-large_image_height=\"586\"><img loading=\"lazy\" decoding=\"async\" class=\"size-medium wp-image-390495 alignleft\" src=\"https:\/\/www.radiopiu.net\/wordpress\/wp-content\/uploads\/2024\/05\/Schermata-2024-05-18-alle-10.02.24-300x227.png\" alt=\"\" width=\"300\" height=\"227\" srcset=\"https:\/\/www.radiopiu.net\/wordpress\/wp-content\/uploads\/2024\/05\/Schermata-2024-05-18-alle-10.02.24-300x227.png 300w, https:\/\/www.radiopiu.net\/wordpress\/wp-content\/uploads\/2024\/05\/Schermata-2024-05-18-alle-10.02.24-768x580.png 768w, https:\/\/www.radiopiu.net\/wordpress\/wp-content\/uploads\/2024\/05\/Schermata-2024-05-18-alle-10.02.24.png 776w\" sizes=\"auto, (max-width: 300px) 100vw, 300px\" \/><\/a>Abbiamo bollette pi\u00f9 leggere, ma le vacanze costano di piu\u2019<\/strong><br \/>\nSebbene la crescita dell\u2019inflazione stia rallentando, la percezione dei consumatori \u00e8 che i prezzi dei beni e dei servizi stiano invece salendo. In realt\u00e0 alcune voci di spesa che incidono in misura importante sul bilancio familiare hanno subito delle contrazioni importanti. Negli ultimi 12 mesi, ad esempio, i prezzi dell\u2019energia elettrica e del gas sono scesi rispettivamente del 29,2 per cento e del 21,6 per cento, rendendo cos\u00ec le nostre bollette molto pi\u00f9 leggere. Anche i biglietti aerei hanno registrato una decisa diminuzione: quelli internazionali dell\u201911,8 per cento e quelli nazionali del 6,9 per cento. Per contro, \u00e8 aumentato, in particolar modo, il prezzo delle patate (+11,9 per cento), i pacchetti vacanza nel nostro Paese (+17,2 per cento) e l\u2019olio d\u2019oliva (+44,3 per cento) (vedi Tab. 3).<\/p>\n<p><strong>Famiglie: tra il 2021 e il 2023 rincari per 4 mila euro<\/strong><br \/>\nLa recentissima fiammata inflazionistica \u00e8 costata alle famiglie italiane 4.039 euro in pi\u00f9. Se nel 2021, anno che ha preceduto l\u2019avvento della crisi sanitaria, la spesa media annuale delle famiglie italiane ammontava a 21.873 euro, due anni dopo la stessa \u00e8 salita a 25.913 euro. Soprattutto per le famiglie meno abbienti, l\u2019abitazione e l\u2019alimentare sono le voci di spesa che hanno contribuito maggiormente ad incrementare le uscite complessive (vedi Tab. 4).<\/p>\n<p><b>\u00a0 \u00a0r6<\/b>Analizzando la serie storica dell\u2019inflazione presente in Italia tra il 1948 e il 2023, riscontriamo che tra il 1956 e il 1972 (gli anni del cosiddetto \u201cboom economico\u201d), l\u2019inflazione \u00e8 stata mediamente del 4 per cento. Con lo scoppio della crisi energetica e a seguito degli effetti riconducibili all\u2019accordo interconfederale sul punto unico di contingenza, tra il 1973 e il 1984 il caro vita medio \u00e8 stato del 16 per cento, mentre tra il 1998 e il 2002 (periodo che \u201cbattezza\u201d la nascita della BCE e dell\u2019Euro) \u00e8 crollato all\u20191,5 per cento. Solo tra il 2022 e il 2023 (periodo post-Covid), l\u2019impennata dei prezzi dei prodotti energetici e delle materie prime hanno re-infiammato <a class=\"dt-pswp-item\" href=\"https:\/\/www.radiopiu.net\/wordpress\/wp-content\/uploads\/2024\/05\/Schermata-2024-05-18-alle-10.02.56.png\" data-dt-img-description=\"\" data-large_image_width=\"1040\" data-large_image_height=\"480\"><img loading=\"lazy\" decoding=\"async\" class=\"size-medium wp-image-390494 alignleft\" src=\"https:\/\/www.radiopiu.net\/wordpress\/wp-content\/uploads\/2024\/05\/Schermata-2024-05-18-alle-10.02.56-300x138.png\" alt=\"\" width=\"300\" height=\"138\" srcset=\"https:\/\/www.radiopiu.net\/wordpress\/wp-content\/uploads\/2024\/05\/Schermata-2024-05-18-alle-10.02.56-300x138.png 300w, https:\/\/www.radiopiu.net\/wordpress\/wp-content\/uploads\/2024\/05\/Schermata-2024-05-18-alle-10.02.56-1024x473.png 1024w, https:\/\/www.radiopiu.net\/wordpress\/wp-content\/uploads\/2024\/05\/Schermata-2024-05-18-alle-10.02.56-768x354.png 768w, https:\/\/www.radiopiu.net\/wordpress\/wp-content\/uploads\/2024\/05\/Schermata-2024-05-18-alle-10.02.56.png 1040w\" sizes=\"auto, (max-width: 300px) 100vw, 300px\" \/><\/a>l\u2019inflazione che \u00e8 tornata a salire a un tasso medio del 7 per cento. Un valore, quest\u2019ultimo, comunque di 11 punti inferiore alla media che avevamo nella seconda met\u00e0 degli anni \u201970 del secolo scorso (vedi Graf. 2).<\/p>\n<p>&nbsp;<\/p>\n<p><a href=\"https:\/\/www.radiopiu.net\/wordpress\/wp-content\/uploads\/2024\/05\/ven-inflazione.pdf\"><strong>TABELLA 3 VEDI PDF QUI<\/strong><\/a><\/p>\n<p>&nbsp;<\/p>\n<p>&nbsp;<\/p>\n<hr \/>\n<p>&nbsp;<\/p>\n<\/div>\n<\/div>\n<\/div>\n<\/div>\n<h2><span style=\"color: #ff0000;\">CONSIGLI COMUNALI IN AGORDINO<\/span><\/h2>\n<p><strong>AGORDO<\/strong> Oggi alle 20.30 consiglio dell&#8217;Unione Montana Agordina. Ordine del giorno: approvazione Bellunum Holding; comunicazioni del presidente Paolo Frena.<\/p>\n<p><strong>FALCADE<\/strong> Gioved\u00ec alle 20 consiglio comunale a Falcade. Otto punti da discutere tra cui tre variazioni a bilancio, l&#8217;acquisizione sanante di un terreno e l&#8217;approvazione del bilancio e rendiconto di ASCA<\/p>\n<p><strong>RIVAMONTE<\/strong> Consiglio comunale venerdi 24 maggio, cinque punti all&#8217;ordine del giorno. Si parler\u00e0 di una variazione a bilancio, il rendiconto di gestione 2023 e l&#8217;approvazione del bilancio e rendiconto di ASCA<\/p>\n<p>&nbsp;<\/p>\n<hr \/>\n<p>&nbsp;<\/p>\n<blockquote>\n<h3 class=\"entry-title\">ANAS: CHIUSURA NOTTURNA SULLA SS52 CARNICA PER LAVORI DI DEMOLIZIONE<\/h3>\n<\/blockquote>\n<p><img loading=\"lazy\" decoding=\"async\" class=\"alignleft\" src=\"https:\/\/www.radiopiu.net\/wordpress\/wp-content\/uploads\/2021\/06\/anas.png\" width=\"119\" height=\"67\" \/>Anas ha programmato interventi di demolizione lungo la strada statale 52 Carnica, a Sega Digon nel comune di Comelico Superiore, dal 21 al 24 maggio. Per garantire la sicurezza e ridurre i disagi, la strada sar\u00e0 chiusa al traffico tra il km 93,700 e il km 94,300 durante le ore notturne, dalle 22:00 alle 6:00. Il traffico, esclusi i veicoli con rimorchio, sar\u00e0 deviato sulle strade provinciali 532 del Passo di Sant\u2019Antonio e 6 di Danta. I veicoli pesanti con rimorchio saranno deviati lungo la strada regionale 48 delle Dolomiti e la strada provinciale 49 Misurina.<\/p>\n<p>&nbsp;<\/p>\n<p>&nbsp;<\/p>\n<hr \/>\n<p>&nbsp;<\/p>\n<blockquote>\n<h3 class=\"entry-title\"><a class=\"dt-pswp-item\" href=\"https:\/\/www.radiopiu.net\/wordpress\/wp-content\/uploads\/2023\/11\/road-5089188_640.jpg\" data-dt-img-description=\"\" data-large_image_width=\"640\" data-large_image_height=\"429\"><img loading=\"lazy\" decoding=\"async\" class=\"wp-image-361495 alignleft\" src=\"https:\/\/www.radiopiu.net\/wordpress\/wp-content\/uploads\/2023\/11\/road-5089188_640-300x201.jpg\" alt=\"\" width=\"137\" height=\"92\" srcset=\"https:\/\/www.radiopiu.net\/wordpress\/wp-content\/uploads\/2023\/11\/road-5089188_640-300x201.jpg 300w, https:\/\/www.radiopiu.net\/wordpress\/wp-content\/uploads\/2023\/11\/road-5089188_640.jpg 640w\" sizes=\"auto, (max-width: 137px) 100vw, 137px\" \/><\/a>STRADA PER DIGONERA, UN MESE DI CHIUSURE DIURNE-FERIALI<\/h3>\n<\/blockquote>\n<p><strong>ROCCA PIETORE<\/strong> Dal 6 maggio al 10 giugno chiusura totale della provinciale 563 di Salesei in localit\u00e0 Digonera dalle 7.30 alle 12.30 e dalle 13.30 alle 18, dal lunedi al venerdi. Negli altri orari, h 24 sabato e domenica compresi, senso unico alternato regolato da semaforo<\/p>\n<p><strong>FALCADE<\/strong> Fino al 14 giugno a Caviola. chiusura temporanea al traffico veicolare dalle 7 alle 18, dal lunedi al venerdi, di via Cime d&#8217;Auta, dall&#8217;intersezione con Piazza XX agosto all&#8217;intersezione con Via Tabiadon di Val. Negli altri orari senso unico alternato.<\/p>\n<p>&nbsp;<\/p>\n<p>&nbsp;<\/p>\n<hr \/>\n<p>&nbsp;<\/p>\n<blockquote>\n<h3>I 25 ANNI DI MIRCO DE BONA, L&#8217;INAUGURAZIONE DEI NUOVI LOCALI E LA FESTA CON RADIO PIU&#8217;<\/h3>\n<\/blockquote>\n<p><strong>BELLUNO<\/strong> Un sabato pomeriggio di festa in via Mondin, sede del Centro Riparazioni MDB di Mirco De Bona. Si sono festeggiati i 25 anni di attivit\u00e0, inaugurati i nuovi locali e per tutto il pomeriggio l&#8217;animazione con Radio Pi\u00f9. Mirco De Bona ha potuto ringraziare i suoi clienti ma non solo. Un momento di festa per il quarto di secolo dell&#8217;attivit\u00e0, punto di riferimento per la riparazione di televisori ma non solo.<\/p>\n<p><strong>IL POMERIGGIO DA MIRCO DE BONA CON RADIO PIU&#8217;, QUESTA LA REGISTRAZIONE INTEGRALE. NELLA DIRETTA DI SABATO ALLA RADIO ALCUNE PARTI SONO STATE VOLUTAMENTE NON TRASMESSE IN OSSERVANZA AI REGOLAMENTI SULLA PAR CONDICIO<\/strong><\/p>\n<audio class=\"wp-audio-shortcode\" id=\"audio-390427-5\" preload=\"none\" style=\"width: 100%;\" controls=\"controls\"><source type=\"audio\/mpeg\" src=\"https:\/\/www.radiopiu.net\/wordpress\/wp-content\/uploads\/2024\/05\/MIRCO-DE-BONA-DIRETTA.mp3?_=5\" \/><a href=\"https:\/\/www.radiopiu.net\/wordpress\/wp-content\/uploads\/2024\/05\/MIRCO-DE-BONA-DIRETTA.mp3\">https:\/\/www.radiopiu.net\/wordpress\/wp-content\/uploads\/2024\/05\/MIRCO-DE-BONA-DIRETTA.mp3<\/a><\/audio>\n<p>&nbsp;<\/p>\n<p><strong>LE FOTO<\/strong><\/p>\n\n\t\t\t<style type='text\/css'>\n\t\t\t\t#gallery-5 {\n\t\t\t\t\tmargin: auto;\n\t\t\t\t}\n\t\t\t\t#gallery-5 .gallery-item {\n\t\t\t\t\tfloat: left;\n\t\t\t\t\tmargin-top: 10px;\n\t\t\t\t\ttext-align: center;\n\t\t\t\t\twidth: 25%;\n\t\t\t\t}\n\t\t\t\t#gallery-5 img {\n\t\t\t\t\tborder: 2px solid #cfcfcf;\n\t\t\t\t}\n\t\t\t\t#gallery-5 .gallery-caption {\n\t\t\t\t\tmargin-left: 0;\n\t\t\t\t}\n\t\t\t\t\/* see gallery_shortcode() in wp-includes\/media.php *\/\n\t\t\t<\/style>\n\t\t<div id='gallery-5' class='dt-gallery-container gallery galleryid-390427 gallery-columns-4 gallery-size-thumbnail'><dl class='gallery-item'>\n\t\t\t\t<dt class='gallery-icon landscape'>\n\t\t\t\t\t<a class=\"rollover rollover-zoom dt-pswp-item\" title=\"a212d4b3-80d6-4f6b-94ae-c62aa362458b\" data-dt-img-description=\"\" data-large_image_width=\"2048\" data-large_image_height=\"1536\"href='https:\/\/www.radiopiu.net\/wordpress\/wp-content\/uploads\/2024\/05\/a212d4b3-80d6-4f6b-94ae-c62aa362458b.jpg'><img loading=\"lazy\" decoding=\"async\" width=\"150\" height=\"150\" src=\"https:\/\/www.radiopiu.net\/wordpress\/wp-content\/uploads\/2024\/05\/a212d4b3-80d6-4f6b-94ae-c62aa362458b-150x150.jpg\" class=\"attachment-thumbnail size-thumbnail\" alt=\"\" \/><\/a>\n\t\t\t\t<\/dt><\/dl><dl class='gallery-item'>\n\t\t\t\t<dt class='gallery-icon landscape'>\n\t\t\t\t\t<a class=\"rollover rollover-zoom dt-pswp-item\" title=\"deeaa582-0b3c-456a-b748-b03fd87e7087\" data-dt-img-description=\"\" data-large_image_width=\"2048\" data-large_image_height=\"1536\"href='https:\/\/www.radiopiu.net\/wordpress\/wp-content\/uploads\/2024\/05\/deeaa582-0b3c-456a-b748-b03fd87e7087.jpg'><img loading=\"lazy\" decoding=\"async\" width=\"150\" height=\"150\" src=\"https:\/\/www.radiopiu.net\/wordpress\/wp-content\/uploads\/2024\/05\/deeaa582-0b3c-456a-b748-b03fd87e7087-150x150.jpg\" class=\"attachment-thumbnail size-thumbnail\" alt=\"\" \/><\/a>\n\t\t\t\t<\/dt><\/dl><dl class='gallery-item'>\n\t\t\t\t<dt class='gallery-icon landscape'>\n\t\t\t\t\t<a class=\"rollover rollover-zoom dt-pswp-item\" title=\"3f93d4a6-b8cc-46f9-a2c1-546ef3be1f7f\" data-dt-img-description=\"\" data-large_image_width=\"1600\" data-large_image_height=\"1200\"href='https:\/\/www.radiopiu.net\/wordpress\/wp-content\/uploads\/2024\/05\/3f93d4a6-b8cc-46f9-a2c1-546ef3be1f7f.jpg'><img loading=\"lazy\" decoding=\"async\" width=\"150\" height=\"150\" src=\"https:\/\/www.radiopiu.net\/wordpress\/wp-content\/uploads\/2024\/05\/3f93d4a6-b8cc-46f9-a2c1-546ef3be1f7f-150x150.jpg\" class=\"attachment-thumbnail size-thumbnail\" alt=\"\" \/><\/a>\n\t\t\t\t<\/dt><\/dl><dl class='gallery-item'>\n\t\t\t\t<dt class='gallery-icon landscape'>\n\t\t\t\t\t<a class=\"rollover rollover-zoom dt-pswp-item\" title=\"a96c8c1b-efc0-442a-bdd5-6a90130254d6\" data-dt-img-description=\"\" data-large_image_width=\"2048\" data-large_image_height=\"1536\"href='https:\/\/www.radiopiu.net\/wordpress\/wp-content\/uploads\/2024\/05\/a96c8c1b-efc0-442a-bdd5-6a90130254d6.jpg'><img loading=\"lazy\" decoding=\"async\" width=\"150\" height=\"150\" src=\"https:\/\/www.radiopiu.net\/wordpress\/wp-content\/uploads\/2024\/05\/a96c8c1b-efc0-442a-bdd5-6a90130254d6-150x150.jpg\" class=\"attachment-thumbnail size-thumbnail\" alt=\"\" \/><\/a>\n\t\t\t\t<\/dt><\/dl><br style=\"clear: both\" \/><dl class='gallery-item'>\n\t\t\t\t<dt class='gallery-icon portrait'>\n\t\t\t\t\t<a class=\"rollover rollover-zoom dt-pswp-item\" title=\"01668ddd-77f9-4f0e-bc47-9c5244b8a79c\" data-dt-img-description=\"\" data-large_image_width=\"1500\" data-large_image_height=\"2000\"href='https:\/\/www.radiopiu.net\/wordpress\/wp-content\/uploads\/2024\/05\/01668ddd-77f9-4f0e-bc47-9c5244b8a79c.jpg'><img loading=\"lazy\" decoding=\"async\" width=\"150\" height=\"150\" src=\"https:\/\/www.radiopiu.net\/wordpress\/wp-content\/uploads\/2024\/05\/01668ddd-77f9-4f0e-bc47-9c5244b8a79c-150x150.jpg\" class=\"attachment-thumbnail size-thumbnail\" alt=\"\" \/><\/a>\n\t\t\t\t<\/dt><\/dl><dl class='gallery-item'>\n\t\t\t\t<dt class='gallery-icon portrait'>\n\t\t\t\t\t<a class=\"rollover rollover-zoom dt-pswp-item\" title=\"5ea1503d-6892-4af2-924d-8930f0da6083\" data-dt-img-description=\"\" data-large_image_width=\"1500\" data-large_image_height=\"2000\"href='https:\/\/www.radiopiu.net\/wordpress\/wp-content\/uploads\/2024\/05\/5ea1503d-6892-4af2-924d-8930f0da6083.jpg'><img loading=\"lazy\" decoding=\"async\" width=\"150\" height=\"150\" src=\"https:\/\/www.radiopiu.net\/wordpress\/wp-content\/uploads\/2024\/05\/5ea1503d-6892-4af2-924d-8930f0da6083-150x150.jpg\" class=\"attachment-thumbnail size-thumbnail\" alt=\"\" \/><\/a>\n\t\t\t\t<\/dt><\/dl><dl class='gallery-item'>\n\t\t\t\t<dt class='gallery-icon landscape'>\n\t\t\t\t\t<a class=\"rollover rollover-zoom dt-pswp-item\" title=\"5be8bce6-6430-46e0-be69-94383ca15184\" data-dt-img-description=\"\" data-large_image_width=\"2000\" data-large_image_height=\"1500\"href='https:\/\/www.radiopiu.net\/wordpress\/wp-content\/uploads\/2024\/05\/5be8bce6-6430-46e0-be69-94383ca15184.jpg'><img loading=\"lazy\" decoding=\"async\" width=\"150\" height=\"150\" src=\"https:\/\/www.radiopiu.net\/wordpress\/wp-content\/uploads\/2024\/05\/5be8bce6-6430-46e0-be69-94383ca15184-150x150.jpg\" class=\"attachment-thumbnail size-thumbnail\" alt=\"\" \/><\/a>\n\t\t\t\t<\/dt><\/dl><dl class='gallery-item'>\n\t\t\t\t<dt class='gallery-icon landscape'>\n\t\t\t\t\t<a class=\"rollover rollover-zoom dt-pswp-item\" title=\"4b8b59a5-7a98-49c9-a84e-512a756311a2\" data-dt-img-description=\"\" data-large_image_width=\"1600\" data-large_image_height=\"1200\"href='https:\/\/www.radiopiu.net\/wordpress\/wp-content\/uploads\/2024\/05\/4b8b59a5-7a98-49c9-a84e-512a756311a2.jpg'><img loading=\"lazy\" decoding=\"async\" width=\"150\" height=\"150\" src=\"https:\/\/www.radiopiu.net\/wordpress\/wp-content\/uploads\/2024\/05\/4b8b59a5-7a98-49c9-a84e-512a756311a2-150x150.jpg\" class=\"attachment-thumbnail size-thumbnail\" alt=\"\" \/><\/a>\n\t\t\t\t<\/dt><\/dl><br style=\"clear: both\" \/><dl class='gallery-item'>\n\t\t\t\t<dt class='gallery-icon portrait'>\n\t\t\t\t\t<a class=\"rollover rollover-zoom dt-pswp-item\" title=\"3e452a13-1ead-47f6-aa0c-924692f4a25b\" data-dt-img-description=\"\" data-large_image_width=\"750\" data-large_image_height=\"953\"href='https:\/\/www.radiopiu.net\/wordpress\/wp-content\/uploads\/2024\/05\/3e452a13-1ead-47f6-aa0c-924692f4a25b.jpg'><img loading=\"lazy\" decoding=\"async\" width=\"150\" height=\"150\" src=\"https:\/\/www.radiopiu.net\/wordpress\/wp-content\/uploads\/2024\/05\/3e452a13-1ead-47f6-aa0c-924692f4a25b-150x150.jpg\" class=\"attachment-thumbnail size-thumbnail\" alt=\"\" \/><\/a>\n\t\t\t\t<\/dt><\/dl><dl class='gallery-item'>\n\t\t\t\t<dt class='gallery-icon portrait'>\n\t\t\t\t\t<a class=\"rollover rollover-zoom dt-pswp-item\" title=\"37a95c95-f2bd-4bf1-953d-e6236e54ba58\" data-dt-img-description=\"\" data-large_image_width=\"1152\" data-large_image_height=\"2048\"href='https:\/\/www.radiopiu.net\/wordpress\/wp-content\/uploads\/2024\/05\/37a95c95-f2bd-4bf1-953d-e6236e54ba58.jpg'><img loading=\"lazy\" decoding=\"async\" width=\"150\" height=\"150\" src=\"https:\/\/www.radiopiu.net\/wordpress\/wp-content\/uploads\/2024\/05\/37a95c95-f2bd-4bf1-953d-e6236e54ba58-150x150.jpg\" class=\"attachment-thumbnail size-thumbnail\" alt=\"\" \/><\/a>\n\t\t\t\t<\/dt><\/dl><dl class='gallery-item'>\n\t\t\t\t<dt class='gallery-icon landscape'>\n\t\t\t\t\t<a class=\"rollover rollover-zoom dt-pswp-item\" title=\"c296cf85-4039-4bc6-b700-86d8911beaea\" data-dt-img-description=\"\" data-large_image_width=\"2048\" data-large_image_height=\"1152\"href='https:\/\/www.radiopiu.net\/wordpress\/wp-content\/uploads\/2024\/05\/c296cf85-4039-4bc6-b700-86d8911beaea.jpg'><img loading=\"lazy\" decoding=\"async\" width=\"150\" height=\"150\" src=\"https:\/\/www.radiopiu.net\/wordpress\/wp-content\/uploads\/2024\/05\/c296cf85-4039-4bc6-b700-86d8911beaea-150x150.jpg\" class=\"attachment-thumbnail size-thumbnail\" alt=\"\" \/><\/a>\n\t\t\t\t<\/dt><\/dl><dl class='gallery-item'>\n\t\t\t\t<dt class='gallery-icon landscape'>\n\t\t\t\t\t<a class=\"rollover rollover-zoom dt-pswp-item\" title=\"ea8d100b-a821-4ce3-b527-9ff6e8c79016\" data-dt-img-description=\"\" data-large_image_width=\"2048\" data-large_image_height=\"1152\"href='https:\/\/www.radiopiu.net\/wordpress\/wp-content\/uploads\/2024\/05\/ea8d100b-a821-4ce3-b527-9ff6e8c79016.jpg'><img loading=\"lazy\" decoding=\"async\" width=\"150\" height=\"150\" src=\"https:\/\/www.radiopiu.net\/wordpress\/wp-content\/uploads\/2024\/05\/ea8d100b-a821-4ce3-b527-9ff6e8c79016-150x150.jpg\" class=\"attachment-thumbnail size-thumbnail\" alt=\"\" \/><\/a>\n\t\t\t\t<\/dt><\/dl><br style=\"clear: both\" \/><dl class='gallery-item'>\n\t\t\t\t<dt class='gallery-icon landscape'>\n\t\t\t\t\t<a class=\"rollover rollover-zoom dt-pswp-item\" title=\"99a189b4-57e7-4ee9-b5ce-891505398eeb\" data-dt-img-description=\"\" data-large_image_width=\"1600\" data-large_image_height=\"1200\"href='https:\/\/www.radiopiu.net\/wordpress\/wp-content\/uploads\/2024\/05\/99a189b4-57e7-4ee9-b5ce-891505398eeb.jpg'><img loading=\"lazy\" decoding=\"async\" width=\"150\" height=\"150\" src=\"https:\/\/www.radiopiu.net\/wordpress\/wp-content\/uploads\/2024\/05\/99a189b4-57e7-4ee9-b5ce-891505398eeb-150x150.jpg\" class=\"attachment-thumbnail size-thumbnail\" alt=\"\" \/><\/a>\n\t\t\t\t<\/dt><\/dl><dl class='gallery-item'>\n\t\t\t\t<dt class='gallery-icon landscape'>\n\t\t\t\t\t<a class=\"rollover rollover-zoom dt-pswp-item\" title=\"435a5842-a5a4-4242-9bad-a4f29037c654\" data-dt-img-description=\"\" data-large_image_width=\"1600\" data-large_image_height=\"1200\"href='https:\/\/www.radiopiu.net\/wordpress\/wp-content\/uploads\/2024\/05\/435a5842-a5a4-4242-9bad-a4f29037c654.jpg'><img loading=\"lazy\" decoding=\"async\" width=\"150\" height=\"150\" src=\"https:\/\/www.radiopiu.net\/wordpress\/wp-content\/uploads\/2024\/05\/435a5842-a5a4-4242-9bad-a4f29037c654-150x150.jpg\" class=\"attachment-thumbnail size-thumbnail\" alt=\"\" \/><\/a>\n\t\t\t\t<\/dt><\/dl><dl class='gallery-item'>\n\t\t\t\t<dt class='gallery-icon landscape'>\n\t\t\t\t\t<a class=\"rollover rollover-zoom dt-pswp-item\" title=\"8aefa17e-ba69-41ff-8037-24073228db61\" data-dt-img-description=\"\" data-large_image_width=\"1600\" data-large_image_height=\"1200\"href='https:\/\/www.radiopiu.net\/wordpress\/wp-content\/uploads\/2024\/05\/8aefa17e-ba69-41ff-8037-24073228db61.jpg'><img loading=\"lazy\" decoding=\"async\" width=\"150\" height=\"150\" src=\"https:\/\/www.radiopiu.net\/wordpress\/wp-content\/uploads\/2024\/05\/8aefa17e-ba69-41ff-8037-24073228db61-150x150.jpg\" class=\"attachment-thumbnail size-thumbnail\" alt=\"\" \/><\/a>\n\t\t\t\t<\/dt><\/dl><dl class='gallery-item'>\n\t\t\t\t<dt class='gallery-icon landscape'>\n\t\t\t\t\t<a class=\"rollover rollover-zoom dt-pswp-item\" title=\"c3d93fad-a9ef-4bdd-bd0d-8b102d46499d\" data-dt-img-description=\"\" data-large_image_width=\"1600\" data-large_image_height=\"1200\"href='https:\/\/www.radiopiu.net\/wordpress\/wp-content\/uploads\/2024\/05\/c3d93fad-a9ef-4bdd-bd0d-8b102d46499d.jpg'><img loading=\"lazy\" decoding=\"async\" width=\"150\" height=\"150\" src=\"https:\/\/www.radiopiu.net\/wordpress\/wp-content\/uploads\/2024\/05\/c3d93fad-a9ef-4bdd-bd0d-8b102d46499d-150x150.jpg\" class=\"attachment-thumbnail size-thumbnail\" alt=\"\" \/><\/a>\n\t\t\t\t<\/dt><\/dl><br style=\"clear: both\" \/>\n\t\t\t<\/div>\n\n<p>&nbsp;<\/p>\n<p><strong>LA DIRETTA YOUTUBE<\/strong><\/p>\n<p><iframe loading=\"lazy\" title=\"Diretta Esterna Radio Pi\u00f9\" width=\"1200\" height=\"675\" src=\"https:\/\/www.youtube.com\/embed\/IEb06hn7zsQ?feature=oembed\" frameborder=\"0\" allow=\"accelerometer; autoplay; clipboard-write; encrypted-media; gyroscope; picture-in-picture; web-share\" referrerpolicy=\"strict-origin-when-cross-origin\" allowfullscreen><\/iframe><\/p>\n<p>&nbsp;<\/p>\n<hr \/>\n<p>&nbsp;<\/p>\n<blockquote>\n<h3>UN CONCERTO DI BENEFICENZA A BELLUNO<\/h3>\n<\/blockquote>\n<p><strong>BELLUNO<\/strong> L&#8217;Istituto Magistrale Giustina Renier e il Gruppo Giovani Imprenditori di Confindustria Belluno Dolomiti organizzano un concerto di beneficenza il 22 maggio al Teatro Comunale di Belluno. L&#8217;evento, aperto al pubblico e con la partecipazione della cantante gospel Denise Dim\u00e9, vedr\u00e0 gli studenti esibirsi per raccogliere fondi a favore di Belluno Donna e per acquistare libri di italiano per studenti stranieri. L&#8217;iniziativa, che unisce scuola e impresa, promuove inclusione e parit\u00e0 di genere, rafforzando il legame tra educazione e comunit\u00e0 locale.<\/p>\n<p>&nbsp;<\/p>\n<p>&nbsp;<\/p>\n<hr \/>\n<p>&nbsp;<\/p>\n<blockquote>\n<h3>L&#8217;INAUGURAZIONE DEL RESTAURO DELLA MADONNA IN TRONO<\/h3>\n<\/blockquote>\n<p><strong><a class=\"dt-pswp-item\" href=\"https:\/\/www.radiopiu.net\/wordpress\/wp-content\/uploads\/2024\/05\/MADONNA-IN-TRONO.png\" data-dt-img-description=\"\" data-large_image_width=\"483\" data-large_image_height=\"550\"><img loading=\"lazy\" decoding=\"async\" class=\" wp-image-390069 alignleft\" src=\"https:\/\/www.radiopiu.net\/wordpress\/wp-content\/uploads\/2024\/05\/MADONNA-IN-TRONO-263x300.png\" alt=\"\" width=\"113\" height=\"129\" srcset=\"https:\/\/www.radiopiu.net\/wordpress\/wp-content\/uploads\/2024\/05\/MADONNA-IN-TRONO-263x300.png 263w, https:\/\/www.radiopiu.net\/wordpress\/wp-content\/uploads\/2024\/05\/MADONNA-IN-TRONO.png 483w\" sizes=\"auto, (max-width: 113px) 100vw, 113px\" \/><\/a>SEDICO<\/strong> La chiesa di Santa Maria Annunziata a Sedico ospita un altare ligneo con la \u201cMadonna in trono\u201d di Francesco e Tiziano Vecellio. Nel 2023 la tavola \u00e8 stata restaurata da Mariangela Mattia grazie a \u201cSave Venice\u201d e poi esposta alle Gallerie dell\u2019Accademia di Venezia e al Museo Civico Fulcis di Belluno. Durante l\u2019assenza, Mariangela Mattia e studenti hanno restaurato l\u2019altare ligneo. Il 23 maggio 2024 si festegger\u00e0 il ritorno della pala con un evento solenne a Sedico, patrocinato dalla Chiesa di Belluno-Feltre e i Comuni di Belluno e Sedico.<\/p>\n<p>&nbsp;<\/p>\n<p>&nbsp;<\/p>\n<p>&nbsp;<\/p>\n<hr \/>\n<p>&nbsp;<\/p>\n<blockquote>\n<h3>LE MOSTRE PER IL BICENTENARIO DELLA NASCITA DI DON ANTONIO DELLA LUCIA<\/h3>\n<\/blockquote>\n<p><strong>CANALE D&#8217;AGORDO<\/strong> La Fondazione Papa Luciani Onlus celebra Don Antonio Della Lucia con un comitato speciale nel bicentenario della sua nascita. Coinvolte varie istituzioni e associazioni locali, incluso il Ministero dell&#8217;agricoltura.\u00a0 Tre mostre in provincia: Palazzo Piloni (16 maggio &#8211; 16 settembre), Canale d\u2019Agordo (1\u00b0 luglio &#8211; 31 agosto), e Frassen\u00e8 Agordino (1\u00b0 luglio &#8211; 31 agosto, su prenotazione). Un omaggio alla vita e all&#8217;opera di Della Lucia, pioniere delle latterie cooperative in Italia.<\/p>\n<a href=\"https:\/\/www.radiopiu.net\/wordpress\/wp-content\/uploads\/2024\/05\/Locandina-eventi-completa-per-il-bicentenario-del-Cavalier-Don-Antonio-Della-Lucia-1.pdf\" class=\"pdfemb-viewer\" style=\"\" data-width=\"max\" data-height=\"max\" data-toolbar=\"top\" data-toolbar-fixed=\"on\">Locandina eventi completa per il bicentenario del Cavalier Don Antonio Della Lucia<\/a>\n<p>&nbsp;<\/p>\n<p>&nbsp;<\/p>\n<hr \/>\n<p>&nbsp;<\/p>\n<blockquote>\n<h3>UN CONVEGNO IN OCCASIONE DELLA GIORNATA EUROPEA DEI PARCHI<\/h3>\n<\/blockquote>\n<p><strong><a class=\"dt-pswp-item\" href=\"https:\/\/www.radiopiu.net\/wordpress\/wp-content\/uploads\/2021\/07\/PARCO-DOLOMITI-BELLUNESI.jpg\" data-dt-img-description=\"\" data-large_image_width=\"259\" data-large_image_height=\"440\"><img loading=\"lazy\" decoding=\"async\" class=\" wp-image-223150 alignleft\" src=\"https:\/\/www.radiopiu.net\/wordpress\/wp-content\/uploads\/2021\/07\/PARCO-DOLOMITI-BELLUNESI-177x300.jpg\" alt=\"\" width=\"65\" height=\"110\" srcset=\"https:\/\/www.radiopiu.net\/wordpress\/wp-content\/uploads\/2021\/07\/PARCO-DOLOMITI-BELLUNESI-177x300.jpg 177w, https:\/\/www.radiopiu.net\/wordpress\/wp-content\/uploads\/2021\/07\/PARCO-DOLOMITI-BELLUNESI.jpg 259w\" sizes=\"auto, (max-width: 65px) 100vw, 65px\" \/><\/a>FELTRE<\/strong> La Giornata Europea dei Parchi celebra il primo parco nazionale europeo, nato in Svezia il 24 maggio 1909. Iniziativa della Federazione Europea dei Parchi, coinvolge centinaia di aree protette. Il Parco Nazionale Dolomiti Bellunesi aderisce, organizzando un convegno su &#8220;Il ruolo dei Parchi Nazionali nella tutela e nel ripristino degli ecosistemi naturali&#8221;, il 25 maggio 2024 a Feltre. Saranno presentati studi sui Coleotteri, il progetto LIFE Wolfalps EU per la coesistenza con il lupo, il progetto &#8220;Neptis&#8221; di citizen science sulle farfalle e le attivit\u00e0 di monitoraggio e conservazione della flora.<\/p>\n<p>&nbsp;<\/p>\n<p>&nbsp;<\/p>\n<hr \/>\n<p>&nbsp;<\/p>\n<blockquote>\n<h3>PRATICHE FILOSOFICHE AL CIRCOLO CULTURALE TERRA DEI PADRI<\/h3>\n<\/blockquote>\n<p><strong>BELLUNO<\/strong> Il Circolo Culturale La Terra dei Padri APS, a Borgo Piave &#8211; Belluno, ospita un laboratorio di pratiche filosofiche aperto a tutti nel mese di maggio 2024. Condotti da Francesco Dematt\u00e8, ex docente di storia e filosofia nei Licei, i quattro incontri si concentreranno su Plotino, filosofo del III secolo d.C. Gli incontri si terranno ogni marted\u00ec, dal 7 al 28 maggio, dalle 18 alle 19 presso il circolo culturale. Per informazioni e iscrizioni contattare direttamente in sede, via email o telefonicamente.<\/p>\n<p>&nbsp;<\/p>\n<hr \/>\n<p>&nbsp;<\/p>\n<blockquote class=\"wp-embedded-content\" data-secret=\"uMAcIamdQJ\"><p><a href=\"https:\/\/www.radiopiu.net\/wordpress\/pirole-de-lenga-la-parola-del-giorno-a-cura-del-musla-raccolta-completa\/\">PIROLE DE LENGA&#8230; LA PAROLA DEL GIORNO A CURA DEL MUSLA -raccolta completa &#8211;<\/a><\/p><\/blockquote>\n<p><iframe loading=\"lazy\" class=\"wp-embedded-content\" sandbox=\"allow-scripts\" security=\"restricted\" style=\"position: absolute; clip: rect(1px, 1px, 1px, 1px);\" title=\"&#8220;PIROLE DE LENGA&#8230; LA PAROLA DEL GIORNO A CURA DEL MUSLA -raccolta completa &#8211;&#8221; &#8212; Radio Pi\u00f9\" src=\"https:\/\/www.radiopiu.net\/wordpress\/pirole-de-lenga-la-parola-del-giorno-a-cura-del-musla-raccolta-completa\/embed\/#?secret=tvxIU6Jeb5#?secret=uMAcIamdQJ\" data-secret=\"uMAcIamdQJ\" width=\"600\" height=\"338\" frameborder=\"0\" marginwidth=\"0\" marginheight=\"0\" scrolling=\"no\"><\/iframe><\/p>\n<p>&nbsp;<\/p>\n<hr \/>\n<p>&nbsp;<\/p>\n<blockquote>\n<h3>BORTOLINI E STRAGA&#8217; PER L&#8217;ASSOCIAZIONE CUCCHINI<\/h3>\n<\/blockquote>\n<p><strong><a class=\"dt-pswp-item\" href=\"https:\/\/www.radiopiu.net\/wordpress\/wp-content\/uploads\/2024\/05\/BORTOLINI-STRAGA.jpg\" data-dt-img-description=\"\" data-large_image_width=\"744\" data-large_image_height=\"699\"><img loading=\"lazy\" decoding=\"async\" class=\" wp-image-390073 alignleft\" src=\"https:\/\/www.radiopiu.net\/wordpress\/wp-content\/uploads\/2024\/05\/BORTOLINI-STRAGA-300x282.jpg\" alt=\"\" width=\"122\" height=\"115\" srcset=\"https:\/\/www.radiopiu.net\/wordpress\/wp-content\/uploads\/2024\/05\/BORTOLINI-STRAGA-300x282.jpg 300w, https:\/\/www.radiopiu.net\/wordpress\/wp-content\/uploads\/2024\/05\/BORTOLINI-STRAGA.jpg 744w\" sizes=\"auto, (max-width: 122px) 100vw, 122px\" \/><\/a>BELLUNO<\/strong> L&#8217;associazione Cucchini organizza un concerto per la Giornata del Sollievo il 30 maggio, con Alvise Bortolini e Federico Strag\u00e0, per sensibilizzare sulle Cure Palliative. \u00abLa musica pu\u00f2 prendersi cura dello spirito\u00bb, afferma il presidente Paolo Colleselli, sottolineando l&#8217;impegno dell&#8217;associazione nel dare sollievo ai malati e ai loro familiari. Il concerto, gratuito, si terr\u00e0 al teatro Giovanni XXIII alle 20.45. Bortolini e Strag\u00e0, entrati in contatto con le Cure Palliative, proporranno i loro brani, portando un messaggio di sensibilizzazione e benessere.<\/p>\n<p>&nbsp;<\/p>\n<p>&nbsp;<\/p>\n<hr \/>\n<p>&nbsp;<\/p>\n<blockquote>\n<h3>UN CONCERTO PER RICORDARE ADRIANO<\/h3>\n<\/blockquote>\n<p><strong><a class=\"dt-pswp-item\" href=\"https:\/\/www.radiopiu.net\/wordpress\/wp-content\/uploads\/2024\/05\/1798739_643903002312865_2139658864_n.jpeg\" data-dt-img-description=\"\" data-large_image_width=\"960\" data-large_image_height=\"540\"><img loading=\"lazy\" decoding=\"async\" class=\" wp-image-389625 alignleft\" src=\"https:\/\/www.radiopiu.net\/wordpress\/wp-content\/uploads\/2024\/05\/1798739_643903002312865_2139658864_n-300x169.jpeg\" alt=\"\" width=\"174\" height=\"98\" srcset=\"https:\/\/www.radiopiu.net\/wordpress\/wp-content\/uploads\/2024\/05\/1798739_643903002312865_2139658864_n-300x169.jpeg 300w, https:\/\/www.radiopiu.net\/wordpress\/wp-content\/uploads\/2024\/05\/1798739_643903002312865_2139658864_n-768x432.jpeg 768w, https:\/\/www.radiopiu.net\/wordpress\/wp-content\/uploads\/2024\/05\/1798739_643903002312865_2139658864_n.jpeg 960w\" sizes=\"auto, (max-width: 174px) 100vw, 174px\" \/><\/a>PONTE NELLE ALPI<\/strong> Dopo 10 anni dalla perdita di Adriano Peterle, fondatore dei Formato Standard, la band organizza un evento musicale, &#8220;ADR1AN0&#8221;, il 31 maggio al teatro Pierobon di Ponte nelle Alpi, per celebrarne il ricordo. La serata mescoler\u00e0 musica, aneddoti e ospiti speciali, mantenendo lo spirito vivace del gruppo. L&#8217;evento sar\u00e0 gratuito con offerte destinate all&#8217;AFVS &#8211; Associazione Familiari e Vittime della Strada Onlus. Una serata per ricordare e celebrare insieme, con il titolo che unisce il numero 10 alle lettere dell&#8217;alfabeto, come amano i giovani della band.<\/p>\n<p>&nbsp;<\/p>\n<hr \/>\n<p>&nbsp;<\/p>\n<blockquote>\n<h2>CulturalMoto 2024: nell&#8217;Agordino<\/h2>\n<\/blockquote>\n<p><em>Alla scoperta delle miniere nelle Dolomiti, con la straordinaria partecipazione del geologo Manuel Conedera.<\/em><\/p>\n<p><strong>REDAZIONE<\/strong> Il 26 maggio 2024, EMMECI eventi lancia la seconda tappa di CulturalMoto, un viaggio culturale in moto che esplora l&#8217;Agordino e le Dolomiti bellunesi. Con Giacomo Agostini come ambasciatore, il tour si differenzia per l&#8217;accento sulla scoperta del territorio. Prenotazione obbligatoria al 348 5109129.<\/p>\n\n\t\t\t<style type='text\/css'>\n\t\t\t\t#gallery-6 {\n\t\t\t\t\tmargin: auto;\n\t\t\t\t}\n\t\t\t\t#gallery-6 .gallery-item {\n\t\t\t\t\tfloat: left;\n\t\t\t\t\tmargin-top: 10px;\n\t\t\t\t\ttext-align: center;\n\t\t\t\t\twidth: 50%;\n\t\t\t\t}\n\t\t\t\t#gallery-6 img {\n\t\t\t\t\tborder: 2px solid #cfcfcf;\n\t\t\t\t}\n\t\t\t\t#gallery-6 .gallery-caption {\n\t\t\t\t\tmargin-left: 0;\n\t\t\t\t}\n\t\t\t\t\/* see gallery_shortcode() in wp-includes\/media.php *\/\n\t\t\t<\/style>\n\t\t<div id='gallery-6' class='dt-gallery-container gallery galleryid-390427 gallery-columns-2 gallery-size-medium'><dl class='gallery-item'>\n\t\t\t\t<dt class='gallery-icon portrait'>\n\t\t\t\t\t<a class=\"rollover rollover-zoom dt-pswp-item\" title=\"CulturalMoto Agordo Belluno\" data-dt-img-description=\"\" data-large_image_width=\"842\" data-large_image_height=\"1191\"href='https:\/\/www.radiopiu.net\/wordpress\/wp-content\/uploads\/2024\/05\/CulturalMoto-Agordo-Belluno.jpg'><img loading=\"lazy\" decoding=\"async\" width=\"212\" height=\"300\" src=\"https:\/\/www.radiopiu.net\/wordpress\/wp-content\/uploads\/2024\/05\/CulturalMoto-Agordo-Belluno-212x300.jpg\" class=\"attachment-medium size-medium\" alt=\"\" srcset=\"https:\/\/www.radiopiu.net\/wordpress\/wp-content\/uploads\/2024\/05\/CulturalMoto-Agordo-Belluno-212x300.jpg 212w, https:\/\/www.radiopiu.net\/wordpress\/wp-content\/uploads\/2024\/05\/CulturalMoto-Agordo-Belluno-724x1024.jpg 724w, https:\/\/www.radiopiu.net\/wordpress\/wp-content\/uploads\/2024\/05\/CulturalMoto-Agordo-Belluno-768x1086.jpg 768w, https:\/\/www.radiopiu.net\/wordpress\/wp-content\/uploads\/2024\/05\/CulturalMoto-Agordo-Belluno.jpg 842w\" sizes=\"auto, (max-width: 212px) 100vw, 212px\" \/><\/a>\n\t\t\t\t<\/dt><\/dl><dl class='gallery-item'>\n\t\t\t\t<dt class='gallery-icon portrait'>\n\t\t\t\t\t<a class=\"rollover rollover-zoom dt-pswp-item\" title=\"Giacomo Agostini CulturalMoto\" data-dt-img-description=\"\" data-large_image_width=\"526\" data-large_image_height=\"701\"href='https:\/\/www.radiopiu.net\/wordpress\/wp-content\/uploads\/2024\/05\/Giacomo-Agostini-CulturalMoto.jpg'><img loading=\"lazy\" decoding=\"async\" width=\"225\" height=\"300\" src=\"https:\/\/www.radiopiu.net\/wordpress\/wp-content\/uploads\/2024\/05\/Giacomo-Agostini-CulturalMoto-225x300.jpg\" class=\"attachment-medium size-medium\" alt=\"\" srcset=\"https:\/\/www.radiopiu.net\/wordpress\/wp-content\/uploads\/2024\/05\/Giacomo-Agostini-CulturalMoto-225x300.jpg 225w, https:\/\/www.radiopiu.net\/wordpress\/wp-content\/uploads\/2024\/05\/Giacomo-Agostini-CulturalMoto.jpg 526w\" sizes=\"auto, (max-width: 225px) 100vw, 225px\" \/><\/a>\n\t\t\t\t<\/dt><\/dl><br style=\"clear: both\" \/>\n\t\t\t<\/div>\n\n<p>&nbsp;<\/p>\n<hr \/>\n<p>&nbsp;<\/p>\n\n\t\t\t<style type='text\/css'>\n\t\t\t\t#gallery-7 {\n\t\t\t\t\tmargin: auto;\n\t\t\t\t}\n\t\t\t\t#gallery-7 .gallery-item {\n\t\t\t\t\tfloat: left;\n\t\t\t\t\tmargin-top: 10px;\n\t\t\t\t\ttext-align: center;\n\t\t\t\t\twidth: 100%;\n\t\t\t\t}\n\t\t\t\t#gallery-7 img {\n\t\t\t\t\tborder: 2px solid #cfcfcf;\n\t\t\t\t}\n\t\t\t\t#gallery-7 .gallery-caption {\n\t\t\t\t\tmargin-left: 0;\n\t\t\t\t}\n\t\t\t\t\/* see gallery_shortcode() in wp-includes\/media.php *\/\n\t\t\t<\/style>\n\t\t<div id='gallery-7' class='dt-gallery-container gallery galleryid-390427 gallery-columns-1 gallery-size-medium'><dl class='gallery-item'>\n\t\t\t\t<dt class='gallery-icon portrait'>\n\t\t\t\t\t<a class=\"rollover rollover-zoom dt-pswp-item\" title=\"f2117638-681b-40d0-918c-1188d4fabc52\" data-dt-img-description=\"\" data-large_image_width=\"1128\" data-large_image_height=\"1600\"href='https:\/\/www.radiopiu.net\/wordpress\/wp-content\/uploads\/2024\/05\/f2117638-681b-40d0-918c-1188d4fabc52-1.jpg'><img loading=\"lazy\" decoding=\"async\" width=\"212\" height=\"300\" src=\"https:\/\/www.radiopiu.net\/wordpress\/wp-content\/uploads\/2024\/05\/f2117638-681b-40d0-918c-1188d4fabc52-1-212x300.jpg\" class=\"attachment-medium size-medium\" alt=\"\" srcset=\"https:\/\/www.radiopiu.net\/wordpress\/wp-content\/uploads\/2024\/05\/f2117638-681b-40d0-918c-1188d4fabc52-1-212x300.jpg 212w, https:\/\/www.radiopiu.net\/wordpress\/wp-content\/uploads\/2024\/05\/f2117638-681b-40d0-918c-1188d4fabc52-1-722x1024.jpg 722w, https:\/\/www.radiopiu.net\/wordpress\/wp-content\/uploads\/2024\/05\/f2117638-681b-40d0-918c-1188d4fabc52-1-768x1089.jpg 768w, https:\/\/www.radiopiu.net\/wordpress\/wp-content\/uploads\/2024\/05\/f2117638-681b-40d0-918c-1188d4fabc52-1-1083x1536.jpg 1083w, https:\/\/www.radiopiu.net\/wordpress\/wp-content\/uploads\/2024\/05\/f2117638-681b-40d0-918c-1188d4fabc52-1.jpg 1128w\" sizes=\"auto, (max-width: 212px) 100vw, 212px\" \/><\/a>\n\t\t\t\t<\/dt><\/dl><br style=\"clear: both\" \/>\n\t\t\t<\/div>\n\n<p>&nbsp;<\/p>\n<hr \/>\n<p>&nbsp;<\/p>\n<h2><span style=\"color: #ff6600;\">ALLA RADIO<\/span><\/h2>\n<h2><span style=\"color: #ff00ff;\">LA RASSEGNA STAMPA DA L&#8217;AMICO DEL POPOLO<\/span><\/h2>\n<p><strong><a class=\"dt-pswp-item\" href=\"https:\/\/www.radiopiu.net\/wordpress\/wp-content\/uploads\/2021\/09\/DJI_0033-scaled.jpg\" data-dt-img-description=\"\" data-large_image_width=\"2560\" data-large_image_height=\"1920\"><img loading=\"lazy\" decoding=\"async\" class=\" wp-image-232650 alignleft\" src=\"https:\/\/www.radiopiu.net\/wordpress\/wp-content\/uploads\/2021\/09\/DJI_0033-300x225.jpg\" alt=\"\" width=\"153\" height=\"115\" srcset=\"https:\/\/www.radiopiu.net\/wordpress\/wp-content\/uploads\/2021\/09\/DJI_0033-300x225.jpg 300w, https:\/\/www.radiopiu.net\/wordpress\/wp-content\/uploads\/2021\/09\/DJI_0033-1024x768.jpg 1024w, https:\/\/www.radiopiu.net\/wordpress\/wp-content\/uploads\/2021\/09\/DJI_0033-768x576.jpg 768w, https:\/\/www.radiopiu.net\/wordpress\/wp-content\/uploads\/2021\/09\/DJI_0033-1536x1152.jpg 1536w, https:\/\/www.radiopiu.net\/wordpress\/wp-content\/uploads\/2021\/09\/DJI_0033-2048x1536.jpg 2048w\" sizes=\"auto, (max-width: 153px) 100vw, 153px\" \/><\/a>DI GIANNI SANTOMASO<\/strong><\/p>\n<p>OSPITE: Samantha Soppelsa<\/p>\n<audio class=\"wp-audio-shortcode\" id=\"audio-390427-6\" preload=\"none\" style=\"width: 100%;\" controls=\"controls\"><source type=\"audio\/mpeg\" src=\"https:\/\/www.radiopiu.net\/wordpress\/wp-content\/uploads\/2024\/05\/RASSEGNA-GIANNI-2.mp3?_=6\" \/><a href=\"https:\/\/www.radiopiu.net\/wordpress\/wp-content\/uploads\/2024\/05\/RASSEGNA-GIANNI-2.mp3\">https:\/\/www.radiopiu.net\/wordpress\/wp-content\/uploads\/2024\/05\/RASSEGNA-GIANNI-2.mp3<\/a><\/audio>\n<p>&nbsp;<\/p>\n<p>&nbsp;<\/p>\n<hr \/>\n<p>&nbsp;<\/p>\n<h2><span style=\"color: #666699;\">DUE MINUTI PER TE<\/span><\/h2>\n<p><strong><a class=\"dt-pswp-item\" href=\"https:\/\/www.radiopiu.net\/wordpress\/wp-content\/uploads\/2020\/12\/DON-GIORGIO-LISE.jpg\" data-dt-img-description=\"\" data-large_image_width=\"1600\" data-large_image_height=\"901\"><img loading=\"lazy\" decoding=\"async\" class=\" wp-image-177420 alignleft\" src=\"https:\/\/www.radiopiu.net\/wordpress\/wp-content\/uploads\/2020\/12\/DON-GIORGIO-LISE-300x169.jpg\" alt=\"\" width=\"163\" height=\"92\" srcset=\"https:\/\/www.radiopiu.net\/wordpress\/wp-content\/uploads\/2020\/12\/DON-GIORGIO-LISE-300x169.jpg 300w, https:\/\/www.radiopiu.net\/wordpress\/wp-content\/uploads\/2020\/12\/DON-GIORGIO-LISE-1024x577.jpg 1024w, https:\/\/www.radiopiu.net\/wordpress\/wp-content\/uploads\/2020\/12\/DON-GIORGIO-LISE-768x432.jpg 768w, https:\/\/www.radiopiu.net\/wordpress\/wp-content\/uploads\/2020\/12\/DON-GIORGIO-LISE-1536x865.jpg 1536w, https:\/\/www.radiopiu.net\/wordpress\/wp-content\/uploads\/2020\/12\/DON-GIORGIO-LISE.jpg 1600w\" sizes=\"auto, (max-width: 163px) 100vw, 163px\" \/><\/a>APPUNTAMENTO DELLA DOMENICA CON IL PENSIERO DI MONSIGNOR GIORGIO LISE<\/strong><\/p>\n<audio class=\"wp-audio-shortcode\" id=\"audio-390427-7\" preload=\"none\" style=\"width: 100%;\" controls=\"controls\"><source type=\"audio\/mpeg\" src=\"https:\/\/www.radiopiu.net\/wordpress\/wp-content\/uploads\/2024\/05\/DON-GIORGIO-4.mp3?_=7\" \/><a href=\"https:\/\/www.radiopiu.net\/wordpress\/wp-content\/uploads\/2024\/05\/DON-GIORGIO-4.mp3\">https:\/\/www.radiopiu.net\/wordpress\/wp-content\/uploads\/2024\/05\/DON-GIORGIO-4.mp3<\/a><\/audio>\n<p>&nbsp;<\/p>\n<hr \/>\n<p>&nbsp;<\/p>\n<h2><span style=\"color: #00ccff;\">GOODBYE BY BICICLE&#8230;UN VIAGGIO DALL&#8217;INDIA A SEREN DEL GRAPPA IN BICICLETTA<\/span><\/h2>\n<p><span style=\"color: #ff0000;\"><strong>PUNTATA 14 &#8211; GLI ULTIMI ISTANTI IN INDIA ED ORA IN TERRITORIO NEPALESE<\/strong><\/span><\/p>\n<audio class=\"wp-audio-shortcode\" id=\"audio-390427-8\" preload=\"none\" style=\"width: 100%;\" controls=\"controls\"><source type=\"audio\/mpeg\" src=\"https:\/\/www.radiopiu.net\/wordpress\/wp-content\/uploads\/2024\/05\/AIRE-INDIA-PUNTATA-14.mp3?_=8\" \/><a href=\"https:\/\/www.radiopiu.net\/wordpress\/wp-content\/uploads\/2024\/05\/AIRE-INDIA-PUNTATA-14.mp3\">https:\/\/www.radiopiu.net\/wordpress\/wp-content\/uploads\/2024\/05\/AIRE-INDIA-PUNTATA-14.mp3<\/a><\/audio>\n<p>&nbsp;<\/p>\n<p><strong>PER VISITARE I SITI DEI LUOGHI VISITATI, CLICCA SULLE SEGUENTI SCRITTE: <span style=\"color: #3366ff;\"><a href=\"https:\/\/www.ndns.in\/\">NEW DELHI NATURE SOCIETY<\/a>\u00a0 \u00a0<a href=\"https:\/\/nafan.org\/\">NATIONAL FORUM FOR AVOCACY NEPAL<\/a>\u00a0 \u00a0<a href=\"https:\/\/dpsrudrapur.com\/\">DHELI PUBBLIC SCHOOL<\/a><\/span><\/strong><\/p>\n<p>&nbsp;<\/p>\n\n\t\t\t<style type='text\/css'>\n\t\t\t\t#gallery-8 {\n\t\t\t\t\tmargin: auto;\n\t\t\t\t}\n\t\t\t\t#gallery-8 .gallery-item {\n\t\t\t\t\tfloat: left;\n\t\t\t\t\tmargin-top: 10px;\n\t\t\t\t\ttext-align: center;\n\t\t\t\t\twidth: 25%;\n\t\t\t\t}\n\t\t\t\t#gallery-8 img {\n\t\t\t\t\tborder: 2px solid #cfcfcf;\n\t\t\t\t}\n\t\t\t\t#gallery-8 .gallery-caption {\n\t\t\t\t\tmargin-left: 0;\n\t\t\t\t}\n\t\t\t\t\/* see gallery_shortcode() in wp-includes\/media.php *\/\n\t\t\t<\/style>\n\t\t<div id='gallery-8' class='dt-gallery-container gallery galleryid-390427 gallery-columns-4 gallery-size-thumbnail'><dl class='gallery-item'>\n\t\t\t\t<dt class='gallery-icon landscape'>\n\t\t\t\t\t<a class=\"rollover rollover-zoom dt-pswp-item\" title=\"17833395-bac9-466c-82c9-42630a52232e\" data-dt-img-description=\"\" data-large_image_width=\"1600\" data-large_image_height=\"1200\"href='https:\/\/www.radiopiu.net\/wordpress\/wp-content\/uploads\/2024\/05\/17833395-bac9-466c-82c9-42630a52232e.jpg'><img loading=\"lazy\" decoding=\"async\" width=\"150\" height=\"150\" src=\"https:\/\/www.radiopiu.net\/wordpress\/wp-content\/uploads\/2024\/05\/17833395-bac9-466c-82c9-42630a52232e-150x150.jpg\" class=\"attachment-thumbnail size-thumbnail\" alt=\"\" \/><\/a>\n\t\t\t\t<\/dt><\/dl><dl class='gallery-item'>\n\t\t\t\t<dt class='gallery-icon landscape'>\n\t\t\t\t\t<a class=\"rollover rollover-zoom dt-pswp-item\" title=\"10c29cc3-fda1-41f2-9a3f-d1122bc30709\" data-dt-img-description=\"\" data-large_image_width=\"1600\" data-large_image_height=\"1200\"href='https:\/\/www.radiopiu.net\/wordpress\/wp-content\/uploads\/2024\/05\/10c29cc3-fda1-41f2-9a3f-d1122bc30709.jpg'><img loading=\"lazy\" decoding=\"async\" width=\"150\" height=\"150\" src=\"https:\/\/www.radiopiu.net\/wordpress\/wp-content\/uploads\/2024\/05\/10c29cc3-fda1-41f2-9a3f-d1122bc30709-150x150.jpg\" class=\"attachment-thumbnail size-thumbnail\" alt=\"\" \/><\/a>\n\t\t\t\t<\/dt><\/dl><dl class='gallery-item'>\n\t\t\t\t<dt class='gallery-icon landscape'>\n\t\t\t\t\t<a class=\"rollover rollover-zoom dt-pswp-item\" title=\"8cbf6512-435c-483e-a67c-68692bae6769\" data-dt-img-description=\"\" data-large_image_width=\"1600\" data-large_image_height=\"900\"href='https:\/\/www.radiopiu.net\/wordpress\/wp-content\/uploads\/2024\/05\/8cbf6512-435c-483e-a67c-68692bae6769.jpg'><img loading=\"lazy\" decoding=\"async\" width=\"150\" height=\"150\" src=\"https:\/\/www.radiopiu.net\/wordpress\/wp-content\/uploads\/2024\/05\/8cbf6512-435c-483e-a67c-68692bae6769-150x150.jpg\" class=\"attachment-thumbnail size-thumbnail\" alt=\"\" \/><\/a>\n\t\t\t\t<\/dt><\/dl><dl class='gallery-item'>\n\t\t\t\t<dt class='gallery-icon portrait'>\n\t\t\t\t\t<a class=\"rollover rollover-zoom dt-pswp-item\" title=\"4e17669f-281f-4548-99d3-bb8eb6851b67\" data-dt-img-description=\"\" data-large_image_width=\"1200\" data-large_image_height=\"1600\"href='https:\/\/www.radiopiu.net\/wordpress\/wp-content\/uploads\/2024\/05\/4e17669f-281f-4548-99d3-bb8eb6851b67.jpg'><img loading=\"lazy\" decoding=\"async\" width=\"150\" height=\"150\" src=\"https:\/\/www.radiopiu.net\/wordpress\/wp-content\/uploads\/2024\/05\/4e17669f-281f-4548-99d3-bb8eb6851b67-150x150.jpg\" class=\"attachment-thumbnail size-thumbnail\" alt=\"\" \/><\/a>\n\t\t\t\t<\/dt><\/dl><br style=\"clear: both\" \/>\n\t\t\t<\/div>\n\n<p>&nbsp;<\/p>\n<hr \/>\n<p>&nbsp;<\/p>\n<blockquote class=\"wp-embedded-content\" data-secret=\"PbMv0yKZI8\"><p><a href=\"https:\/\/www.radiopiu.net\/wordpress\/ddc-juke-box-da-unidea-di-luisa-alchini-p14\/\">DDC JUKE BOX, DA UN&#8217;IDEA DI LUISA ALCHINI<\/a><\/p><\/blockquote>\n<p><iframe loading=\"lazy\" class=\"wp-embedded-content\" sandbox=\"allow-scripts\" security=\"restricted\" style=\"position: absolute; clip: rect(1px, 1px, 1px, 1px);\" title=\"&#8220;DDC JUKE BOX, DA UN&#8217;IDEA DI LUISA ALCHINI&#8221; &#8212; Radio Pi\u00f9\" src=\"https:\/\/www.radiopiu.net\/wordpress\/ddc-juke-box-da-unidea-di-luisa-alchini-p14\/embed\/#?secret=if5pHOClcH#?secret=PbMv0yKZI8\" data-secret=\"PbMv0yKZI8\" width=\"600\" height=\"338\" frameborder=\"0\" marginwidth=\"0\" marginheight=\"0\" scrolling=\"no\"><\/iframe><\/p>\n<p>&nbsp;<\/p>\n<hr \/>\n<p>&nbsp;<\/p>\n<blockquote class=\"wp-embedded-content\" data-secret=\"KxoFjDjIyy\"><p><a href=\"https:\/\/www.radiopiu.net\/wordpress\/piu-siamo-con-marina-settimana-dal-13-al-17-maggio-2024\/\">PIU SIAMO&#8230;CON MARINA. SETTIMANA DAL 13 AL 17 MAGGIO 2024<\/a><\/p><\/blockquote>\n<p><iframe loading=\"lazy\" class=\"wp-embedded-content\" sandbox=\"allow-scripts\" security=\"restricted\" style=\"position: absolute; clip: rect(1px, 1px, 1px, 1px);\" title=\"&#8220;PIU SIAMO&#8230;CON MARINA. SETTIMANA DAL 13 AL 17 MAGGIO 2024&#8221; &#8212; Radio Pi\u00f9\" src=\"https:\/\/www.radiopiu.net\/wordpress\/piu-siamo-con-marina-settimana-dal-13-al-17-maggio-2024\/embed\/#?secret=lg3i8bGs4Q#?secret=KxoFjDjIyy\" data-secret=\"KxoFjDjIyy\" width=\"600\" height=\"338\" frameborder=\"0\" marginwidth=\"0\" marginheight=\"0\" scrolling=\"no\"><\/iframe><\/p>\n<p>&nbsp;<\/p>\n<hr \/>\n<p>&nbsp;<\/p>\n<h2><span style=\"color: #ff0000;\"><a class=\"dt-pswp-item\" href=\"https:\/\/www.radiopiu.net\/wordpress\/wp-content\/uploads\/2018\/09\/appuntamenti.jpeg\" data-dt-img-description=\"\" data-large_image_width=\"800\" data-large_image_height=\"100\"><img loading=\"lazy\" decoding=\"async\" class=\"wp-image-61958 size-full aligncenter\" src=\"https:\/\/www.radiopiu.net\/wordpress\/wp-content\/uploads\/2018\/09\/appuntamenti.jpeg\" alt=\"\" width=\"800\" height=\"100\" srcset=\"https:\/\/www.radiopiu.net\/wordpress\/wp-content\/uploads\/2018\/09\/appuntamenti.jpeg 800w, https:\/\/www.radiopiu.net\/wordpress\/wp-content\/uploads\/2018\/09\/appuntamenti-300x38.jpeg 300w, https:\/\/www.radiopiu.net\/wordpress\/wp-content\/uploads\/2018\/09\/appuntamenti-768x96.jpeg 768w\" sizes=\"auto, (max-width: 800px) 100vw, 800px\" \/><\/a><\/span><\/h2>\n<div>\n<div class=\"\" dir=\"auto\">\n<div id=\":r9h:\" class=\"x1iorvi4 x1pi30zi x1l90r2v x1swvt13\" data-ad-comet-preview=\"message\" data-ad-preview=\"message\">\n<p>&nbsp;<\/p>\n<p>&nbsp;<\/p>\n<div class=\"x78zum5 xdt5ytf xz62fqu x16ldp7u\">\n<div class=\"xu06os2 x1ok221b\">\n\n\t\t\t<style type='text\/css'>\n\t\t\t\t#gallery-9 {\n\t\t\t\t\tmargin: auto;\n\t\t\t\t}\n\t\t\t\t#gallery-9 .gallery-item {\n\t\t\t\t\tfloat: left;\n\t\t\t\t\tmargin-top: 10px;\n\t\t\t\t\ttext-align: center;\n\t\t\t\t\twidth: 100%;\n\t\t\t\t}\n\t\t\t\t#gallery-9 img {\n\t\t\t\t\tborder: 2px solid #cfcfcf;\n\t\t\t\t}\n\t\t\t\t#gallery-9 .gallery-caption {\n\t\t\t\t\tmargin-left: 0;\n\t\t\t\t}\n\t\t\t\t\/* see gallery_shortcode() in wp-includes\/media.php *\/\n\t\t\t<\/style>\n\t\t<div id='gallery-9' class='dt-gallery-container gallery galleryid-390427 gallery-columns-1 gallery-size-thumbnail'><dl class='gallery-item'>\n\t\t\t\t<dt class='gallery-icon portrait'>\n\t\t\t\t\t<a class=\"rollover rollover-zoom dt-pswp-item\" title=\"437146738_2577149032445332_1917642300626249383_n\" data-dt-img-description=\"\" data-large_image_width=\"509\" data-large_image_height=\"720\"href='https:\/\/www.radiopiu.net\/wordpress\/wp-content\/uploads\/2024\/04\/437146738_2577149032445332_1917642300626249383_n.jpg'><img loading=\"lazy\" decoding=\"async\" width=\"150\" height=\"150\" src=\"https:\/\/www.radiopiu.net\/wordpress\/wp-content\/uploads\/2024\/04\/437146738_2577149032445332_1917642300626249383_n-150x150.jpg\" class=\"attachment-thumbnail size-thumbnail\" alt=\"\" aria-describedby=\"gallery-9-387164\" \/><\/a>\n\t\t\t\t<\/dt>\n\t\t\t\t\t<dd class='wp-caption-text gallery-caption' id='gallery-9-387164'>\n\t\t\t\t\tDA VENERDI 3 MAGGIO VIA AL MAGGIO AGORDINO CON I PERITI MINERARI\n\t\t\t\t\t<\/dd><\/dl><br style=\"clear: both\" \/>\n\t\t\t<\/div>\n\n<\/div>\n<\/div>\n<\/div>\n<\/div>\n<\/div>\n<p>&nbsp;<\/p>\n<h2><\/h2>\n<p><strong>AGORDO<\/strong> MAGGIO AGORDINO, CONOSCERE IL TERRITORIO, CON L&#8217;ASSOCIAZIONE PERITI MINERARI DI AGORDO QUATTRO APPUNTAMENTI, PER QUATTRO VENERDI ALLE 20.30 IN SALA DON TAMIS, AD AGORDO, CON INGRESSO LIBERO A TUTTI\u00a0 VENERDI 24 MAGGIO ENERGIA E AMBIENTE DI MONTAGNA con l&#8217;ingegner Adriano Luchetta MAGGIO AGORDINO&#8230; CON L&#8217;APIM, I VENERDI DI SERA IN SALA DON TAMIS<\/p>\n<p><strong>AGORDO<\/strong> Giornata gratuita dedicata alla densitometria ossea, venerdi 24 maggio ad Agordo, presso la Parafarmacia della dottoressa Nadia B\u00f9lf, al centro commerciale GANZ, Test gratuito, durata circa 20 minuti. Per informazioni e prenotazioni, chiama\u00a0 lo 0437.866683, ci trovi sui social: Instagram &#8211; Facebook, oppure passa direttamente in parafarmacia, VENERDI 24 MAGGIO in parafarmacia ad AGORDO, la giornata gratuita della densitometria ossea<\/p>\n<p><strong>BELLUNO<\/strong> Il Circolo Culturale Bellunese organizza il tradizionale concerto dedicato al vincitore del Premio Venezia, con un&#8217;emozione speciale quest&#8217;anno: si esibir\u00e0 il pianista bellunese Giacomo Menegardi, vincitore del Premio Venezia 2023. L&#8217;evento si terr\u00e0 il 24 maggio alle 20:30 al Teatro Dino Buzzati di Belluno, dove il pubblico applaudir\u00e0 un talento locale riconosciuto a livello internazionale.<\/p>\n<p><strong>BELLUNO <\/strong>L&#8217;Associazione culturale Tina Merlin e l&#8217;Associazione Bellunesi nel Mondo, in collaborazione con la Biblioteca delle migrazioni \u201cDino Buzzati\u201d, propongono la presentazione del libro \u201cChiamami Giulietta\u201d, di Vichi De Marchi (Feltrinelli, 2024). Appuntamento il 24 maggio a Belluno, alle 18 in sede ABM<\/p>\n<p><strong>FELTRE\u00a0<\/strong>Sabato 25 maggio alle 21 al Centro Astronomico di Arson a Feltre un incontro con l&#8217;astronomico Giuliano Vanin per parlare degli asteroidi killer<\/p>\n<h2><span style=\"color: #ff0000;\">PROSSIMAMENTE<\/span><\/h2>\n<p>&nbsp;<\/p>\n<p>&nbsp;<\/p>\n<hr \/>\n<p>&nbsp;<\/p>\n<p><a class=\"dt-pswp-item\" href=\"https:\/\/www.radiopiu.net\/wordpress\/wp-content\/uploads\/2018\/09\/viabilita.jpeg\" data-dt-img-description=\"\" data-large_image_width=\"800\" data-large_image_height=\"100\"><img loading=\"lazy\" decoding=\"async\" class=\"aligncenter wp-image-61954 size-full\" src=\"https:\/\/www.radiopiu.net\/wordpress\/wp-content\/uploads\/2018\/09\/viabilita.jpeg\" alt=\"\" width=\"800\" height=\"100\" srcset=\"https:\/\/www.radiopiu.net\/wordpress\/wp-content\/uploads\/2018\/09\/viabilita.jpeg 800w, https:\/\/www.radiopiu.net\/wordpress\/wp-content\/uploads\/2018\/09\/viabilita-300x38.jpeg 300w, https:\/\/www.radiopiu.net\/wordpress\/wp-content\/uploads\/2018\/09\/viabilita-768x96.jpeg 768w\" sizes=\"auto, (max-width: 800px) 100vw, 800px\" \/><\/a><\/p>\n<p>&nbsp;<\/p>\n<p><a class=\"dt-pswp-item\" href=\"https:\/\/www.radiopiu.net\/wordpress\/wp-content\/uploads\/2023\/12\/botol-car-service.jpg\" data-dt-img-description=\"\" data-large_image_width=\"600\" data-large_image_height=\"600\"><img loading=\"lazy\" decoding=\"async\" class=\"size-medium wp-image-367044 aligncenter\" src=\"https:\/\/www.radiopiu.net\/wordpress\/wp-content\/uploads\/2023\/12\/botol-car-service-300x300.jpg\" alt=\"\" width=\"300\" height=\"300\" srcset=\"https:\/\/www.radiopiu.net\/wordpress\/wp-content\/uploads\/2023\/12\/botol-car-service-300x300.jpg 300w, https:\/\/www.radiopiu.net\/wordpress\/wp-content\/uploads\/2023\/12\/botol-car-service-150x150.jpg 150w, https:\/\/www.radiopiu.net\/wordpress\/wp-content\/uploads\/2023\/12\/botol-car-service.jpg 600w\" sizes=\"auto, (max-width: 300px) 100vw, 300px\" \/><\/a><\/p>\n<p>&nbsp;<\/p>\n<p>&nbsp;<\/p>\n<h1>BOLLETTINO QUOTIDIANO, CLICCA QUI<\/h1>\n<blockquote class=\"wp-embedded-content\" data-secret=\"m0U56P8zFj\"><p><a href=\"https:\/\/www.radiopiu.net\/wordpress\/viabilita\/\">viabilita<\/a><\/p><\/blockquote>\n<p><iframe loading=\"lazy\" class=\"wp-embedded-content\" sandbox=\"allow-scripts\" security=\"restricted\" style=\"position: absolute; clip: rect(1px, 1px, 1px, 1px);\" title=\"&#8220;viabilita&#8221; &#8212; Radio Pi\u00f9\" src=\"https:\/\/www.radiopiu.net\/wordpress\/viabilita\/embed\/#?secret=VR65Get3ZG#?secret=m0U56P8zFj\" data-secret=\"m0U56P8zFj\" width=\"600\" height=\"338\" frameborder=\"0\" marginwidth=\"0\" marginheight=\"0\" scrolling=\"no\"><\/iframe><\/p>\n<p>&nbsp;<\/p>\n<p>&nbsp;<\/p>\n<p>&nbsp;<\/p>\n<hr \/>\n<p>&nbsp;<\/p>\n<p><a class=\"dt-pswp-item\" href=\"https:\/\/www.radiopiu.net\/wordpress\/wp-content\/uploads\/2018\/09\/WhatsApp-Image-2018-09-20-at-16.04.06.jpeg\" data-dt-img-description=\"\" data-large_image_width=\"800\" data-large_image_height=\"100\"><img loading=\"lazy\" decoding=\"async\" class=\"wp-image-61378 size-full aligncenter\" src=\"https:\/\/www.radiopiu.net\/wordpress\/wp-content\/uploads\/2018\/09\/WhatsApp-Image-2018-09-20-at-16.04.06.jpeg\" alt=\"\" width=\"800\" height=\"100\" srcset=\"https:\/\/www.radiopiu.net\/wordpress\/wp-content\/uploads\/2018\/09\/WhatsApp-Image-2018-09-20-at-16.04.06.jpeg 800w, https:\/\/www.radiopiu.net\/wordpress\/wp-content\/uploads\/2018\/09\/WhatsApp-Image-2018-09-20-at-16.04.06-300x38.jpeg 300w, https:\/\/www.radiopiu.net\/wordpress\/wp-content\/uploads\/2018\/09\/WhatsApp-Image-2018-09-20-at-16.04.06-768x96.jpeg 768w\" sizes=\"auto, (max-width: 800px) 100vw, 800px\" \/><\/a><\/p>\n<p><center><\/center><center><\/center><center><\/center><center><\/center><center><\/center><center><\/center>&nbsp;<\/p>\n<p><center><\/center><center><\/center><center><\/center><center><\/center><center><\/center><center><b>OGGI<\/b><\/center>Al mattino tempo discreto con schiarite e annuvolamenti irregolari. Al pomeriggio maggiore aumento della nuvolosit\u00e0 anche per nubi cumuliformi e rischio di qualche fenomeno, che potr\u00e0 essere pi\u00f9 presente in serata\/notte sulle Prealpi.<br \/>\n<b>Precipitazioni: <\/b>Al mattino assenti; al pomeriggio non escluso del tutto qualche locale piovasco o rovescio ; in serata e nella notte aumento della probabilit\u00e0 a partire dai settori prealpini, specie quelli occidentali, anche per temporali.<br \/>\n<b>Temperature: <\/b>In ulteriore lieve aumento in quota; nelle valli minime stazionarie e massime stazionarie o in lieve calo per deficit di soleggiamento.<\/p>\n<hr \/>\n<p><center><b>DOMANI<\/b><\/center>Tempo instabile\/perturbato con cielo molto nuvoloso\/coperto e fenomeni diffusi, in probabile attenuazione tra pomeriggio e sera a partire dalle Prealpi.<br \/>\n<b>Precipitazioni: <\/b>Tra la notte e il primo mattino sempre pi\u00f9 diffuse, fino ad interessare tutto il territorio montano per buona parte della giornata, in attenuazione in serata. I fenomeni saranno spesso a carattere di rovescio o temporale, e anche abbondanti sui settori prealpini e in parte sulle Dolomiti meridionali, meno su quelle centro settentrionali.<br \/>\n<b>Temperature: <\/b>Minime stazionarie in quota e in aumento nelle valli, Massime in calo, lieve in quota, pi\u00f9 sensibile nelle valli.<\/p>\n<hr \/>\n<p><center><b>MERCOLEDI<\/b><\/center>Tempo variabile\/instabile, con schiarite mattutine e ripresa di diffusa instabilit\u00e0 tra le ore centrali e il pomeriggio\/sera con rovesci e temporali. Contesto termico fresco per il periodo, con minime in calo e registrate alla sera.<\/p>\n<hr \/>\n<p><center><b>GIOVEDI<\/b><\/center>Ancora una giornata variabile\/instabile, con qualche schiarita mattutina e ripresa di attivit\u00e0 cumuliforme nelle ore centrali, con rovesci e temporali a tratti anche diffusi, in esaurimento in serata<\/p>\n<p>&nbsp;<\/p>\n<hr \/>\n<p>&nbsp;<\/p>\n<p><img loading=\"lazy\" decoding=\"async\" class=\"wp-image-60761 size-full aligncenter\" src=\"https:\/\/www.radiopiu.net\/wordpress\/wp-content\/uploads\/2018\/09\/sport.jpg\" alt=\"\" width=\"800\" height=\"100\" srcset=\"https:\/\/www.radiopiu.net\/wordpress\/wp-content\/uploads\/2018\/09\/sport.jpg 800w, https:\/\/www.radiopiu.net\/wordpress\/wp-content\/uploads\/2018\/09\/sport-300x38.jpg 300w, https:\/\/www.radiopiu.net\/wordpress\/wp-content\/uploads\/2018\/09\/sport-768x96.jpg 768w\" sizes=\"auto, (max-width: 800px) 100vw, 800px\" \/><\/p>\n<p>&nbsp;<\/p>\n<p><strong><span style=\"color: #0000ff;\">\u00a0ASSOCIAZIONE DANZA AGORDINA<\/span><\/strong><\/p>\n<p>&nbsp;<\/p>\n<blockquote>\n<h2>Successo per l&#8217;Associazione Danza Agordina al Concorso &#8220;Pordenone Danza 2024&#8221;<\/h2>\n<\/blockquote>\n<p>Altra trasferta di successo per l&#8217;Associazione Danza Agordina oggi (domenica) a Pordenone per il concorso &#8220;Pordenone Danza 2024&#8221;. I risultati ottenuti dai gruppi partecipanti sono stati straordinari, dimostrando il talento e la dedizione dei giovani danzatori e delle loro coreografe.<\/p>\n<h4>Risultati del Concorso<\/h4>\n<table>\n<thead>\n<tr>\n<th>Gruppo<\/th>\n<th>Classificazione<\/th>\n<th>Premi e Borse di Studio<\/th>\n<\/tr>\n<\/thead>\n<tbody>\n<tr>\n<td>Modern 3<\/td>\n<td>Premio speciale della giuria<\/td>\n<td>Miglior interpretazione, 2 borse di studio<\/td>\n<\/tr>\n<tr>\n<td>Modern Avanzato<\/td>\n<td>Secondo nella sua categoria<\/td>\n<td>3 borse di studio<\/td>\n<\/tr>\n<tr>\n<td>Contemporanea<\/td>\n<td>Primo nella sua categoria<\/td>\n<td>3 borse di studio<\/td>\n<\/tr>\n<tr>\n<td>Hip Hop 2<\/td>\n<td>Premio speciale della giuria<\/td>\n<td>Originalit\u00e0 della coreografia<\/td>\n<\/tr>\n<\/tbody>\n<\/table>\n<p>Nonostante gli inconvenienti tecnici, il gruppo Hip Hop 2 ha ballato con una grinta incredibile, conquistando il premio speciale della giuria per l&#8217;originalit\u00e0 della coreografia.<\/p>\n<p>Le giurie hanno espresso complimenti per le giovani coreografe dell&#8217;associazione: Roberta Reolon, Vanessa Lagan\u00e0 e Fabiola Prompicai.<\/p>\n<p>&nbsp;<\/p>\n<p>&nbsp;<\/p>\n\n\t\t\t<style type='text\/css'>\n\t\t\t\t#gallery-10 {\n\t\t\t\t\tmargin: auto;\n\t\t\t\t}\n\t\t\t\t#gallery-10 .gallery-item {\n\t\t\t\t\tfloat: left;\n\t\t\t\t\tmargin-top: 10px;\n\t\t\t\t\ttext-align: center;\n\t\t\t\t\twidth: 25%;\n\t\t\t\t}\n\t\t\t\t#gallery-10 img {\n\t\t\t\t\tborder: 2px solid #cfcfcf;\n\t\t\t\t}\n\t\t\t\t#gallery-10 .gallery-caption {\n\t\t\t\t\tmargin-left: 0;\n\t\t\t\t}\n\t\t\t\t\/* see gallery_shortcode() in wp-includes\/media.php *\/\n\t\t\t<\/style>\n\t\t<div id='gallery-10' class='dt-gallery-container gallery galleryid-390427 gallery-columns-4 gallery-size-thumbnail'><dl class='gallery-item'>\n\t\t\t\t<dt class='gallery-icon portrait'>\n\t\t\t\t\t<a class=\"rollover\" href='https:\/\/www.radiopiu.net\/wordpress\/giornale-radiopiu-20-maggio-2024-direttore-mirko-mezzacasada-40-anni-25-giugno-1983-25-giugno-2023\/gruppo-hiphop-2-premio-originalita-2\/'><img loading=\"lazy\" decoding=\"async\" width=\"150\" height=\"150\" src=\"https:\/\/www.radiopiu.net\/wordpress\/wp-content\/uploads\/2024\/05\/Gruppo-hiphop-2-premio-originalita-1-150x150.jpg\" class=\"attachment-thumbnail size-thumbnail\" alt=\"\" aria-describedby=\"gallery-10-390876\" \/><\/a>\n\t\t\t\t<\/dt>\n\t\t\t\t\t<dd class='wp-caption-text gallery-caption' id='gallery-10-390876'>\n\t\t\t\t\tGruppo hiphop 2 premio originalit\u00e0\n\t\t\t\t\t<\/dd><\/dl><dl class='gallery-item'>\n\t\t\t\t<dt class='gallery-icon landscape'>\n\t\t\t\t\t<a class=\"rollover\" href='https:\/\/www.radiopiu.net\/wordpress\/giornale-radiopiu-20-maggio-2024-direttore-mirko-mezzacasada-40-anni-25-giugno-1983-25-giugno-2023\/contemporana-e-modern-avanzato-2\/'><img loading=\"lazy\" decoding=\"async\" width=\"150\" height=\"150\" src=\"https:\/\/www.radiopiu.net\/wordpress\/wp-content\/uploads\/2024\/05\/Contemporana-e-modern-avanzato-1-150x150.jpg\" class=\"attachment-thumbnail size-thumbnail\" alt=\"\" aria-describedby=\"gallery-10-390879\" \/><\/a>\n\t\t\t\t<\/dt>\n\t\t\t\t\t<dd class='wp-caption-text gallery-caption' id='gallery-10-390879'>\n\t\t\t\t\tContemporana e modern avanzato\n\t\t\t\t\t<\/dd><\/dl><dl class='gallery-item'>\n\t\t\t\t<dt class='gallery-icon landscape'>\n\t\t\t\t\t<a class=\"rollover\" href='https:\/\/www.radiopiu.net\/wordpress\/giornale-radiopiu-20-maggio-2024-direttore-mirko-mezzacasada-40-anni-25-giugno-1983-25-giugno-2023\/modern-3-3\/'><img loading=\"lazy\" decoding=\"async\" width=\"150\" height=\"150\" src=\"https:\/\/www.radiopiu.net\/wordpress\/wp-content\/uploads\/2024\/05\/Modern-3-2-150x150.jpg\" class=\"attachment-thumbnail size-thumbnail\" alt=\"\" aria-describedby=\"gallery-10-390878\" \/><\/a>\n\t\t\t\t<\/dt>\n\t\t\t\t\t<dd class='wp-caption-text gallery-caption' id='gallery-10-390878'>\n\t\t\t\t\tModern 3\n\t\t\t\t\t<\/dd><\/dl><dl class='gallery-item'>\n\t\t\t\t<dt class='gallery-icon portrait'>\n\t\t\t\t\t<a class=\"rollover\" href='https:\/\/www.radiopiu.net\/wordpress\/giornale-radiopiu-20-maggio-2024-direttore-mirko-mezzacasada-40-anni-25-giugno-1983-25-giugno-2023\/i-premi-2\/'><img loading=\"lazy\" decoding=\"async\" width=\"150\" height=\"150\" src=\"https:\/\/www.radiopiu.net\/wordpress\/wp-content\/uploads\/2024\/05\/I-PREMI-1-150x150.jpg\" class=\"attachment-thumbnail size-thumbnail\" alt=\"\" aria-describedby=\"gallery-10-390877\" \/><\/a>\n\t\t\t\t<\/dt>\n\t\t\t\t\t<dd class='wp-caption-text gallery-caption' id='gallery-10-390877'>\n\t\t\t\t\ti premi\n\t\t\t\t\t<\/dd><\/dl><br style=\"clear: both\" \/>\n\t\t\t<\/div>\n\n<p>&nbsp;<\/p>\n<p>&nbsp;<\/p>\n<p>&nbsp;<\/p>\n<hr \/>\n<p>&nbsp;<\/p>\n<p>&nbsp;<\/p>\n<p><span style=\"color: #0000ff;\"><strong>CALCIO<\/strong><\/span><\/p>\n<blockquote>\n<h3>L&#8217;AGORDINA BATTE L&#8217;AURONZO, IL PIAVE CROLLA A CORTINA<\/h3>\n<\/blockquote>\n<p><strong><a class=\"dt-pswp-item\" href=\"https:\/\/www.radiopiu.net\/wordpress\/wp-content\/uploads\/2024\/05\/3cda1990-e7d7-448f-9dac-958658c4e076.jpg\" data-dt-img-description=\"\" data-large_image_width=\"2048\" data-large_image_height=\"1536\"><img loading=\"lazy\" decoding=\"async\" class=\" wp-image-390856 alignleft\" src=\"https:\/\/www.radiopiu.net\/wordpress\/wp-content\/uploads\/2024\/05\/3cda1990-e7d7-448f-9dac-958658c4e076-300x225.jpg\" alt=\"\" width=\"175\" height=\"131\" srcset=\"https:\/\/www.radiopiu.net\/wordpress\/wp-content\/uploads\/2024\/05\/3cda1990-e7d7-448f-9dac-958658c4e076-300x225.jpg 300w, https:\/\/www.radiopiu.net\/wordpress\/wp-content\/uploads\/2024\/05\/3cda1990-e7d7-448f-9dac-958658c4e076-1024x768.jpg 1024w, https:\/\/www.radiopiu.net\/wordpress\/wp-content\/uploads\/2024\/05\/3cda1990-e7d7-448f-9dac-958658c4e076-768x576.jpg 768w, https:\/\/www.radiopiu.net\/wordpress\/wp-content\/uploads\/2024\/05\/3cda1990-e7d7-448f-9dac-958658c4e076-1536x1152.jpg 1536w, https:\/\/www.radiopiu.net\/wordpress\/wp-content\/uploads\/2024\/05\/3cda1990-e7d7-448f-9dac-958658c4e076.jpg 2048w\" sizes=\"auto, (max-width: 175px) 100vw, 175px\" \/><\/a>DI MARCO GAZ<\/strong><\/p>\n<p><strong>TERZA CATEGORIA<\/strong><\/p>\n<p><strong>AURONZO \u2013 AGORDINA 2-3<\/strong><\/p>\n<p>GOL AGORDINA: Pellegrini, autogol, Tirabeni<\/p>\n<p>Vittoria di forza per l\u2019Agordina di Chiea che torna dalla trasferta in terra cadorina con tre punti in tasca ma che servono solo a mettere il bastone tra le ruote ai padroni di casa ancora in corsa per i playoff. La squadra di Agordo esce a testa alta da una sfida contro una delle squadre di alta classifica facendo cos\u00ec vedere che, nonostante la mancata qualificazione, meritavano qualcosa di pi\u00f9 da questa stagione che volge al termine. Auronzo che passa avanti dopo 15\u2019. Agordina che si sveglia e ingrana la marcia giusta mancando di poco la rete pareggio con Crepaz. Al 15\u2019 il pareggio arriva da Pellegrini che a tu per tu con il portiere non sbaglia. Continua a macinare gioco la compagine di Agordo ma si va al riposo su l\u20191 a 1. Nella ripresa passano pochi minuti e l\u2019Agordina si porta in vantaggio. Punizione, confusione in area e pallone che viene deviato in rete da un giocatore dell\u2019Auronzo. Casera si fa espellere e le cose si complicano per gli agordini che subiscono il pareggio poco dopo. \u00c8 Fersuoch che rende il favore ai cadorini spedendo nella propria porta il pallone. A chiudere la sfida per\u00f2 ci pensa Tirabeni che consegna i tre punti in palio agli agordini con un pallonetto dai 30 metri che va ad infilarsi alle spalle del portiere di casa.<\/p>\n<p><strong>CORTINA \u2013 PIAVE 2-1<\/strong><\/p>\n<p>Nella sfida di bassa classifica ad avere la meglio \u00e8 il Cortina che vince di misura con il Piave. Una partita che sulla carta non valeva nulla se non l\u2019orgoglio di chiudere al meglio la stagione. Gli ampezzani vincono e superano la Lamonese in classifica.<\/p>\n<p><strong>LA CLASSIFICA DELLA TERZA CATEGORIA:<\/strong> Gemelle 54, Domegge 50, San Vittore 47, Auronzo Valzoldana e Alpes Cesio 42, Dynamo Vellai 40, Fortogna 39, Agordina 38, Tambre 25, Piave 22, Cortina 20, Lamonese 19, Cadore 9<\/p>\n<p>&nbsp;<\/p>\n<p><span style=\"color: #0000ff;\"><strong>EQUITAZIONE<\/strong><\/span><\/p>\n<blockquote>\n<h3>OTTIMI RISULTATI PER LE VOLTEGGIATRICI DEL PR RANCH<\/h3>\n<\/blockquote>\n<p><strong>LA VALLE<\/strong> A Casale sul Sile, le giovani volteggiatrici del PR Ranch hanno partecipato a una gara FISE per le categorie ludiche, ottenendo eccellenti risultati. Alice Stieven, Margherita Stieven, Nicole Bernardini e Giada Dal Tio hanno mantenuto il terzo posto nella classifica regionale, migliorando significativamente il loro punteggio di gara. Anche Giulia Bessegato ed Eliana Bellenzier hanno ottenuto ottimi risultati, riconfermando l&#8217;argento della gara precedente e migliorando i loro punteggi personali e di squadra. Il lavoro svolto finora sta portando i suoi frutti.<\/p>\n\n\t\t\t<style type='text\/css'>\n\t\t\t\t#gallery-11 {\n\t\t\t\t\tmargin: auto;\n\t\t\t\t}\n\t\t\t\t#gallery-11 .gallery-item {\n\t\t\t\t\tfloat: left;\n\t\t\t\t\tmargin-top: 10px;\n\t\t\t\t\ttext-align: center;\n\t\t\t\t\twidth: 12%;\n\t\t\t\t}\n\t\t\t\t#gallery-11 img {\n\t\t\t\t\tborder: 2px solid #cfcfcf;\n\t\t\t\t}\n\t\t\t\t#gallery-11 .gallery-caption {\n\t\t\t\t\tmargin-left: 0;\n\t\t\t\t}\n\t\t\t\t\/* see gallery_shortcode() in wp-includes\/media.php *\/\n\t\t\t<\/style>\n\t\t<div id='gallery-11' class='dt-gallery-container gallery galleryid-390427 gallery-columns-8 gallery-size-thumbnail'><dl class='gallery-item'>\n\t\t\t\t<dt class='gallery-icon landscape'>\n\t\t\t\t\t<a class=\"rollover rollover-zoom dt-pswp-item\" title=\"3cb72b14-f08e-472a-a1b7-408eeb96cd3d\" data-dt-img-description=\"\" data-large_image_width=\"1334\" data-large_image_height=\"750\"href='https:\/\/www.radiopiu.net\/wordpress\/wp-content\/uploads\/2024\/05\/3cb72b14-f08e-472a-a1b7-408eeb96cd3d.jpg'><img loading=\"lazy\" decoding=\"async\" width=\"150\" height=\"150\" src=\"https:\/\/www.radiopiu.net\/wordpress\/wp-content\/uploads\/2024\/05\/3cb72b14-f08e-472a-a1b7-408eeb96cd3d-150x150.jpg\" class=\"attachment-thumbnail size-thumbnail\" alt=\"\" \/><\/a>\n\t\t\t\t<\/dt><\/dl><dl class='gallery-item'>\n\t\t\t\t<dt class='gallery-icon landscape'>\n\t\t\t\t\t<a class=\"rollover rollover-zoom dt-pswp-item\" title=\"2176bc52-2c54-4668-83c7-62198e7f9692\" data-dt-img-description=\"\" data-large_image_width=\"1334\" data-large_image_height=\"750\"href='https:\/\/www.radiopiu.net\/wordpress\/wp-content\/uploads\/2024\/05\/2176bc52-2c54-4668-83c7-62198e7f9692.jpg'><img loading=\"lazy\" decoding=\"async\" width=\"150\" height=\"150\" src=\"https:\/\/www.radiopiu.net\/wordpress\/wp-content\/uploads\/2024\/05\/2176bc52-2c54-4668-83c7-62198e7f9692-150x150.jpg\" class=\"attachment-thumbnail size-thumbnail\" alt=\"\" \/><\/a>\n\t\t\t\t<\/dt><\/dl><dl class='gallery-item'>\n\t\t\t\t<dt class='gallery-icon landscape'>\n\t\t\t\t\t<a class=\"rollover rollover-zoom dt-pswp-item\" title=\"9ea8a880-c3ab-490a-8b27-598fe5b529ea\" data-dt-img-description=\"\" data-large_image_width=\"1334\" data-large_image_height=\"750\"href='https:\/\/www.radiopiu.net\/wordpress\/wp-content\/uploads\/2024\/05\/9ea8a880-c3ab-490a-8b27-598fe5b529ea.jpg'><img loading=\"lazy\" decoding=\"async\" width=\"150\" height=\"150\" src=\"https:\/\/www.radiopiu.net\/wordpress\/wp-content\/uploads\/2024\/05\/9ea8a880-c3ab-490a-8b27-598fe5b529ea-150x150.jpg\" class=\"attachment-thumbnail size-thumbnail\" alt=\"\" \/><\/a>\n\t\t\t\t<\/dt><\/dl><dl class='gallery-item'>\n\t\t\t\t<dt class='gallery-icon landscape'>\n\t\t\t\t\t<a class=\"rollover rollover-zoom dt-pswp-item\" title=\"0c7abfb7-3e09-4f98-ac83-edf815975f7b\" data-dt-img-description=\"\" data-large_image_width=\"1334\" data-large_image_height=\"750\"href='https:\/\/www.radiopiu.net\/wordpress\/wp-content\/uploads\/2024\/05\/0c7abfb7-3e09-4f98-ac83-edf815975f7b.jpg'><img loading=\"lazy\" decoding=\"async\" width=\"150\" height=\"150\" src=\"https:\/\/www.radiopiu.net\/wordpress\/wp-content\/uploads\/2024\/05\/0c7abfb7-3e09-4f98-ac83-edf815975f7b-150x150.jpg\" class=\"attachment-thumbnail size-thumbnail\" alt=\"\" \/><\/a>\n\t\t\t\t<\/dt><\/dl><dl class='gallery-item'>\n\t\t\t\t<dt class='gallery-icon landscape'>\n\t\t\t\t\t<a class=\"rollover rollover-zoom dt-pswp-item\" title=\"951dfca9-ede4-41ed-91d8-7fed9f0a0e11\" data-dt-img-description=\"\" data-large_image_width=\"1334\" data-large_image_height=\"750\"href='https:\/\/www.radiopiu.net\/wordpress\/wp-content\/uploads\/2024\/05\/951dfca9-ede4-41ed-91d8-7fed9f0a0e11.jpg'><img loading=\"lazy\" decoding=\"async\" width=\"150\" height=\"150\" src=\"https:\/\/www.radiopiu.net\/wordpress\/wp-content\/uploads\/2024\/05\/951dfca9-ede4-41ed-91d8-7fed9f0a0e11-150x150.jpg\" class=\"attachment-thumbnail size-thumbnail\" alt=\"\" \/><\/a>\n\t\t\t\t<\/dt><\/dl><dl class='gallery-item'>\n\t\t\t\t<dt class='gallery-icon landscape'>\n\t\t\t\t\t<a class=\"rollover rollover-zoom dt-pswp-item\" title=\"00dd5e62-bd25-4044-b798-2777149b0c13\" data-dt-img-description=\"\" data-large_image_width=\"1334\" data-large_image_height=\"750\"href='https:\/\/www.radiopiu.net\/wordpress\/wp-content\/uploads\/2024\/05\/00dd5e62-bd25-4044-b798-2777149b0c13.jpg'><img loading=\"lazy\" decoding=\"async\" width=\"150\" height=\"150\" src=\"https:\/\/www.radiopiu.net\/wordpress\/wp-content\/uploads\/2024\/05\/00dd5e62-bd25-4044-b798-2777149b0c13-150x150.jpg\" class=\"attachment-thumbnail size-thumbnail\" alt=\"\" \/><\/a>\n\t\t\t\t<\/dt><\/dl><dl class='gallery-item'>\n\t\t\t\t<dt class='gallery-icon landscape'>\n\t\t\t\t\t<a class=\"rollover rollover-zoom dt-pswp-item\" title=\"e9fa1e29-5c7e-476f-9ffe-6e589b158c89\" data-dt-img-description=\"\" data-large_image_width=\"1334\" data-large_image_height=\"750\"href='https:\/\/www.radiopiu.net\/wordpress\/wp-content\/uploads\/2024\/05\/e9fa1e29-5c7e-476f-9ffe-6e589b158c89.jpg'><img loading=\"lazy\" decoding=\"async\" width=\"150\" height=\"150\" src=\"https:\/\/www.radiopiu.net\/wordpress\/wp-content\/uploads\/2024\/05\/e9fa1e29-5c7e-476f-9ffe-6e589b158c89-150x150.jpg\" class=\"attachment-thumbnail size-thumbnail\" alt=\"\" \/><\/a>\n\t\t\t\t<\/dt><\/dl><dl class='gallery-item'>\n\t\t\t\t<dt class='gallery-icon landscape'>\n\t\t\t\t\t<a class=\"rollover rollover-zoom dt-pswp-item\" title=\"56853de7-c223-4799-8661-77cc9220d879\" data-dt-img-description=\"\" data-large_image_width=\"1334\" data-large_image_height=\"750\"href='https:\/\/www.radiopiu.net\/wordpress\/wp-content\/uploads\/2024\/05\/56853de7-c223-4799-8661-77cc9220d879.jpg'><img loading=\"lazy\" decoding=\"async\" width=\"150\" height=\"150\" src=\"https:\/\/www.radiopiu.net\/wordpress\/wp-content\/uploads\/2024\/05\/56853de7-c223-4799-8661-77cc9220d879-150x150.jpg\" class=\"attachment-thumbnail size-thumbnail\" alt=\"\" \/><\/a>\n\t\t\t\t<\/dt><\/dl><br style=\"clear: both\" \/><dl class='gallery-item'>\n\t\t\t\t<dt class='gallery-icon landscape'>\n\t\t\t\t\t<a class=\"rollover rollover-zoom dt-pswp-item\" title=\"9fde54a3-fc9a-48a9-bd1c-4530d6c7c510\" data-dt-img-description=\"\" data-large_image_width=\"1334\" data-large_image_height=\"750\"href='https:\/\/www.radiopiu.net\/wordpress\/wp-content\/uploads\/2024\/05\/9fde54a3-fc9a-48a9-bd1c-4530d6c7c510.jpg'><img loading=\"lazy\" decoding=\"async\" width=\"150\" height=\"150\" src=\"https:\/\/www.radiopiu.net\/wordpress\/wp-content\/uploads\/2024\/05\/9fde54a3-fc9a-48a9-bd1c-4530d6c7c510-150x150.jpg\" class=\"attachment-thumbnail size-thumbnail\" alt=\"\" \/><\/a>\n\t\t\t\t<\/dt><\/dl><dl class='gallery-item'>\n\t\t\t\t<dt class='gallery-icon landscape'>\n\t\t\t\t\t<a class=\"rollover rollover-zoom dt-pswp-item\" title=\"d6073607-2bf6-44b4-9224-4827e4a0d0b8\" data-dt-img-description=\"\" data-large_image_width=\"1334\" data-large_image_height=\"750\"href='https:\/\/www.radiopiu.net\/wordpress\/wp-content\/uploads\/2024\/05\/d6073607-2bf6-44b4-9224-4827e4a0d0b8.jpg'><img loading=\"lazy\" decoding=\"async\" width=\"150\" height=\"150\" src=\"https:\/\/www.radiopiu.net\/wordpress\/wp-content\/uploads\/2024\/05\/d6073607-2bf6-44b4-9224-4827e4a0d0b8-150x150.jpg\" class=\"attachment-thumbnail size-thumbnail\" alt=\"\" \/><\/a>\n\t\t\t\t<\/dt><\/dl><dl class='gallery-item'>\n\t\t\t\t<dt class='gallery-icon landscape'>\n\t\t\t\t\t<a class=\"rollover rollover-zoom dt-pswp-item\" title=\"ba284bf9-5cc1-4cdb-8a7c-019d707660ff\" data-dt-img-description=\"\" data-large_image_width=\"1334\" data-large_image_height=\"750\"href='https:\/\/www.radiopiu.net\/wordpress\/wp-content\/uploads\/2024\/05\/ba284bf9-5cc1-4cdb-8a7c-019d707660ff.jpg'><img loading=\"lazy\" decoding=\"async\" width=\"150\" height=\"150\" src=\"https:\/\/www.radiopiu.net\/wordpress\/wp-content\/uploads\/2024\/05\/ba284bf9-5cc1-4cdb-8a7c-019d707660ff-150x150.jpg\" class=\"attachment-thumbnail size-thumbnail\" alt=\"\" \/><\/a>\n\t\t\t\t<\/dt><\/dl><dl class='gallery-item'>\n\t\t\t\t<dt class='gallery-icon landscape'>\n\t\t\t\t\t<a class=\"rollover rollover-zoom dt-pswp-item\" title=\"202b1b93-d0a5-4a14-8b78-2212d04ad8cb\" data-dt-img-description=\"\" data-large_image_width=\"1334\" data-large_image_height=\"750\"href='https:\/\/www.radiopiu.net\/wordpress\/wp-content\/uploads\/2024\/05\/202b1b93-d0a5-4a14-8b78-2212d04ad8cb.jpg'><img loading=\"lazy\" decoding=\"async\" width=\"150\" height=\"150\" src=\"https:\/\/www.radiopiu.net\/wordpress\/wp-content\/uploads\/2024\/05\/202b1b93-d0a5-4a14-8b78-2212d04ad8cb-150x150.jpg\" class=\"attachment-thumbnail size-thumbnail\" alt=\"\" \/><\/a>\n\t\t\t\t<\/dt><\/dl><dl class='gallery-item'>\n\t\t\t\t<dt class='gallery-icon landscape'>\n\t\t\t\t\t<a class=\"rollover rollover-zoom dt-pswp-item\" title=\"6a76270e-4b4b-446f-a600-0076b98e475a\" data-dt-img-description=\"\" data-large_image_width=\"1334\" data-large_image_height=\"750\"href='https:\/\/www.radiopiu.net\/wordpress\/wp-content\/uploads\/2024\/05\/6a76270e-4b4b-446f-a600-0076b98e475a.jpg'><img loading=\"lazy\" decoding=\"async\" width=\"150\" height=\"150\" src=\"https:\/\/www.radiopiu.net\/wordpress\/wp-content\/uploads\/2024\/05\/6a76270e-4b4b-446f-a600-0076b98e475a-150x150.jpg\" class=\"attachment-thumbnail size-thumbnail\" alt=\"\" \/><\/a>\n\t\t\t\t<\/dt><\/dl><dl class='gallery-item'>\n\t\t\t\t<dt class='gallery-icon landscape'>\n\t\t\t\t\t<a class=\"rollover rollover-zoom dt-pswp-item\" title=\"a98ecef3-6e43-48b9-ba45-7612279cea64\" data-dt-img-description=\"\" data-large_image_width=\"1334\" data-large_image_height=\"750\"href='https:\/\/www.radiopiu.net\/wordpress\/wp-content\/uploads\/2024\/05\/a98ecef3-6e43-48b9-ba45-7612279cea64.jpg'><img loading=\"lazy\" decoding=\"async\" width=\"150\" height=\"150\" src=\"https:\/\/www.radiopiu.net\/wordpress\/wp-content\/uploads\/2024\/05\/a98ecef3-6e43-48b9-ba45-7612279cea64-150x150.jpg\" class=\"attachment-thumbnail size-thumbnail\" alt=\"\" \/><\/a>\n\t\t\t\t<\/dt><\/dl><dl class='gallery-item'>\n\t\t\t\t<dt class='gallery-icon landscape'>\n\t\t\t\t\t<a class=\"rollover rollover-zoom dt-pswp-item\" title=\"52779457-46de-4dd2-8a60-d706fee2ce47\" data-dt-img-description=\"\" data-large_image_width=\"1334\" data-large_image_height=\"750\"href='https:\/\/www.radiopiu.net\/wordpress\/wp-content\/uploads\/2024\/05\/52779457-46de-4dd2-8a60-d706fee2ce47.jpg'><img loading=\"lazy\" decoding=\"async\" width=\"150\" height=\"150\" src=\"https:\/\/www.radiopiu.net\/wordpress\/wp-content\/uploads\/2024\/05\/52779457-46de-4dd2-8a60-d706fee2ce47-150x150.jpg\" class=\"attachment-thumbnail size-thumbnail\" alt=\"\" \/><\/a>\n\t\t\t\t<\/dt><\/dl><dl class='gallery-item'>\n\t\t\t\t<dt class='gallery-icon portrait'>\n\t\t\t\t\t<a class=\"rollover rollover-zoom dt-pswp-item\" title=\"9af8f5a7-2434-4768-9440-e9747ab31186\" data-dt-img-description=\"\" data-large_image_width=\"900\" data-large_image_height=\"2000\"href='https:\/\/www.radiopiu.net\/wordpress\/wp-content\/uploads\/2024\/05\/9af8f5a7-2434-4768-9440-e9747ab31186.jpg'><img loading=\"lazy\" decoding=\"async\" width=\"150\" height=\"150\" src=\"https:\/\/www.radiopiu.net\/wordpress\/wp-content\/uploads\/2024\/05\/9af8f5a7-2434-4768-9440-e9747ab31186-150x150.jpg\" class=\"attachment-thumbnail size-thumbnail\" alt=\"\" \/><\/a>\n\t\t\t\t<\/dt><\/dl><br style=\"clear: both\" \/>\n\t\t\t<\/div>\n\n<p>&nbsp;<\/p>\n<p><span style=\"color: #0000ff;\"><strong>CALCIO A 5<\/strong><\/span><\/p>\n<blockquote>\n<h3>IL CENTRO SI AGGIUDICA IL MEMORIAL SILVANO MOSCA<\/h3>\n<\/blockquote>\n<p><strong>AGORDO<\/strong> \u00c8 andata in scena sul Broi di Agordo la terza edizione del Torneo delle Frazioni, la manifestazione ideata dal comitato Palio dei 100 che ha fatto sfidare in un torneo di calcio a 5 le varie frazioni. Dal mattino fino al tardo pomeriggio 7 squadre si sono sfidate per aggiudicarsi la prima edizione del Memorial Silvano Mosca. A chiudere la giornata di sport la finalissima tra Centro e Toccol 1 con la squadra blu che ha vinto ai rigori. Una giornata di sport, musica e compagnia, antipasto del Palio dei 100 che si svolger\u00e0 a met\u00e0 agosto sempre sul Broi di Agordo e che quest&#8217;anno \u00e8 arrivato alla quarantesima edizione.<\/p>\n<p><strong>LA CLASSIFICA FINALE:\u00a0<\/strong>1. Centro, 2. Toccol 1, 3. Toccol 2, 4. Veran-Crostolin, 5. Pragrande, 6. Parech, 7. Brugnach-Giove-Valcozzena<\/p>\n<p><strong>PREMI SPECIALI:\u00a0<\/strong>Miglior portiere Francesco Da Rif (Veran), Giocatori pi\u00f9 giovani Ilay Bianchi (Valcozzena) e Cristiano Tosatto (Veran), Giocatore pi\u00f9 anziano Giorgio Farenzena (Parech), Miglior giocatrice donna Erica Schena (Pragrande), Miglior giocatore uomo Alessandro Panziera (Veran), Capocannoniere David Del Chin (Centro &#8211; 6 gol).<\/p>\n<p>&nbsp;<\/p>\n\n\t\t\t<style type='text\/css'>\n\t\t\t\t#gallery-12 {\n\t\t\t\t\tmargin: auto;\n\t\t\t\t}\n\t\t\t\t#gallery-12 .gallery-item {\n\t\t\t\t\tfloat: left;\n\t\t\t\t\tmargin-top: 10px;\n\t\t\t\t\ttext-align: center;\n\t\t\t\t\twidth: 33%;\n\t\t\t\t}\n\t\t\t\t#gallery-12 img {\n\t\t\t\t\tborder: 2px solid #cfcfcf;\n\t\t\t\t}\n\t\t\t\t#gallery-12 .gallery-caption {\n\t\t\t\t\tmargin-left: 0;\n\t\t\t\t}\n\t\t\t\t\/* see gallery_shortcode() in wp-includes\/media.php *\/\n\t\t\t<\/style>\n\t\t<div id='gallery-12' class='dt-gallery-container gallery galleryid-390427 gallery-columns-3 gallery-size-medium'><dl class='gallery-item'>\n\t\t\t\t<dt class='gallery-icon landscape'>\n\t\t\t\t\t<a class=\"rollover rollover-zoom dt-pswp-item\" title=\"5e15241c-a257-4754-b5a2-8c92decf93da\" data-dt-img-description=\"\" data-large_image_width=\"1600\" data-large_image_height=\"1200\"href='https:\/\/www.radiopiu.net\/wordpress\/wp-content\/uploads\/2024\/05\/5e15241c-a257-4754-b5a2-8c92decf93da.jpg'><img loading=\"lazy\" decoding=\"async\" width=\"300\" height=\"225\" src=\"https:\/\/www.radiopiu.net\/wordpress\/wp-content\/uploads\/2024\/05\/5e15241c-a257-4754-b5a2-8c92decf93da-300x225.jpg\" class=\"attachment-medium size-medium\" alt=\"\" srcset=\"https:\/\/www.radiopiu.net\/wordpress\/wp-content\/uploads\/2024\/05\/5e15241c-a257-4754-b5a2-8c92decf93da-300x225.jpg 300w, https:\/\/www.radiopiu.net\/wordpress\/wp-content\/uploads\/2024\/05\/5e15241c-a257-4754-b5a2-8c92decf93da-1024x768.jpg 1024w, https:\/\/www.radiopiu.net\/wordpress\/wp-content\/uploads\/2024\/05\/5e15241c-a257-4754-b5a2-8c92decf93da-768x576.jpg 768w, https:\/\/www.radiopiu.net\/wordpress\/wp-content\/uploads\/2024\/05\/5e15241c-a257-4754-b5a2-8c92decf93da-1536x1152.jpg 1536w, https:\/\/www.radiopiu.net\/wordpress\/wp-content\/uploads\/2024\/05\/5e15241c-a257-4754-b5a2-8c92decf93da.jpg 1600w\" sizes=\"auto, (max-width: 300px) 100vw, 300px\" \/><\/a>\n\t\t\t\t<\/dt><\/dl><dl class='gallery-item'>\n\t\t\t\t<dt class='gallery-icon landscape'>\n\t\t\t\t\t<a class=\"rollover rollover-zoom dt-pswp-item\" title=\"dff55d1c-ffd6-4730-98db-263182fcbe63\" data-dt-img-description=\"\" data-large_image_width=\"1600\" data-large_image_height=\"1200\"href='https:\/\/www.radiopiu.net\/wordpress\/wp-content\/uploads\/2024\/05\/dff55d1c-ffd6-4730-98db-263182fcbe63.jpg'><img loading=\"lazy\" decoding=\"async\" width=\"300\" height=\"225\" src=\"https:\/\/www.radiopiu.net\/wordpress\/wp-content\/uploads\/2024\/05\/dff55d1c-ffd6-4730-98db-263182fcbe63-300x225.jpg\" class=\"attachment-medium size-medium\" alt=\"\" srcset=\"https:\/\/www.radiopiu.net\/wordpress\/wp-content\/uploads\/2024\/05\/dff55d1c-ffd6-4730-98db-263182fcbe63-300x225.jpg 300w, https:\/\/www.radiopiu.net\/wordpress\/wp-content\/uploads\/2024\/05\/dff55d1c-ffd6-4730-98db-263182fcbe63-1024x768.jpg 1024w, https:\/\/www.radiopiu.net\/wordpress\/wp-content\/uploads\/2024\/05\/dff55d1c-ffd6-4730-98db-263182fcbe63-768x576.jpg 768w, https:\/\/www.radiopiu.net\/wordpress\/wp-content\/uploads\/2024\/05\/dff55d1c-ffd6-4730-98db-263182fcbe63-1536x1152.jpg 1536w, https:\/\/www.radiopiu.net\/wordpress\/wp-content\/uploads\/2024\/05\/dff55d1c-ffd6-4730-98db-263182fcbe63.jpg 1600w\" sizes=\"auto, (max-width: 300px) 100vw, 300px\" \/><\/a>\n\t\t\t\t<\/dt><\/dl><dl class='gallery-item'>\n\t\t\t\t<dt class='gallery-icon landscape'>\n\t\t\t\t\t<a class=\"rollover rollover-zoom dt-pswp-item\" title=\"1ce7ace5-d3f6-429b-9fa0-4a43305348a7\" data-dt-img-description=\"\" data-large_image_width=\"1600\" data-large_image_height=\"1200\"href='https:\/\/www.radiopiu.net\/wordpress\/wp-content\/uploads\/2024\/05\/1ce7ace5-d3f6-429b-9fa0-4a43305348a7.jpg'><img loading=\"lazy\" decoding=\"async\" width=\"300\" height=\"225\" src=\"https:\/\/www.radiopiu.net\/wordpress\/wp-content\/uploads\/2024\/05\/1ce7ace5-d3f6-429b-9fa0-4a43305348a7-300x225.jpg\" class=\"attachment-medium size-medium\" alt=\"\" srcset=\"https:\/\/www.radiopiu.net\/wordpress\/wp-content\/uploads\/2024\/05\/1ce7ace5-d3f6-429b-9fa0-4a43305348a7-300x225.jpg 300w, https:\/\/www.radiopiu.net\/wordpress\/wp-content\/uploads\/2024\/05\/1ce7ace5-d3f6-429b-9fa0-4a43305348a7-1024x768.jpg 1024w, https:\/\/www.radiopiu.net\/wordpress\/wp-content\/uploads\/2024\/05\/1ce7ace5-d3f6-429b-9fa0-4a43305348a7-768x576.jpg 768w, https:\/\/www.radiopiu.net\/wordpress\/wp-content\/uploads\/2024\/05\/1ce7ace5-d3f6-429b-9fa0-4a43305348a7-1536x1152.jpg 1536w, https:\/\/www.radiopiu.net\/wordpress\/wp-content\/uploads\/2024\/05\/1ce7ace5-d3f6-429b-9fa0-4a43305348a7.jpg 1600w\" sizes=\"auto, (max-width: 300px) 100vw, 300px\" \/><\/a>\n\t\t\t\t<\/dt><\/dl><br style=\"clear: both\" \/><dl class='gallery-item'>\n\t\t\t\t<dt class='gallery-icon landscape'>\n\t\t\t\t\t<a class=\"rollover rollover-zoom dt-pswp-item\" title=\"d7543c96-40f5-4bdf-915d-307281e82af0\" data-dt-img-description=\"\" data-large_image_width=\"1600\" data-large_image_height=\"1200\"href='https:\/\/www.radiopiu.net\/wordpress\/wp-content\/uploads\/2024\/05\/d7543c96-40f5-4bdf-915d-307281e82af0.jpg'><img loading=\"lazy\" decoding=\"async\" width=\"300\" height=\"225\" src=\"https:\/\/www.radiopiu.net\/wordpress\/wp-content\/uploads\/2024\/05\/d7543c96-40f5-4bdf-915d-307281e82af0-300x225.jpg\" class=\"attachment-medium size-medium\" alt=\"\" srcset=\"https:\/\/www.radiopiu.net\/wordpress\/wp-content\/uploads\/2024\/05\/d7543c96-40f5-4bdf-915d-307281e82af0-300x225.jpg 300w, https:\/\/www.radiopiu.net\/wordpress\/wp-content\/uploads\/2024\/05\/d7543c96-40f5-4bdf-915d-307281e82af0-1024x768.jpg 1024w, https:\/\/www.radiopiu.net\/wordpress\/wp-content\/uploads\/2024\/05\/d7543c96-40f5-4bdf-915d-307281e82af0-768x576.jpg 768w, https:\/\/www.radiopiu.net\/wordpress\/wp-content\/uploads\/2024\/05\/d7543c96-40f5-4bdf-915d-307281e82af0-1536x1152.jpg 1536w, https:\/\/www.radiopiu.net\/wordpress\/wp-content\/uploads\/2024\/05\/d7543c96-40f5-4bdf-915d-307281e82af0.jpg 1600w\" sizes=\"auto, (max-width: 300px) 100vw, 300px\" \/><\/a>\n\t\t\t\t<\/dt><\/dl><dl class='gallery-item'>\n\t\t\t\t<dt class='gallery-icon landscape'>\n\t\t\t\t\t<a class=\"rollover rollover-zoom dt-pswp-item\" title=\"4281c11a-7372-43a2-920a-534ad5fec5dc\" data-dt-img-description=\"\" data-large_image_width=\"1600\" data-large_image_height=\"1200\"href='https:\/\/www.radiopiu.net\/wordpress\/wp-content\/uploads\/2024\/05\/4281c11a-7372-43a2-920a-534ad5fec5dc.jpg'><img loading=\"lazy\" decoding=\"async\" width=\"300\" height=\"225\" src=\"https:\/\/www.radiopiu.net\/wordpress\/wp-content\/uploads\/2024\/05\/4281c11a-7372-43a2-920a-534ad5fec5dc-300x225.jpg\" class=\"attachment-medium size-medium\" alt=\"\" srcset=\"https:\/\/www.radiopiu.net\/wordpress\/wp-content\/uploads\/2024\/05\/4281c11a-7372-43a2-920a-534ad5fec5dc-300x225.jpg 300w, https:\/\/www.radiopiu.net\/wordpress\/wp-content\/uploads\/2024\/05\/4281c11a-7372-43a2-920a-534ad5fec5dc-1024x768.jpg 1024w, https:\/\/www.radiopiu.net\/wordpress\/wp-content\/uploads\/2024\/05\/4281c11a-7372-43a2-920a-534ad5fec5dc-768x576.jpg 768w, https:\/\/www.radiopiu.net\/wordpress\/wp-content\/uploads\/2024\/05\/4281c11a-7372-43a2-920a-534ad5fec5dc-1536x1152.jpg 1536w, https:\/\/www.radiopiu.net\/wordpress\/wp-content\/uploads\/2024\/05\/4281c11a-7372-43a2-920a-534ad5fec5dc.jpg 1600w\" sizes=\"auto, (max-width: 300px) 100vw, 300px\" \/><\/a>\n\t\t\t\t<\/dt><\/dl><dl class='gallery-item'>\n\t\t\t\t<dt class='gallery-icon landscape'>\n\t\t\t\t\t<a class=\"rollover rollover-zoom dt-pswp-item\" title=\"d5cabcd2-73b8-4c76-bd5d-b646087d3142\" data-dt-img-description=\"\" data-large_image_width=\"1600\" data-large_image_height=\"1200\"href='https:\/\/www.radiopiu.net\/wordpress\/wp-content\/uploads\/2024\/05\/d5cabcd2-73b8-4c76-bd5d-b646087d3142.jpg'><img loading=\"lazy\" decoding=\"async\" width=\"300\" height=\"225\" src=\"https:\/\/www.radiopiu.net\/wordpress\/wp-content\/uploads\/2024\/05\/d5cabcd2-73b8-4c76-bd5d-b646087d3142-300x225.jpg\" class=\"attachment-medium size-medium\" alt=\"\" srcset=\"https:\/\/www.radiopiu.net\/wordpress\/wp-content\/uploads\/2024\/05\/d5cabcd2-73b8-4c76-bd5d-b646087d3142-300x225.jpg 300w, https:\/\/www.radiopiu.net\/wordpress\/wp-content\/uploads\/2024\/05\/d5cabcd2-73b8-4c76-bd5d-b646087d3142-1024x768.jpg 1024w, https:\/\/www.radiopiu.net\/wordpress\/wp-content\/uploads\/2024\/05\/d5cabcd2-73b8-4c76-bd5d-b646087d3142-768x576.jpg 768w, https:\/\/www.radiopiu.net\/wordpress\/wp-content\/uploads\/2024\/05\/d5cabcd2-73b8-4c76-bd5d-b646087d3142-1536x1152.jpg 1536w, https:\/\/www.radiopiu.net\/wordpress\/wp-content\/uploads\/2024\/05\/d5cabcd2-73b8-4c76-bd5d-b646087d3142.jpg 1600w\" sizes=\"auto, (max-width: 300px) 100vw, 300px\" \/><\/a>\n\t\t\t\t<\/dt><\/dl><br style=\"clear: both\" \/>\n\t\t\t<\/div>\n\n<p><strong>LE PREMIAZIONI<\/strong><\/p>\n<p><iframe loading=\"lazy\" title=\"Diretta Esterna Radio Pi\u00f9\" width=\"1200\" height=\"675\" src=\"https:\/\/www.youtube.com\/embed\/Uz1Waxt5-sE?feature=oembed\" frameborder=\"0\" allow=\"accelerometer; autoplay; clipboard-write; encrypted-media; gyroscope; picture-in-picture; web-share\" referrerpolicy=\"strict-origin-when-cross-origin\" allowfullscreen><\/iframe><\/p>\n<p>&nbsp;<\/p>\n<p><span style=\"color: #0000ff;\"><strong>CORSA CAMPESTRE<\/strong><\/span><\/p>\n<blockquote>\n<h3>IN 300 ALLA CAMPESTRE DI PELOS<\/h3>\n<\/blockquote>\n<p><a class=\"dt-pswp-item\" href=\"https:\/\/www.radiopiu.net\/wordpress\/wp-content\/uploads\/2024\/05\/Us-Aquilotti-Pelos-societa-organizzatrice-4.-prova-criterium-cadorino-19.05.2024.jpg\" data-dt-img-description=\"\" data-large_image_width=\"1600\" data-large_image_height=\"1066\"><img loading=\"lazy\" decoding=\"async\" class=\" wp-image-390853 alignleft\" src=\"https:\/\/www.radiopiu.net\/wordpress\/wp-content\/uploads\/2024\/05\/Us-Aquilotti-Pelos-societa-organizzatrice-4.-prova-criterium-cadorino-19.05.2024-300x200.jpg\" alt=\"\" width=\"197\" height=\"131\" srcset=\"https:\/\/www.radiopiu.net\/wordpress\/wp-content\/uploads\/2024\/05\/Us-Aquilotti-Pelos-societa-organizzatrice-4.-prova-criterium-cadorino-19.05.2024-300x200.jpg 300w, https:\/\/www.radiopiu.net\/wordpress\/wp-content\/uploads\/2024\/05\/Us-Aquilotti-Pelos-societa-organizzatrice-4.-prova-criterium-cadorino-19.05.2024-1024x682.jpg 1024w, https:\/\/www.radiopiu.net\/wordpress\/wp-content\/uploads\/2024\/05\/Us-Aquilotti-Pelos-societa-organizzatrice-4.-prova-criterium-cadorino-19.05.2024-768x512.jpg 768w, https:\/\/www.radiopiu.net\/wordpress\/wp-content\/uploads\/2024\/05\/Us-Aquilotti-Pelos-societa-organizzatrice-4.-prova-criterium-cadorino-19.05.2024-1536x1023.jpg 1536w, https:\/\/www.radiopiu.net\/wordpress\/wp-content\/uploads\/2024\/05\/Us-Aquilotti-Pelos-societa-organizzatrice-4.-prova-criterium-cadorino-19.05.2024.jpg 1600w\" sizes=\"auto, (max-width: 197px) 100vw, 197px\" \/><\/a>Sono stati trecento i concorrenti che a Pelos di Cadore hanno dato vita alla quarta prova del 27.mo Criterium Cadorino di atletica, gara di corsa campestre proposta dall\u2019\u2019Unione sportiva Aquilotti Pelos su un impegnativo e spettacolare tracciato. I padroni di casa sono stati grandi protagonisti, conquistando il secondo posto nella graduatoria complessiva per societ\u00e0, conquistando il successo nella classifica per societ\u00e0 dell\u2019ambito assoluto e conquistando anche tre successi a livello individuale. A imporsi nelle classifiche complessiva e giovanile \u00e8 stata, come per i tre precedenti appuntamenti (Val di Zoldo, San Vito di Cadore e Cortina d\u2019Ampezzo), l\u2019Atletica Cortina. Classifiche complete su <a href=\"http:\/\/www.csibelluno.it\/\">www.csibelluno.it<\/a>\u00a0Il Criterium Cadorino si concluder\u00e0 domenica prossima, 26 maggio, ad Auronzo di Cadore: in programma una gara di corsa in montagna curata dall\u2019Unione sportiva Tre Cime.<\/p>\n<p>&nbsp;<\/p>\n","protected":false},"excerpt":{"rendered":"<p>***** &nbsp; PER RICEVERE QUESTO NOTIZIARIO DIRETTAMENTE SUL TUO CELLULARE ISCRIVITI AL CANALE TELEGRAM \u201cRADIO PIU\u00a0 INFORMAZIONE&#8221;\u00a0 \u00a0il CANALE TELEGRAM&#8230; UNISCITI A: RADIO PIU INFORMAZIONE &nbsp; &nbsp; ATTENZIONE: LA NUOVA APP PER IOS-IPHONE di Nicola Vettorello https:\/\/apps.apple.com\/it\/app\/radio-pi%C3%B9-emittente-agordina\/id1515939845 ATTENZIONE: LA NUOVA APP RADIO\u00a0 PER ANDROID di Nicola Vettorello https:\/\/play.google.com\/store\/apps\/details?id=net.radiopiu.iniko\u00a0\u00a0 &nbsp; &nbsp; &nbsp; OGGI ALLA RADIO: ALLE&hellip;<\/p>\n","protected":false},"author":4,"featured_media":390883,"comment_status":"closed","ping_status":"closed","sticky":false,"template":"","format":"standard","meta":{"_monsterinsights_skip_tracking":false,"_monsterinsights_sitenote_active":false,"_monsterinsights_sitenote_note":"","_monsterinsights_sitenote_category":0,"footnotes":""},"categories":[51,86,49],"tags":[],"class_list":["post-390427","post","type-post","status-publish","format-standard","has-post-thumbnail","hentry","category-evidenza-top","category-gr","category-news-18","category-51","category-86","category-49","description-off"],"img_url":"https:\/\/www.radiopiu.net\/wordpress\/wp-content\/uploads\/2024\/05\/Senza-nome-37.png","_links":{"self":[{"href":"https:\/\/www.radiopiu.net\/wordpress\/wp-json\/wp\/v2\/posts\/390427","targetHints":{"allow":["GET"]}}],"collection":[{"href":"https:\/\/www.radiopiu.net\/wordpress\/wp-json\/wp\/v2\/posts"}],"about":[{"href":"https:\/\/www.radiopiu.net\/wordpress\/wp-json\/wp\/v2\/types\/post"}],"author":[{"embeddable":true,"href":"https:\/\/www.radiopiu.net\/wordpress\/wp-json\/wp\/v2\/users\/4"}],"replies":[{"embeddable":true,"href":"https:\/\/www.radiopiu.net\/wordpress\/wp-json\/wp\/v2\/comments?post=390427"}],"version-history":[{"count":0,"href":"https:\/\/www.radiopiu.net\/wordpress\/wp-json\/wp\/v2\/posts\/390427\/revisions"}],"wp:featuredmedia":[{"embeddable":true,"href":"https:\/\/www.radiopiu.net\/wordpress\/wp-json\/wp\/v2\/media\/390883"}],"wp:attachment":[{"href":"https:\/\/www.radiopiu.net\/wordpress\/wp-json\/wp\/v2\/media?parent=390427"}],"wp:term":[{"taxonomy":"category","embeddable":true,"href":"https:\/\/www.radiopiu.net\/wordpress\/wp-json\/wp\/v2\/categories?post=390427"},{"taxonomy":"post_tag","embeddable":true,"href":"https:\/\/www.radiopiu.net\/wordpress\/wp-json\/wp\/v2\/tags?post=390427"}],"curies":[{"name":"wp","href":"https:\/\/api.w.org\/{rel}","templated":true}]}}