{"id":390453,"date":"2024-05-18T07:55:35","date_gmt":"2024-05-18T05:55:35","guid":{"rendered":"https:\/\/www.radiopiu.net\/wordpress\/?p=390453"},"modified":"2024-05-18T09:07:44","modified_gmt":"2024-05-18T07:07:44","slug":"dal-1983-la-rassegna-stampa-locale-alle-otto-del-mattino-su-radiopiu","status":"publish","type":"post","link":"https:\/\/www.radiopiu.net\/wordpress\/dal-1983-la-rassegna-stampa-locale-alle-otto-del-mattino-su-radiopiu\/","title":{"rendered":"DAL 1983 LA RASSEGNA STAMPA LOCALE ALLE OTTO DEL MATTINO, SU RADIOPIU"},"content":{"rendered":"<p>**<\/p>\n<p>&nbsp;<\/p>\n<p><iframe loading=\"lazy\" title=\"DAL 1983 LA RASSEGNA STAMPA LOCALE di mirko mezzacasa. L&#039;ORIGINALE\" width=\"1200\" height=\"675\" src=\"https:\/\/www.youtube.com\/embed\/n0g7ScHs7Wg?feature=oembed\" frameborder=\"0\" allow=\"accelerometer; autoplay; clipboard-write; encrypted-media; gyroscope; picture-in-picture; web-share\" referrerpolicy=\"strict-origin-when-cross-origin\" allowfullscreen><\/iframe><\/p>\n<p><strong>348 FELTRINA,<\/strong> DOPO UNA NOTTE DI CHIUSURA LA RIAPERTURA Giovedi notte: 348 chiusa per troppa acqua, smottamenti e frane,\u00a0 riapertura gi\u00e0 nella prima mattinata di ieri. La colata detritica principale tra Carpen e Santa Maria. MARTEDI E MERCOLEDI, DALLE 8 ALLE 17, SENSO UNICO ALTERNATO REGOLATO DA SEMAFORO O MOVIERI, CON PAUSE ANCHE FINO A 20 MINUTI PER PERMETTERE LO SVUOTAMENTO DEL MATERIALE DALLE RETI PARAMASSI.<\/p>\n<p><strong>MALTEMPO<\/strong> Fulmini colpiscono case a Limana e Valbelluna, colate fangose e allagamenti. Nessun danno grave<\/p>\n<p><strong>SEDICO<\/strong> QUATTRO FERITI NELL\u2019INCIDENTE AL PERON DI SEDICO Se la sono cavata senza conseguenze gravi le persone alla guida, sono state portate in ospedale con traumi non preoccupanti. Su un&#8217;auto viaggiavano un ragazzo di 20 anni e una ragazza di 18, sull&#8217;altra una ragazzina minorenne e un uomo di 79 anni.<\/p>\n<p><strong>BELLUNO<\/strong> Un anziano di 94 anni\u00a0 di Belluno \u00e8 stato medicato al Pronto Soccorso dell&#8217;Ospedale San Martino di Belluno.\u00a0 L&#8217;uomo \u00e8 stato soccorso dall&#8217;ambulanza nella galleria di Col Cavalier, in seguito al tamponamento tra pi\u00f9 veicoli alle 10.30 di ieri mattina<\/p>\n<p><strong>AGORDO<\/strong> Ieri alle 8 ambulanza del Pronto Soccorso di Agordo ed elisoccorso sono stati chiamati per un 68enne di Bari colto da malore, trasportato in condizioni gravi al San Martino di Belluno.<\/p>\n<p><strong>LONGARONE<\/strong> Alle 8 incidente anche a Longarone, ferita in modo leggera una donna di 38 anni del posto.<\/p>\n<p><strong>ALPAGO<\/strong> un uomo di 56 anni ha accusato un malore, paziente trasportato all&#8217;ospedale di Belluno.<\/p>\n<p><strong>COMELICO<\/strong>\u00a0 soccorsa una donna di 62 anni per un malore,\u00a0 \u00e8 stata subito trasportata all&#8217;ospedale di Belluno.<\/p>\n<p><strong>CORTINA<\/strong> Un\u2019anziana di 81 anni \u00e8 stata soccorsa dopo essere scivolata in una scarpata a Lacedel. Mentre ripuliva i dintorni di casa dalla spazzatura, \u00e8 scivolata a causa del terreno reso scivoloso dalla pioggia.\u00a0 E&#8217; ricoverata all\u2019ospedale di Bolzano<\/p>\n<p><strong>VAL DI ZOLDO<\/strong> Un orso di passaggio ha fatto scorpacciate di miele, in Val di Zoldo. L\u2019incursione del plantigrado \u00e8 avvenuta nella notte tra mercoled\u00ec e gioved\u00ec (15-16 maggio), a Fornesighe. L\u2019animale ha distrutto un intero apiario, mangiando una quantit\u00e0 di miele, favi e fogli di cera, quantificabile in circa 80 chilogrammi<\/p>\n<p><strong>LUTTO<\/strong> nella Famiglia del Calcio Comelico: Addio a Franco De Candido, dirigente e fervente tifoso<\/p>\n<p><strong>VENEZIA<\/strong> DEDICATA A GIOVANNI PAOLO I LA SALA CHE OSPITA LA BIBLIOTECA PERSONALE DI PAPA LUCIANI<\/p>\n<p><strong>BELLUNO<\/strong> LA DOTTORESSA ANNAMARIA DE PELLEGRIN E&#8217; IL NUOVO PRIMARIO DI MEDICINA AL SAN MARTINO<\/p>\n<p><strong>BELLUNO<\/strong> Porte aperte sabato al Museo di Palazzo Fulcis a Belluno per la Giornata Internazionale dei Musei: ingresso gratuito per tutti e visite guidate per conoscere al meglio i segreti e i capolavori del museo del capoluogo.<\/p>\n<p><strong>SOSPIROLO<\/strong> Il 25 maggio Anna Tamburlin disputer\u00e0 a Milano le finali nazionali dei Giochi matematici della Bocconi. Tutto l\u2019Istituto comprensivo di Sedico-Sospirolo fa il tifo per l\u2019alunna della classe 2A della scuola media di Sospirolo<\/p>\n<p><strong>AGORDO<\/strong> Lunedi alle 20.30 consiglio dell&#8217;Unione Montana Agordina. Ordine del giorno: approvazione Bellunum Holding; comunicazioni del presidente Paolo Frena.<\/p>\n<p><strong>COMELICO<\/strong> Anas ha programmato interventi di demolizione lungo la strada statale 52 Carnica, a Sega Digon nel comune di Comelico Superiore, dal 21 al 24 maggio, la strada sar\u00e0 chiusa al traffico durante le ore notturne, dalle 22:00 alle 6:00<\/p>\n<p><strong>BELLUNO<\/strong> Gioved\u00ec 16 maggio, al teatro Dino Buzzati di Belluno, si \u00e8 tenuta una serata sulla sicurezza sul lavoro organizzata dal CATA per il suo 35\u00b0 anniversario. Andrea Appi e Ramiro Besa, noti come &#8220;I PAPU&#8221;, hanno presentato la performance comica &#8220;Ho Sempre Fatto Cos\u00ec&#8221;.<\/p>\n<p><strong>BELLUNO<\/strong> L&#8217;Istituto Magistrale Giustina Renier e il Gruppo Giovani Imprenditori di Confindustria Belluno Dolomiti organizzano un concerto di beneficenza il 22 maggio al Teatro Comunale di Belluno. L&#8217;evento, aperto al pubblico e con la partecipazione della cantante gospel Denise Dim\u00e9<\/p>\n<p><strong>BELLUNO<\/strong>\u00a0L\u2019associazione Cucchini organizza un concerto per la Giornata del Sollievo il 30 maggio, con Alvise Bortolini e Federico Strag\u00e0, per sensibilizzare sulle Cure Palliative<\/p>\n<p><strong>BELLUNO<\/strong> IL COMPLEANNO ALLA RADIO, OGGI DALLE 15, COLLEGAMENTO IN DIRETTA CON VIA MONDIN. REGIA GIANFRANCO TOME\u2019, COORDINAMENTO MARCO GAZ, CON BRUNELLA MORO, MARINA DONA\u2019, PAOLA FERRARO, FRANCESCO TOME\u2019, IL CANTAUTORE MARCO V DAL FARRA E DJ FRANCESCO TOME\u2019\u00a0 DJ TOME\u2019<\/p>\n<p><strong>AGORDO<\/strong>\u00a0Oggi alle 17 in Sala Don Tamis ad Agordo,nell\u2019ambito delle iniziativ eper il bicentenario della nascita do don Antonio Della Lucia, sar\u00e0 presentato un filmato sull\u2019emigrazione in Brasile. La parte relativa alla partenza \u00e8 stata proiettata dalla Filocomicodrammatica di Vallada tempo f\u00e0, mentre la parte relativa all\u2019arrivo in Brasile, girata nel novembre 2012 verr\u00e0 proiettata ufficialmente in ricordo di Mariarosa Costa.<\/p>\n","protected":false},"excerpt":{"rendered":"<p>** &nbsp; 348 FELTRINA, DOPO UNA NOTTE DI CHIUSURA LA RIAPERTURA Giovedi notte: 348 chiusa per troppa acqua, smottamenti e frane,\u00a0 riapertura gi\u00e0 nella prima mattinata di ieri. La colata detritica principale tra Carpen e Santa Maria. MARTEDI E MERCOLEDI, DALLE 8 ALLE 17, SENSO UNICO ALTERNATO REGOLATO DA SEMAFORO O MOVIERI, CON PAUSE ANCHE&hellip;<\/p>\n","protected":false},"author":4,"featured_media":390457,"comment_status":"closed","ping_status":"closed","sticky":false,"template":"","format":"standard","meta":{"_monsterinsights_skip_tracking":false,"_monsterinsights_sitenote_active":false,"_monsterinsights_sitenote_note":"","_monsterinsights_sitenote_category":0,"footnotes":""},"categories":[51,49,142],"tags":[],"class_list":["post-390453","post","type-post","status-publish","format-standard","has-post-thumbnail","hentry","category-evidenza-top","category-news-18","category-rassegna-stampa","category-51","category-49","category-142","description-off"],"img_url":"https:\/\/www.radiopiu.net\/wordpress\/wp-content\/uploads\/2024\/05\/COPERTINA-5.png","_links":{"self":[{"href":"https:\/\/www.radiopiu.net\/wordpress\/wp-json\/wp\/v2\/posts\/390453","targetHints":{"allow":["GET"]}}],"collection":[{"href":"https:\/\/www.radiopiu.net\/wordpress\/wp-json\/wp\/v2\/posts"}],"about":[{"href":"https:\/\/www.radiopiu.net\/wordpress\/wp-json\/wp\/v2\/types\/post"}],"author":[{"embeddable":true,"href":"https:\/\/www.radiopiu.net\/wordpress\/wp-json\/wp\/v2\/users\/4"}],"replies":[{"embeddable":true,"href":"https:\/\/www.radiopiu.net\/wordpress\/wp-json\/wp\/v2\/comments?post=390453"}],"version-history":[{"count":0,"href":"https:\/\/www.radiopiu.net\/wordpress\/wp-json\/wp\/v2\/posts\/390453\/revisions"}],"wp:featuredmedia":[{"embeddable":true,"href":"https:\/\/www.radiopiu.net\/wordpress\/wp-json\/wp\/v2\/media\/390457"}],"wp:attachment":[{"href":"https:\/\/www.radiopiu.net\/wordpress\/wp-json\/wp\/v2\/media?parent=390453"}],"wp:term":[{"taxonomy":"category","embeddable":true,"href":"https:\/\/www.radiopiu.net\/wordpress\/wp-json\/wp\/v2\/categories?post=390453"},{"taxonomy":"post_tag","embeddable":true,"href":"https:\/\/www.radiopiu.net\/wordpress\/wp-json\/wp\/v2\/tags?post=390453"}],"curies":[{"name":"wp","href":"https:\/\/api.w.org\/{rel}","templated":true}]}}